{"id":9941,"date":"2022-08-30T17:20:59","date_gmt":"2022-08-30T17:20:59","guid":{"rendered":"https:\/\/enlatitud25.com\/news\/?p=9941"},"modified":"2022-08-30T17:21:02","modified_gmt":"2022-08-30T17:21:02","slug":"tras-dura-batalla-por-fondos-reanudaran-excavaciones-para-hallar-desaparecidos","status":"publish","type":"post","link":"https:\/\/enlatitud25.com\/news\/tras-dura-batalla-por-fondos-reanudaran-excavaciones-para-hallar-desaparecidos\/","title":{"rendered":"Tras dura batalla por fondos, reanudar\u00e1n excavaciones para hallar desaparecidos"},"content":{"rendered":"\n<p>La desaparici\u00f3n forzada se usa a menudo como estrategia para infundir el terror en los ciudadanos. La sensaci\u00f3n de inseguridad que esa pr\u00e1ctica genera no se limita a los parientes pr\u00f3ximos del desaparecido, sino que afecta a su comunidad y al conjunto de la sociedad, seg\u00fan las Naciones Unidas.<\/p>\n\n\n\n<p>Cada 30 de agosto, se recuerda el D\u00eda Internacional de las V\u00edctimas de Desapariciones Forzosas, pero cada a\u00f1o que pasa y luego de tres d\u00e9cadas de democracia en Paraguay, la defensa de la memoria hist\u00f3rica se vuelve cada vez m\u00e1s importante para condenar los cr\u00edmenes de lesa humanidad.<\/p>\n\n\n\n<p>Seg\u00fan la declaraci\u00f3n sobre la protecci\u00f3n de personas, se entiende como desapariciones forzosas cuando las personas resulten privadas de su libertad de alguna u otra forma. Esto se aplica cuando la privaci\u00f3n de libertad se da de parte o con apoyo del Gobierno.<\/p>\n\n\n\n<figure class=\"wp-block-image size-full\"><img decoding=\"async\" loading=\"lazy\" width=\"800\" height=\"500\" src=\"https:\/\/enlatitud25.com\/news\/wp-content\/uploads\/2022\/08\/pag1_Goiburu_hallazgos.jpg\" alt=\"\" class=\"wp-image-9965\" srcset=\"https:\/\/enlatitud25.com\/news\/wp-content\/uploads\/2022\/08\/pag1_Goiburu_hallazgos.jpg 800w, https:\/\/enlatitud25.com\/news\/wp-content\/uploads\/2022\/08\/pag1_Goiburu_hallazgos-300x188.jpg 300w, https:\/\/enlatitud25.com\/news\/wp-content\/uploads\/2022\/08\/pag1_Goiburu_hallazgos-768x480.jpg 768w, https:\/\/enlatitud25.com\/news\/wp-content\/uploads\/2022\/08\/pag1_Goiburu_hallazgos-380x238.jpg 380w\" sizes=\"(max-width: 800px) 100vw, 800px\" \/><\/figure>\n\n\n\n<h5 id=\"una-busqueda-que-no-se-detiene\" class=\"wp-block-heading\"><strong>Una b\u00fasqueda que no se detiene<\/strong><\/h5>\n\n\n\n<p>500 es el n\u00famero de denuncias de personas desaparecidas durante la dictadura de Alfredo Stroessner, seg\u00fan actuales registros de la Comisi\u00f3n Verdad y Justicia. Ya pasaron m\u00e1s de tres d\u00e9cadas del fin de ese nefasto mandato y todav\u00eda contin\u00faa el sufrimiento de cientos de familias. <\/p>\n\n\n\n<p>Una de ellas, es la del propio director de la instancia que lidera las b\u00fasquedas de los desaparecidos, la familia Goibur\u00fa. Al d\u00eda de hoy, aun no saben qu\u00e9 aconteci\u00f3 realmente con su padre, Agust\u00edn, secuestrado en Paran\u00e1 (Argentina) el 9 de febrero de 1977.<\/p>\n\n\n\n<p>El a\u00f1o pasado, en entrevista con RadioCast25, el titular de la Direcci\u00f3n de Memoria Hist\u00f3rica y Reparaci\u00f3n, Rogelio Goibur\u00fa, manifest\u00f3 que ten\u00eda definido lugares para hacer excavaciones, pero no hab\u00eda presupuesto para tal efecto. Por lo que, 12 excavaciones estrat\u00e9gicas, fueron postergadas por la falta de USD 40.000.<\/p>\n\n\n\n<p><strong>Le\u00e9 m\u00e1s: <a href=\"https:\/\/enlatitud25.com\/news\/por-falta-de-usd-40-mil-no-se-realizan-12-excavaciones-para-buscar-desaparecidos\/\" target=\"_blank\" rel=\"noreferrer noopener\">Por falta de USD 40 mil, no se realizan 12 excavaciones para buscar desaparecidos<\/a><\/strong><\/p>\n\n\n\n<p>El 14 julio de este a\u00f1o, el Congreso rindi\u00f3 homenaje a Goibur\u00fa por su aporte a la memoria hist\u00f3rica. En la ocasi\u00f3n, aprovech\u00f3 para insistir en el pedido de los G. 300 millones que requiere para seguir buscando a los desaparecidos.<\/p>\n\n\n\n<figure class=\"wp-block-embed is-type-rich is-provider-twitter wp-block-embed-twitter\"><div class=\"wp-block-embed__wrapper\">\n<blockquote class=\"twitter-tweet\" data-width=\"550\" data-dnt=\"true\"><p lang=\"es\" dir=\"ltr\">\ud83d\udd18DESDE EL SENADO |<br><br>\ud83c\udf96\ufe0fLa C\u00e1mara de <a href=\"https:\/\/twitter.com\/SenadoresPy?ref_src=twsrc%5Etfw\">@SenadoresPy<\/a> rinde homenaje a Rogelio Goibur\u00fa, por su aporte a la memoria hist\u00f3rica, a la b\u00fasqueda e identificaci\u00f3n de personas secuestradas y desaparecidas durante la infame dictadura militar de Alfredo Stroessner y el Operativo C\u00f3ndor.<a href=\"https:\/\/twitter.com\/hashtag\/L25?src=hash&amp;ref_src=twsrc%5Etfw\">#L25<\/a> <a href=\"https:\/\/t.co\/KgeZjX9ptU\">pic.twitter.com\/KgeZjX9ptU<\/a><\/p>&mdash; LATITUD 25 (@EnLatitud25) <a href=\"https:\/\/twitter.com\/EnLatitud25\/status\/1547585666778746883?ref_src=twsrc%5Etfw\">July 14, 2022<\/a><\/blockquote><script async src=\"https:\/\/platform.twitter.com\/widgets.js\" charset=\"utf-8\"><\/script>\n<\/div><\/figure>\n\n\n\n<p>&#8220;Hay que permitirle a los familiares de desaparecidos hacer el duelo que tengan que hacer, pero adem\u00e1s, rescatar la historia, esa historia oculta que se quiso enterrar para siempre&#8221;, asever\u00f3 entonces.<\/p>\n\n\n\n<p>Consider\u00f3 que, a pesar de la falta de presupuesto adecuado, han logrado mucho, al lograr identificar a cuatro v\u00edctimas del Plan C\u00f3ndor y un total 40 exhumaciones. Se\u00f1al\u00f3 que esos esqueletos est\u00e1n esperando su identificaci\u00f3n y se requer\u00eda de presupuesto, para seguir sacando sangre a los familiares de los desaparecidos. <\/p>\n\n\n\n<p>Acot\u00f3 que en la base de datos ten\u00edan cerca de 400 muestras, que deb\u00edan a unas 1.200 muestras de sangre, como m\u00ednimo. <\/p>\n\n\n\n<p>&#8220;Tenemos adem\u00e1s que ir a excavar en los lugares ya investigados. El tiempo pasa y hay m\u00e1s de 30 sitios que excavar, con la seguridad de que vamos a encontrar huesos&#8221;, detall\u00f3.<\/p>\n\n\n\n<figure class=\"wp-block-image size-full\"><img decoding=\"async\" loading=\"lazy\" width=\"800\" height=\"500\" src=\"https:\/\/enlatitud25.com\/news\/wp-content\/uploads\/2022\/08\/pag3_Goiburu_hallazgos.jpg\" alt=\"\" class=\"wp-image-9966\" srcset=\"https:\/\/enlatitud25.com\/news\/wp-content\/uploads\/2022\/08\/pag3_Goiburu_hallazgos.jpg 800w, https:\/\/enlatitud25.com\/news\/wp-content\/uploads\/2022\/08\/pag3_Goiburu_hallazgos-300x188.jpg 300w, https:\/\/enlatitud25.com\/news\/wp-content\/uploads\/2022\/08\/pag3_Goiburu_hallazgos-768x480.jpg 768w, https:\/\/enlatitud25.com\/news\/wp-content\/uploads\/2022\/08\/pag3_Goiburu_hallazgos-380x238.jpg 380w\" sizes=\"(max-width: 800px) 100vw, 800px\" \/><\/figure>\n\n\n\n<h5 id=\"fondos-disponibles-pero-aun-no-llegan\" class=\"wp-block-heading\"><strong>Fondos disponibles, pero aun no llegan<\/strong><\/h5>\n\n\n\n<p>En agosto \u00faltimo, el Ministerio de Justicia volvi\u00f3 a asignar fondos&nbsp;a la direcci\u00f3n mencionada, para la b\u00fasqueda de desaparecidos. <\/p>\n\n\n\n<p>Rogelio Goibur\u00fa, confirm\u00f3 a Radiocast25, que sigue en proceso la transferencia del dinero, que hab\u00eda solicitado al Parlamento, hace m\u00e1s de dos a\u00f1os.<\/p>\n\n\n\n<p>Coment\u00f3 que reci\u00e9n ahora se emiti\u00f3 la resoluci\u00f3n para autorizar el pago de ese monto, pero en dos partes: una este a\u00f1o y la otra, el a\u00f1o pr\u00f3ximo. Consider\u00f3 que ese monto alcanzar\u00e1, probablemente, para dos de las 30 excavaciones que tiene pendiente.<\/p>\n\n\n\n<p>Dijo adem\u00e1s que el dinero ser\u00e1 remitido a una ONG y no directamente por \u00e9l, para que no haya dudas de ning\u00fan tipo.<\/p>\n\n\n\n<h5 id=\"se-conocen-los-lugares-no-la-cantidad-total\" class=\"wp-block-heading\">Se conocen los lugares, no la cantidad total<\/h5>\n\n\n\n<p>Rogelio Goibur\u00fa resalt\u00f3 que el dato, sobre los lugares para hacer excavaciones, es el fruto de largos a\u00f1os de investigaci\u00f3n, lo que llev\u00f3 a hablar con pobladores, familiares, compa\u00f1eros y amigos de los desaparecidos. Este proceso tambi\u00e9n consisti\u00f3 en conversar con los represores de la \u00e9poca, con militares y polic\u00edas que aun est\u00e1n vivos y que si bien no fueron responsables de los cr\u00edmenes, s\u00ed fueron testigo de lo ocurrido. <\/p>\n\n\n\n<p>&#8220;Es decir, es todo un proceso largo de investigaci\u00f3n que lleva a encontrar lo que se llama una hip\u00f3tesis veros\u00edmil acerca de los hechos que sucedieron y el lugar donde se enterraron los cuerpos&#8221;, asever\u00f3.<\/p>\n\n\n\n<p>Estos lugares hacen referencia a departamentos de casi todo el pa\u00eds, Central, Concepci\u00f3n, Caaguaz\u00fa, Caazap\u00e1, Cordillera y el Chaco, por citar algunos lugares. <\/p>\n\n\n\n<figure class=\"wp-block-image size-full\"><img decoding=\"async\" loading=\"lazy\" width=\"800\" height=\"500\" src=\"https:\/\/enlatitud25.com\/news\/wp-content\/uploads\/2022\/08\/pag2_Goiburu_hallazgos.jpg\" alt=\"\" class=\"wp-image-9968\" srcset=\"https:\/\/enlatitud25.com\/news\/wp-content\/uploads\/2022\/08\/pag2_Goiburu_hallazgos.jpg 800w, https:\/\/enlatitud25.com\/news\/wp-content\/uploads\/2022\/08\/pag2_Goiburu_hallazgos-300x188.jpg 300w, https:\/\/enlatitud25.com\/news\/wp-content\/uploads\/2022\/08\/pag2_Goiburu_hallazgos-768x480.jpg 768w, https:\/\/enlatitud25.com\/news\/wp-content\/uploads\/2022\/08\/pag2_Goiburu_hallazgos-380x238.jpg 380w\" sizes=\"(max-width: 800px) 100vw, 800px\" \/><\/figure>\n\n\n\n<p>En cuanto a los n\u00fameros de desaparecidos, dijo que inicialmente con la Comisi\u00f3n de Verdad y Justicia hab\u00edan recibido cerca de 340 denuncias. Posteriormente, siguieron recibiendo casos y el n\u00famero, a la fecha, ya ronda los 500 desaparecidos. No obstante, resalt\u00f3 que es casi imposible que alguna vez se obtengan cifras certeras con respecto a esto.<\/p>\n\n\n\n<p>&#8220;Nunca, pero de lo que se dice, nunca, vamos a saber con exactitud, cu\u00e1ntos desaparecidos hay en nuestro pa\u00eds, de la \u00e9poca de la dictadura, porque hay criaturas que fueron violadas y nunca m\u00e1s regresaron a sus casas y los padres jam\u00e1s denunciaron&#8221;, coment\u00f3. <\/p>\n\n\n\n<p>Acot\u00f3 que tampoco denunciaron los pueblos originarios las desapariciones de sus seres queridos, durante grandes represiones, que hubo por parte de los militares. &#8220;Lo que hasta ahora,  sigue ocurriendo&#8221;, concluy\u00f3.<\/p>\n\n\n\n<p><\/p>\n\n\n\n<p><\/p>\n\n\n\n<p><\/p>\n","protected":false},"excerpt":{"rendered":"La Direcci\u00f3n de Memoria Hist\u00f3rica y Reparaci\u00f3n, consigui\u00f3 la asignaci\u00f3n de G. 300 millones para proseguir la b\u00fasqueda de desaparecidos de la dictadura estronista. Esto se da despu\u00e9s de 33 a\u00f1os de democracia y dos, de no tener presupuesto. Rogelio Goibur\u00fa, encargado de esta direcci\u00f3n, habl\u00f3 de la necesidad de encontrar a los desaparecidos, para que las familias puedan cerrar su duelo, entre ellos el suyo. 40 cuerpos ya fueron exhumados y 4 identificados.\n","protected":false},"author":1,"featured_media":9967,"comment_status":"closed","ping_status":"closed","sticky":false,"template":"","format":"standard","meta":[],"categories":[12],"tags":[1175,372,590,591,1176,776],"ubicacion":[18],"yoast_head":"<!-- This site is optimized with the Yoast SEO plugin v20.8 - https:\/\/yoast.com\/wordpress\/plugins\/seo\/ -->\n<title>Tras dura batalla por fondos, reanudar\u00e1n excavaciones para hallar desaparecidos &ndash; Latitud25<\/title>\n<meta name=\"description\" content=\"Mir\u00e1 nuestros reportajes audiovisuales y seguinos para enterarte de las \u00faltimas noticias de Paraguay y el mundo, desde la Latitud25. Somos Alternativa de Informaci\u00f3n.\" \/>\n<meta name=\"robots\" content=\"index, follow, max-snippet:-1, max-image-preview:large, max-video-preview:-1\" \/>\n<link rel=\"canonical\" href=\"https:\/\/enlatitud25.com\/news\/tras-dura-batalla-por-fondos-reanudaran-excavaciones-para-hallar-desaparecidos\/\" \/>\n<meta property=\"og:locale\" content=\"es_ES\" \/>\n<meta property=\"og:type\" content=\"article\" \/>\n<meta property=\"og:title\" content=\"Tras dura batalla por fondos, reanudar\u00e1n excavaciones para hallar desaparecidos &ndash; Latitud25\" \/>\n<meta property=\"og:description\" content=\"Mir\u00e1 nuestros reportajes audiovisuales y seguinos para enterarte de las \u00faltimas noticias de Paraguay y el mundo, desde la Latitud25. Somos Alternativa de Informaci\u00f3n.\" \/>\n<meta property=\"og:url\" content=\"https:\/\/enlatitud25.com\/news\/tras-dura-batalla-por-fondos-reanudaran-excavaciones-para-hallar-desaparecidos\/\" \/>\n<meta property=\"og:site_name\" content=\"Latitud25\" \/>\n<meta property=\"article:publisher\" content=\"https:\/\/www.facebook.com\/EnLatitud25\" \/>\n<meta property=\"article:author\" content=\"https:\/\/www.facebook.com\/EnLatitud25\" \/>\n<meta property=\"article:published_time\" content=\"2022-08-30T17:20:59+00:00\" \/>\n<meta property=\"article:modified_time\" content=\"2022-08-30T17:21:02+00:00\" \/>\n<meta property=\"og:image\" content=\"https:\/\/enlatitud25.com\/news\/wp-content\/uploads\/2022\/08\/portada_Goiburu_hallazgos.jpg\" \/>\n\t<meta property=\"og:image:width\" content=\"800\" \/>\n\t<meta property=\"og:image:height\" content=\"500\" \/>\n\t<meta property=\"og:image:type\" content=\"image\/jpeg\" \/>\n<meta name=\"author\" content=\"Latitud 25\" \/>\n<meta name=\"twitter:card\" content=\"summary_large_image\" \/>\n<meta name=\"twitter:creator\" content=\"@EnLatitud25\" \/>\n<meta name=\"twitter:site\" content=\"@EnLatitud25\" \/>\n<meta name=\"twitter:label1\" content=\"Escrito por\" \/>\n\t<meta name=\"twitter:data1\" content=\"Latitud 25\" \/>\n\t<meta name=\"twitter:label2\" content=\"Tiempo de lectura\" \/>\n\t<meta name=\"twitter:data2\" content=\"5 minutos\" \/>\n<script type=\"application\/ld+json\" class=\"yoast-schema-graph\">{\"@context\":\"https:\/\/schema.org\",\"@graph\":[{\"@type\":\"Article\",\"@id\":\"https:\/\/enlatitud25.com\/news\/tras-dura-batalla-por-fondos-reanudaran-excavaciones-para-hallar-desaparecidos\/#article\",\"isPartOf\":{\"@id\":\"https:\/\/enlatitud25.com\/news\/tras-dura-batalla-por-fondos-reanudaran-excavaciones-para-hallar-desaparecidos\/\"},\"author\":{\"name\":\"Latitud 25\",\"@id\":\"https:\/\/enlatitud25.com\/news\/#\/schema\/person\/23aafe968917005a721b8eb760f2586e\"},\"headline\":\"Tras dura batalla por fondos, reanudar\u00e1n excavaciones para hallar desaparecidos\",\"datePublished\":\"2022-08-30T17:20:59+00:00\",\"dateModified\":\"2022-08-30T17:21:02+00:00\",\"mainEntityOfPage\":{\"@id\":\"https:\/\/enlatitud25.com\/news\/tras-dura-batalla-por-fondos-reanudaran-excavaciones-para-hallar-desaparecidos\/\"},\"wordCount\":939,\"publisher\":{\"@id\":\"https:\/\/enlatitud25.com\/news\/#organization\"},\"keywords\":[\"alfredo stroessner\",\"b\u00fasqueda\",\"desaparecidos\",\"dictadura\",\"represi\u00f3n\",\"tortura\"],\"articleSection\":[\"Realidad\"],\"inLanguage\":\"es\"},{\"@type\":\"WebPage\",\"@id\":\"https:\/\/enlatitud25.com\/news\/tras-dura-batalla-por-fondos-reanudaran-excavaciones-para-hallar-desaparecidos\/\",\"url\":\"https:\/\/enlatitud25.com\/news\/tras-dura-batalla-por-fondos-reanudaran-excavaciones-para-hallar-desaparecidos\/\",\"name\":\"Tras dura batalla por fondos, reanudar\u00e1n excavaciones para hallar desaparecidos &ndash; Latitud25\",\"isPartOf\":{\"@id\":\"https:\/\/enlatitud25.com\/news\/#website\"},\"datePublished\":\"2022-08-30T17:20:59+00:00\",\"dateModified\":\"2022-08-30T17:21:02+00:00\",\"description\":\"Mir\u00e1 nuestros reportajes audiovisuales y seguinos para enterarte de las \u00faltimas noticias de Paraguay y el mundo, desde la Latitud25. Somos Alternativa de Informaci\u00f3n.\",\"breadcrumb\":{\"@id\":\"https:\/\/enlatitud25.com\/news\/tras-dura-batalla-por-fondos-reanudaran-excavaciones-para-hallar-desaparecidos\/#breadcrumb\"},\"inLanguage\":\"es\",\"potentialAction\":[{\"@type\":\"ReadAction\",\"target\":[\"https:\/\/enlatitud25.com\/news\/tras-dura-batalla-por-fondos-reanudaran-excavaciones-para-hallar-desaparecidos\/\"]}]},{\"@type\":\"BreadcrumbList\",\"@id\":\"https:\/\/enlatitud25.com\/news\/tras-dura-batalla-por-fondos-reanudaran-excavaciones-para-hallar-desaparecidos\/#breadcrumb\",\"itemListElement\":[{\"@type\":\"ListItem\",\"position\":1,\"name\":\"Home\",\"item\":\"https:\/\/enlatitud25.com\/news\/\"},{\"@type\":\"ListItem\",\"position\":2,\"name\":\"Tras dura batalla por fondos, reanudar\u00e1n excavaciones para hallar desaparecidos\"}]},{\"@type\":\"WebSite\",\"@id\":\"https:\/\/enlatitud25.com\/news\/#website\",\"url\":\"https:\/\/enlatitud25.com\/news\/\",\"name\":\"Latitud25\",\"description\":\"news\",\"publisher\":{\"@id\":\"https:\/\/enlatitud25.com\/news\/#organization\"},\"potentialAction\":[{\"@type\":\"SearchAction\",\"target\":{\"@type\":\"EntryPoint\",\"urlTemplate\":\"https:\/\/enlatitud25.com\/news\/?s={search_term_string}\"},\"query-input\":\"required name=search_term_string\"}],\"inLanguage\":\"es\"},{\"@type\":\"Organization\",\"@id\":\"https:\/\/enlatitud25.com\/news\/#organization\",\"name\":\"Latitud 25 - News\",\"url\":\"https:\/\/enlatitud25.com\/news\/\",\"logo\":{\"@type\":\"ImageObject\",\"inLanguage\":\"es\",\"@id\":\"https:\/\/enlatitud25.com\/news\/#\/schema\/logo\/image\/\",\"url\":\"https:\/\/enlatitud25.com\/news\/wp-content\/uploads\/2020\/11\/logo_latitud.png\",\"contentUrl\":\"https:\/\/enlatitud25.com\/news\/wp-content\/uploads\/2020\/11\/logo_latitud.png\",\"width\":235,\"height\":39,\"caption\":\"Latitud 25 - News\"},\"image\":{\"@id\":\"https:\/\/enlatitud25.com\/news\/#\/schema\/logo\/image\/\"},\"sameAs\":[\"https:\/\/www.facebook.com\/EnLatitud25\",\"https:\/\/twitter.com\/EnLatitud25\",\"https:\/\/www.instagram.com\/enlatitud25\/\",\"https:\/\/www.youtube.com\/user\/desdelatitud25\"]},{\"@type\":\"Person\",\"@id\":\"https:\/\/enlatitud25.com\/news\/#\/schema\/person\/23aafe968917005a721b8eb760f2586e\",\"name\":\"Latitud 25\",\"sameAs\":[\"https:\/\/enlatitud25.com\/news\",\"https:\/\/www.facebook.com\/EnLatitud25\",\"https:\/\/www.instagram.com\/enlatitud25\",\"https:\/\/www.youtube.com\/user\/desdelatitud25\",\"https:\/\/soundcloud.com\/enlatitud25\"],\"url\":\"https:\/\/enlatitud25.com\/news\/author\/nnews-uss00\/\"}]}<\/script>\n<!-- \/ Yoast SEO plugin. -->","yoast_head_json":{"title":"Tras dura batalla por fondos, reanudar\u00e1n excavaciones para hallar desaparecidos &ndash; Latitud25","description":"Mir\u00e1 nuestros reportajes audiovisuales y seguinos para enterarte de las \u00faltimas noticias de Paraguay y el mundo, desde la Latitud25. Somos Alternativa de Informaci\u00f3n.","robots":{"index":"index","follow":"follow","max-snippet":"max-snippet:-1","max-image-preview":"max-image-preview:large","max-video-preview":"max-video-preview:-1"},"canonical":"https:\/\/enlatitud25.com\/news\/tras-dura-batalla-por-fondos-reanudaran-excavaciones-para-hallar-desaparecidos\/","og_locale":"es_ES","og_type":"article","og_title":"Tras dura batalla por fondos, reanudar\u00e1n excavaciones para hallar desaparecidos &ndash; Latitud25","og_description":"Mir\u00e1 nuestros reportajes audiovisuales y seguinos para enterarte de las \u00faltimas noticias de Paraguay y el mundo, desde la Latitud25. Somos Alternativa de Informaci\u00f3n.","og_url":"https:\/\/enlatitud25.com\/news\/tras-dura-batalla-por-fondos-reanudaran-excavaciones-para-hallar-desaparecidos\/","og_site_name":"Latitud25","article_publisher":"https:\/\/www.facebook.com\/EnLatitud25","article_author":"https:\/\/www.facebook.com\/EnLatitud25","article_published_time":"2022-08-30T17:20:59+00:00","article_modified_time":"2022-08-30T17:21:02+00:00","og_image":[{"width":800,"height":500,"url":"https:\/\/enlatitud25.com\/news\/wp-content\/uploads\/2022\/08\/portada_Goiburu_hallazgos.jpg","type":"image\/jpeg"}],"author":"Latitud 25","twitter_card":"summary_large_image","twitter_creator":"@EnLatitud25","twitter_site":"@EnLatitud25","twitter_misc":{"Escrito por":"Latitud 25","Tiempo de lectura":"5 minutos"},"schema":{"@context":"https:\/\/schema.org","@graph":[{"@type":"Article","@id":"https:\/\/enlatitud25.com\/news\/tras-dura-batalla-por-fondos-reanudaran-excavaciones-para-hallar-desaparecidos\/#article","isPartOf":{"@id":"https:\/\/enlatitud25.com\/news\/tras-dura-batalla-por-fondos-reanudaran-excavaciones-para-hallar-desaparecidos\/"},"author":{"name":"Latitud 25","@id":"https:\/\/enlatitud25.com\/news\/#\/schema\/person\/23aafe968917005a721b8eb760f2586e"},"headline":"Tras dura batalla por fondos, reanudar\u00e1n excavaciones para hallar desaparecidos","datePublished":"2022-08-30T17:20:59+00:00","dateModified":"2022-08-30T17:21:02+00:00","mainEntityOfPage":{"@id":"https:\/\/enlatitud25.com\/news\/tras-dura-batalla-por-fondos-reanudaran-excavaciones-para-hallar-desaparecidos\/"},"wordCount":939,"publisher":{"@id":"https:\/\/enlatitud25.com\/news\/#organization"},"keywords":["alfredo stroessner","b\u00fasqueda","desaparecidos","dictadura","represi\u00f3n","tortura"],"articleSection":["Realidad"],"inLanguage":"es"},{"@type":"WebPage","@id":"https:\/\/enlatitud25.com\/news\/tras-dura-batalla-por-fondos-reanudaran-excavaciones-para-hallar-desaparecidos\/","url":"https:\/\/enlatitud25.com\/news\/tras-dura-batalla-por-fondos-reanudaran-excavaciones-para-hallar-desaparecidos\/","name":"Tras dura batalla por fondos, reanudar\u00e1n excavaciones para hallar desaparecidos &ndash; Latitud25","isPartOf":{"@id":"https:\/\/enlatitud25.com\/news\/#website"},"datePublished":"2022-08-30T17:20:59+00:00","dateModified":"2022-08-30T17:21:02+00:00","description":"Mir\u00e1 nuestros reportajes audiovisuales y seguinos para enterarte de las \u00faltimas noticias de Paraguay y el mundo, desde la Latitud25. Somos Alternativa de Informaci\u00f3n.","breadcrumb":{"@id":"https:\/\/enlatitud25.com\/news\/tras-dura-batalla-por-fondos-reanudaran-excavaciones-para-hallar-desaparecidos\/#breadcrumb"},"inLanguage":"es","potentialAction":[{"@type":"ReadAction","target":["https:\/\/enlatitud25.com\/news\/tras-dura-batalla-por-fondos-reanudaran-excavaciones-para-hallar-desaparecidos\/"]}]},{"@type":"BreadcrumbList","@id":"https:\/\/enlatitud25.com\/news\/tras-dura-batalla-por-fondos-reanudaran-excavaciones-para-hallar-desaparecidos\/#breadcrumb","itemListElement":[{"@type":"ListItem","position":1,"name":"Home","item":"https:\/\/enlatitud25.com\/news\/"},{"@type":"ListItem","position":2,"name":"Tras dura batalla por fondos, reanudar\u00e1n excavaciones para hallar desaparecidos"}]},{"@type":"WebSite","@id":"https:\/\/enlatitud25.com\/news\/#website","url":"https:\/\/enlatitud25.com\/news\/","name":"Latitud25","description":"news","publisher":{"@id":"https:\/\/enlatitud25.com\/news\/#organization"},"potentialAction":[{"@type":"SearchAction","target":{"@type":"EntryPoint","urlTemplate":"https:\/\/enlatitud25.com\/news\/?s={search_term_string}"},"query-input":"required name=search_term_string"}],"inLanguage":"es"},{"@type":"Organization","@id":"https:\/\/enlatitud25.com\/news\/#organization","name":"Latitud 25 - News","url":"https:\/\/enlatitud25.com\/news\/","logo":{"@type":"ImageObject","inLanguage":"es","@id":"https:\/\/enlatitud25.com\/news\/#\/schema\/logo\/image\/","url":"https:\/\/enlatitud25.com\/news\/wp-content\/uploads\/2020\/11\/logo_latitud.png","contentUrl":"https:\/\/enlatitud25.com\/news\/wp-content\/uploads\/2020\/11\/logo_latitud.png","width":235,"height":39,"caption":"Latitud 25 - News"},"image":{"@id":"https:\/\/enlatitud25.com\/news\/#\/schema\/logo\/image\/"},"sameAs":["https:\/\/www.facebook.com\/EnLatitud25","https:\/\/twitter.com\/EnLatitud25","https:\/\/www.instagram.com\/enlatitud25\/","https:\/\/www.youtube.com\/user\/desdelatitud25"]},{"@type":"Person","@id":"https:\/\/enlatitud25.com\/news\/#\/schema\/person\/23aafe968917005a721b8eb760f2586e","name":"Latitud 25","sameAs":["https:\/\/enlatitud25.com\/news","https:\/\/www.facebook.com\/EnLatitud25","https:\/\/www.instagram.com\/enlatitud25","https:\/\/www.youtube.com\/user\/desdelatitud25","https:\/\/soundcloud.com\/enlatitud25"],"url":"https:\/\/enlatitud25.com\/news\/author\/nnews-uss00\/"}]}},"_links":{"self":[{"href":"https:\/\/enlatitud25.com\/news\/wp-json\/wp\/v2\/posts\/9941"}],"collection":[{"href":"https:\/\/enlatitud25.com\/news\/wp-json\/wp\/v2\/posts"}],"about":[{"href":"https:\/\/enlatitud25.com\/news\/wp-json\/wp\/v2\/types\/post"}],"author":[{"embeddable":true,"href":"https:\/\/enlatitud25.com\/news\/wp-json\/wp\/v2\/users\/1"}],"replies":[{"embeddable":true,"href":"https:\/\/enlatitud25.com\/news\/wp-json\/wp\/v2\/comments?post=9941"}],"version-history":[{"count":31,"href":"https:\/\/enlatitud25.com\/news\/wp-json\/wp\/v2\/posts\/9941\/revisions"}],"predecessor-version":[{"id":9987,"href":"https:\/\/enlatitud25.com\/news\/wp-json\/wp\/v2\/posts\/9941\/revisions\/9987"}],"wp:featuredmedia":[{"embeddable":true,"href":"https:\/\/enlatitud25.com\/news\/wp-json\/wp\/v2\/media\/9967"}],"wp:attachment":[{"href":"https:\/\/enlatitud25.com\/news\/wp-json\/wp\/v2\/media?parent=9941"}],"wp:term":[{"taxonomy":"category","embeddable":true,"href":"https:\/\/enlatitud25.com\/news\/wp-json\/wp\/v2\/categories?post=9941"},{"taxonomy":"post_tag","embeddable":true,"href":"https:\/\/enlatitud25.com\/news\/wp-json\/wp\/v2\/tags?post=9941"},{"taxonomy":"ubicacion","embeddable":true,"href":"https:\/\/enlatitud25.com\/news\/wp-json\/wp\/v2\/ubicacion?post=9941"}],"curies":[{"name":"wp","href":"https:\/\/api.w.org\/{rel}","templated":true}]}}