{"id":9924,"date":"2022-08-29T13:23:47","date_gmt":"2022-08-29T13:23:47","guid":{"rendered":"https:\/\/enlatitud25.com\/news\/?p=9924"},"modified":"2022-08-29T13:23:49","modified_gmt":"2022-08-29T13:23:49","slug":"el-problema-de-la-politizacion-de-la-justicia-inicia-en-derecho-una-aseguran","status":"publish","type":"post","link":"https:\/\/enlatitud25.com\/news\/el-problema-de-la-politizacion-de-la-justicia-inicia-en-derecho-una-aseguran\/","title":{"rendered":"El problema de la politizaci\u00f3n de la Justicia inicia en Derecho UNA, aseguran"},"content":{"rendered":"\n<p>La Facultad de Derecho, de la Universidad Nacional de Asunci\u00f3n, es conocida popularmente como &#8220;una seccional colorada&#8221; m\u00e1s. Desde hace a\u00f1os, entre los pasillos y en las redes, miles de estudiantes y educadores hablan del dominio de la ANR en esa casa de estudios y hasta destacan el actuar de conocidos dirigentes estudiantiles fuertemente ligados a movimientos colorados.<\/p>\n\n\n\n<p>El pasado 19 de agosto el Consejo Directivo de la Facultad de Derecho resolvi\u00f3 desvincular sin justificaci\u00f3n a un total de 69 docentes de la instituci\u00f3n, varios de ellos con antig\u00fcedad. Posteriormente, alumnos de la filiales de Coronel Oviedo, Caacup\u00e9 y Pedro Juan Caballero, decidieron realizar protestas e ir a paro indefinido. <\/p>\n\n\n\n<p>Los docentes pidieron la reconsideraci\u00f3n de sus despidos, sin embargo, los reemplazantes de los mismos ya se encuentran impartiendo clases en las aulas. <\/p>\n\n\n\n<p class=\"has-medium-font-size\"><strong>Un problema de larga data<\/strong><\/p>\n\n\n\n<p>Respecto a esta controversia, la diputada del <strong>Partido Patria Querida<\/strong>, Roc\u00edo Vallejo, habl\u00f3 en contacto con RadioCast25, quien record\u00f3 que estos problemas en la Facultad de Derecho UNA no son nuevos, pero remarc\u00f3 que lo sucedido ya es escandaloso. <\/p>\n\n\n\n<p>&#8220;Se comunicaron conmigo docentes que fueron despedidos sin ning\u00fan tipo de justificativo, sencillamente despu\u00e9s de a\u00f1os de servicio son desvinculados, docentes que renunciaron por el maltrato, por temas de corrupci\u00f3n, c\u00f3mo se maneja esa rosca y c\u00f3mo eso incide en puestos. Si vos le apoyaste a fulano de tal en tal cosa, cuando ese grupo llega a lugares de decisi\u00f3n est\u00e1s en la lista correcta y si no est\u00e1s en la lista correcta te trancan absolutamente todo, esto es perverso a estas alturas&#8221;, refiri\u00f3. <\/p>\n\n\n\n<figure class=\"wp-block-image size-full\"><img decoding=\"async\" loading=\"lazy\" width=\"800\" height=\"500\" src=\"https:\/\/enlatitud25.com\/news\/wp-content\/uploads\/2022\/08\/pag2_una_colorados.jpg\" alt=\"\" class=\"wp-image-9926\" srcset=\"https:\/\/enlatitud25.com\/news\/wp-content\/uploads\/2022\/08\/pag2_una_colorados.jpg 800w, https:\/\/enlatitud25.com\/news\/wp-content\/uploads\/2022\/08\/pag2_una_colorados-300x188.jpg 300w, https:\/\/enlatitud25.com\/news\/wp-content\/uploads\/2022\/08\/pag2_una_colorados-768x480.jpg 768w, https:\/\/enlatitud25.com\/news\/wp-content\/uploads\/2022\/08\/pag2_una_colorados-380x238.jpg 380w\" sizes=\"(max-width: 800px) 100vw, 800px\" \/><\/figure>\n\n\n\n<p>Vallejo dijo no tener dudas de que estos despidos se dieron para nombrar a personas del c\u00edrculo pol\u00edtico af\u00edn a quienes tomaron esta decisi\u00f3n.<\/p>\n\n\n\n<p>&#8220;Me parece una falta de respeto y es el inicio en la facultad de derecho, de profesionales de la Justicia, porque sigue siendo el semillero m\u00e1s importante de los profesionales de derecho del pa\u00eds&#8221;, puntualiz\u00f3. <\/p>\n\n\n\n<p class=\"has-medium-font-size\"><strong>&#8220;Es una verg\u00fcenza que hay que terminar&#8221;<\/strong><\/p>\n\n\n\n<p>La legisladora dijo adem\u00e1s que va a pedir informes desde el Congreso sobre esta situaci\u00f3n, sin importar las consecuencias. &#8220;No me importa que despu\u00e9s me digan que ya no me van a votar si quiero entrar al Consejo de la Magistratura&#8221;, expres\u00f3. <\/p>\n\n\n\n<p>En ese contexto, sostuvo que en esa Facultad hay personas que cobran todos los meses en una categor\u00eda de docentes y no se van hace a\u00f1os a ense\u00f1ar. <\/p>\n\n\n\n<p>&#8220;\u00bfPor qu\u00e9 el pueblo paraguayo tiene que pagarle a un docentes que no se van a ense\u00f1ar? Tienen un titular, un adjunto y al final es el pasante el que va a dar clases, eso se tiene que acabar, se tiene que optimizar ese dinero y pagarle a buenos profesores, que formen a los estudiantes, porque cada vez la educaci\u00f3n es peor, hay alumnos que me dicen que ahora les da verg\u00fcenza decir que son estudiantes de la UNA&#8221;, asever\u00f3. <\/p>\n\n\n\n<figure class=\"wp-block-image size-full\"><img decoding=\"async\" loading=\"lazy\" width=\"800\" height=\"500\" src=\"https:\/\/enlatitud25.com\/news\/wp-content\/uploads\/2022\/08\/pag1_una_colorados.jpg\" alt=\"\" class=\"wp-image-9928\" srcset=\"https:\/\/enlatitud25.com\/news\/wp-content\/uploads\/2022\/08\/pag1_una_colorados.jpg 800w, https:\/\/enlatitud25.com\/news\/wp-content\/uploads\/2022\/08\/pag1_una_colorados-300x188.jpg 300w, https:\/\/enlatitud25.com\/news\/wp-content\/uploads\/2022\/08\/pag1_una_colorados-768x480.jpg 768w, https:\/\/enlatitud25.com\/news\/wp-content\/uploads\/2022\/08\/pag1_una_colorados-380x238.jpg 380w\" sizes=\"(max-width: 800px) 100vw, 800px\" \/><\/figure>\n\n\n\n<p>Asimismo dijo que esta situaci\u00f3n es &#8220;una verg\u00fcenza que hay que terminar&#8221;, agreg\u00f3 que hay una mayor\u00eda en el Consejo Directivo que decide y apunt\u00f3 a que son los alumnos que se tienen que plantar para mantener la institucionalidad.<\/p>\n\n\n\n<p>&#8220;Los docentes est\u00e1n siendo totalmente dejados de lado por cuestiones pol\u00edticas, y eso se traslada a la Justicia que est\u00e1 en crisis, a jueces, fiscales y defensores que responden a esta clase. No todos, pero son muchos (&#8230;) Es el semillero del problema que luego se traslada al Consejo de la Magistratura y luego llega a la Justicia con jueces y fiscales respondiendo a esos esquemas&#8221;, concluy\u00f3. <\/p>\n\n\n\n<p>Tambi\u00e9n, durante sus declaraciones ante el plenario de la C\u00e1mara Baja, dijo que es urgente la intervenci\u00f3n de la referida casa de estudios.<\/p>\n\n\n\n<p>Por su parte, la actual decana de Derecho UNA, <strong>Myriam Pe\u00f1a<\/strong>, dijo en una entrevista con ABC Color, que vot\u00f3 en contra de esta desvinculaci\u00f3n de estos educadores, en consideraci\u00f3n a que los 69, ten\u00edan entre 5 a 15 a\u00f1os de experiencia en la ense\u00f1anza de derecho.<\/p>\n\n\n\n<p>Asegur\u00f3 que esto se trat\u00f3 de una &#8220;movida pol\u00edtica&#8221;, en atenci\u00f3n a que actualmente ella se est\u00e1 candidadatando para el Consejo de la Magistratura. Adem\u00e1s afirm\u00f3 que no va a renunciar ni a su candidatura, ni al decanato. <\/p>\n\n\n\n<p class=\"has-medium-font-size\"><strong>La Justicia sin independencia pol\u00edtica<\/strong><\/p>\n\n\n\n<p>A pesar de la necesidad reinante en el pa\u00eds de un sistema judicial justo y organismos de investigaci\u00f3n objetivos, son muchos los casos en los que existen fuertes sospechas de fuertes injerencias por parte del Partido Colorado.<\/p>\n\n\n\n<p>Justamente, el mi\u00e9rcoles 31 de agosto, la C\u00e1mara de Diputados intentar\u00e1 por cuarta vez iniciar un juicio pol\u00edtico contra la fiscala general del Estado, Sandra Qui\u00f1\u00f3nez, por mal desempe\u00f1o de funciones y sus v\u00ednculos con el cartismo. <\/p>\n","protected":false},"excerpt":{"rendered":"Tras el despido injustificado de 69 docentes y el paro en algunas filiales de la Facultad de Derecho UNA, como protesta, se gener\u00f3 una nueva controversia sobre la influencia de la pol\u00edtica en espacios educativos. La abogada y diputada Roc\u00edo Vallejo, afirm\u00f3 que esta situaci\u00f3n es insostenible y apunt\u00f3 a que esta sede de la UNA debe ser intervenida, por ser semillero del problema que se traslada a la Justicia. Te contamos los detalles de este caso y las medidas a tomar. \n","protected":false},"author":1,"featured_media":9927,"comment_status":"closed","ping_status":"closed","sticky":false,"template":"","format":"standard","meta":[],"categories":[13],"tags":[1172,1174,97,168,1173],"ubicacion":[18],"yoast_head":"<!-- This site is optimized with the Yoast SEO plugin v20.8 - https:\/\/yoast.com\/wordpress\/plugins\/seo\/ -->\n<title>El problema de la politizaci\u00f3n de la Justicia inicia en Derecho UNA, aseguran &ndash; Latitud25<\/title>\n<meta name=\"description\" content=\"Mir\u00e1 nuestros reportajes audiovisuales y seguinos para enterarte de las \u00faltimas noticias de Paraguay y el mundo, desde la Latitud25. Somos Alternativa de Informaci\u00f3n.\" \/>\n<meta name=\"robots\" content=\"index, follow, max-snippet:-1, max-image-preview:large, max-video-preview:-1\" \/>\n<link rel=\"canonical\" href=\"https:\/\/enlatitud25.com\/news\/el-problema-de-la-politizacion-de-la-justicia-inicia-en-derecho-una-aseguran\/\" \/>\n<meta property=\"og:locale\" content=\"es_ES\" \/>\n<meta property=\"og:type\" content=\"article\" \/>\n<meta property=\"og:title\" content=\"El problema de la politizaci\u00f3n de la Justicia inicia en Derecho UNA, aseguran &ndash; Latitud25\" \/>\n<meta property=\"og:description\" content=\"Mir\u00e1 nuestros reportajes audiovisuales y seguinos para enterarte de las \u00faltimas noticias de Paraguay y el mundo, desde la Latitud25. Somos Alternativa de Informaci\u00f3n.\" \/>\n<meta property=\"og:url\" content=\"https:\/\/enlatitud25.com\/news\/el-problema-de-la-politizacion-de-la-justicia-inicia-en-derecho-una-aseguran\/\" \/>\n<meta property=\"og:site_name\" content=\"Latitud25\" \/>\n<meta property=\"article:publisher\" content=\"https:\/\/www.facebook.com\/EnLatitud25\" \/>\n<meta property=\"article:author\" content=\"https:\/\/www.facebook.com\/EnLatitud25\" \/>\n<meta property=\"article:published_time\" content=\"2022-08-29T13:23:47+00:00\" \/>\n<meta property=\"article:modified_time\" content=\"2022-08-29T13:23:49+00:00\" \/>\n<meta property=\"og:image\" content=\"https:\/\/enlatitud25.com\/news\/wp-content\/uploads\/2022\/08\/portada_una_colorados.jpg\" \/>\n\t<meta property=\"og:image:width\" content=\"800\" \/>\n\t<meta property=\"og:image:height\" content=\"500\" \/>\n\t<meta property=\"og:image:type\" content=\"image\/jpeg\" \/>\n<meta name=\"author\" content=\"Latitud 25\" \/>\n<meta name=\"twitter:card\" content=\"summary_large_image\" \/>\n<meta name=\"twitter:creator\" content=\"@EnLatitud25\" \/>\n<meta name=\"twitter:site\" content=\"@EnLatitud25\" \/>\n<meta name=\"twitter:label1\" content=\"Escrito por\" \/>\n\t<meta name=\"twitter:data1\" content=\"Latitud 25\" \/>\n\t<meta name=\"twitter:label2\" content=\"Tiempo de lectura\" \/>\n\t<meta name=\"twitter:data2\" content=\"4 minutos\" \/>\n<script type=\"application\/ld+json\" class=\"yoast-schema-graph\">{\"@context\":\"https:\/\/schema.org\",\"@graph\":[{\"@type\":\"Article\",\"@id\":\"https:\/\/enlatitud25.com\/news\/el-problema-de-la-politizacion-de-la-justicia-inicia-en-derecho-una-aseguran\/#article\",\"isPartOf\":{\"@id\":\"https:\/\/enlatitud25.com\/news\/el-problema-de-la-politizacion-de-la-justicia-inicia-en-derecho-una-aseguran\/\"},\"author\":{\"name\":\"Latitud 25\",\"@id\":\"https:\/\/enlatitud25.com\/news\/#\/schema\/person\/23aafe968917005a721b8eb760f2586e\"},\"headline\":\"El problema de la politizaci\u00f3n de la Justicia inicia en Derecho UNA, aseguran\",\"datePublished\":\"2022-08-29T13:23:47+00:00\",\"dateModified\":\"2022-08-29T13:23:49+00:00\",\"mainEntityOfPage\":{\"@id\":\"https:\/\/enlatitud25.com\/news\/el-problema-de-la-politizacion-de-la-justicia-inicia-en-derecho-una-aseguran\/\"},\"wordCount\":836,\"publisher\":{\"@id\":\"https:\/\/enlatitud25.com\/news\/#organization\"},\"keywords\":[\"DerechoUNA\",\"docentes\",\"Educaci\u00f3n\",\"Pol\u00edtica\",\"Seccional Colorada\"],\"articleSection\":[\"Pol\u00edtica\"],\"inLanguage\":\"es\"},{\"@type\":\"WebPage\",\"@id\":\"https:\/\/enlatitud25.com\/news\/el-problema-de-la-politizacion-de-la-justicia-inicia-en-derecho-una-aseguran\/\",\"url\":\"https:\/\/enlatitud25.com\/news\/el-problema-de-la-politizacion-de-la-justicia-inicia-en-derecho-una-aseguran\/\",\"name\":\"El problema de la politizaci\u00f3n de la Justicia inicia en Derecho UNA, aseguran &ndash; Latitud25\",\"isPartOf\":{\"@id\":\"https:\/\/enlatitud25.com\/news\/#website\"},\"datePublished\":\"2022-08-29T13:23:47+00:00\",\"dateModified\":\"2022-08-29T13:23:49+00:00\",\"description\":\"Mir\u00e1 nuestros reportajes audiovisuales y seguinos para enterarte de las \u00faltimas noticias de Paraguay y el mundo, desde la Latitud25. Somos Alternativa de Informaci\u00f3n.\",\"breadcrumb\":{\"@id\":\"https:\/\/enlatitud25.com\/news\/el-problema-de-la-politizacion-de-la-justicia-inicia-en-derecho-una-aseguran\/#breadcrumb\"},\"inLanguage\":\"es\",\"potentialAction\":[{\"@type\":\"ReadAction\",\"target\":[\"https:\/\/enlatitud25.com\/news\/el-problema-de-la-politizacion-de-la-justicia-inicia-en-derecho-una-aseguran\/\"]}]},{\"@type\":\"BreadcrumbList\",\"@id\":\"https:\/\/enlatitud25.com\/news\/el-problema-de-la-politizacion-de-la-justicia-inicia-en-derecho-una-aseguran\/#breadcrumb\",\"itemListElement\":[{\"@type\":\"ListItem\",\"position\":1,\"name\":\"Home\",\"item\":\"https:\/\/enlatitud25.com\/news\/\"},{\"@type\":\"ListItem\",\"position\":2,\"name\":\"El problema de la politizaci\u00f3n de la Justicia inicia en Derecho UNA, aseguran\"}]},{\"@type\":\"WebSite\",\"@id\":\"https:\/\/enlatitud25.com\/news\/#website\",\"url\":\"https:\/\/enlatitud25.com\/news\/\",\"name\":\"Latitud25\",\"description\":\"news\",\"publisher\":{\"@id\":\"https:\/\/enlatitud25.com\/news\/#organization\"},\"potentialAction\":[{\"@type\":\"SearchAction\",\"target\":{\"@type\":\"EntryPoint\",\"urlTemplate\":\"https:\/\/enlatitud25.com\/news\/?s={search_term_string}\"},\"query-input\":\"required name=search_term_string\"}],\"inLanguage\":\"es\"},{\"@type\":\"Organization\",\"@id\":\"https:\/\/enlatitud25.com\/news\/#organization\",\"name\":\"Latitud 25 - News\",\"url\":\"https:\/\/enlatitud25.com\/news\/\",\"logo\":{\"@type\":\"ImageObject\",\"inLanguage\":\"es\",\"@id\":\"https:\/\/enlatitud25.com\/news\/#\/schema\/logo\/image\/\",\"url\":\"https:\/\/enlatitud25.com\/news\/wp-content\/uploads\/2020\/11\/logo_latitud.png\",\"contentUrl\":\"https:\/\/enlatitud25.com\/news\/wp-content\/uploads\/2020\/11\/logo_latitud.png\",\"width\":235,\"height\":39,\"caption\":\"Latitud 25 - News\"},\"image\":{\"@id\":\"https:\/\/enlatitud25.com\/news\/#\/schema\/logo\/image\/\"},\"sameAs\":[\"https:\/\/www.facebook.com\/EnLatitud25\",\"https:\/\/twitter.com\/EnLatitud25\",\"https:\/\/www.instagram.com\/enlatitud25\/\",\"https:\/\/www.youtube.com\/user\/desdelatitud25\"]},{\"@type\":\"Person\",\"@id\":\"https:\/\/enlatitud25.com\/news\/#\/schema\/person\/23aafe968917005a721b8eb760f2586e\",\"name\":\"Latitud 25\",\"sameAs\":[\"https:\/\/enlatitud25.com\/news\",\"https:\/\/www.facebook.com\/EnLatitud25\",\"https:\/\/www.instagram.com\/enlatitud25\",\"https:\/\/www.youtube.com\/user\/desdelatitud25\",\"https:\/\/soundcloud.com\/enlatitud25\"],\"url\":\"https:\/\/enlatitud25.com\/news\/author\/nnews-uss00\/\"}]}<\/script>\n<!-- \/ Yoast SEO plugin. -->","yoast_head_json":{"title":"El problema de la politizaci\u00f3n de la Justicia inicia en Derecho UNA, aseguran &ndash; Latitud25","description":"Mir\u00e1 nuestros reportajes audiovisuales y seguinos para enterarte de las \u00faltimas noticias de Paraguay y el mundo, desde la Latitud25. Somos Alternativa de Informaci\u00f3n.","robots":{"index":"index","follow":"follow","max-snippet":"max-snippet:-1","max-image-preview":"max-image-preview:large","max-video-preview":"max-video-preview:-1"},"canonical":"https:\/\/enlatitud25.com\/news\/el-problema-de-la-politizacion-de-la-justicia-inicia-en-derecho-una-aseguran\/","og_locale":"es_ES","og_type":"article","og_title":"El problema de la politizaci\u00f3n de la Justicia inicia en Derecho UNA, aseguran &ndash; Latitud25","og_description":"Mir\u00e1 nuestros reportajes audiovisuales y seguinos para enterarte de las \u00faltimas noticias de Paraguay y el mundo, desde la Latitud25. Somos Alternativa de Informaci\u00f3n.","og_url":"https:\/\/enlatitud25.com\/news\/el-problema-de-la-politizacion-de-la-justicia-inicia-en-derecho-una-aseguran\/","og_site_name":"Latitud25","article_publisher":"https:\/\/www.facebook.com\/EnLatitud25","article_author":"https:\/\/www.facebook.com\/EnLatitud25","article_published_time":"2022-08-29T13:23:47+00:00","article_modified_time":"2022-08-29T13:23:49+00:00","og_image":[{"width":800,"height":500,"url":"https:\/\/enlatitud25.com\/news\/wp-content\/uploads\/2022\/08\/portada_una_colorados.jpg","type":"image\/jpeg"}],"author":"Latitud 25","twitter_card":"summary_large_image","twitter_creator":"@EnLatitud25","twitter_site":"@EnLatitud25","twitter_misc":{"Escrito por":"Latitud 25","Tiempo de lectura":"4 minutos"},"schema":{"@context":"https:\/\/schema.org","@graph":[{"@type":"Article","@id":"https:\/\/enlatitud25.com\/news\/el-problema-de-la-politizacion-de-la-justicia-inicia-en-derecho-una-aseguran\/#article","isPartOf":{"@id":"https:\/\/enlatitud25.com\/news\/el-problema-de-la-politizacion-de-la-justicia-inicia-en-derecho-una-aseguran\/"},"author":{"name":"Latitud 25","@id":"https:\/\/enlatitud25.com\/news\/#\/schema\/person\/23aafe968917005a721b8eb760f2586e"},"headline":"El problema de la politizaci\u00f3n de la Justicia inicia en Derecho UNA, aseguran","datePublished":"2022-08-29T13:23:47+00:00","dateModified":"2022-08-29T13:23:49+00:00","mainEntityOfPage":{"@id":"https:\/\/enlatitud25.com\/news\/el-problema-de-la-politizacion-de-la-justicia-inicia-en-derecho-una-aseguran\/"},"wordCount":836,"publisher":{"@id":"https:\/\/enlatitud25.com\/news\/#organization"},"keywords":["DerechoUNA","docentes","Educaci\u00f3n","Pol\u00edtica","Seccional Colorada"],"articleSection":["Pol\u00edtica"],"inLanguage":"es"},{"@type":"WebPage","@id":"https:\/\/enlatitud25.com\/news\/el-problema-de-la-politizacion-de-la-justicia-inicia-en-derecho-una-aseguran\/","url":"https:\/\/enlatitud25.com\/news\/el-problema-de-la-politizacion-de-la-justicia-inicia-en-derecho-una-aseguran\/","name":"El problema de la politizaci\u00f3n de la Justicia inicia en Derecho UNA, aseguran &ndash; Latitud25","isPartOf":{"@id":"https:\/\/enlatitud25.com\/news\/#website"},"datePublished":"2022-08-29T13:23:47+00:00","dateModified":"2022-08-29T13:23:49+00:00","description":"Mir\u00e1 nuestros reportajes audiovisuales y seguinos para enterarte de las \u00faltimas noticias de Paraguay y el mundo, desde la Latitud25. Somos Alternativa de Informaci\u00f3n.","breadcrumb":{"@id":"https:\/\/enlatitud25.com\/news\/el-problema-de-la-politizacion-de-la-justicia-inicia-en-derecho-una-aseguran\/#breadcrumb"},"inLanguage":"es","potentialAction":[{"@type":"ReadAction","target":["https:\/\/enlatitud25.com\/news\/el-problema-de-la-politizacion-de-la-justicia-inicia-en-derecho-una-aseguran\/"]}]},{"@type":"BreadcrumbList","@id":"https:\/\/enlatitud25.com\/news\/el-problema-de-la-politizacion-de-la-justicia-inicia-en-derecho-una-aseguran\/#breadcrumb","itemListElement":[{"@type":"ListItem","position":1,"name":"Home","item":"https:\/\/enlatitud25.com\/news\/"},{"@type":"ListItem","position":2,"name":"El problema de la politizaci\u00f3n de la Justicia inicia en Derecho UNA, aseguran"}]},{"@type":"WebSite","@id":"https:\/\/enlatitud25.com\/news\/#website","url":"https:\/\/enlatitud25.com\/news\/","name":"Latitud25","description":"news","publisher":{"@id":"https:\/\/enlatitud25.com\/news\/#organization"},"potentialAction":[{"@type":"SearchAction","target":{"@type":"EntryPoint","urlTemplate":"https:\/\/enlatitud25.com\/news\/?s={search_term_string}"},"query-input":"required name=search_term_string"}],"inLanguage":"es"},{"@type":"Organization","@id":"https:\/\/enlatitud25.com\/news\/#organization","name":"Latitud 25 - News","url":"https:\/\/enlatitud25.com\/news\/","logo":{"@type":"ImageObject","inLanguage":"es","@id":"https:\/\/enlatitud25.com\/news\/#\/schema\/logo\/image\/","url":"https:\/\/enlatitud25.com\/news\/wp-content\/uploads\/2020\/11\/logo_latitud.png","contentUrl":"https:\/\/enlatitud25.com\/news\/wp-content\/uploads\/2020\/11\/logo_latitud.png","width":235,"height":39,"caption":"Latitud 25 - News"},"image":{"@id":"https:\/\/enlatitud25.com\/news\/#\/schema\/logo\/image\/"},"sameAs":["https:\/\/www.facebook.com\/EnLatitud25","https:\/\/twitter.com\/EnLatitud25","https:\/\/www.instagram.com\/enlatitud25\/","https:\/\/www.youtube.com\/user\/desdelatitud25"]},{"@type":"Person","@id":"https:\/\/enlatitud25.com\/news\/#\/schema\/person\/23aafe968917005a721b8eb760f2586e","name":"Latitud 25","sameAs":["https:\/\/enlatitud25.com\/news","https:\/\/www.facebook.com\/EnLatitud25","https:\/\/www.instagram.com\/enlatitud25","https:\/\/www.youtube.com\/user\/desdelatitud25","https:\/\/soundcloud.com\/enlatitud25"],"url":"https:\/\/enlatitud25.com\/news\/author\/nnews-uss00\/"}]}},"_links":{"self":[{"href":"https:\/\/enlatitud25.com\/news\/wp-json\/wp\/v2\/posts\/9924"}],"collection":[{"href":"https:\/\/enlatitud25.com\/news\/wp-json\/wp\/v2\/posts"}],"about":[{"href":"https:\/\/enlatitud25.com\/news\/wp-json\/wp\/v2\/types\/post"}],"author":[{"embeddable":true,"href":"https:\/\/enlatitud25.com\/news\/wp-json\/wp\/v2\/users\/1"}],"replies":[{"embeddable":true,"href":"https:\/\/enlatitud25.com\/news\/wp-json\/wp\/v2\/comments?post=9924"}],"version-history":[{"count":11,"href":"https:\/\/enlatitud25.com\/news\/wp-json\/wp\/v2\/posts\/9924\/revisions"}],"predecessor-version":[{"id":9939,"href":"https:\/\/enlatitud25.com\/news\/wp-json\/wp\/v2\/posts\/9924\/revisions\/9939"}],"wp:featuredmedia":[{"embeddable":true,"href":"https:\/\/enlatitud25.com\/news\/wp-json\/wp\/v2\/media\/9927"}],"wp:attachment":[{"href":"https:\/\/enlatitud25.com\/news\/wp-json\/wp\/v2\/media?parent=9924"}],"wp:term":[{"taxonomy":"category","embeddable":true,"href":"https:\/\/enlatitud25.com\/news\/wp-json\/wp\/v2\/categories?post=9924"},{"taxonomy":"post_tag","embeddable":true,"href":"https:\/\/enlatitud25.com\/news\/wp-json\/wp\/v2\/tags?post=9924"},{"taxonomy":"ubicacion","embeddable":true,"href":"https:\/\/enlatitud25.com\/news\/wp-json\/wp\/v2\/ubicacion?post=9924"}],"curies":[{"name":"wp","href":"https:\/\/api.w.org\/{rel}","templated":true}]}}