{"id":9540,"date":"2022-08-04T21:54:57","date_gmt":"2022-08-04T21:54:57","guid":{"rendered":"https:\/\/enlatitud25.com\/news\/?p=9540"},"modified":"2022-08-04T22:03:01","modified_gmt":"2022-08-04T22:03:01","slug":"feminicidios-estado-no-hace-lo-suficiente-para-combatir-violencia-hacia-la-mujer","status":"publish","type":"post","link":"https:\/\/enlatitud25.com\/news\/feminicidios-estado-no-hace-lo-suficiente-para-combatir-violencia-hacia-la-mujer\/","title":{"rendered":"Feminicidios: Estado no hace lo suficiente para combatir la violencia hacia la mujer"},"content":{"rendered":"\n<p>El Ministerio P\u00fablico report\u00f3, el pasado 2 de agosto, un total de 26 casos de feminicidio hasta julio. Al d\u00eda siguiente, el 2 de agosto, se registr\u00f3 un nuevo caso en Luque, por lo que suman 27 en lo que va del a\u00f1o. Esto apunta a que se produjo un promedio de 1 feminicidio cada 8 d\u00edas, en nuestro pa\u00eds. <\/p>\n\n\n\n<p>Entretanto, en los \u00faltimos dos a\u00f1os (2020 y 2021), el promedio fue de 1 feminicidio cada 10 d\u00edas, porque en esos dos a\u00f1os la cifra total \u2013de cada uno\u2013 fue de 37 feminicidios.<\/p>\n\n\n\n<p>Adem\u00e1s, ya se contabilizan 57 hu\u00e9rfanos, lo que supera el total registrado hasta diciembre del a\u00f1o pasado, que fue 50. <\/p>\n\n\n\n<p>En ese contexto, habl\u00f3 en comunicaci\u00f3n con RadioCast25, la especialista en psicolog\u00eda social, <strong>Dra. Raquel Iglesias<\/strong>, quien asegura que este flagelo trasciende el aspecto cultural, al destacar que las autoridades no pueden combatirlo efectivamente, permitiendo que decenas de mujeres pierdan la vida en manos de sus agresores, en la mayor\u00eda de los casos, sus propias parejas.<\/p>\n\n\n\n<figure class=\"wp-block-embed is-type-rich is-provider-twitter wp-block-embed-twitter\"><div class=\"wp-block-embed__wrapper\">\n<blockquote class=\"twitter-tweet\" data-width=\"550\" data-dnt=\"true\"><p lang=\"es\" dir=\"ltr\">\ud83c\udd98<a href=\"https:\/\/twitter.com\/hashtag\/Feminicidios?src=hash&amp;ref_src=twsrc%5Etfw\">#Feminicidios<\/a> | De Enero al cierre de Julio del 2022, la Fiscal\u00eda registra 26 v\u00edctimas en Paraguay\ud83c\uddf5\ud83c\uddfe\ud83d\udcc8<br><br>\u26a0\ufe0fEste flagelo sigue cobrando la vida de mujeres y deja v\u00edctimas colaterales: +55 hu\u00e9rfanos<br><br>\ud83d\udea8Desde 2018, nuestro pa\u00eds registra un total de 185 v\u00edctimas y 243 hu\u00e9rfanos<a href=\"https:\/\/twitter.com\/hashtag\/L25?src=hash&amp;ref_src=twsrc%5Etfw\">#L25<\/a> <a href=\"https:\/\/t.co\/2FHLQ55ygB\">pic.twitter.com\/2FHLQ55ygB<\/a><\/p>&mdash; LATITUD 25 (@EnLatitud25) <a href=\"https:\/\/twitter.com\/EnLatitud25\/status\/1554872530829205504?ref_src=twsrc%5Etfw\">August 3, 2022<\/a><\/blockquote><script async src=\"https:\/\/platform.twitter.com\/widgets.js\" charset=\"utf-8\"><\/script>\n<\/div><\/figure>\n\n\n\n<p class=\"has-medium-font-size\">&#8220;<strong>Hay un silencio muy grande<\/strong>&#8220;<\/p>\n\n\n\n<p>Iglesias manifest\u00f3 que al hacer la comparaci\u00f3n de los n\u00fameros, el escenario resulta muy preocupante porque apenas estamos empezando el mes de agosto y quedan los meses m\u00e1s cr\u00edticos en cuanto a casos de feminicidios, que suelen ser entre octubre y noviembre. <\/p>\n\n\n\n<p>&#8220;Ojal\u00e1 que no ocurra, porque estamos hablando de vidas, familias y ni\u00f1os que quedan hu\u00e9rfanos, pero esa es la tendencia&#8221;, sostuvo. <\/p>\n\n\n\n<p>&#8220;Lo que yo noto es que hay un silencio muy grande, yo no escucho las voces que deben hablar, que deben expresarse y que tienen que advertir, porque se han dado casos bastantes graves. Tienen que correr la voz, tienen que llamar a la reflexi\u00f3n, llamar a recordar los factores de riesgos. Entonces, en primer lugar, yo veo una gran diferencia ya desde el a\u00f1o pasado&#8221;, manifest\u00f3. <\/p>\n\n\n\n<figure class=\"wp-block-image size-full\"><img decoding=\"async\" loading=\"lazy\" width=\"800\" height=\"500\" src=\"https:\/\/enlatitud25.com\/news\/wp-content\/uploads\/2022\/08\/pag3_casos_feminicidio.jpg\" alt=\"\" class=\"wp-image-9557\" srcset=\"https:\/\/enlatitud25.com\/news\/wp-content\/uploads\/2022\/08\/pag3_casos_feminicidio.jpg 800w, https:\/\/enlatitud25.com\/news\/wp-content\/uploads\/2022\/08\/pag3_casos_feminicidio-300x188.jpg 300w, https:\/\/enlatitud25.com\/news\/wp-content\/uploads\/2022\/08\/pag3_casos_feminicidio-768x480.jpg 768w, https:\/\/enlatitud25.com\/news\/wp-content\/uploads\/2022\/08\/pag3_casos_feminicidio-380x238.jpg 380w\" sizes=\"(max-width: 800px) 100vw, 800px\" \/><\/figure>\n\n\n\n<p class=\"has-medium-font-size\"><strong>Normativa habla de prevenci\u00f3n y acciones ante crisis<\/strong><\/p>\n\n\n\n<p>Por otro lado, Iglesias tambi\u00e9n cuestion\u00f3 que cuando vemos que existe un aumento sostenido de feminicidios, como el actual, existen mecanismos que se pueden aplicar, que ya est\u00e1n establecidos en la ley N\u00ba 5777 &#8220;De Protecci\u00f3n Integral a las Mujeres Contra Toda Forma de Violencia&#8221;. <\/p>\n\n\n\n<p>Asever\u00f3 que esta ley, que es importante porque es la norma y mandato vigente a nivel pa\u00eds, cuenta con normas que se tienen que trabajar como la instalaci\u00f3n de una m<strong>esa de crisis<\/strong> interinstitucional, que pese a esta articulaci\u00f3n, no tendr\u00eda avances significativos. <\/p>\n\n\n\n<p>&#8220;Yo no escuch\u00e9 que se haya convocado a la mesa de crisis. Es el Ministerio de la Mujer el que tiene que convocar, si se ha reunido, perfecto, pero \u00bfcu\u00e1l es el objetivo? Llamar a las partes principales, ver lo que no se est\u00e1 haciendo en relaci\u00f3n a los a\u00f1os anteriores y qu\u00e9 es lo que se est\u00e1 haciendo mal&#8221;, expres\u00f3. <\/p>\n\n\n\n<figure class=\"wp-block-image size-full\"><img decoding=\"async\" loading=\"lazy\" width=\"800\" height=\"500\" src=\"https:\/\/enlatitud25.com\/news\/wp-content\/uploads\/2022\/08\/pag1_casos_feminicidio.jpg\" alt=\"\" class=\"wp-image-9558\" srcset=\"https:\/\/enlatitud25.com\/news\/wp-content\/uploads\/2022\/08\/pag1_casos_feminicidio.jpg 800w, https:\/\/enlatitud25.com\/news\/wp-content\/uploads\/2022\/08\/pag1_casos_feminicidio-300x188.jpg 300w, https:\/\/enlatitud25.com\/news\/wp-content\/uploads\/2022\/08\/pag1_casos_feminicidio-768x480.jpg 768w, https:\/\/enlatitud25.com\/news\/wp-content\/uploads\/2022\/08\/pag1_casos_feminicidio-380x238.jpg 380w\" sizes=\"(max-width: 800px) 100vw, 800px\" \/><\/figure>\n\n\n\n<p>Cabe resaltar que la ley se\u00f1ala textualmente que es el Ministerio de la Mujer el que debe encargarse de implementar pol\u00edticas, estrategias y acciones prioritarias para prevenir, sancionar y erradicar la violencia hacia las mujeres, a trav\u00e9s de los distintos organismos y entidades del Estado.<\/p>\n\n\n\n<p>Adem\u00e1s la norma indica que el \u00f3rgano rector debe dise\u00f1ar e implementar el Sistema Unificado y Concentrado de Registro que permita <strong>contar con datos y estad\u00edsticas que den cuenta <\/strong>de la realidad nacional en t\u00e9rminos de violencia contra las mujeres.<\/p>\n\n\n\n<p class=\"has-medium-font-size\"><strong>La violencia contra la mujer, trasciende lo cultural<\/strong><\/p>\n\n\n\n<p>La especialista en psicolog\u00eda social afirm\u00f3 que el machismo muchas veces guarda relaci\u00f3n con patrones aprendidos, conceptos culturales que se tienen sobre c\u00f3mo se terminan las relaciones o c\u00f3mo son las discusiones de pareja. <\/p>\n\n\n\n<p>&#8220;Imag\u00ednate que el caso de ayer, que escuch\u00e9 que dieron testimonio del caso de Luque, la se\u00f1ora estaba prepar\u00e1ndose para irse de la casa&#8221;, referenci\u00f3.<\/p>\n\n\n\n<figure class=\"wp-block-embed is-type-rich is-provider-twitter wp-block-embed-twitter\"><div class=\"wp-block-embed__wrapper\">\n<blockquote class=\"twitter-tweet\" data-width=\"550\" data-dnt=\"true\"><p lang=\"es\" dir=\"ltr\"><a href=\"https:\/\/twitter.com\/hashtag\/NiUnaMenos?src=hash&amp;ref_src=twsrc%5Etfw\">#NiUnaMenos<\/a> | El <a href=\"https:\/\/twitter.com\/MinPublicoPy?ref_src=twsrc%5Etfw\">@MinPublicoPy<\/a> intervino en un nuevo caso de <a href=\"https:\/\/twitter.com\/hashtag\/Feminicidio?src=hash&amp;ref_src=twsrc%5Etfw\">#Feminicidio<\/a> en Luque<br><br>\ud83d\udccdRicardo Meza, militar retirado, acab\u00f3 con la vida de su pareja Mar\u00eda Bogado, y luego se autoelimin\u00f3<br><br>\ud83d\udccdLa mujer quer\u00eda terminar la relaci\u00f3n<br><br>\ud83d\udccdDos hijos, de 6 y 16 a\u00f1os, quedan hu\u00e9rfanos<a href=\"https:\/\/twitter.com\/hashtag\/L25?src=hash&amp;ref_src=twsrc%5Etfw\">#L25<\/a> <a href=\"https:\/\/t.co\/LdtjkALJY3\">pic.twitter.com\/LdtjkALJY3<\/a><\/p>&mdash; LATITUD 25 (@EnLatitud25) <a href=\"https:\/\/twitter.com\/EnLatitud25\/status\/1555168034909609985?ref_src=twsrc%5Etfw\">August 4, 2022<\/a><\/blockquote><script async src=\"https:\/\/platform.twitter.com\/widgets.js\" charset=\"utf-8\"><\/script>\n<\/div><\/figure>\n\n\n\n<p>&#8220;Ese es un tema cultural, es cierto, pero es importante se\u00f1alar que la violencia contra la mujer es un crimen y es mucho m\u00e1s que algo cultural. Lo que es cultural son las pautas, los conceptos, entonces es importante hablarle a la comunidad, a la ciudadan\u00eda, ense\u00f1arle que esta no es la manera de dirimir los problemas de pareja&#8221;, resalt\u00f3. <\/p>\n\n\n\n<p>Ratific\u00f3 que es necesario combatir estas costumbres, porque asegur\u00f3 que si nos callamos y si dejamos que ocurra, estamos dando un mensaje de que eso &#8216;es as\u00ed nom\u00e1s luego&#8217; y que &#8216;la gente termina nom\u00e1s luego as\u00ed en ciertos sectores culturales&#8217;. &#8220;Si uno quiere combatir en serio, hay que ir a los sectores, nada no se combate si no actu\u00e1s&#8221;, subray\u00f3.<\/p>\n\n\n\n<p>Iglesias se\u00f1al\u00f3 que no es tan importante hablar de c\u00f3mo ocurri\u00f3 un feminicidio, sino m\u00e1s bien ense\u00f1ar cu\u00e1les son las pautas o factores de riesgos y qu\u00e9 se\u00f1ales hay que tener en cuenta. <\/p>\n\n\n\n<figure class=\"wp-block-image size-full\"><img decoding=\"async\" loading=\"lazy\" width=\"800\" height=\"500\" src=\"https:\/\/enlatitud25.com\/news\/wp-content\/uploads\/2022\/08\/pag2_casos_feminicidio.jpg\" alt=\"\" class=\"wp-image-9559\" srcset=\"https:\/\/enlatitud25.com\/news\/wp-content\/uploads\/2022\/08\/pag2_casos_feminicidio.jpg 800w, https:\/\/enlatitud25.com\/news\/wp-content\/uploads\/2022\/08\/pag2_casos_feminicidio-300x188.jpg 300w, https:\/\/enlatitud25.com\/news\/wp-content\/uploads\/2022\/08\/pag2_casos_feminicidio-768x480.jpg 768w, https:\/\/enlatitud25.com\/news\/wp-content\/uploads\/2022\/08\/pag2_casos_feminicidio-380x238.jpg 380w\" sizes=\"(max-width: 800px) 100vw, 800px\" \/><\/figure>\n\n\n\n<p>Asimismo, inst\u00f3 a los vecinos o personas cercanas a la v\u00edctima de violencia que no tengan miedo de buscar y ayudar a esa persona que lo requiere, porque en muchos casos se han salvado vidas, gracias a quienes se involucraron. <\/p>\n\n\n\n<p>&#8220;Hay que ser mucho m\u00e1s contundente y saber que si se est\u00e1 repitiendo (la violencia) ese es el camino al que se va a llegar (feminicidio). Hay que hacer un esfuerzo para sacarle de ah\u00ed&#8221;, puntualiz\u00f3.<\/p>\n\n\n\n<p class=\"has-medium-font-size\"><strong>&#8220;No est\u00e1 en la agenda el tema de la violencia&#8221;<\/strong><\/p>\n\n\n\n<p>Al ser consultada sobre c\u00f3mo est\u00e1 encarando el gobierno este complejo problema, Raquel Iglesias remarc\u00f3 que ve una gran diferencia con la manera en que se actu\u00f3 anteriormente.<\/p>\n\n\n\n<p>&#8220;Yo quiero hablar con mucha objetividad y quiero decir que mirando a a\u00f1os anteriores que la l\u00ednea y la pol\u00edtica principal que se est\u00e1 trabajando<strong> no es la violencia como algo trasversal<\/strong>, creo que hay un cambio en ese sentido. Lo que yo noto, con mucha objetividad, es que no est\u00e1 en la agenda el tema de la violencia, con la fuerza que tiene que tener&#8221;, concluy\u00f3.<\/p>\n\n\n\n<figure class=\"wp-block-image size-full\"><img decoding=\"async\" loading=\"lazy\" width=\"800\" height=\"500\" src=\"https:\/\/enlatitud25.com\/news\/wp-content\/uploads\/2022\/08\/pag4_casos_feminicidio-1.jpg\" alt=\"\" class=\"wp-image-9560\" srcset=\"https:\/\/enlatitud25.com\/news\/wp-content\/uploads\/2022\/08\/pag4_casos_feminicidio-1.jpg 800w, https:\/\/enlatitud25.com\/news\/wp-content\/uploads\/2022\/08\/pag4_casos_feminicidio-1-300x188.jpg 300w, https:\/\/enlatitud25.com\/news\/wp-content\/uploads\/2022\/08\/pag4_casos_feminicidio-1-768x480.jpg 768w, https:\/\/enlatitud25.com\/news\/wp-content\/uploads\/2022\/08\/pag4_casos_feminicidio-1-380x238.jpg 380w\" sizes=\"(max-width: 800px) 100vw, 800px\" \/><\/figure>\n","protected":false},"excerpt":{"rendered":"En lo que va del 2022, se registr\u00f3 al menos 1 feminicidio cada 8 d\u00edas. Esta cifra presentada por la Fiscal\u00eda a inicios de agosto, ya es superior a la que se manejaba el a\u00f1o pasado en este mismo periodo. El pa\u00eds que se declar\u00f3 pro-vida, tiene un registro dram\u00e1tico de feminicidios en la regi\u00f3n. Especialistas advierten que el Estado no hace lo suficiente para combatir este flagelo de la violencia contra la mujer que ya dej\u00f3 hasta la fecha 57 hu\u00e9rfanos.\n","protected":false},"author":1,"featured_media":9556,"comment_status":"closed","ping_status":"closed","sticky":false,"template":"","format":"standard","meta":[],"categories":[12],"tags":[1151,1148,27,1147,1150,59,64,1149],"ubicacion":[18],"yoast_head":"<!-- This site is optimized with the Yoast SEO plugin v20.8 - https:\/\/yoast.com\/wordpress\/plugins\/seo\/ -->\n<title>Feminicidios: Estado no hace lo suficiente para combatir la violencia hacia la mujer &ndash; Latitud25<\/title>\n<meta name=\"description\" content=\"Mir\u00e1 nuestros reportajes audiovisuales y seguinos para enterarte de las \u00faltimas noticias de Paraguay y el mundo, desde la Latitud25. Somos Alternativa de Informaci\u00f3n.\" \/>\n<meta name=\"robots\" content=\"index, follow, max-snippet:-1, max-image-preview:large, max-video-preview:-1\" \/>\n<link rel=\"canonical\" href=\"https:\/\/enlatitud25.com\/news\/feminicidios-estado-no-hace-lo-suficiente-para-combatir-violencia-hacia-la-mujer\/\" \/>\n<meta property=\"og:locale\" content=\"es_ES\" \/>\n<meta property=\"og:type\" content=\"article\" \/>\n<meta property=\"og:title\" content=\"Feminicidios: Estado no hace lo suficiente para combatir la violencia hacia la mujer &ndash; Latitud25\" \/>\n<meta property=\"og:description\" content=\"Mir\u00e1 nuestros reportajes audiovisuales y seguinos para enterarte de las \u00faltimas noticias de Paraguay y el mundo, desde la Latitud25. Somos Alternativa de Informaci\u00f3n.\" \/>\n<meta property=\"og:url\" content=\"https:\/\/enlatitud25.com\/news\/feminicidios-estado-no-hace-lo-suficiente-para-combatir-violencia-hacia-la-mujer\/\" \/>\n<meta property=\"og:site_name\" content=\"Latitud25\" \/>\n<meta property=\"article:publisher\" content=\"https:\/\/www.facebook.com\/EnLatitud25\" \/>\n<meta property=\"article:author\" content=\"https:\/\/www.facebook.com\/EnLatitud25\" \/>\n<meta property=\"article:published_time\" content=\"2022-08-04T21:54:57+00:00\" \/>\n<meta property=\"article:modified_time\" content=\"2022-08-04T22:03:01+00:00\" \/>\n<meta property=\"og:image\" content=\"https:\/\/enlatitud25.com\/news\/wp-content\/uploads\/2022\/08\/portada_casos_feminicidio.jpg\" \/>\n\t<meta property=\"og:image:width\" content=\"800\" \/>\n\t<meta property=\"og:image:height\" content=\"500\" \/>\n\t<meta property=\"og:image:type\" content=\"image\/jpeg\" \/>\n<meta name=\"author\" content=\"Latitud 25\" \/>\n<meta name=\"twitter:card\" content=\"summary_large_image\" \/>\n<meta name=\"twitter:creator\" content=\"@EnLatitud25\" \/>\n<meta name=\"twitter:site\" content=\"@EnLatitud25\" \/>\n<meta name=\"twitter:label1\" content=\"Escrito por\" \/>\n\t<meta name=\"twitter:data1\" content=\"Latitud 25\" \/>\n\t<meta name=\"twitter:label2\" content=\"Tiempo de lectura\" \/>\n\t<meta name=\"twitter:data2\" content=\"6 minutos\" \/>\n<script type=\"application\/ld+json\" class=\"yoast-schema-graph\">{\"@context\":\"https:\/\/schema.org\",\"@graph\":[{\"@type\":\"Article\",\"@id\":\"https:\/\/enlatitud25.com\/news\/feminicidios-estado-no-hace-lo-suficiente-para-combatir-violencia-hacia-la-mujer\/#article\",\"isPartOf\":{\"@id\":\"https:\/\/enlatitud25.com\/news\/feminicidios-estado-no-hace-lo-suficiente-para-combatir-violencia-hacia-la-mujer\/\"},\"author\":{\"name\":\"Latitud 25\",\"@id\":\"https:\/\/enlatitud25.com\/news\/#\/schema\/person\/23aafe968917005a721b8eb760f2586e\"},\"headline\":\"Feminicidios: Estado no hace lo suficiente para combatir la violencia hacia la mujer\",\"datePublished\":\"2022-08-04T21:54:57+00:00\",\"dateModified\":\"2022-08-04T22:03:01+00:00\",\"mainEntityOfPage\":{\"@id\":\"https:\/\/enlatitud25.com\/news\/feminicidios-estado-no-hace-lo-suficiente-para-combatir-violencia-hacia-la-mujer\/\"},\"wordCount\":1023,\"publisher\":{\"@id\":\"https:\/\/enlatitud25.com\/news\/#organization\"},\"keywords\":[\"2022\",\"acci\u00f3n\",\"Estado\",\"feminicidios\",\"ni una menos\",\"paraguay\",\"prevenci\u00f3n\",\"violencia contra la mujer\"],\"articleSection\":[\"Realidad\"],\"inLanguage\":\"es\"},{\"@type\":\"WebPage\",\"@id\":\"https:\/\/enlatitud25.com\/news\/feminicidios-estado-no-hace-lo-suficiente-para-combatir-violencia-hacia-la-mujer\/\",\"url\":\"https:\/\/enlatitud25.com\/news\/feminicidios-estado-no-hace-lo-suficiente-para-combatir-violencia-hacia-la-mujer\/\",\"name\":\"Feminicidios: Estado no hace lo suficiente para combatir la violencia hacia la mujer &ndash; Latitud25\",\"isPartOf\":{\"@id\":\"https:\/\/enlatitud25.com\/news\/#website\"},\"datePublished\":\"2022-08-04T21:54:57+00:00\",\"dateModified\":\"2022-08-04T22:03:01+00:00\",\"description\":\"Mir\u00e1 nuestros reportajes audiovisuales y seguinos para enterarte de las \u00faltimas noticias de Paraguay y el mundo, desde la Latitud25. Somos Alternativa de Informaci\u00f3n.\",\"breadcrumb\":{\"@id\":\"https:\/\/enlatitud25.com\/news\/feminicidios-estado-no-hace-lo-suficiente-para-combatir-violencia-hacia-la-mujer\/#breadcrumb\"},\"inLanguage\":\"es\",\"potentialAction\":[{\"@type\":\"ReadAction\",\"target\":[\"https:\/\/enlatitud25.com\/news\/feminicidios-estado-no-hace-lo-suficiente-para-combatir-violencia-hacia-la-mujer\/\"]}]},{\"@type\":\"BreadcrumbList\",\"@id\":\"https:\/\/enlatitud25.com\/news\/feminicidios-estado-no-hace-lo-suficiente-para-combatir-violencia-hacia-la-mujer\/#breadcrumb\",\"itemListElement\":[{\"@type\":\"ListItem\",\"position\":1,\"name\":\"Home\",\"item\":\"https:\/\/enlatitud25.com\/news\/\"},{\"@type\":\"ListItem\",\"position\":2,\"name\":\"Feminicidios: Estado no hace lo suficiente para combatir la violencia hacia la mujer\"}]},{\"@type\":\"WebSite\",\"@id\":\"https:\/\/enlatitud25.com\/news\/#website\",\"url\":\"https:\/\/enlatitud25.com\/news\/\",\"name\":\"Latitud25\",\"description\":\"news\",\"publisher\":{\"@id\":\"https:\/\/enlatitud25.com\/news\/#organization\"},\"potentialAction\":[{\"@type\":\"SearchAction\",\"target\":{\"@type\":\"EntryPoint\",\"urlTemplate\":\"https:\/\/enlatitud25.com\/news\/?s={search_term_string}\"},\"query-input\":\"required name=search_term_string\"}],\"inLanguage\":\"es\"},{\"@type\":\"Organization\",\"@id\":\"https:\/\/enlatitud25.com\/news\/#organization\",\"name\":\"Latitud 25 - News\",\"url\":\"https:\/\/enlatitud25.com\/news\/\",\"logo\":{\"@type\":\"ImageObject\",\"inLanguage\":\"es\",\"@id\":\"https:\/\/enlatitud25.com\/news\/#\/schema\/logo\/image\/\",\"url\":\"https:\/\/enlatitud25.com\/news\/wp-content\/uploads\/2020\/11\/logo_latitud.png\",\"contentUrl\":\"https:\/\/enlatitud25.com\/news\/wp-content\/uploads\/2020\/11\/logo_latitud.png\",\"width\":235,\"height\":39,\"caption\":\"Latitud 25 - News\"},\"image\":{\"@id\":\"https:\/\/enlatitud25.com\/news\/#\/schema\/logo\/image\/\"},\"sameAs\":[\"https:\/\/www.facebook.com\/EnLatitud25\",\"https:\/\/twitter.com\/EnLatitud25\",\"https:\/\/www.instagram.com\/enlatitud25\/\",\"https:\/\/www.youtube.com\/user\/desdelatitud25\"]},{\"@type\":\"Person\",\"@id\":\"https:\/\/enlatitud25.com\/news\/#\/schema\/person\/23aafe968917005a721b8eb760f2586e\",\"name\":\"Latitud 25\",\"sameAs\":[\"https:\/\/enlatitud25.com\/news\",\"https:\/\/www.facebook.com\/EnLatitud25\",\"https:\/\/www.instagram.com\/enlatitud25\",\"https:\/\/www.youtube.com\/user\/desdelatitud25\",\"https:\/\/soundcloud.com\/enlatitud25\"],\"url\":\"https:\/\/enlatitud25.com\/news\/author\/nnews-uss00\/\"}]}<\/script>\n<!-- \/ Yoast SEO plugin. -->","yoast_head_json":{"title":"Feminicidios: Estado no hace lo suficiente para combatir la violencia hacia la mujer &ndash; Latitud25","description":"Mir\u00e1 nuestros reportajes audiovisuales y seguinos para enterarte de las \u00faltimas noticias de Paraguay y el mundo, desde la Latitud25. Somos Alternativa de Informaci\u00f3n.","robots":{"index":"index","follow":"follow","max-snippet":"max-snippet:-1","max-image-preview":"max-image-preview:large","max-video-preview":"max-video-preview:-1"},"canonical":"https:\/\/enlatitud25.com\/news\/feminicidios-estado-no-hace-lo-suficiente-para-combatir-violencia-hacia-la-mujer\/","og_locale":"es_ES","og_type":"article","og_title":"Feminicidios: Estado no hace lo suficiente para combatir la violencia hacia la mujer &ndash; Latitud25","og_description":"Mir\u00e1 nuestros reportajes audiovisuales y seguinos para enterarte de las \u00faltimas noticias de Paraguay y el mundo, desde la Latitud25. Somos Alternativa de Informaci\u00f3n.","og_url":"https:\/\/enlatitud25.com\/news\/feminicidios-estado-no-hace-lo-suficiente-para-combatir-violencia-hacia-la-mujer\/","og_site_name":"Latitud25","article_publisher":"https:\/\/www.facebook.com\/EnLatitud25","article_author":"https:\/\/www.facebook.com\/EnLatitud25","article_published_time":"2022-08-04T21:54:57+00:00","article_modified_time":"2022-08-04T22:03:01+00:00","og_image":[{"width":800,"height":500,"url":"https:\/\/enlatitud25.com\/news\/wp-content\/uploads\/2022\/08\/portada_casos_feminicidio.jpg","type":"image\/jpeg"}],"author":"Latitud 25","twitter_card":"summary_large_image","twitter_creator":"@EnLatitud25","twitter_site":"@EnLatitud25","twitter_misc":{"Escrito por":"Latitud 25","Tiempo de lectura":"6 minutos"},"schema":{"@context":"https:\/\/schema.org","@graph":[{"@type":"Article","@id":"https:\/\/enlatitud25.com\/news\/feminicidios-estado-no-hace-lo-suficiente-para-combatir-violencia-hacia-la-mujer\/#article","isPartOf":{"@id":"https:\/\/enlatitud25.com\/news\/feminicidios-estado-no-hace-lo-suficiente-para-combatir-violencia-hacia-la-mujer\/"},"author":{"name":"Latitud 25","@id":"https:\/\/enlatitud25.com\/news\/#\/schema\/person\/23aafe968917005a721b8eb760f2586e"},"headline":"Feminicidios: Estado no hace lo suficiente para combatir la violencia hacia la mujer","datePublished":"2022-08-04T21:54:57+00:00","dateModified":"2022-08-04T22:03:01+00:00","mainEntityOfPage":{"@id":"https:\/\/enlatitud25.com\/news\/feminicidios-estado-no-hace-lo-suficiente-para-combatir-violencia-hacia-la-mujer\/"},"wordCount":1023,"publisher":{"@id":"https:\/\/enlatitud25.com\/news\/#organization"},"keywords":["2022","acci\u00f3n","Estado","feminicidios","ni una menos","paraguay","prevenci\u00f3n","violencia contra la mujer"],"articleSection":["Realidad"],"inLanguage":"es"},{"@type":"WebPage","@id":"https:\/\/enlatitud25.com\/news\/feminicidios-estado-no-hace-lo-suficiente-para-combatir-violencia-hacia-la-mujer\/","url":"https:\/\/enlatitud25.com\/news\/feminicidios-estado-no-hace-lo-suficiente-para-combatir-violencia-hacia-la-mujer\/","name":"Feminicidios: Estado no hace lo suficiente para combatir la violencia hacia la mujer &ndash; Latitud25","isPartOf":{"@id":"https:\/\/enlatitud25.com\/news\/#website"},"datePublished":"2022-08-04T21:54:57+00:00","dateModified":"2022-08-04T22:03:01+00:00","description":"Mir\u00e1 nuestros reportajes audiovisuales y seguinos para enterarte de las \u00faltimas noticias de Paraguay y el mundo, desde la Latitud25. Somos Alternativa de Informaci\u00f3n.","breadcrumb":{"@id":"https:\/\/enlatitud25.com\/news\/feminicidios-estado-no-hace-lo-suficiente-para-combatir-violencia-hacia-la-mujer\/#breadcrumb"},"inLanguage":"es","potentialAction":[{"@type":"ReadAction","target":["https:\/\/enlatitud25.com\/news\/feminicidios-estado-no-hace-lo-suficiente-para-combatir-violencia-hacia-la-mujer\/"]}]},{"@type":"BreadcrumbList","@id":"https:\/\/enlatitud25.com\/news\/feminicidios-estado-no-hace-lo-suficiente-para-combatir-violencia-hacia-la-mujer\/#breadcrumb","itemListElement":[{"@type":"ListItem","position":1,"name":"Home","item":"https:\/\/enlatitud25.com\/news\/"},{"@type":"ListItem","position":2,"name":"Feminicidios: Estado no hace lo suficiente para combatir la violencia hacia la mujer"}]},{"@type":"WebSite","@id":"https:\/\/enlatitud25.com\/news\/#website","url":"https:\/\/enlatitud25.com\/news\/","name":"Latitud25","description":"news","publisher":{"@id":"https:\/\/enlatitud25.com\/news\/#organization"},"potentialAction":[{"@type":"SearchAction","target":{"@type":"EntryPoint","urlTemplate":"https:\/\/enlatitud25.com\/news\/?s={search_term_string}"},"query-input":"required name=search_term_string"}],"inLanguage":"es"},{"@type":"Organization","@id":"https:\/\/enlatitud25.com\/news\/#organization","name":"Latitud 25 - News","url":"https:\/\/enlatitud25.com\/news\/","logo":{"@type":"ImageObject","inLanguage":"es","@id":"https:\/\/enlatitud25.com\/news\/#\/schema\/logo\/image\/","url":"https:\/\/enlatitud25.com\/news\/wp-content\/uploads\/2020\/11\/logo_latitud.png","contentUrl":"https:\/\/enlatitud25.com\/news\/wp-content\/uploads\/2020\/11\/logo_latitud.png","width":235,"height":39,"caption":"Latitud 25 - News"},"image":{"@id":"https:\/\/enlatitud25.com\/news\/#\/schema\/logo\/image\/"},"sameAs":["https:\/\/www.facebook.com\/EnLatitud25","https:\/\/twitter.com\/EnLatitud25","https:\/\/www.instagram.com\/enlatitud25\/","https:\/\/www.youtube.com\/user\/desdelatitud25"]},{"@type":"Person","@id":"https:\/\/enlatitud25.com\/news\/#\/schema\/person\/23aafe968917005a721b8eb760f2586e","name":"Latitud 25","sameAs":["https:\/\/enlatitud25.com\/news","https:\/\/www.facebook.com\/EnLatitud25","https:\/\/www.instagram.com\/enlatitud25","https:\/\/www.youtube.com\/user\/desdelatitud25","https:\/\/soundcloud.com\/enlatitud25"],"url":"https:\/\/enlatitud25.com\/news\/author\/nnews-uss00\/"}]}},"_links":{"self":[{"href":"https:\/\/enlatitud25.com\/news\/wp-json\/wp\/v2\/posts\/9540"}],"collection":[{"href":"https:\/\/enlatitud25.com\/news\/wp-json\/wp\/v2\/posts"}],"about":[{"href":"https:\/\/enlatitud25.com\/news\/wp-json\/wp\/v2\/types\/post"}],"author":[{"embeddable":true,"href":"https:\/\/enlatitud25.com\/news\/wp-json\/wp\/v2\/users\/1"}],"replies":[{"embeddable":true,"href":"https:\/\/enlatitud25.com\/news\/wp-json\/wp\/v2\/comments?post=9540"}],"version-history":[{"count":17,"href":"https:\/\/enlatitud25.com\/news\/wp-json\/wp\/v2\/posts\/9540\/revisions"}],"predecessor-version":[{"id":9584,"href":"https:\/\/enlatitud25.com\/news\/wp-json\/wp\/v2\/posts\/9540\/revisions\/9584"}],"wp:featuredmedia":[{"embeddable":true,"href":"https:\/\/enlatitud25.com\/news\/wp-json\/wp\/v2\/media\/9556"}],"wp:attachment":[{"href":"https:\/\/enlatitud25.com\/news\/wp-json\/wp\/v2\/media?parent=9540"}],"wp:term":[{"taxonomy":"category","embeddable":true,"href":"https:\/\/enlatitud25.com\/news\/wp-json\/wp\/v2\/categories?post=9540"},{"taxonomy":"post_tag","embeddable":true,"href":"https:\/\/enlatitud25.com\/news\/wp-json\/wp\/v2\/tags?post=9540"},{"taxonomy":"ubicacion","embeddable":true,"href":"https:\/\/enlatitud25.com\/news\/wp-json\/wp\/v2\/ubicacion?post=9540"}],"curies":[{"name":"wp","href":"https:\/\/api.w.org\/{rel}","templated":true}]}}