{"id":9481,"date":"2022-08-03T19:22:34","date_gmt":"2022-08-03T19:22:34","guid":{"rendered":"https:\/\/enlatitud25.com\/news\/?p=9481"},"modified":"2022-08-03T19:22:35","modified_gmt":"2022-08-03T19:22:35","slug":"datos-de-inteligencia-indican-que-hay-planes-de-atentar-contra-autoridades","status":"publish","type":"post","link":"https:\/\/enlatitud25.com\/news\/datos-de-inteligencia-indican-que-hay-planes-de-atentar-contra-autoridades\/","title":{"rendered":"Datos de Inteligencia indican que hay planes de atentar contra autoridades"},"content":{"rendered":"\n<p>En las \u00faltimas semanas, Inteligencia del Gobierno Nacional accedi\u00f3 a informaci\u00f3n sobre supuestas planificaciones de atentados contra dos personas de alta relevancia pol\u00edtica del plano local. \u00bfEl factor com\u00fan? Estos planes se estar\u00edan gestando desde dentro del sistema penitenciario paraguayo, en el que varios jefes del crimen organizado guardan reclusi\u00f3n.<\/p>\n\n\n\n<p>El caso m\u00e1s reciente, guarda relaci\u00f3n con la actual asesora de seguridad de Presidencia y ex ministra de Justicia, Cecilia P\u00e9rez. <\/p>\n\n\n\n<p>Esto se suma tambi\u00e9n a los datos que obtuvo el gobierno de Mario Abdo Ben\u00edtez, sobre los planes de atentar contra la vida del expresidente Horacio Cartes quien confirm\u00f3 en un acto proselitista que el propio ministro del Interior le advirti\u00f3 de la existencia de estas informaciones.<\/p>\n\n\n\n<p>Varios son los antecedentes tr\u00e1gicos que se registraron en los \u00faltimos meses, en los que autoridades pol\u00edticas o de justicia han ca\u00eddo en manos de sicarios. <\/p>\n\n\n\n<p>El asesinato del fiscal antidrogas Marcelo Pecci el pasado 10 de mayo, que si bien se produjo en Colombia pero habr\u00eda sido gestado en Paraguay, seg\u00fan las investigaciones; una semana despu\u00e9s, el 17 de mayo, tuvo lugar el atentado fatal que sufri\u00f3 el intendente de Pedro Juan Caballero, Jos\u00e9 Carlos Acevedo; y un mes despu\u00e9s, el 19 de junio, el asesinato del exdirector de Tacumb\u00fa, \u00d3scar Olmedo, frente a la casa de sus padres en el Barrio Obrero de Asunci\u00f3n, en medio de los festejos por el d\u00eda del padre.<\/p>\n\n\n\n<p><strong>Le\u00e9 tambi\u00e9n: <a href=\"https:\/\/enlatitud25.com\/news\/asesinato-del-fiscal-marcelo-pecci-es-un-mensaje-de-disciplinamiento-aseguran\/\" target=\"_blank\" rel=\"noreferrer noopener\">Asesinato del fiscal Marcelo Pecci es un mensaje de disciplinam<\/a>iento, aseguran<\/strong><\/p>\n\n\n\n<p class=\"has-medium-font-size\"><strong>Se tomaron las medidas correspondientes <\/strong><\/p>\n\n\n\n<p>El ministro del Interior, <strong>Federico Gonz\u00e1lez<\/strong>, habl\u00f3 en contacto con<strong> RadioCast25<\/strong>, y si bien no quiso entrar en detalles con respecto a la informaci\u00f3n detectada que guarda relaci\u00f3n con la ministra Cecilia P\u00e9rez, dijo que est\u00e1n muy atentos y que tras un an\u00e1lisis serio, se tomaron las medidas correspondientes. <\/p>\n\n\n\n<figure class=\"wp-block-image size-full\"><img decoding=\"async\" loading=\"lazy\" width=\"800\" height=\"500\" src=\"https:\/\/enlatitud25.com\/news\/wp-content\/uploads\/2022\/08\/pag3_CECILIA_PEREZ_SEGURIDAD.jpg\" alt=\"\" class=\"wp-image-9493\" srcset=\"https:\/\/enlatitud25.com\/news\/wp-content\/uploads\/2022\/08\/pag3_CECILIA_PEREZ_SEGURIDAD.jpg 800w, https:\/\/enlatitud25.com\/news\/wp-content\/uploads\/2022\/08\/pag3_CECILIA_PEREZ_SEGURIDAD-300x188.jpg 300w, https:\/\/enlatitud25.com\/news\/wp-content\/uploads\/2022\/08\/pag3_CECILIA_PEREZ_SEGURIDAD-768x480.jpg 768w, https:\/\/enlatitud25.com\/news\/wp-content\/uploads\/2022\/08\/pag3_CECILIA_PEREZ_SEGURIDAD-380x238.jpg 380w\" sizes=\"(max-width: 800px) 100vw, 800px\" \/><\/figure>\n\n\n\n<p>&#8220;Son integrantes del crimen organizado trasnacional. La prioridad es salvaguardar la integridad f\u00edsica de las personas que puedan llegar a recibir una amenaza, sin dejar de lado a los que est\u00e1n detr\u00e1s de esto. Se maneja caso por caso, pero el riesgo siempre est\u00e1&#8221;, asever\u00f3.<\/p>\n\n\n\n<p>Asimismo, consider\u00f3 que estas situaciones se est\u00e1n dando por las medidas que viene tomando el gobierno nacional al confrontar al crimen organizado trasnacional.<\/p>\n\n\n\n<p class=\"has-medium-font-size\"><strong>&#8220;Cuando el crimen trabaja tranquilo no toma represalias&#8221;<\/strong><\/p>\n\n\n\n<p>La ministra <strong>Cecilia P\u00e9rez<\/strong>, en comunicaci\u00f3n con <strong>RadioCast25<\/strong>, coment\u00f3 que aparentemente esto tiene que ver con las acciones tomadas cuando estaba al frente del Ministerio de Justicia.<\/p>\n\n\n\n<p>&#8220;Nosotros trabaj\u00e1bamos con el Ministerio P\u00fablico, con la Secretar\u00eda Nacional Antidrogas (Senad) y con los organismos militares, con los que intercambi\u00e1bamos informaci\u00f3n&#8221;, apunt\u00f3. <\/p>\n\n\n\n<p>Adem\u00e1s cont\u00f3 que el fiscal asignado a este nuevo caso, se comunic\u00f3 con ella inmediatamente tras tomar el caso y solicit\u00f3 refuerzos al equipo de seguridad con que ya contaba. &#8220;El Presidente sabe que son gajes del oficio de mi cargo anterior, pero como siempre dice \u00e9l cuando el crimen organizado trabaja tranquilo no toma represalias&#8221;, acot\u00f3.<\/p>\n\n\n\n<p>En ese punto, reflexion\u00f3 respecto a que en algunos cargos uno tiene que sacrificar su intimidad y cambiar su forma de vida, pero resalt\u00f3 que no puede apartarse ahora. &#8220;Yo no puedo dejar de trabajar, porque eso es lo que ellos quieren, hay que tomar en serio, tomar medidas y redoblar esfuerzos&#8221;, enfatiz\u00f3. <\/p>\n\n\n\n<figure class=\"wp-block-image size-full\"><img decoding=\"async\" loading=\"lazy\" width=\"800\" height=\"500\" src=\"https:\/\/enlatitud25.com\/news\/wp-content\/uploads\/2022\/08\/pag1_CECILIA_PEREZ_SEGURIDAD.jpg\" alt=\"\" class=\"wp-image-9494\" srcset=\"https:\/\/enlatitud25.com\/news\/wp-content\/uploads\/2022\/08\/pag1_CECILIA_PEREZ_SEGURIDAD.jpg 800w, https:\/\/enlatitud25.com\/news\/wp-content\/uploads\/2022\/08\/pag1_CECILIA_PEREZ_SEGURIDAD-300x188.jpg 300w, https:\/\/enlatitud25.com\/news\/wp-content\/uploads\/2022\/08\/pag1_CECILIA_PEREZ_SEGURIDAD-768x480.jpg 768w, https:\/\/enlatitud25.com\/news\/wp-content\/uploads\/2022\/08\/pag1_CECILIA_PEREZ_SEGURIDAD-380x238.jpg 380w\" sizes=\"(max-width: 800px) 100vw, 800px\" \/><\/figure>\n\n\n\n<p>En cuanto a la supuesta lista de personas, en la que podr\u00eda tener comprometida su integridad y la de su familia, la ministra Cecilia P\u00e9rez, respondi\u00f3 que la informaci\u00f3n surgi\u00f3 inicialmente con una supuesta lista, pero que el nombre que se confirma que ser\u00eda uno de los objetivos es el suyo. Se\u00f1al\u00f3 que en el esquema de inteligencia ellos siguen trabajando para saber si existen otros nombres.<\/p>\n\n\n\n<p>&#8220;Yo te quiero dar un ejemplo, en la operaci\u00f3n Basalto en un solo d\u00eda se incautaron 150 toneladas de marihuana, el golpe fue bastante importante, obviamente que van a tener consecuencias. Son 8 millones de d\u00f3lares incautados en un solo d\u00eda&#8221;, expres\u00f3.<\/p>\n\n\n\n<p>Cabe recordar que el asesinato del exdirector de la Penitenciar\u00eda Nacional de Tacumb\u00fa se dio supuestamente en represalias por un allanamiento antidrogas que se realiz\u00f3 en el penal, en octubre del 2020. En esa ocasi\u00f3n, se hall\u00f3 un laboratorio de drogas en la celda de Jaime Andr\u00e9s Franco Mendoza, quien luego fue trasladado a la Agrupaci\u00f3n Especializada.<\/p>\n\n\n\n<figure class=\"wp-block-image size-full\"><img decoding=\"async\" loading=\"lazy\" width=\"800\" height=\"500\" src=\"https:\/\/enlatitud25.com\/news\/wp-content\/uploads\/2022\/08\/pag4_CECILIA_PEREZ_SEGURIDAD.jpg\" alt=\"\" class=\"wp-image-9495\" srcset=\"https:\/\/enlatitud25.com\/news\/wp-content\/uploads\/2022\/08\/pag4_CECILIA_PEREZ_SEGURIDAD.jpg 800w, https:\/\/enlatitud25.com\/news\/wp-content\/uploads\/2022\/08\/pag4_CECILIA_PEREZ_SEGURIDAD-300x188.jpg 300w, https:\/\/enlatitud25.com\/news\/wp-content\/uploads\/2022\/08\/pag4_CECILIA_PEREZ_SEGURIDAD-768x480.jpg 768w, https:\/\/enlatitud25.com\/news\/wp-content\/uploads\/2022\/08\/pag4_CECILIA_PEREZ_SEGURIDAD-380x238.jpg 380w\" sizes=\"(max-width: 800px) 100vw, 800px\" \/><\/figure>\n\n\n\n<p><strong>Otros casos<\/strong><\/p>\n\n\n\n<p>En cuanto a los datos que se captaron sobre amenazas al expresidente Horacio Cartes, tambi\u00e9n se obtuvo gracias a un trabajo de Inteligencia. El ministro del Interior, Federico Gonz\u00e1lez, se excus\u00f3 en dar detalles si otras personas forman parte de esta lista de objetivos pero confirm\u00f3 que el equipo de Seguridad Interna del gobierno ya se ha puesto en contacto con las personas correspondientemente para brindar todas las garant\u00edas debidas.<\/p>\n\n\n\n<p style=\"font-size:16px\">Seg\u00fan este documento, el plan de atentar contra Cartes, guardar\u00eda relaci\u00f3n con la extradici\u00f3n del narcotraficante Jarvis Chimenes Pav\u00e3o a Brasil, durante su gobierno. <\/p>\n\n\n\n<p style=\"font-size:16px\">Sin embargo, el presidente de la Rep\u00fablica, Mario Abdo Ben\u00edtez, no perdi\u00f3 la oportunidad de sacar una tajada pol\u00edtica y respondi\u00f3 que &#8220;es algo entre mafiosos&#8221;, al ser consultado sobre esta revelaci\u00f3n que hizo Cartes, durante un acto pol\u00edtico. <\/p>\n\n\n\n<p><strong>Le\u00e9 m\u00e1s: <a href=\"https:\/\/enlatitud25.com\/news\/preguntamos-quien-protege-hoy-a-fiscales-y-jueces-tras-el-magnicidio-de-pecci\/\" target=\"_blank\" rel=\"noreferrer noopener\">Preguntamos qui\u00e9n protege hoy a fiscales y jueces tras el magnicidio de Pecci<\/a><\/strong><\/p>\n","protected":false},"excerpt":{"rendered":"El ministro del Interior, Federico Gonz\u00e1lez, confirm\u00f3 que seg\u00fan datos de Inteligencia, organizaciones criminales buscar\u00edan atentar contra figuras del plano pol\u00edtico, el \u00faltimo caso sonado: Cecilia P\u00e9rez, ex ministra de Justicia y asesora en Seguridad de Presidencia. En los \u00faltimos meses se dieron atentados contra funcionarios de justicia, nunca antes vistos en el pa\u00eds, \u00bfest\u00e1 preparado el Estado para hacer frente a estos casos? Le\u00e9 m\u00e1s sobre todo lo que se sabe hasta ahora.\n","protected":false},"author":1,"featured_media":9519,"comment_status":"closed","ping_status":"closed","sticky":false,"template":"","format":"standard","meta":[],"categories":[13],"tags":[1064,1144,573,179],"ubicacion":[18],"yoast_head":"<!-- This site is optimized with the Yoast SEO plugin v20.8 - https:\/\/yoast.com\/wordpress\/plugins\/seo\/ -->\n<title>Datos de Inteligencia indican que hay planes de atentar contra autoridades &ndash; Latitud25<\/title>\n<meta name=\"description\" content=\"Mir\u00e1 nuestros reportajes audiovisuales y seguinos para enterarte de las \u00faltimas noticias de Paraguay y el mundo, desde la Latitud25. Somos Alternativa de Informaci\u00f3n.\" \/>\n<meta name=\"robots\" content=\"index, follow, max-snippet:-1, max-image-preview:large, max-video-preview:-1\" \/>\n<link rel=\"canonical\" href=\"https:\/\/enlatitud25.com\/news\/datos-de-inteligencia-indican-que-hay-planes-de-atentar-contra-autoridades\/\" \/>\n<meta property=\"og:locale\" content=\"es_ES\" \/>\n<meta property=\"og:type\" content=\"article\" \/>\n<meta property=\"og:title\" content=\"Datos de Inteligencia indican que hay planes de atentar contra autoridades &ndash; Latitud25\" \/>\n<meta property=\"og:description\" content=\"Mir\u00e1 nuestros reportajes audiovisuales y seguinos para enterarte de las \u00faltimas noticias de Paraguay y el mundo, desde la Latitud25. Somos Alternativa de Informaci\u00f3n.\" \/>\n<meta property=\"og:url\" content=\"https:\/\/enlatitud25.com\/news\/datos-de-inteligencia-indican-que-hay-planes-de-atentar-contra-autoridades\/\" \/>\n<meta property=\"og:site_name\" content=\"Latitud25\" \/>\n<meta property=\"article:publisher\" content=\"https:\/\/www.facebook.com\/EnLatitud25\" \/>\n<meta property=\"article:author\" content=\"https:\/\/www.facebook.com\/EnLatitud25\" \/>\n<meta property=\"article:published_time\" content=\"2022-08-03T19:22:34+00:00\" \/>\n<meta property=\"article:modified_time\" content=\"2022-08-03T19:22:35+00:00\" \/>\n<meta property=\"og:image\" content=\"https:\/\/enlatitud25.com\/news\/wp-content\/uploads\/2022\/08\/CECILIA_PEREZ_SEGURIDAD-2.jpg\" \/>\n\t<meta property=\"og:image:width\" content=\"800\" \/>\n\t<meta property=\"og:image:height\" content=\"500\" \/>\n\t<meta property=\"og:image:type\" content=\"image\/jpeg\" \/>\n<meta name=\"author\" content=\"Latitud 25\" \/>\n<meta name=\"twitter:card\" content=\"summary_large_image\" \/>\n<meta name=\"twitter:creator\" content=\"@EnLatitud25\" \/>\n<meta name=\"twitter:site\" content=\"@EnLatitud25\" \/>\n<meta name=\"twitter:label1\" content=\"Escrito por\" \/>\n\t<meta name=\"twitter:data1\" content=\"Latitud 25\" \/>\n\t<meta name=\"twitter:label2\" content=\"Tiempo de lectura\" \/>\n\t<meta name=\"twitter:data2\" content=\"5 minutos\" \/>\n<script type=\"application\/ld+json\" class=\"yoast-schema-graph\">{\"@context\":\"https:\/\/schema.org\",\"@graph\":[{\"@type\":\"Article\",\"@id\":\"https:\/\/enlatitud25.com\/news\/datos-de-inteligencia-indican-que-hay-planes-de-atentar-contra-autoridades\/#article\",\"isPartOf\":{\"@id\":\"https:\/\/enlatitud25.com\/news\/datos-de-inteligencia-indican-que-hay-planes-de-atentar-contra-autoridades\/\"},\"author\":{\"name\":\"Latitud 25\",\"@id\":\"https:\/\/enlatitud25.com\/news\/#\/schema\/person\/23aafe968917005a721b8eb760f2586e\"},\"headline\":\"Datos de Inteligencia indican que hay planes de atentar contra autoridades\",\"datePublished\":\"2022-08-03T19:22:34+00:00\",\"dateModified\":\"2022-08-03T19:22:35+00:00\",\"mainEntityOfPage\":{\"@id\":\"https:\/\/enlatitud25.com\/news\/datos-de-inteligencia-indican-que-hay-planes-de-atentar-contra-autoridades\/\"},\"wordCount\":924,\"publisher\":{\"@id\":\"https:\/\/enlatitud25.com\/news\/#organization\"},\"keywords\":[\"amenazas\",\"Cecilia P\u00e9rez\",\"Horacio Cartes\",\"seguridad\"],\"articleSection\":[\"Pol\u00edtica\"],\"inLanguage\":\"es\"},{\"@type\":\"WebPage\",\"@id\":\"https:\/\/enlatitud25.com\/news\/datos-de-inteligencia-indican-que-hay-planes-de-atentar-contra-autoridades\/\",\"url\":\"https:\/\/enlatitud25.com\/news\/datos-de-inteligencia-indican-que-hay-planes-de-atentar-contra-autoridades\/\",\"name\":\"Datos de Inteligencia indican que hay planes de atentar contra autoridades &ndash; Latitud25\",\"isPartOf\":{\"@id\":\"https:\/\/enlatitud25.com\/news\/#website\"},\"datePublished\":\"2022-08-03T19:22:34+00:00\",\"dateModified\":\"2022-08-03T19:22:35+00:00\",\"description\":\"Mir\u00e1 nuestros reportajes audiovisuales y seguinos para enterarte de las \u00faltimas noticias de Paraguay y el mundo, desde la Latitud25. Somos Alternativa de Informaci\u00f3n.\",\"breadcrumb\":{\"@id\":\"https:\/\/enlatitud25.com\/news\/datos-de-inteligencia-indican-que-hay-planes-de-atentar-contra-autoridades\/#breadcrumb\"},\"inLanguage\":\"es\",\"potentialAction\":[{\"@type\":\"ReadAction\",\"target\":[\"https:\/\/enlatitud25.com\/news\/datos-de-inteligencia-indican-que-hay-planes-de-atentar-contra-autoridades\/\"]}]},{\"@type\":\"BreadcrumbList\",\"@id\":\"https:\/\/enlatitud25.com\/news\/datos-de-inteligencia-indican-que-hay-planes-de-atentar-contra-autoridades\/#breadcrumb\",\"itemListElement\":[{\"@type\":\"ListItem\",\"position\":1,\"name\":\"Home\",\"item\":\"https:\/\/enlatitud25.com\/news\/\"},{\"@type\":\"ListItem\",\"position\":2,\"name\":\"Datos de Inteligencia indican que hay planes de atentar contra autoridades\"}]},{\"@type\":\"WebSite\",\"@id\":\"https:\/\/enlatitud25.com\/news\/#website\",\"url\":\"https:\/\/enlatitud25.com\/news\/\",\"name\":\"Latitud25\",\"description\":\"news\",\"publisher\":{\"@id\":\"https:\/\/enlatitud25.com\/news\/#organization\"},\"potentialAction\":[{\"@type\":\"SearchAction\",\"target\":{\"@type\":\"EntryPoint\",\"urlTemplate\":\"https:\/\/enlatitud25.com\/news\/?s={search_term_string}\"},\"query-input\":\"required name=search_term_string\"}],\"inLanguage\":\"es\"},{\"@type\":\"Organization\",\"@id\":\"https:\/\/enlatitud25.com\/news\/#organization\",\"name\":\"Latitud 25 - News\",\"url\":\"https:\/\/enlatitud25.com\/news\/\",\"logo\":{\"@type\":\"ImageObject\",\"inLanguage\":\"es\",\"@id\":\"https:\/\/enlatitud25.com\/news\/#\/schema\/logo\/image\/\",\"url\":\"https:\/\/enlatitud25.com\/news\/wp-content\/uploads\/2020\/11\/logo_latitud.png\",\"contentUrl\":\"https:\/\/enlatitud25.com\/news\/wp-content\/uploads\/2020\/11\/logo_latitud.png\",\"width\":235,\"height\":39,\"caption\":\"Latitud 25 - News\"},\"image\":{\"@id\":\"https:\/\/enlatitud25.com\/news\/#\/schema\/logo\/image\/\"},\"sameAs\":[\"https:\/\/www.facebook.com\/EnLatitud25\",\"https:\/\/twitter.com\/EnLatitud25\",\"https:\/\/www.instagram.com\/enlatitud25\/\",\"https:\/\/www.youtube.com\/user\/desdelatitud25\"]},{\"@type\":\"Person\",\"@id\":\"https:\/\/enlatitud25.com\/news\/#\/schema\/person\/23aafe968917005a721b8eb760f2586e\",\"name\":\"Latitud 25\",\"sameAs\":[\"https:\/\/enlatitud25.com\/news\",\"https:\/\/www.facebook.com\/EnLatitud25\",\"https:\/\/www.instagram.com\/enlatitud25\",\"https:\/\/www.youtube.com\/user\/desdelatitud25\",\"https:\/\/soundcloud.com\/enlatitud25\"],\"url\":\"https:\/\/enlatitud25.com\/news\/author\/nnews-uss00\/\"}]}<\/script>\n<!-- \/ Yoast SEO plugin. -->","yoast_head_json":{"title":"Datos de Inteligencia indican que hay planes de atentar contra autoridades &ndash; Latitud25","description":"Mir\u00e1 nuestros reportajes audiovisuales y seguinos para enterarte de las \u00faltimas noticias de Paraguay y el mundo, desde la Latitud25. Somos Alternativa de Informaci\u00f3n.","robots":{"index":"index","follow":"follow","max-snippet":"max-snippet:-1","max-image-preview":"max-image-preview:large","max-video-preview":"max-video-preview:-1"},"canonical":"https:\/\/enlatitud25.com\/news\/datos-de-inteligencia-indican-que-hay-planes-de-atentar-contra-autoridades\/","og_locale":"es_ES","og_type":"article","og_title":"Datos de Inteligencia indican que hay planes de atentar contra autoridades &ndash; Latitud25","og_description":"Mir\u00e1 nuestros reportajes audiovisuales y seguinos para enterarte de las \u00faltimas noticias de Paraguay y el mundo, desde la Latitud25. Somos Alternativa de Informaci\u00f3n.","og_url":"https:\/\/enlatitud25.com\/news\/datos-de-inteligencia-indican-que-hay-planes-de-atentar-contra-autoridades\/","og_site_name":"Latitud25","article_publisher":"https:\/\/www.facebook.com\/EnLatitud25","article_author":"https:\/\/www.facebook.com\/EnLatitud25","article_published_time":"2022-08-03T19:22:34+00:00","article_modified_time":"2022-08-03T19:22:35+00:00","og_image":[{"width":800,"height":500,"url":"https:\/\/enlatitud25.com\/news\/wp-content\/uploads\/2022\/08\/CECILIA_PEREZ_SEGURIDAD-2.jpg","type":"image\/jpeg"}],"author":"Latitud 25","twitter_card":"summary_large_image","twitter_creator":"@EnLatitud25","twitter_site":"@EnLatitud25","twitter_misc":{"Escrito por":"Latitud 25","Tiempo de lectura":"5 minutos"},"schema":{"@context":"https:\/\/schema.org","@graph":[{"@type":"Article","@id":"https:\/\/enlatitud25.com\/news\/datos-de-inteligencia-indican-que-hay-planes-de-atentar-contra-autoridades\/#article","isPartOf":{"@id":"https:\/\/enlatitud25.com\/news\/datos-de-inteligencia-indican-que-hay-planes-de-atentar-contra-autoridades\/"},"author":{"name":"Latitud 25","@id":"https:\/\/enlatitud25.com\/news\/#\/schema\/person\/23aafe968917005a721b8eb760f2586e"},"headline":"Datos de Inteligencia indican que hay planes de atentar contra autoridades","datePublished":"2022-08-03T19:22:34+00:00","dateModified":"2022-08-03T19:22:35+00:00","mainEntityOfPage":{"@id":"https:\/\/enlatitud25.com\/news\/datos-de-inteligencia-indican-que-hay-planes-de-atentar-contra-autoridades\/"},"wordCount":924,"publisher":{"@id":"https:\/\/enlatitud25.com\/news\/#organization"},"keywords":["amenazas","Cecilia P\u00e9rez","Horacio Cartes","seguridad"],"articleSection":["Pol\u00edtica"],"inLanguage":"es"},{"@type":"WebPage","@id":"https:\/\/enlatitud25.com\/news\/datos-de-inteligencia-indican-que-hay-planes-de-atentar-contra-autoridades\/","url":"https:\/\/enlatitud25.com\/news\/datos-de-inteligencia-indican-que-hay-planes-de-atentar-contra-autoridades\/","name":"Datos de Inteligencia indican que hay planes de atentar contra autoridades &ndash; Latitud25","isPartOf":{"@id":"https:\/\/enlatitud25.com\/news\/#website"},"datePublished":"2022-08-03T19:22:34+00:00","dateModified":"2022-08-03T19:22:35+00:00","description":"Mir\u00e1 nuestros reportajes audiovisuales y seguinos para enterarte de las \u00faltimas noticias de Paraguay y el mundo, desde la Latitud25. Somos Alternativa de Informaci\u00f3n.","breadcrumb":{"@id":"https:\/\/enlatitud25.com\/news\/datos-de-inteligencia-indican-que-hay-planes-de-atentar-contra-autoridades\/#breadcrumb"},"inLanguage":"es","potentialAction":[{"@type":"ReadAction","target":["https:\/\/enlatitud25.com\/news\/datos-de-inteligencia-indican-que-hay-planes-de-atentar-contra-autoridades\/"]}]},{"@type":"BreadcrumbList","@id":"https:\/\/enlatitud25.com\/news\/datos-de-inteligencia-indican-que-hay-planes-de-atentar-contra-autoridades\/#breadcrumb","itemListElement":[{"@type":"ListItem","position":1,"name":"Home","item":"https:\/\/enlatitud25.com\/news\/"},{"@type":"ListItem","position":2,"name":"Datos de Inteligencia indican que hay planes de atentar contra autoridades"}]},{"@type":"WebSite","@id":"https:\/\/enlatitud25.com\/news\/#website","url":"https:\/\/enlatitud25.com\/news\/","name":"Latitud25","description":"news","publisher":{"@id":"https:\/\/enlatitud25.com\/news\/#organization"},"potentialAction":[{"@type":"SearchAction","target":{"@type":"EntryPoint","urlTemplate":"https:\/\/enlatitud25.com\/news\/?s={search_term_string}"},"query-input":"required name=search_term_string"}],"inLanguage":"es"},{"@type":"Organization","@id":"https:\/\/enlatitud25.com\/news\/#organization","name":"Latitud 25 - News","url":"https:\/\/enlatitud25.com\/news\/","logo":{"@type":"ImageObject","inLanguage":"es","@id":"https:\/\/enlatitud25.com\/news\/#\/schema\/logo\/image\/","url":"https:\/\/enlatitud25.com\/news\/wp-content\/uploads\/2020\/11\/logo_latitud.png","contentUrl":"https:\/\/enlatitud25.com\/news\/wp-content\/uploads\/2020\/11\/logo_latitud.png","width":235,"height":39,"caption":"Latitud 25 - News"},"image":{"@id":"https:\/\/enlatitud25.com\/news\/#\/schema\/logo\/image\/"},"sameAs":["https:\/\/www.facebook.com\/EnLatitud25","https:\/\/twitter.com\/EnLatitud25","https:\/\/www.instagram.com\/enlatitud25\/","https:\/\/www.youtube.com\/user\/desdelatitud25"]},{"@type":"Person","@id":"https:\/\/enlatitud25.com\/news\/#\/schema\/person\/23aafe968917005a721b8eb760f2586e","name":"Latitud 25","sameAs":["https:\/\/enlatitud25.com\/news","https:\/\/www.facebook.com\/EnLatitud25","https:\/\/www.instagram.com\/enlatitud25","https:\/\/www.youtube.com\/user\/desdelatitud25","https:\/\/soundcloud.com\/enlatitud25"],"url":"https:\/\/enlatitud25.com\/news\/author\/nnews-uss00\/"}]}},"_links":{"self":[{"href":"https:\/\/enlatitud25.com\/news\/wp-json\/wp\/v2\/posts\/9481"}],"collection":[{"href":"https:\/\/enlatitud25.com\/news\/wp-json\/wp\/v2\/posts"}],"about":[{"href":"https:\/\/enlatitud25.com\/news\/wp-json\/wp\/v2\/types\/post"}],"author":[{"embeddable":true,"href":"https:\/\/enlatitud25.com\/news\/wp-json\/wp\/v2\/users\/1"}],"replies":[{"embeddable":true,"href":"https:\/\/enlatitud25.com\/news\/wp-json\/wp\/v2\/comments?post=9481"}],"version-history":[{"count":19,"href":"https:\/\/enlatitud25.com\/news\/wp-json\/wp\/v2\/posts\/9481\/revisions"}],"predecessor-version":[{"id":9520,"href":"https:\/\/enlatitud25.com\/news\/wp-json\/wp\/v2\/posts\/9481\/revisions\/9520"}],"wp:featuredmedia":[{"embeddable":true,"href":"https:\/\/enlatitud25.com\/news\/wp-json\/wp\/v2\/media\/9519"}],"wp:attachment":[{"href":"https:\/\/enlatitud25.com\/news\/wp-json\/wp\/v2\/media?parent=9481"}],"wp:term":[{"taxonomy":"category","embeddable":true,"href":"https:\/\/enlatitud25.com\/news\/wp-json\/wp\/v2\/categories?post=9481"},{"taxonomy":"post_tag","embeddable":true,"href":"https:\/\/enlatitud25.com\/news\/wp-json\/wp\/v2\/tags?post=9481"},{"taxonomy":"ubicacion","embeddable":true,"href":"https:\/\/enlatitud25.com\/news\/wp-json\/wp\/v2\/ubicacion?post=9481"}],"curies":[{"name":"wp","href":"https:\/\/api.w.org\/{rel}","templated":true}]}}