{"id":9310,"date":"2022-07-26T16:39:04","date_gmt":"2022-07-26T16:39:04","guid":{"rendered":"https:\/\/enlatitud25.com\/news\/?p=9310"},"modified":"2022-07-26T17:11:14","modified_gmt":"2022-07-26T17:11:14","slug":"cartismo-busca-confundir-adrede-para-evitar-debate-sobre-juicio-politico-a-fge","status":"publish","type":"post","link":"https:\/\/enlatitud25.com\/news\/cartismo-busca-confundir-adrede-para-evitar-debate-sobre-juicio-politico-a-fge\/","title":{"rendered":"Cartismo busca confundir  adrede para evitar debate sobre juicio pol\u00edtico a FGE"},"content":{"rendered":"\n<p>Luego de la noticia que recorri\u00f3 el mundo el viernes 22 de julio, de que el expresidente Horacio Cartes fue designado como significativamente corrupto, la <strong>C\u00e1mara Baja <\/strong>convoc\u00f3 a una nueva sesi\u00f3n extraordinaria para hoy a las 14:00 horas, con el objetivo de tratar el libelo acusatorio contra la m\u00e1xima instancia del Ministerio P\u00fablico, Sandra Qui\u00f1\u00f3nez. <\/p>\n\n\n\n<p>Los dos votos de los diputados l\u00edberocartistas, Mar\u00eda de las Nieves L\u00f3pez y Edgar Ort\u00edz, ser\u00edan los decisivos en esta tercera jornada de debate sobre la permanencia o no de la FGE. Nuevamente abundan las versiones de que maletines se pasen por los pasillos del Congreso.<\/p>\n\n\n\n<p>Lejos de hablar de por qu\u00e9 la fiscala incurri\u00f3 o no en mal desempe\u00f1o de funciones en el marco de las investigaciones y los casos que involucran a <strong>Horacio Cartes <\/strong>con actividades il\u00edcitas, los legisladores prefirieron ir por cuestiones que nada tienen que ver con esta situaci\u00f3n, en las dos primeras jornadas de discusi\u00f3n.<\/p>\n\n\n\n<p>Partiendo de la premisas que formaban parte del documento que emiti\u00f3 el gobierno de Estados Unidos en relaci\u00f3n a Cartes, en el que se\u00f1alaba que el ex presidente facilit\u00f3 las operaciones de redes de crimen organizado, el libelo acusatorio incluye este punto, entre otros 11, entre las acusaciones que pesan sobre Sandra Qui\u00f1\u00f3nez, por no haber actuado efectivamente.<\/p>\n\n\n\n<figure class=\"wp-block-image size-full\"><img decoding=\"async\" loading=\"lazy\" width=\"800\" height=\"500\" src=\"https:\/\/enlatitud25.com\/news\/wp-content\/uploads\/2022\/07\/pag3-32-1.jpg\" alt=\"\" class=\"wp-image-9343\" srcset=\"https:\/\/enlatitud25.com\/news\/wp-content\/uploads\/2022\/07\/pag3-32-1.jpg 800w, https:\/\/enlatitud25.com\/news\/wp-content\/uploads\/2022\/07\/pag3-32-1-300x188.jpg 300w, https:\/\/enlatitud25.com\/news\/wp-content\/uploads\/2022\/07\/pag3-32-1-768x480.jpg 768w, https:\/\/enlatitud25.com\/news\/wp-content\/uploads\/2022\/07\/pag3-32-1-380x238.jpg 380w\" sizes=\"(max-width: 800px) 100vw, 800px\" \/><\/figure>\n\n\n\n<p>Diputadas de la oposici\u00f3n como <strong>Kattya Gonz\u00e1lez <\/strong>o <strong>Celeste Amarilla<\/strong>, basaron sus intervenciones en el argumento de que si Estados Unidos ha encontrado dichas evidencias que comprometen a Cartes, que podr\u00edan incluso derivar en un eventual pedido de extradici\u00f3n, \u00bfc\u00f3mo es posible que el Ministerio P\u00fablico local todav\u00eda no haya avanzado en sus diligencias?<\/p>\n\n\n\n<p>Sin embargo, para la bancada cartista, cualquier excusa es admisible para provocar confusi\u00f3n y diluir el tenor de las acusaciones en contra de la fiscal general.<\/p>\n\n\n\n<p class=\"has-medium-font-size\"><strong>Meten hasta temas religiosos<\/strong><\/p>\n\n\n\n<p>La alocuci\u00f3n del diputado, l\u00edder de la bancada cartista, Basilio \u201cBachi\u201d N\u00fa\u00f1ez, este domingo \u00faltimo, busc\u00f3 apelar a preferencias religiosas e ideol\u00f3gicas antes que hablar de por qu\u00e9 Sandra Qui\u00f1\u00f3nez no cometi\u00f3 mal desempe\u00f1o de funciones.<\/p>\n\n\n\n<p>\u201cNosotros en esta c\u00e1mara nos declaramos provida y profamilia y yo me declaro cat\u00f3lico\u201d, afirm\u00f3, adem\u00e1s de utilizar como argumento un tuit montado de un perfil falso en el que se aseguraba que la \u201cIglesia Cat\u00f3lica recomienda al embajador norteamericano a no inmiscuirse en asuntos internos de la Rep\u00fablica del Paraguay\u201d.<\/p>\n\n\n\n<p>La Conferencia Episcopal Paraguaya desminti\u00f3 estas expresiones y desautoriz\u00f3 al diputado cartista a utilizar el nombre de la Iglesia Cat\u00f3lica de manera infundada. Posteriormente, el diputado Bachi N\u00fa\u00f1ez tuvo que pedir disculpas p\u00fablicas, al quedar evidenciado sobre su error. <\/p>\n\n\n\n<p>No obstante, el mismo diputado, fue a\u00fan un poco m\u00e1s lejos: mostr\u00f3 un video, durante la sesi\u00f3n, de una participaci\u00f3n de la diputada Kattya Gonz\u00e1lez (PEN) y su colega Celeste Amarilla (PLRA) en un programa de televisi\u00f3n en el que ambas estaban discutiendo. Agreg\u00f3 que esto es lo que le espera a la ciudadan\u00eda de ganar la Concertaci\u00f3n Nacional.<\/p>\n\n\n\n<p>Y como no pod\u00eda quedar atr\u00e1s con las cuestiones de la comunidad LGTBI, tambi\u00e9n incluy\u00f3 temas como el matrimonio igualitario y dijo que el progresismo busca instalar cuestiones como el poliamor, haciendo alusi\u00f3n a las pol\u00e9micas declaraciones que tiempo atr\u00e1s, la diputada Kattya Gonz\u00e1lez hab\u00eda dado a un programa de espect\u00e1culos.<\/p>\n\n\n\n<figure class=\"wp-block-embed is-type-rich is-provider-twitter wp-block-embed-twitter\"><div class=\"wp-block-embed__wrapper\">\n<blockquote class=\"twitter-tweet\" data-width=\"550\" data-dnt=\"true\"><p lang=\"es\" dir=\"ltr\">\ud83c\udf2b\ufe0f\ud83c\udf2b\ufe0f\ud83c\udf2b\ufe0f\ud83d\ude36\u200d\ud83c\udf2b\ufe0f\ud83c\udf2b\ufe0f\ud83c\udf2b\ufe0f\ud83c\udf2b\ufe0f<br>\ud83d\udccdDesde <a href=\"https:\/\/twitter.com\/DiputadosPy?ref_src=twsrc%5Etfw\">@DiputadosPy<\/a><br><br>\ud83d\udea9El diputado Basilio &#39;Bachi&#39; N\u00fa\u00f1ez (<a href=\"https:\/\/twitter.com\/bachinunez_nuez?ref_src=twsrc%5Etfw\">@bachinunez_nuez<\/a>) se fue por las ramas &#39;a prop\u00f3sito&#39; y empez\u00f3 a hablar de \u00abliberar a secuestradores, el poliamor, el matrimonio igualitario\u00bb, etc.<a href=\"https:\/\/twitter.com\/hashtag\/L25?src=hash&amp;ref_src=twsrc%5Etfw\">#L25<\/a> <a href=\"https:\/\/t.co\/g40bRDKyQq\">pic.twitter.com\/g40bRDKyQq<\/a><\/p>&mdash; LATITUD 25 (@EnLatitud25) <a href=\"https:\/\/twitter.com\/EnLatitud25\/status\/1551277991988121600?ref_src=twsrc%5Etfw\">July 24, 2022<\/a><\/blockquote><script async src=\"https:\/\/platform.twitter.com\/widgets.js\" charset=\"utf-8\"><\/script>\n<\/div><\/figure>\n\n\n\n<p class=\"has-medium-font-size\"><strong>Una sesi\u00f3n basada en internas partidarias<\/strong><\/p>\n\n\n\n<p>En atenci\u00f3n a la cercan\u00eda que existe con las pr\u00f3ximas internas partidarias, varios diputados no pudieron evitar sucumbir a sus fanatismos electorales y comenzaron a discutir, sobre qu\u00e9 movimiento colorado ganar\u00eda en elecciones, una vez m\u00e1s, sin avanzar en el motivo para lo cual se convoc\u00f3 la sesi\u00f3n. <\/p>\n\n\n\n<p>Esto revela el condicionamiento de la discusi\u00f3n de temas de inter\u00e9s nacional y de alta relevancia, a los designios del Partido Colorado.<\/p>\n\n\n\n<p>El diputado cartista, <strong>Ra\u00fal Latorre,<\/strong> por su parte, habl\u00f3 in extenso de las internas coloradas y de su l\u00edder Horacio Cartes, eludiendo referirse a los cuestionamientos a la falta de acciones por parte de la fiscala general del Estado en causas como la de Dar\u00edo Messer, el asesinato de Rodrigo Quintana o el esc\u00e1ndalo del avi\u00f3n iran\u00ed.<\/p>\n\n\n\n<p>&#8220;El expresidente de la Rep\u00fablica, m\u00e1s all\u00e1 de los procesos abiertos en su contra, va a tener su juicio fundamental en el pronunciamiento del soberano, el 18 de diciembre. Y no queda duda de lo que va a pasar ese d\u00eda&#8221;, afirm\u00f3. <\/p>\n\n\n\n<p><\/p>\n\n\n\n<figure class=\"wp-block-image size-full\"><img decoding=\"async\" loading=\"lazy\" width=\"800\" height=\"500\" src=\"https:\/\/enlatitud25.com\/news\/wp-content\/uploads\/2022\/07\/pag2-36.jpg\" alt=\"\" class=\"wp-image-9339\" srcset=\"https:\/\/enlatitud25.com\/news\/wp-content\/uploads\/2022\/07\/pag2-36.jpg 800w, https:\/\/enlatitud25.com\/news\/wp-content\/uploads\/2022\/07\/pag2-36-300x188.jpg 300w, https:\/\/enlatitud25.com\/news\/wp-content\/uploads\/2022\/07\/pag2-36-768x480.jpg 768w, https:\/\/enlatitud25.com\/news\/wp-content\/uploads\/2022\/07\/pag2-36-380x238.jpg 380w\" sizes=\"(max-width: 800px) 100vw, 800px\" \/><\/figure>\n\n\n\n<p>Asimismo, en el reinicio de la sesi\u00f3n extraordinaria del lunes, el diputado <strong>Pastor Soria <\/strong>(ANR, cartista) dijo que le extra\u00f1\u00f3 que se haga una sesi\u00f3n un domingo y se pregunt\u00f3 si era urgente. Adem\u00e1s se mostr\u00f3 molesto porque la sesi\u00f3n extraordinaria ya se estaba demorando demasiado, por lo que, inst\u00f3 a que se lleve a cabo la votaci\u00f3n, cosa que no prosper\u00f3.<\/p>\n\n\n\n<p>\u201cEn honor al tiempo, tenemos muchas tareas, estamos en \u00e9poca de proselitismo\u201d, reconoci\u00f3.<\/p>\n\n\n\n<p>Asimismo, <strong>Derlis Maidana<\/strong>, habl\u00f3 de la victoria de Pedro Alliana contra Mario Abdo Ben\u00edtez (presidente de la Rep\u00fablica) en las internas partidarias de 2015. <\/p>\n\n\n\n<p>Asimismo, en relaci\u00f3n a la actualidad afirm\u00f3 que &#8220;Horacio Cartes le va a volver a ganar m\u00e1s grande (a Mario Abdo), incluso si se va preso&#8221;, desconociendo adrede, el antecedente del 2017, en el que Abdo Ben\u00edtez venci\u00f3 en las urnas al caballo del ex presidente, Santiago Pe\u00f1a.<\/p>\n\n\n\n<p><\/p>\n\n\n\n<figure class=\"wp-block-image size-full\"><img decoding=\"async\" loading=\"lazy\" width=\"800\" height=\"500\" src=\"https:\/\/enlatitud25.com\/news\/wp-content\/uploads\/2022\/07\/pag1-36.jpg\" alt=\"\" class=\"wp-image-9341\" srcset=\"https:\/\/enlatitud25.com\/news\/wp-content\/uploads\/2022\/07\/pag1-36.jpg 800w, https:\/\/enlatitud25.com\/news\/wp-content\/uploads\/2022\/07\/pag1-36-300x188.jpg 300w, https:\/\/enlatitud25.com\/news\/wp-content\/uploads\/2022\/07\/pag1-36-768x480.jpg 768w, https:\/\/enlatitud25.com\/news\/wp-content\/uploads\/2022\/07\/pag1-36-380x238.jpg 380w\" sizes=\"(max-width: 800px) 100vw, 800px\" \/><\/figure>\n\n\n\n<p>Asimismo, <strong>Roberto Eudes Gonz\u00e1lez<\/strong> cuestion\u00f3 a sus colegas cartistas, recordando el gran fracaso del gobierno de HC, con el Metrob\u00fas, obra que no solo gener\u00f3 afectaciones importantes a las arcas p\u00fablicas y p\u00e9rdidas cuantiosas para los comerciantes de la zona.<\/p>\n\n\n\n<p>&#8220;\u00bfQu\u00e9 pas\u00f3 con el caso metrob\u00fas? Fue el buque insignia de c\u00f3mo se debe robar (&#8230;) Hicieron convocatorias de acreedores y otros fueron sencillamente a la quiebra. El \u00fanico que sali\u00f3 beneficiado con este tema fue la empresa aseguradora&#8221;, dijo el parlamentario.<\/p>\n\n\n\n<p>Gonz\u00e1lez aclar\u00f3 que de darse la salida de Qui\u00f1\u00f3nez, la sucesora en el cargo ser\u00eda la fiscala Mar\u00eda Soledad Machuca, desmintiendo que la esposa de Hugo Vel\u00e1zquez, Lourdes Samaniego, fiscal adjunta con permiso, estar\u00eda con intenciones de quedarse con el cargo.<\/p>\n\n\n\n<p class=\"has-medium-font-size\"><strong>&#8220;Es burdo, va al extremo&#8221;<\/strong><\/p>\n\n\n\n<p>En ese sentido, el diputado <strong>Sebasti\u00e1n Garc\u00eda,<\/strong> del Partido Patria Querida (PPQ), manifest\u00f3 que es &#8220;argel&#8221; que sus colegas busquen realizar el debate en base a la instalaci\u00f3n de mentiras. Calific\u00f3 esto de &#8220;burdo y extremo&#8221; y record\u00f3 lo ocurrido el domingo con las declaraciones de N\u00fa\u00f1ez en relaci\u00f3n a la iglesia y la verg\u00fcenza que signific\u00f3 la aclaraci\u00f3n por parte de la misma.<\/p>\n\n\n\n<figure class=\"wp-block-embed is-type-rich is-provider-twitter wp-block-embed-twitter\"><div class=\"wp-block-embed__wrapper\">\n<blockquote class=\"twitter-tweet\" data-width=\"550\" data-dnt=\"true\"><p lang=\"es\" dir=\"ltr\">\ud83d\udd18<a href=\"https:\/\/twitter.com\/hashtag\/JuicioPol%C3%ADtico?src=hash&amp;ref_src=twsrc%5Etfw\">#JuicioPol\u00edtico<\/a><br>\ud83d\udccdDesde <a href=\"https:\/\/twitter.com\/DiputadosPy?ref_src=twsrc%5Etfw\">@DiputadosPy<\/a><br><br>\ud83d\udde3\ufe0f\u275dLa verdad que este tema de pretender justificar con mentiras ya es argel, es burdo, va al extremo, al otro lado; ya exageran. No bast\u00f3 con el tema del Arzobispo de ayer\u275e<br><br>\ud83c\udf99\ufe0f <a href=\"https:\/\/twitter.com\/sebagar8?ref_src=twsrc%5Etfw\">@sebagar8<\/a><br>\ud83c\udfa7Escuch\u00e1: <a href=\"https:\/\/t.co\/Y7It46A1do\">https:\/\/t.co\/Y7It46A1do<\/a><a href=\"https:\/\/twitter.com\/hashtag\/L25?src=hash&amp;ref_src=twsrc%5Etfw\">#L25<\/a> <a href=\"https:\/\/t.co\/nPGMmuTHCr\">pic.twitter.com\/nPGMmuTHCr<\/a><\/p>&mdash; LATITUD 25 (@EnLatitud25) <a href=\"https:\/\/twitter.com\/EnLatitud25\/status\/1551654039393288193?ref_src=twsrc%5Etfw\">July 25, 2022<\/a><\/blockquote><script async src=\"https:\/\/platform.twitter.com\/widgets.js\" charset=\"utf-8\"><\/script>\n<\/div><\/figure>\n\n\n\n<p>Adem\u00e1s no faltaron desacreditaciones personales, insultos y gritos entre los diputados durante las distintas alocuciones. <\/p>\n\n\n\n<p>En relaci\u00f3n a los argumentos que sostienen el intento de juicio pol\u00edtico, <strong>Kattya Gonz\u00e1lez<\/strong> (PEN) habl\u00f3 del trabajo del senador Jorge Querey&nbsp;(Frente Guasu) en la Comisi\u00f3n Bicameral que investig\u00f3 el lavado de dinero de Dar\u00edo Messer. Agreg\u00f3 que en esas conclusiones se evidenci\u00f3 la falta del correcto proceder de la Fiscal\u00eda.<\/p>\n\n\n\n<p>A su vez, el parlamentario liberal, \u00c9dgar Acosta remarc\u00f3 el v\u00ednculo de Cartes no solo con la Fiscal\u00eda sino con personas que fueron claves en este esquema.<\/p>\n\n\n\n<p>Record\u00f3 que la Secretar\u00eda de Prevenci\u00f3n de Lavado de Dinero o Bienes es la que ten\u00eda toda la informaci\u00f3n sobre el caso de Dar\u00edo Messer y resalt\u00f3 que el entonces titular de la instituci\u00f3n, \u00d3scar Boidanich, es ahora empleado de las empresas de Horacio Cartes.<\/p>\n\n\n\n<p>Ayer, por segunda vez, la sesi\u00f3n extraordinaria, fue a un segundo cuarto intermedio. Los parlamentarios que buscan iniciar el juicio a Sandra Qui\u00f1\u00f3nez afirmaron que ya cuentan con los votos para poder seguir con el proceso, sin embargo, se\u00f1alaron que antes van a terminar de exponer los  11 puntos que contempla el libelo acusatorio. <\/p>\n\n\n\n<p>Asimismo, siguen las especulaciones sobre si habr\u00e1 o no votos para poder enjuiciar a la m\u00e1xima autoridad del Ministerio P\u00fablico. <\/p>\n","protected":false},"excerpt":{"rendered":"La bancada cartista en C\u00e1mara Baja sigue enfocando sus esfuerzos en desviar la atenci\u00f3n sobre los puntos del libelo acusatorio contra Sandra Qui\u00f1\u00f3nez. Antes que un debate serio, la sesi\u00f3n extra, desde su inicio el domingo y su continuaci\u00f3n este lunes, se bas\u00f3 en mentiras provocadas, descalificaciones e internas partidarias para evitar hablar de lo necesario: la acusaci\u00f3n por mal desempe\u00f1o de funciones de la Fiscala General del Estado. Dos diputados l\u00edberocartistas, definen la votaci\u00f3n.\n","protected":false},"author":1,"featured_media":9342,"comment_status":"closed","ping_status":"closed","sticky":false,"template":"","format":"standard","meta":[],"categories":[13],"tags":[1134,1135,1136,126,1133],"ubicacion":[18],"yoast_head":"<!-- This site is optimized with the Yoast SEO plugin v20.8 - https:\/\/yoast.com\/wordpress\/plugins\/seo\/ -->\n<title>Cartismo busca confundir adrede para evitar debate sobre juicio pol\u00edtico a FGE &ndash; Latitud25<\/title>\n<meta name=\"description\" content=\"Mir\u00e1 nuestros reportajes audiovisuales y seguinos para enterarte de las \u00faltimas noticias de Paraguay y el mundo, desde la Latitud25. Somos Alternativa de Informaci\u00f3n.\" \/>\n<meta name=\"robots\" content=\"index, follow, max-snippet:-1, max-image-preview:large, max-video-preview:-1\" \/>\n<link rel=\"canonical\" href=\"https:\/\/enlatitud25.com\/news\/cartismo-busca-confundir-adrede-para-evitar-debate-sobre-juicio-politico-a-fge\/\" \/>\n<meta property=\"og:locale\" content=\"es_ES\" \/>\n<meta property=\"og:type\" content=\"article\" \/>\n<meta property=\"og:title\" content=\"Cartismo busca confundir adrede para evitar debate sobre juicio pol\u00edtico a FGE &ndash; Latitud25\" \/>\n<meta property=\"og:description\" content=\"Mir\u00e1 nuestros reportajes audiovisuales y seguinos para enterarte de las \u00faltimas noticias de Paraguay y el mundo, desde la Latitud25. Somos Alternativa de Informaci\u00f3n.\" \/>\n<meta property=\"og:url\" content=\"https:\/\/enlatitud25.com\/news\/cartismo-busca-confundir-adrede-para-evitar-debate-sobre-juicio-politico-a-fge\/\" \/>\n<meta property=\"og:site_name\" content=\"Latitud25\" \/>\n<meta property=\"article:publisher\" content=\"https:\/\/www.facebook.com\/EnLatitud25\" \/>\n<meta property=\"article:author\" content=\"https:\/\/www.facebook.com\/EnLatitud25\" \/>\n<meta property=\"article:published_time\" content=\"2022-07-26T16:39:04+00:00\" \/>\n<meta property=\"article:modified_time\" content=\"2022-07-26T17:11:14+00:00\" \/>\n<meta property=\"og:image\" content=\"https:\/\/enlatitud25.com\/news\/wp-content\/uploads\/2022\/07\/debate_juicio_sandra-1.jpg\" \/>\n\t<meta property=\"og:image:width\" content=\"800\" \/>\n\t<meta property=\"og:image:height\" content=\"500\" \/>\n\t<meta property=\"og:image:type\" content=\"image\/jpeg\" \/>\n<meta name=\"author\" content=\"Latitud 25\" \/>\n<meta name=\"twitter:card\" content=\"summary_large_image\" \/>\n<meta name=\"twitter:creator\" content=\"@EnLatitud25\" \/>\n<meta name=\"twitter:site\" content=\"@EnLatitud25\" \/>\n<meta name=\"twitter:label1\" content=\"Escrito por\" \/>\n\t<meta name=\"twitter:data1\" content=\"Latitud 25\" \/>\n\t<meta name=\"twitter:label2\" content=\"Tiempo de lectura\" \/>\n\t<meta name=\"twitter:data2\" content=\"7 minutos\" \/>\n<script type=\"application\/ld+json\" class=\"yoast-schema-graph\">{\"@context\":\"https:\/\/schema.org\",\"@graph\":[{\"@type\":\"Article\",\"@id\":\"https:\/\/enlatitud25.com\/news\/cartismo-busca-confundir-adrede-para-evitar-debate-sobre-juicio-politico-a-fge\/#article\",\"isPartOf\":{\"@id\":\"https:\/\/enlatitud25.com\/news\/cartismo-busca-confundir-adrede-para-evitar-debate-sobre-juicio-politico-a-fge\/\"},\"author\":{\"name\":\"Latitud 25\",\"@id\":\"https:\/\/enlatitud25.com\/news\/#\/schema\/person\/23aafe968917005a721b8eb760f2586e\"},\"headline\":\"Cartismo busca confundir adrede para evitar debate sobre juicio pol\u00edtico a FGE\",\"datePublished\":\"2022-07-26T16:39:04+00:00\",\"dateModified\":\"2022-07-26T17:11:14+00:00\",\"mainEntityOfPage\":{\"@id\":\"https:\/\/enlatitud25.com\/news\/cartismo-busca-confundir-adrede-para-evitar-debate-sobre-juicio-politico-a-fge\/\"},\"wordCount\":1400,\"publisher\":{\"@id\":\"https:\/\/enlatitud25.com\/news\/#organization\"},\"keywords\":[\"cartismo\",\"Diputados\",\"evitar debate\",\"juicio pol\u00edtico\",\"sandra Qui\u00f1\u00f3nez\"],\"articleSection\":[\"Pol\u00edtica\"],\"inLanguage\":\"es\"},{\"@type\":\"WebPage\",\"@id\":\"https:\/\/enlatitud25.com\/news\/cartismo-busca-confundir-adrede-para-evitar-debate-sobre-juicio-politico-a-fge\/\",\"url\":\"https:\/\/enlatitud25.com\/news\/cartismo-busca-confundir-adrede-para-evitar-debate-sobre-juicio-politico-a-fge\/\",\"name\":\"Cartismo busca confundir adrede para evitar debate sobre juicio pol\u00edtico a FGE &ndash; Latitud25\",\"isPartOf\":{\"@id\":\"https:\/\/enlatitud25.com\/news\/#website\"},\"datePublished\":\"2022-07-26T16:39:04+00:00\",\"dateModified\":\"2022-07-26T17:11:14+00:00\",\"description\":\"Mir\u00e1 nuestros reportajes audiovisuales y seguinos para enterarte de las \u00faltimas noticias de Paraguay y el mundo, desde la Latitud25. Somos Alternativa de Informaci\u00f3n.\",\"breadcrumb\":{\"@id\":\"https:\/\/enlatitud25.com\/news\/cartismo-busca-confundir-adrede-para-evitar-debate-sobre-juicio-politico-a-fge\/#breadcrumb\"},\"inLanguage\":\"es\",\"potentialAction\":[{\"@type\":\"ReadAction\",\"target\":[\"https:\/\/enlatitud25.com\/news\/cartismo-busca-confundir-adrede-para-evitar-debate-sobre-juicio-politico-a-fge\/\"]}]},{\"@type\":\"BreadcrumbList\",\"@id\":\"https:\/\/enlatitud25.com\/news\/cartismo-busca-confundir-adrede-para-evitar-debate-sobre-juicio-politico-a-fge\/#breadcrumb\",\"itemListElement\":[{\"@type\":\"ListItem\",\"position\":1,\"name\":\"Home\",\"item\":\"https:\/\/enlatitud25.com\/news\/\"},{\"@type\":\"ListItem\",\"position\":2,\"name\":\"Cartismo busca confundir adrede para evitar debate sobre juicio pol\u00edtico a FGE\"}]},{\"@type\":\"WebSite\",\"@id\":\"https:\/\/enlatitud25.com\/news\/#website\",\"url\":\"https:\/\/enlatitud25.com\/news\/\",\"name\":\"Latitud25\",\"description\":\"news\",\"publisher\":{\"@id\":\"https:\/\/enlatitud25.com\/news\/#organization\"},\"potentialAction\":[{\"@type\":\"SearchAction\",\"target\":{\"@type\":\"EntryPoint\",\"urlTemplate\":\"https:\/\/enlatitud25.com\/news\/?s={search_term_string}\"},\"query-input\":\"required name=search_term_string\"}],\"inLanguage\":\"es\"},{\"@type\":\"Organization\",\"@id\":\"https:\/\/enlatitud25.com\/news\/#organization\",\"name\":\"Latitud 25 - News\",\"url\":\"https:\/\/enlatitud25.com\/news\/\",\"logo\":{\"@type\":\"ImageObject\",\"inLanguage\":\"es\",\"@id\":\"https:\/\/enlatitud25.com\/news\/#\/schema\/logo\/image\/\",\"url\":\"https:\/\/enlatitud25.com\/news\/wp-content\/uploads\/2020\/11\/logo_latitud.png\",\"contentUrl\":\"https:\/\/enlatitud25.com\/news\/wp-content\/uploads\/2020\/11\/logo_latitud.png\",\"width\":235,\"height\":39,\"caption\":\"Latitud 25 - News\"},\"image\":{\"@id\":\"https:\/\/enlatitud25.com\/news\/#\/schema\/logo\/image\/\"},\"sameAs\":[\"https:\/\/www.facebook.com\/EnLatitud25\",\"https:\/\/twitter.com\/EnLatitud25\",\"https:\/\/www.instagram.com\/enlatitud25\/\",\"https:\/\/www.youtube.com\/user\/desdelatitud25\"]},{\"@type\":\"Person\",\"@id\":\"https:\/\/enlatitud25.com\/news\/#\/schema\/person\/23aafe968917005a721b8eb760f2586e\",\"name\":\"Latitud 25\",\"sameAs\":[\"https:\/\/enlatitud25.com\/news\",\"https:\/\/www.facebook.com\/EnLatitud25\",\"https:\/\/www.instagram.com\/enlatitud25\",\"https:\/\/www.youtube.com\/user\/desdelatitud25\",\"https:\/\/soundcloud.com\/enlatitud25\"],\"url\":\"https:\/\/enlatitud25.com\/news\/author\/nnews-uss00\/\"}]}<\/script>\n<!-- \/ Yoast SEO plugin. -->","yoast_head_json":{"title":"Cartismo busca confundir adrede para evitar debate sobre juicio pol\u00edtico a FGE &ndash; Latitud25","description":"Mir\u00e1 nuestros reportajes audiovisuales y seguinos para enterarte de las \u00faltimas noticias de Paraguay y el mundo, desde la Latitud25. Somos Alternativa de Informaci\u00f3n.","robots":{"index":"index","follow":"follow","max-snippet":"max-snippet:-1","max-image-preview":"max-image-preview:large","max-video-preview":"max-video-preview:-1"},"canonical":"https:\/\/enlatitud25.com\/news\/cartismo-busca-confundir-adrede-para-evitar-debate-sobre-juicio-politico-a-fge\/","og_locale":"es_ES","og_type":"article","og_title":"Cartismo busca confundir adrede para evitar debate sobre juicio pol\u00edtico a FGE &ndash; Latitud25","og_description":"Mir\u00e1 nuestros reportajes audiovisuales y seguinos para enterarte de las \u00faltimas noticias de Paraguay y el mundo, desde la Latitud25. Somos Alternativa de Informaci\u00f3n.","og_url":"https:\/\/enlatitud25.com\/news\/cartismo-busca-confundir-adrede-para-evitar-debate-sobre-juicio-politico-a-fge\/","og_site_name":"Latitud25","article_publisher":"https:\/\/www.facebook.com\/EnLatitud25","article_author":"https:\/\/www.facebook.com\/EnLatitud25","article_published_time":"2022-07-26T16:39:04+00:00","article_modified_time":"2022-07-26T17:11:14+00:00","og_image":[{"width":800,"height":500,"url":"https:\/\/enlatitud25.com\/news\/wp-content\/uploads\/2022\/07\/debate_juicio_sandra-1.jpg","type":"image\/jpeg"}],"author":"Latitud 25","twitter_card":"summary_large_image","twitter_creator":"@EnLatitud25","twitter_site":"@EnLatitud25","twitter_misc":{"Escrito por":"Latitud 25","Tiempo de lectura":"7 minutos"},"schema":{"@context":"https:\/\/schema.org","@graph":[{"@type":"Article","@id":"https:\/\/enlatitud25.com\/news\/cartismo-busca-confundir-adrede-para-evitar-debate-sobre-juicio-politico-a-fge\/#article","isPartOf":{"@id":"https:\/\/enlatitud25.com\/news\/cartismo-busca-confundir-adrede-para-evitar-debate-sobre-juicio-politico-a-fge\/"},"author":{"name":"Latitud 25","@id":"https:\/\/enlatitud25.com\/news\/#\/schema\/person\/23aafe968917005a721b8eb760f2586e"},"headline":"Cartismo busca confundir adrede para evitar debate sobre juicio pol\u00edtico a FGE","datePublished":"2022-07-26T16:39:04+00:00","dateModified":"2022-07-26T17:11:14+00:00","mainEntityOfPage":{"@id":"https:\/\/enlatitud25.com\/news\/cartismo-busca-confundir-adrede-para-evitar-debate-sobre-juicio-politico-a-fge\/"},"wordCount":1400,"publisher":{"@id":"https:\/\/enlatitud25.com\/news\/#organization"},"keywords":["cartismo","Diputados","evitar debate","juicio pol\u00edtico","sandra Qui\u00f1\u00f3nez"],"articleSection":["Pol\u00edtica"],"inLanguage":"es"},{"@type":"WebPage","@id":"https:\/\/enlatitud25.com\/news\/cartismo-busca-confundir-adrede-para-evitar-debate-sobre-juicio-politico-a-fge\/","url":"https:\/\/enlatitud25.com\/news\/cartismo-busca-confundir-adrede-para-evitar-debate-sobre-juicio-politico-a-fge\/","name":"Cartismo busca confundir adrede para evitar debate sobre juicio pol\u00edtico a FGE &ndash; Latitud25","isPartOf":{"@id":"https:\/\/enlatitud25.com\/news\/#website"},"datePublished":"2022-07-26T16:39:04+00:00","dateModified":"2022-07-26T17:11:14+00:00","description":"Mir\u00e1 nuestros reportajes audiovisuales y seguinos para enterarte de las \u00faltimas noticias de Paraguay y el mundo, desde la Latitud25. Somos Alternativa de Informaci\u00f3n.","breadcrumb":{"@id":"https:\/\/enlatitud25.com\/news\/cartismo-busca-confundir-adrede-para-evitar-debate-sobre-juicio-politico-a-fge\/#breadcrumb"},"inLanguage":"es","potentialAction":[{"@type":"ReadAction","target":["https:\/\/enlatitud25.com\/news\/cartismo-busca-confundir-adrede-para-evitar-debate-sobre-juicio-politico-a-fge\/"]}]},{"@type":"BreadcrumbList","@id":"https:\/\/enlatitud25.com\/news\/cartismo-busca-confundir-adrede-para-evitar-debate-sobre-juicio-politico-a-fge\/#breadcrumb","itemListElement":[{"@type":"ListItem","position":1,"name":"Home","item":"https:\/\/enlatitud25.com\/news\/"},{"@type":"ListItem","position":2,"name":"Cartismo busca confundir adrede para evitar debate sobre juicio pol\u00edtico a FGE"}]},{"@type":"WebSite","@id":"https:\/\/enlatitud25.com\/news\/#website","url":"https:\/\/enlatitud25.com\/news\/","name":"Latitud25","description":"news","publisher":{"@id":"https:\/\/enlatitud25.com\/news\/#organization"},"potentialAction":[{"@type":"SearchAction","target":{"@type":"EntryPoint","urlTemplate":"https:\/\/enlatitud25.com\/news\/?s={search_term_string}"},"query-input":"required name=search_term_string"}],"inLanguage":"es"},{"@type":"Organization","@id":"https:\/\/enlatitud25.com\/news\/#organization","name":"Latitud 25 - News","url":"https:\/\/enlatitud25.com\/news\/","logo":{"@type":"ImageObject","inLanguage":"es","@id":"https:\/\/enlatitud25.com\/news\/#\/schema\/logo\/image\/","url":"https:\/\/enlatitud25.com\/news\/wp-content\/uploads\/2020\/11\/logo_latitud.png","contentUrl":"https:\/\/enlatitud25.com\/news\/wp-content\/uploads\/2020\/11\/logo_latitud.png","width":235,"height":39,"caption":"Latitud 25 - News"},"image":{"@id":"https:\/\/enlatitud25.com\/news\/#\/schema\/logo\/image\/"},"sameAs":["https:\/\/www.facebook.com\/EnLatitud25","https:\/\/twitter.com\/EnLatitud25","https:\/\/www.instagram.com\/enlatitud25\/","https:\/\/www.youtube.com\/user\/desdelatitud25"]},{"@type":"Person","@id":"https:\/\/enlatitud25.com\/news\/#\/schema\/person\/23aafe968917005a721b8eb760f2586e","name":"Latitud 25","sameAs":["https:\/\/enlatitud25.com\/news","https:\/\/www.facebook.com\/EnLatitud25","https:\/\/www.instagram.com\/enlatitud25","https:\/\/www.youtube.com\/user\/desdelatitud25","https:\/\/soundcloud.com\/enlatitud25"],"url":"https:\/\/enlatitud25.com\/news\/author\/nnews-uss00\/"}]}},"_links":{"self":[{"href":"https:\/\/enlatitud25.com\/news\/wp-json\/wp\/v2\/posts\/9310"}],"collection":[{"href":"https:\/\/enlatitud25.com\/news\/wp-json\/wp\/v2\/posts"}],"about":[{"href":"https:\/\/enlatitud25.com\/news\/wp-json\/wp\/v2\/types\/post"}],"author":[{"embeddable":true,"href":"https:\/\/enlatitud25.com\/news\/wp-json\/wp\/v2\/users\/1"}],"replies":[{"embeddable":true,"href":"https:\/\/enlatitud25.com\/news\/wp-json\/wp\/v2\/comments?post=9310"}],"version-history":[{"count":18,"href":"https:\/\/enlatitud25.com\/news\/wp-json\/wp\/v2\/posts\/9310\/revisions"}],"predecessor-version":[{"id":9352,"href":"https:\/\/enlatitud25.com\/news\/wp-json\/wp\/v2\/posts\/9310\/revisions\/9352"}],"wp:featuredmedia":[{"embeddable":true,"href":"https:\/\/enlatitud25.com\/news\/wp-json\/wp\/v2\/media\/9342"}],"wp:attachment":[{"href":"https:\/\/enlatitud25.com\/news\/wp-json\/wp\/v2\/media?parent=9310"}],"wp:term":[{"taxonomy":"category","embeddable":true,"href":"https:\/\/enlatitud25.com\/news\/wp-json\/wp\/v2\/categories?post=9310"},{"taxonomy":"post_tag","embeddable":true,"href":"https:\/\/enlatitud25.com\/news\/wp-json\/wp\/v2\/tags?post=9310"},{"taxonomy":"ubicacion","embeddable":true,"href":"https:\/\/enlatitud25.com\/news\/wp-json\/wp\/v2\/ubicacion?post=9310"}],"curies":[{"name":"wp","href":"https:\/\/api.w.org\/{rel}","templated":true}]}}