{"id":8452,"date":"2022-06-14T19:47:21","date_gmt":"2022-06-14T19:47:21","guid":{"rendered":"https:\/\/enlatitud25.com\/news\/?p=8452"},"modified":"2023-05-22T15:02:49","modified_gmt":"2023-05-22T15:02:49","slug":"amenazas-constantes-en-escuelas-que-es-el-efecto-copycat-y-como-detenerlo","status":"publish","type":"post","link":"https:\/\/enlatitud25.com\/news\/amenazas-constantes-en-escuelas-que-es-el-efecto-copycat-y-como-detenerlo\/","title":{"rendered":"Amenazas constantes en escuelas: qu\u00e9 es el efecto &#8220;copycat&#8221; y c\u00f3mo detenerlo"},"content":{"rendered":"\n<p>Los tiroteos en escuelas estadounidenses son cada vez m\u00e1s frecuentes. Se cobran la vida de gente inocente, por la falta de regulaciones estricta para controlar el acceso a armas de fuego de grueso calibre. Lo preocupante para las autoridades nacionales, es que en Paraguay tambi\u00e9n aumentaron las amenazas de actos violentos en instituciones educativas.<\/p>\n\n\n\n<p>La directora General de Protecci\u00f3n y Promoci\u00f3n de los Derechos de la Ni\u00f1ez y la Adolescencia del MEC, Sonia Escauriza, coment\u00f3 en una entrevista con RadioCast25 que anteriormente la cartera estatal recib\u00eda denuncias de ese tipo al menos dos o tres veces al a\u00f1o. Sin embargo, en este 2022 se est\u00e1 registrando al menos un caso por d\u00eda. <\/p>\n\n\n\n<figure class=\"wp-block-image size-full\"><img decoding=\"async\" loading=\"lazy\" width=\"800\" height=\"500\" src=\"https:\/\/enlatitud25.com\/news\/wp-content\/uploads\/2022\/06\/pag1-16.jpg\" alt=\"\" class=\"wp-image-8461\" srcset=\"https:\/\/enlatitud25.com\/news\/wp-content\/uploads\/2022\/06\/pag1-16.jpg 800w, https:\/\/enlatitud25.com\/news\/wp-content\/uploads\/2022\/06\/pag1-16-300x188.jpg 300w, https:\/\/enlatitud25.com\/news\/wp-content\/uploads\/2022\/06\/pag1-16-768x480.jpg 768w, https:\/\/enlatitud25.com\/news\/wp-content\/uploads\/2022\/06\/pag1-16-380x238.jpg 380w\" sizes=\"(max-width: 800px) 100vw, 800px\" \/><\/figure>\n\n\n\n<p class=\"has-medium-font-size\"><strong>El fen\u00f3meno del copycat se puede combatir a tiempo<\/strong><\/p>\n\n\n\n<p>Alexandra Vuyk, PhD en Psicolog\u00eda y m\u00e1ster en Ciencias de la Educaci\u00f3n Especial en Superdotaci\u00f3n, Talento y Creatividad, dijo que el aumento de esta violencia se puede relacionar al fen\u00f3meno conocido como &#8220;copycat&#8221;, que hace referencia a la imitaci\u00f3n o al efecto contagio de acciones relacionadas a la delincuencia.<\/p>\n\n\n\n<p>La especialista en salud mental record\u00f3 que, por ejemplo, cuando en los medios de comunicaci\u00f3n se habla del suicidio de manera morbosa, eso genera un comportamiento en ola de las dem\u00e1s personas. <\/p>\n\n\n\n<p>Por consiguiente, refiri\u00f3 que al darle mucho destaque a estos actos de amenazas de tiroteos en colegios y al perpetrador de la violencia, terminamos con una especie de romantizaci\u00f3n del suceso, lo que empodera a otras personas que tienen una tendencia similar y piensan: &#8220;yo tambi\u00e9n voy a hacer eso&#8221;.<\/p>\n\n\n\n<p>Tambi\u00e9n se\u00f1al\u00f3 que es un problema que estos casos se difundan en redes sociales y lleguen a otros ni\u00f1os, ni\u00f1as y adolescentes.  <\/p>\n\n\n\n<p>&#8220;Es muy peligroso porque nuestra mente est\u00e1 todav\u00eda programada para vivir en tribu, nuestros cerebros no entienden todav\u00eda c\u00f3mo manejar las redes sociales, qui\u00e9n forma parte de nuestro equipo, si yo veo que un nene est\u00e1 haciendo eso en Estados Unidos, y yo me reconozco en \u00e9l, eso puede generar un &#8216;<em>copyca<\/em>t&#8217; y se empieza a repetir en otras partes&#8221;, explic\u00f3.<\/p>\n\n\n\n<figure class=\"wp-block-image size-full\"><img decoding=\"async\" loading=\"lazy\" width=\"800\" height=\"500\" src=\"https:\/\/enlatitud25.com\/news\/wp-content\/uploads\/2022\/06\/pag3-13.jpg\" alt=\"\" class=\"wp-image-8483\" srcset=\"https:\/\/enlatitud25.com\/news\/wp-content\/uploads\/2022\/06\/pag3-13.jpg 800w, https:\/\/enlatitud25.com\/news\/wp-content\/uploads\/2022\/06\/pag3-13-300x188.jpg 300w, https:\/\/enlatitud25.com\/news\/wp-content\/uploads\/2022\/06\/pag3-13-768x480.jpg 768w, https:\/\/enlatitud25.com\/news\/wp-content\/uploads\/2022\/06\/pag3-13-380x238.jpg 380w\" sizes=\"(max-width: 800px) 100vw, 800px\" \/><\/figure>\n\n\n\n<p class=\"has-medium-font-size\"><strong>Acciones tajantes para desactivar riesgos<\/strong><\/p>\n\n\n\n<p>La psic\u00f3loga resalt\u00f3 la importancia de que se apliquen acciones importantes en las escuelas y colegios. Explic\u00f3 que lo ideal es desactivar anticipadamente los riesgos que puedan llegar a existir ante una amenaza de este tipo. <\/p>\n\n\n\n<p>&#8220;En las instituciones, las respuestas r\u00e1pidas dan una idea de que &#8216;esto no est\u00e1 bien, esto no se permite&#8217;. Entonces reducen la chance de que esto vuelva a pasar a futuro. Tiene que ser contundente&#8221;, reiter\u00f3.<\/p>\n\n\n\n<p>En ese contexto, Sonia Escauriza del MEC, dijo que para trabajar en el tema de violencia lo m\u00e1s importante es trabajar en prevenci\u00f3n. Agreg\u00f3 que est\u00e1n trabajando en normas de convivencia de las escuelas. Consideran incluso la opci\u00f3n de revisar las mochilas con el permiso de los padres. Adem\u00e1s record\u00f3 que varios colegios est\u00e1n implementando c\u00e1maras de seguridad y detector de metales.<\/p>\n\n\n\n<p>Asimismo, afirm\u00f3 que tanto el Ministerio de Educaci\u00f3n, como el Ministerio P\u00fablico y la Polic\u00eda Nacional est\u00e1n abocados a modificar los protocolos de acci\u00f3n. M\u00e1s a\u00fan, teniendo en cuenta los \u00faltimos hechos. <\/p>\n\n\n\n<p>Adem\u00e1s, Escauriza reconoci\u00f3 que siempre logran dar con los autores de las amenazas. &#8220;Cuando llegamos a ellos dicen que es una broma, al hablar con ellos vemos la ausencia de ciertos valores y tambi\u00e9n la carencia en las familias, como padres ausentes&#8221;, agreg\u00f3. <\/p>\n\n\n\n<p>Por ejemplo, en mayo pasado, dos estudiantes fueron expulsados de un Colegio de Ciudad del Este, por haber amenazado con un tiroteo. <\/p>\n\n\n\n<p><a href=\"https:\/\/enlatitud25.com\/news\/amenazas-de-tiroteo-y-armas-en-escuelas-que-se-puede-hacer-ante-estos-casos\/\" target=\"_blank\" rel=\"noreferrer noopener\">Le\u00e9 m\u00e1s: Amenazas de tiroteo y armas en escuelas: \u00bfQu\u00e9 se puede hacer ante estos casos?<\/a><\/p>\n\n\n\n<figure class=\"wp-block-image size-full\"><img decoding=\"async\" loading=\"lazy\" width=\"800\" height=\"500\" src=\"https:\/\/enlatitud25.com\/news\/wp-content\/uploads\/2022\/06\/pag2-17.jpg\" alt=\"\" class=\"wp-image-8462\" srcset=\"https:\/\/enlatitud25.com\/news\/wp-content\/uploads\/2022\/06\/pag2-17.jpg 800w, https:\/\/enlatitud25.com\/news\/wp-content\/uploads\/2022\/06\/pag2-17-300x188.jpg 300w, https:\/\/enlatitud25.com\/news\/wp-content\/uploads\/2022\/06\/pag2-17-768x480.jpg 768w, https:\/\/enlatitud25.com\/news\/wp-content\/uploads\/2022\/06\/pag2-17-380x238.jpg 380w\" sizes=\"(max-width: 800px) 100vw, 800px\" \/><\/figure>\n","protected":false},"excerpt":{"rendered":"Las autoridades del Ministerio de Educaci\u00f3n confirmaron que este a\u00f1o aumentaron las amenazas de actos violentos en las instituciones educativas. Informan adem\u00e1s que en todos los casos fueron identificados los autores y que se est\u00e1n tomando medidas de prevenci\u00f3n. Por su parte, una especialista en psicolog\u00eda infantil explica lo que es el efecto &#8220;copycat&#8221; y c\u00f3mo hacer para que no contin\u00fae prolifer\u00e1ndose.\n","protected":false},"author":1,"featured_media":8482,"comment_status":"closed","ping_status":"closed","sticky":false,"template":"","format":"standard","meta":[],"categories":[112,12],"tags":[1064,1035,59,64,1065,74],"ubicacion":[17],"yoast_head":"<!-- This site is optimized with the Yoast SEO plugin v20.8 - https:\/\/yoast.com\/wordpress\/plugins\/seo\/ -->\n<title>Amenazas constantes en escuelas: qu\u00e9 es el efecto &quot;copycat&quot; y c\u00f3mo detenerlo &ndash; Latitud25<\/title>\n<meta name=\"description\" content=\"Una especialista en psicolog\u00eda infantil habla sobre la amenazas de tiroteos y explica lo que es el efecto &quot;copycat&quot; y c\u00f3mo evitarlo.\" \/>\n<meta name=\"robots\" content=\"index, follow, max-snippet:-1, max-image-preview:large, max-video-preview:-1\" \/>\n<link rel=\"canonical\" href=\"https:\/\/enlatitud25.com\/news\/amenazas-constantes-en-escuelas-que-es-el-efecto-copycat-y-como-detenerlo\/\" \/>\n<meta property=\"og:locale\" content=\"es_ES\" \/>\n<meta property=\"og:type\" content=\"article\" \/>\n<meta property=\"og:title\" content=\"Amenazas constantes en escuelas: qu\u00e9 es el efecto &quot;copycat&quot; y c\u00f3mo detenerlo &ndash; Latitud25\" \/>\n<meta property=\"og:description\" content=\"Una especialista en psicolog\u00eda infantil habla sobre la amenazas de tiroteos y explica lo que es el efecto &quot;copycat&quot; y c\u00f3mo evitarlo.\" \/>\n<meta property=\"og:url\" content=\"https:\/\/enlatitud25.com\/news\/amenazas-constantes-en-escuelas-que-es-el-efecto-copycat-y-como-detenerlo\/\" \/>\n<meta property=\"og:site_name\" content=\"Latitud25\" \/>\n<meta property=\"article:publisher\" content=\"https:\/\/www.facebook.com\/EnLatitud25\" \/>\n<meta property=\"article:author\" content=\"https:\/\/www.facebook.com\/EnLatitud25\" \/>\n<meta property=\"article:published_time\" content=\"2022-06-14T19:47:21+00:00\" \/>\n<meta property=\"article:modified_time\" content=\"2023-05-22T15:02:49+00:00\" \/>\n<meta property=\"og:image\" content=\"https:\/\/enlatitud25.com\/news\/wp-content\/uploads\/2022\/06\/portada_violencia-colegios-1.jpg\" \/>\n\t<meta property=\"og:image:width\" content=\"800\" \/>\n\t<meta property=\"og:image:height\" content=\"500\" \/>\n\t<meta property=\"og:image:type\" content=\"image\/jpeg\" \/>\n<meta name=\"author\" content=\"Latitud 25\" \/>\n<meta name=\"twitter:card\" content=\"summary_large_image\" \/>\n<meta name=\"twitter:image\" content=\"https:\/\/enlatitud25.com\/news\/wp-content\/uploads\/2022\/06\/portada_violencia-colegios-1.jpg\" \/>\n<meta name=\"twitter:creator\" content=\"@EnLatitud25\" \/>\n<meta name=\"twitter:site\" content=\"@EnLatitud25\" \/>\n<meta name=\"twitter:label1\" content=\"Escrito por\" \/>\n\t<meta name=\"twitter:data1\" content=\"Latitud 25\" \/>\n\t<meta name=\"twitter:label2\" content=\"Tiempo de lectura\" \/>\n\t<meta name=\"twitter:data2\" content=\"4 minutos\" \/>\n<script type=\"application\/ld+json\" class=\"yoast-schema-graph\">{\"@context\":\"https:\/\/schema.org\",\"@graph\":[{\"@type\":\"Article\",\"@id\":\"https:\/\/enlatitud25.com\/news\/amenazas-constantes-en-escuelas-que-es-el-efecto-copycat-y-como-detenerlo\/#article\",\"isPartOf\":{\"@id\":\"https:\/\/enlatitud25.com\/news\/amenazas-constantes-en-escuelas-que-es-el-efecto-copycat-y-como-detenerlo\/\"},\"author\":{\"name\":\"Latitud 25\",\"@id\":\"https:\/\/enlatitud25.com\/news\/#\/schema\/person\/23aafe968917005a721b8eb760f2586e\"},\"headline\":\"Amenazas constantes en escuelas: qu\u00e9 es el efecto &#8220;copycat&#8221; y c\u00f3mo detenerlo\",\"datePublished\":\"2022-06-14T19:47:21+00:00\",\"dateModified\":\"2023-05-22T15:02:49+00:00\",\"mainEntityOfPage\":{\"@id\":\"https:\/\/enlatitud25.com\/news\/amenazas-constantes-en-escuelas-que-es-el-efecto-copycat-y-como-detenerlo\/\"},\"wordCount\":645,\"publisher\":{\"@id\":\"https:\/\/enlatitud25.com\/news\/#organization\"},\"keywords\":[\"amenazas\",\"escuelas\",\"paraguay\",\"prevenci\u00f3n\",\"tiroteo\",\"violencia\"],\"articleSection\":[\"Educaci\u00f3n\",\"Realidad\"],\"inLanguage\":\"es\"},{\"@type\":\"WebPage\",\"@id\":\"https:\/\/enlatitud25.com\/news\/amenazas-constantes-en-escuelas-que-es-el-efecto-copycat-y-como-detenerlo\/\",\"url\":\"https:\/\/enlatitud25.com\/news\/amenazas-constantes-en-escuelas-que-es-el-efecto-copycat-y-como-detenerlo\/\",\"name\":\"Amenazas constantes en escuelas: qu\u00e9 es el efecto \\\"copycat\\\" y c\u00f3mo detenerlo &ndash; Latitud25\",\"isPartOf\":{\"@id\":\"https:\/\/enlatitud25.com\/news\/#website\"},\"datePublished\":\"2022-06-14T19:47:21+00:00\",\"dateModified\":\"2023-05-22T15:02:49+00:00\",\"description\":\"Una especialista en psicolog\u00eda infantil habla sobre la amenazas de tiroteos y explica lo que es el efecto \\\"copycat\\\" y c\u00f3mo evitarlo.\",\"breadcrumb\":{\"@id\":\"https:\/\/enlatitud25.com\/news\/amenazas-constantes-en-escuelas-que-es-el-efecto-copycat-y-como-detenerlo\/#breadcrumb\"},\"inLanguage\":\"es\",\"potentialAction\":[{\"@type\":\"ReadAction\",\"target\":[\"https:\/\/enlatitud25.com\/news\/amenazas-constantes-en-escuelas-que-es-el-efecto-copycat-y-como-detenerlo\/\"]}]},{\"@type\":\"BreadcrumbList\",\"@id\":\"https:\/\/enlatitud25.com\/news\/amenazas-constantes-en-escuelas-que-es-el-efecto-copycat-y-como-detenerlo\/#breadcrumb\",\"itemListElement\":[{\"@type\":\"ListItem\",\"position\":1,\"name\":\"Home\",\"item\":\"https:\/\/enlatitud25.com\/news\/\"},{\"@type\":\"ListItem\",\"position\":2,\"name\":\"Amenazas constantes en escuelas: qu\u00e9 es el efecto &#8220;copycat&#8221; y c\u00f3mo detenerlo\"}]},{\"@type\":\"WebSite\",\"@id\":\"https:\/\/enlatitud25.com\/news\/#website\",\"url\":\"https:\/\/enlatitud25.com\/news\/\",\"name\":\"Latitud25\",\"description\":\"news\",\"publisher\":{\"@id\":\"https:\/\/enlatitud25.com\/news\/#organization\"},\"potentialAction\":[{\"@type\":\"SearchAction\",\"target\":{\"@type\":\"EntryPoint\",\"urlTemplate\":\"https:\/\/enlatitud25.com\/news\/?s={search_term_string}\"},\"query-input\":\"required name=search_term_string\"}],\"inLanguage\":\"es\"},{\"@type\":\"Organization\",\"@id\":\"https:\/\/enlatitud25.com\/news\/#organization\",\"name\":\"Latitud 25 - News\",\"url\":\"https:\/\/enlatitud25.com\/news\/\",\"logo\":{\"@type\":\"ImageObject\",\"inLanguage\":\"es\",\"@id\":\"https:\/\/enlatitud25.com\/news\/#\/schema\/logo\/image\/\",\"url\":\"https:\/\/enlatitud25.com\/news\/wp-content\/uploads\/2020\/11\/logo_latitud.png\",\"contentUrl\":\"https:\/\/enlatitud25.com\/news\/wp-content\/uploads\/2020\/11\/logo_latitud.png\",\"width\":235,\"height\":39,\"caption\":\"Latitud 25 - News\"},\"image\":{\"@id\":\"https:\/\/enlatitud25.com\/news\/#\/schema\/logo\/image\/\"},\"sameAs\":[\"https:\/\/www.facebook.com\/EnLatitud25\",\"https:\/\/twitter.com\/EnLatitud25\",\"https:\/\/www.instagram.com\/enlatitud25\/\",\"https:\/\/www.youtube.com\/user\/desdelatitud25\"]},{\"@type\":\"Person\",\"@id\":\"https:\/\/enlatitud25.com\/news\/#\/schema\/person\/23aafe968917005a721b8eb760f2586e\",\"name\":\"Latitud 25\",\"sameAs\":[\"https:\/\/enlatitud25.com\/news\",\"https:\/\/www.facebook.com\/EnLatitud25\",\"https:\/\/www.instagram.com\/enlatitud25\",\"https:\/\/www.youtube.com\/user\/desdelatitud25\",\"https:\/\/soundcloud.com\/enlatitud25\"],\"url\":\"https:\/\/enlatitud25.com\/news\/author\/nnews-uss00\/\"}]}<\/script>\n<!-- \/ Yoast SEO plugin. -->","yoast_head_json":{"title":"Amenazas constantes en escuelas: qu\u00e9 es el efecto \"copycat\" y c\u00f3mo detenerlo &ndash; Latitud25","description":"Una especialista en psicolog\u00eda infantil habla sobre la amenazas de tiroteos y explica lo que es el efecto \"copycat\" y c\u00f3mo evitarlo.","robots":{"index":"index","follow":"follow","max-snippet":"max-snippet:-1","max-image-preview":"max-image-preview:large","max-video-preview":"max-video-preview:-1"},"canonical":"https:\/\/enlatitud25.com\/news\/amenazas-constantes-en-escuelas-que-es-el-efecto-copycat-y-como-detenerlo\/","og_locale":"es_ES","og_type":"article","og_title":"Amenazas constantes en escuelas: qu\u00e9 es el efecto \"copycat\" y c\u00f3mo detenerlo &ndash; Latitud25","og_description":"Una especialista en psicolog\u00eda infantil habla sobre la amenazas de tiroteos y explica lo que es el efecto \"copycat\" y c\u00f3mo evitarlo.","og_url":"https:\/\/enlatitud25.com\/news\/amenazas-constantes-en-escuelas-que-es-el-efecto-copycat-y-como-detenerlo\/","og_site_name":"Latitud25","article_publisher":"https:\/\/www.facebook.com\/EnLatitud25","article_author":"https:\/\/www.facebook.com\/EnLatitud25","article_published_time":"2022-06-14T19:47:21+00:00","article_modified_time":"2023-05-22T15:02:49+00:00","og_image":[{"width":800,"height":500,"url":"https:\/\/enlatitud25.com\/news\/wp-content\/uploads\/2022\/06\/portada_violencia-colegios-1.jpg","type":"image\/jpeg"}],"author":"Latitud 25","twitter_card":"summary_large_image","twitter_image":"https:\/\/enlatitud25.com\/news\/wp-content\/uploads\/2022\/06\/portada_violencia-colegios-1.jpg","twitter_creator":"@EnLatitud25","twitter_site":"@EnLatitud25","twitter_misc":{"Escrito por":"Latitud 25","Tiempo de lectura":"4 minutos"},"schema":{"@context":"https:\/\/schema.org","@graph":[{"@type":"Article","@id":"https:\/\/enlatitud25.com\/news\/amenazas-constantes-en-escuelas-que-es-el-efecto-copycat-y-como-detenerlo\/#article","isPartOf":{"@id":"https:\/\/enlatitud25.com\/news\/amenazas-constantes-en-escuelas-que-es-el-efecto-copycat-y-como-detenerlo\/"},"author":{"name":"Latitud 25","@id":"https:\/\/enlatitud25.com\/news\/#\/schema\/person\/23aafe968917005a721b8eb760f2586e"},"headline":"Amenazas constantes en escuelas: qu\u00e9 es el efecto &#8220;copycat&#8221; y c\u00f3mo detenerlo","datePublished":"2022-06-14T19:47:21+00:00","dateModified":"2023-05-22T15:02:49+00:00","mainEntityOfPage":{"@id":"https:\/\/enlatitud25.com\/news\/amenazas-constantes-en-escuelas-que-es-el-efecto-copycat-y-como-detenerlo\/"},"wordCount":645,"publisher":{"@id":"https:\/\/enlatitud25.com\/news\/#organization"},"keywords":["amenazas","escuelas","paraguay","prevenci\u00f3n","tiroteo","violencia"],"articleSection":["Educaci\u00f3n","Realidad"],"inLanguage":"es"},{"@type":"WebPage","@id":"https:\/\/enlatitud25.com\/news\/amenazas-constantes-en-escuelas-que-es-el-efecto-copycat-y-como-detenerlo\/","url":"https:\/\/enlatitud25.com\/news\/amenazas-constantes-en-escuelas-que-es-el-efecto-copycat-y-como-detenerlo\/","name":"Amenazas constantes en escuelas: qu\u00e9 es el efecto \"copycat\" y c\u00f3mo detenerlo &ndash; Latitud25","isPartOf":{"@id":"https:\/\/enlatitud25.com\/news\/#website"},"datePublished":"2022-06-14T19:47:21+00:00","dateModified":"2023-05-22T15:02:49+00:00","description":"Una especialista en psicolog\u00eda infantil habla sobre la amenazas de tiroteos y explica lo que es el efecto \"copycat\" y c\u00f3mo evitarlo.","breadcrumb":{"@id":"https:\/\/enlatitud25.com\/news\/amenazas-constantes-en-escuelas-que-es-el-efecto-copycat-y-como-detenerlo\/#breadcrumb"},"inLanguage":"es","potentialAction":[{"@type":"ReadAction","target":["https:\/\/enlatitud25.com\/news\/amenazas-constantes-en-escuelas-que-es-el-efecto-copycat-y-como-detenerlo\/"]}]},{"@type":"BreadcrumbList","@id":"https:\/\/enlatitud25.com\/news\/amenazas-constantes-en-escuelas-que-es-el-efecto-copycat-y-como-detenerlo\/#breadcrumb","itemListElement":[{"@type":"ListItem","position":1,"name":"Home","item":"https:\/\/enlatitud25.com\/news\/"},{"@type":"ListItem","position":2,"name":"Amenazas constantes en escuelas: qu\u00e9 es el efecto &#8220;copycat&#8221; y c\u00f3mo detenerlo"}]},{"@type":"WebSite","@id":"https:\/\/enlatitud25.com\/news\/#website","url":"https:\/\/enlatitud25.com\/news\/","name":"Latitud25","description":"news","publisher":{"@id":"https:\/\/enlatitud25.com\/news\/#organization"},"potentialAction":[{"@type":"SearchAction","target":{"@type":"EntryPoint","urlTemplate":"https:\/\/enlatitud25.com\/news\/?s={search_term_string}"},"query-input":"required name=search_term_string"}],"inLanguage":"es"},{"@type":"Organization","@id":"https:\/\/enlatitud25.com\/news\/#organization","name":"Latitud 25 - News","url":"https:\/\/enlatitud25.com\/news\/","logo":{"@type":"ImageObject","inLanguage":"es","@id":"https:\/\/enlatitud25.com\/news\/#\/schema\/logo\/image\/","url":"https:\/\/enlatitud25.com\/news\/wp-content\/uploads\/2020\/11\/logo_latitud.png","contentUrl":"https:\/\/enlatitud25.com\/news\/wp-content\/uploads\/2020\/11\/logo_latitud.png","width":235,"height":39,"caption":"Latitud 25 - News"},"image":{"@id":"https:\/\/enlatitud25.com\/news\/#\/schema\/logo\/image\/"},"sameAs":["https:\/\/www.facebook.com\/EnLatitud25","https:\/\/twitter.com\/EnLatitud25","https:\/\/www.instagram.com\/enlatitud25\/","https:\/\/www.youtube.com\/user\/desdelatitud25"]},{"@type":"Person","@id":"https:\/\/enlatitud25.com\/news\/#\/schema\/person\/23aafe968917005a721b8eb760f2586e","name":"Latitud 25","sameAs":["https:\/\/enlatitud25.com\/news","https:\/\/www.facebook.com\/EnLatitud25","https:\/\/www.instagram.com\/enlatitud25","https:\/\/www.youtube.com\/user\/desdelatitud25","https:\/\/soundcloud.com\/enlatitud25"],"url":"https:\/\/enlatitud25.com\/news\/author\/nnews-uss00\/"}]}},"_links":{"self":[{"href":"https:\/\/enlatitud25.com\/news\/wp-json\/wp\/v2\/posts\/8452"}],"collection":[{"href":"https:\/\/enlatitud25.com\/news\/wp-json\/wp\/v2\/posts"}],"about":[{"href":"https:\/\/enlatitud25.com\/news\/wp-json\/wp\/v2\/types\/post"}],"author":[{"embeddable":true,"href":"https:\/\/enlatitud25.com\/news\/wp-json\/wp\/v2\/users\/1"}],"replies":[{"embeddable":true,"href":"https:\/\/enlatitud25.com\/news\/wp-json\/wp\/v2\/comments?post=8452"}],"version-history":[{"count":10,"href":"https:\/\/enlatitud25.com\/news\/wp-json\/wp\/v2\/posts\/8452\/revisions"}],"predecessor-version":[{"id":15149,"href":"https:\/\/enlatitud25.com\/news\/wp-json\/wp\/v2\/posts\/8452\/revisions\/15149"}],"wp:featuredmedia":[{"embeddable":true,"href":"https:\/\/enlatitud25.com\/news\/wp-json\/wp\/v2\/media\/8482"}],"wp:attachment":[{"href":"https:\/\/enlatitud25.com\/news\/wp-json\/wp\/v2\/media?parent=8452"}],"wp:term":[{"taxonomy":"category","embeddable":true,"href":"https:\/\/enlatitud25.com\/news\/wp-json\/wp\/v2\/categories?post=8452"},{"taxonomy":"post_tag","embeddable":true,"href":"https:\/\/enlatitud25.com\/news\/wp-json\/wp\/v2\/tags?post=8452"},{"taxonomy":"ubicacion","embeddable":true,"href":"https:\/\/enlatitud25.com\/news\/wp-json\/wp\/v2\/ubicacion?post=8452"}],"curies":[{"name":"wp","href":"https:\/\/api.w.org\/{rel}","templated":true}]}}