{"id":8339,"date":"2022-06-07T21:53:17","date_gmt":"2022-06-07T21:53:17","guid":{"rendered":"https:\/\/enlatitud25.com\/news\/?p=8339"},"modified":"2022-06-07T21:53:19","modified_gmt":"2022-06-07T21:53:19","slug":"7-de-cada-10-jovenes-ya-ni-se-aplico-la-tercera-dosis-anti-covid-19","status":"publish","type":"post","link":"https:\/\/enlatitud25.com\/news\/7-de-cada-10-jovenes-ya-ni-se-aplico-la-tercera-dosis-anti-covid-19\/","title":{"rendered":"7 de cada 10 j\u00f3venes ya ni se aplic\u00f3 la tercera dosis anti COVID-19"},"content":{"rendered":"\n<p>La desesperaci\u00f3n por adquirir vacunas anticovid a inicios de 2021 invadi\u00f3 a varios pa\u00edses del mundo y Paraguay no fue la excepci\u00f3n, ya que las complicaciones por la pandemia segu\u00edan llevando millones de vidas de j\u00f3venes y adultos.<\/p>\n\n\n\n<p>Luego de que se habilite la vacunaci\u00f3n para j\u00f3venes mayores de 18 a\u00f1os, a mediados del a\u00f1o pasado, los vacunatorios se llenaron de personas que esperaban hasta m\u00e1s de seis horas para recibir las dosis. Sin embargo, a pesar de que las recomendaciones del Ministerio de Salud y Bienestar Social y de la Organizaci\u00f3n Mundial de la Salud, que hablan de la necesidad de una tercera dosis, e incluso, una cuarta dosis de refuerzo, estas cifras fueron en descenso. <\/p>\n\n\n\n<p>Esta semana, el Ministerio de Salud confirm\u00f3 que ya est\u00e1 habilitada la cuarta dosis de refuerzo anti COVID-19 en todos los vacunatorios, de modo a poder evitar rebrotes importantes en las semanas fr\u00edas de julio y agosto, per\u00edodo que seg\u00fan los especialistas, es de esperar que haya un aumento natural y considerable de estos cuadros.<\/p>\n\n\n\n<figure class=\"wp-block-image size-full\"><img decoding=\"async\" loading=\"lazy\" width=\"800\" height=\"500\" src=\"https:\/\/enlatitud25.com\/news\/wp-content\/uploads\/2022\/06\/foto2-4.jpg\" alt=\"\" class=\"wp-image-8348\" srcset=\"https:\/\/enlatitud25.com\/news\/wp-content\/uploads\/2022\/06\/foto2-4.jpg 800w, https:\/\/enlatitud25.com\/news\/wp-content\/uploads\/2022\/06\/foto2-4-300x188.jpg 300w, https:\/\/enlatitud25.com\/news\/wp-content\/uploads\/2022\/06\/foto2-4-768x480.jpg 768w, https:\/\/enlatitud25.com\/news\/wp-content\/uploads\/2022\/06\/foto2-4-380x238.jpg 380w\" sizes=\"(max-width: 800px) 100vw, 800px\" \/><\/figure>\n\n\n\n<p class=\"has-medium-font-size\"><strong>&#8220;Hay que evitar da\u00f1os colaterales&#8221;<\/strong><\/p>\n\n\n\n<p>El Dr. H\u00e9ctor Castro, director del Programa Ampliado de Inmunizaciones (PAI), manifest\u00f3 en contacto con RadioCast25, que en ni\u00f1os de 5 a 11 a\u00f1os, el esquema de vacunaci\u00f3n de covid es de solo dos dosis. No obstante, hay un 50 % de deserci\u00f3n en la poblaci\u00f3n infantil, es decir; quienes deb\u00edan recibir la segunda dosis, no las est\u00e1n recibiendo. &#8220;Esto tiene que ver con volver a instalar la comunicaci\u00f3n asertiva con los padres&#8221;, indic\u00f3.<\/p>\n\n\n\n<p>En adolescentes, coment\u00f3 que 7 de 10 tampoco han completado la tercera dosis, lo que es un porcentaje alto. En el caso de los j\u00f3venes, de 18 a 29, hay una tasa de deserci\u00f3n de la tercera dosis del 70%.<\/p>\n\n\n\n<p>No obstante, aclar\u00f3 que a partir de los 40 a\u00f1os para adelante hay una mayor proporci\u00f3n de personas que completan sus esquemas. Para dar una idea, el 70% de los mayores de 70 a\u00f1os tienen 2 dosis y el 40% tiene tres dosis. Seg\u00fan H\u00e9ctor Castro, esto apunta a que los mayores de edad consideran la vacunaci\u00f3n como algo necesario dentro del cuidado de la salud. <\/p>\n\n\n\n<p>Asimismo, el doctor insisti\u00f3 en que los j\u00f3venes deben entender que vacunarse, no solo implica una protecci\u00f3n individual, sino que adem\u00e1s implica &#8220;disminuir los da\u00f1os colaterales dentro de la familia&#8221;, si uno padece de una infecci\u00f3n que puede ser prevenida por la vacuna. <\/p>\n\n\n\n<figure class=\"wp-block-image size-full\"><img decoding=\"async\" loading=\"lazy\" width=\"800\" height=\"500\" src=\"https:\/\/enlatitud25.com\/news\/wp-content\/uploads\/2022\/06\/foto3-4.jpg\" alt=\"\" class=\"wp-image-8345\" srcset=\"https:\/\/enlatitud25.com\/news\/wp-content\/uploads\/2022\/06\/foto3-4.jpg 800w, https:\/\/enlatitud25.com\/news\/wp-content\/uploads\/2022\/06\/foto3-4-300x188.jpg 300w, https:\/\/enlatitud25.com\/news\/wp-content\/uploads\/2022\/06\/foto3-4-768x480.jpg 768w, https:\/\/enlatitud25.com\/news\/wp-content\/uploads\/2022\/06\/foto3-4-380x238.jpg 380w\" sizes=\"(max-width: 800px) 100vw, 800px\" \/><\/figure>\n\n\n\n<p class=\"has-medium-font-size\"><strong>Inmunizarse para evitar aumento de internaci\u00f3n en invierno<\/strong><\/p>\n\n\n\n<p>El director del PAI habl\u00f3 de la importancia de inmunizarse ahora para prepararnos para el invierno, porque consider\u00f3 que en julio probablemente exista un aumento de casos de covid e influenza. En ese sentido, justamente inst\u00f3 a aprovechar para aplicarse tanto la dosis que falta de COVID-19, como la vacuna anual contra la influenza.<\/p>\n\n\n\n<p>Una persona puede recibir la cuarta dosis de Covid, siempre y cuando hayan pasado cuatro meses de haber recibido la \u00faltima dosis. <\/p>\n\n\n\n<p>Ratific\u00f3 que la coadministraci\u00f3n de ambas vacunas est\u00e1 habilitada, porque incluso existen recomendaciones de la OMS sobre la posibilidad de aplicarse en un brazo, la vacuna contra el Covid y en el otro, contra la influenza, porque no se anulan ni alteran entre s\u00ed.<\/p>\n\n\n\n<p>Manifest\u00f3 adem\u00e1s que la cuarta dosis, cobra mucha importancia en personas mayores de 50 a\u00f1os, en quienes tienen enfermedad de base o quienes necesiten viajar y que tienen un esquema de vacunaci\u00f3n tal vez no autorizado por alguna agencia de salud del pa\u00eds al que van, por dar ejemplos.<\/p>\n\n\n\n<figure class=\"wp-block-image size-full\"><img decoding=\"async\" loading=\"lazy\" width=\"800\" height=\"500\" src=\"https:\/\/enlatitud25.com\/news\/wp-content\/uploads\/2022\/06\/foto1-4.jpg\" alt=\"\" class=\"wp-image-8346\" srcset=\"https:\/\/enlatitud25.com\/news\/wp-content\/uploads\/2022\/06\/foto1-4.jpg 800w, https:\/\/enlatitud25.com\/news\/wp-content\/uploads\/2022\/06\/foto1-4-300x188.jpg 300w, https:\/\/enlatitud25.com\/news\/wp-content\/uploads\/2022\/06\/foto1-4-768x480.jpg 768w, https:\/\/enlatitud25.com\/news\/wp-content\/uploads\/2022\/06\/foto1-4-380x238.jpg 380w\" sizes=\"(max-width: 800px) 100vw, 800px\" \/><\/figure>\n\n\n\n<p class=\"has-medium-font-size\"><strong>Vigilancia de efectos secundarios &#8220;nunca antes vista&#8221;<\/strong><\/p>\n\n\n\n<p>El doctor Castro afirm\u00f3 que hay una percepci\u00f3n err\u00f3nea en relaci\u00f3n a los supuestos efectos negativos de la vacuna contra el Covid-19.<\/p>\n\n\n\n<p>Subray\u00f3 que estas dosis, de distintas farmac\u00e9uticas, se ha aplicado en m\u00e1s del 60% de la poblaci\u00f3n mundial. Adem\u00e1s asegur\u00f3 que existe una vigilancia nunca antes vista, en relaci\u00f3n a los efectos adversos que puede generar la vacuna, &#8220;con una evidencia que nos fortalece decirlo sin ning\u00fan tipo de titubeos&#8221;. <\/p>\n\n\n\n<p>Record\u00f3 que las personas pueden acercarse a cualquier vacunatorio, listado que van a encontrar en la p\u00e1gina <a href=\"https:\/\/www.vacunate.gov.py\/index-centro-vacunacion.html\" target=\"_blank\" rel=\"noreferrer noopener\">www.vacunate.gov.py<\/a>.<\/p>\n\n\n\n<p>Finalmente, dijo que est\u00e1n recorriendo los lugares de mayor concentraci\u00f3n de grupos para hacer las vacunaciones, como las canchas de v\u00f3ley o de p\u00e1del y tambi\u00e9n las escuelas, en alianza con el Ministerio de Educaci\u00f3n. <\/p>\n\n\n\n<p>&#8220;Las vacunas est\u00e1n disponibles y estamos tratando de acercarnos m\u00e1s a las personas, porque nos preocupa es que llegar con una cobertura baja para los pr\u00f3ximos meses y que aumenten de nuevo las tasas de internaci\u00f3n&#8221;, enfatiz\u00f3. <\/p>\n\n\n\n<p><\/p>\n","protected":false},"excerpt":{"rendered":"Luego del entusiasmo inicial y la desesperaci\u00f3n por obtener las vacunas contra el COVID-19, con el objetivo de evitar m\u00e1s muertes, la cantidad de gente que recibi\u00f3 las dosis de refuerzo fue decreciendo en los \u00faltimos meses. En el caso de ni\u00f1os de entre 5 a 12 a\u00f1os, hay una deserci\u00f3n del 50% para la segunda dosis. En j\u00f3venes de 18 a 29 a\u00f1os, trepa a un 70%, los que no recibieron la tercera dosis. Ya est\u00e1 habilitada la cuarta dosis anti Covid-19 para evitar rebrotes en invierno.\n","protected":false},"author":1,"featured_media":8347,"comment_status":"closed","ping_status":"closed","sticky":false,"template":"","format":"standard","meta":[],"categories":[20],"tags":[808,79,1056,88,28,89],"ubicacion":[18],"yoast_head":"<!-- This site is optimized with the Yoast SEO plugin v20.8 - https:\/\/yoast.com\/wordpress\/plugins\/seo\/ -->\n<title>7 de cada 10 j\u00f3venes ya ni se aplic\u00f3 la tercera dosis anti COVID-19 &ndash; Latitud25<\/title>\n<meta name=\"description\" content=\"Mir\u00e1 nuestros reportajes audiovisuales y seguinos para enterarte de las \u00faltimas noticias de Paraguay y el mundo, desde la Latitud25. Somos Alternativa de Informaci\u00f3n.\" \/>\n<meta name=\"robots\" content=\"index, follow, max-snippet:-1, max-image-preview:large, max-video-preview:-1\" \/>\n<link rel=\"canonical\" href=\"https:\/\/enlatitud25.com\/news\/7-de-cada-10-jovenes-ya-ni-se-aplico-la-tercera-dosis-anti-covid-19\/\" \/>\n<meta property=\"og:locale\" content=\"es_ES\" \/>\n<meta property=\"og:type\" content=\"article\" \/>\n<meta property=\"og:title\" content=\"7 de cada 10 j\u00f3venes ya ni se aplic\u00f3 la tercera dosis anti COVID-19 &ndash; Latitud25\" \/>\n<meta property=\"og:description\" content=\"Mir\u00e1 nuestros reportajes audiovisuales y seguinos para enterarte de las \u00faltimas noticias de Paraguay y el mundo, desde la Latitud25. Somos Alternativa de Informaci\u00f3n.\" \/>\n<meta property=\"og:url\" content=\"https:\/\/enlatitud25.com\/news\/7-de-cada-10-jovenes-ya-ni-se-aplico-la-tercera-dosis-anti-covid-19\/\" \/>\n<meta property=\"og:site_name\" content=\"Latitud25\" \/>\n<meta property=\"article:publisher\" content=\"https:\/\/www.facebook.com\/EnLatitud25\" \/>\n<meta property=\"article:author\" content=\"https:\/\/www.facebook.com\/EnLatitud25\" \/>\n<meta property=\"article:published_time\" content=\"2022-06-07T21:53:17+00:00\" \/>\n<meta property=\"article:modified_time\" content=\"2022-06-07T21:53:19+00:00\" \/>\n<meta property=\"og:image\" content=\"https:\/\/enlatitud25.com\/news\/wp-content\/uploads\/2022\/06\/portada_vacunas.jpg\" \/>\n\t<meta property=\"og:image:width\" content=\"800\" \/>\n\t<meta property=\"og:image:height\" content=\"500\" \/>\n\t<meta property=\"og:image:type\" content=\"image\/jpeg\" \/>\n<meta name=\"author\" content=\"Latitud 25\" \/>\n<meta name=\"twitter:card\" content=\"summary_large_image\" \/>\n<meta name=\"twitter:creator\" content=\"@EnLatitud25\" \/>\n<meta name=\"twitter:site\" content=\"@EnLatitud25\" \/>\n<meta name=\"twitter:label1\" content=\"Escrito por\" \/>\n\t<meta name=\"twitter:data1\" content=\"Latitud 25\" \/>\n\t<meta name=\"twitter:label2\" content=\"Tiempo de lectura\" \/>\n\t<meta name=\"twitter:data2\" content=\"5 minutos\" \/>\n<script type=\"application\/ld+json\" class=\"yoast-schema-graph\">{\"@context\":\"https:\/\/schema.org\",\"@graph\":[{\"@type\":\"Article\",\"@id\":\"https:\/\/enlatitud25.com\/news\/7-de-cada-10-jovenes-ya-ni-se-aplico-la-tercera-dosis-anti-covid-19\/#article\",\"isPartOf\":{\"@id\":\"https:\/\/enlatitud25.com\/news\/7-de-cada-10-jovenes-ya-ni-se-aplico-la-tercera-dosis-anti-covid-19\/\"},\"author\":{\"name\":\"Latitud 25\",\"@id\":\"https:\/\/enlatitud25.com\/news\/#\/schema\/person\/23aafe968917005a721b8eb760f2586e\"},\"headline\":\"7 de cada 10 j\u00f3venes ya ni se aplic\u00f3 la tercera dosis anti COVID-19\",\"datePublished\":\"2022-06-07T21:53:17+00:00\",\"dateModified\":\"2022-06-07T21:53:19+00:00\",\"mainEntityOfPage\":{\"@id\":\"https:\/\/enlatitud25.com\/news\/7-de-cada-10-jovenes-ya-ni-se-aplico-la-tercera-dosis-anti-covid-19\/\"},\"wordCount\":807,\"publisher\":{\"@id\":\"https:\/\/enlatitud25.com\/news\/#organization\"},\"keywords\":[\"anticovid\",\"COVID-19\",\"deserci\u00f3n\",\"inmunidad\",\"Pandemia\",\"vacuna\"],\"articleSection\":[\"Salud\"],\"inLanguage\":\"es\"},{\"@type\":\"WebPage\",\"@id\":\"https:\/\/enlatitud25.com\/news\/7-de-cada-10-jovenes-ya-ni-se-aplico-la-tercera-dosis-anti-covid-19\/\",\"url\":\"https:\/\/enlatitud25.com\/news\/7-de-cada-10-jovenes-ya-ni-se-aplico-la-tercera-dosis-anti-covid-19\/\",\"name\":\"7 de cada 10 j\u00f3venes ya ni se aplic\u00f3 la tercera dosis anti COVID-19 &ndash; Latitud25\",\"isPartOf\":{\"@id\":\"https:\/\/enlatitud25.com\/news\/#website\"},\"datePublished\":\"2022-06-07T21:53:17+00:00\",\"dateModified\":\"2022-06-07T21:53:19+00:00\",\"description\":\"Mir\u00e1 nuestros reportajes audiovisuales y seguinos para enterarte de las \u00faltimas noticias de Paraguay y el mundo, desde la Latitud25. Somos Alternativa de Informaci\u00f3n.\",\"breadcrumb\":{\"@id\":\"https:\/\/enlatitud25.com\/news\/7-de-cada-10-jovenes-ya-ni-se-aplico-la-tercera-dosis-anti-covid-19\/#breadcrumb\"},\"inLanguage\":\"es\",\"potentialAction\":[{\"@type\":\"ReadAction\",\"target\":[\"https:\/\/enlatitud25.com\/news\/7-de-cada-10-jovenes-ya-ni-se-aplico-la-tercera-dosis-anti-covid-19\/\"]}]},{\"@type\":\"BreadcrumbList\",\"@id\":\"https:\/\/enlatitud25.com\/news\/7-de-cada-10-jovenes-ya-ni-se-aplico-la-tercera-dosis-anti-covid-19\/#breadcrumb\",\"itemListElement\":[{\"@type\":\"ListItem\",\"position\":1,\"name\":\"Home\",\"item\":\"https:\/\/enlatitud25.com\/news\/\"},{\"@type\":\"ListItem\",\"position\":2,\"name\":\"7 de cada 10 j\u00f3venes ya ni se aplic\u00f3 la tercera dosis anti COVID-19\"}]},{\"@type\":\"WebSite\",\"@id\":\"https:\/\/enlatitud25.com\/news\/#website\",\"url\":\"https:\/\/enlatitud25.com\/news\/\",\"name\":\"Latitud25\",\"description\":\"news\",\"publisher\":{\"@id\":\"https:\/\/enlatitud25.com\/news\/#organization\"},\"potentialAction\":[{\"@type\":\"SearchAction\",\"target\":{\"@type\":\"EntryPoint\",\"urlTemplate\":\"https:\/\/enlatitud25.com\/news\/?s={search_term_string}\"},\"query-input\":\"required name=search_term_string\"}],\"inLanguage\":\"es\"},{\"@type\":\"Organization\",\"@id\":\"https:\/\/enlatitud25.com\/news\/#organization\",\"name\":\"Latitud 25 - News\",\"url\":\"https:\/\/enlatitud25.com\/news\/\",\"logo\":{\"@type\":\"ImageObject\",\"inLanguage\":\"es\",\"@id\":\"https:\/\/enlatitud25.com\/news\/#\/schema\/logo\/image\/\",\"url\":\"https:\/\/enlatitud25.com\/news\/wp-content\/uploads\/2020\/11\/logo_latitud.png\",\"contentUrl\":\"https:\/\/enlatitud25.com\/news\/wp-content\/uploads\/2020\/11\/logo_latitud.png\",\"width\":235,\"height\":39,\"caption\":\"Latitud 25 - News\"},\"image\":{\"@id\":\"https:\/\/enlatitud25.com\/news\/#\/schema\/logo\/image\/\"},\"sameAs\":[\"https:\/\/www.facebook.com\/EnLatitud25\",\"https:\/\/twitter.com\/EnLatitud25\",\"https:\/\/www.instagram.com\/enlatitud25\/\",\"https:\/\/www.youtube.com\/user\/desdelatitud25\"]},{\"@type\":\"Person\",\"@id\":\"https:\/\/enlatitud25.com\/news\/#\/schema\/person\/23aafe968917005a721b8eb760f2586e\",\"name\":\"Latitud 25\",\"sameAs\":[\"https:\/\/enlatitud25.com\/news\",\"https:\/\/www.facebook.com\/EnLatitud25\",\"https:\/\/www.instagram.com\/enlatitud25\",\"https:\/\/www.youtube.com\/user\/desdelatitud25\",\"https:\/\/soundcloud.com\/enlatitud25\"],\"url\":\"https:\/\/enlatitud25.com\/news\/author\/nnews-uss00\/\"}]}<\/script>\n<!-- \/ Yoast SEO plugin. -->","yoast_head_json":{"title":"7 de cada 10 j\u00f3venes ya ni se aplic\u00f3 la tercera dosis anti COVID-19 &ndash; Latitud25","description":"Mir\u00e1 nuestros reportajes audiovisuales y seguinos para enterarte de las \u00faltimas noticias de Paraguay y el mundo, desde la Latitud25. Somos Alternativa de Informaci\u00f3n.","robots":{"index":"index","follow":"follow","max-snippet":"max-snippet:-1","max-image-preview":"max-image-preview:large","max-video-preview":"max-video-preview:-1"},"canonical":"https:\/\/enlatitud25.com\/news\/7-de-cada-10-jovenes-ya-ni-se-aplico-la-tercera-dosis-anti-covid-19\/","og_locale":"es_ES","og_type":"article","og_title":"7 de cada 10 j\u00f3venes ya ni se aplic\u00f3 la tercera dosis anti COVID-19 &ndash; Latitud25","og_description":"Mir\u00e1 nuestros reportajes audiovisuales y seguinos para enterarte de las \u00faltimas noticias de Paraguay y el mundo, desde la Latitud25. Somos Alternativa de Informaci\u00f3n.","og_url":"https:\/\/enlatitud25.com\/news\/7-de-cada-10-jovenes-ya-ni-se-aplico-la-tercera-dosis-anti-covid-19\/","og_site_name":"Latitud25","article_publisher":"https:\/\/www.facebook.com\/EnLatitud25","article_author":"https:\/\/www.facebook.com\/EnLatitud25","article_published_time":"2022-06-07T21:53:17+00:00","article_modified_time":"2022-06-07T21:53:19+00:00","og_image":[{"width":800,"height":500,"url":"https:\/\/enlatitud25.com\/news\/wp-content\/uploads\/2022\/06\/portada_vacunas.jpg","type":"image\/jpeg"}],"author":"Latitud 25","twitter_card":"summary_large_image","twitter_creator":"@EnLatitud25","twitter_site":"@EnLatitud25","twitter_misc":{"Escrito por":"Latitud 25","Tiempo de lectura":"5 minutos"},"schema":{"@context":"https:\/\/schema.org","@graph":[{"@type":"Article","@id":"https:\/\/enlatitud25.com\/news\/7-de-cada-10-jovenes-ya-ni-se-aplico-la-tercera-dosis-anti-covid-19\/#article","isPartOf":{"@id":"https:\/\/enlatitud25.com\/news\/7-de-cada-10-jovenes-ya-ni-se-aplico-la-tercera-dosis-anti-covid-19\/"},"author":{"name":"Latitud 25","@id":"https:\/\/enlatitud25.com\/news\/#\/schema\/person\/23aafe968917005a721b8eb760f2586e"},"headline":"7 de cada 10 j\u00f3venes ya ni se aplic\u00f3 la tercera dosis anti COVID-19","datePublished":"2022-06-07T21:53:17+00:00","dateModified":"2022-06-07T21:53:19+00:00","mainEntityOfPage":{"@id":"https:\/\/enlatitud25.com\/news\/7-de-cada-10-jovenes-ya-ni-se-aplico-la-tercera-dosis-anti-covid-19\/"},"wordCount":807,"publisher":{"@id":"https:\/\/enlatitud25.com\/news\/#organization"},"keywords":["anticovid","COVID-19","deserci\u00f3n","inmunidad","Pandemia","vacuna"],"articleSection":["Salud"],"inLanguage":"es"},{"@type":"WebPage","@id":"https:\/\/enlatitud25.com\/news\/7-de-cada-10-jovenes-ya-ni-se-aplico-la-tercera-dosis-anti-covid-19\/","url":"https:\/\/enlatitud25.com\/news\/7-de-cada-10-jovenes-ya-ni-se-aplico-la-tercera-dosis-anti-covid-19\/","name":"7 de cada 10 j\u00f3venes ya ni se aplic\u00f3 la tercera dosis anti COVID-19 &ndash; Latitud25","isPartOf":{"@id":"https:\/\/enlatitud25.com\/news\/#website"},"datePublished":"2022-06-07T21:53:17+00:00","dateModified":"2022-06-07T21:53:19+00:00","description":"Mir\u00e1 nuestros reportajes audiovisuales y seguinos para enterarte de las \u00faltimas noticias de Paraguay y el mundo, desde la Latitud25. Somos Alternativa de Informaci\u00f3n.","breadcrumb":{"@id":"https:\/\/enlatitud25.com\/news\/7-de-cada-10-jovenes-ya-ni-se-aplico-la-tercera-dosis-anti-covid-19\/#breadcrumb"},"inLanguage":"es","potentialAction":[{"@type":"ReadAction","target":["https:\/\/enlatitud25.com\/news\/7-de-cada-10-jovenes-ya-ni-se-aplico-la-tercera-dosis-anti-covid-19\/"]}]},{"@type":"BreadcrumbList","@id":"https:\/\/enlatitud25.com\/news\/7-de-cada-10-jovenes-ya-ni-se-aplico-la-tercera-dosis-anti-covid-19\/#breadcrumb","itemListElement":[{"@type":"ListItem","position":1,"name":"Home","item":"https:\/\/enlatitud25.com\/news\/"},{"@type":"ListItem","position":2,"name":"7 de cada 10 j\u00f3venes ya ni se aplic\u00f3 la tercera dosis anti COVID-19"}]},{"@type":"WebSite","@id":"https:\/\/enlatitud25.com\/news\/#website","url":"https:\/\/enlatitud25.com\/news\/","name":"Latitud25","description":"news","publisher":{"@id":"https:\/\/enlatitud25.com\/news\/#organization"},"potentialAction":[{"@type":"SearchAction","target":{"@type":"EntryPoint","urlTemplate":"https:\/\/enlatitud25.com\/news\/?s={search_term_string}"},"query-input":"required name=search_term_string"}],"inLanguage":"es"},{"@type":"Organization","@id":"https:\/\/enlatitud25.com\/news\/#organization","name":"Latitud 25 - News","url":"https:\/\/enlatitud25.com\/news\/","logo":{"@type":"ImageObject","inLanguage":"es","@id":"https:\/\/enlatitud25.com\/news\/#\/schema\/logo\/image\/","url":"https:\/\/enlatitud25.com\/news\/wp-content\/uploads\/2020\/11\/logo_latitud.png","contentUrl":"https:\/\/enlatitud25.com\/news\/wp-content\/uploads\/2020\/11\/logo_latitud.png","width":235,"height":39,"caption":"Latitud 25 - News"},"image":{"@id":"https:\/\/enlatitud25.com\/news\/#\/schema\/logo\/image\/"},"sameAs":["https:\/\/www.facebook.com\/EnLatitud25","https:\/\/twitter.com\/EnLatitud25","https:\/\/www.instagram.com\/enlatitud25\/","https:\/\/www.youtube.com\/user\/desdelatitud25"]},{"@type":"Person","@id":"https:\/\/enlatitud25.com\/news\/#\/schema\/person\/23aafe968917005a721b8eb760f2586e","name":"Latitud 25","sameAs":["https:\/\/enlatitud25.com\/news","https:\/\/www.facebook.com\/EnLatitud25","https:\/\/www.instagram.com\/enlatitud25","https:\/\/www.youtube.com\/user\/desdelatitud25","https:\/\/soundcloud.com\/enlatitud25"],"url":"https:\/\/enlatitud25.com\/news\/author\/nnews-uss00\/"}]}},"_links":{"self":[{"href":"https:\/\/enlatitud25.com\/news\/wp-json\/wp\/v2\/posts\/8339"}],"collection":[{"href":"https:\/\/enlatitud25.com\/news\/wp-json\/wp\/v2\/posts"}],"about":[{"href":"https:\/\/enlatitud25.com\/news\/wp-json\/wp\/v2\/types\/post"}],"author":[{"embeddable":true,"href":"https:\/\/enlatitud25.com\/news\/wp-json\/wp\/v2\/users\/1"}],"replies":[{"embeddable":true,"href":"https:\/\/enlatitud25.com\/news\/wp-json\/wp\/v2\/comments?post=8339"}],"version-history":[{"count":14,"href":"https:\/\/enlatitud25.com\/news\/wp-json\/wp\/v2\/posts\/8339\/revisions"}],"predecessor-version":[{"id":8366,"href":"https:\/\/enlatitud25.com\/news\/wp-json\/wp\/v2\/posts\/8339\/revisions\/8366"}],"wp:featuredmedia":[{"embeddable":true,"href":"https:\/\/enlatitud25.com\/news\/wp-json\/wp\/v2\/media\/8347"}],"wp:attachment":[{"href":"https:\/\/enlatitud25.com\/news\/wp-json\/wp\/v2\/media?parent=8339"}],"wp:term":[{"taxonomy":"category","embeddable":true,"href":"https:\/\/enlatitud25.com\/news\/wp-json\/wp\/v2\/categories?post=8339"},{"taxonomy":"post_tag","embeddable":true,"href":"https:\/\/enlatitud25.com\/news\/wp-json\/wp\/v2\/tags?post=8339"},{"taxonomy":"ubicacion","embeddable":true,"href":"https:\/\/enlatitud25.com\/news\/wp-json\/wp\/v2\/ubicacion?post=8339"}],"curies":[{"name":"wp","href":"https:\/\/api.w.org\/{rel}","templated":true}]}}