{"id":8037,"date":"2022-05-18T16:37:00","date_gmt":"2022-05-18T16:37:00","guid":{"rendered":"https:\/\/enlatitud25.com\/news\/?p=8037"},"modified":"2022-05-18T16:59:56","modified_gmt":"2022-05-18T16:59:56","slug":"asesinato-de-nina-de-tres-anos-revela-circulo-de-tortura-intrafamiliar-constante","status":"publish","type":"post","link":"https:\/\/enlatitud25.com\/news\/asesinato-de-nina-de-tres-anos-revela-circulo-de-tortura-intrafamiliar-constante\/","title":{"rendered":"Asesinato de ni\u00f1a de tres a\u00f1os revela c\u00edrculo de tortura intrafamiliar constante"},"content":{"rendered":"\n<p>En la ma\u00f1ana de hoy se conoci\u00f3 un brutal caso de violencia que incluso deriv\u00f3 en la muerte a golpes de una ni\u00f1a de tres a\u00f1os en la localidad de Repatriaci\u00f3n. Este caso ampl\u00eda la dram\u00e1tica cifra de menores que son v\u00edctimas de c\u00edrculos de violencia intrafamiliar, ante una sociedad que todav\u00eda parece no entender la necesidad de intervenir estas situaciones y dejar de lado el &#8220;no te metas, es un tema de familia&#8221;.<\/p>\n\n\n\n<p>Ayer a la media noche, llegaron al hospital regional de Caaguaz\u00fa, una ni\u00f1a de 3 a\u00f1os ya sin signos de vida, tra\u00edda en motocicleta por su madre y su padrastro, ambos mayores de edad. La pareja inicialmente argument\u00f3 que la ni\u00f1a hab\u00eda ca\u00eddo de la moto y que a eso se deb\u00edan las numerosas contusiones en el cuerpo de la menor.<\/p>\n\n\n\n<p>La pediatra del centro asistencial que inspeccion\u00f3 el cuerpo de la ni\u00f1a, identific\u00f3 heridas m\u00e1s antiguas a las del supuesto episodio de la moto y llam\u00f3 al Ministerio P\u00fablico a informar de este llamativo hallazgo.<\/p>\n\n\n\n<p>Minutos despu\u00e9s, volvi\u00f3 a llamar para comentar que la madre se descompas\u00f3 y que hab\u00eda reconocido que el padrastro la hab\u00eda asesinado a golpes repetidos mientras que la menor lloraba pidiendo auxilio. <\/p>\n\n\n\n<p class=\"has-medium-font-size\">&#8220;<strong>Nunca vimos un caso como este<\/strong>&#8220;<\/p>\n\n\n\n<p>La fiscala Norma Salinas coment\u00f3 \u2013en comunicaci\u00f3n con RadioCast25\u2013 que tras llegar al hospital regional, ingres\u00f3 con el equipo interviniente a inspeccionar ya el cuerpo sin vida de la ni\u00f1a. <\/p>\n\n\n\n<p>&#8220;Encontramos que tiene m\u00faltiples heridas antiguas y recientes, a lo largo de todo el cuerpo. Hasta el animalito cuida de las criaturas, de los beb\u00e9s, ac\u00e1 una persona salvajemente mat\u00f3 a golpes y  (se nota que) ven\u00eda haciendo una serie de violencia contra la criatura, que tiene totalmente el cuerpo cubierto de lesiones&#8221;, relat\u00f3. <\/p>\n\n\n\n<figure class=\"wp-block-image size-full\"><img decoding=\"async\" loading=\"lazy\" width=\"800\" height=\"500\" src=\"https:\/\/enlatitud25.com\/news\/wp-content\/uploads\/2022\/05\/pag1-7.jpg\" alt=\"\" class=\"wp-image-8043\" srcset=\"https:\/\/enlatitud25.com\/news\/wp-content\/uploads\/2022\/05\/pag1-7.jpg 800w, https:\/\/enlatitud25.com\/news\/wp-content\/uploads\/2022\/05\/pag1-7-300x188.jpg 300w, https:\/\/enlatitud25.com\/news\/wp-content\/uploads\/2022\/05\/pag1-7-768x480.jpg 768w, https:\/\/enlatitud25.com\/news\/wp-content\/uploads\/2022\/05\/pag1-7-380x238.jpg 380w\" sizes=\"(max-width: 800px) 100vw, 800px\" \/><\/figure>\n\n\n\n<p>En ese punto, confes\u00f3 que en toda su carrera profesional no hab\u00eda intervenido en un caso tan brutal como este. <\/p>\n\n\n\n<p>&#8220;Nunca vi un caso de esta naturaleza, nunca. La madre es imputada en grado de complicidad&#8221;, apunt\u00f3. <\/p>\n\n\n\n<p>Por su parte, el m\u00e9dico forense, F\u00e9lix Flores, reconoci\u00f3 tambi\u00e9n \u2013durante una entrevista con ABC TV, que durante toda su experiencia como forense no vio hasta ahora, que una ni\u00f1a a tan corta edad, haya sufrido este tipo de lesiones sin que nadie le haya podido defender. <\/p>\n\n\n\n<p>&#8220;Ten\u00eda lesiones nuevas, como lesiones recientes, como lesiones de hace una semana, as\u00ed como lesiones antiguas ya cicatrizadas, por lo tanto, se ve\u00eda que era torturada m\u00e1s o menos en la casa, por lo que nos quedamos consternados con el tema y solicitamos la autopsia en la Morgue del Ministerio P\u00fablico en Asunci\u00f3n para determinar si fue abusada&#8221;, manifest\u00f3 el forense. <\/p>\n\n\n\n<p class=\"has-medium-font-size\"><strong>Denunciar violencia, no es &#8220;meterse en temas de familia&#8221; para que la Fiscal\u00eda no le moleste<\/strong><\/p>\n\n\n\n<p>La agente fiscal del caso hizo hincapi\u00e9 en la necesidad de que este caso sea conocido para tomar consciencia sobre la importancia de proteger a los ni\u00f1os, ni\u00f1as y adolescentes. <\/p>\n\n\n\n<p>&#8220;Hay que socializar este tipo de hechos para que, si hay ni\u00f1os que sufren este tipo de violencia, se denuncie. Ac\u00e1 tanto vecinos como familiares tuvieron que ver alguna vez lo mucho que sufri\u00f3 la nena, porque son son antiguas y recientes las heridas que sufri\u00f3 la nena&#8221;. P\u00f3nganse en el lugar de la nena, cu\u00e1nto sufri\u00f3 esta ni\u00f1a, cu\u00e1nto tiempo, cu\u00e1ntas salvajadas&#8221;, lament\u00f3.<\/p>\n\n\n\n<figure class=\"wp-block-image size-full\"><img decoding=\"async\" loading=\"lazy\" width=\"800\" height=\"500\" src=\"https:\/\/enlatitud25.com\/news\/wp-content\/uploads\/2022\/05\/pag2-7.jpg\" alt=\"\" class=\"wp-image-8044\" srcset=\"https:\/\/enlatitud25.com\/news\/wp-content\/uploads\/2022\/05\/pag2-7.jpg 800w, https:\/\/enlatitud25.com\/news\/wp-content\/uploads\/2022\/05\/pag2-7-300x188.jpg 300w, https:\/\/enlatitud25.com\/news\/wp-content\/uploads\/2022\/05\/pag2-7-768x480.jpg 768w, https:\/\/enlatitud25.com\/news\/wp-content\/uploads\/2022\/05\/pag2-7-380x238.jpg 380w\" sizes=\"(max-width: 800px) 100vw, 800px\" \/><\/figure>\n\n\n\n<p>&#8220;La gente te dice: &#8216;Ndahas\u00e9i che la Fiscal\u00edape, porque ndaipot\u00e1i che molest\u00e1&#8217; y mientras tanto van a seguir muriendo los ni\u00f1os si no nos ponemos las pilas de protegerlos&#8221;, agreg\u00f3 con la voz entrecortada. <\/p>\n\n\n\n<p>Finalmente, resalt\u00f3 que va a constituirse en la casa de la familia, para indagar m\u00e1s sobre estas torturas sistem\u00e1ticas.<\/p>\n\n\n\n<p>Asimismo, cabe resaltar que el padrastro de la menor, ya detenido, durante las declaraciones que dio a la prensa de Caaguaz\u00fa, reconoci\u00f3 que le peg\u00f3 a la ni\u00f1a con una manguera varias veces y tambi\u00e9n con la mano. Dijo tambi\u00e9n que antes ya le hab\u00eda lastimado con una varilla. <\/p>\n\n\n\n<p>Adem\u00e1s, el hombre manifest\u00f3 que supuestamente la madre de la v\u00edctima no hizo nada para impedirlo y cont\u00f3 que el hecho se habr\u00eda registrado alrededor de las 19:00, mientras que seg\u00fan el relato de la fiscala, la ni\u00f1a habr\u00eda llegado alrededor de la media noche al hospital, es decir, varias horas despu\u00e9s de la brutal agresi\u00f3n.<\/p>\n\n\n\n<p class=\"has-medium-font-size\"><strong>Todos somos responsables<\/strong><\/p>\n\n\n\n<p>Es importante recalcar que ante cualquier conocimiento de abuso o violencia contra ni\u00f1os, ni\u00f1as y adolescentes las personas adultas est\u00e1n obligadas, por ley, a denunciar ante la Fiscal\u00eda o cualquier \u00f3rgano protector de la ni\u00f1ez.<\/p>\n\n\n\n<p>Para el efecto, est\u00e1n disponibles la defensor\u00eda el 147 Fono Ayuda del MINNA, el 911 Polic\u00eda Nacional del Paraguay y 133 Defensor\u00eda de la Ni\u00f1ez y la Adolescencia.<\/p>\n\n\n\n<p><strong>Le\u00e9 la nota completa: <a href=\"https:\/\/enlatitud25.com\/news\/si-estas-al-tanto-de-un-caso-de-abuso-y-no-lo-denunciaste-sos-un-complice-mas\/\" target=\"_blank\" rel=\"noreferrer noopener\">Si est\u00e1s al tanto de un caso de abuso y no lo denunciaste, sos un c\u00f3mplice m\u00e1s<\/a><\/strong><\/p>\n\n\n\n<p><\/p>\n\n\n\n<figure class=\"wp-block-image size-full\"><img decoding=\"async\" loading=\"lazy\" width=\"800\" height=\"500\" src=\"https:\/\/enlatitud25.com\/news\/wp-content\/uploads\/2022\/05\/portada.jpg\" alt=\"\" class=\"wp-image-7905\" srcset=\"https:\/\/enlatitud25.com\/news\/wp-content\/uploads\/2022\/05\/portada.jpg 800w, https:\/\/enlatitud25.com\/news\/wp-content\/uploads\/2022\/05\/portada-300x188.jpg 300w, https:\/\/enlatitud25.com\/news\/wp-content\/uploads\/2022\/05\/portada-768x480.jpg 768w, https:\/\/enlatitud25.com\/news\/wp-content\/uploads\/2022\/05\/portada-380x238.jpg 380w\" sizes=\"(max-width: 800px) 100vw, 800px\" \/><\/figure>\n\n\n\n<p><\/p>\n\n\n\n<p><\/p>\n\n\n\n<p><\/p>\n\n\n\n<p><\/p>\n","protected":false},"excerpt":{"rendered":"Una ni\u00f1a de tres a\u00f1os de edad fue asesinada a golpes por su padrastro en la localidad de Repatriaci\u00f3n, Caaguaz\u00fa. El relato de los hechos por parte de los intervinientes evidencia una tremenda consternaci\u00f3n por lo ocurrido. No obstante, pese a lo deplorable que pueden ser los detalles, la fiscala Norma Salinas pidi\u00f3 que el caso sea socializado, para que familiares y vecinos se animen a denunciar cualquier evidencia de violencia, para que otro ni\u00f1o, ni\u00f1a o adolescente no sea v\u00edctima de tortura, sufrimiento y muerte.\n","protected":false},"author":1,"featured_media":8042,"comment_status":"closed","ping_status":"closed","sticky":false,"template":"","format":"standard","meta":[],"categories":[12],"tags":[446,646,1028,210,1030,1027,1029,515,74],"ubicacion":[18],"yoast_head":"<!-- This site is optimized with the Yoast SEO plugin v20.8 - https:\/\/yoast.com\/wordpress\/plugins\/seo\/ -->\n<title>Asesinato de ni\u00f1a de tres a\u00f1os revela c\u00edrculo de tortura intrafamiliar constante &ndash; Latitud25<\/title>\n<meta name=\"description\" content=\"Mir\u00e1 nuestros reportajes audiovisuales y seguinos para enterarte de las \u00faltimas noticias de Paraguay y el mundo, desde la Latitud25. Somos Alternativa de Informaci\u00f3n.\" \/>\n<meta name=\"robots\" content=\"index, follow, max-snippet:-1, max-image-preview:large, max-video-preview:-1\" \/>\n<link rel=\"canonical\" href=\"https:\/\/enlatitud25.com\/news\/asesinato-de-nina-de-tres-anos-revela-circulo-de-tortura-intrafamiliar-constante\/\" \/>\n<meta property=\"og:locale\" content=\"es_ES\" \/>\n<meta property=\"og:type\" content=\"article\" \/>\n<meta property=\"og:title\" content=\"Asesinato de ni\u00f1a de tres a\u00f1os revela c\u00edrculo de tortura intrafamiliar constante &ndash; Latitud25\" \/>\n<meta property=\"og:description\" content=\"Mir\u00e1 nuestros reportajes audiovisuales y seguinos para enterarte de las \u00faltimas noticias de Paraguay y el mundo, desde la Latitud25. Somos Alternativa de Informaci\u00f3n.\" \/>\n<meta property=\"og:url\" content=\"https:\/\/enlatitud25.com\/news\/asesinato-de-nina-de-tres-anos-revela-circulo-de-tortura-intrafamiliar-constante\/\" \/>\n<meta property=\"og:site_name\" content=\"Latitud25\" \/>\n<meta property=\"article:publisher\" content=\"https:\/\/www.facebook.com\/EnLatitud25\" \/>\n<meta property=\"article:author\" content=\"https:\/\/www.facebook.com\/EnLatitud25\" \/>\n<meta property=\"article:published_time\" content=\"2022-05-18T16:37:00+00:00\" \/>\n<meta property=\"article:modified_time\" content=\"2022-05-18T16:59:56+00:00\" \/>\n<meta property=\"og:image\" content=\"https:\/\/enlatitud25.com\/news\/wp-content\/uploads\/2022\/05\/portada_nin\u0303a_abusoviolencia.jpg\" \/>\n\t<meta property=\"og:image:width\" content=\"800\" \/>\n\t<meta property=\"og:image:height\" content=\"500\" \/>\n\t<meta property=\"og:image:type\" content=\"image\/jpeg\" \/>\n<meta name=\"author\" content=\"Latitud 25\" \/>\n<meta name=\"twitter:card\" content=\"summary_large_image\" \/>\n<meta name=\"twitter:creator\" content=\"@EnLatitud25\" \/>\n<meta name=\"twitter:site\" content=\"@EnLatitud25\" \/>\n<meta name=\"twitter:label1\" content=\"Escrito por\" \/>\n\t<meta name=\"twitter:data1\" content=\"Latitud 25\" \/>\n\t<meta name=\"twitter:label2\" content=\"Tiempo de lectura\" \/>\n\t<meta name=\"twitter:data2\" content=\"5 minutos\" \/>\n<script type=\"application\/ld+json\" class=\"yoast-schema-graph\">{\"@context\":\"https:\/\/schema.org\",\"@graph\":[{\"@type\":\"Article\",\"@id\":\"https:\/\/enlatitud25.com\/news\/asesinato-de-nina-de-tres-anos-revela-circulo-de-tortura-intrafamiliar-constante\/#article\",\"isPartOf\":{\"@id\":\"https:\/\/enlatitud25.com\/news\/asesinato-de-nina-de-tres-anos-revela-circulo-de-tortura-intrafamiliar-constante\/\"},\"author\":{\"name\":\"Latitud 25\",\"@id\":\"https:\/\/enlatitud25.com\/news\/#\/schema\/person\/23aafe968917005a721b8eb760f2586e\"},\"headline\":\"Asesinato de ni\u00f1a de tres a\u00f1os revela c\u00edrculo de tortura intrafamiliar constante\",\"datePublished\":\"2022-05-18T16:37:00+00:00\",\"dateModified\":\"2022-05-18T16:59:56+00:00\",\"mainEntityOfPage\":{\"@id\":\"https:\/\/enlatitud25.com\/news\/asesinato-de-nina-de-tres-anos-revela-circulo-de-tortura-intrafamiliar-constante\/\"},\"wordCount\":880,\"publisher\":{\"@id\":\"https:\/\/enlatitud25.com\/news\/#organization\"},\"keywords\":[\"147\",\"abuso\",\"asesinada\",\"denunciar\",\"golpes\",\"ni\u00f1a\",\"padrastro\",\"Protecci\u00f3n\",\"violencia\"],\"articleSection\":[\"Realidad\"],\"inLanguage\":\"es\"},{\"@type\":\"WebPage\",\"@id\":\"https:\/\/enlatitud25.com\/news\/asesinato-de-nina-de-tres-anos-revela-circulo-de-tortura-intrafamiliar-constante\/\",\"url\":\"https:\/\/enlatitud25.com\/news\/asesinato-de-nina-de-tres-anos-revela-circulo-de-tortura-intrafamiliar-constante\/\",\"name\":\"Asesinato de ni\u00f1a de tres a\u00f1os revela c\u00edrculo de tortura intrafamiliar constante &ndash; Latitud25\",\"isPartOf\":{\"@id\":\"https:\/\/enlatitud25.com\/news\/#website\"},\"datePublished\":\"2022-05-18T16:37:00+00:00\",\"dateModified\":\"2022-05-18T16:59:56+00:00\",\"description\":\"Mir\u00e1 nuestros reportajes audiovisuales y seguinos para enterarte de las \u00faltimas noticias de Paraguay y el mundo, desde la Latitud25. Somos Alternativa de Informaci\u00f3n.\",\"breadcrumb\":{\"@id\":\"https:\/\/enlatitud25.com\/news\/asesinato-de-nina-de-tres-anos-revela-circulo-de-tortura-intrafamiliar-constante\/#breadcrumb\"},\"inLanguage\":\"es\",\"potentialAction\":[{\"@type\":\"ReadAction\",\"target\":[\"https:\/\/enlatitud25.com\/news\/asesinato-de-nina-de-tres-anos-revela-circulo-de-tortura-intrafamiliar-constante\/\"]}]},{\"@type\":\"BreadcrumbList\",\"@id\":\"https:\/\/enlatitud25.com\/news\/asesinato-de-nina-de-tres-anos-revela-circulo-de-tortura-intrafamiliar-constante\/#breadcrumb\",\"itemListElement\":[{\"@type\":\"ListItem\",\"position\":1,\"name\":\"Home\",\"item\":\"https:\/\/enlatitud25.com\/news\/\"},{\"@type\":\"ListItem\",\"position\":2,\"name\":\"Asesinato de ni\u00f1a de tres a\u00f1os revela c\u00edrculo de tortura intrafamiliar constante\"}]},{\"@type\":\"WebSite\",\"@id\":\"https:\/\/enlatitud25.com\/news\/#website\",\"url\":\"https:\/\/enlatitud25.com\/news\/\",\"name\":\"Latitud25\",\"description\":\"news\",\"publisher\":{\"@id\":\"https:\/\/enlatitud25.com\/news\/#organization\"},\"potentialAction\":[{\"@type\":\"SearchAction\",\"target\":{\"@type\":\"EntryPoint\",\"urlTemplate\":\"https:\/\/enlatitud25.com\/news\/?s={search_term_string}\"},\"query-input\":\"required name=search_term_string\"}],\"inLanguage\":\"es\"},{\"@type\":\"Organization\",\"@id\":\"https:\/\/enlatitud25.com\/news\/#organization\",\"name\":\"Latitud 25 - News\",\"url\":\"https:\/\/enlatitud25.com\/news\/\",\"logo\":{\"@type\":\"ImageObject\",\"inLanguage\":\"es\",\"@id\":\"https:\/\/enlatitud25.com\/news\/#\/schema\/logo\/image\/\",\"url\":\"https:\/\/enlatitud25.com\/news\/wp-content\/uploads\/2020\/11\/logo_latitud.png\",\"contentUrl\":\"https:\/\/enlatitud25.com\/news\/wp-content\/uploads\/2020\/11\/logo_latitud.png\",\"width\":235,\"height\":39,\"caption\":\"Latitud 25 - News\"},\"image\":{\"@id\":\"https:\/\/enlatitud25.com\/news\/#\/schema\/logo\/image\/\"},\"sameAs\":[\"https:\/\/www.facebook.com\/EnLatitud25\",\"https:\/\/twitter.com\/EnLatitud25\",\"https:\/\/www.instagram.com\/enlatitud25\/\",\"https:\/\/www.youtube.com\/user\/desdelatitud25\"]},{\"@type\":\"Person\",\"@id\":\"https:\/\/enlatitud25.com\/news\/#\/schema\/person\/23aafe968917005a721b8eb760f2586e\",\"name\":\"Latitud 25\",\"sameAs\":[\"https:\/\/enlatitud25.com\/news\",\"https:\/\/www.facebook.com\/EnLatitud25\",\"https:\/\/www.instagram.com\/enlatitud25\",\"https:\/\/www.youtube.com\/user\/desdelatitud25\",\"https:\/\/soundcloud.com\/enlatitud25\"],\"url\":\"https:\/\/enlatitud25.com\/news\/author\/nnews-uss00\/\"}]}<\/script>\n<!-- \/ Yoast SEO plugin. -->","yoast_head_json":{"title":"Asesinato de ni\u00f1a de tres a\u00f1os revela c\u00edrculo de tortura intrafamiliar constante &ndash; Latitud25","description":"Mir\u00e1 nuestros reportajes audiovisuales y seguinos para enterarte de las \u00faltimas noticias de Paraguay y el mundo, desde la Latitud25. Somos Alternativa de Informaci\u00f3n.","robots":{"index":"index","follow":"follow","max-snippet":"max-snippet:-1","max-image-preview":"max-image-preview:large","max-video-preview":"max-video-preview:-1"},"canonical":"https:\/\/enlatitud25.com\/news\/asesinato-de-nina-de-tres-anos-revela-circulo-de-tortura-intrafamiliar-constante\/","og_locale":"es_ES","og_type":"article","og_title":"Asesinato de ni\u00f1a de tres a\u00f1os revela c\u00edrculo de tortura intrafamiliar constante &ndash; Latitud25","og_description":"Mir\u00e1 nuestros reportajes audiovisuales y seguinos para enterarte de las \u00faltimas noticias de Paraguay y el mundo, desde la Latitud25. Somos Alternativa de Informaci\u00f3n.","og_url":"https:\/\/enlatitud25.com\/news\/asesinato-de-nina-de-tres-anos-revela-circulo-de-tortura-intrafamiliar-constante\/","og_site_name":"Latitud25","article_publisher":"https:\/\/www.facebook.com\/EnLatitud25","article_author":"https:\/\/www.facebook.com\/EnLatitud25","article_published_time":"2022-05-18T16:37:00+00:00","article_modified_time":"2022-05-18T16:59:56+00:00","og_image":[{"width":800,"height":500,"url":"https:\/\/enlatitud25.com\/news\/wp-content\/uploads\/2022\/05\/portada_nin\u0303a_abusoviolencia.jpg","type":"image\/jpeg"}],"author":"Latitud 25","twitter_card":"summary_large_image","twitter_creator":"@EnLatitud25","twitter_site":"@EnLatitud25","twitter_misc":{"Escrito por":"Latitud 25","Tiempo de lectura":"5 minutos"},"schema":{"@context":"https:\/\/schema.org","@graph":[{"@type":"Article","@id":"https:\/\/enlatitud25.com\/news\/asesinato-de-nina-de-tres-anos-revela-circulo-de-tortura-intrafamiliar-constante\/#article","isPartOf":{"@id":"https:\/\/enlatitud25.com\/news\/asesinato-de-nina-de-tres-anos-revela-circulo-de-tortura-intrafamiliar-constante\/"},"author":{"name":"Latitud 25","@id":"https:\/\/enlatitud25.com\/news\/#\/schema\/person\/23aafe968917005a721b8eb760f2586e"},"headline":"Asesinato de ni\u00f1a de tres a\u00f1os revela c\u00edrculo de tortura intrafamiliar constante","datePublished":"2022-05-18T16:37:00+00:00","dateModified":"2022-05-18T16:59:56+00:00","mainEntityOfPage":{"@id":"https:\/\/enlatitud25.com\/news\/asesinato-de-nina-de-tres-anos-revela-circulo-de-tortura-intrafamiliar-constante\/"},"wordCount":880,"publisher":{"@id":"https:\/\/enlatitud25.com\/news\/#organization"},"keywords":["147","abuso","asesinada","denunciar","golpes","ni\u00f1a","padrastro","Protecci\u00f3n","violencia"],"articleSection":["Realidad"],"inLanguage":"es"},{"@type":"WebPage","@id":"https:\/\/enlatitud25.com\/news\/asesinato-de-nina-de-tres-anos-revela-circulo-de-tortura-intrafamiliar-constante\/","url":"https:\/\/enlatitud25.com\/news\/asesinato-de-nina-de-tres-anos-revela-circulo-de-tortura-intrafamiliar-constante\/","name":"Asesinato de ni\u00f1a de tres a\u00f1os revela c\u00edrculo de tortura intrafamiliar constante &ndash; Latitud25","isPartOf":{"@id":"https:\/\/enlatitud25.com\/news\/#website"},"datePublished":"2022-05-18T16:37:00+00:00","dateModified":"2022-05-18T16:59:56+00:00","description":"Mir\u00e1 nuestros reportajes audiovisuales y seguinos para enterarte de las \u00faltimas noticias de Paraguay y el mundo, desde la Latitud25. Somos Alternativa de Informaci\u00f3n.","breadcrumb":{"@id":"https:\/\/enlatitud25.com\/news\/asesinato-de-nina-de-tres-anos-revela-circulo-de-tortura-intrafamiliar-constante\/#breadcrumb"},"inLanguage":"es","potentialAction":[{"@type":"ReadAction","target":["https:\/\/enlatitud25.com\/news\/asesinato-de-nina-de-tres-anos-revela-circulo-de-tortura-intrafamiliar-constante\/"]}]},{"@type":"BreadcrumbList","@id":"https:\/\/enlatitud25.com\/news\/asesinato-de-nina-de-tres-anos-revela-circulo-de-tortura-intrafamiliar-constante\/#breadcrumb","itemListElement":[{"@type":"ListItem","position":1,"name":"Home","item":"https:\/\/enlatitud25.com\/news\/"},{"@type":"ListItem","position":2,"name":"Asesinato de ni\u00f1a de tres a\u00f1os revela c\u00edrculo de tortura intrafamiliar constante"}]},{"@type":"WebSite","@id":"https:\/\/enlatitud25.com\/news\/#website","url":"https:\/\/enlatitud25.com\/news\/","name":"Latitud25","description":"news","publisher":{"@id":"https:\/\/enlatitud25.com\/news\/#organization"},"potentialAction":[{"@type":"SearchAction","target":{"@type":"EntryPoint","urlTemplate":"https:\/\/enlatitud25.com\/news\/?s={search_term_string}"},"query-input":"required name=search_term_string"}],"inLanguage":"es"},{"@type":"Organization","@id":"https:\/\/enlatitud25.com\/news\/#organization","name":"Latitud 25 - News","url":"https:\/\/enlatitud25.com\/news\/","logo":{"@type":"ImageObject","inLanguage":"es","@id":"https:\/\/enlatitud25.com\/news\/#\/schema\/logo\/image\/","url":"https:\/\/enlatitud25.com\/news\/wp-content\/uploads\/2020\/11\/logo_latitud.png","contentUrl":"https:\/\/enlatitud25.com\/news\/wp-content\/uploads\/2020\/11\/logo_latitud.png","width":235,"height":39,"caption":"Latitud 25 - News"},"image":{"@id":"https:\/\/enlatitud25.com\/news\/#\/schema\/logo\/image\/"},"sameAs":["https:\/\/www.facebook.com\/EnLatitud25","https:\/\/twitter.com\/EnLatitud25","https:\/\/www.instagram.com\/enlatitud25\/","https:\/\/www.youtube.com\/user\/desdelatitud25"]},{"@type":"Person","@id":"https:\/\/enlatitud25.com\/news\/#\/schema\/person\/23aafe968917005a721b8eb760f2586e","name":"Latitud 25","sameAs":["https:\/\/enlatitud25.com\/news","https:\/\/www.facebook.com\/EnLatitud25","https:\/\/www.instagram.com\/enlatitud25","https:\/\/www.youtube.com\/user\/desdelatitud25","https:\/\/soundcloud.com\/enlatitud25"],"url":"https:\/\/enlatitud25.com\/news\/author\/nnews-uss00\/"}]}},"_links":{"self":[{"href":"https:\/\/enlatitud25.com\/news\/wp-json\/wp\/v2\/posts\/8037"}],"collection":[{"href":"https:\/\/enlatitud25.com\/news\/wp-json\/wp\/v2\/posts"}],"about":[{"href":"https:\/\/enlatitud25.com\/news\/wp-json\/wp\/v2\/types\/post"}],"author":[{"embeddable":true,"href":"https:\/\/enlatitud25.com\/news\/wp-json\/wp\/v2\/users\/1"}],"replies":[{"embeddable":true,"href":"https:\/\/enlatitud25.com\/news\/wp-json\/wp\/v2\/comments?post=8037"}],"version-history":[{"count":13,"href":"https:\/\/enlatitud25.com\/news\/wp-json\/wp\/v2\/posts\/8037\/revisions"}],"predecessor-version":[{"id":8064,"href":"https:\/\/enlatitud25.com\/news\/wp-json\/wp\/v2\/posts\/8037\/revisions\/8064"}],"wp:featuredmedia":[{"embeddable":true,"href":"https:\/\/enlatitud25.com\/news\/wp-json\/wp\/v2\/media\/8042"}],"wp:attachment":[{"href":"https:\/\/enlatitud25.com\/news\/wp-json\/wp\/v2\/media?parent=8037"}],"wp:term":[{"taxonomy":"category","embeddable":true,"href":"https:\/\/enlatitud25.com\/news\/wp-json\/wp\/v2\/categories?post=8037"},{"taxonomy":"post_tag","embeddable":true,"href":"https:\/\/enlatitud25.com\/news\/wp-json\/wp\/v2\/tags?post=8037"},{"taxonomy":"ubicacion","embeddable":true,"href":"https:\/\/enlatitud25.com\/news\/wp-json\/wp\/v2\/ubicacion?post=8037"}],"curies":[{"name":"wp","href":"https:\/\/api.w.org\/{rel}","templated":true}]}}