{"id":7843,"date":"2022-05-09T23:30:49","date_gmt":"2022-05-09T23:30:49","guid":{"rendered":"https:\/\/enlatitud25.com\/news\/?p=7843"},"modified":"2022-05-10T13:44:49","modified_gmt":"2022-05-10T13:44:49","slug":"como-se-aborda-un-caso-en-el-que-los-autores-de-un-abuso-son-inimputables","status":"publish","type":"post","link":"https:\/\/enlatitud25.com\/news\/como-se-aborda-un-caso-en-el-que-los-autores-de-un-abuso-son-inimputables\/","title":{"rendered":"\u00bfC\u00f3mo se aborda un caso en el que los presuntos autores de un abuso son ni\u00f1os?"},"content":{"rendered":"\n<p>En Paraguay, hay un promedio de tres denuncias de abuso sexual por d\u00eda y seg\u00fan estad\u00edsticas del Estado, el 80% de los abusos se dan en el entorno familiar de los ni\u00f1os, ni\u00f1as y adolescentes. Estos casos, en los que se vulneran sus derechos son frecuentes en nuestro pa\u00eds y no siempre hay un actuar efectivo de los distintos estamentos que deben protegerlos.<\/p>\n\n\n\n<p>Este caso, en el que una madre denuncia el abuso sexual de su hijo de seis a\u00f1os en un colegio privado de Lambar\u00e9, despert\u00f3 la indignaci\u00f3n e impotencia de miles de personas, entre ellos, la comunidad de padres de familia de los dem\u00e1s alumnos de la misma instituci\u00f3n educativa.<\/p>\n\n\n\n<p>Seg\u00fan los datos iniciales, los supuestos autores del hecho ten\u00edan entre 14 y 15 a\u00f1os, sin embargo, luego de las pesquisas oficiales, desde el Ministerio P\u00fablico afirmaron que se trata de adolescentes de 12 y 13 a\u00f1os, lo que dio un giro inesperado al caso y despert\u00f3 aun m\u00e1s la impotencia social, ya que ambos no pueden ser procesados por los \u00f3rganos de justicia por ser menores de 14 a\u00f1os, la edad m\u00ednima para ser imputable en Paraguay.<\/p>\n\n\n\n<p>Especialistas en derecho, explican en detalle, por qu\u00e9 este tipo de casos, que tiene como victimarios a ni\u00f1os, no constituyen delitos, seg\u00fan lo que dispone el marco del C\u00f3digo Penal.<\/p>\n\n\n\n<figure class=\"wp-block-image size-full\"><img decoding=\"async\" loading=\"lazy\" width=\"800\" height=\"500\" src=\"https:\/\/enlatitud25.com\/news\/wp-content\/uploads\/2022\/05\/pag1-4.jpg\" alt=\"\" class=\"wp-image-7846\" srcset=\"https:\/\/enlatitud25.com\/news\/wp-content\/uploads\/2022\/05\/pag1-4.jpg 800w, https:\/\/enlatitud25.com\/news\/wp-content\/uploads\/2022\/05\/pag1-4-300x188.jpg 300w, https:\/\/enlatitud25.com\/news\/wp-content\/uploads\/2022\/05\/pag1-4-768x480.jpg 768w, https:\/\/enlatitud25.com\/news\/wp-content\/uploads\/2022\/05\/pag1-4-380x238.jpg 380w\" sizes=\"(max-width: 800px) 100vw, 800px\" \/><\/figure>\n\n\n\n<p class=\"has-medium-font-size\"><strong>\u201cNo hay hecho punible\u201d<\/strong><\/p>\n\n\n\n<p>El doctor en Derecho, Jos\u00e9 Casa\u00f1as Levi, manifest\u00f3 que la responsabilidad penal, es personal y empieza cuando la persona cumple 14 a\u00f1os y que la responsabilidad por la comisi\u00f3n de delitos es intransferible.<\/p>\n\n\n\n<p>\u201cAntes de cumplir 14 a\u00f1os, la persona no puede ser sometida a ning\u00fan proceso en el \u00e1rea penal, tiene que ser controlada por un proceso a partir de un proceso en la ni\u00f1ez, pero no en un proceso penal\u201d, indic\u00f3.<\/p>\n\n\n\n<p>\u201cNo es delito, no es punible, la persona que no tiene 14 a\u00f1os no es punible, no hay ning\u00fan hecho punible ah\u00ed, el hecho punible es la comisi\u00f3n de un il\u00edcito previsto en la ley, por una persona que puede ser sancionada, la punibilidad es lo que no hay ac\u00e1\u201d, insisti\u00f3.<\/p>\n\n\n\n<p class=\"has-medium-font-size\"><strong>El proceso pasa a ser de protecci\u00f3n, no de castigo<\/strong><\/p>\n\n\n\n<p>Consider\u00f3 que el Ministerio de la Ni\u00f1ez y la adolescencia es la instituci\u00f3n que debe encabezar la situaci\u00f3n del an\u00e1lisis de lo sucedido en el contexto, adem\u00e1s del Ministerio de Educaci\u00f3n, que ya lo est\u00e1 haciendo. Asimismo, el defensor de la ni\u00f1ez y un juez de la ni\u00f1ez tambi\u00e9n deber\u00e1n intervenir.<\/p>\n\n\n\n<p>A su vez, la fiscala <strong>Karina S\u00e1nchez<\/strong>, de la Unidad de Trata de Personas, insisti\u00f3 en que, al ser inimputables, van a ser involucrados dentro del sistema de protecci\u00f3n, es decir, un Juzgado de la Ni\u00f1ez y la Adolescencia va a evaluar la pertinencia de imponer medidas de protecci\u00f3n.<\/p>\n\n\n\n<p>\u201cPorque en este caso se tendr\u00e1 que ver las medidas personales de los mismos, qu\u00e9 tienen o qu\u00e9 circunstancias ocurrieron en la vida de los mismos para cometer semejantes hechos, ser\u00e1n abordados desde el sistema de protecci\u00f3n, no desde el punto de vista penal\u201d, subray\u00f3 la agente fiscal.<\/p>\n\n\n\n<p>Asimismo, Jos\u00e9 Casa\u00f1as Levi asever\u00f3 que desde el punto de vista judicial, son abordajes que tienen en cuenta a la reeducaci\u00f3n, no al castigo, ese es el tenor, no solamente de la ley de las disposiciones de convenios. &#8220;El inimputable agresor es una persona que muy probablemente tiene trastornos y es alguien que podr\u00eda estar tambi\u00e9n en un c\u00edrculo de violencia, pero ya no le corresponde al Ministerio P\u00fablico&#8221;, acot\u00f3. <\/p>\n\n\n\n<figure class=\"wp-block-image size-full\"><img decoding=\"async\" loading=\"lazy\" width=\"800\" height=\"500\" src=\"https:\/\/enlatitud25.com\/news\/wp-content\/uploads\/2022\/05\/pag2-4.jpg\" alt=\"\" class=\"wp-image-7847\" srcset=\"https:\/\/enlatitud25.com\/news\/wp-content\/uploads\/2022\/05\/pag2-4.jpg 800w, https:\/\/enlatitud25.com\/news\/wp-content\/uploads\/2022\/05\/pag2-4-300x188.jpg 300w, https:\/\/enlatitud25.com\/news\/wp-content\/uploads\/2022\/05\/pag2-4-768x480.jpg 768w, https:\/\/enlatitud25.com\/news\/wp-content\/uploads\/2022\/05\/pag2-4-380x238.jpg 380w\" sizes=\"(max-width: 800px) 100vw, 800px\" \/><\/figure>\n\n\n\n<p class=\"has-medium-font-size\"><strong>\u00bfCu\u00e1l es la responsabilidad de los adultos en torno a este caso?<\/strong><\/p>\n\n\n\n<p>El abogado J<strong>os\u00e9 Casa\u00f1as Levi<\/strong> afirm\u00f3 que este caso puede ser penal en cuanto a la responsabilidad de quienes estaban cerca del menor, que no tomaron las medidas como indica el protocolo. <\/p>\n\n\n\n<p>\u201cDe ese lado podr\u00eda ser, pero de lado de los agresores directamente no\u201d, asever\u00f3.<\/p>\n\n\n\n<p>En cuanto a la directora Carolina Urbieta, la coordinadora Gabriela Santiviago y la profesora Olga Feltes, que ya fueron imputadas durante el fin de semana, consider\u00f3 que, al no existir un delito, tampoco puede haber frustraci\u00f3n del proceso penal, tipificaci\u00f3n por el que fue imputada solamente la directora del colegio. <\/p>\n\n\n\n<p>Acot\u00f3 que s\u00ed puede haber, por ejemplo, violaci\u00f3n del deber del cuidado u omisi\u00f3n de dar aviso, tipificaci\u00f3n por la que fueron imputadas la directora, la coordinadora y la docente.<\/p>\n\n\n\n<p>En ese punto, coincidi\u00f3 el ministro de Justicia, \u00c9dgar Olmedo, respecto a que este caso no puede ser considerado como una frustraci\u00f3n a la investigaci\u00f3n penal.<\/p>\n\n\n\n<p>\u201cDesde el momento en que no est\u00e1 tipificado el hecho punible, evidentemente que no puede estar contemplado dentro del acta de imputaci\u00f3n. Es un elemento que hay que ver si la defensa puede rebatir eso o modificar la car\u00e1tula por lo que una de ellas hoy est\u00e1 procesada\u201d, acot\u00f3.<\/p>\n\n\n\n<figure class=\"wp-block-embed is-type-rich is-provider-twitter wp-block-embed-twitter\"><div class=\"wp-block-embed__wrapper\">\n<blockquote class=\"twitter-tweet\" data-width=\"550\" data-dnt=\"true\"><p lang=\"es\" dir=\"ltr\">\ud83d\udee1\ufe0fINIMPUTABLES |<br><br>\ud83d\udd0dSeg\u00fan informaci\u00f3n recabada por agentes del <a href=\"https:\/\/twitter.com\/MinPublicoPy?ref_src=twsrc%5Etfw\">@MinPublicoPy<\/a>, los presuntos autores del abuso sexual en un colegio de Lambar\u00e9 son inimputables, porque tendr\u00edan entre 12 y 13 a\u00f1os<br><br>\ud83d\udc64Ya fueron identificados plenamente y falta cotejar las c\u00e1maras de seguridad<a href=\"https:\/\/twitter.com\/hashtag\/L25?src=hash&amp;ref_src=twsrc%5Etfw\">#L25<\/a> <a href=\"https:\/\/t.co\/7BpPn8OeMu\">pic.twitter.com\/7BpPn8OeMu<\/a><\/p>&mdash; LATITUD 25 (@EnLatitud25) <a href=\"https:\/\/twitter.com\/EnLatitud25\/status\/1523650450523787264?ref_src=twsrc%5Etfw\">May 9, 2022<\/a><\/blockquote><script async src=\"https:\/\/platform.twitter.com\/widgets.js\" charset=\"utf-8\"><\/script>\n<\/div><\/figure>\n\n\n\n<p>En ese punto, expres\u00f3 que la expectativa de pena de obstrucci\u00f3n es mayor a la violaci\u00f3n del deber el cuidado, pero la violaci\u00f3n del deber de cuidado va a persistir en el acta, a\u00f1adi\u00f3.<\/p>\n\n\n\n<p>El ministro de Justicia confirm\u00f3 adem\u00e1s que las tres procesadas fueron enviadas al penal Serafina D\u00e1valos de Coronel Oviedo, por medidas de protecci\u00f3n para las mujeres. En este sentido, dijo que es una pr\u00e1ctica com\u00fan para investigadas en estos casos que sean objeto de ataques por parte de las propias internas, por lo que decidieron alojarlas en un penal m\u00e1s nuevo y lejos de ese riesgo. <\/p>\n\n\n\n<p>Por su parte, el abogado Jos\u00e9 Casa\u00f1as Levi, remarc\u00f3 que no se le puede transferir la responsabilidad a los padres de los ni\u00f1os y adolescentes. <\/p>\n\n\n\n<p>\u201cLa responsabilidad penal es personal, pero civilmente los padres s\u00ed deben responder por los da\u00f1os causados\u201d, acot\u00f3.<\/p>\n\n\n\n<p class=\"has-medium-font-size\"><strong>Datos de v\u00edctimas o autores deben ser protegidos<\/strong><\/p>\n\n\n\n<p>El art\u00edculo 29 del C\u00f3digo de la Ni\u00f1ez y Adolescencia de Paraguay, habla de la Prohibici\u00f3n de la publicaci\u00f3n de informaci\u00f3n espec\u00edfica sobre estos casos. <\/p>\n\n\n\n<p>&#8220;Queda prohibido publicar por la prensa escrita, radial, televisiva o por cualquier otro medio de comunicaci\u00f3n, los nombres, las fotograf\u00edas o los datos que posibiliten identificar al ni\u00f1o o adolescente, v\u00edctima o supuesto autor de hechos punibles. Los que infrinjan esta prohibici\u00f3n ser\u00e1n sancionados seg\u00fan las previsiones de la ley penal&#8221;, se\u00f1ala textualmente. <\/p>\n","protected":false},"excerpt":{"rendered":"La conmoci\u00f3n que caus\u00f3 la denuncia del presunto abuso sexual de un menor de seis a\u00f1os en un colegio de Lambar\u00e9, encendi\u00f3 las alarmas en relaci\u00f3n a lo que implica la importancia de una respuesta r\u00e1pida y la activaci\u00f3n de protocolos de denuncia con celeridad para casos de este tipo. La particularidad que hace complejo este caso es que los presuntos agresores son menores de 12 y 13 a\u00f1os, por lo que son inimputables. \u00bfQu\u00e9 tratamiento deber\u00edan recibir los agresores? Esto explican los especialistas.\n","protected":false},"author":1,"featured_media":7845,"comment_status":"closed","ping_status":"closed","sticky":false,"template":"","format":"standard","meta":[],"categories":[12],"tags":[646,643,1011,1012,1013,642,619,515],"ubicacion":[18],"yoast_head":"<!-- This site is optimized with the Yoast SEO plugin v20.8 - https:\/\/yoast.com\/wordpress\/plugins\/seo\/ -->\n<title>\u00bfC\u00f3mo se aborda un caso en el que los presuntos autores de un abuso son ni\u00f1os? &ndash; Latitud25<\/title>\n<meta name=\"description\" content=\"Mir\u00e1 nuestros reportajes audiovisuales y seguinos para enterarte de las \u00faltimas noticias de Paraguay y el mundo, desde la Latitud25. Somos Alternativa de Informaci\u00f3n.\" \/>\n<meta name=\"robots\" content=\"index, follow, max-snippet:-1, max-image-preview:large, max-video-preview:-1\" \/>\n<link rel=\"canonical\" href=\"https:\/\/enlatitud25.com\/news\/como-se-aborda-un-caso-en-el-que-los-autores-de-un-abuso-son-inimputables\/\" \/>\n<meta property=\"og:locale\" content=\"es_ES\" \/>\n<meta property=\"og:type\" content=\"article\" \/>\n<meta property=\"og:title\" content=\"\u00bfC\u00f3mo se aborda un caso en el que los presuntos autores de un abuso son ni\u00f1os? &ndash; Latitud25\" \/>\n<meta property=\"og:description\" content=\"Mir\u00e1 nuestros reportajes audiovisuales y seguinos para enterarte de las \u00faltimas noticias de Paraguay y el mundo, desde la Latitud25. Somos Alternativa de Informaci\u00f3n.\" \/>\n<meta property=\"og:url\" content=\"https:\/\/enlatitud25.com\/news\/como-se-aborda-un-caso-en-el-que-los-autores-de-un-abuso-son-inimputables\/\" \/>\n<meta property=\"og:site_name\" content=\"Latitud25\" \/>\n<meta property=\"article:publisher\" content=\"https:\/\/www.facebook.com\/EnLatitud25\" \/>\n<meta property=\"article:author\" content=\"https:\/\/www.facebook.com\/EnLatitud25\" \/>\n<meta property=\"article:published_time\" content=\"2022-05-09T23:30:49+00:00\" \/>\n<meta property=\"article:modified_time\" content=\"2022-05-10T13:44:49+00:00\" \/>\n<meta property=\"og:image\" content=\"https:\/\/enlatitud25.com\/news\/wp-content\/uploads\/2022\/05\/codigo_proceso_nin\u0303ez.jpg\" \/>\n\t<meta property=\"og:image:width\" content=\"800\" \/>\n\t<meta property=\"og:image:height\" content=\"500\" \/>\n\t<meta property=\"og:image:type\" content=\"image\/jpeg\" \/>\n<meta name=\"author\" content=\"Latitud 25\" \/>\n<meta name=\"twitter:card\" content=\"summary_large_image\" \/>\n<meta name=\"twitter:creator\" content=\"@EnLatitud25\" \/>\n<meta name=\"twitter:site\" content=\"@EnLatitud25\" \/>\n<meta name=\"twitter:label1\" content=\"Escrito por\" \/>\n\t<meta name=\"twitter:data1\" content=\"Latitud 25\" \/>\n\t<meta name=\"twitter:label2\" content=\"Tiempo de lectura\" \/>\n\t<meta name=\"twitter:data2\" content=\"6 minutos\" \/>\n<script type=\"application\/ld+json\" class=\"yoast-schema-graph\">{\"@context\":\"https:\/\/schema.org\",\"@graph\":[{\"@type\":\"Article\",\"@id\":\"https:\/\/enlatitud25.com\/news\/como-se-aborda-un-caso-en-el-que-los-autores-de-un-abuso-son-inimputables\/#article\",\"isPartOf\":{\"@id\":\"https:\/\/enlatitud25.com\/news\/como-se-aborda-un-caso-en-el-que-los-autores-de-un-abuso-son-inimputables\/\"},\"author\":{\"name\":\"Latitud 25\",\"@id\":\"https:\/\/enlatitud25.com\/news\/#\/schema\/person\/23aafe968917005a721b8eb760f2586e\"},\"headline\":\"\u00bfC\u00f3mo se aborda un caso en el que los presuntos autores de un abuso son ni\u00f1os?\",\"datePublished\":\"2022-05-09T23:30:49+00:00\",\"dateModified\":\"2022-05-10T13:44:49+00:00\",\"mainEntityOfPage\":{\"@id\":\"https:\/\/enlatitud25.com\/news\/como-se-aborda-un-caso-en-el-que-los-autores-de-un-abuso-son-inimputables\/\"},\"wordCount\":1125,\"publisher\":{\"@id\":\"https:\/\/enlatitud25.com\/news\/#organization\"},\"keywords\":[\"abuso\",\"adolescentes\",\"c\u00f3digo de la ni\u00f1ez\",\"delito\",\"inimputable\",\"ni\u00f1as\",\"ni\u00f1os\",\"Protecci\u00f3n\"],\"articleSection\":[\"Realidad\"],\"inLanguage\":\"es\"},{\"@type\":\"WebPage\",\"@id\":\"https:\/\/enlatitud25.com\/news\/como-se-aborda-un-caso-en-el-que-los-autores-de-un-abuso-son-inimputables\/\",\"url\":\"https:\/\/enlatitud25.com\/news\/como-se-aborda-un-caso-en-el-que-los-autores-de-un-abuso-son-inimputables\/\",\"name\":\"\u00bfC\u00f3mo se aborda un caso en el que los presuntos autores de un abuso son ni\u00f1os? &ndash; Latitud25\",\"isPartOf\":{\"@id\":\"https:\/\/enlatitud25.com\/news\/#website\"},\"datePublished\":\"2022-05-09T23:30:49+00:00\",\"dateModified\":\"2022-05-10T13:44:49+00:00\",\"description\":\"Mir\u00e1 nuestros reportajes audiovisuales y seguinos para enterarte de las \u00faltimas noticias de Paraguay y el mundo, desde la Latitud25. Somos Alternativa de Informaci\u00f3n.\",\"breadcrumb\":{\"@id\":\"https:\/\/enlatitud25.com\/news\/como-se-aborda-un-caso-en-el-que-los-autores-de-un-abuso-son-inimputables\/#breadcrumb\"},\"inLanguage\":\"es\",\"potentialAction\":[{\"@type\":\"ReadAction\",\"target\":[\"https:\/\/enlatitud25.com\/news\/como-se-aborda-un-caso-en-el-que-los-autores-de-un-abuso-son-inimputables\/\"]}]},{\"@type\":\"BreadcrumbList\",\"@id\":\"https:\/\/enlatitud25.com\/news\/como-se-aborda-un-caso-en-el-que-los-autores-de-un-abuso-son-inimputables\/#breadcrumb\",\"itemListElement\":[{\"@type\":\"ListItem\",\"position\":1,\"name\":\"Home\",\"item\":\"https:\/\/enlatitud25.com\/news\/\"},{\"@type\":\"ListItem\",\"position\":2,\"name\":\"\u00bfC\u00f3mo se aborda un caso en el que los presuntos autores de un abuso son ni\u00f1os?\"}]},{\"@type\":\"WebSite\",\"@id\":\"https:\/\/enlatitud25.com\/news\/#website\",\"url\":\"https:\/\/enlatitud25.com\/news\/\",\"name\":\"Latitud25\",\"description\":\"news\",\"publisher\":{\"@id\":\"https:\/\/enlatitud25.com\/news\/#organization\"},\"potentialAction\":[{\"@type\":\"SearchAction\",\"target\":{\"@type\":\"EntryPoint\",\"urlTemplate\":\"https:\/\/enlatitud25.com\/news\/?s={search_term_string}\"},\"query-input\":\"required name=search_term_string\"}],\"inLanguage\":\"es\"},{\"@type\":\"Organization\",\"@id\":\"https:\/\/enlatitud25.com\/news\/#organization\",\"name\":\"Latitud 25 - News\",\"url\":\"https:\/\/enlatitud25.com\/news\/\",\"logo\":{\"@type\":\"ImageObject\",\"inLanguage\":\"es\",\"@id\":\"https:\/\/enlatitud25.com\/news\/#\/schema\/logo\/image\/\",\"url\":\"https:\/\/enlatitud25.com\/news\/wp-content\/uploads\/2020\/11\/logo_latitud.png\",\"contentUrl\":\"https:\/\/enlatitud25.com\/news\/wp-content\/uploads\/2020\/11\/logo_latitud.png\",\"width\":235,\"height\":39,\"caption\":\"Latitud 25 - News\"},\"image\":{\"@id\":\"https:\/\/enlatitud25.com\/news\/#\/schema\/logo\/image\/\"},\"sameAs\":[\"https:\/\/www.facebook.com\/EnLatitud25\",\"https:\/\/twitter.com\/EnLatitud25\",\"https:\/\/www.instagram.com\/enlatitud25\/\",\"https:\/\/www.youtube.com\/user\/desdelatitud25\"]},{\"@type\":\"Person\",\"@id\":\"https:\/\/enlatitud25.com\/news\/#\/schema\/person\/23aafe968917005a721b8eb760f2586e\",\"name\":\"Latitud 25\",\"sameAs\":[\"https:\/\/enlatitud25.com\/news\",\"https:\/\/www.facebook.com\/EnLatitud25\",\"https:\/\/www.instagram.com\/enlatitud25\",\"https:\/\/www.youtube.com\/user\/desdelatitud25\",\"https:\/\/soundcloud.com\/enlatitud25\"],\"url\":\"https:\/\/enlatitud25.com\/news\/author\/nnews-uss00\/\"}]}<\/script>\n<!-- \/ Yoast SEO plugin. -->","yoast_head_json":{"title":"\u00bfC\u00f3mo se aborda un caso en el que los presuntos autores de un abuso son ni\u00f1os? &ndash; Latitud25","description":"Mir\u00e1 nuestros reportajes audiovisuales y seguinos para enterarte de las \u00faltimas noticias de Paraguay y el mundo, desde la Latitud25. Somos Alternativa de Informaci\u00f3n.","robots":{"index":"index","follow":"follow","max-snippet":"max-snippet:-1","max-image-preview":"max-image-preview:large","max-video-preview":"max-video-preview:-1"},"canonical":"https:\/\/enlatitud25.com\/news\/como-se-aborda-un-caso-en-el-que-los-autores-de-un-abuso-son-inimputables\/","og_locale":"es_ES","og_type":"article","og_title":"\u00bfC\u00f3mo se aborda un caso en el que los presuntos autores de un abuso son ni\u00f1os? &ndash; Latitud25","og_description":"Mir\u00e1 nuestros reportajes audiovisuales y seguinos para enterarte de las \u00faltimas noticias de Paraguay y el mundo, desde la Latitud25. Somos Alternativa de Informaci\u00f3n.","og_url":"https:\/\/enlatitud25.com\/news\/como-se-aborda-un-caso-en-el-que-los-autores-de-un-abuso-son-inimputables\/","og_site_name":"Latitud25","article_publisher":"https:\/\/www.facebook.com\/EnLatitud25","article_author":"https:\/\/www.facebook.com\/EnLatitud25","article_published_time":"2022-05-09T23:30:49+00:00","article_modified_time":"2022-05-10T13:44:49+00:00","og_image":[{"width":800,"height":500,"url":"https:\/\/enlatitud25.com\/news\/wp-content\/uploads\/2022\/05\/codigo_proceso_nin\u0303ez.jpg","type":"image\/jpeg"}],"author":"Latitud 25","twitter_card":"summary_large_image","twitter_creator":"@EnLatitud25","twitter_site":"@EnLatitud25","twitter_misc":{"Escrito por":"Latitud 25","Tiempo de lectura":"6 minutos"},"schema":{"@context":"https:\/\/schema.org","@graph":[{"@type":"Article","@id":"https:\/\/enlatitud25.com\/news\/como-se-aborda-un-caso-en-el-que-los-autores-de-un-abuso-son-inimputables\/#article","isPartOf":{"@id":"https:\/\/enlatitud25.com\/news\/como-se-aborda-un-caso-en-el-que-los-autores-de-un-abuso-son-inimputables\/"},"author":{"name":"Latitud 25","@id":"https:\/\/enlatitud25.com\/news\/#\/schema\/person\/23aafe968917005a721b8eb760f2586e"},"headline":"\u00bfC\u00f3mo se aborda un caso en el que los presuntos autores de un abuso son ni\u00f1os?","datePublished":"2022-05-09T23:30:49+00:00","dateModified":"2022-05-10T13:44:49+00:00","mainEntityOfPage":{"@id":"https:\/\/enlatitud25.com\/news\/como-se-aborda-un-caso-en-el-que-los-autores-de-un-abuso-son-inimputables\/"},"wordCount":1125,"publisher":{"@id":"https:\/\/enlatitud25.com\/news\/#organization"},"keywords":["abuso","adolescentes","c\u00f3digo de la ni\u00f1ez","delito","inimputable","ni\u00f1as","ni\u00f1os","Protecci\u00f3n"],"articleSection":["Realidad"],"inLanguage":"es"},{"@type":"WebPage","@id":"https:\/\/enlatitud25.com\/news\/como-se-aborda-un-caso-en-el-que-los-autores-de-un-abuso-son-inimputables\/","url":"https:\/\/enlatitud25.com\/news\/como-se-aborda-un-caso-en-el-que-los-autores-de-un-abuso-son-inimputables\/","name":"\u00bfC\u00f3mo se aborda un caso en el que los presuntos autores de un abuso son ni\u00f1os? &ndash; Latitud25","isPartOf":{"@id":"https:\/\/enlatitud25.com\/news\/#website"},"datePublished":"2022-05-09T23:30:49+00:00","dateModified":"2022-05-10T13:44:49+00:00","description":"Mir\u00e1 nuestros reportajes audiovisuales y seguinos para enterarte de las \u00faltimas noticias de Paraguay y el mundo, desde la Latitud25. Somos Alternativa de Informaci\u00f3n.","breadcrumb":{"@id":"https:\/\/enlatitud25.com\/news\/como-se-aborda-un-caso-en-el-que-los-autores-de-un-abuso-son-inimputables\/#breadcrumb"},"inLanguage":"es","potentialAction":[{"@type":"ReadAction","target":["https:\/\/enlatitud25.com\/news\/como-se-aborda-un-caso-en-el-que-los-autores-de-un-abuso-son-inimputables\/"]}]},{"@type":"BreadcrumbList","@id":"https:\/\/enlatitud25.com\/news\/como-se-aborda-un-caso-en-el-que-los-autores-de-un-abuso-son-inimputables\/#breadcrumb","itemListElement":[{"@type":"ListItem","position":1,"name":"Home","item":"https:\/\/enlatitud25.com\/news\/"},{"@type":"ListItem","position":2,"name":"\u00bfC\u00f3mo se aborda un caso en el que los presuntos autores de un abuso son ni\u00f1os?"}]},{"@type":"WebSite","@id":"https:\/\/enlatitud25.com\/news\/#website","url":"https:\/\/enlatitud25.com\/news\/","name":"Latitud25","description":"news","publisher":{"@id":"https:\/\/enlatitud25.com\/news\/#organization"},"potentialAction":[{"@type":"SearchAction","target":{"@type":"EntryPoint","urlTemplate":"https:\/\/enlatitud25.com\/news\/?s={search_term_string}"},"query-input":"required name=search_term_string"}],"inLanguage":"es"},{"@type":"Organization","@id":"https:\/\/enlatitud25.com\/news\/#organization","name":"Latitud 25 - News","url":"https:\/\/enlatitud25.com\/news\/","logo":{"@type":"ImageObject","inLanguage":"es","@id":"https:\/\/enlatitud25.com\/news\/#\/schema\/logo\/image\/","url":"https:\/\/enlatitud25.com\/news\/wp-content\/uploads\/2020\/11\/logo_latitud.png","contentUrl":"https:\/\/enlatitud25.com\/news\/wp-content\/uploads\/2020\/11\/logo_latitud.png","width":235,"height":39,"caption":"Latitud 25 - News"},"image":{"@id":"https:\/\/enlatitud25.com\/news\/#\/schema\/logo\/image\/"},"sameAs":["https:\/\/www.facebook.com\/EnLatitud25","https:\/\/twitter.com\/EnLatitud25","https:\/\/www.instagram.com\/enlatitud25\/","https:\/\/www.youtube.com\/user\/desdelatitud25"]},{"@type":"Person","@id":"https:\/\/enlatitud25.com\/news\/#\/schema\/person\/23aafe968917005a721b8eb760f2586e","name":"Latitud 25","sameAs":["https:\/\/enlatitud25.com\/news","https:\/\/www.facebook.com\/EnLatitud25","https:\/\/www.instagram.com\/enlatitud25","https:\/\/www.youtube.com\/user\/desdelatitud25","https:\/\/soundcloud.com\/enlatitud25"],"url":"https:\/\/enlatitud25.com\/news\/author\/nnews-uss00\/"}]}},"_links":{"self":[{"href":"https:\/\/enlatitud25.com\/news\/wp-json\/wp\/v2\/posts\/7843"}],"collection":[{"href":"https:\/\/enlatitud25.com\/news\/wp-json\/wp\/v2\/posts"}],"about":[{"href":"https:\/\/enlatitud25.com\/news\/wp-json\/wp\/v2\/types\/post"}],"author":[{"embeddable":true,"href":"https:\/\/enlatitud25.com\/news\/wp-json\/wp\/v2\/users\/1"}],"replies":[{"embeddable":true,"href":"https:\/\/enlatitud25.com\/news\/wp-json\/wp\/v2\/comments?post=7843"}],"version-history":[{"count":12,"href":"https:\/\/enlatitud25.com\/news\/wp-json\/wp\/v2\/posts\/7843\/revisions"}],"predecessor-version":[{"id":7861,"href":"https:\/\/enlatitud25.com\/news\/wp-json\/wp\/v2\/posts\/7843\/revisions\/7861"}],"wp:featuredmedia":[{"embeddable":true,"href":"https:\/\/enlatitud25.com\/news\/wp-json\/wp\/v2\/media\/7845"}],"wp:attachment":[{"href":"https:\/\/enlatitud25.com\/news\/wp-json\/wp\/v2\/media?parent=7843"}],"wp:term":[{"taxonomy":"category","embeddable":true,"href":"https:\/\/enlatitud25.com\/news\/wp-json\/wp\/v2\/categories?post=7843"},{"taxonomy":"post_tag","embeddable":true,"href":"https:\/\/enlatitud25.com\/news\/wp-json\/wp\/v2\/tags?post=7843"},{"taxonomy":"ubicacion","embeddable":true,"href":"https:\/\/enlatitud25.com\/news\/wp-json\/wp\/v2\/ubicacion?post=7843"}],"curies":[{"name":"wp","href":"https:\/\/api.w.org\/{rel}","templated":true}]}}