{"id":7719,"date":"2022-04-27T20:53:50","date_gmt":"2022-04-27T20:53:50","guid":{"rendered":"https:\/\/enlatitud25.com\/news\/?p=7719"},"modified":"2022-04-27T20:58:46","modified_gmt":"2022-04-27T20:58:46","slug":"twitter-en-manos-de-elon-musk-un-analisis-de-lo-que-podria-suceder","status":"publish","type":"post","link":"https:\/\/enlatitud25.com\/news\/twitter-en-manos-de-elon-musk-un-analisis-de-lo-que-podria-suceder\/","title":{"rendered":"Twitter en manos de Elon Musk: un an\u00e1lisis de lo que podr\u00eda suceder"},"content":{"rendered":"\n<p>Twitter es una de las redes sociales que sigue en auge despu\u00e9s de 16 a\u00f1os. En marzo de 2006, Jack Dorsey, co-fundador de la compa\u00f1\u00eda, emit\u00eda el primer tuit, como parte de un testeo experimental de un sistema interno de mensajer\u00eda para Odeo, una start-up de podcasting en la que Dorsey trabajaba en esos a\u00f1os. <\/p>\n\n\n\n<p>Con el paso de los a\u00f1os, Twitter gan\u00f3 poder en la concentraci\u00f3n de discusiones sociales de alta relevancia, siendo el escenario en el cual se gesten episodios hist\u00f3ricos como la Primavera \u00c1rabe del 2010. La plataforma se volvi\u00f3 un medio a trav\u00e9s del cual millones de personas en el mundo entero acceden a todo tipo de t\u00f3picos de discusi\u00f3n.<\/p>\n\n\n\n<p>Conocer las reglas de juego de una red social en la que tienen identidad millones de organizaciones, personajes c\u00e9lebres, actores pol\u00edticos y cuentas de parodia o c\u00f3micas, sentaba las bases de discusi\u00f3n, aunque haya habido innumerables veces en las que esas reglas han sido cuestionadas por restringir la libertad de expresi\u00f3n, incluso de presidentes de naciones. Sin embargo, ahora la noticia de la venta de Twitter, confirmada el pasado lunes, modific\u00f3 esa sensaci\u00f3n.<\/p>\n\n\n\n<p>\u00bfQu\u00e9 es lo que preocupa de esta transacci\u00f3n billonaria y por qu\u00e9? <\/p>\n\n\n\n<figure class=\"wp-block-embed is-type-rich is-provider-twitter wp-block-embed-twitter\"><div class=\"wp-block-embed__wrapper\">\n<blockquote class=\"twitter-tweet\" data-width=\"550\" data-dnt=\"true\"><p lang=\"es\" dir=\"ltr\">\ud83c\udf10REDES SOCIALES<br><br>\ud83d\udc26Tras el anuncio del acuerdo <a href=\"https:\/\/twitter.com\/hashtag\/ElonMusk?src=hash&amp;ref_src=twsrc%5Etfw\">#ElonMusk<\/a>\/<a href=\"https:\/\/twitter.com\/hashtag\/Twitter?src=hash&amp;ref_src=twsrc%5Etfw\">#Twitter<\/a> miles de cuentas fueron cerradas o activadas<br><br>\ud83d\udcf2Aunque la red social a\u00fan no proporcion\u00f3 la cantidad exacta, dijo que estaba investigando las \u275dfluctuaciones recientes en el n\u00famero de seguidores\u275e, seg\u00fan <a href=\"https:\/\/twitter.com\/hashtag\/NBC?src=hash&amp;ref_src=twsrc%5Etfw\">#NBC<\/a><a href=\"https:\/\/twitter.com\/hashtag\/L25?src=hash&amp;ref_src=twsrc%5Etfw\">#L25<\/a> <a href=\"https:\/\/t.co\/hUkotQiUJC\">pic.twitter.com\/hUkotQiUJC<\/a><\/p>&mdash; LATITUD 25 (@EnLatitud25) <a href=\"https:\/\/twitter.com\/EnLatitud25\/status\/1519334784706748418?ref_src=twsrc%5Etfw\">April 27, 2022<\/a><\/blockquote><script async src=\"https:\/\/platform.twitter.com\/widgets.js\" charset=\"utf-8\"><\/script>\n<\/div><\/figure>\n\n\n\n<p class=\"has-medium-font-size\"><strong>Menos moderaci\u00f3n de mensajes de odio<\/strong><\/p>\n\n\n\n<p>Si bien Twitter no fue la mejor red social en moderaci\u00f3n de contenido, porque hubo varias recomendaciones de organizaciones civiles que no fueron acatadas, de igual manera, existe un miedo de que ahora exista mayor libertad para los mensajes de odio.<\/p>\n\n\n\n<p>Al respecto, <strong>Eduardo Carrillo,<\/strong> co-director de TEDIC y m\u00e1ster en administraci\u00f3n p\u00fablica con \u00e9nfasis en tecnolog\u00eda digital y pol\u00edtica, resalt\u00f3 que Twitter se ha caracterizado en los \u00faltimos a\u00f1os por sus esfuerzos de articular con organizaciones de la sociedad civil a nivel regional en Latinoam\u00e9rica y a nivel global con organizaciones especializadas en derechos digitales.<\/p>\n\n\n\n<p>El objetivo de estos trabajos fue tratar de construir pol\u00edticas de moderaci\u00f3n de contenido que sean lo m\u00e1s respetuosas posibles de los marcos jur\u00eddicos internacionales en materia de derechos humanos, de libertad de expresi\u00f3n, privacidad y libertad de asociaci\u00f3n.<\/p>\n\n\n\n<figure class=\"wp-block-embed is-type-rich is-provider-twitter wp-block-embed-twitter\"><div class=\"wp-block-embed__wrapper\">\n<blockquote class=\"twitter-tweet\" data-width=\"550\" data-dnt=\"true\"><p lang=\"en\" dir=\"ltr\">The extreme antibody reaction from those who fear free speech says it all<\/p>&mdash; Elon Musk (@elonmusk) <a href=\"https:\/\/twitter.com\/elonmusk\/status\/1519020176884305920?ref_src=twsrc%5Etfw\">April 26, 2022<\/a><\/blockquote><script async src=\"https:\/\/platform.twitter.com\/widgets.js\" charset=\"utf-8\"><\/script>\n<\/div><\/figure>\n\n\n\n<p>\u201cElon Musk viene con un discurso un poco contestatario de alguna manera a este tipo de trabajo, porque \u00e9l defiende un modelo de libertad de expresi\u00f3n a todo costo que choca un poco con nuestra doctrina latinoamericana y est\u00e1 mucho m\u00e1s cercana a la doctrina norteamericana en materia de derechos humanos\u201d, indic\u00f3.<\/p>\n\n\n\n<p>Asegur\u00f3 que este tipo de aproximaciones de libertad de expresi\u00f3n a todo costo pone en riesgo a las comunidades vulnerables, que justamente necesitan moderaci\u00f3n de contenido para que no circulen discursos de odio, para que no circulen los ataques a periodistas, a activistas de derechos humanos o a personas de la comunidad LGBTQI+.<\/p>\n\n\n\n<figure class=\"wp-block-image size-full\"><img decoding=\"async\" loading=\"lazy\" width=\"800\" height=\"500\" src=\"https:\/\/enlatitud25.com\/news\/wp-content\/uploads\/2022\/04\/pag2_elonweb.jpg\" alt=\"\" class=\"wp-image-7721\" srcset=\"https:\/\/enlatitud25.com\/news\/wp-content\/uploads\/2022\/04\/pag2_elonweb.jpg 800w, https:\/\/enlatitud25.com\/news\/wp-content\/uploads\/2022\/04\/pag2_elonweb-300x188.jpg 300w, https:\/\/enlatitud25.com\/news\/wp-content\/uploads\/2022\/04\/pag2_elonweb-768x480.jpg 768w, https:\/\/enlatitud25.com\/news\/wp-content\/uploads\/2022\/04\/pag2_elonweb-380x238.jpg 380w\" sizes=\"(max-width: 800px) 100vw, 800px\" \/><\/figure>\n\n\n\n<p>\u201cEste tipo de moderaciones fueron defendidas (\u2026) tienen que codificarse algunas cuestiones que permitan que las personas se sientan seguras para expresarse de la mejor manera posible (\u2026) Hemos hecho investigaciones en las que se confirma que muchas mujeres, activistas o personalidades pol\u00edticas cierran sus cuentas porque la ola de ataques que reciben en distintas redes que hace que se supriman las ganas de expresarse\u201d, ejemplific\u00f3. &nbsp;<\/p>\n\n\n\n<p>Reconoci\u00f3 que Twitter como empresa no ha incorporado todas las recomendaciones que la sociedad civil ha hecho, en materia de moderaci\u00f3n de contenido y espec\u00edficamente en materia de transparencia, pero reiter\u00f3 que la postura de Elon Musk es preocupante principalmente para nuestros contextos.<\/p>\n\n\n\n<p>Por su parte, el desarrollador y consultor en ciberseguridad e informaci\u00f3n, Marcelo Elizeche, no cree que la nueva administraci\u00f3n de Twitter permita florecer el discurso de odio, ya que seg\u00fan aleg\u00f3, si se pretende que una red social funcione, alg\u00fan tipo de moderaci\u00f3n debe existir.<\/p>\n\n\n\n<p>\u201cEs una apuesta por devolverle a Trump su cuenta y quieras o no \u00e9l, tiene muchos negocios con Estados Unidos, es una apuesta pol\u00edtica\u201d, afirm\u00f3.<\/p>\n\n\n\n<p class=\"has-medium-font-size\"><strong>Autenticaci\u00f3n de la identidad de las personas<\/strong><\/p>\n\n\n\n<p>Carrllo resalta que el otro tema importante en el discurso de Musk, ha sido respecto a la autenticaci\u00f3n de las personas, lo que pone en cuestionamiento el derecho de las personas de crear perfiles an\u00f3nimos para ejercer su libertad de expresi\u00f3n.<\/p>\n\n\n\n<p>El anonimato no siempre es malo, ya que gran parte de los episodios de pol\u00edticos de alta relevancia que han tenido su punto de ignici\u00f3n en Twitter, gracias al trabajo de activistas, periodistas o actores pol\u00edticos que han revelado hechos sensibles con la tranquilidad que les brinda el anonimato ante eventuales represalias de los gobiernos.<\/p>\n\n\n\n<p>\u201cEstudios que se han realizado demuestran que realmente el libre ejercicio del anonimato est\u00e1 asociado al libre ejercicio de la expresi\u00f3n. Hay comunidades vulnerables que no quieren hacer un perfil asociado a su identidad, pero de todas maneras quieren participar en el debate p\u00fablico y tambi\u00e9n de personas LGBTIQ+, que expresan su sexualidad a trav\u00e9s de redes sociales como Twitter, pero no quieren hacerlo a trav\u00e9s de su perfil p\u00fablico\u201d, resalt\u00f3.<\/p>\n\n\n\n<figure class=\"wp-block-image size-full\"><img decoding=\"async\" loading=\"lazy\" width=\"800\" height=\"500\" src=\"https:\/\/enlatitud25.com\/news\/wp-content\/uploads\/2022\/04\/pag1_web_elon.jpg\" alt=\"\" class=\"wp-image-7722\" srcset=\"https:\/\/enlatitud25.com\/news\/wp-content\/uploads\/2022\/04\/pag1_web_elon.jpg 800w, https:\/\/enlatitud25.com\/news\/wp-content\/uploads\/2022\/04\/pag1_web_elon-300x188.jpg 300w, https:\/\/enlatitud25.com\/news\/wp-content\/uploads\/2022\/04\/pag1_web_elon-768x480.jpg 768w, https:\/\/enlatitud25.com\/news\/wp-content\/uploads\/2022\/04\/pag1_web_elon-380x238.jpg 380w\" sizes=\"(max-width: 800px) 100vw, 800px\" \/><\/figure>\n\n\n\n<p>Al ser consultado acerca de los bots que existen actualmente, es decir, usuarios no aut\u00e9nticos con respuestas automatizadas para defender o atacar ciertos intereses, respondi\u00f3 que uno puede apelar a las normas que existen, que se basa en estos tipos de contenido.<\/p>\n\n\n\n<p>Agreg\u00f3 que ac\u00e1 lo peligroso es aplicar por default, ya que en cada pol\u00edtica que uno aplique tiene que haber un principio de legalidad, necesidad y proporcionalidad que analice cu\u00e1les son los impactos que una pol\u00edtica puede tener a las minor\u00edas o la poblaci\u00f3n en general. <\/p>\n\n\n\n<p>&#8220;Este discurso es problem\u00e1tico porque va en contra de las reivindicaciones de derechos humanos de personas que utilizan el anonimato como una herramienta para ejercer la libre expresi\u00f3n\u201d, subray\u00f3.<\/p>\n\n\n\n<p>Por su parte, Marcelo Elizeche habl\u00f3 en relaci\u00f3n a los t\u00e9rminos pr\u00e1cticos. Explic\u00f3 que todo depende de c\u00f3mo se implemente. \u201cSi la verificaci\u00f3n implica enviar la foto de mi c\u00e9dula a Twitter , yo no lo har\u00eda, porque hay ideas muy interesantes, muy lindas, pero la implementaci\u00f3n es engorrosa\u201d, afirm\u00f3.<\/p>\n\n\n\n<p>A\u00f1adi\u00f3 que puede ser interesante el tema de verificar a los humanos, para que en algunos casos la justicia se encargue si alguien comete delitos de difamaci\u00f3n o de propagar desinformaci\u00f3n de manera premeditada. <\/p>\n\n\n\n<p class=\"has-medium-font-size\"><strong>Musk, asociado a poca transparencia<\/strong><\/p>\n\n\n\n<p>Adem\u00e1s de los puntos mencionados antes, tambi\u00e9n preocupa a la sociedad civil que desde el punto de vista de la transparencia sobre c\u00f3mo se ver\u00e1 la gobernanza corporativa que va a traer una persona como Elon Musk, considerando la poca transparencia o escasa disponibilizaci\u00f3n de informaci\u00f3n al p\u00fablico que siempre ha tenido respecto al funcionamiento de sus empresas.<\/p>\n\n\n\n<p>\u201cEso puede ir en contra de todo el proceso que se ha logrado hasta ahora, a pesar de que no se ha logrado el mejor escenario para Twitter. <strong>T<\/strong>omando en cuenta antecedentes de empresas de Elon Musk y su acercamiento a gobernanzas corporativa realmente podemos, razonablemente argumentar, que estamos ante un escenario de retroceso sobre c\u00f3mo podemos entender Twitter y su funcionamiento\u201d, indic\u00f3 Carrillo.<\/p>\n\n\n\n<figure class=\"wp-block-image size-full\"><img decoding=\"async\" loading=\"lazy\" width=\"800\" height=\"500\" src=\"https:\/\/enlatitud25.com\/news\/wp-content\/uploads\/2022\/04\/pag3_elonweb-copy.jpg\" alt=\"\" class=\"wp-image-7723\" srcset=\"https:\/\/enlatitud25.com\/news\/wp-content\/uploads\/2022\/04\/pag3_elonweb-copy.jpg 800w, https:\/\/enlatitud25.com\/news\/wp-content\/uploads\/2022\/04\/pag3_elonweb-copy-300x188.jpg 300w, https:\/\/enlatitud25.com\/news\/wp-content\/uploads\/2022\/04\/pag3_elonweb-copy-768x480.jpg 768w, https:\/\/enlatitud25.com\/news\/wp-content\/uploads\/2022\/04\/pag3_elonweb-copy-380x238.jpg 380w\" sizes=\"(max-width: 800px) 100vw, 800px\" \/><\/figure>\n\n\n\n<p class=\"has-medium-font-size\"><strong>Otros aspectos a considerar<\/strong><\/p>\n\n\n\n<p>Editar tuits. En cuanto a la posibilidad de editar tuits, Marcelo Elizeche, consider\u00f3 que es una mala idea, porque si bien se puede implementar f\u00e1cilmente en otras redes sociales, cuando se trata de un tuit que ya tiene muchos retuits en una cuenta oficial, la modificaci\u00f3n del tuit puede generar una distorsi\u00f3n en la credibilidad de ese contenido.<\/p>\n\n\n\n<p>Incluso indic\u00f3 que esto podr\u00eda incidir en la desinformaci\u00f3n, aunque record\u00f3 que en otras redes sociales se dejan marcas de edici\u00f3n.<\/p>\n\n\n\n<p><strong>Influencia de la sociedad en la toma de decisiones. <\/strong>El otro gran debate, seg\u00fan Carrillo, es c\u00f3mo podemos influir como ciudadan\u00eda en un proceso de este tipo y si existe una posibilidad de que la sociedad organizada sea parte del acuerdo para establecer las reglas de juego de una plataforma de naturaleza privada, pero con un alt\u00edsimo inter\u00e9s p\u00fablico.<\/p>\n\n\n\n<p>\u201cEs muy dif\u00edcil cuando esas acciones se realizan desde las esferas privadas, que en general no admite ning\u00fan tipo de escrutinio y ning\u00fan tipo de cuestionamiento. Muchas veces hablamos de las redes sociales como twitter, como Facebook, como plazas sociales p\u00fablicas, esa es una analog\u00eda peligrosa porque la realidad demuestra lo contrario no son plazas p\u00fablicas donde todo el mundo tiene su voz\u201d, resalt\u00f3.<\/p>\n\n\n\n<p>Finalmente, Marcelo Elizeche resalt\u00f3 que los cambios que Musk busque implementar en Twitter, no van a ser tan f\u00e1ciles de implementar con inmediatez, ya que eso conlleva un tiempo de desarrollo, de pruebas, lo que podr\u00eda significar un tiempo prudencial para la ejecuci\u00f3n de estas modificaciones en la operativa de la plataforma.<\/p>\n\n\n\n<p>Seg\u00fan <strong>Jack<\/strong>\u00a0Dorsey, uno de los cofundadores y ex CEO de\u00a0<strong>Twitter<\/strong>, dijo que el objetivo es que Twitter sea un bien com\u00fan no una empresa, asimismo, afirm\u00f3 que conf\u00eda en Elon Musk para mejorar la situaci\u00f3n de Twitter, que seg\u00fan el mismo Dorsey, estaba en apuros.<\/p>\n\n\n\n<figure class=\"wp-block-embed is-type-rich is-provider-twitter wp-block-embed-twitter\"><div class=\"wp-block-embed__wrapper\">\n<blockquote class=\"twitter-tweet\" data-width=\"550\" data-dnt=\"true\"><p lang=\"en\" dir=\"ltr\">Elon\u2019s goal of creating a platform that is \u201cmaximally trusted and broadly inclusive\u201d is the right one. This is also <a href=\"https:\/\/twitter.com\/paraga?ref_src=twsrc%5Etfw\">@paraga<\/a>\u2019s goal, and why I chose him. Thank you both for getting the company out of an impossible situation. This is the right path&#8230;I believe it with all my heart.<\/p>&mdash; jack\u26a1\ufe0f (@jack) <a href=\"https:\/\/twitter.com\/jack\/status\/1518772757340639232?ref_src=twsrc%5Etfw\">April 26, 2022<\/a><\/blockquote><script async src=\"https:\/\/platform.twitter.com\/widgets.js\" charset=\"utf-8\"><\/script>\n<\/div><\/figure>\n","protected":false},"excerpt":{"rendered":"El anuncio de la compra de Twitter por USD 44,000 millones por parte de Elon Musk gener\u00f3 un terremoto de dudas en varios sectores de la actividad global, en relaci\u00f3n a qu\u00e9 podr\u00eda ocurrir con esta plataforma de gran incidencia pol\u00edtica, social y econ\u00f3mica. Hablamos con especialistas en seguridad cibern\u00e9tica para analizar los alcances que puede tener este cambio de administrador del espacio de discusi\u00f3n social m\u00e1s grande del mundo.\n","protected":false},"author":1,"featured_media":7740,"comment_status":"closed","ping_status":"closed","sticky":false,"template":"","format":"standard","meta":[],"categories":[617],"tags":[991,990,989,988],"ubicacion":[18],"yoast_head":"<!-- This site is optimized with the Yoast SEO plugin v20.8 - https:\/\/yoast.com\/wordpress\/plugins\/seo\/ -->\n<title>Twitter en manos de Elon Musk: un an\u00e1lisis de lo que podr\u00eda suceder &ndash; Latitud25<\/title>\n<meta name=\"description\" content=\"Mir\u00e1 nuestros reportajes audiovisuales y seguinos para enterarte de las \u00faltimas noticias de Paraguay y el mundo, desde la Latitud25. Somos Alternativa de Informaci\u00f3n.\" \/>\n<meta name=\"robots\" content=\"index, follow, max-snippet:-1, max-image-preview:large, max-video-preview:-1\" \/>\n<link rel=\"canonical\" href=\"https:\/\/enlatitud25.com\/news\/twitter-en-manos-de-elon-musk-un-analisis-de-lo-que-podria-suceder\/\" \/>\n<meta property=\"og:locale\" content=\"es_ES\" \/>\n<meta property=\"og:type\" content=\"article\" \/>\n<meta property=\"og:title\" content=\"Twitter en manos de Elon Musk: un an\u00e1lisis de lo que podr\u00eda suceder &ndash; Latitud25\" \/>\n<meta property=\"og:description\" content=\"Mir\u00e1 nuestros reportajes audiovisuales y seguinos para enterarte de las \u00faltimas noticias de Paraguay y el mundo, desde la Latitud25. Somos Alternativa de Informaci\u00f3n.\" \/>\n<meta property=\"og:url\" content=\"https:\/\/enlatitud25.com\/news\/twitter-en-manos-de-elon-musk-un-analisis-de-lo-que-podria-suceder\/\" \/>\n<meta property=\"og:site_name\" content=\"Latitud25\" \/>\n<meta property=\"article:publisher\" content=\"https:\/\/www.facebook.com\/EnLatitud25\" \/>\n<meta property=\"article:author\" content=\"https:\/\/www.facebook.com\/EnLatitud25\" \/>\n<meta property=\"article:published_time\" content=\"2022-04-27T20:53:50+00:00\" \/>\n<meta property=\"article:modified_time\" content=\"2022-04-27T20:58:46+00:00\" \/>\n<meta property=\"og:image\" content=\"https:\/\/enlatitud25.com\/news\/wp-content\/uploads\/2022\/04\/elon_twitter_compra-1.jpg\" \/>\n\t<meta property=\"og:image:width\" content=\"800\" \/>\n\t<meta property=\"og:image:height\" content=\"500\" \/>\n\t<meta property=\"og:image:type\" content=\"image\/jpeg\" \/>\n<meta name=\"author\" content=\"Latitud 25\" \/>\n<meta name=\"twitter:card\" content=\"summary_large_image\" \/>\n<meta name=\"twitter:creator\" content=\"@EnLatitud25\" \/>\n<meta name=\"twitter:site\" content=\"@EnLatitud25\" \/>\n<meta name=\"twitter:label1\" content=\"Escrito por\" \/>\n\t<meta name=\"twitter:data1\" content=\"Latitud 25\" \/>\n\t<meta name=\"twitter:label2\" content=\"Tiempo de lectura\" \/>\n\t<meta name=\"twitter:data2\" content=\"8 minutos\" \/>\n<script type=\"application\/ld+json\" class=\"yoast-schema-graph\">{\"@context\":\"https:\/\/schema.org\",\"@graph\":[{\"@type\":\"Article\",\"@id\":\"https:\/\/enlatitud25.com\/news\/twitter-en-manos-de-elon-musk-un-analisis-de-lo-que-podria-suceder\/#article\",\"isPartOf\":{\"@id\":\"https:\/\/enlatitud25.com\/news\/twitter-en-manos-de-elon-musk-un-analisis-de-lo-que-podria-suceder\/\"},\"author\":{\"name\":\"Latitud 25\",\"@id\":\"https:\/\/enlatitud25.com\/news\/#\/schema\/person\/23aafe968917005a721b8eb760f2586e\"},\"headline\":\"Twitter en manos de Elon Musk: un an\u00e1lisis de lo que podr\u00eda suceder\",\"datePublished\":\"2022-04-27T20:53:50+00:00\",\"dateModified\":\"2022-04-27T20:58:46+00:00\",\"mainEntityOfPage\":{\"@id\":\"https:\/\/enlatitud25.com\/news\/twitter-en-manos-de-elon-musk-un-analisis-de-lo-que-podria-suceder\/\"},\"wordCount\":1568,\"publisher\":{\"@id\":\"https:\/\/enlatitud25.com\/news\/#organization\"},\"keywords\":[\"autenticaci\u00f3n\",\"libertad de expresi\u00f3n\",\"moderaci\u00f3n de contenido\",\"Twitter\"],\"articleSection\":[\"Tecnolog\u00eda\"],\"inLanguage\":\"es\"},{\"@type\":\"WebPage\",\"@id\":\"https:\/\/enlatitud25.com\/news\/twitter-en-manos-de-elon-musk-un-analisis-de-lo-que-podria-suceder\/\",\"url\":\"https:\/\/enlatitud25.com\/news\/twitter-en-manos-de-elon-musk-un-analisis-de-lo-que-podria-suceder\/\",\"name\":\"Twitter en manos de Elon Musk: un an\u00e1lisis de lo que podr\u00eda suceder &ndash; Latitud25\",\"isPartOf\":{\"@id\":\"https:\/\/enlatitud25.com\/news\/#website\"},\"datePublished\":\"2022-04-27T20:53:50+00:00\",\"dateModified\":\"2022-04-27T20:58:46+00:00\",\"description\":\"Mir\u00e1 nuestros reportajes audiovisuales y seguinos para enterarte de las \u00faltimas noticias de Paraguay y el mundo, desde la Latitud25. Somos Alternativa de Informaci\u00f3n.\",\"breadcrumb\":{\"@id\":\"https:\/\/enlatitud25.com\/news\/twitter-en-manos-de-elon-musk-un-analisis-de-lo-que-podria-suceder\/#breadcrumb\"},\"inLanguage\":\"es\",\"potentialAction\":[{\"@type\":\"ReadAction\",\"target\":[\"https:\/\/enlatitud25.com\/news\/twitter-en-manos-de-elon-musk-un-analisis-de-lo-que-podria-suceder\/\"]}]},{\"@type\":\"BreadcrumbList\",\"@id\":\"https:\/\/enlatitud25.com\/news\/twitter-en-manos-de-elon-musk-un-analisis-de-lo-que-podria-suceder\/#breadcrumb\",\"itemListElement\":[{\"@type\":\"ListItem\",\"position\":1,\"name\":\"Home\",\"item\":\"https:\/\/enlatitud25.com\/news\/\"},{\"@type\":\"ListItem\",\"position\":2,\"name\":\"Twitter en manos de Elon Musk: un an\u00e1lisis de lo que podr\u00eda suceder\"}]},{\"@type\":\"WebSite\",\"@id\":\"https:\/\/enlatitud25.com\/news\/#website\",\"url\":\"https:\/\/enlatitud25.com\/news\/\",\"name\":\"Latitud25\",\"description\":\"news\",\"publisher\":{\"@id\":\"https:\/\/enlatitud25.com\/news\/#organization\"},\"potentialAction\":[{\"@type\":\"SearchAction\",\"target\":{\"@type\":\"EntryPoint\",\"urlTemplate\":\"https:\/\/enlatitud25.com\/news\/?s={search_term_string}\"},\"query-input\":\"required name=search_term_string\"}],\"inLanguage\":\"es\"},{\"@type\":\"Organization\",\"@id\":\"https:\/\/enlatitud25.com\/news\/#organization\",\"name\":\"Latitud 25 - News\",\"url\":\"https:\/\/enlatitud25.com\/news\/\",\"logo\":{\"@type\":\"ImageObject\",\"inLanguage\":\"es\",\"@id\":\"https:\/\/enlatitud25.com\/news\/#\/schema\/logo\/image\/\",\"url\":\"https:\/\/enlatitud25.com\/news\/wp-content\/uploads\/2020\/11\/logo_latitud.png\",\"contentUrl\":\"https:\/\/enlatitud25.com\/news\/wp-content\/uploads\/2020\/11\/logo_latitud.png\",\"width\":235,\"height\":39,\"caption\":\"Latitud 25 - News\"},\"image\":{\"@id\":\"https:\/\/enlatitud25.com\/news\/#\/schema\/logo\/image\/\"},\"sameAs\":[\"https:\/\/www.facebook.com\/EnLatitud25\",\"https:\/\/twitter.com\/EnLatitud25\",\"https:\/\/www.instagram.com\/enlatitud25\/\",\"https:\/\/www.youtube.com\/user\/desdelatitud25\"]},{\"@type\":\"Person\",\"@id\":\"https:\/\/enlatitud25.com\/news\/#\/schema\/person\/23aafe968917005a721b8eb760f2586e\",\"name\":\"Latitud 25\",\"sameAs\":[\"https:\/\/enlatitud25.com\/news\",\"https:\/\/www.facebook.com\/EnLatitud25\",\"https:\/\/www.instagram.com\/enlatitud25\",\"https:\/\/www.youtube.com\/user\/desdelatitud25\",\"https:\/\/soundcloud.com\/enlatitud25\"],\"url\":\"https:\/\/enlatitud25.com\/news\/author\/nnews-uss00\/\"}]}<\/script>\n<!-- \/ Yoast SEO plugin. -->","yoast_head_json":{"title":"Twitter en manos de Elon Musk: un an\u00e1lisis de lo que podr\u00eda suceder &ndash; Latitud25","description":"Mir\u00e1 nuestros reportajes audiovisuales y seguinos para enterarte de las \u00faltimas noticias de Paraguay y el mundo, desde la Latitud25. Somos Alternativa de Informaci\u00f3n.","robots":{"index":"index","follow":"follow","max-snippet":"max-snippet:-1","max-image-preview":"max-image-preview:large","max-video-preview":"max-video-preview:-1"},"canonical":"https:\/\/enlatitud25.com\/news\/twitter-en-manos-de-elon-musk-un-analisis-de-lo-que-podria-suceder\/","og_locale":"es_ES","og_type":"article","og_title":"Twitter en manos de Elon Musk: un an\u00e1lisis de lo que podr\u00eda suceder &ndash; Latitud25","og_description":"Mir\u00e1 nuestros reportajes audiovisuales y seguinos para enterarte de las \u00faltimas noticias de Paraguay y el mundo, desde la Latitud25. Somos Alternativa de Informaci\u00f3n.","og_url":"https:\/\/enlatitud25.com\/news\/twitter-en-manos-de-elon-musk-un-analisis-de-lo-que-podria-suceder\/","og_site_name":"Latitud25","article_publisher":"https:\/\/www.facebook.com\/EnLatitud25","article_author":"https:\/\/www.facebook.com\/EnLatitud25","article_published_time":"2022-04-27T20:53:50+00:00","article_modified_time":"2022-04-27T20:58:46+00:00","og_image":[{"width":800,"height":500,"url":"https:\/\/enlatitud25.com\/news\/wp-content\/uploads\/2022\/04\/elon_twitter_compra-1.jpg","type":"image\/jpeg"}],"author":"Latitud 25","twitter_card":"summary_large_image","twitter_creator":"@EnLatitud25","twitter_site":"@EnLatitud25","twitter_misc":{"Escrito por":"Latitud 25","Tiempo de lectura":"8 minutos"},"schema":{"@context":"https:\/\/schema.org","@graph":[{"@type":"Article","@id":"https:\/\/enlatitud25.com\/news\/twitter-en-manos-de-elon-musk-un-analisis-de-lo-que-podria-suceder\/#article","isPartOf":{"@id":"https:\/\/enlatitud25.com\/news\/twitter-en-manos-de-elon-musk-un-analisis-de-lo-que-podria-suceder\/"},"author":{"name":"Latitud 25","@id":"https:\/\/enlatitud25.com\/news\/#\/schema\/person\/23aafe968917005a721b8eb760f2586e"},"headline":"Twitter en manos de Elon Musk: un an\u00e1lisis de lo que podr\u00eda suceder","datePublished":"2022-04-27T20:53:50+00:00","dateModified":"2022-04-27T20:58:46+00:00","mainEntityOfPage":{"@id":"https:\/\/enlatitud25.com\/news\/twitter-en-manos-de-elon-musk-un-analisis-de-lo-que-podria-suceder\/"},"wordCount":1568,"publisher":{"@id":"https:\/\/enlatitud25.com\/news\/#organization"},"keywords":["autenticaci\u00f3n","libertad de expresi\u00f3n","moderaci\u00f3n de contenido","Twitter"],"articleSection":["Tecnolog\u00eda"],"inLanguage":"es"},{"@type":"WebPage","@id":"https:\/\/enlatitud25.com\/news\/twitter-en-manos-de-elon-musk-un-analisis-de-lo-que-podria-suceder\/","url":"https:\/\/enlatitud25.com\/news\/twitter-en-manos-de-elon-musk-un-analisis-de-lo-que-podria-suceder\/","name":"Twitter en manos de Elon Musk: un an\u00e1lisis de lo que podr\u00eda suceder &ndash; Latitud25","isPartOf":{"@id":"https:\/\/enlatitud25.com\/news\/#website"},"datePublished":"2022-04-27T20:53:50+00:00","dateModified":"2022-04-27T20:58:46+00:00","description":"Mir\u00e1 nuestros reportajes audiovisuales y seguinos para enterarte de las \u00faltimas noticias de Paraguay y el mundo, desde la Latitud25. Somos Alternativa de Informaci\u00f3n.","breadcrumb":{"@id":"https:\/\/enlatitud25.com\/news\/twitter-en-manos-de-elon-musk-un-analisis-de-lo-que-podria-suceder\/#breadcrumb"},"inLanguage":"es","potentialAction":[{"@type":"ReadAction","target":["https:\/\/enlatitud25.com\/news\/twitter-en-manos-de-elon-musk-un-analisis-de-lo-que-podria-suceder\/"]}]},{"@type":"BreadcrumbList","@id":"https:\/\/enlatitud25.com\/news\/twitter-en-manos-de-elon-musk-un-analisis-de-lo-que-podria-suceder\/#breadcrumb","itemListElement":[{"@type":"ListItem","position":1,"name":"Home","item":"https:\/\/enlatitud25.com\/news\/"},{"@type":"ListItem","position":2,"name":"Twitter en manos de Elon Musk: un an\u00e1lisis de lo que podr\u00eda suceder"}]},{"@type":"WebSite","@id":"https:\/\/enlatitud25.com\/news\/#website","url":"https:\/\/enlatitud25.com\/news\/","name":"Latitud25","description":"news","publisher":{"@id":"https:\/\/enlatitud25.com\/news\/#organization"},"potentialAction":[{"@type":"SearchAction","target":{"@type":"EntryPoint","urlTemplate":"https:\/\/enlatitud25.com\/news\/?s={search_term_string}"},"query-input":"required name=search_term_string"}],"inLanguage":"es"},{"@type":"Organization","@id":"https:\/\/enlatitud25.com\/news\/#organization","name":"Latitud 25 - News","url":"https:\/\/enlatitud25.com\/news\/","logo":{"@type":"ImageObject","inLanguage":"es","@id":"https:\/\/enlatitud25.com\/news\/#\/schema\/logo\/image\/","url":"https:\/\/enlatitud25.com\/news\/wp-content\/uploads\/2020\/11\/logo_latitud.png","contentUrl":"https:\/\/enlatitud25.com\/news\/wp-content\/uploads\/2020\/11\/logo_latitud.png","width":235,"height":39,"caption":"Latitud 25 - News"},"image":{"@id":"https:\/\/enlatitud25.com\/news\/#\/schema\/logo\/image\/"},"sameAs":["https:\/\/www.facebook.com\/EnLatitud25","https:\/\/twitter.com\/EnLatitud25","https:\/\/www.instagram.com\/enlatitud25\/","https:\/\/www.youtube.com\/user\/desdelatitud25"]},{"@type":"Person","@id":"https:\/\/enlatitud25.com\/news\/#\/schema\/person\/23aafe968917005a721b8eb760f2586e","name":"Latitud 25","sameAs":["https:\/\/enlatitud25.com\/news","https:\/\/www.facebook.com\/EnLatitud25","https:\/\/www.instagram.com\/enlatitud25","https:\/\/www.youtube.com\/user\/desdelatitud25","https:\/\/soundcloud.com\/enlatitud25"],"url":"https:\/\/enlatitud25.com\/news\/author\/nnews-uss00\/"}]}},"_links":{"self":[{"href":"https:\/\/enlatitud25.com\/news\/wp-json\/wp\/v2\/posts\/7719"}],"collection":[{"href":"https:\/\/enlatitud25.com\/news\/wp-json\/wp\/v2\/posts"}],"about":[{"href":"https:\/\/enlatitud25.com\/news\/wp-json\/wp\/v2\/types\/post"}],"author":[{"embeddable":true,"href":"https:\/\/enlatitud25.com\/news\/wp-json\/wp\/v2\/users\/1"}],"replies":[{"embeddable":true,"href":"https:\/\/enlatitud25.com\/news\/wp-json\/wp\/v2\/comments?post=7719"}],"version-history":[{"count":10,"href":"https:\/\/enlatitud25.com\/news\/wp-json\/wp\/v2\/posts\/7719\/revisions"}],"predecessor-version":[{"id":7738,"href":"https:\/\/enlatitud25.com\/news\/wp-json\/wp\/v2\/posts\/7719\/revisions\/7738"}],"wp:featuredmedia":[{"embeddable":true,"href":"https:\/\/enlatitud25.com\/news\/wp-json\/wp\/v2\/media\/7740"}],"wp:attachment":[{"href":"https:\/\/enlatitud25.com\/news\/wp-json\/wp\/v2\/media?parent=7719"}],"wp:term":[{"taxonomy":"category","embeddable":true,"href":"https:\/\/enlatitud25.com\/news\/wp-json\/wp\/v2\/categories?post=7719"},{"taxonomy":"post_tag","embeddable":true,"href":"https:\/\/enlatitud25.com\/news\/wp-json\/wp\/v2\/tags?post=7719"},{"taxonomy":"ubicacion","embeddable":true,"href":"https:\/\/enlatitud25.com\/news\/wp-json\/wp\/v2\/ubicacion?post=7719"}],"curies":[{"name":"wp","href":"https:\/\/api.w.org\/{rel}","templated":true}]}}