{"id":7526,"date":"2022-04-12T22:03:34","date_gmt":"2022-04-12T22:03:34","guid":{"rendered":"https:\/\/enlatitud25.com\/news\/?p=7526"},"modified":"2022-04-12T22:05:23","modified_gmt":"2022-04-12T22:05:23","slug":"el-caso-de-aurora-lezcano-testificales-calcadas-y-persecucion-por-protestar","status":"publish","type":"post","link":"https:\/\/enlatitud25.com\/news\/el-caso-de-aurora-lezcano-testificales-calcadas-y-persecucion-por-protestar\/","title":{"rendered":"El caso de Aurora Lezcano: \u00bfTestificales calcadas y persecuci\u00f3n por protestar?"},"content":{"rendered":"\n<p>Toda universidad, en cualquier territorio del mundo, se funda con la intenci\u00f3n de ser generadora de conocimiento, partiendo del entendimiento que el conocimiento empodera, emancipa, libera. Pero es justamente una universidad la que inici\u00f3 una acci\u00f3n judicial contra una de sus estudiantes de Derecho, cercenando su libertad de protesta, por exigir el esclarecimiento de denuncias de acoso sexual en contra de alumnas.<\/p>\n\n\n\n<p>En 2017, empez\u00f3 un conflicto de estudiantes con las autoridades de la Universidad Cat\u00f3lica de Asunci\u00f3n. Los alumnos realizaron una serie de manifestaciones con medidas de fuerza. Exig\u00edan m\u00e1s participaci\u00f3n estudiantil en los estamentos de decisi\u00f3n y la remoci\u00f3n de un decano por denuncias de acoso sexual en contra de un docente con respaldo pol\u00edtico en estamentos de poder. Aurora Lezcano fue una de los cinco estudiantes procesados en esa causa.<\/p>\n\n\n\n<p>&#8220;La Universidad Cat\u00f3lica ten\u00eda cuando eso v\u00ednculos pol\u00edticos muy fuertes con el Consejo de la Magistratura a trav\u00e9s Cristian Kriskovich, hab\u00eda antecedentes de abuso de poder por parte de la Universidad Cat\u00f3lica. Ellos en todas las testificales dicen que ese recinto es privado. Entonces, \u00bfqu\u00e9 hacen? Suspenden las clases y dicen que hab\u00eda coacci\u00f3n. No hay testigos que aseguren que no le hayan permitido ingresar&#8221;, expres\u00f3 el abogado Guillermo Ferreiro, defensor de la estudiante Aurora Lezcano, la \u00fanica procesada que sigue en la causa.<\/p>\n\n\n\n<p class=\"has-medium-font-size\"><strong>Denuncian declaraciones id\u00e9nticas<\/strong><\/p>\n\n\n\n<p>El abogado Guillermo Ferreiro resalt\u00f3, en los estudios de RadioCast25, que hay irregularidades en este juicio iniciado contra Aurora, porque existen fragmentos enteros de los documentos en donde constan las declaraciones testificales que son id\u00e9nticos.  <\/p>\n\n\n\n<p>&#8220;Si ment\u00eds en una declaraci\u00f3n es muy grave (&#8230;) Son 3 declaraciones en tres momentos diferentes, cada una tiene la firma de ellos&#8221;, puntualiz\u00f3, al referirse a las declaraciones de tres autoridades de la universidad. <\/p>\n\n\n\n<p><\/p>\n\n\n\n<figure class=\"wp-block-gallery has-nested-images columns-default is-cropped wp-block-gallery-1 is-layout-flex\">\n<figure class=\"wp-block-image size-large\"><img decoding=\"async\" loading=\"lazy\" width=\"612\" height=\"936\" data-id=\"7562\"  src=\"https:\/\/enlatitud25.com\/news\/wp-content\/uploads\/2022\/04\/declaracion-3.jpg\" alt=\"\" class=\"wp-image-7562\" srcset=\"https:\/\/enlatitud25.com\/news\/wp-content\/uploads\/2022\/04\/declaracion-3.jpg 612w, https:\/\/enlatitud25.com\/news\/wp-content\/uploads\/2022\/04\/declaracion-3-196x300.jpg 196w, https:\/\/enlatitud25.com\/news\/wp-content\/uploads\/2022\/04\/declaracion-3-380x581.jpg 380w\" sizes=\"(max-width: 612px) 100vw, 612px\" \/><\/figure>\n\n\n\n<figure class=\"wp-block-image size-large\"><img decoding=\"async\" loading=\"lazy\" width=\"612\" height=\"936\" data-id=\"7563\"  src=\"https:\/\/enlatitud25.com\/news\/wp-content\/uploads\/2022\/04\/declaracion-2.jpg\" alt=\"\" class=\"wp-image-7563\" srcset=\"https:\/\/enlatitud25.com\/news\/wp-content\/uploads\/2022\/04\/declaracion-2.jpg 612w, https:\/\/enlatitud25.com\/news\/wp-content\/uploads\/2022\/04\/declaracion-2-196x300.jpg 196w, https:\/\/enlatitud25.com\/news\/wp-content\/uploads\/2022\/04\/declaracion-2-380x581.jpg 380w\" sizes=\"(max-width: 612px) 100vw, 612px\" \/><\/figure>\n\n\n\n<figure class=\"wp-block-image size-large\"><img decoding=\"async\" loading=\"lazy\" width=\"612\" height=\"936\" data-id=\"7564\"  src=\"https:\/\/enlatitud25.com\/news\/wp-content\/uploads\/2022\/04\/Declaracion-1.jpg\" alt=\"\" class=\"wp-image-7564\" srcset=\"https:\/\/enlatitud25.com\/news\/wp-content\/uploads\/2022\/04\/Declaracion-1.jpg 612w, https:\/\/enlatitud25.com\/news\/wp-content\/uploads\/2022\/04\/Declaracion-1-196x300.jpg 196w, https:\/\/enlatitud25.com\/news\/wp-content\/uploads\/2022\/04\/Declaracion-1-380x581.jpg 380w\" sizes=\"(max-width: 612px) 100vw, 612px\" \/><\/figure>\n<figcaption class=\"blocks-gallery-caption\">Primera p\u00e1gina de las declaraciones de Julio Gabriel Anselmo, C\u00e9sar Augusto Ruffinelli\u00a0 y Narciso Vel\u00e1zquez Ferreira, en las que se pueden identificar p\u00e1rrafos calcados.<\/figcaption><\/figure>\n\n\n\n<p>Explic\u00f3 que una declaraci\u00f3n se da normalmente cuando alguien le llama a los testigos o involucrados, pide todos los antecedentes del caso y uno por cuenta propia explica o relata lo que sabe al respecto, bajo juramento. <\/p>\n\n\n\n<p>&#8220;En varios p\u00e1rrafos las tres declaraciones coinciden textualmente, hasta las comas e incluso los errores. Yo veo a gente en Twitter que dice que ella est\u00e1 juzgada por un delito, pero hay que resaltar que se establece un delito en base a falsificaci\u00f3n de documentos p\u00fablicos, porque cualquiera puede ser v\u00edctima ma\u00f1ana, de la asociaci\u00f3n criminal m\u00e1s peligrosa que tiene el Paraguay, que se llama Ministerio P\u00fablico. Tienen que estar todos presos&#8221;, asever\u00f3.<\/p>\n\n\n\n<p>Ferreiro explic\u00f3 que la universidad pide dos a\u00f1os de c\u00e1rcel para ella, por el hecho de tratarse de una estudiante de derecho, ya que esto supone un agravante por tratarse de una estudiante que deber\u00eda conocer las leyes. <\/p>\n\n\n\n<p>&#8220;C\u00e9sar Rufinelli (Decano de la UNA y uno de los declarantes), es doctor en Derecho y firma una declaraci\u00f3n que no es suya&#8221;, subray\u00f3. <\/p>\n\n\n\n<figure class=\"wp-block-image size-large is-resized\"><img decoding=\"async\" loading=\"lazy\" src=\"https:\/\/enlatitud25.com\/news\/wp-content\/uploads\/2022\/04\/guillermo_ferre_radiofoto1-1024x683.jpg\" alt=\"\" class=\"wp-image-7532\" width=\"699\" height=\"465\" srcset=\"https:\/\/enlatitud25.com\/news\/wp-content\/uploads\/2022\/04\/guillermo_ferre_radiofoto1-1024x683.jpg 1024w, https:\/\/enlatitud25.com\/news\/wp-content\/uploads\/2022\/04\/guillermo_ferre_radiofoto1-300x200.jpg 300w, https:\/\/enlatitud25.com\/news\/wp-content\/uploads\/2022\/04\/guillermo_ferre_radiofoto1-768x512.jpg 768w, https:\/\/enlatitud25.com\/news\/wp-content\/uploads\/2022\/04\/guillermo_ferre_radiofoto1-1536x1024.jpg 1536w, https:\/\/enlatitud25.com\/news\/wp-content\/uploads\/2022\/04\/guillermo_ferre_radiofoto1-2048x1365.jpg 2048w, https:\/\/enlatitud25.com\/news\/wp-content\/uploads\/2022\/04\/guillermo_ferre_radiofoto1-380x253.jpg 380w, https:\/\/enlatitud25.com\/news\/wp-content\/uploads\/2022\/04\/guillermo_ferre_radiofoto1-800x533.jpg 800w, https:\/\/enlatitud25.com\/news\/wp-content\/uploads\/2022\/04\/guillermo_ferre_radiofoto1-1160x773.jpg 1160w, https:\/\/enlatitud25.com\/news\/wp-content\/uploads\/2022\/04\/guillermo_ferre_radiofoto1-scaled.jpg 2560w\" sizes=\"(max-width: 699px) 100vw, 699px\" \/><figcaption>Abogado Guillermo Ferreiro, defensor de Aurora Lezcano.<\/figcaption><\/figure>\n\n\n\n<p class=\"has-medium-font-size\"><strong>A las protestas, represalias<\/strong> <\/p>\n\n\n\n<p>Aurora explic\u00f3 que el delito por el que ella est\u00e1 acusada, que es coacci\u00f3n grave, permite que haya pena sin ning\u00fan tipo de sanci\u00f3n. &#8220;Esto es un mensaje: &#8216;vean qu\u00e9 va a pasar si ustedes vuelven a ser irreverentes?&#8221;, consider\u00f3. Ella record\u00f3 que era miembro de la asamblea de estudiantes, cuando se realiz\u00f3 esta medida de protesta. <\/p>\n\n\n\n<p>En ese entonces todos los estamentos: el docente, estudiantil y funcionarios de la universidad, llevaron adelante una serie de medidas, de las que Aurora reconoce haber participado. El estamento docente fue a paro, y los estudiantes no ten\u00edan clases, por lo que la forma de participar eran las clases abiertas en la universidad.<\/p>\n\n\n\n<p>&#8220;El gran error que yo comet\u00ed fue firmar un documento que dec\u00eda que los estudiantes de filosof\u00eda quer\u00edamos que las autoridades deb\u00edan sentarse en una mesa de di\u00e1logo para solucionar el conflicto&#8221;, agreg\u00f3, al recordar que en ese entonces ella era estudiante de las facultades de Derecho y de Ciencias Humanas al mismo tiempo.<\/p>\n\n\n\n<figure class=\"wp-block-image size-large\"><img decoding=\"async\" loading=\"lazy\" width=\"1024\" height=\"683\" src=\"https:\/\/enlatitud25.com\/news\/wp-content\/uploads\/2022\/04\/aurora-lezcano_radiofoto1-1024x683.jpg\" alt=\"\" class=\"wp-image-7533\" srcset=\"https:\/\/enlatitud25.com\/news\/wp-content\/uploads\/2022\/04\/aurora-lezcano_radiofoto1-1024x683.jpg 1024w, https:\/\/enlatitud25.com\/news\/wp-content\/uploads\/2022\/04\/aurora-lezcano_radiofoto1-300x200.jpg 300w, https:\/\/enlatitud25.com\/news\/wp-content\/uploads\/2022\/04\/aurora-lezcano_radiofoto1-768x512.jpg 768w, https:\/\/enlatitud25.com\/news\/wp-content\/uploads\/2022\/04\/aurora-lezcano_radiofoto1-1536x1024.jpg 1536w, https:\/\/enlatitud25.com\/news\/wp-content\/uploads\/2022\/04\/aurora-lezcano_radiofoto1-2048x1365.jpg 2048w, https:\/\/enlatitud25.com\/news\/wp-content\/uploads\/2022\/04\/aurora-lezcano_radiofoto1-380x253.jpg 380w, https:\/\/enlatitud25.com\/news\/wp-content\/uploads\/2022\/04\/aurora-lezcano_radiofoto1-800x533.jpg 800w, https:\/\/enlatitud25.com\/news\/wp-content\/uploads\/2022\/04\/aurora-lezcano_radiofoto1-1160x773.jpg 1160w, https:\/\/enlatitud25.com\/news\/wp-content\/uploads\/2022\/04\/aurora-lezcano_radiofoto1-scaled.jpg 2560w\" sizes=\"(max-width: 1024px) 100vw, 1024px\" \/><figcaption>Aurora Lezcano, estudiante procesada por manifestarse contra la Universidad Cat\u00f3lica de Asunci\u00f3n.<\/figcaption><\/figure>\n\n\n\n<p class=\"has-medium-font-size\"><strong>&#8220;Es mi derecho ejercer la protesta&#8221;<\/strong><\/p>\n\n\n\n<p>&#8220;Para m\u00ed no es f\u00e1cil llevar este proceso por casi cinco a\u00f1os, yo hoy me encuentro en esta situaci\u00f3n pr\u00e1cticamente condenada. Lo que yo hice en el 2017 es ejercer mi derecho a la protesta, ejercer mi derecho a pedir una educaci\u00f3n de calidad, exigir espacios libres de violencia&#8221;, dijo la estudiante.<\/p>\n\n\n\n<p>Acot\u00f3 que no se iba a sentir bien si asum\u00eda una responsabilidad penal por una decisi\u00f3n pol\u00edtica colectiva y arbitraria que se tom\u00f3, de llevarle a juicio por este caso.<\/p>\n\n\n\n<p>Adem\u00e1s, explic\u00f3 que estamos hablando de un tipo penal que es la coacci\u00f3n y los hechos acontecidos en esa manifestaci\u00f3n, no hacen al tipo penal por el cual es juzgada. Record\u00f3 que coacci\u00f3n es obligarle a alguien, mediante el uso de la fuerza o la amenaza, a aceptar algo que no quiere o padecer algo que no desea aparecer.<\/p>\n\n\n\n<figure class=\"wp-block-embed is-type-rich is-provider-twitter wp-block-embed-twitter\"><div class=\"wp-block-embed__wrapper\">\n<blockquote class=\"twitter-tweet\" data-width=\"550\" data-dnt=\"true\"><p lang=\"es\" dir=\"ltr\">Camila Corval\u00e1n, estudiante FiloUCA, convoca a las 14:30 hs a autoridades de la UCA a nueva mesa de di\u00e1logo, tras no presentarse <a href=\"https:\/\/twitter.com\/hashtag\/Latitud25?src=hash&amp;ref_src=twsrc%5Etfw\">#Latitud25<\/a> <a href=\"https:\/\/t.co\/qK9slj1Z1f\">pic.twitter.com\/qK9slj1Z1f<\/a><\/p>&mdash; LATITUD 25 (@EnLatitud25) <a href=\"https:\/\/twitter.com\/EnLatitud25\/status\/908388588403994624?ref_src=twsrc%5Etfw\">September 14, 2017<\/a><\/blockquote><script async src=\"https:\/\/platform.twitter.com\/widgets.js\" charset=\"utf-8\"><\/script>\n<\/div><\/figure>\n\n\n\n<p>&#8220;Yo no hice eso. Yo lo que hice fue ejercer mi derecho: tengo el derecho de ejercer la protesta y tengo derecho de pelear \u2013en condiciones de igualdad\u2013 contra las personas que me est\u00e1n querellando, cosa que hasta ahora no se ha dado. Yo he tenido que pagar una millonada de plata (&#8230;) cuando yo no tengo por qu\u00e9 demostrar mi inocencia&#8221;, indic\u00f3. <\/p>\n\n\n\n<p>Se\u00f1al\u00f3 que la prueba solicitada es un cruce de llamadas entre las autoridades de la universidad, Cristian Kriskovich, el fiscal general del Estado en ese momento y los fiscales del caso, de la fecha en que ocurri\u00f3 el atropello, que fue el 14 de setiembre de 2017. <\/p>\n\n\n\n<p>&#8220;Nosotros pedimos que se incluya esa prueba. Se nos neg\u00f3. Yo apel\u00e9 y tuve que pagar 12 millones por una apelaci\u00f3n que perd\u00ed&#8221;, enfatiz\u00f3. <\/p>\n\n\n\n<p>Los otros cuatro estudiantes que estuvieron procesados, reconocieron que cometieron una irregularidad, por lo que lograron una salida procesal sin antecedentes. <\/p>\n\n\n\n<p>En el caso de Aurora, ella se neg\u00f3 a afirmar que hizo mal al manifestarse, por lo que la causa se elev\u00f3 a juicio oral. El juicio puede terminar con una sentencia absolutoria o condenatoria, se le aplica una sanci\u00f3n y queda un antecedente de por vida, seg\u00fan aclara el abogado Guillermo Ferreiro.<\/p>\n\n\n\n<p class=\"has-medium-font-size\"><strong>\u00bfQu\u00e9 dice la UCA?<\/strong><\/p>\n\n\n\n<p>Carlos Montalbetti, defensor de la Universidad querellante, dijo que pidieron dos a\u00f1os de c\u00e1rcel para no pedir la multa y que para esta solicitud, tuvieron en cuenta el art\u00edculo&nbsp;65 del C\u00f3digo Procesal Penal, seg\u00fan expres\u00f3 en una entrevista a \u00daltima Hora.<\/p>\n\n\n\n<p>Adem\u00e1s afirm\u00f3 que la casa de estudios perdi\u00f3 aproximadamente un mill\u00f3n de d\u00f3lares, durante los 45 d\u00edas en los que no hubo clases a causa de las medidas de fuerza realizada por los estudiantes. Agrego que personalmente se comunic\u00f3 con Aurora para que \u00e9sta haga un pedido de disculpas p\u00fablicas. <\/p>\n\n\n\n<p>&#8220;Pero ella no acept\u00f3, prefiri\u00f3 la mediatizaci\u00f3n&#8221;, resalt\u00f3.<\/p>\n\n\n\n<p class=\"has-medium-font-size\"><strong>Codehupy expres\u00f3 su postura en contra el juicio<\/strong><\/p>\n\n\n\n<p>La Coordinadora de Derechos Humanos del Paraguay, red de 40 organizaciones de la sociedad civil paraguaya, public\u00f3 un hilo sobre observaciones hechas ante el Poder Judicial sobre la importancia de garantizar el derecho a la protesta social. <\/p>\n\n\n\n<figure class=\"wp-block-embed is-type-rich is-provider-twitter wp-block-embed-twitter\"><div class=\"wp-block-embed__wrapper\">\n<blockquote class=\"twitter-tweet\" data-width=\"550\" data-dnt=\"true\"><p lang=\"es\" dir=\"ltr\">\ud83d\udccdPara la Codehupy, este caso es de trascendencia p\u00fablica, porque es el ejemplo de la sistem\u00e1tica violaci\u00f3n del derecho a la <a href=\"https:\/\/twitter.com\/hashtag\/ProtestaSocial?src=hash&amp;ref_src=twsrc%5Etfw\">#ProtestaSocial<\/a> en \ud83c\uddf5\ud83c\uddfe a trav\u00e9s de canales legales que son utilizados para criminalizar, disuadir, intimidar e impedir a la ciudadan\u00eda ejercer este derecho. <a href=\"https:\/\/t.co\/wsVf4pKXai\">pic.twitter.com\/wsVf4pKXai<\/a><\/p>&mdash; Codehupy (@Codehupy99) <a href=\"https:\/\/twitter.com\/Codehupy99\/status\/1511777578624991235?ref_src=twsrc%5Etfw\">April 6, 2022<\/a><\/blockquote><script async src=\"https:\/\/platform.twitter.com\/widgets.js\" charset=\"utf-8\"><\/script>\n<\/div><\/figure>\n\n\n\n<p><\/p>\n","protected":false},"excerpt":{"rendered":"Una estudiante de Derecho de la Universidad Cat\u00f3lica de Asunci\u00f3n fue a juicio por haber participado de una protesta en 2017 para exigir a las autoridades acad\u00e9micas mayor calidad en la educaci\u00f3n y que se investiguen graves denuncias de acoso sexual por parte de un docente. Cinco a\u00f1os despu\u00e9s, Aurora Lezcano denuncia que es una causa montada e incluso que las declaraciones de testigos en su contra fueron replicadas id\u00e9nticamente hasta con los errores. La universidad pide c\u00e1rcel por dos a\u00f1os por supuesta coacci\u00f3n.\n","protected":false},"author":1,"featured_media":7534,"comment_status":"closed","ping_status":"closed","sticky":false,"template":"","format":"standard","meta":[],"categories":[12],"tags":[958,953,956,954,503,957,955],"ubicacion":[18],"yoast_head":"<!-- This site is optimized with the Yoast SEO plugin v20.8 - https:\/\/yoast.com\/wordpress\/plugins\/seo\/ -->\n<title>El caso de Aurora Lezcano: \u00bfTestificales calcadas y persecuci\u00f3n por protestar? &ndash; Latitud25<\/title>\n<meta name=\"description\" content=\"Mir\u00e1 nuestros reportajes audiovisuales y seguinos para enterarte de las \u00faltimas noticias de Paraguay y el mundo, desde la Latitud25. Somos Alternativa de Informaci\u00f3n.\" \/>\n<meta name=\"robots\" content=\"index, follow, max-snippet:-1, max-image-preview:large, max-video-preview:-1\" \/>\n<link rel=\"canonical\" href=\"https:\/\/enlatitud25.com\/news\/el-caso-de-aurora-lezcano-testificales-calcadas-y-persecucion-por-protestar\/\" \/>\n<meta property=\"og:locale\" content=\"es_ES\" \/>\n<meta property=\"og:type\" content=\"article\" \/>\n<meta property=\"og:title\" content=\"El caso de Aurora Lezcano: \u00bfTestificales calcadas y persecuci\u00f3n por protestar? &ndash; Latitud25\" \/>\n<meta property=\"og:description\" content=\"Mir\u00e1 nuestros reportajes audiovisuales y seguinos para enterarte de las \u00faltimas noticias de Paraguay y el mundo, desde la Latitud25. Somos Alternativa de Informaci\u00f3n.\" \/>\n<meta property=\"og:url\" content=\"https:\/\/enlatitud25.com\/news\/el-caso-de-aurora-lezcano-testificales-calcadas-y-persecucion-por-protestar\/\" \/>\n<meta property=\"og:site_name\" content=\"Latitud25\" \/>\n<meta property=\"article:publisher\" content=\"https:\/\/www.facebook.com\/EnLatitud25\" \/>\n<meta property=\"article:author\" content=\"https:\/\/www.facebook.com\/EnLatitud25\" \/>\n<meta property=\"article:published_time\" content=\"2022-04-12T22:03:34+00:00\" \/>\n<meta property=\"article:modified_time\" content=\"2022-04-12T22:05:23+00:00\" \/>\n<meta property=\"og:image\" content=\"https:\/\/enlatitud25.com\/news\/wp-content\/uploads\/2022\/04\/aurora-lezcano_denuncia.jpg\" \/>\n\t<meta property=\"og:image:width\" content=\"800\" \/>\n\t<meta property=\"og:image:height\" content=\"500\" \/>\n\t<meta property=\"og:image:type\" content=\"image\/jpeg\" \/>\n<meta name=\"author\" content=\"Latitud 25\" \/>\n<meta name=\"twitter:card\" content=\"summary_large_image\" \/>\n<meta name=\"twitter:creator\" content=\"@EnLatitud25\" \/>\n<meta name=\"twitter:site\" content=\"@EnLatitud25\" \/>\n<meta name=\"twitter:label1\" content=\"Escrito por\" \/>\n\t<meta name=\"twitter:data1\" content=\"Latitud 25\" \/>\n\t<meta name=\"twitter:label2\" content=\"Tiempo de lectura\" \/>\n\t<meta name=\"twitter:data2\" content=\"7 minutos\" \/>\n<script type=\"application\/ld+json\" class=\"yoast-schema-graph\">{\"@context\":\"https:\/\/schema.org\",\"@graph\":[{\"@type\":\"Article\",\"@id\":\"https:\/\/enlatitud25.com\/news\/el-caso-de-aurora-lezcano-testificales-calcadas-y-persecucion-por-protestar\/#article\",\"isPartOf\":{\"@id\":\"https:\/\/enlatitud25.com\/news\/el-caso-de-aurora-lezcano-testificales-calcadas-y-persecucion-por-protestar\/\"},\"author\":{\"name\":\"Latitud 25\",\"@id\":\"https:\/\/enlatitud25.com\/news\/#\/schema\/person\/23aafe968917005a721b8eb760f2586e\"},\"headline\":\"El caso de Aurora Lezcano: \u00bfTestificales calcadas y persecuci\u00f3n por protestar?\",\"datePublished\":\"2022-04-12T22:03:34+00:00\",\"dateModified\":\"2022-04-12T22:05:23+00:00\",\"mainEntityOfPage\":{\"@id\":\"https:\/\/enlatitud25.com\/news\/el-caso-de-aurora-lezcano-testificales-calcadas-y-persecucion-por-protestar\/\"},\"wordCount\":1269,\"publisher\":{\"@id\":\"https:\/\/enlatitud25.com\/news\/#organization\"},\"keywords\":[\"Aurora Lezcano\",\"juicio\",\"manifestaci\u00f3n\",\"protestar\",\"Toma\",\"UCA\",\"universidad cat\u00f3lica\"],\"articleSection\":[\"Realidad\"],\"inLanguage\":\"es\"},{\"@type\":\"WebPage\",\"@id\":\"https:\/\/enlatitud25.com\/news\/el-caso-de-aurora-lezcano-testificales-calcadas-y-persecucion-por-protestar\/\",\"url\":\"https:\/\/enlatitud25.com\/news\/el-caso-de-aurora-lezcano-testificales-calcadas-y-persecucion-por-protestar\/\",\"name\":\"El caso de Aurora Lezcano: \u00bfTestificales calcadas y persecuci\u00f3n por protestar? &ndash; Latitud25\",\"isPartOf\":{\"@id\":\"https:\/\/enlatitud25.com\/news\/#website\"},\"datePublished\":\"2022-04-12T22:03:34+00:00\",\"dateModified\":\"2022-04-12T22:05:23+00:00\",\"description\":\"Mir\u00e1 nuestros reportajes audiovisuales y seguinos para enterarte de las \u00faltimas noticias de Paraguay y el mundo, desde la Latitud25. Somos Alternativa de Informaci\u00f3n.\",\"breadcrumb\":{\"@id\":\"https:\/\/enlatitud25.com\/news\/el-caso-de-aurora-lezcano-testificales-calcadas-y-persecucion-por-protestar\/#breadcrumb\"},\"inLanguage\":\"es\",\"potentialAction\":[{\"@type\":\"ReadAction\",\"target\":[\"https:\/\/enlatitud25.com\/news\/el-caso-de-aurora-lezcano-testificales-calcadas-y-persecucion-por-protestar\/\"]}]},{\"@type\":\"BreadcrumbList\",\"@id\":\"https:\/\/enlatitud25.com\/news\/el-caso-de-aurora-lezcano-testificales-calcadas-y-persecucion-por-protestar\/#breadcrumb\",\"itemListElement\":[{\"@type\":\"ListItem\",\"position\":1,\"name\":\"Home\",\"item\":\"https:\/\/enlatitud25.com\/news\/\"},{\"@type\":\"ListItem\",\"position\":2,\"name\":\"El caso de Aurora Lezcano: \u00bfTestificales calcadas y persecuci\u00f3n por protestar?\"}]},{\"@type\":\"WebSite\",\"@id\":\"https:\/\/enlatitud25.com\/news\/#website\",\"url\":\"https:\/\/enlatitud25.com\/news\/\",\"name\":\"Latitud25\",\"description\":\"news\",\"publisher\":{\"@id\":\"https:\/\/enlatitud25.com\/news\/#organization\"},\"potentialAction\":[{\"@type\":\"SearchAction\",\"target\":{\"@type\":\"EntryPoint\",\"urlTemplate\":\"https:\/\/enlatitud25.com\/news\/?s={search_term_string}\"},\"query-input\":\"required name=search_term_string\"}],\"inLanguage\":\"es\"},{\"@type\":\"Organization\",\"@id\":\"https:\/\/enlatitud25.com\/news\/#organization\",\"name\":\"Latitud 25 - News\",\"url\":\"https:\/\/enlatitud25.com\/news\/\",\"logo\":{\"@type\":\"ImageObject\",\"inLanguage\":\"es\",\"@id\":\"https:\/\/enlatitud25.com\/news\/#\/schema\/logo\/image\/\",\"url\":\"https:\/\/enlatitud25.com\/news\/wp-content\/uploads\/2020\/11\/logo_latitud.png\",\"contentUrl\":\"https:\/\/enlatitud25.com\/news\/wp-content\/uploads\/2020\/11\/logo_latitud.png\",\"width\":235,\"height\":39,\"caption\":\"Latitud 25 - News\"},\"image\":{\"@id\":\"https:\/\/enlatitud25.com\/news\/#\/schema\/logo\/image\/\"},\"sameAs\":[\"https:\/\/www.facebook.com\/EnLatitud25\",\"https:\/\/twitter.com\/EnLatitud25\",\"https:\/\/www.instagram.com\/enlatitud25\/\",\"https:\/\/www.youtube.com\/user\/desdelatitud25\"]},{\"@type\":\"Person\",\"@id\":\"https:\/\/enlatitud25.com\/news\/#\/schema\/person\/23aafe968917005a721b8eb760f2586e\",\"name\":\"Latitud 25\",\"sameAs\":[\"https:\/\/enlatitud25.com\/news\",\"https:\/\/www.facebook.com\/EnLatitud25\",\"https:\/\/www.instagram.com\/enlatitud25\",\"https:\/\/www.youtube.com\/user\/desdelatitud25\",\"https:\/\/soundcloud.com\/enlatitud25\"],\"url\":\"https:\/\/enlatitud25.com\/news\/author\/nnews-uss00\/\"}]}<\/script>\n<!-- \/ Yoast SEO plugin. -->","yoast_head_json":{"title":"El caso de Aurora Lezcano: \u00bfTestificales calcadas y persecuci\u00f3n por protestar? &ndash; Latitud25","description":"Mir\u00e1 nuestros reportajes audiovisuales y seguinos para enterarte de las \u00faltimas noticias de Paraguay y el mundo, desde la Latitud25. Somos Alternativa de Informaci\u00f3n.","robots":{"index":"index","follow":"follow","max-snippet":"max-snippet:-1","max-image-preview":"max-image-preview:large","max-video-preview":"max-video-preview:-1"},"canonical":"https:\/\/enlatitud25.com\/news\/el-caso-de-aurora-lezcano-testificales-calcadas-y-persecucion-por-protestar\/","og_locale":"es_ES","og_type":"article","og_title":"El caso de Aurora Lezcano: \u00bfTestificales calcadas y persecuci\u00f3n por protestar? &ndash; Latitud25","og_description":"Mir\u00e1 nuestros reportajes audiovisuales y seguinos para enterarte de las \u00faltimas noticias de Paraguay y el mundo, desde la Latitud25. Somos Alternativa de Informaci\u00f3n.","og_url":"https:\/\/enlatitud25.com\/news\/el-caso-de-aurora-lezcano-testificales-calcadas-y-persecucion-por-protestar\/","og_site_name":"Latitud25","article_publisher":"https:\/\/www.facebook.com\/EnLatitud25","article_author":"https:\/\/www.facebook.com\/EnLatitud25","article_published_time":"2022-04-12T22:03:34+00:00","article_modified_time":"2022-04-12T22:05:23+00:00","og_image":[{"width":800,"height":500,"url":"https:\/\/enlatitud25.com\/news\/wp-content\/uploads\/2022\/04\/aurora-lezcano_denuncia.jpg","type":"image\/jpeg"}],"author":"Latitud 25","twitter_card":"summary_large_image","twitter_creator":"@EnLatitud25","twitter_site":"@EnLatitud25","twitter_misc":{"Escrito por":"Latitud 25","Tiempo de lectura":"7 minutos"},"schema":{"@context":"https:\/\/schema.org","@graph":[{"@type":"Article","@id":"https:\/\/enlatitud25.com\/news\/el-caso-de-aurora-lezcano-testificales-calcadas-y-persecucion-por-protestar\/#article","isPartOf":{"@id":"https:\/\/enlatitud25.com\/news\/el-caso-de-aurora-lezcano-testificales-calcadas-y-persecucion-por-protestar\/"},"author":{"name":"Latitud 25","@id":"https:\/\/enlatitud25.com\/news\/#\/schema\/person\/23aafe968917005a721b8eb760f2586e"},"headline":"El caso de Aurora Lezcano: \u00bfTestificales calcadas y persecuci\u00f3n por protestar?","datePublished":"2022-04-12T22:03:34+00:00","dateModified":"2022-04-12T22:05:23+00:00","mainEntityOfPage":{"@id":"https:\/\/enlatitud25.com\/news\/el-caso-de-aurora-lezcano-testificales-calcadas-y-persecucion-por-protestar\/"},"wordCount":1269,"publisher":{"@id":"https:\/\/enlatitud25.com\/news\/#organization"},"keywords":["Aurora Lezcano","juicio","manifestaci\u00f3n","protestar","Toma","UCA","universidad cat\u00f3lica"],"articleSection":["Realidad"],"inLanguage":"es"},{"@type":"WebPage","@id":"https:\/\/enlatitud25.com\/news\/el-caso-de-aurora-lezcano-testificales-calcadas-y-persecucion-por-protestar\/","url":"https:\/\/enlatitud25.com\/news\/el-caso-de-aurora-lezcano-testificales-calcadas-y-persecucion-por-protestar\/","name":"El caso de Aurora Lezcano: \u00bfTestificales calcadas y persecuci\u00f3n por protestar? &ndash; Latitud25","isPartOf":{"@id":"https:\/\/enlatitud25.com\/news\/#website"},"datePublished":"2022-04-12T22:03:34+00:00","dateModified":"2022-04-12T22:05:23+00:00","description":"Mir\u00e1 nuestros reportajes audiovisuales y seguinos para enterarte de las \u00faltimas noticias de Paraguay y el mundo, desde la Latitud25. Somos Alternativa de Informaci\u00f3n.","breadcrumb":{"@id":"https:\/\/enlatitud25.com\/news\/el-caso-de-aurora-lezcano-testificales-calcadas-y-persecucion-por-protestar\/#breadcrumb"},"inLanguage":"es","potentialAction":[{"@type":"ReadAction","target":["https:\/\/enlatitud25.com\/news\/el-caso-de-aurora-lezcano-testificales-calcadas-y-persecucion-por-protestar\/"]}]},{"@type":"BreadcrumbList","@id":"https:\/\/enlatitud25.com\/news\/el-caso-de-aurora-lezcano-testificales-calcadas-y-persecucion-por-protestar\/#breadcrumb","itemListElement":[{"@type":"ListItem","position":1,"name":"Home","item":"https:\/\/enlatitud25.com\/news\/"},{"@type":"ListItem","position":2,"name":"El caso de Aurora Lezcano: \u00bfTestificales calcadas y persecuci\u00f3n por protestar?"}]},{"@type":"WebSite","@id":"https:\/\/enlatitud25.com\/news\/#website","url":"https:\/\/enlatitud25.com\/news\/","name":"Latitud25","description":"news","publisher":{"@id":"https:\/\/enlatitud25.com\/news\/#organization"},"potentialAction":[{"@type":"SearchAction","target":{"@type":"EntryPoint","urlTemplate":"https:\/\/enlatitud25.com\/news\/?s={search_term_string}"},"query-input":"required name=search_term_string"}],"inLanguage":"es"},{"@type":"Organization","@id":"https:\/\/enlatitud25.com\/news\/#organization","name":"Latitud 25 - News","url":"https:\/\/enlatitud25.com\/news\/","logo":{"@type":"ImageObject","inLanguage":"es","@id":"https:\/\/enlatitud25.com\/news\/#\/schema\/logo\/image\/","url":"https:\/\/enlatitud25.com\/news\/wp-content\/uploads\/2020\/11\/logo_latitud.png","contentUrl":"https:\/\/enlatitud25.com\/news\/wp-content\/uploads\/2020\/11\/logo_latitud.png","width":235,"height":39,"caption":"Latitud 25 - News"},"image":{"@id":"https:\/\/enlatitud25.com\/news\/#\/schema\/logo\/image\/"},"sameAs":["https:\/\/www.facebook.com\/EnLatitud25","https:\/\/twitter.com\/EnLatitud25","https:\/\/www.instagram.com\/enlatitud25\/","https:\/\/www.youtube.com\/user\/desdelatitud25"]},{"@type":"Person","@id":"https:\/\/enlatitud25.com\/news\/#\/schema\/person\/23aafe968917005a721b8eb760f2586e","name":"Latitud 25","sameAs":["https:\/\/enlatitud25.com\/news","https:\/\/www.facebook.com\/EnLatitud25","https:\/\/www.instagram.com\/enlatitud25","https:\/\/www.youtube.com\/user\/desdelatitud25","https:\/\/soundcloud.com\/enlatitud25"],"url":"https:\/\/enlatitud25.com\/news\/author\/nnews-uss00\/"}]}},"_links":{"self":[{"href":"https:\/\/enlatitud25.com\/news\/wp-json\/wp\/v2\/posts\/7526"}],"collection":[{"href":"https:\/\/enlatitud25.com\/news\/wp-json\/wp\/v2\/posts"}],"about":[{"href":"https:\/\/enlatitud25.com\/news\/wp-json\/wp\/v2\/types\/post"}],"author":[{"embeddable":true,"href":"https:\/\/enlatitud25.com\/news\/wp-json\/wp\/v2\/users\/1"}],"replies":[{"embeddable":true,"href":"https:\/\/enlatitud25.com\/news\/wp-json\/wp\/v2\/comments?post=7526"}],"version-history":[{"count":18,"href":"https:\/\/enlatitud25.com\/news\/wp-json\/wp\/v2\/posts\/7526\/revisions"}],"predecessor-version":[{"id":7568,"href":"https:\/\/enlatitud25.com\/news\/wp-json\/wp\/v2\/posts\/7526\/revisions\/7568"}],"wp:featuredmedia":[{"embeddable":true,"href":"https:\/\/enlatitud25.com\/news\/wp-json\/wp\/v2\/media\/7534"}],"wp:attachment":[{"href":"https:\/\/enlatitud25.com\/news\/wp-json\/wp\/v2\/media?parent=7526"}],"wp:term":[{"taxonomy":"category","embeddable":true,"href":"https:\/\/enlatitud25.com\/news\/wp-json\/wp\/v2\/categories?post=7526"},{"taxonomy":"post_tag","embeddable":true,"href":"https:\/\/enlatitud25.com\/news\/wp-json\/wp\/v2\/tags?post=7526"},{"taxonomy":"ubicacion","embeddable":true,"href":"https:\/\/enlatitud25.com\/news\/wp-json\/wp\/v2\/ubicacion?post=7526"}],"curies":[{"name":"wp","href":"https:\/\/api.w.org\/{rel}","templated":true}]}}