{"id":7296,"date":"2022-03-08T21:23:55","date_gmt":"2022-03-08T21:23:55","guid":{"rendered":"https:\/\/enlatitud25.com\/news\/?p=7296"},"modified":"2022-03-08T22:04:01","modified_gmt":"2022-03-08T22:04:01","slug":"cuestionan-la-deuda-de-los-medios-en-el-enfoque-hacia-la-violencia-de-genero","status":"publish","type":"post","link":"https:\/\/enlatitud25.com\/news\/cuestionan-la-deuda-de-los-medios-en-el-enfoque-hacia-la-violencia-de-genero\/","title":{"rendered":"Cuestionan la deuda de los medios en el enfoque hacia la violencia de g\u00e9nero"},"content":{"rendered":"\n<p>En Paraguay, no existen protocolos establecidos sobre c\u00f3mo abordar los temas referente a la violencia contra la mujer ni los casos de feminicidios desde el punto de vista period\u00edstico. Cronistas, escritores, conductores e incluso zocaleros en la mayor\u00eda de los casos se refieren a la mujer de manera machista, usando lenguajes y abordajes que juzgan y revictimizan.<\/p>\n\n\n\n<p>La falta de protocolos rigurosos para cubrir estas historias, hace que sea recurrente leer titulares en peri\u00f3dicos o z\u00f3calos en noticieros centrales, en los que la idea que trasciende es que la mujer provoc\u00f3 la situaci\u00f3n de violencia que sufri\u00f3, posicion\u00e1ndola a ella como la provocadora y no como v\u00edctima de un hecho que comprometi\u00f3 su integridad, dignidad y bienestar.<\/p>\n\n\n\n<p>Consultamos a varias mujeres sobre lo que le hace falta a la narrativa de los medios para comunicar estas historias con respeto y equidad; y tambi\u00e9n analizamos un material period\u00edstico sobre c\u00f3mo cubrir feminicidios, procedimiento que en muchos medios, no es tenido en cuenta.<\/p>\n\n\n\n<p>\u00bfCu\u00e1les son los problemas que se pueden detectar? Estas mujeres de diferentes sectores, coinciden en la necesidad de mayor capacitaci\u00f3n para periodistas, redactores, reporteros gr\u00e1ficos y productores sobre temas de g\u00e9nero y diversidad, de modo a derribar estereotipos y de promover la equidad en la cobertura de contenidos.<\/p>\n\n\n\n<figure class=\"wp-block-image size-large\"><img decoding=\"async\" loading=\"lazy\" width=\"1024\" height=\"683\" src=\"https:\/\/enlatitud25.com\/news\/wp-content\/uploads\/2022\/03\/pexels-eduardo-romero-3649407-1024x683.jpg\" alt=\"\" class=\"wp-image-7309\" srcset=\"https:\/\/enlatitud25.com\/news\/wp-content\/uploads\/2022\/03\/pexels-eduardo-romero-3649407-1024x683.jpg 1024w, https:\/\/enlatitud25.com\/news\/wp-content\/uploads\/2022\/03\/pexels-eduardo-romero-3649407-300x200.jpg 300w, https:\/\/enlatitud25.com\/news\/wp-content\/uploads\/2022\/03\/pexels-eduardo-romero-3649407-768x512.jpg 768w, https:\/\/enlatitud25.com\/news\/wp-content\/uploads\/2022\/03\/pexels-eduardo-romero-3649407-1536x1024.jpg 1536w, https:\/\/enlatitud25.com\/news\/wp-content\/uploads\/2022\/03\/pexels-eduardo-romero-3649407-2048x1365.jpg 2048w, https:\/\/enlatitud25.com\/news\/wp-content\/uploads\/2022\/03\/pexels-eduardo-romero-3649407-380x253.jpg 380w, https:\/\/enlatitud25.com\/news\/wp-content\/uploads\/2022\/03\/pexels-eduardo-romero-3649407-800x533.jpg 800w, https:\/\/enlatitud25.com\/news\/wp-content\/uploads\/2022\/03\/pexels-eduardo-romero-3649407-1160x773.jpg 1160w, https:\/\/enlatitud25.com\/news\/wp-content\/uploads\/2022\/03\/pexels-eduardo-romero-3649407-scaled.jpg 2560w\" sizes=\"(max-width: 1024px) 100vw, 1024px\" \/><\/figure>\n\n\n\n<p style=\"font-size:22px\"><strong>M\u00e1s mujeres en cargos de decisi\u00f3n en medios<\/strong><\/p>\n\n\n\n<p>La mayor\u00eda de los medios en nuestro pa\u00eds, son liderados por hombres y sus contenidos, tambi\u00e9n. <strong>Tite Vera,<\/strong> comunicadora digital, habla de la importancia de que m\u00e1s mujeres accedan a cargos directivos en los medios de prensa, y que hasta puedan intervenir con perspectiva de g\u00e9nero en el dise\u00f1o y difusi\u00f3n de contenido de los distintos programas. <\/p>\n\n\n\n<p>&#8220;Quiz\u00e1s ahora hay muchas jefas en las \u00e1reas de Recursos Humanos, en el \u00e1rea comercial y de dise\u00f1o, pero queremos que haya m\u00e1s mujeres en la producci\u00f3n de contenidos&#8221;, enfatiz\u00f3. <\/p>\n\n\n\n<p>Tambi\u00e9n habl\u00f3 de la necesidad de que tanto mujeres como hombres se sigan capacitando con perspectiva de g\u00e9nero. <\/p>\n\n\n\n<p>&#8220;En otros pa\u00edses de primer mundo, el periodismo est\u00e1 s\u00faper actualizado y aun as\u00ed falta mejorar. En Paraguay, la brecha es mucho mayor porque ni siquiera hay inter\u00e9s en estos temas y muchos periodistas en cargos directivos ejercen el machismo y no dan lugar a las mujeres, m\u00e1s a\u00fan cuando se identifican como feministas. Cuando una mujer hace este reconocimiento p\u00fablico de que es feminista, los bloqueos en el trabajo empiezan con el acoso y la burla&#8221;, apunt\u00f3. <\/p>\n\n\n\n<figure class=\"wp-block-image size-large\"><img decoding=\"async\" loading=\"lazy\" width=\"1024\" height=\"683\" src=\"https:\/\/enlatitud25.com\/news\/wp-content\/uploads\/2022\/03\/pexels-george-milton-6954169-1024x683.jpg\" alt=\"\" class=\"wp-image-7306\" srcset=\"https:\/\/enlatitud25.com\/news\/wp-content\/uploads\/2022\/03\/pexels-george-milton-6954169-1024x683.jpg 1024w, https:\/\/enlatitud25.com\/news\/wp-content\/uploads\/2022\/03\/pexels-george-milton-6954169-300x200.jpg 300w, https:\/\/enlatitud25.com\/news\/wp-content\/uploads\/2022\/03\/pexels-george-milton-6954169-768x512.jpg 768w, https:\/\/enlatitud25.com\/news\/wp-content\/uploads\/2022\/03\/pexels-george-milton-6954169-1536x1024.jpg 1536w, https:\/\/enlatitud25.com\/news\/wp-content\/uploads\/2022\/03\/pexels-george-milton-6954169-2048x1365.jpg 2048w, https:\/\/enlatitud25.com\/news\/wp-content\/uploads\/2022\/03\/pexels-george-milton-6954169-380x253.jpg 380w, https:\/\/enlatitud25.com\/news\/wp-content\/uploads\/2022\/03\/pexels-george-milton-6954169-800x533.jpg 800w, https:\/\/enlatitud25.com\/news\/wp-content\/uploads\/2022\/03\/pexels-george-milton-6954169-1160x773.jpg 1160w, https:\/\/enlatitud25.com\/news\/wp-content\/uploads\/2022\/03\/pexels-george-milton-6954169-scaled.jpg 2560w\" sizes=\"(max-width: 1024px) 100vw, 1024px\" \/><\/figure>\n\n\n\n<p>En ese contexto, <strong>Claudia Torres, <\/strong>comunicadora y especialista en estrategia digital, dijo que ser\u00eda mucho mejor si hay m\u00e1s voceras en las marchas, adem\u00e1s de asistir en las coberturas que tienen que ver cuestiones de g\u00e9nero.<\/p>\n\n\n\n<p>&#8220;Me ha tocado ver a un mont\u00f3n de periodistas hombres haciendo notas o entrevistas en la marcha, con tan poca informaci\u00f3n a mano, haciendo preguntas incluso tan fuera de lugar y completamente amarillistas&#8221;, manifest\u00f3. <\/p>\n\n\n\n<p>Pidi\u00f3 m\u00e1s informaci\u00f3n y formaci\u00f3n no solo para salir a comunicar, sino para cubrir este tipo de actividades, como las marchas del 8M, D\u00eda Internacional de la Mujer y el 25N, D\u00eda Internacional de la lucha contra todo tipo de violencia hacia la Mujer.<\/p>\n\n\n\n<p style=\"font-size:22px\"><strong>Capacitaci\u00f3n para comunicar con perspectiva, diversidad y respeto<\/strong><\/p>\n\n\n\n<p>La activista trans y fundadora de Casa Diversa, <strong>Yren Rotela<\/strong>, insisti\u00f3 que hace falta comunicar con perspectiva de g\u00e9nero. Agreg\u00f3 que esto va a permitir transmitir y analizar c\u00f3mo los hechos afectan de forma diferenciada y desigual a todas las mujeres y personas de la diversidad sexual.<\/p>\n\n\n\n<p>&#8220;El prop\u00f3sito de los medios de comunicaci\u00f3n es, precisamente, comunicar con objetividad, informar es educar, transmitir, ense\u00f1ar, formar opiniones respetuosas, por eso es vergonzoso que existan medios que sigan fomentando y promoviendo la estigmatizaci\u00f3n, cosificaci\u00f3n y la violencia hacia todas las mujeres en su diversidad.&nbsp;Basta de estereotipos de g\u00e9nero que nos discriminen y violenten&#8221;, sentenci\u00f3.<\/p>\n\n\n\n<iframe loading=\"lazy\" width=\"683\" height=\"384\" src=\"https:\/\/www.youtube.com\/embed\/emdoix64UYs\" title=\"YouTube video player\" frameborder=\"0\" allow=\"accelerometer; autoplay; clipboard-write; encrypted-media; gyroscope; picture-in-picture\" allowfullscreen=\"\"><\/iframe>\n\n\n\n<p>Por su parte,<strong> Perla \u00c1lvarez Br\u00edtez<\/strong>, activista de la Organizaci\u00f3n de Mujeres Campesinas e Ind\u00edgenas (Conamuri), recomend\u00f3 a la prensa que no emita juicios de valor. <\/p>\n\n\n\n<p>&#8220;Que cuenten las cosas tal cual fueron o c\u00f3mo ocurrieron, sobre todo cuando se trata de ni\u00f1as madres creo que hay mucha irresponsabilidad&#8221;, manifest\u00f3. <\/p>\n\n\n\n<p>Pidi\u00f3 por sobre todo, que sean justos y que se capaciten para buscar lenguajes m\u00e1s inclusivos. &#8220;Incluso sin necesidad de hacer uso de la terminolog\u00eda que se est\u00e1 utilizando en nuestros ambientes m\u00e1s sociales, sino que pueden ser m\u00e1s inclusivos con las propias herramientas que la lengua les permite&#8221;, enfatiz\u00f3.<\/p>\n\n\n\n<p>En ese sentido, tambi\u00e9n la aprendedora <strong>Gisselle Peralta<\/strong>, declar\u00f3 que a los medios de comunicaci\u00f3n le falta cultura de aprendizaje continua con respecto a todo lo que tiene que ver con la igualdad y equidad, pero hizo \u00e9nfasis en que esto tiene que aplicarse de manera transversal. <\/p>\n\n\n\n<p>&#8220;Justamente los medios de comunicaci\u00f3n son los m\u00e1s responsables de moldear el lenguaje con el que se habla, de moldear la agenda p\u00fablica, lo que se hace tendencia&#8230; Empezando por los titulares en que a los hombres se los menciona con nombre y apellido, pero a las mujeres se las menciona como una mujer candidata. Invisibilizan ciertos temas, entonces tener un aprendizaje constante es importante&#8221;, asever\u00f3.<\/p>\n\n\n\n<p style=\"font-size:22px\"><strong>M\u00e1s visibilidad a la mujer para erradicar desigualdades<\/strong><\/p>\n\n\n\n<p><strong>Camila Zelada<\/strong>, futbolista profesional de la Selecci\u00f3n Paraguaya de F\u00fatbol Femenino, sostuvo que los medios de comunicaci\u00f3n tienen una labor fundamental a la hora de luchar contra las desigualdades de g\u00e9nero y eso se puede lograr con mayor cobertura de los logros de las mujeres.<\/p>\n\n\n\n<p>&#8220;Puede ser por trasmisiones de partidos femeninos, de notas dirigidas a deportistas femeninas, de generar esos debates, de generar programas exclusivos de deporte femenino como existen de deportes masculinos. Creo que de esa manera se va a consumir m\u00e1s deporte femenino y tambi\u00e9n se va a poder atraer personas, organizaciones y marcas que apoyen el deporte femenino d\u00eda a d\u00eda, no solamente una vez al a\u00f1o&#8221;, concluy\u00f3. <\/p>\n\n\n\n<div class=\"wp-block-image\"><figure class=\"aligncenter size-large is-resized\"><img decoding=\"async\" loading=\"lazy\" src=\"https:\/\/enlatitud25.com\/news\/wp-content\/uploads\/2022\/03\/FLSCWhNWQAEn8TN-1024x682.jpg\" alt=\"\" class=\"wp-image-7310\" width=\"777\" height=\"517\" srcset=\"https:\/\/enlatitud25.com\/news\/wp-content\/uploads\/2022\/03\/FLSCWhNWQAEn8TN-1024x682.jpg 1024w, https:\/\/enlatitud25.com\/news\/wp-content\/uploads\/2022\/03\/FLSCWhNWQAEn8TN-300x200.jpg 300w, https:\/\/enlatitud25.com\/news\/wp-content\/uploads\/2022\/03\/FLSCWhNWQAEn8TN-768x512.jpg 768w, https:\/\/enlatitud25.com\/news\/wp-content\/uploads\/2022\/03\/FLSCWhNWQAEn8TN-1536x1023.jpg 1536w, https:\/\/enlatitud25.com\/news\/wp-content\/uploads\/2022\/03\/FLSCWhNWQAEn8TN-380x253.jpg 380w, https:\/\/enlatitud25.com\/news\/wp-content\/uploads\/2022\/03\/FLSCWhNWQAEn8TN-800x533.jpg 800w, https:\/\/enlatitud25.com\/news\/wp-content\/uploads\/2022\/03\/FLSCWhNWQAEn8TN-1160x773.jpg 1160w, https:\/\/enlatitud25.com\/news\/wp-content\/uploads\/2022\/03\/FLSCWhNWQAEn8TN.jpg 1600w\" sizes=\"(max-width: 777px) 100vw, 777px\" \/><figcaption>Selecci\u00f3n Sub 17 de la Albirroja. Fuente: @Albirroja.<\/figcaption><\/figure><\/div>\n\n\n\n<p>La bi\u00f3loga, docente y coordinadora de importantes proyectos de conservaci\u00f3n animal, como el del Jaguaret\u00e9 en el Chaco Paraguayo, <strong>Andrea Weiler<\/strong>, dijo que hay situaciones que victimizan a la mujer en lugar de resaltar su gran capacidad. <\/p>\n\n\n\n<p>&#8220;Somos ante todo seres humanos con sue\u00f1os y los mismos derechos&#8221;, subray\u00f3.<\/p>\n\n\n\n<p style=\"font-size:22px\"><strong>C\u00f3mo comunicar un feminicidio: evitar lo innecesario<\/strong><\/p>\n\n\n\n<p>Cabe se\u00f1alar que entre una de las luchas feministas se encuentra erradicar la violencia machista, que en el peor de los casos termina en feminicidio. En los \u00faltimos tiempos, esto se volvi\u00f3 tendencia en la agenda de los medios, pero \u00bfc\u00f3mo realmente se debe comunicar? <\/p>\n\n\n\n<p>La <strong>Fundaci\u00f3n Gabo<\/strong>, organizaci\u00f3n colombiana \u2013sin fines de lucro\u2013 que\u00a0promueve el periodismo \u00e9tico, innovador, riguroso y de excelencia, public\u00f3 un material denominado <a rel=\"noreferrer noopener\" href=\"https:\/\/fundaciongabo.org\/es\/etica-periodistica\/blogs\/como-y-cuanto-debemos-contar-en-los-feminicidios\" target=\"_blank\">\u00bfC\u00f3mo y cu\u00e1nto debemos contar en los feminicidios?<\/a>, escrito por la periodista espa\u00f1ola <strong>Cristina Garc\u00eda Casado<\/strong>, que analiza un caso de feminicidio ocurrido en Espa\u00f1a, en 2018, de Laura Luelmo y la manera en que los medios se hicieron eco. <\/p>\n\n\n\n<p>La periodista resalta dos aspectos principales: las<strong> palabras peligrosas<\/strong> con que los medios se refieren a la v\u00edctima y <strong>las entrevistas<\/strong> que se hacen a los vecinos.<\/p>\n\n\n\n<figure class=\"wp-block-image size-large\"><img decoding=\"async\" loading=\"lazy\" width=\"1024\" height=\"682\" src=\"https:\/\/enlatitud25.com\/news\/wp-content\/uploads\/2022\/03\/WhatsApp-Image-2022-03-08-at-11.02.43-AM-1-1024x682.jpeg\" alt=\"\" class=\"wp-image-7311\" srcset=\"https:\/\/enlatitud25.com\/news\/wp-content\/uploads\/2022\/03\/WhatsApp-Image-2022-03-08-at-11.02.43-AM-1-1024x682.jpeg 1024w, https:\/\/enlatitud25.com\/news\/wp-content\/uploads\/2022\/03\/WhatsApp-Image-2022-03-08-at-11.02.43-AM-1-300x200.jpeg 300w, https:\/\/enlatitud25.com\/news\/wp-content\/uploads\/2022\/03\/WhatsApp-Image-2022-03-08-at-11.02.43-AM-1-768x512.jpeg 768w, https:\/\/enlatitud25.com\/news\/wp-content\/uploads\/2022\/03\/WhatsApp-Image-2022-03-08-at-11.02.43-AM-1-380x253.jpeg 380w, https:\/\/enlatitud25.com\/news\/wp-content\/uploads\/2022\/03\/WhatsApp-Image-2022-03-08-at-11.02.43-AM-1-800x533.jpeg 800w, https:\/\/enlatitud25.com\/news\/wp-content\/uploads\/2022\/03\/WhatsApp-Image-2022-03-08-at-11.02.43-AM-1-1160x773.jpeg 1160w, https:\/\/enlatitud25.com\/news\/wp-content\/uploads\/2022\/03\/WhatsApp-Image-2022-03-08-at-11.02.43-AM-1.jpeg 1280w\" sizes=\"(max-width: 1024px) 100vw, 1024px\" \/><\/figure>\n\n\n\n<p>La periodista afirma que los medios en sus titulares o manera de cubrir los casos usan &#8220;palabras peligrosas&#8221; para hacer descripciones de la persona o la actividad que estaba haciendo cuando la asesinaron: &#8220;una mujer atractiva&#8221;, &#8220;que andaba sola&#8221;, &#8220;que estaba alcoholizada&#8221; son algunas de las afirmaciones objetadas. <\/p>\n\n\n\n<p>Estas palabras, de alguna manera, insin\u00faan que la v\u00edctima ten\u00eda alguna culpa o responsabilidad en lo que le ocurri\u00f3. <\/p>\n\n\n\n<p>En cuanto al <strong>testimonio de los vecinos<\/strong>, la escritora cuestiona las entrevistas realizadas a las personas que viven cerca de donde ocurri\u00f3 el feminicidio o de la casa de la v\u00edctima. Afirma que estas notas con frecuencia no hacen m\u00e1s que juzgar la vida de la mujer y perpetuar ideas da\u00f1inas. &#8220;\u00bfQu\u00e9 aportan?&#8221;, cuestiona y ratifica que son comentarios callejeros que no traen nada bueno, que no suman de ninguna manera.<\/p>\n\n\n\n<p>&#8220;Algunos periodistas no necesitaron ni a los vecinos. Salieron en televisi\u00f3n asegurando que Laura era -una ni\u00f1a muy prudente-. Ten\u00eda 26 a\u00f1os, dejemos de infantilizar a las mujeres. No ten\u00eda que ser o no prudente. Tendr\u00eda que haber podido salir de casa y regresar viva&#8221;, escribe Cristina Garc\u00eda Casado. <\/p>\n\n\n\n<p>Finalmente, se pregunta qu\u00e9 de todo lo que se dice en los medios sobre los casos de feminicidio es real, objetivo y aporta de alguna manera o qu\u00e9 de todo lo que se publica es respetuoso para con el dolor de la familia. <\/p>\n\n\n\n<p>A pesar de lo mucho que la sociedad fue avanzando en cuando a los derechos de las mujeres, todav\u00eda queda bastante por hacer en varios aspectos, partiendo desde la comunicaci\u00f3n hacia las pol\u00edticas p\u00fablicas y de la responsabilidad de los mismos hombres para asumir su cuota de responsabilidad para revertir esta dram\u00e1tica situaci\u00f3n que mata mujeres todos los d\u00edas.<\/p>\n\n\n\n<figure class=\"wp-block-gallery columns-3 is-cropped wp-block-gallery-1 is-layout-flex\"><ul class=\"blocks-gallery-grid\"><li class=\"blocks-gallery-item\"><figure><img decoding=\"async\" loading=\"lazy\" width=\"819\" height=\"1024\" src=\"https:\/\/enlatitud25.com\/news\/wp-content\/uploads\/2022\/03\/Portada_8M_Mujeres-819x1024.jpg\" alt=\"\" data-id=\"7317\" data-full-url=\"https:\/\/enlatitud25.com\/news\/wp-content\/uploads\/2022\/03\/Portada_8M_Mujeres.jpg\" data-link=\"https:\/\/enlatitud25.com\/news\/?attachment_id=7317\" class=\"wp-image-7317\" srcset=\"https:\/\/enlatitud25.com\/news\/wp-content\/uploads\/2022\/03\/Portada_8M_Mujeres-819x1024.jpg 819w, https:\/\/enlatitud25.com\/news\/wp-content\/uploads\/2022\/03\/Portada_8M_Mujeres-240x300.jpg 240w, https:\/\/enlatitud25.com\/news\/wp-content\/uploads\/2022\/03\/Portada_8M_Mujeres-768x960.jpg 768w, https:\/\/enlatitud25.com\/news\/wp-content\/uploads\/2022\/03\/Portada_8M_Mujeres-380x475.jpg 380w, https:\/\/enlatitud25.com\/news\/wp-content\/uploads\/2022\/03\/Portada_8M_Mujeres-800x1000.jpg 800w, https:\/\/enlatitud25.com\/news\/wp-content\/uploads\/2022\/03\/Portada_8M_Mujeres.jpg 1080w\" sizes=\"(max-width: 819px) 100vw, 819px\" \/><\/figure><\/li><li class=\"blocks-gallery-item\"><figure><img decoding=\"async\" loading=\"lazy\" width=\"819\" height=\"1024\" src=\"https:\/\/enlatitud25.com\/news\/wp-content\/uploads\/2022\/03\/Perla_Alvarez-819x1024.jpg\" alt=\"\" data-id=\"7312\" data-full-url=\"https:\/\/enlatitud25.com\/news\/wp-content\/uploads\/2022\/03\/Perla_Alvarez.jpg\" data-link=\"https:\/\/enlatitud25.com\/news\/?attachment_id=7312\" class=\"wp-image-7312\" srcset=\"https:\/\/enlatitud25.com\/news\/wp-content\/uploads\/2022\/03\/Perla_Alvarez-819x1024.jpg 819w, https:\/\/enlatitud25.com\/news\/wp-content\/uploads\/2022\/03\/Perla_Alvarez-240x300.jpg 240w, https:\/\/enlatitud25.com\/news\/wp-content\/uploads\/2022\/03\/Perla_Alvarez-768x960.jpg 768w, https:\/\/enlatitud25.com\/news\/wp-content\/uploads\/2022\/03\/Perla_Alvarez-380x475.jpg 380w, https:\/\/enlatitud25.com\/news\/wp-content\/uploads\/2022\/03\/Perla_Alvarez-800x1000.jpg 800w, https:\/\/enlatitud25.com\/news\/wp-content\/uploads\/2022\/03\/Perla_Alvarez.jpg 1080w\" sizes=\"(max-width: 819px) 100vw, 819px\" \/><\/figure><\/li><li class=\"blocks-gallery-item\"><figure><img decoding=\"async\" loading=\"lazy\" width=\"819\" height=\"1024\" src=\"https:\/\/enlatitud25.com\/news\/wp-content\/uploads\/2022\/03\/WhatsApp-Image-2022-03-08-at-10.24.05-AM-819x1024.jpeg\" alt=\"\" data-id=\"7318\" data-full-url=\"https:\/\/enlatitud25.com\/news\/wp-content\/uploads\/2022\/03\/WhatsApp-Image-2022-03-08-at-10.24.05-AM.jpeg\" data-link=\"https:\/\/enlatitud25.com\/news\/?attachment_id=7318\" class=\"wp-image-7318\" srcset=\"https:\/\/enlatitud25.com\/news\/wp-content\/uploads\/2022\/03\/WhatsApp-Image-2022-03-08-at-10.24.05-AM-819x1024.jpeg 819w, https:\/\/enlatitud25.com\/news\/wp-content\/uploads\/2022\/03\/WhatsApp-Image-2022-03-08-at-10.24.05-AM-240x300.jpeg 240w, https:\/\/enlatitud25.com\/news\/wp-content\/uploads\/2022\/03\/WhatsApp-Image-2022-03-08-at-10.24.05-AM-768x960.jpeg 768w, https:\/\/enlatitud25.com\/news\/wp-content\/uploads\/2022\/03\/WhatsApp-Image-2022-03-08-at-10.24.05-AM-380x475.jpeg 380w, https:\/\/enlatitud25.com\/news\/wp-content\/uploads\/2022\/03\/WhatsApp-Image-2022-03-08-at-10.24.05-AM-800x1000.jpeg 800w, https:\/\/enlatitud25.com\/news\/wp-content\/uploads\/2022\/03\/WhatsApp-Image-2022-03-08-at-10.24.05-AM.jpeg 1024w\" sizes=\"(max-width: 819px) 100vw, 819px\" \/><\/figure><\/li><li class=\"blocks-gallery-item\"><figure><img decoding=\"async\" loading=\"lazy\" width=\"819\" height=\"1024\" src=\"https:\/\/enlatitud25.com\/news\/wp-content\/uploads\/2022\/03\/Gisse_Peralta-819x1024.jpg\" alt=\"\" data-id=\"7313\" data-full-url=\"https:\/\/enlatitud25.com\/news\/wp-content\/uploads\/2022\/03\/Gisse_Peralta.jpg\" data-link=\"https:\/\/enlatitud25.com\/news\/?attachment_id=7313\" class=\"wp-image-7313\" srcset=\"https:\/\/enlatitud25.com\/news\/wp-content\/uploads\/2022\/03\/Gisse_Peralta-819x1024.jpg 819w, https:\/\/enlatitud25.com\/news\/wp-content\/uploads\/2022\/03\/Gisse_Peralta-240x300.jpg 240w, https:\/\/enlatitud25.com\/news\/wp-content\/uploads\/2022\/03\/Gisse_Peralta-768x960.jpg 768w, https:\/\/enlatitud25.com\/news\/wp-content\/uploads\/2022\/03\/Gisse_Peralta-380x475.jpg 380w, https:\/\/enlatitud25.com\/news\/wp-content\/uploads\/2022\/03\/Gisse_Peralta-800x1000.jpg 800w, https:\/\/enlatitud25.com\/news\/wp-content\/uploads\/2022\/03\/Gisse_Peralta.jpg 1080w\" sizes=\"(max-width: 819px) 100vw, 819px\" \/><\/figure><\/li><li class=\"blocks-gallery-item\"><figure><img decoding=\"async\" loading=\"lazy\" width=\"819\" height=\"1024\" src=\"https:\/\/enlatitud25.com\/news\/wp-content\/uploads\/2022\/03\/Andrea_weiler-819x1024.jpg\" alt=\"\" data-id=\"7314\" data-full-url=\"https:\/\/enlatitud25.com\/news\/wp-content\/uploads\/2022\/03\/Andrea_weiler.jpg\" data-link=\"https:\/\/enlatitud25.com\/news\/?attachment_id=7314\" class=\"wp-image-7314\" srcset=\"https:\/\/enlatitud25.com\/news\/wp-content\/uploads\/2022\/03\/Andrea_weiler-819x1024.jpg 819w, https:\/\/enlatitud25.com\/news\/wp-content\/uploads\/2022\/03\/Andrea_weiler-240x300.jpg 240w, https:\/\/enlatitud25.com\/news\/wp-content\/uploads\/2022\/03\/Andrea_weiler-768x960.jpg 768w, https:\/\/enlatitud25.com\/news\/wp-content\/uploads\/2022\/03\/Andrea_weiler-380x475.jpg 380w, https:\/\/enlatitud25.com\/news\/wp-content\/uploads\/2022\/03\/Andrea_weiler-800x1000.jpg 800w, https:\/\/enlatitud25.com\/news\/wp-content\/uploads\/2022\/03\/Andrea_weiler.jpg 1080w\" sizes=\"(max-width: 819px) 100vw, 819px\" \/><\/figure><\/li><li class=\"blocks-gallery-item\"><figure><img decoding=\"async\" loading=\"lazy\" width=\"819\" height=\"1024\" src=\"https:\/\/enlatitud25.com\/news\/wp-content\/uploads\/2022\/03\/Camila_Zelada-819x1024.jpg\" alt=\"\" data-id=\"7315\" data-full-url=\"https:\/\/enlatitud25.com\/news\/wp-content\/uploads\/2022\/03\/Camila_Zelada.jpg\" data-link=\"https:\/\/enlatitud25.com\/news\/?attachment_id=7315\" class=\"wp-image-7315\" srcset=\"https:\/\/enlatitud25.com\/news\/wp-content\/uploads\/2022\/03\/Camila_Zelada-819x1024.jpg 819w, https:\/\/enlatitud25.com\/news\/wp-content\/uploads\/2022\/03\/Camila_Zelada-240x300.jpg 240w, https:\/\/enlatitud25.com\/news\/wp-content\/uploads\/2022\/03\/Camila_Zelada-768x960.jpg 768w, https:\/\/enlatitud25.com\/news\/wp-content\/uploads\/2022\/03\/Camila_Zelada-380x475.jpg 380w, https:\/\/enlatitud25.com\/news\/wp-content\/uploads\/2022\/03\/Camila_Zelada-800x1000.jpg 800w, https:\/\/enlatitud25.com\/news\/wp-content\/uploads\/2022\/03\/Camila_Zelada.jpg 1080w\" sizes=\"(max-width: 819px) 100vw, 819px\" \/><\/figure><\/li><li class=\"blocks-gallery-item\"><figure><img decoding=\"async\" loading=\"lazy\" width=\"819\" height=\"1024\" src=\"https:\/\/enlatitud25.com\/news\/wp-content\/uploads\/2022\/03\/tite-819x1024.jpg\" alt=\"\" data-id=\"7316\" data-full-url=\"https:\/\/enlatitud25.com\/news\/wp-content\/uploads\/2022\/03\/tite.jpg\" data-link=\"https:\/\/enlatitud25.com\/news\/?attachment_id=7316\" class=\"wp-image-7316\" srcset=\"https:\/\/enlatitud25.com\/news\/wp-content\/uploads\/2022\/03\/tite-819x1024.jpg 819w, https:\/\/enlatitud25.com\/news\/wp-content\/uploads\/2022\/03\/tite-240x300.jpg 240w, https:\/\/enlatitud25.com\/news\/wp-content\/uploads\/2022\/03\/tite-768x960.jpg 768w, https:\/\/enlatitud25.com\/news\/wp-content\/uploads\/2022\/03\/tite-380x475.jpg 380w, https:\/\/enlatitud25.com\/news\/wp-content\/uploads\/2022\/03\/tite-800x1000.jpg 800w, https:\/\/enlatitud25.com\/news\/wp-content\/uploads\/2022\/03\/tite.jpg 1080w\" sizes=\"(max-width: 819px) 100vw, 819px\" \/><\/figure><\/li><li class=\"blocks-gallery-item\"><figure><img decoding=\"async\" src=\"https:\/\/enlatitud25.com\/news\/wp-content\/uploads\/2022\/03\/Lali-Gonz\u00e1lez-819x1024.jpg\" alt=\"\" data-id=\"7319\" data-full-url=\"https:\/\/enlatitud25.com\/news\/wp-content\/uploads\/2022\/03\/Lali-Gonz\u00e1lez.jpg\" data-link=\"https:\/\/enlatitud25.com\/news\/?attachment_id=7319\" class=\"wp-image-7319\"\/><\/figure><\/li><li class=\"blocks-gallery-item\"><figure><img decoding=\"async\" loading=\"lazy\" width=\"819\" height=\"1024\" src=\"https:\/\/enlatitud25.com\/news\/wp-content\/uploads\/2022\/03\/Claudia-1-819x1024.jpg\" alt=\"\" data-id=\"7320\" data-full-url=\"https:\/\/enlatitud25.com\/news\/wp-content\/uploads\/2022\/03\/Claudia-1.jpg\" data-link=\"https:\/\/enlatitud25.com\/news\/?attachment_id=7320\" class=\"wp-image-7320\" srcset=\"https:\/\/enlatitud25.com\/news\/wp-content\/uploads\/2022\/03\/Claudia-1-819x1024.jpg 819w, https:\/\/enlatitud25.com\/news\/wp-content\/uploads\/2022\/03\/Claudia-1-240x300.jpg 240w, https:\/\/enlatitud25.com\/news\/wp-content\/uploads\/2022\/03\/Claudia-1-768x960.jpg 768w, https:\/\/enlatitud25.com\/news\/wp-content\/uploads\/2022\/03\/Claudia-1-380x475.jpg 380w, https:\/\/enlatitud25.com\/news\/wp-content\/uploads\/2022\/03\/Claudia-1-800x1000.jpg 800w, https:\/\/enlatitud25.com\/news\/wp-content\/uploads\/2022\/03\/Claudia-1.jpg 1080w\" sizes=\"(max-width: 819px) 100vw, 819px\" \/><\/figure><\/li><\/ul><\/figure>\n\n\n<figure class=\"wp-block-gallery columns-3 is-cropped\"><figcaption class=\"blocks-gallery-caption\">\u00bfPor qu\u00e9 las mujeres marchan en el D\u00eda Internacional de la Mujer?<\/figcaption><\/figure>","protected":false},"excerpt":{"rendered":"La voluntad de posicionar temas de g\u00e9nero referentes a la equidad, la diversidad y la violencia hacia las mujeres, en el debate p\u00fablico, sigue siendo un gran desaf\u00edo en Paraguay. Desde el lenguaje con que nos referimos a las mujeres hasta el espacio que se le otorga a sus logros, sigue existiendo una gran brecha que saldar. \u00bfQu\u00e9 deben mejorar los medios de comunicaci\u00f3n sobre estos temas? Te dejamos algunas ideas.\n","protected":false},"author":1,"featured_media":7322,"comment_status":"closed","ping_status":"closed","sticky":false,"template":"","format":"standard","meta":[],"categories":[12],"tags":[924,925,926,75,34,45],"ubicacion":[17],"yoast_head":"<!-- This site is optimized with the Yoast SEO plugin v20.8 - https:\/\/yoast.com\/wordpress\/plugins\/seo\/ -->\n<title>Cuestionan la deuda de los medios en el enfoque hacia la violencia de g\u00e9nero &ndash; Latitud25<\/title>\n<meta name=\"description\" content=\"Mir\u00e1 nuestros reportajes audiovisuales y seguinos para enterarte de las \u00faltimas noticias de Paraguay y el mundo, desde la Latitud25. Somos Alternativa de Informaci\u00f3n.\" \/>\n<meta name=\"robots\" content=\"index, follow, max-snippet:-1, max-image-preview:large, max-video-preview:-1\" \/>\n<link rel=\"canonical\" href=\"https:\/\/enlatitud25.com\/news\/cuestionan-la-deuda-de-los-medios-en-el-enfoque-hacia-la-violencia-de-genero\/\" \/>\n<meta property=\"og:locale\" content=\"es_ES\" \/>\n<meta property=\"og:type\" content=\"article\" \/>\n<meta property=\"og:title\" content=\"Cuestionan la deuda de los medios en el enfoque hacia la violencia de g\u00e9nero &ndash; Latitud25\" \/>\n<meta property=\"og:description\" content=\"Mir\u00e1 nuestros reportajes audiovisuales y seguinos para enterarte de las \u00faltimas noticias de Paraguay y el mundo, desde la Latitud25. Somos Alternativa de Informaci\u00f3n.\" \/>\n<meta property=\"og:url\" content=\"https:\/\/enlatitud25.com\/news\/cuestionan-la-deuda-de-los-medios-en-el-enfoque-hacia-la-violencia-de-genero\/\" \/>\n<meta property=\"og:site_name\" content=\"Latitud25\" \/>\n<meta property=\"article:publisher\" content=\"https:\/\/www.facebook.com\/EnLatitud25\" \/>\n<meta property=\"article:author\" content=\"https:\/\/www.facebook.com\/EnLatitud25\" \/>\n<meta property=\"article:published_time\" content=\"2022-03-08T21:23:55+00:00\" \/>\n<meta property=\"article:modified_time\" content=\"2022-03-08T22:04:01+00:00\" \/>\n<meta property=\"og:image\" content=\"https:\/\/enlatitud25.com\/news\/wp-content\/uploads\/2022\/03\/tema_genero_abordar_periodismo.jpg\" \/>\n\t<meta property=\"og:image:width\" content=\"800\" \/>\n\t<meta property=\"og:image:height\" content=\"500\" \/>\n\t<meta property=\"og:image:type\" content=\"image\/jpeg\" \/>\n<meta name=\"author\" content=\"Latitud 25\" \/>\n<meta name=\"twitter:card\" content=\"summary_large_image\" \/>\n<meta name=\"twitter:creator\" content=\"@EnLatitud25\" \/>\n<meta name=\"twitter:site\" content=\"@EnLatitud25\" \/>\n<meta name=\"twitter:label1\" content=\"Escrito por\" \/>\n\t<meta name=\"twitter:data1\" content=\"Latitud 25\" \/>\n\t<meta name=\"twitter:label2\" content=\"Tiempo de lectura\" \/>\n\t<meta name=\"twitter:data2\" content=\"9 minutos\" \/>\n<script type=\"application\/ld+json\" class=\"yoast-schema-graph\">{\"@context\":\"https:\/\/schema.org\",\"@graph\":[{\"@type\":\"Article\",\"@id\":\"https:\/\/enlatitud25.com\/news\/cuestionan-la-deuda-de-los-medios-en-el-enfoque-hacia-la-violencia-de-genero\/#article\",\"isPartOf\":{\"@id\":\"https:\/\/enlatitud25.com\/news\/cuestionan-la-deuda-de-los-medios-en-el-enfoque-hacia-la-violencia-de-genero\/\"},\"author\":{\"name\":\"Latitud 25\",\"@id\":\"https:\/\/enlatitud25.com\/news\/#\/schema\/person\/23aafe968917005a721b8eb760f2586e\"},\"headline\":\"Cuestionan la deuda de los medios en el enfoque hacia la violencia de g\u00e9nero\",\"datePublished\":\"2022-03-08T21:23:55+00:00\",\"dateModified\":\"2022-03-08T22:04:01+00:00\",\"mainEntityOfPage\":{\"@id\":\"https:\/\/enlatitud25.com\/news\/cuestionan-la-deuda-de-los-medios-en-el-enfoque-hacia-la-violencia-de-genero\/\"},\"wordCount\":1587,\"publisher\":{\"@id\":\"https:\/\/enlatitud25.com\/news\/#organization\"},\"keywords\":[\"cobertura\",\"diversidad\",\"equidad\",\"feminicidio\",\"G\u00e9nero\",\"mujeres\"],\"articleSection\":[\"Realidad\"],\"inLanguage\":\"es\"},{\"@type\":\"WebPage\",\"@id\":\"https:\/\/enlatitud25.com\/news\/cuestionan-la-deuda-de-los-medios-en-el-enfoque-hacia-la-violencia-de-genero\/\",\"url\":\"https:\/\/enlatitud25.com\/news\/cuestionan-la-deuda-de-los-medios-en-el-enfoque-hacia-la-violencia-de-genero\/\",\"name\":\"Cuestionan la deuda de los medios en el enfoque hacia la violencia de g\u00e9nero &ndash; Latitud25\",\"isPartOf\":{\"@id\":\"https:\/\/enlatitud25.com\/news\/#website\"},\"datePublished\":\"2022-03-08T21:23:55+00:00\",\"dateModified\":\"2022-03-08T22:04:01+00:00\",\"description\":\"Mir\u00e1 nuestros reportajes audiovisuales y seguinos para enterarte de las \u00faltimas noticias de Paraguay y el mundo, desde la Latitud25. Somos Alternativa de Informaci\u00f3n.\",\"breadcrumb\":{\"@id\":\"https:\/\/enlatitud25.com\/news\/cuestionan-la-deuda-de-los-medios-en-el-enfoque-hacia-la-violencia-de-genero\/#breadcrumb\"},\"inLanguage\":\"es\",\"potentialAction\":[{\"@type\":\"ReadAction\",\"target\":[\"https:\/\/enlatitud25.com\/news\/cuestionan-la-deuda-de-los-medios-en-el-enfoque-hacia-la-violencia-de-genero\/\"]}]},{\"@type\":\"BreadcrumbList\",\"@id\":\"https:\/\/enlatitud25.com\/news\/cuestionan-la-deuda-de-los-medios-en-el-enfoque-hacia-la-violencia-de-genero\/#breadcrumb\",\"itemListElement\":[{\"@type\":\"ListItem\",\"position\":1,\"name\":\"Home\",\"item\":\"https:\/\/enlatitud25.com\/news\/\"},{\"@type\":\"ListItem\",\"position\":2,\"name\":\"Cuestionan la deuda de los medios en el enfoque hacia la violencia de g\u00e9nero\"}]},{\"@type\":\"WebSite\",\"@id\":\"https:\/\/enlatitud25.com\/news\/#website\",\"url\":\"https:\/\/enlatitud25.com\/news\/\",\"name\":\"Latitud25\",\"description\":\"news\",\"publisher\":{\"@id\":\"https:\/\/enlatitud25.com\/news\/#organization\"},\"potentialAction\":[{\"@type\":\"SearchAction\",\"target\":{\"@type\":\"EntryPoint\",\"urlTemplate\":\"https:\/\/enlatitud25.com\/news\/?s={search_term_string}\"},\"query-input\":\"required name=search_term_string\"}],\"inLanguage\":\"es\"},{\"@type\":\"Organization\",\"@id\":\"https:\/\/enlatitud25.com\/news\/#organization\",\"name\":\"Latitud 25 - News\",\"url\":\"https:\/\/enlatitud25.com\/news\/\",\"logo\":{\"@type\":\"ImageObject\",\"inLanguage\":\"es\",\"@id\":\"https:\/\/enlatitud25.com\/news\/#\/schema\/logo\/image\/\",\"url\":\"https:\/\/enlatitud25.com\/news\/wp-content\/uploads\/2020\/11\/logo_latitud.png\",\"contentUrl\":\"https:\/\/enlatitud25.com\/news\/wp-content\/uploads\/2020\/11\/logo_latitud.png\",\"width\":235,\"height\":39,\"caption\":\"Latitud 25 - News\"},\"image\":{\"@id\":\"https:\/\/enlatitud25.com\/news\/#\/schema\/logo\/image\/\"},\"sameAs\":[\"https:\/\/www.facebook.com\/EnLatitud25\",\"https:\/\/twitter.com\/EnLatitud25\",\"https:\/\/www.instagram.com\/enlatitud25\/\",\"https:\/\/www.youtube.com\/user\/desdelatitud25\"]},{\"@type\":\"Person\",\"@id\":\"https:\/\/enlatitud25.com\/news\/#\/schema\/person\/23aafe968917005a721b8eb760f2586e\",\"name\":\"Latitud 25\",\"sameAs\":[\"https:\/\/enlatitud25.com\/news\",\"https:\/\/www.facebook.com\/EnLatitud25\",\"https:\/\/www.instagram.com\/enlatitud25\",\"https:\/\/www.youtube.com\/user\/desdelatitud25\",\"https:\/\/soundcloud.com\/enlatitud25\"],\"url\":\"https:\/\/enlatitud25.com\/news\/author\/nnews-uss00\/\"}]}<\/script>\n<!-- \/ Yoast SEO plugin. -->","yoast_head_json":{"title":"Cuestionan la deuda de los medios en el enfoque hacia la violencia de g\u00e9nero &ndash; Latitud25","description":"Mir\u00e1 nuestros reportajes audiovisuales y seguinos para enterarte de las \u00faltimas noticias de Paraguay y el mundo, desde la Latitud25. Somos Alternativa de Informaci\u00f3n.","robots":{"index":"index","follow":"follow","max-snippet":"max-snippet:-1","max-image-preview":"max-image-preview:large","max-video-preview":"max-video-preview:-1"},"canonical":"https:\/\/enlatitud25.com\/news\/cuestionan-la-deuda-de-los-medios-en-el-enfoque-hacia-la-violencia-de-genero\/","og_locale":"es_ES","og_type":"article","og_title":"Cuestionan la deuda de los medios en el enfoque hacia la violencia de g\u00e9nero &ndash; Latitud25","og_description":"Mir\u00e1 nuestros reportajes audiovisuales y seguinos para enterarte de las \u00faltimas noticias de Paraguay y el mundo, desde la Latitud25. Somos Alternativa de Informaci\u00f3n.","og_url":"https:\/\/enlatitud25.com\/news\/cuestionan-la-deuda-de-los-medios-en-el-enfoque-hacia-la-violencia-de-genero\/","og_site_name":"Latitud25","article_publisher":"https:\/\/www.facebook.com\/EnLatitud25","article_author":"https:\/\/www.facebook.com\/EnLatitud25","article_published_time":"2022-03-08T21:23:55+00:00","article_modified_time":"2022-03-08T22:04:01+00:00","og_image":[{"width":800,"height":500,"url":"https:\/\/enlatitud25.com\/news\/wp-content\/uploads\/2022\/03\/tema_genero_abordar_periodismo.jpg","type":"image\/jpeg"}],"author":"Latitud 25","twitter_card":"summary_large_image","twitter_creator":"@EnLatitud25","twitter_site":"@EnLatitud25","twitter_misc":{"Escrito por":"Latitud 25","Tiempo de lectura":"9 minutos"},"schema":{"@context":"https:\/\/schema.org","@graph":[{"@type":"Article","@id":"https:\/\/enlatitud25.com\/news\/cuestionan-la-deuda-de-los-medios-en-el-enfoque-hacia-la-violencia-de-genero\/#article","isPartOf":{"@id":"https:\/\/enlatitud25.com\/news\/cuestionan-la-deuda-de-los-medios-en-el-enfoque-hacia-la-violencia-de-genero\/"},"author":{"name":"Latitud 25","@id":"https:\/\/enlatitud25.com\/news\/#\/schema\/person\/23aafe968917005a721b8eb760f2586e"},"headline":"Cuestionan la deuda de los medios en el enfoque hacia la violencia de g\u00e9nero","datePublished":"2022-03-08T21:23:55+00:00","dateModified":"2022-03-08T22:04:01+00:00","mainEntityOfPage":{"@id":"https:\/\/enlatitud25.com\/news\/cuestionan-la-deuda-de-los-medios-en-el-enfoque-hacia-la-violencia-de-genero\/"},"wordCount":1587,"publisher":{"@id":"https:\/\/enlatitud25.com\/news\/#organization"},"keywords":["cobertura","diversidad","equidad","feminicidio","G\u00e9nero","mujeres"],"articleSection":["Realidad"],"inLanguage":"es"},{"@type":"WebPage","@id":"https:\/\/enlatitud25.com\/news\/cuestionan-la-deuda-de-los-medios-en-el-enfoque-hacia-la-violencia-de-genero\/","url":"https:\/\/enlatitud25.com\/news\/cuestionan-la-deuda-de-los-medios-en-el-enfoque-hacia-la-violencia-de-genero\/","name":"Cuestionan la deuda de los medios en el enfoque hacia la violencia de g\u00e9nero &ndash; Latitud25","isPartOf":{"@id":"https:\/\/enlatitud25.com\/news\/#website"},"datePublished":"2022-03-08T21:23:55+00:00","dateModified":"2022-03-08T22:04:01+00:00","description":"Mir\u00e1 nuestros reportajes audiovisuales y seguinos para enterarte de las \u00faltimas noticias de Paraguay y el mundo, desde la Latitud25. Somos Alternativa de Informaci\u00f3n.","breadcrumb":{"@id":"https:\/\/enlatitud25.com\/news\/cuestionan-la-deuda-de-los-medios-en-el-enfoque-hacia-la-violencia-de-genero\/#breadcrumb"},"inLanguage":"es","potentialAction":[{"@type":"ReadAction","target":["https:\/\/enlatitud25.com\/news\/cuestionan-la-deuda-de-los-medios-en-el-enfoque-hacia-la-violencia-de-genero\/"]}]},{"@type":"BreadcrumbList","@id":"https:\/\/enlatitud25.com\/news\/cuestionan-la-deuda-de-los-medios-en-el-enfoque-hacia-la-violencia-de-genero\/#breadcrumb","itemListElement":[{"@type":"ListItem","position":1,"name":"Home","item":"https:\/\/enlatitud25.com\/news\/"},{"@type":"ListItem","position":2,"name":"Cuestionan la deuda de los medios en el enfoque hacia la violencia de g\u00e9nero"}]},{"@type":"WebSite","@id":"https:\/\/enlatitud25.com\/news\/#website","url":"https:\/\/enlatitud25.com\/news\/","name":"Latitud25","description":"news","publisher":{"@id":"https:\/\/enlatitud25.com\/news\/#organization"},"potentialAction":[{"@type":"SearchAction","target":{"@type":"EntryPoint","urlTemplate":"https:\/\/enlatitud25.com\/news\/?s={search_term_string}"},"query-input":"required name=search_term_string"}],"inLanguage":"es"},{"@type":"Organization","@id":"https:\/\/enlatitud25.com\/news\/#organization","name":"Latitud 25 - News","url":"https:\/\/enlatitud25.com\/news\/","logo":{"@type":"ImageObject","inLanguage":"es","@id":"https:\/\/enlatitud25.com\/news\/#\/schema\/logo\/image\/","url":"https:\/\/enlatitud25.com\/news\/wp-content\/uploads\/2020\/11\/logo_latitud.png","contentUrl":"https:\/\/enlatitud25.com\/news\/wp-content\/uploads\/2020\/11\/logo_latitud.png","width":235,"height":39,"caption":"Latitud 25 - News"},"image":{"@id":"https:\/\/enlatitud25.com\/news\/#\/schema\/logo\/image\/"},"sameAs":["https:\/\/www.facebook.com\/EnLatitud25","https:\/\/twitter.com\/EnLatitud25","https:\/\/www.instagram.com\/enlatitud25\/","https:\/\/www.youtube.com\/user\/desdelatitud25"]},{"@type":"Person","@id":"https:\/\/enlatitud25.com\/news\/#\/schema\/person\/23aafe968917005a721b8eb760f2586e","name":"Latitud 25","sameAs":["https:\/\/enlatitud25.com\/news","https:\/\/www.facebook.com\/EnLatitud25","https:\/\/www.instagram.com\/enlatitud25","https:\/\/www.youtube.com\/user\/desdelatitud25","https:\/\/soundcloud.com\/enlatitud25"],"url":"https:\/\/enlatitud25.com\/news\/author\/nnews-uss00\/"}]}},"_links":{"self":[{"href":"https:\/\/enlatitud25.com\/news\/wp-json\/wp\/v2\/posts\/7296"}],"collection":[{"href":"https:\/\/enlatitud25.com\/news\/wp-json\/wp\/v2\/posts"}],"about":[{"href":"https:\/\/enlatitud25.com\/news\/wp-json\/wp\/v2\/types\/post"}],"author":[{"embeddable":true,"href":"https:\/\/enlatitud25.com\/news\/wp-json\/wp\/v2\/users\/1"}],"replies":[{"embeddable":true,"href":"https:\/\/enlatitud25.com\/news\/wp-json\/wp\/v2\/comments?post=7296"}],"version-history":[{"count":20,"href":"https:\/\/enlatitud25.com\/news\/wp-json\/wp\/v2\/posts\/7296\/revisions"}],"predecessor-version":[{"id":7346,"href":"https:\/\/enlatitud25.com\/news\/wp-json\/wp\/v2\/posts\/7296\/revisions\/7346"}],"wp:featuredmedia":[{"embeddable":true,"href":"https:\/\/enlatitud25.com\/news\/wp-json\/wp\/v2\/media\/7322"}],"wp:attachment":[{"href":"https:\/\/enlatitud25.com\/news\/wp-json\/wp\/v2\/media?parent=7296"}],"wp:term":[{"taxonomy":"category","embeddable":true,"href":"https:\/\/enlatitud25.com\/news\/wp-json\/wp\/v2\/categories?post=7296"},{"taxonomy":"post_tag","embeddable":true,"href":"https:\/\/enlatitud25.com\/news\/wp-json\/wp\/v2\/tags?post=7296"},{"taxonomy":"ubicacion","embeddable":true,"href":"https:\/\/enlatitud25.com\/news\/wp-json\/wp\/v2\/ubicacion?post=7296"}],"curies":[{"name":"wp","href":"https:\/\/api.w.org\/{rel}","templated":true}]}}