{"id":7042,"date":"2022-02-17T20:35:04","date_gmt":"2022-02-17T20:35:04","guid":{"rendered":"https:\/\/enlatitud25.com\/news\/?p=7042"},"modified":"2022-02-17T20:35:07","modified_gmt":"2022-02-17T20:35:07","slug":"un-neurologo-nos-responde-como-tratar-la-perdida-de-memoria-post-covid","status":"publish","type":"post","link":"https:\/\/enlatitud25.com\/news\/un-neurologo-nos-responde-como-tratar-la-perdida-de-memoria-post-covid\/","title":{"rendered":"Un neur\u00f3logo nos responde c\u00f3mo tratar la p\u00e9rdida de memoria post COVID"},"content":{"rendered":"\n<p>Levantarse temprano todos los d\u00edas, cuesta, pero mantenerse en alerta o activos, es mucho m\u00e1s dif\u00edcil despu\u00e9s de haber tenido COVID-19, para muchas personas. Tener olvidos constantes, de planes, trabarse al hablar por no recordar t\u00e9rminos y ser v\u00edctima de fuertes dolores de cabeza, son algunos de los s\u00edntomas persistentes que reportan las personas tras haber superado la infecci\u00f3n primaria del SARS-CoV-2.<\/p>\n\n\n\n<p>Estos s\u00edntomas ya se hab\u00edan empezado a notar en 2020, pero con el tiempo, a m\u00e1s de dos a\u00f1os de la pandemia y con el aumento de contagios en el mundo, se fue registrando esta persistencia de s\u00edntomas en mayor cantidad de personas y en varios pa\u00edses.<\/p>\n\n\n\n<figure class=\"wp-block-image size-large\"><img decoding=\"async\" loading=\"lazy\" width=\"1024\" height=\"683\" src=\"https:\/\/enlatitud25.com\/news\/wp-content\/uploads\/2022\/02\/pexels-anna-tarazevich-6173666-1024x683.jpg\" alt=\"\" class=\"wp-image-7047\" srcset=\"https:\/\/enlatitud25.com\/news\/wp-content\/uploads\/2022\/02\/pexels-anna-tarazevich-6173666-1024x683.jpg 1024w, https:\/\/enlatitud25.com\/news\/wp-content\/uploads\/2022\/02\/pexels-anna-tarazevich-6173666-300x200.jpg 300w, https:\/\/enlatitud25.com\/news\/wp-content\/uploads\/2022\/02\/pexels-anna-tarazevich-6173666-768x512.jpg 768w, https:\/\/enlatitud25.com\/news\/wp-content\/uploads\/2022\/02\/pexels-anna-tarazevich-6173666-1536x1024.jpg 1536w, https:\/\/enlatitud25.com\/news\/wp-content\/uploads\/2022\/02\/pexels-anna-tarazevich-6173666-2048x1365.jpg 2048w, https:\/\/enlatitud25.com\/news\/wp-content\/uploads\/2022\/02\/pexels-anna-tarazevich-6173666-380x253.jpg 380w, https:\/\/enlatitud25.com\/news\/wp-content\/uploads\/2022\/02\/pexels-anna-tarazevich-6173666-800x533.jpg 800w, https:\/\/enlatitud25.com\/news\/wp-content\/uploads\/2022\/02\/pexels-anna-tarazevich-6173666-1160x773.jpg 1160w, https:\/\/enlatitud25.com\/news\/wp-content\/uploads\/2022\/02\/pexels-anna-tarazevich-6173666-scaled.jpg 2560w\" sizes=\"(max-width: 1024px) 100vw, 1024px\" \/><\/figure>\n\n\n\n<p style=\"font-size:22px\"><strong>La rutina no ser\u00e1 la misma<\/strong><\/p>\n\n\n\n<p><a href=\"https:\/\/www.nytimes.com\/es\/2020\/10\/15\/espanol\/ciencia-y-tecnologia\/sobrevivientes-covid.html\"><strong>Lisa Mizelle<\/strong> (53)<\/a> enfermera especializada en urgencias, que tuvo covid en julio de 2020, dijo a The New York Times que, tras la enfermedad, empez\u00f3 a olvidar algunos tratamientos que hac\u00eda de rutina y necesit\u00f3 preguntar a sus colegas, t\u00e9rminos que usaba con frecuencia. <\/p>\n\n\n\n<p>\u201cSalgo de la habitaci\u00f3n y no puedo recordar lo que el paciente acaba de decir\u201d, relat\u00f3 en el material Pam Belluck, publicado en octubre de 2020. La profesional de salud, dijo adem\u00e1s que, si no hubiera usado todos los d\u00edas que ten\u00eda para reposar, hubiera descansado m\u00e1s tiempo.<\/p>\n\n\n\n<p>En un art\u00edculo m\u00e1s reciente, publicado el 7 de febrero de este a\u00f1o en la BBC,<strong> <a href=\"https:\/\/www.bbc.com\/mundo\/noticias-60303451\">Sian Griffiths <\/a><\/strong><a href=\"https:\/\/www.bbc.com\/mundo\/noticias-60303451\">(43)<\/a> habl\u00f3 de las severas secuelas que segu\u00eda teniendo, tras 18 meses de haber contra\u00eddo la enfermedad.<\/p>\n\n\n\n<p>&#8220;No puedo manejar lejos, me olvido de cerrar las puertas, quemo la comida. Y cuando estoy leyendo, mi cerebro convierte unas palabras en otras. Pierdo la concentraci\u00f3n&#8221;, reconoci\u00f3 la mujer en una entrevista con la periodista Owain Clarke.<\/p>\n\n\n\n<figure class=\"wp-block-image size-large\"><img decoding=\"async\" loading=\"lazy\" width=\"1024\" height=\"683\" src=\"https:\/\/enlatitud25.com\/news\/wp-content\/uploads\/2022\/02\/pexels-ivan-samkov-6788686-1024x683.jpg\" alt=\"\" class=\"wp-image-7048\" srcset=\"https:\/\/enlatitud25.com\/news\/wp-content\/uploads\/2022\/02\/pexels-ivan-samkov-6788686-1024x683.jpg 1024w, https:\/\/enlatitud25.com\/news\/wp-content\/uploads\/2022\/02\/pexels-ivan-samkov-6788686-300x200.jpg 300w, https:\/\/enlatitud25.com\/news\/wp-content\/uploads\/2022\/02\/pexels-ivan-samkov-6788686-768x512.jpg 768w, https:\/\/enlatitud25.com\/news\/wp-content\/uploads\/2022\/02\/pexels-ivan-samkov-6788686-1536x1024.jpg 1536w, https:\/\/enlatitud25.com\/news\/wp-content\/uploads\/2022\/02\/pexels-ivan-samkov-6788686-2048x1365.jpg 2048w, https:\/\/enlatitud25.com\/news\/wp-content\/uploads\/2022\/02\/pexels-ivan-samkov-6788686-380x253.jpg 380w, https:\/\/enlatitud25.com\/news\/wp-content\/uploads\/2022\/02\/pexels-ivan-samkov-6788686-800x533.jpg 800w, https:\/\/enlatitud25.com\/news\/wp-content\/uploads\/2022\/02\/pexels-ivan-samkov-6788686-1160x773.jpg 1160w, https:\/\/enlatitud25.com\/news\/wp-content\/uploads\/2022\/02\/pexels-ivan-samkov-6788686-scaled.jpg 2560w\" sizes=\"(max-width: 1024px) 100vw, 1024px\" \/><\/figure>\n\n\n\n<p>El neur\u00f3logo paraguayo <strong>Juan Arce<\/strong>, que forma del equipo de Neurolog\u00eda del Hospital Central del IPS, en el Hospital Nacional de Itaugu\u00e1 y el Sanatorio Internacional de Luque, coment\u00f3 que ya se est\u00e1n registrando casos similares en Paraguay y que aun son parte del estudio de esta anomal\u00eda que deja como una estela el virus de la pandemia.<\/p>\n\n\n\n<p>Uno de esos casos, seg\u00fan el Dr. Arce, es el de una docente paraguaya que confes\u00f3, en una consulta despu\u00e9s de tener la infecci\u00f3n de la COVID-19, habr\u00eda llegado a olvidar los d\u00edas en que ten\u00eda que tomar ex\u00e1menes, por lo que no lleg\u00f3 ni a prepararlos. Tambi\u00e9n reconoci\u00f3 que olvid\u00f3 los nombres de alumnos a quienes, antes de la enfermedad, recordaba con facilidad.<\/p>\n\n\n\n<p style=\"font-size:22px\"><strong>La realidad en Paraguay<\/strong><\/p>\n\n\n\n<p>El Ministerio de Salud P\u00fablica (MSP) inform\u00f3 que ante la aparici\u00f3n de estos s\u00edntomas de manera frecuente, la consulta m\u00e9dica debe ser inmediata, pero que hasta el momento no se tienen datos del \u00edndice de padecimiento general de estos s\u00edntomas producto del COVID-19. <\/p>\n\n\n\n<p>Seg\u00fan fuentes m\u00e9dicas del MSP consultadas por este medio, tampoco se tiene el registro si los casos m\u00e1s severos que producen este efecto prolongado en el organismo, sean de las variantes Alfa (identificada por primera vez en Kent, Reino Unido en septiembre de 2020), la Gamma (identificada en Manaos, Brasil en noviembre de 2020), la Delta (registrada en India, en noviembre de 2020) o la Omicron (identificada en noviembre de 2021).<\/p>\n\n\n\n<p>Arce explic\u00f3 que en el consultorio local, los reportes de COVID persistentes empezaron a ser m\u00e1s frecuentes hace aproximadamente un a\u00f1o.<\/p>\n\n\n\n<p>Afirm\u00f3 que la mayor\u00eda de las consultas neurol\u00f3gicas guardan relaci\u00f3n justamente con dificultades cognitivas. En ese punto, dijo que en el primer lugar se encuentra la consulta por cefalea (dolor de cabeza persistente), seguida de las quejas por falta de memoria y la alteraci\u00f3n en la concentraci\u00f3n. <\/p>\n\n\n\n<p>&#8220;A todo eso, yo le agregar\u00eda que en los \u00faltimos a\u00f1os se est\u00e1 viendo con frecuencia un s\u00edndrome de fatiga cr\u00f3nica. A los pacientes les cuesta volver a sus actividades diarias&#8221;, coment\u00f3.<\/p>\n\n\n\n<p style=\"font-size:22px\"><strong>Un problema de salud p\u00fablica<\/strong><\/p>\n\n\n\n<p>El especialista consider\u00f3 que el aumento de esos s\u00edntomas post COVID, se est\u00e1 convirtiendo en un problema de salud p\u00fablica y de ausentismo laboral. <\/p>\n\n\n\n<p>Agreg\u00f3 que esta situaci\u00f3n representa un gasto tremendo para el paciente, porque muchas veces cuando va a consultar, no va directamente al neur\u00f3logo, sino que va a un m\u00e9dico de cabecera o un m\u00e9dico general; entonces, como esos s\u00edntomas no son persistentes, los profesionales de la salud no especializados en el \u00e1rea les dicen que van a pasar en cualquier momento y no se le da la celeridad correspondiente.<\/p>\n\n\n\n<figure class=\"wp-block-image size-large\"><img decoding=\"async\" loading=\"lazy\" width=\"1024\" height=\"683\" src=\"https:\/\/enlatitud25.com\/news\/wp-content\/uploads\/2022\/02\/pexels-anna-shvets-4225920-1024x683.jpg\" alt=\"\" class=\"wp-image-7049\" srcset=\"https:\/\/enlatitud25.com\/news\/wp-content\/uploads\/2022\/02\/pexels-anna-shvets-4225920-1024x683.jpg 1024w, https:\/\/enlatitud25.com\/news\/wp-content\/uploads\/2022\/02\/pexels-anna-shvets-4225920-300x200.jpg 300w, https:\/\/enlatitud25.com\/news\/wp-content\/uploads\/2022\/02\/pexels-anna-shvets-4225920-768x512.jpg 768w, https:\/\/enlatitud25.com\/news\/wp-content\/uploads\/2022\/02\/pexels-anna-shvets-4225920-1536x1024.jpg 1536w, https:\/\/enlatitud25.com\/news\/wp-content\/uploads\/2022\/02\/pexels-anna-shvets-4225920-2048x1365.jpg 2048w, https:\/\/enlatitud25.com\/news\/wp-content\/uploads\/2022\/02\/pexels-anna-shvets-4225920-380x253.jpg 380w, https:\/\/enlatitud25.com\/news\/wp-content\/uploads\/2022\/02\/pexels-anna-shvets-4225920-800x533.jpg 800w, https:\/\/enlatitud25.com\/news\/wp-content\/uploads\/2022\/02\/pexels-anna-shvets-4225920-1160x773.jpg 1160w, https:\/\/enlatitud25.com\/news\/wp-content\/uploads\/2022\/02\/pexels-anna-shvets-4225920-scaled.jpg 2560w\" sizes=\"(max-width: 1024px) 100vw, 1024px\" \/><\/figure>\n\n\n\n<p>&#8220;Me da la impresi\u00f3n de que est\u00e1 subestimado esto a nivel internacional, por ende, el tratamiento es sub \u00f3ptimo, eso a la larga crea un problema porque el paciente anda por ah\u00ed con su fatiga cr\u00f3nica, con su dolor de cabeza y nadie le cree que continua con esos s\u00edntomas ya despu\u00e9s de mucho tiempo de haber superado la enfermedad&#8221;, agreg\u00f3. <\/p>\n\n\n\n<p>Explic\u00f3 que hay una &#8220;constelaci\u00f3n de manifestaciones&#8221; porque cada caso sintomatologicamente es diferente. Por ejemplo, apunt\u00f3 a que hay personas que llegaron a los 60 a\u00f1os con una vida relativamente buena, eran personas activas y tras tener COVID, sin requerir de hospitalizaci\u00f3n, se les present\u00f3 enfermedades como Alzh\u00e9imer o Parkinson.<\/p>\n\n\n\n<p>&#8220;El covid act\u00faa como disparador o detonante de esas condiciones, quiz\u00e1s eran enfermedades que a lo mejor en alg\u00fan momento iban a tener, pero se les adelant\u00f3 a causa del virus. Tambi\u00e9n hay pacientes que empiezan a tener problemas en sus trabajos, la mayor\u00eda de ellos menores de 45, que empiezan a ser menos productivos de lo acostumbrado&#8221;, dijo.<\/p>\n\n\n\n<figure class=\"wp-block-image size-large\"><img decoding=\"async\" loading=\"lazy\" width=\"1024\" height=\"683\" src=\"https:\/\/enlatitud25.com\/news\/wp-content\/uploads\/2022\/02\/pexels-ron-lach-8527653-1024x683.jpg\" alt=\"\" class=\"wp-image-7050\" srcset=\"https:\/\/enlatitud25.com\/news\/wp-content\/uploads\/2022\/02\/pexels-ron-lach-8527653-1024x683.jpg 1024w, https:\/\/enlatitud25.com\/news\/wp-content\/uploads\/2022\/02\/pexels-ron-lach-8527653-300x200.jpg 300w, https:\/\/enlatitud25.com\/news\/wp-content\/uploads\/2022\/02\/pexels-ron-lach-8527653-768x512.jpg 768w, https:\/\/enlatitud25.com\/news\/wp-content\/uploads\/2022\/02\/pexels-ron-lach-8527653-1536x1024.jpg 1536w, https:\/\/enlatitud25.com\/news\/wp-content\/uploads\/2022\/02\/pexels-ron-lach-8527653-2048x1365.jpg 2048w, https:\/\/enlatitud25.com\/news\/wp-content\/uploads\/2022\/02\/pexels-ron-lach-8527653-380x253.jpg 380w, https:\/\/enlatitud25.com\/news\/wp-content\/uploads\/2022\/02\/pexels-ron-lach-8527653-800x533.jpg 800w, https:\/\/enlatitud25.com\/news\/wp-content\/uploads\/2022\/02\/pexels-ron-lach-8527653-1160x773.jpg 1160w, https:\/\/enlatitud25.com\/news\/wp-content\/uploads\/2022\/02\/pexels-ron-lach-8527653-scaled.jpg 2560w\" sizes=\"(max-width: 1024px) 100vw, 1024px\" \/><\/figure>\n\n\n\n<p>El Dr. Arce asegur\u00f3 que una de las grandes preguntas que hay con el COVID se basa en qu\u00e9 lo que causa que los s\u00edntomas sean persistentes, \u00bfacaso el virus puede entrar en el cerebro o en las c\u00e9lulas cerebrales? Al parecer hasta ahora los estudios no pueden demostrar eso, indic\u00f3.<\/p>\n\n\n\n<p>&#8220;Hasta el momento en autopsias, de personas que fallecieron a causa de la COVID-19, se pudo detectar el virus en el sistema nervioso, pero no en cantidades suficientes para causar un gran da\u00f1o. Se cree que la principal afectaci\u00f3n al sistema nervioso tiene que ver con una inflamaci\u00f3n desregulada, aberrante, excesiva, lo que a nivel local puede generar un da\u00f1o&#8221;, detall\u00f3.<\/p>\n\n\n\n<p style=\"font-size:22px\"><strong>Qu\u00e9 hacer al respecto<\/strong><\/p>\n\n\n\n<p>Arce reconoci\u00f3 que, hasta la fecha, no hay una recomendaci\u00f3n estandarizada de qu\u00e9 hay que hacer y qu\u00e9 no, pero dijo que si recibe un paciente con s\u00edntomas persistentes, como la p\u00e9rdida de memoria, entonces encara el tratamiento como lo que es: una p\u00e9rdida de memoria.<\/p>\n\n\n\n<p>En ese contexto, afirm\u00f3 que a su parecer lo mejor que se puede hacer es la actividad f\u00edsica: caminar, nadar, o cualquier actividad f\u00edsica al aire libre, porque esto ayuda a mejorar el \u00e1nimo. <\/p>\n\n\n\n<p>&#8220;El ejercicio f\u00edsico es lo \u00fanico que previene el deterioro cognitivo, por supuesto que los ejercicios mentales como crucigramas ayudan, pero la actividad f\u00edsica es primordial.<\/p>\n\n\n\n<figure class=\"wp-block-image size-large\"><img decoding=\"async\" loading=\"lazy\" width=\"1024\" height=\"684\" src=\"https:\/\/enlatitud25.com\/news\/wp-content\/uploads\/2022\/02\/pexels-daniel-reche-1556710-1024x684.jpg\" alt=\"\" class=\"wp-image-7051\" srcset=\"https:\/\/enlatitud25.com\/news\/wp-content\/uploads\/2022\/02\/pexels-daniel-reche-1556710-1024x684.jpg 1024w, https:\/\/enlatitud25.com\/news\/wp-content\/uploads\/2022\/02\/pexels-daniel-reche-1556710-300x200.jpg 300w, https:\/\/enlatitud25.com\/news\/wp-content\/uploads\/2022\/02\/pexels-daniel-reche-1556710-768x513.jpg 768w, https:\/\/enlatitud25.com\/news\/wp-content\/uploads\/2022\/02\/pexels-daniel-reche-1556710-1536x1025.jpg 1536w, https:\/\/enlatitud25.com\/news\/wp-content\/uploads\/2022\/02\/pexels-daniel-reche-1556710-2048x1367.jpg 2048w, https:\/\/enlatitud25.com\/news\/wp-content\/uploads\/2022\/02\/pexels-daniel-reche-1556710-380x254.jpg 380w, https:\/\/enlatitud25.com\/news\/wp-content\/uploads\/2022\/02\/pexels-daniel-reche-1556710-800x534.jpg 800w, https:\/\/enlatitud25.com\/news\/wp-content\/uploads\/2022\/02\/pexels-daniel-reche-1556710-1160x774.jpg 1160w, https:\/\/enlatitud25.com\/news\/wp-content\/uploads\/2022\/02\/pexels-daniel-reche-1556710-scaled.jpg 2560w\" sizes=\"(max-width: 1024px) 100vw, 1024px\" \/><\/figure>\n\n\n\n<p style=\"font-size:22px\"><strong>\u00bfSon efectivas las vitaminas o suplementos?<\/strong><\/p>\n\n\n\n<p>&#8220;Te doy mi opini\u00f3n, personalmente vienen pacientes que piden vitaminas. Quiz\u00e1s, a veces a los doctores, nos da un poco m\u00e1s de tranquilidad que podamos poder recetarles algo, pero en realidad, dar multivitam\u00ednicos o magnesio, quiz\u00e1s no tenga el resultado esperado porque no est\u00e1 probado que tengan efecto. Para lo que tiene que ver con la p\u00e9rdida de memoria no hay una medicaci\u00f3n comprobada que funcione al 100%&#8221;, opin\u00f3.<\/p>\n\n\n\n<p>Reflexion\u00f3 adem\u00e1s sobre que, muchas veces los neur\u00f3logos, dan medicaciones que son m\u00e1s espec\u00edficas, f\u00e1rmacos como la <em>citicolina <\/em>que es un famoso neuroprotector. Aclar\u00f3 que se puede dar eso a un paciente, pero hizo \u00e9nfasis en que no est\u00e1 demostrado que alguno de esos medicamentos puedan cambiar el desenlace. <\/p>\n\n\n\n<p>&#8220;Se puede ayudar a las personas, sobre todo con medidas generales: dici\u00e9ndoles que descansen bien, que realicen ejercicios f\u00edsicos, pedirles que no se expongan a las actividades con mucho estr\u00e9s, que se exijan menos, que empiecen de a poquito en sus actividades, porque es probable que estos s\u00edntomas no duren para siempre&#8221;, refiri\u00f3.<\/p>\n\n\n\n<p>Finalmente coment\u00f3 que hay estudios hechos en Israel respecto a que las personas vacunadas son menos propensas a tener estos s\u00edntomas persistentes, pero subray\u00f3 que no hay estudios cient\u00edficos concluyentes que hablen de la extensi\u00f3n de estas secuelas o de c\u00f3mo tratarlas. <\/p>\n","protected":false},"excerpt":{"rendered":"Si ten\u00e9s unas ganas tremendas de no hacer nada, falta de energ\u00eda que no se soluciona ni con un termo de caf\u00e9, olvidos constantes y concentraci\u00f3n dispersa, despu\u00e9s de haber tenido COVID-19 hace ya un tiempo, ten\u00e9s que saber que no solo te est\u00e1 pasando a vos. Pacientes de Paraguay y el mundo han reportado estos efectos conocidos como &#8220;Long Covid&#8221; o &#8220;Covid Persistente&#8221;. \u00bfQu\u00e9 se puede hacer al respecto? Le\u00e9 lo que nos dijo un especialista.\n","protected":false},"author":1,"featured_media":7059,"comment_status":"closed","ping_status":"closed","sticky":false,"template":"","format":"standard","meta":[],"categories":[20],"tags":[889,341,886,890,891,888,887],"ubicacion":[17],"yoast_head":"<!-- This site is optimized with the Yoast SEO plugin v20.8 - https:\/\/yoast.com\/wordpress\/plugins\/seo\/ -->\n<title>Un neur\u00f3logo nos responde c\u00f3mo tratar la p\u00e9rdida de memoria post COVID &ndash; Latitud25<\/title>\n<meta name=\"description\" content=\"Mir\u00e1 nuestros reportajes audiovisuales y seguinos para enterarte de las \u00faltimas noticias de Paraguay y el mundo, desde la Latitud25. Somos Alternativa de Informaci\u00f3n.\" \/>\n<meta name=\"robots\" content=\"index, follow, max-snippet:-1, max-image-preview:large, max-video-preview:-1\" \/>\n<link rel=\"canonical\" href=\"https:\/\/enlatitud25.com\/news\/un-neurologo-nos-responde-como-tratar-la-perdida-de-memoria-post-covid\/\" \/>\n<meta property=\"og:locale\" content=\"es_ES\" \/>\n<meta property=\"og:type\" content=\"article\" \/>\n<meta property=\"og:title\" content=\"Un neur\u00f3logo nos responde c\u00f3mo tratar la p\u00e9rdida de memoria post COVID &ndash; Latitud25\" \/>\n<meta property=\"og:description\" content=\"Mir\u00e1 nuestros reportajes audiovisuales y seguinos para enterarte de las \u00faltimas noticias de Paraguay y el mundo, desde la Latitud25. Somos Alternativa de Informaci\u00f3n.\" \/>\n<meta property=\"og:url\" content=\"https:\/\/enlatitud25.com\/news\/un-neurologo-nos-responde-como-tratar-la-perdida-de-memoria-post-covid\/\" \/>\n<meta property=\"og:site_name\" content=\"Latitud25\" \/>\n<meta property=\"article:publisher\" content=\"https:\/\/www.facebook.com\/EnLatitud25\" \/>\n<meta property=\"article:author\" content=\"https:\/\/www.facebook.com\/EnLatitud25\" \/>\n<meta property=\"article:published_time\" content=\"2022-02-17T20:35:04+00:00\" \/>\n<meta property=\"article:modified_time\" content=\"2022-02-17T20:35:07+00:00\" \/>\n<meta property=\"og:image\" content=\"https:\/\/enlatitud25.com\/news\/wp-content\/uploads\/2022\/02\/cerebro-covid.jpg\" \/>\n\t<meta property=\"og:image:width\" content=\"800\" \/>\n\t<meta property=\"og:image:height\" content=\"500\" \/>\n\t<meta property=\"og:image:type\" content=\"image\/jpeg\" \/>\n<meta name=\"author\" content=\"Latitud 25\" \/>\n<meta name=\"twitter:card\" content=\"summary_large_image\" \/>\n<meta name=\"twitter:creator\" content=\"@EnLatitud25\" \/>\n<meta name=\"twitter:site\" content=\"@EnLatitud25\" \/>\n<meta name=\"twitter:label1\" content=\"Escrito por\" \/>\n\t<meta name=\"twitter:data1\" content=\"Latitud 25\" \/>\n\t<meta name=\"twitter:label2\" content=\"Tiempo de lectura\" \/>\n\t<meta name=\"twitter:data2\" content=\"7 minutos\" \/>\n<script type=\"application\/ld+json\" class=\"yoast-schema-graph\">{\"@context\":\"https:\/\/schema.org\",\"@graph\":[{\"@type\":\"Article\",\"@id\":\"https:\/\/enlatitud25.com\/news\/un-neurologo-nos-responde-como-tratar-la-perdida-de-memoria-post-covid\/#article\",\"isPartOf\":{\"@id\":\"https:\/\/enlatitud25.com\/news\/un-neurologo-nos-responde-como-tratar-la-perdida-de-memoria-post-covid\/\"},\"author\":{\"name\":\"Latitud 25\",\"@id\":\"https:\/\/enlatitud25.com\/news\/#\/schema\/person\/23aafe968917005a721b8eb760f2586e\"},\"headline\":\"Un neur\u00f3logo nos responde c\u00f3mo tratar la p\u00e9rdida de memoria post COVID\",\"datePublished\":\"2022-02-17T20:35:04+00:00\",\"dateModified\":\"2022-02-17T20:35:07+00:00\",\"mainEntityOfPage\":{\"@id\":\"https:\/\/enlatitud25.com\/news\/un-neurologo-nos-responde-como-tratar-la-perdida-de-memoria-post-covid\/\"},\"wordCount\":1443,\"publisher\":{\"@id\":\"https:\/\/enlatitud25.com\/news\/#organization\"},\"keywords\":[\"actividad f\u00edsica\",\"da\u00f1os\",\"neurol\u00f3gicos\",\"pos covid\",\"s\u00edntomas persistentes\",\"suplementos\",\"vitaminas\"],\"articleSection\":[\"Salud\"],\"inLanguage\":\"es\"},{\"@type\":\"WebPage\",\"@id\":\"https:\/\/enlatitud25.com\/news\/un-neurologo-nos-responde-como-tratar-la-perdida-de-memoria-post-covid\/\",\"url\":\"https:\/\/enlatitud25.com\/news\/un-neurologo-nos-responde-como-tratar-la-perdida-de-memoria-post-covid\/\",\"name\":\"Un neur\u00f3logo nos responde c\u00f3mo tratar la p\u00e9rdida de memoria post COVID &ndash; Latitud25\",\"isPartOf\":{\"@id\":\"https:\/\/enlatitud25.com\/news\/#website\"},\"datePublished\":\"2022-02-17T20:35:04+00:00\",\"dateModified\":\"2022-02-17T20:35:07+00:00\",\"description\":\"Mir\u00e1 nuestros reportajes audiovisuales y seguinos para enterarte de las \u00faltimas noticias de Paraguay y el mundo, desde la Latitud25. Somos Alternativa de Informaci\u00f3n.\",\"breadcrumb\":{\"@id\":\"https:\/\/enlatitud25.com\/news\/un-neurologo-nos-responde-como-tratar-la-perdida-de-memoria-post-covid\/#breadcrumb\"},\"inLanguage\":\"es\",\"potentialAction\":[{\"@type\":\"ReadAction\",\"target\":[\"https:\/\/enlatitud25.com\/news\/un-neurologo-nos-responde-como-tratar-la-perdida-de-memoria-post-covid\/\"]}]},{\"@type\":\"BreadcrumbList\",\"@id\":\"https:\/\/enlatitud25.com\/news\/un-neurologo-nos-responde-como-tratar-la-perdida-de-memoria-post-covid\/#breadcrumb\",\"itemListElement\":[{\"@type\":\"ListItem\",\"position\":1,\"name\":\"Home\",\"item\":\"https:\/\/enlatitud25.com\/news\/\"},{\"@type\":\"ListItem\",\"position\":2,\"name\":\"Un neur\u00f3logo nos responde c\u00f3mo tratar la p\u00e9rdida de memoria post COVID\"}]},{\"@type\":\"WebSite\",\"@id\":\"https:\/\/enlatitud25.com\/news\/#website\",\"url\":\"https:\/\/enlatitud25.com\/news\/\",\"name\":\"Latitud25\",\"description\":\"news\",\"publisher\":{\"@id\":\"https:\/\/enlatitud25.com\/news\/#organization\"},\"potentialAction\":[{\"@type\":\"SearchAction\",\"target\":{\"@type\":\"EntryPoint\",\"urlTemplate\":\"https:\/\/enlatitud25.com\/news\/?s={search_term_string}\"},\"query-input\":\"required name=search_term_string\"}],\"inLanguage\":\"es\"},{\"@type\":\"Organization\",\"@id\":\"https:\/\/enlatitud25.com\/news\/#organization\",\"name\":\"Latitud 25 - News\",\"url\":\"https:\/\/enlatitud25.com\/news\/\",\"logo\":{\"@type\":\"ImageObject\",\"inLanguage\":\"es\",\"@id\":\"https:\/\/enlatitud25.com\/news\/#\/schema\/logo\/image\/\",\"url\":\"https:\/\/enlatitud25.com\/news\/wp-content\/uploads\/2020\/11\/logo_latitud.png\",\"contentUrl\":\"https:\/\/enlatitud25.com\/news\/wp-content\/uploads\/2020\/11\/logo_latitud.png\",\"width\":235,\"height\":39,\"caption\":\"Latitud 25 - News\"},\"image\":{\"@id\":\"https:\/\/enlatitud25.com\/news\/#\/schema\/logo\/image\/\"},\"sameAs\":[\"https:\/\/www.facebook.com\/EnLatitud25\",\"https:\/\/twitter.com\/EnLatitud25\",\"https:\/\/www.instagram.com\/enlatitud25\/\",\"https:\/\/www.youtube.com\/user\/desdelatitud25\"]},{\"@type\":\"Person\",\"@id\":\"https:\/\/enlatitud25.com\/news\/#\/schema\/person\/23aafe968917005a721b8eb760f2586e\",\"name\":\"Latitud 25\",\"sameAs\":[\"https:\/\/enlatitud25.com\/news\",\"https:\/\/www.facebook.com\/EnLatitud25\",\"https:\/\/www.instagram.com\/enlatitud25\",\"https:\/\/www.youtube.com\/user\/desdelatitud25\",\"https:\/\/soundcloud.com\/enlatitud25\"],\"url\":\"https:\/\/enlatitud25.com\/news\/author\/nnews-uss00\/\"}]}<\/script>\n<!-- \/ Yoast SEO plugin. -->","yoast_head_json":{"title":"Un neur\u00f3logo nos responde c\u00f3mo tratar la p\u00e9rdida de memoria post COVID &ndash; Latitud25","description":"Mir\u00e1 nuestros reportajes audiovisuales y seguinos para enterarte de las \u00faltimas noticias de Paraguay y el mundo, desde la Latitud25. Somos Alternativa de Informaci\u00f3n.","robots":{"index":"index","follow":"follow","max-snippet":"max-snippet:-1","max-image-preview":"max-image-preview:large","max-video-preview":"max-video-preview:-1"},"canonical":"https:\/\/enlatitud25.com\/news\/un-neurologo-nos-responde-como-tratar-la-perdida-de-memoria-post-covid\/","og_locale":"es_ES","og_type":"article","og_title":"Un neur\u00f3logo nos responde c\u00f3mo tratar la p\u00e9rdida de memoria post COVID &ndash; Latitud25","og_description":"Mir\u00e1 nuestros reportajes audiovisuales y seguinos para enterarte de las \u00faltimas noticias de Paraguay y el mundo, desde la Latitud25. Somos Alternativa de Informaci\u00f3n.","og_url":"https:\/\/enlatitud25.com\/news\/un-neurologo-nos-responde-como-tratar-la-perdida-de-memoria-post-covid\/","og_site_name":"Latitud25","article_publisher":"https:\/\/www.facebook.com\/EnLatitud25","article_author":"https:\/\/www.facebook.com\/EnLatitud25","article_published_time":"2022-02-17T20:35:04+00:00","article_modified_time":"2022-02-17T20:35:07+00:00","og_image":[{"width":800,"height":500,"url":"https:\/\/enlatitud25.com\/news\/wp-content\/uploads\/2022\/02\/cerebro-covid.jpg","type":"image\/jpeg"}],"author":"Latitud 25","twitter_card":"summary_large_image","twitter_creator":"@EnLatitud25","twitter_site":"@EnLatitud25","twitter_misc":{"Escrito por":"Latitud 25","Tiempo de lectura":"7 minutos"},"schema":{"@context":"https:\/\/schema.org","@graph":[{"@type":"Article","@id":"https:\/\/enlatitud25.com\/news\/un-neurologo-nos-responde-como-tratar-la-perdida-de-memoria-post-covid\/#article","isPartOf":{"@id":"https:\/\/enlatitud25.com\/news\/un-neurologo-nos-responde-como-tratar-la-perdida-de-memoria-post-covid\/"},"author":{"name":"Latitud 25","@id":"https:\/\/enlatitud25.com\/news\/#\/schema\/person\/23aafe968917005a721b8eb760f2586e"},"headline":"Un neur\u00f3logo nos responde c\u00f3mo tratar la p\u00e9rdida de memoria post COVID","datePublished":"2022-02-17T20:35:04+00:00","dateModified":"2022-02-17T20:35:07+00:00","mainEntityOfPage":{"@id":"https:\/\/enlatitud25.com\/news\/un-neurologo-nos-responde-como-tratar-la-perdida-de-memoria-post-covid\/"},"wordCount":1443,"publisher":{"@id":"https:\/\/enlatitud25.com\/news\/#organization"},"keywords":["actividad f\u00edsica","da\u00f1os","neurol\u00f3gicos","pos covid","s\u00edntomas persistentes","suplementos","vitaminas"],"articleSection":["Salud"],"inLanguage":"es"},{"@type":"WebPage","@id":"https:\/\/enlatitud25.com\/news\/un-neurologo-nos-responde-como-tratar-la-perdida-de-memoria-post-covid\/","url":"https:\/\/enlatitud25.com\/news\/un-neurologo-nos-responde-como-tratar-la-perdida-de-memoria-post-covid\/","name":"Un neur\u00f3logo nos responde c\u00f3mo tratar la p\u00e9rdida de memoria post COVID &ndash; Latitud25","isPartOf":{"@id":"https:\/\/enlatitud25.com\/news\/#website"},"datePublished":"2022-02-17T20:35:04+00:00","dateModified":"2022-02-17T20:35:07+00:00","description":"Mir\u00e1 nuestros reportajes audiovisuales y seguinos para enterarte de las \u00faltimas noticias de Paraguay y el mundo, desde la Latitud25. Somos Alternativa de Informaci\u00f3n.","breadcrumb":{"@id":"https:\/\/enlatitud25.com\/news\/un-neurologo-nos-responde-como-tratar-la-perdida-de-memoria-post-covid\/#breadcrumb"},"inLanguage":"es","potentialAction":[{"@type":"ReadAction","target":["https:\/\/enlatitud25.com\/news\/un-neurologo-nos-responde-como-tratar-la-perdida-de-memoria-post-covid\/"]}]},{"@type":"BreadcrumbList","@id":"https:\/\/enlatitud25.com\/news\/un-neurologo-nos-responde-como-tratar-la-perdida-de-memoria-post-covid\/#breadcrumb","itemListElement":[{"@type":"ListItem","position":1,"name":"Home","item":"https:\/\/enlatitud25.com\/news\/"},{"@type":"ListItem","position":2,"name":"Un neur\u00f3logo nos responde c\u00f3mo tratar la p\u00e9rdida de memoria post COVID"}]},{"@type":"WebSite","@id":"https:\/\/enlatitud25.com\/news\/#website","url":"https:\/\/enlatitud25.com\/news\/","name":"Latitud25","description":"news","publisher":{"@id":"https:\/\/enlatitud25.com\/news\/#organization"},"potentialAction":[{"@type":"SearchAction","target":{"@type":"EntryPoint","urlTemplate":"https:\/\/enlatitud25.com\/news\/?s={search_term_string}"},"query-input":"required name=search_term_string"}],"inLanguage":"es"},{"@type":"Organization","@id":"https:\/\/enlatitud25.com\/news\/#organization","name":"Latitud 25 - News","url":"https:\/\/enlatitud25.com\/news\/","logo":{"@type":"ImageObject","inLanguage":"es","@id":"https:\/\/enlatitud25.com\/news\/#\/schema\/logo\/image\/","url":"https:\/\/enlatitud25.com\/news\/wp-content\/uploads\/2020\/11\/logo_latitud.png","contentUrl":"https:\/\/enlatitud25.com\/news\/wp-content\/uploads\/2020\/11\/logo_latitud.png","width":235,"height":39,"caption":"Latitud 25 - News"},"image":{"@id":"https:\/\/enlatitud25.com\/news\/#\/schema\/logo\/image\/"},"sameAs":["https:\/\/www.facebook.com\/EnLatitud25","https:\/\/twitter.com\/EnLatitud25","https:\/\/www.instagram.com\/enlatitud25\/","https:\/\/www.youtube.com\/user\/desdelatitud25"]},{"@type":"Person","@id":"https:\/\/enlatitud25.com\/news\/#\/schema\/person\/23aafe968917005a721b8eb760f2586e","name":"Latitud 25","sameAs":["https:\/\/enlatitud25.com\/news","https:\/\/www.facebook.com\/EnLatitud25","https:\/\/www.instagram.com\/enlatitud25","https:\/\/www.youtube.com\/user\/desdelatitud25","https:\/\/soundcloud.com\/enlatitud25"],"url":"https:\/\/enlatitud25.com\/news\/author\/nnews-uss00\/"}]}},"_links":{"self":[{"href":"https:\/\/enlatitud25.com\/news\/wp-json\/wp\/v2\/posts\/7042"}],"collection":[{"href":"https:\/\/enlatitud25.com\/news\/wp-json\/wp\/v2\/posts"}],"about":[{"href":"https:\/\/enlatitud25.com\/news\/wp-json\/wp\/v2\/types\/post"}],"author":[{"embeddable":true,"href":"https:\/\/enlatitud25.com\/news\/wp-json\/wp\/v2\/users\/1"}],"replies":[{"embeddable":true,"href":"https:\/\/enlatitud25.com\/news\/wp-json\/wp\/v2\/comments?post=7042"}],"version-history":[{"count":13,"href":"https:\/\/enlatitud25.com\/news\/wp-json\/wp\/v2\/posts\/7042\/revisions"}],"predecessor-version":[{"id":7064,"href":"https:\/\/enlatitud25.com\/news\/wp-json\/wp\/v2\/posts\/7042\/revisions\/7064"}],"wp:featuredmedia":[{"embeddable":true,"href":"https:\/\/enlatitud25.com\/news\/wp-json\/wp\/v2\/media\/7059"}],"wp:attachment":[{"href":"https:\/\/enlatitud25.com\/news\/wp-json\/wp\/v2\/media?parent=7042"}],"wp:term":[{"taxonomy":"category","embeddable":true,"href":"https:\/\/enlatitud25.com\/news\/wp-json\/wp\/v2\/categories?post=7042"},{"taxonomy":"post_tag","embeddable":true,"href":"https:\/\/enlatitud25.com\/news\/wp-json\/wp\/v2\/tags?post=7042"},{"taxonomy":"ubicacion","embeddable":true,"href":"https:\/\/enlatitud25.com\/news\/wp-json\/wp\/v2\/ubicacion?post=7042"}],"curies":[{"name":"wp","href":"https:\/\/api.w.org\/{rel}","templated":true}]}}