{"id":6916,"date":"2022-02-09T22:04:53","date_gmt":"2022-02-09T22:04:53","guid":{"rendered":"https:\/\/enlatitud25.com\/news\/?p=6916"},"modified":"2022-02-10T11:56:39","modified_gmt":"2022-02-10T11:56:39","slug":"joven-paraguayo-fue-parte-de-un-inedito-avance-para-personas-paraplejicas","status":"publish","type":"post","link":"https:\/\/enlatitud25.com\/news\/joven-paraguayo-fue-parte-de-un-inedito-avance-para-personas-paraplejicas\/","title":{"rendered":"Joven paraguayo fue parte de un in\u00e9dito avance para personas parapl\u00e9jicas"},"content":{"rendered":"\n<p>Recuperar la capacidad de andar o moverse es uno de los mayores anhelos entre quienes han sufrido una lesi\u00f3n medular y, en consecuencia, perdieron el control sobre el movimiento de sus extremidades. Hoy, los resultados de una investigaci\u00f3n realizada en Suiza y publicada en la <a rel=\"noreferrer noopener\" href=\"https:\/\/www.nature.com\/articles\/s41591-021-01663-5.epdf\" target=\"_blank\">Revista Nature Medicine<\/a> permiten avizorar este futuro con m\u00e1s esperanzas.<\/p>\n\n\n\n<p>El proyecto fue encabezado por Gr\u00e9goire Courtine (47), neurocient\u00edfico franc\u00e9s y profesor en la \u00c9cole Polytechnique F\u00e9d\u00e9rale de Lausanne (EPFL). El art\u00edculo cient\u00edfico que deriv\u00f3 de esta investigaci\u00f3n fue firmado por casi 70 autores de 26 instituciones distintas y, es una prueba del beneficio de compartir y transferir conocimiento con objetivo com\u00fan.<\/p>\n\n\n\n<p>En esta iniciativa se integraron los fundamentos de la neurobiolog\u00eda b\u00e1sica, la traslaci\u00f3n de modelos animales, la conceptualizaci\u00f3n de estrategias de las fisiolog\u00edas de sistemas y el desarrollo de dispositivos microelectr\u00f3nicos implantables; utilizando estrategias de inteligencia artificial (IA) con el poder necesario de la computaci\u00f3n para ofrecer sistemas de neuromodulaci\u00f3n capaces de aprender el patr\u00f3n \u00f3ptimo de estimulaci\u00f3n para cada persona, en cada uno de los escenarios requeridos.<\/p>\n\n\n\n<blockquote class=\"instagram-media\" data-instgrm-permalink=\"https:\/\/www.instagram.com\/p\/CZt9DOVrqzq\/?utm_source=ig_embed&amp;utm_campaign=loading\" data-instgrm-version=\"14\" style=\" background:#FFF; border:0; border-radius:3px; box-shadow:0 0 1px 0 rgba(0,0,0,0.5),0 1px 10px 0 rgba(0,0,0,0.15); margin: 1px; max-width:540px; min-width:326px; padding:0; width:99.375%; width:-webkit-calc(100% - 2px); width:calc(100% - 2px);\"><div style=\"padding:16px;\"> <a href=\"https:\/\/www.instagram.com\/p\/CZt9DOVrqzq\/?utm_source=ig_embed&amp;utm_campaign=loading\" style=\" background:#FFFFFF; line-height:0; padding:0 0; text-align:center; text-decoration:none; width:100%;\" target=\"_blank\" rel=\"noopener noreferrer\"> <div style=\" display: flex; flex-direction: row; align-items: center;\"> <div style=\"background-color: #F4F4F4; border-radius: 50%; flex-grow: 0; height: 40px; margin-right: 14px; width: 40px;\"><\/div> <div style=\"display: flex; flex-direction: column; flex-grow: 1; justify-content: center;\"> <div style=\" background-color: #F4F4F4; border-radius: 4px; flex-grow: 0; height: 14px; margin-bottom: 6px; width: 100px;\"><\/div> <div style=\" background-color: #F4F4F4; border-radius: 4px; flex-grow: 0; height: 14px; width: 60px;\"><\/div><\/div><\/div><div style=\"padding: 19% 0;\"><\/div> <div style=\"display:block; height:50px; margin:0 auto 12px; width:50px;\"><svg width=\"50px\" height=\"50px\" viewBox=\"0 0 60 60\" version=\"1.1\" xmlns=\"https:\/\/www.w3.org\/2000\/svg\" xmlns:xlink=\"https:\/\/www.w3.org\/1999\/xlink\"><g stroke=\"none\" stroke-width=\"1\" fill=\"none\" fill-rule=\"evenodd\"><g transform=\"translate(-511.000000, -20.000000)\" fill=\"#000000\"><g><path d=\"M556.869,30.41 C554.814,30.41 553.148,32.076 553.148,34.131 C553.148,36.186 554.814,37.852 556.869,37.852 C558.924,37.852 560.59,36.186 560.59,34.131 C560.59,32.076 558.924,30.41 556.869,30.41 M541,60.657 C535.114,60.657 530.342,55.887 530.342,50 C530.342,44.114 535.114,39.342 541,39.342 C546.887,39.342 551.658,44.114 551.658,50 C551.658,55.887 546.887,60.657 541,60.657 M541,33.886 C532.1,33.886 524.886,41.1 524.886,50 C524.886,58.899 532.1,66.113 541,66.113 C549.9,66.113 557.115,58.899 557.115,50 C557.115,41.1 549.9,33.886 541,33.886 M565.378,62.101 C565.244,65.022 564.756,66.606 564.346,67.663 C563.803,69.06 563.154,70.057 562.106,71.106 C561.058,72.155 560.06,72.803 558.662,73.347 C557.607,73.757 556.021,74.244 553.102,74.378 C549.944,74.521 548.997,74.552 541,74.552 C533.003,74.552 532.056,74.521 528.898,74.378 C525.979,74.244 524.393,73.757 523.338,73.347 C521.94,72.803 520.942,72.155 519.894,71.106 C518.846,70.057 518.197,69.06 517.654,67.663 C517.244,66.606 516.755,65.022 516.623,62.101 C516.479,58.943 516.448,57.996 516.448,50 C516.448,42.003 516.479,41.056 516.623,37.899 C516.755,34.978 517.244,33.391 517.654,32.338 C518.197,30.938 518.846,29.942 519.894,28.894 C520.942,27.846 521.94,27.196 523.338,26.654 C524.393,26.244 525.979,25.756 528.898,25.623 C532.057,25.479 533.004,25.448 541,25.448 C548.997,25.448 549.943,25.479 553.102,25.623 C556.021,25.756 557.607,26.244 558.662,26.654 C560.06,27.196 561.058,27.846 562.106,28.894 C563.154,29.942 563.803,30.938 564.346,32.338 C564.756,33.391 565.244,34.978 565.378,37.899 C565.522,41.056 565.552,42.003 565.552,50 C565.552,57.996 565.522,58.943 565.378,62.101 M570.82,37.631 C570.674,34.438 570.167,32.258 569.425,30.349 C568.659,28.377 567.633,26.702 565.965,25.035 C564.297,23.368 562.623,22.342 560.652,21.575 C558.743,20.834 556.562,20.326 553.369,20.18 C550.169,20.033 549.148,20 541,20 C532.853,20 531.831,20.033 528.631,20.18 C525.438,20.326 523.257,20.834 521.349,21.575 C519.376,22.342 517.703,23.368 516.035,25.035 C514.368,26.702 513.342,28.377 512.574,30.349 C511.834,32.258 511.326,34.438 511.181,37.631 C511.035,40.831 511,41.851 511,50 C511,58.147 511.035,59.17 511.181,62.369 C511.326,65.562 511.834,67.743 512.574,69.651 C513.342,71.625 514.368,73.296 516.035,74.965 C517.703,76.634 519.376,77.658 521.349,78.425 C523.257,79.167 525.438,79.673 528.631,79.82 C531.831,79.965 532.853,80.001 541,80.001 C549.148,80.001 550.169,79.965 553.369,79.82 C556.562,79.673 558.743,79.167 560.652,78.425 C562.623,77.658 564.297,76.634 565.965,74.965 C567.633,73.296 568.659,71.625 569.425,69.651 C570.167,67.743 570.674,65.562 570.82,62.369 C570.966,59.17 571,58.147 571,50 C571,41.851 570.966,40.831 570.82,37.631\"><\/path><\/g><\/g><\/g><\/svg><\/div><div style=\"padding-top: 8px;\"> <div style=\" color:#3897f0; font-family:Arial,sans-serif; font-size:14px; font-style:normal; font-weight:550; line-height:18px;\">Ver esta publicaci\u00f3n en Instagram<\/div><\/div><div style=\"padding: 12.5% 0;\"><\/div> <div style=\"display: flex; flex-direction: row; margin-bottom: 14px; align-items: center;\"><div> <div style=\"background-color: #F4F4F4; border-radius: 50%; height: 12.5px; width: 12.5px; transform: translateX(0px) translateY(7px);\"><\/div> <div style=\"background-color: #F4F4F4; height: 12.5px; transform: rotate(-45deg) translateX(3px) translateY(1px); width: 12.5px; flex-grow: 0; margin-right: 14px; margin-left: 2px;\"><\/div> <div style=\"background-color: #F4F4F4; border-radius: 50%; height: 12.5px; width: 12.5px; transform: translateX(9px) translateY(-18px);\"><\/div><\/div><div style=\"margin-left: 8px;\"> <div style=\" background-color: #F4F4F4; border-radius: 50%; flex-grow: 0; height: 20px; width: 20px;\"><\/div> <div style=\" width: 0; height: 0; border-top: 2px solid transparent; border-left: 6px solid #f4f4f4; border-bottom: 2px solid transparent; transform: translateX(16px) translateY(-4px) rotate(30deg)\"><\/div><\/div><div style=\"margin-left: auto;\"> <div style=\" width: 0px; border-top: 8px solid #F4F4F4; border-right: 8px solid transparent; transform: translateY(16px);\"><\/div> <div style=\" background-color: #F4F4F4; flex-grow: 0; height: 12px; width: 16px; transform: translateY(-4px);\"><\/div> <div style=\" width: 0; height: 0; border-top: 8px solid #F4F4F4; border-left: 8px solid transparent; transform: translateY(-4px) translateX(8px);\"><\/div><\/div><\/div> <div style=\"display: flex; flex-direction: column; flex-grow: 1; justify-content: center; margin-bottom: 24px;\"> <div style=\" background-color: #F4F4F4; border-radius: 4px; flex-grow: 0; height: 14px; margin-bottom: 6px; width: 224px;\"><\/div> <div style=\" background-color: #F4F4F4; border-radius: 4px; flex-grow: 0; height: 14px; width: 144px;\"><\/div><\/div><\/a><p style=\" color:#c9c8cd; font-family:Arial,sans-serif; font-size:14px; line-height:17px; margin-bottom:0; margin-top:8px; overflow:hidden; padding:8px 0 7px; text-align:center; text-overflow:ellipsis; white-space:nowrap;\"><a href=\"https:\/\/www.instagram.com\/p\/CZt9DOVrqzq\/?utm_source=ig_embed&amp;utm_campaign=loading\" style=\" color:#c9c8cd; font-family:Arial,sans-serif; font-size:14px; font-style:normal; font-weight:normal; line-height:17px; text-decoration:none;\" target=\"_blank\" rel=\"noopener noreferrer\">Una publicaci\u00f3n compartida por LATITUD 25 (@enlatitud25)<\/a><\/p><\/div><\/blockquote> <script async=\"\" src=\"\/\/www.instagram.com\/embed.js\"><\/script>\n\n\n\n<p>A lo largo de esta investigaci\u00f3n, que abre un nuevo horizonte en el campo de la rehabilitaci\u00f3n de personas que han sufrido lesiones con da\u00f1os irreversibles, un especialista paraguayo tuvo un papel preponderante en este importante episodio cient\u00edfico.<\/p>\n\n\n\n<p style=\"font-size:22px\"><strong>Los roles por equipos<\/strong><\/p>\n\n\n\n<p>Hazael Montanaro\u00a0es m\u00e1ster en Neuroinform\u00e1tica y doctor en Ingenier\u00eda Biom\u00e9dica. En entrevista exclusiva con Latitud 25 desde Z\u00farich, Suiza, cont\u00f3 que el equipo de Courtine se acerc\u00f3 a ellos.<\/p>\n\n\n\n<p>El joven compatriota realiz\u00f3 su doctorado en la Escuela Polit\u00e9cnica Federal de Z\u00farich (ETH) y tambi\u00e9n dentro de la Fundaci\u00f3n para la Investigaci\u00f3n de las Tecnolog\u00edas de la Informaci\u00f3n en la Sociedad (IT&#8217;IS) del mismo pa\u00eds.<\/p>\n\n\n\n<p>En ese contexto, Hazael&nbsp;explic\u00f3 que ellos (ETH \/ IT&#8217;IS) desarrollaron un software de simulaci\u00f3n, con la capacidad de imitar campos electromagn\u00e9ticos en pacientes y poblaciones virtuales.<\/p>\n\n\n\n<p>\u00abTenemos modelos tridimensionales del cuerpo humano donde se pueden ver todos los tejidos. Adem\u00e1s, contamos con la posibilidad de generar estos modelos tridimensionales a base de tomograf\u00edas o de resonancias magn\u00e9ticas. Tambi\u00e9n podemos hacerlo de manera bastante realista y existe la posibilidad de simular las neuronas, cu\u00e1les se activan y cu\u00e1les no\u00bb.<\/p>\n\n\n\n<p>Por eso, coment\u00f3 que el grupo de Courtine se acerc\u00f3 a su grupo de trabajo (ETH \/ IT&#8217;IS) para colaborar y tener mayor efectividad. \u00abY bueno, as\u00ed fue cuando me involucr\u00e9\u00bb, indic\u00f3.<\/p>\n\n\n\n<figure class=\"wp-block-image size-large\"><img decoding=\"async\" loading=\"lazy\" width=\"1024\" height=\"768\" src=\"https:\/\/enlatitud25.com\/news\/wp-content\/uploads\/2022\/02\/WhatsApp-Image-2022-02-09-at-15.44.57-1024x768.jpeg\" alt=\"\" class=\"wp-image-6944\" srcset=\"https:\/\/enlatitud25.com\/news\/wp-content\/uploads\/2022\/02\/WhatsApp-Image-2022-02-09-at-15.44.57-1024x768.jpeg 1024w, https:\/\/enlatitud25.com\/news\/wp-content\/uploads\/2022\/02\/WhatsApp-Image-2022-02-09-at-15.44.57-300x225.jpeg 300w, https:\/\/enlatitud25.com\/news\/wp-content\/uploads\/2022\/02\/WhatsApp-Image-2022-02-09-at-15.44.57-768x576.jpeg 768w, https:\/\/enlatitud25.com\/news\/wp-content\/uploads\/2022\/02\/WhatsApp-Image-2022-02-09-at-15.44.57-1536x1152.jpeg 1536w, https:\/\/enlatitud25.com\/news\/wp-content\/uploads\/2022\/02\/WhatsApp-Image-2022-02-09-at-15.44.57-200x150.jpeg 200w, https:\/\/enlatitud25.com\/news\/wp-content\/uploads\/2022\/02\/WhatsApp-Image-2022-02-09-at-15.44.57-260x195.jpeg 260w, https:\/\/enlatitud25.com\/news\/wp-content\/uploads\/2022\/02\/WhatsApp-Image-2022-02-09-at-15.44.57-380x285.jpeg 380w, https:\/\/enlatitud25.com\/news\/wp-content\/uploads\/2022\/02\/WhatsApp-Image-2022-02-09-at-15.44.57-800x600.jpeg 800w, https:\/\/enlatitud25.com\/news\/wp-content\/uploads\/2022\/02\/WhatsApp-Image-2022-02-09-at-15.44.57-1160x870.jpeg 1160w, https:\/\/enlatitud25.com\/news\/wp-content\/uploads\/2022\/02\/WhatsApp-Image-2022-02-09-at-15.44.57.jpeg 2048w\" sizes=\"(max-width: 1024px) 100vw, 1024px\" \/><figcaption>Hazael Montanaro (34) participando en una conferencia sobre Neurosimulaci\u00f3n. Gentileza.<\/figcaption><\/figure>\n\n\n\n<p style=\"font-size:22px\"><strong>La relevancia de los simuladores<\/strong><\/p>\n\n\n\n<p>Hazael&nbsp;se\u00f1al\u00f3 que hay mucha variabilidad con respecto a la espina dorsal.<\/p>\n\n\n\n<p>\u00abLa locomoci\u00f3n humana es algo extremadamente complejo. Depende de las caracter\u00edsticas de la persona, estatura, peso, lesi\u00f3n, etc. Ten\u00e9s que tener un plan personalizado seg\u00fan el paciente\u00bb, coment\u00f3 el especialista.<\/p>\n\n\n\n<p>As\u00ed, se\u00f1al\u00f3 que para hacer terapias personalizadas normalmente se utilizan modelos computacionales. Relat\u00f3 que se le hace una resonancia magn\u00e9tica al paciente y queda un modelo tridimensional de su persona.<\/p>\n\n\n\n<p>\u00abAh\u00ed uno sabe cu\u00e1nta corriente va a inyectar a cada parte y puede tambi\u00e9n simular la interacci\u00f3n de la corriente con el cuerpo humano\u00bb, acot\u00f3.<\/p>\n\n\n\n<p>Agreg\u00f3 que en (ETH \/ IT&#8217;IS) usan bastante las simulaciones, como las del campo electromagn\u00e9tico -que crean las corrientes- y tambi\u00e9n de las neuronas mismas, para definir cu\u00e1les son las que se van a activar y si se enviar\u00e1 una se\u00f1al en diferentes lugares.<\/p>\n\n\n\n<figure class=\"wp-block-image size-large\"><img decoding=\"async\" loading=\"lazy\" width=\"1024\" height=\"707\" src=\"https:\/\/enlatitud25.com\/news\/wp-content\/uploads\/2022\/02\/WhatsApp-Image-2022-02-09-at-18.44.01-1024x707.jpeg\" alt=\"\" class=\"wp-image-6958\" srcset=\"https:\/\/enlatitud25.com\/news\/wp-content\/uploads\/2022\/02\/WhatsApp-Image-2022-02-09-at-18.44.01-1024x707.jpeg 1024w, https:\/\/enlatitud25.com\/news\/wp-content\/uploads\/2022\/02\/WhatsApp-Image-2022-02-09-at-18.44.01-300x207.jpeg 300w, https:\/\/enlatitud25.com\/news\/wp-content\/uploads\/2022\/02\/WhatsApp-Image-2022-02-09-at-18.44.01-768x531.jpeg 768w, https:\/\/enlatitud25.com\/news\/wp-content\/uploads\/2022\/02\/WhatsApp-Image-2022-02-09-at-18.44.01-380x263.jpeg 380w, https:\/\/enlatitud25.com\/news\/wp-content\/uploads\/2022\/02\/WhatsApp-Image-2022-02-09-at-18.44.01-800x553.jpeg 800w, https:\/\/enlatitud25.com\/news\/wp-content\/uploads\/2022\/02\/WhatsApp-Image-2022-02-09-at-18.44.01-1160x801.jpeg 1160w, https:\/\/enlatitud25.com\/news\/wp-content\/uploads\/2022\/02\/WhatsApp-Image-2022-02-09-at-18.44.01.jpeg 1242w\" sizes=\"(max-width: 1024px) 100vw, 1024px\" \/><figcaption>Michel Roccati es uno de los pacientes involucrados, con paraplej\u00eda total tras un accidente de moto hace 4 a\u00f1os.<\/figcaption><\/figure>\n\n\n\n<p>\u00abLo que queremos hacer es reclutar diferentes neuronas en diferentes partes de la espina dorsal, en diferentes tiempos. Para eso se utilizan mucho el tema de las simulaciones. Es mucho m\u00e1s f\u00e1cil probar en un ambiente virtual antes que andar probando sin saber exactamente qu\u00e9 est\u00e1s haciendo con un paciente. As\u00ed es como funciona\u00bb, ejemplific\u00f3.<\/p>\n\n\n\n<p>Adicionalmente coment\u00f3 que los electrodos originalmente fueron utilizados para fines paliativos, de la gente con dolores cr\u00f3nicos, porque se sabe que estimulando diferentes partes de la espina dorsal, con electricidad, se ayuda a paliar los dolores. \u00abAhora est\u00e1n utilizando eso para intentar revertir la par\u00e1lisis\u00bb, explic\u00f3.<\/p>\n\n\n\n<p style=\"font-size:22px\"><strong>\u00bfC\u00f3mo funciona el sistema alcanzado?<\/strong><strong><\/strong><\/p>\n\n\n\n<p>Se mandan corrientes el\u00e9ctricas a la espina dorsal para generar movimientos complejos. La se\u00f1al se env\u00eda de diferentes maneras, estimulando partes puntuales en tiempos precisos.<\/p>\n\n\n\n<p>Hazael refiri\u00f3 que la par\u00e1lisis que se est\u00e1 tratando es una par\u00e1lisis muy especial.<\/p>\n\n\n\n<p>\u00abSe trata de la par\u00e1lisis que se da a consecuencia de un corte en cierta parte de la espina dorsal. El cerebro quiere mandar la informaci\u00f3n a la pierna para el movimiento, pero como hay un corte, la se\u00f1al no llega, aunque todos los circuitos neuronales por arriba y por debajo del corte funcionen\u00bb, grafic\u00f3.<\/p>\n\n\n\n<p>Al mismo tiempo cont\u00f3 que es por eso que estos electrodos se colocan debajo del corte, para intentar \u00abreclutar\u00bb las neuronas involucradas con la locomoci\u00f3n, utilizando 16 electrodos que mandan se\u00f1ales el\u00e9ctricas de una manera muy precisa.<\/p>\n\n\n\n<p>\u00abY as\u00ed se logra que estas personas, que no pueden hacer ninguna clase de movimiento, puedan volver a moverse a trav\u00e9s de la estimulaci\u00f3n\u00bb, agreg\u00f3.<\/p>\n\n\n\n<figure class=\"wp-block-image size-large\"><img decoding=\"async\" loading=\"lazy\" width=\"1024\" height=\"609\" src=\"https:\/\/enlatitud25.com\/news\/wp-content\/uploads\/2022\/02\/WhatsApp-Image-2022-02-09-at-18.44.02-1024x609.jpeg\" alt=\"\" class=\"wp-image-6959\" srcset=\"https:\/\/enlatitud25.com\/news\/wp-content\/uploads\/2022\/02\/WhatsApp-Image-2022-02-09-at-18.44.02-1024x609.jpeg 1024w, https:\/\/enlatitud25.com\/news\/wp-content\/uploads\/2022\/02\/WhatsApp-Image-2022-02-09-at-18.44.02-300x179.jpeg 300w, https:\/\/enlatitud25.com\/news\/wp-content\/uploads\/2022\/02\/WhatsApp-Image-2022-02-09-at-18.44.02-768x457.jpeg 768w, https:\/\/enlatitud25.com\/news\/wp-content\/uploads\/2022\/02\/WhatsApp-Image-2022-02-09-at-18.44.02-380x226.jpeg 380w, https:\/\/enlatitud25.com\/news\/wp-content\/uploads\/2022\/02\/WhatsApp-Image-2022-02-09-at-18.44.02-800x476.jpeg 800w, https:\/\/enlatitud25.com\/news\/wp-content\/uploads\/2022\/02\/WhatsApp-Image-2022-02-09-at-18.44.02-1160x690.jpeg 1160w, https:\/\/enlatitud25.com\/news\/wp-content\/uploads\/2022\/02\/WhatsApp-Image-2022-02-09-at-18.44.02.jpeg 1242w\" sizes=\"(max-width: 1024px) 100vw, 1024px\" \/><figcaption>\u00abEstablec\u00ed mis metas. Incluso puedo subir y bajar escaleras. Creo que podr\u00e9 cruzar 1 km\u00bb, mencion\u00f3 Roccati.<\/figcaption><\/figure>\n\n\n\n<p style=\"font-size:22px\"><strong>Los avances significativos<\/strong><\/p>\n\n\n\n<p>Hazael destac\u00f3 los modelos computacionales que crearon, con su equipo (ETH \/ IT&#8217;IS), y se utilizaron para dise\u00f1ar el electrodo que se implant\u00f3 dentro de la espina dorsal de los pacientes.<\/p>\n\n\n\n<p>\u00abAyudamos a definir de qu\u00e9 tama\u00f1o hacerlo, c\u00f3mo configurar el grupo de 16 electrodos; c\u00f3mo activarlo, en qu\u00e9 parte y en qu\u00e9 momentos y luego tambi\u00e9n poder definir d\u00f3nde es el mejor lugar para colocar este implante. Todo eso se hizo con las simulaciones. Eso fue en cuanto a lo que a m\u00ed y a mi grupo nos concierne. Lo nuestro fue ayudar con el modelo computacional\u00bb, refiri\u00f3.<\/p>\n\n\n\n<p>Adem\u00e1s, valor\u00f3 que lo novedoso de esto es el software que se desarroll\u00f3, que logr\u00f3 que -en un d\u00eda- las personas puedan empezar a utilizarlo y mover las piernas con la estimulaci\u00f3n el\u00e9ctrica.<\/p>\n\n\n\n<p>\u00abOtra cosa que ocurri\u00f3 es que, luego de unos meses de fisioterapia, los pacientes lograron mover m\u00fasculos independientemente. No te digo caminar, pero da esperanza con mayor trabajo y tiempo para recuperar cierta clase de movimiento voluntario, independientemente del implante que estimule las neuronas que cause la locomoci\u00f3n\u00bb, coment\u00f3.<\/p>\n\n\n\n<p>El joven compatriota indic\u00f3 que seguir\u00e1n los an\u00e1lisis de los resultados alcanzados y que todo es producto de una colaboraci\u00f3n bastante grande entre varios grupos; como el hospital en s\u00ed, que trabaja con los pacientes; el grupo de Courtine y otros m\u00e1s.<\/p>\n\n\n\n<figure class=\"wp-block-image size-large\"><img decoding=\"async\" loading=\"lazy\" width=\"1024\" height=\"716\" src=\"https:\/\/enlatitud25.com\/news\/wp-content\/uploads\/2022\/02\/WhatsApp-Image-2022-02-09-at-18.44.02-1-1024x716.jpeg\" alt=\"\" class=\"wp-image-6960\" srcset=\"https:\/\/enlatitud25.com\/news\/wp-content\/uploads\/2022\/02\/WhatsApp-Image-2022-02-09-at-18.44.02-1-1024x716.jpeg 1024w, https:\/\/enlatitud25.com\/news\/wp-content\/uploads\/2022\/02\/WhatsApp-Image-2022-02-09-at-18.44.02-1-300x210.jpeg 300w, https:\/\/enlatitud25.com\/news\/wp-content\/uploads\/2022\/02\/WhatsApp-Image-2022-02-09-at-18.44.02-1-768x537.jpeg 768w, https:\/\/enlatitud25.com\/news\/wp-content\/uploads\/2022\/02\/WhatsApp-Image-2022-02-09-at-18.44.02-1-380x266.jpeg 380w, https:\/\/enlatitud25.com\/news\/wp-content\/uploads\/2022\/02\/WhatsApp-Image-2022-02-09-at-18.44.02-1-800x560.jpeg 800w, https:\/\/enlatitud25.com\/news\/wp-content\/uploads\/2022\/02\/WhatsApp-Image-2022-02-09-at-18.44.02-1-1160x812.jpeg 1160w, https:\/\/enlatitud25.com\/news\/wp-content\/uploads\/2022\/02\/WhatsApp-Image-2022-02-09-at-18.44.02-1.jpeg 1242w\" sizes=\"(max-width: 1024px) 100vw, 1024px\" \/><figcaption>Parte de los ensayos m\u00e9dicos que realizaron con Michel Roccatti en las calles de Zurich en el sesteo de los electrodos.<\/figcaption><\/figure>\n\n\n\n<p style=\"font-size:22px\"><strong>El siguiente paso<\/strong><\/p>\n\n\n\n<p>Sobre lo que se viene, Hazael indic\u00f3 que maneja solo lo que publica la prensa internacional. Pero supone que lo siguiente ser\u00eda expandirlo a un grupo m\u00e1s amplio.<\/p>\n\n\n\n<p>\u00abLo lindo de todo esto es que creamos una infraestructura para crear un tratamiento personalizado al paciente, algo que se podr\u00eda expandir con todo el trabajo que se hizo y as\u00ed llegar a m\u00e1s personas\u00bb, concluy\u00f3.<\/p>\n","protected":false},"excerpt":{"rendered":"La humanidad fue testigo de un hito m\u00e9dico sin precedentes. La noticia sobre tres personas con paraplej\u00eda -inmovilizados de la cintura para abajo- que recuperaron la movilidad de miembros inferiores mediante el implante de 16 electrodos en su m\u00e9dula espinal, emocion\u00f3 al mundo entero. Hazael Montanaro (34) es un paraguayo que form\u00f3 parte de uno de los equipos t\u00e9cnicos que posibilit\u00f3 este avance in\u00e9dito para la salud de personas que perdieron movilidad.\n","protected":false},"author":1,"featured_media":6924,"comment_status":"closed","ping_status":"closed","sticky":false,"template":"","format":"standard","meta":[],"categories":[20],"tags":[47,867,35,869,868],"ubicacion":[17],"yoast_head":"<!-- This site is optimized with the Yoast SEO plugin v20.8 - https:\/\/yoast.com\/wordpress\/plugins\/seo\/ -->\n<title>Joven paraguayo fue parte de un in\u00e9dito avance para personas parapl\u00e9jicas &ndash; Latitud25<\/title>\n<meta name=\"description\" content=\"Mir\u00e1 nuestros reportajes audiovisuales y seguinos para enterarte de las \u00faltimas noticias de Paraguay y el mundo, desde la Latitud25. Somos Alternativa de Informaci\u00f3n.\" \/>\n<meta name=\"robots\" content=\"index, follow, max-snippet:-1, max-image-preview:large, max-video-preview:-1\" \/>\n<link rel=\"canonical\" href=\"https:\/\/enlatitud25.com\/news\/joven-paraguayo-fue-parte-de-un-inedito-avance-para-personas-paraplejicas\/\" \/>\n<meta property=\"og:locale\" content=\"es_ES\" \/>\n<meta property=\"og:type\" content=\"article\" \/>\n<meta property=\"og:title\" content=\"Joven paraguayo fue parte de un in\u00e9dito avance para personas parapl\u00e9jicas &ndash; Latitud25\" \/>\n<meta property=\"og:description\" content=\"Mir\u00e1 nuestros reportajes audiovisuales y seguinos para enterarte de las \u00faltimas noticias de Paraguay y el mundo, desde la Latitud25. Somos Alternativa de Informaci\u00f3n.\" \/>\n<meta property=\"og:url\" content=\"https:\/\/enlatitud25.com\/news\/joven-paraguayo-fue-parte-de-un-inedito-avance-para-personas-paraplejicas\/\" \/>\n<meta property=\"og:site_name\" content=\"Latitud25\" \/>\n<meta property=\"article:publisher\" content=\"https:\/\/www.facebook.com\/EnLatitud25\" \/>\n<meta property=\"article:author\" content=\"https:\/\/www.facebook.com\/EnLatitud25\" \/>\n<meta property=\"article:published_time\" content=\"2022-02-09T22:04:53+00:00\" \/>\n<meta property=\"article:modified_time\" content=\"2022-02-10T11:56:39+00:00\" \/>\n<meta property=\"og:image\" content=\"https:\/\/enlatitud25.com\/news\/wp-content\/uploads\/2022\/02\/neurociencia_medula.jpg\" \/>\n\t<meta property=\"og:image:width\" content=\"800\" \/>\n\t<meta property=\"og:image:height\" content=\"500\" \/>\n\t<meta property=\"og:image:type\" content=\"image\/jpeg\" \/>\n<meta name=\"author\" content=\"Latitud 25\" \/>\n<meta name=\"twitter:card\" content=\"summary_large_image\" \/>\n<meta name=\"twitter:creator\" content=\"@EnLatitud25\" \/>\n<meta name=\"twitter:site\" content=\"@EnLatitud25\" \/>\n<meta name=\"twitter:label1\" content=\"Escrito por\" \/>\n\t<meta name=\"twitter:data1\" content=\"Latitud 25\" \/>\n\t<meta name=\"twitter:label2\" content=\"Tiempo de lectura\" \/>\n\t<meta name=\"twitter:data2\" content=\"6 minutos\" \/>\n<script type=\"application\/ld+json\" class=\"yoast-schema-graph\">{\"@context\":\"https:\/\/schema.org\",\"@graph\":[{\"@type\":\"Article\",\"@id\":\"https:\/\/enlatitud25.com\/news\/joven-paraguayo-fue-parte-de-un-inedito-avance-para-personas-paraplejicas\/#article\",\"isPartOf\":{\"@id\":\"https:\/\/enlatitud25.com\/news\/joven-paraguayo-fue-parte-de-un-inedito-avance-para-personas-paraplejicas\/\"},\"author\":{\"name\":\"Latitud 25\",\"@id\":\"https:\/\/enlatitud25.com\/news\/#\/schema\/person\/23aafe968917005a721b8eb760f2586e\"},\"headline\":\"Joven paraguayo fue parte de un in\u00e9dito avance para personas parapl\u00e9jicas\",\"datePublished\":\"2022-02-09T22:04:53+00:00\",\"dateModified\":\"2022-02-10T11:56:39+00:00\",\"mainEntityOfPage\":{\"@id\":\"https:\/\/enlatitud25.com\/news\/joven-paraguayo-fue-parte-de-un-inedito-avance-para-personas-paraplejicas\/\"},\"wordCount\":1283,\"publisher\":{\"@id\":\"https:\/\/enlatitud25.com\/news\/#organization\"},\"keywords\":[\"ciencia\",\"Hazael Montanaro\",\"Salud\",\"Suiza\",\"Tecnolog\u00eda\"],\"articleSection\":[\"Salud\"],\"inLanguage\":\"es\"},{\"@type\":\"WebPage\",\"@id\":\"https:\/\/enlatitud25.com\/news\/joven-paraguayo-fue-parte-de-un-inedito-avance-para-personas-paraplejicas\/\",\"url\":\"https:\/\/enlatitud25.com\/news\/joven-paraguayo-fue-parte-de-un-inedito-avance-para-personas-paraplejicas\/\",\"name\":\"Joven paraguayo fue parte de un in\u00e9dito avance para personas parapl\u00e9jicas &ndash; Latitud25\",\"isPartOf\":{\"@id\":\"https:\/\/enlatitud25.com\/news\/#website\"},\"datePublished\":\"2022-02-09T22:04:53+00:00\",\"dateModified\":\"2022-02-10T11:56:39+00:00\",\"description\":\"Mir\u00e1 nuestros reportajes audiovisuales y seguinos para enterarte de las \u00faltimas noticias de Paraguay y el mundo, desde la Latitud25. Somos Alternativa de Informaci\u00f3n.\",\"breadcrumb\":{\"@id\":\"https:\/\/enlatitud25.com\/news\/joven-paraguayo-fue-parte-de-un-inedito-avance-para-personas-paraplejicas\/#breadcrumb\"},\"inLanguage\":\"es\",\"potentialAction\":[{\"@type\":\"ReadAction\",\"target\":[\"https:\/\/enlatitud25.com\/news\/joven-paraguayo-fue-parte-de-un-inedito-avance-para-personas-paraplejicas\/\"]}]},{\"@type\":\"BreadcrumbList\",\"@id\":\"https:\/\/enlatitud25.com\/news\/joven-paraguayo-fue-parte-de-un-inedito-avance-para-personas-paraplejicas\/#breadcrumb\",\"itemListElement\":[{\"@type\":\"ListItem\",\"position\":1,\"name\":\"Home\",\"item\":\"https:\/\/enlatitud25.com\/news\/\"},{\"@type\":\"ListItem\",\"position\":2,\"name\":\"Joven paraguayo fue parte de un in\u00e9dito avance para personas parapl\u00e9jicas\"}]},{\"@type\":\"WebSite\",\"@id\":\"https:\/\/enlatitud25.com\/news\/#website\",\"url\":\"https:\/\/enlatitud25.com\/news\/\",\"name\":\"Latitud25\",\"description\":\"news\",\"publisher\":{\"@id\":\"https:\/\/enlatitud25.com\/news\/#organization\"},\"potentialAction\":[{\"@type\":\"SearchAction\",\"target\":{\"@type\":\"EntryPoint\",\"urlTemplate\":\"https:\/\/enlatitud25.com\/news\/?s={search_term_string}\"},\"query-input\":\"required name=search_term_string\"}],\"inLanguage\":\"es\"},{\"@type\":\"Organization\",\"@id\":\"https:\/\/enlatitud25.com\/news\/#organization\",\"name\":\"Latitud 25 - News\",\"url\":\"https:\/\/enlatitud25.com\/news\/\",\"logo\":{\"@type\":\"ImageObject\",\"inLanguage\":\"es\",\"@id\":\"https:\/\/enlatitud25.com\/news\/#\/schema\/logo\/image\/\",\"url\":\"https:\/\/enlatitud25.com\/news\/wp-content\/uploads\/2020\/11\/logo_latitud.png\",\"contentUrl\":\"https:\/\/enlatitud25.com\/news\/wp-content\/uploads\/2020\/11\/logo_latitud.png\",\"width\":235,\"height\":39,\"caption\":\"Latitud 25 - News\"},\"image\":{\"@id\":\"https:\/\/enlatitud25.com\/news\/#\/schema\/logo\/image\/\"},\"sameAs\":[\"https:\/\/www.facebook.com\/EnLatitud25\",\"https:\/\/twitter.com\/EnLatitud25\",\"https:\/\/www.instagram.com\/enlatitud25\/\",\"https:\/\/www.youtube.com\/user\/desdelatitud25\"]},{\"@type\":\"Person\",\"@id\":\"https:\/\/enlatitud25.com\/news\/#\/schema\/person\/23aafe968917005a721b8eb760f2586e\",\"name\":\"Latitud 25\",\"sameAs\":[\"https:\/\/enlatitud25.com\/news\",\"https:\/\/www.facebook.com\/EnLatitud25\",\"https:\/\/www.instagram.com\/enlatitud25\",\"https:\/\/www.youtube.com\/user\/desdelatitud25\",\"https:\/\/soundcloud.com\/enlatitud25\"],\"url\":\"https:\/\/enlatitud25.com\/news\/author\/nnews-uss00\/\"}]}<\/script>\n<!-- \/ Yoast SEO plugin. -->","yoast_head_json":{"title":"Joven paraguayo fue parte de un in\u00e9dito avance para personas parapl\u00e9jicas &ndash; Latitud25","description":"Mir\u00e1 nuestros reportajes audiovisuales y seguinos para enterarte de las \u00faltimas noticias de Paraguay y el mundo, desde la Latitud25. Somos Alternativa de Informaci\u00f3n.","robots":{"index":"index","follow":"follow","max-snippet":"max-snippet:-1","max-image-preview":"max-image-preview:large","max-video-preview":"max-video-preview:-1"},"canonical":"https:\/\/enlatitud25.com\/news\/joven-paraguayo-fue-parte-de-un-inedito-avance-para-personas-paraplejicas\/","og_locale":"es_ES","og_type":"article","og_title":"Joven paraguayo fue parte de un in\u00e9dito avance para personas parapl\u00e9jicas &ndash; Latitud25","og_description":"Mir\u00e1 nuestros reportajes audiovisuales y seguinos para enterarte de las \u00faltimas noticias de Paraguay y el mundo, desde la Latitud25. Somos Alternativa de Informaci\u00f3n.","og_url":"https:\/\/enlatitud25.com\/news\/joven-paraguayo-fue-parte-de-un-inedito-avance-para-personas-paraplejicas\/","og_site_name":"Latitud25","article_publisher":"https:\/\/www.facebook.com\/EnLatitud25","article_author":"https:\/\/www.facebook.com\/EnLatitud25","article_published_time":"2022-02-09T22:04:53+00:00","article_modified_time":"2022-02-10T11:56:39+00:00","og_image":[{"width":800,"height":500,"url":"https:\/\/enlatitud25.com\/news\/wp-content\/uploads\/2022\/02\/neurociencia_medula.jpg","type":"image\/jpeg"}],"author":"Latitud 25","twitter_card":"summary_large_image","twitter_creator":"@EnLatitud25","twitter_site":"@EnLatitud25","twitter_misc":{"Escrito por":"Latitud 25","Tiempo de lectura":"6 minutos"},"schema":{"@context":"https:\/\/schema.org","@graph":[{"@type":"Article","@id":"https:\/\/enlatitud25.com\/news\/joven-paraguayo-fue-parte-de-un-inedito-avance-para-personas-paraplejicas\/#article","isPartOf":{"@id":"https:\/\/enlatitud25.com\/news\/joven-paraguayo-fue-parte-de-un-inedito-avance-para-personas-paraplejicas\/"},"author":{"name":"Latitud 25","@id":"https:\/\/enlatitud25.com\/news\/#\/schema\/person\/23aafe968917005a721b8eb760f2586e"},"headline":"Joven paraguayo fue parte de un in\u00e9dito avance para personas parapl\u00e9jicas","datePublished":"2022-02-09T22:04:53+00:00","dateModified":"2022-02-10T11:56:39+00:00","mainEntityOfPage":{"@id":"https:\/\/enlatitud25.com\/news\/joven-paraguayo-fue-parte-de-un-inedito-avance-para-personas-paraplejicas\/"},"wordCount":1283,"publisher":{"@id":"https:\/\/enlatitud25.com\/news\/#organization"},"keywords":["ciencia","Hazael Montanaro","Salud","Suiza","Tecnolog\u00eda"],"articleSection":["Salud"],"inLanguage":"es"},{"@type":"WebPage","@id":"https:\/\/enlatitud25.com\/news\/joven-paraguayo-fue-parte-de-un-inedito-avance-para-personas-paraplejicas\/","url":"https:\/\/enlatitud25.com\/news\/joven-paraguayo-fue-parte-de-un-inedito-avance-para-personas-paraplejicas\/","name":"Joven paraguayo fue parte de un in\u00e9dito avance para personas parapl\u00e9jicas &ndash; Latitud25","isPartOf":{"@id":"https:\/\/enlatitud25.com\/news\/#website"},"datePublished":"2022-02-09T22:04:53+00:00","dateModified":"2022-02-10T11:56:39+00:00","description":"Mir\u00e1 nuestros reportajes audiovisuales y seguinos para enterarte de las \u00faltimas noticias de Paraguay y el mundo, desde la Latitud25. Somos Alternativa de Informaci\u00f3n.","breadcrumb":{"@id":"https:\/\/enlatitud25.com\/news\/joven-paraguayo-fue-parte-de-un-inedito-avance-para-personas-paraplejicas\/#breadcrumb"},"inLanguage":"es","potentialAction":[{"@type":"ReadAction","target":["https:\/\/enlatitud25.com\/news\/joven-paraguayo-fue-parte-de-un-inedito-avance-para-personas-paraplejicas\/"]}]},{"@type":"BreadcrumbList","@id":"https:\/\/enlatitud25.com\/news\/joven-paraguayo-fue-parte-de-un-inedito-avance-para-personas-paraplejicas\/#breadcrumb","itemListElement":[{"@type":"ListItem","position":1,"name":"Home","item":"https:\/\/enlatitud25.com\/news\/"},{"@type":"ListItem","position":2,"name":"Joven paraguayo fue parte de un in\u00e9dito avance para personas parapl\u00e9jicas"}]},{"@type":"WebSite","@id":"https:\/\/enlatitud25.com\/news\/#website","url":"https:\/\/enlatitud25.com\/news\/","name":"Latitud25","description":"news","publisher":{"@id":"https:\/\/enlatitud25.com\/news\/#organization"},"potentialAction":[{"@type":"SearchAction","target":{"@type":"EntryPoint","urlTemplate":"https:\/\/enlatitud25.com\/news\/?s={search_term_string}"},"query-input":"required name=search_term_string"}],"inLanguage":"es"},{"@type":"Organization","@id":"https:\/\/enlatitud25.com\/news\/#organization","name":"Latitud 25 - News","url":"https:\/\/enlatitud25.com\/news\/","logo":{"@type":"ImageObject","inLanguage":"es","@id":"https:\/\/enlatitud25.com\/news\/#\/schema\/logo\/image\/","url":"https:\/\/enlatitud25.com\/news\/wp-content\/uploads\/2020\/11\/logo_latitud.png","contentUrl":"https:\/\/enlatitud25.com\/news\/wp-content\/uploads\/2020\/11\/logo_latitud.png","width":235,"height":39,"caption":"Latitud 25 - News"},"image":{"@id":"https:\/\/enlatitud25.com\/news\/#\/schema\/logo\/image\/"},"sameAs":["https:\/\/www.facebook.com\/EnLatitud25","https:\/\/twitter.com\/EnLatitud25","https:\/\/www.instagram.com\/enlatitud25\/","https:\/\/www.youtube.com\/user\/desdelatitud25"]},{"@type":"Person","@id":"https:\/\/enlatitud25.com\/news\/#\/schema\/person\/23aafe968917005a721b8eb760f2586e","name":"Latitud 25","sameAs":["https:\/\/enlatitud25.com\/news","https:\/\/www.facebook.com\/EnLatitud25","https:\/\/www.instagram.com\/enlatitud25","https:\/\/www.youtube.com\/user\/desdelatitud25","https:\/\/soundcloud.com\/enlatitud25"],"url":"https:\/\/enlatitud25.com\/news\/author\/nnews-uss00\/"}]}},"_links":{"self":[{"href":"https:\/\/enlatitud25.com\/news\/wp-json\/wp\/v2\/posts\/6916"}],"collection":[{"href":"https:\/\/enlatitud25.com\/news\/wp-json\/wp\/v2\/posts"}],"about":[{"href":"https:\/\/enlatitud25.com\/news\/wp-json\/wp\/v2\/types\/post"}],"author":[{"embeddable":true,"href":"https:\/\/enlatitud25.com\/news\/wp-json\/wp\/v2\/users\/1"}],"replies":[{"embeddable":true,"href":"https:\/\/enlatitud25.com\/news\/wp-json\/wp\/v2\/comments?post=6916"}],"version-history":[{"count":27,"href":"https:\/\/enlatitud25.com\/news\/wp-json\/wp\/v2\/posts\/6916\/revisions"}],"predecessor-version":[{"id":6967,"href":"https:\/\/enlatitud25.com\/news\/wp-json\/wp\/v2\/posts\/6916\/revisions\/6967"}],"wp:featuredmedia":[{"embeddable":true,"href":"https:\/\/enlatitud25.com\/news\/wp-json\/wp\/v2\/media\/6924"}],"wp:attachment":[{"href":"https:\/\/enlatitud25.com\/news\/wp-json\/wp\/v2\/media?parent=6916"}],"wp:term":[{"taxonomy":"category","embeddable":true,"href":"https:\/\/enlatitud25.com\/news\/wp-json\/wp\/v2\/categories?post=6916"},{"taxonomy":"post_tag","embeddable":true,"href":"https:\/\/enlatitud25.com\/news\/wp-json\/wp\/v2\/tags?post=6916"},{"taxonomy":"ubicacion","embeddable":true,"href":"https:\/\/enlatitud25.com\/news\/wp-json\/wp\/v2\/ubicacion?post=6916"}],"curies":[{"name":"wp","href":"https:\/\/api.w.org\/{rel}","templated":true}]}}