{"id":6118,"date":"2021-11-25T20:56:36","date_gmt":"2021-11-25T20:56:36","guid":{"rendered":"https:\/\/enlatitud25.com\/news\/?p=6118"},"modified":"2021-11-25T20:56:37","modified_gmt":"2021-11-25T20:56:37","slug":"25n-cifras-apuntan-a-que-el-mayor-tipo-de-violencia-hacia-la-mujer-es-sicologica","status":"publish","type":"post","link":"https:\/\/enlatitud25.com\/news\/25n-cifras-apuntan-a-que-el-mayor-tipo-de-violencia-hacia-la-mujer-es-sicologica\/","title":{"rendered":"25N: Cifras apuntan a que el mayor tipo de violencia hacia la mujer es sicol\u00f3gica"},"content":{"rendered":"\n<p>Hoy 25 de noviembre, mujeres se unen en todo el mundo para marchar en contra de todo tipo de violencia hacia la mujer, un concepto que sociedades machistas como la paraguaya, a\u00fan no logran comprender y mucho menos desterrar pr\u00e1cticas que comprometen la integridad de las personas, en los distintos escenarios de la vida, como el familiar o el laboral.<\/p>\n\n\n\n<p>&#8220;La violencia contra la mujer viola y menoscaba o impide su disfrute de los derechos humanos y las libertades fundamentales. La inveterada incapacidad de proteger y promover esos derechos y libertades en los casos de violencia contra la mujer es un problema que incumbe a todos los Estados y exige que se adopten medidas al respecto&#8221;, seg\u00fan la Declaraci\u00f3n y Plataforma de Acci\u00f3n de Beijing, que data del 20 de enero de 2021.<\/p>\n\n\n\n<figure class=\"wp-block-image size-large\"><img decoding=\"async\" loading=\"lazy\" width=\"2560\" height=\"2543\" src=\"https:\/\/enlatitud25.com\/news\/wp-content\/uploads\/2021\/02\/ni-una-menos-catedral-8-1-scaled.jpg\" alt=\"\" class=\"wp-image-2375\" srcset=\"https:\/\/enlatitud25.com\/news\/wp-content\/uploads\/2021\/02\/ni-una-menos-catedral-8-1-scaled.jpg 2560w, https:\/\/enlatitud25.com\/news\/wp-content\/uploads\/2021\/02\/ni-una-menos-catedral-8-1-300x298.jpg 300w\" sizes=\"(max-width: 2560px) 100vw, 2560px\" \/><\/figure>\n\n\n\n<p>En Paraguay, tenemos datos alarmantes, sobre la violencia f\u00edsica y su extremo, que son los feminicidios. Seg\u00fan el Observatorio de Igualdad y No Discriminaci\u00f3n del Centro de Documentaci\u00f3n y Estudios (CDE), en 2021 hubo un total de 46 casos de feminicidios, de los cuales 3 est\u00e1n en observaci\u00f3n. Mientras, que el Ministerio de la Mujer, hasta la actualidad tiene contabilizados 29 casos.<\/p>\n\n\n\n<p>En cuanto a los datos proporcionados por el Ministerio de la Defensa P\u00fablica, que hacen referencia a casos judicializados hasta noviembre de 2021, hablamos que el 36% corresponde a violencia sicol\u00f3gica e incluye tambi\u00e9n a la violencia f\u00edsica, por la cual las personas fueron denunciadas.<\/p>\n\n\n\n<p>La violencia f\u00edsica en s\u00ed ocupa el 21% de los casos, la violencia contra la dignidad se registra en el 18% y la violencia intrafamiliar, se contabiliza en un 17%. Entretanto, la violencia patrimonial y econ\u00f3mica ocupa 3% de los casos, la violencia telem\u00e1tica, el 2% y la sexual, el 1% de los casos judicializados por la instituci\u00f3n mencionada. <\/p>\n\n\n\n<p style=\"font-size:22px\"><strong>Feminicidios, la protecci\u00f3n del Estado no llega a tiempo<\/strong><\/p>\n\n\n\n<p>La activista por los derechos humanos, <strong>abogada Mirta -Michi- Moragas,<\/strong> resalt\u00f3 que las instituciones no solo llegan tarde, sino que adem\u00e1s hay casos en los que no act\u00faan. Hizo \u00e9nfasis en que la mayor\u00eda de las v\u00edctimas de feminicidios ten\u00edan una orden de restricci\u00f3n que no se cumpli\u00f3. <\/p>\n\n\n\n<p>&#8220;Hace un par de semanas estuvo el caso de una mujer que fue a denunciar y no le tomaron la denuncia porque no ten\u00eda su c\u00e9dula con ella y al d\u00eda siguiente le mat\u00f3 su agresor. Hubo otro caso en que una mujer hizo una denuncia, ella volvi\u00f3 a denunciar, el juzgado dijo que le iban a advertir y en eso ya le mat\u00f3&#8221;.<\/p>\n\n\n\n<p>Agreg\u00f3 que esos casos te dan la pauta de que el sistema hace aguas por todos lados y no por un tema legal, &#8220;no es que falta un plan, una normativa o un protocolo&#8221;, aclar\u00f3.<\/p>\n\n\n\n<p>Dijo que lo necesario es que los operadores del sistema de justicia se convenzan de que esto es grave y urgente, &#8220;porque la mayor\u00eda de los casos te dicen que vuelvas ma\u00f1ana, o te rechazan la denuncia porque no ten\u00e9s c\u00e9dula o te dicen que van a hacer una notificaci\u00f3n&#8221;, acot\u00f3.<\/p>\n\n\n\n<p>Las leyes est\u00e1n y tienen plazos muy breves. La normativa integral dice que si se presenta un pedido de medida de protecci\u00f3n, se tiene que otorgar inmediatamente esa medida y despu\u00e9s se debe dar una audiencia en un plazo m\u00e1ximo de tres d\u00edas. Sin embargo, Moragas advirti\u00f3 que en todas las audiencias que llegan a su conocimiento, son de un mes para adelante. <\/p>\n\n\n\n<p>&#8220;Entonces es mentira que el Estado est\u00e9 reaccionando oportunamente y si tienen un plan, es superfluo. De ah\u00ed a que haya cambiado de verdad la pol\u00edtica, yo no estoy segura y hay que ver si van a aumentar el presupuesto para las pol\u00edticas de prevenci\u00f3n de violencia. El presupuesto es lo que te dice si hay o no una prioridad&#8221;, concluy\u00f3. <\/p>\n\n\n\n<figure class=\"wp-block-image\"><img decoding=\"async\" src=\"https:\/\/enlatitud25.com\/news\/wp-content\/uploads\/2021\/11\/mujeres_politica.jpg\" alt=\"\"\/><\/figure>\n\n\n\n<p style=\"font-size:22px\"><strong>Municipalidades deben trabajar tambi\u00e9n contra la violencia<\/strong><\/p>\n\n\n\n<p>El proyecto \u201cPol\u00edticas de acceso a justicia desde las municipalidades\u201d, del Centro de Estudios Judiciales (CEJ), indica que las municipalidades pueden hacer m\u00e1s que solo trabajar en la infraestructura de la ciudad, incidiendo en pol\u00edticas p\u00fablicas para proteger a la poblaci\u00f3n.<\/p>\n\n\n\n<p>Seg\u00fan la <strong>abogada Victoria Rivas,<\/strong> directora ejecutiva del CEJ e investigadora del proyecto, los gobiernos tienen que redoblar sus esfuerzos para crear condiciones favorables que garanticen la integridad de las mujeres y ni\u00f1as, con el objetivo de reafirmar sus derechos en todos los \u00e1mbitos de la sociedad. <\/p>\n\n\n\n<p>&#8220;Ten\u00e9s un conglomerado de personas que de alguna forma no pueden acceder luego a un sistema de justicia formal. Apostamos muy fuertemente a la orientaci\u00f3n judicial b\u00e1sica, en el sentido de hacer conocer los derechos y donde tienen que recurrir cuando los derechos son violentados&#8221;<\/p>\n\n\n\n<p>La violencia hacia la mujer tiene muchas formas y en la ley 5.777\/16 se dividen en 15: la violencia f\u00edsica, psicol\u00f3gica, sexual, laboral, pol\u00edtica, institucional, intrafamiliar, feminicida, medi\u00e1tica, telem\u00e1tica, simb\u00f3lica, obstetricia, contra la dignidad, contra los derechos reproductivos, patrimonial y econ\u00f3mica.<\/p>\n\n\n\n<p style=\"font-size:22px\"><strong>\u00bfC\u00f3mo se conquista esto? <\/strong><\/p>\n\n\n\n<p>Para erradicar la violencia no solo se requieren de m\u00e1s leyes, sino tambi\u00e9n de m\u00e1s presupuesto y una mayor consciencia cultural para detectar actitudes machistas y as\u00ed poder desterrar ese tipo de pensamientos y actitudes de la sociedad, para que las mujeres pueden vivir protegidas en un estado de derecho.<\/p>\n\n\n\n<p>El material de \u201cDerecho a vivir libres de violencia. Situaci\u00f3n de las mujeres en Paraguay: 2011-2020\u201d se\u00f1ala que estos derechos \u201cse van&nbsp; construyendo&nbsp; a&nbsp; partir&nbsp; de&nbsp; la&nbsp; acci\u00f3n m\u00faltiple&nbsp; y&nbsp; diversa&nbsp; de&nbsp; personas,&nbsp; organizaciones&nbsp; e&nbsp; instituciones&nbsp; que piensan,&nbsp; debaten,&nbsp; proponen&nbsp; y&nbsp; modifican&nbsp; la&nbsp; forma&nbsp; de&nbsp; entender&nbsp; de&nbsp; qu\u00e9 manera&nbsp; los&nbsp; seres&nbsp; humanos&nbsp; nos&nbsp; vinculamos&nbsp; en&nbsp; sociedades&nbsp; bajo&nbsp; ideas, costumbres&nbsp; y&nbsp; valores&nbsp; que&nbsp; configuran&nbsp; nuestras&nbsp; vidas&nbsp; y&nbsp; sus&nbsp; posibilidades\u201d.<\/p>\n\n\n\n<p>Por eso, cada 25 de noviembre, D\u00eda Internacional de la Eliminaci\u00f3n de la Violencia contra la Mujer, y 8 de marzo, D\u00eda Internacional de la Mujer, las mujeres salen a marchar o a exigir el respeto de sus derechos y el fin de la violencia. <\/p>\n\n\n\n<figure class=\"wp-block-embed-twitter wp-block-embed is-type-rich is-provider-twitter\"><div class=\"wp-block-embed__wrapper\">\n<blockquote class=\"twitter-tweet\" data-width=\"550\" data-dnt=\"true\"><p lang=\"es\" dir=\"ltr\">\ud83d\ude4b\ud83c\udffb\u200d\u2640\ufe0fHoy las mujeres marchan contra todo tipo de violencia, bajo el lema:<br><br>\ud83e\udea7 &quot;Por nuestras vidas volvemos a tomar las calles&quot;<br><br>\u231a\ufe0fLa convocatoria es a las 17:00 en la Plaza Uruguaya. De ah\u00ed marchar\u00e1n hasta la Plaza de la Democracia\ud83d\udce2\ud83d\udeb6\ud83c\udffb\u200d\u2640\ufe0f\ud83d\udeb6\ud83c\udffd\u200d\u2640\ufe0f\ud83d\udeb6\ud83c\udffe\u200d\u2640\ufe0f<a href=\"https:\/\/twitter.com\/hashtag\/PorNuestrasVidas?src=hash&amp;ref_src=twsrc%5Etfw\">#PorNuestrasVidas<\/a><a href=\"https:\/\/twitter.com\/hashtag\/NiUnaMenos?src=hash&amp;ref_src=twsrc%5Etfw\">#NiUnaMenos<\/a> <a href=\"https:\/\/twitter.com\/hashtag\/25NPY?src=hash&amp;ref_src=twsrc%5Etfw\">#25NPY<\/a><a href=\"https:\/\/twitter.com\/hashtag\/L25?src=hash&amp;ref_src=twsrc%5Etfw\">#L25<\/a> <a href=\"https:\/\/t.co\/RUhV4iVyKV\">pic.twitter.com\/RUhV4iVyKV<\/a><\/p>&mdash; LATITUD 25 (@EnLatitud25) <a href=\"https:\/\/twitter.com\/EnLatitud25\/status\/1463845995306004483?ref_src=twsrc%5Etfw\">November 25, 2021<\/a><\/blockquote><script async src=\"https:\/\/platform.twitter.com\/widgets.js\" charset=\"utf-8\"><\/script>\n<\/div><\/figure>\n","protected":false},"excerpt":{"rendered":"Los casos de violencia f\u00edsica hacia la mujer son los m\u00e1s publicados en las redes sociales y en los medios masivos de comunicaci\u00f3n. Sin embargo, entre el mayor porcentaje de casos judicializados actualmente, se encuentra la violencia psicol\u00f3gica, seg\u00fan el Ministerio de la Defensa P\u00fablica. \n","protected":false},"author":1,"featured_media":6124,"comment_status":"closed","ping_status":"closed","sticky":false,"template":"","format":"standard","meta":[],"categories":[12],"tags":[767,193,91,64,766,74],"ubicacion":[18],"yoast_head":"<!-- This site is optimized with the Yoast SEO plugin v20.8 - https:\/\/yoast.com\/wordpress\/plugins\/seo\/ -->\n<title>25N: Cifras apuntan a que el mayor tipo de violencia hacia la mujer es sicol\u00f3gica &ndash; Latitud25<\/title>\n<meta name=\"description\" content=\"Mir\u00e1 nuestros reportajes audiovisuales y seguinos para enterarte de las \u00faltimas noticias de Paraguay y el mundo, desde la Latitud25. Somos Alternativa de Informaci\u00f3n.\" \/>\n<meta name=\"robots\" content=\"index, follow, max-snippet:-1, max-image-preview:large, max-video-preview:-1\" \/>\n<link rel=\"canonical\" href=\"https:\/\/enlatitud25.com\/news\/25n-cifras-apuntan-a-que-el-mayor-tipo-de-violencia-hacia-la-mujer-es-sicologica\/\" \/>\n<meta property=\"og:locale\" content=\"es_ES\" \/>\n<meta property=\"og:type\" content=\"article\" \/>\n<meta property=\"og:title\" content=\"25N: Cifras apuntan a que el mayor tipo de violencia hacia la mujer es sicol\u00f3gica &ndash; Latitud25\" \/>\n<meta property=\"og:description\" content=\"Mir\u00e1 nuestros reportajes audiovisuales y seguinos para enterarte de las \u00faltimas noticias de Paraguay y el mundo, desde la Latitud25. Somos Alternativa de Informaci\u00f3n.\" \/>\n<meta property=\"og:url\" content=\"https:\/\/enlatitud25.com\/news\/25n-cifras-apuntan-a-que-el-mayor-tipo-de-violencia-hacia-la-mujer-es-sicologica\/\" \/>\n<meta property=\"og:site_name\" content=\"Latitud25\" \/>\n<meta property=\"article:publisher\" content=\"https:\/\/www.facebook.com\/EnLatitud25\" \/>\n<meta property=\"article:author\" content=\"https:\/\/www.facebook.com\/EnLatitud25\" \/>\n<meta property=\"article:published_time\" content=\"2021-11-25T20:56:36+00:00\" \/>\n<meta property=\"article:modified_time\" content=\"2021-11-25T20:56:37+00:00\" \/>\n<meta property=\"og:image\" content=\"https:\/\/enlatitud25.com\/news\/wp-content\/uploads\/2021\/11\/Violencia_Psicolo\u0301gica_hacia_la_mujer.jpg\" \/>\n\t<meta property=\"og:image:width\" content=\"800\" \/>\n\t<meta property=\"og:image:height\" content=\"500\" \/>\n\t<meta property=\"og:image:type\" content=\"image\/jpeg\" \/>\n<meta name=\"author\" content=\"Latitud 25\" \/>\n<meta name=\"twitter:card\" content=\"summary_large_image\" \/>\n<meta name=\"twitter:creator\" content=\"@EnLatitud25\" \/>\n<meta name=\"twitter:site\" content=\"@EnLatitud25\" \/>\n<meta name=\"twitter:label1\" content=\"Escrito por\" \/>\n\t<meta name=\"twitter:data1\" content=\"Latitud 25\" \/>\n\t<meta name=\"twitter:label2\" content=\"Tiempo de lectura\" \/>\n\t<meta name=\"twitter:data2\" content=\"5 minutos\" \/>\n<script type=\"application\/ld+json\" class=\"yoast-schema-graph\">{\"@context\":\"https:\/\/schema.org\",\"@graph\":[{\"@type\":\"Article\",\"@id\":\"https:\/\/enlatitud25.com\/news\/25n-cifras-apuntan-a-que-el-mayor-tipo-de-violencia-hacia-la-mujer-es-sicologica\/#article\",\"isPartOf\":{\"@id\":\"https:\/\/enlatitud25.com\/news\/25n-cifras-apuntan-a-que-el-mayor-tipo-de-violencia-hacia-la-mujer-es-sicologica\/\"},\"author\":{\"name\":\"Latitud 25\",\"@id\":\"https:\/\/enlatitud25.com\/news\/#\/schema\/person\/23aafe968917005a721b8eb760f2586e\"},\"headline\":\"25N: Cifras apuntan a que el mayor tipo de violencia hacia la mujer es sicol\u00f3gica\",\"datePublished\":\"2021-11-25T20:56:36+00:00\",\"dateModified\":\"2021-11-25T20:56:37+00:00\",\"mainEntityOfPage\":{\"@id\":\"https:\/\/enlatitud25.com\/news\/25n-cifras-apuntan-a-que-el-mayor-tipo-de-violencia-hacia-la-mujer-es-sicologica\/\"},\"wordCount\":1093,\"publisher\":{\"@id\":\"https:\/\/enlatitud25.com\/news\/#organization\"},\"keywords\":[\"f\u00edsica\",\"marcha\",\"mujer\",\"prevenci\u00f3n\",\"sicol\u00f3gica\",\"violencia\"],\"articleSection\":[\"Realidad\"],\"inLanguage\":\"es\"},{\"@type\":\"WebPage\",\"@id\":\"https:\/\/enlatitud25.com\/news\/25n-cifras-apuntan-a-que-el-mayor-tipo-de-violencia-hacia-la-mujer-es-sicologica\/\",\"url\":\"https:\/\/enlatitud25.com\/news\/25n-cifras-apuntan-a-que-el-mayor-tipo-de-violencia-hacia-la-mujer-es-sicologica\/\",\"name\":\"25N: Cifras apuntan a que el mayor tipo de violencia hacia la mujer es sicol\u00f3gica &ndash; Latitud25\",\"isPartOf\":{\"@id\":\"https:\/\/enlatitud25.com\/news\/#website\"},\"datePublished\":\"2021-11-25T20:56:36+00:00\",\"dateModified\":\"2021-11-25T20:56:37+00:00\",\"description\":\"Mir\u00e1 nuestros reportajes audiovisuales y seguinos para enterarte de las \u00faltimas noticias de Paraguay y el mundo, desde la Latitud25. Somos Alternativa de Informaci\u00f3n.\",\"breadcrumb\":{\"@id\":\"https:\/\/enlatitud25.com\/news\/25n-cifras-apuntan-a-que-el-mayor-tipo-de-violencia-hacia-la-mujer-es-sicologica\/#breadcrumb\"},\"inLanguage\":\"es\",\"potentialAction\":[{\"@type\":\"ReadAction\",\"target\":[\"https:\/\/enlatitud25.com\/news\/25n-cifras-apuntan-a-que-el-mayor-tipo-de-violencia-hacia-la-mujer-es-sicologica\/\"]}]},{\"@type\":\"BreadcrumbList\",\"@id\":\"https:\/\/enlatitud25.com\/news\/25n-cifras-apuntan-a-que-el-mayor-tipo-de-violencia-hacia-la-mujer-es-sicologica\/#breadcrumb\",\"itemListElement\":[{\"@type\":\"ListItem\",\"position\":1,\"name\":\"Home\",\"item\":\"https:\/\/enlatitud25.com\/news\/\"},{\"@type\":\"ListItem\",\"position\":2,\"name\":\"25N: Cifras apuntan a que el mayor tipo de violencia hacia la mujer es sicol\u00f3gica\"}]},{\"@type\":\"WebSite\",\"@id\":\"https:\/\/enlatitud25.com\/news\/#website\",\"url\":\"https:\/\/enlatitud25.com\/news\/\",\"name\":\"Latitud25\",\"description\":\"news\",\"publisher\":{\"@id\":\"https:\/\/enlatitud25.com\/news\/#organization\"},\"potentialAction\":[{\"@type\":\"SearchAction\",\"target\":{\"@type\":\"EntryPoint\",\"urlTemplate\":\"https:\/\/enlatitud25.com\/news\/?s={search_term_string}\"},\"query-input\":\"required name=search_term_string\"}],\"inLanguage\":\"es\"},{\"@type\":\"Organization\",\"@id\":\"https:\/\/enlatitud25.com\/news\/#organization\",\"name\":\"Latitud 25 - News\",\"url\":\"https:\/\/enlatitud25.com\/news\/\",\"logo\":{\"@type\":\"ImageObject\",\"inLanguage\":\"es\",\"@id\":\"https:\/\/enlatitud25.com\/news\/#\/schema\/logo\/image\/\",\"url\":\"https:\/\/enlatitud25.com\/news\/wp-content\/uploads\/2020\/11\/logo_latitud.png\",\"contentUrl\":\"https:\/\/enlatitud25.com\/news\/wp-content\/uploads\/2020\/11\/logo_latitud.png\",\"width\":235,\"height\":39,\"caption\":\"Latitud 25 - News\"},\"image\":{\"@id\":\"https:\/\/enlatitud25.com\/news\/#\/schema\/logo\/image\/\"},\"sameAs\":[\"https:\/\/www.facebook.com\/EnLatitud25\",\"https:\/\/twitter.com\/EnLatitud25\",\"https:\/\/www.instagram.com\/enlatitud25\/\",\"https:\/\/www.youtube.com\/user\/desdelatitud25\"]},{\"@type\":\"Person\",\"@id\":\"https:\/\/enlatitud25.com\/news\/#\/schema\/person\/23aafe968917005a721b8eb760f2586e\",\"name\":\"Latitud 25\",\"sameAs\":[\"https:\/\/enlatitud25.com\/news\",\"https:\/\/www.facebook.com\/EnLatitud25\",\"https:\/\/www.instagram.com\/enlatitud25\",\"https:\/\/www.youtube.com\/user\/desdelatitud25\",\"https:\/\/soundcloud.com\/enlatitud25\"],\"url\":\"https:\/\/enlatitud25.com\/news\/author\/nnews-uss00\/\"}]}<\/script>\n<!-- \/ Yoast SEO plugin. -->","yoast_head_json":{"title":"25N: Cifras apuntan a que el mayor tipo de violencia hacia la mujer es sicol\u00f3gica &ndash; Latitud25","description":"Mir\u00e1 nuestros reportajes audiovisuales y seguinos para enterarte de las \u00faltimas noticias de Paraguay y el mundo, desde la Latitud25. Somos Alternativa de Informaci\u00f3n.","robots":{"index":"index","follow":"follow","max-snippet":"max-snippet:-1","max-image-preview":"max-image-preview:large","max-video-preview":"max-video-preview:-1"},"canonical":"https:\/\/enlatitud25.com\/news\/25n-cifras-apuntan-a-que-el-mayor-tipo-de-violencia-hacia-la-mujer-es-sicologica\/","og_locale":"es_ES","og_type":"article","og_title":"25N: Cifras apuntan a que el mayor tipo de violencia hacia la mujer es sicol\u00f3gica &ndash; Latitud25","og_description":"Mir\u00e1 nuestros reportajes audiovisuales y seguinos para enterarte de las \u00faltimas noticias de Paraguay y el mundo, desde la Latitud25. Somos Alternativa de Informaci\u00f3n.","og_url":"https:\/\/enlatitud25.com\/news\/25n-cifras-apuntan-a-que-el-mayor-tipo-de-violencia-hacia-la-mujer-es-sicologica\/","og_site_name":"Latitud25","article_publisher":"https:\/\/www.facebook.com\/EnLatitud25","article_author":"https:\/\/www.facebook.com\/EnLatitud25","article_published_time":"2021-11-25T20:56:36+00:00","article_modified_time":"2021-11-25T20:56:37+00:00","og_image":[{"width":800,"height":500,"url":"https:\/\/enlatitud25.com\/news\/wp-content\/uploads\/2021\/11\/Violencia_Psicolo\u0301gica_hacia_la_mujer.jpg","type":"image\/jpeg"}],"author":"Latitud 25","twitter_card":"summary_large_image","twitter_creator":"@EnLatitud25","twitter_site":"@EnLatitud25","twitter_misc":{"Escrito por":"Latitud 25","Tiempo de lectura":"5 minutos"},"schema":{"@context":"https:\/\/schema.org","@graph":[{"@type":"Article","@id":"https:\/\/enlatitud25.com\/news\/25n-cifras-apuntan-a-que-el-mayor-tipo-de-violencia-hacia-la-mujer-es-sicologica\/#article","isPartOf":{"@id":"https:\/\/enlatitud25.com\/news\/25n-cifras-apuntan-a-que-el-mayor-tipo-de-violencia-hacia-la-mujer-es-sicologica\/"},"author":{"name":"Latitud 25","@id":"https:\/\/enlatitud25.com\/news\/#\/schema\/person\/23aafe968917005a721b8eb760f2586e"},"headline":"25N: Cifras apuntan a que el mayor tipo de violencia hacia la mujer es sicol\u00f3gica","datePublished":"2021-11-25T20:56:36+00:00","dateModified":"2021-11-25T20:56:37+00:00","mainEntityOfPage":{"@id":"https:\/\/enlatitud25.com\/news\/25n-cifras-apuntan-a-que-el-mayor-tipo-de-violencia-hacia-la-mujer-es-sicologica\/"},"wordCount":1093,"publisher":{"@id":"https:\/\/enlatitud25.com\/news\/#organization"},"keywords":["f\u00edsica","marcha","mujer","prevenci\u00f3n","sicol\u00f3gica","violencia"],"articleSection":["Realidad"],"inLanguage":"es"},{"@type":"WebPage","@id":"https:\/\/enlatitud25.com\/news\/25n-cifras-apuntan-a-que-el-mayor-tipo-de-violencia-hacia-la-mujer-es-sicologica\/","url":"https:\/\/enlatitud25.com\/news\/25n-cifras-apuntan-a-que-el-mayor-tipo-de-violencia-hacia-la-mujer-es-sicologica\/","name":"25N: Cifras apuntan a que el mayor tipo de violencia hacia la mujer es sicol\u00f3gica &ndash; Latitud25","isPartOf":{"@id":"https:\/\/enlatitud25.com\/news\/#website"},"datePublished":"2021-11-25T20:56:36+00:00","dateModified":"2021-11-25T20:56:37+00:00","description":"Mir\u00e1 nuestros reportajes audiovisuales y seguinos para enterarte de las \u00faltimas noticias de Paraguay y el mundo, desde la Latitud25. Somos Alternativa de Informaci\u00f3n.","breadcrumb":{"@id":"https:\/\/enlatitud25.com\/news\/25n-cifras-apuntan-a-que-el-mayor-tipo-de-violencia-hacia-la-mujer-es-sicologica\/#breadcrumb"},"inLanguage":"es","potentialAction":[{"@type":"ReadAction","target":["https:\/\/enlatitud25.com\/news\/25n-cifras-apuntan-a-que-el-mayor-tipo-de-violencia-hacia-la-mujer-es-sicologica\/"]}]},{"@type":"BreadcrumbList","@id":"https:\/\/enlatitud25.com\/news\/25n-cifras-apuntan-a-que-el-mayor-tipo-de-violencia-hacia-la-mujer-es-sicologica\/#breadcrumb","itemListElement":[{"@type":"ListItem","position":1,"name":"Home","item":"https:\/\/enlatitud25.com\/news\/"},{"@type":"ListItem","position":2,"name":"25N: Cifras apuntan a que el mayor tipo de violencia hacia la mujer es sicol\u00f3gica"}]},{"@type":"WebSite","@id":"https:\/\/enlatitud25.com\/news\/#website","url":"https:\/\/enlatitud25.com\/news\/","name":"Latitud25","description":"news","publisher":{"@id":"https:\/\/enlatitud25.com\/news\/#organization"},"potentialAction":[{"@type":"SearchAction","target":{"@type":"EntryPoint","urlTemplate":"https:\/\/enlatitud25.com\/news\/?s={search_term_string}"},"query-input":"required name=search_term_string"}],"inLanguage":"es"},{"@type":"Organization","@id":"https:\/\/enlatitud25.com\/news\/#organization","name":"Latitud 25 - News","url":"https:\/\/enlatitud25.com\/news\/","logo":{"@type":"ImageObject","inLanguage":"es","@id":"https:\/\/enlatitud25.com\/news\/#\/schema\/logo\/image\/","url":"https:\/\/enlatitud25.com\/news\/wp-content\/uploads\/2020\/11\/logo_latitud.png","contentUrl":"https:\/\/enlatitud25.com\/news\/wp-content\/uploads\/2020\/11\/logo_latitud.png","width":235,"height":39,"caption":"Latitud 25 - News"},"image":{"@id":"https:\/\/enlatitud25.com\/news\/#\/schema\/logo\/image\/"},"sameAs":["https:\/\/www.facebook.com\/EnLatitud25","https:\/\/twitter.com\/EnLatitud25","https:\/\/www.instagram.com\/enlatitud25\/","https:\/\/www.youtube.com\/user\/desdelatitud25"]},{"@type":"Person","@id":"https:\/\/enlatitud25.com\/news\/#\/schema\/person\/23aafe968917005a721b8eb760f2586e","name":"Latitud 25","sameAs":["https:\/\/enlatitud25.com\/news","https:\/\/www.facebook.com\/EnLatitud25","https:\/\/www.instagram.com\/enlatitud25","https:\/\/www.youtube.com\/user\/desdelatitud25","https:\/\/soundcloud.com\/enlatitud25"],"url":"https:\/\/enlatitud25.com\/news\/author\/nnews-uss00\/"}]}},"_links":{"self":[{"href":"https:\/\/enlatitud25.com\/news\/wp-json\/wp\/v2\/posts\/6118"}],"collection":[{"href":"https:\/\/enlatitud25.com\/news\/wp-json\/wp\/v2\/posts"}],"about":[{"href":"https:\/\/enlatitud25.com\/news\/wp-json\/wp\/v2\/types\/post"}],"author":[{"embeddable":true,"href":"https:\/\/enlatitud25.com\/news\/wp-json\/wp\/v2\/users\/1"}],"replies":[{"embeddable":true,"href":"https:\/\/enlatitud25.com\/news\/wp-json\/wp\/v2\/comments?post=6118"}],"version-history":[{"count":8,"href":"https:\/\/enlatitud25.com\/news\/wp-json\/wp\/v2\/posts\/6118\/revisions"}],"predecessor-version":[{"id":6130,"href":"https:\/\/enlatitud25.com\/news\/wp-json\/wp\/v2\/posts\/6118\/revisions\/6130"}],"wp:featuredmedia":[{"embeddable":true,"href":"https:\/\/enlatitud25.com\/news\/wp-json\/wp\/v2\/media\/6124"}],"wp:attachment":[{"href":"https:\/\/enlatitud25.com\/news\/wp-json\/wp\/v2\/media?parent=6118"}],"wp:term":[{"taxonomy":"category","embeddable":true,"href":"https:\/\/enlatitud25.com\/news\/wp-json\/wp\/v2\/categories?post=6118"},{"taxonomy":"post_tag","embeddable":true,"href":"https:\/\/enlatitud25.com\/news\/wp-json\/wp\/v2\/tags?post=6118"},{"taxonomy":"ubicacion","embeddable":true,"href":"https:\/\/enlatitud25.com\/news\/wp-json\/wp\/v2\/ubicacion?post=6118"}],"curies":[{"name":"wp","href":"https:\/\/api.w.org\/{rel}","templated":true}]}}