{"id":5997,"date":"2021-11-17T21:11:43","date_gmt":"2021-11-17T21:11:43","guid":{"rendered":"https:\/\/enlatitud25.com\/news\/?p=5997"},"modified":"2021-11-17T21:11:47","modified_gmt":"2021-11-17T21:11:47","slug":"la-discriminacion-y-el-odio-siguen-matando-personas-y-gabi-cabrera-fue-una-de-ellas","status":"publish","type":"post","link":"https:\/\/enlatitud25.com\/news\/la-discriminacion-y-el-odio-siguen-matando-personas-y-gabi-cabrera-fue-una-de-ellas\/","title":{"rendered":"La discriminaci\u00f3n y el odio siguen matando personas, y Gabi Cabrera fue una de ellas"},"content":{"rendered":"\n<p>El pedido de justicia retumba una vez m\u00e1s en las voces de la sociedad, esta vez por el caso de <strong>Gabriela Cabrera<\/strong> <strong>(23)<\/strong>, quien fue encontrada muerta el jueves 11 de noviembre. En marzo de 2021, la mujer trans fue golpeada, maniatada y lanzada a un arroyo de la ciudad de San Lorenzo, tras ese episodio, fue atendida en el Hospital de Calle&#8217;i. Las denuncias fueron radicadas en su momento.<\/p>\n\n\n\n<p>D\u00edas antes de su muerte, el domingo 7, fue golpeada brutalmente por un grupo de personas. Hasta el momento, ni los forenses ni la Fiscal\u00eda pueden determinar el motivo de su muerte y tampoco identificaron a los agresores, pero al menos hay una investigaci\u00f3n en curso.<\/p>\n\n\n\n<figure class=\"wp-block-embed-twitter wp-block-embed is-type-rich is-provider-twitter\"><div class=\"wp-block-embed__wrapper\">\n<blockquote class=\"twitter-tweet\" data-width=\"550\" data-dnt=\"true\"><p lang=\"es\" dir=\"ltr\">\u00a1<a href=\"https:\/\/twitter.com\/hashtag\/JusticiaParaGabi?src=hash&amp;ref_src=twsrc%5Etfw\">#JusticiaParaGabi<\/a>!\ud83c\udff3\ufe0f\u200d\u26a7\ufe0f<br><br>\u26a7\ufe0fEl cuerpo sin vida de Gabi Cabrera fue hallado en un arroyo de San Lorenzo.<br><br>\u26a0\ufe0fD\u00edas antes fue agredida brutalmente por una turba de hombres en la v\u00eda p\u00fablica.<br><br>\u2696\ufe0fExigen que se investigue la condici\u00f3n de su muerte<br><br>\u274cBasta de transfobia, el odio mata.<a href=\"https:\/\/twitter.com\/hashtag\/L25?src=hash&amp;ref_src=twsrc%5Etfw\">#L25<\/a> <a href=\"https:\/\/t.co\/d4nBM8EvaY\">pic.twitter.com\/d4nBM8EvaY<\/a><\/p>&mdash; LATITUD 25 (@EnLatitud25) <a href=\"https:\/\/twitter.com\/EnLatitud25\/status\/1460323269639352324?ref_src=twsrc%5Etfw\">November 15, 2021<\/a><\/blockquote><script async src=\"https:\/\/platform.twitter.com\/widgets.js\" charset=\"utf-8\"><\/script>\n<\/div><\/figure>\n\n\n\n<p>De su caso se hicieron eco varios medios y ahora resuena el pedido de justicia para Gabi. Sin embargo, la historia se\u00f1ala que este caso de violencia sistem\u00e1tica a personas trans no solo no es el primero, sino que la mayor\u00eda de los episodios no fueron investigados, condenando a toda una comunidad a la indiferencia social y una injusta marginaci\u00f3n que las impide trabajar, estudiar y desarrollarse como personas.<\/p>\n\n\n\n<p>&#8220;Olvidadas hasta la muerte&#8221;, es una investigaci\u00f3n elaborada sobre asesinatos a personas trans durante el per\u00edodo democr\u00e1tico en Paraguay, desde 1989 hasta 2013, que registra un total de 62 asesinatos que hasta hoy d\u00eda est\u00e1n impunes en nuestro pa\u00eds. <\/p>\n\n\n\n<p style=\"font-size:22px\"><strong>&#8220;El odio mata&#8221;<\/strong><\/p>\n\n\n\n<p>La abogada trans <strong>Kimberly Ayala<\/strong> lament\u00f3 lo que sucedi\u00f3 con Gabi e hizo \u00e9nfasis en los casos anteriores que quedaron en la nada. &#8220;En este pa\u00eds reina la impunidad, si la impunidad reina por s\u00ed para toda la poblaci\u00f3n, para la poblaci\u00f3n trans es el doble&#8221;, enfatiz\u00f3. <\/p>\n\n\n\n<p>En ese contexto, se\u00f1al\u00f3 la importancia de empezar a hablar en Paraguay de los cr\u00edmenes de odio, figura que s\u00ed existe en otros pa\u00edses, pero que nosotros aun no hemos reconocido como tal.<\/p>\n\n\n\n<p>&#8220;Infelizmente nuestro C\u00f3digo Penal no contempla los cr\u00edmenes de odio, pero es algo que ya deber\u00edamos ir solicitando como sociedad, como organizaciones civiles que tenemos en el pa\u00eds, para contemplar esa figura, para que las penas sean mayores para las personas que cometen este tipo de atrocidades en contra de los derechos humanos&#8221;, asever\u00f3. <\/p>\n\n\n\n<p>&#8220;La discriminaci\u00f3n efectivamente mata, porque a ella le discriminaron, a ella le pegaron. No sabemos todav\u00eda qu\u00e9 fue lo que le pas\u00f3 a Gabi, pero al final lo que le llev\u00f3 hasta ah\u00ed fue el odio, la intolerancia y la discriminaci\u00f3n que sufri\u00f3 durante toda su vida, eso fue lo que le mat\u00f3 a Gabi&#8221;, puntualiz\u00f3 Kimberly. <\/p>\n\n\n\n<p><\/p>\n\n\n\n<p style=\"font-size:22px\"><strong>Un avance<\/strong><\/p>\n\n\n\n<p>Dos comisiones del Senado, la de Derechos Humanos y la de Equidad y G\u00e9nero se expresaron esta semana repudiando la violencia de la que fue v\u00edctima Gabriela Cabrera. <\/p>\n\n\n\n<p>Al respecto, la activista por los derechos Humanos, Mirta Moragas, dijo en comunicaci\u00f3n con Latitud25 que para un pa\u00eds tan conservador, como Paraguay, este es un avance considerable.<\/p>\n\n\n\n<p>&#8220;En un pa\u00eds en que muchas autoridades guardaron silencio, le tuvimos a un Cartes que dijo que si ten\u00eda un hijo gay se iba a pegar un tiro en las bolas&#8230; Es decir, de eso a que una C\u00e1mara del Congreso repudie un asesinato de una persona trans y pidan investigaci\u00f3n yo creo que hay un paso que se da&#8221;, expres\u00f3. <\/p>\n\n\n\n<figure class=\"wp-block-embed-twitter wp-block-embed is-type-rich is-provider-twitter\"><div class=\"wp-block-embed__wrapper\">\n<blockquote class=\"twitter-tweet\" data-width=\"550\" data-dnt=\"true\"><p lang=\"es\" dir=\"ltr\">\u270d\ufe0f La Comisi\u00f3n de Equidad y G\u00e9nero se adhiri\u00f3 al comunicado de repudio de la Comisi\u00f3n de DDHH de la C\u00e1mara de Senadores, hacia la violencia de la que fue v\u00edctima la mujer trans, Gabriela Cabrera \ud83d\udcc4<br><br>\ud83d\udea8 Gabi fue encontrada muerta, menos de una semana despu\u00e9s de la golpiza\u26a0\ufe0f<a href=\"https:\/\/twitter.com\/hashtag\/L25?src=hash&amp;ref_src=twsrc%5Etfw\">#L25<\/a> <a href=\"https:\/\/t.co\/W4O6zFaWkW\">pic.twitter.com\/W4O6zFaWkW<\/a><\/p>&mdash; LATITUD 25 (@EnLatitud25) <a href=\"https:\/\/twitter.com\/EnLatitud25\/status\/1460686778264965121?ref_src=twsrc%5Etfw\">November 16, 2021<\/a><\/blockquote><script async src=\"https:\/\/platform.twitter.com\/widgets.js\" charset=\"utf-8\"><\/script>\n<\/div><\/figure>\n\n\n\n<p>A su vez, Kimberly Ayala resalt\u00f3 que siente cierta apertura de las instituciones del Estado. &#8220;Hoy d\u00eda podemos decir que el Poder Legislativo viene pronunci\u00e1ndose respecto a estos casos y eso es un logro muy importante&#8221;, apunt\u00f3. <\/p>\n\n\n\n<p style=\"font-size:22px\"><strong>Se puede hacer m\u00e1s<\/strong><\/p>\n\n\n\n<p>Si bien tanto Mirta Moragas como Kimberly Ayala calificaron de positivo este manifiesto por parte de las comisiones del Senado, afirmaron que estos estamentos tienen la posibilidad de hacer m\u00e1s por la comunidad trans.<\/p>\n\n\n\n<p>Kimberly se\u00f1al\u00f3 que, como persona trans, siente una especie de amparo pero no de seguridad, porque argument\u00f3 que ese manifiesto puede quedarse solo en palabras y no aplicarse a la realidad.<\/p>\n\n\n\n<p>&#8220;Ac\u00e1 lo que tenemos que tratar de hacer es que esas iniciativas que promueve la C\u00e1mara de Senadores haga posible que las autoridades apliquen las normas de car\u00e1cter internacional y las normas de derechos humanos para que eso pueda ser una realidad&#8221;, manifest\u00f3.<\/p>\n\n\n\n<p>En esa misma l\u00ednea, Mirta Moragas, coincidi\u00f3 en que ambas comisiones, al ser del Poder Legislativo tienen la posibilidad de hacer algo m\u00e1s como, por ejemplo, aprobar el proyecto de ley contra toda forma de discriminaci\u00f3n que aun est\u00e1 archivada en la C\u00e1mara de Senadores y en segundo lugar deben trabajar con la comunidad trans para redactar, presentar y tratar un proyecto de ley que reconozca la identidad de g\u00e9nero de las personas transg\u00e9nero.<\/p>\n\n\n\n<p style=\"font-size:22px\"><strong>Discriminaci\u00f3n en todas partes<\/strong><\/p>\n\n\n\n<p>Kimberly Ayala, coment\u00f3 su experiencia en el \u00e1mbito judicial, durante una entrevista en RadioCast25. Coment\u00f3 que desde que jur\u00f3 como abogada, el 13 de noviembre de 2020, empez\u00f3 a trabajar en derecho y en varias ocasiones sinti\u00f3 alg\u00fan tipo de discriminaci\u00f3n.<\/p>\n\n\n\n<p>&#8220;Muchas veces cuando llegamos a un local, la gente quiere hacerse de la desentendida, realmente no te atienden acorde como deber\u00eda ser, como una profesional, es dif\u00edcil para muchas personas, porque justamente no se ve a las personas trans en el \u00e1mbito laboral, como el derecho. Hay gente que cree que no ten\u00e9s la capacidad para ejercer tu profesi\u00f3n&#8221;, indic\u00f3.<\/p>\n\n\n\n<p>Agreg\u00f3 que eso no solo sucede con la poblaci\u00f3n trans, sino con todas las poblaciones que est\u00e1n en una situaci\u00f3n de vulnerabilidad, pero asegur\u00f3 que la poblaci\u00f3n trans es m\u00e1s menospreciada y menoscabada justamente por no tener salidas laborales y ejercer la prostituci\u00f3n, como \u00fanico medio de vida.<\/p>\n\n\n\n<p>Cabe se\u00f1alar que seg\u00fan investigaciones, la expectativa de vida de una persona trans es de solo 35 a\u00f1os, justamente por la falta de acceso a derechos b\u00e1sicos, de oportunidades laborales que no guarden relaci\u00f3n con la prostituci\u00f3n, adem\u00e1s de la violencia que existe hacia esta poblaci\u00f3n.<\/p>\n\n\n\n<p><strong>Mir\u00e1 el material completo:<\/strong><\/p>\n\n\n\n<figure class=\"wp-block-embed-youtube wp-block-embed is-type-video is-provider-youtube wp-embed-aspect-16-9 wp-has-aspect-ratio\"><div class=\"wp-block-embed__wrapper\">\n<iframe loading=\"lazy\" title=\"#L25 - Una Comunidad que Incomoda a un Estado Indiferente\" width=\"1200\" height=\"675\" src=\"https:\/\/www.youtube.com\/embed\/emdoix64UYs?feature=oembed\" frameborder=\"0\" allow=\"accelerometer; autoplay; clipboard-write; encrypted-media; gyroscope; picture-in-picture\" allowfullscreen><\/iframe>\n<\/div><\/figure>\n","protected":false},"excerpt":{"rendered":"El caso de Gabriela Cabrera (23), hallada muerta la semana pasada, deja entrever una lamentable realidad a la cual el Estado paraguayo ha sido indiferente desde siempre. Seg\u00fan investigaciones, desde 1989, 63 mujeres trans fueron asesinadas y solo un caso condenado. Para la abogada trans, Kimberly Ayala, la intolerancia y la discriminaci\u00f3n que sufri\u00f3 Gabi desde siempre, fue lo que termin\u00f3 con su vida.\n","protected":false},"author":1,"featured_media":6024,"comment_status":"closed","ping_status":"closed","sticky":false,"template":"","format":"standard","meta":[],"categories":[11],"tags":[26,746,747,745,744,714,74],"ubicacion":[],"yoast_head":"<!-- This site is optimized with the Yoast SEO plugin v20.8 - https:\/\/yoast.com\/wordpress\/plugins\/seo\/ -->\n<title>La discriminaci\u00f3n y el odio siguen matando personas, y Gabi Cabrera fue una de ellas &ndash; Latitud25<\/title>\n<meta name=\"description\" content=\"Mir\u00e1 nuestros reportajes audiovisuales y seguinos para enterarte de las \u00faltimas noticias de Paraguay y el mundo, desde la Latitud25. Somos Alternativa de Informaci\u00f3n.\" \/>\n<meta name=\"robots\" content=\"index, follow, max-snippet:-1, max-image-preview:large, max-video-preview:-1\" \/>\n<link rel=\"canonical\" href=\"https:\/\/enlatitud25.com\/news\/la-discriminacion-y-el-odio-siguen-matando-personas-y-gabi-cabrera-fue-una-de-ellas\/\" \/>\n<meta property=\"og:locale\" content=\"es_ES\" \/>\n<meta property=\"og:type\" content=\"article\" \/>\n<meta property=\"og:title\" content=\"La discriminaci\u00f3n y el odio siguen matando personas, y Gabi Cabrera fue una de ellas &ndash; Latitud25\" \/>\n<meta property=\"og:description\" content=\"Mir\u00e1 nuestros reportajes audiovisuales y seguinos para enterarte de las \u00faltimas noticias de Paraguay y el mundo, desde la Latitud25. Somos Alternativa de Informaci\u00f3n.\" \/>\n<meta property=\"og:url\" content=\"https:\/\/enlatitud25.com\/news\/la-discriminacion-y-el-odio-siguen-matando-personas-y-gabi-cabrera-fue-una-de-ellas\/\" \/>\n<meta property=\"og:site_name\" content=\"Latitud25\" \/>\n<meta property=\"article:publisher\" content=\"https:\/\/www.facebook.com\/EnLatitud25\" \/>\n<meta property=\"article:author\" content=\"https:\/\/www.facebook.com\/EnLatitud25\" \/>\n<meta property=\"article:published_time\" content=\"2021-11-17T21:11:43+00:00\" \/>\n<meta property=\"article:modified_time\" content=\"2021-11-17T21:11:47+00:00\" \/>\n<meta property=\"og:image\" content=\"https:\/\/enlatitud25.com\/news\/wp-content\/uploads\/2021\/11\/Justicia_para_Personas_Trans-1.png\" \/>\n\t<meta property=\"og:image:width\" content=\"800\" \/>\n\t<meta property=\"og:image:height\" content=\"500\" \/>\n\t<meta property=\"og:image:type\" content=\"image\/png\" \/>\n<meta name=\"author\" content=\"Latitud 25\" \/>\n<meta name=\"twitter:card\" content=\"summary_large_image\" \/>\n<meta name=\"twitter:creator\" content=\"@EnLatitud25\" \/>\n<meta name=\"twitter:site\" content=\"@EnLatitud25\" \/>\n<meta name=\"twitter:label1\" content=\"Escrito por\" \/>\n\t<meta name=\"twitter:data1\" content=\"Latitud 25\" \/>\n\t<meta name=\"twitter:label2\" content=\"Tiempo de lectura\" \/>\n\t<meta name=\"twitter:data2\" content=\"5 minutos\" \/>\n<script type=\"application\/ld+json\" class=\"yoast-schema-graph\">{\"@context\":\"https:\/\/schema.org\",\"@graph\":[{\"@type\":\"Article\",\"@id\":\"https:\/\/enlatitud25.com\/news\/la-discriminacion-y-el-odio-siguen-matando-personas-y-gabi-cabrera-fue-una-de-ellas\/#article\",\"isPartOf\":{\"@id\":\"https:\/\/enlatitud25.com\/news\/la-discriminacion-y-el-odio-siguen-matando-personas-y-gabi-cabrera-fue-una-de-ellas\/\"},\"author\":{\"name\":\"Latitud 25\",\"@id\":\"https:\/\/enlatitud25.com\/news\/#\/schema\/person\/23aafe968917005a721b8eb760f2586e\"},\"headline\":\"La discriminaci\u00f3n y el odio siguen matando personas, y Gabi Cabrera fue una de ellas\",\"datePublished\":\"2021-11-17T21:11:43+00:00\",\"dateModified\":\"2021-11-17T21:11:47+00:00\",\"mainEntityOfPage\":{\"@id\":\"https:\/\/enlatitud25.com\/news\/la-discriminacion-y-el-odio-siguen-matando-personas-y-gabi-cabrera-fue-una-de-ellas\/\"},\"wordCount\":1056,\"publisher\":{\"@id\":\"https:\/\/enlatitud25.com\/news\/#organization\"},\"keywords\":[\"Comunidad\",\"cr\u00edmenes\",\"discriminaci\u00f3n\",\"mata\",\"odio\",\"trans\",\"violencia\"],\"articleSection\":[\"Identidad\"],\"inLanguage\":\"es\"},{\"@type\":\"WebPage\",\"@id\":\"https:\/\/enlatitud25.com\/news\/la-discriminacion-y-el-odio-siguen-matando-personas-y-gabi-cabrera-fue-una-de-ellas\/\",\"url\":\"https:\/\/enlatitud25.com\/news\/la-discriminacion-y-el-odio-siguen-matando-personas-y-gabi-cabrera-fue-una-de-ellas\/\",\"name\":\"La discriminaci\u00f3n y el odio siguen matando personas, y Gabi Cabrera fue una de ellas &ndash; Latitud25\",\"isPartOf\":{\"@id\":\"https:\/\/enlatitud25.com\/news\/#website\"},\"datePublished\":\"2021-11-17T21:11:43+00:00\",\"dateModified\":\"2021-11-17T21:11:47+00:00\",\"description\":\"Mir\u00e1 nuestros reportajes audiovisuales y seguinos para enterarte de las \u00faltimas noticias de Paraguay y el mundo, desde la Latitud25. Somos Alternativa de Informaci\u00f3n.\",\"breadcrumb\":{\"@id\":\"https:\/\/enlatitud25.com\/news\/la-discriminacion-y-el-odio-siguen-matando-personas-y-gabi-cabrera-fue-una-de-ellas\/#breadcrumb\"},\"inLanguage\":\"es\",\"potentialAction\":[{\"@type\":\"ReadAction\",\"target\":[\"https:\/\/enlatitud25.com\/news\/la-discriminacion-y-el-odio-siguen-matando-personas-y-gabi-cabrera-fue-una-de-ellas\/\"]}]},{\"@type\":\"BreadcrumbList\",\"@id\":\"https:\/\/enlatitud25.com\/news\/la-discriminacion-y-el-odio-siguen-matando-personas-y-gabi-cabrera-fue-una-de-ellas\/#breadcrumb\",\"itemListElement\":[{\"@type\":\"ListItem\",\"position\":1,\"name\":\"Home\",\"item\":\"https:\/\/enlatitud25.com\/news\/\"},{\"@type\":\"ListItem\",\"position\":2,\"name\":\"La discriminaci\u00f3n y el odio siguen matando personas, y Gabi Cabrera fue una de ellas\"}]},{\"@type\":\"WebSite\",\"@id\":\"https:\/\/enlatitud25.com\/news\/#website\",\"url\":\"https:\/\/enlatitud25.com\/news\/\",\"name\":\"Latitud25\",\"description\":\"news\",\"publisher\":{\"@id\":\"https:\/\/enlatitud25.com\/news\/#organization\"},\"potentialAction\":[{\"@type\":\"SearchAction\",\"target\":{\"@type\":\"EntryPoint\",\"urlTemplate\":\"https:\/\/enlatitud25.com\/news\/?s={search_term_string}\"},\"query-input\":\"required name=search_term_string\"}],\"inLanguage\":\"es\"},{\"@type\":\"Organization\",\"@id\":\"https:\/\/enlatitud25.com\/news\/#organization\",\"name\":\"Latitud 25 - News\",\"url\":\"https:\/\/enlatitud25.com\/news\/\",\"logo\":{\"@type\":\"ImageObject\",\"inLanguage\":\"es\",\"@id\":\"https:\/\/enlatitud25.com\/news\/#\/schema\/logo\/image\/\",\"url\":\"https:\/\/enlatitud25.com\/news\/wp-content\/uploads\/2020\/11\/logo_latitud.png\",\"contentUrl\":\"https:\/\/enlatitud25.com\/news\/wp-content\/uploads\/2020\/11\/logo_latitud.png\",\"width\":235,\"height\":39,\"caption\":\"Latitud 25 - News\"},\"image\":{\"@id\":\"https:\/\/enlatitud25.com\/news\/#\/schema\/logo\/image\/\"},\"sameAs\":[\"https:\/\/www.facebook.com\/EnLatitud25\",\"https:\/\/twitter.com\/EnLatitud25\",\"https:\/\/www.instagram.com\/enlatitud25\/\",\"https:\/\/www.youtube.com\/user\/desdelatitud25\"]},{\"@type\":\"Person\",\"@id\":\"https:\/\/enlatitud25.com\/news\/#\/schema\/person\/23aafe968917005a721b8eb760f2586e\",\"name\":\"Latitud 25\",\"sameAs\":[\"https:\/\/enlatitud25.com\/news\",\"https:\/\/www.facebook.com\/EnLatitud25\",\"https:\/\/www.instagram.com\/enlatitud25\",\"https:\/\/www.youtube.com\/user\/desdelatitud25\",\"https:\/\/soundcloud.com\/enlatitud25\"],\"url\":\"https:\/\/enlatitud25.com\/news\/author\/nnews-uss00\/\"}]}<\/script>\n<!-- \/ Yoast SEO plugin. -->","yoast_head_json":{"title":"La discriminaci\u00f3n y el odio siguen matando personas, y Gabi Cabrera fue una de ellas &ndash; Latitud25","description":"Mir\u00e1 nuestros reportajes audiovisuales y seguinos para enterarte de las \u00faltimas noticias de Paraguay y el mundo, desde la Latitud25. Somos Alternativa de Informaci\u00f3n.","robots":{"index":"index","follow":"follow","max-snippet":"max-snippet:-1","max-image-preview":"max-image-preview:large","max-video-preview":"max-video-preview:-1"},"canonical":"https:\/\/enlatitud25.com\/news\/la-discriminacion-y-el-odio-siguen-matando-personas-y-gabi-cabrera-fue-una-de-ellas\/","og_locale":"es_ES","og_type":"article","og_title":"La discriminaci\u00f3n y el odio siguen matando personas, y Gabi Cabrera fue una de ellas &ndash; Latitud25","og_description":"Mir\u00e1 nuestros reportajes audiovisuales y seguinos para enterarte de las \u00faltimas noticias de Paraguay y el mundo, desde la Latitud25. Somos Alternativa de Informaci\u00f3n.","og_url":"https:\/\/enlatitud25.com\/news\/la-discriminacion-y-el-odio-siguen-matando-personas-y-gabi-cabrera-fue-una-de-ellas\/","og_site_name":"Latitud25","article_publisher":"https:\/\/www.facebook.com\/EnLatitud25","article_author":"https:\/\/www.facebook.com\/EnLatitud25","article_published_time":"2021-11-17T21:11:43+00:00","article_modified_time":"2021-11-17T21:11:47+00:00","og_image":[{"width":800,"height":500,"url":"https:\/\/enlatitud25.com\/news\/wp-content\/uploads\/2021\/11\/Justicia_para_Personas_Trans-1.png","type":"image\/png"}],"author":"Latitud 25","twitter_card":"summary_large_image","twitter_creator":"@EnLatitud25","twitter_site":"@EnLatitud25","twitter_misc":{"Escrito por":"Latitud 25","Tiempo de lectura":"5 minutos"},"schema":{"@context":"https:\/\/schema.org","@graph":[{"@type":"Article","@id":"https:\/\/enlatitud25.com\/news\/la-discriminacion-y-el-odio-siguen-matando-personas-y-gabi-cabrera-fue-una-de-ellas\/#article","isPartOf":{"@id":"https:\/\/enlatitud25.com\/news\/la-discriminacion-y-el-odio-siguen-matando-personas-y-gabi-cabrera-fue-una-de-ellas\/"},"author":{"name":"Latitud 25","@id":"https:\/\/enlatitud25.com\/news\/#\/schema\/person\/23aafe968917005a721b8eb760f2586e"},"headline":"La discriminaci\u00f3n y el odio siguen matando personas, y Gabi Cabrera fue una de ellas","datePublished":"2021-11-17T21:11:43+00:00","dateModified":"2021-11-17T21:11:47+00:00","mainEntityOfPage":{"@id":"https:\/\/enlatitud25.com\/news\/la-discriminacion-y-el-odio-siguen-matando-personas-y-gabi-cabrera-fue-una-de-ellas\/"},"wordCount":1056,"publisher":{"@id":"https:\/\/enlatitud25.com\/news\/#organization"},"keywords":["Comunidad","cr\u00edmenes","discriminaci\u00f3n","mata","odio","trans","violencia"],"articleSection":["Identidad"],"inLanguage":"es"},{"@type":"WebPage","@id":"https:\/\/enlatitud25.com\/news\/la-discriminacion-y-el-odio-siguen-matando-personas-y-gabi-cabrera-fue-una-de-ellas\/","url":"https:\/\/enlatitud25.com\/news\/la-discriminacion-y-el-odio-siguen-matando-personas-y-gabi-cabrera-fue-una-de-ellas\/","name":"La discriminaci\u00f3n y el odio siguen matando personas, y Gabi Cabrera fue una de ellas &ndash; Latitud25","isPartOf":{"@id":"https:\/\/enlatitud25.com\/news\/#website"},"datePublished":"2021-11-17T21:11:43+00:00","dateModified":"2021-11-17T21:11:47+00:00","description":"Mir\u00e1 nuestros reportajes audiovisuales y seguinos para enterarte de las \u00faltimas noticias de Paraguay y el mundo, desde la Latitud25. Somos Alternativa de Informaci\u00f3n.","breadcrumb":{"@id":"https:\/\/enlatitud25.com\/news\/la-discriminacion-y-el-odio-siguen-matando-personas-y-gabi-cabrera-fue-una-de-ellas\/#breadcrumb"},"inLanguage":"es","potentialAction":[{"@type":"ReadAction","target":["https:\/\/enlatitud25.com\/news\/la-discriminacion-y-el-odio-siguen-matando-personas-y-gabi-cabrera-fue-una-de-ellas\/"]}]},{"@type":"BreadcrumbList","@id":"https:\/\/enlatitud25.com\/news\/la-discriminacion-y-el-odio-siguen-matando-personas-y-gabi-cabrera-fue-una-de-ellas\/#breadcrumb","itemListElement":[{"@type":"ListItem","position":1,"name":"Home","item":"https:\/\/enlatitud25.com\/news\/"},{"@type":"ListItem","position":2,"name":"La discriminaci\u00f3n y el odio siguen matando personas, y Gabi Cabrera fue una de ellas"}]},{"@type":"WebSite","@id":"https:\/\/enlatitud25.com\/news\/#website","url":"https:\/\/enlatitud25.com\/news\/","name":"Latitud25","description":"news","publisher":{"@id":"https:\/\/enlatitud25.com\/news\/#organization"},"potentialAction":[{"@type":"SearchAction","target":{"@type":"EntryPoint","urlTemplate":"https:\/\/enlatitud25.com\/news\/?s={search_term_string}"},"query-input":"required name=search_term_string"}],"inLanguage":"es"},{"@type":"Organization","@id":"https:\/\/enlatitud25.com\/news\/#organization","name":"Latitud 25 - News","url":"https:\/\/enlatitud25.com\/news\/","logo":{"@type":"ImageObject","inLanguage":"es","@id":"https:\/\/enlatitud25.com\/news\/#\/schema\/logo\/image\/","url":"https:\/\/enlatitud25.com\/news\/wp-content\/uploads\/2020\/11\/logo_latitud.png","contentUrl":"https:\/\/enlatitud25.com\/news\/wp-content\/uploads\/2020\/11\/logo_latitud.png","width":235,"height":39,"caption":"Latitud 25 - News"},"image":{"@id":"https:\/\/enlatitud25.com\/news\/#\/schema\/logo\/image\/"},"sameAs":["https:\/\/www.facebook.com\/EnLatitud25","https:\/\/twitter.com\/EnLatitud25","https:\/\/www.instagram.com\/enlatitud25\/","https:\/\/www.youtube.com\/user\/desdelatitud25"]},{"@type":"Person","@id":"https:\/\/enlatitud25.com\/news\/#\/schema\/person\/23aafe968917005a721b8eb760f2586e","name":"Latitud 25","sameAs":["https:\/\/enlatitud25.com\/news","https:\/\/www.facebook.com\/EnLatitud25","https:\/\/www.instagram.com\/enlatitud25","https:\/\/www.youtube.com\/user\/desdelatitud25","https:\/\/soundcloud.com\/enlatitud25"],"url":"https:\/\/enlatitud25.com\/news\/author\/nnews-uss00\/"}]}},"_links":{"self":[{"href":"https:\/\/enlatitud25.com\/news\/wp-json\/wp\/v2\/posts\/5997"}],"collection":[{"href":"https:\/\/enlatitud25.com\/news\/wp-json\/wp\/v2\/posts"}],"about":[{"href":"https:\/\/enlatitud25.com\/news\/wp-json\/wp\/v2\/types\/post"}],"author":[{"embeddable":true,"href":"https:\/\/enlatitud25.com\/news\/wp-json\/wp\/v2\/users\/1"}],"replies":[{"embeddable":true,"href":"https:\/\/enlatitud25.com\/news\/wp-json\/wp\/v2\/comments?post=5997"}],"version-history":[{"count":11,"href":"https:\/\/enlatitud25.com\/news\/wp-json\/wp\/v2\/posts\/5997\/revisions"}],"predecessor-version":[{"id":6026,"href":"https:\/\/enlatitud25.com\/news\/wp-json\/wp\/v2\/posts\/5997\/revisions\/6026"}],"wp:featuredmedia":[{"embeddable":true,"href":"https:\/\/enlatitud25.com\/news\/wp-json\/wp\/v2\/media\/6024"}],"wp:attachment":[{"href":"https:\/\/enlatitud25.com\/news\/wp-json\/wp\/v2\/media?parent=5997"}],"wp:term":[{"taxonomy":"category","embeddable":true,"href":"https:\/\/enlatitud25.com\/news\/wp-json\/wp\/v2\/categories?post=5997"},{"taxonomy":"post_tag","embeddable":true,"href":"https:\/\/enlatitud25.com\/news\/wp-json\/wp\/v2\/tags?post=5997"},{"taxonomy":"ubicacion","embeddable":true,"href":"https:\/\/enlatitud25.com\/news\/wp-json\/wp\/v2\/ubicacion?post=5997"}],"curies":[{"name":"wp","href":"https:\/\/api.w.org\/{rel}","templated":true}]}}