{"id":5789,"date":"2021-10-27T15:43:03","date_gmt":"2021-10-27T15:43:03","guid":{"rendered":"https:\/\/enlatitud25.com\/news\/?p=5789"},"modified":"2021-10-27T15:43:05","modified_gmt":"2021-10-27T15:43:05","slug":"mucho-se-habla-de-los-facebook-papers-pero-esto-es-lo-esencial-que-hay-que-saber","status":"publish","type":"post","link":"https:\/\/enlatitud25.com\/news\/mucho-se-habla-de-los-facebook-papers-pero-esto-es-lo-esencial-que-hay-que-saber\/","title":{"rendered":"Mucho se habla de los Facebook Papers, pero esto es lo esencial que hay que saber"},"content":{"rendered":"\n<p>Luego de varias mega filtraciones de documentos en los \u00faltimos a\u00f1os, que comprometieron a gobiernos enteros y pol\u00edticos alrededor del mundo, ahora es el turno de una de las empresas que almacena uno de los mayores reservorios de datos personales a nivel global.<\/p>\n\n\n\n<p>Desde este lunes 25 de octubre, un grupo de 17 medios comenz\u00f3 a realizar una serie de publicaciones de documentos que sacan a relucir la manera en la que Facebook oper\u00f3 durante los \u00faltimos a\u00f1os. Entre otras cosas, se abordan cuestiones sobre c\u00f3mo la compa\u00f1\u00eda eludi\u00f3  reaccionar en casos en los que pod\u00eda evitar conflictos, mensajes de odio y hasta trata de personas, seg\u00fan reportes de CNN, uno de los medios que accedi\u00f3 a estos papeles.<\/p>\n\n\n\n<p>Facebook Papers es el resultado de la denuncia hecha por la exadministradora de productos de Facebook, la inform\u00e1tica<strong> Frances Haugen<\/strong>, quien declar\u00f3 ante el Congreso de Estados Unidos y present\u00f3 m\u00e1s de 10.000 p\u00e1ginas de documentos internos de Facebook a la Comisi\u00f3n de Valores y Bolsa.<\/p>\n\n\n\n<p>Asimismo, tambi\u00e9n se present\u00f3 ante el Parlamento Brit\u00e1nico en Londres, donde afirm\u00f3 que la empresa de Mark Zuckerberg propiciar\u00e1 m\u00e1s situaciones de violencia en el mundo, bajo el argumento de que sus algoritmos fueron estructurados para propagar el contenido que genera divisi\u00f3n y odio, prevaleciendo el criterio comercial por encima del bienestar de sus usuarios.<\/p>\n\n\n\n<figure class=\"wp-block-image size-large\"><img decoding=\"async\" loading=\"lazy\" width=\"1024\" height=\"683\" src=\"https:\/\/enlatitud25.com\/news\/wp-content\/uploads\/2021\/07\/mobile-phone-1917737_1920-1024x683.jpg\" alt=\"\" class=\"wp-image-4281\" srcset=\"https:\/\/enlatitud25.com\/news\/wp-content\/uploads\/2021\/07\/mobile-phone-1917737_1920-1024x683.jpg 1024w, https:\/\/enlatitud25.com\/news\/wp-content\/uploads\/2021\/07\/mobile-phone-1917737_1920-300x200.jpg 300w, https:\/\/enlatitud25.com\/news\/wp-content\/uploads\/2021\/07\/mobile-phone-1917737_1920-768x512.jpg 768w, https:\/\/enlatitud25.com\/news\/wp-content\/uploads\/2021\/07\/mobile-phone-1917737_1920-1536x1024.jpg 1536w, https:\/\/enlatitud25.com\/news\/wp-content\/uploads\/2021\/07\/mobile-phone-1917737_1920-380x253.jpg 380w, https:\/\/enlatitud25.com\/news\/wp-content\/uploads\/2021\/07\/mobile-phone-1917737_1920-800x533.jpg 800w, https:\/\/enlatitud25.com\/news\/wp-content\/uploads\/2021\/07\/mobile-phone-1917737_1920-1160x773.jpg 1160w, https:\/\/enlatitud25.com\/news\/wp-content\/uploads\/2021\/07\/mobile-phone-1917737_1920.jpg 1920w\" sizes=\"(max-width: 1024px) 100vw, 1024px\" \/><\/figure>\n\n\n\n<p>Las 17 organizaciones de noticias pactaron una fecha y horario, 25 de octubre a las 7:00 AM, para tener tiempo de analizar los papeles y publicar sus reportes, as\u00ed como dar tiempo a la compa\u00f1\u00eda a que analice su descargo y para que prepare una respuesta.<\/p>\n\n\n\n<p style=\"font-size:22px\"><strong>Nexo para trata de personas<\/strong><\/p>\n\n\n\n<p>Facebook era nexo para las tres etapas de la explotaci\u00f3n humana, reclutaci\u00f3n, facilitaci\u00f3n y explotaci\u00f3n, ya que los integrantes de estos esquemas realizaban dicho proceso a trav\u00e9s de perfiles de Facebook e Instagram y los chats de Messenger y Whatsapp, seg\u00fan un informe interno de setiembre de 2019.<\/p>\n\n\n\n<p>En otros informes indican c\u00f3mo Facebook marc\u00f3 y elimin\u00f3 usuarios de Instagram que ofrec\u00edan a trabajadores dom\u00e9sticos como producto de venta, adem\u00e1s de la aplicaci\u00f3n de otras medidas. No obstante, CNN resalta que nada m\u00e1s la semana pasada accedi\u00f3 a cuentas de Instagram que segu\u00edan promocionando lo mismo.<\/p>\n\n\n\n<p>Despu\u00e9s de una consulta hecha por el medio de comunicaci\u00f3n a la compa\u00f1\u00eda de Zuckerberg y la confirmaci\u00f3n de que las mismas infring\u00edan pol\u00edticas de Facebook, las cuentas fueron eliminadas, as\u00ed como sus posteos.<\/p>\n\n\n\n<figure class=\"wp-block-image size-large\"><img decoding=\"async\" loading=\"lazy\" width=\"1024\" height=\"546\" src=\"https:\/\/enlatitud25.com\/news\/wp-content\/uploads\/2021\/10\/facebook-g869caa74e_1920-1024x546.jpg\" alt=\"\" class=\"wp-image-5794\" srcset=\"https:\/\/enlatitud25.com\/news\/wp-content\/uploads\/2021\/10\/facebook-g869caa74e_1920-1024x546.jpg 1024w, https:\/\/enlatitud25.com\/news\/wp-content\/uploads\/2021\/10\/facebook-g869caa74e_1920-300x160.jpg 300w, https:\/\/enlatitud25.com\/news\/wp-content\/uploads\/2021\/10\/facebook-g869caa74e_1920-768x409.jpg 768w, https:\/\/enlatitud25.com\/news\/wp-content\/uploads\/2021\/10\/facebook-g869caa74e_1920-1536x818.jpg 1536w, https:\/\/enlatitud25.com\/news\/wp-content\/uploads\/2021\/10\/facebook-g869caa74e_1920-380x202.jpg 380w, https:\/\/enlatitud25.com\/news\/wp-content\/uploads\/2021\/10\/facebook-g869caa74e_1920-800x426.jpg 800w, https:\/\/enlatitud25.com\/news\/wp-content\/uploads\/2021\/10\/facebook-g869caa74e_1920-1160x618.jpg 1160w, https:\/\/enlatitud25.com\/news\/wp-content\/uploads\/2021\/10\/facebook-g869caa74e_1920.jpg 1920w\" sizes=\"(max-width: 1024px) 100vw, 1024px\" \/><\/figure>\n\n\n\n<p style=\"font-size:22px\"><strong>Incitaci\u00f3n a la violencia<\/strong><\/p>\n\n\n\n<p>Los papeles internos de la red social, apuntan a que los trabajadores de la compa\u00f1\u00eda sab\u00edan que las estrategias que aplicaban no imped\u00edan que se sigan promocionando conflictivos mensajes que incitan a la violencia en pa\u00edses como Etiop\u00eda.<\/p>\n\n\n\n<p>Seg\u00fan estos documentos la compa\u00f1\u00eda de Zuckerberg califica a Etiop\u00eda como pa\u00eds de prioridad en riesgo de conflicto debido a la guerra civil. No obstante, el informe llamado \u201cDa\u00f1o Social Coordinado\u201d se\u00f1alaba que los grupos armados de ese pa\u00eds utilizaron a Facebook como canal para impulsar hechos de violencia en las minor\u00edas \u00e9tnicas, por lo que el documento alertaba justamente que las estrategias de mitigaci\u00f3n no eran suficientes.<\/p>\n\n\n\n<figure class=\"wp-block-image size-large\"><img decoding=\"async\" loading=\"lazy\" width=\"800\" height=\"500\" src=\"https:\/\/enlatitud25.com\/news\/wp-content\/uploads\/2021\/10\/home-office.jpg\" alt=\"\" class=\"wp-image-5795\" srcset=\"https:\/\/enlatitud25.com\/news\/wp-content\/uploads\/2021\/10\/home-office.jpg 800w, https:\/\/enlatitud25.com\/news\/wp-content\/uploads\/2021\/10\/home-office-300x188.jpg 300w, https:\/\/enlatitud25.com\/news\/wp-content\/uploads\/2021\/10\/home-office-768x480.jpg 768w, https:\/\/enlatitud25.com\/news\/wp-content\/uploads\/2021\/10\/home-office-380x238.jpg 380w\" sizes=\"(max-width: 800px) 100vw, 800px\" \/><\/figure>\n\n\n\n<p>Este hecho sucedi\u00f3 justamente en el 2018, cuando el papel de Facebook fue cuestionado por la ONU en base al rol de la compa\u00f1\u00eda en la crisis de Birmania. En ese entonces, Zuckerberg reconoci\u00f3 que Facebook no hizo lo suficiente para evitar alimentar los disturbios y se comprometi\u00f3 en moderar mejor la plataforma.<\/p>\n\n\n\n<p>En base a esto, Frances Haugen declar\u00f3 que Birmania y Etiop\u00eda eran solo un cap\u00edtulo inicial y consider\u00f3 que incluso hay muchas vidas m\u00e1s en juego.<\/p>\n\n\n\n<p style=\"font-size:22px\"><strong>J\u00f3venes como objetivo a pesar de efectos adversos<\/strong><\/p>\n\n\n\n<p>Los papeles de la red social tambi\u00e9n resaltan la manera en la que Facebook sigui\u00f3 esforz\u00e1ndose por llegar a m\u00e1s adultos j\u00f3venes a pesar de que la investigaci\u00f3n considera que plataformas como Instagram tienen un impacto adverso en la salud mental de las personas m\u00e1s j\u00f3venes.<\/p>\n\n\n\n<p>Los informen evidencian que la compa\u00f1\u00eda abord\u00f3 una triple estrategia, para que los j\u00f3venes adultos opten por Facebook como su red social preferida, que abarc\u00f3 mejoras en el dise\u00f1o y la navegaci\u00f3n para generar esa sensaci\u00f3n de cercan\u00eda y entretenimiento.<\/p>\n\n\n\n<p>En ese contexto, cabe resaltar que el an\u00e1lisis interno de Facebook, del que inform\u00f3 por primera vez The Wall Street Journal, dio estad\u00edsticas de c\u00f3mo las plataformas de la compa\u00f1\u00eda empeoran los trastornos en las mujeres j\u00f3venes, afectando su autoestima por los c\u00e1nones impuestos.<\/p>\n\n\n\n<p>Los n\u00fameros se\u00f1alan que genera problemas en la imagen corporal de 1 de cada 3 chicas adolescentes, que el 13,5% de las chicas adolescentes en Instagram dicen que la plataforma empeora los pensamientos de &#8216;Suicidio y Autolesi\u00f3n'&#8221; y el 17% dice que la plataforma, que es propiedad de Facebook, empeora los &#8220;Problemas de Alimentaci\u00f3n&#8221; como la anorexia.<\/p>\n\n\n\n<figure class=\"wp-block-image size-large\"><img decoding=\"async\" loading=\"lazy\" width=\"1024\" height=\"683\" src=\"https:\/\/enlatitud25.com\/news\/wp-content\/uploads\/2021\/09\/play-stone-1237457_1920-1024x683.jpg\" alt=\"\" class=\"wp-image-5165\" srcset=\"https:\/\/enlatitud25.com\/news\/wp-content\/uploads\/2021\/09\/play-stone-1237457_1920-1024x683.jpg 1024w, https:\/\/enlatitud25.com\/news\/wp-content\/uploads\/2021\/09\/play-stone-1237457_1920-300x200.jpg 300w, https:\/\/enlatitud25.com\/news\/wp-content\/uploads\/2021\/09\/play-stone-1237457_1920-768x512.jpg 768w, https:\/\/enlatitud25.com\/news\/wp-content\/uploads\/2021\/09\/play-stone-1237457_1920-1536x1024.jpg 1536w, https:\/\/enlatitud25.com\/news\/wp-content\/uploads\/2021\/09\/play-stone-1237457_1920-380x253.jpg 380w, https:\/\/enlatitud25.com\/news\/wp-content\/uploads\/2021\/09\/play-stone-1237457_1920-800x533.jpg 800w, https:\/\/enlatitud25.com\/news\/wp-content\/uploads\/2021\/09\/play-stone-1237457_1920-1160x773.jpg 1160w, https:\/\/enlatitud25.com\/news\/wp-content\/uploads\/2021\/09\/play-stone-1237457_1920.jpg 1920w\" sizes=\"(max-width: 1024px) 100vw, 1024px\" \/><\/figure>\n\n\n\n<p style=\"font-size:22px\"><strong>\u00bfQu\u00e9 respondi\u00f3 Facebook?<\/strong><\/p>\n\n\n\n<p>El CEO de Facebook, Mark Zuckerberg realiz\u00f3 su conferencia peri\u00f3dica con los inversionistas de la compa\u00f1\u00eda para evaluar el escenario financiero de la firma. <\/p>\n\n\n\n<p>En la ocasi\u00f3n, el ejecutivo dijo en un primer momento que la cr\u00edtica de buena fe le ayudar\u00e1 a la compa\u00f1\u00eda a mejorar, pero posteriormente apunt\u00f3 a que los medios que publicaron sus reflexiones sobre los documentos filtrados no est\u00e1n mostrando la realidad. <\/p>\n\n\n\n<p>&#8220;Pero mi opini\u00f3n es que lo que estamos viendo es un esfuerzo coordinado para utilizar selectivamente documentos filtrados para retratar una imagen falsa de nuestra empresa. Es un buen fragmento decir que no resolvemos estas compensaciones imposibles porque solo estamos enfocados en ganar dinero, pero la realidad es que estas preguntas no son principalmente sobre nuestro negocio, sino sobre el equilibrio de valores sociales dif\u00edciles&#8221;, apunt\u00f3. <\/p>\n\n\n\n<p>Andy Stone, portavoz de Facebook, afirm\u00f3 por su parte que la compa\u00f1\u00eda proh\u00edbe \u201cla explotaci\u00f3n humana en t\u00e9rminos muy claros y asegur\u00f3 que llevan mucho tiempo <strong>combatiendo la trata de personas en la plataforma<\/strong>, por lo que uno de los principales objetivo sigue siendo impedir que cualquiera que busque explotar a otros, tenga un lugar en la plataforma.<\/p>\n\n\n\n<p style=\"font-size:22px\"><strong>El cambio de nombre<\/strong><\/p>\n\n\n\n<p>Justamente, Mark Zuckerberg anunci\u00f3 el mi\u00e9rcoles, 20 de octubre, que en aproximadamente una semana Facebook cambiar\u00eda su nombre con el objetivo de &#8220;hacer cambios en la compa\u00f1\u00eda&#8221; y que sea conocida por instalar el &#8220;metaverso&#8221;, una realidad virtual generada a trav\u00e9s del dispositivo Oculus, unos visores utilizados en realidad virtual para juegos de video y simuladores.<\/p>\n\n\n\n<p>Esta informaci\u00f3n sobre la reestructuraci\u00f3n de la plataforma se dio a conocer en el marco de las pol\u00e9micas que envuelven a Facebook, que atraviesa un momento complejo, debido a los cuestionamientos que pesan sobre la red social. <\/p>\n\n\n\n<p>Aun no se dio a conocer el nuevo nombre que tendr\u00e1 la red social, pero adelantaron que con la incursi\u00f3n del metatarso, se dar\u00e1 un paso sustancial en la incorporaci\u00f3n de la realidad virtual para actividades sociales, laborales y de otra \u00edndole.<\/p>\n\n\n\n<p><strong>Le\u00e9 m\u00e1s sobre el metaverso en las siguientes gr\u00e1ficas:<\/strong><\/p>\n\n\n\n<blockquote class=\"instagram-media\" data-instgrm-permalink=\"https:\/\/www.instagram.com\/p\/CVQ-WQ5r8A5\/?utm_source=ig_embed&amp;utm_campaign=loading\" data-instgrm-version=\"14\" style=\" background:#FFF; border:0; border-radius:3px; box-shadow:0 0 1px 0 rgba(0,0,0,0.5),0 1px 10px 0 rgba(0,0,0,0.15); margin: 1px; max-width:540px; min-width:326px; padding:0; width:99.375%; width:-webkit-calc(100% - 2px); width:calc(100% - 2px);\"><div style=\"padding:16px;\"> <a href=\"https:\/\/www.instagram.com\/p\/CVQ-WQ5r8A5\/?utm_source=ig_embed&amp;utm_campaign=loading\" style=\" background:#FFFFFF; line-height:0; padding:0 0; text-align:center; text-decoration:none; width:100%;\" target=\"_blank\" rel=\"noopener noreferrer\"> <div style=\" display: flex; flex-direction: row; align-items: center;\"> <div style=\"background-color: #F4F4F4; border-radius: 50%; flex-grow: 0; height: 40px; margin-right: 14px; width: 40px;\"><\/div> <div style=\"display: flex; flex-direction: column; flex-grow: 1; justify-content: center;\"> <div style=\" background-color: #F4F4F4; border-radius: 4px; flex-grow: 0; height: 14px; margin-bottom: 6px; width: 100px;\"><\/div> <div style=\" background-color: #F4F4F4; border-radius: 4px; flex-grow: 0; height: 14px; width: 60px;\"><\/div><\/div><\/div><div style=\"padding: 19% 0;\"><\/div> <div style=\"display:block; height:50px; margin:0 auto 12px; width:50px;\"><svg width=\"50px\" height=\"50px\" viewBox=\"0 0 60 60\" version=\"1.1\" xmlns=\"https:\/\/www.w3.org\/2000\/svg\" xmlns:xlink=\"https:\/\/www.w3.org\/1999\/xlink\"><g stroke=\"none\" stroke-width=\"1\" fill=\"none\" fill-rule=\"evenodd\"><g transform=\"translate(-511.000000, -20.000000)\" fill=\"#000000\"><g><path d=\"M556.869,30.41 C554.814,30.41 553.148,32.076 553.148,34.131 C553.148,36.186 554.814,37.852 556.869,37.852 C558.924,37.852 560.59,36.186 560.59,34.131 C560.59,32.076 558.924,30.41 556.869,30.41 M541,60.657 C535.114,60.657 530.342,55.887 530.342,50 C530.342,44.114 535.114,39.342 541,39.342 C546.887,39.342 551.658,44.114 551.658,50 C551.658,55.887 546.887,60.657 541,60.657 M541,33.886 C532.1,33.886 524.886,41.1 524.886,50 C524.886,58.899 532.1,66.113 541,66.113 C549.9,66.113 557.115,58.899 557.115,50 C557.115,41.1 549.9,33.886 541,33.886 M565.378,62.101 C565.244,65.022 564.756,66.606 564.346,67.663 C563.803,69.06 563.154,70.057 562.106,71.106 C561.058,72.155 560.06,72.803 558.662,73.347 C557.607,73.757 556.021,74.244 553.102,74.378 C549.944,74.521 548.997,74.552 541,74.552 C533.003,74.552 532.056,74.521 528.898,74.378 C525.979,74.244 524.393,73.757 523.338,73.347 C521.94,72.803 520.942,72.155 519.894,71.106 C518.846,70.057 518.197,69.06 517.654,67.663 C517.244,66.606 516.755,65.022 516.623,62.101 C516.479,58.943 516.448,57.996 516.448,50 C516.448,42.003 516.479,41.056 516.623,37.899 C516.755,34.978 517.244,33.391 517.654,32.338 C518.197,30.938 518.846,29.942 519.894,28.894 C520.942,27.846 521.94,27.196 523.338,26.654 C524.393,26.244 525.979,25.756 528.898,25.623 C532.057,25.479 533.004,25.448 541,25.448 C548.997,25.448 549.943,25.479 553.102,25.623 C556.021,25.756 557.607,26.244 558.662,26.654 C560.06,27.196 561.058,27.846 562.106,28.894 C563.154,29.942 563.803,30.938 564.346,32.338 C564.756,33.391 565.244,34.978 565.378,37.899 C565.522,41.056 565.552,42.003 565.552,50 C565.552,57.996 565.522,58.943 565.378,62.101 M570.82,37.631 C570.674,34.438 570.167,32.258 569.425,30.349 C568.659,28.377 567.633,26.702 565.965,25.035 C564.297,23.368 562.623,22.342 560.652,21.575 C558.743,20.834 556.562,20.326 553.369,20.18 C550.169,20.033 549.148,20 541,20 C532.853,20 531.831,20.033 528.631,20.18 C525.438,20.326 523.257,20.834 521.349,21.575 C519.376,22.342 517.703,23.368 516.035,25.035 C514.368,26.702 513.342,28.377 512.574,30.349 C511.834,32.258 511.326,34.438 511.181,37.631 C511.035,40.831 511,41.851 511,50 C511,58.147 511.035,59.17 511.181,62.369 C511.326,65.562 511.834,67.743 512.574,69.651 C513.342,71.625 514.368,73.296 516.035,74.965 C517.703,76.634 519.376,77.658 521.349,78.425 C523.257,79.167 525.438,79.673 528.631,79.82 C531.831,79.965 532.853,80.001 541,80.001 C549.148,80.001 550.169,79.965 553.369,79.82 C556.562,79.673 558.743,79.167 560.652,78.425 C562.623,77.658 564.297,76.634 565.965,74.965 C567.633,73.296 568.659,71.625 569.425,69.651 C570.167,67.743 570.674,65.562 570.82,62.369 C570.966,59.17 571,58.147 571,50 C571,41.851 570.966,40.831 570.82,37.631\"><\/path><\/g><\/g><\/g><\/svg><\/div><div style=\"padding-top: 8px;\"> <div style=\" color:#3897f0; font-family:Arial,sans-serif; font-size:14px; font-style:normal; font-weight:550; line-height:18px;\">Ver esta publicaci\u00f3n en Instagram<\/div><\/div><div style=\"padding: 12.5% 0;\"><\/div> <div style=\"display: flex; flex-direction: row; margin-bottom: 14px; align-items: center;\"><div> <div style=\"background-color: #F4F4F4; border-radius: 50%; height: 12.5px; width: 12.5px; transform: translateX(0px) translateY(7px);\"><\/div> <div style=\"background-color: #F4F4F4; height: 12.5px; transform: rotate(-45deg) translateX(3px) translateY(1px); width: 12.5px; flex-grow: 0; margin-right: 14px; margin-left: 2px;\"><\/div> <div style=\"background-color: #F4F4F4; border-radius: 50%; height: 12.5px; width: 12.5px; transform: translateX(9px) translateY(-18px);\"><\/div><\/div><div style=\"margin-left: 8px;\"> <div style=\" background-color: #F4F4F4; border-radius: 50%; flex-grow: 0; height: 20px; width: 20px;\"><\/div> <div style=\" width: 0; height: 0; border-top: 2px solid transparent; border-left: 6px solid #f4f4f4; border-bottom: 2px solid transparent; transform: translateX(16px) translateY(-4px) rotate(30deg)\"><\/div><\/div><div style=\"margin-left: auto;\"> <div style=\" width: 0px; border-top: 8px solid #F4F4F4; border-right: 8px solid transparent; transform: translateY(16px);\"><\/div> <div style=\" background-color: #F4F4F4; flex-grow: 0; height: 12px; width: 16px; transform: translateY(-4px);\"><\/div> <div style=\" width: 0; height: 0; border-top: 8px solid #F4F4F4; border-left: 8px solid transparent; transform: translateY(-4px) translateX(8px);\"><\/div><\/div><\/div> <div style=\"display: flex; flex-direction: column; flex-grow: 1; justify-content: center; margin-bottom: 24px;\"> <div style=\" background-color: #F4F4F4; border-radius: 4px; flex-grow: 0; height: 14px; margin-bottom: 6px; width: 224px;\"><\/div> <div style=\" background-color: #F4F4F4; border-radius: 4px; flex-grow: 0; height: 14px; width: 144px;\"><\/div><\/div><\/a><p style=\" color:#c9c8cd; font-family:Arial,sans-serif; font-size:14px; line-height:17px; margin-bottom:0; margin-top:8px; overflow:hidden; padding:8px 0 7px; text-align:center; text-overflow:ellipsis; white-space:nowrap;\"><a href=\"https:\/\/www.instagram.com\/p\/CVQ-WQ5r8A5\/?utm_source=ig_embed&amp;utm_campaign=loading\" style=\" color:#c9c8cd; font-family:Arial,sans-serif; font-size:14px; font-style:normal; font-weight:normal; line-height:17px; text-decoration:none;\" target=\"_blank\" rel=\"noopener noreferrer\">Una publicaci\u00f3n compartida por LATITUD 25 (@enlatitud25)<\/a><\/p><\/div><\/blockquote> <script async=\"\" src=\"\/\/www.instagram.com\/embed.js\"><\/script>\n\n\n\n<p><\/p>\n","protected":false},"excerpt":{"rendered":"La nueva pol\u00e9mica que envuelve al gigante de las redes sociales, Facebook, pone contra la pared a su propietario, Mark Zuckerberg, tras la filtraci\u00f3n de documentos internos que fueron dados a conocer en el marco de la denuncia hecha por una extrabajadora de la firma. Esto coincide con el anuncio reciente de cambiar el nombre de la red social y de crear el -metaverso-, lo que podr\u00eda suponer un cambio sustancial en la manera en la que concebimos la tecnolog\u00eda.\n","protected":false},"author":1,"featured_media":5791,"comment_status":"closed","ping_status":"closed","sticky":false,"template":"","format":"standard","meta":[],"categories":[617],"tags":[389,706,709,708,707],"ubicacion":[17],"yoast_head":"<!-- This site is optimized with the Yoast SEO plugin v20.8 - https:\/\/yoast.com\/wordpress\/plugins\/seo\/ -->\n<title>Mucho se habla de los Facebook Papers, pero esto es lo esencial que hay que saber &ndash; Latitud25<\/title>\n<meta name=\"description\" content=\"Mir\u00e1 nuestros reportajes audiovisuales y seguinos para enterarte de las \u00faltimas noticias de Paraguay y el mundo, desde la Latitud25. Somos Alternativa de Informaci\u00f3n.\" \/>\n<meta name=\"robots\" content=\"index, follow, max-snippet:-1, max-image-preview:large, max-video-preview:-1\" \/>\n<link rel=\"canonical\" href=\"https:\/\/enlatitud25.com\/news\/mucho-se-habla-de-los-facebook-papers-pero-esto-es-lo-esencial-que-hay-que-saber\/\" \/>\n<meta property=\"og:locale\" content=\"es_ES\" \/>\n<meta property=\"og:type\" content=\"article\" \/>\n<meta property=\"og:title\" content=\"Mucho se habla de los Facebook Papers, pero esto es lo esencial que hay que saber &ndash; Latitud25\" \/>\n<meta property=\"og:description\" content=\"Mir\u00e1 nuestros reportajes audiovisuales y seguinos para enterarte de las \u00faltimas noticias de Paraguay y el mundo, desde la Latitud25. Somos Alternativa de Informaci\u00f3n.\" \/>\n<meta property=\"og:url\" content=\"https:\/\/enlatitud25.com\/news\/mucho-se-habla-de-los-facebook-papers-pero-esto-es-lo-esencial-que-hay-que-saber\/\" \/>\n<meta property=\"og:site_name\" content=\"Latitud25\" \/>\n<meta property=\"article:publisher\" content=\"https:\/\/www.facebook.com\/EnLatitud25\" \/>\n<meta property=\"article:author\" content=\"https:\/\/www.facebook.com\/EnLatitud25\" \/>\n<meta property=\"article:published_time\" content=\"2021-10-27T15:43:03+00:00\" \/>\n<meta property=\"article:modified_time\" content=\"2021-10-27T15:43:05+00:00\" \/>\n<meta property=\"og:image\" content=\"https:\/\/enlatitud25.com\/news\/wp-content\/uploads\/2021\/10\/Facebook_Papers.jpg\" \/>\n\t<meta property=\"og:image:width\" content=\"800\" \/>\n\t<meta property=\"og:image:height\" content=\"500\" \/>\n\t<meta property=\"og:image:type\" content=\"image\/jpeg\" \/>\n<meta name=\"author\" content=\"Latitud 25\" \/>\n<meta name=\"twitter:card\" content=\"summary_large_image\" \/>\n<meta name=\"twitter:creator\" content=\"@EnLatitud25\" \/>\n<meta name=\"twitter:site\" content=\"@EnLatitud25\" \/>\n<meta name=\"twitter:label1\" content=\"Escrito por\" \/>\n\t<meta name=\"twitter:data1\" content=\"Latitud 25\" \/>\n\t<meta name=\"twitter:label2\" content=\"Tiempo de lectura\" \/>\n\t<meta name=\"twitter:data2\" content=\"6 minutos\" \/>\n<script type=\"application\/ld+json\" class=\"yoast-schema-graph\">{\"@context\":\"https:\/\/schema.org\",\"@graph\":[{\"@type\":\"Article\",\"@id\":\"https:\/\/enlatitud25.com\/news\/mucho-se-habla-de-los-facebook-papers-pero-esto-es-lo-esencial-que-hay-que-saber\/#article\",\"isPartOf\":{\"@id\":\"https:\/\/enlatitud25.com\/news\/mucho-se-habla-de-los-facebook-papers-pero-esto-es-lo-esencial-que-hay-que-saber\/\"},\"author\":{\"name\":\"Latitud 25\",\"@id\":\"https:\/\/enlatitud25.com\/news\/#\/schema\/person\/23aafe968917005a721b8eb760f2586e\"},\"headline\":\"Mucho se habla de los Facebook Papers, pero esto es lo esencial que hay que saber\",\"datePublished\":\"2021-10-27T15:43:03+00:00\",\"dateModified\":\"2021-10-27T15:43:05+00:00\",\"mainEntityOfPage\":{\"@id\":\"https:\/\/enlatitud25.com\/news\/mucho-se-habla-de-los-facebook-papers-pero-esto-es-lo-esencial-que-hay-que-saber\/\"},\"wordCount\":1244,\"publisher\":{\"@id\":\"https:\/\/enlatitud25.com\/news\/#organization\"},\"keywords\":[\"documentos\",\"Facebook\",\"filtraci\u00f3n\",\"metaverso\",\"papers\"],\"articleSection\":[\"Tecnolog\u00eda\"],\"inLanguage\":\"es\"},{\"@type\":\"WebPage\",\"@id\":\"https:\/\/enlatitud25.com\/news\/mucho-se-habla-de-los-facebook-papers-pero-esto-es-lo-esencial-que-hay-que-saber\/\",\"url\":\"https:\/\/enlatitud25.com\/news\/mucho-se-habla-de-los-facebook-papers-pero-esto-es-lo-esencial-que-hay-que-saber\/\",\"name\":\"Mucho se habla de los Facebook Papers, pero esto es lo esencial que hay que saber &ndash; Latitud25\",\"isPartOf\":{\"@id\":\"https:\/\/enlatitud25.com\/news\/#website\"},\"datePublished\":\"2021-10-27T15:43:03+00:00\",\"dateModified\":\"2021-10-27T15:43:05+00:00\",\"description\":\"Mir\u00e1 nuestros reportajes audiovisuales y seguinos para enterarte de las \u00faltimas noticias de Paraguay y el mundo, desde la Latitud25. Somos Alternativa de Informaci\u00f3n.\",\"breadcrumb\":{\"@id\":\"https:\/\/enlatitud25.com\/news\/mucho-se-habla-de-los-facebook-papers-pero-esto-es-lo-esencial-que-hay-que-saber\/#breadcrumb\"},\"inLanguage\":\"es\",\"potentialAction\":[{\"@type\":\"ReadAction\",\"target\":[\"https:\/\/enlatitud25.com\/news\/mucho-se-habla-de-los-facebook-papers-pero-esto-es-lo-esencial-que-hay-que-saber\/\"]}]},{\"@type\":\"BreadcrumbList\",\"@id\":\"https:\/\/enlatitud25.com\/news\/mucho-se-habla-de-los-facebook-papers-pero-esto-es-lo-esencial-que-hay-que-saber\/#breadcrumb\",\"itemListElement\":[{\"@type\":\"ListItem\",\"position\":1,\"name\":\"Home\",\"item\":\"https:\/\/enlatitud25.com\/news\/\"},{\"@type\":\"ListItem\",\"position\":2,\"name\":\"Mucho se habla de los Facebook Papers, pero esto es lo esencial que hay que saber\"}]},{\"@type\":\"WebSite\",\"@id\":\"https:\/\/enlatitud25.com\/news\/#website\",\"url\":\"https:\/\/enlatitud25.com\/news\/\",\"name\":\"Latitud25\",\"description\":\"news\",\"publisher\":{\"@id\":\"https:\/\/enlatitud25.com\/news\/#organization\"},\"potentialAction\":[{\"@type\":\"SearchAction\",\"target\":{\"@type\":\"EntryPoint\",\"urlTemplate\":\"https:\/\/enlatitud25.com\/news\/?s={search_term_string}\"},\"query-input\":\"required name=search_term_string\"}],\"inLanguage\":\"es\"},{\"@type\":\"Organization\",\"@id\":\"https:\/\/enlatitud25.com\/news\/#organization\",\"name\":\"Latitud 25 - News\",\"url\":\"https:\/\/enlatitud25.com\/news\/\",\"logo\":{\"@type\":\"ImageObject\",\"inLanguage\":\"es\",\"@id\":\"https:\/\/enlatitud25.com\/news\/#\/schema\/logo\/image\/\",\"url\":\"https:\/\/enlatitud25.com\/news\/wp-content\/uploads\/2020\/11\/logo_latitud.png\",\"contentUrl\":\"https:\/\/enlatitud25.com\/news\/wp-content\/uploads\/2020\/11\/logo_latitud.png\",\"width\":235,\"height\":39,\"caption\":\"Latitud 25 - News\"},\"image\":{\"@id\":\"https:\/\/enlatitud25.com\/news\/#\/schema\/logo\/image\/\"},\"sameAs\":[\"https:\/\/www.facebook.com\/EnLatitud25\",\"https:\/\/twitter.com\/EnLatitud25\",\"https:\/\/www.instagram.com\/enlatitud25\/\",\"https:\/\/www.youtube.com\/user\/desdelatitud25\"]},{\"@type\":\"Person\",\"@id\":\"https:\/\/enlatitud25.com\/news\/#\/schema\/person\/23aafe968917005a721b8eb760f2586e\",\"name\":\"Latitud 25\",\"sameAs\":[\"https:\/\/enlatitud25.com\/news\",\"https:\/\/www.facebook.com\/EnLatitud25\",\"https:\/\/www.instagram.com\/enlatitud25\",\"https:\/\/www.youtube.com\/user\/desdelatitud25\",\"https:\/\/soundcloud.com\/enlatitud25\"],\"url\":\"https:\/\/enlatitud25.com\/news\/author\/nnews-uss00\/\"}]}<\/script>\n<!-- \/ Yoast SEO plugin. -->","yoast_head_json":{"title":"Mucho se habla de los Facebook Papers, pero esto es lo esencial que hay que saber &ndash; Latitud25","description":"Mir\u00e1 nuestros reportajes audiovisuales y seguinos para enterarte de las \u00faltimas noticias de Paraguay y el mundo, desde la Latitud25. Somos Alternativa de Informaci\u00f3n.","robots":{"index":"index","follow":"follow","max-snippet":"max-snippet:-1","max-image-preview":"max-image-preview:large","max-video-preview":"max-video-preview:-1"},"canonical":"https:\/\/enlatitud25.com\/news\/mucho-se-habla-de-los-facebook-papers-pero-esto-es-lo-esencial-que-hay-que-saber\/","og_locale":"es_ES","og_type":"article","og_title":"Mucho se habla de los Facebook Papers, pero esto es lo esencial que hay que saber &ndash; Latitud25","og_description":"Mir\u00e1 nuestros reportajes audiovisuales y seguinos para enterarte de las \u00faltimas noticias de Paraguay y el mundo, desde la Latitud25. Somos Alternativa de Informaci\u00f3n.","og_url":"https:\/\/enlatitud25.com\/news\/mucho-se-habla-de-los-facebook-papers-pero-esto-es-lo-esencial-que-hay-que-saber\/","og_site_name":"Latitud25","article_publisher":"https:\/\/www.facebook.com\/EnLatitud25","article_author":"https:\/\/www.facebook.com\/EnLatitud25","article_published_time":"2021-10-27T15:43:03+00:00","article_modified_time":"2021-10-27T15:43:05+00:00","og_image":[{"width":800,"height":500,"url":"https:\/\/enlatitud25.com\/news\/wp-content\/uploads\/2021\/10\/Facebook_Papers.jpg","type":"image\/jpeg"}],"author":"Latitud 25","twitter_card":"summary_large_image","twitter_creator":"@EnLatitud25","twitter_site":"@EnLatitud25","twitter_misc":{"Escrito por":"Latitud 25","Tiempo de lectura":"6 minutos"},"schema":{"@context":"https:\/\/schema.org","@graph":[{"@type":"Article","@id":"https:\/\/enlatitud25.com\/news\/mucho-se-habla-de-los-facebook-papers-pero-esto-es-lo-esencial-que-hay-que-saber\/#article","isPartOf":{"@id":"https:\/\/enlatitud25.com\/news\/mucho-se-habla-de-los-facebook-papers-pero-esto-es-lo-esencial-que-hay-que-saber\/"},"author":{"name":"Latitud 25","@id":"https:\/\/enlatitud25.com\/news\/#\/schema\/person\/23aafe968917005a721b8eb760f2586e"},"headline":"Mucho se habla de los Facebook Papers, pero esto es lo esencial que hay que saber","datePublished":"2021-10-27T15:43:03+00:00","dateModified":"2021-10-27T15:43:05+00:00","mainEntityOfPage":{"@id":"https:\/\/enlatitud25.com\/news\/mucho-se-habla-de-los-facebook-papers-pero-esto-es-lo-esencial-que-hay-que-saber\/"},"wordCount":1244,"publisher":{"@id":"https:\/\/enlatitud25.com\/news\/#organization"},"keywords":["documentos","Facebook","filtraci\u00f3n","metaverso","papers"],"articleSection":["Tecnolog\u00eda"],"inLanguage":"es"},{"@type":"WebPage","@id":"https:\/\/enlatitud25.com\/news\/mucho-se-habla-de-los-facebook-papers-pero-esto-es-lo-esencial-que-hay-que-saber\/","url":"https:\/\/enlatitud25.com\/news\/mucho-se-habla-de-los-facebook-papers-pero-esto-es-lo-esencial-que-hay-que-saber\/","name":"Mucho se habla de los Facebook Papers, pero esto es lo esencial que hay que saber &ndash; Latitud25","isPartOf":{"@id":"https:\/\/enlatitud25.com\/news\/#website"},"datePublished":"2021-10-27T15:43:03+00:00","dateModified":"2021-10-27T15:43:05+00:00","description":"Mir\u00e1 nuestros reportajes audiovisuales y seguinos para enterarte de las \u00faltimas noticias de Paraguay y el mundo, desde la Latitud25. Somos Alternativa de Informaci\u00f3n.","breadcrumb":{"@id":"https:\/\/enlatitud25.com\/news\/mucho-se-habla-de-los-facebook-papers-pero-esto-es-lo-esencial-que-hay-que-saber\/#breadcrumb"},"inLanguage":"es","potentialAction":[{"@type":"ReadAction","target":["https:\/\/enlatitud25.com\/news\/mucho-se-habla-de-los-facebook-papers-pero-esto-es-lo-esencial-que-hay-que-saber\/"]}]},{"@type":"BreadcrumbList","@id":"https:\/\/enlatitud25.com\/news\/mucho-se-habla-de-los-facebook-papers-pero-esto-es-lo-esencial-que-hay-que-saber\/#breadcrumb","itemListElement":[{"@type":"ListItem","position":1,"name":"Home","item":"https:\/\/enlatitud25.com\/news\/"},{"@type":"ListItem","position":2,"name":"Mucho se habla de los Facebook Papers, pero esto es lo esencial que hay que saber"}]},{"@type":"WebSite","@id":"https:\/\/enlatitud25.com\/news\/#website","url":"https:\/\/enlatitud25.com\/news\/","name":"Latitud25","description":"news","publisher":{"@id":"https:\/\/enlatitud25.com\/news\/#organization"},"potentialAction":[{"@type":"SearchAction","target":{"@type":"EntryPoint","urlTemplate":"https:\/\/enlatitud25.com\/news\/?s={search_term_string}"},"query-input":"required name=search_term_string"}],"inLanguage":"es"},{"@type":"Organization","@id":"https:\/\/enlatitud25.com\/news\/#organization","name":"Latitud 25 - News","url":"https:\/\/enlatitud25.com\/news\/","logo":{"@type":"ImageObject","inLanguage":"es","@id":"https:\/\/enlatitud25.com\/news\/#\/schema\/logo\/image\/","url":"https:\/\/enlatitud25.com\/news\/wp-content\/uploads\/2020\/11\/logo_latitud.png","contentUrl":"https:\/\/enlatitud25.com\/news\/wp-content\/uploads\/2020\/11\/logo_latitud.png","width":235,"height":39,"caption":"Latitud 25 - News"},"image":{"@id":"https:\/\/enlatitud25.com\/news\/#\/schema\/logo\/image\/"},"sameAs":["https:\/\/www.facebook.com\/EnLatitud25","https:\/\/twitter.com\/EnLatitud25","https:\/\/www.instagram.com\/enlatitud25\/","https:\/\/www.youtube.com\/user\/desdelatitud25"]},{"@type":"Person","@id":"https:\/\/enlatitud25.com\/news\/#\/schema\/person\/23aafe968917005a721b8eb760f2586e","name":"Latitud 25","sameAs":["https:\/\/enlatitud25.com\/news","https:\/\/www.facebook.com\/EnLatitud25","https:\/\/www.instagram.com\/enlatitud25","https:\/\/www.youtube.com\/user\/desdelatitud25","https:\/\/soundcloud.com\/enlatitud25"],"url":"https:\/\/enlatitud25.com\/news\/author\/nnews-uss00\/"}]}},"_links":{"self":[{"href":"https:\/\/enlatitud25.com\/news\/wp-json\/wp\/v2\/posts\/5789"}],"collection":[{"href":"https:\/\/enlatitud25.com\/news\/wp-json\/wp\/v2\/posts"}],"about":[{"href":"https:\/\/enlatitud25.com\/news\/wp-json\/wp\/v2\/types\/post"}],"author":[{"embeddable":true,"href":"https:\/\/enlatitud25.com\/news\/wp-json\/wp\/v2\/users\/1"}],"replies":[{"embeddable":true,"href":"https:\/\/enlatitud25.com\/news\/wp-json\/wp\/v2\/comments?post=5789"}],"version-history":[{"count":11,"href":"https:\/\/enlatitud25.com\/news\/wp-json\/wp\/v2\/posts\/5789\/revisions"}],"predecessor-version":[{"id":5810,"href":"https:\/\/enlatitud25.com\/news\/wp-json\/wp\/v2\/posts\/5789\/revisions\/5810"}],"wp:featuredmedia":[{"embeddable":true,"href":"https:\/\/enlatitud25.com\/news\/wp-json\/wp\/v2\/media\/5791"}],"wp:attachment":[{"href":"https:\/\/enlatitud25.com\/news\/wp-json\/wp\/v2\/media?parent=5789"}],"wp:term":[{"taxonomy":"category","embeddable":true,"href":"https:\/\/enlatitud25.com\/news\/wp-json\/wp\/v2\/categories?post=5789"},{"taxonomy":"post_tag","embeddable":true,"href":"https:\/\/enlatitud25.com\/news\/wp-json\/wp\/v2\/tags?post=5789"},{"taxonomy":"ubicacion","embeddable":true,"href":"https:\/\/enlatitud25.com\/news\/wp-json\/wp\/v2\/ubicacion?post=5789"}],"curies":[{"name":"wp","href":"https:\/\/api.w.org\/{rel}","templated":true}]}}