{"id":5432,"date":"2021-10-08T20:11:42","date_gmt":"2021-10-08T20:11:42","guid":{"rendered":"https:\/\/enlatitud25.com\/news\/?p=5432"},"modified":"2021-10-08T20:11:43","modified_gmt":"2021-10-08T20:11:43","slug":"depender-del-whatsapp-sin-proteccion-de-datos-es-mas-grave-de-lo-que-crees","status":"publish","type":"post","link":"https:\/\/enlatitud25.com\/news\/depender-del-whatsapp-sin-proteccion-de-datos-es-mas-grave-de-lo-que-crees\/","title":{"rendered":"Depender del WhatsApp sin protecci\u00f3n de datos, es m\u00e1s grave de lo que cre\u00e9s"},"content":{"rendered":"\n<p>Si bien la ca\u00edda m\u00e1s extensa de Instagram, Facebook y WhatsApp sucedi\u00f3 el martes 5 de octubre, este hecho gener\u00f3 una reacci\u00f3n en cadena y se expandi\u00f3 a una serie de teor\u00edas y debates de todo tipo, desde el hackeo, el error t\u00e9cnico en la transmisi\u00f3n del servicio, hasta la influencia de la condici\u00f3n astron\u00f3mica de mercurio retr\u00f3grado. <\/p>\n\n\n\n<p>Lo cierto, es que esta situaci\u00f3n, gener\u00f3 tambi\u00e9n una reflexi\u00f3n m\u00e1s profunda que guarda relaci\u00f3n  con el monopolio en materia comunicativa  y la posibilidad de que fallas como estas puedan afectar los datos personales de los usuarios. <\/p>\n\n\n\n<p>Respecto a la situaci\u00f3n de Paraguay, RadioCast25 convers\u00f3 con varios especialistas nacionales, como la  directora de ciberseguridad del Ministerio de Tecnolog\u00edas de la Informaci\u00f3n y Comunicaci\u00f3n (MITIC), <strong>Gabriela Ratti<\/strong>; el consultor inform\u00e1tico <strong>Marcelo Elizeche Land\u00f3<\/strong> y el director de Paraguay Ciberseguro y Ciberpadres Latinoam\u00e9rica, <strong>Miguel \u00c1ngel Gaspar<\/strong>. <\/p>\n\n\n\n<figure class=\"wp-block-image size-large\"><img decoding=\"async\" loading=\"lazy\" width=\"800\" height=\"500\" src=\"https:\/\/enlatitud25.com\/news\/wp-content\/uploads\/2021\/09\/apps_hack.jpg\" alt=\"\" class=\"wp-image-4955\" srcset=\"https:\/\/enlatitud25.com\/news\/wp-content\/uploads\/2021\/09\/apps_hack.jpg 800w, https:\/\/enlatitud25.com\/news\/wp-content\/uploads\/2021\/09\/apps_hack-300x188.jpg 300w, https:\/\/enlatitud25.com\/news\/wp-content\/uploads\/2021\/09\/apps_hack-768x480.jpg 768w, https:\/\/enlatitud25.com\/news\/wp-content\/uploads\/2021\/09\/apps_hack-380x238.jpg 380w\" sizes=\"(max-width: 800px) 100vw, 800px\" \/><\/figure>\n\n\n\n<p style=\"font-size:22px\"><strong>El riesgo de la dependencia de WhatsApp<\/strong><\/p>\n\n\n\n<p>Tras las seis horas que quedaron sin servicio <strong>Facebook y<\/strong> <strong>WhatsApp,<\/strong> es necesario analizar qu\u00e9 tanto dependemos de esas empresas y prever una alternativa en caso de que no podamos comunicarnos por estos medios, resalt\u00f3 el consultor inform\u00e1tico <strong>Marcelo Elizeche<\/strong>. <\/p>\n\n\n\n<p>En cuanto al gobierno, reflexion\u00f3 que ser\u00eda mejor tener una infraestructura propia, ya que la soberan\u00eda digital, explic\u00f3, se basa en que la supervivencia como pa\u00eds en el entorno digital no dependa de factores externos. &#8220;Yo creo que si la comunicaci\u00f3n del gobierno depende de WhatsApp, ahora estamos jodidos&#8221;. <\/p>\n\n\n\n<p>Por su parte, <strong>Gabriela Ratti<\/strong>, directora de ciberseguridad del MITIC, reconoci\u00f3 que en nuestro pa\u00eds la mayor\u00eda de los comercios utilizan WhatsApp como medio de comunicaci\u00f3n principal. &#8220;El debate es un poco m\u00e1s complejo, porque culturalmente estamos muy acostumbrados&#8221;, ratific\u00f3.<\/p>\n\n\n\n<p>Reconoci\u00f3 que a nivel de gobierno tambi\u00e9n se utiliza como un canal de atenci\u00f3n y calific\u00f3 esta situaci\u00f3n como un c\u00edrculo vicioso. &#8220;El riesgo realmente est\u00e1 en ciberseguridad. Un punto \u00fanico de falla es un riesgo, porque cae eso y nos quedamos incomunicados a nivel de personal o profesional&#8221;, asever\u00f3. <\/p>\n\n\n\n<p><\/p>\n\n\n\n<figure class=\"wp-block-image size-large\"><img decoding=\"async\" loading=\"lazy\" width=\"1024\" height=\"683\" src=\"https:\/\/enlatitud25.com\/news\/wp-content\/uploads\/2021\/07\/mobile-phone-1917737_1920-1024x683.jpg\" alt=\"\" class=\"wp-image-4281\" srcset=\"https:\/\/enlatitud25.com\/news\/wp-content\/uploads\/2021\/07\/mobile-phone-1917737_1920-1024x683.jpg 1024w, https:\/\/enlatitud25.com\/news\/wp-content\/uploads\/2021\/07\/mobile-phone-1917737_1920-300x200.jpg 300w, https:\/\/enlatitud25.com\/news\/wp-content\/uploads\/2021\/07\/mobile-phone-1917737_1920-768x512.jpg 768w, https:\/\/enlatitud25.com\/news\/wp-content\/uploads\/2021\/07\/mobile-phone-1917737_1920-1536x1024.jpg 1536w, https:\/\/enlatitud25.com\/news\/wp-content\/uploads\/2021\/07\/mobile-phone-1917737_1920-380x253.jpg 380w, https:\/\/enlatitud25.com\/news\/wp-content\/uploads\/2021\/07\/mobile-phone-1917737_1920-800x533.jpg 800w, https:\/\/enlatitud25.com\/news\/wp-content\/uploads\/2021\/07\/mobile-phone-1917737_1920-1160x773.jpg 1160w, https:\/\/enlatitud25.com\/news\/wp-content\/uploads\/2021\/07\/mobile-phone-1917737_1920.jpg 1920w\" sizes=\"(max-width: 1024px) 100vw, 1024px\" \/><\/figure>\n\n\n\n<p>Justamente, el especialista en ciberseguridad,<strong> Miguel \u00c1ngel Gaspar <\/strong>hab\u00eda cuestionado a la <strong>Secretar\u00eda Nacional Antidrogas (Senad) <\/strong>por el hecho de utilizar Whatsapp como medio para recibir denuncias an\u00f3nimas, una medida muy poco seria, profesional y segura para manejar hechos vinculados a narcotr\u00e1fico, lo que vulnerabiliza y expone al denunciante.<\/p>\n\n\n\n<p>&#8220;Tienen que entender que no hay posibilidad de alinear la palabra <strong>an\u00f3nimo<\/strong> a WhatsApp y que no es la herramienta adecuada para hacer ese tipo de denuncias. Si hubieran querido hacer algo serio, an\u00f3nimo y privado deber\u00edan haber elegido otras herramientas que rayan la gratuidad para estas cosas, porque ya est\u00e1n dise\u00f1adas&#8221;, indic\u00f3. <\/p>\n\n\n\n<p>Tambi\u00e9n cuestion\u00f3 el uso de Gmail para los correos institucionales del Estado, ya que afirm\u00f3 que no existe un acuerdo entre Google y el Gobierno paraguayo para un mejor manejo y seguridad de esta herramienta, que garantice que esa informaci\u00f3n de car\u00e1cter oficial, no sea vulnerada.<\/p>\n\n\n\n<p>&#8220;Entonces estamos dando vueltas hasta el d\u00eda en que pase algo, como que nos secuestren los datos a nivel institucional, que nos quedemos al aire con los servidores. Si alguien apunta a Paraguay, fuimos&#8221;, cuestion\u00f3. <\/p>\n\n\n\n<p style=\"font-size:22px\"><strong>Ley de protecci\u00f3n de datos sigue pendiente<\/strong><\/p>\n\n\n\n<p>Adem\u00e1s de la dependencia de WhatsApp, la manera en que se manejan los datos personales, en las redes sociales, aplicaciones y otras p\u00e1ginas de internet, es tambi\u00e9n un gran problema. <\/p>\n\n\n\n<p>La informaci\u00f3n privada como la direcci\u00f3n de la casa, direcci\u00f3n laboral y el n\u00famero de tel\u00e9fono, es un dato que por ley est\u00e1 definido como p\u00fablico, eso tiene que cambiarse. Adem\u00e1s hoy no se pide un consentimiento, subray\u00f3 <strong>Gabriela Ratti<\/strong>, directora de ciberseguridad del MITIC. <\/p>\n\n\n\n<p>Asimismo, habl\u00f3 de la necesidad de una Agencia Nacional de Protecci\u00f3n de Datos, la cual ser\u00eda creada a trav\u00e9s de un proyecto de ley que actualmente ya se encuentra en el Congreso Nacional. <\/p>\n\n\n\n<p>En ese punto, seg\u00fan Miguel \u00c1ngel Gaspar, el objetivo de la propuesta legislativa para la protecci\u00f3n de datos personales es que sea una ley marco para cualquier tipo de recolecci\u00f3n y tratamiento de datos.  <\/p>\n\n\n\n<p>&#8220;Esa ley es independiente a la tecnolog\u00eda, porque si ma\u00f1ana Paraguay llega a tener un servidor cu\u00e1ntico con holograma, la ley va a seguir sirviendo&#8221;, enfatiz\u00f3. <\/p>\n\n\n\n<figure class=\"wp-block-image size-large\"><img decoding=\"async\" loading=\"lazy\" width=\"1024\" height=\"685\" src=\"https:\/\/enlatitud25.com\/news\/wp-content\/uploads\/2021\/09\/social-media-1989152_1920-1024x685.jpg\" alt=\"\" class=\"wp-image-5137\" srcset=\"https:\/\/enlatitud25.com\/news\/wp-content\/uploads\/2021\/09\/social-media-1989152_1920-1024x685.jpg 1024w, https:\/\/enlatitud25.com\/news\/wp-content\/uploads\/2021\/09\/social-media-1989152_1920-300x201.jpg 300w, https:\/\/enlatitud25.com\/news\/wp-content\/uploads\/2021\/09\/social-media-1989152_1920-768x514.jpg 768w, https:\/\/enlatitud25.com\/news\/wp-content\/uploads\/2021\/09\/social-media-1989152_1920-1536x1028.jpg 1536w, https:\/\/enlatitud25.com\/news\/wp-content\/uploads\/2021\/09\/social-media-1989152_1920-380x254.jpg 380w, https:\/\/enlatitud25.com\/news\/wp-content\/uploads\/2021\/09\/social-media-1989152_1920-800x535.jpg 800w, https:\/\/enlatitud25.com\/news\/wp-content\/uploads\/2021\/09\/social-media-1989152_1920-1160x776.jpg 1160w, https:\/\/enlatitud25.com\/news\/wp-content\/uploads\/2021\/09\/social-media-1989152_1920.jpg 1920w\" sizes=\"(max-width: 1024px) 100vw, 1024px\" \/><\/figure>\n\n\n\n<p>No obstante, confes\u00f3 que la elaboraci\u00f3n, desarrollo, discusi\u00f3n y puesta en marcha de una ley de protecci\u00f3n llevar\u00e1 dos o tres a\u00f1os. A\u00f1adi\u00f3 que hay puntos neur\u00e1lgicos en el tratamiento de esta ley: uno se basa en la conformaci\u00f3n de una Agencia Nacional de Protecci\u00f3n de Datos, para que sea un ente independiente y aut\u00f3nomo, cuya barrera actual es la falta de presupuesto.<\/p>\n\n\n\n<p>El otro punto clave se basa en que algunas personas temen que esta ley acabe con la transparencia en la funci\u00f3n p\u00fablica. <\/p>\n\n\n\n<p>&#8220;Algunos se agarran de esa ley de protecci\u00f3n de datos para que los datos que son p\u00fablicos no sean. Lo que hay que entender es que cuando vos eleg\u00eds la funci\u00f3n p\u00fablica, eleg\u00eds ser transparente. Si no va a poder, tiene que apartarse&#8221;, sostuvo.<\/p>\n\n\n\n<p>Al respecto, la directora de ciberseguridad del MITIC, consider\u00f3 que el mayor desaf\u00edo de este drama no ser\u00e1 lograr la aprobaci\u00f3n de la ley sino el control para aplicarla.<\/p>\n\n\n\n<p><\/p>\n","protected":false},"excerpt":{"rendered":"Vivimos conectados a los smartphones, por esa dependencia irrefrenable a las redes sociales como Instagram, Facebook y al sistema de mensajer\u00eda de WhatsApp. En atenci\u00f3n a la cantidad de datos personales que manejan estas compa\u00f1\u00edas, se reabre el debate sobre la necesidad de proteger este tipo de informaciones y de buscar medios alternativos, tras el esc\u00e1ndalo que signific\u00f3 la ca\u00edda durante horas de las aplicaciones de Mark Zuckerberg, d\u00edas atr\u00e1s.\n","protected":false},"author":1,"featured_media":5439,"comment_status":"closed","ping_status":"closed","sticky":false,"template":"","format":"standard","meta":[],"categories":[12],"tags":[674,401,588,59,515,104,672,673],"ubicacion":[17],"yoast_head":"<!-- This site is optimized with the Yoast SEO plugin v20.8 - https:\/\/yoast.com\/wordpress\/plugins\/seo\/ -->\n<title>Depender del WhatsApp sin protecci\u00f3n de datos, es m\u00e1s grave de lo que cre\u00e9s &ndash; Latitud25<\/title>\n<meta name=\"description\" content=\"Mir\u00e1 nuestros reportajes audiovisuales y seguinos para enterarte de las \u00faltimas noticias de Paraguay y el mundo, desde la Latitud25. Somos Alternativa de Informaci\u00f3n.\" \/>\n<meta name=\"robots\" content=\"index, follow, max-snippet:-1, max-image-preview:large, max-video-preview:-1\" \/>\n<link rel=\"canonical\" href=\"https:\/\/enlatitud25.com\/news\/depender-del-whatsapp-sin-proteccion-de-datos-es-mas-grave-de-lo-que-crees\/\" \/>\n<meta property=\"og:locale\" content=\"es_ES\" \/>\n<meta property=\"og:type\" content=\"article\" \/>\n<meta property=\"og:title\" content=\"Depender del WhatsApp sin protecci\u00f3n de datos, es m\u00e1s grave de lo que cre\u00e9s &ndash; Latitud25\" \/>\n<meta property=\"og:description\" content=\"Mir\u00e1 nuestros reportajes audiovisuales y seguinos para enterarte de las \u00faltimas noticias de Paraguay y el mundo, desde la Latitud25. Somos Alternativa de Informaci\u00f3n.\" \/>\n<meta property=\"og:url\" content=\"https:\/\/enlatitud25.com\/news\/depender-del-whatsapp-sin-proteccion-de-datos-es-mas-grave-de-lo-que-crees\/\" \/>\n<meta property=\"og:site_name\" content=\"Latitud25\" \/>\n<meta property=\"article:publisher\" content=\"https:\/\/www.facebook.com\/EnLatitud25\" \/>\n<meta property=\"article:author\" content=\"https:\/\/www.facebook.com\/EnLatitud25\" \/>\n<meta property=\"article:published_time\" content=\"2021-10-08T20:11:42+00:00\" \/>\n<meta property=\"article:modified_time\" content=\"2021-10-08T20:11:43+00:00\" \/>\n<meta property=\"og:image\" content=\"https:\/\/enlatitud25.com\/news\/wp-content\/uploads\/2021\/10\/proteccio\u0301n_datos_personales.jpg\" \/>\n\t<meta property=\"og:image:width\" content=\"800\" \/>\n\t<meta property=\"og:image:height\" content=\"500\" \/>\n\t<meta property=\"og:image:type\" content=\"image\/jpeg\" \/>\n<meta name=\"author\" content=\"Latitud 25\" \/>\n<meta name=\"twitter:card\" content=\"summary_large_image\" \/>\n<meta name=\"twitter:creator\" content=\"@EnLatitud25\" \/>\n<meta name=\"twitter:site\" content=\"@EnLatitud25\" \/>\n<meta name=\"twitter:label1\" content=\"Escrito por\" \/>\n\t<meta name=\"twitter:data1\" content=\"Latitud 25\" \/>\n\t<meta name=\"twitter:label2\" content=\"Tiempo de lectura\" \/>\n\t<meta name=\"twitter:data2\" content=\"5 minutos\" \/>\n<script type=\"application\/ld+json\" class=\"yoast-schema-graph\">{\"@context\":\"https:\/\/schema.org\",\"@graph\":[{\"@type\":\"Article\",\"@id\":\"https:\/\/enlatitud25.com\/news\/depender-del-whatsapp-sin-proteccion-de-datos-es-mas-grave-de-lo-que-crees\/#article\",\"isPartOf\":{\"@id\":\"https:\/\/enlatitud25.com\/news\/depender-del-whatsapp-sin-proteccion-de-datos-es-mas-grave-de-lo-que-crees\/\"},\"author\":{\"name\":\"Latitud 25\",\"@id\":\"https:\/\/enlatitud25.com\/news\/#\/schema\/person\/23aafe968917005a721b8eb760f2586e\"},\"headline\":\"Depender del WhatsApp sin protecci\u00f3n de datos, es m\u00e1s grave de lo que cre\u00e9s\",\"datePublished\":\"2021-10-08T20:11:42+00:00\",\"dateModified\":\"2021-10-08T20:11:43+00:00\",\"mainEntityOfPage\":{\"@id\":\"https:\/\/enlatitud25.com\/news\/depender-del-whatsapp-sin-proteccion-de-datos-es-mas-grave-de-lo-que-crees\/\"},\"wordCount\":945,\"publisher\":{\"@id\":\"https:\/\/enlatitud25.com\/news\/#organization\"},\"keywords\":[\"datos personales\",\"instagram\",\"leyes\",\"paraguay\",\"Protecci\u00f3n\",\"redes sociales\",\"riesgo\",\"whatsapp\"],\"articleSection\":[\"Realidad\"],\"inLanguage\":\"es\"},{\"@type\":\"WebPage\",\"@id\":\"https:\/\/enlatitud25.com\/news\/depender-del-whatsapp-sin-proteccion-de-datos-es-mas-grave-de-lo-que-crees\/\",\"url\":\"https:\/\/enlatitud25.com\/news\/depender-del-whatsapp-sin-proteccion-de-datos-es-mas-grave-de-lo-que-crees\/\",\"name\":\"Depender del WhatsApp sin protecci\u00f3n de datos, es m\u00e1s grave de lo que cre\u00e9s &ndash; Latitud25\",\"isPartOf\":{\"@id\":\"https:\/\/enlatitud25.com\/news\/#website\"},\"datePublished\":\"2021-10-08T20:11:42+00:00\",\"dateModified\":\"2021-10-08T20:11:43+00:00\",\"description\":\"Mir\u00e1 nuestros reportajes audiovisuales y seguinos para enterarte de las \u00faltimas noticias de Paraguay y el mundo, desde la Latitud25. Somos Alternativa de Informaci\u00f3n.\",\"breadcrumb\":{\"@id\":\"https:\/\/enlatitud25.com\/news\/depender-del-whatsapp-sin-proteccion-de-datos-es-mas-grave-de-lo-que-crees\/#breadcrumb\"},\"inLanguage\":\"es\",\"potentialAction\":[{\"@type\":\"ReadAction\",\"target\":[\"https:\/\/enlatitud25.com\/news\/depender-del-whatsapp-sin-proteccion-de-datos-es-mas-grave-de-lo-que-crees\/\"]}]},{\"@type\":\"BreadcrumbList\",\"@id\":\"https:\/\/enlatitud25.com\/news\/depender-del-whatsapp-sin-proteccion-de-datos-es-mas-grave-de-lo-que-crees\/#breadcrumb\",\"itemListElement\":[{\"@type\":\"ListItem\",\"position\":1,\"name\":\"Home\",\"item\":\"https:\/\/enlatitud25.com\/news\/\"},{\"@type\":\"ListItem\",\"position\":2,\"name\":\"Depender del WhatsApp sin protecci\u00f3n de datos, es m\u00e1s grave de lo que cre\u00e9s\"}]},{\"@type\":\"WebSite\",\"@id\":\"https:\/\/enlatitud25.com\/news\/#website\",\"url\":\"https:\/\/enlatitud25.com\/news\/\",\"name\":\"Latitud25\",\"description\":\"news\",\"publisher\":{\"@id\":\"https:\/\/enlatitud25.com\/news\/#organization\"},\"potentialAction\":[{\"@type\":\"SearchAction\",\"target\":{\"@type\":\"EntryPoint\",\"urlTemplate\":\"https:\/\/enlatitud25.com\/news\/?s={search_term_string}\"},\"query-input\":\"required name=search_term_string\"}],\"inLanguage\":\"es\"},{\"@type\":\"Organization\",\"@id\":\"https:\/\/enlatitud25.com\/news\/#organization\",\"name\":\"Latitud 25 - News\",\"url\":\"https:\/\/enlatitud25.com\/news\/\",\"logo\":{\"@type\":\"ImageObject\",\"inLanguage\":\"es\",\"@id\":\"https:\/\/enlatitud25.com\/news\/#\/schema\/logo\/image\/\",\"url\":\"https:\/\/enlatitud25.com\/news\/wp-content\/uploads\/2020\/11\/logo_latitud.png\",\"contentUrl\":\"https:\/\/enlatitud25.com\/news\/wp-content\/uploads\/2020\/11\/logo_latitud.png\",\"width\":235,\"height\":39,\"caption\":\"Latitud 25 - News\"},\"image\":{\"@id\":\"https:\/\/enlatitud25.com\/news\/#\/schema\/logo\/image\/\"},\"sameAs\":[\"https:\/\/www.facebook.com\/EnLatitud25\",\"https:\/\/twitter.com\/EnLatitud25\",\"https:\/\/www.instagram.com\/enlatitud25\/\",\"https:\/\/www.youtube.com\/user\/desdelatitud25\"]},{\"@type\":\"Person\",\"@id\":\"https:\/\/enlatitud25.com\/news\/#\/schema\/person\/23aafe968917005a721b8eb760f2586e\",\"name\":\"Latitud 25\",\"sameAs\":[\"https:\/\/enlatitud25.com\/news\",\"https:\/\/www.facebook.com\/EnLatitud25\",\"https:\/\/www.instagram.com\/enlatitud25\",\"https:\/\/www.youtube.com\/user\/desdelatitud25\",\"https:\/\/soundcloud.com\/enlatitud25\"],\"url\":\"https:\/\/enlatitud25.com\/news\/author\/nnews-uss00\/\"}]}<\/script>\n<!-- \/ Yoast SEO plugin. -->","yoast_head_json":{"title":"Depender del WhatsApp sin protecci\u00f3n de datos, es m\u00e1s grave de lo que cre\u00e9s &ndash; Latitud25","description":"Mir\u00e1 nuestros reportajes audiovisuales y seguinos para enterarte de las \u00faltimas noticias de Paraguay y el mundo, desde la Latitud25. Somos Alternativa de Informaci\u00f3n.","robots":{"index":"index","follow":"follow","max-snippet":"max-snippet:-1","max-image-preview":"max-image-preview:large","max-video-preview":"max-video-preview:-1"},"canonical":"https:\/\/enlatitud25.com\/news\/depender-del-whatsapp-sin-proteccion-de-datos-es-mas-grave-de-lo-que-crees\/","og_locale":"es_ES","og_type":"article","og_title":"Depender del WhatsApp sin protecci\u00f3n de datos, es m\u00e1s grave de lo que cre\u00e9s &ndash; Latitud25","og_description":"Mir\u00e1 nuestros reportajes audiovisuales y seguinos para enterarte de las \u00faltimas noticias de Paraguay y el mundo, desde la Latitud25. Somos Alternativa de Informaci\u00f3n.","og_url":"https:\/\/enlatitud25.com\/news\/depender-del-whatsapp-sin-proteccion-de-datos-es-mas-grave-de-lo-que-crees\/","og_site_name":"Latitud25","article_publisher":"https:\/\/www.facebook.com\/EnLatitud25","article_author":"https:\/\/www.facebook.com\/EnLatitud25","article_published_time":"2021-10-08T20:11:42+00:00","article_modified_time":"2021-10-08T20:11:43+00:00","og_image":[{"width":800,"height":500,"url":"https:\/\/enlatitud25.com\/news\/wp-content\/uploads\/2021\/10\/proteccio\u0301n_datos_personales.jpg","type":"image\/jpeg"}],"author":"Latitud 25","twitter_card":"summary_large_image","twitter_creator":"@EnLatitud25","twitter_site":"@EnLatitud25","twitter_misc":{"Escrito por":"Latitud 25","Tiempo de lectura":"5 minutos"},"schema":{"@context":"https:\/\/schema.org","@graph":[{"@type":"Article","@id":"https:\/\/enlatitud25.com\/news\/depender-del-whatsapp-sin-proteccion-de-datos-es-mas-grave-de-lo-que-crees\/#article","isPartOf":{"@id":"https:\/\/enlatitud25.com\/news\/depender-del-whatsapp-sin-proteccion-de-datos-es-mas-grave-de-lo-que-crees\/"},"author":{"name":"Latitud 25","@id":"https:\/\/enlatitud25.com\/news\/#\/schema\/person\/23aafe968917005a721b8eb760f2586e"},"headline":"Depender del WhatsApp sin protecci\u00f3n de datos, es m\u00e1s grave de lo que cre\u00e9s","datePublished":"2021-10-08T20:11:42+00:00","dateModified":"2021-10-08T20:11:43+00:00","mainEntityOfPage":{"@id":"https:\/\/enlatitud25.com\/news\/depender-del-whatsapp-sin-proteccion-de-datos-es-mas-grave-de-lo-que-crees\/"},"wordCount":945,"publisher":{"@id":"https:\/\/enlatitud25.com\/news\/#organization"},"keywords":["datos personales","instagram","leyes","paraguay","Protecci\u00f3n","redes sociales","riesgo","whatsapp"],"articleSection":["Realidad"],"inLanguage":"es"},{"@type":"WebPage","@id":"https:\/\/enlatitud25.com\/news\/depender-del-whatsapp-sin-proteccion-de-datos-es-mas-grave-de-lo-que-crees\/","url":"https:\/\/enlatitud25.com\/news\/depender-del-whatsapp-sin-proteccion-de-datos-es-mas-grave-de-lo-que-crees\/","name":"Depender del WhatsApp sin protecci\u00f3n de datos, es m\u00e1s grave de lo que cre\u00e9s &ndash; Latitud25","isPartOf":{"@id":"https:\/\/enlatitud25.com\/news\/#website"},"datePublished":"2021-10-08T20:11:42+00:00","dateModified":"2021-10-08T20:11:43+00:00","description":"Mir\u00e1 nuestros reportajes audiovisuales y seguinos para enterarte de las \u00faltimas noticias de Paraguay y el mundo, desde la Latitud25. Somos Alternativa de Informaci\u00f3n.","breadcrumb":{"@id":"https:\/\/enlatitud25.com\/news\/depender-del-whatsapp-sin-proteccion-de-datos-es-mas-grave-de-lo-que-crees\/#breadcrumb"},"inLanguage":"es","potentialAction":[{"@type":"ReadAction","target":["https:\/\/enlatitud25.com\/news\/depender-del-whatsapp-sin-proteccion-de-datos-es-mas-grave-de-lo-que-crees\/"]}]},{"@type":"BreadcrumbList","@id":"https:\/\/enlatitud25.com\/news\/depender-del-whatsapp-sin-proteccion-de-datos-es-mas-grave-de-lo-que-crees\/#breadcrumb","itemListElement":[{"@type":"ListItem","position":1,"name":"Home","item":"https:\/\/enlatitud25.com\/news\/"},{"@type":"ListItem","position":2,"name":"Depender del WhatsApp sin protecci\u00f3n de datos, es m\u00e1s grave de lo que cre\u00e9s"}]},{"@type":"WebSite","@id":"https:\/\/enlatitud25.com\/news\/#website","url":"https:\/\/enlatitud25.com\/news\/","name":"Latitud25","description":"news","publisher":{"@id":"https:\/\/enlatitud25.com\/news\/#organization"},"potentialAction":[{"@type":"SearchAction","target":{"@type":"EntryPoint","urlTemplate":"https:\/\/enlatitud25.com\/news\/?s={search_term_string}"},"query-input":"required name=search_term_string"}],"inLanguage":"es"},{"@type":"Organization","@id":"https:\/\/enlatitud25.com\/news\/#organization","name":"Latitud 25 - News","url":"https:\/\/enlatitud25.com\/news\/","logo":{"@type":"ImageObject","inLanguage":"es","@id":"https:\/\/enlatitud25.com\/news\/#\/schema\/logo\/image\/","url":"https:\/\/enlatitud25.com\/news\/wp-content\/uploads\/2020\/11\/logo_latitud.png","contentUrl":"https:\/\/enlatitud25.com\/news\/wp-content\/uploads\/2020\/11\/logo_latitud.png","width":235,"height":39,"caption":"Latitud 25 - News"},"image":{"@id":"https:\/\/enlatitud25.com\/news\/#\/schema\/logo\/image\/"},"sameAs":["https:\/\/www.facebook.com\/EnLatitud25","https:\/\/twitter.com\/EnLatitud25","https:\/\/www.instagram.com\/enlatitud25\/","https:\/\/www.youtube.com\/user\/desdelatitud25"]},{"@type":"Person","@id":"https:\/\/enlatitud25.com\/news\/#\/schema\/person\/23aafe968917005a721b8eb760f2586e","name":"Latitud 25","sameAs":["https:\/\/enlatitud25.com\/news","https:\/\/www.facebook.com\/EnLatitud25","https:\/\/www.instagram.com\/enlatitud25","https:\/\/www.youtube.com\/user\/desdelatitud25","https:\/\/soundcloud.com\/enlatitud25"],"url":"https:\/\/enlatitud25.com\/news\/author\/nnews-uss00\/"}]}},"_links":{"self":[{"href":"https:\/\/enlatitud25.com\/news\/wp-json\/wp\/v2\/posts\/5432"}],"collection":[{"href":"https:\/\/enlatitud25.com\/news\/wp-json\/wp\/v2\/posts"}],"about":[{"href":"https:\/\/enlatitud25.com\/news\/wp-json\/wp\/v2\/types\/post"}],"author":[{"embeddable":true,"href":"https:\/\/enlatitud25.com\/news\/wp-json\/wp\/v2\/users\/1"}],"replies":[{"embeddable":true,"href":"https:\/\/enlatitud25.com\/news\/wp-json\/wp\/v2\/comments?post=5432"}],"version-history":[{"count":19,"href":"https:\/\/enlatitud25.com\/news\/wp-json\/wp\/v2\/posts\/5432\/revisions"}],"predecessor-version":[{"id":5466,"href":"https:\/\/enlatitud25.com\/news\/wp-json\/wp\/v2\/posts\/5432\/revisions\/5466"}],"wp:featuredmedia":[{"embeddable":true,"href":"https:\/\/enlatitud25.com\/news\/wp-json\/wp\/v2\/media\/5439"}],"wp:attachment":[{"href":"https:\/\/enlatitud25.com\/news\/wp-json\/wp\/v2\/media?parent=5432"}],"wp:term":[{"taxonomy":"category","embeddable":true,"href":"https:\/\/enlatitud25.com\/news\/wp-json\/wp\/v2\/categories?post=5432"},{"taxonomy":"post_tag","embeddable":true,"href":"https:\/\/enlatitud25.com\/news\/wp-json\/wp\/v2\/tags?post=5432"},{"taxonomy":"ubicacion","embeddable":true,"href":"https:\/\/enlatitud25.com\/news\/wp-json\/wp\/v2\/ubicacion?post=5432"}],"curies":[{"name":"wp","href":"https:\/\/api.w.org\/{rel}","templated":true}]}}