{"id":5246,"date":"2021-09-23T19:28:30","date_gmt":"2021-09-23T19:28:30","guid":{"rendered":"https:\/\/enlatitud25.com\/news\/?p=5246"},"modified":"2021-09-23T22:04:14","modified_gmt":"2021-09-23T22:04:14","slug":"el-embarazo-precoz-como-afecta-la-vida-de-las-ninas","status":"publish","type":"post","link":"https:\/\/enlatitud25.com\/news\/el-embarazo-precoz-como-afecta-la-vida-de-las-ninas\/","title":{"rendered":"El embarazo precoz: \u00bfc\u00f3mo afecta la vida de las ni\u00f1as?"},"content":{"rendered":"\n<p>El abuso sexual de ni\u00f1as sigue siendo una terrible realidad que azota a la sociedad paraguaya, una realidad que muchas veces no es dimensionada por todos los actores sociales, lo que hace que poco o nada se avance en procesos y medidas m\u00e1s contundentes para erradicarla.<\/p>\n\n\n\n<p>Lo m\u00e1s alarmante es que con mayor frecuencia en los \u00faltimos tiempos se publicaron noticias sobre menores de edad abusadas y embarazadas. Seg\u00fan estimaciones del Ministerio de Salud, dos ni\u00f1as dan a luz por d\u00eda en Paraguay.<\/p>\n\n\n\n<p>En ese contexto, la directora m\u00e9dica del Hospital Nacional de Itaugu\u00e1, <strong>Estela Torres,<\/strong> relat\u00f3 en contacto con Latitud25 c\u00f3mo llegan las ni\u00f1as embarazadas hasta el centro asistencial y cu\u00e1les son los grandes riesgos a los que se enfrentan.<\/p>\n\n\n\n<figure class=\"wp-block-embed-twitter wp-block-embed is-type-rich is-provider-twitter\"><div class=\"wp-block-embed__wrapper\">\n<blockquote class=\"twitter-tweet\" data-width=\"550\" data-dnt=\"true\"><p lang=\"es\" dir=\"ltr\">[EMBARAZO ADOLESCENTE]\ud83e\udd30\ud83c\udffd<br><br>\ud83d\udccd&quot;Si las ni\u00f1as est\u00e1n quedando embarazadas significa que hay un agresor. Hay que identificar el caso y deconstruir esto, porque est\u00e1 muy naturalizado&quot;<br><br>\ud83d\udde3\ufe0fClaudia Sanabria, <a href=\"https:\/\/twitter.com\/msaludpy?ref_src=twsrc%5Etfw\">@msaludpy<\/a>.<br><br>\ud83d\udcfa<a href=\"https:\/\/twitter.com\/C9NParaguay?ref_src=twsrc%5Etfw\">@C9NParaguay<\/a><br>\ud83d\udd17<a href=\"https:\/\/t.co\/kvneENhvMw\">https:\/\/t.co\/kvneENhvMw<\/a><br>\ud83d\udcf1<a href=\"https:\/\/twitter.com\/hashtag\/L25?src=hash&amp;ref_src=twsrc%5Etfw\">#L25<\/a> <a href=\"https:\/\/twitter.com\/UNFPAPy?ref_src=twsrc%5Etfw\">@UNFPAPy<\/a> <a href=\"https:\/\/t.co\/9uBbzNduvz\">pic.twitter.com\/9uBbzNduvz<\/a><\/p>&mdash; LATITUD 25 (@EnLatitud25) <a href=\"https:\/\/twitter.com\/EnLatitud25\/status\/1196216950545887238?ref_src=twsrc%5Etfw\">November 18, 2019<\/a><\/blockquote><script async src=\"https:\/\/platform.twitter.com\/widgets.js\" charset=\"utf-8\"><\/script>\n<\/div><\/figure>\n\n\n\n<p>Torres resalt\u00f3 que siempre es un shock ver a ni\u00f1as embarazadas, porque son ni\u00f1as que deber\u00edan estar en etapa de jugar, de interactuar con ni\u00f1os de su edad, de descubrir el mundo, de aprender, pero ya est\u00e1n con el gran dilema de ser madres; sin haberlo elegido, ni comprender lo que esto significa y siendo vulneradas en su salud, su integridad personal y su vida privada, como la de sus familiares.<\/p>\n\n\n\n<p style=\"font-size:22px\"><strong>Alto riesgo<\/strong><\/p>\n\n\n\n<p>La directora m\u00e9dica del Hospital de Itaugu\u00e1 resalt\u00f3 que todo embarazo de una paciente menor de 14 a\u00f1os se considera de alto riesgo, en atenci\u00f3n a que el organismo de la ni\u00f1a no est\u00e1 preparado para llevar adelante una gestaci\u00f3n.<\/p>\n\n\n\n<p>\u201cEs siempre de alto riesgo, no solo desde el punto de vista obstetra, sino tambi\u00e9n de la parte de salud mental, desde el punto de vista de la nutrici\u00f3n\u201d, agreg\u00f3.<\/p>\n\n\n\n<p>Cuando se habla de embarazo de alto riesgo, se considera que hay amenaza de parto prematuro, hipertensi\u00f3n inducida, abortos espont\u00e1neos o infecciones.<\/p>\n\n\n\n<figure class=\"wp-block-image size-large\"><img decoding=\"async\" loading=\"lazy\" width=\"1024\" height=\"691\" src=\"https:\/\/enlatitud25.com\/news\/wp-content\/uploads\/2021\/09\/woman-2048905_1920-1024x691.jpg\" alt=\"\" class=\"wp-image-5249\" srcset=\"https:\/\/enlatitud25.com\/news\/wp-content\/uploads\/2021\/09\/woman-2048905_1920-1024x691.jpg 1024w, https:\/\/enlatitud25.com\/news\/wp-content\/uploads\/2021\/09\/woman-2048905_1920-300x202.jpg 300w, https:\/\/enlatitud25.com\/news\/wp-content\/uploads\/2021\/09\/woman-2048905_1920-768x518.jpg 768w, https:\/\/enlatitud25.com\/news\/wp-content\/uploads\/2021\/09\/woman-2048905_1920-1536x1036.jpg 1536w, https:\/\/enlatitud25.com\/news\/wp-content\/uploads\/2021\/09\/woman-2048905_1920-380x256.jpg 380w, https:\/\/enlatitud25.com\/news\/wp-content\/uploads\/2021\/09\/woman-2048905_1920-800x540.jpg 800w, https:\/\/enlatitud25.com\/news\/wp-content\/uploads\/2021\/09\/woman-2048905_1920-1160x782.jpg 1160w, https:\/\/enlatitud25.com\/news\/wp-content\/uploads\/2021\/09\/woman-2048905_1920.jpg 1920w\" sizes=\"(max-width: 1024px) 100vw, 1024px\" \/><\/figure>\n\n\n\n<p style=\"font-size:22px\"><strong>Problemas f\u00edsicos y psicol\u00f3gicos para una ni\u00f1a embarazada<\/strong><\/p>\n\n\n\n<p>Por su parte, la ginec\u00f3loga y obstetra infanto juvenil,<strong> Fanny Corrales<\/strong>, explic\u00f3 con m\u00e1s detenimiento los problemas que puede causar el embarazo en las ni\u00f1as y adolescentes. Afirm\u00f3 que hay dos etapas que se pueden considerar en cuanto al desarrollo corporal: la etapa precoz de 10 a 14 a\u00f1os, y la siguiente que es de 15 a 19 a\u00f1os.<\/p>\n\n\n\n<p>Se\u00f1al\u00f3 que la primera etapa es la que est\u00e1 cerca de su primera menstruaci\u00f3n, significa que reci\u00e9n est\u00e1 empezando a madurar su parte reproductiva, por ende, su \u00fatero est\u00e1 poco desarrollado para albergar el cuerpo de un beb\u00e9.<\/p>\n\n\n\n<figure class=\"wp-block-image size-large\"><img decoding=\"async\" loading=\"lazy\" width=\"1024\" height=\"671\" src=\"https:\/\/enlatitud25.com\/news\/wp-content\/uploads\/2021\/09\/mama-906889_1920-1024x671.jpg\" alt=\"\" class=\"wp-image-5248\" srcset=\"https:\/\/enlatitud25.com\/news\/wp-content\/uploads\/2021\/09\/mama-906889_1920-1024x671.jpg 1024w, https:\/\/enlatitud25.com\/news\/wp-content\/uploads\/2021\/09\/mama-906889_1920-300x197.jpg 300w, https:\/\/enlatitud25.com\/news\/wp-content\/uploads\/2021\/09\/mama-906889_1920-768x503.jpg 768w, https:\/\/enlatitud25.com\/news\/wp-content\/uploads\/2021\/09\/mama-906889_1920-1536x1006.jpg 1536w, https:\/\/enlatitud25.com\/news\/wp-content\/uploads\/2021\/09\/mama-906889_1920-380x249.jpg 380w, https:\/\/enlatitud25.com\/news\/wp-content\/uploads\/2021\/09\/mama-906889_1920-800x524.jpg 800w, https:\/\/enlatitud25.com\/news\/wp-content\/uploads\/2021\/09\/mama-906889_1920-1160x760.jpg 1160w, https:\/\/enlatitud25.com\/news\/wp-content\/uploads\/2021\/09\/mama-906889_1920.jpg 1920w\" sizes=\"(max-width: 1024px) 100vw, 1024px\" \/><\/figure>\n\n\n\n<p>Entonces cuando una ni\u00f1a, de entre 10 a 14 a\u00f1os, se embaraza va a tener carencia en todo sentido durante la gestaci\u00f3n, tanto para el beb\u00e9 como para ella. \u201cHay que entender que ellas est\u00e1n en un proceso de crecimiento y desarrollo, van a tener un d\u00e9ficit nutricional, no importa en qu\u00e9 condiciones se hayan embarazado, eso tiene una consecuencia a corto y largo plazo\u201d, remarc\u00f3.<\/p>\n\n\n\n<p>Dijo adem\u00e1s que puede presentarse un d\u00e9ficit en la placenta, por lo que puede llegar a un desprendimiento placentario.<\/p>\n\n\n\n<p>Entre otros inconvenientes que se pueden presentar, la especialista explic\u00f3 que esto tambi\u00e9n va a generar una restricci\u00f3n de crecimiento en el beb\u00e9, que son muy frecuentes las amenazas de que el embarazo no llegue a t\u00e9rmino o infecciones por el desarrollo inmunol\u00f3gico incompleto.<\/p>\n\n\n\n<p>\u201cUna de las patolog\u00edas m\u00e1s temibles en esta etapa es la hipertensi\u00f3n en el embarazo, tambi\u00e9n hay que entender que esto tiene consecuencias a largo plazo, que es que una mujer m\u00e1s tempranamente desarrolle despu\u00e9s hipertensi\u00f3n. Estamos hablando de que el cuerpo no est\u00e1 preparado para desarrollar a un beb\u00e9\u201d, resalt\u00f3.<\/p>\n\n\n\n<figure class=\"wp-block-embed-twitter wp-block-embed is-type-rich is-provider-twitter\"><div class=\"wp-block-embed__wrapper\">\n<blockquote class=\"twitter-tweet\" data-width=\"550\" data-dnt=\"true\"><p lang=\"es\" dir=\"ltr\">[EMBARAZO ADOLESCENTE]\ud83e\udd30\ud83c\udffd<br><br>\ud83d\udccd&quot;Cuando una ni\u00f1a menor de 15 a\u00f1os se embaraza tiene cuadruplicadas las posibilidades de morir durante el embarazo, en parto y el postparto&quot;<br><br>\ud83d\udde3\ufe0fAdriane Salinas, <a href=\"https:\/\/twitter.com\/UNFPAPy?ref_src=twsrc%5Etfw\">@UNFPAPy<\/a><br><br>\ud83d\udcfa<a href=\"https:\/\/twitter.com\/C9NParaguay?ref_src=twsrc%5Etfw\">@C9NParaguay<\/a><br>\ud83d\udd17<a href=\"https:\/\/t.co\/kvneENhvMw\">https:\/\/t.co\/kvneENhvMw<\/a><br>\ud83d\udcf1<a href=\"https:\/\/twitter.com\/hashtag\/L25?src=hash&amp;ref_src=twsrc%5Etfw\">#L25<\/a> <a href=\"https:\/\/t.co\/EkIUW8ODNK\">pic.twitter.com\/EkIUW8ODNK<\/a><\/p>&mdash; LATITUD 25 (@EnLatitud25) <a href=\"https:\/\/twitter.com\/EnLatitud25\/status\/1196218963744702465?ref_src=twsrc%5Etfw\">November 18, 2019<\/a><\/blockquote><script async src=\"https:\/\/platform.twitter.com\/widgets.js\" charset=\"utf-8\"><\/script>\n<\/div><\/figure>\n\n\n\n<p>Corrales tambi\u00e9n hizo \u00e9nfasis en la necesidad de comprender que las ni\u00f1as o adolescentes est\u00e1n todav\u00eda en una etapa de crecimiento y desarrollo, cuando ya est\u00e1n albergando a un beb\u00e9. \u201cEntonces ese beb\u00e9 que est\u00e1 creciendo, va a tener una dificultad en su masa \u00f3sea, prematuramente puede tener osteoporosis\u201d, agreg\u00f3.<\/p>\n\n\n\n<p>En cuando al aspecto psicol\u00f3gico, asegur\u00f3 que tambi\u00e9n es muy dif\u00edcil de tratar a las pacientes que son ni\u00f1as y est\u00e1n embarazadas. Acot\u00f3 que incluso pueden desarrollar trastornos de la personalidad, si la paciente no es correctamente asistida.<\/p>\n\n\n\n<p style=\"font-size:22px\"><strong>\u00bfC\u00f3mo llegan los menores hasta los centros asistenciales?<\/strong><\/p>\n\n\n\n<p>La doctora Estela Torres, coment\u00f3 que en el Hospital de Itaugu\u00e1 se dan diferentes escenarios: las ni\u00f1as suelen llegar acompa\u00f1adas por un familiar o tutor, a veces con tiempo para hacer la evaluaci\u00f3n y seguir el proceso de preparaci\u00f3n.<\/p>\n\n\n\n<p>El otro escenario es que la paciente llega en urgencias, en etapa avanzada y cuando ya est\u00e1 por tener al beb\u00e9, en otras ocasiones ya van con el trabajo de parto o con una complicaci\u00f3n de la gestaci\u00f3n.<\/p>\n\n\n\n<p>Asimismo, resalt\u00f3 que una vez que llega un ni\u00f1o al \u00e1rea de pediatr\u00eda, bajo la presunci\u00f3n de que fue v\u00edctima un abuso sexual, se hace una evaluaci\u00f3n multidisciplinaria: Es observado por un pediatra general y, en el caso de las ni\u00f1as, por el ginecobstetra.<\/p>\n\n\n\n<p>Una vez que se comprueba el abuso, se presenta una denuncia ante la Unidad Fiscal de la zona en la que el ni\u00f1o, ni\u00f1a o adolescente fue abusado y se pone en marcha un protocolo para poder hacer un sost\u00e9n a la v\u00edctima y a su familia.<\/p>\n\n\n\n<figure class=\"wp-block-embed-twitter wp-block-embed is-type-rich is-provider-twitter\"><div class=\"wp-block-embed__wrapper\">\n<blockquote class=\"twitter-tweet\" data-width=\"550\" data-dnt=\"true\"><p lang=\"es\" dir=\"ltr\">[EMBARAZO ADOLESCENTE]\ud83e\udd30\ud83c\udffd<br><br>\ud83d\udccd&quot;Las ni\u00f1as no tienen una apreciaci\u00f3n o empoderamiento de su propio cuerpo, ni siquiera saben lo que les est\u00e1 pasando&quot;<br><br>\ud83d\udde3\ufe0f<a href=\"https:\/\/twitter.com\/JaritonJaz?ref_src=twsrc%5Etfw\">@JaritonJaz<\/a>, psic\u00f3loga sexual.<br><br>\ud83d\udcfa<a href=\"https:\/\/twitter.com\/C9NParaguay?ref_src=twsrc%5Etfw\">@C9NParaguay<\/a><br>\ud83d\udd17<a href=\"https:\/\/t.co\/kvneENhvMw\">https:\/\/t.co\/kvneENhvMw<\/a><br>\ud83d\udcf1<a href=\"https:\/\/twitter.com\/hashtag\/L25?src=hash&amp;ref_src=twsrc%5Etfw\">#L25<\/a> <a href=\"https:\/\/twitter.com\/UNFPAPy?ref_src=twsrc%5Etfw\">@UNFPAPy<\/a> <a href=\"https:\/\/t.co\/8V9qzmfui9\">pic.twitter.com\/8V9qzmfui9<\/a><\/p>&mdash; LATITUD 25 (@EnLatitud25) <a href=\"https:\/\/twitter.com\/EnLatitud25\/status\/1196219970226675713?ref_src=twsrc%5Etfw\">November 18, 2019<\/a><\/blockquote><script async src=\"https:\/\/platform.twitter.com\/widgets.js\" charset=\"utf-8\"><\/script>\n<\/div><\/figure>\n\n\n\n<p style=\"font-size:22px\"><strong>\u00bfPor qu\u00e9 la atenci\u00f3n debe ser multidisciplinaria?<\/strong><\/p>\n\n\n\n<p>Por ejemplo, una asistente social debe evaluar el riesgo del microambiente en el que vive la menor. El nutricionista es quien debe hacerle la dieta, porque las ni\u00f1as embarazadas tienen un alto requerimiento nutricional, entonces se debe saber primeramente en qu\u00e9 situaci\u00f3n est\u00e1 para hacerle un plan acorde a sus necesidades en ese momento. &nbsp;<\/p>\n\n\n\n<p>Adem\u00e1s, se le debe educar sobre c\u00f3mo cuidarse, \u201cya que muchas veces estas ni\u00f1as no perciben lo que les est\u00e1 pasando, entonces hay que hacer todo un trabajo que les va preparando\u201d, resalt\u00f3 la especialista.<\/p>\n\n\n\n<p style=\"font-size:22px\"><strong>El abuso y la falta de educaci\u00f3n sexual<\/strong><\/p>\n\n\n\n<p>El abuso se puede registrar en cualquier edad y cuando hablamos de ni\u00f1as embarazadas, se considera irrefutablemente un abuso. La doctora explic\u00f3 que, en el 2020, por ejemplo, el Hospital de Itaugu\u00e1 registr\u00f3 al menos 15 casos de ni\u00f1as menores de 14 a\u00f1os embarazadas.<\/p>\n\n\n\n<figure class=\"wp-block-image size-large\"><img decoding=\"async\" loading=\"lazy\" width=\"800\" height=\"500\" src=\"https:\/\/enlatitud25.com\/news\/wp-content\/uploads\/2021\/09\/WhatsApp-Image-2021-09-22-at-10.05.35.jpeg\" alt=\"\" class=\"wp-image-5251\" srcset=\"https:\/\/enlatitud25.com\/news\/wp-content\/uploads\/2021\/09\/WhatsApp-Image-2021-09-22-at-10.05.35.jpeg 800w, https:\/\/enlatitud25.com\/news\/wp-content\/uploads\/2021\/09\/WhatsApp-Image-2021-09-22-at-10.05.35-300x188.jpeg 300w, https:\/\/enlatitud25.com\/news\/wp-content\/uploads\/2021\/09\/WhatsApp-Image-2021-09-22-at-10.05.35-768x480.jpeg 768w, https:\/\/enlatitud25.com\/news\/wp-content\/uploads\/2021\/09\/WhatsApp-Image-2021-09-22-at-10.05.35-380x238.jpeg 380w\" sizes=\"(max-width: 800px) 100vw, 800px\" \/><\/figure>\n\n\n\n<p>La doctora detall\u00f3 que todas las menores de 14 a\u00f1os embarazadas, son pacientes abusadas sexualmente. A partir de los 15 a\u00f1os, son casos de estupro (cuando la pareja que tiene m\u00e1s de 5 a\u00f1os que las menores). \u201cTambi\u00e9n tenemos parejas de adolescentes de 16, 17 y 18. Hay un abanico de escenarios que se manejan todos los d\u00edas en este hospital\u201d, expres\u00f3.<\/p>\n\n\n\n<p>Seg\u00fan los datos del <strong>Ministerio de la Ni\u00f1ez y la Adolescencia<\/strong>, el 85% de los casos de abuso infantil se dan en el entorno familiar, por eso es importante que los adultos sean quienes velen por los derechos de los ni\u00f1os, ni\u00f1as y adolescentes y denuncien al 147 Fono Ayuda, o al 911 si ven algunos s\u00edntomas de abuso o saben de una situaci\u00f3n de peligro.<\/p>\n\n\n\n<p>Por otra parte, tambi\u00e9n es necesario resaltar que en el caso de las parejas de adolescentes (el tercer grupo mencionado por la doctora) en las que se da un embarazo no planificado, la mayor\u00eda de las veces es a causa de la falta de prevenci\u00f3n y de educaci\u00f3n sexual integral. <\/p>\n\n\n\n<p>En ese \u00faltimo punto, cabe recordar que cada 26 de setiembre se recuerda el <strong>D\u00eda Mundial de Prevenci\u00f3n del Embarazo no Planificado en Adolescentes<\/strong>. El objetivo de esta fecha es educar a los j\u00f3venes sobre la importancia de utilizar m\u00e9todos anticonceptivos eficaces, no solo para evitar embarazos no deseados sino que evitar el contagio de enfermedades de transmisi\u00f3n sexual (ETS) y que conozcan el desarrollo de sus propios cuerpos. <\/p>\n\n\n\n<figure class=\"wp-block-embed-twitter wp-block-embed is-type-rich is-provider-twitter\"><div class=\"wp-block-embed__wrapper\">\n<blockquote class=\"twitter-tweet\" data-width=\"550\" data-dnt=\"true\"><p lang=\"es\" dir=\"ltr\">[EMBARAZO ADOLESCENTE]\ud83e\udd30\ud83c\udffd<br><br>\ud83d\udccd&quot;Pa\u00edses como Argentina o Uruguay lograron la reducci\u00f3n del abuso infantil en base a un factor com\u00fan: La inversi\u00f3n en educaci\u00f3n sexual, como medida primaria de prevenci\u00f3n&quot;<br><br>\ud83d\udde3\ufe0f<a href=\"https:\/\/twitter.com\/titevera?ref_src=twsrc%5Etfw\">@titevera<\/a><br><br>\ud83d\udcfa<a href=\"https:\/\/twitter.com\/C9NParaguay?ref_src=twsrc%5Etfw\">@C9NParaguay<\/a><br>\ud83d\udd17<a href=\"https:\/\/t.co\/kvneENhvMw\">https:\/\/t.co\/kvneENhvMw<\/a><br>\ud83d\udcf1<a href=\"https:\/\/twitter.com\/hashtag\/L25?src=hash&amp;ref_src=twsrc%5Etfw\">#L25<\/a> <a href=\"https:\/\/twitter.com\/UNFPAPy?ref_src=twsrc%5Etfw\">@UNFPAPy<\/a> <a href=\"https:\/\/t.co\/2FgPC48H7R\">pic.twitter.com\/2FgPC48H7R<\/a><\/p>&mdash; LATITUD 25 (@EnLatitud25) <a href=\"https:\/\/twitter.com\/EnLatitud25\/status\/1196223996490113024?ref_src=twsrc%5Etfw\">November 18, 2019<\/a><\/blockquote><script async src=\"https:\/\/platform.twitter.com\/widgets.js\" charset=\"utf-8\"><\/script>\n<\/div><\/figure>\n\n\n\n<p>Torres por su parte, la ginec\u00f3loga obstetra, <strong>Fanny Corrales<\/strong>, tambi\u00e9n resalt\u00f3 que es necesaria la Educaci\u00f3n en sexualidad de los chicos: tienen que tener las herramientas y conocimiento para conocerse y saber sus procesos. <\/p>\n\n\n\n<p>Asegur\u00f3 que est\u00e1 m\u00e1s que demostrado cient\u00edficamente que la educaci\u00f3n sexual retrasa el inicio de las relaciones sexuales, y no solo eso, cuando lo hacen, tienen relaciones sexuales con protecci\u00f3n.<\/p>\n\n\n\n<p>La especialista aclar\u00f3 que la educaci\u00f3n integral de la sexualidad ya es una metodolog\u00eda bastante bien desarrollada e implementada en cada etapa de la ni\u00f1ez. Resalt\u00f3 que al inicio no se trata de ense\u00f1arle a los ni\u00f1os sobre c\u00f3mo tener relaciones sexuales. <\/p>\n\n\n\n<p>&#8220;Primero, impulsa que tomen con responsabilidad, ense\u00f1arle las partes del cuerpo, c\u00f3mo tienen que cuidarse, c\u00f3mo se tienen que cuidar del abuso de los dem\u00e1s, que entiendan cu\u00e1ndo se trata de un abuso cu\u00e1ndo no. Muchos piensan que es ense\u00f1arle a los ni\u00f1os a tener relaciones sexuales desde peque\u00f1os, no es as\u00ed, pero cuando llegan a la adolescencia si ya tienen que estar preparados&#8221;, remarc\u00f3.<\/p>\n\n\n\n<p>En ese contexto, argument\u00f3 que estamos en una sociedad hipersexualizada, es decir, pel\u00edculas, publicidades y otras im\u00e1genes que tienen escenas sexuales. Adem\u00e1s los ni\u00f1os, ni\u00f1as y adolescentes tienen acceso incluso a contenido pornogr\u00e1fico a trav\u00e9s de internet o de sus compa\u00f1eros. <\/p>\n\n\n\n<p>A\u00f1adi\u00f3 que el problema est\u00e1 en que al no ser adultos y no tener un desarrollo neurol\u00f3gico en el que puedan ellos decir: &#8220;esto est\u00e1 bien, esto est\u00e1 mal&#8221;, toman todo como verdad, todo como cierto. <\/p>\n\n\n\n<p>&#8220;Los mensajes que llegan a trav\u00e9s de los medios no captan de la misma manera que los adultos, ellos lo toman como una realidad todo, se estimulan sexualmente y tambi\u00e9n hormonalmente. Tenemos que ense\u00f1arles a que entiendan cu\u00e1ndo est\u00e1n siendo coaccionados&#8221;, concluy\u00f3. <\/p>\n\n\n\n<p style=\"font-size:22px\"><strong>El abuso de un NNA es siempre muy impactante<\/strong><\/p>\n\n\n\n<p>En el \u00e1rea de urgencias pedi\u00e1tricas del Hospital de Itaugu\u00e1 reciben con frecuencia denuncias de ni\u00f1os y ni\u00f1as que son abusados dentro de su entorno. &#8220;Siempre tenemos casos, dos o tres casos por mes tenemos, es algo que vemos con frecuencia los pediatras&#8221;, afirm\u00f3 la doctora Estela Torres.<\/p>\n\n\n\n<p>Agreg\u00f3 que un caso de abuso sexual siempre impacta mucho porque son ni\u00f1os, porque ning\u00fan ni\u00f1o merece pasar por una situaci\u00f3n as\u00ed, siempre es muy triste para todo el equipo que le trata a los pacientes. <\/p>\n\n\n\n<p>&#8220;Es tambi\u00e9n muy triste ver a una ni\u00f1a con un beb\u00e9 en brazos que no sab\u00eda lo que estaba pasando. A esa paciente se le est\u00e1 haciendo un seguimiento, el especialista de salud mental tiene que lograr que la ni\u00f1a pueda adaptarse a su nueva situaci\u00f3n. Una violencia sexual no solo tiene riesgo de embarazo sino de enfermedades de salud sexual&#8221;, puntualiz\u00f3.<\/p>\n\n\n\n<figure class=\"wp-block-image size-large\"><img decoding=\"async\" loading=\"lazy\" width=\"1024\" height=\"683\" src=\"https:\/\/enlatitud25.com\/news\/wp-content\/uploads\/2021\/09\/child-abuse-6570086_1920-1024x683.jpg\" alt=\"\" class=\"wp-image-5261\" srcset=\"https:\/\/enlatitud25.com\/news\/wp-content\/uploads\/2021\/09\/child-abuse-6570086_1920-1024x683.jpg 1024w, https:\/\/enlatitud25.com\/news\/wp-content\/uploads\/2021\/09\/child-abuse-6570086_1920-300x200.jpg 300w, https:\/\/enlatitud25.com\/news\/wp-content\/uploads\/2021\/09\/child-abuse-6570086_1920-768x512.jpg 768w, https:\/\/enlatitud25.com\/news\/wp-content\/uploads\/2021\/09\/child-abuse-6570086_1920-1536x1024.jpg 1536w, https:\/\/enlatitud25.com\/news\/wp-content\/uploads\/2021\/09\/child-abuse-6570086_1920-380x253.jpg 380w, https:\/\/enlatitud25.com\/news\/wp-content\/uploads\/2021\/09\/child-abuse-6570086_1920-800x533.jpg 800w, https:\/\/enlatitud25.com\/news\/wp-content\/uploads\/2021\/09\/child-abuse-6570086_1920-1160x773.jpg 1160w, https:\/\/enlatitud25.com\/news\/wp-content\/uploads\/2021\/09\/child-abuse-6570086_1920.jpg 1920w\" sizes=\"(max-width: 1024px) 100vw, 1024px\" \/><\/figure>\n\n\n\n<p style=\"font-size:22px\"><strong>Doble falla del sistema<\/strong><\/p>\n\n\n\n<p>La doctora Estela Torres asevera que las ni\u00f1as que se embarazaron dos veces o que son madres por segunda vez son una prueba fehaciente de la falla del sistema, ya que esto significa que no se pudo dar una respuesta como se debe, por eso hay un equipo interdisciplinario, que no debe resolver solo un momento, darle un apoyo cuando sucedi\u00f3, sino que se trata de un proceso.<\/p>\n\n\n\n<p>\u201cSe busca dar un sost\u00e9n a la ni\u00f1a y a todo su entorno, porque no es solo la ni\u00f1a madre el problema, es su entorno, hay que ver que esto no vuelva a suceder. Tenemos muchos agujeros, muchos puntos blandos todav\u00eda para dar respuesta\u201d, reconoci\u00f3.<\/p>\n\n\n\n<figure class=\"wp-block-embed-twitter wp-block-embed is-type-rich is-provider-twitter\"><div class=\"wp-block-embed__wrapper\">\n<blockquote class=\"twitter-tweet\" data-width=\"550\" data-dnt=\"true\"><p lang=\"es\" dir=\"ltr\">[CALLAR TE HACE C\u00d3MPLICE] \u26a0\ufe0f\ud83d\udde3\ufe0f<br><br>\ud83d\udccdEn Paraguay, el 80% de los casos de abuso sexual hacia ni\u00f1os, ni\u00f1as y adolescentes se da en el entorno familiar.<br><br>\ud83d\udcf2 Denunci\u00e1 al 911 o al 147 Fono Ayuda del <a href=\"https:\/\/twitter.com\/MINNAParaguay?ref_src=twsrc%5Etfw\">@MINNAParaguay<\/a>.<a href=\"https:\/\/twitter.com\/hashtag\/TodosSomosResponsables?src=hash&amp;ref_src=twsrc%5Etfw\">#TodosSomosResponsables<\/a><a href=\"https:\/\/twitter.com\/hashtag\/L25?src=hash&amp;ref_src=twsrc%5Etfw\">#L25<\/a> <a href=\"https:\/\/t.co\/OXKqeaFR4W\">pic.twitter.com\/OXKqeaFR4W<\/a><\/p>&mdash; LATITUD 25 (@EnLatitud25) <a href=\"https:\/\/twitter.com\/EnLatitud25\/status\/1136741243415924736?ref_src=twsrc%5Etfw\">June 6, 2019<\/a><\/blockquote><script async src=\"https:\/\/platform.twitter.com\/widgets.js\" charset=\"utf-8\"><\/script>\n<\/div><\/figure>\n\n\n\n<p>La especialista Fanny Corrales, coincidi\u00f3 en que no puede una ni\u00f1a que haya llegado a un centro o a un hospital embarazada, salir sin una planificaci\u00f3n para evitar otro embarazo, &#8220;porque ah\u00ed si ya es responsabilidad de quienes le atendieron&#8221;, afirm\u00f3.<\/p>\n\n\n\n<p>A su vez, Torres insisti\u00f3 en que esto le compete a todos en la sociedad, no solamente al \u00e1rea de la salud: vigilar si hay un menor de riesgo. Hizo \u00e9nfasis en que todos tenemos que colaborar, todo el entorno, la comunidad tiene que estar atenta y considerar si es que hay un menor en riesgo. &#8220;Podemos lamentar la p\u00e9rdida de vidas muy j\u00f3venes y tambi\u00e9n truncar la vida de una ni\u00f1ita&#8221;, concluy\u00f3.<\/p>\n","protected":false},"excerpt":{"rendered":"Cuando una ni\u00f1a o adolescente se embaraza estamos hablando de la falla del sistema, falta de protecci\u00f3n del Estado, de acceso a la informaci\u00f3n y una sociedad silenciosa; cuando una ni\u00f1a resulta embarazada, estamos hablando de violaci\u00f3n. En este material te contamos c\u00f3mo se da la atenci\u00f3n de los casos y hasta qu\u00e9 punto puede afectar a una ni\u00f1a esta situaci\u00f3n.\n","protected":false},"author":1,"featured_media":5273,"comment_status":"closed","ping_status":"closed","sticky":false,"template":"","format":"standard","meta":[],"categories":[20],"tags":[646,643,645,644,27,94,642,515,647],"ubicacion":[17],"yoast_head":"<!-- This site is optimized with the Yoast SEO plugin v20.8 - https:\/\/yoast.com\/wordpress\/plugins\/seo\/ -->\n<title>El embarazo precoz: \u00bfc\u00f3mo afecta la vida de las ni\u00f1as? &ndash; Latitud25<\/title>\n<meta name=\"description\" content=\"Mir\u00e1 nuestros reportajes audiovisuales y seguinos para enterarte de las \u00faltimas noticias de Paraguay y el mundo, desde la Latitud25. Somos Alternativa de Informaci\u00f3n.\" \/>\n<meta name=\"robots\" content=\"index, follow, max-snippet:-1, max-image-preview:large, max-video-preview:-1\" \/>\n<link rel=\"canonical\" href=\"https:\/\/enlatitud25.com\/news\/el-embarazo-precoz-como-afecta-la-vida-de-las-ninas\/\" \/>\n<meta property=\"og:locale\" content=\"es_ES\" \/>\n<meta property=\"og:type\" content=\"article\" \/>\n<meta property=\"og:title\" content=\"El embarazo precoz: \u00bfc\u00f3mo afecta la vida de las ni\u00f1as? &ndash; Latitud25\" \/>\n<meta property=\"og:description\" content=\"Mir\u00e1 nuestros reportajes audiovisuales y seguinos para enterarte de las \u00faltimas noticias de Paraguay y el mundo, desde la Latitud25. Somos Alternativa de Informaci\u00f3n.\" \/>\n<meta property=\"og:url\" content=\"https:\/\/enlatitud25.com\/news\/el-embarazo-precoz-como-afecta-la-vida-de-las-ninas\/\" \/>\n<meta property=\"og:site_name\" content=\"Latitud25\" \/>\n<meta property=\"article:publisher\" content=\"https:\/\/www.facebook.com\/EnLatitud25\" \/>\n<meta property=\"article:author\" content=\"https:\/\/www.facebook.com\/EnLatitud25\" \/>\n<meta property=\"article:published_time\" content=\"2021-09-23T19:28:30+00:00\" \/>\n<meta property=\"article:modified_time\" content=\"2021-09-23T22:04:14+00:00\" \/>\n<meta property=\"og:image\" content=\"https:\/\/enlatitud25.com\/news\/wp-content\/uploads\/2021\/09\/el_embarazo_precoz_en_nin\u0303as.jpg\" \/>\n\t<meta property=\"og:image:width\" content=\"800\" \/>\n\t<meta property=\"og:image:height\" content=\"500\" \/>\n\t<meta property=\"og:image:type\" content=\"image\/jpeg\" \/>\n<meta name=\"author\" content=\"Latitud 25\" \/>\n<meta name=\"twitter:card\" content=\"summary_large_image\" \/>\n<meta name=\"twitter:creator\" content=\"@EnLatitud25\" \/>\n<meta name=\"twitter:site\" content=\"@EnLatitud25\" \/>\n<meta name=\"twitter:label1\" content=\"Escrito por\" \/>\n\t<meta name=\"twitter:data1\" content=\"Latitud 25\" \/>\n\t<meta name=\"twitter:label2\" content=\"Tiempo de lectura\" \/>\n\t<meta name=\"twitter:data2\" content=\"10 minutos\" \/>\n<script type=\"application\/ld+json\" class=\"yoast-schema-graph\">{\"@context\":\"https:\/\/schema.org\",\"@graph\":[{\"@type\":\"Article\",\"@id\":\"https:\/\/enlatitud25.com\/news\/el-embarazo-precoz-como-afecta-la-vida-de-las-ninas\/#article\",\"isPartOf\":{\"@id\":\"https:\/\/enlatitud25.com\/news\/el-embarazo-precoz-como-afecta-la-vida-de-las-ninas\/\"},\"author\":{\"name\":\"Latitud 25\",\"@id\":\"https:\/\/enlatitud25.com\/news\/#\/schema\/person\/23aafe968917005a721b8eb760f2586e\"},\"headline\":\"El embarazo precoz: \u00bfc\u00f3mo afecta la vida de las ni\u00f1as?\",\"datePublished\":\"2021-09-23T19:28:30+00:00\",\"dateModified\":\"2021-09-23T22:04:14+00:00\",\"mainEntityOfPage\":{\"@id\":\"https:\/\/enlatitud25.com\/news\/el-embarazo-precoz-como-afecta-la-vida-de-las-ninas\/\"},\"wordCount\":2100,\"publisher\":{\"@id\":\"https:\/\/enlatitud25.com\/news\/#organization\"},\"keywords\":[\"abuso\",\"adolescentes\",\"educaci\u00f3n sexual\",\"embarazo\",\"Estado\",\"fallo\",\"ni\u00f1as\",\"Protecci\u00f3n\",\"sistema\"],\"articleSection\":[\"Salud\"],\"inLanguage\":\"es\"},{\"@type\":\"WebPage\",\"@id\":\"https:\/\/enlatitud25.com\/news\/el-embarazo-precoz-como-afecta-la-vida-de-las-ninas\/\",\"url\":\"https:\/\/enlatitud25.com\/news\/el-embarazo-precoz-como-afecta-la-vida-de-las-ninas\/\",\"name\":\"El embarazo precoz: \u00bfc\u00f3mo afecta la vida de las ni\u00f1as? &ndash; Latitud25\",\"isPartOf\":{\"@id\":\"https:\/\/enlatitud25.com\/news\/#website\"},\"datePublished\":\"2021-09-23T19:28:30+00:00\",\"dateModified\":\"2021-09-23T22:04:14+00:00\",\"description\":\"Mir\u00e1 nuestros reportajes audiovisuales y seguinos para enterarte de las \u00faltimas noticias de Paraguay y el mundo, desde la Latitud25. Somos Alternativa de Informaci\u00f3n.\",\"breadcrumb\":{\"@id\":\"https:\/\/enlatitud25.com\/news\/el-embarazo-precoz-como-afecta-la-vida-de-las-ninas\/#breadcrumb\"},\"inLanguage\":\"es\",\"potentialAction\":[{\"@type\":\"ReadAction\",\"target\":[\"https:\/\/enlatitud25.com\/news\/el-embarazo-precoz-como-afecta-la-vida-de-las-ninas\/\"]}]},{\"@type\":\"BreadcrumbList\",\"@id\":\"https:\/\/enlatitud25.com\/news\/el-embarazo-precoz-como-afecta-la-vida-de-las-ninas\/#breadcrumb\",\"itemListElement\":[{\"@type\":\"ListItem\",\"position\":1,\"name\":\"Home\",\"item\":\"https:\/\/enlatitud25.com\/news\/\"},{\"@type\":\"ListItem\",\"position\":2,\"name\":\"El embarazo precoz: \u00bfc\u00f3mo afecta la vida de las ni\u00f1as?\"}]},{\"@type\":\"WebSite\",\"@id\":\"https:\/\/enlatitud25.com\/news\/#website\",\"url\":\"https:\/\/enlatitud25.com\/news\/\",\"name\":\"Latitud25\",\"description\":\"news\",\"publisher\":{\"@id\":\"https:\/\/enlatitud25.com\/news\/#organization\"},\"potentialAction\":[{\"@type\":\"SearchAction\",\"target\":{\"@type\":\"EntryPoint\",\"urlTemplate\":\"https:\/\/enlatitud25.com\/news\/?s={search_term_string}\"},\"query-input\":\"required name=search_term_string\"}],\"inLanguage\":\"es\"},{\"@type\":\"Organization\",\"@id\":\"https:\/\/enlatitud25.com\/news\/#organization\",\"name\":\"Latitud 25 - News\",\"url\":\"https:\/\/enlatitud25.com\/news\/\",\"logo\":{\"@type\":\"ImageObject\",\"inLanguage\":\"es\",\"@id\":\"https:\/\/enlatitud25.com\/news\/#\/schema\/logo\/image\/\",\"url\":\"https:\/\/enlatitud25.com\/news\/wp-content\/uploads\/2020\/11\/logo_latitud.png\",\"contentUrl\":\"https:\/\/enlatitud25.com\/news\/wp-content\/uploads\/2020\/11\/logo_latitud.png\",\"width\":235,\"height\":39,\"caption\":\"Latitud 25 - News\"},\"image\":{\"@id\":\"https:\/\/enlatitud25.com\/news\/#\/schema\/logo\/image\/\"},\"sameAs\":[\"https:\/\/www.facebook.com\/EnLatitud25\",\"https:\/\/twitter.com\/EnLatitud25\",\"https:\/\/www.instagram.com\/enlatitud25\/\",\"https:\/\/www.youtube.com\/user\/desdelatitud25\"]},{\"@type\":\"Person\",\"@id\":\"https:\/\/enlatitud25.com\/news\/#\/schema\/person\/23aafe968917005a721b8eb760f2586e\",\"name\":\"Latitud 25\",\"sameAs\":[\"https:\/\/enlatitud25.com\/news\",\"https:\/\/www.facebook.com\/EnLatitud25\",\"https:\/\/www.instagram.com\/enlatitud25\",\"https:\/\/www.youtube.com\/user\/desdelatitud25\",\"https:\/\/soundcloud.com\/enlatitud25\"],\"url\":\"https:\/\/enlatitud25.com\/news\/author\/nnews-uss00\/\"}]}<\/script>\n<!-- \/ Yoast SEO plugin. -->","yoast_head_json":{"title":"El embarazo precoz: \u00bfc\u00f3mo afecta la vida de las ni\u00f1as? &ndash; Latitud25","description":"Mir\u00e1 nuestros reportajes audiovisuales y seguinos para enterarte de las \u00faltimas noticias de Paraguay y el mundo, desde la Latitud25. Somos Alternativa de Informaci\u00f3n.","robots":{"index":"index","follow":"follow","max-snippet":"max-snippet:-1","max-image-preview":"max-image-preview:large","max-video-preview":"max-video-preview:-1"},"canonical":"https:\/\/enlatitud25.com\/news\/el-embarazo-precoz-como-afecta-la-vida-de-las-ninas\/","og_locale":"es_ES","og_type":"article","og_title":"El embarazo precoz: \u00bfc\u00f3mo afecta la vida de las ni\u00f1as? &ndash; Latitud25","og_description":"Mir\u00e1 nuestros reportajes audiovisuales y seguinos para enterarte de las \u00faltimas noticias de Paraguay y el mundo, desde la Latitud25. Somos Alternativa de Informaci\u00f3n.","og_url":"https:\/\/enlatitud25.com\/news\/el-embarazo-precoz-como-afecta-la-vida-de-las-ninas\/","og_site_name":"Latitud25","article_publisher":"https:\/\/www.facebook.com\/EnLatitud25","article_author":"https:\/\/www.facebook.com\/EnLatitud25","article_published_time":"2021-09-23T19:28:30+00:00","article_modified_time":"2021-09-23T22:04:14+00:00","og_image":[{"width":800,"height":500,"url":"https:\/\/enlatitud25.com\/news\/wp-content\/uploads\/2021\/09\/el_embarazo_precoz_en_nin\u0303as.jpg","type":"image\/jpeg"}],"author":"Latitud 25","twitter_card":"summary_large_image","twitter_creator":"@EnLatitud25","twitter_site":"@EnLatitud25","twitter_misc":{"Escrito por":"Latitud 25","Tiempo de lectura":"10 minutos"},"schema":{"@context":"https:\/\/schema.org","@graph":[{"@type":"Article","@id":"https:\/\/enlatitud25.com\/news\/el-embarazo-precoz-como-afecta-la-vida-de-las-ninas\/#article","isPartOf":{"@id":"https:\/\/enlatitud25.com\/news\/el-embarazo-precoz-como-afecta-la-vida-de-las-ninas\/"},"author":{"name":"Latitud 25","@id":"https:\/\/enlatitud25.com\/news\/#\/schema\/person\/23aafe968917005a721b8eb760f2586e"},"headline":"El embarazo precoz: \u00bfc\u00f3mo afecta la vida de las ni\u00f1as?","datePublished":"2021-09-23T19:28:30+00:00","dateModified":"2021-09-23T22:04:14+00:00","mainEntityOfPage":{"@id":"https:\/\/enlatitud25.com\/news\/el-embarazo-precoz-como-afecta-la-vida-de-las-ninas\/"},"wordCount":2100,"publisher":{"@id":"https:\/\/enlatitud25.com\/news\/#organization"},"keywords":["abuso","adolescentes","educaci\u00f3n sexual","embarazo","Estado","fallo","ni\u00f1as","Protecci\u00f3n","sistema"],"articleSection":["Salud"],"inLanguage":"es"},{"@type":"WebPage","@id":"https:\/\/enlatitud25.com\/news\/el-embarazo-precoz-como-afecta-la-vida-de-las-ninas\/","url":"https:\/\/enlatitud25.com\/news\/el-embarazo-precoz-como-afecta-la-vida-de-las-ninas\/","name":"El embarazo precoz: \u00bfc\u00f3mo afecta la vida de las ni\u00f1as? &ndash; Latitud25","isPartOf":{"@id":"https:\/\/enlatitud25.com\/news\/#website"},"datePublished":"2021-09-23T19:28:30+00:00","dateModified":"2021-09-23T22:04:14+00:00","description":"Mir\u00e1 nuestros reportajes audiovisuales y seguinos para enterarte de las \u00faltimas noticias de Paraguay y el mundo, desde la Latitud25. Somos Alternativa de Informaci\u00f3n.","breadcrumb":{"@id":"https:\/\/enlatitud25.com\/news\/el-embarazo-precoz-como-afecta-la-vida-de-las-ninas\/#breadcrumb"},"inLanguage":"es","potentialAction":[{"@type":"ReadAction","target":["https:\/\/enlatitud25.com\/news\/el-embarazo-precoz-como-afecta-la-vida-de-las-ninas\/"]}]},{"@type":"BreadcrumbList","@id":"https:\/\/enlatitud25.com\/news\/el-embarazo-precoz-como-afecta-la-vida-de-las-ninas\/#breadcrumb","itemListElement":[{"@type":"ListItem","position":1,"name":"Home","item":"https:\/\/enlatitud25.com\/news\/"},{"@type":"ListItem","position":2,"name":"El embarazo precoz: \u00bfc\u00f3mo afecta la vida de las ni\u00f1as?"}]},{"@type":"WebSite","@id":"https:\/\/enlatitud25.com\/news\/#website","url":"https:\/\/enlatitud25.com\/news\/","name":"Latitud25","description":"news","publisher":{"@id":"https:\/\/enlatitud25.com\/news\/#organization"},"potentialAction":[{"@type":"SearchAction","target":{"@type":"EntryPoint","urlTemplate":"https:\/\/enlatitud25.com\/news\/?s={search_term_string}"},"query-input":"required name=search_term_string"}],"inLanguage":"es"},{"@type":"Organization","@id":"https:\/\/enlatitud25.com\/news\/#organization","name":"Latitud 25 - News","url":"https:\/\/enlatitud25.com\/news\/","logo":{"@type":"ImageObject","inLanguage":"es","@id":"https:\/\/enlatitud25.com\/news\/#\/schema\/logo\/image\/","url":"https:\/\/enlatitud25.com\/news\/wp-content\/uploads\/2020\/11\/logo_latitud.png","contentUrl":"https:\/\/enlatitud25.com\/news\/wp-content\/uploads\/2020\/11\/logo_latitud.png","width":235,"height":39,"caption":"Latitud 25 - News"},"image":{"@id":"https:\/\/enlatitud25.com\/news\/#\/schema\/logo\/image\/"},"sameAs":["https:\/\/www.facebook.com\/EnLatitud25","https:\/\/twitter.com\/EnLatitud25","https:\/\/www.instagram.com\/enlatitud25\/","https:\/\/www.youtube.com\/user\/desdelatitud25"]},{"@type":"Person","@id":"https:\/\/enlatitud25.com\/news\/#\/schema\/person\/23aafe968917005a721b8eb760f2586e","name":"Latitud 25","sameAs":["https:\/\/enlatitud25.com\/news","https:\/\/www.facebook.com\/EnLatitud25","https:\/\/www.instagram.com\/enlatitud25","https:\/\/www.youtube.com\/user\/desdelatitud25","https:\/\/soundcloud.com\/enlatitud25"],"url":"https:\/\/enlatitud25.com\/news\/author\/nnews-uss00\/"}]}},"_links":{"self":[{"href":"https:\/\/enlatitud25.com\/news\/wp-json\/wp\/v2\/posts\/5246"}],"collection":[{"href":"https:\/\/enlatitud25.com\/news\/wp-json\/wp\/v2\/posts"}],"about":[{"href":"https:\/\/enlatitud25.com\/news\/wp-json\/wp\/v2\/types\/post"}],"author":[{"embeddable":true,"href":"https:\/\/enlatitud25.com\/news\/wp-json\/wp\/v2\/users\/1"}],"replies":[{"embeddable":true,"href":"https:\/\/enlatitud25.com\/news\/wp-json\/wp\/v2\/comments?post=5246"}],"version-history":[{"count":8,"href":"https:\/\/enlatitud25.com\/news\/wp-json\/wp\/v2\/posts\/5246\/revisions"}],"predecessor-version":[{"id":5272,"href":"https:\/\/enlatitud25.com\/news\/wp-json\/wp\/v2\/posts\/5246\/revisions\/5272"}],"wp:featuredmedia":[{"embeddable":true,"href":"https:\/\/enlatitud25.com\/news\/wp-json\/wp\/v2\/media\/5273"}],"wp:attachment":[{"href":"https:\/\/enlatitud25.com\/news\/wp-json\/wp\/v2\/media?parent=5246"}],"wp:term":[{"taxonomy":"category","embeddable":true,"href":"https:\/\/enlatitud25.com\/news\/wp-json\/wp\/v2\/categories?post=5246"},{"taxonomy":"post_tag","embeddable":true,"href":"https:\/\/enlatitud25.com\/news\/wp-json\/wp\/v2\/tags?post=5246"},{"taxonomy":"ubicacion","embeddable":true,"href":"https:\/\/enlatitud25.com\/news\/wp-json\/wp\/v2\/ubicacion?post=5246"}],"curies":[{"name":"wp","href":"https:\/\/api.w.org\/{rel}","templated":true}]}}