{"id":5231,"date":"2021-09-21T19:46:04","date_gmt":"2021-09-21T19:46:04","guid":{"rendered":"https:\/\/enlatitud25.com\/news\/?p=5231"},"modified":"2021-09-21T20:15:38","modified_gmt":"2021-09-21T20:15:38","slug":"volver-a-la-rutina-poscuarentena-puede-ser-mas-dificil-de-lo-esperado","status":"publish","type":"post","link":"https:\/\/enlatitud25.com\/news\/volver-a-la-rutina-poscuarentena-puede-ser-mas-dificil-de-lo-esperado\/","title":{"rendered":"Volver a la rutina poscuarentena, puede ser m\u00e1s dif\u00edcil de lo esperado"},"content":{"rendered":"\n<p>En un a\u00f1o y medio, a causa de las restricciones impuestas por los gobiernos para frenar contagios, cambi\u00f3 la manera de vivir en el pa\u00eds y el mundo.<\/p>\n\n\n\n<p>Si bien en algunos rubros laborales, no existi\u00f3 ese cambio de ritmo, tras las \u00faltimas directivas del Ministerio de Salud, un grupo importante de personas regres\u00f3 a la modalidad presencial en sus puestos de trabajo.<\/p>\n\n\n\n<p><strong>Le\u00e9 m\u00e1s: <a href=\"https:\/\/enlatitud25.com\/news\/el-trastorno-de-ansiedad-no-tratado-puede-generar-discapacidad\/\">El trastorno de ansiedad no tratado puede generar discapacidad<\/a><\/strong><\/p>\n\n\n\n<p>El retorno brusco a la interacci\u00f3n con otras personas, despu\u00e9s de tanto home office, est\u00e1 resultando todo un desaf\u00edo para algunos, aunque al principio incluso les haya costado encerrarse, por eso abordamos esta situaci\u00f3n desde el punto de vida m\u00e9dico.<\/p>\n\n\n\n<figure class=\"wp-block-image size-large\"><img decoding=\"async\" loading=\"lazy\" width=\"800\" height=\"500\" src=\"https:\/\/enlatitud25.com\/news\/wp-content\/uploads\/2021\/09\/WhatsApp-Image-2021-09-09-at-15.25.07-1.jpeg\" alt=\"\" class=\"wp-image-5101\" srcset=\"https:\/\/enlatitud25.com\/news\/wp-content\/uploads\/2021\/09\/WhatsApp-Image-2021-09-09-at-15.25.07-1.jpeg 800w, https:\/\/enlatitud25.com\/news\/wp-content\/uploads\/2021\/09\/WhatsApp-Image-2021-09-09-at-15.25.07-1-300x188.jpeg 300w, https:\/\/enlatitud25.com\/news\/wp-content\/uploads\/2021\/09\/WhatsApp-Image-2021-09-09-at-15.25.07-1-768x480.jpeg 768w, https:\/\/enlatitud25.com\/news\/wp-content\/uploads\/2021\/09\/WhatsApp-Image-2021-09-09-at-15.25.07-1-380x238.jpeg 380w\" sizes=\"(max-width: 800px) 100vw, 800px\" \/><\/figure>\n\n\n\n<p>Al respecto, Latitud 25 convers\u00f3 con el psiquiatra de Cl\u00ednicas, <strong>Julio C\u00e9sar Torales<\/strong>, quien explic\u00f3 lo que se est\u00e1 viendo en el consultorio.<\/p>\n\n\n\n<p>Seg\u00fan coment\u00f3, hay un grupo importante de personas al que le est\u00e1 costando regresar a la \u201cnormalidad\u201d por la incertidumbre que genera este nuevo escenario. Resalt\u00f3 la persistencia de ese miedo en mucha gente, pero principalmente en la que tiene trastorno de la ansiedad.<\/p>\n\n\n\n<p style=\"font-size:22px\"><strong>Episodios de p\u00e1nico<\/strong><\/p>\n\n\n\n<p>El aumento de la cantidad de gente en los lugares, el tr\u00e1nsito, el regreso a las reuniones sociales, y la relativa \u201cnormalidad\u201d que vuelve a instalarse tras la vacunaci\u00f3n y la disminuci\u00f3n de los contagios, si bien fue bastante a\u00f1orada, a algunas personas les puede causar una gran angustia.<\/p>\n\n\n\n<p>El psiquiatra<strong> Julio Torales<\/strong> resalt\u00f3 que hubo gente que fue a consultar por episodios de p\u00e1nico, vinculados al regreso a ciertas actividades, principalmente sociales.<\/p>\n\n\n\n<p>Recordemos que una persona con trastorno de p\u00e1nico puede experimentar s\u00edntomas como sentimientos intensos de terror y tanto respiraci\u00f3n como frecuencia card\u00edaca acelerada. Las personas con trastorno de p\u00e1nico pueden experimentar estos ataques de forma inesperada y sin motivo aparente, pero tambi\u00e9n pueden estar precedidos por alg\u00fan tipo de evento o situaci\u00f3n desencadenante, seg\u00fan la revista m\u00e9dica de salud mental <a href=\"https:\/\/www.verywellmind.com\/\" target=\"_blank\" rel=\"noreferrer noopener\">VerywellMind<\/a>.<\/p>\n\n\n\n<figure class=\"wp-block-image size-large\"><img decoding=\"async\" loading=\"lazy\" width=\"800\" height=\"500\" src=\"https:\/\/enlatitud25.com\/news\/wp-content\/uploads\/2021\/07\/ansiedad_portadaweb.jpg\" alt=\"\" class=\"wp-image-4331\" srcset=\"https:\/\/enlatitud25.com\/news\/wp-content\/uploads\/2021\/07\/ansiedad_portadaweb.jpg 800w, https:\/\/enlatitud25.com\/news\/wp-content\/uploads\/2021\/07\/ansiedad_portadaweb-300x188.jpg 300w, https:\/\/enlatitud25.com\/news\/wp-content\/uploads\/2021\/07\/ansiedad_portadaweb-768x480.jpg 768w, https:\/\/enlatitud25.com\/news\/wp-content\/uploads\/2021\/07\/ansiedad_portadaweb-380x238.jpg 380w\" sizes=\"(max-width: 800px) 100vw, 800px\" \/><\/figure>\n\n\n\n<p style=\"font-size:22px\"><strong>Se\u00f1ales que te deben llamar la atenci\u00f3n<\/strong><\/p>\n\n\n\n<ul><li>M\u00faltiples preocupaciones antes de hacer una actividad.<\/li><\/ul>\n\n\n\n<ul><li>Miedo a que algo malo vaya a suceder.<\/li><\/ul>\n\n\n\n<ul><li>Insomnio frecuente.<\/li><\/ul>\n\n\n\n<ul><li>Crisis de p\u00e1nico, palpitaciones.<\/li><\/ul>\n\n\n\n<ul><li>Dolor de pecho no relacionado con ning\u00fan infarto ni nada cardiol\u00f3gico.<\/li><\/ul>\n\n\n\n<ul><li>Dolor de cabeza intenso.<\/li><\/ul>\n\n\n\n<ul><li>Tensi\u00f3n muscular frecuente.<\/li><\/ul>\n\n\n\n<ul><li>Alteraciones gastrointestinales constantes, relacionadas con el miedo a volver al trabajo.<\/li><\/ul>\n\n\n\n<ul><li>Depresi\u00f3n: angustia generalizada, una tristeza que colorea de gris la vida.<\/li><\/ul>\n\n\n\n<ul><li> Dificultad para sentir placer en actividades que antes le hac\u00edan sentir placer, como estar con amigos, la pareja o la familia.<\/li><\/ul>\n\n\n\n<figure class=\"wp-block-image size-large\"><img decoding=\"async\" loading=\"lazy\" width=\"919\" height=\"607\" src=\"https:\/\/enlatitud25.com\/news\/wp-content\/uploads\/2021\/05\/terapia.jpg\" alt=\"\" class=\"wp-image-3472\" srcset=\"https:\/\/enlatitud25.com\/news\/wp-content\/uploads\/2021\/05\/terapia.jpg 919w, https:\/\/enlatitud25.com\/news\/wp-content\/uploads\/2021\/05\/terapia-300x198.jpg 300w, https:\/\/enlatitud25.com\/news\/wp-content\/uploads\/2021\/05\/terapia-768x507.jpg 768w, https:\/\/enlatitud25.com\/news\/wp-content\/uploads\/2021\/05\/terapia-380x251.jpg 380w, https:\/\/enlatitud25.com\/news\/wp-content\/uploads\/2021\/05\/terapia-800x528.jpg 800w\" sizes=\"(max-width: 919px) 100vw, 919px\" \/><\/figure>\n\n\n\n<p style=\"font-size:22px\"><strong>Contenci\u00f3n para seguir avanzando<\/strong><\/p>\n\n\n\n<p>El especialista en salud mental, se\u00f1al\u00f3 que por ejemplo, las personas que antes de la pandemia, ten\u00edan ansiedad social, se sintieron m\u00e1s c\u00f3modas con las restricciones, porque tuvieron que interactuar poco, pero ahora vinieron a enfrentarse a lo que antes le ten\u00edan miedo, hicieron que esos s\u00edntomas se hayan exacerbado.<\/p>\n\n\n\n<p>Record\u00f3 que todos estos cambios detonaron trastornos en personas que antes eran sanas o generaron reca\u00eddas en gente que ya hab\u00eda sido dada de alta en su tratamiento. Opin\u00f3 que hubiera sido mucho m\u00e1s propicio implementar un plan de retorno gradual a las oficinas y los espacios con mayor cantidad de personas, para algunas casos en que el regreso fue de la noche a la ma\u00f1ana. <\/p>\n\n\n\n<p>Torales remarc\u00f3 que las personas que tengan algunos de los s\u00edntomas antes mencionados, necesitan herramientas psicol\u00f3gicas para enfrentar estas situaciones. <\/p>\n\n\n\n<p>Por ese motivo inst\u00f3 a consultar con un profesional de la salud mental, porque si bien muchas veces puede ser algo pasajero, tambi\u00e9n puede dar paso a un trastorno mental. &#8220;Hay que perder el miedo a buscar ayuda, porque solamente un psic\u00f3logo o un psiquiatra van a saber detectar qu\u00e9 es lo que la persona necesita hacer&#8221;, concluy\u00f3.<\/p>\n\n\n\n<p><strong><a href=\"https:\/\/drive.google.com\/file\/d\/1kv551yVT15-MCHdPgjUxYboWwcA79Fka\/view\"><span style=\"color:#044662\" class=\"has-inline-color\">En este link te mostramos el Directorio de Consultorios de Salud Mental del Ministerio<\/span><\/a><\/strong><\/p>\n\n\n\n<blockquote class=\"instagram-media\" data-instgrm-permalink=\"https:\/\/www.instagram.com\/p\/CTpHaVPL-hG\/?utm_source=ig_embed&amp;utm_campaign=loading\" data-instgrm-version=\"13\" style=\" background:#FFF; border:0; border-radius:3px; box-shadow:0 0 1px 0 rgba(0,0,0,0.5),0 1px 10px 0 rgba(0,0,0,0.15); margin: 1px; max-width:540px; min-width:326px; padding:0; width:99.375%; width:-webkit-calc(100% - 2px); width:calc(100% - 2px);\"><div style=\"padding:16px;\"> <a href=\"https:\/\/www.instagram.com\/p\/CTpHaVPL-hG\/?utm_source=ig_embed&amp;utm_campaign=loading\" style=\" background:#FFFFFF; line-height:0; padding:0 0; text-align:center; text-decoration:none; width:100%;\" target=\"_blank\" rel=\"noopener noreferrer\"> <div style=\" display: flex; flex-direction: row; align-items: center;\"> <div style=\"background-color: #F4F4F4; border-radius: 50%; flex-grow: 0; height: 40px; margin-right: 14px; width: 40px;\"><\/div> <div style=\"display: flex; flex-direction: column; flex-grow: 1; justify-content: center;\"> <div style=\" background-color: #F4F4F4; border-radius: 4px; flex-grow: 0; height: 14px; margin-bottom: 6px; width: 100px;\"><\/div> <div style=\" background-color: #F4F4F4; border-radius: 4px; flex-grow: 0; height: 14px; width: 60px;\"><\/div><\/div><\/div><div style=\"padding: 19% 0;\"><\/div> <div style=\"display:block; height:50px; margin:0 auto 12px; width:50px;\"><svg width=\"50px\" height=\"50px\" viewBox=\"0 0 60 60\" version=\"1.1\" xmlns=\"https:\/\/www.w3.org\/2000\/svg\" xmlns:xlink=\"https:\/\/www.w3.org\/1999\/xlink\"><g stroke=\"none\" stroke-width=\"1\" fill=\"none\" fill-rule=\"evenodd\"><g transform=\"translate(-511.000000, -20.000000)\" fill=\"#000000\"><g><path d=\"M556.869,30.41 C554.814,30.41 553.148,32.076 553.148,34.131 C553.148,36.186 554.814,37.852 556.869,37.852 C558.924,37.852 560.59,36.186 560.59,34.131 C560.59,32.076 558.924,30.41 556.869,30.41 M541,60.657 C535.114,60.657 530.342,55.887 530.342,50 C530.342,44.114 535.114,39.342 541,39.342 C546.887,39.342 551.658,44.114 551.658,50 C551.658,55.887 546.887,60.657 541,60.657 M541,33.886 C532.1,33.886 524.886,41.1 524.886,50 C524.886,58.899 532.1,66.113 541,66.113 C549.9,66.113 557.115,58.899 557.115,50 C557.115,41.1 549.9,33.886 541,33.886 M565.378,62.101 C565.244,65.022 564.756,66.606 564.346,67.663 C563.803,69.06 563.154,70.057 562.106,71.106 C561.058,72.155 560.06,72.803 558.662,73.347 C557.607,73.757 556.021,74.244 553.102,74.378 C549.944,74.521 548.997,74.552 541,74.552 C533.003,74.552 532.056,74.521 528.898,74.378 C525.979,74.244 524.393,73.757 523.338,73.347 C521.94,72.803 520.942,72.155 519.894,71.106 C518.846,70.057 518.197,69.06 517.654,67.663 C517.244,66.606 516.755,65.022 516.623,62.101 C516.479,58.943 516.448,57.996 516.448,50 C516.448,42.003 516.479,41.056 516.623,37.899 C516.755,34.978 517.244,33.391 517.654,32.338 C518.197,30.938 518.846,29.942 519.894,28.894 C520.942,27.846 521.94,27.196 523.338,26.654 C524.393,26.244 525.979,25.756 528.898,25.623 C532.057,25.479 533.004,25.448 541,25.448 C548.997,25.448 549.943,25.479 553.102,25.623 C556.021,25.756 557.607,26.244 558.662,26.654 C560.06,27.196 561.058,27.846 562.106,28.894 C563.154,29.942 563.803,30.938 564.346,32.338 C564.756,33.391 565.244,34.978 565.378,37.899 C565.522,41.056 565.552,42.003 565.552,50 C565.552,57.996 565.522,58.943 565.378,62.101 M570.82,37.631 C570.674,34.438 570.167,32.258 569.425,30.349 C568.659,28.377 567.633,26.702 565.965,25.035 C564.297,23.368 562.623,22.342 560.652,21.575 C558.743,20.834 556.562,20.326 553.369,20.18 C550.169,20.033 549.148,20 541,20 C532.853,20 531.831,20.033 528.631,20.18 C525.438,20.326 523.257,20.834 521.349,21.575 C519.376,22.342 517.703,23.368 516.035,25.035 C514.368,26.702 513.342,28.377 512.574,30.349 C511.834,32.258 511.326,34.438 511.181,37.631 C511.035,40.831 511,41.851 511,50 C511,58.147 511.035,59.17 511.181,62.369 C511.326,65.562 511.834,67.743 512.574,69.651 C513.342,71.625 514.368,73.296 516.035,74.965 C517.703,76.634 519.376,77.658 521.349,78.425 C523.257,79.167 525.438,79.673 528.631,79.82 C531.831,79.965 532.853,80.001 541,80.001 C549.148,80.001 550.169,79.965 553.369,79.82 C556.562,79.673 558.743,79.167 560.652,78.425 C562.623,77.658 564.297,76.634 565.965,74.965 C567.633,73.296 568.659,71.625 569.425,69.651 C570.167,67.743 570.674,65.562 570.82,62.369 C570.966,59.17 571,58.147 571,50 C571,41.851 570.966,40.831 570.82,37.631\"><\/path><\/g><\/g><\/g><\/svg><\/div><div style=\"padding-top: 8px;\"> <div style=\" color:#3897f0; font-family:Arial,sans-serif; font-size:14px; font-style:normal; font-weight:550; line-height:18px;\"> Ver esta publicaci\u00f3n en Instagram<\/div><\/div><div style=\"padding: 12.5% 0;\"><\/div> <div style=\"display: flex; flex-direction: row; margin-bottom: 14px; align-items: center;\"><div> <div style=\"background-color: #F4F4F4; border-radius: 50%; height: 12.5px; width: 12.5px; transform: translateX(0px) translateY(7px);\"><\/div> <div style=\"background-color: #F4F4F4; height: 12.5px; transform: rotate(-45deg) translateX(3px) translateY(1px); width: 12.5px; flex-grow: 0; margin-right: 14px; margin-left: 2px;\"><\/div> <div style=\"background-color: #F4F4F4; border-radius: 50%; height: 12.5px; width: 12.5px; transform: translateX(9px) translateY(-18px);\"><\/div><\/div><div style=\"margin-left: 8px;\"> <div style=\" background-color: #F4F4F4; border-radius: 50%; flex-grow: 0; height: 20px; width: 20px;\"><\/div> <div style=\" width: 0; height: 0; border-top: 2px solid transparent; border-left: 6px solid #f4f4f4; border-bottom: 2px solid transparent; transform: translateX(16px) translateY(-4px) rotate(30deg)\"><\/div><\/div><div style=\"margin-left: auto;\"> <div style=\" width: 0px; border-top: 8px solid #F4F4F4; border-right: 8px solid transparent; transform: translateY(16px);\"><\/div> <div style=\" background-color: #F4F4F4; flex-grow: 0; height: 12px; width: 16px; transform: translateY(-4px);\"><\/div> <div style=\" width: 0; height: 0; border-top: 8px solid #F4F4F4; border-left: 8px solid transparent; transform: translateY(-4px) translateX(8px);\"><\/div><\/div><\/div> <div style=\"display: flex; flex-direction: column; flex-grow: 1; justify-content: center; margin-bottom: 24px;\"> <div style=\" background-color: #F4F4F4; border-radius: 4px; flex-grow: 0; height: 14px; margin-bottom: 6px; width: 224px;\"><\/div> <div style=\" background-color: #F4F4F4; border-radius: 4px; flex-grow: 0; height: 14px; width: 144px;\"><\/div><\/div><\/a><p style=\" color:#c9c8cd; font-family:Arial,sans-serif; font-size:14px; line-height:17px; margin-bottom:0; margin-top:8px; overflow:hidden; padding:8px 0 7px; text-align:center; text-overflow:ellipsis; white-space:nowrap;\"><a href=\"https:\/\/www.instagram.com\/p\/CTpHaVPL-hG\/?utm_source=ig_embed&amp;utm_campaign=loading\" style=\" color:#c9c8cd; font-family:Arial,sans-serif; font-size:14px; font-style:normal; font-weight:normal; line-height:17px; text-decoration:none;\" target=\"_blank\" rel=\"noopener noreferrer\">Una publicaci\u00f3n compartida por LATITUD 25 (@enlatitud25)<\/a><\/p><\/div><\/blockquote> <script async=\"\" src=\"\/\/www.instagram.com\/embed.js\"><\/script>\n","protected":false},"excerpt":{"rendered":"Probablemente te est\u00e9 costando m\u00e1s de lo normal regresar a las actividades que ten\u00edas antes de la pandemia, principalmente a las relacionadas a la vida social. Te contamos cu\u00e1les son las se\u00f1ales a las que deb\u00e9s prestar mucha atenci\u00f3n y qu\u00e9 pod\u00e9s hacer al respecto.\n","protected":false},"author":1,"featured_media":5239,"comment_status":"closed","ping_status":"closed","sticky":false,"template":"","format":"standard","meta":[],"categories":[20],"tags":[640,44,28,639,641,71],"ubicacion":[17],"yoast_head":"<!-- This site is optimized with the Yoast SEO plugin v20.8 - https:\/\/yoast.com\/wordpress\/plugins\/seo\/ -->\n<title>Volver a la rutina poscuarentena, puede ser m\u00e1s dif\u00edcil de lo esperado &ndash; Latitud25<\/title>\n<meta name=\"description\" content=\"Mir\u00e1 nuestros reportajes audiovisuales y seguinos para enterarte de las \u00faltimas noticias de Paraguay y el mundo, desde la Latitud25. Somos Alternativa de Informaci\u00f3n.\" \/>\n<meta name=\"robots\" content=\"index, follow, max-snippet:-1, max-image-preview:large, max-video-preview:-1\" \/>\n<link rel=\"canonical\" href=\"https:\/\/enlatitud25.com\/news\/volver-a-la-rutina-poscuarentena-puede-ser-mas-dificil-de-lo-esperado\/\" \/>\n<meta property=\"og:locale\" content=\"es_ES\" \/>\n<meta property=\"og:type\" content=\"article\" \/>\n<meta property=\"og:title\" content=\"Volver a la rutina poscuarentena, puede ser m\u00e1s dif\u00edcil de lo esperado &ndash; Latitud25\" \/>\n<meta property=\"og:description\" content=\"Mir\u00e1 nuestros reportajes audiovisuales y seguinos para enterarte de las \u00faltimas noticias de Paraguay y el mundo, desde la Latitud25. Somos Alternativa de Informaci\u00f3n.\" \/>\n<meta property=\"og:url\" content=\"https:\/\/enlatitud25.com\/news\/volver-a-la-rutina-poscuarentena-puede-ser-mas-dificil-de-lo-esperado\/\" \/>\n<meta property=\"og:site_name\" content=\"Latitud25\" \/>\n<meta property=\"article:publisher\" content=\"https:\/\/www.facebook.com\/EnLatitud25\" \/>\n<meta property=\"article:author\" content=\"https:\/\/www.facebook.com\/EnLatitud25\" \/>\n<meta property=\"article:published_time\" content=\"2021-09-21T19:46:04+00:00\" \/>\n<meta property=\"article:modified_time\" content=\"2021-09-21T20:15:38+00:00\" \/>\n<meta property=\"og:image\" content=\"https:\/\/enlatitud25.com\/news\/wp-content\/uploads\/2021\/09\/WhatsApp-Image-2021-09-21-at-15.24.47.jpeg\" \/>\n\t<meta property=\"og:image:width\" content=\"800\" \/>\n\t<meta property=\"og:image:height\" content=\"500\" \/>\n\t<meta property=\"og:image:type\" content=\"image\/jpeg\" \/>\n<meta name=\"author\" content=\"Latitud 25\" \/>\n<meta name=\"twitter:card\" content=\"summary_large_image\" \/>\n<meta name=\"twitter:creator\" content=\"@EnLatitud25\" \/>\n<meta name=\"twitter:site\" content=\"@EnLatitud25\" \/>\n<meta name=\"twitter:label1\" content=\"Escrito por\" \/>\n\t<meta name=\"twitter:data1\" content=\"Latitud 25\" \/>\n\t<meta name=\"twitter:label2\" content=\"Tiempo de lectura\" \/>\n\t<meta name=\"twitter:data2\" content=\"4 minutos\" \/>\n<script type=\"application\/ld+json\" class=\"yoast-schema-graph\">{\"@context\":\"https:\/\/schema.org\",\"@graph\":[{\"@type\":\"Article\",\"@id\":\"https:\/\/enlatitud25.com\/news\/volver-a-la-rutina-poscuarentena-puede-ser-mas-dificil-de-lo-esperado\/#article\",\"isPartOf\":{\"@id\":\"https:\/\/enlatitud25.com\/news\/volver-a-la-rutina-poscuarentena-puede-ser-mas-dificil-de-lo-esperado\/\"},\"author\":{\"name\":\"Latitud 25\",\"@id\":\"https:\/\/enlatitud25.com\/news\/#\/schema\/person\/23aafe968917005a721b8eb760f2586e\"},\"headline\":\"Volver a la rutina poscuarentena, puede ser m\u00e1s dif\u00edcil de lo esperado\",\"datePublished\":\"2021-09-21T19:46:04+00:00\",\"dateModified\":\"2021-09-21T20:15:38+00:00\",\"mainEntityOfPage\":{\"@id\":\"https:\/\/enlatitud25.com\/news\/volver-a-la-rutina-poscuarentena-puede-ser-mas-dificil-de-lo-esperado\/\"},\"wordCount\":696,\"publisher\":{\"@id\":\"https:\/\/enlatitud25.com\/news\/#organization\"},\"keywords\":[\"actividades\",\"Ansiedad\",\"Pandemia\",\"p\u00e1nico\",\"rutina\",\"salud mental\"],\"articleSection\":[\"Salud\"],\"inLanguage\":\"es\"},{\"@type\":\"WebPage\",\"@id\":\"https:\/\/enlatitud25.com\/news\/volver-a-la-rutina-poscuarentena-puede-ser-mas-dificil-de-lo-esperado\/\",\"url\":\"https:\/\/enlatitud25.com\/news\/volver-a-la-rutina-poscuarentena-puede-ser-mas-dificil-de-lo-esperado\/\",\"name\":\"Volver a la rutina poscuarentena, puede ser m\u00e1s dif\u00edcil de lo esperado &ndash; Latitud25\",\"isPartOf\":{\"@id\":\"https:\/\/enlatitud25.com\/news\/#website\"},\"datePublished\":\"2021-09-21T19:46:04+00:00\",\"dateModified\":\"2021-09-21T20:15:38+00:00\",\"description\":\"Mir\u00e1 nuestros reportajes audiovisuales y seguinos para enterarte de las \u00faltimas noticias de Paraguay y el mundo, desde la Latitud25. Somos Alternativa de Informaci\u00f3n.\",\"breadcrumb\":{\"@id\":\"https:\/\/enlatitud25.com\/news\/volver-a-la-rutina-poscuarentena-puede-ser-mas-dificil-de-lo-esperado\/#breadcrumb\"},\"inLanguage\":\"es\",\"potentialAction\":[{\"@type\":\"ReadAction\",\"target\":[\"https:\/\/enlatitud25.com\/news\/volver-a-la-rutina-poscuarentena-puede-ser-mas-dificil-de-lo-esperado\/\"]}]},{\"@type\":\"BreadcrumbList\",\"@id\":\"https:\/\/enlatitud25.com\/news\/volver-a-la-rutina-poscuarentena-puede-ser-mas-dificil-de-lo-esperado\/#breadcrumb\",\"itemListElement\":[{\"@type\":\"ListItem\",\"position\":1,\"name\":\"Home\",\"item\":\"https:\/\/enlatitud25.com\/news\/\"},{\"@type\":\"ListItem\",\"position\":2,\"name\":\"Volver a la rutina poscuarentena, puede ser m\u00e1s dif\u00edcil de lo esperado\"}]},{\"@type\":\"WebSite\",\"@id\":\"https:\/\/enlatitud25.com\/news\/#website\",\"url\":\"https:\/\/enlatitud25.com\/news\/\",\"name\":\"Latitud25\",\"description\":\"news\",\"publisher\":{\"@id\":\"https:\/\/enlatitud25.com\/news\/#organization\"},\"potentialAction\":[{\"@type\":\"SearchAction\",\"target\":{\"@type\":\"EntryPoint\",\"urlTemplate\":\"https:\/\/enlatitud25.com\/news\/?s={search_term_string}\"},\"query-input\":\"required name=search_term_string\"}],\"inLanguage\":\"es\"},{\"@type\":\"Organization\",\"@id\":\"https:\/\/enlatitud25.com\/news\/#organization\",\"name\":\"Latitud 25 - News\",\"url\":\"https:\/\/enlatitud25.com\/news\/\",\"logo\":{\"@type\":\"ImageObject\",\"inLanguage\":\"es\",\"@id\":\"https:\/\/enlatitud25.com\/news\/#\/schema\/logo\/image\/\",\"url\":\"https:\/\/enlatitud25.com\/news\/wp-content\/uploads\/2020\/11\/logo_latitud.png\",\"contentUrl\":\"https:\/\/enlatitud25.com\/news\/wp-content\/uploads\/2020\/11\/logo_latitud.png\",\"width\":235,\"height\":39,\"caption\":\"Latitud 25 - News\"},\"image\":{\"@id\":\"https:\/\/enlatitud25.com\/news\/#\/schema\/logo\/image\/\"},\"sameAs\":[\"https:\/\/www.facebook.com\/EnLatitud25\",\"https:\/\/twitter.com\/EnLatitud25\",\"https:\/\/www.instagram.com\/enlatitud25\/\",\"https:\/\/www.youtube.com\/user\/desdelatitud25\"]},{\"@type\":\"Person\",\"@id\":\"https:\/\/enlatitud25.com\/news\/#\/schema\/person\/23aafe968917005a721b8eb760f2586e\",\"name\":\"Latitud 25\",\"sameAs\":[\"https:\/\/enlatitud25.com\/news\",\"https:\/\/www.facebook.com\/EnLatitud25\",\"https:\/\/www.instagram.com\/enlatitud25\",\"https:\/\/www.youtube.com\/user\/desdelatitud25\",\"https:\/\/soundcloud.com\/enlatitud25\"],\"url\":\"https:\/\/enlatitud25.com\/news\/author\/nnews-uss00\/\"}]}<\/script>\n<!-- \/ Yoast SEO plugin. -->","yoast_head_json":{"title":"Volver a la rutina poscuarentena, puede ser m\u00e1s dif\u00edcil de lo esperado &ndash; Latitud25","description":"Mir\u00e1 nuestros reportajes audiovisuales y seguinos para enterarte de las \u00faltimas noticias de Paraguay y el mundo, desde la Latitud25. Somos Alternativa de Informaci\u00f3n.","robots":{"index":"index","follow":"follow","max-snippet":"max-snippet:-1","max-image-preview":"max-image-preview:large","max-video-preview":"max-video-preview:-1"},"canonical":"https:\/\/enlatitud25.com\/news\/volver-a-la-rutina-poscuarentena-puede-ser-mas-dificil-de-lo-esperado\/","og_locale":"es_ES","og_type":"article","og_title":"Volver a la rutina poscuarentena, puede ser m\u00e1s dif\u00edcil de lo esperado &ndash; Latitud25","og_description":"Mir\u00e1 nuestros reportajes audiovisuales y seguinos para enterarte de las \u00faltimas noticias de Paraguay y el mundo, desde la Latitud25. Somos Alternativa de Informaci\u00f3n.","og_url":"https:\/\/enlatitud25.com\/news\/volver-a-la-rutina-poscuarentena-puede-ser-mas-dificil-de-lo-esperado\/","og_site_name":"Latitud25","article_publisher":"https:\/\/www.facebook.com\/EnLatitud25","article_author":"https:\/\/www.facebook.com\/EnLatitud25","article_published_time":"2021-09-21T19:46:04+00:00","article_modified_time":"2021-09-21T20:15:38+00:00","og_image":[{"width":800,"height":500,"url":"https:\/\/enlatitud25.com\/news\/wp-content\/uploads\/2021\/09\/WhatsApp-Image-2021-09-21-at-15.24.47.jpeg","type":"image\/jpeg"}],"author":"Latitud 25","twitter_card":"summary_large_image","twitter_creator":"@EnLatitud25","twitter_site":"@EnLatitud25","twitter_misc":{"Escrito por":"Latitud 25","Tiempo de lectura":"4 minutos"},"schema":{"@context":"https:\/\/schema.org","@graph":[{"@type":"Article","@id":"https:\/\/enlatitud25.com\/news\/volver-a-la-rutina-poscuarentena-puede-ser-mas-dificil-de-lo-esperado\/#article","isPartOf":{"@id":"https:\/\/enlatitud25.com\/news\/volver-a-la-rutina-poscuarentena-puede-ser-mas-dificil-de-lo-esperado\/"},"author":{"name":"Latitud 25","@id":"https:\/\/enlatitud25.com\/news\/#\/schema\/person\/23aafe968917005a721b8eb760f2586e"},"headline":"Volver a la rutina poscuarentena, puede ser m\u00e1s dif\u00edcil de lo esperado","datePublished":"2021-09-21T19:46:04+00:00","dateModified":"2021-09-21T20:15:38+00:00","mainEntityOfPage":{"@id":"https:\/\/enlatitud25.com\/news\/volver-a-la-rutina-poscuarentena-puede-ser-mas-dificil-de-lo-esperado\/"},"wordCount":696,"publisher":{"@id":"https:\/\/enlatitud25.com\/news\/#organization"},"keywords":["actividades","Ansiedad","Pandemia","p\u00e1nico","rutina","salud mental"],"articleSection":["Salud"],"inLanguage":"es"},{"@type":"WebPage","@id":"https:\/\/enlatitud25.com\/news\/volver-a-la-rutina-poscuarentena-puede-ser-mas-dificil-de-lo-esperado\/","url":"https:\/\/enlatitud25.com\/news\/volver-a-la-rutina-poscuarentena-puede-ser-mas-dificil-de-lo-esperado\/","name":"Volver a la rutina poscuarentena, puede ser m\u00e1s dif\u00edcil de lo esperado &ndash; Latitud25","isPartOf":{"@id":"https:\/\/enlatitud25.com\/news\/#website"},"datePublished":"2021-09-21T19:46:04+00:00","dateModified":"2021-09-21T20:15:38+00:00","description":"Mir\u00e1 nuestros reportajes audiovisuales y seguinos para enterarte de las \u00faltimas noticias de Paraguay y el mundo, desde la Latitud25. Somos Alternativa de Informaci\u00f3n.","breadcrumb":{"@id":"https:\/\/enlatitud25.com\/news\/volver-a-la-rutina-poscuarentena-puede-ser-mas-dificil-de-lo-esperado\/#breadcrumb"},"inLanguage":"es","potentialAction":[{"@type":"ReadAction","target":["https:\/\/enlatitud25.com\/news\/volver-a-la-rutina-poscuarentena-puede-ser-mas-dificil-de-lo-esperado\/"]}]},{"@type":"BreadcrumbList","@id":"https:\/\/enlatitud25.com\/news\/volver-a-la-rutina-poscuarentena-puede-ser-mas-dificil-de-lo-esperado\/#breadcrumb","itemListElement":[{"@type":"ListItem","position":1,"name":"Home","item":"https:\/\/enlatitud25.com\/news\/"},{"@type":"ListItem","position":2,"name":"Volver a la rutina poscuarentena, puede ser m\u00e1s dif\u00edcil de lo esperado"}]},{"@type":"WebSite","@id":"https:\/\/enlatitud25.com\/news\/#website","url":"https:\/\/enlatitud25.com\/news\/","name":"Latitud25","description":"news","publisher":{"@id":"https:\/\/enlatitud25.com\/news\/#organization"},"potentialAction":[{"@type":"SearchAction","target":{"@type":"EntryPoint","urlTemplate":"https:\/\/enlatitud25.com\/news\/?s={search_term_string}"},"query-input":"required name=search_term_string"}],"inLanguage":"es"},{"@type":"Organization","@id":"https:\/\/enlatitud25.com\/news\/#organization","name":"Latitud 25 - News","url":"https:\/\/enlatitud25.com\/news\/","logo":{"@type":"ImageObject","inLanguage":"es","@id":"https:\/\/enlatitud25.com\/news\/#\/schema\/logo\/image\/","url":"https:\/\/enlatitud25.com\/news\/wp-content\/uploads\/2020\/11\/logo_latitud.png","contentUrl":"https:\/\/enlatitud25.com\/news\/wp-content\/uploads\/2020\/11\/logo_latitud.png","width":235,"height":39,"caption":"Latitud 25 - News"},"image":{"@id":"https:\/\/enlatitud25.com\/news\/#\/schema\/logo\/image\/"},"sameAs":["https:\/\/www.facebook.com\/EnLatitud25","https:\/\/twitter.com\/EnLatitud25","https:\/\/www.instagram.com\/enlatitud25\/","https:\/\/www.youtube.com\/user\/desdelatitud25"]},{"@type":"Person","@id":"https:\/\/enlatitud25.com\/news\/#\/schema\/person\/23aafe968917005a721b8eb760f2586e","name":"Latitud 25","sameAs":["https:\/\/enlatitud25.com\/news","https:\/\/www.facebook.com\/EnLatitud25","https:\/\/www.instagram.com\/enlatitud25","https:\/\/www.youtube.com\/user\/desdelatitud25","https:\/\/soundcloud.com\/enlatitud25"],"url":"https:\/\/enlatitud25.com\/news\/author\/nnews-uss00\/"}]}},"_links":{"self":[{"href":"https:\/\/enlatitud25.com\/news\/wp-json\/wp\/v2\/posts\/5231"}],"collection":[{"href":"https:\/\/enlatitud25.com\/news\/wp-json\/wp\/v2\/posts"}],"about":[{"href":"https:\/\/enlatitud25.com\/news\/wp-json\/wp\/v2\/types\/post"}],"author":[{"embeddable":true,"href":"https:\/\/enlatitud25.com\/news\/wp-json\/wp\/v2\/users\/1"}],"replies":[{"embeddable":true,"href":"https:\/\/enlatitud25.com\/news\/wp-json\/wp\/v2\/comments?post=5231"}],"version-history":[{"count":9,"href":"https:\/\/enlatitud25.com\/news\/wp-json\/wp\/v2\/posts\/5231\/revisions"}],"predecessor-version":[{"id":5245,"href":"https:\/\/enlatitud25.com\/news\/wp-json\/wp\/v2\/posts\/5231\/revisions\/5245"}],"wp:featuredmedia":[{"embeddable":true,"href":"https:\/\/enlatitud25.com\/news\/wp-json\/wp\/v2\/media\/5239"}],"wp:attachment":[{"href":"https:\/\/enlatitud25.com\/news\/wp-json\/wp\/v2\/media?parent=5231"}],"wp:term":[{"taxonomy":"category","embeddable":true,"href":"https:\/\/enlatitud25.com\/news\/wp-json\/wp\/v2\/categories?post=5231"},{"taxonomy":"post_tag","embeddable":true,"href":"https:\/\/enlatitud25.com\/news\/wp-json\/wp\/v2\/tags?post=5231"},{"taxonomy":"ubicacion","embeddable":true,"href":"https:\/\/enlatitud25.com\/news\/wp-json\/wp\/v2\/ubicacion?post=5231"}],"curies":[{"name":"wp","href":"https:\/\/api.w.org\/{rel}","templated":true}]}}