{"id":5097,"date":"2021-09-09T22:11:23","date_gmt":"2021-09-09T22:11:23","guid":{"rendered":"https:\/\/enlatitud25.com\/news\/?p=5097"},"modified":"2022-09-08T20:12:53","modified_gmt":"2022-09-08T20:12:53","slug":"el-mito-mas-grande-sobre-el-suicidio-el-que-dice-no-lo-va-a-hacer","status":"publish","type":"post","link":"https:\/\/enlatitud25.com\/news\/el-mito-mas-grande-sobre-el-suicidio-el-que-dice-no-lo-va-a-hacer\/","title":{"rendered":"El mito m\u00e1s grande sobre el suicidio: \u201cel que dice, no lo va a hacer\u201d"},"content":{"rendered":"\n<p>Hablar de suicidio en muchas familias y entornos sociales es un tema esquivo, inc\u00f3modo o hasta prohibido, logrando que el silencio hacia este situaci\u00f3n sepulte toda posibilidad de discusi\u00f3n al respecto. Sin embargo, para quienes sufren en silencio es como una bola de nieve que crece. Si bien, no toda la gente que piensa en suicidarse pide ayuda, est\u00e1n quienes dan muchas se\u00f1ales. <\/p>\n\n\n\n<p>Ese tab\u00fa de que &#8220;el que dice, no lo va a hacer&#8221;, de que la persona quiere victimizarse o llamar la atenci\u00f3n, es una de las mentiras m\u00e1s grandes que se puede llegar a decir en torno a este delicado tema, \u00bfpor qu\u00e9? Porque justamente ese comportamiento de hacer referencia al tema, debe encender la alarma en su entorno inmediato. <\/p>\n\n\n\n<figure class=\"wp-block-image size-large\"><img decoding=\"async\" loading=\"lazy\" width=\"919\" height=\"613\" src=\"https:\/\/enlatitud25.com\/news\/wp-content\/uploads\/2021\/05\/tristeza.png\" alt=\"\" class=\"wp-image-3470\" srcset=\"https:\/\/enlatitud25.com\/news\/wp-content\/uploads\/2021\/05\/tristeza.png 919w, https:\/\/enlatitud25.com\/news\/wp-content\/uploads\/2021\/05\/tristeza-300x200.png 300w, https:\/\/enlatitud25.com\/news\/wp-content\/uploads\/2021\/05\/tristeza-768x512.png 768w, https:\/\/enlatitud25.com\/news\/wp-content\/uploads\/2021\/05\/tristeza-380x253.png 380w, https:\/\/enlatitud25.com\/news\/wp-content\/uploads\/2021\/05\/tristeza-800x534.png 800w\" sizes=\"(max-width: 919px) 100vw, 919px\" \/><\/figure>\n\n\n\n<p>Seg\u00fan el<strong> Ministerio de Salud (MSP)<\/strong> entre las se\u00f1ales de aviso de suicidio est\u00e1, en primer lugar, hablar de querer morir, decir que no hay esperanzas o que uno ya no ve razones para seguir. A su vez, el psiquiatra y suicid\u00f3logo <strong>Aldo Castiglioni <\/strong>se\u00f1al\u00f3 en una entrevista con Latitud25, que tambi\u00e9n la persona que est\u00e1 pensando en el suicidio puede decir que simplemente quiere dejar de sufrir. <\/p>\n\n\n\n<p>Detectar las se\u00f1ales de alerta pueden ser claves para evitar que una persona llegue a una decisi\u00f3n extrema. Por eso, para generar conciencia sobre esta situaci\u00f3n cada 10 de setiembre, se recuerda del <strong>D\u00eda Mundial Para la Prevenci\u00f3n del Suicidio<\/strong>.<\/p>\n\n\n\n<p>&#8220;No podemos seguir pasando por alto el suicidio. En algunos pa\u00edses, la prevenci\u00f3n del suicidio ocupa un lugar preeminente en sus agendas, pero muchos otros siguen sin comprometerse&#8221;, se\u00f1al\u00f3 el director de la OMS, Dr.&nbsp;<strong>Tedros<\/strong>&nbsp;<strong>Adhanom Ghebreyesus<\/strong>, en el material llamado &#8220;<strong>Vivir la vida. Gu\u00eda de aplicaci\u00f3n para la prevenci\u00f3n del suicidio en los pa\u00edses<\/strong>&#8220;, que se public\u00f3 este a\u00f1o.<\/p>\n\n\n\n<p style=\"font-size:22px\"><strong>Cifras que siguen en aumento<\/strong><\/p>\n\n\n\n<p>Seg\u00fan la <strong>Organizaci\u00f3n Panamericana de la Salud<\/strong>, durante el a\u00f1o 2019, un total de 97.339 personas fallecieron por suicidio en la regi\u00f3n de las Am\u00e9ricas, y estiman que al menos 20 veces ese n\u00famero habr\u00edan realizado intentos de suicidio. En ese contexto, el lema de este a\u00f1o es: &#8220;<strong>Esperanza a trav\u00e9s de la acci\u00f3n<\/strong>&#8220;.<\/p>\n\n\n\n<figure class=\"wp-block-image size-large\"><img decoding=\"async\" loading=\"lazy\" width=\"1024\" height=\"638\" src=\"https:\/\/enlatitud25.com\/news\/wp-content\/uploads\/2021\/01\/WhatsApp-Image-2021-01-27-at-10.49.37-1024x638.jpeg\" alt=\"\" class=\"wp-image-2282\" srcset=\"https:\/\/enlatitud25.com\/news\/wp-content\/uploads\/2021\/01\/WhatsApp-Image-2021-01-27-at-10.49.37-1024x638.jpeg 1024w, https:\/\/enlatitud25.com\/news\/wp-content\/uploads\/2021\/01\/WhatsApp-Image-2021-01-27-at-10.49.37-300x187.jpeg 300w, https:\/\/enlatitud25.com\/news\/wp-content\/uploads\/2021\/01\/WhatsApp-Image-2021-01-27-at-10.49.37-768x479.jpeg 768w, https:\/\/enlatitud25.com\/news\/wp-content\/uploads\/2021\/01\/WhatsApp-Image-2021-01-27-at-10.49.37-380x237.jpeg 380w, https:\/\/enlatitud25.com\/news\/wp-content\/uploads\/2021\/01\/WhatsApp-Image-2021-01-27-at-10.49.37-800x499.jpeg 800w, https:\/\/enlatitud25.com\/news\/wp-content\/uploads\/2021\/01\/WhatsApp-Image-2021-01-27-at-10.49.37-1160x723.jpeg 1160w, https:\/\/enlatitud25.com\/news\/wp-content\/uploads\/2021\/01\/WhatsApp-Image-2021-01-27-at-10.49.37.jpeg 1280w\" sizes=\"(max-width: 1024px) 100vw, 1024px\" \/><\/figure>\n\n\n\n<p>En cuando a las cifras nacionales, la directora de Salud Mental del Ministerio de Salud, <strong>Mirtha Rodr\u00edguez<\/strong>, ratific\u00f3 que la pandemia desencaden\u00f3 ciertas patolog\u00edas y agrav\u00f3 algunas ya preexistentes. &#8220;Hubo un aumento de ansiedad, depresi\u00f3n, estr\u00e9s postraum\u00e1tico y tambi\u00e9n del suicidio, lo que es un problema de salud p\u00fablica importante&#8221;, puntualiz\u00f3. <\/p>\n\n\n\n<p>Al respecto, dio cifras de c\u00f3mo en los \u00faltimos cinco a\u00f1os fue aumentando progresivamente el n\u00famero de consultas por trastornos mentales \u2013como el de ansiedad, que tambi\u00e9n al no ser tratada puede llevar al suicidio en algunos casos\u2013. Algo similar, ocurri\u00f3 con la depresi\u00f3n, aclar\u00f3. <\/p>\n\n\n\n<figure class=\"wp-block-image size-large\"><img decoding=\"async\" loading=\"lazy\" width=\"819\" height=\"1024\" src=\"https:\/\/enlatitud25.com\/news\/wp-content\/uploads\/2021\/09\/WhatsApp-Image-2021-09-10-at-09.34.04-819x1024.jpeg\" alt=\"\" class=\"wp-image-5129\" srcset=\"https:\/\/enlatitud25.com\/news\/wp-content\/uploads\/2021\/09\/WhatsApp-Image-2021-09-10-at-09.34.04-819x1024.jpeg 819w, https:\/\/enlatitud25.com\/news\/wp-content\/uploads\/2021\/09\/WhatsApp-Image-2021-09-10-at-09.34.04-240x300.jpeg 240w, https:\/\/enlatitud25.com\/news\/wp-content\/uploads\/2021\/09\/WhatsApp-Image-2021-09-10-at-09.34.04-768x960.jpeg 768w, https:\/\/enlatitud25.com\/news\/wp-content\/uploads\/2021\/09\/WhatsApp-Image-2021-09-10-at-09.34.04-380x475.jpeg 380w, https:\/\/enlatitud25.com\/news\/wp-content\/uploads\/2021\/09\/WhatsApp-Image-2021-09-10-at-09.34.04-800x1000.jpeg 800w, https:\/\/enlatitud25.com\/news\/wp-content\/uploads\/2021\/09\/WhatsApp-Image-2021-09-10-at-09.34.04.jpeg 1024w\" sizes=\"(max-width: 819px) 100vw, 819px\" \/><\/figure>\n\n\n\n<p>En relaci\u00f3n a por qu\u00e9 hubo m\u00e1s consultas en los \u00faltimos tiempos respondi\u00f3 que se puede deber a dos motivos: primero, porque la gente tuvo mayor acceso a informaci\u00f3n sobre los trastornos mentales. Segundo, la pandemia del COVID-19, que hizo que la gente acuda por p\u00e9rdida de familiares, p\u00e9rdida de trabajo y otros factores que afectaron su vida. <\/p>\n\n\n\n<p><strong>Nota relacionada: <a href=\"https:\/\/enlatitud25.com\/news\/el-trastorno-de-ansiedad-no-tratado-puede-generar-discapacidad\/\">El trastorno de ansiedad no tratado puede generar discapacidad<\/a><\/strong><\/p>\n\n\n\n<p>Adem\u00e1s, cabe resaltar que en los \u00faltimos de 10 a\u00f1os, en Paraguay se supera la cifra de m\u00e1s de un suicidio por d\u00eda: En el 2016, hubo 387 suicidios; en el 2017, 407; 2018, 457; 2019, 445; en el 2020, 453 y en el 2021, hasta agosto, se contabilizaron 200 casos.<\/p>\n\n\n\n<p style=\"font-size:22px\"><strong>\u00bfC\u00f3mo prevenir el suicidio?<\/strong><\/p>\n\n\n\n<p>Cuando se trata de observar nuestro entorno inmediato hay algunas se\u00f1ales de alerta que se pueden tener en cuenta como los cambios de estado de \u00e1nimo, la desesperanza, la persona que no disfruta de actividades que antes le gustaban, que tenga constantemente la sensaci\u00f3n de ser una carga y dificultades para dormir, seg\u00fan afirma la psiquiatra<strong> Mirtha Rodr\u00edguez<\/strong>.<\/p>\n\n\n\n<p>No obstante, hay que resaltar que \u2013justamente por el estigma mencionado antes\u2013 hay personas que evitan demostrar lo que sienten para no hablar de lo que les est\u00e1 pasando y exteriormente se muestran tranquilas o incluso felices. <\/p>\n\n\n\n<p>A su vez, la Organizaci\u00f3n Panamericana de la Salud resalta que el suicidio es prevenible a trav\u00e9s de algunas medidas puntuales.<\/p>\n\n\n\n<p>Estas tienen que ver con restringir el acceso a medios para el suicidio, pol\u00edticas de salud mental efectivas, reducci\u00f3n del consumo de alcohol y drogas, adem\u00e1s de la promoci\u00f3n de informaci\u00f3n medi\u00e1tica responsable acerca del suicidio. <\/p>\n\n\n\n<figure class=\"wp-block-image size-large\"><img decoding=\"async\" loading=\"lazy\" width=\"800\" height=\"500\" src=\"https:\/\/enlatitud25.com\/news\/wp-content\/uploads\/2021\/07\/ansiedad_portadaweb.jpg\" alt=\"\" class=\"wp-image-4331\" srcset=\"https:\/\/enlatitud25.com\/news\/wp-content\/uploads\/2021\/07\/ansiedad_portadaweb.jpg 800w, https:\/\/enlatitud25.com\/news\/wp-content\/uploads\/2021\/07\/ansiedad_portadaweb-300x188.jpg 300w, https:\/\/enlatitud25.com\/news\/wp-content\/uploads\/2021\/07\/ansiedad_portadaweb-768x480.jpg 768w, https:\/\/enlatitud25.com\/news\/wp-content\/uploads\/2021\/07\/ansiedad_portadaweb-380x238.jpg 380w\" sizes=\"(max-width: 800px) 100vw, 800px\" \/><\/figure>\n\n\n\n<p>La OPS resalta adem\u00e1s que el estigma social y la falta de conciencia siguen siendo los principales obst\u00e1culos para la b\u00fasqueda de ayuda cuando una persona tiene comportamientos o pensamientos suicidas, por eso m\u00e1s que nunca es momento de hablar de salud mental y prevenci\u00f3n de suicidio. <\/p>\n\n\n\n<p><strong><span style=\"color:#105da9\" class=\"has-inline-color\">En la siguiente nota pod\u00e9s encontrar informaci\u00f3n acerca de: <a href=\"https:\/\/enlatitud25.com\/news\/que-le-digo-a-alguien-que-me-habla-de-suicidio\/\">\u00bfQu\u00e9 le digo a alguien que me habla de suicidio?<\/a><\/span><\/strong><\/p>\n\n\n\n<p>Tambi\u00e9n es importante se\u00f1alar la necesidad de recurrir a un profesional de la salud, por eso, en este link <a href=\"https:\/\/drive.google.com\/file\/d\/1kv551yVT15-MCHdPgjUxYboWwcA79Fka\/view?usp=sharing\">te mostramos el <span style=\"color:#0d7486\" class=\"has-inline-color\"><strong>directorio de Salud Mental del Ministerio<\/strong><\/span><\/a>, a trav\u00e9s del cual se puede acceder a consultas gratuitas. <\/p>\n\n\n\n<p><strong>Vea tambi\u00e9n:<\/strong><\/p>\n\n\n\n<figure class=\"wp-block-embed is-type-video is-provider-youtube wp-block-embed-youtube wp-embed-aspect-16-9 wp-has-aspect-ratio\"><div class=\"wp-block-embed__wrapper\">\n<iframe loading=\"lazy\" title=\"#L25 - Un drama del que tenemos que hablar, sobre todo en estas fechas\" width=\"1200\" height=\"675\" src=\"https:\/\/www.youtube.com\/embed\/TBQ8iHBZ5x8?feature=oembed\" frameborder=\"0\" allow=\"accelerometer; autoplay; clipboard-write; encrypted-media; gyroscope; picture-in-picture\" allowfullscreen><\/iframe>\n<\/div><\/figure>\n","protected":false},"excerpt":{"rendered":"Uno de los principales mitos que gira entorno al suicidio es &#8220;que el que dice, no lo va a hacer&#8221;, o que solo busca llamar la atenci\u00f3n. Sin embargo, especialistas en suicidolog\u00eda y psiquiatr\u00eda se\u00f1alan este comportamiento como una de las principales se\u00f1ales de alerta. Hoy m\u00e1s que nunca es momento de derribar estigmas, por el creciente \u00edndice de suicidios en nuestro pa\u00eds y la regi\u00f3n.\n","protected":false},"author":1,"featured_media":5101,"comment_status":"closed","ping_status":"closed","sticky":false,"template":"","format":"standard","meta":[],"categories":[20],"tags":[44,424,616,64,63],"ubicacion":[17],"yoast_head":"<!-- This site is optimized with the Yoast SEO plugin v20.8 - https:\/\/yoast.com\/wordpress\/plugins\/seo\/ -->\n<title>El mito m\u00e1s grande sobre el suicidio: \u201cel que dice, no lo va a hacer\u201d &ndash; Latitud25<\/title>\n<meta name=\"description\" content=\"Mir\u00e1 nuestros reportajes audiovisuales y seguinos para enterarte de las \u00faltimas noticias de Paraguay y el mundo, desde la Latitud25. Somos Alternativa de Informaci\u00f3n.\" \/>\n<meta name=\"robots\" content=\"index, follow, max-snippet:-1, max-image-preview:large, max-video-preview:-1\" \/>\n<link rel=\"canonical\" href=\"https:\/\/enlatitud25.com\/news\/el-mito-mas-grande-sobre-el-suicidio-el-que-dice-no-lo-va-a-hacer\/\" \/>\n<meta property=\"og:locale\" content=\"es_ES\" \/>\n<meta property=\"og:type\" content=\"article\" \/>\n<meta property=\"og:title\" content=\"El mito m\u00e1s grande sobre el suicidio: \u201cel que dice, no lo va a hacer\u201d &ndash; Latitud25\" \/>\n<meta property=\"og:description\" content=\"Mir\u00e1 nuestros reportajes audiovisuales y seguinos para enterarte de las \u00faltimas noticias de Paraguay y el mundo, desde la Latitud25. Somos Alternativa de Informaci\u00f3n.\" \/>\n<meta property=\"og:url\" content=\"https:\/\/enlatitud25.com\/news\/el-mito-mas-grande-sobre-el-suicidio-el-que-dice-no-lo-va-a-hacer\/\" \/>\n<meta property=\"og:site_name\" content=\"Latitud25\" \/>\n<meta property=\"article:publisher\" content=\"https:\/\/www.facebook.com\/EnLatitud25\" \/>\n<meta property=\"article:author\" content=\"https:\/\/www.facebook.com\/EnLatitud25\" \/>\n<meta property=\"article:published_time\" content=\"2021-09-09T22:11:23+00:00\" \/>\n<meta property=\"article:modified_time\" content=\"2022-09-08T20:12:53+00:00\" \/>\n<meta property=\"og:image\" content=\"https:\/\/enlatitud25.com\/news\/wp-content\/uploads\/2021\/09\/WhatsApp-Image-2021-09-09-at-15.25.07-1.jpeg\" \/>\n\t<meta property=\"og:image:width\" content=\"800\" \/>\n\t<meta property=\"og:image:height\" content=\"500\" \/>\n\t<meta property=\"og:image:type\" content=\"image\/jpeg\" \/>\n<meta name=\"author\" content=\"Latitud 25\" \/>\n<meta name=\"twitter:card\" content=\"summary_large_image\" \/>\n<meta name=\"twitter:creator\" content=\"@EnLatitud25\" \/>\n<meta name=\"twitter:site\" content=\"@EnLatitud25\" \/>\n<meta name=\"twitter:label1\" content=\"Escrito por\" \/>\n\t<meta name=\"twitter:data1\" content=\"Latitud 25\" \/>\n\t<meta name=\"twitter:label2\" content=\"Tiempo de lectura\" \/>\n\t<meta name=\"twitter:data2\" content=\"5 minutos\" \/>\n<script type=\"application\/ld+json\" class=\"yoast-schema-graph\">{\"@context\":\"https:\/\/schema.org\",\"@graph\":[{\"@type\":\"Article\",\"@id\":\"https:\/\/enlatitud25.com\/news\/el-mito-mas-grande-sobre-el-suicidio-el-que-dice-no-lo-va-a-hacer\/#article\",\"isPartOf\":{\"@id\":\"https:\/\/enlatitud25.com\/news\/el-mito-mas-grande-sobre-el-suicidio-el-que-dice-no-lo-va-a-hacer\/\"},\"author\":{\"name\":\"Latitud 25\",\"@id\":\"https:\/\/enlatitud25.com\/news\/#\/schema\/person\/23aafe968917005a721b8eb760f2586e\"},\"headline\":\"El mito m\u00e1s grande sobre el suicidio: \u201cel que dice, no lo va a hacer\u201d\",\"datePublished\":\"2021-09-09T22:11:23+00:00\",\"dateModified\":\"2022-09-08T20:12:53+00:00\",\"mainEntityOfPage\":{\"@id\":\"https:\/\/enlatitud25.com\/news\/el-mito-mas-grande-sobre-el-suicidio-el-que-dice-no-lo-va-a-hacer\/\"},\"wordCount\":923,\"publisher\":{\"@id\":\"https:\/\/enlatitud25.com\/news\/#organization\"},\"keywords\":[\"Ansiedad\",\"casos\",\"depresi\u00f3n\",\"prevenci\u00f3n\",\"suicidio\"],\"articleSection\":[\"Salud\"],\"inLanguage\":\"es\"},{\"@type\":\"WebPage\",\"@id\":\"https:\/\/enlatitud25.com\/news\/el-mito-mas-grande-sobre-el-suicidio-el-que-dice-no-lo-va-a-hacer\/\",\"url\":\"https:\/\/enlatitud25.com\/news\/el-mito-mas-grande-sobre-el-suicidio-el-que-dice-no-lo-va-a-hacer\/\",\"name\":\"El mito m\u00e1s grande sobre el suicidio: \u201cel que dice, no lo va a hacer\u201d &ndash; Latitud25\",\"isPartOf\":{\"@id\":\"https:\/\/enlatitud25.com\/news\/#website\"},\"datePublished\":\"2021-09-09T22:11:23+00:00\",\"dateModified\":\"2022-09-08T20:12:53+00:00\",\"description\":\"Mir\u00e1 nuestros reportajes audiovisuales y seguinos para enterarte de las \u00faltimas noticias de Paraguay y el mundo, desde la Latitud25. Somos Alternativa de Informaci\u00f3n.\",\"breadcrumb\":{\"@id\":\"https:\/\/enlatitud25.com\/news\/el-mito-mas-grande-sobre-el-suicidio-el-que-dice-no-lo-va-a-hacer\/#breadcrumb\"},\"inLanguage\":\"es\",\"potentialAction\":[{\"@type\":\"ReadAction\",\"target\":[\"https:\/\/enlatitud25.com\/news\/el-mito-mas-grande-sobre-el-suicidio-el-que-dice-no-lo-va-a-hacer\/\"]}]},{\"@type\":\"BreadcrumbList\",\"@id\":\"https:\/\/enlatitud25.com\/news\/el-mito-mas-grande-sobre-el-suicidio-el-que-dice-no-lo-va-a-hacer\/#breadcrumb\",\"itemListElement\":[{\"@type\":\"ListItem\",\"position\":1,\"name\":\"Home\",\"item\":\"https:\/\/enlatitud25.com\/news\/\"},{\"@type\":\"ListItem\",\"position\":2,\"name\":\"El mito m\u00e1s grande sobre el suicidio: \u201cel que dice, no lo va a hacer\u201d\"}]},{\"@type\":\"WebSite\",\"@id\":\"https:\/\/enlatitud25.com\/news\/#website\",\"url\":\"https:\/\/enlatitud25.com\/news\/\",\"name\":\"Latitud25\",\"description\":\"news\",\"publisher\":{\"@id\":\"https:\/\/enlatitud25.com\/news\/#organization\"},\"potentialAction\":[{\"@type\":\"SearchAction\",\"target\":{\"@type\":\"EntryPoint\",\"urlTemplate\":\"https:\/\/enlatitud25.com\/news\/?s={search_term_string}\"},\"query-input\":\"required name=search_term_string\"}],\"inLanguage\":\"es\"},{\"@type\":\"Organization\",\"@id\":\"https:\/\/enlatitud25.com\/news\/#organization\",\"name\":\"Latitud 25 - News\",\"url\":\"https:\/\/enlatitud25.com\/news\/\",\"logo\":{\"@type\":\"ImageObject\",\"inLanguage\":\"es\",\"@id\":\"https:\/\/enlatitud25.com\/news\/#\/schema\/logo\/image\/\",\"url\":\"https:\/\/enlatitud25.com\/news\/wp-content\/uploads\/2020\/11\/logo_latitud.png\",\"contentUrl\":\"https:\/\/enlatitud25.com\/news\/wp-content\/uploads\/2020\/11\/logo_latitud.png\",\"width\":235,\"height\":39,\"caption\":\"Latitud 25 - News\"},\"image\":{\"@id\":\"https:\/\/enlatitud25.com\/news\/#\/schema\/logo\/image\/\"},\"sameAs\":[\"https:\/\/www.facebook.com\/EnLatitud25\",\"https:\/\/twitter.com\/EnLatitud25\",\"https:\/\/www.instagram.com\/enlatitud25\/\",\"https:\/\/www.youtube.com\/user\/desdelatitud25\"]},{\"@type\":\"Person\",\"@id\":\"https:\/\/enlatitud25.com\/news\/#\/schema\/person\/23aafe968917005a721b8eb760f2586e\",\"name\":\"Latitud 25\",\"sameAs\":[\"https:\/\/enlatitud25.com\/news\",\"https:\/\/www.facebook.com\/EnLatitud25\",\"https:\/\/www.instagram.com\/enlatitud25\",\"https:\/\/www.youtube.com\/user\/desdelatitud25\",\"https:\/\/soundcloud.com\/enlatitud25\"],\"url\":\"https:\/\/enlatitud25.com\/news\/author\/nnews-uss00\/\"}]}<\/script>\n<!-- \/ Yoast SEO plugin. -->","yoast_head_json":{"title":"El mito m\u00e1s grande sobre el suicidio: \u201cel que dice, no lo va a hacer\u201d &ndash; Latitud25","description":"Mir\u00e1 nuestros reportajes audiovisuales y seguinos para enterarte de las \u00faltimas noticias de Paraguay y el mundo, desde la Latitud25. Somos Alternativa de Informaci\u00f3n.","robots":{"index":"index","follow":"follow","max-snippet":"max-snippet:-1","max-image-preview":"max-image-preview:large","max-video-preview":"max-video-preview:-1"},"canonical":"https:\/\/enlatitud25.com\/news\/el-mito-mas-grande-sobre-el-suicidio-el-que-dice-no-lo-va-a-hacer\/","og_locale":"es_ES","og_type":"article","og_title":"El mito m\u00e1s grande sobre el suicidio: \u201cel que dice, no lo va a hacer\u201d &ndash; Latitud25","og_description":"Mir\u00e1 nuestros reportajes audiovisuales y seguinos para enterarte de las \u00faltimas noticias de Paraguay y el mundo, desde la Latitud25. Somos Alternativa de Informaci\u00f3n.","og_url":"https:\/\/enlatitud25.com\/news\/el-mito-mas-grande-sobre-el-suicidio-el-que-dice-no-lo-va-a-hacer\/","og_site_name":"Latitud25","article_publisher":"https:\/\/www.facebook.com\/EnLatitud25","article_author":"https:\/\/www.facebook.com\/EnLatitud25","article_published_time":"2021-09-09T22:11:23+00:00","article_modified_time":"2022-09-08T20:12:53+00:00","og_image":[{"width":800,"height":500,"url":"https:\/\/enlatitud25.com\/news\/wp-content\/uploads\/2021\/09\/WhatsApp-Image-2021-09-09-at-15.25.07-1.jpeg","type":"image\/jpeg"}],"author":"Latitud 25","twitter_card":"summary_large_image","twitter_creator":"@EnLatitud25","twitter_site":"@EnLatitud25","twitter_misc":{"Escrito por":"Latitud 25","Tiempo de lectura":"5 minutos"},"schema":{"@context":"https:\/\/schema.org","@graph":[{"@type":"Article","@id":"https:\/\/enlatitud25.com\/news\/el-mito-mas-grande-sobre-el-suicidio-el-que-dice-no-lo-va-a-hacer\/#article","isPartOf":{"@id":"https:\/\/enlatitud25.com\/news\/el-mito-mas-grande-sobre-el-suicidio-el-que-dice-no-lo-va-a-hacer\/"},"author":{"name":"Latitud 25","@id":"https:\/\/enlatitud25.com\/news\/#\/schema\/person\/23aafe968917005a721b8eb760f2586e"},"headline":"El mito m\u00e1s grande sobre el suicidio: \u201cel que dice, no lo va a hacer\u201d","datePublished":"2021-09-09T22:11:23+00:00","dateModified":"2022-09-08T20:12:53+00:00","mainEntityOfPage":{"@id":"https:\/\/enlatitud25.com\/news\/el-mito-mas-grande-sobre-el-suicidio-el-que-dice-no-lo-va-a-hacer\/"},"wordCount":923,"publisher":{"@id":"https:\/\/enlatitud25.com\/news\/#organization"},"keywords":["Ansiedad","casos","depresi\u00f3n","prevenci\u00f3n","suicidio"],"articleSection":["Salud"],"inLanguage":"es"},{"@type":"WebPage","@id":"https:\/\/enlatitud25.com\/news\/el-mito-mas-grande-sobre-el-suicidio-el-que-dice-no-lo-va-a-hacer\/","url":"https:\/\/enlatitud25.com\/news\/el-mito-mas-grande-sobre-el-suicidio-el-que-dice-no-lo-va-a-hacer\/","name":"El mito m\u00e1s grande sobre el suicidio: \u201cel que dice, no lo va a hacer\u201d &ndash; Latitud25","isPartOf":{"@id":"https:\/\/enlatitud25.com\/news\/#website"},"datePublished":"2021-09-09T22:11:23+00:00","dateModified":"2022-09-08T20:12:53+00:00","description":"Mir\u00e1 nuestros reportajes audiovisuales y seguinos para enterarte de las \u00faltimas noticias de Paraguay y el mundo, desde la Latitud25. Somos Alternativa de Informaci\u00f3n.","breadcrumb":{"@id":"https:\/\/enlatitud25.com\/news\/el-mito-mas-grande-sobre-el-suicidio-el-que-dice-no-lo-va-a-hacer\/#breadcrumb"},"inLanguage":"es","potentialAction":[{"@type":"ReadAction","target":["https:\/\/enlatitud25.com\/news\/el-mito-mas-grande-sobre-el-suicidio-el-que-dice-no-lo-va-a-hacer\/"]}]},{"@type":"BreadcrumbList","@id":"https:\/\/enlatitud25.com\/news\/el-mito-mas-grande-sobre-el-suicidio-el-que-dice-no-lo-va-a-hacer\/#breadcrumb","itemListElement":[{"@type":"ListItem","position":1,"name":"Home","item":"https:\/\/enlatitud25.com\/news\/"},{"@type":"ListItem","position":2,"name":"El mito m\u00e1s grande sobre el suicidio: \u201cel que dice, no lo va a hacer\u201d"}]},{"@type":"WebSite","@id":"https:\/\/enlatitud25.com\/news\/#website","url":"https:\/\/enlatitud25.com\/news\/","name":"Latitud25","description":"news","publisher":{"@id":"https:\/\/enlatitud25.com\/news\/#organization"},"potentialAction":[{"@type":"SearchAction","target":{"@type":"EntryPoint","urlTemplate":"https:\/\/enlatitud25.com\/news\/?s={search_term_string}"},"query-input":"required name=search_term_string"}],"inLanguage":"es"},{"@type":"Organization","@id":"https:\/\/enlatitud25.com\/news\/#organization","name":"Latitud 25 - News","url":"https:\/\/enlatitud25.com\/news\/","logo":{"@type":"ImageObject","inLanguage":"es","@id":"https:\/\/enlatitud25.com\/news\/#\/schema\/logo\/image\/","url":"https:\/\/enlatitud25.com\/news\/wp-content\/uploads\/2020\/11\/logo_latitud.png","contentUrl":"https:\/\/enlatitud25.com\/news\/wp-content\/uploads\/2020\/11\/logo_latitud.png","width":235,"height":39,"caption":"Latitud 25 - News"},"image":{"@id":"https:\/\/enlatitud25.com\/news\/#\/schema\/logo\/image\/"},"sameAs":["https:\/\/www.facebook.com\/EnLatitud25","https:\/\/twitter.com\/EnLatitud25","https:\/\/www.instagram.com\/enlatitud25\/","https:\/\/www.youtube.com\/user\/desdelatitud25"]},{"@type":"Person","@id":"https:\/\/enlatitud25.com\/news\/#\/schema\/person\/23aafe968917005a721b8eb760f2586e","name":"Latitud 25","sameAs":["https:\/\/enlatitud25.com\/news","https:\/\/www.facebook.com\/EnLatitud25","https:\/\/www.instagram.com\/enlatitud25","https:\/\/www.youtube.com\/user\/desdelatitud25","https:\/\/soundcloud.com\/enlatitud25"],"url":"https:\/\/enlatitud25.com\/news\/author\/nnews-uss00\/"}]}},"_links":{"self":[{"href":"https:\/\/enlatitud25.com\/news\/wp-json\/wp\/v2\/posts\/5097"}],"collection":[{"href":"https:\/\/enlatitud25.com\/news\/wp-json\/wp\/v2\/posts"}],"about":[{"href":"https:\/\/enlatitud25.com\/news\/wp-json\/wp\/v2\/types\/post"}],"author":[{"embeddable":true,"href":"https:\/\/enlatitud25.com\/news\/wp-json\/wp\/v2\/users\/1"}],"replies":[{"embeddable":true,"href":"https:\/\/enlatitud25.com\/news\/wp-json\/wp\/v2\/comments?post=5097"}],"version-history":[{"count":21,"href":"https:\/\/enlatitud25.com\/news\/wp-json\/wp\/v2\/posts\/5097\/revisions"}],"predecessor-version":[{"id":10128,"href":"https:\/\/enlatitud25.com\/news\/wp-json\/wp\/v2\/posts\/5097\/revisions\/10128"}],"wp:featuredmedia":[{"embeddable":true,"href":"https:\/\/enlatitud25.com\/news\/wp-json\/wp\/v2\/media\/5101"}],"wp:attachment":[{"href":"https:\/\/enlatitud25.com\/news\/wp-json\/wp\/v2\/media?parent=5097"}],"wp:term":[{"taxonomy":"category","embeddable":true,"href":"https:\/\/enlatitud25.com\/news\/wp-json\/wp\/v2\/categories?post=5097"},{"taxonomy":"post_tag","embeddable":true,"href":"https:\/\/enlatitud25.com\/news\/wp-json\/wp\/v2\/tags?post=5097"},{"taxonomy":"ubicacion","embeddable":true,"href":"https:\/\/enlatitud25.com\/news\/wp-json\/wp\/v2\/ubicacion?post=5097"}],"curies":[{"name":"wp","href":"https:\/\/api.w.org\/{rel}","templated":true}]}}