{"id":5055,"date":"2021-09-07T22:20:15","date_gmt":"2021-09-07T22:20:15","guid":{"rendered":"https:\/\/enlatitud25.com\/news\/?p=5055"},"modified":"2021-09-07T22:20:16","modified_gmt":"2021-09-07T22:20:16","slug":"avances-y-cuentas-pendientes-a-tres-anos-de-la-promulgacion-de-la-ley-anita","status":"publish","type":"post","link":"https:\/\/enlatitud25.com\/news\/avances-y-cuentas-pendientes-a-tres-anos-de-la-promulgacion-de-la-ley-anita\/","title":{"rendered":"Avances y cuentas pendientes, a tres a\u00f1os de la promulgaci\u00f3n de la Ley Anita"},"content":{"rendered":"\n<p>La ley \u201cDe trasplantes de \u00f3rganos y tejidos anat\u00f3micos humanos\u201d fue promulgada por Mario Abdo Ben\u00edtez en setiembre de 2018 y su reglamentaci\u00f3n se public\u00f3 en julio de 2019. Esta ley fue ideada en honor a Anita, la ni\u00f1a de tan solo seis a\u00f1os que falleci\u00f3 en 2013 tras esperar un donante de coraz\u00f3n durante un a\u00f1o y medio. <\/p>\n\n\n\n<p>La falta de conciencia en nuestro pa\u00eds sobre la importancia de donar \u00f3rganos, la indiferencia de muchas personas para hacerse donantes y la negativa de los familiares de fallecidos para donar sus \u00f3rganos aument\u00f3 la necesidad de una ley que permita a los doctores y a los pacientes que requieren un trasplante encontrar con mayor facilidad un donante. <\/p>\n\n\n\n<p>En el 2019, los resultados de esta ley fueron bastantes positivas, ya que se duplic\u00f3 el n\u00famero de donantes, sin embargo, tras el inicio de la pandemia en marzo de 2020 y su agudizaci\u00f3n durante este a\u00f1o en nuestro pa\u00eds, los n\u00fameros volvieron a bajar. <\/p>\n\n\n\n<figure class=\"wp-block-image size-large\"><img decoding=\"async\" loading=\"lazy\" width=\"1024\" height=\"682\" src=\"https:\/\/enlatitud25.com\/news\/wp-content\/uploads\/2021\/09\/WhatsApp-Image-2021-09-07-at-17.22.19-1024x682.jpeg\" alt=\"\" class=\"wp-image-5066\" srcset=\"https:\/\/enlatitud25.com\/news\/wp-content\/uploads\/2021\/09\/WhatsApp-Image-2021-09-07-at-17.22.19-1024x682.jpeg 1024w, https:\/\/enlatitud25.com\/news\/wp-content\/uploads\/2021\/09\/WhatsApp-Image-2021-09-07-at-17.22.19-300x200.jpeg 300w, https:\/\/enlatitud25.com\/news\/wp-content\/uploads\/2021\/09\/WhatsApp-Image-2021-09-07-at-17.22.19-768x512.jpeg 768w, https:\/\/enlatitud25.com\/news\/wp-content\/uploads\/2021\/09\/WhatsApp-Image-2021-09-07-at-17.22.19-380x253.jpeg 380w, https:\/\/enlatitud25.com\/news\/wp-content\/uploads\/2021\/09\/WhatsApp-Image-2021-09-07-at-17.22.19-800x533.jpeg 800w, https:\/\/enlatitud25.com\/news\/wp-content\/uploads\/2021\/09\/WhatsApp-Image-2021-09-07-at-17.22.19-1160x773.jpeg 1160w, https:\/\/enlatitud25.com\/news\/wp-content\/uploads\/2021\/09\/WhatsApp-Image-2021-09-07-at-17.22.19.jpeg 1280w\" sizes=\"(max-width: 1024px) 100vw, 1024px\" \/><\/figure>\n\n\n\n<p>A la fecha, 222 personas aguardan una donaci\u00f3n: 156 de cornea, 56 pacientes renales, cinco hep\u00e1ticos y cinco cardiacos.<\/p>\n\n\n\n<p>Al respecto, Latitud 25 convers\u00f3 con el Dr.<strong> Gustavo Melgarejo<\/strong>, titular del Instituto Nacional de Ablaci\u00f3n y Trasplante (INAT). <\/p>\n\n\n\n<p style=\"font-size:22px\"><strong>Retrocesos a causa de la pandemia<\/strong><\/p>\n\n\n\n<p>El doctor Melgarejo record\u00f3 que el factor epidemiol\u00f3gico incidi\u00f3 a nivel mundial en la reducci\u00f3n de los trasplantes, incluso algunos pa\u00edses tuvieron que parar sus programas debido al alto grado de contagiosidad. En cambio, resalt\u00f3 que en Paraguay igual se mantuvo gran parte de la log\u00edstica  y todo el sistema pese a esa situaci\u00f3n. <\/p>\n\n\n\n<p>Coment\u00f3 que el a\u00f1o pasado se cerr\u00f3 con 82 pacientes trasplantados y este a\u00f1o ya van en el n\u00famero 49, hasta la fecha. &#8220;La pandemia este a\u00f1o golpe\u00f3 mucho m\u00e1s fuerte pero tambi\u00e9n aprovechamos para mejorar la log\u00edstica&#8221;, resalt\u00f3.  <\/p>\n\n\n\n<p>No obstante, hizo mucho \u00e9nfasis en lo importante que result\u00f3 haber hecho las modificaciones al sistema, con la ley Anita. &#8220;Eso permiti\u00f3 que el instituto tenga las fuentes financieras como para tener fondos para aprovechar la log\u00edstica de todos los medios: ya sea el sector privado, p\u00fablico, tanto as\u00ed que el programa de trasplante de m\u00e9dula mantuvo la misma cifra de los a\u00f1os anteriores&#8221;, destac\u00f3. <\/p>\n\n\n\n<figure class=\"wp-block-image size-large\"><img decoding=\"async\" loading=\"lazy\" width=\"1024\" height=\"682\" src=\"https:\/\/enlatitud25.com\/news\/wp-content\/uploads\/2021\/09\/WhatsApp-Image-2021-09-07-at-17.22.19-1-1024x682.jpeg\" alt=\"\" class=\"wp-image-5067\" srcset=\"https:\/\/enlatitud25.com\/news\/wp-content\/uploads\/2021\/09\/WhatsApp-Image-2021-09-07-at-17.22.19-1-1024x682.jpeg 1024w, https:\/\/enlatitud25.com\/news\/wp-content\/uploads\/2021\/09\/WhatsApp-Image-2021-09-07-at-17.22.19-1-300x200.jpeg 300w, https:\/\/enlatitud25.com\/news\/wp-content\/uploads\/2021\/09\/WhatsApp-Image-2021-09-07-at-17.22.19-1-768x512.jpeg 768w, https:\/\/enlatitud25.com\/news\/wp-content\/uploads\/2021\/09\/WhatsApp-Image-2021-09-07-at-17.22.19-1-380x253.jpeg 380w, https:\/\/enlatitud25.com\/news\/wp-content\/uploads\/2021\/09\/WhatsApp-Image-2021-09-07-at-17.22.19-1-800x533.jpeg 800w, https:\/\/enlatitud25.com\/news\/wp-content\/uploads\/2021\/09\/WhatsApp-Image-2021-09-07-at-17.22.19-1-1160x773.jpeg 1160w, https:\/\/enlatitud25.com\/news\/wp-content\/uploads\/2021\/09\/WhatsApp-Image-2021-09-07-at-17.22.19-1.jpeg 1280w\" sizes=\"(max-width: 1024px) 100vw, 1024px\" \/><\/figure>\n\n\n\n<p>Incluso opin\u00f3 que la promulgaci\u00f3n de la ley Anita fue tan a tiempo, que dio la sensaci\u00f3n de que el pa\u00eds ten\u00eda conocimiento de lo que iba a pasar, porque iba a ser imposible hacer todos los procedimientos por el coste y la log\u00edstica que demandaba esta situaci\u00f3n. <\/p>\n\n\n\n<p>Explic\u00f3 que antes de la pandemia muchos pacientes cruzaban las fronteras porque hay programas en los pa\u00edses vecinos, que hasta ahora Paraguay no ha desarrollado, entonces tras el bloqueo sanitario los gastos de medicamentos y estudios fueron cubiertos por los fondos de la ley.<\/p>\n\n\n\n<p>&#8220;Nos ayud\u00f3 much\u00edsimo es como si tuvi\u00e9ramos la bola de cristal y sab\u00edamos lo que iba a pasar. Ahora nos cuesta ejecutar algunos aspectos de la ley, estamos trabajando en una red de coordinaci\u00f3n de algunos programas, estamos viendo alguna cooperaci\u00f3n incluso, porque la pandemia nos hizo resentir much\u00edsimo&#8221;, asever\u00f3.<\/p>\n\n\n\n<p style=\"font-size:22px\"><strong>El cuarto en Latinoam\u00e9rica<\/strong><\/p>\n\n\n\n<p>El director del INAT adem\u00e1s resalt\u00f3 que Paraguay est\u00e1 haciendo por primera vez el estudio de costos, para saber el costo real de la hemodi\u00e1lisis y del trasplante renal, de modo a que se establezcan pol\u00edticas a largo plazo. <\/p>\n\n\n\n<p>&#8220;Porque en el mundo se ha demostrado que el trasplante renal es mucho m\u00e1s efectivo en t\u00e9rmino costo\/beneficio; m\u00e1s barato hacer el trasplante que pagar las diferentes terapias. Hicimos con una asesor\u00eda externa el an\u00e1lisis en los diferentes hospitales que hacen esto, de esta manera Paraguay va a ser el cuarto pa\u00eds de Latinoam\u00e9rica que hace este tipo de estudio, despu\u00e9s de Argentina, Uruguay y Costa Rica&#8221;, asegur\u00f3. <\/p>\n\n\n\n<p>Dijo estar orgulloso de este paso, porque esto nos va a mostrar el camino que tenemos que emprender en pol\u00edtica de salud en Paraguay.<\/p>\n\n\n\n<figure class=\"wp-block-embed-twitter wp-block-embed is-type-rich is-provider-twitter\"><div class=\"wp-block-embed__wrapper\">\n<blockquote class=\"twitter-tweet\" data-width=\"550\" data-dnt=\"true\"><p lang=\"es\" dir=\"ltr\">\ud83d\uddd3\ufe0fUN D\u00cdA COMO HOY |<br><br>\ud83d\udcc4El 7\/09\/2018 el Ejecutivo promulg\u00f3 la denominada &quot;Ley Anita&quot;, que estableci\u00f3 modificaciones a la Ley de Trasplantes de \u00d3rganos y Tejidos e incluy\u00f3 la inscripci\u00f3n autom\u00e1tica como donantes de todos los mayores de 18 a\u00f1os, salvo expresa negativa \ud83e\udec1\ud83e\udec0\ud83e\udd7c<a href=\"https:\/\/twitter.com\/hashtag\/L25?src=hash&amp;ref_src=twsrc%5Etfw\">#L25<\/a> <a href=\"https:\/\/t.co\/BOhvdWrX31\">pic.twitter.com\/BOhvdWrX31<\/a><\/p>&mdash; LATITUD 25 (@EnLatitud25) <a href=\"https:\/\/twitter.com\/EnLatitud25\/status\/1435238040637747201?ref_src=twsrc%5Etfw\">September 7, 2021<\/a><\/blockquote><script async src=\"https:\/\/platform.twitter.com\/widgets.js\" charset=\"utf-8\"><\/script>\n<\/div><\/figure>\n\n\n\n<p>&#8220;La parte de la ley es importante pero tambi\u00e9n hay que ir incentivando el desarrollo de los hospitales, porque el trasplante es un modelo de calidad, los pa\u00edses que tienen alta tasa de trasplantes es porque tienen sistemas sanitarios muy efectivos, porque todo es tiempo. Nosotros para coraz\u00f3n, por ejemplo, tenemos solamente cuatro horas para el implante, para h\u00edgado ocho horas y el ri\u00f1\u00f3n, 24 horas. El sistema tiene que adaptarse a eso o sino el \u00f3rgano ya no va a responder&#8221;, ejemplific\u00f3. <\/p>\n\n\n\n<p>&#8220;Otro punto que quiero destacar es que Paraguay ha tenido un gran desarrollo en el tema de los tejidos, hoy d\u00eda Paraguay tiene dos bancos de tejidos (&#8230;) El tejido pod\u00e9s donar en una muerte por paro cardiaco por ejemplo, no es como el coraz\u00f3n, que debe estar latiendo todav\u00eda, pero hay que evaluar las condiciones de la muerte&#8221;, agreg\u00f3. <\/p>\n\n\n\n<p style=\"font-size:22px\"><strong>Lo que falta<\/strong><\/p>\n\n\n\n<p>El doctor Melgarejo insisti\u00f3 en que la conciencia es todav\u00eda la piedra angular en el avance hacia la donaci\u00f3n de \u00f3rganos. De hecho, coment\u00f3 que instalaron la inclusi\u00f3n de este tema en el curr\u00edculo escolar. <\/p>\n\n\n\n<p>&#8220;En la escuela debe estar introducido ese tema. Porque l\u00f3gicamente nadie de nosotros recibe informaci\u00f3n en la escuela sobre el proceso que implica y es un proceso muy complejo&#8221;, declar\u00f3. <\/p>\n\n\n\n<p>Record\u00f3 que a pesar de que est\u00e1 todo establecido el protocolo a seguir, igual siempre hay trabas. &#8220;Una vez que se produce la muerte hay que hablar con la familia. La ley dice que el que no haya dejado por escrito estar en contra de la donaci\u00f3n, es donante, pero siempre el problema es con la familia&#8221;, concluy\u00f3.<\/p>\n","protected":false},"excerpt":{"rendered":"El 7 de setiembre de 2018 el Ejecutivo promulg\u00f3 la normativa conocida como &#8220;Ley Anita&#8221;, con la cual todos los mayores de 18 a\u00f1os pasaron a ser donantes de \u00f3rganos, salvo expresa negativa de las personas. Tres a\u00f1os despu\u00e9s, desde el Instituto Nacional de Ablaci\u00f3n y Trasplante (INAT) comentan lo importante que fue esta modificaci\u00f3n, c\u00f3mo ayud\u00f3 durante la pandemia y qu\u00e9 es lo que todav\u00eda falta para seguir salvando vidas. Hoy, m\u00e1s de 200 personas est\u00e1n en la lista de espera para recibir una donaci\u00f3n.\n","protected":false},"author":1,"featured_media":5063,"comment_status":"closed","ping_status":"closed","sticky":false,"template":"","format":"standard","meta":[],"categories":[20],"tags":[614,613,615],"ubicacion":[17],"yoast_head":"<!-- This site is optimized with the Yoast SEO plugin v20.8 - https:\/\/yoast.com\/wordpress\/plugins\/seo\/ -->\n<title>Avances y cuentas pendientes, a tres a\u00f1os de la promulgaci\u00f3n de la Ley Anita &ndash; Latitud25<\/title>\n<meta name=\"description\" content=\"Mir\u00e1 nuestros reportajes audiovisuales y seguinos para enterarte de las \u00faltimas noticias de Paraguay y el mundo, desde la Latitud25. Somos Alternativa de Informaci\u00f3n.\" \/>\n<meta name=\"robots\" content=\"index, follow, max-snippet:-1, max-image-preview:large, max-video-preview:-1\" \/>\n<link rel=\"canonical\" href=\"https:\/\/enlatitud25.com\/news\/avances-y-cuentas-pendientes-a-tres-anos-de-la-promulgacion-de-la-ley-anita\/\" \/>\n<meta property=\"og:locale\" content=\"es_ES\" \/>\n<meta property=\"og:type\" content=\"article\" \/>\n<meta property=\"og:title\" content=\"Avances y cuentas pendientes, a tres a\u00f1os de la promulgaci\u00f3n de la Ley Anita &ndash; Latitud25\" \/>\n<meta property=\"og:description\" content=\"Mir\u00e1 nuestros reportajes audiovisuales y seguinos para enterarte de las \u00faltimas noticias de Paraguay y el mundo, desde la Latitud25. Somos Alternativa de Informaci\u00f3n.\" \/>\n<meta property=\"og:url\" content=\"https:\/\/enlatitud25.com\/news\/avances-y-cuentas-pendientes-a-tres-anos-de-la-promulgacion-de-la-ley-anita\/\" \/>\n<meta property=\"og:site_name\" content=\"Latitud25\" \/>\n<meta property=\"article:publisher\" content=\"https:\/\/www.facebook.com\/EnLatitud25\" \/>\n<meta property=\"article:author\" content=\"https:\/\/www.facebook.com\/EnLatitud25\" \/>\n<meta property=\"article:published_time\" content=\"2021-09-07T22:20:15+00:00\" \/>\n<meta property=\"article:modified_time\" content=\"2021-09-07T22:20:16+00:00\" \/>\n<meta property=\"og:image\" content=\"https:\/\/enlatitud25.com\/news\/wp-content\/uploads\/2021\/09\/WhatsApp-Image-2021-09-07-at-15.03.58.jpeg\" \/>\n\t<meta property=\"og:image:width\" content=\"800\" \/>\n\t<meta property=\"og:image:height\" content=\"500\" \/>\n\t<meta property=\"og:image:type\" content=\"image\/jpeg\" \/>\n<meta name=\"author\" content=\"Latitud 25\" \/>\n<meta name=\"twitter:card\" content=\"summary_large_image\" \/>\n<meta name=\"twitter:creator\" content=\"@EnLatitud25\" \/>\n<meta name=\"twitter:site\" content=\"@EnLatitud25\" \/>\n<meta name=\"twitter:label1\" content=\"Escrito por\" \/>\n\t<meta name=\"twitter:data1\" content=\"Latitud 25\" \/>\n\t<meta name=\"twitter:label2\" content=\"Tiempo de lectura\" \/>\n\t<meta name=\"twitter:data2\" content=\"5 minutos\" \/>\n<script type=\"application\/ld+json\" class=\"yoast-schema-graph\">{\"@context\":\"https:\/\/schema.org\",\"@graph\":[{\"@type\":\"Article\",\"@id\":\"https:\/\/enlatitud25.com\/news\/avances-y-cuentas-pendientes-a-tres-anos-de-la-promulgacion-de-la-ley-anita\/#article\",\"isPartOf\":{\"@id\":\"https:\/\/enlatitud25.com\/news\/avances-y-cuentas-pendientes-a-tres-anos-de-la-promulgacion-de-la-ley-anita\/\"},\"author\":{\"name\":\"Latitud 25\",\"@id\":\"https:\/\/enlatitud25.com\/news\/#\/schema\/person\/23aafe968917005a721b8eb760f2586e\"},\"headline\":\"Avances y cuentas pendientes, a tres a\u00f1os de la promulgaci\u00f3n de la Ley Anita\",\"datePublished\":\"2021-09-07T22:20:15+00:00\",\"dateModified\":\"2021-09-07T22:20:16+00:00\",\"mainEntityOfPage\":{\"@id\":\"https:\/\/enlatitud25.com\/news\/avances-y-cuentas-pendientes-a-tres-anos-de-la-promulgacion-de-la-ley-anita\/\"},\"wordCount\":993,\"publisher\":{\"@id\":\"https:\/\/enlatitud25.com\/news\/#organization\"},\"keywords\":[\"ley anita\",\"promulgaci\u00f3n\",\"trasplantes de \u00f3rganos\"],\"articleSection\":[\"Salud\"],\"inLanguage\":\"es\"},{\"@type\":\"WebPage\",\"@id\":\"https:\/\/enlatitud25.com\/news\/avances-y-cuentas-pendientes-a-tres-anos-de-la-promulgacion-de-la-ley-anita\/\",\"url\":\"https:\/\/enlatitud25.com\/news\/avances-y-cuentas-pendientes-a-tres-anos-de-la-promulgacion-de-la-ley-anita\/\",\"name\":\"Avances y cuentas pendientes, a tres a\u00f1os de la promulgaci\u00f3n de la Ley Anita &ndash; Latitud25\",\"isPartOf\":{\"@id\":\"https:\/\/enlatitud25.com\/news\/#website\"},\"datePublished\":\"2021-09-07T22:20:15+00:00\",\"dateModified\":\"2021-09-07T22:20:16+00:00\",\"description\":\"Mir\u00e1 nuestros reportajes audiovisuales y seguinos para enterarte de las \u00faltimas noticias de Paraguay y el mundo, desde la Latitud25. Somos Alternativa de Informaci\u00f3n.\",\"breadcrumb\":{\"@id\":\"https:\/\/enlatitud25.com\/news\/avances-y-cuentas-pendientes-a-tres-anos-de-la-promulgacion-de-la-ley-anita\/#breadcrumb\"},\"inLanguage\":\"es\",\"potentialAction\":[{\"@type\":\"ReadAction\",\"target\":[\"https:\/\/enlatitud25.com\/news\/avances-y-cuentas-pendientes-a-tres-anos-de-la-promulgacion-de-la-ley-anita\/\"]}]},{\"@type\":\"BreadcrumbList\",\"@id\":\"https:\/\/enlatitud25.com\/news\/avances-y-cuentas-pendientes-a-tres-anos-de-la-promulgacion-de-la-ley-anita\/#breadcrumb\",\"itemListElement\":[{\"@type\":\"ListItem\",\"position\":1,\"name\":\"Home\",\"item\":\"https:\/\/enlatitud25.com\/news\/\"},{\"@type\":\"ListItem\",\"position\":2,\"name\":\"Avances y cuentas pendientes, a tres a\u00f1os de la promulgaci\u00f3n de la Ley Anita\"}]},{\"@type\":\"WebSite\",\"@id\":\"https:\/\/enlatitud25.com\/news\/#website\",\"url\":\"https:\/\/enlatitud25.com\/news\/\",\"name\":\"Latitud25\",\"description\":\"news\",\"publisher\":{\"@id\":\"https:\/\/enlatitud25.com\/news\/#organization\"},\"potentialAction\":[{\"@type\":\"SearchAction\",\"target\":{\"@type\":\"EntryPoint\",\"urlTemplate\":\"https:\/\/enlatitud25.com\/news\/?s={search_term_string}\"},\"query-input\":\"required name=search_term_string\"}],\"inLanguage\":\"es\"},{\"@type\":\"Organization\",\"@id\":\"https:\/\/enlatitud25.com\/news\/#organization\",\"name\":\"Latitud 25 - News\",\"url\":\"https:\/\/enlatitud25.com\/news\/\",\"logo\":{\"@type\":\"ImageObject\",\"inLanguage\":\"es\",\"@id\":\"https:\/\/enlatitud25.com\/news\/#\/schema\/logo\/image\/\",\"url\":\"https:\/\/enlatitud25.com\/news\/wp-content\/uploads\/2020\/11\/logo_latitud.png\",\"contentUrl\":\"https:\/\/enlatitud25.com\/news\/wp-content\/uploads\/2020\/11\/logo_latitud.png\",\"width\":235,\"height\":39,\"caption\":\"Latitud 25 - News\"},\"image\":{\"@id\":\"https:\/\/enlatitud25.com\/news\/#\/schema\/logo\/image\/\"},\"sameAs\":[\"https:\/\/www.facebook.com\/EnLatitud25\",\"https:\/\/twitter.com\/EnLatitud25\",\"https:\/\/www.instagram.com\/enlatitud25\/\",\"https:\/\/www.youtube.com\/user\/desdelatitud25\"]},{\"@type\":\"Person\",\"@id\":\"https:\/\/enlatitud25.com\/news\/#\/schema\/person\/23aafe968917005a721b8eb760f2586e\",\"name\":\"Latitud 25\",\"sameAs\":[\"https:\/\/enlatitud25.com\/news\",\"https:\/\/www.facebook.com\/EnLatitud25\",\"https:\/\/www.instagram.com\/enlatitud25\",\"https:\/\/www.youtube.com\/user\/desdelatitud25\",\"https:\/\/soundcloud.com\/enlatitud25\"],\"url\":\"https:\/\/enlatitud25.com\/news\/author\/nnews-uss00\/\"}]}<\/script>\n<!-- \/ Yoast SEO plugin. -->","yoast_head_json":{"title":"Avances y cuentas pendientes, a tres a\u00f1os de la promulgaci\u00f3n de la Ley Anita &ndash; Latitud25","description":"Mir\u00e1 nuestros reportajes audiovisuales y seguinos para enterarte de las \u00faltimas noticias de Paraguay y el mundo, desde la Latitud25. Somos Alternativa de Informaci\u00f3n.","robots":{"index":"index","follow":"follow","max-snippet":"max-snippet:-1","max-image-preview":"max-image-preview:large","max-video-preview":"max-video-preview:-1"},"canonical":"https:\/\/enlatitud25.com\/news\/avances-y-cuentas-pendientes-a-tres-anos-de-la-promulgacion-de-la-ley-anita\/","og_locale":"es_ES","og_type":"article","og_title":"Avances y cuentas pendientes, a tres a\u00f1os de la promulgaci\u00f3n de la Ley Anita &ndash; Latitud25","og_description":"Mir\u00e1 nuestros reportajes audiovisuales y seguinos para enterarte de las \u00faltimas noticias de Paraguay y el mundo, desde la Latitud25. Somos Alternativa de Informaci\u00f3n.","og_url":"https:\/\/enlatitud25.com\/news\/avances-y-cuentas-pendientes-a-tres-anos-de-la-promulgacion-de-la-ley-anita\/","og_site_name":"Latitud25","article_publisher":"https:\/\/www.facebook.com\/EnLatitud25","article_author":"https:\/\/www.facebook.com\/EnLatitud25","article_published_time":"2021-09-07T22:20:15+00:00","article_modified_time":"2021-09-07T22:20:16+00:00","og_image":[{"width":800,"height":500,"url":"https:\/\/enlatitud25.com\/news\/wp-content\/uploads\/2021\/09\/WhatsApp-Image-2021-09-07-at-15.03.58.jpeg","type":"image\/jpeg"}],"author":"Latitud 25","twitter_card":"summary_large_image","twitter_creator":"@EnLatitud25","twitter_site":"@EnLatitud25","twitter_misc":{"Escrito por":"Latitud 25","Tiempo de lectura":"5 minutos"},"schema":{"@context":"https:\/\/schema.org","@graph":[{"@type":"Article","@id":"https:\/\/enlatitud25.com\/news\/avances-y-cuentas-pendientes-a-tres-anos-de-la-promulgacion-de-la-ley-anita\/#article","isPartOf":{"@id":"https:\/\/enlatitud25.com\/news\/avances-y-cuentas-pendientes-a-tres-anos-de-la-promulgacion-de-la-ley-anita\/"},"author":{"name":"Latitud 25","@id":"https:\/\/enlatitud25.com\/news\/#\/schema\/person\/23aafe968917005a721b8eb760f2586e"},"headline":"Avances y cuentas pendientes, a tres a\u00f1os de la promulgaci\u00f3n de la Ley Anita","datePublished":"2021-09-07T22:20:15+00:00","dateModified":"2021-09-07T22:20:16+00:00","mainEntityOfPage":{"@id":"https:\/\/enlatitud25.com\/news\/avances-y-cuentas-pendientes-a-tres-anos-de-la-promulgacion-de-la-ley-anita\/"},"wordCount":993,"publisher":{"@id":"https:\/\/enlatitud25.com\/news\/#organization"},"keywords":["ley anita","promulgaci\u00f3n","trasplantes de \u00f3rganos"],"articleSection":["Salud"],"inLanguage":"es"},{"@type":"WebPage","@id":"https:\/\/enlatitud25.com\/news\/avances-y-cuentas-pendientes-a-tres-anos-de-la-promulgacion-de-la-ley-anita\/","url":"https:\/\/enlatitud25.com\/news\/avances-y-cuentas-pendientes-a-tres-anos-de-la-promulgacion-de-la-ley-anita\/","name":"Avances y cuentas pendientes, a tres a\u00f1os de la promulgaci\u00f3n de la Ley Anita &ndash; Latitud25","isPartOf":{"@id":"https:\/\/enlatitud25.com\/news\/#website"},"datePublished":"2021-09-07T22:20:15+00:00","dateModified":"2021-09-07T22:20:16+00:00","description":"Mir\u00e1 nuestros reportajes audiovisuales y seguinos para enterarte de las \u00faltimas noticias de Paraguay y el mundo, desde la Latitud25. Somos Alternativa de Informaci\u00f3n.","breadcrumb":{"@id":"https:\/\/enlatitud25.com\/news\/avances-y-cuentas-pendientes-a-tres-anos-de-la-promulgacion-de-la-ley-anita\/#breadcrumb"},"inLanguage":"es","potentialAction":[{"@type":"ReadAction","target":["https:\/\/enlatitud25.com\/news\/avances-y-cuentas-pendientes-a-tres-anos-de-la-promulgacion-de-la-ley-anita\/"]}]},{"@type":"BreadcrumbList","@id":"https:\/\/enlatitud25.com\/news\/avances-y-cuentas-pendientes-a-tres-anos-de-la-promulgacion-de-la-ley-anita\/#breadcrumb","itemListElement":[{"@type":"ListItem","position":1,"name":"Home","item":"https:\/\/enlatitud25.com\/news\/"},{"@type":"ListItem","position":2,"name":"Avances y cuentas pendientes, a tres a\u00f1os de la promulgaci\u00f3n de la Ley Anita"}]},{"@type":"WebSite","@id":"https:\/\/enlatitud25.com\/news\/#website","url":"https:\/\/enlatitud25.com\/news\/","name":"Latitud25","description":"news","publisher":{"@id":"https:\/\/enlatitud25.com\/news\/#organization"},"potentialAction":[{"@type":"SearchAction","target":{"@type":"EntryPoint","urlTemplate":"https:\/\/enlatitud25.com\/news\/?s={search_term_string}"},"query-input":"required name=search_term_string"}],"inLanguage":"es"},{"@type":"Organization","@id":"https:\/\/enlatitud25.com\/news\/#organization","name":"Latitud 25 - News","url":"https:\/\/enlatitud25.com\/news\/","logo":{"@type":"ImageObject","inLanguage":"es","@id":"https:\/\/enlatitud25.com\/news\/#\/schema\/logo\/image\/","url":"https:\/\/enlatitud25.com\/news\/wp-content\/uploads\/2020\/11\/logo_latitud.png","contentUrl":"https:\/\/enlatitud25.com\/news\/wp-content\/uploads\/2020\/11\/logo_latitud.png","width":235,"height":39,"caption":"Latitud 25 - News"},"image":{"@id":"https:\/\/enlatitud25.com\/news\/#\/schema\/logo\/image\/"},"sameAs":["https:\/\/www.facebook.com\/EnLatitud25","https:\/\/twitter.com\/EnLatitud25","https:\/\/www.instagram.com\/enlatitud25\/","https:\/\/www.youtube.com\/user\/desdelatitud25"]},{"@type":"Person","@id":"https:\/\/enlatitud25.com\/news\/#\/schema\/person\/23aafe968917005a721b8eb760f2586e","name":"Latitud 25","sameAs":["https:\/\/enlatitud25.com\/news","https:\/\/www.facebook.com\/EnLatitud25","https:\/\/www.instagram.com\/enlatitud25","https:\/\/www.youtube.com\/user\/desdelatitud25","https:\/\/soundcloud.com\/enlatitud25"],"url":"https:\/\/enlatitud25.com\/news\/author\/nnews-uss00\/"}]}},"_links":{"self":[{"href":"https:\/\/enlatitud25.com\/news\/wp-json\/wp\/v2\/posts\/5055"}],"collection":[{"href":"https:\/\/enlatitud25.com\/news\/wp-json\/wp\/v2\/posts"}],"about":[{"href":"https:\/\/enlatitud25.com\/news\/wp-json\/wp\/v2\/types\/post"}],"author":[{"embeddable":true,"href":"https:\/\/enlatitud25.com\/news\/wp-json\/wp\/v2\/users\/1"}],"replies":[{"embeddable":true,"href":"https:\/\/enlatitud25.com\/news\/wp-json\/wp\/v2\/comments?post=5055"}],"version-history":[{"count":9,"href":"https:\/\/enlatitud25.com\/news\/wp-json\/wp\/v2\/posts\/5055\/revisions"}],"predecessor-version":[{"id":5072,"href":"https:\/\/enlatitud25.com\/news\/wp-json\/wp\/v2\/posts\/5055\/revisions\/5072"}],"wp:featuredmedia":[{"embeddable":true,"href":"https:\/\/enlatitud25.com\/news\/wp-json\/wp\/v2\/media\/5063"}],"wp:attachment":[{"href":"https:\/\/enlatitud25.com\/news\/wp-json\/wp\/v2\/media?parent=5055"}],"wp:term":[{"taxonomy":"category","embeddable":true,"href":"https:\/\/enlatitud25.com\/news\/wp-json\/wp\/v2\/categories?post=5055"},{"taxonomy":"post_tag","embeddable":true,"href":"https:\/\/enlatitud25.com\/news\/wp-json\/wp\/v2\/tags?post=5055"},{"taxonomy":"ubicacion","embeddable":true,"href":"https:\/\/enlatitud25.com\/news\/wp-json\/wp\/v2\/ubicacion?post=5055"}],"curies":[{"name":"wp","href":"https:\/\/api.w.org\/{rel}","templated":true}]}}