{"id":4887,"date":"2021-08-30T21:16:43","date_gmt":"2021-08-30T21:16:43","guid":{"rendered":"https:\/\/enlatitud25.com\/news\/?p=4887"},"modified":"2021-08-30T21:16:45","modified_gmt":"2021-08-30T21:16:45","slug":"cecilia-dice-que-algunas-leyes-no-ayudan-para-combatir-el-crimen-organizado","status":"publish","type":"post","link":"https:\/\/enlatitud25.com\/news\/cecilia-dice-que-algunas-leyes-no-ayudan-para-combatir-el-crimen-organizado\/","title":{"rendered":"Cecilia dice que &#8220;algunas leyes no ayudan&#8221; para combatir el crimen organizado"},"content":{"rendered":"\n<p>El crimen organizado transnacional se fortaleci\u00f3 en las \u00faltimas d\u00e9cadas en Paraguay, pero hubo un episodio que signific\u00f3 la consolidaci\u00f3n de un grupo en particular que opera con fuerza en nuestro pa\u00eds, el Primer Comando da Capital. Esta facci\u00f3n criminal mueve millones de d\u00f3lares todos los a\u00f1os entre Paraguay y Brasil, mediante narcotr\u00e1fico y armatr\u00e1fico, principalmente.<\/p>\n\n\n\n<p>De esta manera, la vulnerabilidad institucional del combate al crimen organizado, en la que estuvo sumida el Paraguay durante varias d\u00e9cadas, se acentu\u00f3 con el paso de los a\u00f1os. Aunque en 2019, se han concretado esfuerzos para establecer un marco normativo de diez leyes para combatir al crimen organizado, persisten las preocupaciones sobre \u00e9ste flagelo.<\/p>\n\n\n\n<p>Una de esas preocupaciones gira en torno a que Paraguay sigue siendo evaluado por organismos internacionales como el Grupo de Acci\u00f3n Financiera Internacional (GAFI), que analiza c\u00f3mo se ha encarado la lucha del pa\u00eds contra el crimen organizado y el lavado de dinero y si consecuentemente, Paraguay es un destino seguro y previsible para radicar inversiones.<\/p>\n\n\n\n<p>En ese contexto, la ministra de Justicia, <strong>Cecilia P\u00e9rez<\/strong> habl\u00f3 en RadioCast25, acerca de cu\u00e1les son las dificultades que enfrenta nuestro pa\u00eds en la lucha contra estas organizaciones del crimen. Entre lo m\u00e1s destacado, se\u00f1al\u00f3 el complejo trabajo de la Fiscal\u00eda en el combate a estos grupos.<\/p>\n\n\n\n<figure class=\"wp-block-image size-large\"><img decoding=\"async\" loading=\"lazy\" width=\"800\" height=\"500\" src=\"https:\/\/enlatitud25.com\/news\/wp-content\/uploads\/2021\/08\/lavado_dinero.jpg\" alt=\"\" class=\"wp-image-4744\" srcset=\"https:\/\/enlatitud25.com\/news\/wp-content\/uploads\/2021\/08\/lavado_dinero.jpg 800w, https:\/\/enlatitud25.com\/news\/wp-content\/uploads\/2021\/08\/lavado_dinero-300x188.jpg 300w, https:\/\/enlatitud25.com\/news\/wp-content\/uploads\/2021\/08\/lavado_dinero-768x480.jpg 768w, https:\/\/enlatitud25.com\/news\/wp-content\/uploads\/2021\/08\/lavado_dinero-380x238.jpg 380w\" sizes=\"(max-width: 800px) 100vw, 800px\" \/><\/figure>\n\n\n\n<p>&#8220;Si bien el <strong>Ministerio P\u00fablico<\/strong> tiene una funci\u00f3n reactiva, hay muchos factores que hay que tener en cuenta. La Fiscal\u00eda tiene que actuar con elementos que nosotros despu\u00e9s decimos que se convierten en pruebas, pero algunas leyes no ayudan&#8221;, reconoci\u00f3. <\/p>\n\n\n\n<p>P\u00e9rez dijo que estuvo conversando con algunos fiscales y que estos le comentaron que existen algunos casos graves donde hay procesamientos dentro del sistema de grupos organizados, en los cuales se decreta la prisi\u00f3n y antes de que termine la investigaci\u00f3n se libera a las personas que estaban privadas de su libertad. <\/p>\n\n\n\n<p>&#8220;Ah\u00ed deber\u00eda poder garantizarle a la Fiscal\u00eda que pueda trabajar de una manera que no tenga un riesgo de obstrucci\u00f3n de la investigaci\u00f3n, eso nos pasa en todos los casos de liberaci\u00f3n de presos&#8221;, subray\u00f3. <\/p>\n\n\n\n<p style=\"font-size:22px\"><strong>&#8220;A veces hay que aguantar un poco&#8221;<\/strong><\/p>\n\n\n\n<p>La ministra de Justicia explic\u00f3 que las acciones del crimen organizado son bastantes complejas, entonces la Fiscal\u00eda tiene que, en primer lugar, dilucidar los elementos que tengan para procesar a los integrantes y, despu\u00e9s de eso, tener que discriminar qu\u00e9 funci\u00f3n tiene cada uno, para tener mayores elementos al momento de acusar.<\/p>\n\n\n\n<p>&#8220;Hay fiscales que dicen: &#8216;prefiero tener casi todo antes de imputar, porque desde el momento en que yo imputo, la defensa va a empezar a poner trabas&#8217;, entonces investigan con mayor libertad antes de procesarle a alguien por decirlo de alguna manera. Esas son algunas de las estrategias que son v\u00e1lidas, a veces hay que aguantar un poco, pero siempre hay mucha presi\u00f3n de imputar con los pocos elementos que se tiene&#8221;, enfatiz\u00f3. <\/p>\n\n\n\n<figure class=\"wp-block-image size-large\"><img decoding=\"async\" loading=\"lazy\" width=\"800\" height=\"500\" src=\"https:\/\/enlatitud25.com\/news\/wp-content\/uploads\/2021\/08\/WhatsApp-Image-2021-06-03-at-13.49.19.jpeg\" alt=\"\" class=\"wp-image-4888\" srcset=\"https:\/\/enlatitud25.com\/news\/wp-content\/uploads\/2021\/08\/WhatsApp-Image-2021-06-03-at-13.49.19.jpeg 800w, https:\/\/enlatitud25.com\/news\/wp-content\/uploads\/2021\/08\/WhatsApp-Image-2021-06-03-at-13.49.19-300x188.jpeg 300w, https:\/\/enlatitud25.com\/news\/wp-content\/uploads\/2021\/08\/WhatsApp-Image-2021-06-03-at-13.49.19-768x480.jpeg 768w, https:\/\/enlatitud25.com\/news\/wp-content\/uploads\/2021\/08\/WhatsApp-Image-2021-06-03-at-13.49.19-380x238.jpeg 380w\" sizes=\"(max-width: 800px) 100vw, 800px\" \/><\/figure>\n\n\n\n<p style=\"font-size:22px\"><strong>\u00bfSer\u00eda fiscala general del Estado?<\/strong><\/p>\n\n\n\n<p>Ante la consulta de si aceptar\u00eda ser Fiscala General del Estado, respondi\u00f3 en primer momento que es decisi\u00f3n del presidente de la Rep\u00fablica, Mario Abdo Ben\u00edtez y del Congreso Nacional. <\/p>\n\n\n\n<p>Posteriormente, afirm\u00f3 que es un cargo bastante dif\u00edcil. &#8220;Hay mucha presi\u00f3n sobre una sola persona. Este cargo en el que estoy ya es bastante agotador, esa es una decisi\u00f3n del Presidente&nbsp; y del Senado, pero esa es una decisi\u00f3n que tambi\u00e9n se tiene que tomar en familia&#8221;, asever\u00f3.<\/p>\n\n\n\n<p>Al respecto, reconoci\u00f3 que el cargo en el que se encuentra hoy, ya le expone a su familia. Cont\u00f3 que se registraron algunos hechos llamativos en torno a su n\u00facleo familiar, como un intento de hackeo de la cuenta de su esposo y algunas publicaciones llamativas en las redes sociales pidiendo datos sobre ellos. <\/p>\n\n\n\n<p style=\"font-size:22px\"><strong>Evaluaci\u00f3n GAFI termina en setiembre, pero resultados todav\u00eda no se sabr\u00e1n este a\u00f1o <\/strong><\/p>\n\n\n\n<p>El pa\u00eds se viene preparando desde hace tiempo para la evaluaci\u00f3n del <strong>Grupo de Acci\u00f3n Financiera Internacional<\/strong> (GAFI). En ese marco, se aprob\u00f3 un paquete de 10 leyes en el 2019, con el objetivo de luchar contra el lavado de dinero y las organizaciones criminales. Adem\u00e1s de otros esfuerzos realizados por las instituciones estatales.<\/p>\n\n\n\n<p>No obstante, uno de los principales cuestionamientos, que hacen los propios legisladores, se basa en la escasa cantidad de personas imputadas o condenadas por estos hechos punibles y cr\u00edmenes. <\/p>\n\n\n\n<p>Los evaluadores llegaron al pa\u00eds el 23 de agosto \u00faltimo y se quedan hasta el 3 de setiembre. Sin embargo, el resultado de estas evaluaciones podr\u00edan saberse entre junio del a\u00f1o que viene o incluso en el 2023. <\/p>\n\n\n\n<p><strong>Le\u00e9 la nota completa: <a href=\"https:\/\/enlatitud25.com\/news\/una-guia-para-saber-que-es-el-informe-gafi-y-como-afecta-el-lavado-de-dinero\/\">Una gu\u00eda para saber qu\u00e9 es el informe GAFI y c\u00f3mo afecta el lavado de dinero<\/a><\/strong><\/p>\n","protected":false},"excerpt":{"rendered":"La ministra de Justicia, Cecilia P\u00e9rez, en su car\u00e1cter de abogada penalista, reconoci\u00f3 que hay falencias en las normativas y leyes que se enmarcan en los procedimientos que realiza la Fiscal\u00eda contra las organizaciones criminales. Afirm\u00f3 que los plazos y trabas complican el trabajo del Ministerio P\u00fablico y que para seguir, necesitan m\u00e1s garant\u00edas.\n","protected":false},"author":1,"featured_media":4892,"comment_status":"closed","ping_status":"closed","sticky":false,"template":"","format":"standard","meta":[],"categories":[12],"tags":[587,373,558,589,243,588],"ubicacion":[17],"yoast_head":"<!-- This site is optimized with the Yoast SEO plugin v20.8 - https:\/\/yoast.com\/wordpress\/plugins\/seo\/ -->\n<title>Cecilia dice que &quot;algunas leyes no ayudan&quot; para combatir el crimen organizado &ndash; Latitud25<\/title>\n<meta name=\"description\" content=\"Mir\u00e1 nuestros reportajes audiovisuales y seguinos para enterarte de las \u00faltimas noticias de Paraguay y el mundo, desde la Latitud25. Somos Alternativa de Informaci\u00f3n.\" \/>\n<meta name=\"robots\" content=\"index, follow, max-snippet:-1, max-image-preview:large, max-video-preview:-1\" \/>\n<link rel=\"canonical\" href=\"https:\/\/enlatitud25.com\/news\/cecilia-dice-que-algunas-leyes-no-ayudan-para-combatir-el-crimen-organizado\/\" \/>\n<meta property=\"og:locale\" content=\"es_ES\" \/>\n<meta property=\"og:type\" content=\"article\" \/>\n<meta property=\"og:title\" content=\"Cecilia dice que &quot;algunas leyes no ayudan&quot; para combatir el crimen organizado &ndash; Latitud25\" \/>\n<meta property=\"og:description\" content=\"Mir\u00e1 nuestros reportajes audiovisuales y seguinos para enterarte de las \u00faltimas noticias de Paraguay y el mundo, desde la Latitud25. Somos Alternativa de Informaci\u00f3n.\" \/>\n<meta property=\"og:url\" content=\"https:\/\/enlatitud25.com\/news\/cecilia-dice-que-algunas-leyes-no-ayudan-para-combatir-el-crimen-organizado\/\" \/>\n<meta property=\"og:site_name\" content=\"Latitud25\" \/>\n<meta property=\"article:publisher\" content=\"https:\/\/www.facebook.com\/EnLatitud25\" \/>\n<meta property=\"article:author\" content=\"https:\/\/www.facebook.com\/EnLatitud25\" \/>\n<meta property=\"article:published_time\" content=\"2021-08-30T21:16:43+00:00\" \/>\n<meta property=\"article:modified_time\" content=\"2021-08-30T21:16:45+00:00\" \/>\n<meta property=\"og:image\" content=\"https:\/\/enlatitud25.com\/news\/wp-content\/uploads\/2021\/08\/WhatsApp-Image-2021-08-30-at-14.45.34.jpeg\" \/>\n\t<meta property=\"og:image:width\" content=\"800\" \/>\n\t<meta property=\"og:image:height\" content=\"500\" \/>\n\t<meta property=\"og:image:type\" content=\"image\/jpeg\" \/>\n<meta name=\"author\" content=\"Latitud 25\" \/>\n<meta name=\"twitter:card\" content=\"summary_large_image\" \/>\n<meta name=\"twitter:creator\" content=\"@EnLatitud25\" \/>\n<meta name=\"twitter:site\" content=\"@EnLatitud25\" \/>\n<meta name=\"twitter:label1\" content=\"Escrito por\" \/>\n\t<meta name=\"twitter:data1\" content=\"Latitud 25\" \/>\n\t<meta name=\"twitter:label2\" content=\"Tiempo de lectura\" \/>\n\t<meta name=\"twitter:data2\" content=\"4 minutos\" \/>\n<script type=\"application\/ld+json\" class=\"yoast-schema-graph\">{\"@context\":\"https:\/\/schema.org\",\"@graph\":[{\"@type\":\"Article\",\"@id\":\"https:\/\/enlatitud25.com\/news\/cecilia-dice-que-algunas-leyes-no-ayudan-para-combatir-el-crimen-organizado\/#article\",\"isPartOf\":{\"@id\":\"https:\/\/enlatitud25.com\/news\/cecilia-dice-que-algunas-leyes-no-ayudan-para-combatir-el-crimen-organizado\/\"},\"author\":{\"name\":\"Latitud 25\",\"@id\":\"https:\/\/enlatitud25.com\/news\/#\/schema\/person\/23aafe968917005a721b8eb760f2586e\"},\"headline\":\"Cecilia dice que &#8220;algunas leyes no ayudan&#8221; para combatir el crimen organizado\",\"datePublished\":\"2021-08-30T21:16:43+00:00\",\"dateModified\":\"2021-08-30T21:16:45+00:00\",\"mainEntityOfPage\":{\"@id\":\"https:\/\/enlatitud25.com\/news\/cecilia-dice-que-algunas-leyes-no-ayudan-para-combatir-el-crimen-organizado\/\"},\"wordCount\":832,\"publisher\":{\"@id\":\"https:\/\/enlatitud25.com\/news\/#organization\"},\"keywords\":[\"falencias\",\"fiscal\u00eda\",\"Gafilat\",\"investigaciones\",\"justicia\",\"leyes\"],\"articleSection\":[\"Realidad\"],\"inLanguage\":\"es\"},{\"@type\":\"WebPage\",\"@id\":\"https:\/\/enlatitud25.com\/news\/cecilia-dice-que-algunas-leyes-no-ayudan-para-combatir-el-crimen-organizado\/\",\"url\":\"https:\/\/enlatitud25.com\/news\/cecilia-dice-que-algunas-leyes-no-ayudan-para-combatir-el-crimen-organizado\/\",\"name\":\"Cecilia dice que \\\"algunas leyes no ayudan\\\" para combatir el crimen organizado &ndash; Latitud25\",\"isPartOf\":{\"@id\":\"https:\/\/enlatitud25.com\/news\/#website\"},\"datePublished\":\"2021-08-30T21:16:43+00:00\",\"dateModified\":\"2021-08-30T21:16:45+00:00\",\"description\":\"Mir\u00e1 nuestros reportajes audiovisuales y seguinos para enterarte de las \u00faltimas noticias de Paraguay y el mundo, desde la Latitud25. Somos Alternativa de Informaci\u00f3n.\",\"breadcrumb\":{\"@id\":\"https:\/\/enlatitud25.com\/news\/cecilia-dice-que-algunas-leyes-no-ayudan-para-combatir-el-crimen-organizado\/#breadcrumb\"},\"inLanguage\":\"es\",\"potentialAction\":[{\"@type\":\"ReadAction\",\"target\":[\"https:\/\/enlatitud25.com\/news\/cecilia-dice-que-algunas-leyes-no-ayudan-para-combatir-el-crimen-organizado\/\"]}]},{\"@type\":\"BreadcrumbList\",\"@id\":\"https:\/\/enlatitud25.com\/news\/cecilia-dice-que-algunas-leyes-no-ayudan-para-combatir-el-crimen-organizado\/#breadcrumb\",\"itemListElement\":[{\"@type\":\"ListItem\",\"position\":1,\"name\":\"Home\",\"item\":\"https:\/\/enlatitud25.com\/news\/\"},{\"@type\":\"ListItem\",\"position\":2,\"name\":\"Cecilia dice que &#8220;algunas leyes no ayudan&#8221; para combatir el crimen organizado\"}]},{\"@type\":\"WebSite\",\"@id\":\"https:\/\/enlatitud25.com\/news\/#website\",\"url\":\"https:\/\/enlatitud25.com\/news\/\",\"name\":\"Latitud25\",\"description\":\"news\",\"publisher\":{\"@id\":\"https:\/\/enlatitud25.com\/news\/#organization\"},\"potentialAction\":[{\"@type\":\"SearchAction\",\"target\":{\"@type\":\"EntryPoint\",\"urlTemplate\":\"https:\/\/enlatitud25.com\/news\/?s={search_term_string}\"},\"query-input\":\"required name=search_term_string\"}],\"inLanguage\":\"es\"},{\"@type\":\"Organization\",\"@id\":\"https:\/\/enlatitud25.com\/news\/#organization\",\"name\":\"Latitud 25 - News\",\"url\":\"https:\/\/enlatitud25.com\/news\/\",\"logo\":{\"@type\":\"ImageObject\",\"inLanguage\":\"es\",\"@id\":\"https:\/\/enlatitud25.com\/news\/#\/schema\/logo\/image\/\",\"url\":\"https:\/\/enlatitud25.com\/news\/wp-content\/uploads\/2020\/11\/logo_latitud.png\",\"contentUrl\":\"https:\/\/enlatitud25.com\/news\/wp-content\/uploads\/2020\/11\/logo_latitud.png\",\"width\":235,\"height\":39,\"caption\":\"Latitud 25 - News\"},\"image\":{\"@id\":\"https:\/\/enlatitud25.com\/news\/#\/schema\/logo\/image\/\"},\"sameAs\":[\"https:\/\/www.facebook.com\/EnLatitud25\",\"https:\/\/twitter.com\/EnLatitud25\",\"https:\/\/www.instagram.com\/enlatitud25\/\",\"https:\/\/www.youtube.com\/user\/desdelatitud25\"]},{\"@type\":\"Person\",\"@id\":\"https:\/\/enlatitud25.com\/news\/#\/schema\/person\/23aafe968917005a721b8eb760f2586e\",\"name\":\"Latitud 25\",\"sameAs\":[\"https:\/\/enlatitud25.com\/news\",\"https:\/\/www.facebook.com\/EnLatitud25\",\"https:\/\/www.instagram.com\/enlatitud25\",\"https:\/\/www.youtube.com\/user\/desdelatitud25\",\"https:\/\/soundcloud.com\/enlatitud25\"],\"url\":\"https:\/\/enlatitud25.com\/news\/author\/nnews-uss00\/\"}]}<\/script>\n<!-- \/ Yoast SEO plugin. -->","yoast_head_json":{"title":"Cecilia dice que \"algunas leyes no ayudan\" para combatir el crimen organizado &ndash; Latitud25","description":"Mir\u00e1 nuestros reportajes audiovisuales y seguinos para enterarte de las \u00faltimas noticias de Paraguay y el mundo, desde la Latitud25. Somos Alternativa de Informaci\u00f3n.","robots":{"index":"index","follow":"follow","max-snippet":"max-snippet:-1","max-image-preview":"max-image-preview:large","max-video-preview":"max-video-preview:-1"},"canonical":"https:\/\/enlatitud25.com\/news\/cecilia-dice-que-algunas-leyes-no-ayudan-para-combatir-el-crimen-organizado\/","og_locale":"es_ES","og_type":"article","og_title":"Cecilia dice que \"algunas leyes no ayudan\" para combatir el crimen organizado &ndash; Latitud25","og_description":"Mir\u00e1 nuestros reportajes audiovisuales y seguinos para enterarte de las \u00faltimas noticias de Paraguay y el mundo, desde la Latitud25. Somos Alternativa de Informaci\u00f3n.","og_url":"https:\/\/enlatitud25.com\/news\/cecilia-dice-que-algunas-leyes-no-ayudan-para-combatir-el-crimen-organizado\/","og_site_name":"Latitud25","article_publisher":"https:\/\/www.facebook.com\/EnLatitud25","article_author":"https:\/\/www.facebook.com\/EnLatitud25","article_published_time":"2021-08-30T21:16:43+00:00","article_modified_time":"2021-08-30T21:16:45+00:00","og_image":[{"width":800,"height":500,"url":"https:\/\/enlatitud25.com\/news\/wp-content\/uploads\/2021\/08\/WhatsApp-Image-2021-08-30-at-14.45.34.jpeg","type":"image\/jpeg"}],"author":"Latitud 25","twitter_card":"summary_large_image","twitter_creator":"@EnLatitud25","twitter_site":"@EnLatitud25","twitter_misc":{"Escrito por":"Latitud 25","Tiempo de lectura":"4 minutos"},"schema":{"@context":"https:\/\/schema.org","@graph":[{"@type":"Article","@id":"https:\/\/enlatitud25.com\/news\/cecilia-dice-que-algunas-leyes-no-ayudan-para-combatir-el-crimen-organizado\/#article","isPartOf":{"@id":"https:\/\/enlatitud25.com\/news\/cecilia-dice-que-algunas-leyes-no-ayudan-para-combatir-el-crimen-organizado\/"},"author":{"name":"Latitud 25","@id":"https:\/\/enlatitud25.com\/news\/#\/schema\/person\/23aafe968917005a721b8eb760f2586e"},"headline":"Cecilia dice que &#8220;algunas leyes no ayudan&#8221; para combatir el crimen organizado","datePublished":"2021-08-30T21:16:43+00:00","dateModified":"2021-08-30T21:16:45+00:00","mainEntityOfPage":{"@id":"https:\/\/enlatitud25.com\/news\/cecilia-dice-que-algunas-leyes-no-ayudan-para-combatir-el-crimen-organizado\/"},"wordCount":832,"publisher":{"@id":"https:\/\/enlatitud25.com\/news\/#organization"},"keywords":["falencias","fiscal\u00eda","Gafilat","investigaciones","justicia","leyes"],"articleSection":["Realidad"],"inLanguage":"es"},{"@type":"WebPage","@id":"https:\/\/enlatitud25.com\/news\/cecilia-dice-que-algunas-leyes-no-ayudan-para-combatir-el-crimen-organizado\/","url":"https:\/\/enlatitud25.com\/news\/cecilia-dice-que-algunas-leyes-no-ayudan-para-combatir-el-crimen-organizado\/","name":"Cecilia dice que \"algunas leyes no ayudan\" para combatir el crimen organizado &ndash; Latitud25","isPartOf":{"@id":"https:\/\/enlatitud25.com\/news\/#website"},"datePublished":"2021-08-30T21:16:43+00:00","dateModified":"2021-08-30T21:16:45+00:00","description":"Mir\u00e1 nuestros reportajes audiovisuales y seguinos para enterarte de las \u00faltimas noticias de Paraguay y el mundo, desde la Latitud25. Somos Alternativa de Informaci\u00f3n.","breadcrumb":{"@id":"https:\/\/enlatitud25.com\/news\/cecilia-dice-que-algunas-leyes-no-ayudan-para-combatir-el-crimen-organizado\/#breadcrumb"},"inLanguage":"es","potentialAction":[{"@type":"ReadAction","target":["https:\/\/enlatitud25.com\/news\/cecilia-dice-que-algunas-leyes-no-ayudan-para-combatir-el-crimen-organizado\/"]}]},{"@type":"BreadcrumbList","@id":"https:\/\/enlatitud25.com\/news\/cecilia-dice-que-algunas-leyes-no-ayudan-para-combatir-el-crimen-organizado\/#breadcrumb","itemListElement":[{"@type":"ListItem","position":1,"name":"Home","item":"https:\/\/enlatitud25.com\/news\/"},{"@type":"ListItem","position":2,"name":"Cecilia dice que &#8220;algunas leyes no ayudan&#8221; para combatir el crimen organizado"}]},{"@type":"WebSite","@id":"https:\/\/enlatitud25.com\/news\/#website","url":"https:\/\/enlatitud25.com\/news\/","name":"Latitud25","description":"news","publisher":{"@id":"https:\/\/enlatitud25.com\/news\/#organization"},"potentialAction":[{"@type":"SearchAction","target":{"@type":"EntryPoint","urlTemplate":"https:\/\/enlatitud25.com\/news\/?s={search_term_string}"},"query-input":"required name=search_term_string"}],"inLanguage":"es"},{"@type":"Organization","@id":"https:\/\/enlatitud25.com\/news\/#organization","name":"Latitud 25 - News","url":"https:\/\/enlatitud25.com\/news\/","logo":{"@type":"ImageObject","inLanguage":"es","@id":"https:\/\/enlatitud25.com\/news\/#\/schema\/logo\/image\/","url":"https:\/\/enlatitud25.com\/news\/wp-content\/uploads\/2020\/11\/logo_latitud.png","contentUrl":"https:\/\/enlatitud25.com\/news\/wp-content\/uploads\/2020\/11\/logo_latitud.png","width":235,"height":39,"caption":"Latitud 25 - News"},"image":{"@id":"https:\/\/enlatitud25.com\/news\/#\/schema\/logo\/image\/"},"sameAs":["https:\/\/www.facebook.com\/EnLatitud25","https:\/\/twitter.com\/EnLatitud25","https:\/\/www.instagram.com\/enlatitud25\/","https:\/\/www.youtube.com\/user\/desdelatitud25"]},{"@type":"Person","@id":"https:\/\/enlatitud25.com\/news\/#\/schema\/person\/23aafe968917005a721b8eb760f2586e","name":"Latitud 25","sameAs":["https:\/\/enlatitud25.com\/news","https:\/\/www.facebook.com\/EnLatitud25","https:\/\/www.instagram.com\/enlatitud25","https:\/\/www.youtube.com\/user\/desdelatitud25","https:\/\/soundcloud.com\/enlatitud25"],"url":"https:\/\/enlatitud25.com\/news\/author\/nnews-uss00\/"}]}},"_links":{"self":[{"href":"https:\/\/enlatitud25.com\/news\/wp-json\/wp\/v2\/posts\/4887"}],"collection":[{"href":"https:\/\/enlatitud25.com\/news\/wp-json\/wp\/v2\/posts"}],"about":[{"href":"https:\/\/enlatitud25.com\/news\/wp-json\/wp\/v2\/types\/post"}],"author":[{"embeddable":true,"href":"https:\/\/enlatitud25.com\/news\/wp-json\/wp\/v2\/users\/1"}],"replies":[{"embeddable":true,"href":"https:\/\/enlatitud25.com\/news\/wp-json\/wp\/v2\/comments?post=4887"}],"version-history":[{"count":10,"href":"https:\/\/enlatitud25.com\/news\/wp-json\/wp\/v2\/posts\/4887\/revisions"}],"predecessor-version":[{"id":4900,"href":"https:\/\/enlatitud25.com\/news\/wp-json\/wp\/v2\/posts\/4887\/revisions\/4900"}],"wp:featuredmedia":[{"embeddable":true,"href":"https:\/\/enlatitud25.com\/news\/wp-json\/wp\/v2\/media\/4892"}],"wp:attachment":[{"href":"https:\/\/enlatitud25.com\/news\/wp-json\/wp\/v2\/media?parent=4887"}],"wp:term":[{"taxonomy":"category","embeddable":true,"href":"https:\/\/enlatitud25.com\/news\/wp-json\/wp\/v2\/categories?post=4887"},{"taxonomy":"post_tag","embeddable":true,"href":"https:\/\/enlatitud25.com\/news\/wp-json\/wp\/v2\/tags?post=4887"},{"taxonomy":"ubicacion","embeddable":true,"href":"https:\/\/enlatitud25.com\/news\/wp-json\/wp\/v2\/ubicacion?post=4887"}],"curies":[{"name":"wp","href":"https:\/\/api.w.org\/{rel}","templated":true}]}}