{"id":4502,"date":"2021-07-30T17:58:49","date_gmt":"2021-07-30T17:58:49","guid":{"rendered":"https:\/\/enlatitud25.com\/news\/?p=4502"},"modified":"2021-07-30T18:07:21","modified_gmt":"2021-07-30T18:07:21","slug":"afiliacion-masiva-especialista-en-ciberseguridad-cuestiona-actuar-de-la-anr","status":"publish","type":"post","link":"https:\/\/enlatitud25.com\/news\/afiliacion-masiva-especialista-en-ciberseguridad-cuestiona-actuar-de-la-anr\/","title":{"rendered":"Afiliaci\u00f3n masiva: Especialista en ciberseguridad cuestiona actuar de la ANR"},"content":{"rendered":"\n<p>La afiliaci\u00f3n sin consentimiento al Partido Colorado ya fue tema de debate en marzo de este a\u00f1o, cuando varias personas se organizaron para realizar un pedido masivo de desafiliaci\u00f3n. <\/p>\n\n\n\n<p>Esto coincidi\u00f3 con el descontento ciudadano debido a la falta de medicamentos en un momento \u00e1lgido de la pandemia, que dio origen a la consigna de <strong>#ANRNuncaM\u00e1s<\/strong>. Anoche, luego de meses y en un jueves que parec\u00eda cualquiera, un grupo de personas descubri\u00f3 que sus nombres aparec\u00edan irregularmente en la n\u00f3mina de afiliados de la ANR. <\/p>\n\n\n\n<p><strong>Le\u00e9 la nota completa:<a href=\"https:\/\/enlatitud25.com\/news\/anrnuncamas-sera-solo-una-tendencia-o-un-castigo-en-las-urnas\/\"> \u00bf#ANRnuncaM\u00e1s ser\u00e1 solo una tendencia o un castigo en las urnas?<\/a><\/strong><\/p>\n\n\n\n<p>Con la publicaci\u00f3n de este caso en Twitter, los usuarios empezaron a replicar esta comprobaci\u00f3n y la mayor\u00eda de ellos descubri\u00f3 que efectivamente aparec\u00edan como afiliados. Indignaci\u00f3n, rabia y memes fueron las reacciones que se mezclaron en el TL, mientras que el presidente del Partido Colorado, el diputado, <strong>Pedro Alliana<\/strong>, public\u00f3 un tuit diciendo que se trat\u00f3 de un hackeo y le dio un tinte de persecuci\u00f3n pol\u00edtica a este hecho.<\/p>\n\n\n\n<figure class=\"wp-block-embed-twitter wp-block-embed is-type-rich is-provider-twitter\"><div class=\"wp-block-embed__wrapper\">\n<blockquote class=\"twitter-tweet\" data-width=\"550\" data-dnt=\"true\"><p lang=\"es\" dir=\"ltr\">La p\u00e1gina oficial del Partido ha sido vulnerada por gente inescrupulosa, incluyendo el Padr\u00f3n General en su totalidad en el padr\u00f3n de la ANR. PEDIMOS DISCULPAS a qui\u00e9nes fueron afectados por el inconveniente; nuestro equipo ya se encuentra trabajando para subsanar el problema.<\/p>&mdash; Pedro Alliana (@AllianaPedro) <a href=\"https:\/\/twitter.com\/AllianaPedro\/status\/1420927242238971912?ref_src=twsrc%5Etfw\">July 30, 2021<\/a><\/blockquote><script async src=\"https:\/\/platform.twitter.com\/widgets.js\" charset=\"utf-8\"><\/script>\n<\/div><\/figure>\n\n\n\n<p style=\"font-size:22px\"><strong>&#8220;Ten\u00edan que tomar las cosas con seriedad&#8221;<\/strong><\/p>\n\n\n\n<p>Los memes no cesaron y las declaraciones del parlamentario arrojaron m\u00e1s desconfianza que claridad al hecho. Al respecto,<strong> Miguel \u00c1ngel Gaspar<\/strong>, director de la organizaci\u00f3n Paraguay Ciberseguro, habl\u00f3 en comunicaci\u00f3n con <a href=\"http:\/\/www.enlatitud25.com\/radio\" target=\"_blank\" rel=\"noreferrer noopener\">RadioCast25<\/a>. <\/p>\n\n\n\n<p>Al ser consultado sobre la posibilidad de que realmente se haya accedido a la web de la ANR de manera irregular, respondi\u00f3: &#8220;La primera respuesta que tengo, siguiendo la l\u00ednea de estupidez del comunicado, es que seg\u00fan nuestro an\u00e1lisis, el hackeo fue tan fuerte que hasta la virgencita azul de Caacup\u00e9 ahora es colorada tambi\u00e9n&#8221;, ironiz\u00f3.<\/p>\n\n\n\n<p>Indic\u00f3 que ya sea que haya sido una vulneraci\u00f3n o negligencia, los encargados de la ANR ten\u00edan que tomar las cosas con seriedad y hacer una denuncia ante el Ministerio P\u00fablico o la Fiscal\u00eda debi\u00f3 haber actuado de oficio, porque estamos hablando de datos propios y ajenos. <\/p>\n\n\n\n<figure class=\"wp-block-image size-large\"><img decoding=\"async\" loading=\"lazy\" width=\"800\" height=\"500\" src=\"https:\/\/enlatitud25.com\/news\/wp-content\/uploads\/2021\/04\/ANR_web.jpg\" alt=\"\" class=\"wp-image-3264\" srcset=\"https:\/\/enlatitud25.com\/news\/wp-content\/uploads\/2021\/04\/ANR_web.jpg 800w, https:\/\/enlatitud25.com\/news\/wp-content\/uploads\/2021\/04\/ANR_web-300x188.jpg 300w, https:\/\/enlatitud25.com\/news\/wp-content\/uploads\/2021\/04\/ANR_web-768x480.jpg 768w, https:\/\/enlatitud25.com\/news\/wp-content\/uploads\/2021\/04\/ANR_web-380x238.jpg 380w\" sizes=\"(max-width: 800px) 100vw, 800px\" \/><\/figure>\n\n\n\n<p>&#8220;Si fue una vulneraci\u00f3n deber\u00edan despedir a toda su plantilla de TI (Tecnolog\u00eda de la Informaci\u00f3n) porque esos datos no pueden quedar expuestos, porque estaban manipulando varias bases de datos \u2013y perd\u00f3n por la expresi\u00f3n\u2013 pero, \u00bfqu\u00e9 carajos hac\u00edan con esas bases de datos si no tienen que tener acceso a esas bases de datos, que ser\u00edan Identificaciones o el TSJE?&#8221;, cuestion\u00f3.<\/p>\n\n\n\n<figure class=\"wp-block-embed-twitter wp-block-embed is-type-rich is-provider-twitter\"><div class=\"wp-block-embed__wrapper\">\n<blockquote class=\"twitter-tweet\" data-width=\"550\" data-dnt=\"true\"><p lang=\"es\" dir=\"ltr\">\ud83d\udd18AFILIACIONES ANR\ud83d\udea9|<br><br>\ud83c\udf99\ufe0f <a href=\"https:\/\/twitter.com\/MigueGaspar?ref_src=twsrc%5Etfw\">@MigueGaspar<\/a>, CEO de Tekhnos, cuestion\u00f3 que el <a href=\"https:\/\/twitter.com\/MinPublicoPy?ref_src=twsrc%5Etfw\">@MinPublicoPy<\/a> no haya actuado de oficio en el &quot;hackeo&quot; denunciado por la <a href=\"https:\/\/twitter.com\/ANRParaguay?ref_src=twsrc%5Etfw\">@ANRParaguay<\/a>.<br><br>\ud83d\udde3\ufe0f&quot;La pregunta es, \u00bfqu\u00e9 carajos hac\u00edan con varias bases de datos?&quot;<br><br>\ud83d\udcf6<a href=\"https:\/\/t.co\/XsJ98D8zLW\">https:\/\/t.co\/XsJ98D8zLW<\/a><a href=\"https:\/\/twitter.com\/hashtag\/ANRNuncaM%C3%A1s?src=hash&amp;ref_src=twsrc%5Etfw\">#ANRNuncaM\u00e1s<\/a><a href=\"https:\/\/twitter.com\/hashtag\/R25?src=hash&amp;ref_src=twsrc%5Etfw\">#R25<\/a> <a href=\"https:\/\/t.co\/Iu1z2Od4bW\">pic.twitter.com\/Iu1z2Od4bW<\/a><\/p>&mdash; LATITUD 25 (@EnLatitud25) <a href=\"https:\/\/twitter.com\/EnLatitud25\/status\/1421158076321878023?ref_src=twsrc%5Etfw\">July 30, 2021<\/a><\/blockquote><script async src=\"https:\/\/platform.twitter.com\/widgets.js\" charset=\"utf-8\"><\/script>\n<\/div><\/figure>\n\n\n\n<p>Explic\u00f3 que las buenas pr\u00e1cticas internacionales en cuanto a ciberseguridad hablan de un proceso de notificaci\u00f3n en caso de que ocurra un inconveniente con alguna base de datos. Insisti\u00f3 en que los responsables de la ANR, deben notificar de forma seria, no a trav\u00e9s de un tuit. <\/p>\n\n\n\n<p>&#8220;Para dejar por sentado lo que pas\u00f3, deb\u00edan hacer la denuncia, para que la Fiscal\u00eda investigue y despu\u00e9s puedan decir: &#8216;la vulneraci\u00f3n fue esto, se dio en esta parte, fue con tal acceso y con esta vulneraci\u00f3n'&#8221;, remarc\u00f3.<\/p>\n\n\n\n<figure class=\"wp-block-embed-twitter wp-block-embed is-type-rich is-provider-twitter\"><div class=\"wp-block-embed__wrapper\">\n<blockquote class=\"twitter-tweet\" data-width=\"550\" data-dnt=\"true\"><p lang=\"es\" dir=\"ltr\">\ud83d\udd18AFILIACIONES ANR\ud83d\udea9|<br><br>\ud83d\udde3\ufe0f&quot;Deber\u00edan de haber notificado esto de forma seria y no con el tuit de su apoderado (<a href=\"https:\/\/twitter.com\/ANRParaguay?ref_src=twsrc%5Etfw\">@ANRParaguay<\/a>). Deben sentar un precedente, hacer la denuncia y que el caso se investigue&quot;<br><br>\ud83c\udf99\ufe0f <a href=\"https:\/\/twitter.com\/MigueGaspar?ref_src=twsrc%5Etfw\">@MigueGaspar<\/a>, CEO de Tekhnos<br><br>\ud83d\udcf6<a href=\"https:\/\/t.co\/XsJ98D8zLW\">https:\/\/t.co\/XsJ98D8zLW<\/a><a href=\"https:\/\/twitter.com\/hashtag\/ANRNuncaM%C3%A1s?src=hash&amp;ref_src=twsrc%5Etfw\">#ANRNuncaM\u00e1s<\/a><a href=\"https:\/\/twitter.com\/hashtag\/R25?src=hash&amp;ref_src=twsrc%5Etfw\">#R25<\/a> <a href=\"https:\/\/t.co\/p1FMNnQiVa\">pic.twitter.com\/p1FMNnQiVa<\/a><\/p>&mdash; LATITUD 25 (@EnLatitud25) <a href=\"https:\/\/twitter.com\/EnLatitud25\/status\/1421162100743933956?ref_src=twsrc%5Etfw\">July 30, 2021<\/a><\/blockquote><script async src=\"https:\/\/platform.twitter.com\/widgets.js\" charset=\"utf-8\"><\/script>\n<\/div><\/figure>\n\n\n\n<p>Gaspar asegur\u00f3 que los datos est\u00e1n desprotegidos y lament\u00f3 que la ANR est\u00e9 utilizando en el ciberespacio las viejas pr\u00e1cticas de la pol\u00edtica, de echarle la culpa al tercero de algo que es irrefutable, &#8220;eso es lo interesante&#8221;, asever\u00f3. <\/p>\n\n\n\n<figure class=\"wp-block-image size-large\"><img decoding=\"async\" loading=\"lazy\" width=\"1024\" height=\"640\" src=\"https:\/\/enlatitud25.com\/news\/wp-content\/uploads\/2021\/07\/MG_6681-1024x640.jpg\" alt=\"\" class=\"wp-image-4504\" srcset=\"https:\/\/enlatitud25.com\/news\/wp-content\/uploads\/2021\/07\/MG_6681-1024x640.jpg 1024w, https:\/\/enlatitud25.com\/news\/wp-content\/uploads\/2021\/07\/MG_6681-300x188.jpg 300w, https:\/\/enlatitud25.com\/news\/wp-content\/uploads\/2021\/07\/MG_6681-768x480.jpg 768w, https:\/\/enlatitud25.com\/news\/wp-content\/uploads\/2021\/07\/MG_6681-380x238.jpg 380w, https:\/\/enlatitud25.com\/news\/wp-content\/uploads\/2021\/07\/MG_6681-800x500.jpg 800w, https:\/\/enlatitud25.com\/news\/wp-content\/uploads\/2021\/07\/MG_6681-1160x725.jpg 1160w, https:\/\/enlatitud25.com\/news\/wp-content\/uploads\/2021\/07\/MG_6681.jpg 1200w\" sizes=\"(max-width: 1024px) 100vw, 1024px\" \/><\/figure>\n\n\n\n<p style=\"font-size:22px\"><strong>&#8220;Muy rebuscado lo del ataque cibern\u00e9tico&#8221;&nbsp;<\/strong><\/p>\n\n\n\n<p>El desarrollador de software, Mat\u00edas Insaurralde, reconoci\u00f3 que el titular del Partido Colorado -Pedro Alliana- le escribi\u00f3 ayer pero afirm\u00f3 que despu\u00e9s ya no lo contactaron. &#8220;Alliana me escribi\u00f3, me dijo que su director de inform\u00e1tica estaba internado, que le iba a pasar mi contacto al resto de su departamento de inform\u00e1tica y hasta ah\u00ed nom\u00e1s qued\u00f3&#8221;, coment\u00f3.<\/p>\n\n\n\n<p>No obstante, opin\u00f3 que le parece muy rebuscado que haya sido un ataque o algo as\u00ed. &#8220;Porque finalmente es el sitio es oficial de la ANR, los datos estaban completos y el formato de la p\u00e1gina era el mismo. Probablemente decidieron poner el padr\u00f3n general, se olvidaron de cambiar el t\u00edtulo y justo la gente empez\u00f3 a revisar&#8221;, detall\u00f3. <\/p>\n\n\n\n<figure class=\"wp-block-embed-twitter wp-block-embed is-type-rich is-provider-twitter\"><div class=\"wp-block-embed__wrapper\">\n<blockquote class=\"twitter-tweet\" data-width=\"550\" data-dnt=\"true\"><p lang=\"es\" dir=\"ltr\">\u2b55\ufe0fAFILIACIONES ANR\ud83d\udea9|<br><br>\ud83d\udde3\ufe0f&quot;A m\u00ed me parece muy rebuscado que haya sido un ataque. Es el sitio oficial de la <a href=\"https:\/\/twitter.com\/ANRParaguay?ref_src=twsrc%5Etfw\">@ANRParaguay<\/a>; los datos estaban completos y el formato de la p\u00e1gina era el mismo&quot;<br><br>\ud83c\udf99\ufe0f <a href=\"https:\/\/twitter.com\/mb_ins?ref_src=twsrc%5Etfw\">@mb_ins<\/a>, desarrollador de software<br><br>\ud83d\udcf6<a href=\"https:\/\/t.co\/XsJ98D8zLW\">https:\/\/t.co\/XsJ98D8zLW<\/a><a href=\"https:\/\/twitter.com\/hashtag\/ANRNuncaM%C3%A1s?src=hash&amp;ref_src=twsrc%5Etfw\">#ANRNuncaM\u00e1s<\/a><a href=\"https:\/\/twitter.com\/hashtag\/R25?src=hash&amp;ref_src=twsrc%5Etfw\">#R25<\/a> <a href=\"https:\/\/t.co\/jlJKZzl1Wl\">pic.twitter.com\/jlJKZzl1Wl<\/a><\/p>&mdash; LATITUD 25 (@EnLatitud25) <a href=\"https:\/\/twitter.com\/EnLatitud25\/status\/1421159881734860804?ref_src=twsrc%5Etfw\">July 30, 2021<\/a><\/blockquote><script async src=\"https:\/\/platform.twitter.com\/widgets.js\" charset=\"utf-8\"><\/script>\n<\/div><\/figure>\n\n\n\n<p>Asimismo, manifest\u00f3 que si se hace una revisi\u00f3n del sistema se puede saber qu\u00e9 fue lo que ocurri\u00f3, qui\u00e9n accedi\u00f3 y qui\u00e9n puso esos datos ah\u00ed. &#8220;Lo que a mucha gente le molest\u00f3 es que el partido tenga tus datos, la idea de saber que el partido tenga tus datos, aunque no est\u00e9s afiliado&#8221;, concluy\u00f3. <\/p>\n","protected":false},"excerpt":{"rendered":"El titular de la Corte Suprema de Justicia, Alberto Mart\u00ednez; el presidente del PLRA, Efra\u00edn Alegre y la conocida conductora de TV, Menchi Barriocanal, adem\u00e1s de otras cientos de personas encontraron sus nombres en el padr\u00f3n de afiliados de la ANR. Este descubrimiento fue un boom de indignaci\u00f3n en redes sociales, mientras que el Partido Colorado aleg\u00f3 un &#8220;hackeo&#8221; de la p\u00e1gina. El especialista en ciberseguridad Miguel \u00c1ngel Gaspar critic\u00f3 el actuar de la ANR y en este material te contamos por qu\u00e9.\n","protected":false},"author":1,"featured_media":4503,"comment_status":"closed","ping_status":"closed","sticky":false,"template":"","format":"standard","meta":[],"categories":[16],"tags":[471,470,265,323,179],"ubicacion":[18],"yoast_head":"<!-- This site is optimized with the Yoast SEO plugin v20.8 - https:\/\/yoast.com\/wordpress\/plugins\/seo\/ -->\n<title>Afiliaci\u00f3n masiva: Especialista en ciberseguridad cuestiona actuar de la ANR &ndash; Latitud25<\/title>\n<meta name=\"description\" content=\"Mir\u00e1 nuestros reportajes audiovisuales y seguinos para enterarte de las \u00faltimas noticias de Paraguay y el mundo, desde la Latitud25. Somos Alternativa de Informaci\u00f3n.\" \/>\n<meta name=\"robots\" content=\"index, follow, max-snippet:-1, max-image-preview:large, max-video-preview:-1\" \/>\n<link rel=\"canonical\" href=\"https:\/\/enlatitud25.com\/news\/afiliacion-masiva-especialista-en-ciberseguridad-cuestiona-actuar-de-la-anr\/\" \/>\n<meta property=\"og:locale\" content=\"es_ES\" \/>\n<meta property=\"og:type\" content=\"article\" \/>\n<meta property=\"og:title\" content=\"Afiliaci\u00f3n masiva: Especialista en ciberseguridad cuestiona actuar de la ANR &ndash; Latitud25\" \/>\n<meta property=\"og:description\" content=\"Mir\u00e1 nuestros reportajes audiovisuales y seguinos para enterarte de las \u00faltimas noticias de Paraguay y el mundo, desde la Latitud25. Somos Alternativa de Informaci\u00f3n.\" \/>\n<meta property=\"og:url\" content=\"https:\/\/enlatitud25.com\/news\/afiliacion-masiva-especialista-en-ciberseguridad-cuestiona-actuar-de-la-anr\/\" \/>\n<meta property=\"og:site_name\" content=\"Latitud25\" \/>\n<meta property=\"article:publisher\" content=\"https:\/\/www.facebook.com\/EnLatitud25\" \/>\n<meta property=\"article:author\" content=\"https:\/\/www.facebook.com\/EnLatitud25\" \/>\n<meta property=\"article:published_time\" content=\"2021-07-30T17:58:49+00:00\" \/>\n<meta property=\"article:modified_time\" content=\"2021-07-30T18:07:21+00:00\" \/>\n<meta property=\"og:image\" content=\"https:\/\/enlatitud25.com\/news\/wp-content\/uploads\/2021\/07\/anr_afiliacion.jpg\" \/>\n\t<meta property=\"og:image:width\" content=\"800\" \/>\n\t<meta property=\"og:image:height\" content=\"500\" \/>\n\t<meta property=\"og:image:type\" content=\"image\/jpeg\" \/>\n<meta name=\"author\" content=\"Latitud 25\" \/>\n<meta name=\"twitter:card\" content=\"summary_large_image\" \/>\n<meta name=\"twitter:creator\" content=\"@EnLatitud25\" \/>\n<meta name=\"twitter:site\" content=\"@EnLatitud25\" \/>\n<meta name=\"twitter:label1\" content=\"Escrito por\" \/>\n\t<meta name=\"twitter:data1\" content=\"Latitud 25\" \/>\n\t<meta name=\"twitter:label2\" content=\"Tiempo de lectura\" \/>\n\t<meta name=\"twitter:data2\" content=\"4 minutos\" \/>\n<script type=\"application\/ld+json\" class=\"yoast-schema-graph\">{\"@context\":\"https:\/\/schema.org\",\"@graph\":[{\"@type\":\"Article\",\"@id\":\"https:\/\/enlatitud25.com\/news\/afiliacion-masiva-especialista-en-ciberseguridad-cuestiona-actuar-de-la-anr\/#article\",\"isPartOf\":{\"@id\":\"https:\/\/enlatitud25.com\/news\/afiliacion-masiva-especialista-en-ciberseguridad-cuestiona-actuar-de-la-anr\/\"},\"author\":{\"name\":\"Latitud 25\",\"@id\":\"https:\/\/enlatitud25.com\/news\/#\/schema\/person\/23aafe968917005a721b8eb760f2586e\"},\"headline\":\"Afiliaci\u00f3n masiva: Especialista en ciberseguridad cuestiona actuar de la ANR\",\"datePublished\":\"2021-07-30T17:58:49+00:00\",\"dateModified\":\"2021-07-30T18:07:21+00:00\",\"mainEntityOfPage\":{\"@id\":\"https:\/\/enlatitud25.com\/news\/afiliacion-masiva-especialista-en-ciberseguridad-cuestiona-actuar-de-la-anr\/\"},\"wordCount\":771,\"publisher\":{\"@id\":\"https:\/\/enlatitud25.com\/news\/#organization\"},\"keywords\":[\"#ANRNuncaM\u00e1s\",\"afiliaci\u00f3n masiva\",\"ANR\",\"denuncias\",\"seguridad\"],\"articleSection\":[\"Virales\"],\"inLanguage\":\"es\"},{\"@type\":\"WebPage\",\"@id\":\"https:\/\/enlatitud25.com\/news\/afiliacion-masiva-especialista-en-ciberseguridad-cuestiona-actuar-de-la-anr\/\",\"url\":\"https:\/\/enlatitud25.com\/news\/afiliacion-masiva-especialista-en-ciberseguridad-cuestiona-actuar-de-la-anr\/\",\"name\":\"Afiliaci\u00f3n masiva: Especialista en ciberseguridad cuestiona actuar de la ANR &ndash; Latitud25\",\"isPartOf\":{\"@id\":\"https:\/\/enlatitud25.com\/news\/#website\"},\"datePublished\":\"2021-07-30T17:58:49+00:00\",\"dateModified\":\"2021-07-30T18:07:21+00:00\",\"description\":\"Mir\u00e1 nuestros reportajes audiovisuales y seguinos para enterarte de las \u00faltimas noticias de Paraguay y el mundo, desde la Latitud25. Somos Alternativa de Informaci\u00f3n.\",\"breadcrumb\":{\"@id\":\"https:\/\/enlatitud25.com\/news\/afiliacion-masiva-especialista-en-ciberseguridad-cuestiona-actuar-de-la-anr\/#breadcrumb\"},\"inLanguage\":\"es\",\"potentialAction\":[{\"@type\":\"ReadAction\",\"target\":[\"https:\/\/enlatitud25.com\/news\/afiliacion-masiva-especialista-en-ciberseguridad-cuestiona-actuar-de-la-anr\/\"]}]},{\"@type\":\"BreadcrumbList\",\"@id\":\"https:\/\/enlatitud25.com\/news\/afiliacion-masiva-especialista-en-ciberseguridad-cuestiona-actuar-de-la-anr\/#breadcrumb\",\"itemListElement\":[{\"@type\":\"ListItem\",\"position\":1,\"name\":\"Home\",\"item\":\"https:\/\/enlatitud25.com\/news\/\"},{\"@type\":\"ListItem\",\"position\":2,\"name\":\"Afiliaci\u00f3n masiva: Especialista en ciberseguridad cuestiona actuar de la ANR\"}]},{\"@type\":\"WebSite\",\"@id\":\"https:\/\/enlatitud25.com\/news\/#website\",\"url\":\"https:\/\/enlatitud25.com\/news\/\",\"name\":\"Latitud25\",\"description\":\"news\",\"publisher\":{\"@id\":\"https:\/\/enlatitud25.com\/news\/#organization\"},\"potentialAction\":[{\"@type\":\"SearchAction\",\"target\":{\"@type\":\"EntryPoint\",\"urlTemplate\":\"https:\/\/enlatitud25.com\/news\/?s={search_term_string}\"},\"query-input\":\"required name=search_term_string\"}],\"inLanguage\":\"es\"},{\"@type\":\"Organization\",\"@id\":\"https:\/\/enlatitud25.com\/news\/#organization\",\"name\":\"Latitud 25 - News\",\"url\":\"https:\/\/enlatitud25.com\/news\/\",\"logo\":{\"@type\":\"ImageObject\",\"inLanguage\":\"es\",\"@id\":\"https:\/\/enlatitud25.com\/news\/#\/schema\/logo\/image\/\",\"url\":\"https:\/\/enlatitud25.com\/news\/wp-content\/uploads\/2020\/11\/logo_latitud.png\",\"contentUrl\":\"https:\/\/enlatitud25.com\/news\/wp-content\/uploads\/2020\/11\/logo_latitud.png\",\"width\":235,\"height\":39,\"caption\":\"Latitud 25 - News\"},\"image\":{\"@id\":\"https:\/\/enlatitud25.com\/news\/#\/schema\/logo\/image\/\"},\"sameAs\":[\"https:\/\/www.facebook.com\/EnLatitud25\",\"https:\/\/twitter.com\/EnLatitud25\",\"https:\/\/www.instagram.com\/enlatitud25\/\",\"https:\/\/www.youtube.com\/user\/desdelatitud25\"]},{\"@type\":\"Person\",\"@id\":\"https:\/\/enlatitud25.com\/news\/#\/schema\/person\/23aafe968917005a721b8eb760f2586e\",\"name\":\"Latitud 25\",\"sameAs\":[\"https:\/\/enlatitud25.com\/news\",\"https:\/\/www.facebook.com\/EnLatitud25\",\"https:\/\/www.instagram.com\/enlatitud25\",\"https:\/\/www.youtube.com\/user\/desdelatitud25\",\"https:\/\/soundcloud.com\/enlatitud25\"],\"url\":\"https:\/\/enlatitud25.com\/news\/author\/nnews-uss00\/\"}]}<\/script>\n<!-- \/ Yoast SEO plugin. -->","yoast_head_json":{"title":"Afiliaci\u00f3n masiva: Especialista en ciberseguridad cuestiona actuar de la ANR &ndash; Latitud25","description":"Mir\u00e1 nuestros reportajes audiovisuales y seguinos para enterarte de las \u00faltimas noticias de Paraguay y el mundo, desde la Latitud25. Somos Alternativa de Informaci\u00f3n.","robots":{"index":"index","follow":"follow","max-snippet":"max-snippet:-1","max-image-preview":"max-image-preview:large","max-video-preview":"max-video-preview:-1"},"canonical":"https:\/\/enlatitud25.com\/news\/afiliacion-masiva-especialista-en-ciberseguridad-cuestiona-actuar-de-la-anr\/","og_locale":"es_ES","og_type":"article","og_title":"Afiliaci\u00f3n masiva: Especialista en ciberseguridad cuestiona actuar de la ANR &ndash; Latitud25","og_description":"Mir\u00e1 nuestros reportajes audiovisuales y seguinos para enterarte de las \u00faltimas noticias de Paraguay y el mundo, desde la Latitud25. Somos Alternativa de Informaci\u00f3n.","og_url":"https:\/\/enlatitud25.com\/news\/afiliacion-masiva-especialista-en-ciberseguridad-cuestiona-actuar-de-la-anr\/","og_site_name":"Latitud25","article_publisher":"https:\/\/www.facebook.com\/EnLatitud25","article_author":"https:\/\/www.facebook.com\/EnLatitud25","article_published_time":"2021-07-30T17:58:49+00:00","article_modified_time":"2021-07-30T18:07:21+00:00","og_image":[{"width":800,"height":500,"url":"https:\/\/enlatitud25.com\/news\/wp-content\/uploads\/2021\/07\/anr_afiliacion.jpg","type":"image\/jpeg"}],"author":"Latitud 25","twitter_card":"summary_large_image","twitter_creator":"@EnLatitud25","twitter_site":"@EnLatitud25","twitter_misc":{"Escrito por":"Latitud 25","Tiempo de lectura":"4 minutos"},"schema":{"@context":"https:\/\/schema.org","@graph":[{"@type":"Article","@id":"https:\/\/enlatitud25.com\/news\/afiliacion-masiva-especialista-en-ciberseguridad-cuestiona-actuar-de-la-anr\/#article","isPartOf":{"@id":"https:\/\/enlatitud25.com\/news\/afiliacion-masiva-especialista-en-ciberseguridad-cuestiona-actuar-de-la-anr\/"},"author":{"name":"Latitud 25","@id":"https:\/\/enlatitud25.com\/news\/#\/schema\/person\/23aafe968917005a721b8eb760f2586e"},"headline":"Afiliaci\u00f3n masiva: Especialista en ciberseguridad cuestiona actuar de la ANR","datePublished":"2021-07-30T17:58:49+00:00","dateModified":"2021-07-30T18:07:21+00:00","mainEntityOfPage":{"@id":"https:\/\/enlatitud25.com\/news\/afiliacion-masiva-especialista-en-ciberseguridad-cuestiona-actuar-de-la-anr\/"},"wordCount":771,"publisher":{"@id":"https:\/\/enlatitud25.com\/news\/#organization"},"keywords":["#ANRNuncaM\u00e1s","afiliaci\u00f3n masiva","ANR","denuncias","seguridad"],"articleSection":["Virales"],"inLanguage":"es"},{"@type":"WebPage","@id":"https:\/\/enlatitud25.com\/news\/afiliacion-masiva-especialista-en-ciberseguridad-cuestiona-actuar-de-la-anr\/","url":"https:\/\/enlatitud25.com\/news\/afiliacion-masiva-especialista-en-ciberseguridad-cuestiona-actuar-de-la-anr\/","name":"Afiliaci\u00f3n masiva: Especialista en ciberseguridad cuestiona actuar de la ANR &ndash; Latitud25","isPartOf":{"@id":"https:\/\/enlatitud25.com\/news\/#website"},"datePublished":"2021-07-30T17:58:49+00:00","dateModified":"2021-07-30T18:07:21+00:00","description":"Mir\u00e1 nuestros reportajes audiovisuales y seguinos para enterarte de las \u00faltimas noticias de Paraguay y el mundo, desde la Latitud25. Somos Alternativa de Informaci\u00f3n.","breadcrumb":{"@id":"https:\/\/enlatitud25.com\/news\/afiliacion-masiva-especialista-en-ciberseguridad-cuestiona-actuar-de-la-anr\/#breadcrumb"},"inLanguage":"es","potentialAction":[{"@type":"ReadAction","target":["https:\/\/enlatitud25.com\/news\/afiliacion-masiva-especialista-en-ciberseguridad-cuestiona-actuar-de-la-anr\/"]}]},{"@type":"BreadcrumbList","@id":"https:\/\/enlatitud25.com\/news\/afiliacion-masiva-especialista-en-ciberseguridad-cuestiona-actuar-de-la-anr\/#breadcrumb","itemListElement":[{"@type":"ListItem","position":1,"name":"Home","item":"https:\/\/enlatitud25.com\/news\/"},{"@type":"ListItem","position":2,"name":"Afiliaci\u00f3n masiva: Especialista en ciberseguridad cuestiona actuar de la ANR"}]},{"@type":"WebSite","@id":"https:\/\/enlatitud25.com\/news\/#website","url":"https:\/\/enlatitud25.com\/news\/","name":"Latitud25","description":"news","publisher":{"@id":"https:\/\/enlatitud25.com\/news\/#organization"},"potentialAction":[{"@type":"SearchAction","target":{"@type":"EntryPoint","urlTemplate":"https:\/\/enlatitud25.com\/news\/?s={search_term_string}"},"query-input":"required name=search_term_string"}],"inLanguage":"es"},{"@type":"Organization","@id":"https:\/\/enlatitud25.com\/news\/#organization","name":"Latitud 25 - News","url":"https:\/\/enlatitud25.com\/news\/","logo":{"@type":"ImageObject","inLanguage":"es","@id":"https:\/\/enlatitud25.com\/news\/#\/schema\/logo\/image\/","url":"https:\/\/enlatitud25.com\/news\/wp-content\/uploads\/2020\/11\/logo_latitud.png","contentUrl":"https:\/\/enlatitud25.com\/news\/wp-content\/uploads\/2020\/11\/logo_latitud.png","width":235,"height":39,"caption":"Latitud 25 - News"},"image":{"@id":"https:\/\/enlatitud25.com\/news\/#\/schema\/logo\/image\/"},"sameAs":["https:\/\/www.facebook.com\/EnLatitud25","https:\/\/twitter.com\/EnLatitud25","https:\/\/www.instagram.com\/enlatitud25\/","https:\/\/www.youtube.com\/user\/desdelatitud25"]},{"@type":"Person","@id":"https:\/\/enlatitud25.com\/news\/#\/schema\/person\/23aafe968917005a721b8eb760f2586e","name":"Latitud 25","sameAs":["https:\/\/enlatitud25.com\/news","https:\/\/www.facebook.com\/EnLatitud25","https:\/\/www.instagram.com\/enlatitud25","https:\/\/www.youtube.com\/user\/desdelatitud25","https:\/\/soundcloud.com\/enlatitud25"],"url":"https:\/\/enlatitud25.com\/news\/author\/nnews-uss00\/"}]}},"_links":{"self":[{"href":"https:\/\/enlatitud25.com\/news\/wp-json\/wp\/v2\/posts\/4502"}],"collection":[{"href":"https:\/\/enlatitud25.com\/news\/wp-json\/wp\/v2\/posts"}],"about":[{"href":"https:\/\/enlatitud25.com\/news\/wp-json\/wp\/v2\/types\/post"}],"author":[{"embeddable":true,"href":"https:\/\/enlatitud25.com\/news\/wp-json\/wp\/v2\/users\/1"}],"replies":[{"embeddable":true,"href":"https:\/\/enlatitud25.com\/news\/wp-json\/wp\/v2\/comments?post=4502"}],"version-history":[{"count":5,"href":"https:\/\/enlatitud25.com\/news\/wp-json\/wp\/v2\/posts\/4502\/revisions"}],"predecessor-version":[{"id":4512,"href":"https:\/\/enlatitud25.com\/news\/wp-json\/wp\/v2\/posts\/4502\/revisions\/4512"}],"wp:featuredmedia":[{"embeddable":true,"href":"https:\/\/enlatitud25.com\/news\/wp-json\/wp\/v2\/media\/4503"}],"wp:attachment":[{"href":"https:\/\/enlatitud25.com\/news\/wp-json\/wp\/v2\/media?parent=4502"}],"wp:term":[{"taxonomy":"category","embeddable":true,"href":"https:\/\/enlatitud25.com\/news\/wp-json\/wp\/v2\/categories?post=4502"},{"taxonomy":"post_tag","embeddable":true,"href":"https:\/\/enlatitud25.com\/news\/wp-json\/wp\/v2\/tags?post=4502"},{"taxonomy":"ubicacion","embeddable":true,"href":"https:\/\/enlatitud25.com\/news\/wp-json\/wp\/v2\/ubicacion?post=4502"}],"curies":[{"name":"wp","href":"https:\/\/api.w.org\/{rel}","templated":true}]}}