{"id":4378,"date":"2021-07-23T21:23:22","date_gmt":"2021-07-23T21:23:22","guid":{"rendered":"https:\/\/enlatitud25.com\/news\/?p=4378"},"modified":"2021-07-27T14:35:38","modified_gmt":"2021-07-27T14:35:38","slug":"no-podemos-dejar-de-hablar-de-la-violencia-machista-en-politica-y-la-ley-para-erradicarla","status":"publish","type":"post","link":"https:\/\/enlatitud25.com\/news\/no-podemos-dejar-de-hablar-de-la-violencia-machista-en-politica-y-la-ley-para-erradicarla\/","title":{"rendered":"No podemos dejar de hablar de la violencia machista en pol\u00edtica y la ley para erradicarla"},"content":{"rendered":"\n<p>En nuestro pa\u00eds, la mujer tuvo derecho a votar reci\u00e9n hace 60 a\u00f1os, mientras que el sufragio a nivel mundial ya se dio hace 128. En ese camino hacia la participaci\u00f3n pol\u00edtica, todav\u00eda hace falta eliminar una serie de obst\u00e1culos para motivar la incursi\u00f3n de las mujeres en la pol\u00edtica y una de ellas es la violencia que reciben, por el solo hecho de ser mujer.<\/p>\n\n\n\n<p>Debido a varios hechos de evidente violencia o amedrentamiento hacia las mujeres en pol\u00edtica, en abril de este a\u00f1o, siete senadoras de diferentes nucleaciones pol\u00edticas presentaron un proyecto de ley para evitar que esta situaci\u00f3n se siga dando con total impunidad. <\/p>\n\n\n\n<p>La \u00fanica legisladora de la C\u00e1mara Alta que no firm\u00f3 el documento es Georgia &#8220;Nani&#8221; Arr\u00faa del Partido Patria Querida, quien respondi\u00f3 a Latitud 25, que no lo hizo porque no tuvo tiempo de leer el documento.<\/p>\n\n\n\n<p>Haciendo un ejercicio r\u00e1pido de recopilaci\u00f3n de casos de violencia pol\u00edtica, el \u00faltimo esc\u00e1ndalo es el del diputado <strong>Roberto Gonz\u00e1lez<\/strong> (ANR) quien trat\u00f3 de &#8220;<strong>putitas con escapulario<\/strong>&#8221; a sus colegas mujeres, molesto por el resurgir del #ANRNuncaM\u00e1s tras la publicaci\u00f3n del informe de Contralor\u00eda que tacha de ilegal la deuda de Itaip\u00fa. <\/p>\n\n\n\n<p><strong>Le\u00e9 tambi\u00e9n: <a href=\"https:\/\/enlatitud25.com\/news\/deuda-ilegal-y-feroz-estafa-informe-de-contraloria-revelaria-abuso-de-brasil\/\">\u00bfDeuda Ilegal y Feroz Estafa?: Informe de Contralor\u00eda revelar\u00eda abuso de Brasil<\/a><\/strong><\/p>\n\n\n\n<figure class=\"wp-block-embed-twitter wp-block-embed is-type-rich is-provider-twitter\"><div class=\"wp-block-embed__wrapper\">\n<blockquote class=\"twitter-tweet\" data-width=\"550\" data-dnt=\"true\"><p lang=\"es\" dir=\"ltr\">\u2b55\ufe0fTENSI\u00d3N EN DIPUTADOS |<br><br>\ud83d\udca5Fuerte cruce de palabras entre los diputados Roberto Eudes Gonz\u00e1lez (<a href=\"https:\/\/twitter.com\/robertogonzadip?ref_src=twsrc%5Etfw\">@robertogonzadip<\/a>) <a href=\"https:\/\/twitter.com\/hashtag\/ANR?src=hash&amp;ref_src=twsrc%5Etfw\">#ANR<\/a> y Celeste Amarilla (<a href=\"https:\/\/twitter.com\/CelesteDiputada?ref_src=twsrc%5Etfw\">@CelesteDiputada<\/a>) <a href=\"https:\/\/twitter.com\/hashtag\/PLRA?src=hash&amp;ref_src=twsrc%5Etfw\">#PLRA<\/a><br><br>\ud83d\udde3\ufe0f&quot;Aborrezco a las putitas con escapulario. Respeto m\u00e1s a las putitas revoloteando carteras&quot;, aludi\u00f3 Gonz\u00e1lez<a href=\"https:\/\/twitter.com\/hashtag\/L25?src=hash&amp;ref_src=twsrc%5Etfw\">#L25<\/a> <a href=\"https:\/\/t.co\/GtFy1uH5xR\">pic.twitter.com\/GtFy1uH5xR<\/a><\/p>&mdash; LATITUD 25 (@EnLatitud25) <a href=\"https:\/\/twitter.com\/EnLatitud25\/status\/1417858824795574283?ref_src=twsrc%5Etfw\">July 21, 2021<\/a><\/blockquote><script async src=\"https:\/\/platform.twitter.com\/widgets.js\" charset=\"utf-8\"><\/script>\n<\/div><\/figure>\n\n\n\n<p>Las diputadas <strong>Celeste Amarilla <\/strong>(PLRA) y <strong>Kattya Gonz\u00e1lez <\/strong>(PEN), quienes vienen encabezando la presi\u00f3n pol\u00edtica para lograr la auditor\u00eda de las binacionales, responsabilizaron directamente al <strong>Partido Colorado<\/strong> de la estafa y posterior robo sistem\u00e1tico al pueblo paraguayo. Esto gener\u00f3 la airada reacci\u00f3n mis\u00f3gina del diputado Gonz\u00e1lez.<\/p>\n\n\n\n<p>Tambi\u00e9n se hab\u00eda registrado un hecho similar cuando el diputado <strong>Colym Soroka <\/strong>(ANR) trat\u00f3 de &#8220;Maria&#8217;i&#8221; a quienes impulsaron la interpelaci\u00f3n a <strong>Juan Ernesto Villamayor<\/strong>, cuando este se desempe\u00f1aba como jefe de Gabinete de la Presidencia.<\/p>\n\n\n\n<p>Cabe recordar, que Mar\u00eda\u2019i es un t\u00e9rmino que se utiliza despectivamente en Paraguay para referirse a mujeres que son utilizadas como objeto sexual. En algunos casos, para hacer referencia a mujeres, ni\u00f1as o adultas, que son explotadas a trav\u00e9s del trabajo dom\u00e9stico y abusadas sexualmente.<\/p>\n\n\n\n<p style=\"font-size:22px\"><strong>\u00bfAdem\u00e1s de estos casos, en qu\u00e9 consiste la violencia pol\u00edtica?<\/strong><\/p>\n\n\n\n<p>Para abordar esta cuesti\u00f3n, Latitud 25 convers\u00f3 con la <strong>Dra. Lilian Soto<\/strong>, pol\u00edtica y activista, parte del grupo de mujeres que particip\u00f3 en la elaboraci\u00f3n del mencionado proyecto de ley.<\/p>\n\n\n\n<figure class=\"wp-block-image size-large\"><img decoding=\"async\" loading=\"lazy\" width=\"1024\" height=\"524\" src=\"https:\/\/enlatitud25.com\/news\/wp-content\/uploads\/2021\/07\/Captura-de-Pantalla-2021-07-23-a-las-17.04.28-1024x524.png\" alt=\"\" class=\"wp-image-4402\" srcset=\"https:\/\/enlatitud25.com\/news\/wp-content\/uploads\/2021\/07\/Captura-de-Pantalla-2021-07-23-a-las-17.04.28-1024x524.png 1024w, https:\/\/enlatitud25.com\/news\/wp-content\/uploads\/2021\/07\/Captura-de-Pantalla-2021-07-23-a-las-17.04.28-300x153.png 300w, https:\/\/enlatitud25.com\/news\/wp-content\/uploads\/2021\/07\/Captura-de-Pantalla-2021-07-23-a-las-17.04.28-768x393.png 768w, https:\/\/enlatitud25.com\/news\/wp-content\/uploads\/2021\/07\/Captura-de-Pantalla-2021-07-23-a-las-17.04.28-1536x786.png 1536w, https:\/\/enlatitud25.com\/news\/wp-content\/uploads\/2021\/07\/Captura-de-Pantalla-2021-07-23-a-las-17.04.28-2048x1048.png 2048w, https:\/\/enlatitud25.com\/news\/wp-content\/uploads\/2021\/07\/Captura-de-Pantalla-2021-07-23-a-las-17.04.28-380x194.png 380w, https:\/\/enlatitud25.com\/news\/wp-content\/uploads\/2021\/07\/Captura-de-Pantalla-2021-07-23-a-las-17.04.28-800x409.png 800w, https:\/\/enlatitud25.com\/news\/wp-content\/uploads\/2021\/07\/Captura-de-Pantalla-2021-07-23-a-las-17.04.28-1160x593.png 1160w, https:\/\/enlatitud25.com\/news\/wp-content\/uploads\/2021\/07\/Captura-de-Pantalla-2021-07-23-a-las-17.04.28.png 2862w\" sizes=\"(max-width: 1024px) 100vw, 1024px\" \/><figcaption>Lilian Soto en entrevista en Lomitos y Leyendas con Fede Fil\u00e1rtiga, por Latitud25 (Archivo)<\/figcaption><\/figure>\n\n\n\n<p>Soto explic\u00f3 que hay todo un an\u00e1lisis de lo que es la <strong>cultura machista<\/strong> y <strong>patriarcal<\/strong> con la divisi\u00f3n sexual del trabajo, que es uno de los elementos principales: las mujeres en la casa y los hombres en lo p\u00fablico.<\/p>\n\n\n\n<p>Otro elemento, es que cuando las mujeres van incursionando en la pol\u00edtica, se le presentan muchos conflictos para su participaci\u00f3n. <\/p>\n\n\n\n<p>Lo que juzgan en las mujeres \u2013prosigui\u00f3\u2013 es su vida sexual, su apariencia y aquellas cuestiones que se refieren a su vida familiar. <\/p>\n\n\n\n<p>&#8220;Eso se manifiesta verbalmente, por una parte, con agresiones verbales, que es lo\u00a0que \u00faltimamente estamos viviendo\u00a0en el gran escenario del Parlamento nacional, eso es lo que te muestra. Nadie se va y le pega a su colega parlamentaria, pero utilizan un lenguaje que las <strong>discrimina<\/strong> y las <strong>disminuy<\/strong>e, que busca interiorizarlas y colocarlas en el rol de lo que hist\u00f3ricamente le asign\u00f3 la sociedad a las mujeres, las mujeres como objetos sexuales, las mujeres como las responsables del hogar y punto&#8221;, remarc\u00f3. <\/p>\n\n\n\n<figure class=\"wp-block-image size-large\"><img decoding=\"async\" loading=\"lazy\" width=\"1024\" height=\"519\" src=\"https:\/\/enlatitud25.com\/news\/wp-content\/uploads\/2021\/07\/Captura-de-Pantalla-2021-07-23-a-las-17.08.43-1024x519.png\" alt=\"\" class=\"wp-image-4403\" srcset=\"https:\/\/enlatitud25.com\/news\/wp-content\/uploads\/2021\/07\/Captura-de-Pantalla-2021-07-23-a-las-17.08.43-1024x519.png 1024w, https:\/\/enlatitud25.com\/news\/wp-content\/uploads\/2021\/07\/Captura-de-Pantalla-2021-07-23-a-las-17.08.43-300x152.png 300w, https:\/\/enlatitud25.com\/news\/wp-content\/uploads\/2021\/07\/Captura-de-Pantalla-2021-07-23-a-las-17.08.43-768x389.png 768w, https:\/\/enlatitud25.com\/news\/wp-content\/uploads\/2021\/07\/Captura-de-Pantalla-2021-07-23-a-las-17.08.43-1536x778.png 1536w, https:\/\/enlatitud25.com\/news\/wp-content\/uploads\/2021\/07\/Captura-de-Pantalla-2021-07-23-a-las-17.08.43-2048x1038.png 2048w, https:\/\/enlatitud25.com\/news\/wp-content\/uploads\/2021\/07\/Captura-de-Pantalla-2021-07-23-a-las-17.08.43-380x193.png 380w, https:\/\/enlatitud25.com\/news\/wp-content\/uploads\/2021\/07\/Captura-de-Pantalla-2021-07-23-a-las-17.08.43-800x405.png 800w, https:\/\/enlatitud25.com\/news\/wp-content\/uploads\/2021\/07\/Captura-de-Pantalla-2021-07-23-a-las-17.08.43-1160x588.png 1160w, https:\/\/enlatitud25.com\/news\/wp-content\/uploads\/2021\/07\/Captura-de-Pantalla-2021-07-23-a-las-17.08.43.png 2870w\" sizes=\"(max-width: 1024px) 100vw, 1024px\" \/><figcaption>Lilian Soto en entrevista en Lomitos y Leyendas con Fede Fil\u00e1rtiga, por Latitud25 (Archivo)<\/figcaption><\/figure>\n\n\n\n<p>Entonces, agreg\u00f3 que tambi\u00e9n es una agresi\u00f3n que pregunten a una mujer, por dar un ejemplo, si es multiorg\u00e1smica o no. Record\u00f3 que cuando una mujer est\u00e1 incursionando en la pol\u00edtica, a los entrevistadores, no les tiene por qu\u00e9 importar sus relaciones personales o su vida \u00edntima, sino m\u00e1s bien sus propuestas pol\u00edticas. <\/p>\n\n\n\n<p>&#8220;Ese tipo de situaciones solo sucede con las mujeres, y de eso se trata de la<strong> violencia de g\u00e9nero<\/strong> en la pol\u00edtica, pero hay otros casos m\u00e1s graves: cuando hay acoso sexual o cuando hay amenaza. Sucedieron dos casos en Paraguay con la intendenta de Nueva Colombia (en un atentado contra su vida) y una candidata (a qui\u00e9n amenazaron de que no siga con su candidatura)&#8221;, referenci\u00f3. <\/p>\n\n\n\n<p style=\"font-size:22px\"><strong>\u00bfQu\u00e9 plantea la ley?<\/strong><\/p>\n\n\n\n<p>El documento tipifica los tipos de violencia hacia la mujer en pol\u00edtica como: manifestaciones<strong> leves<\/strong>, <strong>graves<\/strong> y <strong>grav\u00edsimas<\/strong>, que van desde impedir su participaci\u00f3n, proporcionar datos falsos sobre las mujeres que participan en pol\u00edtica hasta amenazar o intimidarlas. Tambi\u00e9n se\u00f1ala otras manifestaciones que configuran como<strong> hechos punibles<\/strong>. <\/p>\n\n\n\n<p>Justamente el objetivo de hacer esta distinci\u00f3n de manifestaciones de violencia es aplicar sanciones. <\/p>\n\n\n\n<figure class=\"wp-block-embed-twitter wp-block-embed is-type-rich is-provider-twitter\"><div class=\"wp-block-embed__wrapper\">\n<blockquote class=\"twitter-tweet\" data-width=\"550\" data-dnt=\"true\"><p lang=\"es\" dir=\"ltr\">\ud83e\udd14\ud83d\udcad| \u00bfCre\u00e9s que <a href=\"https:\/\/twitter.com\/DiputadosPy?ref_src=twsrc%5Etfw\">@DiputadosPy<\/a> debe sancionar a @SorokaColym por tratar de &quot;Maria&#39;i&quot; a sus colegas?<br><br>\u00bfPor qu\u00e9?    No           S\u00ed<br> \ud83d\udc47\ud83c\udffb               \ud83d\udc47\ud83c\udffb            \ud83d\udc47\ud83c\udffb<\/p>&mdash; LATITUD 25 (@EnLatitud25) <a href=\"https:\/\/twitter.com\/EnLatitud25\/status\/1349746131778101249?ref_src=twsrc%5Etfw\">January 14, 2021<\/a><\/blockquote><script async src=\"https:\/\/platform.twitter.com\/widgets.js\" charset=\"utf-8\"><\/script>\n<\/div><\/figure>\n\n\n\n<p>&#8220;Las manifestaciones de violencia pol\u00edtica contra las mujeres en razones de g\u00e9nero, conforme su gravedad, ser\u00e1n penalizadas a trav\u00e9s de sanciones<strong> administrativas<\/strong>, <strong>disciplinarias<\/strong> o<strong> electorales<\/strong> seg\u00fan corresponda&#8221;, se\u00f1ala la ley. <\/p>\n\n\n\n<p>Estas sanciones se pueden dar desde una amonestaci\u00f3n escrita, hasta suspensiones sin goce de sueldo e inhabilitaciones en el cargo, mientras que, aquellas que configuran un hecho punible ir\u00e1n por el camino penal.<\/p>\n\n\n\n<p>Soto recalc\u00f3 que mientras no se combate esta violencia, cada vez restringimos m\u00e1s la posibilidad de las mujeres de militar en la pol\u00edtica, de candidatarse y de ocupar espacios de poder pol\u00edtico. <\/p>\n\n\n\n<p><\/p>\n","protected":false},"excerpt":{"rendered":"Los hechos de violencia verbal en el Congreso hacia las legisladoras, reabren el debate sobre la necesidad de erradicar la violencia sistem\u00e1tica que sufren las mujeres en pol\u00edtica. En el Parlamento, ya se present\u00f3 un proyecto de ley que busca prevenir y sancionar este tipo de agresiones. Te mostramos por qu\u00e9 Paraguay necesita de una ley como esta.\n","protected":false},"author":1,"featured_media":4383,"comment_status":"closed","ping_status":"closed","sticky":false,"template":"","format":"standard","meta":[],"categories":[13],"tags":[448,91,449,168,74],"ubicacion":[17],"yoast_head":"<!-- This site is optimized with the Yoast SEO plugin v20.8 - https:\/\/yoast.com\/wordpress\/plugins\/seo\/ -->\n<title>No podemos dejar de hablar de la violencia machista en pol\u00edtica y la ley para erradicarla &ndash; Latitud25<\/title>\n<meta name=\"description\" content=\"Mir\u00e1 nuestros reportajes audiovisuales y seguinos para enterarte de las \u00faltimas noticias de Paraguay y el mundo, desde la Latitud25. Somos Alternativa de Informaci\u00f3n.\" \/>\n<meta name=\"robots\" content=\"index, follow, max-snippet:-1, max-image-preview:large, max-video-preview:-1\" \/>\n<link rel=\"canonical\" href=\"https:\/\/enlatitud25.com\/news\/no-podemos-dejar-de-hablar-de-la-violencia-machista-en-politica-y-la-ley-para-erradicarla\/\" \/>\n<meta property=\"og:locale\" content=\"es_ES\" \/>\n<meta property=\"og:type\" content=\"article\" \/>\n<meta property=\"og:title\" content=\"No podemos dejar de hablar de la violencia machista en pol\u00edtica y la ley para erradicarla &ndash; Latitud25\" \/>\n<meta property=\"og:description\" content=\"Mir\u00e1 nuestros reportajes audiovisuales y seguinos para enterarte de las \u00faltimas noticias de Paraguay y el mundo, desde la Latitud25. Somos Alternativa de Informaci\u00f3n.\" \/>\n<meta property=\"og:url\" content=\"https:\/\/enlatitud25.com\/news\/no-podemos-dejar-de-hablar-de-la-violencia-machista-en-politica-y-la-ley-para-erradicarla\/\" \/>\n<meta property=\"og:site_name\" content=\"Latitud25\" \/>\n<meta property=\"article:publisher\" content=\"https:\/\/www.facebook.com\/EnLatitud25\" \/>\n<meta property=\"article:author\" content=\"https:\/\/www.facebook.com\/EnLatitud25\" \/>\n<meta property=\"article:published_time\" content=\"2021-07-23T21:23:22+00:00\" \/>\n<meta property=\"article:modified_time\" content=\"2021-07-27T14:35:38+00:00\" \/>\n<meta property=\"og:image\" content=\"https:\/\/enlatitud25.com\/news\/wp-content\/uploads\/2021\/07\/mujeres_politica.jpg\" \/>\n\t<meta property=\"og:image:width\" content=\"800\" \/>\n\t<meta property=\"og:image:height\" content=\"500\" \/>\n\t<meta property=\"og:image:type\" content=\"image\/jpeg\" \/>\n<meta name=\"author\" content=\"Latitud 25\" \/>\n<meta name=\"twitter:card\" content=\"summary_large_image\" \/>\n<meta name=\"twitter:creator\" content=\"@EnLatitud25\" \/>\n<meta name=\"twitter:site\" content=\"@EnLatitud25\" \/>\n<meta name=\"twitter:label1\" content=\"Escrito por\" \/>\n\t<meta name=\"twitter:data1\" content=\"Latitud 25\" \/>\n\t<meta name=\"twitter:label2\" content=\"Tiempo de lectura\" \/>\n\t<meta name=\"twitter:data2\" content=\"5 minutos\" \/>\n<script type=\"application\/ld+json\" class=\"yoast-schema-graph\">{\"@context\":\"https:\/\/schema.org\",\"@graph\":[{\"@type\":\"Article\",\"@id\":\"https:\/\/enlatitud25.com\/news\/no-podemos-dejar-de-hablar-de-la-violencia-machista-en-politica-y-la-ley-para-erradicarla\/#article\",\"isPartOf\":{\"@id\":\"https:\/\/enlatitud25.com\/news\/no-podemos-dejar-de-hablar-de-la-violencia-machista-en-politica-y-la-ley-para-erradicarla\/\"},\"author\":{\"name\":\"Latitud 25\",\"@id\":\"https:\/\/enlatitud25.com\/news\/#\/schema\/person\/23aafe968917005a721b8eb760f2586e\"},\"headline\":\"No podemos dejar de hablar de la violencia machista en pol\u00edtica y la ley para erradicarla\",\"datePublished\":\"2021-07-23T21:23:22+00:00\",\"dateModified\":\"2021-07-27T14:35:38+00:00\",\"mainEntityOfPage\":{\"@id\":\"https:\/\/enlatitud25.com\/news\/no-podemos-dejar-de-hablar-de-la-violencia-machista-en-politica-y-la-ley-para-erradicarla\/\"},\"wordCount\":960,\"publisher\":{\"@id\":\"https:\/\/enlatitud25.com\/news\/#organization\"},\"keywords\":[\"lucha\",\"mujer\",\"participaci\u00f3n\",\"Pol\u00edtica\",\"violencia\"],\"articleSection\":[\"Pol\u00edtica\"],\"inLanguage\":\"es\"},{\"@type\":\"WebPage\",\"@id\":\"https:\/\/enlatitud25.com\/news\/no-podemos-dejar-de-hablar-de-la-violencia-machista-en-politica-y-la-ley-para-erradicarla\/\",\"url\":\"https:\/\/enlatitud25.com\/news\/no-podemos-dejar-de-hablar-de-la-violencia-machista-en-politica-y-la-ley-para-erradicarla\/\",\"name\":\"No podemos dejar de hablar de la violencia machista en pol\u00edtica y la ley para erradicarla &ndash; Latitud25\",\"isPartOf\":{\"@id\":\"https:\/\/enlatitud25.com\/news\/#website\"},\"datePublished\":\"2021-07-23T21:23:22+00:00\",\"dateModified\":\"2021-07-27T14:35:38+00:00\",\"description\":\"Mir\u00e1 nuestros reportajes audiovisuales y seguinos para enterarte de las \u00faltimas noticias de Paraguay y el mundo, desde la Latitud25. Somos Alternativa de Informaci\u00f3n.\",\"breadcrumb\":{\"@id\":\"https:\/\/enlatitud25.com\/news\/no-podemos-dejar-de-hablar-de-la-violencia-machista-en-politica-y-la-ley-para-erradicarla\/#breadcrumb\"},\"inLanguage\":\"es\",\"potentialAction\":[{\"@type\":\"ReadAction\",\"target\":[\"https:\/\/enlatitud25.com\/news\/no-podemos-dejar-de-hablar-de-la-violencia-machista-en-politica-y-la-ley-para-erradicarla\/\"]}]},{\"@type\":\"BreadcrumbList\",\"@id\":\"https:\/\/enlatitud25.com\/news\/no-podemos-dejar-de-hablar-de-la-violencia-machista-en-politica-y-la-ley-para-erradicarla\/#breadcrumb\",\"itemListElement\":[{\"@type\":\"ListItem\",\"position\":1,\"name\":\"Home\",\"item\":\"https:\/\/enlatitud25.com\/news\/\"},{\"@type\":\"ListItem\",\"position\":2,\"name\":\"No podemos dejar de hablar de la violencia machista en pol\u00edtica y la ley para erradicarla\"}]},{\"@type\":\"WebSite\",\"@id\":\"https:\/\/enlatitud25.com\/news\/#website\",\"url\":\"https:\/\/enlatitud25.com\/news\/\",\"name\":\"Latitud25\",\"description\":\"news\",\"publisher\":{\"@id\":\"https:\/\/enlatitud25.com\/news\/#organization\"},\"potentialAction\":[{\"@type\":\"SearchAction\",\"target\":{\"@type\":\"EntryPoint\",\"urlTemplate\":\"https:\/\/enlatitud25.com\/news\/?s={search_term_string}\"},\"query-input\":\"required name=search_term_string\"}],\"inLanguage\":\"es\"},{\"@type\":\"Organization\",\"@id\":\"https:\/\/enlatitud25.com\/news\/#organization\",\"name\":\"Latitud 25 - News\",\"url\":\"https:\/\/enlatitud25.com\/news\/\",\"logo\":{\"@type\":\"ImageObject\",\"inLanguage\":\"es\",\"@id\":\"https:\/\/enlatitud25.com\/news\/#\/schema\/logo\/image\/\",\"url\":\"https:\/\/enlatitud25.com\/news\/wp-content\/uploads\/2020\/11\/logo_latitud.png\",\"contentUrl\":\"https:\/\/enlatitud25.com\/news\/wp-content\/uploads\/2020\/11\/logo_latitud.png\",\"width\":235,\"height\":39,\"caption\":\"Latitud 25 - News\"},\"image\":{\"@id\":\"https:\/\/enlatitud25.com\/news\/#\/schema\/logo\/image\/\"},\"sameAs\":[\"https:\/\/www.facebook.com\/EnLatitud25\",\"https:\/\/twitter.com\/EnLatitud25\",\"https:\/\/www.instagram.com\/enlatitud25\/\",\"https:\/\/www.youtube.com\/user\/desdelatitud25\"]},{\"@type\":\"Person\",\"@id\":\"https:\/\/enlatitud25.com\/news\/#\/schema\/person\/23aafe968917005a721b8eb760f2586e\",\"name\":\"Latitud 25\",\"sameAs\":[\"https:\/\/enlatitud25.com\/news\",\"https:\/\/www.facebook.com\/EnLatitud25\",\"https:\/\/www.instagram.com\/enlatitud25\",\"https:\/\/www.youtube.com\/user\/desdelatitud25\",\"https:\/\/soundcloud.com\/enlatitud25\"],\"url\":\"https:\/\/enlatitud25.com\/news\/author\/nnews-uss00\/\"}]}<\/script>\n<!-- \/ Yoast SEO plugin. -->","yoast_head_json":{"title":"No podemos dejar de hablar de la violencia machista en pol\u00edtica y la ley para erradicarla &ndash; Latitud25","description":"Mir\u00e1 nuestros reportajes audiovisuales y seguinos para enterarte de las \u00faltimas noticias de Paraguay y el mundo, desde la Latitud25. Somos Alternativa de Informaci\u00f3n.","robots":{"index":"index","follow":"follow","max-snippet":"max-snippet:-1","max-image-preview":"max-image-preview:large","max-video-preview":"max-video-preview:-1"},"canonical":"https:\/\/enlatitud25.com\/news\/no-podemos-dejar-de-hablar-de-la-violencia-machista-en-politica-y-la-ley-para-erradicarla\/","og_locale":"es_ES","og_type":"article","og_title":"No podemos dejar de hablar de la violencia machista en pol\u00edtica y la ley para erradicarla &ndash; Latitud25","og_description":"Mir\u00e1 nuestros reportajes audiovisuales y seguinos para enterarte de las \u00faltimas noticias de Paraguay y el mundo, desde la Latitud25. Somos Alternativa de Informaci\u00f3n.","og_url":"https:\/\/enlatitud25.com\/news\/no-podemos-dejar-de-hablar-de-la-violencia-machista-en-politica-y-la-ley-para-erradicarla\/","og_site_name":"Latitud25","article_publisher":"https:\/\/www.facebook.com\/EnLatitud25","article_author":"https:\/\/www.facebook.com\/EnLatitud25","article_published_time":"2021-07-23T21:23:22+00:00","article_modified_time":"2021-07-27T14:35:38+00:00","og_image":[{"width":800,"height":500,"url":"https:\/\/enlatitud25.com\/news\/wp-content\/uploads\/2021\/07\/mujeres_politica.jpg","type":"image\/jpeg"}],"author":"Latitud 25","twitter_card":"summary_large_image","twitter_creator":"@EnLatitud25","twitter_site":"@EnLatitud25","twitter_misc":{"Escrito por":"Latitud 25","Tiempo de lectura":"5 minutos"},"schema":{"@context":"https:\/\/schema.org","@graph":[{"@type":"Article","@id":"https:\/\/enlatitud25.com\/news\/no-podemos-dejar-de-hablar-de-la-violencia-machista-en-politica-y-la-ley-para-erradicarla\/#article","isPartOf":{"@id":"https:\/\/enlatitud25.com\/news\/no-podemos-dejar-de-hablar-de-la-violencia-machista-en-politica-y-la-ley-para-erradicarla\/"},"author":{"name":"Latitud 25","@id":"https:\/\/enlatitud25.com\/news\/#\/schema\/person\/23aafe968917005a721b8eb760f2586e"},"headline":"No podemos dejar de hablar de la violencia machista en pol\u00edtica y la ley para erradicarla","datePublished":"2021-07-23T21:23:22+00:00","dateModified":"2021-07-27T14:35:38+00:00","mainEntityOfPage":{"@id":"https:\/\/enlatitud25.com\/news\/no-podemos-dejar-de-hablar-de-la-violencia-machista-en-politica-y-la-ley-para-erradicarla\/"},"wordCount":960,"publisher":{"@id":"https:\/\/enlatitud25.com\/news\/#organization"},"keywords":["lucha","mujer","participaci\u00f3n","Pol\u00edtica","violencia"],"articleSection":["Pol\u00edtica"],"inLanguage":"es"},{"@type":"WebPage","@id":"https:\/\/enlatitud25.com\/news\/no-podemos-dejar-de-hablar-de-la-violencia-machista-en-politica-y-la-ley-para-erradicarla\/","url":"https:\/\/enlatitud25.com\/news\/no-podemos-dejar-de-hablar-de-la-violencia-machista-en-politica-y-la-ley-para-erradicarla\/","name":"No podemos dejar de hablar de la violencia machista en pol\u00edtica y la ley para erradicarla &ndash; Latitud25","isPartOf":{"@id":"https:\/\/enlatitud25.com\/news\/#website"},"datePublished":"2021-07-23T21:23:22+00:00","dateModified":"2021-07-27T14:35:38+00:00","description":"Mir\u00e1 nuestros reportajes audiovisuales y seguinos para enterarte de las \u00faltimas noticias de Paraguay y el mundo, desde la Latitud25. Somos Alternativa de Informaci\u00f3n.","breadcrumb":{"@id":"https:\/\/enlatitud25.com\/news\/no-podemos-dejar-de-hablar-de-la-violencia-machista-en-politica-y-la-ley-para-erradicarla\/#breadcrumb"},"inLanguage":"es","potentialAction":[{"@type":"ReadAction","target":["https:\/\/enlatitud25.com\/news\/no-podemos-dejar-de-hablar-de-la-violencia-machista-en-politica-y-la-ley-para-erradicarla\/"]}]},{"@type":"BreadcrumbList","@id":"https:\/\/enlatitud25.com\/news\/no-podemos-dejar-de-hablar-de-la-violencia-machista-en-politica-y-la-ley-para-erradicarla\/#breadcrumb","itemListElement":[{"@type":"ListItem","position":1,"name":"Home","item":"https:\/\/enlatitud25.com\/news\/"},{"@type":"ListItem","position":2,"name":"No podemos dejar de hablar de la violencia machista en pol\u00edtica y la ley para erradicarla"}]},{"@type":"WebSite","@id":"https:\/\/enlatitud25.com\/news\/#website","url":"https:\/\/enlatitud25.com\/news\/","name":"Latitud25","description":"news","publisher":{"@id":"https:\/\/enlatitud25.com\/news\/#organization"},"potentialAction":[{"@type":"SearchAction","target":{"@type":"EntryPoint","urlTemplate":"https:\/\/enlatitud25.com\/news\/?s={search_term_string}"},"query-input":"required name=search_term_string"}],"inLanguage":"es"},{"@type":"Organization","@id":"https:\/\/enlatitud25.com\/news\/#organization","name":"Latitud 25 - News","url":"https:\/\/enlatitud25.com\/news\/","logo":{"@type":"ImageObject","inLanguage":"es","@id":"https:\/\/enlatitud25.com\/news\/#\/schema\/logo\/image\/","url":"https:\/\/enlatitud25.com\/news\/wp-content\/uploads\/2020\/11\/logo_latitud.png","contentUrl":"https:\/\/enlatitud25.com\/news\/wp-content\/uploads\/2020\/11\/logo_latitud.png","width":235,"height":39,"caption":"Latitud 25 - News"},"image":{"@id":"https:\/\/enlatitud25.com\/news\/#\/schema\/logo\/image\/"},"sameAs":["https:\/\/www.facebook.com\/EnLatitud25","https:\/\/twitter.com\/EnLatitud25","https:\/\/www.instagram.com\/enlatitud25\/","https:\/\/www.youtube.com\/user\/desdelatitud25"]},{"@type":"Person","@id":"https:\/\/enlatitud25.com\/news\/#\/schema\/person\/23aafe968917005a721b8eb760f2586e","name":"Latitud 25","sameAs":["https:\/\/enlatitud25.com\/news","https:\/\/www.facebook.com\/EnLatitud25","https:\/\/www.instagram.com\/enlatitud25","https:\/\/www.youtube.com\/user\/desdelatitud25","https:\/\/soundcloud.com\/enlatitud25"],"url":"https:\/\/enlatitud25.com\/news\/author\/nnews-uss00\/"}]}},"_links":{"self":[{"href":"https:\/\/enlatitud25.com\/news\/wp-json\/wp\/v2\/posts\/4378"}],"collection":[{"href":"https:\/\/enlatitud25.com\/news\/wp-json\/wp\/v2\/posts"}],"about":[{"href":"https:\/\/enlatitud25.com\/news\/wp-json\/wp\/v2\/types\/post"}],"author":[{"embeddable":true,"href":"https:\/\/enlatitud25.com\/news\/wp-json\/wp\/v2\/users\/1"}],"replies":[{"embeddable":true,"href":"https:\/\/enlatitud25.com\/news\/wp-json\/wp\/v2\/comments?post=4378"}],"version-history":[{"count":16,"href":"https:\/\/enlatitud25.com\/news\/wp-json\/wp\/v2\/posts\/4378\/revisions"}],"predecessor-version":[{"id":4434,"href":"https:\/\/enlatitud25.com\/news\/wp-json\/wp\/v2\/posts\/4378\/revisions\/4434"}],"wp:featuredmedia":[{"embeddable":true,"href":"https:\/\/enlatitud25.com\/news\/wp-json\/wp\/v2\/media\/4383"}],"wp:attachment":[{"href":"https:\/\/enlatitud25.com\/news\/wp-json\/wp\/v2\/media?parent=4378"}],"wp:term":[{"taxonomy":"category","embeddable":true,"href":"https:\/\/enlatitud25.com\/news\/wp-json\/wp\/v2\/categories?post=4378"},{"taxonomy":"post_tag","embeddable":true,"href":"https:\/\/enlatitud25.com\/news\/wp-json\/wp\/v2\/tags?post=4378"},{"taxonomy":"ubicacion","embeddable":true,"href":"https:\/\/enlatitud25.com\/news\/wp-json\/wp\/v2\/ubicacion?post=4378"}],"curies":[{"name":"wp","href":"https:\/\/api.w.org\/{rel}","templated":true}]}}