{"id":4330,"date":"2021-07-28T16:36:11","date_gmt":"2021-07-28T16:36:11","guid":{"rendered":"https:\/\/enlatitud25.com\/news\/?p=4330"},"modified":"2021-07-28T16:47:16","modified_gmt":"2021-07-28T16:47:16","slug":"el-trastorno-de-ansiedad-no-tratado-puede-generar-discapacidad","status":"publish","type":"post","link":"https:\/\/enlatitud25.com\/news\/el-trastorno-de-ansiedad-no-tratado-puede-generar-discapacidad\/","title":{"rendered":"El trastorno de ansiedad no tratado puede generar discapacidad"},"content":{"rendered":"\n<p><\/p>\n\n\n\n<p>La multigalardonada gimnasta estadounidense Simone Biles, reconocida como la gimnasta m\u00e1s condecorada de la historia con cuatro medallas de oro en R\u00edo 2016 y\u00a0diez veces campeona del mundo en diferentes disciplinas, lleg\u00f3 a todas las finales en Tokyo 2020 pero declin\u00f3 de ellas, argumentando que prefer\u00eda concentrarse en su salud mental y evitar ceder a la gran presi\u00f3n que reca\u00eda sobre ella. <\/p>\n\n\n\n<p>Biles se retir\u00f3 tras sufrir un episodio de ansiedad que en muchos casos puede ser discapacitante. Esta decisi\u00f3n, seg\u00fan manifest\u00f3, se enmarca en el enorme stress que le genera la sobreexposici\u00f3n medi\u00e1tica y las expectativas que tiene el p\u00fablico, los sponsors y las autoridades deportivas hacia su desempe\u00f1o en esta justa deportiva.<\/p>\n\n\n\n<p>Este trastorno es m\u00e1s o menos severo seg\u00fan diversos factores, pero definitivamente puede ser m\u00e1s com\u00fan de lo que parece.<\/p>\n\n\n\n<p style=\"font-size:22px\"><strong>\u00bfC\u00f3mo andamos por casa?<\/strong><\/p>\n\n\n\n<p>El <strong>trastorno de ansiedad<\/strong> fue una de las enfermedades incluidas en el esquema de vacunaci\u00f3n de Paraguay, cuando se prioriz\u00f3 a las personas con factores de riesgo.&nbsp;&nbsp;<\/p>\n\n\n\n<p>Si bien la ansiedad es una emoci\u00f3n b\u00e1sica que est\u00e1 en todos los seres humanos, que nos prepara f\u00edsica y psicol\u00f3gicamente, para algunas situaciones importantes o dif\u00edciles de nuestras vidas, en exceso puede ser negativa y generar un trastorno. <\/p>\n\n\n\n<p><\/p>\n\n\n\n<p><\/p>\n\n\n\n<p>La duraci\u00f3n de los s\u00edntomas que presentan habitualmente las personas con trastornos de ansiedad los convierte en trastornos cr\u00f3nicos, m\u00e1s que epis\u00f3dicos.<\/p>\n\n\n\n<figure class=\"wp-block-image size-large\"><img decoding=\"async\" loading=\"lazy\" width=\"819\" height=\"1024\" src=\"https:\/\/enlatitud25.com\/news\/wp-content\/uploads\/2021\/07\/ansiedad_post_nota-819x1024.jpg\" alt=\"\" class=\"wp-image-4333\" srcset=\"https:\/\/enlatitud25.com\/news\/wp-content\/uploads\/2021\/07\/ansiedad_post_nota-819x1024.jpg 819w, https:\/\/enlatitud25.com\/news\/wp-content\/uploads\/2021\/07\/ansiedad_post_nota-240x300.jpg 240w, https:\/\/enlatitud25.com\/news\/wp-content\/uploads\/2021\/07\/ansiedad_post_nota-768x960.jpg 768w, https:\/\/enlatitud25.com\/news\/wp-content\/uploads\/2021\/07\/ansiedad_post_nota-380x475.jpg 380w, https:\/\/enlatitud25.com\/news\/wp-content\/uploads\/2021\/07\/ansiedad_post_nota-800x1000.jpg 800w, https:\/\/enlatitud25.com\/news\/wp-content\/uploads\/2021\/07\/ansiedad_post_nota.jpg 1080w\" sizes=\"(max-width: 819px) 100vw, 819px\" \/><\/figure>\n\n\n\n<p style=\"font-size:22px\"><strong>\u00bfPor qu\u00e9 el trastorno de la ansiedad puede discapacitar?<\/strong><\/p>\n\n\n\n<p>Al respecto de esto, Latitud 25 convers\u00f3 con el Dr.<strong> Julio Torales<\/strong>, especialista en psiquiatr\u00eda e investigador del Conacyt, quien explica que la ansiedad se vuelve patol\u00f3gica cuando es intensa en tiempo y lugar, ah\u00ed se transforma una emoci\u00f3n normal en una patolog\u00eda. \u00bfPor qu\u00e9 es grave? Porque una persona que tiene este trastorno le cambia toda la percepci\u00f3n de su vida. <\/p>\n\n\n\n<p>Esta condici\u00f3n le impide realizar actividades diarias, como antes. La ansiedad se caracteriza por esa preocupaci\u00f3n inespec\u00edfica hacia el futuro y hacia otras situaciones que para otras personas no ser\u00edan amenazantes.&nbsp;<\/p>\n\n\n\n<p>&#8220;La persona ansiosa vive preocupada, pensando en el futuro y sin poder relajarse, entonces su relacionamiento personal y laboral se ven afectados y la persona de esa manera no puede cuidarse&#8221;, asevera. <\/p>\n\n\n\n<p>Por su parte, el psiquiatra <strong>Dr. Aldo Castiglioni<\/strong>, presidente de la Red Mundial de Suicidolog\u00eda, explica que este trastorno se asocia con la sobreestimaci\u00f3n del control, que se vincula con la certeza y la seguridad. <\/p>\n\n\n\n<p>Esto aumenta el nivel de ansiedad, cuando una persona trata de aumentar su nivel de control, a trav\u00e9s de dos puntos: la <strong>preocupaci\u00f3n <\/strong>y el <strong>control de la informaci\u00f3n<\/strong>, dos mecanismos disfuncionales, advierte.<\/p>\n\n\n\n<figure class=\"wp-block-image size-large\"><img decoding=\"async\" loading=\"lazy\" width=\"2560\" height=\"1709\" src=\"https:\/\/enlatitud25.com\/news\/wp-content\/uploads\/2021\/05\/pexels-pixabay-236151-scaled.jpg\" alt=\"\" class=\"wp-image-3451\" srcset=\"https:\/\/enlatitud25.com\/news\/wp-content\/uploads\/2021\/05\/pexels-pixabay-236151-scaled.jpg 2560w, https:\/\/enlatitud25.com\/news\/wp-content\/uploads\/2021\/05\/pexels-pixabay-236151-300x200.jpg 300w\" sizes=\"(max-width: 2560px) 100vw, 2560px\" \/><\/figure>\n\n\n\n<p>&#8220;La <strong>preocupaci\u00f3n <\/strong>consiste en dar vueltas y vueltas a la cabeza. Gasto mucho tiempo tratando de imaginarme todo lo que podr\u00eda pasar, incluyendo lo peor que podr\u00eda pasar. Esto no funciona as\u00ed, la preocupaci\u00f3n<strong> no es efectiva<\/strong>, no me prepara e incluso, trae algunos problemas, uno de ellos es perder mucho tiempo, tiempo que podr\u00eda utilizar para descansar, para compartir con la familia&#8221;, ejemplific\u00f3.<\/p>\n\n\n\n<p>Agreg\u00f3 que la preocupaci\u00f3n solo genera sufrimiento, por un futuro ilusorio, que no sabemos si va&nbsp;a pasar.<\/p>\n\n\n\n<p>En relaci\u00f3n al <strong>control de la informaci\u00f3n<\/strong>, cont\u00f3 que se da cuando la persona trata de buscar toda la informaci\u00f3n posible para tratar de predecir lo que va a pasar, porque cree que as\u00ed va a estar preparada para lo que va a suceder. &#8220;Estoy constantemente carg\u00e1ndome de informaci\u00f3n, la b\u00fasqueda de informaci\u00f3n no es efectiva y es un mecanismo disfuncional&#8221;, asever\u00f3.<\/p>\n\n\n\n<p style=\"font-size:22px\"><strong>\u00bfPero qu\u00e9 se puede hacer al respecto?<\/strong><\/p>\n\n\n\n<p>Castiglioni hizo dos recomendaciones: una se basa en un trabajo individual y otra, consiste en buscar ayuda. <\/p>\n\n\n\n<p>En primer lugar, la recomendaci\u00f3n se centraliza en <strong>cultivar la aceptaci\u00f3n<\/strong>, que consiste en tener la experiencia tal cual es y hacer lo mejor que se puede. <\/p>\n\n\n\n<p>&#8220;Hay situaciones que no tienen que ver con lo que nosotros hagamos, que escapan de nuestro control. Entonces pelearnos con lo que nos pasa, enojarnos, decir: &#8216;qu\u00e9 mala suerte&#8217;, solo va a generar m\u00e1s sufrimiento, malestar y no nos va a ayudar a lidiar de una manera efectiva esta situaci\u00f3n&#8221;, detalla.<\/p>\n\n\n\n<p>No obstante, el especialista aclara que aceptar no es resignarse, sino reconocer que la situaci\u00f3n por m\u00e1s negativa <strong>es real<\/strong>, est\u00e1 pasando y uno debe hacer lo que puede. Si bien, hacer lo que uno puede, muchas veces no es suficiente o efectivo, siempre que se haga lo mejor que pueda, uno se va a sentir valioso.<\/p>\n\n\n\n<figure class=\"wp-block-image size-large\"><img decoding=\"async\" loading=\"lazy\" width=\"1024\" height=\"666\" src=\"https:\/\/enlatitud25.com\/news\/wp-content\/uploads\/2021\/02\/desperate-2293377_1920-1024x666.jpg\" alt=\"\" class=\"wp-image-2381\" srcset=\"https:\/\/enlatitud25.com\/news\/wp-content\/uploads\/2021\/02\/desperate-2293377_1920-1024x666.jpg 1024w, https:\/\/enlatitud25.com\/news\/wp-content\/uploads\/2021\/02\/desperate-2293377_1920-300x195.jpg 300w, https:\/\/enlatitud25.com\/news\/wp-content\/uploads\/2021\/02\/desperate-2293377_1920-768x499.jpg 768w, https:\/\/enlatitud25.com\/news\/wp-content\/uploads\/2021\/02\/desperate-2293377_1920-1536x998.jpg 1536w, https:\/\/enlatitud25.com\/news\/wp-content\/uploads\/2021\/02\/desperate-2293377_1920-380x247.jpg 380w, https:\/\/enlatitud25.com\/news\/wp-content\/uploads\/2021\/02\/desperate-2293377_1920-800x520.jpg 800w, https:\/\/enlatitud25.com\/news\/wp-content\/uploads\/2021\/02\/desperate-2293377_1920-1160x754.jpg 1160w, https:\/\/enlatitud25.com\/news\/wp-content\/uploads\/2021\/02\/desperate-2293377_1920.jpg 1920w\" sizes=\"(max-width: 1024px) 100vw, 1024px\" \/><\/figure>\n\n\n\n<p>En segundo lugar, comenta que es necesario buscar ayuda con los profesionales de salud mental. El objetivo de los especialistas en salud mental es ayudarle a la persona a que incremente sus habilidades psicol\u00f3gicas para que pueda lidiar de manera m\u00e1s efectiva con las situaciones que sus pacientes tienen en su d\u00eda a d\u00eda. <\/p>\n\n\n\n<p>Castiglioni puso \u00e9nfasis en que hay que luchar con la desestigmaci\u00f3n para que la gente pueda buscar ayuda r\u00e1pido. La intervenci\u00f3n a tiempo mejora el diagn\u00f3stico. <\/p>\n\n\n\n<p>&#8220;Si siento que hay sufrimiento en mi vida o veo afectado mi desempe\u00f1o en lo acad\u00e9mico, profesional o en las relaciones interpersonales es momento de buscar ayuda profesional, para clarificar mi situaci\u00f3n personal y vivir una vida que valga la pena vivir&#8221;, subray\u00f3.<\/p>\n\n\n\n<p style=\"font-size:22px\"><strong>\u00bfPero a cu\u00e1ntas personas realmente afecta?<\/strong><\/p>\n\n\n\n<p>Seg\u00fan el psiquiatra <strong>Julio Torales<\/strong>, una de cada tres personas va a tener s\u00edntomas de ansiedad en alg\u00fan momento de la vida. \u201cEntonces el trastorno de ansiedad es la patolog\u00eda efectivamente m\u00e1s frecuente \u00faltimamente\u201d, referencia.<\/p>\n\n\n\n<p>Adem\u00e1s, con el transcurso de la pandemia se han enfatizado cuadros psiqui\u00e1tricos en algunas personas y tambi\u00e9n se registraron nuevos cuadros en personas que anteriormente no ten\u00edan ning\u00fan trastorno.&nbsp;<\/p>\n\n\n\n<p>Esto gener\u00f3 que los servicios de <strong>salud mental <\/strong>tengan que realizar innovaciones con el fin de cumplir con las necesidades que se presentaron y la dificultad de, en un principio, realizar consultas presenciales.&nbsp;<\/p>\n\n\n\n<p>Los trastornos de ansiedad representaban, ya antes de la pandemia, patolog\u00edas bastante comunes entre las consultas de salud mental, pero con el advenimiento de la pandemia, se han presentado como una de las principales razones de consulta, seg\u00fan el estudio realizado por investigadores del Conacyt, <strong>\u201cLa ansiedad y depresi\u00f3n en relaci\u00f3n a noticias sobre COVID-19: un estudio en poblaci\u00f3n general paraguaya\u201d.<\/strong>\u00a0<\/p>\n\n\n\n<blockquote class=\"instagram-media\" data-instgrm-permalink=\"https:\/\/www.instagram.com\/p\/CJ8S-dGDYOF\/?utm_source=ig_embed&amp;utm_campaign=loading\" data-instgrm-version=\"13\" style=\" background:#FFF; border:0; border-radius:3px; box-shadow:0 0 1px 0 rgba(0,0,0,0.5),0 1px 10px 0 rgba(0,0,0,0.15); margin: 1px; max-width:540px; min-width:326px; padding:0; width:99.375%; width:-webkit-calc(100% - 2px); width:calc(100% - 2px);\"><div style=\"padding:16px;\"> <a href=\"https:\/\/www.instagram.com\/p\/CJ8S-dGDYOF\/?utm_source=ig_embed&amp;utm_campaign=loading\" style=\" background:#FFFFFF; line-height:0; padding:0 0; text-align:center; text-decoration:none; width:100%;\" target=\"_blank\" rel=\"noopener noreferrer\"> <div style=\" display: flex; flex-direction: row; align-items: center;\"> <div style=\"background-color: #F4F4F4; border-radius: 50%; flex-grow: 0; height: 40px; margin-right: 14px; width: 40px;\"><\/div> <div style=\"display: flex; flex-direction: column; flex-grow: 1; justify-content: center;\"> <div style=\" background-color: #F4F4F4; border-radius: 4px; flex-grow: 0; height: 14px; margin-bottom: 6px; width: 100px;\"><\/div> <div style=\" background-color: #F4F4F4; border-radius: 4px; flex-grow: 0; height: 14px; width: 60px;\"><\/div><\/div><\/div><div style=\"padding: 19% 0;\"><\/div> <div style=\"display:block; height:50px; margin:0 auto 12px; width:50px;\"><svg width=\"50px\" height=\"50px\" viewBox=\"0 0 60 60\" version=\"1.1\" xmlns=\"https:\/\/www.w3.org\/2000\/svg\" xmlns:xlink=\"https:\/\/www.w3.org\/1999\/xlink\"><g stroke=\"none\" stroke-width=\"1\" fill=\"none\" fill-rule=\"evenodd\"><g transform=\"translate(-511.000000, -20.000000)\" fill=\"#000000\"><g><path d=\"M556.869,30.41 C554.814,30.41 553.148,32.076 553.148,34.131 C553.148,36.186 554.814,37.852 556.869,37.852 C558.924,37.852 560.59,36.186 560.59,34.131 C560.59,32.076 558.924,30.41 556.869,30.41 M541,60.657 C535.114,60.657 530.342,55.887 530.342,50 C530.342,44.114 535.114,39.342 541,39.342 C546.887,39.342 551.658,44.114 551.658,50 C551.658,55.887 546.887,60.657 541,60.657 M541,33.886 C532.1,33.886 524.886,41.1 524.886,50 C524.886,58.899 532.1,66.113 541,66.113 C549.9,66.113 557.115,58.899 557.115,50 C557.115,41.1 549.9,33.886 541,33.886 M565.378,62.101 C565.244,65.022 564.756,66.606 564.346,67.663 C563.803,69.06 563.154,70.057 562.106,71.106 C561.058,72.155 560.06,72.803 558.662,73.347 C557.607,73.757 556.021,74.244 553.102,74.378 C549.944,74.521 548.997,74.552 541,74.552 C533.003,74.552 532.056,74.521 528.898,74.378 C525.979,74.244 524.393,73.757 523.338,73.347 C521.94,72.803 520.942,72.155 519.894,71.106 C518.846,70.057 518.197,69.06 517.654,67.663 C517.244,66.606 516.755,65.022 516.623,62.101 C516.479,58.943 516.448,57.996 516.448,50 C516.448,42.003 516.479,41.056 516.623,37.899 C516.755,34.978 517.244,33.391 517.654,32.338 C518.197,30.938 518.846,29.942 519.894,28.894 C520.942,27.846 521.94,27.196 523.338,26.654 C524.393,26.244 525.979,25.756 528.898,25.623 C532.057,25.479 533.004,25.448 541,25.448 C548.997,25.448 549.943,25.479 553.102,25.623 C556.021,25.756 557.607,26.244 558.662,26.654 C560.06,27.196 561.058,27.846 562.106,28.894 C563.154,29.942 563.803,30.938 564.346,32.338 C564.756,33.391 565.244,34.978 565.378,37.899 C565.522,41.056 565.552,42.003 565.552,50 C565.552,57.996 565.522,58.943 565.378,62.101 M570.82,37.631 C570.674,34.438 570.167,32.258 569.425,30.349 C568.659,28.377 567.633,26.702 565.965,25.035 C564.297,23.368 562.623,22.342 560.652,21.575 C558.743,20.834 556.562,20.326 553.369,20.18 C550.169,20.033 549.148,20 541,20 C532.853,20 531.831,20.033 528.631,20.18 C525.438,20.326 523.257,20.834 521.349,21.575 C519.376,22.342 517.703,23.368 516.035,25.035 C514.368,26.702 513.342,28.377 512.574,30.349 C511.834,32.258 511.326,34.438 511.181,37.631 C511.035,40.831 511,41.851 511,50 C511,58.147 511.035,59.17 511.181,62.369 C511.326,65.562 511.834,67.743 512.574,69.651 C513.342,71.625 514.368,73.296 516.035,74.965 C517.703,76.634 519.376,77.658 521.349,78.425 C523.257,79.167 525.438,79.673 528.631,79.82 C531.831,79.965 532.853,80.001 541,80.001 C549.148,80.001 550.169,79.965 553.369,79.82 C556.562,79.673 558.743,79.167 560.652,78.425 C562.623,77.658 564.297,76.634 565.965,74.965 C567.633,73.296 568.659,71.625 569.425,69.651 C570.167,67.743 570.674,65.562 570.82,62.369 C570.966,59.17 571,58.147 571,50 C571,41.851 570.966,40.831 570.82,37.631\"><\/path><\/g><\/g><\/g><\/svg><\/div><div style=\"padding-top: 8px;\"> <div style=\" color:#3897f0; font-family:Arial,sans-serif; font-size:14px; font-style:normal; font-weight:550; line-height:18px;\"> Ver esta publicaci\u00f3n en Instagram<\/div><\/div><div style=\"padding: 12.5% 0;\"><\/div> <div style=\"display: flex; flex-direction: row; margin-bottom: 14px; align-items: center;\"><div> <div style=\"background-color: #F4F4F4; border-radius: 50%; height: 12.5px; width: 12.5px; transform: translateX(0px) translateY(7px);\"><\/div> <div style=\"background-color: #F4F4F4; height: 12.5px; transform: rotate(-45deg) translateX(3px) translateY(1px); width: 12.5px; flex-grow: 0; margin-right: 14px; margin-left: 2px;\"><\/div> <div style=\"background-color: #F4F4F4; border-radius: 50%; height: 12.5px; width: 12.5px; transform: translateX(9px) translateY(-18px);\"><\/div><\/div><div style=\"margin-left: 8px;\"> <div style=\" background-color: #F4F4F4; border-radius: 50%; flex-grow: 0; height: 20px; width: 20px;\"><\/div> <div style=\" width: 0; height: 0; border-top: 2px solid transparent; border-left: 6px solid #f4f4f4; border-bottom: 2px solid transparent; transform: translateX(16px) translateY(-4px) rotate(30deg)\"><\/div><\/div><div style=\"margin-left: auto;\"> <div style=\" width: 0px; border-top: 8px solid #F4F4F4; border-right: 8px solid transparent; transform: translateY(16px);\"><\/div> <div style=\" background-color: #F4F4F4; flex-grow: 0; height: 12px; width: 16px; transform: translateY(-4px);\"><\/div> <div style=\" width: 0; height: 0; border-top: 8px solid #F4F4F4; border-left: 8px solid transparent; transform: translateY(-4px) translateX(8px);\"><\/div><\/div><\/div> <div style=\"display: flex; flex-direction: column; flex-grow: 1; justify-content: center; margin-bottom: 24px;\"> <div style=\" background-color: #F4F4F4; border-radius: 4px; flex-grow: 0; height: 14px; margin-bottom: 6px; width: 224px;\"><\/div> <div style=\" background-color: #F4F4F4; border-radius: 4px; flex-grow: 0; height: 14px; width: 144px;\"><\/div><\/div><\/a><p style=\" color:#c9c8cd; font-family:Arial,sans-serif; font-size:14px; line-height:17px; margin-bottom:0; margin-top:8px; overflow:hidden; padding:8px 0 7px; text-align:center; text-overflow:ellipsis; white-space:nowrap;\"><a href=\"https:\/\/www.instagram.com\/p\/CJ8S-dGDYOF\/?utm_source=ig_embed&amp;utm_campaign=loading\" style=\" color:#c9c8cd; font-family:Arial,sans-serif; font-size:14px; font-style:normal; font-weight:normal; line-height:17px; text-decoration:none;\" target=\"_blank\" rel=\"noopener noreferrer\">Una publicaci\u00f3n compartida por LATITUD 25 (@enlatitud25)<\/a><\/p><\/div><\/blockquote> <script async=\"\" src=\"\/\/www.instagram.com\/embed.js\"><\/script>\n\n\n\n<p>&#8220;Tenemos que instar a la gente que no se informe todo el tiempo, constantemente, sino a que recurra a fuentes confiables de informaci\u00f3n una o dos veces al d\u00eda&#8221;, remarc\u00f3 Torales.<\/p>\n\n\n\n<p>Por su parte, el Dr. <strong>Aldo Castiglioni<\/strong> manifest\u00f3 que los estudios que surgieron en el 2020 han demostrado un aumento de la b\u00fasqueda de<strong> s\u00edntomas de salud mentales en internet <\/strong>y una mayor demanda en los servicios de salud mental.<\/p>\n\n\n\n<p>El aumento del trastorno de la ansiedad en Paraguay fue progresivo, a\u00f1o tras a\u00f1o. Incluso en el 2020 se vio un leve descenso en comparaci\u00f3n a las consultas del 2019, pero eso se puede justificar por las restricciones que hubo durante las cuarentenas m\u00e1s estrictas por el COVID-19. <\/p>\n\n\n\n<p><strong>Castiglioni<\/strong> dijo adem\u00e1s que en el 2020, en nuestro pa\u00eds, empezaron a prescribirse una mayor cantidad de medicamentos en comparaci\u00f3n a otros a\u00f1os, medicamentos que se prescriben para el trastorno de ansiedad.<\/p>\n\n\n\n<p style=\"font-size:22px\"><strong>Un virus de doble afectaci\u00f3n<\/strong><\/p>\n\n\n\n<p>El SARS- coV- 2 afecta de dos maneras, por las consecuencias psicosociales de estar enfrentando una pandemia y segundo, dentro del cuerpo.&nbsp;<\/p>\n\n\n\n<p>Como la mayor\u00eda lo vivi\u00f3, la pandemia \u2013adem\u00e1s del encierro\u2013, gener\u00f3 incertidumbre econ\u00f3mica, miedo a infectarse y morir, p\u00e9rdida de seres queridos y cambios dr\u00e1sticos en la vida de muchas personas.&nbsp;<\/p>\n\n\n\n<p>Pero adem\u00e1s, Torales resalt\u00f3 que es un virus neurotr\u00f3pico por lo que puede afectar de manera directa el sistema nervioso central y generar trastornos mentales. Seg\u00fan el especialista, el virus ataca las neuronas y hace un desequilibrio en los neurotransmisores de nuestro sistema bioqu\u00edmico cerebral.<\/p>\n\n\n\n<p>Coment\u00f3, por ejemplo, que existe una evidencia abrumadora sobre el aumento de enfermedades mentales, que previamente no ten\u00edan, eso puede ser por el miedo que se tuvo y segundo porque la propia Covid-19 da\u00f1a las neuronas, enfatiz\u00f3.&nbsp;<\/p>\n\n\n\n<figure class=\"wp-block-image size-large\"><img decoding=\"async\" loading=\"lazy\" width=\"2560\" height=\"1533\" src=\"https:\/\/enlatitud25.com\/news\/wp-content\/uploads\/2021\/02\/AYUDA-scaled.jpg\" alt=\"\" class=\"wp-image-2359\" srcset=\"https:\/\/enlatitud25.com\/news\/wp-content\/uploads\/2021\/02\/AYUDA-scaled.jpg 2560w, https:\/\/enlatitud25.com\/news\/wp-content\/uploads\/2021\/02\/AYUDA-300x180.jpg 300w\" sizes=\"(max-width: 2560px) 100vw, 2560px\" \/><\/figure>\n\n\n\n<p style=\"font-size:22px\"><strong><strong>Una pandemia de enfermedades mentales<\/strong><\/strong><\/p>\n\n\n\n<p>El investigador del Conacyt afirm\u00f3 que ahora nos enfrentamos a dos pandemias: la pandemia del SARS Cov 2 y una pandemia de <strong>enfermedades mentales<\/strong>, que est\u00e1n apareciendo a nivel mundial. \u201cYa ten\u00edamos alta prevalencia antes pero ahora estamos viendo m\u00e1s\u201d, asevera.\u00a0<\/p>\n\n\n\n<p>A\u00f1adi\u00f3 adem\u00e1s que las enfermedades mentales van a ser la primera causa de enfermedad a nivel mundial. &#8220;Algunos investigadores afirman que la depresi\u00f3n va a ser la primera causa de discapacidad, antes que las enfermedades cardiovasculares, incluso antes que el c\u00e1ncer&#8221;, puntualiza. <\/p>\n\n\n\n<p>Para luchar contra estos problemas, se\u00f1ala el especialista, tenemos que dejar de pensar en la salud mental como algo que depende de la fuerza de voluntad de uno. <\/p>\n\n\n\n<p>Castiglioni tambi\u00e9n coincidi\u00f3 en que se prev\u00e9 que nos enfrentemos a una pandemia de salud mental. &#8220;Las tasas de enfermedades mentales siempre se dieron despu\u00e9s de las grandes crisis mundiales&#8221;, concluy\u00f3.<\/p>\n\n\n\n<p><\/p>\n","protected":false},"excerpt":{"rendered":"El retiro de la atleta ol\u00edmpica estadounidense Simone Biles de la final de gimnasia en las categor\u00edas individual y por equipos en las Olimpiadas Tokio 2020, destac\u00f3 el debate sobre la importancia de la salud mental. En este material te hablamos de uno de los trastornos mentales que se agudiz\u00f3 durante la pandemia del COVID-19, el trastorno de ansiedad. \u00bfQu\u00e9 es, por qu\u00e9 se da y c\u00f3mo tratarlo? Te explicamos.\n","protected":false},"author":1,"featured_media":4331,"comment_status":"closed","ping_status":"closed","sticky":false,"template":"","format":"standard","meta":[],"categories":[20],"tags":[461,28,71,438],"ubicacion":[17],"yoast_head":"<!-- This site is optimized with the Yoast SEO plugin v20.8 - https:\/\/yoast.com\/wordpress\/plugins\/seo\/ -->\n<title>El trastorno de ansiedad no tratado puede generar discapacidad &ndash; Latitud25<\/title>\n<meta name=\"description\" content=\"Mir\u00e1 nuestros reportajes audiovisuales y seguinos para enterarte de las \u00faltimas noticias de Paraguay y el mundo, desde la Latitud25. Somos Alternativa de Informaci\u00f3n.\" \/>\n<meta name=\"robots\" content=\"index, follow, max-snippet:-1, max-image-preview:large, max-video-preview:-1\" \/>\n<link rel=\"canonical\" href=\"https:\/\/enlatitud25.com\/news\/el-trastorno-de-ansiedad-no-tratado-puede-generar-discapacidad\/\" \/>\n<meta property=\"og:locale\" content=\"es_ES\" \/>\n<meta property=\"og:type\" content=\"article\" \/>\n<meta property=\"og:title\" content=\"El trastorno de ansiedad no tratado puede generar discapacidad &ndash; Latitud25\" \/>\n<meta property=\"og:description\" content=\"Mir\u00e1 nuestros reportajes audiovisuales y seguinos para enterarte de las \u00faltimas noticias de Paraguay y el mundo, desde la Latitud25. Somos Alternativa de Informaci\u00f3n.\" \/>\n<meta property=\"og:url\" content=\"https:\/\/enlatitud25.com\/news\/el-trastorno-de-ansiedad-no-tratado-puede-generar-discapacidad\/\" \/>\n<meta property=\"og:site_name\" content=\"Latitud25\" \/>\n<meta property=\"article:publisher\" content=\"https:\/\/www.facebook.com\/EnLatitud25\" \/>\n<meta property=\"article:author\" content=\"https:\/\/www.facebook.com\/EnLatitud25\" \/>\n<meta property=\"article:published_time\" content=\"2021-07-28T16:36:11+00:00\" \/>\n<meta property=\"article:modified_time\" content=\"2021-07-28T16:47:16+00:00\" \/>\n<meta property=\"og:image\" content=\"https:\/\/enlatitud25.com\/news\/wp-content\/uploads\/2021\/07\/ansiedad_portadaweb.jpg\" \/>\n\t<meta property=\"og:image:width\" content=\"800\" \/>\n\t<meta property=\"og:image:height\" content=\"500\" \/>\n\t<meta property=\"og:image:type\" content=\"image\/jpeg\" \/>\n<meta name=\"author\" content=\"Latitud 25\" \/>\n<meta name=\"twitter:card\" content=\"summary_large_image\" \/>\n<meta name=\"twitter:creator\" content=\"@EnLatitud25\" \/>\n<meta name=\"twitter:site\" content=\"@EnLatitud25\" \/>\n<meta name=\"twitter:label1\" content=\"Escrito por\" \/>\n\t<meta name=\"twitter:data1\" content=\"Latitud 25\" \/>\n\t<meta name=\"twitter:label2\" content=\"Tiempo de lectura\" \/>\n\t<meta name=\"twitter:data2\" content=\"8 minutos\" \/>\n<script type=\"application\/ld+json\" class=\"yoast-schema-graph\">{\"@context\":\"https:\/\/schema.org\",\"@graph\":[{\"@type\":\"Article\",\"@id\":\"https:\/\/enlatitud25.com\/news\/el-trastorno-de-ansiedad-no-tratado-puede-generar-discapacidad\/#article\",\"isPartOf\":{\"@id\":\"https:\/\/enlatitud25.com\/news\/el-trastorno-de-ansiedad-no-tratado-puede-generar-discapacidad\/\"},\"author\":{\"name\":\"Latitud 25\",\"@id\":\"https:\/\/enlatitud25.com\/news\/#\/schema\/person\/23aafe968917005a721b8eb760f2586e\"},\"headline\":\"El trastorno de ansiedad no tratado puede generar discapacidad\",\"datePublished\":\"2021-07-28T16:36:11+00:00\",\"dateModified\":\"2021-07-28T16:47:16+00:00\",\"mainEntityOfPage\":{\"@id\":\"https:\/\/enlatitud25.com\/news\/el-trastorno-de-ansiedad-no-tratado-puede-generar-discapacidad\/\"},\"wordCount\":1600,\"publisher\":{\"@id\":\"https:\/\/enlatitud25.com\/news\/#organization\"},\"keywords\":[\"miedo\",\"Pandemia\",\"salud mental\",\"trastorno de la ansiedad\"],\"articleSection\":[\"Salud\"],\"inLanguage\":\"es\"},{\"@type\":\"WebPage\",\"@id\":\"https:\/\/enlatitud25.com\/news\/el-trastorno-de-ansiedad-no-tratado-puede-generar-discapacidad\/\",\"url\":\"https:\/\/enlatitud25.com\/news\/el-trastorno-de-ansiedad-no-tratado-puede-generar-discapacidad\/\",\"name\":\"El trastorno de ansiedad no tratado puede generar discapacidad &ndash; Latitud25\",\"isPartOf\":{\"@id\":\"https:\/\/enlatitud25.com\/news\/#website\"},\"datePublished\":\"2021-07-28T16:36:11+00:00\",\"dateModified\":\"2021-07-28T16:47:16+00:00\",\"description\":\"Mir\u00e1 nuestros reportajes audiovisuales y seguinos para enterarte de las \u00faltimas noticias de Paraguay y el mundo, desde la Latitud25. Somos Alternativa de Informaci\u00f3n.\",\"breadcrumb\":{\"@id\":\"https:\/\/enlatitud25.com\/news\/el-trastorno-de-ansiedad-no-tratado-puede-generar-discapacidad\/#breadcrumb\"},\"inLanguage\":\"es\",\"potentialAction\":[{\"@type\":\"ReadAction\",\"target\":[\"https:\/\/enlatitud25.com\/news\/el-trastorno-de-ansiedad-no-tratado-puede-generar-discapacidad\/\"]}]},{\"@type\":\"BreadcrumbList\",\"@id\":\"https:\/\/enlatitud25.com\/news\/el-trastorno-de-ansiedad-no-tratado-puede-generar-discapacidad\/#breadcrumb\",\"itemListElement\":[{\"@type\":\"ListItem\",\"position\":1,\"name\":\"Home\",\"item\":\"https:\/\/enlatitud25.com\/news\/\"},{\"@type\":\"ListItem\",\"position\":2,\"name\":\"El trastorno de ansiedad no tratado puede generar discapacidad\"}]},{\"@type\":\"WebSite\",\"@id\":\"https:\/\/enlatitud25.com\/news\/#website\",\"url\":\"https:\/\/enlatitud25.com\/news\/\",\"name\":\"Latitud25\",\"description\":\"news\",\"publisher\":{\"@id\":\"https:\/\/enlatitud25.com\/news\/#organization\"},\"potentialAction\":[{\"@type\":\"SearchAction\",\"target\":{\"@type\":\"EntryPoint\",\"urlTemplate\":\"https:\/\/enlatitud25.com\/news\/?s={search_term_string}\"},\"query-input\":\"required name=search_term_string\"}],\"inLanguage\":\"es\"},{\"@type\":\"Organization\",\"@id\":\"https:\/\/enlatitud25.com\/news\/#organization\",\"name\":\"Latitud 25 - News\",\"url\":\"https:\/\/enlatitud25.com\/news\/\",\"logo\":{\"@type\":\"ImageObject\",\"inLanguage\":\"es\",\"@id\":\"https:\/\/enlatitud25.com\/news\/#\/schema\/logo\/image\/\",\"url\":\"https:\/\/enlatitud25.com\/news\/wp-content\/uploads\/2020\/11\/logo_latitud.png\",\"contentUrl\":\"https:\/\/enlatitud25.com\/news\/wp-content\/uploads\/2020\/11\/logo_latitud.png\",\"width\":235,\"height\":39,\"caption\":\"Latitud 25 - News\"},\"image\":{\"@id\":\"https:\/\/enlatitud25.com\/news\/#\/schema\/logo\/image\/\"},\"sameAs\":[\"https:\/\/www.facebook.com\/EnLatitud25\",\"https:\/\/twitter.com\/EnLatitud25\",\"https:\/\/www.instagram.com\/enlatitud25\/\",\"https:\/\/www.youtube.com\/user\/desdelatitud25\"]},{\"@type\":\"Person\",\"@id\":\"https:\/\/enlatitud25.com\/news\/#\/schema\/person\/23aafe968917005a721b8eb760f2586e\",\"name\":\"Latitud 25\",\"sameAs\":[\"https:\/\/enlatitud25.com\/news\",\"https:\/\/www.facebook.com\/EnLatitud25\",\"https:\/\/www.instagram.com\/enlatitud25\",\"https:\/\/www.youtube.com\/user\/desdelatitud25\",\"https:\/\/soundcloud.com\/enlatitud25\"],\"url\":\"https:\/\/enlatitud25.com\/news\/author\/nnews-uss00\/\"}]}<\/script>\n<!-- \/ Yoast SEO plugin. -->","yoast_head_json":{"title":"El trastorno de ansiedad no tratado puede generar discapacidad &ndash; Latitud25","description":"Mir\u00e1 nuestros reportajes audiovisuales y seguinos para enterarte de las \u00faltimas noticias de Paraguay y el mundo, desde la Latitud25. Somos Alternativa de Informaci\u00f3n.","robots":{"index":"index","follow":"follow","max-snippet":"max-snippet:-1","max-image-preview":"max-image-preview:large","max-video-preview":"max-video-preview:-1"},"canonical":"https:\/\/enlatitud25.com\/news\/el-trastorno-de-ansiedad-no-tratado-puede-generar-discapacidad\/","og_locale":"es_ES","og_type":"article","og_title":"El trastorno de ansiedad no tratado puede generar discapacidad &ndash; Latitud25","og_description":"Mir\u00e1 nuestros reportajes audiovisuales y seguinos para enterarte de las \u00faltimas noticias de Paraguay y el mundo, desde la Latitud25. Somos Alternativa de Informaci\u00f3n.","og_url":"https:\/\/enlatitud25.com\/news\/el-trastorno-de-ansiedad-no-tratado-puede-generar-discapacidad\/","og_site_name":"Latitud25","article_publisher":"https:\/\/www.facebook.com\/EnLatitud25","article_author":"https:\/\/www.facebook.com\/EnLatitud25","article_published_time":"2021-07-28T16:36:11+00:00","article_modified_time":"2021-07-28T16:47:16+00:00","og_image":[{"width":800,"height":500,"url":"https:\/\/enlatitud25.com\/news\/wp-content\/uploads\/2021\/07\/ansiedad_portadaweb.jpg","type":"image\/jpeg"}],"author":"Latitud 25","twitter_card":"summary_large_image","twitter_creator":"@EnLatitud25","twitter_site":"@EnLatitud25","twitter_misc":{"Escrito por":"Latitud 25","Tiempo de lectura":"8 minutos"},"schema":{"@context":"https:\/\/schema.org","@graph":[{"@type":"Article","@id":"https:\/\/enlatitud25.com\/news\/el-trastorno-de-ansiedad-no-tratado-puede-generar-discapacidad\/#article","isPartOf":{"@id":"https:\/\/enlatitud25.com\/news\/el-trastorno-de-ansiedad-no-tratado-puede-generar-discapacidad\/"},"author":{"name":"Latitud 25","@id":"https:\/\/enlatitud25.com\/news\/#\/schema\/person\/23aafe968917005a721b8eb760f2586e"},"headline":"El trastorno de ansiedad no tratado puede generar discapacidad","datePublished":"2021-07-28T16:36:11+00:00","dateModified":"2021-07-28T16:47:16+00:00","mainEntityOfPage":{"@id":"https:\/\/enlatitud25.com\/news\/el-trastorno-de-ansiedad-no-tratado-puede-generar-discapacidad\/"},"wordCount":1600,"publisher":{"@id":"https:\/\/enlatitud25.com\/news\/#organization"},"keywords":["miedo","Pandemia","salud mental","trastorno de la ansiedad"],"articleSection":["Salud"],"inLanguage":"es"},{"@type":"WebPage","@id":"https:\/\/enlatitud25.com\/news\/el-trastorno-de-ansiedad-no-tratado-puede-generar-discapacidad\/","url":"https:\/\/enlatitud25.com\/news\/el-trastorno-de-ansiedad-no-tratado-puede-generar-discapacidad\/","name":"El trastorno de ansiedad no tratado puede generar discapacidad &ndash; Latitud25","isPartOf":{"@id":"https:\/\/enlatitud25.com\/news\/#website"},"datePublished":"2021-07-28T16:36:11+00:00","dateModified":"2021-07-28T16:47:16+00:00","description":"Mir\u00e1 nuestros reportajes audiovisuales y seguinos para enterarte de las \u00faltimas noticias de Paraguay y el mundo, desde la Latitud25. Somos Alternativa de Informaci\u00f3n.","breadcrumb":{"@id":"https:\/\/enlatitud25.com\/news\/el-trastorno-de-ansiedad-no-tratado-puede-generar-discapacidad\/#breadcrumb"},"inLanguage":"es","potentialAction":[{"@type":"ReadAction","target":["https:\/\/enlatitud25.com\/news\/el-trastorno-de-ansiedad-no-tratado-puede-generar-discapacidad\/"]}]},{"@type":"BreadcrumbList","@id":"https:\/\/enlatitud25.com\/news\/el-trastorno-de-ansiedad-no-tratado-puede-generar-discapacidad\/#breadcrumb","itemListElement":[{"@type":"ListItem","position":1,"name":"Home","item":"https:\/\/enlatitud25.com\/news\/"},{"@type":"ListItem","position":2,"name":"El trastorno de ansiedad no tratado puede generar discapacidad"}]},{"@type":"WebSite","@id":"https:\/\/enlatitud25.com\/news\/#website","url":"https:\/\/enlatitud25.com\/news\/","name":"Latitud25","description":"news","publisher":{"@id":"https:\/\/enlatitud25.com\/news\/#organization"},"potentialAction":[{"@type":"SearchAction","target":{"@type":"EntryPoint","urlTemplate":"https:\/\/enlatitud25.com\/news\/?s={search_term_string}"},"query-input":"required name=search_term_string"}],"inLanguage":"es"},{"@type":"Organization","@id":"https:\/\/enlatitud25.com\/news\/#organization","name":"Latitud 25 - News","url":"https:\/\/enlatitud25.com\/news\/","logo":{"@type":"ImageObject","inLanguage":"es","@id":"https:\/\/enlatitud25.com\/news\/#\/schema\/logo\/image\/","url":"https:\/\/enlatitud25.com\/news\/wp-content\/uploads\/2020\/11\/logo_latitud.png","contentUrl":"https:\/\/enlatitud25.com\/news\/wp-content\/uploads\/2020\/11\/logo_latitud.png","width":235,"height":39,"caption":"Latitud 25 - News"},"image":{"@id":"https:\/\/enlatitud25.com\/news\/#\/schema\/logo\/image\/"},"sameAs":["https:\/\/www.facebook.com\/EnLatitud25","https:\/\/twitter.com\/EnLatitud25","https:\/\/www.instagram.com\/enlatitud25\/","https:\/\/www.youtube.com\/user\/desdelatitud25"]},{"@type":"Person","@id":"https:\/\/enlatitud25.com\/news\/#\/schema\/person\/23aafe968917005a721b8eb760f2586e","name":"Latitud 25","sameAs":["https:\/\/enlatitud25.com\/news","https:\/\/www.facebook.com\/EnLatitud25","https:\/\/www.instagram.com\/enlatitud25","https:\/\/www.youtube.com\/user\/desdelatitud25","https:\/\/soundcloud.com\/enlatitud25"],"url":"https:\/\/enlatitud25.com\/news\/author\/nnews-uss00\/"}]}},"_links":{"self":[{"href":"https:\/\/enlatitud25.com\/news\/wp-json\/wp\/v2\/posts\/4330"}],"collection":[{"href":"https:\/\/enlatitud25.com\/news\/wp-json\/wp\/v2\/posts"}],"about":[{"href":"https:\/\/enlatitud25.com\/news\/wp-json\/wp\/v2\/types\/post"}],"author":[{"embeddable":true,"href":"https:\/\/enlatitud25.com\/news\/wp-json\/wp\/v2\/users\/1"}],"replies":[{"embeddable":true,"href":"https:\/\/enlatitud25.com\/news\/wp-json\/wp\/v2\/comments?post=4330"}],"version-history":[{"count":11,"href":"https:\/\/enlatitud25.com\/news\/wp-json\/wp\/v2\/posts\/4330\/revisions"}],"predecessor-version":[{"id":4463,"href":"https:\/\/enlatitud25.com\/news\/wp-json\/wp\/v2\/posts\/4330\/revisions\/4463"}],"wp:featuredmedia":[{"embeddable":true,"href":"https:\/\/enlatitud25.com\/news\/wp-json\/wp\/v2\/media\/4331"}],"wp:attachment":[{"href":"https:\/\/enlatitud25.com\/news\/wp-json\/wp\/v2\/media?parent=4330"}],"wp:term":[{"taxonomy":"category","embeddable":true,"href":"https:\/\/enlatitud25.com\/news\/wp-json\/wp\/v2\/categories?post=4330"},{"taxonomy":"post_tag","embeddable":true,"href":"https:\/\/enlatitud25.com\/news\/wp-json\/wp\/v2\/tags?post=4330"},{"taxonomy":"ubicacion","embeddable":true,"href":"https:\/\/enlatitud25.com\/news\/wp-json\/wp\/v2\/ubicacion?post=4330"}],"curies":[{"name":"wp","href":"https:\/\/api.w.org\/{rel}","templated":true}]}}