{"id":3869,"date":"2021-06-16T23:40:01","date_gmt":"2021-06-16T23:40:01","guid":{"rendered":"https:\/\/enlatitud25.com\/news\/?p=3869"},"modified":"2021-06-17T14:25:45","modified_gmt":"2021-06-17T14:25:45","slug":"dahiana-espinoza-sigue-desaparecida-y-esto-es-lo-que-se-sabe-del-caso","status":"publish","type":"post","link":"https:\/\/enlatitud25.com\/news\/dahiana-espinoza-sigue-desaparecida-y-esto-es-lo-que-se-sabe-del-caso\/","title":{"rendered":"Dahiana Espinoza sigue desaparecida y esto es lo que se sabe del caso"},"content":{"rendered":"\n<p id=\"block-4aac03fa-ae14-4ffc-8b1d-83805bebba4a\">Dos casos recientes de mujeres desaparecidas que tuvieron un desenlace fatal sacudieron la opini\u00f3n p\u00fablica y los cuestionamientos en cuanto a la investigaci\u00f3n y b\u00fasqueda por parte de las autoridades. Al respecto, RadioCast25 convers\u00f3 con la fiscala Daysi S\u00e1nchez, para saber qu\u00e9 sucedi\u00f3 con la b\u00fasqueda de Dahiana Espinoza, quien desapareci\u00f3 el 18 de setiembre de 2020.<\/p>\n\n\n\n<p id=\"block-c219028c-da21-4676-aa85-be55422735e4\"><strong>Le\u00e9 la nota completa: <a href=\"https:\/\/enlatitud25.com\/news\/quien-busca-a-las-personas-desaparecidas\/\">\u00bfQui\u00e9n busca a las personas desaparecidas en Paraguay?<\/a><\/strong><\/p>\n\n\n\n<p id=\"block-6eb9758e-b4d4-421e-9da9-c89d7223c1c0\">S\u00e1nchez se\u00f1al\u00f3 que esta investigaci\u00f3n ya tuvo varias etapas, en la parte inicial, analizaban el caso como desaparici\u00f3n de una persona \u2013que no es un hecho punible\u2013, momento en el que el Ministerio P\u00fablico busca localizar a las personas, como un primer escenario. Luego apareci\u00f3 una foto de Dahiana en el estado de Whatsapp de <strong>Joel Guzm\u00e1n<\/strong>, ex pareja de Dahiana, lo que hizo surgir sospechas sobre \u00e9l.<\/p>\n\n\n\n<p id=\"block-2ee90a0f-9f9a-4933-b6ba-b6790fee83c2\">La fiscal asegur\u00f3 que ya realizaron al menos 50 allanamientos en diferentes puntos. Ahora luego de tantas b\u00fasquedas que han realizado en las inmediaciones, manejan una hip\u00f3tesis mucho m\u00e1s compleja.<\/p>\n\n\n\n<p id=\"block-ec4b0217-cbb2-4c17-90a6-ffc774dfa82c\" style=\"font-size:22px\"><strong>\u00bfCu\u00e1les son los indicios que se manejan?<\/strong><\/p>\n\n\n\n<p id=\"block-8732c4fd-7c5a-4f66-9796-69ce585e8fb3\"><strong>Sangre en el lugar donde viv\u00eda Dahiana<\/strong>. &#8220;Una de las chicas del inquilinato dijo que Dahiana era v\u00edctima de violencia familiar. Tenemos sangre que supon\u00edamos que era de ella, se hace el cotejo con el ADN de sus padres, sale positivo. El inquilinato estaba repleto de sangre en ese lugar, en el ba\u00f1o, en la cocina, eso sale positivo&#8221;, asegur\u00f3.<\/p>\n\n\n\n<p id=\"block-03b64acb-fdb9-4244-bea8-41bda11e2b58\">Adem\u00e1s, agreg\u00f3 de modo enf\u00e1tico un dato desalentador. &#8220;Nosotros podemos decir, hoy por hoy, que ella tuvo el peor desenlace, por la forma en que ella actuaba con su familia, por la forma en que preguntaba siempre por su hijo&#8221;, relat\u00f3.<\/p>\n\n\n\n<figure class=\"wp-block-embed-twitter wp-block-embed is-type-rich is-provider-twitter\"><div class=\"wp-block-embed__wrapper\">\n<blockquote class=\"twitter-tweet\" data-width=\"550\" data-dnt=\"true\"><p lang=\"es\" dir=\"ltr\">\ud83d\udd18CASO DAHIANA | El <a href=\"https:\/\/twitter.com\/MinPublicoPy?ref_src=twsrc%5Etfw\">@MinPublicoPy<\/a> allana una carnicer\u00eda en It\u00e1.<br><br>\ud83d\udccdAdem\u00e1s, confirm\u00f3 que la sangre hallada en el ba\u00f1o del inquilinato donde viv\u00eda Dahiana con su pareja, pertenece a la joven desaparecida.<br><br>\ud83d\udccdDahiana Espinoza est\u00e1 desaparecida desde septiembre del 2020.<a href=\"https:\/\/twitter.com\/hashtag\/L25?src=hash&amp;ref_src=twsrc%5Etfw\">#L25<\/a> <a href=\"https:\/\/t.co\/KGk7GZMuu6\">pic.twitter.com\/KGk7GZMuu6<\/a><\/p>&mdash; LATITUD 25 (@EnLatitud25) <a href=\"https:\/\/twitter.com\/EnLatitud25\/status\/1367814039213121542?ref_src=twsrc%5Etfw\">March 5, 2021<\/a><\/blockquote><script async src=\"https:\/\/platform.twitter.com\/widgets.js\" charset=\"utf-8\"><\/script>\n<\/div><\/figure>\n\n\n\n<p id=\"block-bcf1d366-a172-4487-b88b-fb5591c5c688\"><strong>Ubicaci\u00f3n<\/strong>. La fiscala coment\u00f3 que en el circuito cerrado, del d\u00eda de la desaparici\u00f3n de la mujer, se ve a su expareja saliendo en dos oportunidades del inquilinato. En cuanto a la ubicaci\u00f3n, dijo que el GPS apunt\u00f3 a que el hombre solo se movi\u00f3 en un rango de 500 metros del inquilinato.<\/p>\n\n\n\n<p id=\"block-8cf53def-305d-47c7-8781-b170218a465a\">En ese punto, la investigadora consider\u00f3 que hay dos posibilidades o que el hombre dej\u00f3 el tel\u00e9fono en la casa cuando sali\u00f3 o en caso de que haya sido un <strong>feminicidio<\/strong>, que enterr\u00f3 el cuerpo cerca. &#8220;Dependemos todo de nuestras pericias, de lo que nos digan los expertos en la materia, buscamos en los lugares que nos dicen&#8221;, a\u00f1adi\u00f3.<\/p>\n\n\n\n<p id=\"block-ef4f1bc9-6ff0-4d56-af0a-1e2c7e5a60c2\"><strong>Comportamiento sospechoso<\/strong>. Seg\u00fan testigos del inquilinato, Joel Guzm\u00e1n trabaj\u00f3 toda la madrugada en el inquilinato y se dio el lujo de lavar todo. &#8220;Estir\u00f3 como 40 veces la cisterna del ba\u00f1o, porque en el inquilinato las habitaciones est\u00e1n muy ligadas y a la testigo le llam\u00f3 la atenci\u00f3n la cantidad de veces que estir\u00f3 la cisterna. Tambi\u00e9n compr\u00f3 un jab\u00f3n en polvo de cinco kilos y us\u00f3 todo&#8221;, subray\u00f3.<\/p>\n\n\n\n<p id=\"block-93a855b1-d27a-4088-b23f-59f0df6bbe08\" style=\"font-size:22px\"><strong>\u00bfCu\u00e1l es la hip\u00f3tesis actual?<\/strong><\/p>\n\n\n\n<p id=\"block-eb269790-2b9c-4929-80e5-603c85fc5d43\">Expres\u00f3 que no pueden descartar la ampliaci\u00f3n de la causa, que ahora est\u00e1 como violencia intrafamiliar, a <strong>feminicidio<\/strong>.<\/p>\n\n\n\n<p id=\"block-6d170bff-946a-4b89-b6d2-1b4fe3554917\">&#8220;Tenemos tiempo hasta setiembre. Lo que m\u00e1s quer\u00e9s es tener tiempo para tener las pruebas completitas y llegar al juicio oral con esas pruebas. Tenemos pruebas indiciarias, con varios indicios podemos lograr la condena, pero claro que tenemos la esperanza de encontrarla en alg\u00fan lugar&#8221;, a\u00f1adi\u00f3.<\/p>\n\n\n\n<p id=\"block-2e148ec4-ac34-4614-91d6-04363a5071e2\">Asegur\u00f3 que est\u00e1n haciendo todo el esfuerzo para hallarla y remarc\u00f3 que si sab\u00edan d\u00f3nde estaba, ya la habr\u00edan encontrado.<\/p>\n\n\n\n<p id=\"block-9af1609c-ae77-4d9f-bea7-5212250bffa7\">Actualmente, por las diferentes variables, la hip\u00f3tesis m\u00e1s fuerte es la m\u00e1s lamentable, a estas alturas consideran no solo que Dahiana ya no est\u00e1 con vida, sino que su cuerpo fue desmembrado, por eso han tenido muchos inconvenientes en encontrarlos.<\/p>\n\n\n\n<p id=\"block-5d477dc8-2141-4f0b-af9f-85db05f43b9c\">&#8220;Primero ten\u00edamos que pensar que estaba viva, hoy de un 100%, manejamos 1% de posibilidad de que est\u00e9 viva&#8221;, concluy\u00f3.<\/p>\n\n\n\n<p style=\"font-size:22px\">&#8220;<strong>Desde el primer momento se debe analizar como feminicidio<\/strong>&#8220;<\/p>\n\n\n\n<p>Respecto a estos pol\u00e9micos casos, RadioCast25 tambi\u00e9n convers\u00f3 con la abogada<strong> Liliana Zayas<\/strong>, especialista en violencia de g\u00e9nero y DD.HH., quien hizo \u00e9nfasis en que la muerte violenta de una mujer, una desaparici\u00f3n o un suicidio se debe empezar a investigar como <strong>feminicidio<\/strong>.<\/p>\n\n\n\n<p>Posteriormente, a medida de que se van colectando los elementos, evaluando las hip\u00f3tesis y evaluando si es que no se reunieron los presupuestos para comprobar la hip\u00f3tesis inicial, se descarta.<\/p>\n\n\n\n<p>&#8220;Un presupuesto claro es que se debe investigar como un feminicidio, no a la inversa, analizar con perspectiva de g\u00e9nero y analizar a las v\u00edctimas secundarias, para saber ante qu\u00e9 hecho penal estamos&#8221;, a\u00f1adi\u00f3.<\/p>\n\n\n\n<p>Asegur\u00f3 que el <strong>Ministerio P\u00fablico<\/strong> tiene protocolos y herramientas de investigaci\u00f3n, considerando que ella fue parte de esta instituci\u00f3n. Por su parte, dijo que el papel de la prensa se basa en acompa\u00f1ar con esa comunicaci\u00f3n respetuosa y sobre todo visibilizar lo que es la mujer en una situaci\u00f3n de violencia, en que no siempre se reconoce como v\u00edctima. <\/p>\n\n\n\n<p>Record\u00f3 que es importante no presentar a la mujer con una imagen estereotipada o sexualizada, sino una imagen de la mujer como persona, como sujeto de derechos humanos y garant\u00edas.<\/p>\n\n\n\n<p>&#8220;Mientras haya desigualdad, mientras haya discriminaci\u00f3n, va a haber violencia y esta violencia va a afectar a mujeres, ni\u00f1as y adolescentes (&#8230;) Si una mujer se enfrenta a eso y termina una relaci\u00f3n marcada por la desigualdad, es cuando m\u00e1s peligro corre, porque esto puede no tolerar el agresor&#8221;, remarc\u00f3 en relaci\u00f3n a lo que implica el feminicidio. <\/p>\n\n\n\n<p id=\"block-0e8f3383-1eda-4497-bd89-4d6add01ed7e\" style=\"font-size:15px\">Recurso visual de la portada: <a href=\"https:\/\/www.freepik.es\/fotos-vectores-gratis\/papel\">Vector de Papel creado por macrovector &#8211; www.freepik.es<\/a><\/p>\n\n\n\n<p><\/p>\n\n\n\n<iframe loading=\"lazy\" width=\"100%\" height=\"300\" scrolling=\"no\" frameborder=\"no\" allow=\"autoplay\" src=\"https:\/\/w.soundcloud.com\/player\/?url=https%3A\/\/api.soundcloud.com\/tracks\/935991220&amp;color=%23ff5500&amp;auto_play=false&amp;hide_related=false&amp;show_comments=true&amp;show_user=true&amp;show_reposts=false&amp;show_teaser=true&amp;visual=true\"><\/iframe><div style=\"font-size: 10px; color: #cccccc;line-break: anywhere;word-break: normal;overflow: hidden;white-space: nowrap;text-overflow: ellipsis; font-family: Interstate,Lucida Grande,Lucida Sans Unicode,Lucida Sans,Garuda,Verdana,Tahoma,sans-serif;font-weight: 100;\"><a href=\"https:\/\/soundcloud.com\/enlatitud25\" title=\"Latitud 25\" target=\"_blank\" style=\"color: #cccccc; text-decoration: none;\" rel=\"noopener noreferrer\">Latitud 25<\/a> \u00b7 <a href=\"https:\/\/soundcloud.com\/enlatitud25\/l25-violencia-contra-la-mujer-en-tiempos-de-pandemia\" title=\"#L25 - Violencia contra la Mujer en Tiempos de Pandemia\" target=\"_blank\" style=\"color: #cccccc; text-decoration: none;\" rel=\"noopener noreferrer\">#L25 &#8211; Violencia contra la Mujer en Tiempos de Pandemia<\/a><\/div>\n","protected":false},"excerpt":{"rendered":"Dahiana Espinoza desapareci\u00f3 hace nueve meses. Su caso, as\u00ed como el de m\u00e1s de 100 personas desaparecidas, a\u00fan no fue resuelto por los investigadores. En medio de una fuerte campa\u00f1a en contra, bajo el lema #NoLasBuscaron, la Fiscal\u00eda asegura que hay indicios de feminicidio y hasta reconoce que la joven tuvo el peor final. \u00bfC\u00f3mo se desarroll\u00f3 la investigaci\u00f3n y por qu\u00e9 el Estado a\u00fan no puede encontrar los restos de otra joven mujer cuyo paradero se desconoce?\n","protected":false},"author":1,"featured_media":3858,"comment_status":"closed","ping_status":"closed","sticky":false,"template":"","format":"standard","meta":[],"categories":[12],"tags":[372,374,375,75,258],"ubicacion":[18],"yoast_head":"<!-- This site is optimized with the Yoast SEO plugin v20.8 - https:\/\/yoast.com\/wordpress\/plugins\/seo\/ -->\n<title>Dahiana Espinoza sigue desaparecida y esto es lo que se sabe del caso &ndash; Latitud25<\/title>\n<meta name=\"description\" content=\"Mir\u00e1 nuestros reportajes audiovisuales y seguinos para enterarte de las \u00faltimas noticias de Paraguay y el mundo, desde la Latitud25. Somos Alternativa de Informaci\u00f3n.\" \/>\n<meta name=\"robots\" content=\"index, follow, max-snippet:-1, max-image-preview:large, max-video-preview:-1\" \/>\n<link rel=\"canonical\" href=\"https:\/\/enlatitud25.com\/news\/dahiana-espinoza-sigue-desaparecida-y-esto-es-lo-que-se-sabe-del-caso\/\" \/>\n<meta property=\"og:locale\" content=\"es_ES\" \/>\n<meta property=\"og:type\" content=\"article\" \/>\n<meta property=\"og:title\" content=\"Dahiana Espinoza sigue desaparecida y esto es lo que se sabe del caso &ndash; Latitud25\" \/>\n<meta property=\"og:description\" content=\"Mir\u00e1 nuestros reportajes audiovisuales y seguinos para enterarte de las \u00faltimas noticias de Paraguay y el mundo, desde la Latitud25. Somos Alternativa de Informaci\u00f3n.\" \/>\n<meta property=\"og:url\" content=\"https:\/\/enlatitud25.com\/news\/dahiana-espinoza-sigue-desaparecida-y-esto-es-lo-que-se-sabe-del-caso\/\" \/>\n<meta property=\"og:site_name\" content=\"Latitud25\" \/>\n<meta property=\"article:publisher\" content=\"https:\/\/www.facebook.com\/EnLatitud25\" \/>\n<meta property=\"article:author\" content=\"https:\/\/www.facebook.com\/EnLatitud25\" \/>\n<meta property=\"article:published_time\" content=\"2021-06-16T23:40:01+00:00\" \/>\n<meta property=\"article:modified_time\" content=\"2021-06-17T14:25:45+00:00\" \/>\n<meta property=\"og:image\" content=\"https:\/\/enlatitud25.com\/news\/wp-content\/uploads\/2021\/06\/BUSQUEDA-01.jpg\" \/>\n\t<meta property=\"og:image:width\" content=\"800\" \/>\n\t<meta property=\"og:image:height\" content=\"500\" \/>\n\t<meta property=\"og:image:type\" content=\"image\/jpeg\" \/>\n<meta name=\"author\" content=\"Latitud 25\" \/>\n<meta name=\"twitter:card\" content=\"summary_large_image\" \/>\n<meta name=\"twitter:creator\" content=\"@EnLatitud25\" \/>\n<meta name=\"twitter:site\" content=\"@EnLatitud25\" \/>\n<meta name=\"twitter:label1\" content=\"Escrito por\" \/>\n\t<meta name=\"twitter:data1\" content=\"Latitud 25\" \/>\n\t<meta name=\"twitter:label2\" content=\"Tiempo de lectura\" \/>\n\t<meta name=\"twitter:data2\" content=\"4 minutos\" \/>\n<script type=\"application\/ld+json\" class=\"yoast-schema-graph\">{\"@context\":\"https:\/\/schema.org\",\"@graph\":[{\"@type\":\"Article\",\"@id\":\"https:\/\/enlatitud25.com\/news\/dahiana-espinoza-sigue-desaparecida-y-esto-es-lo-que-se-sabe-del-caso\/#article\",\"isPartOf\":{\"@id\":\"https:\/\/enlatitud25.com\/news\/dahiana-espinoza-sigue-desaparecida-y-esto-es-lo-que-se-sabe-del-caso\/\"},\"author\":{\"name\":\"Latitud 25\",\"@id\":\"https:\/\/enlatitud25.com\/news\/#\/schema\/person\/23aafe968917005a721b8eb760f2586e\"},\"headline\":\"Dahiana Espinoza sigue desaparecida y esto es lo que se sabe del caso\",\"datePublished\":\"2021-06-16T23:40:01+00:00\",\"dateModified\":\"2021-06-17T14:25:45+00:00\",\"mainEntityOfPage\":{\"@id\":\"https:\/\/enlatitud25.com\/news\/dahiana-espinoza-sigue-desaparecida-y-esto-es-lo-que-se-sabe-del-caso\/\"},\"wordCount\":980,\"publisher\":{\"@id\":\"https:\/\/enlatitud25.com\/news\/#organization\"},\"keywords\":[\"b\u00fasqueda\",\"Dahiana Espinoza\",\"desaparecida\",\"feminicidio\",\"investigaci\u00f3n\"],\"articleSection\":[\"Realidad\"],\"inLanguage\":\"es\"},{\"@type\":\"WebPage\",\"@id\":\"https:\/\/enlatitud25.com\/news\/dahiana-espinoza-sigue-desaparecida-y-esto-es-lo-que-se-sabe-del-caso\/\",\"url\":\"https:\/\/enlatitud25.com\/news\/dahiana-espinoza-sigue-desaparecida-y-esto-es-lo-que-se-sabe-del-caso\/\",\"name\":\"Dahiana Espinoza sigue desaparecida y esto es lo que se sabe del caso &ndash; Latitud25\",\"isPartOf\":{\"@id\":\"https:\/\/enlatitud25.com\/news\/#website\"},\"datePublished\":\"2021-06-16T23:40:01+00:00\",\"dateModified\":\"2021-06-17T14:25:45+00:00\",\"description\":\"Mir\u00e1 nuestros reportajes audiovisuales y seguinos para enterarte de las \u00faltimas noticias de Paraguay y el mundo, desde la Latitud25. Somos Alternativa de Informaci\u00f3n.\",\"breadcrumb\":{\"@id\":\"https:\/\/enlatitud25.com\/news\/dahiana-espinoza-sigue-desaparecida-y-esto-es-lo-que-se-sabe-del-caso\/#breadcrumb\"},\"inLanguage\":\"es\",\"potentialAction\":[{\"@type\":\"ReadAction\",\"target\":[\"https:\/\/enlatitud25.com\/news\/dahiana-espinoza-sigue-desaparecida-y-esto-es-lo-que-se-sabe-del-caso\/\"]}]},{\"@type\":\"BreadcrumbList\",\"@id\":\"https:\/\/enlatitud25.com\/news\/dahiana-espinoza-sigue-desaparecida-y-esto-es-lo-que-se-sabe-del-caso\/#breadcrumb\",\"itemListElement\":[{\"@type\":\"ListItem\",\"position\":1,\"name\":\"Home\",\"item\":\"https:\/\/enlatitud25.com\/news\/\"},{\"@type\":\"ListItem\",\"position\":2,\"name\":\"Dahiana Espinoza sigue desaparecida y esto es lo que se sabe del caso\"}]},{\"@type\":\"WebSite\",\"@id\":\"https:\/\/enlatitud25.com\/news\/#website\",\"url\":\"https:\/\/enlatitud25.com\/news\/\",\"name\":\"Latitud25\",\"description\":\"news\",\"publisher\":{\"@id\":\"https:\/\/enlatitud25.com\/news\/#organization\"},\"potentialAction\":[{\"@type\":\"SearchAction\",\"target\":{\"@type\":\"EntryPoint\",\"urlTemplate\":\"https:\/\/enlatitud25.com\/news\/?s={search_term_string}\"},\"query-input\":\"required name=search_term_string\"}],\"inLanguage\":\"es\"},{\"@type\":\"Organization\",\"@id\":\"https:\/\/enlatitud25.com\/news\/#organization\",\"name\":\"Latitud 25 - News\",\"url\":\"https:\/\/enlatitud25.com\/news\/\",\"logo\":{\"@type\":\"ImageObject\",\"inLanguage\":\"es\",\"@id\":\"https:\/\/enlatitud25.com\/news\/#\/schema\/logo\/image\/\",\"url\":\"https:\/\/enlatitud25.com\/news\/wp-content\/uploads\/2020\/11\/logo_latitud.png\",\"contentUrl\":\"https:\/\/enlatitud25.com\/news\/wp-content\/uploads\/2020\/11\/logo_latitud.png\",\"width\":235,\"height\":39,\"caption\":\"Latitud 25 - News\"},\"image\":{\"@id\":\"https:\/\/enlatitud25.com\/news\/#\/schema\/logo\/image\/\"},\"sameAs\":[\"https:\/\/www.facebook.com\/EnLatitud25\",\"https:\/\/twitter.com\/EnLatitud25\",\"https:\/\/www.instagram.com\/enlatitud25\/\",\"https:\/\/www.youtube.com\/user\/desdelatitud25\"]},{\"@type\":\"Person\",\"@id\":\"https:\/\/enlatitud25.com\/news\/#\/schema\/person\/23aafe968917005a721b8eb760f2586e\",\"name\":\"Latitud 25\",\"sameAs\":[\"https:\/\/enlatitud25.com\/news\",\"https:\/\/www.facebook.com\/EnLatitud25\",\"https:\/\/www.instagram.com\/enlatitud25\",\"https:\/\/www.youtube.com\/user\/desdelatitud25\",\"https:\/\/soundcloud.com\/enlatitud25\"],\"url\":\"https:\/\/enlatitud25.com\/news\/author\/nnews-uss00\/\"}]}<\/script>\n<!-- \/ Yoast SEO plugin. -->","yoast_head_json":{"title":"Dahiana Espinoza sigue desaparecida y esto es lo que se sabe del caso &ndash; Latitud25","description":"Mir\u00e1 nuestros reportajes audiovisuales y seguinos para enterarte de las \u00faltimas noticias de Paraguay y el mundo, desde la Latitud25. Somos Alternativa de Informaci\u00f3n.","robots":{"index":"index","follow":"follow","max-snippet":"max-snippet:-1","max-image-preview":"max-image-preview:large","max-video-preview":"max-video-preview:-1"},"canonical":"https:\/\/enlatitud25.com\/news\/dahiana-espinoza-sigue-desaparecida-y-esto-es-lo-que-se-sabe-del-caso\/","og_locale":"es_ES","og_type":"article","og_title":"Dahiana Espinoza sigue desaparecida y esto es lo que se sabe del caso &ndash; Latitud25","og_description":"Mir\u00e1 nuestros reportajes audiovisuales y seguinos para enterarte de las \u00faltimas noticias de Paraguay y el mundo, desde la Latitud25. Somos Alternativa de Informaci\u00f3n.","og_url":"https:\/\/enlatitud25.com\/news\/dahiana-espinoza-sigue-desaparecida-y-esto-es-lo-que-se-sabe-del-caso\/","og_site_name":"Latitud25","article_publisher":"https:\/\/www.facebook.com\/EnLatitud25","article_author":"https:\/\/www.facebook.com\/EnLatitud25","article_published_time":"2021-06-16T23:40:01+00:00","article_modified_time":"2021-06-17T14:25:45+00:00","og_image":[{"width":800,"height":500,"url":"https:\/\/enlatitud25.com\/news\/wp-content\/uploads\/2021\/06\/BUSQUEDA-01.jpg","type":"image\/jpeg"}],"author":"Latitud 25","twitter_card":"summary_large_image","twitter_creator":"@EnLatitud25","twitter_site":"@EnLatitud25","twitter_misc":{"Escrito por":"Latitud 25","Tiempo de lectura":"4 minutos"},"schema":{"@context":"https:\/\/schema.org","@graph":[{"@type":"Article","@id":"https:\/\/enlatitud25.com\/news\/dahiana-espinoza-sigue-desaparecida-y-esto-es-lo-que-se-sabe-del-caso\/#article","isPartOf":{"@id":"https:\/\/enlatitud25.com\/news\/dahiana-espinoza-sigue-desaparecida-y-esto-es-lo-que-se-sabe-del-caso\/"},"author":{"name":"Latitud 25","@id":"https:\/\/enlatitud25.com\/news\/#\/schema\/person\/23aafe968917005a721b8eb760f2586e"},"headline":"Dahiana Espinoza sigue desaparecida y esto es lo que se sabe del caso","datePublished":"2021-06-16T23:40:01+00:00","dateModified":"2021-06-17T14:25:45+00:00","mainEntityOfPage":{"@id":"https:\/\/enlatitud25.com\/news\/dahiana-espinoza-sigue-desaparecida-y-esto-es-lo-que-se-sabe-del-caso\/"},"wordCount":980,"publisher":{"@id":"https:\/\/enlatitud25.com\/news\/#organization"},"keywords":["b\u00fasqueda","Dahiana Espinoza","desaparecida","feminicidio","investigaci\u00f3n"],"articleSection":["Realidad"],"inLanguage":"es"},{"@type":"WebPage","@id":"https:\/\/enlatitud25.com\/news\/dahiana-espinoza-sigue-desaparecida-y-esto-es-lo-que-se-sabe-del-caso\/","url":"https:\/\/enlatitud25.com\/news\/dahiana-espinoza-sigue-desaparecida-y-esto-es-lo-que-se-sabe-del-caso\/","name":"Dahiana Espinoza sigue desaparecida y esto es lo que se sabe del caso &ndash; Latitud25","isPartOf":{"@id":"https:\/\/enlatitud25.com\/news\/#website"},"datePublished":"2021-06-16T23:40:01+00:00","dateModified":"2021-06-17T14:25:45+00:00","description":"Mir\u00e1 nuestros reportajes audiovisuales y seguinos para enterarte de las \u00faltimas noticias de Paraguay y el mundo, desde la Latitud25. Somos Alternativa de Informaci\u00f3n.","breadcrumb":{"@id":"https:\/\/enlatitud25.com\/news\/dahiana-espinoza-sigue-desaparecida-y-esto-es-lo-que-se-sabe-del-caso\/#breadcrumb"},"inLanguage":"es","potentialAction":[{"@type":"ReadAction","target":["https:\/\/enlatitud25.com\/news\/dahiana-espinoza-sigue-desaparecida-y-esto-es-lo-que-se-sabe-del-caso\/"]}]},{"@type":"BreadcrumbList","@id":"https:\/\/enlatitud25.com\/news\/dahiana-espinoza-sigue-desaparecida-y-esto-es-lo-que-se-sabe-del-caso\/#breadcrumb","itemListElement":[{"@type":"ListItem","position":1,"name":"Home","item":"https:\/\/enlatitud25.com\/news\/"},{"@type":"ListItem","position":2,"name":"Dahiana Espinoza sigue desaparecida y esto es lo que se sabe del caso"}]},{"@type":"WebSite","@id":"https:\/\/enlatitud25.com\/news\/#website","url":"https:\/\/enlatitud25.com\/news\/","name":"Latitud25","description":"news","publisher":{"@id":"https:\/\/enlatitud25.com\/news\/#organization"},"potentialAction":[{"@type":"SearchAction","target":{"@type":"EntryPoint","urlTemplate":"https:\/\/enlatitud25.com\/news\/?s={search_term_string}"},"query-input":"required name=search_term_string"}],"inLanguage":"es"},{"@type":"Organization","@id":"https:\/\/enlatitud25.com\/news\/#organization","name":"Latitud 25 - News","url":"https:\/\/enlatitud25.com\/news\/","logo":{"@type":"ImageObject","inLanguage":"es","@id":"https:\/\/enlatitud25.com\/news\/#\/schema\/logo\/image\/","url":"https:\/\/enlatitud25.com\/news\/wp-content\/uploads\/2020\/11\/logo_latitud.png","contentUrl":"https:\/\/enlatitud25.com\/news\/wp-content\/uploads\/2020\/11\/logo_latitud.png","width":235,"height":39,"caption":"Latitud 25 - News"},"image":{"@id":"https:\/\/enlatitud25.com\/news\/#\/schema\/logo\/image\/"},"sameAs":["https:\/\/www.facebook.com\/EnLatitud25","https:\/\/twitter.com\/EnLatitud25","https:\/\/www.instagram.com\/enlatitud25\/","https:\/\/www.youtube.com\/user\/desdelatitud25"]},{"@type":"Person","@id":"https:\/\/enlatitud25.com\/news\/#\/schema\/person\/23aafe968917005a721b8eb760f2586e","name":"Latitud 25","sameAs":["https:\/\/enlatitud25.com\/news","https:\/\/www.facebook.com\/EnLatitud25","https:\/\/www.instagram.com\/enlatitud25","https:\/\/www.youtube.com\/user\/desdelatitud25","https:\/\/soundcloud.com\/enlatitud25"],"url":"https:\/\/enlatitud25.com\/news\/author\/nnews-uss00\/"}]}},"_links":{"self":[{"href":"https:\/\/enlatitud25.com\/news\/wp-json\/wp\/v2\/posts\/3869"}],"collection":[{"href":"https:\/\/enlatitud25.com\/news\/wp-json\/wp\/v2\/posts"}],"about":[{"href":"https:\/\/enlatitud25.com\/news\/wp-json\/wp\/v2\/types\/post"}],"author":[{"embeddable":true,"href":"https:\/\/enlatitud25.com\/news\/wp-json\/wp\/v2\/users\/1"}],"replies":[{"embeddable":true,"href":"https:\/\/enlatitud25.com\/news\/wp-json\/wp\/v2\/comments?post=3869"}],"version-history":[{"count":4,"href":"https:\/\/enlatitud25.com\/news\/wp-json\/wp\/v2\/posts\/3869\/revisions"}],"predecessor-version":[{"id":3875,"href":"https:\/\/enlatitud25.com\/news\/wp-json\/wp\/v2\/posts\/3869\/revisions\/3875"}],"wp:featuredmedia":[{"embeddable":true,"href":"https:\/\/enlatitud25.com\/news\/wp-json\/wp\/v2\/media\/3858"}],"wp:attachment":[{"href":"https:\/\/enlatitud25.com\/news\/wp-json\/wp\/v2\/media?parent=3869"}],"wp:term":[{"taxonomy":"category","embeddable":true,"href":"https:\/\/enlatitud25.com\/news\/wp-json\/wp\/v2\/categories?post=3869"},{"taxonomy":"post_tag","embeddable":true,"href":"https:\/\/enlatitud25.com\/news\/wp-json\/wp\/v2\/tags?post=3869"},{"taxonomy":"ubicacion","embeddable":true,"href":"https:\/\/enlatitud25.com\/news\/wp-json\/wp\/v2\/ubicacion?post=3869"}],"curies":[{"name":"wp","href":"https:\/\/api.w.org\/{rel}","templated":true}]}}