{"id":3843,"date":"2021-06-15T21:55:57","date_gmt":"2021-06-15T21:55:57","guid":{"rendered":"https:\/\/enlatitud25.com\/news\/?p=3843"},"modified":"2021-06-15T21:56:49","modified_gmt":"2021-06-15T21:56:49","slug":"quien-busca-a-las-personas-desaparecidas","status":"publish","type":"post","link":"https:\/\/enlatitud25.com\/news\/quien-busca-a-las-personas-desaparecidas\/","title":{"rendered":"\u00bfQui\u00e9n busca a las personas desaparecidas en Paraguay?"},"content":{"rendered":"\n<p class=\"is-style-default\">El cuerpo sin vida de <strong>Isaura Bogado<\/strong> fue encontrado el 2 de junio de 2021, dos meses despu\u00e9s de su desaparici\u00f3n, solo porque se estaban haciendo trabajos de limpieza en un patio bald\u00edo. Los restos f\u00edsicos de <strong>Anal\u00eda Rodas<\/strong>, otra joven de la que nadie conoc\u00eda su paradero, fueron hallados enterrados en el jard\u00edn de su casa, siete meses despu\u00e9s de ser reportada como desaparecida.<\/p>\n\n\n\n<p>Un tr\u00e1gico final se registr\u00f3 en ambos casos, en los cuales el principal cuestionamiento se bas\u00f3 en la b\u00fasqueda deficiente realizada por la Polic\u00eda Nacional y el Ministerio P\u00fablico.<\/p>\n\n\n\n<p style=\"font-size:22px\"><strong>&#8220;Un patr\u00f3n del Estado&#8221;<\/strong><\/p>\n\n\n\n<p>Sobre este punto, RadioCast25 convers\u00f3 con <strong>Mirta Moragas<\/strong>, abogada especialista en derechos humanos, respecto las fallas que se est\u00e1n dando desde el Estado, en cuanto a garantizar el hallazgo en tiempo y forma de las personas desaparecidas.<\/p>\n\n\n\n<p>Respecto al caso de Isaura, se\u00f1al\u00f3 que este caso es muy revelador respecto a un patr\u00f3n de comportamiento del Estado paraguayo, que no busca a las personas desaparecidas en general, pero especialmente a las mujeres que desaparecen, y que adem\u00e1s, en estos casos se juzga la intimidad y el entorno de la v\u00edctima. <\/p>\n\n\n\n<p>&#8220;Si desaparecen adolescentes preguntan si tienen novio, si desaparecen mujeres adultas, preguntan cu\u00e1l era su vida, como si hubiera una justificaci\u00f3n para no buscar, ahora hay personas desaparecidas que no son buscadas. Si se trata de un cuerpo, el Estado tiene que encontrarlo a tiempo&#8221;, asever\u00f3. <\/p>\n\n\n\n<p>Seg\u00fan el informe del Departamento Anti Trata de Personas de la <strong>Polic\u00eda Nacional<\/strong>, que data de noviembre de 2020 hasta mayo de 2021, en total 121 personas fueron reportadas como desaparecidas. Sin embargo, no se dio a conocer un listado con el nombre y las edades de estas personas. <\/p>\n\n\n\n<p>En este sentido, el abogado penalista <strong>Guillermo Ferreiro<\/strong> present\u00f3 una denuncia ante la C\u00e1mara de Diputados contra la Fiscala General del Estado, Sandra Qui\u00f1\u00f3nez, por inacci\u00f3n del Ministerio P\u00fablico. En el documento, solicita la remoci\u00f3n de la m\u00e1xima representante de la Fiscal\u00eda v\u00eda juicio pol\u00edtico.<\/p>\n\n\n\n<p>Cabe se\u00f1alar que los cuestionamientos pol\u00edticos en cuanto al desempe\u00f1o de Qui\u00f1\u00f3nez no son nuevos, por la aparente instrumentaci\u00f3n del Ministerio P\u00fablico en beneficio de un segmento del Partido Colorado que responde al ex-presidente Horacio Cartes, que fue quien la nomin\u00f3 al cargo en marzo de 2018.<\/p>\n\n\n\n<figure class=\"wp-block-embed-twitter wp-block-embed is-type-rich is-provider-twitter\"><div class=\"wp-block-embed__wrapper\">\n<blockquote class=\"twitter-tweet\" data-width=\"550\" data-dnt=\"true\"><p lang=\"es\" dir=\"ltr\">\ud83d\udd18LO \u00daLTIMO |<br><br>\ud83d\udccdEl Abg. <a href=\"https:\/\/twitter.com\/GuiFerreiroPy?ref_src=twsrc%5Etfw\">@GuiFerreiroPy<\/a> denuncia al <a href=\"https:\/\/twitter.com\/MinPublicoPy?ref_src=twsrc%5Etfw\">@MinPublicoPy<\/a> por la inacci\u00f3n en el caso de Anal\u00eda Rodas.<br><br>\ud83d\udcc4La nota se dirige a <a href=\"https:\/\/twitter.com\/AllianaPedro?ref_src=twsrc%5Etfw\">@AllianaPedro<\/a>, Pdte. de <a href=\"https:\/\/twitter.com\/DiputadosPy?ref_src=twsrc%5Etfw\">@DiputadosPy<\/a>, y exige juicio pol\u00edtico a la Fiscal General del Estado, Sandra Qui\u00f1\u00f3nez.<br><br>\ud83d\udcf8: <a href=\"https:\/\/twitter.com\/Michimoragas?ref_src=twsrc%5Etfw\">@Michimoragas<\/a><a href=\"https:\/\/twitter.com\/hashtag\/NoLasBuscan?src=hash&amp;ref_src=twsrc%5Etfw\">#NoLasBuscan<\/a><a href=\"https:\/\/twitter.com\/hashtag\/L25?src=hash&amp;ref_src=twsrc%5Etfw\">#L25<\/a> <a href=\"https:\/\/t.co\/YUI5oAZZ8G\">pic.twitter.com\/YUI5oAZZ8G<\/a><\/p>&mdash; LATITUD 25 (@EnLatitud25) <a href=\"https:\/\/twitter.com\/EnLatitud25\/status\/1404808928869982217?ref_src=twsrc%5Etfw\">June 15, 2021<\/a><\/blockquote><script async src=\"https:\/\/platform.twitter.com\/widgets.js\" charset=\"utf-8\"><\/script>\n<\/div><\/figure>\n\n\n\n<p style=\"font-size:22px\"><strong>Una cuenta pendiente<\/strong><\/p>\n\n\n\n<p>Al respecto, <strong>Rogelio&nbsp;Goibur\u00fa<\/strong>, director de Memoria Hist\u00f3rica y Reparaci\u00f3n del&nbsp;Ministerio de&nbsp;Justicia y activista en la lucha de la recuperaci\u00f3n de los restos de desaparecidos durante la dictadura, manifest\u00f3 que es hist\u00f3rica la indiferencia del Estado en relaci\u00f3n a su responsabilidad de encontrar a personas desaparecidas.<\/p>\n\n\n\n<p>Apunt\u00f3 que en el marco de su trabajo, cuando se habla de desaparecidos, desde la perspectiva de derechos humanos, se habla de la responsabilidad que tiene el Estado cuando por su accionar desaparecieron las personas. No obstante, apunt\u00f3 que en los recientes casos, desde el contexto de la labor de la Fiscal\u00eda, en Paraguay existe un d\u00e9ficit por falta de inversi\u00f3n.<\/p>\n\n\n\n<p>&#8220;Paraguay es uno de los pocos pa\u00edses de Latinoam\u00e9rica que no tiene un equipo antrop\u00f3logo forense. Nosotros por eso trabajamos con el equipo argentino de antropolog\u00eda forense que se dedica a investigar cr\u00edmenes de Estado, por eso no nos cansamos de se\u00f1alar de que el Estado se haga cargo de todos estos hechos, no solo de las desapariciones forzadas sino tambi\u00e9n de cr\u00edmenes comunes&#8221;, enfatiz\u00f3.<\/p>\n\n\n\n<p>Asegur\u00f3 que el gobierno nacional tiene mucho trabajo por hacer en el campo de las desapariciones de nuestro pa\u00eds. Adem\u00e1s explic\u00f3 las diferencia que hay entre los desaparecidos por terrorismo de Estado y por otro tipo de cr\u00edmenes.<\/p>\n\n\n\n<p>&#8220;Yo me dedico a la b\u00fasqueda de desparecidos en contexto de terrorismo de Estado, que fueron centenares y probablemente miles. Lo que nosotros recogimos de la Comisi\u00f3n Verdad y Justicia son alrededor de 300 denuncias, seguimos trabajando y hoy tenemos alrededor de 500&#8221;, apunt\u00f3.<\/p>\n\n\n\n<p>Finaliz\u00f3 que todo lo que pasa en Paraguay es consecuencia de los 35 a\u00f1os de terrorismo de Estado que se vivieron durante la dictadura. &#8220;Estamos viviendo una pel\u00edcula de terror en nuestro pa\u00eds, uno sale a la calle y no sab\u00e9s si se va a investigar lo que pas\u00f3&#8221;, concluy\u00f3.<\/p>\n","protected":false},"excerpt":{"rendered":"Los sonados casos de lamentables hallazgos de dos mujeres que estaban desaparecidas, puso en tela de juicio el actuar de los organismos investigadores como la Polic\u00eda y la Fiscal\u00eda, por la falta de resultados reales a corto plazo en casos de desaparici\u00f3n de personas. La pregunta que se hace un gran porcentaje de la ciudadan\u00eda a trav\u00e9s de las redes sociales es, \u00bfqui\u00e9n te va a buscar si desaparec\u00e9s?\n","protected":false},"author":1,"featured_media":3848,"comment_status":"closed","ping_status":"closed","sticky":false,"template":"","format":"standard","meta":[],"categories":[12],"tags":[372,371,373,311],"ubicacion":[18],"yoast_head":"<!-- This site is optimized with the Yoast SEO plugin v20.8 - https:\/\/yoast.com\/wordpress\/plugins\/seo\/ -->\n<title>\u00bfQui\u00e9n busca a las personas desaparecidas en Paraguay? &ndash; Latitud25<\/title>\n<meta name=\"description\" content=\"Mir\u00e1 nuestros reportajes audiovisuales y seguinos para enterarte de las \u00faltimas noticias de Paraguay y el mundo, desde la Latitud25. Somos Alternativa de Informaci\u00f3n.\" \/>\n<meta name=\"robots\" content=\"index, follow, max-snippet:-1, max-image-preview:large, max-video-preview:-1\" \/>\n<link rel=\"canonical\" href=\"https:\/\/enlatitud25.com\/news\/quien-busca-a-las-personas-desaparecidas\/\" \/>\n<meta property=\"og:locale\" content=\"es_ES\" \/>\n<meta property=\"og:type\" content=\"article\" \/>\n<meta property=\"og:title\" content=\"\u00bfQui\u00e9n busca a las personas desaparecidas en Paraguay? &ndash; Latitud25\" \/>\n<meta property=\"og:description\" content=\"Mir\u00e1 nuestros reportajes audiovisuales y seguinos para enterarte de las \u00faltimas noticias de Paraguay y el mundo, desde la Latitud25. Somos Alternativa de Informaci\u00f3n.\" \/>\n<meta property=\"og:url\" content=\"https:\/\/enlatitud25.com\/news\/quien-busca-a-las-personas-desaparecidas\/\" \/>\n<meta property=\"og:site_name\" content=\"Latitud25\" \/>\n<meta property=\"article:publisher\" content=\"https:\/\/www.facebook.com\/EnLatitud25\" \/>\n<meta property=\"article:author\" content=\"https:\/\/www.facebook.com\/EnLatitud25\" \/>\n<meta property=\"article:published_time\" content=\"2021-06-15T21:55:57+00:00\" \/>\n<meta property=\"article:modified_time\" content=\"2021-06-15T21:56:49+00:00\" \/>\n<meta property=\"og:image\" content=\"https:\/\/enlatitud25.com\/news\/wp-content\/uploads\/2021\/06\/WhatsApp-Image-2021-06-15-at-15.40.51.jpeg\" \/>\n\t<meta property=\"og:image:width\" content=\"800\" \/>\n\t<meta property=\"og:image:height\" content=\"500\" \/>\n\t<meta property=\"og:image:type\" content=\"image\/jpeg\" \/>\n<meta name=\"author\" content=\"Latitud 25\" \/>\n<meta name=\"twitter:card\" content=\"summary_large_image\" \/>\n<meta name=\"twitter:creator\" content=\"@EnLatitud25\" \/>\n<meta name=\"twitter:site\" content=\"@EnLatitud25\" \/>\n<meta name=\"twitter:label1\" content=\"Escrito por\" \/>\n\t<meta name=\"twitter:data1\" content=\"Latitud 25\" \/>\n\t<meta name=\"twitter:label2\" content=\"Tiempo de lectura\" \/>\n\t<meta name=\"twitter:data2\" content=\"3 minutos\" \/>\n<script type=\"application\/ld+json\" class=\"yoast-schema-graph\">{\"@context\":\"https:\/\/schema.org\",\"@graph\":[{\"@type\":\"Article\",\"@id\":\"https:\/\/enlatitud25.com\/news\/quien-busca-a-las-personas-desaparecidas\/#article\",\"isPartOf\":{\"@id\":\"https:\/\/enlatitud25.com\/news\/quien-busca-a-las-personas-desaparecidas\/\"},\"author\":{\"name\":\"Latitud 25\",\"@id\":\"https:\/\/enlatitud25.com\/news\/#\/schema\/person\/23aafe968917005a721b8eb760f2586e\"},\"headline\":\"\u00bfQui\u00e9n busca a las personas desaparecidas en Paraguay?\",\"datePublished\":\"2021-06-15T21:55:57+00:00\",\"dateModified\":\"2021-06-15T21:56:49+00:00\",\"mainEntityOfPage\":{\"@id\":\"https:\/\/enlatitud25.com\/news\/quien-busca-a-las-personas-desaparecidas\/\"},\"wordCount\":754,\"publisher\":{\"@id\":\"https:\/\/enlatitud25.com\/news\/#organization\"},\"keywords\":[\"b\u00fasqueda\",\"desaparecidas\",\"fiscal\u00eda\",\"polic\u00eda\"],\"articleSection\":[\"Realidad\"],\"inLanguage\":\"es\"},{\"@type\":\"WebPage\",\"@id\":\"https:\/\/enlatitud25.com\/news\/quien-busca-a-las-personas-desaparecidas\/\",\"url\":\"https:\/\/enlatitud25.com\/news\/quien-busca-a-las-personas-desaparecidas\/\",\"name\":\"\u00bfQui\u00e9n busca a las personas desaparecidas en Paraguay? &ndash; Latitud25\",\"isPartOf\":{\"@id\":\"https:\/\/enlatitud25.com\/news\/#website\"},\"datePublished\":\"2021-06-15T21:55:57+00:00\",\"dateModified\":\"2021-06-15T21:56:49+00:00\",\"description\":\"Mir\u00e1 nuestros reportajes audiovisuales y seguinos para enterarte de las \u00faltimas noticias de Paraguay y el mundo, desde la Latitud25. Somos Alternativa de Informaci\u00f3n.\",\"breadcrumb\":{\"@id\":\"https:\/\/enlatitud25.com\/news\/quien-busca-a-las-personas-desaparecidas\/#breadcrumb\"},\"inLanguage\":\"es\",\"potentialAction\":[{\"@type\":\"ReadAction\",\"target\":[\"https:\/\/enlatitud25.com\/news\/quien-busca-a-las-personas-desaparecidas\/\"]}]},{\"@type\":\"BreadcrumbList\",\"@id\":\"https:\/\/enlatitud25.com\/news\/quien-busca-a-las-personas-desaparecidas\/#breadcrumb\",\"itemListElement\":[{\"@type\":\"ListItem\",\"position\":1,\"name\":\"Home\",\"item\":\"https:\/\/enlatitud25.com\/news\/\"},{\"@type\":\"ListItem\",\"position\":2,\"name\":\"\u00bfQui\u00e9n busca a las personas desaparecidas en Paraguay?\"}]},{\"@type\":\"WebSite\",\"@id\":\"https:\/\/enlatitud25.com\/news\/#website\",\"url\":\"https:\/\/enlatitud25.com\/news\/\",\"name\":\"Latitud25\",\"description\":\"news\",\"publisher\":{\"@id\":\"https:\/\/enlatitud25.com\/news\/#organization\"},\"potentialAction\":[{\"@type\":\"SearchAction\",\"target\":{\"@type\":\"EntryPoint\",\"urlTemplate\":\"https:\/\/enlatitud25.com\/news\/?s={search_term_string}\"},\"query-input\":\"required name=search_term_string\"}],\"inLanguage\":\"es\"},{\"@type\":\"Organization\",\"@id\":\"https:\/\/enlatitud25.com\/news\/#organization\",\"name\":\"Latitud 25 - News\",\"url\":\"https:\/\/enlatitud25.com\/news\/\",\"logo\":{\"@type\":\"ImageObject\",\"inLanguage\":\"es\",\"@id\":\"https:\/\/enlatitud25.com\/news\/#\/schema\/logo\/image\/\",\"url\":\"https:\/\/enlatitud25.com\/news\/wp-content\/uploads\/2020\/11\/logo_latitud.png\",\"contentUrl\":\"https:\/\/enlatitud25.com\/news\/wp-content\/uploads\/2020\/11\/logo_latitud.png\",\"width\":235,\"height\":39,\"caption\":\"Latitud 25 - News\"},\"image\":{\"@id\":\"https:\/\/enlatitud25.com\/news\/#\/schema\/logo\/image\/\"},\"sameAs\":[\"https:\/\/www.facebook.com\/EnLatitud25\",\"https:\/\/twitter.com\/EnLatitud25\",\"https:\/\/www.instagram.com\/enlatitud25\/\",\"https:\/\/www.youtube.com\/user\/desdelatitud25\"]},{\"@type\":\"Person\",\"@id\":\"https:\/\/enlatitud25.com\/news\/#\/schema\/person\/23aafe968917005a721b8eb760f2586e\",\"name\":\"Latitud 25\",\"sameAs\":[\"https:\/\/enlatitud25.com\/news\",\"https:\/\/www.facebook.com\/EnLatitud25\",\"https:\/\/www.instagram.com\/enlatitud25\",\"https:\/\/www.youtube.com\/user\/desdelatitud25\",\"https:\/\/soundcloud.com\/enlatitud25\"],\"url\":\"https:\/\/enlatitud25.com\/news\/author\/nnews-uss00\/\"}]}<\/script>\n<!-- \/ Yoast SEO plugin. -->","yoast_head_json":{"title":"\u00bfQui\u00e9n busca a las personas desaparecidas en Paraguay? &ndash; Latitud25","description":"Mir\u00e1 nuestros reportajes audiovisuales y seguinos para enterarte de las \u00faltimas noticias de Paraguay y el mundo, desde la Latitud25. Somos Alternativa de Informaci\u00f3n.","robots":{"index":"index","follow":"follow","max-snippet":"max-snippet:-1","max-image-preview":"max-image-preview:large","max-video-preview":"max-video-preview:-1"},"canonical":"https:\/\/enlatitud25.com\/news\/quien-busca-a-las-personas-desaparecidas\/","og_locale":"es_ES","og_type":"article","og_title":"\u00bfQui\u00e9n busca a las personas desaparecidas en Paraguay? &ndash; Latitud25","og_description":"Mir\u00e1 nuestros reportajes audiovisuales y seguinos para enterarte de las \u00faltimas noticias de Paraguay y el mundo, desde la Latitud25. Somos Alternativa de Informaci\u00f3n.","og_url":"https:\/\/enlatitud25.com\/news\/quien-busca-a-las-personas-desaparecidas\/","og_site_name":"Latitud25","article_publisher":"https:\/\/www.facebook.com\/EnLatitud25","article_author":"https:\/\/www.facebook.com\/EnLatitud25","article_published_time":"2021-06-15T21:55:57+00:00","article_modified_time":"2021-06-15T21:56:49+00:00","og_image":[{"width":800,"height":500,"url":"https:\/\/enlatitud25.com\/news\/wp-content\/uploads\/2021\/06\/WhatsApp-Image-2021-06-15-at-15.40.51.jpeg","type":"image\/jpeg"}],"author":"Latitud 25","twitter_card":"summary_large_image","twitter_creator":"@EnLatitud25","twitter_site":"@EnLatitud25","twitter_misc":{"Escrito por":"Latitud 25","Tiempo de lectura":"3 minutos"},"schema":{"@context":"https:\/\/schema.org","@graph":[{"@type":"Article","@id":"https:\/\/enlatitud25.com\/news\/quien-busca-a-las-personas-desaparecidas\/#article","isPartOf":{"@id":"https:\/\/enlatitud25.com\/news\/quien-busca-a-las-personas-desaparecidas\/"},"author":{"name":"Latitud 25","@id":"https:\/\/enlatitud25.com\/news\/#\/schema\/person\/23aafe968917005a721b8eb760f2586e"},"headline":"\u00bfQui\u00e9n busca a las personas desaparecidas en Paraguay?","datePublished":"2021-06-15T21:55:57+00:00","dateModified":"2021-06-15T21:56:49+00:00","mainEntityOfPage":{"@id":"https:\/\/enlatitud25.com\/news\/quien-busca-a-las-personas-desaparecidas\/"},"wordCount":754,"publisher":{"@id":"https:\/\/enlatitud25.com\/news\/#organization"},"keywords":["b\u00fasqueda","desaparecidas","fiscal\u00eda","polic\u00eda"],"articleSection":["Realidad"],"inLanguage":"es"},{"@type":"WebPage","@id":"https:\/\/enlatitud25.com\/news\/quien-busca-a-las-personas-desaparecidas\/","url":"https:\/\/enlatitud25.com\/news\/quien-busca-a-las-personas-desaparecidas\/","name":"\u00bfQui\u00e9n busca a las personas desaparecidas en Paraguay? &ndash; Latitud25","isPartOf":{"@id":"https:\/\/enlatitud25.com\/news\/#website"},"datePublished":"2021-06-15T21:55:57+00:00","dateModified":"2021-06-15T21:56:49+00:00","description":"Mir\u00e1 nuestros reportajes audiovisuales y seguinos para enterarte de las \u00faltimas noticias de Paraguay y el mundo, desde la Latitud25. Somos Alternativa de Informaci\u00f3n.","breadcrumb":{"@id":"https:\/\/enlatitud25.com\/news\/quien-busca-a-las-personas-desaparecidas\/#breadcrumb"},"inLanguage":"es","potentialAction":[{"@type":"ReadAction","target":["https:\/\/enlatitud25.com\/news\/quien-busca-a-las-personas-desaparecidas\/"]}]},{"@type":"BreadcrumbList","@id":"https:\/\/enlatitud25.com\/news\/quien-busca-a-las-personas-desaparecidas\/#breadcrumb","itemListElement":[{"@type":"ListItem","position":1,"name":"Home","item":"https:\/\/enlatitud25.com\/news\/"},{"@type":"ListItem","position":2,"name":"\u00bfQui\u00e9n busca a las personas desaparecidas en Paraguay?"}]},{"@type":"WebSite","@id":"https:\/\/enlatitud25.com\/news\/#website","url":"https:\/\/enlatitud25.com\/news\/","name":"Latitud25","description":"news","publisher":{"@id":"https:\/\/enlatitud25.com\/news\/#organization"},"potentialAction":[{"@type":"SearchAction","target":{"@type":"EntryPoint","urlTemplate":"https:\/\/enlatitud25.com\/news\/?s={search_term_string}"},"query-input":"required name=search_term_string"}],"inLanguage":"es"},{"@type":"Organization","@id":"https:\/\/enlatitud25.com\/news\/#organization","name":"Latitud 25 - News","url":"https:\/\/enlatitud25.com\/news\/","logo":{"@type":"ImageObject","inLanguage":"es","@id":"https:\/\/enlatitud25.com\/news\/#\/schema\/logo\/image\/","url":"https:\/\/enlatitud25.com\/news\/wp-content\/uploads\/2020\/11\/logo_latitud.png","contentUrl":"https:\/\/enlatitud25.com\/news\/wp-content\/uploads\/2020\/11\/logo_latitud.png","width":235,"height":39,"caption":"Latitud 25 - News"},"image":{"@id":"https:\/\/enlatitud25.com\/news\/#\/schema\/logo\/image\/"},"sameAs":["https:\/\/www.facebook.com\/EnLatitud25","https:\/\/twitter.com\/EnLatitud25","https:\/\/www.instagram.com\/enlatitud25\/","https:\/\/www.youtube.com\/user\/desdelatitud25"]},{"@type":"Person","@id":"https:\/\/enlatitud25.com\/news\/#\/schema\/person\/23aafe968917005a721b8eb760f2586e","name":"Latitud 25","sameAs":["https:\/\/enlatitud25.com\/news","https:\/\/www.facebook.com\/EnLatitud25","https:\/\/www.instagram.com\/enlatitud25","https:\/\/www.youtube.com\/user\/desdelatitud25","https:\/\/soundcloud.com\/enlatitud25"],"url":"https:\/\/enlatitud25.com\/news\/author\/nnews-uss00\/"}]}},"_links":{"self":[{"href":"https:\/\/enlatitud25.com\/news\/wp-json\/wp\/v2\/posts\/3843"}],"collection":[{"href":"https:\/\/enlatitud25.com\/news\/wp-json\/wp\/v2\/posts"}],"about":[{"href":"https:\/\/enlatitud25.com\/news\/wp-json\/wp\/v2\/types\/post"}],"author":[{"embeddable":true,"href":"https:\/\/enlatitud25.com\/news\/wp-json\/wp\/v2\/users\/1"}],"replies":[{"embeddable":true,"href":"https:\/\/enlatitud25.com\/news\/wp-json\/wp\/v2\/comments?post=3843"}],"version-history":[{"count":6,"href":"https:\/\/enlatitud25.com\/news\/wp-json\/wp\/v2\/posts\/3843\/revisions"}],"predecessor-version":[{"id":3852,"href":"https:\/\/enlatitud25.com\/news\/wp-json\/wp\/v2\/posts\/3843\/revisions\/3852"}],"wp:featuredmedia":[{"embeddable":true,"href":"https:\/\/enlatitud25.com\/news\/wp-json\/wp\/v2\/media\/3848"}],"wp:attachment":[{"href":"https:\/\/enlatitud25.com\/news\/wp-json\/wp\/v2\/media?parent=3843"}],"wp:term":[{"taxonomy":"category","embeddable":true,"href":"https:\/\/enlatitud25.com\/news\/wp-json\/wp\/v2\/categories?post=3843"},{"taxonomy":"post_tag","embeddable":true,"href":"https:\/\/enlatitud25.com\/news\/wp-json\/wp\/v2\/tags?post=3843"},{"taxonomy":"ubicacion","embeddable":true,"href":"https:\/\/enlatitud25.com\/news\/wp-json\/wp\/v2\/ubicacion?post=3843"}],"curies":[{"name":"wp","href":"https:\/\/api.w.org\/{rel}","templated":true}]}}