{"id":3814,"date":"2021-06-12T04:00:00","date_gmt":"2021-06-12T04:00:00","guid":{"rendered":"https:\/\/enlatitud25.com\/news\/?p=3814"},"modified":"2021-06-11T22:07:19","modified_gmt":"2021-06-11T22:07:19","slug":"trabajo-infantil-afecta-a-unos-400-000-ninos-en-paraguay","status":"publish","type":"post","link":"https:\/\/enlatitud25.com\/news\/trabajo-infantil-afecta-a-unos-400-000-ninos-en-paraguay\/","title":{"rendered":"Trabajo infantil afecta a unos 400.000 ni\u00f1os en Paraguay"},"content":{"rendered":"\n<p>El trabajo infantil es una realidad que hasta la fecha no ha podido ser erradicada en Paraguay, esta situaci\u00f3n viola varios derechos de los ni\u00f1os, ni\u00f1as y adolescentes, los expone a diversos riesgos y en muchos casos tambi\u00e9n les quita la posibilidad de ir a la escuela o al colegio. <\/p>\n\n\n\n<p>Lo m\u00e1s preocupante, es que con las situaciones generadas por la pandemia del COVID-19, que recrudeci\u00f3 la vulnerabilidad en cientos de familia, esto acrecent\u00f3 la exposici\u00f3n de los menores a esta situaci\u00f3n de trabajo. <\/p>\n\n\n\n<p><strong>Le\u00e9 tambi\u00e9n: <a href=\"https:\/\/enlatitud25.com\/news\/la-deuda-de-la-que-no-se-habla-insisten-en-que-paraguay-cumpla-su-deber-con-ddhh\/\">La deuda de la que no se habla: Insisten en que Paraguay cumpla su deber con DDHH<\/a><\/strong><\/p>\n\n\n\n<p>En ese contexto, la Organizaci\u00f3n Internacional del Trabajo (OIT) y UNICEF hab\u00edan alertado, en junio de 2020, que esta pandemia, podr\u00eda influir en un incremento del trabajo infantil y forzoso despu\u00e9s de dos d\u00e9cadas de avances. <\/p>\n\n\n\n<p><\/p>\n\n\n\n<iframe loading=\"lazy\" src=\"https:\/\/www.facebook.com\/plugins\/post.php?href=https%3A%2F%2Fwww.facebook.com%2Fparaguayminna%2Fposts%2F4129650047080792&#038;show_text=true&#038;width=500\" width=\"500\" height=\"672\" style=\"border:none;overflow:hidden\" scrolling=\"no\" frameborder=\"0\" allowfullscreen=\"true\" allow=\"autoplay; clipboard-write; encrypted-media; picture-in-picture; web-share\"><\/iframe>\n\n\n\n<p style=\"font-size:22px\"><strong>Esfuerzos por erradicar esta situaci\u00f3n<\/strong><\/p>\n\n\n\n<p>Por ese motivo, este 2021 fue declarado por la Organizaci\u00f3n de las Naciones Unidas como el &#8220;A\u00f1o Internacional para la Erradicaci\u00f3n del Trabajo Infantil&#8221;, para enfrentar los desaf\u00edos que desentra\u00f1\u00f3 esta pandemia y buscar una forma de lograr erradicar el trabajo infantil en todas sus formas para el a\u00f1o 2025, la meta 8.7 de los ODS (Objetivos y Metas del Desarrollo Sostenible).<\/p>\n\n\n\n<p> <strong>#ParaguaySinTrabajoInfantil<\/strong>, es parte de una campa\u00f1a comunicacional realizada por la Comisi\u00f3n nacional para la prevenci\u00f3n y erradicaci\u00f3n del trabajo Infantil y la prevenci\u00f3n del trabajo de los adolescentes (CONAETI), con el apoyo de la OIT, para que los ni\u00f1os y ni\u00f1as dejen de hacer trabajos que no les corresponden y se preocupen solo de cumplir sus sue\u00f1os. <\/p>\n\n\n\n<p>Al respecto, este viernes \u00faltimo se realiz\u00f3 el seminario internacional virtual denominado \u201cPol\u00edticas y Acciones para la Prevenci\u00f3n y Eliminaci\u00f3n del Trabajo Infantil en tiempo de Pandemia\u201d. <\/p>\n\n\n\n<p>En ese espacio, la ministra de la Ni\u00f1ez y la Adolescencia,<strong> Teresa Mart\u00ednez<\/strong>, las municipalidades tienen una gran responsabilidad en para protege a los menores de edad e instalar  pol\u00edticas para la infancia por disposici\u00f3n de su propia Ley Org\u00e1nica y del C\u00f3digo de la Ni\u00f1ez y de la Adolescencia.<\/p>\n\n\n\n<p>\u201cAqu\u00ed necesitamos que los municipios asuman su rol preponderante en materia de ni\u00f1ez y adolescencia en calle, ya que es una competencia municipal\u201d, sostuvo.<\/p>\n\n\n\n<p style=\"font-size:22px\"><strong>Situaci\u00f3n similar en toda latinoam\u00e9rica<\/strong><\/p>\n\n\n\n<p>En Am\u00e9rica Latina y el Caribe, aproximadamente unos 8,2 millones de ni\u00f1os, ni\u00f1as y adolescentes, de entre 5 y 17 a\u00f1os, trabajan. <\/p>\n\n\n\n<p>&#8220;La combinaci\u00f3n de la p\u00e9rdida de empleo, el aumento de la pobreza y el cierre de escuelas es una tormenta perfecta para la proliferaci\u00f3n del trabajo infantil&#8221;, dijo el director regional de la OIT para Am\u00e9rica Latina y el Caribe, Vin\u00edcius Pinheiro, seg\u00fan un reporte de la Agencia EFE.<\/p>\n","protected":false},"excerpt":{"rendered":"Hoy, 12 de junio, se recuerda el D\u00eda Mundial Contra el Trabajo Infantil, una fecha importante para recordar que en Paraguay, un total de 416.425 del total de ni\u00f1os, ni\u00f1as y adolescentes se encuentra en situaci\u00f3n de trabajo infantil. Esta situaci\u00f3n en los menores de edad se vio enfatizada por la pandemia del COVID-19.\n","protected":false},"author":1,"featured_media":3819,"comment_status":"closed","ping_status":"closed","sticky":false,"template":"","format":"standard","meta":[],"categories":[1],"tags":[79,367,59,221],"ubicacion":[17],"yoast_head":"<!-- This site is optimized with the Yoast SEO plugin v20.8 - https:\/\/yoast.com\/wordpress\/plugins\/seo\/ -->\n<title>Trabajo infantil afecta a unos 400.000 ni\u00f1os en Paraguay &ndash; Latitud25<\/title>\n<meta name=\"description\" content=\"Mir\u00e1 nuestros reportajes audiovisuales y seguinos para enterarte de las \u00faltimas noticias de Paraguay y el mundo, desde la Latitud25. Somos Alternativa de Informaci\u00f3n.\" \/>\n<meta name=\"robots\" content=\"index, follow, max-snippet:-1, max-image-preview:large, max-video-preview:-1\" \/>\n<link rel=\"canonical\" href=\"https:\/\/enlatitud25.com\/news\/trabajo-infantil-afecta-a-unos-400-000-ninos-en-paraguay\/\" \/>\n<meta property=\"og:locale\" content=\"es_ES\" \/>\n<meta property=\"og:type\" content=\"article\" \/>\n<meta property=\"og:title\" content=\"Trabajo infantil afecta a unos 400.000 ni\u00f1os en Paraguay &ndash; Latitud25\" \/>\n<meta property=\"og:description\" content=\"Mir\u00e1 nuestros reportajes audiovisuales y seguinos para enterarte de las \u00faltimas noticias de Paraguay y el mundo, desde la Latitud25. Somos Alternativa de Informaci\u00f3n.\" \/>\n<meta property=\"og:url\" content=\"https:\/\/enlatitud25.com\/news\/trabajo-infantil-afecta-a-unos-400-000-ninos-en-paraguay\/\" \/>\n<meta property=\"og:site_name\" content=\"Latitud25\" \/>\n<meta property=\"article:publisher\" content=\"https:\/\/www.facebook.com\/EnLatitud25\" \/>\n<meta property=\"article:author\" content=\"https:\/\/www.facebook.com\/EnLatitud25\" \/>\n<meta property=\"article:published_time\" content=\"2021-06-12T04:00:00+00:00\" \/>\n<meta property=\"article:modified_time\" content=\"2021-06-11T22:07:19+00:00\" \/>\n<meta property=\"og:image\" content=\"https:\/\/enlatitud25.com\/news\/wp-content\/uploads\/2021\/06\/WhatsApp-Image-2021-06-11-at-17.38.49.jpeg\" \/>\n\t<meta property=\"og:image:width\" content=\"800\" \/>\n\t<meta property=\"og:image:height\" content=\"500\" \/>\n\t<meta property=\"og:image:type\" content=\"image\/jpeg\" \/>\n<meta name=\"author\" content=\"Latitud 25\" \/>\n<meta name=\"twitter:card\" content=\"summary_large_image\" \/>\n<meta name=\"twitter:creator\" content=\"@EnLatitud25\" \/>\n<meta name=\"twitter:site\" content=\"@EnLatitud25\" \/>\n<meta name=\"twitter:label1\" content=\"Escrito por\" \/>\n\t<meta name=\"twitter:data1\" content=\"Latitud 25\" \/>\n\t<meta name=\"twitter:label2\" content=\"Tiempo de lectura\" \/>\n\t<meta name=\"twitter:data2\" content=\"2 minutos\" \/>\n<script type=\"application\/ld+json\" class=\"yoast-schema-graph\">{\"@context\":\"https:\/\/schema.org\",\"@graph\":[{\"@type\":\"Article\",\"@id\":\"https:\/\/enlatitud25.com\/news\/trabajo-infantil-afecta-a-unos-400-000-ninos-en-paraguay\/#article\",\"isPartOf\":{\"@id\":\"https:\/\/enlatitud25.com\/news\/trabajo-infantil-afecta-a-unos-400-000-ninos-en-paraguay\/\"},\"author\":{\"name\":\"Latitud 25\",\"@id\":\"https:\/\/enlatitud25.com\/news\/#\/schema\/person\/23aafe968917005a721b8eb760f2586e\"},\"headline\":\"Trabajo infantil afecta a unos 400.000 ni\u00f1os en Paraguay\",\"datePublished\":\"2021-06-12T04:00:00+00:00\",\"dateModified\":\"2021-06-11T22:07:19+00:00\",\"mainEntityOfPage\":{\"@id\":\"https:\/\/enlatitud25.com\/news\/trabajo-infantil-afecta-a-unos-400-000-ninos-en-paraguay\/\"},\"wordCount\":492,\"publisher\":{\"@id\":\"https:\/\/enlatitud25.com\/news\/#organization\"},\"keywords\":[\"COVID-19\",\"INFANTIL\",\"paraguay\",\"trabajo\"],\"inLanguage\":\"es\"},{\"@type\":\"WebPage\",\"@id\":\"https:\/\/enlatitud25.com\/news\/trabajo-infantil-afecta-a-unos-400-000-ninos-en-paraguay\/\",\"url\":\"https:\/\/enlatitud25.com\/news\/trabajo-infantil-afecta-a-unos-400-000-ninos-en-paraguay\/\",\"name\":\"Trabajo infantil afecta a unos 400.000 ni\u00f1os en Paraguay &ndash; Latitud25\",\"isPartOf\":{\"@id\":\"https:\/\/enlatitud25.com\/news\/#website\"},\"datePublished\":\"2021-06-12T04:00:00+00:00\",\"dateModified\":\"2021-06-11T22:07:19+00:00\",\"description\":\"Mir\u00e1 nuestros reportajes audiovisuales y seguinos para enterarte de las \u00faltimas noticias de Paraguay y el mundo, desde la Latitud25. Somos Alternativa de Informaci\u00f3n.\",\"breadcrumb\":{\"@id\":\"https:\/\/enlatitud25.com\/news\/trabajo-infantil-afecta-a-unos-400-000-ninos-en-paraguay\/#breadcrumb\"},\"inLanguage\":\"es\",\"potentialAction\":[{\"@type\":\"ReadAction\",\"target\":[\"https:\/\/enlatitud25.com\/news\/trabajo-infantil-afecta-a-unos-400-000-ninos-en-paraguay\/\"]}]},{\"@type\":\"BreadcrumbList\",\"@id\":\"https:\/\/enlatitud25.com\/news\/trabajo-infantil-afecta-a-unos-400-000-ninos-en-paraguay\/#breadcrumb\",\"itemListElement\":[{\"@type\":\"ListItem\",\"position\":1,\"name\":\"Home\",\"item\":\"https:\/\/enlatitud25.com\/news\/\"},{\"@type\":\"ListItem\",\"position\":2,\"name\":\"Trabajo infantil afecta a unos 400.000 ni\u00f1os en Paraguay\"}]},{\"@type\":\"WebSite\",\"@id\":\"https:\/\/enlatitud25.com\/news\/#website\",\"url\":\"https:\/\/enlatitud25.com\/news\/\",\"name\":\"Latitud25\",\"description\":\"news\",\"publisher\":{\"@id\":\"https:\/\/enlatitud25.com\/news\/#organization\"},\"potentialAction\":[{\"@type\":\"SearchAction\",\"target\":{\"@type\":\"EntryPoint\",\"urlTemplate\":\"https:\/\/enlatitud25.com\/news\/?s={search_term_string}\"},\"query-input\":\"required name=search_term_string\"}],\"inLanguage\":\"es\"},{\"@type\":\"Organization\",\"@id\":\"https:\/\/enlatitud25.com\/news\/#organization\",\"name\":\"Latitud 25 - News\",\"url\":\"https:\/\/enlatitud25.com\/news\/\",\"logo\":{\"@type\":\"ImageObject\",\"inLanguage\":\"es\",\"@id\":\"https:\/\/enlatitud25.com\/news\/#\/schema\/logo\/image\/\",\"url\":\"https:\/\/enlatitud25.com\/news\/wp-content\/uploads\/2020\/11\/logo_latitud.png\",\"contentUrl\":\"https:\/\/enlatitud25.com\/news\/wp-content\/uploads\/2020\/11\/logo_latitud.png\",\"width\":235,\"height\":39,\"caption\":\"Latitud 25 - News\"},\"image\":{\"@id\":\"https:\/\/enlatitud25.com\/news\/#\/schema\/logo\/image\/\"},\"sameAs\":[\"https:\/\/www.facebook.com\/EnLatitud25\",\"https:\/\/twitter.com\/EnLatitud25\",\"https:\/\/www.instagram.com\/enlatitud25\/\",\"https:\/\/www.youtube.com\/user\/desdelatitud25\"]},{\"@type\":\"Person\",\"@id\":\"https:\/\/enlatitud25.com\/news\/#\/schema\/person\/23aafe968917005a721b8eb760f2586e\",\"name\":\"Latitud 25\",\"sameAs\":[\"https:\/\/enlatitud25.com\/news\",\"https:\/\/www.facebook.com\/EnLatitud25\",\"https:\/\/www.instagram.com\/enlatitud25\",\"https:\/\/www.youtube.com\/user\/desdelatitud25\",\"https:\/\/soundcloud.com\/enlatitud25\"],\"url\":\"https:\/\/enlatitud25.com\/news\/author\/nnews-uss00\/\"}]}<\/script>\n<!-- \/ Yoast SEO plugin. -->","yoast_head_json":{"title":"Trabajo infantil afecta a unos 400.000 ni\u00f1os en Paraguay &ndash; Latitud25","description":"Mir\u00e1 nuestros reportajes audiovisuales y seguinos para enterarte de las \u00faltimas noticias de Paraguay y el mundo, desde la Latitud25. Somos Alternativa de Informaci\u00f3n.","robots":{"index":"index","follow":"follow","max-snippet":"max-snippet:-1","max-image-preview":"max-image-preview:large","max-video-preview":"max-video-preview:-1"},"canonical":"https:\/\/enlatitud25.com\/news\/trabajo-infantil-afecta-a-unos-400-000-ninos-en-paraguay\/","og_locale":"es_ES","og_type":"article","og_title":"Trabajo infantil afecta a unos 400.000 ni\u00f1os en Paraguay &ndash; Latitud25","og_description":"Mir\u00e1 nuestros reportajes audiovisuales y seguinos para enterarte de las \u00faltimas noticias de Paraguay y el mundo, desde la Latitud25. Somos Alternativa de Informaci\u00f3n.","og_url":"https:\/\/enlatitud25.com\/news\/trabajo-infantil-afecta-a-unos-400-000-ninos-en-paraguay\/","og_site_name":"Latitud25","article_publisher":"https:\/\/www.facebook.com\/EnLatitud25","article_author":"https:\/\/www.facebook.com\/EnLatitud25","article_published_time":"2021-06-12T04:00:00+00:00","article_modified_time":"2021-06-11T22:07:19+00:00","og_image":[{"width":800,"height":500,"url":"https:\/\/enlatitud25.com\/news\/wp-content\/uploads\/2021\/06\/WhatsApp-Image-2021-06-11-at-17.38.49.jpeg","type":"image\/jpeg"}],"author":"Latitud 25","twitter_card":"summary_large_image","twitter_creator":"@EnLatitud25","twitter_site":"@EnLatitud25","twitter_misc":{"Escrito por":"Latitud 25","Tiempo de lectura":"2 minutos"},"schema":{"@context":"https:\/\/schema.org","@graph":[{"@type":"Article","@id":"https:\/\/enlatitud25.com\/news\/trabajo-infantil-afecta-a-unos-400-000-ninos-en-paraguay\/#article","isPartOf":{"@id":"https:\/\/enlatitud25.com\/news\/trabajo-infantil-afecta-a-unos-400-000-ninos-en-paraguay\/"},"author":{"name":"Latitud 25","@id":"https:\/\/enlatitud25.com\/news\/#\/schema\/person\/23aafe968917005a721b8eb760f2586e"},"headline":"Trabajo infantil afecta a unos 400.000 ni\u00f1os en Paraguay","datePublished":"2021-06-12T04:00:00+00:00","dateModified":"2021-06-11T22:07:19+00:00","mainEntityOfPage":{"@id":"https:\/\/enlatitud25.com\/news\/trabajo-infantil-afecta-a-unos-400-000-ninos-en-paraguay\/"},"wordCount":492,"publisher":{"@id":"https:\/\/enlatitud25.com\/news\/#organization"},"keywords":["COVID-19","INFANTIL","paraguay","trabajo"],"inLanguage":"es"},{"@type":"WebPage","@id":"https:\/\/enlatitud25.com\/news\/trabajo-infantil-afecta-a-unos-400-000-ninos-en-paraguay\/","url":"https:\/\/enlatitud25.com\/news\/trabajo-infantil-afecta-a-unos-400-000-ninos-en-paraguay\/","name":"Trabajo infantil afecta a unos 400.000 ni\u00f1os en Paraguay &ndash; Latitud25","isPartOf":{"@id":"https:\/\/enlatitud25.com\/news\/#website"},"datePublished":"2021-06-12T04:00:00+00:00","dateModified":"2021-06-11T22:07:19+00:00","description":"Mir\u00e1 nuestros reportajes audiovisuales y seguinos para enterarte de las \u00faltimas noticias de Paraguay y el mundo, desde la Latitud25. Somos Alternativa de Informaci\u00f3n.","breadcrumb":{"@id":"https:\/\/enlatitud25.com\/news\/trabajo-infantil-afecta-a-unos-400-000-ninos-en-paraguay\/#breadcrumb"},"inLanguage":"es","potentialAction":[{"@type":"ReadAction","target":["https:\/\/enlatitud25.com\/news\/trabajo-infantil-afecta-a-unos-400-000-ninos-en-paraguay\/"]}]},{"@type":"BreadcrumbList","@id":"https:\/\/enlatitud25.com\/news\/trabajo-infantil-afecta-a-unos-400-000-ninos-en-paraguay\/#breadcrumb","itemListElement":[{"@type":"ListItem","position":1,"name":"Home","item":"https:\/\/enlatitud25.com\/news\/"},{"@type":"ListItem","position":2,"name":"Trabajo infantil afecta a unos 400.000 ni\u00f1os en Paraguay"}]},{"@type":"WebSite","@id":"https:\/\/enlatitud25.com\/news\/#website","url":"https:\/\/enlatitud25.com\/news\/","name":"Latitud25","description":"news","publisher":{"@id":"https:\/\/enlatitud25.com\/news\/#organization"},"potentialAction":[{"@type":"SearchAction","target":{"@type":"EntryPoint","urlTemplate":"https:\/\/enlatitud25.com\/news\/?s={search_term_string}"},"query-input":"required name=search_term_string"}],"inLanguage":"es"},{"@type":"Organization","@id":"https:\/\/enlatitud25.com\/news\/#organization","name":"Latitud 25 - News","url":"https:\/\/enlatitud25.com\/news\/","logo":{"@type":"ImageObject","inLanguage":"es","@id":"https:\/\/enlatitud25.com\/news\/#\/schema\/logo\/image\/","url":"https:\/\/enlatitud25.com\/news\/wp-content\/uploads\/2020\/11\/logo_latitud.png","contentUrl":"https:\/\/enlatitud25.com\/news\/wp-content\/uploads\/2020\/11\/logo_latitud.png","width":235,"height":39,"caption":"Latitud 25 - News"},"image":{"@id":"https:\/\/enlatitud25.com\/news\/#\/schema\/logo\/image\/"},"sameAs":["https:\/\/www.facebook.com\/EnLatitud25","https:\/\/twitter.com\/EnLatitud25","https:\/\/www.instagram.com\/enlatitud25\/","https:\/\/www.youtube.com\/user\/desdelatitud25"]},{"@type":"Person","@id":"https:\/\/enlatitud25.com\/news\/#\/schema\/person\/23aafe968917005a721b8eb760f2586e","name":"Latitud 25","sameAs":["https:\/\/enlatitud25.com\/news","https:\/\/www.facebook.com\/EnLatitud25","https:\/\/www.instagram.com\/enlatitud25","https:\/\/www.youtube.com\/user\/desdelatitud25","https:\/\/soundcloud.com\/enlatitud25"],"url":"https:\/\/enlatitud25.com\/news\/author\/nnews-uss00\/"}]}},"_links":{"self":[{"href":"https:\/\/enlatitud25.com\/news\/wp-json\/wp\/v2\/posts\/3814"}],"collection":[{"href":"https:\/\/enlatitud25.com\/news\/wp-json\/wp\/v2\/posts"}],"about":[{"href":"https:\/\/enlatitud25.com\/news\/wp-json\/wp\/v2\/types\/post"}],"author":[{"embeddable":true,"href":"https:\/\/enlatitud25.com\/news\/wp-json\/wp\/v2\/users\/1"}],"replies":[{"embeddable":true,"href":"https:\/\/enlatitud25.com\/news\/wp-json\/wp\/v2\/comments?post=3814"}],"version-history":[{"count":5,"href":"https:\/\/enlatitud25.com\/news\/wp-json\/wp\/v2\/posts\/3814\/revisions"}],"predecessor-version":[{"id":3824,"href":"https:\/\/enlatitud25.com\/news\/wp-json\/wp\/v2\/posts\/3814\/revisions\/3824"}],"wp:featuredmedia":[{"embeddable":true,"href":"https:\/\/enlatitud25.com\/news\/wp-json\/wp\/v2\/media\/3819"}],"wp:attachment":[{"href":"https:\/\/enlatitud25.com\/news\/wp-json\/wp\/v2\/media?parent=3814"}],"wp:term":[{"taxonomy":"category","embeddable":true,"href":"https:\/\/enlatitud25.com\/news\/wp-json\/wp\/v2\/categories?post=3814"},{"taxonomy":"post_tag","embeddable":true,"href":"https:\/\/enlatitud25.com\/news\/wp-json\/wp\/v2\/tags?post=3814"},{"taxonomy":"ubicacion","embeddable":true,"href":"https:\/\/enlatitud25.com\/news\/wp-json\/wp\/v2\/ubicacion?post=3814"}],"curies":[{"name":"wp","href":"https:\/\/api.w.org\/{rel}","templated":true}]}}