{"id":3779,"date":"2021-06-09T21:42:02","date_gmt":"2021-06-09T21:42:02","guid":{"rendered":"https:\/\/enlatitud25.com\/news\/?p=3779"},"modified":"2021-06-09T21:42:04","modified_gmt":"2021-06-09T21:42:04","slug":"mec-reconocio-problemas-de-conectividad-para-clases-virtuales-segun-sinadis","status":"publish","type":"post","link":"https:\/\/enlatitud25.com\/news\/mec-reconocio-problemas-de-conectividad-para-clases-virtuales-segun-sinadis\/","title":{"rendered":"MEC reconoci\u00f3 problemas de conectividad para clases virtuales, seg\u00fan Sinadis"},"content":{"rendered":"\n<p>La pandemia del COVID-19 agudiz\u00f3 muchos problemas estructurales que ten\u00eda el pa\u00eds, entre ellos, la educaci\u00f3n. Con el cambio rotundo de la modalidad durante el a\u00f1o lectivo 2020 y el sistema h\u00edbrido implementado durante el 2021, tanto alumnos como docentes siguen esforz\u00e1ndose por adaptarse a este sistema, muchas veces con resultados negativos.<\/p>\n\n\n\n<p>En ese contexto, el Ministerio de Educaci\u00f3n y Ciencias, ayer inform\u00f3 que se extender\u00edan las vacaciones de invierno, para evaluar lo que se vino haciendo hasta ahora y tambi\u00e9n capacitar a docentes en el uso de tecnolog\u00eda para mejorar su rendimiento virtual al impartir las clases. <\/p>\n\n\n\n<figure class=\"wp-block-embed-twitter wp-block-embed is-type-rich is-provider-twitter\"><div class=\"wp-block-embed__wrapper\">\n<blockquote class=\"twitter-tweet\" data-width=\"550\" data-dnt=\"true\"><p lang=\"es\" dir=\"ltr\">\ud83d\udd18LO \u00daLTIMO |<br><br>\ud83c\udf92Las vacaciones escolares de invierno 2021 durar\u00e1n tres semanas en escuelas y colegios del sector p\u00fablico.<br><br>\ud83d\uddd3\ufe0fSer\u00e1n del lunes 12 al viernes 30 de julio.<br><br>\ud83d\udc69\ud83c\udffb\u200d\ud83c\udfebLos docentes tendr\u00e1n dos semanas de receso escolar y una de capacitaci\u00f3n.<a href=\"https:\/\/twitter.com\/hashtag\/L25?src=hash&amp;ref_src=twsrc%5Etfw\">#L25<\/a> <a href=\"https:\/\/t.co\/RnFmKKzLvf\">pic.twitter.com\/RnFmKKzLvf<\/a><\/p>&mdash; LATITUD 25 (@EnLatitud25) <a href=\"https:\/\/twitter.com\/EnLatitud25\/status\/1402298207527485441?ref_src=twsrc%5Etfw\">June 8, 2021<\/a><\/blockquote><script async src=\"https:\/\/platform.twitter.com\/widgets.js\" charset=\"utf-8\"><\/script>\n<\/div><\/figure>\n\n\n\n<p>Al respecto, <strong>Miguel Marecos<\/strong>, titular del Sinadis, dijo en contacto con <strong>RadioCast25<\/strong> que actualmente el 76% de los estudiantes contin\u00faa con la modalidad virtual, lo que, en relaci\u00f3n a la situaci\u00f3n <strong>epidemiol\u00f3gica, <\/strong>es un hecho positivo. No obstante, reconoci\u00f3 que en t\u00e9rminos <strong>pedag\u00f3gicos <\/strong>puede no ser lo m\u00e1s apropiado. <\/p>\n\n\n\n<p style=\"font-size:22px\"><strong>&#8220;Se acabaron las mentiras&#8221;<\/strong><\/p>\n\n\n\n<p>Ante la consulta de cu\u00e1l es la diferencia entre la administraci\u00f3n del actual ministro <strong>Juan Manuel Brunetti <\/strong>y <strong>Eduardo Petta<\/strong>, respondi\u00f3 que &#8220;se acabaron las mentiras&#8221;. <\/p>\n\n\n\n<p>Agreg\u00f3 que el a\u00f1o pasado, seg\u00fan lo que promocionaban desde el MEC, la educaci\u00f3n \u2013en el contexto de la pandemia\u2013 era la \u00faltima Coca Cola en t\u00e9rminos de conectividad\u2013; que todos los padres ten\u00edan celular, que las tareas no iban a tener problemas&#8221;, puntualiz\u00f3.<\/p>\n\n\n\n<p><strong>Miguel Marecos<\/strong> asegur\u00f3, que esta nueva administraci\u00f3n, se sincer\u00f3 en base a las estad\u00edsticas y confesaron que efectivamente el alcance no es tan como aseguraba la adminitraci\u00f3n anterior.<\/p>\n\n\n\n<p>&#8220;Reconocieron que no es el 95% de las casas o de los padres que tienen conectividad. Nosotros ya les hab\u00edamos pasado los lugares donde no tienen conectividad, o donde hay a ratos. Tambi\u00e9n les pasamos el problema de los celulares (&#8230;) Hay zonas que tienen tres o cuatro hijos, ellos trabajan y l\u00f3gicamente llevan el celular a la tardecita&#8221;, resalt\u00f3.<\/p>\n\n\n\n<p>Cabe recordar, que en una entrevista ofrecida a Latitud25 por el viceministro de Educaci\u00f3n, <strong>Robert Cano<\/strong> , durante el a\u00f1o pasado, el mismo hab\u00eda desconocido los datos publicados por la Cepal (Comisi\u00f3n Econ\u00f3mica para Am\u00e9rica Latina y el Caribe) sobre el escaso acceso a internet en las zonas rurales.<\/p>\n\n\n\n<p>&#8220;No s\u00e9 datos de qu\u00e9 a\u00f1os son, de qu\u00e9 contextos son, yo les pido que revisen la Direcci\u00f3n de Estad\u00edsticas y Censos, que es un dato local, m\u00e1s reciente, m\u00e1s fresco y ah\u00ed habla justamente de la alta disponibilidad del acceso a internet principalmente a trav\u00e9s del celular&#8221;, asegur\u00f3. <\/p>\n\n\n\n<p>En dicha estad\u00edstica mencionada por el viceministro hablaba de que un 98,5%, de la poblaci\u00f3n de 10 a\u00f1os de edad y m\u00e1s accedi\u00f3 en alg\u00fan momento a internet. Sin embargo, es importante resaltar que los estudiantes siempre apuntaron a que no es lo mismo conectarse a internet que tener la conexi\u00f3n necesaria para sostener una clase o descargar y enviar tareas.<\/p>\n\n\n\n<p style=\"font-size:22px\"><strong>Tres o cuatro docentes fallecen por d\u00eda<\/strong><\/p>\n\n\n\n<p>El presidente del Sinadis afirm\u00f3 que ellos insistieron en un primer momento en hacer educaci\u00f3n virtual, por lo menos hasta la mitad del a\u00f1o lectivo, antes de que se den muertes masivas de los docentes. <\/p>\n\n\n\n<p>&#8220;Ahora estamos teniendo tres o cuatro fallecidos docentes, por d\u00eda, como m\u00ednimo&#8221;, lament\u00f3.<\/p>\n\n\n\n<p>No obstante, reconoci\u00f3 que con el actual ministro de Educaci\u00f3n est\u00e1 m\u00e1s abierto al intercambio de ideas. <\/p>\n\n\n\n<p>&#8220;En t\u00e9rminos de di\u00e1logo hemos mejorado bastante, pero en t\u00e9rminos de decisiones, lastimosamente seguimos con ese problema, porque nosotros le hab\u00edamos dicho que ese decreto de 10 d\u00edas de clases virtuales se extienda hasta terminar el primer periodo del a\u00f1o escolar (en 2021)&#8221;, record\u00f3 pero se\u00f1al\u00f3 que esta petici\u00f3n no tuvo efecto. <\/p>\n\n\n\n<p>Posteriormente coment\u00f3, que le propusieron establecer un Comit\u00e9 Institucional de Gesti\u00f3n de Riesgo, que cada escuela y cada colegio decida si quiere ir al virtual y eso s\u00ed se aplic\u00f3. <\/p>\n\n\n\n<p>&#8220;Se dialoga con \u00e9l. Te escucha, reflexiona, a diferencia del otro&#8221;, concluy\u00f3 Marecos. <\/p>\n\n\n\n<p><strong>Ve el material completo:<\/strong><\/p>\n\n\n\n<figure class=\"wp-block-embed-youtube wp-block-embed is-type-video is-provider-youtube wp-embed-aspect-16-9 wp-has-aspect-ratio\"><div class=\"wp-block-embed__wrapper\">\n<iframe loading=\"lazy\" title=\"#L25 - El COVID-19 dej\u00f3 en terapia a la Educaci\u00f3n\" width=\"1200\" height=\"675\" src=\"https:\/\/www.youtube.com\/embed\/8UFeEMsmQ1o?feature=oembed\" frameborder=\"0\" allow=\"accelerometer; autoplay; clipboard-write; encrypted-media; gyroscope; picture-in-picture\" allowfullscreen><\/iframe>\n<\/div><\/figure>\n","protected":false},"excerpt":{"rendered":"El Ministerio de Educaci\u00f3n finalmente reconoci\u00f3 que la conexi\u00f3n a internet no llega a la mayor\u00eda de los hogares paraguayos, se\u00f1al\u00f3 el titular del Sindicato Nacional de Directores (Sinadis), Miguel Marecos. Esto se da, luego de meses que la administraci\u00f3n del ex ministro  Eduardo Petta, haya insistido en que todos pod\u00edan acceder a la red de manera segura y estable.\n","protected":false},"author":1,"featured_media":3782,"comment_status":"closed","ping_status":"closed","sticky":false,"template":"","format":"standard","meta":[],"categories":[112],"tags":[362,363,79,97,28,59],"ubicacion":[17],"yoast_head":"<!-- This site is optimized with the Yoast SEO plugin v20.8 - https:\/\/yoast.com\/wordpress\/plugins\/seo\/ -->\n<title>MEC reconoci\u00f3 problemas de conectividad para clases virtuales, seg\u00fan Sinadis &ndash; Latitud25<\/title>\n<meta name=\"description\" content=\"Mir\u00e1 nuestros reportajes audiovisuales y seguinos para enterarte de las \u00faltimas noticias de Paraguay y el mundo, desde la Latitud25. Somos Alternativa de Informaci\u00f3n.\" \/>\n<meta name=\"robots\" content=\"index, follow, max-snippet:-1, max-image-preview:large, max-video-preview:-1\" \/>\n<link rel=\"canonical\" href=\"https:\/\/enlatitud25.com\/news\/mec-reconocio-problemas-de-conectividad-para-clases-virtuales-segun-sinadis\/\" \/>\n<meta property=\"og:locale\" content=\"es_ES\" \/>\n<meta property=\"og:type\" content=\"article\" \/>\n<meta property=\"og:title\" content=\"MEC reconoci\u00f3 problemas de conectividad para clases virtuales, seg\u00fan Sinadis &ndash; Latitud25\" \/>\n<meta property=\"og:description\" content=\"Mir\u00e1 nuestros reportajes audiovisuales y seguinos para enterarte de las \u00faltimas noticias de Paraguay y el mundo, desde la Latitud25. Somos Alternativa de Informaci\u00f3n.\" \/>\n<meta property=\"og:url\" content=\"https:\/\/enlatitud25.com\/news\/mec-reconocio-problemas-de-conectividad-para-clases-virtuales-segun-sinadis\/\" \/>\n<meta property=\"og:site_name\" content=\"Latitud25\" \/>\n<meta property=\"article:publisher\" content=\"https:\/\/www.facebook.com\/EnLatitud25\" \/>\n<meta property=\"article:author\" content=\"https:\/\/www.facebook.com\/EnLatitud25\" \/>\n<meta property=\"article:published_time\" content=\"2021-06-09T21:42:02+00:00\" \/>\n<meta property=\"article:modified_time\" content=\"2021-06-09T21:42:04+00:00\" \/>\n<meta property=\"og:image\" content=\"https:\/\/enlatitud25.com\/news\/wp-content\/uploads\/2021\/06\/mec_nin\u0303osconexion_Mesa-de-trabajo-1-scaled.jpg\" \/>\n\t<meta property=\"og:image:width\" content=\"2560\" \/>\n\t<meta property=\"og:image:height\" content=\"1600\" \/>\n\t<meta property=\"og:image:type\" content=\"image\/jpeg\" \/>\n<meta name=\"author\" content=\"Latitud 25\" \/>\n<meta name=\"twitter:card\" content=\"summary_large_image\" \/>\n<meta name=\"twitter:creator\" content=\"@EnLatitud25\" \/>\n<meta name=\"twitter:site\" content=\"@EnLatitud25\" \/>\n<meta name=\"twitter:label1\" content=\"Escrito por\" \/>\n\t<meta name=\"twitter:data1\" content=\"Latitud 25\" \/>\n\t<meta name=\"twitter:label2\" content=\"Tiempo de lectura\" \/>\n\t<meta name=\"twitter:data2\" content=\"3 minutos\" \/>\n<script type=\"application\/ld+json\" class=\"yoast-schema-graph\">{\"@context\":\"https:\/\/schema.org\",\"@graph\":[{\"@type\":\"Article\",\"@id\":\"https:\/\/enlatitud25.com\/news\/mec-reconocio-problemas-de-conectividad-para-clases-virtuales-segun-sinadis\/#article\",\"isPartOf\":{\"@id\":\"https:\/\/enlatitud25.com\/news\/mec-reconocio-problemas-de-conectividad-para-clases-virtuales-segun-sinadis\/\"},\"author\":{\"name\":\"Latitud 25\",\"@id\":\"https:\/\/enlatitud25.com\/news\/#\/schema\/person\/23aafe968917005a721b8eb760f2586e\"},\"headline\":\"MEC reconoci\u00f3 problemas de conectividad para clases virtuales, seg\u00fan Sinadis\",\"datePublished\":\"2021-06-09T21:42:02+00:00\",\"dateModified\":\"2021-06-09T21:42:04+00:00\",\"mainEntityOfPage\":{\"@id\":\"https:\/\/enlatitud25.com\/news\/mec-reconocio-problemas-de-conectividad-para-clases-virtuales-segun-sinadis\/\"},\"wordCount\":717,\"publisher\":{\"@id\":\"https:\/\/enlatitud25.com\/news\/#organization\"},\"keywords\":[\"clases virtuales\",\"conexi\u00f3n\",\"COVID-19\",\"Educaci\u00f3n\",\"Pandemia\",\"paraguay\"],\"articleSection\":[\"Educaci\u00f3n\"],\"inLanguage\":\"es\"},{\"@type\":\"WebPage\",\"@id\":\"https:\/\/enlatitud25.com\/news\/mec-reconocio-problemas-de-conectividad-para-clases-virtuales-segun-sinadis\/\",\"url\":\"https:\/\/enlatitud25.com\/news\/mec-reconocio-problemas-de-conectividad-para-clases-virtuales-segun-sinadis\/\",\"name\":\"MEC reconoci\u00f3 problemas de conectividad para clases virtuales, seg\u00fan Sinadis &ndash; Latitud25\",\"isPartOf\":{\"@id\":\"https:\/\/enlatitud25.com\/news\/#website\"},\"datePublished\":\"2021-06-09T21:42:02+00:00\",\"dateModified\":\"2021-06-09T21:42:04+00:00\",\"description\":\"Mir\u00e1 nuestros reportajes audiovisuales y seguinos para enterarte de las \u00faltimas noticias de Paraguay y el mundo, desde la Latitud25. Somos Alternativa de Informaci\u00f3n.\",\"breadcrumb\":{\"@id\":\"https:\/\/enlatitud25.com\/news\/mec-reconocio-problemas-de-conectividad-para-clases-virtuales-segun-sinadis\/#breadcrumb\"},\"inLanguage\":\"es\",\"potentialAction\":[{\"@type\":\"ReadAction\",\"target\":[\"https:\/\/enlatitud25.com\/news\/mec-reconocio-problemas-de-conectividad-para-clases-virtuales-segun-sinadis\/\"]}]},{\"@type\":\"BreadcrumbList\",\"@id\":\"https:\/\/enlatitud25.com\/news\/mec-reconocio-problemas-de-conectividad-para-clases-virtuales-segun-sinadis\/#breadcrumb\",\"itemListElement\":[{\"@type\":\"ListItem\",\"position\":1,\"name\":\"Home\",\"item\":\"https:\/\/enlatitud25.com\/news\/\"},{\"@type\":\"ListItem\",\"position\":2,\"name\":\"MEC reconoci\u00f3 problemas de conectividad para clases virtuales, seg\u00fan Sinadis\"}]},{\"@type\":\"WebSite\",\"@id\":\"https:\/\/enlatitud25.com\/news\/#website\",\"url\":\"https:\/\/enlatitud25.com\/news\/\",\"name\":\"Latitud25\",\"description\":\"news\",\"publisher\":{\"@id\":\"https:\/\/enlatitud25.com\/news\/#organization\"},\"potentialAction\":[{\"@type\":\"SearchAction\",\"target\":{\"@type\":\"EntryPoint\",\"urlTemplate\":\"https:\/\/enlatitud25.com\/news\/?s={search_term_string}\"},\"query-input\":\"required name=search_term_string\"}],\"inLanguage\":\"es\"},{\"@type\":\"Organization\",\"@id\":\"https:\/\/enlatitud25.com\/news\/#organization\",\"name\":\"Latitud 25 - News\",\"url\":\"https:\/\/enlatitud25.com\/news\/\",\"logo\":{\"@type\":\"ImageObject\",\"inLanguage\":\"es\",\"@id\":\"https:\/\/enlatitud25.com\/news\/#\/schema\/logo\/image\/\",\"url\":\"https:\/\/enlatitud25.com\/news\/wp-content\/uploads\/2020\/11\/logo_latitud.png\",\"contentUrl\":\"https:\/\/enlatitud25.com\/news\/wp-content\/uploads\/2020\/11\/logo_latitud.png\",\"width\":235,\"height\":39,\"caption\":\"Latitud 25 - News\"},\"image\":{\"@id\":\"https:\/\/enlatitud25.com\/news\/#\/schema\/logo\/image\/\"},\"sameAs\":[\"https:\/\/www.facebook.com\/EnLatitud25\",\"https:\/\/twitter.com\/EnLatitud25\",\"https:\/\/www.instagram.com\/enlatitud25\/\",\"https:\/\/www.youtube.com\/user\/desdelatitud25\"]},{\"@type\":\"Person\",\"@id\":\"https:\/\/enlatitud25.com\/news\/#\/schema\/person\/23aafe968917005a721b8eb760f2586e\",\"name\":\"Latitud 25\",\"sameAs\":[\"https:\/\/enlatitud25.com\/news\",\"https:\/\/www.facebook.com\/EnLatitud25\",\"https:\/\/www.instagram.com\/enlatitud25\",\"https:\/\/www.youtube.com\/user\/desdelatitud25\",\"https:\/\/soundcloud.com\/enlatitud25\"],\"url\":\"https:\/\/enlatitud25.com\/news\/author\/nnews-uss00\/\"}]}<\/script>\n<!-- \/ Yoast SEO plugin. -->","yoast_head_json":{"title":"MEC reconoci\u00f3 problemas de conectividad para clases virtuales, seg\u00fan Sinadis &ndash; Latitud25","description":"Mir\u00e1 nuestros reportajes audiovisuales y seguinos para enterarte de las \u00faltimas noticias de Paraguay y el mundo, desde la Latitud25. Somos Alternativa de Informaci\u00f3n.","robots":{"index":"index","follow":"follow","max-snippet":"max-snippet:-1","max-image-preview":"max-image-preview:large","max-video-preview":"max-video-preview:-1"},"canonical":"https:\/\/enlatitud25.com\/news\/mec-reconocio-problemas-de-conectividad-para-clases-virtuales-segun-sinadis\/","og_locale":"es_ES","og_type":"article","og_title":"MEC reconoci\u00f3 problemas de conectividad para clases virtuales, seg\u00fan Sinadis &ndash; Latitud25","og_description":"Mir\u00e1 nuestros reportajes audiovisuales y seguinos para enterarte de las \u00faltimas noticias de Paraguay y el mundo, desde la Latitud25. Somos Alternativa de Informaci\u00f3n.","og_url":"https:\/\/enlatitud25.com\/news\/mec-reconocio-problemas-de-conectividad-para-clases-virtuales-segun-sinadis\/","og_site_name":"Latitud25","article_publisher":"https:\/\/www.facebook.com\/EnLatitud25","article_author":"https:\/\/www.facebook.com\/EnLatitud25","article_published_time":"2021-06-09T21:42:02+00:00","article_modified_time":"2021-06-09T21:42:04+00:00","og_image":[{"width":2560,"height":1600,"url":"https:\/\/enlatitud25.com\/news\/wp-content\/uploads\/2021\/06\/mec_nin\u0303osconexion_Mesa-de-trabajo-1-scaled.jpg","type":"image\/jpeg"}],"author":"Latitud 25","twitter_card":"summary_large_image","twitter_creator":"@EnLatitud25","twitter_site":"@EnLatitud25","twitter_misc":{"Escrito por":"Latitud 25","Tiempo de lectura":"3 minutos"},"schema":{"@context":"https:\/\/schema.org","@graph":[{"@type":"Article","@id":"https:\/\/enlatitud25.com\/news\/mec-reconocio-problemas-de-conectividad-para-clases-virtuales-segun-sinadis\/#article","isPartOf":{"@id":"https:\/\/enlatitud25.com\/news\/mec-reconocio-problemas-de-conectividad-para-clases-virtuales-segun-sinadis\/"},"author":{"name":"Latitud 25","@id":"https:\/\/enlatitud25.com\/news\/#\/schema\/person\/23aafe968917005a721b8eb760f2586e"},"headline":"MEC reconoci\u00f3 problemas de conectividad para clases virtuales, seg\u00fan Sinadis","datePublished":"2021-06-09T21:42:02+00:00","dateModified":"2021-06-09T21:42:04+00:00","mainEntityOfPage":{"@id":"https:\/\/enlatitud25.com\/news\/mec-reconocio-problemas-de-conectividad-para-clases-virtuales-segun-sinadis\/"},"wordCount":717,"publisher":{"@id":"https:\/\/enlatitud25.com\/news\/#organization"},"keywords":["clases virtuales","conexi\u00f3n","COVID-19","Educaci\u00f3n","Pandemia","paraguay"],"articleSection":["Educaci\u00f3n"],"inLanguage":"es"},{"@type":"WebPage","@id":"https:\/\/enlatitud25.com\/news\/mec-reconocio-problemas-de-conectividad-para-clases-virtuales-segun-sinadis\/","url":"https:\/\/enlatitud25.com\/news\/mec-reconocio-problemas-de-conectividad-para-clases-virtuales-segun-sinadis\/","name":"MEC reconoci\u00f3 problemas de conectividad para clases virtuales, seg\u00fan Sinadis &ndash; Latitud25","isPartOf":{"@id":"https:\/\/enlatitud25.com\/news\/#website"},"datePublished":"2021-06-09T21:42:02+00:00","dateModified":"2021-06-09T21:42:04+00:00","description":"Mir\u00e1 nuestros reportajes audiovisuales y seguinos para enterarte de las \u00faltimas noticias de Paraguay y el mundo, desde la Latitud25. Somos Alternativa de Informaci\u00f3n.","breadcrumb":{"@id":"https:\/\/enlatitud25.com\/news\/mec-reconocio-problemas-de-conectividad-para-clases-virtuales-segun-sinadis\/#breadcrumb"},"inLanguage":"es","potentialAction":[{"@type":"ReadAction","target":["https:\/\/enlatitud25.com\/news\/mec-reconocio-problemas-de-conectividad-para-clases-virtuales-segun-sinadis\/"]}]},{"@type":"BreadcrumbList","@id":"https:\/\/enlatitud25.com\/news\/mec-reconocio-problemas-de-conectividad-para-clases-virtuales-segun-sinadis\/#breadcrumb","itemListElement":[{"@type":"ListItem","position":1,"name":"Home","item":"https:\/\/enlatitud25.com\/news\/"},{"@type":"ListItem","position":2,"name":"MEC reconoci\u00f3 problemas de conectividad para clases virtuales, seg\u00fan Sinadis"}]},{"@type":"WebSite","@id":"https:\/\/enlatitud25.com\/news\/#website","url":"https:\/\/enlatitud25.com\/news\/","name":"Latitud25","description":"news","publisher":{"@id":"https:\/\/enlatitud25.com\/news\/#organization"},"potentialAction":[{"@type":"SearchAction","target":{"@type":"EntryPoint","urlTemplate":"https:\/\/enlatitud25.com\/news\/?s={search_term_string}"},"query-input":"required name=search_term_string"}],"inLanguage":"es"},{"@type":"Organization","@id":"https:\/\/enlatitud25.com\/news\/#organization","name":"Latitud 25 - News","url":"https:\/\/enlatitud25.com\/news\/","logo":{"@type":"ImageObject","inLanguage":"es","@id":"https:\/\/enlatitud25.com\/news\/#\/schema\/logo\/image\/","url":"https:\/\/enlatitud25.com\/news\/wp-content\/uploads\/2020\/11\/logo_latitud.png","contentUrl":"https:\/\/enlatitud25.com\/news\/wp-content\/uploads\/2020\/11\/logo_latitud.png","width":235,"height":39,"caption":"Latitud 25 - News"},"image":{"@id":"https:\/\/enlatitud25.com\/news\/#\/schema\/logo\/image\/"},"sameAs":["https:\/\/www.facebook.com\/EnLatitud25","https:\/\/twitter.com\/EnLatitud25","https:\/\/www.instagram.com\/enlatitud25\/","https:\/\/www.youtube.com\/user\/desdelatitud25"]},{"@type":"Person","@id":"https:\/\/enlatitud25.com\/news\/#\/schema\/person\/23aafe968917005a721b8eb760f2586e","name":"Latitud 25","sameAs":["https:\/\/enlatitud25.com\/news","https:\/\/www.facebook.com\/EnLatitud25","https:\/\/www.instagram.com\/enlatitud25","https:\/\/www.youtube.com\/user\/desdelatitud25","https:\/\/soundcloud.com\/enlatitud25"],"url":"https:\/\/enlatitud25.com\/news\/author\/nnews-uss00\/"}]}},"_links":{"self":[{"href":"https:\/\/enlatitud25.com\/news\/wp-json\/wp\/v2\/posts\/3779"}],"collection":[{"href":"https:\/\/enlatitud25.com\/news\/wp-json\/wp\/v2\/posts"}],"about":[{"href":"https:\/\/enlatitud25.com\/news\/wp-json\/wp\/v2\/types\/post"}],"author":[{"embeddable":true,"href":"https:\/\/enlatitud25.com\/news\/wp-json\/wp\/v2\/users\/1"}],"replies":[{"embeddable":true,"href":"https:\/\/enlatitud25.com\/news\/wp-json\/wp\/v2\/comments?post=3779"}],"version-history":[{"count":5,"href":"https:\/\/enlatitud25.com\/news\/wp-json\/wp\/v2\/posts\/3779\/revisions"}],"predecessor-version":[{"id":3787,"href":"https:\/\/enlatitud25.com\/news\/wp-json\/wp\/v2\/posts\/3779\/revisions\/3787"}],"wp:featuredmedia":[{"embeddable":true,"href":"https:\/\/enlatitud25.com\/news\/wp-json\/wp\/v2\/media\/3782"}],"wp:attachment":[{"href":"https:\/\/enlatitud25.com\/news\/wp-json\/wp\/v2\/media?parent=3779"}],"wp:term":[{"taxonomy":"category","embeddable":true,"href":"https:\/\/enlatitud25.com\/news\/wp-json\/wp\/v2\/categories?post=3779"},{"taxonomy":"post_tag","embeddable":true,"href":"https:\/\/enlatitud25.com\/news\/wp-json\/wp\/v2\/tags?post=3779"},{"taxonomy":"ubicacion","embeddable":true,"href":"https:\/\/enlatitud25.com\/news\/wp-json\/wp\/v2\/ubicacion?post=3779"}],"curies":[{"name":"wp","href":"https:\/\/api.w.org\/{rel}","templated":true}]}}