{"id":3587,"date":"2021-05-26T21:57:47","date_gmt":"2021-05-26T21:57:47","guid":{"rendered":"https:\/\/enlatitud25.com\/news\/?p=3587"},"modified":"2021-05-27T22:24:42","modified_gmt":"2021-05-27T22:24:42","slug":"estos-son-los-argumentos-que-respaldan-el-documental-del-que-todos-hablan","status":"publish","type":"post","link":"https:\/\/enlatitud25.com\/news\/estos-son-los-argumentos-que-respaldan-el-documental-del-que-todos-hablan\/","title":{"rendered":"Estos son los argumentos que respaldan el documental del que todos hablan"},"content":{"rendered":"\n<p>&#8220;Este tipo de documentales que en realidad se enmarcan m\u00e1s en el espectro de la ficci\u00f3n, ya que carecen de verdadero sustento cient\u00edfico, ocasionan un da\u00f1o muy grave a nuestra sociedad&#8221;, se\u00f1ala la nota enviada desde la Asociaci\u00f3n Paraguaya de Productores y Exportadores de Carne (APPEC). <\/p>\n\n\n\n<p>Estas palabras, adem\u00e1s de las otras utilizadas por el gremio para enviar la misiva a <strong>Paolo Berizzi<\/strong>, jefe de la <strong>Delegaci\u00f3n de la Uni\u00f3n Europea en Paraguay<\/strong>, fueron las utilizadas para pedir que se baje el documental franc\u00e9s &#8220;Campos Envenenados de Paraguay&#8221; del Ciclo de Cine Europeo, adem\u00e1s de solicitarle que la UE retire todo su apoyo a la promoci\u00f3n del material audiovisual.<\/p>\n\n\n\n<figure class=\"wp-block-embed-twitter wp-block-embed is-type-rich is-provider-twitter\"><div class=\"wp-block-embed__wrapper\">\n<blockquote class=\"twitter-tweet\" data-width=\"550\" data-dnt=\"true\"><p lang=\"es\" dir=\"ltr\">\u00a1M\u00e1s adelantos para el XII Ciclo de Cine Europeo que se viene! \ud83e\udd29<br><br>Entre los documentales de la grilla, estar\u00e1 presente la producci\u00f3n francesa &quot;Los campos envenenados del Paraguay&quot;. <a href=\"https:\/\/t.co\/NB6umZtA3N\">pic.twitter.com\/NB6umZtA3N<\/a><\/p>&mdash; UE en Paraguay (@UEenParaguay) <a href=\"https:\/\/twitter.com\/UEenParaguay\/status\/1393342469450964992?ref_src=twsrc%5Etfw\">May 14, 2021<\/a><\/blockquote><script async src=\"https:\/\/platform.twitter.com\/widgets.js\" charset=\"utf-8\"><\/script>\n<\/div><\/figure>\n\n\n\n<p>Pero&#8230; \u00bfqu\u00e9 hay de cierto con que este material carece de sustento cient\u00edfico? Latitud 25 convers\u00f3 con la doctora <strong>Stela Ben\u00edtez<\/strong>, m\u00e9dica pediatra, docente e investigadora. Tambi\u00e9n entrevist\u00f3 al periodista y realizador franc\u00e9s, <strong>Martin Boudot<\/strong>, sobre la base y las repercusiones del trabajo.<\/p>\n\n\n\n<p>Stela comenta que <strong>Martin Boudot<\/strong> se comunic\u00f3 con ella aproximadamente en junio de 2018. Su investigaci\u00f3n sobre el efecto que causa en ni\u00f1os la cercan\u00eda a los campos de fumigaci\u00f3n, estaba terminada, pero a\u00fan no publicada. <\/p>\n\n\n\n<p>&#8220;Pr\u00e1cticamente estaba aprobada por el equipo de Conacyt (Consejo Nacional de Ciencia y Tecnolog\u00eda) y <a href=\"http:\/\/scielo.iics.una.py\/scielo.php?script=sci_arttext&amp;pid=S1683-98032018000100074\">se public\u00f3 parte de eso, <strong>un art\u00edculo sobre derechos violados<\/strong><\/a>, mostraba c\u00f3mo no se cumpl\u00edan las normas ambientales. \u00c9l contacta conmigo y me dice: &#8216;nosotros estamos interesados en hacer un documental y queremos replicar lo que usted hizo en su investigaci\u00f3n&#8217;. Yo le digo que contacten con el laboratorio de gen\u00e9tica toxicol\u00f3gica de la Universidad Cat\u00f3lica, porque eran ellos los que analizaban&#8221;, se\u00f1al\u00f3.<\/p>\n\n\n\n<p>Por su parte, el periodista <strong>Martin Boudot<\/strong>, manifest\u00f3 desde Francia, que est\u00e1 sorprendido por el intento de censura por parte del gremio de la producci\u00f3n, pero afirm\u00f3 que no le llama la atenci\u00f3n el argumento. Relat\u00f3 que ya hizo entrevistas en el pasado con directores de empresas que venden pesticidas y siempre tienen una respuesta similar. <\/p>\n\n\n\n<p>&#8220;Siempre es lo mismo, que no hay peligro, que los productos son seguros, que la Organizaci\u00f3n Mundial de la Salud no tiene raz\u00f3n&#8221;, apunt\u00f3.<\/p>\n\n\n\n<figure class=\"wp-block-embed-twitter wp-block-embed is-type-rich is-provider-twitter\"><div class=\"wp-block-embed__wrapper\">\n<blockquote class=\"twitter-tweet\" data-width=\"550\" data-dnt=\"true\"><p lang=\"es\" dir=\"ltr\">Muchos paraguayos me preguntaron: aqu\u00ed est\u00e1 la versi\u00f3n en espa\u00f1ol del trailer de mi documental \u00ab\u00a0Paraguay : culturas envenenadas\u00a0\u00bb <a href=\"https:\/\/twitter.com\/hashtag\/greenwarriors?src=hash&amp;ref_src=twsrc%5Etfw\">#greenwarriors<\/a> <a href=\"https:\/\/twitter.com\/France5tv?ref_src=twsrc%5Etfw\">@France5tv<\/a> <a href=\"https:\/\/t.co\/ikptFezWJg\">pic.twitter.com\/ikptFezWJg<\/a><\/p>&mdash; Martin Boudot (@MartinBoudot) <a href=\"https:\/\/twitter.com\/MartinBoudot\/status\/1131251130476974082?ref_src=twsrc%5Etfw\">May 22, 2019<\/a><\/blockquote><script async src=\"https:\/\/platform.twitter.com\/widgets.js\" charset=\"utf-8\"><\/script>\n<\/div><\/figure>\n\n\n\n<p style=\"font-size:22px\"><strong>Da\u00f1os gen\u00e9ticos<\/strong><\/p>\n\n\n\n<p>&#8220;Mi investigaci\u00f3n est\u00e1 publicada. Eso es evidencia cient\u00edfica, en mi investigaci\u00f3n yo demostr\u00e9 que hab\u00eda mayor da\u00f1o gen\u00e9tico en los ni\u00f1os rodeados por cultivos de soja, comparados con ni\u00f1os cuyos padres se dedicaban a la agricultura ecol\u00f3gica sin uso de plaguicidas&#8221;, explic\u00f3 Stela Ben\u00edtez. <\/p>\n\n\n\n<p>En ese punto, la m\u00e9dica aclar\u00f3 que la poblaci\u00f3n usada como muestra, tampoco estaba expuesta a otros factores de riesgo. Es decir, los da\u00f1os genot\u00f3xicos en el ADN pueden darse con la edad, a causa de medicamentos, de la exposici\u00f3n a la radiaci\u00f3n, por exposici\u00f3n a f\u00e1bricas o a los carburos de automotores. <\/p>\n\n\n\n<p>Sin embargo, este grupo de gente particularmente no estaba expuesta a f\u00e1bricas, cuenta con caminos de tierras y tampoco hab\u00eda ning\u00fan ni\u00f1o desnutrido \u2013otro factor de riesgo\u2013, pero el \u00fanico factor de riesgo que hall\u00f3, fue la exposici\u00f3n ambiental a plaguicidas.<\/p>\n\n\n\n<p>Las pruebas se hicieron en 43 ni\u00f1os de la Colonia San Juan y 41 ni\u00f1os de Arroyos y Esteros, dos polos opuestos en cuanto a la exposici\u00f3n a agroqu\u00edmicos. Pero el Laboratorio no ten\u00eda la capacidad de hacer esa cantidad de pruebas \u2013realizadas para el estudio\u2013 en un mes, tiempo que iba a durar la grabaci\u00f3n. Entonces dijeron desde el laboratorio, que para el efecto, se pod\u00edan analizar al menos 20 casos, que al final qued\u00f3 en 18, durante la grabaci\u00f3n del audiovisual.<\/p>\n\n\n\n<p>Adem\u00e1s tomaron muestras de cabellos de 51 ni\u00f1o y otras muestras de agua, tierra y plantines de soja.<\/p>\n\n\n\n<p>Entonces, refiere la doctora, que dos a\u00f1os despu\u00e9s del estudio inicial, al tomar la muestra de otros 18 ni\u00f1os, de la misma zona y del mismo rango de edad, presentaban la misma proporci\u00f3n de da\u00f1o de un 45,9% del ADN.<\/p>\n\n\n\n<p style=\"font-size:22px\"><strong>\u00bfA ra\u00edz de qu\u00e9 empez\u00f3 todo?<\/strong><\/p>\n\n\n\n<p>Stela Ben\u00edtez es m\u00e9dica pediatra, docente en la universidad y trabaj\u00f3 40 a\u00f1os en el Hospital de Cl\u00ednicas. Fue jefa de departamento en la sala de lactantes y adem\u00e1s coordinaba el servicio ambulatorio. En ese contexto, tambi\u00e9n incursion\u00f3 en el \u00e1mbito de investigaci\u00f3n.<\/p>\n\n\n\n<p>Como especialista, realiz\u00f3 una serie de investigaciones en diversas \u00e1reas de la medicina. En 2006, lleg\u00f3 a ella un trabajo en M\u00e9xico, que asociaba la malformaci\u00f3n de ni\u00f1os a los campos de cultivo en los que se utilizaban agroqu\u00edmicos.<\/p>\n\n\n\n<p>A partir de esa intriga, realiz\u00f3 una primera investigaci\u00f3n. Junto a sus colegas, compararon a los ni\u00f1os que nac\u00edan con malformaciones, con los ni\u00f1os sanos. Gracias a ese trabajo, pudieron detectar que hab\u00eda mayor posibilidad de malformaciones visibles en personas que viv\u00edan cerca de los campos fumigados.<\/p>\n\n\n\n<p><strong>Material publicado: <a href=\"https:\/\/revistaspp.org\/index.php\/pediatria\/article\/view\/340\/313\">Malformaciones cong\u00e9nitas asociadas a agrot\u00f3xicos<\/a><\/strong><\/p>\n\n\n\n<p>&#8220;Como toda investigaci\u00f3n nuestra, publicamos en la revista y conversamos con nuestros pares. Capeco (C\u00e1mara Paraguaya de Exportadores y Comercializadores no de Cereales y Oleaginosas) intervino, envi\u00f3 una nota a FACEN (Facultad de Ciencias Exactas y Naturales de la Universidad Nacional de Asunci\u00f3n) y pidi\u00f3 que se expida sobre mi investigaci\u00f3n, para saber si era v\u00e1lida o no, para m\u00ed era una sorpresa total, eso no estaba en mi cabeza. Entonces yo quise saber qu\u00e9 dijo FACEN&#8221;, relat\u00f3.<\/p>\n\n\n\n<p>Tras ese episodio, la doctora cuenta que solicit\u00f3 v\u00eda nota al decano de la facultad en cuesti\u00f3n que le entregue el dictamen que hicieron sobre su investigaci\u00f3n, pero no recibi\u00f3 respuesta. En ese punto, confes\u00f3 que tanto la presi\u00f3n de Capeco, como la respuesta o falta de respuesta de Facen, le produjeron m\u00e1s intriga. <\/p>\n\n\n\n<p>&#8220;Ellos fueron los promotores de que yo siga investigando en esa l\u00ednea&#8221;, subray\u00f3.<\/p>\n\n\n\n<p>No obstante, afirm\u00f3 que nunca recibi\u00f3 ning\u00fan amedrentamiento ni una amenaza directa de ning\u00fan rubro en el marco de sus investigaciones. <\/p>\n\n\n\n<p style=\"font-size:22px\"><strong>\u00bfQu\u00e9 m\u00e1s muestra el pol\u00e9mico documental?<\/strong><\/p>\n\n\n\n<p>&#8220;Campos Envenenados de Paraguay&#8221; relata adem\u00e1s el caso de la familia Ben\u00edtez, que pierde a dos menores de edad \u2013una beb\u00e9 de seis meses y una ni\u00f1a de tres a\u00f1os\u2013 en un mismo d\u00eda. <\/p>\n\n\n\n<p>La familia sospecha que las muertes se dieron luego de la exposici\u00f3n a agroqu\u00edmicos. Afirman que en la zona se fumigaba pr\u00e1cticamente 24 horas con tractores y aviones.<\/p>\n\n\n\n<p>El documental muestra adem\u00e1s fotos del hospital de la zona, con 26 ni\u00f1os que fueron a consultar por los mismos motivos y siete adultos intoxicados. Adem\u00e1s murieron 50 vacas ese d\u00eda, seg\u00fan lo que cuentan los entrevistados.<\/p>\n\n\n\n<p>Afirma tambi\u00e9n que a falta de pruebas, la Fiscal\u00eda atribuy\u00f3 la muerte de las dos ni\u00f1as a un extra\u00f1o virus letal.<\/p>\n\n\n\n<p>En el material, adem\u00e1s advierten que de las muestras tomadas en San Juan, encontraron sustancias neurot\u00f3xicas para el feto, cancer\u00edgenas o sospechosas de efectos mutag\u00e9nicos. Entre ellas cita las siguientes: <strong>Bifentrin, Mancozeb, Fluxapyroxad, Epoxiconazol<\/strong> y<strong> Glyphosate<\/strong>.<\/p>\n\n\n\n<p style=\"font-size:22px\"><strong>Finalmente todos se hacen eco<\/strong><\/p>\n\n\n\n<p>El intento de dar de baja el documental, hizo que se abra el debate en las redes sociales y que m\u00e1s paraguayos que no ten\u00edan idea de que exist\u00eda, puedan verlo. <\/p>\n\n\n\n<p>Por su parte, la <strong>Academia de Cine del Paraguay <\/strong>tambi\u00e9n se pronunci\u00f3 al respecto expresando que es necesaria la libertad de expresi\u00f3n para seguir construyendo una democracia. Nos oponemos a todo tipo de censura&#8221;, afirma la misiva. <\/p>\n\n\n\n<figure class=\"wp-block-embed-twitter wp-block-embed is-type-rich is-provider-twitter\"><div class=\"wp-block-embed__wrapper\">\n<blockquote class=\"twitter-tweet\" data-width=\"550\" data-dnt=\"true\"><p lang=\"es\" dir=\"ltr\">Comunicado a la opini\u00f3n p\u00fablica sobre el caso de intento de censura a una obra cinematogr\u00e1fica. <a href=\"https:\/\/t.co\/HUy3bwgsJm\">pic.twitter.com\/HUy3bwgsJm<\/a><\/p>&mdash; Academia de Cine del Paraguay (@academiacinepy) <a href=\"https:\/\/twitter.com\/academiacinepy\/status\/1396797977029709829?ref_src=twsrc%5Etfw\">May 24, 2021<\/a><\/blockquote><script async src=\"https:\/\/platform.twitter.com\/widgets.js\" charset=\"utf-8\"><\/script>\n<\/div><\/figure>\n\n\n\n<p>El periodista y productor<strong> Martin Boudot<\/strong> considera que finalmente la situaci\u00f3n es positiva, porque el intento de censura hizo que m\u00e1s gente se interese y que los medios masivos de comunicaci\u00f3n, que muy escasamente hab\u00edan cubierto el tema, hagan notas al respecto.<\/p>\n\n\n\n<p>Record\u00f3 que cuando hizo un material similar en Francia, esto produjo un impacto en la opini\u00f3n p\u00fablica y tambi\u00e9n gener\u00f3 algunos cambios en las pol\u00edticas de uso de los agroqu\u00edmicos. <\/p>\n\n\n\n<p>&#8220;El clorpirif\u00f3s fue prohibido en Francia un a\u00f1o despu\u00e9s y se cre\u00f3 un real debate sobre el uso intensivo de pesticidas y hay ciudadanos que decidieron salir a marchar en calles de algunas ciudades para denunciar esta situaci\u00f3n. Tambi\u00e9n provoc\u00f3 una investigaci\u00f3n en la C\u00e1mara de Diputados sobre el impacto sanitario y ambiental de pesticidas en Francia&#8221;, referenci\u00f3.<\/p>\n\n\n\n<p>Agreg\u00f3 finalmente que este debate siempre es necesario para mover las l\u00edneas pol\u00edticas para lograr verdaderos cambios y generar consciencia. <\/p>\n\n\n\n<p><a href=\"https:\/\/www.jahecha.com.py\/movie\/los-campos-envenenados-de-paraguay\/\"><strong>Ver el documental completo en este clic.<\/strong><\/a><\/p>\n","protected":false},"excerpt":{"rendered":"La pol\u00e9mica por el documental &#8220;Campos envenenados de Paraguay&#8221; se dio luego de que un gremio productivo solicitara que se retire el material del Ciclo de Cine Europeo bajo el argumento de que el audiovisual tiene un &#8220;espectro ficticio&#8221;. La doctora e investigadora Stela Ben\u00edtez cuenta que en realidad el documental franc\u00e9s surgi\u00f3 en base a una investigaci\u00f3n cient\u00edfica, que estaba realizando con el Conacyt, sobre los efectos en ni\u00f1os expuestos a agroqu\u00edmicos. \n","protected":false},"author":1,"featured_media":3594,"comment_status":"closed","ping_status":"closed","sticky":false,"template":"","format":"standard","meta":[],"categories":[12],"tags":[338,342,343,340,339,341,344,59,35],"ubicacion":[17],"yoast_head":"<!-- This site is optimized with the Yoast SEO plugin v20.8 - https:\/\/yoast.com\/wordpress\/plugins\/seo\/ -->\n<title>Estos son los argumentos que respaldan el documental del que todos hablan &ndash; Latitud25<\/title>\n<meta name=\"description\" content=\"Mir\u00e1 nuestros reportajes audiovisuales y seguinos para enterarte de las \u00faltimas noticias de Paraguay y el mundo, desde la Latitud25. Somos Alternativa de Informaci\u00f3n.\" \/>\n<meta name=\"robots\" content=\"index, follow, max-snippet:-1, max-image-preview:large, max-video-preview:-1\" \/>\n<link rel=\"canonical\" href=\"https:\/\/enlatitud25.com\/news\/estos-son-los-argumentos-que-respaldan-el-documental-del-que-todos-hablan\/\" \/>\n<meta property=\"og:locale\" content=\"es_ES\" \/>\n<meta property=\"og:type\" content=\"article\" \/>\n<meta property=\"og:title\" content=\"Estos son los argumentos que respaldan el documental del que todos hablan &ndash; Latitud25\" \/>\n<meta property=\"og:description\" content=\"Mir\u00e1 nuestros reportajes audiovisuales y seguinos para enterarte de las \u00faltimas noticias de Paraguay y el mundo, desde la Latitud25. Somos Alternativa de Informaci\u00f3n.\" \/>\n<meta property=\"og:url\" content=\"https:\/\/enlatitud25.com\/news\/estos-son-los-argumentos-que-respaldan-el-documental-del-que-todos-hablan\/\" \/>\n<meta property=\"og:site_name\" content=\"Latitud25\" \/>\n<meta property=\"article:publisher\" content=\"https:\/\/www.facebook.com\/EnLatitud25\" \/>\n<meta property=\"article:author\" content=\"https:\/\/www.facebook.com\/EnLatitud25\" \/>\n<meta property=\"article:published_time\" content=\"2021-05-26T21:57:47+00:00\" \/>\n<meta property=\"article:modified_time\" content=\"2021-05-27T22:24:42+00:00\" \/>\n<meta property=\"og:image\" content=\"https:\/\/enlatitud25.com\/news\/wp-content\/uploads\/2021\/05\/agrotoxicos_portadaweb.jpg\" \/>\n\t<meta property=\"og:image:width\" content=\"800\" \/>\n\t<meta property=\"og:image:height\" content=\"500\" \/>\n\t<meta property=\"og:image:type\" content=\"image\/jpeg\" \/>\n<meta name=\"author\" content=\"Latitud 25\" \/>\n<meta name=\"twitter:card\" content=\"summary_large_image\" \/>\n<meta name=\"twitter:creator\" content=\"@EnLatitud25\" \/>\n<meta name=\"twitter:site\" content=\"@EnLatitud25\" \/>\n<meta name=\"twitter:label1\" content=\"Escrito por\" \/>\n\t<meta name=\"twitter:data1\" content=\"Latitud 25\" \/>\n\t<meta name=\"twitter:label2\" content=\"Tiempo de lectura\" \/>\n\t<meta name=\"twitter:data2\" content=\"6 minutos\" \/>\n<script type=\"application\/ld+json\" class=\"yoast-schema-graph\">{\"@context\":\"https:\/\/schema.org\",\"@graph\":[{\"@type\":\"Article\",\"@id\":\"https:\/\/enlatitud25.com\/news\/estos-son-los-argumentos-que-respaldan-el-documental-del-que-todos-hablan\/#article\",\"isPartOf\":{\"@id\":\"https:\/\/enlatitud25.com\/news\/estos-son-los-argumentos-que-respaldan-el-documental-del-que-todos-hablan\/\"},\"author\":{\"name\":\"Latitud 25\",\"@id\":\"https:\/\/enlatitud25.com\/news\/#\/schema\/person\/23aafe968917005a721b8eb760f2586e\"},\"headline\":\"Estos son los argumentos que respaldan el documental del que todos hablan\",\"datePublished\":\"2021-05-26T21:57:47+00:00\",\"dateModified\":\"2021-05-27T22:24:42+00:00\",\"mainEntityOfPage\":{\"@id\":\"https:\/\/enlatitud25.com\/news\/estos-son-los-argumentos-que-respaldan-el-documental-del-que-todos-hablan\/\"},\"wordCount\":1497,\"publisher\":{\"@id\":\"https:\/\/enlatitud25.com\/news\/#organization\"},\"keywords\":[\"agroqu\u00edmicos\",\"ambiente\",\"campos\",\"campos de soja\",\"cultivos\",\"da\u00f1os\",\"envenenados\",\"paraguay\",\"Salud\"],\"articleSection\":[\"Realidad\"],\"inLanguage\":\"es\"},{\"@type\":\"WebPage\",\"@id\":\"https:\/\/enlatitud25.com\/news\/estos-son-los-argumentos-que-respaldan-el-documental-del-que-todos-hablan\/\",\"url\":\"https:\/\/enlatitud25.com\/news\/estos-son-los-argumentos-que-respaldan-el-documental-del-que-todos-hablan\/\",\"name\":\"Estos son los argumentos que respaldan el documental del que todos hablan &ndash; Latitud25\",\"isPartOf\":{\"@id\":\"https:\/\/enlatitud25.com\/news\/#website\"},\"datePublished\":\"2021-05-26T21:57:47+00:00\",\"dateModified\":\"2021-05-27T22:24:42+00:00\",\"description\":\"Mir\u00e1 nuestros reportajes audiovisuales y seguinos para enterarte de las \u00faltimas noticias de Paraguay y el mundo, desde la Latitud25. Somos Alternativa de Informaci\u00f3n.\",\"breadcrumb\":{\"@id\":\"https:\/\/enlatitud25.com\/news\/estos-son-los-argumentos-que-respaldan-el-documental-del-que-todos-hablan\/#breadcrumb\"},\"inLanguage\":\"es\",\"potentialAction\":[{\"@type\":\"ReadAction\",\"target\":[\"https:\/\/enlatitud25.com\/news\/estos-son-los-argumentos-que-respaldan-el-documental-del-que-todos-hablan\/\"]}]},{\"@type\":\"BreadcrumbList\",\"@id\":\"https:\/\/enlatitud25.com\/news\/estos-son-los-argumentos-que-respaldan-el-documental-del-que-todos-hablan\/#breadcrumb\",\"itemListElement\":[{\"@type\":\"ListItem\",\"position\":1,\"name\":\"Home\",\"item\":\"https:\/\/enlatitud25.com\/news\/\"},{\"@type\":\"ListItem\",\"position\":2,\"name\":\"Estos son los argumentos que respaldan el documental del que todos hablan\"}]},{\"@type\":\"WebSite\",\"@id\":\"https:\/\/enlatitud25.com\/news\/#website\",\"url\":\"https:\/\/enlatitud25.com\/news\/\",\"name\":\"Latitud25\",\"description\":\"news\",\"publisher\":{\"@id\":\"https:\/\/enlatitud25.com\/news\/#organization\"},\"potentialAction\":[{\"@type\":\"SearchAction\",\"target\":{\"@type\":\"EntryPoint\",\"urlTemplate\":\"https:\/\/enlatitud25.com\/news\/?s={search_term_string}\"},\"query-input\":\"required name=search_term_string\"}],\"inLanguage\":\"es\"},{\"@type\":\"Organization\",\"@id\":\"https:\/\/enlatitud25.com\/news\/#organization\",\"name\":\"Latitud 25 - News\",\"url\":\"https:\/\/enlatitud25.com\/news\/\",\"logo\":{\"@type\":\"ImageObject\",\"inLanguage\":\"es\",\"@id\":\"https:\/\/enlatitud25.com\/news\/#\/schema\/logo\/image\/\",\"url\":\"https:\/\/enlatitud25.com\/news\/wp-content\/uploads\/2020\/11\/logo_latitud.png\",\"contentUrl\":\"https:\/\/enlatitud25.com\/news\/wp-content\/uploads\/2020\/11\/logo_latitud.png\",\"width\":235,\"height\":39,\"caption\":\"Latitud 25 - News\"},\"image\":{\"@id\":\"https:\/\/enlatitud25.com\/news\/#\/schema\/logo\/image\/\"},\"sameAs\":[\"https:\/\/www.facebook.com\/EnLatitud25\",\"https:\/\/twitter.com\/EnLatitud25\",\"https:\/\/www.instagram.com\/enlatitud25\/\",\"https:\/\/www.youtube.com\/user\/desdelatitud25\"]},{\"@type\":\"Person\",\"@id\":\"https:\/\/enlatitud25.com\/news\/#\/schema\/person\/23aafe968917005a721b8eb760f2586e\",\"name\":\"Latitud 25\",\"sameAs\":[\"https:\/\/enlatitud25.com\/news\",\"https:\/\/www.facebook.com\/EnLatitud25\",\"https:\/\/www.instagram.com\/enlatitud25\",\"https:\/\/www.youtube.com\/user\/desdelatitud25\",\"https:\/\/soundcloud.com\/enlatitud25\"],\"url\":\"https:\/\/enlatitud25.com\/news\/author\/nnews-uss00\/\"}]}<\/script>\n<!-- \/ Yoast SEO plugin. -->","yoast_head_json":{"title":"Estos son los argumentos que respaldan el documental del que todos hablan &ndash; Latitud25","description":"Mir\u00e1 nuestros reportajes audiovisuales y seguinos para enterarte de las \u00faltimas noticias de Paraguay y el mundo, desde la Latitud25. Somos Alternativa de Informaci\u00f3n.","robots":{"index":"index","follow":"follow","max-snippet":"max-snippet:-1","max-image-preview":"max-image-preview:large","max-video-preview":"max-video-preview:-1"},"canonical":"https:\/\/enlatitud25.com\/news\/estos-son-los-argumentos-que-respaldan-el-documental-del-que-todos-hablan\/","og_locale":"es_ES","og_type":"article","og_title":"Estos son los argumentos que respaldan el documental del que todos hablan &ndash; Latitud25","og_description":"Mir\u00e1 nuestros reportajes audiovisuales y seguinos para enterarte de las \u00faltimas noticias de Paraguay y el mundo, desde la Latitud25. Somos Alternativa de Informaci\u00f3n.","og_url":"https:\/\/enlatitud25.com\/news\/estos-son-los-argumentos-que-respaldan-el-documental-del-que-todos-hablan\/","og_site_name":"Latitud25","article_publisher":"https:\/\/www.facebook.com\/EnLatitud25","article_author":"https:\/\/www.facebook.com\/EnLatitud25","article_published_time":"2021-05-26T21:57:47+00:00","article_modified_time":"2021-05-27T22:24:42+00:00","og_image":[{"width":800,"height":500,"url":"https:\/\/enlatitud25.com\/news\/wp-content\/uploads\/2021\/05\/agrotoxicos_portadaweb.jpg","type":"image\/jpeg"}],"author":"Latitud 25","twitter_card":"summary_large_image","twitter_creator":"@EnLatitud25","twitter_site":"@EnLatitud25","twitter_misc":{"Escrito por":"Latitud 25","Tiempo de lectura":"6 minutos"},"schema":{"@context":"https:\/\/schema.org","@graph":[{"@type":"Article","@id":"https:\/\/enlatitud25.com\/news\/estos-son-los-argumentos-que-respaldan-el-documental-del-que-todos-hablan\/#article","isPartOf":{"@id":"https:\/\/enlatitud25.com\/news\/estos-son-los-argumentos-que-respaldan-el-documental-del-que-todos-hablan\/"},"author":{"name":"Latitud 25","@id":"https:\/\/enlatitud25.com\/news\/#\/schema\/person\/23aafe968917005a721b8eb760f2586e"},"headline":"Estos son los argumentos que respaldan el documental del que todos hablan","datePublished":"2021-05-26T21:57:47+00:00","dateModified":"2021-05-27T22:24:42+00:00","mainEntityOfPage":{"@id":"https:\/\/enlatitud25.com\/news\/estos-son-los-argumentos-que-respaldan-el-documental-del-que-todos-hablan\/"},"wordCount":1497,"publisher":{"@id":"https:\/\/enlatitud25.com\/news\/#organization"},"keywords":["agroqu\u00edmicos","ambiente","campos","campos de soja","cultivos","da\u00f1os","envenenados","paraguay","Salud"],"articleSection":["Realidad"],"inLanguage":"es"},{"@type":"WebPage","@id":"https:\/\/enlatitud25.com\/news\/estos-son-los-argumentos-que-respaldan-el-documental-del-que-todos-hablan\/","url":"https:\/\/enlatitud25.com\/news\/estos-son-los-argumentos-que-respaldan-el-documental-del-que-todos-hablan\/","name":"Estos son los argumentos que respaldan el documental del que todos hablan &ndash; Latitud25","isPartOf":{"@id":"https:\/\/enlatitud25.com\/news\/#website"},"datePublished":"2021-05-26T21:57:47+00:00","dateModified":"2021-05-27T22:24:42+00:00","description":"Mir\u00e1 nuestros reportajes audiovisuales y seguinos para enterarte de las \u00faltimas noticias de Paraguay y el mundo, desde la Latitud25. Somos Alternativa de Informaci\u00f3n.","breadcrumb":{"@id":"https:\/\/enlatitud25.com\/news\/estos-son-los-argumentos-que-respaldan-el-documental-del-que-todos-hablan\/#breadcrumb"},"inLanguage":"es","potentialAction":[{"@type":"ReadAction","target":["https:\/\/enlatitud25.com\/news\/estos-son-los-argumentos-que-respaldan-el-documental-del-que-todos-hablan\/"]}]},{"@type":"BreadcrumbList","@id":"https:\/\/enlatitud25.com\/news\/estos-son-los-argumentos-que-respaldan-el-documental-del-que-todos-hablan\/#breadcrumb","itemListElement":[{"@type":"ListItem","position":1,"name":"Home","item":"https:\/\/enlatitud25.com\/news\/"},{"@type":"ListItem","position":2,"name":"Estos son los argumentos que respaldan el documental del que todos hablan"}]},{"@type":"WebSite","@id":"https:\/\/enlatitud25.com\/news\/#website","url":"https:\/\/enlatitud25.com\/news\/","name":"Latitud25","description":"news","publisher":{"@id":"https:\/\/enlatitud25.com\/news\/#organization"},"potentialAction":[{"@type":"SearchAction","target":{"@type":"EntryPoint","urlTemplate":"https:\/\/enlatitud25.com\/news\/?s={search_term_string}"},"query-input":"required name=search_term_string"}],"inLanguage":"es"},{"@type":"Organization","@id":"https:\/\/enlatitud25.com\/news\/#organization","name":"Latitud 25 - News","url":"https:\/\/enlatitud25.com\/news\/","logo":{"@type":"ImageObject","inLanguage":"es","@id":"https:\/\/enlatitud25.com\/news\/#\/schema\/logo\/image\/","url":"https:\/\/enlatitud25.com\/news\/wp-content\/uploads\/2020\/11\/logo_latitud.png","contentUrl":"https:\/\/enlatitud25.com\/news\/wp-content\/uploads\/2020\/11\/logo_latitud.png","width":235,"height":39,"caption":"Latitud 25 - News"},"image":{"@id":"https:\/\/enlatitud25.com\/news\/#\/schema\/logo\/image\/"},"sameAs":["https:\/\/www.facebook.com\/EnLatitud25","https:\/\/twitter.com\/EnLatitud25","https:\/\/www.instagram.com\/enlatitud25\/","https:\/\/www.youtube.com\/user\/desdelatitud25"]},{"@type":"Person","@id":"https:\/\/enlatitud25.com\/news\/#\/schema\/person\/23aafe968917005a721b8eb760f2586e","name":"Latitud 25","sameAs":["https:\/\/enlatitud25.com\/news","https:\/\/www.facebook.com\/EnLatitud25","https:\/\/www.instagram.com\/enlatitud25","https:\/\/www.youtube.com\/user\/desdelatitud25","https:\/\/soundcloud.com\/enlatitud25"],"url":"https:\/\/enlatitud25.com\/news\/author\/nnews-uss00\/"}]}},"_links":{"self":[{"href":"https:\/\/enlatitud25.com\/news\/wp-json\/wp\/v2\/posts\/3587"}],"collection":[{"href":"https:\/\/enlatitud25.com\/news\/wp-json\/wp\/v2\/posts"}],"about":[{"href":"https:\/\/enlatitud25.com\/news\/wp-json\/wp\/v2\/types\/post"}],"author":[{"embeddable":true,"href":"https:\/\/enlatitud25.com\/news\/wp-json\/wp\/v2\/users\/1"}],"replies":[{"embeddable":true,"href":"https:\/\/enlatitud25.com\/news\/wp-json\/wp\/v2\/comments?post=3587"}],"version-history":[{"count":12,"href":"https:\/\/enlatitud25.com\/news\/wp-json\/wp\/v2\/posts\/3587\/revisions"}],"predecessor-version":[{"id":3614,"href":"https:\/\/enlatitud25.com\/news\/wp-json\/wp\/v2\/posts\/3587\/revisions\/3614"}],"wp:featuredmedia":[{"embeddable":true,"href":"https:\/\/enlatitud25.com\/news\/wp-json\/wp\/v2\/media\/3594"}],"wp:attachment":[{"href":"https:\/\/enlatitud25.com\/news\/wp-json\/wp\/v2\/media?parent=3587"}],"wp:term":[{"taxonomy":"category","embeddable":true,"href":"https:\/\/enlatitud25.com\/news\/wp-json\/wp\/v2\/categories?post=3587"},{"taxonomy":"post_tag","embeddable":true,"href":"https:\/\/enlatitud25.com\/news\/wp-json\/wp\/v2\/tags?post=3587"},{"taxonomy":"ubicacion","embeddable":true,"href":"https:\/\/enlatitud25.com\/news\/wp-json\/wp\/v2\/ubicacion?post=3587"}],"curies":[{"name":"wp","href":"https:\/\/api.w.org\/{rel}","templated":true}]}}