{"id":3481,"date":"2021-05-14T10:00:00","date_gmt":"2021-05-14T10:00:00","guid":{"rendered":"https:\/\/enlatitud25.com\/news\/?p=3481"},"modified":"2021-05-14T12:30:25","modified_gmt":"2021-05-14T12:30:25","slug":"embretaran-a-binacionales-por-varios-frentes-para-controlar-fondos-sociales","status":"publish","type":"post","link":"https:\/\/enlatitud25.com\/news\/embretaran-a-binacionales-por-varios-frentes-para-controlar-fondos-sociales\/","title":{"rendered":"Embretar\u00e1n a binacionales por varios frentes para controlar fondos sociales"},"content":{"rendered":"\n<p><\/p>\n\n\n\n<p>En medio de la pol\u00e9mica generada por la hist\u00f3rica falta de control en el uso de los fondos socioambientales de las binacionales, el contralor<strong> Camilo Ben\u00edtez <\/strong>reconoci\u00f3, en comunicaci\u00f3n con Latitud 25, que ya recibi\u00f3 la negativa de ambas binacionales para que la instituci\u00f3n a su cargo audite los fondos socioambientales.<\/p>\n\n\n\n<p>Explic\u00f3 que en este caso la \u00fanica alternativa que tienen consiste en dejar el \u00e1mbito administrativo para acudir al jurisdiccional. <\/p>\n\n\n\n<p>Refiri\u00f3 que la Ley Org\u00e1nica de la <strong>Contralor\u00eda General de la Rep\u00fablica<\/strong>, en el art\u00edculo 20 establece, que si existe alg\u00fan impedimento en los pedidos de informe que realizan, pueden pedir al Juez de Primera Instancia en lo Civil y Comercial que otorgue una medida judicial para que la entidad en cuesti\u00f3n, facilite la informaci\u00f3n. <\/p>\n\n\n\n<p>Agreg\u00f3 que ese tr\u00e1mite est\u00e1n preparando ahora para presentar la semana que viene. <\/p>\n\n\n\n<p style=\"font-size:22px\"><strong>La negativa de las binacionales<\/strong><\/p>\n\n\n\n<p>El contralor resalt\u00f3 que la situaci\u00f3n est\u00e1 compleja, porque es de ambas binacionales y coment\u00f3 que la postura de Itaip\u00fa es mucho m\u00e1s fuerte y fundada que la de Yacyret\u00e1. <\/p>\n\n\n\n<p>&#8220;Ellos alegan que las binacionales se rigen por los tratados internacionales y que la Contralor\u00eda, as\u00ed como tambi\u00e9n el \u00f3rgano de control del otro pa\u00eds (ya sea Brasil o Argentina), no tiene competencia para auditarle a ellos, bajo el argumento que si nosotros revisamos la contabilidad de un Estado, atentamos contra la soberan\u00eda del otro pa\u00eds&#8221;, explic\u00f3.<\/p>\n\n\n\n<figure class=\"wp-block-embed-twitter wp-block-embed is-type-rich is-provider-twitter\"><div class=\"wp-block-embed__wrapper\">\n<blockquote class=\"twitter-tweet\" data-width=\"550\" data-dnt=\"true\"><p lang=\"es\" dir=\"ltr\">\u27a1\ufe0f Kattya dijo que eran USD 150 millones<br><br>\u27a1\ufe0f Desir\u00e9e reconoci\u00f3 que era imposible alcanzar ese monto y que hay que ser serios para hacer cr\u00edticas<br><br>\u27a1\ufe0f Mientras, el Gobierno dice que destinar\u00e1 USD 30 millones para derivar a Salud<br><br>\u2b07\ufe0fLe\u00e9 la nota completa: <br> <a href=\"https:\/\/t.co\/6w8Xe4iOHK\">https:\/\/t.co\/6w8Xe4iOHK<\/a><\/p>&mdash; LATITUD 25 (@EnLatitud25) <a href=\"https:\/\/twitter.com\/EnLatitud25\/status\/1392247552406343681?ref_src=twsrc%5Etfw\">May 11, 2021<\/a><\/blockquote><script async src=\"https:\/\/platform.twitter.com\/widgets.js\" charset=\"utf-8\"><\/script>\n<\/div><\/figure>\n\n\n\n<p>No obstante, afirm\u00f3 que la instituci\u00f3n a su cargo tiene una tesis contraria a eso. Argument\u00f3 que la Contralor\u00eda es un \u00f3rgano constitucional y cuando se firm\u00f3 el tratado de Itaip\u00fa aun no exist\u00eda esta instituci\u00f3n. Record\u00f3 que en el a\u00f1o 1992 se cre\u00f3 este organismo extra poder que tiene competencias constitucionales y que le habilita a ejercer el control de gastos, en este caso, del lado paraguayo.<\/p>\n\n\n\n<p> &#8220;Como la respuesta es negativa es probable que tengamos que recurrir a la justicia, ah\u00ed veremos si no dan la medida y ah\u00ed agotaremos todas las instancias para cumplir este cometido que nos dio el Senado&#8221;, concluy\u00f3. <\/p>\n\n\n\n<p style=\"font-size:22px\"><strong>&#8220;Nadie lloraba por los fondos sociales&#8221;<\/strong><\/p>\n\n\n\n<p>El titular de Yacyret\u00e1, <strong>Nicanor Duarte Frutos<\/strong>, habl\u00f3 esta ma\u00f1ana durante un acto del gobierno. Durante su alocuci\u00f3n hizo p\u00fablica su negativa de que la Contralor\u00eda ingrese a la entidad para realizar el control. <\/p>\n\n\n\n<p>\u201cLos fondos sociales operan desde el 2003. Muchos gobiernos ya pasaron en nuestro pa\u00eds, ya mand\u00f3 un liberal, un izquierdista, un sacerdote y tambi\u00e9n un empresario. Todo tipo de personas ya mandaron y nadie llor\u00f3 por los fondos sociales&#8221;, dijo en un primer momento. <\/p>\n\n\n\n<figure class=\"wp-block-embed-twitter wp-block-embed is-type-rich is-provider-twitter\"><div class=\"wp-block-embed__wrapper\">\n<blockquote class=\"twitter-tweet\" data-width=\"550\" data-dnt=\"true\"><p lang=\"es\" dir=\"ltr\">\u2b55CRITIC\u00d3 | El titular de la <a href=\"https:\/\/twitter.com\/ebypy?ref_src=twsrc%5Etfw\">@ebypy<\/a>, Nicanor Duarte Frutos, habl\u00f3 sobre los fondos sociales, aclar\u00f3 que antes nadie lloraba por ellos y que cada gobierno aprovech\u00f3 como &quot;corresponde&quot;<br><br>\ud83d\udde3\ufe0f&quot;Ni los liberales, ni izquierdistas, ning\u00fan sector se preocup\u00f3 por la transparencia&quot;<a href=\"https:\/\/twitter.com\/hashtag\/L25?src=hash&amp;ref_src=twsrc%5Etfw\">#L25<\/a> <a href=\"https:\/\/t.co\/Fr1VkIURnQ\">pic.twitter.com\/Fr1VkIURnQ<\/a><\/p>&mdash; LATITUD 25 (@EnLatitud25) <a href=\"https:\/\/twitter.com\/EnLatitud25\/status\/1392869106777534466?ref_src=twsrc%5Etfw\">May 13, 2021<\/a><\/blockquote><script async src=\"https:\/\/platform.twitter.com\/widgets.js\" charset=\"utf-8\"><\/script>\n<\/div><\/figure>\n\n\n\n<p>Agreg\u00f3 que cada gobierno aprovech\u00f3 &#8220;como corresponde los fondos sociales. Se\u00f1al\u00f3 que algunos invirtieron mejor, otros peor, pero nunca ni los liberales ni los izquierdistas ni ning\u00fan sector hab\u00eda reclamado el fin de los fondos sociales y de pronto se han preocupado por la transparencia, asegur\u00f3.<\/p>\n\n\n\n<p>&#8220;Hay parlamentarios que despu\u00e9s de 30 a\u00f1os escuch\u00e9 de su boca la palabra transparencia (&#8230;) y me parece una esperanza, un gran giro \u00e9tico y moral en el moralismo que yo aplaudo con sinceridad&#8221;, manifest\u00f3. <\/p>\n\n\n\n<p style=\"font-size:22px\"><strong>Nuevos requerimientos de la ciudadan\u00eda<\/strong><\/p>\n\n\n\n<p>Respecto a las declaraciones de<strong> Duarte Frutos<\/strong>, la diputada liberal <strong>Celeste Amarilla<\/strong>, cuyo marido, Franklin Boccia, fue en vida director paraguayo de la Itaip\u00fa Binacional, afirm\u00f3 que su esposo no tuvo problemas en llevar documentos a la Contralor\u00eda en su momento. Resalt\u00f3 adem\u00e1s que estamos en tiempos distintos &#8220;en los cuales nos hemos dado cuenta palpablemente del mal uso de los fondos sociales, p\u00fablicos&#8221; .<\/p>\n\n\n\n<p>Por otra parte, manifest\u00f3 que no puede hacerse cargo, por m\u00e1s de que sean sus correligionarios, de lo que pensaban los parlamentarios de hace 10 a\u00f1os. <\/p>\n\n\n\n<p>&#8220;Somos nuevos parlamentarios, hay nuevos requerimientos de la ciudadan\u00eda y hay hechos nuevos porque han tocado la plata hasta de la salud&#8221;, apunt\u00f3 en relaci\u00f3n a los esc\u00e1ndalos que se dieron en el marco de la pandemia del COVID-19.<\/p>\n\n\n\n<p>Amarilla record\u00f3 que desde la <strong>C\u00e1mara Baja <\/strong>ya hicieron un pedido de informes a Itaip\u00fa, que fue remitido en la fecha. A\u00f1adi\u00f3 que lo mismo van a hacer para Yacyret\u00e1. &#8220;Una vez enviado, tienen d\u00edas h\u00e1biles para responder&#8221;, subray\u00f3. <\/p>\n\n\n\n<p style=\"font-size:22px\"><strong>Antecedentes<\/strong><\/p>\n\n\n\n<p>La ley que destina los fondos socio-ambientales de las binacionales \u2013<strong>Itaip\u00fa y Yacyret\u00e1<\/strong>\u2013 al Ministerio de Salud para la lucha contra la pandemia del COVID-19, fue promulgada el pasado 26 de abril y reglamentada esta semana.<\/p>\n\n\n\n<p>Sin embargo, su reglamentaci\u00f3n gener\u00f3 una nueva pol\u00e9mica, puesto que el gobierno, durante una conferencia de prensa afirm\u00f3 que no eran USD 150 millones los que ser\u00edan remitidos a la estatal, porque solo quedan unos USD 34 millones.<\/p>\n\n\n\n<p>Desde el Ejecutivo insistieron en que el resto de los fondos fueron ya asignados y tambi\u00e9n aseguraron que gran parte de ellos fueron invertidos en salud.<\/p>\n\n\n\n<p>En ese contexto, la C\u00e1mara de Senadores solicit\u00f3 a la<strong> Contralor\u00eda General de la Rep\u00fablica<\/strong> que audite estos fondos. <\/p>\n\n\n\n<p>Al respecto, la senadora <strong>Desir\u00e9e Masi<\/strong>, refiri\u00f3 a Latitud 25 que desde el Senado solicitaron al contralor que por lo menos audite el \u00faltimo a\u00f1o de los gastos de los fondos socioambientales de ambas binacionales. &#8220;Porque ah\u00ed vamos a saber c\u00f3mo gastaron, en qu\u00e9 gastaron y cu\u00e1l es el saldo real&#8221;, concluy\u00f3. <\/p>\n\n\n\n<p><\/p>\n","protected":false},"excerpt":{"rendered":"Los directores de las binacionales se resisten a que la Contralor\u00eda General de la Rep\u00fablica (CGR) audite c\u00f3mo fueron gastados los fondos socioambientales en el \u00faltimo a\u00f1o. En ese contexto, el contralor Camilo Ben\u00edtez asegur\u00f3 que agotar\u00e1 todas las instancias judiciales para lograr la auditor\u00eda, mientras que desde Diputados afirmaron que solicitar\u00e1n informes tanto a Itaip\u00fa como a Yacyret\u00e1.\n","protected":false},"author":1,"featured_media":3485,"comment_status":"closed","ping_status":"closed","sticky":false,"template":"","format":"standard","meta":[],"categories":[12],"tags":[310,264,309,307,308],"ubicacion":[17],"yoast_head":"<!-- This site is optimized with the Yoast SEO plugin v20.8 - https:\/\/yoast.com\/wordpress\/plugins\/seo\/ -->\n<title>Embretar\u00e1n a binacionales por varios frentes para controlar fondos sociales &ndash; Latitud25<\/title>\n<meta name=\"description\" content=\"Mir\u00e1 nuestros reportajes audiovisuales y seguinos para enterarte de las \u00faltimas noticias de Paraguay y el mundo, desde la Latitud25. Somos Alternativa de Informaci\u00f3n.\" \/>\n<meta name=\"robots\" content=\"index, follow, max-snippet:-1, max-image-preview:large, max-video-preview:-1\" \/>\n<link rel=\"canonical\" href=\"https:\/\/enlatitud25.com\/news\/embretaran-a-binacionales-por-varios-frentes-para-controlar-fondos-sociales\/\" \/>\n<meta property=\"og:locale\" content=\"es_ES\" \/>\n<meta property=\"og:type\" content=\"article\" \/>\n<meta property=\"og:title\" content=\"Embretar\u00e1n a binacionales por varios frentes para controlar fondos sociales &ndash; Latitud25\" \/>\n<meta property=\"og:description\" content=\"Mir\u00e1 nuestros reportajes audiovisuales y seguinos para enterarte de las \u00faltimas noticias de Paraguay y el mundo, desde la Latitud25. Somos Alternativa de Informaci\u00f3n.\" \/>\n<meta property=\"og:url\" content=\"https:\/\/enlatitud25.com\/news\/embretaran-a-binacionales-por-varios-frentes-para-controlar-fondos-sociales\/\" \/>\n<meta property=\"og:site_name\" content=\"Latitud25\" \/>\n<meta property=\"article:publisher\" content=\"https:\/\/www.facebook.com\/EnLatitud25\" \/>\n<meta property=\"article:author\" content=\"https:\/\/www.facebook.com\/EnLatitud25\" \/>\n<meta property=\"article:published_time\" content=\"2021-05-14T10:00:00+00:00\" \/>\n<meta property=\"article:modified_time\" content=\"2021-05-14T12:30:25+00:00\" \/>\n<meta property=\"og:image\" content=\"https:\/\/enlatitud25.com\/news\/wp-content\/uploads\/2021\/05\/documentos.jpg\" \/>\n\t<meta property=\"og:image:width\" content=\"921\" \/>\n\t<meta property=\"og:image:height\" content=\"617\" \/>\n\t<meta property=\"og:image:type\" content=\"image\/jpeg\" \/>\n<meta name=\"author\" content=\"Latitud 25\" \/>\n<meta name=\"twitter:card\" content=\"summary_large_image\" \/>\n<meta name=\"twitter:creator\" content=\"@EnLatitud25\" \/>\n<meta name=\"twitter:site\" content=\"@EnLatitud25\" \/>\n<meta name=\"twitter:label1\" content=\"Escrito por\" \/>\n\t<meta name=\"twitter:data1\" content=\"Latitud 25\" \/>\n\t<meta name=\"twitter:label2\" content=\"Tiempo de lectura\" \/>\n\t<meta name=\"twitter:data2\" content=\"4 minutos\" \/>\n<script type=\"application\/ld+json\" class=\"yoast-schema-graph\">{\"@context\":\"https:\/\/schema.org\",\"@graph\":[{\"@type\":\"Article\",\"@id\":\"https:\/\/enlatitud25.com\/news\/embretaran-a-binacionales-por-varios-frentes-para-controlar-fondos-sociales\/#article\",\"isPartOf\":{\"@id\":\"https:\/\/enlatitud25.com\/news\/embretaran-a-binacionales-por-varios-frentes-para-controlar-fondos-sociales\/\"},\"author\":{\"name\":\"Latitud 25\",\"@id\":\"https:\/\/enlatitud25.com\/news\/#\/schema\/person\/23aafe968917005a721b8eb760f2586e\"},\"headline\":\"Embretar\u00e1n a binacionales por varios frentes para controlar fondos sociales\",\"datePublished\":\"2021-05-14T10:00:00+00:00\",\"dateModified\":\"2021-05-14T12:30:25+00:00\",\"mainEntityOfPage\":{\"@id\":\"https:\/\/enlatitud25.com\/news\/embretaran-a-binacionales-por-varios-frentes-para-controlar-fondos-sociales\/\"},\"wordCount\":917,\"publisher\":{\"@id\":\"https:\/\/enlatitud25.com\/news\/#organization\"},\"keywords\":[\"auditar\",\"binacionales\",\"contralor\u00eda\",\"fondos\",\"socioambientales\"],\"articleSection\":[\"Realidad\"],\"inLanguage\":\"es\"},{\"@type\":\"WebPage\",\"@id\":\"https:\/\/enlatitud25.com\/news\/embretaran-a-binacionales-por-varios-frentes-para-controlar-fondos-sociales\/\",\"url\":\"https:\/\/enlatitud25.com\/news\/embretaran-a-binacionales-por-varios-frentes-para-controlar-fondos-sociales\/\",\"name\":\"Embretar\u00e1n a binacionales por varios frentes para controlar fondos sociales &ndash; Latitud25\",\"isPartOf\":{\"@id\":\"https:\/\/enlatitud25.com\/news\/#website\"},\"datePublished\":\"2021-05-14T10:00:00+00:00\",\"dateModified\":\"2021-05-14T12:30:25+00:00\",\"description\":\"Mir\u00e1 nuestros reportajes audiovisuales y seguinos para enterarte de las \u00faltimas noticias de Paraguay y el mundo, desde la Latitud25. Somos Alternativa de Informaci\u00f3n.\",\"breadcrumb\":{\"@id\":\"https:\/\/enlatitud25.com\/news\/embretaran-a-binacionales-por-varios-frentes-para-controlar-fondos-sociales\/#breadcrumb\"},\"inLanguage\":\"es\",\"potentialAction\":[{\"@type\":\"ReadAction\",\"target\":[\"https:\/\/enlatitud25.com\/news\/embretaran-a-binacionales-por-varios-frentes-para-controlar-fondos-sociales\/\"]}]},{\"@type\":\"BreadcrumbList\",\"@id\":\"https:\/\/enlatitud25.com\/news\/embretaran-a-binacionales-por-varios-frentes-para-controlar-fondos-sociales\/#breadcrumb\",\"itemListElement\":[{\"@type\":\"ListItem\",\"position\":1,\"name\":\"Home\",\"item\":\"https:\/\/enlatitud25.com\/news\/\"},{\"@type\":\"ListItem\",\"position\":2,\"name\":\"Embretar\u00e1n a binacionales por varios frentes para controlar fondos sociales\"}]},{\"@type\":\"WebSite\",\"@id\":\"https:\/\/enlatitud25.com\/news\/#website\",\"url\":\"https:\/\/enlatitud25.com\/news\/\",\"name\":\"Latitud25\",\"description\":\"news\",\"publisher\":{\"@id\":\"https:\/\/enlatitud25.com\/news\/#organization\"},\"potentialAction\":[{\"@type\":\"SearchAction\",\"target\":{\"@type\":\"EntryPoint\",\"urlTemplate\":\"https:\/\/enlatitud25.com\/news\/?s={search_term_string}\"},\"query-input\":\"required name=search_term_string\"}],\"inLanguage\":\"es\"},{\"@type\":\"Organization\",\"@id\":\"https:\/\/enlatitud25.com\/news\/#organization\",\"name\":\"Latitud 25 - News\",\"url\":\"https:\/\/enlatitud25.com\/news\/\",\"logo\":{\"@type\":\"ImageObject\",\"inLanguage\":\"es\",\"@id\":\"https:\/\/enlatitud25.com\/news\/#\/schema\/logo\/image\/\",\"url\":\"https:\/\/enlatitud25.com\/news\/wp-content\/uploads\/2020\/11\/logo_latitud.png\",\"contentUrl\":\"https:\/\/enlatitud25.com\/news\/wp-content\/uploads\/2020\/11\/logo_latitud.png\",\"width\":235,\"height\":39,\"caption\":\"Latitud 25 - News\"},\"image\":{\"@id\":\"https:\/\/enlatitud25.com\/news\/#\/schema\/logo\/image\/\"},\"sameAs\":[\"https:\/\/www.facebook.com\/EnLatitud25\",\"https:\/\/twitter.com\/EnLatitud25\",\"https:\/\/www.instagram.com\/enlatitud25\/\",\"https:\/\/www.youtube.com\/user\/desdelatitud25\"]},{\"@type\":\"Person\",\"@id\":\"https:\/\/enlatitud25.com\/news\/#\/schema\/person\/23aafe968917005a721b8eb760f2586e\",\"name\":\"Latitud 25\",\"sameAs\":[\"https:\/\/enlatitud25.com\/news\",\"https:\/\/www.facebook.com\/EnLatitud25\",\"https:\/\/www.instagram.com\/enlatitud25\",\"https:\/\/www.youtube.com\/user\/desdelatitud25\",\"https:\/\/soundcloud.com\/enlatitud25\"],\"url\":\"https:\/\/enlatitud25.com\/news\/author\/nnews-uss00\/\"}]}<\/script>\n<!-- \/ Yoast SEO plugin. -->","yoast_head_json":{"title":"Embretar\u00e1n a binacionales por varios frentes para controlar fondos sociales &ndash; Latitud25","description":"Mir\u00e1 nuestros reportajes audiovisuales y seguinos para enterarte de las \u00faltimas noticias de Paraguay y el mundo, desde la Latitud25. Somos Alternativa de Informaci\u00f3n.","robots":{"index":"index","follow":"follow","max-snippet":"max-snippet:-1","max-image-preview":"max-image-preview:large","max-video-preview":"max-video-preview:-1"},"canonical":"https:\/\/enlatitud25.com\/news\/embretaran-a-binacionales-por-varios-frentes-para-controlar-fondos-sociales\/","og_locale":"es_ES","og_type":"article","og_title":"Embretar\u00e1n a binacionales por varios frentes para controlar fondos sociales &ndash; Latitud25","og_description":"Mir\u00e1 nuestros reportajes audiovisuales y seguinos para enterarte de las \u00faltimas noticias de Paraguay y el mundo, desde la Latitud25. Somos Alternativa de Informaci\u00f3n.","og_url":"https:\/\/enlatitud25.com\/news\/embretaran-a-binacionales-por-varios-frentes-para-controlar-fondos-sociales\/","og_site_name":"Latitud25","article_publisher":"https:\/\/www.facebook.com\/EnLatitud25","article_author":"https:\/\/www.facebook.com\/EnLatitud25","article_published_time":"2021-05-14T10:00:00+00:00","article_modified_time":"2021-05-14T12:30:25+00:00","og_image":[{"width":921,"height":617,"url":"https:\/\/enlatitud25.com\/news\/wp-content\/uploads\/2021\/05\/documentos.jpg","type":"image\/jpeg"}],"author":"Latitud 25","twitter_card":"summary_large_image","twitter_creator":"@EnLatitud25","twitter_site":"@EnLatitud25","twitter_misc":{"Escrito por":"Latitud 25","Tiempo de lectura":"4 minutos"},"schema":{"@context":"https:\/\/schema.org","@graph":[{"@type":"Article","@id":"https:\/\/enlatitud25.com\/news\/embretaran-a-binacionales-por-varios-frentes-para-controlar-fondos-sociales\/#article","isPartOf":{"@id":"https:\/\/enlatitud25.com\/news\/embretaran-a-binacionales-por-varios-frentes-para-controlar-fondos-sociales\/"},"author":{"name":"Latitud 25","@id":"https:\/\/enlatitud25.com\/news\/#\/schema\/person\/23aafe968917005a721b8eb760f2586e"},"headline":"Embretar\u00e1n a binacionales por varios frentes para controlar fondos sociales","datePublished":"2021-05-14T10:00:00+00:00","dateModified":"2021-05-14T12:30:25+00:00","mainEntityOfPage":{"@id":"https:\/\/enlatitud25.com\/news\/embretaran-a-binacionales-por-varios-frentes-para-controlar-fondos-sociales\/"},"wordCount":917,"publisher":{"@id":"https:\/\/enlatitud25.com\/news\/#organization"},"keywords":["auditar","binacionales","contralor\u00eda","fondos","socioambientales"],"articleSection":["Realidad"],"inLanguage":"es"},{"@type":"WebPage","@id":"https:\/\/enlatitud25.com\/news\/embretaran-a-binacionales-por-varios-frentes-para-controlar-fondos-sociales\/","url":"https:\/\/enlatitud25.com\/news\/embretaran-a-binacionales-por-varios-frentes-para-controlar-fondos-sociales\/","name":"Embretar\u00e1n a binacionales por varios frentes para controlar fondos sociales &ndash; Latitud25","isPartOf":{"@id":"https:\/\/enlatitud25.com\/news\/#website"},"datePublished":"2021-05-14T10:00:00+00:00","dateModified":"2021-05-14T12:30:25+00:00","description":"Mir\u00e1 nuestros reportajes audiovisuales y seguinos para enterarte de las \u00faltimas noticias de Paraguay y el mundo, desde la Latitud25. Somos Alternativa de Informaci\u00f3n.","breadcrumb":{"@id":"https:\/\/enlatitud25.com\/news\/embretaran-a-binacionales-por-varios-frentes-para-controlar-fondos-sociales\/#breadcrumb"},"inLanguage":"es","potentialAction":[{"@type":"ReadAction","target":["https:\/\/enlatitud25.com\/news\/embretaran-a-binacionales-por-varios-frentes-para-controlar-fondos-sociales\/"]}]},{"@type":"BreadcrumbList","@id":"https:\/\/enlatitud25.com\/news\/embretaran-a-binacionales-por-varios-frentes-para-controlar-fondos-sociales\/#breadcrumb","itemListElement":[{"@type":"ListItem","position":1,"name":"Home","item":"https:\/\/enlatitud25.com\/news\/"},{"@type":"ListItem","position":2,"name":"Embretar\u00e1n a binacionales por varios frentes para controlar fondos sociales"}]},{"@type":"WebSite","@id":"https:\/\/enlatitud25.com\/news\/#website","url":"https:\/\/enlatitud25.com\/news\/","name":"Latitud25","description":"news","publisher":{"@id":"https:\/\/enlatitud25.com\/news\/#organization"},"potentialAction":[{"@type":"SearchAction","target":{"@type":"EntryPoint","urlTemplate":"https:\/\/enlatitud25.com\/news\/?s={search_term_string}"},"query-input":"required name=search_term_string"}],"inLanguage":"es"},{"@type":"Organization","@id":"https:\/\/enlatitud25.com\/news\/#organization","name":"Latitud 25 - News","url":"https:\/\/enlatitud25.com\/news\/","logo":{"@type":"ImageObject","inLanguage":"es","@id":"https:\/\/enlatitud25.com\/news\/#\/schema\/logo\/image\/","url":"https:\/\/enlatitud25.com\/news\/wp-content\/uploads\/2020\/11\/logo_latitud.png","contentUrl":"https:\/\/enlatitud25.com\/news\/wp-content\/uploads\/2020\/11\/logo_latitud.png","width":235,"height":39,"caption":"Latitud 25 - News"},"image":{"@id":"https:\/\/enlatitud25.com\/news\/#\/schema\/logo\/image\/"},"sameAs":["https:\/\/www.facebook.com\/EnLatitud25","https:\/\/twitter.com\/EnLatitud25","https:\/\/www.instagram.com\/enlatitud25\/","https:\/\/www.youtube.com\/user\/desdelatitud25"]},{"@type":"Person","@id":"https:\/\/enlatitud25.com\/news\/#\/schema\/person\/23aafe968917005a721b8eb760f2586e","name":"Latitud 25","sameAs":["https:\/\/enlatitud25.com\/news","https:\/\/www.facebook.com\/EnLatitud25","https:\/\/www.instagram.com\/enlatitud25","https:\/\/www.youtube.com\/user\/desdelatitud25","https:\/\/soundcloud.com\/enlatitud25"],"url":"https:\/\/enlatitud25.com\/news\/author\/nnews-uss00\/"}]}},"_links":{"self":[{"href":"https:\/\/enlatitud25.com\/news\/wp-json\/wp\/v2\/posts\/3481"}],"collection":[{"href":"https:\/\/enlatitud25.com\/news\/wp-json\/wp\/v2\/posts"}],"about":[{"href":"https:\/\/enlatitud25.com\/news\/wp-json\/wp\/v2\/types\/post"}],"author":[{"embeddable":true,"href":"https:\/\/enlatitud25.com\/news\/wp-json\/wp\/v2\/users\/1"}],"replies":[{"embeddable":true,"href":"https:\/\/enlatitud25.com\/news\/wp-json\/wp\/v2\/comments?post=3481"}],"version-history":[{"count":11,"href":"https:\/\/enlatitud25.com\/news\/wp-json\/wp\/v2\/posts\/3481\/revisions"}],"predecessor-version":[{"id":3502,"href":"https:\/\/enlatitud25.com\/news\/wp-json\/wp\/v2\/posts\/3481\/revisions\/3502"}],"wp:featuredmedia":[{"embeddable":true,"href":"https:\/\/enlatitud25.com\/news\/wp-json\/wp\/v2\/media\/3485"}],"wp:attachment":[{"href":"https:\/\/enlatitud25.com\/news\/wp-json\/wp\/v2\/media?parent=3481"}],"wp:term":[{"taxonomy":"category","embeddable":true,"href":"https:\/\/enlatitud25.com\/news\/wp-json\/wp\/v2\/categories?post=3481"},{"taxonomy":"post_tag","embeddable":true,"href":"https:\/\/enlatitud25.com\/news\/wp-json\/wp\/v2\/tags?post=3481"},{"taxonomy":"ubicacion","embeddable":true,"href":"https:\/\/enlatitud25.com\/news\/wp-json\/wp\/v2\/ubicacion?post=3481"}],"curies":[{"name":"wp","href":"https:\/\/api.w.org\/{rel}","templated":true}]}}