{"id":3412,"date":"2021-05-06T18:10:55","date_gmt":"2021-05-06T18:10:55","guid":{"rendered":"https:\/\/enlatitud25.com\/news\/?p=3412"},"modified":"2021-05-06T19:12:39","modified_gmt":"2021-05-06T19:12:39","slug":"la-deuda-de-la-que-no-se-habla-insisten-en-que-paraguay-cumpla-su-deber-con-ddhh","status":"publish","type":"post","link":"https:\/\/enlatitud25.com\/news\/la-deuda-de-la-que-no-se-habla-insisten-en-que-paraguay-cumpla-su-deber-con-ddhh\/","title":{"rendered":"La deuda de la que no se habla: Insisten en que Paraguay cumpla su deber con DDHH"},"content":{"rendered":"\n<p>Paraguay particip\u00f3 ayer en el Examen Peri\u00f3dico Universal (EPU), en el cual rindi\u00f3 cuentas sobre su proceder en materia de Derechos Humanos, durante los \u00faltimos cuatro a\u00f1os. Unos 76 pa\u00edses que integran la <strong>Organizaci\u00f3n de las Naciones Unidas (ONU)<\/strong>, dieron a conocer sus recomendaciones a nuestro pa\u00eds.<\/p>\n\n\n\n<p>El EPU es un proceso que ofrece a cada Estado la oportunidad de declarar qu\u00e9 medidas ha adoptado para mejorar la situaci\u00f3n de los derechos humanos en el pa\u00eds y para cumplir con sus obligaciones en la materia.&nbsp;Este proceso est\u00e1 auspiciado por el Consejo de Derechos Humanos de la ONU.<\/p>\n\n\n\n<p>&#8220;El Estado puede aceptar, tomar nota o rechazar las recomendaciones. El Estado paraguayo acepta casi todas las recomendaciones. La gran mayor\u00eda de ellas, son reiteradas&#8221;, explic\u00f3 a Latitud 25 la especialista en Derechos Humanos, Mirta Moragas.<\/p>\n\n\n\n<figure class=\"wp-block-gallery columns-1 is-cropped wp-block-gallery-1 is-layout-flex\"><ul class=\"blocks-gallery-grid\"><li class=\"blocks-gallery-item\"><figure><img decoding=\"async\" loading=\"lazy\" width=\"1024\" height=\"684\" src=\"https:\/\/enlatitud25.com\/news\/wp-content\/uploads\/2021\/03\/WhatsApp-Image-2021-03-08-at-20.47.37.jpeg\" alt=\"\" data-id=\"2662\" data-full-url=\"https:\/\/enlatitud25.com\/news\/wp-content\/uploads\/2021\/03\/WhatsApp-Image-2021-03-08-at-20.47.37.jpeg\" data-link=\"https:\/\/enlatitud25.com\/news\/alerta-roja-medicos-instan-a-cerrar-bodegas-y-limitar-socializacion\/whatsapp-image-2021-03-08-at-20-47-37\/\" class=\"wp-image-2662\" srcset=\"https:\/\/enlatitud25.com\/news\/wp-content\/uploads\/2021\/03\/WhatsApp-Image-2021-03-08-at-20.47.37.jpeg 1024w, https:\/\/enlatitud25.com\/news\/wp-content\/uploads\/2021\/03\/WhatsApp-Image-2021-03-08-at-20.47.37-300x200.jpeg 300w, https:\/\/enlatitud25.com\/news\/wp-content\/uploads\/2021\/03\/WhatsApp-Image-2021-03-08-at-20.47.37-768x513.jpeg 768w, https:\/\/enlatitud25.com\/news\/wp-content\/uploads\/2021\/03\/WhatsApp-Image-2021-03-08-at-20.47.37-380x254.jpeg 380w, https:\/\/enlatitud25.com\/news\/wp-content\/uploads\/2021\/03\/WhatsApp-Image-2021-03-08-at-20.47.37-800x534.jpeg 800w\" sizes=\"(max-width: 1024px) 100vw, 1024px\" \/><\/figure><\/li><\/ul><\/figure>\n\n\n\n<p style=\"font-size:22px\"><strong>Ley contra la Discriminaci\u00f3n<\/strong><\/p>\n\n\n\n<p>La abogada refiri\u00f3 que ayer se emitieron 18 recomendaciones para que Paraguay apruebe el proyecto de ley contra toda forma de discriminaci\u00f3n, que todav\u00eda no cuenta con el apoyo de la mayor\u00eda en el Congreso Nacional.<\/p>\n\n\n\n<p>Durante el encuentro, hicieron \u00e9nfasis en este punto pa\u00edses como: <strong>Alemania, Francia, Islandia, Canad\u00e1, Chile, M\u00e9xico, Rusia, Pa\u00edses Bajos, Nicaragua<\/strong> y<strong> Argentina<\/strong>. <\/p>\n\n\n\n<p>Varios proyectos de leyes se presentaron en Paraguay en contra de la discriminaci\u00f3n, con el transcurrir del tiempo. El \u00faltimo proyecto que llevaba este nombre espec\u00edficamente, &#8220;Ley Contra Toda Forma de Discriminaci\u00f3n&#8221;, fue archivado en noviembre de 2014.<\/p>\n\n\n\n<figure class=\"wp-block-embed-twitter wp-block-embed is-type-rich is-provider-twitter\"><div class=\"wp-block-embed__wrapper\">\n<blockquote class=\"twitter-tweet\" data-width=\"550\" data-dnt=\"true\"><p lang=\"es\" dir=\"ltr\">\ud83d\udccdNuevo caso de violencia extrema contra la comunidad trans<br><br>\ud83d\udccdEl caso se hizo p\u00fablico tras denuncias de activistas de DD.HH. que alertaron de la agresi\u00f3n que sufri\u00f3 una mujer trans por parte de un joven de 19 a\u00f1os<br><br>\ud83d\udccdM\u00e1s de 60 cr\u00edmenes de odio, siguen impunes en Paraguay<a href=\"https:\/\/twitter.com\/hashtag\/L25?src=hash&amp;ref_src=twsrc%5Etfw\">#L25<\/a> <a href=\"https:\/\/t.co\/aV1z9oW5kO\">pic.twitter.com\/aV1z9oW5kO<\/a><\/p>&mdash; LATITUD 25 (@EnLatitud25) <a href=\"https:\/\/twitter.com\/EnLatitud25\/status\/1273034097955352576?ref_src=twsrc%5Etfw\">June 16, 2020<\/a><\/blockquote><script async src=\"https:\/\/platform.twitter.com\/widgets.js\" charset=\"utf-8\"><\/script>\n<\/div><\/figure>\n\n\n\n<p>La propuesta fue presentada por los entonces senadores Miguel Abd\u00f3n Saguier y Carlos Filizzola y tras varias postergaciones finalmente fue rechazada.<\/p>\n\n\n\n<p>En ese contexto, los pa\u00edses sugirieron tomar medidas para eliminar la violencia contra personas LGTBI; garantizar la educaci\u00f3n inclusiva de los ni\u00f1os y ni\u00f1as con discapacidad, adem\u00e1s de combatir la discriminaci\u00f3n a personas que viven con VIH.<\/p>\n\n\n\n<p>Tambi\u00e9n apuntaron que es necesario derogar la resoluci\u00f3n del Ministerio de Educaci\u00f3n, que proh\u00edbe el enfoque de g\u00e9nero en la educaci\u00f3n paraguaya, medida impulsada inicialmente por el entonces ministro Enrique Riera de la era Cartes y secundada por Eduardo Petta, de la administraci\u00f3n Abdo Ben\u00edtez.<\/p>\n\n\n\n<figure class=\"wp-block-embed-twitter wp-block-embed is-type-rich is-provider-twitter\"><div class=\"wp-block-embed__wrapper\">\n<blockquote class=\"twitter-tweet\" data-width=\"550\" data-dnt=\"true\"><p lang=\"es\" dir=\"ltr\">&quot;Nos gusta el soyo y el mandi\u00b4o chyryry. Nada raro, nada que justifique aceptar una agenda extranjera&quot;, Enrique Riera, ex ministro de Educaci\u00f3n.<br><br>Riera inst\u00f3 a quemar libros sobre g\u00e9nero durante su gesti\u00f3n al frente del MEC.<a href=\"https:\/\/twitter.com\/hashtag\/L25?src=hash&amp;ref_src=twsrc%5Etfw\">#L25<\/a> <a href=\"https:\/\/t.co\/gS0JYQFA36\">pic.twitter.com\/gS0JYQFA36<\/a><\/p>&mdash; LATITUD 25 (@EnLatitud25) <a href=\"https:\/\/twitter.com\/EnLatitud25\/status\/1330889527209111553?ref_src=twsrc%5Etfw\">November 23, 2020<\/a><\/blockquote><script async src=\"https:\/\/platform.twitter.com\/widgets.js\" charset=\"utf-8\"><\/script>\n<\/div><\/figure>\n\n\n\n<p style=\"font-size:22px\"><strong>Muchas deudas, poco cumplimiento<\/strong><\/p>\n\n\n\n<p>Paraguay todav\u00eda tiene muchas cuentas pendientes en materia de derechos humanos, siendo un pa\u00eds conservador que rechaza la mayor\u00eda de los intentos por luchar contra la discriminaci\u00f3n y el reconocimiento de derechos de diferentes colectivos sociales, en todo sentido. <\/p>\n\n\n\n<p>El concepto de G\u00e9nero, entendido como un tema abarcativo, amplio y necesario de ser incluido, aun genera todo tipo de pol\u00e9mica en el dise\u00f1o de pol\u00edticas p\u00fablicas.<\/p>\n\n\n\n<p>Cabe recordar que el a\u00f1o pasado, se realiz\u00f3 una intensa campa\u00f1a por parte de grupos pro-familia que trataron de modificar el t\u00e9rmino &#8220;identidad de g\u00e9nero&#8221; en el plan del Ministerio de la Ni\u00f1ez y la Adolescencia.<\/p>\n\n\n\n<p>El paso de los dos ministros de Educaci\u00f3n <strong>Enrique Riera<\/strong> y <strong>Eduardo Petta<\/strong>, quienes implementaron l\u00edneas de trabajo muy duras en relaci\u00f3n al rechazo de la discusi\u00f3n sobre el enfoque de g\u00e9nero, impidi\u00f3 que el debate p\u00fablico prospere y consecuentemente se pueda lograr el cumplimiento de estos objetivos sugeridos por los pa\u00edses.<\/p>\n\n\n\n<p>Por su parte, el actual ministro de esta cartera,<strong> Juan Manuel Brunetti<\/strong>, en su primer discurso, dijo que estaba a favor de la familia tradicional compuesta por pap\u00e1, mam\u00e1 e hijos, demostrando su negativa a generar espacios de discusi\u00f3n para el debate de este tema.<\/p>\n\n\n\n<p>Por otra parte, el Poder Judicial no muestra se\u00f1ales de independencia pol\u00edtica para la protecci\u00f3n y cumplimiento de los derechos humanos. La violencia contra las mujeres contin\u00faa en aumento, mientras nuevas leyes para controlar la pandemia amenazan libertades individuales.<\/p>\n\n\n\n<p style=\"font-size:22px\"><strong>M\u00e1s sugerencias<\/strong><\/p>\n\n\n\n<p>Implementar medidas contra la mortalidad y morbilidad materna.<\/p>\n\n\n\n<p>Redoblar esfuerzos para erradicar el trabajo infantil, en particular el criadazgo.<\/p>\n\n\n\n<p>Garantizar la independencia del Poder Judicial.<\/p>\n\n\n\n<p>Fortalecer la Defensor\u00eda del Pueblo, conforme a los principios de Par\u00eds.<\/p>\n\n\n\n<p>Adoptar pol\u00edticas y acciones de capacitaci\u00f3n para evitar el uso abusivo y la tortura por parte de agentes de la fuerza p\u00fablica, en el contexto de la Covid19.<\/p>\n\n\n\n<p>Ratificar el Acuerdo de Escaz\u00fa, para proteger a defensores ambientales y periodistas.<\/p>\n\n\n\n<p>Combatir la violencia contra mujeres y ni\u00f1as, el crimen organizado y la trata de personas.<\/p>\n\n\n\n<p>Reducir la tasa de pobreza en poblaciones campesinas e ind\u00edgenas.<\/p>\n\n\n\n<figure class=\"wp-block-embed-twitter wp-block-embed is-type-rich is-provider-twitter\"><div class=\"wp-block-embed__wrapper\">\n<blockquote class=\"twitter-tweet\" data-width=\"550\" data-dnt=\"true\"><p lang=\"es\" dir=\"ltr\">Escaz\u00fa, un tratado que delata \ud83d\udc4d\ud83c\udffb\ud83d\udcc4\ud83d\udc4e\ud83c\udffb<br><br>Si algunos gobiernos nunca hicieron lo suficiente para proteger el medioambiente, es de esperarse que no quieran ratificar el <a href=\"https:\/\/twitter.com\/hashtag\/AcuerdoDeEscaz%C3%BA?src=hash&amp;ref_src=twsrc%5Etfw\">#AcuerdoDeEscaz\u00fa<\/a><a href=\"https:\/\/twitter.com\/hashtag\/L25?src=hash&amp;ref_src=twsrc%5Etfw\">#L25<\/a> <a href=\"https:\/\/t.co\/A4ExvvEX2J\">pic.twitter.com\/A4ExvvEX2J<\/a><\/p>&mdash; LATITUD 25 (@EnLatitud25) <a href=\"https:\/\/twitter.com\/EnLatitud25\/status\/1314228068974759937?ref_src=twsrc%5Etfw\">October 8, 2020<\/a><\/blockquote><script async src=\"https:\/\/platform.twitter.com\/widgets.js\" charset=\"utf-8\"><\/script>\n<\/div><\/figure>\n\n\n\n<p>Adoptar medidas para hacer frente al cambio clim\u00e1tico.<\/p>\n\n\n\n<p>Combatir el hacinamiento en las c\u00e1rceles.<\/p>\n\n\n\n<p>Avanzar para erradicar la brecha salarial entre hombres y mujeres as\u00ed como la violencia de g\u00e9nero.<\/p>\n\n\n\n<p>Asegurar la participaci\u00f3n de los pueblos ind\u00edgenas en la vida pol\u00edtica y p\u00fablica.<\/p>\n\n\n\n<p>Eliminar la criminalizaci\u00f3n de periodistas y defensores de DDHH.<\/p>\n\n\n\n<p>Despenalizar el aborto.<\/p>\n","protected":false},"excerpt":{"rendered":"Pa\u00edses miembros del Consejo de Derechos Humanos de la ONU dieron recomendaciones a Paraguay sobre las cuentas pendientes que tiene en materia de Derechos Humanos. Entre estos consejos, prevaleci\u00f3 la necesidad de adoptar una ley contra toda forma de discriminaci\u00f3n, adem\u00e1s de incluir la educaci\u00f3n sexual para ni\u00f1os, ni\u00f1as y adolescentes.\n","protected":false},"author":1,"featured_media":3421,"comment_status":"closed","ping_status":"closed","sticky":false,"template":"","format":"standard","meta":[],"categories":[12],"tags":[294,293,292,59,295],"ubicacion":[18],"yoast_head":"<!-- This site is optimized with the Yoast SEO plugin v20.8 - https:\/\/yoast.com\/wordpress\/plugins\/seo\/ -->\n<title>La deuda de la que no se habla: Insisten en que Paraguay cumpla su deber con DDHH &ndash; Latitud25<\/title>\n<meta name=\"description\" content=\"Mir\u00e1 nuestros reportajes audiovisuales y seguinos para enterarte de las \u00faltimas noticias de Paraguay y el mundo, desde la Latitud25. Somos Alternativa de Informaci\u00f3n.\" \/>\n<meta name=\"robots\" content=\"index, follow, max-snippet:-1, max-image-preview:large, max-video-preview:-1\" \/>\n<link rel=\"canonical\" href=\"https:\/\/enlatitud25.com\/news\/la-deuda-de-la-que-no-se-habla-insisten-en-que-paraguay-cumpla-su-deber-con-ddhh\/\" \/>\n<meta property=\"og:locale\" content=\"es_ES\" \/>\n<meta property=\"og:type\" content=\"article\" \/>\n<meta property=\"og:title\" content=\"La deuda de la que no se habla: Insisten en que Paraguay cumpla su deber con DDHH &ndash; Latitud25\" \/>\n<meta property=\"og:description\" content=\"Mir\u00e1 nuestros reportajes audiovisuales y seguinos para enterarte de las \u00faltimas noticias de Paraguay y el mundo, desde la Latitud25. Somos Alternativa de Informaci\u00f3n.\" \/>\n<meta property=\"og:url\" content=\"https:\/\/enlatitud25.com\/news\/la-deuda-de-la-que-no-se-habla-insisten-en-que-paraguay-cumpla-su-deber-con-ddhh\/\" \/>\n<meta property=\"og:site_name\" content=\"Latitud25\" \/>\n<meta property=\"article:publisher\" content=\"https:\/\/www.facebook.com\/EnLatitud25\" \/>\n<meta property=\"article:author\" content=\"https:\/\/www.facebook.com\/EnLatitud25\" \/>\n<meta property=\"article:published_time\" content=\"2021-05-06T18:10:55+00:00\" \/>\n<meta property=\"article:modified_time\" content=\"2021-05-06T19:12:39+00:00\" \/>\n<meta property=\"og:image\" content=\"https:\/\/enlatitud25.com\/news\/wp-content\/uploads\/2021\/05\/web_paises_vs_py.jpg\" \/>\n\t<meta property=\"og:image:width\" content=\"800\" \/>\n\t<meta property=\"og:image:height\" content=\"500\" \/>\n\t<meta property=\"og:image:type\" content=\"image\/jpeg\" \/>\n<meta name=\"author\" content=\"Latitud 25\" \/>\n<meta name=\"twitter:card\" content=\"summary_large_image\" \/>\n<meta name=\"twitter:creator\" content=\"@EnLatitud25\" \/>\n<meta name=\"twitter:site\" content=\"@EnLatitud25\" \/>\n<meta name=\"twitter:label1\" content=\"Escrito por\" \/>\n\t<meta name=\"twitter:data1\" content=\"Latitud 25\" \/>\n\t<meta name=\"twitter:label2\" content=\"Tiempo de lectura\" \/>\n\t<meta name=\"twitter:data2\" content=\"4 minutos\" \/>\n<script type=\"application\/ld+json\" class=\"yoast-schema-graph\">{\"@context\":\"https:\/\/schema.org\",\"@graph\":[{\"@type\":\"Article\",\"@id\":\"https:\/\/enlatitud25.com\/news\/la-deuda-de-la-que-no-se-habla-insisten-en-que-paraguay-cumpla-su-deber-con-ddhh\/#article\",\"isPartOf\":{\"@id\":\"https:\/\/enlatitud25.com\/news\/la-deuda-de-la-que-no-se-habla-insisten-en-que-paraguay-cumpla-su-deber-con-ddhh\/\"},\"author\":{\"name\":\"Latitud 25\",\"@id\":\"https:\/\/enlatitud25.com\/news\/#\/schema\/person\/23aafe968917005a721b8eb760f2586e\"},\"headline\":\"La deuda de la que no se habla: Insisten en que Paraguay cumpla su deber con DDHH\",\"datePublished\":\"2021-05-06T18:10:55+00:00\",\"dateModified\":\"2021-05-06T19:12:39+00:00\",\"mainEntityOfPage\":{\"@id\":\"https:\/\/enlatitud25.com\/news\/la-deuda-de-la-que-no-se-habla-insisten-en-que-paraguay-cumpla-su-deber-con-ddhh\/\"},\"wordCount\":841,\"publisher\":{\"@id\":\"https:\/\/enlatitud25.com\/news\/#organization\"},\"keywords\":[\"cuentas\",\"derechos humanos\",\"ONU\",\"paraguay\",\"pendientes\"],\"articleSection\":[\"Realidad\"],\"inLanguage\":\"es\"},{\"@type\":\"WebPage\",\"@id\":\"https:\/\/enlatitud25.com\/news\/la-deuda-de-la-que-no-se-habla-insisten-en-que-paraguay-cumpla-su-deber-con-ddhh\/\",\"url\":\"https:\/\/enlatitud25.com\/news\/la-deuda-de-la-que-no-se-habla-insisten-en-que-paraguay-cumpla-su-deber-con-ddhh\/\",\"name\":\"La deuda de la que no se habla: Insisten en que Paraguay cumpla su deber con DDHH &ndash; Latitud25\",\"isPartOf\":{\"@id\":\"https:\/\/enlatitud25.com\/news\/#website\"},\"datePublished\":\"2021-05-06T18:10:55+00:00\",\"dateModified\":\"2021-05-06T19:12:39+00:00\",\"description\":\"Mir\u00e1 nuestros reportajes audiovisuales y seguinos para enterarte de las \u00faltimas noticias de Paraguay y el mundo, desde la Latitud25. Somos Alternativa de Informaci\u00f3n.\",\"breadcrumb\":{\"@id\":\"https:\/\/enlatitud25.com\/news\/la-deuda-de-la-que-no-se-habla-insisten-en-que-paraguay-cumpla-su-deber-con-ddhh\/#breadcrumb\"},\"inLanguage\":\"es\",\"potentialAction\":[{\"@type\":\"ReadAction\",\"target\":[\"https:\/\/enlatitud25.com\/news\/la-deuda-de-la-que-no-se-habla-insisten-en-que-paraguay-cumpla-su-deber-con-ddhh\/\"]}]},{\"@type\":\"BreadcrumbList\",\"@id\":\"https:\/\/enlatitud25.com\/news\/la-deuda-de-la-que-no-se-habla-insisten-en-que-paraguay-cumpla-su-deber-con-ddhh\/#breadcrumb\",\"itemListElement\":[{\"@type\":\"ListItem\",\"position\":1,\"name\":\"Home\",\"item\":\"https:\/\/enlatitud25.com\/news\/\"},{\"@type\":\"ListItem\",\"position\":2,\"name\":\"La deuda de la que no se habla: Insisten en que Paraguay cumpla su deber con DDHH\"}]},{\"@type\":\"WebSite\",\"@id\":\"https:\/\/enlatitud25.com\/news\/#website\",\"url\":\"https:\/\/enlatitud25.com\/news\/\",\"name\":\"Latitud25\",\"description\":\"news\",\"publisher\":{\"@id\":\"https:\/\/enlatitud25.com\/news\/#organization\"},\"potentialAction\":[{\"@type\":\"SearchAction\",\"target\":{\"@type\":\"EntryPoint\",\"urlTemplate\":\"https:\/\/enlatitud25.com\/news\/?s={search_term_string}\"},\"query-input\":\"required name=search_term_string\"}],\"inLanguage\":\"es\"},{\"@type\":\"Organization\",\"@id\":\"https:\/\/enlatitud25.com\/news\/#organization\",\"name\":\"Latitud 25 - News\",\"url\":\"https:\/\/enlatitud25.com\/news\/\",\"logo\":{\"@type\":\"ImageObject\",\"inLanguage\":\"es\",\"@id\":\"https:\/\/enlatitud25.com\/news\/#\/schema\/logo\/image\/\",\"url\":\"https:\/\/enlatitud25.com\/news\/wp-content\/uploads\/2020\/11\/logo_latitud.png\",\"contentUrl\":\"https:\/\/enlatitud25.com\/news\/wp-content\/uploads\/2020\/11\/logo_latitud.png\",\"width\":235,\"height\":39,\"caption\":\"Latitud 25 - News\"},\"image\":{\"@id\":\"https:\/\/enlatitud25.com\/news\/#\/schema\/logo\/image\/\"},\"sameAs\":[\"https:\/\/www.facebook.com\/EnLatitud25\",\"https:\/\/twitter.com\/EnLatitud25\",\"https:\/\/www.instagram.com\/enlatitud25\/\",\"https:\/\/www.youtube.com\/user\/desdelatitud25\"]},{\"@type\":\"Person\",\"@id\":\"https:\/\/enlatitud25.com\/news\/#\/schema\/person\/23aafe968917005a721b8eb760f2586e\",\"name\":\"Latitud 25\",\"sameAs\":[\"https:\/\/enlatitud25.com\/news\",\"https:\/\/www.facebook.com\/EnLatitud25\",\"https:\/\/www.instagram.com\/enlatitud25\",\"https:\/\/www.youtube.com\/user\/desdelatitud25\",\"https:\/\/soundcloud.com\/enlatitud25\"],\"url\":\"https:\/\/enlatitud25.com\/news\/author\/nnews-uss00\/\"}]}<\/script>\n<!-- \/ Yoast SEO plugin. -->","yoast_head_json":{"title":"La deuda de la que no se habla: Insisten en que Paraguay cumpla su deber con DDHH &ndash; Latitud25","description":"Mir\u00e1 nuestros reportajes audiovisuales y seguinos para enterarte de las \u00faltimas noticias de Paraguay y el mundo, desde la Latitud25. Somos Alternativa de Informaci\u00f3n.","robots":{"index":"index","follow":"follow","max-snippet":"max-snippet:-1","max-image-preview":"max-image-preview:large","max-video-preview":"max-video-preview:-1"},"canonical":"https:\/\/enlatitud25.com\/news\/la-deuda-de-la-que-no-se-habla-insisten-en-que-paraguay-cumpla-su-deber-con-ddhh\/","og_locale":"es_ES","og_type":"article","og_title":"La deuda de la que no se habla: Insisten en que Paraguay cumpla su deber con DDHH &ndash; Latitud25","og_description":"Mir\u00e1 nuestros reportajes audiovisuales y seguinos para enterarte de las \u00faltimas noticias de Paraguay y el mundo, desde la Latitud25. Somos Alternativa de Informaci\u00f3n.","og_url":"https:\/\/enlatitud25.com\/news\/la-deuda-de-la-que-no-se-habla-insisten-en-que-paraguay-cumpla-su-deber-con-ddhh\/","og_site_name":"Latitud25","article_publisher":"https:\/\/www.facebook.com\/EnLatitud25","article_author":"https:\/\/www.facebook.com\/EnLatitud25","article_published_time":"2021-05-06T18:10:55+00:00","article_modified_time":"2021-05-06T19:12:39+00:00","og_image":[{"width":800,"height":500,"url":"https:\/\/enlatitud25.com\/news\/wp-content\/uploads\/2021\/05\/web_paises_vs_py.jpg","type":"image\/jpeg"}],"author":"Latitud 25","twitter_card":"summary_large_image","twitter_creator":"@EnLatitud25","twitter_site":"@EnLatitud25","twitter_misc":{"Escrito por":"Latitud 25","Tiempo de lectura":"4 minutos"},"schema":{"@context":"https:\/\/schema.org","@graph":[{"@type":"Article","@id":"https:\/\/enlatitud25.com\/news\/la-deuda-de-la-que-no-se-habla-insisten-en-que-paraguay-cumpla-su-deber-con-ddhh\/#article","isPartOf":{"@id":"https:\/\/enlatitud25.com\/news\/la-deuda-de-la-que-no-se-habla-insisten-en-que-paraguay-cumpla-su-deber-con-ddhh\/"},"author":{"name":"Latitud 25","@id":"https:\/\/enlatitud25.com\/news\/#\/schema\/person\/23aafe968917005a721b8eb760f2586e"},"headline":"La deuda de la que no se habla: Insisten en que Paraguay cumpla su deber con DDHH","datePublished":"2021-05-06T18:10:55+00:00","dateModified":"2021-05-06T19:12:39+00:00","mainEntityOfPage":{"@id":"https:\/\/enlatitud25.com\/news\/la-deuda-de-la-que-no-se-habla-insisten-en-que-paraguay-cumpla-su-deber-con-ddhh\/"},"wordCount":841,"publisher":{"@id":"https:\/\/enlatitud25.com\/news\/#organization"},"keywords":["cuentas","derechos humanos","ONU","paraguay","pendientes"],"articleSection":["Realidad"],"inLanguage":"es"},{"@type":"WebPage","@id":"https:\/\/enlatitud25.com\/news\/la-deuda-de-la-que-no-se-habla-insisten-en-que-paraguay-cumpla-su-deber-con-ddhh\/","url":"https:\/\/enlatitud25.com\/news\/la-deuda-de-la-que-no-se-habla-insisten-en-que-paraguay-cumpla-su-deber-con-ddhh\/","name":"La deuda de la que no se habla: Insisten en que Paraguay cumpla su deber con DDHH &ndash; Latitud25","isPartOf":{"@id":"https:\/\/enlatitud25.com\/news\/#website"},"datePublished":"2021-05-06T18:10:55+00:00","dateModified":"2021-05-06T19:12:39+00:00","description":"Mir\u00e1 nuestros reportajes audiovisuales y seguinos para enterarte de las \u00faltimas noticias de Paraguay y el mundo, desde la Latitud25. Somos Alternativa de Informaci\u00f3n.","breadcrumb":{"@id":"https:\/\/enlatitud25.com\/news\/la-deuda-de-la-que-no-se-habla-insisten-en-que-paraguay-cumpla-su-deber-con-ddhh\/#breadcrumb"},"inLanguage":"es","potentialAction":[{"@type":"ReadAction","target":["https:\/\/enlatitud25.com\/news\/la-deuda-de-la-que-no-se-habla-insisten-en-que-paraguay-cumpla-su-deber-con-ddhh\/"]}]},{"@type":"BreadcrumbList","@id":"https:\/\/enlatitud25.com\/news\/la-deuda-de-la-que-no-se-habla-insisten-en-que-paraguay-cumpla-su-deber-con-ddhh\/#breadcrumb","itemListElement":[{"@type":"ListItem","position":1,"name":"Home","item":"https:\/\/enlatitud25.com\/news\/"},{"@type":"ListItem","position":2,"name":"La deuda de la que no se habla: Insisten en que Paraguay cumpla su deber con DDHH"}]},{"@type":"WebSite","@id":"https:\/\/enlatitud25.com\/news\/#website","url":"https:\/\/enlatitud25.com\/news\/","name":"Latitud25","description":"news","publisher":{"@id":"https:\/\/enlatitud25.com\/news\/#organization"},"potentialAction":[{"@type":"SearchAction","target":{"@type":"EntryPoint","urlTemplate":"https:\/\/enlatitud25.com\/news\/?s={search_term_string}"},"query-input":"required name=search_term_string"}],"inLanguage":"es"},{"@type":"Organization","@id":"https:\/\/enlatitud25.com\/news\/#organization","name":"Latitud 25 - News","url":"https:\/\/enlatitud25.com\/news\/","logo":{"@type":"ImageObject","inLanguage":"es","@id":"https:\/\/enlatitud25.com\/news\/#\/schema\/logo\/image\/","url":"https:\/\/enlatitud25.com\/news\/wp-content\/uploads\/2020\/11\/logo_latitud.png","contentUrl":"https:\/\/enlatitud25.com\/news\/wp-content\/uploads\/2020\/11\/logo_latitud.png","width":235,"height":39,"caption":"Latitud 25 - News"},"image":{"@id":"https:\/\/enlatitud25.com\/news\/#\/schema\/logo\/image\/"},"sameAs":["https:\/\/www.facebook.com\/EnLatitud25","https:\/\/twitter.com\/EnLatitud25","https:\/\/www.instagram.com\/enlatitud25\/","https:\/\/www.youtube.com\/user\/desdelatitud25"]},{"@type":"Person","@id":"https:\/\/enlatitud25.com\/news\/#\/schema\/person\/23aafe968917005a721b8eb760f2586e","name":"Latitud 25","sameAs":["https:\/\/enlatitud25.com\/news","https:\/\/www.facebook.com\/EnLatitud25","https:\/\/www.instagram.com\/enlatitud25","https:\/\/www.youtube.com\/user\/desdelatitud25","https:\/\/soundcloud.com\/enlatitud25"],"url":"https:\/\/enlatitud25.com\/news\/author\/nnews-uss00\/"}]}},"_links":{"self":[{"href":"https:\/\/enlatitud25.com\/news\/wp-json\/wp\/v2\/posts\/3412"}],"collection":[{"href":"https:\/\/enlatitud25.com\/news\/wp-json\/wp\/v2\/posts"}],"about":[{"href":"https:\/\/enlatitud25.com\/news\/wp-json\/wp\/v2\/types\/post"}],"author":[{"embeddable":true,"href":"https:\/\/enlatitud25.com\/news\/wp-json\/wp\/v2\/users\/1"}],"replies":[{"embeddable":true,"href":"https:\/\/enlatitud25.com\/news\/wp-json\/wp\/v2\/comments?post=3412"}],"version-history":[{"count":12,"href":"https:\/\/enlatitud25.com\/news\/wp-json\/wp\/v2\/posts\/3412\/revisions"}],"predecessor-version":[{"id":3428,"href":"https:\/\/enlatitud25.com\/news\/wp-json\/wp\/v2\/posts\/3412\/revisions\/3428"}],"wp:featuredmedia":[{"embeddable":true,"href":"https:\/\/enlatitud25.com\/news\/wp-json\/wp\/v2\/media\/3421"}],"wp:attachment":[{"href":"https:\/\/enlatitud25.com\/news\/wp-json\/wp\/v2\/media?parent=3412"}],"wp:term":[{"taxonomy":"category","embeddable":true,"href":"https:\/\/enlatitud25.com\/news\/wp-json\/wp\/v2\/categories?post=3412"},{"taxonomy":"post_tag","embeddable":true,"href":"https:\/\/enlatitud25.com\/news\/wp-json\/wp\/v2\/tags?post=3412"},{"taxonomy":"ubicacion","embeddable":true,"href":"https:\/\/enlatitud25.com\/news\/wp-json\/wp\/v2\/ubicacion?post=3412"}],"curies":[{"name":"wp","href":"https:\/\/api.w.org\/{rel}","templated":true}]}}