{"id":2644,"date":"2021-03-08T21:41:17","date_gmt":"2021-03-08T21:41:17","guid":{"rendered":"https:\/\/enlatitud25.com\/news\/?p=2644"},"modified":"2021-03-09T17:55:21","modified_gmt":"2021-03-09T17:55:21","slug":"que-pasaria-si-destituyen-a-abdo-benitez-y-a-velazquez","status":"publish","type":"post","link":"https:\/\/enlatitud25.com\/news\/que-pasaria-si-destituyen-a-abdo-benitez-y-a-velazquez\/","title":{"rendered":"\u00bfQu\u00e9 pasar\u00eda si destituyen a Abdo Ben\u00edtez y a Vel\u00e1zquez?"},"content":{"rendered":"\n<p>Ya van cuatro d\u00edas de manifestaciones ciudadanas con el pedido de la renuncia del presidente Mario Abdo Ben\u00edtez y de su vicepresidente, <strong>Hugo Vel\u00e1zquez<\/strong>. Los legisladores de la oposici\u00f3n anunciaron que presentar\u00e1n el libelo acusatorio para el juicio pol\u00edtico a los dos primeros del Ejecutivo. <\/p>\n\n\n\n<p>Estigarribia aclar\u00f3 que la <strong>Constituci\u00f3n Nacional<\/strong> se\u00f1ala claramente qu\u00e9 hacer cuando queda vacante el puesto de uno de los dos, ya sea el mandatario nacional o el vicepresidente, lo que no establece es cuando hay una doble vacancia. <\/p>\n\n\n\n<p>&#8220;Por eso es que en el a\u00f1o 1999 que se dio esta situaci\u00f3n, asumi\u00f3 el presidente del <strong>Congreso<\/strong> y la Justicia Electoral en vez de llamar directamente a elecciones, pidi\u00f3 a la Corte una opini\u00f3n, la Corte hizo una declaraci\u00f3n de certeza constitucional, inaugurando un procedimiento que despu\u00e9s fue nefasto porque se aplicaron a otras cuestiones, diciendo que siga nom\u00e1s el Presidente del Congreso (en ese entonces, <strong>\u00c1ngel Gonz\u00e1lez Macchi<\/strong>) y que se llame a elecciones para el vicepresidente (cuando fue elegido <strong>Julio C\u00e9sar Franco<\/strong>). Esa figura podr\u00eda darse ahora&#8221;, apunt\u00f3.<\/p>\n\n\n\n<p>En ese contexto, resalt\u00f3 que la sucesi\u00f3n presidencial est\u00e1 claramente determinada: &#8220;a falta de presidente, asume el vicepresidente, a falta del vicepresidente asume el presidente del Senado, a falta de presidente del <strong>Senado<\/strong>, asume el presidente de la <strong>C\u00e1mara de Diputados<\/strong> y a falta de este, est\u00e1 el presidente de la <strong>Corte<\/strong>&#8220;, cit\u00f3.<\/p>\n\n\n\n<p><\/p>\n\n\n\n<figure class=\"wp-block-image size-large\"><img decoding=\"async\" loading=\"lazy\" width=\"777\" height=\"436\" src=\"https:\/\/enlatitud25.com\/news\/wp-content\/uploads\/2021\/03\/hay-tabla.png\" alt=\"\" class=\"wp-image-2640\" srcset=\"https:\/\/enlatitud25.com\/news\/wp-content\/uploads\/2021\/03\/hay-tabla.png 777w, https:\/\/enlatitud25.com\/news\/wp-content\/uploads\/2021\/03\/hay-tabla-300x168.png 300w, https:\/\/enlatitud25.com\/news\/wp-content\/uploads\/2021\/03\/hay-tabla-768x431.png 768w, https:\/\/enlatitud25.com\/news\/wp-content\/uploads\/2021\/03\/hay-tabla-380x213.png 380w\" sizes=\"(max-width: 777px) 100vw, 777px\" \/><\/figure>\n\n\n\n<p>El constitucionalista resalt\u00f3 que si se hace un paralelismo con 1999 considerando la doble vacancia, podr\u00eda aplicarse la misma situaci\u00f3n o no, porque en Paraguay los fallos judiciales no sientan un precedente a seguir. Acot\u00f3 que el mismo \u00f3rgano que es el <strong>Tribunal Superior de Justicia Electoral<\/strong> puede tener un criterio diferente o no. <\/p>\n\n\n\n<p>A\u00f1adi\u00f3 que debido a esa incertidumbre que existe, es que en este momento no hay n\u00fameros en la <strong>C\u00e1mara de Diputados <\/strong>para enjuiciar al Presidente, &#8220;porque en el Senado piden tambi\u00e9n la cabeza del Vicepresidente, es decir, tendr\u00eda que darse la destituci\u00f3n de los dos, cosa que no sucede, por esa raz\u00f3n se est\u00e1n manteniendo conversaciones al respecto&#8221;, coment\u00f3. <\/p>\n\n\n\n<p><strong>Hugo Estigarribia<\/strong> dijo adem\u00e1s que se pude negociar sobre la base de que <strong>\u00d3scar &#8220;Cachito&#8221; Salom\u00f3n<\/strong>, ahora titular del Senado, sea presidente de transici\u00f3n y se convoque a elecciones. <\/p>\n\n\n\n<p>&#8220;Yo creo que ellos est\u00e1n analizando varias opciones, por el momento ellos prefieren tener un status quo. En estos momentos, el eje de las manifestaciones se est\u00e1 trasladando a la casa de Horacio Cartes, porque lo consideran corresponsable de que este gobierno contin\u00fae, al no desbloquear pol\u00edticamente la cuesti\u00f3n con le n\u00famero de Diputados, que tienen para el inicio del juicio pol\u00edtico&#8221;, opin\u00f3. <\/p>\n\n\n\n<p>Cabe puntualizar que la bancada liderada por<strong> Horacio Cartes<\/strong>, tiene el poder de cambiar las fichas del tablero, es decir, con los votos de Honor Colorado se re\u00fane la cantidad de necesaria para iniciar el juicio pol\u00edtico contra Mario Abdo y Hugo Vel\u00e1zquez. <\/p>\n\n\n\n<p style=\"font-size:22px\"><strong>&#8220;Hay que darle rumbo a estos dos a\u00f1os de gobierno que faltan&#8221;<\/strong><\/p>\n\n\n\n<p>El constitucionalista resalt\u00f3 que actualmente el <strong>Ejecutivo<\/strong> est\u00e1 haciendo cambios en su gabinete, para tratar de desactivar las movilizaciones, que a nadie satisface, por lo que consider\u00f3 que es una situaci\u00f3n de empantanamiento.<\/p>\n\n\n\n<p>&#8220;A m\u00ed me preguntaron si es mejor que contin\u00fae el gobierno antes que un proceso de juicio pol\u00edtico, yo contesto lo siguiente, verdad: &#8216;que un proceso de juicio pol\u00edtico es traum\u00e1tico es cierto, pero es m\u00e1s traum\u00e1tico seguir con un gobierno que no tiene rumbo'&#8221;, a\u00f1adi\u00f3.<\/p>\n\n\n\n<p>En ese punto, dijo que hay que buscar una manera de darle rumbo a estos dos a\u00f1os de gobierno que faltan, que es el tiempo en el que deber\u00e1 subir un gobierno v\u00eda elecciones.<\/p>\n\n\n\n<p style=\"font-size:22px\"><strong>\u00bfQu\u00e9 significa un nuevo juicio pol\u00edtico para Paraguay?<\/strong><\/p>\n\n\n\n<p>Hugo Estigarribia manifest\u00f3 que la destituci\u00f3n del presidente deteriora institucionalmente y afecta la imagen de un pa\u00eds que est\u00e1 totalmente inestable pol\u00edticamente. <\/p>\n\n\n\n<p>&#8220;Un pa\u00eds que elige a sus autoridades que no pueden terminar su mandato por incapacidad, o por asesinato o por destituci\u00f3n v\u00eda juicio pol\u00edtico, demuestra una fragilidad institucional. Paraguay es un pa\u00eds inestable, con fr\u00e1gil institucionalidad y obviamente que la imagen pa\u00eds est\u00e1 muy afectada&#8221;, concluy\u00f3.<\/p>\n","protected":false},"excerpt":{"rendered":"El abogado constitucionalista Hugo Estigarribia explic\u00f3 cu\u00e1les son los escenarios posibles si es que se da una doble acefal\u00eda en el poder a trav\u00e9s de la renuncia de los primeros dos del Ejecutivo o destituyen v\u00eda juicio pol\u00edtico al Presidente y al Vicepresidente. \n","protected":false},"author":1,"featured_media":2639,"comment_status":"closed","ping_status":"closed","sticky":false,"template":"","format":"standard","meta":[],"categories":[13],"tags":[128,126,125,127],"ubicacion":[18],"yoast_head":"<!-- This site is optimized with the Yoast SEO plugin v20.8 - https:\/\/yoast.com\/wordpress\/plugins\/seo\/ -->\n<title>\u00bfQu\u00e9 pasar\u00eda si destituyen a Abdo Ben\u00edtez y a Vel\u00e1zquez? &ndash; Latitud25<\/title>\n<meta name=\"description\" content=\"Mir\u00e1 nuestros reportajes audiovisuales y seguinos para enterarte de las \u00faltimas noticias de Paraguay y el mundo, desde la Latitud25. Somos Alternativa de Informaci\u00f3n.\" \/>\n<meta name=\"robots\" content=\"index, follow, max-snippet:-1, max-image-preview:large, max-video-preview:-1\" \/>\n<link rel=\"canonical\" href=\"https:\/\/enlatitud25.com\/news\/que-pasaria-si-destituyen-a-abdo-benitez-y-a-velazquez\/\" \/>\n<meta property=\"og:locale\" content=\"es_ES\" \/>\n<meta property=\"og:type\" content=\"article\" \/>\n<meta property=\"og:title\" content=\"\u00bfQu\u00e9 pasar\u00eda si destituyen a Abdo Ben\u00edtez y a Vel\u00e1zquez? &ndash; Latitud25\" \/>\n<meta property=\"og:description\" content=\"Mir\u00e1 nuestros reportajes audiovisuales y seguinos para enterarte de las \u00faltimas noticias de Paraguay y el mundo, desde la Latitud25. Somos Alternativa de Informaci\u00f3n.\" \/>\n<meta property=\"og:url\" content=\"https:\/\/enlatitud25.com\/news\/que-pasaria-si-destituyen-a-abdo-benitez-y-a-velazquez\/\" \/>\n<meta property=\"og:site_name\" content=\"Latitud25\" \/>\n<meta property=\"article:publisher\" content=\"https:\/\/www.facebook.com\/EnLatitud25\" \/>\n<meta property=\"article:author\" content=\"https:\/\/www.facebook.com\/EnLatitud25\" \/>\n<meta property=\"article:published_time\" content=\"2021-03-08T21:41:17+00:00\" \/>\n<meta property=\"article:modified_time\" content=\"2021-03-09T17:55:21+00:00\" \/>\n<meta property=\"og:image\" content=\"https:\/\/enlatitud25.com\/news\/wp-content\/uploads\/2021\/03\/fuera.png\" \/>\n\t<meta property=\"og:image:width\" content=\"952\" \/>\n\t<meta property=\"og:image:height\" content=\"557\" \/>\n\t<meta property=\"og:image:type\" content=\"image\/png\" \/>\n<meta name=\"author\" content=\"Latitud 25\" \/>\n<meta name=\"twitter:card\" content=\"summary_large_image\" \/>\n<meta name=\"twitter:creator\" content=\"@EnLatitud25\" \/>\n<meta name=\"twitter:site\" content=\"@EnLatitud25\" \/>\n<meta name=\"twitter:label1\" content=\"Escrito por\" \/>\n\t<meta name=\"twitter:data1\" content=\"Latitud 25\" \/>\n\t<meta name=\"twitter:label2\" content=\"Tiempo de lectura\" \/>\n\t<meta name=\"twitter:data2\" content=\"4 minutos\" \/>\n<script type=\"application\/ld+json\" class=\"yoast-schema-graph\">{\"@context\":\"https:\/\/schema.org\",\"@graph\":[{\"@type\":\"Article\",\"@id\":\"https:\/\/enlatitud25.com\/news\/que-pasaria-si-destituyen-a-abdo-benitez-y-a-velazquez\/#article\",\"isPartOf\":{\"@id\":\"https:\/\/enlatitud25.com\/news\/que-pasaria-si-destituyen-a-abdo-benitez-y-a-velazquez\/\"},\"author\":{\"name\":\"Latitud 25\",\"@id\":\"https:\/\/enlatitud25.com\/news\/#\/schema\/person\/23aafe968917005a721b8eb760f2586e\"},\"headline\":\"\u00bfQu\u00e9 pasar\u00eda si destituyen a Abdo Ben\u00edtez y a Vel\u00e1zquez?\",\"datePublished\":\"2021-03-08T21:41:17+00:00\",\"dateModified\":\"2021-03-09T17:55:21+00:00\",\"mainEntityOfPage\":{\"@id\":\"https:\/\/enlatitud25.com\/news\/que-pasaria-si-destituyen-a-abdo-benitez-y-a-velazquez\/\"},\"wordCount\":750,\"publisher\":{\"@id\":\"https:\/\/enlatitud25.com\/news\/#organization\"},\"keywords\":[\"doble acefal\u00eda\",\"juicio pol\u00edtico\",\"Presidente\",\"vacancia\"],\"articleSection\":[\"Pol\u00edtica\"],\"inLanguage\":\"es\"},{\"@type\":\"WebPage\",\"@id\":\"https:\/\/enlatitud25.com\/news\/que-pasaria-si-destituyen-a-abdo-benitez-y-a-velazquez\/\",\"url\":\"https:\/\/enlatitud25.com\/news\/que-pasaria-si-destituyen-a-abdo-benitez-y-a-velazquez\/\",\"name\":\"\u00bfQu\u00e9 pasar\u00eda si destituyen a Abdo Ben\u00edtez y a Vel\u00e1zquez? &ndash; Latitud25\",\"isPartOf\":{\"@id\":\"https:\/\/enlatitud25.com\/news\/#website\"},\"datePublished\":\"2021-03-08T21:41:17+00:00\",\"dateModified\":\"2021-03-09T17:55:21+00:00\",\"description\":\"Mir\u00e1 nuestros reportajes audiovisuales y seguinos para enterarte de las \u00faltimas noticias de Paraguay y el mundo, desde la Latitud25. Somos Alternativa de Informaci\u00f3n.\",\"breadcrumb\":{\"@id\":\"https:\/\/enlatitud25.com\/news\/que-pasaria-si-destituyen-a-abdo-benitez-y-a-velazquez\/#breadcrumb\"},\"inLanguage\":\"es\",\"potentialAction\":[{\"@type\":\"ReadAction\",\"target\":[\"https:\/\/enlatitud25.com\/news\/que-pasaria-si-destituyen-a-abdo-benitez-y-a-velazquez\/\"]}]},{\"@type\":\"BreadcrumbList\",\"@id\":\"https:\/\/enlatitud25.com\/news\/que-pasaria-si-destituyen-a-abdo-benitez-y-a-velazquez\/#breadcrumb\",\"itemListElement\":[{\"@type\":\"ListItem\",\"position\":1,\"name\":\"Home\",\"item\":\"https:\/\/enlatitud25.com\/news\/\"},{\"@type\":\"ListItem\",\"position\":2,\"name\":\"\u00bfQu\u00e9 pasar\u00eda si destituyen a Abdo Ben\u00edtez y a Vel\u00e1zquez?\"}]},{\"@type\":\"WebSite\",\"@id\":\"https:\/\/enlatitud25.com\/news\/#website\",\"url\":\"https:\/\/enlatitud25.com\/news\/\",\"name\":\"Latitud25\",\"description\":\"news\",\"publisher\":{\"@id\":\"https:\/\/enlatitud25.com\/news\/#organization\"},\"potentialAction\":[{\"@type\":\"SearchAction\",\"target\":{\"@type\":\"EntryPoint\",\"urlTemplate\":\"https:\/\/enlatitud25.com\/news\/?s={search_term_string}\"},\"query-input\":\"required name=search_term_string\"}],\"inLanguage\":\"es\"},{\"@type\":\"Organization\",\"@id\":\"https:\/\/enlatitud25.com\/news\/#organization\",\"name\":\"Latitud 25 - News\",\"url\":\"https:\/\/enlatitud25.com\/news\/\",\"logo\":{\"@type\":\"ImageObject\",\"inLanguage\":\"es\",\"@id\":\"https:\/\/enlatitud25.com\/news\/#\/schema\/logo\/image\/\",\"url\":\"https:\/\/enlatitud25.com\/news\/wp-content\/uploads\/2020\/11\/logo_latitud.png\",\"contentUrl\":\"https:\/\/enlatitud25.com\/news\/wp-content\/uploads\/2020\/11\/logo_latitud.png\",\"width\":235,\"height\":39,\"caption\":\"Latitud 25 - News\"},\"image\":{\"@id\":\"https:\/\/enlatitud25.com\/news\/#\/schema\/logo\/image\/\"},\"sameAs\":[\"https:\/\/www.facebook.com\/EnLatitud25\",\"https:\/\/twitter.com\/EnLatitud25\",\"https:\/\/www.instagram.com\/enlatitud25\/\",\"https:\/\/www.youtube.com\/user\/desdelatitud25\"]},{\"@type\":\"Person\",\"@id\":\"https:\/\/enlatitud25.com\/news\/#\/schema\/person\/23aafe968917005a721b8eb760f2586e\",\"name\":\"Latitud 25\",\"sameAs\":[\"https:\/\/enlatitud25.com\/news\",\"https:\/\/www.facebook.com\/EnLatitud25\",\"https:\/\/www.instagram.com\/enlatitud25\",\"https:\/\/www.youtube.com\/user\/desdelatitud25\",\"https:\/\/soundcloud.com\/enlatitud25\"],\"url\":\"https:\/\/enlatitud25.com\/news\/author\/nnews-uss00\/\"}]}<\/script>\n<!-- \/ Yoast SEO plugin. -->","yoast_head_json":{"title":"\u00bfQu\u00e9 pasar\u00eda si destituyen a Abdo Ben\u00edtez y a Vel\u00e1zquez? &ndash; Latitud25","description":"Mir\u00e1 nuestros reportajes audiovisuales y seguinos para enterarte de las \u00faltimas noticias de Paraguay y el mundo, desde la Latitud25. Somos Alternativa de Informaci\u00f3n.","robots":{"index":"index","follow":"follow","max-snippet":"max-snippet:-1","max-image-preview":"max-image-preview:large","max-video-preview":"max-video-preview:-1"},"canonical":"https:\/\/enlatitud25.com\/news\/que-pasaria-si-destituyen-a-abdo-benitez-y-a-velazquez\/","og_locale":"es_ES","og_type":"article","og_title":"\u00bfQu\u00e9 pasar\u00eda si destituyen a Abdo Ben\u00edtez y a Vel\u00e1zquez? &ndash; Latitud25","og_description":"Mir\u00e1 nuestros reportajes audiovisuales y seguinos para enterarte de las \u00faltimas noticias de Paraguay y el mundo, desde la Latitud25. Somos Alternativa de Informaci\u00f3n.","og_url":"https:\/\/enlatitud25.com\/news\/que-pasaria-si-destituyen-a-abdo-benitez-y-a-velazquez\/","og_site_name":"Latitud25","article_publisher":"https:\/\/www.facebook.com\/EnLatitud25","article_author":"https:\/\/www.facebook.com\/EnLatitud25","article_published_time":"2021-03-08T21:41:17+00:00","article_modified_time":"2021-03-09T17:55:21+00:00","og_image":[{"width":952,"height":557,"url":"https:\/\/enlatitud25.com\/news\/wp-content\/uploads\/2021\/03\/fuera.png","type":"image\/png"}],"author":"Latitud 25","twitter_card":"summary_large_image","twitter_creator":"@EnLatitud25","twitter_site":"@EnLatitud25","twitter_misc":{"Escrito por":"Latitud 25","Tiempo de lectura":"4 minutos"},"schema":{"@context":"https:\/\/schema.org","@graph":[{"@type":"Article","@id":"https:\/\/enlatitud25.com\/news\/que-pasaria-si-destituyen-a-abdo-benitez-y-a-velazquez\/#article","isPartOf":{"@id":"https:\/\/enlatitud25.com\/news\/que-pasaria-si-destituyen-a-abdo-benitez-y-a-velazquez\/"},"author":{"name":"Latitud 25","@id":"https:\/\/enlatitud25.com\/news\/#\/schema\/person\/23aafe968917005a721b8eb760f2586e"},"headline":"\u00bfQu\u00e9 pasar\u00eda si destituyen a Abdo Ben\u00edtez y a Vel\u00e1zquez?","datePublished":"2021-03-08T21:41:17+00:00","dateModified":"2021-03-09T17:55:21+00:00","mainEntityOfPage":{"@id":"https:\/\/enlatitud25.com\/news\/que-pasaria-si-destituyen-a-abdo-benitez-y-a-velazquez\/"},"wordCount":750,"publisher":{"@id":"https:\/\/enlatitud25.com\/news\/#organization"},"keywords":["doble acefal\u00eda","juicio pol\u00edtico","Presidente","vacancia"],"articleSection":["Pol\u00edtica"],"inLanguage":"es"},{"@type":"WebPage","@id":"https:\/\/enlatitud25.com\/news\/que-pasaria-si-destituyen-a-abdo-benitez-y-a-velazquez\/","url":"https:\/\/enlatitud25.com\/news\/que-pasaria-si-destituyen-a-abdo-benitez-y-a-velazquez\/","name":"\u00bfQu\u00e9 pasar\u00eda si destituyen a Abdo Ben\u00edtez y a Vel\u00e1zquez? &ndash; Latitud25","isPartOf":{"@id":"https:\/\/enlatitud25.com\/news\/#website"},"datePublished":"2021-03-08T21:41:17+00:00","dateModified":"2021-03-09T17:55:21+00:00","description":"Mir\u00e1 nuestros reportajes audiovisuales y seguinos para enterarte de las \u00faltimas noticias de Paraguay y el mundo, desde la Latitud25. Somos Alternativa de Informaci\u00f3n.","breadcrumb":{"@id":"https:\/\/enlatitud25.com\/news\/que-pasaria-si-destituyen-a-abdo-benitez-y-a-velazquez\/#breadcrumb"},"inLanguage":"es","potentialAction":[{"@type":"ReadAction","target":["https:\/\/enlatitud25.com\/news\/que-pasaria-si-destituyen-a-abdo-benitez-y-a-velazquez\/"]}]},{"@type":"BreadcrumbList","@id":"https:\/\/enlatitud25.com\/news\/que-pasaria-si-destituyen-a-abdo-benitez-y-a-velazquez\/#breadcrumb","itemListElement":[{"@type":"ListItem","position":1,"name":"Home","item":"https:\/\/enlatitud25.com\/news\/"},{"@type":"ListItem","position":2,"name":"\u00bfQu\u00e9 pasar\u00eda si destituyen a Abdo Ben\u00edtez y a Vel\u00e1zquez?"}]},{"@type":"WebSite","@id":"https:\/\/enlatitud25.com\/news\/#website","url":"https:\/\/enlatitud25.com\/news\/","name":"Latitud25","description":"news","publisher":{"@id":"https:\/\/enlatitud25.com\/news\/#organization"},"potentialAction":[{"@type":"SearchAction","target":{"@type":"EntryPoint","urlTemplate":"https:\/\/enlatitud25.com\/news\/?s={search_term_string}"},"query-input":"required name=search_term_string"}],"inLanguage":"es"},{"@type":"Organization","@id":"https:\/\/enlatitud25.com\/news\/#organization","name":"Latitud 25 - News","url":"https:\/\/enlatitud25.com\/news\/","logo":{"@type":"ImageObject","inLanguage":"es","@id":"https:\/\/enlatitud25.com\/news\/#\/schema\/logo\/image\/","url":"https:\/\/enlatitud25.com\/news\/wp-content\/uploads\/2020\/11\/logo_latitud.png","contentUrl":"https:\/\/enlatitud25.com\/news\/wp-content\/uploads\/2020\/11\/logo_latitud.png","width":235,"height":39,"caption":"Latitud 25 - News"},"image":{"@id":"https:\/\/enlatitud25.com\/news\/#\/schema\/logo\/image\/"},"sameAs":["https:\/\/www.facebook.com\/EnLatitud25","https:\/\/twitter.com\/EnLatitud25","https:\/\/www.instagram.com\/enlatitud25\/","https:\/\/www.youtube.com\/user\/desdelatitud25"]},{"@type":"Person","@id":"https:\/\/enlatitud25.com\/news\/#\/schema\/person\/23aafe968917005a721b8eb760f2586e","name":"Latitud 25","sameAs":["https:\/\/enlatitud25.com\/news","https:\/\/www.facebook.com\/EnLatitud25","https:\/\/www.instagram.com\/enlatitud25","https:\/\/www.youtube.com\/user\/desdelatitud25","https:\/\/soundcloud.com\/enlatitud25"],"url":"https:\/\/enlatitud25.com\/news\/author\/nnews-uss00\/"}]}},"_links":{"self":[{"href":"https:\/\/enlatitud25.com\/news\/wp-json\/wp\/v2\/posts\/2644"}],"collection":[{"href":"https:\/\/enlatitud25.com\/news\/wp-json\/wp\/v2\/posts"}],"about":[{"href":"https:\/\/enlatitud25.com\/news\/wp-json\/wp\/v2\/types\/post"}],"author":[{"embeddable":true,"href":"https:\/\/enlatitud25.com\/news\/wp-json\/wp\/v2\/users\/1"}],"replies":[{"embeddable":true,"href":"https:\/\/enlatitud25.com\/news\/wp-json\/wp\/v2\/comments?post=2644"}],"version-history":[{"count":6,"href":"https:\/\/enlatitud25.com\/news\/wp-json\/wp\/v2\/posts\/2644\/revisions"}],"predecessor-version":[{"id":2660,"href":"https:\/\/enlatitud25.com\/news\/wp-json\/wp\/v2\/posts\/2644\/revisions\/2660"}],"wp:featuredmedia":[{"embeddable":true,"href":"https:\/\/enlatitud25.com\/news\/wp-json\/wp\/v2\/media\/2639"}],"wp:attachment":[{"href":"https:\/\/enlatitud25.com\/news\/wp-json\/wp\/v2\/media?parent=2644"}],"wp:term":[{"taxonomy":"category","embeddable":true,"href":"https:\/\/enlatitud25.com\/news\/wp-json\/wp\/v2\/categories?post=2644"},{"taxonomy":"post_tag","embeddable":true,"href":"https:\/\/enlatitud25.com\/news\/wp-json\/wp\/v2\/tags?post=2644"},{"taxonomy":"ubicacion","embeddable":true,"href":"https:\/\/enlatitud25.com\/news\/wp-json\/wp\/v2\/ubicacion?post=2644"}],"curies":[{"name":"wp","href":"https:\/\/api.w.org\/{rel}","templated":true}]}}