{"id":2325,"date":"2021-02-19T12:38:41","date_gmt":"2021-02-19T12:38:41","guid":{"rendered":"https:\/\/enlatitud25.com\/news\/?p=2325"},"modified":"2021-02-25T16:10:24","modified_gmt":"2021-02-25T16:10:24","slug":"cuando-el-escrache-deja-de-ser-un-escrache","status":"publish","type":"post","link":"https:\/\/enlatitud25.com\/news\/cuando-el-escrache-deja-de-ser-un-escrache\/","title":{"rendered":"\u00bfCu\u00e1ndo el escrache deja de ser un escrache?"},"content":{"rendered":"\n<p class=\"is-style-default\">El s\u00e1bado 13 de febrero, en uno de los restaurants m\u00e1s conocidos de Asunci\u00f3n, ocurri\u00f3 un hecho que si bien en un comienzo fue denominado como \u201cescrache\u201d, despert\u00f3 un fuerte debate sobre cu\u00e1les son los l\u00edmites de los reclamos de la ciudadan\u00eda. El cuestionado Jefe de Gabinete de la Presidencia, Juan Ernesto Villamayor, fue el protagonista de este episodio junto a su pareja, y acompa\u00f1ados por el candidato a concejal de Asunci\u00f3n, Eduardo Alfaro Riera y su esposa.<\/p>\n\n\n\n<figure class=\"wp-block-image size-large\"><img decoding=\"async\" loading=\"lazy\" width=\"1024\" height=\"575\" src=\"https:\/\/enlatitud25.com\/news\/wp-content\/uploads\/2021\/02\/WhatsApp-Image-2021-02-18-at-17.24.52-1-1024x575.jpeg\" alt=\"\" class=\"wp-image-2351\" srcset=\"https:\/\/enlatitud25.com\/news\/wp-content\/uploads\/2021\/02\/WhatsApp-Image-2021-02-18-at-17.24.52-1-1024x575.jpeg 1024w, https:\/\/enlatitud25.com\/news\/wp-content\/uploads\/2021\/02\/WhatsApp-Image-2021-02-18-at-17.24.52-1-300x169.jpeg 300w, https:\/\/enlatitud25.com\/news\/wp-content\/uploads\/2021\/02\/WhatsApp-Image-2021-02-18-at-17.24.52-1-768x431.jpeg 768w, https:\/\/enlatitud25.com\/news\/wp-content\/uploads\/2021\/02\/WhatsApp-Image-2021-02-18-at-17.24.52-1-380x213.jpeg 380w, https:\/\/enlatitud25.com\/news\/wp-content\/uploads\/2021\/02\/WhatsApp-Image-2021-02-18-at-17.24.52-1-800x449.jpeg 800w, https:\/\/enlatitud25.com\/news\/wp-content\/uploads\/2021\/02\/WhatsApp-Image-2021-02-18-at-17.24.52-1-1160x652.jpeg 1160w, https:\/\/enlatitud25.com\/news\/wp-content\/uploads\/2021\/02\/WhatsApp-Image-2021-02-18-at-17.24.52-1.jpeg 1280w\" sizes=\"(max-width: 1024px) 100vw, 1024px\" \/><figcaption>Momento de la agresi\u00f3n hacia Juan Ernesto Villamayor.<\/figcaption><\/figure>\n\n\n\n<p>Villamayor, quien desde el comienzo de la administraci\u00f3n Abdo Ben\u00edtez fue criticado en varias ocasiones, y en especial, por el \u00faltimo episodio de semanas atr\u00e1s, por el supuesto acuerdo con representantes del equipo del opositor Juan Guaid\u00f3 de Venezuela en torno al caso PDVSA, volvi\u00f3 a ser centro de atenci\u00f3n debido a un incidente iniciado por el ganadero colorado Dar\u00edo Felipe Gim\u00e9nez.<\/p>\n\n\n\n<p>En redes sociales felicitaron a Gim\u00e9nez por la iniciativa que representaba el hartazgo de todo un pueblo ante hechos de corrupci\u00f3n. Pero, fue realmente un escrache o una oportunidad para sacar r\u00e9dito pol\u00edtico entre bandos de un partido que dice estar en concordia pero que en realidad vive una profunda discordia?<\/p>\n\n\n\n<p style=\"font-size:22px\"><strong>Vayamos a la Fuente<\/strong><\/p>\n\n\n\n<p>Pero bien, es importante conceptualizar la palabra \u201cescrache\u201d, y m\u00e1s que conceptualizarla, ubicarla en el plano de la acci\u00f3n.<\/p>\n\n\n\n<p>Seg\u00fan la RAE, Escrache: <em>es la manifestaci\u00f3n popular de protesta contra una persona, generalmente del \u00e1mbito de la pol\u00edtica o de la administraci\u00f3n, que se realiza frente a su domicilio o en alg\u00fan lugar p\u00fablico al que deba concurrir.<\/em><\/p>\n\n\n\n<p>Etimol\u00f3gicamente, su principal fuente de origen radica en la palabra en ingl\u00e9s \u201cScratch\u201d, que significa \u201cara\u00f1ar\u201d \u201crasgar\u201d, sin embargo este punto est\u00e1 en duda, ya que la palabra \u201cEscrache\u201d como la conocemos, se utiliz\u00f3 por primera vez en 1995 en Argentina cuando la Organizaci\u00f3n de Derechos Humanos HIJOS se manifest\u00f3 pac\u00edficamente fuera de los domicilios de varios altos cargos de la dictadura que hab\u00edan sido indultados por el presidente Carlos Menem, por lo tanto su etimolog\u00eda tendr\u00eda influencias de la lengua genovesa, y el t\u00e9rmino \u201cScracc\u00e1\u201d que significa agredir, o expectorar.<\/p>\n\n\n\n<p style=\"font-size:22px\"><strong>\u00bfNecesitamos un Marco Regulatorio?<\/strong><\/p>\n\n\n\n<p>En Paraguay no contamos con un marco legal espec\u00edfico, referente al escrache.<\/p>\n\n\n\n<p><em>\u201cLa misma Constituci\u00f3n Nacional, contiene distintas disposiciones, una tiene que ver con la libertad de expresi\u00f3n, tambi\u00e9n hay una disposici\u00f3n que tiene que ver con el de reclamar. El art\u00edculo 15 habla espec\u00edficamente de esa situaci\u00f3n, y dice que todas las personas tienen derecho a reclamar ante la justicia, pero no pueden hacer justicia por mano propia\u201d, <\/em>aclara el abogado penalista, Jos\u00e9 Casa\u00f1as Levi.<\/p>\n\n\n\n<p>En varios pa\u00edses de la regi\u00f3n, el escrache se considera una herramienta de Derechos Humanos por la verdad, y este Derecho se consagra en Jurisprudencias varias de la Corte Interamericana de Derechos Humanos, en el contexto de los reclamos de v\u00edctimas de dictaduras.<\/p>\n\n\n\n<p><em>\u201cEn Argentina hay un C\u00f3digo de Conviviencia, que regula este tipo de manifestaciones. No son normas penales, son administrativas\u201d, acot\u00f3 el abogado.<\/em><\/p>\n\n\n\n<figure class=\"wp-block-image size-large\"><img decoding=\"async\" loading=\"lazy\" width=\"607\" height=\"401\" src=\"https:\/\/enlatitud25.com\/news\/wp-content\/uploads\/2021\/02\/Jose-Casanas-Levi-Abogado..png\" alt=\"\" class=\"wp-image-2345\" srcset=\"https:\/\/enlatitud25.com\/news\/wp-content\/uploads\/2021\/02\/Jose-Casanas-Levi-Abogado..png 607w, https:\/\/enlatitud25.com\/news\/wp-content\/uploads\/2021\/02\/Jose-Casanas-Levi-Abogado.-300x198.png 300w, https:\/\/enlatitud25.com\/news\/wp-content\/uploads\/2021\/02\/Jose-Casanas-Levi-Abogado.-380x251.png 380w\" sizes=\"(max-width: 607px) 100vw, 607px\" \/><\/figure>\n\n\n\n<p>En Paraguay, en el a\u00f1o 2019 fue presentado un proyecto de ley en la C\u00e1mara Baja, encabezado por el diputado colorado oficialista Luis Urbieta, que planteaba el escrache como \u201cacto vand\u00e1lico\u201d , y que deb\u00eda tener una pena de 5 a 10 a\u00f1os.<\/p>\n\n\n\n<p>El proyecto de ley no prosper\u00f3. Varios diputados manifestaron en ese momento que de aprobarse y sancionarse el proyecto de ley, se coartar\u00eda la libertad de expresi\u00f3n del pueblo.<\/p>\n\n\n\n<p>Casa\u00f1as Levi dijo sobre este punto que todo lo que suene a censura es algo que tampoco est\u00e1 tolerado constitucionalmente, ya que \u201cno se le puede censurar a la persona por decir lo que piensa o por hacer lo que piensa\u201d.<\/p>\n\n\n\n<p>Sin embargo, el abogado penalista hizo hincapi\u00e9 en&nbsp;que estos actos pueden tener consecuencias. \u201cLa persona lo que tiene que entender es que, si bien tiene esa facultad, tambi\u00e9n eventualmente podr\u00eda tener consecuencias jur\u00eddicas para ella\u201d.<\/p>\n\n\n\n<p style=\"font-size:22px\"><strong>\u00bfCu\u00e1les son los l\u00edmites en un escrache?<\/strong><\/p>\n\n\n\n<p>El escrache es un mecanismo ordinario de participaci\u00f3n democr\u00e1tica, y tiene car\u00e1cter de acci\u00f3n colectiva.<\/p>\n\n\n\n<p>La fuerza democr\u00e1tica no permite que se recurra a la violencia f\u00edsica, al acoso, y a la coacci\u00f3n, ya que se estar\u00eda quebrantando el Estado de Derecho. No es correcto, confundir el concepto ante la opini\u00f3n p\u00fablica, las pautas son claras, y si bien no hay marco legal espec\u00edfico, la Constituci\u00f3n Nacional garantiza el Derecho de todo ciudadano, a reclamar.<\/p>\n\n\n\n<p>\u201cEl l\u00edmite, est\u00e1 dado claramente en la Constituci\u00f3n Nacional. Esta protesta debe ser pac\u00edfica, y eso no significa que sea inm\u00f3vil. Tiene que ser din\u00e1mica, y puede contener todos los elementos aleg\u00f3ricos en torno al reclamo, que den la posibilidad de transmitir lo que uno est\u00e1 sintiendo\u201d<\/p>\n\n\n\n<p>\u201cNo hay que confundir el escrache con la agresi\u00f3n f\u00edsica, y la agresi\u00f3n personal, eso nos lleva al punitivismo que justamente habilita a que no exista ning\u00fan impedimento para hacer justicia por mano propia\u201d, argument\u00f3 la diputada Kattya Gonz\u00e1lez.<\/p>\n\n\n\n<figure class=\"wp-block-video\"><video controls src=\"https:\/\/enlatitud25.com\/news\/wp-content\/uploads\/2021\/02\/Escrache-parte-2-A-tongazosasi-termino-el-escrache-a-Juan-Ernesto-Villamayor-Gentileza.mp4\"><\/video><figcaption>Momento del incidente en el que se vio involucrado Juan Ernesto Villamayor.<\/figcaption><\/figure>\n","protected":false},"excerpt":{"rendered":"Nadie hubiera pensado que la noche antes del D\u00eda de los Enamorados, habr\u00eda de producirse uno de los episodios m\u00e1s intensos en cuanto a repudio a autoridades p\u00fablicas en Paraguay, cuestionadas por presuntos casos de corrupci\u00f3n. La figura del escrache como manifestaci\u00f3n ciudadana fue hartamente debatida, pero \u00bftenemos claro el concepto?, y sobre todo, \u00bfhasta d\u00f3nde debe llegar?\n","protected":false},"author":1,"featured_media":2353,"comment_status":"open","ping_status":"open","sticky":false,"template":"","format":"standard","meta":[],"categories":[16],"tags":[65,70,66,69,59,67],"ubicacion":[17],"yoast_head":"<!-- This site is optimized with the Yoast SEO plugin v20.8 - https:\/\/yoast.com\/wordpress\/plugins\/seo\/ -->\n<title>\u00bfCu\u00e1ndo el escrache deja de ser un escrache? &ndash; Latitud25<\/title>\n<meta name=\"description\" content=\"Mir\u00e1 nuestros reportajes audiovisuales y seguinos para enterarte de las \u00faltimas noticias de Paraguay y el mundo, desde la Latitud25. Somos Alternativa de Informaci\u00f3n.\" \/>\n<meta name=\"robots\" content=\"index, follow, max-snippet:-1, max-image-preview:large, max-video-preview:-1\" \/>\n<link rel=\"canonical\" href=\"https:\/\/enlatitud25.com\/news\/cuando-el-escrache-deja-de-ser-un-escrache\/\" \/>\n<meta property=\"og:locale\" content=\"es_ES\" \/>\n<meta property=\"og:type\" content=\"article\" \/>\n<meta property=\"og:title\" content=\"\u00bfCu\u00e1ndo el escrache deja de ser un escrache? &ndash; Latitud25\" \/>\n<meta property=\"og:description\" content=\"Mir\u00e1 nuestros reportajes audiovisuales y seguinos para enterarte de las \u00faltimas noticias de Paraguay y el mundo, desde la Latitud25. Somos Alternativa de Informaci\u00f3n.\" \/>\n<meta property=\"og:url\" content=\"https:\/\/enlatitud25.com\/news\/cuando-el-escrache-deja-de-ser-un-escrache\/\" \/>\n<meta property=\"og:site_name\" content=\"Latitud25\" \/>\n<meta property=\"article:publisher\" content=\"https:\/\/www.facebook.com\/EnLatitud25\" \/>\n<meta property=\"article:author\" content=\"https:\/\/www.facebook.com\/EnLatitud25\" \/>\n<meta property=\"article:published_time\" content=\"2021-02-19T12:38:41+00:00\" \/>\n<meta property=\"article:modified_time\" content=\"2021-02-25T16:10:24+00:00\" \/>\n<meta property=\"og:image\" content=\"https:\/\/enlatitud25.com\/news\/wp-content\/uploads\/2021\/02\/tw-juan-ernesto.jpg\" \/>\n\t<meta property=\"og:image:width\" content=\"1024\" \/>\n\t<meta property=\"og:image:height\" content=\"512\" \/>\n\t<meta property=\"og:image:type\" content=\"image\/jpeg\" \/>\n<meta name=\"author\" content=\"Latitud 25\" \/>\n<meta name=\"twitter:card\" content=\"summary_large_image\" \/>\n<meta name=\"twitter:creator\" content=\"@EnLatitud25\" \/>\n<meta name=\"twitter:site\" content=\"@EnLatitud25\" \/>\n<meta name=\"twitter:label1\" content=\"Escrito por\" \/>\n\t<meta name=\"twitter:data1\" content=\"Latitud 25\" \/>\n\t<meta name=\"twitter:label2\" content=\"Tiempo de lectura\" \/>\n\t<meta name=\"twitter:data2\" content=\"5 minutos\" \/>\n<script type=\"application\/ld+json\" class=\"yoast-schema-graph\">{\"@context\":\"https:\/\/schema.org\",\"@graph\":[{\"@type\":\"Article\",\"@id\":\"https:\/\/enlatitud25.com\/news\/cuando-el-escrache-deja-de-ser-un-escrache\/#article\",\"isPartOf\":{\"@id\":\"https:\/\/enlatitud25.com\/news\/cuando-el-escrache-deja-de-ser-un-escrache\/\"},\"author\":{\"name\":\"Latitud 25\",\"@id\":\"https:\/\/enlatitud25.com\/news\/#\/schema\/person\/23aafe968917005a721b8eb760f2586e\"},\"headline\":\"\u00bfCu\u00e1ndo el escrache deja de ser un escrache?\",\"datePublished\":\"2021-02-19T12:38:41+00:00\",\"dateModified\":\"2021-02-25T16:10:24+00:00\",\"mainEntityOfPage\":{\"@id\":\"https:\/\/enlatitud25.com\/news\/cuando-el-escrache-deja-de-ser-un-escrache\/\"},\"wordCount\":914,\"commentCount\":0,\"publisher\":{\"@id\":\"https:\/\/enlatitud25.com\/news\/#organization\"},\"keywords\":[\"escrache\",\"Jos\u00e9 Casa\u00f1as Levi\",\"juan ernesto villamayor\",\"Kattya Gonz\u00e1lez\",\"paraguay\",\"pol\u00edtica paraguay\"],\"articleSection\":[\"Virales\"],\"inLanguage\":\"es\",\"potentialAction\":[{\"@type\":\"CommentAction\",\"name\":\"Comment\",\"target\":[\"https:\/\/enlatitud25.com\/news\/cuando-el-escrache-deja-de-ser-un-escrache\/#respond\"]}]},{\"@type\":\"WebPage\",\"@id\":\"https:\/\/enlatitud25.com\/news\/cuando-el-escrache-deja-de-ser-un-escrache\/\",\"url\":\"https:\/\/enlatitud25.com\/news\/cuando-el-escrache-deja-de-ser-un-escrache\/\",\"name\":\"\u00bfCu\u00e1ndo el escrache deja de ser un escrache? &ndash; Latitud25\",\"isPartOf\":{\"@id\":\"https:\/\/enlatitud25.com\/news\/#website\"},\"datePublished\":\"2021-02-19T12:38:41+00:00\",\"dateModified\":\"2021-02-25T16:10:24+00:00\",\"description\":\"Mir\u00e1 nuestros reportajes audiovisuales y seguinos para enterarte de las \u00faltimas noticias de Paraguay y el mundo, desde la Latitud25. Somos Alternativa de Informaci\u00f3n.\",\"breadcrumb\":{\"@id\":\"https:\/\/enlatitud25.com\/news\/cuando-el-escrache-deja-de-ser-un-escrache\/#breadcrumb\"},\"inLanguage\":\"es\",\"potentialAction\":[{\"@type\":\"ReadAction\",\"target\":[\"https:\/\/enlatitud25.com\/news\/cuando-el-escrache-deja-de-ser-un-escrache\/\"]}]},{\"@type\":\"BreadcrumbList\",\"@id\":\"https:\/\/enlatitud25.com\/news\/cuando-el-escrache-deja-de-ser-un-escrache\/#breadcrumb\",\"itemListElement\":[{\"@type\":\"ListItem\",\"position\":1,\"name\":\"Home\",\"item\":\"https:\/\/enlatitud25.com\/news\/\"},{\"@type\":\"ListItem\",\"position\":2,\"name\":\"\u00bfCu\u00e1ndo el escrache deja de ser un escrache?\"}]},{\"@type\":\"WebSite\",\"@id\":\"https:\/\/enlatitud25.com\/news\/#website\",\"url\":\"https:\/\/enlatitud25.com\/news\/\",\"name\":\"Latitud25\",\"description\":\"news\",\"publisher\":{\"@id\":\"https:\/\/enlatitud25.com\/news\/#organization\"},\"potentialAction\":[{\"@type\":\"SearchAction\",\"target\":{\"@type\":\"EntryPoint\",\"urlTemplate\":\"https:\/\/enlatitud25.com\/news\/?s={search_term_string}\"},\"query-input\":\"required name=search_term_string\"}],\"inLanguage\":\"es\"},{\"@type\":\"Organization\",\"@id\":\"https:\/\/enlatitud25.com\/news\/#organization\",\"name\":\"Latitud 25 - News\",\"url\":\"https:\/\/enlatitud25.com\/news\/\",\"logo\":{\"@type\":\"ImageObject\",\"inLanguage\":\"es\",\"@id\":\"https:\/\/enlatitud25.com\/news\/#\/schema\/logo\/image\/\",\"url\":\"https:\/\/enlatitud25.com\/news\/wp-content\/uploads\/2020\/11\/logo_latitud.png\",\"contentUrl\":\"https:\/\/enlatitud25.com\/news\/wp-content\/uploads\/2020\/11\/logo_latitud.png\",\"width\":235,\"height\":39,\"caption\":\"Latitud 25 - News\"},\"image\":{\"@id\":\"https:\/\/enlatitud25.com\/news\/#\/schema\/logo\/image\/\"},\"sameAs\":[\"https:\/\/www.facebook.com\/EnLatitud25\",\"https:\/\/twitter.com\/EnLatitud25\",\"https:\/\/www.instagram.com\/enlatitud25\/\",\"https:\/\/www.youtube.com\/user\/desdelatitud25\"]},{\"@type\":\"Person\",\"@id\":\"https:\/\/enlatitud25.com\/news\/#\/schema\/person\/23aafe968917005a721b8eb760f2586e\",\"name\":\"Latitud 25\",\"sameAs\":[\"https:\/\/enlatitud25.com\/news\",\"https:\/\/www.facebook.com\/EnLatitud25\",\"https:\/\/www.instagram.com\/enlatitud25\",\"https:\/\/www.youtube.com\/user\/desdelatitud25\",\"https:\/\/soundcloud.com\/enlatitud25\"],\"url\":\"https:\/\/enlatitud25.com\/news\/author\/nnews-uss00\/\"}]}<\/script>\n<!-- \/ Yoast SEO plugin. -->","yoast_head_json":{"title":"\u00bfCu\u00e1ndo el escrache deja de ser un escrache? &ndash; Latitud25","description":"Mir\u00e1 nuestros reportajes audiovisuales y seguinos para enterarte de las \u00faltimas noticias de Paraguay y el mundo, desde la Latitud25. Somos Alternativa de Informaci\u00f3n.","robots":{"index":"index","follow":"follow","max-snippet":"max-snippet:-1","max-image-preview":"max-image-preview:large","max-video-preview":"max-video-preview:-1"},"canonical":"https:\/\/enlatitud25.com\/news\/cuando-el-escrache-deja-de-ser-un-escrache\/","og_locale":"es_ES","og_type":"article","og_title":"\u00bfCu\u00e1ndo el escrache deja de ser un escrache? &ndash; Latitud25","og_description":"Mir\u00e1 nuestros reportajes audiovisuales y seguinos para enterarte de las \u00faltimas noticias de Paraguay y el mundo, desde la Latitud25. Somos Alternativa de Informaci\u00f3n.","og_url":"https:\/\/enlatitud25.com\/news\/cuando-el-escrache-deja-de-ser-un-escrache\/","og_site_name":"Latitud25","article_publisher":"https:\/\/www.facebook.com\/EnLatitud25","article_author":"https:\/\/www.facebook.com\/EnLatitud25","article_published_time":"2021-02-19T12:38:41+00:00","article_modified_time":"2021-02-25T16:10:24+00:00","og_image":[{"width":1024,"height":512,"url":"https:\/\/enlatitud25.com\/news\/wp-content\/uploads\/2021\/02\/tw-juan-ernesto.jpg","type":"image\/jpeg"}],"author":"Latitud 25","twitter_card":"summary_large_image","twitter_creator":"@EnLatitud25","twitter_site":"@EnLatitud25","twitter_misc":{"Escrito por":"Latitud 25","Tiempo de lectura":"5 minutos"},"schema":{"@context":"https:\/\/schema.org","@graph":[{"@type":"Article","@id":"https:\/\/enlatitud25.com\/news\/cuando-el-escrache-deja-de-ser-un-escrache\/#article","isPartOf":{"@id":"https:\/\/enlatitud25.com\/news\/cuando-el-escrache-deja-de-ser-un-escrache\/"},"author":{"name":"Latitud 25","@id":"https:\/\/enlatitud25.com\/news\/#\/schema\/person\/23aafe968917005a721b8eb760f2586e"},"headline":"\u00bfCu\u00e1ndo el escrache deja de ser un escrache?","datePublished":"2021-02-19T12:38:41+00:00","dateModified":"2021-02-25T16:10:24+00:00","mainEntityOfPage":{"@id":"https:\/\/enlatitud25.com\/news\/cuando-el-escrache-deja-de-ser-un-escrache\/"},"wordCount":914,"commentCount":0,"publisher":{"@id":"https:\/\/enlatitud25.com\/news\/#organization"},"keywords":["escrache","Jos\u00e9 Casa\u00f1as Levi","juan ernesto villamayor","Kattya Gonz\u00e1lez","paraguay","pol\u00edtica paraguay"],"articleSection":["Virales"],"inLanguage":"es","potentialAction":[{"@type":"CommentAction","name":"Comment","target":["https:\/\/enlatitud25.com\/news\/cuando-el-escrache-deja-de-ser-un-escrache\/#respond"]}]},{"@type":"WebPage","@id":"https:\/\/enlatitud25.com\/news\/cuando-el-escrache-deja-de-ser-un-escrache\/","url":"https:\/\/enlatitud25.com\/news\/cuando-el-escrache-deja-de-ser-un-escrache\/","name":"\u00bfCu\u00e1ndo el escrache deja de ser un escrache? &ndash; Latitud25","isPartOf":{"@id":"https:\/\/enlatitud25.com\/news\/#website"},"datePublished":"2021-02-19T12:38:41+00:00","dateModified":"2021-02-25T16:10:24+00:00","description":"Mir\u00e1 nuestros reportajes audiovisuales y seguinos para enterarte de las \u00faltimas noticias de Paraguay y el mundo, desde la Latitud25. Somos Alternativa de Informaci\u00f3n.","breadcrumb":{"@id":"https:\/\/enlatitud25.com\/news\/cuando-el-escrache-deja-de-ser-un-escrache\/#breadcrumb"},"inLanguage":"es","potentialAction":[{"@type":"ReadAction","target":["https:\/\/enlatitud25.com\/news\/cuando-el-escrache-deja-de-ser-un-escrache\/"]}]},{"@type":"BreadcrumbList","@id":"https:\/\/enlatitud25.com\/news\/cuando-el-escrache-deja-de-ser-un-escrache\/#breadcrumb","itemListElement":[{"@type":"ListItem","position":1,"name":"Home","item":"https:\/\/enlatitud25.com\/news\/"},{"@type":"ListItem","position":2,"name":"\u00bfCu\u00e1ndo el escrache deja de ser un escrache?"}]},{"@type":"WebSite","@id":"https:\/\/enlatitud25.com\/news\/#website","url":"https:\/\/enlatitud25.com\/news\/","name":"Latitud25","description":"news","publisher":{"@id":"https:\/\/enlatitud25.com\/news\/#organization"},"potentialAction":[{"@type":"SearchAction","target":{"@type":"EntryPoint","urlTemplate":"https:\/\/enlatitud25.com\/news\/?s={search_term_string}"},"query-input":"required name=search_term_string"}],"inLanguage":"es"},{"@type":"Organization","@id":"https:\/\/enlatitud25.com\/news\/#organization","name":"Latitud 25 - News","url":"https:\/\/enlatitud25.com\/news\/","logo":{"@type":"ImageObject","inLanguage":"es","@id":"https:\/\/enlatitud25.com\/news\/#\/schema\/logo\/image\/","url":"https:\/\/enlatitud25.com\/news\/wp-content\/uploads\/2020\/11\/logo_latitud.png","contentUrl":"https:\/\/enlatitud25.com\/news\/wp-content\/uploads\/2020\/11\/logo_latitud.png","width":235,"height":39,"caption":"Latitud 25 - News"},"image":{"@id":"https:\/\/enlatitud25.com\/news\/#\/schema\/logo\/image\/"},"sameAs":["https:\/\/www.facebook.com\/EnLatitud25","https:\/\/twitter.com\/EnLatitud25","https:\/\/www.instagram.com\/enlatitud25\/","https:\/\/www.youtube.com\/user\/desdelatitud25"]},{"@type":"Person","@id":"https:\/\/enlatitud25.com\/news\/#\/schema\/person\/23aafe968917005a721b8eb760f2586e","name":"Latitud 25","sameAs":["https:\/\/enlatitud25.com\/news","https:\/\/www.facebook.com\/EnLatitud25","https:\/\/www.instagram.com\/enlatitud25","https:\/\/www.youtube.com\/user\/desdelatitud25","https:\/\/soundcloud.com\/enlatitud25"],"url":"https:\/\/enlatitud25.com\/news\/author\/nnews-uss00\/"}]}},"_links":{"self":[{"href":"https:\/\/enlatitud25.com\/news\/wp-json\/wp\/v2\/posts\/2325"}],"collection":[{"href":"https:\/\/enlatitud25.com\/news\/wp-json\/wp\/v2\/posts"}],"about":[{"href":"https:\/\/enlatitud25.com\/news\/wp-json\/wp\/v2\/types\/post"}],"author":[{"embeddable":true,"href":"https:\/\/enlatitud25.com\/news\/wp-json\/wp\/v2\/users\/1"}],"replies":[{"embeddable":true,"href":"https:\/\/enlatitud25.com\/news\/wp-json\/wp\/v2\/comments?post=2325"}],"version-history":[{"count":9,"href":"https:\/\/enlatitud25.com\/news\/wp-json\/wp\/v2\/posts\/2325\/revisions"}],"predecessor-version":[{"id":2480,"href":"https:\/\/enlatitud25.com\/news\/wp-json\/wp\/v2\/posts\/2325\/revisions\/2480"}],"wp:featuredmedia":[{"embeddable":true,"href":"https:\/\/enlatitud25.com\/news\/wp-json\/wp\/v2\/media\/2353"}],"wp:attachment":[{"href":"https:\/\/enlatitud25.com\/news\/wp-json\/wp\/v2\/media?parent=2325"}],"wp:term":[{"taxonomy":"category","embeddable":true,"href":"https:\/\/enlatitud25.com\/news\/wp-json\/wp\/v2\/categories?post=2325"},{"taxonomy":"post_tag","embeddable":true,"href":"https:\/\/enlatitud25.com\/news\/wp-json\/wp\/v2\/tags?post=2325"},{"taxonomy":"ubicacion","embeddable":true,"href":"https:\/\/enlatitud25.com\/news\/wp-json\/wp\/v2\/ubicacion?post=2325"}],"curies":[{"name":"wp","href":"https:\/\/api.w.org\/{rel}","templated":true}]}}