{"id":2215,"date":"2021-01-11T12:00:00","date_gmt":"2021-01-11T12:00:00","guid":{"rendered":"https:\/\/enlatitud25.com\/news\/?p=2215"},"modified":"2021-02-24T15:21:45","modified_gmt":"2021-02-24T15:21:45","slug":"una-comunidad-que-incomoda-a-un-estado-indiferente","status":"publish","type":"post","link":"https:\/\/enlatitud25.com\/news\/una-comunidad-que-incomoda-a-un-estado-indiferente\/","title":{"rendered":"Una comunidad que incomoda a un Estado indiferente"},"content":{"rendered":"\n<p>El cierre total entre marzo y mayo, en el marco de la cuarentena m\u00e1s estricta a causa del COVID-19, adem\u00e1s de las restricciones de circular en horas de la noche-madrugada hizo que muchas mujeres trans que se dedicaban al trabajo sexual, se quedaran sin ingresos. &nbsp;<\/p>\n\n\n\n<figure class=\"wp-block-gallery columns-3 is-cropped wp-block-gallery-1 is-layout-flex\"><ul class=\"blocks-gallery-grid\"><li class=\"blocks-gallery-item\"><figure><img decoding=\"async\" loading=\"lazy\" width=\"1024\" height=\"576\" src=\"https:\/\/enlatitud25.com\/news\/wp-content\/uploads\/2021\/01\/image-6-1024x576.png\" alt=\"\" data-id=\"2267\" data-link=\"https:\/\/enlatitud25.com\/news\/index.php\/2021\/01\/07\/la-venta-de-las-vacunas-es-politica\/image-6\/\" class=\"wp-image-2267\" srcset=\"https:\/\/enlatitud25.com\/news\/wp-content\/uploads\/2021\/01\/image-6-1024x576.png 1024w, https:\/\/enlatitud25.com\/news\/wp-content\/uploads\/2021\/01\/image-6-300x169.png 300w, https:\/\/enlatitud25.com\/news\/wp-content\/uploads\/2021\/01\/image-6-768x432.png 768w, https:\/\/enlatitud25.com\/news\/wp-content\/uploads\/2021\/01\/image-6-380x214.png 380w, https:\/\/enlatitud25.com\/news\/wp-content\/uploads\/2021\/01\/image-6-800x450.png 800w, https:\/\/enlatitud25.com\/news\/wp-content\/uploads\/2021\/01\/image-6-1160x652.png 1160w, https:\/\/enlatitud25.com\/news\/wp-content\/uploads\/2021\/01\/image-6.png 1366w\" sizes=\"(max-width: 1024px) 100vw, 1024px\" \/><\/figure><\/li><li class=\"blocks-gallery-item\"><figure><img decoding=\"async\" loading=\"lazy\" width=\"1024\" height=\"575\" src=\"https:\/\/enlatitud25.com\/news\/wp-content\/uploads\/2021\/01\/WhatsApp-Image-2021-01-11-at-13.30.12-1024x575.jpeg\" alt=\"\" data-id=\"2269\" data-full-url=\"https:\/\/enlatitud25.com\/news\/wp-content\/uploads\/2021\/01\/WhatsApp-Image-2021-01-11-at-13.30.12.jpeg\" data-link=\"https:\/\/enlatitud25.com\/news\/index.php\/2021\/01\/07\/la-venta-de-las-vacunas-es-politica\/whatsapp-image-2021-01-11-at-13-30-12\/\" class=\"wp-image-2269\" srcset=\"https:\/\/enlatitud25.com\/news\/wp-content\/uploads\/2021\/01\/WhatsApp-Image-2021-01-11-at-13.30.12-1024x575.jpeg 1024w, https:\/\/enlatitud25.com\/news\/wp-content\/uploads\/2021\/01\/WhatsApp-Image-2021-01-11-at-13.30.12-300x169.jpeg 300w, https:\/\/enlatitud25.com\/news\/wp-content\/uploads\/2021\/01\/WhatsApp-Image-2021-01-11-at-13.30.12-768x431.jpeg 768w, https:\/\/enlatitud25.com\/news\/wp-content\/uploads\/2021\/01\/WhatsApp-Image-2021-01-11-at-13.30.12-380x213.jpeg 380w, https:\/\/enlatitud25.com\/news\/wp-content\/uploads\/2021\/01\/WhatsApp-Image-2021-01-11-at-13.30.12-800x449.jpeg 800w, https:\/\/enlatitud25.com\/news\/wp-content\/uploads\/2021\/01\/WhatsApp-Image-2021-01-11-at-13.30.12-1160x652.jpeg 1160w, https:\/\/enlatitud25.com\/news\/wp-content\/uploads\/2021\/01\/WhatsApp-Image-2021-01-11-at-13.30.12.jpeg 1280w\" sizes=\"(max-width: 1024px) 100vw, 1024px\" \/><\/figure><\/li><li class=\"blocks-gallery-item\"><figure><img decoding=\"async\" loading=\"lazy\" width=\"1024\" height=\"575\" src=\"https:\/\/enlatitud25.com\/news\/wp-content\/uploads\/2021\/01\/WhatsApp-Image-2021-01-11-at-13.29.43-1024x575.jpeg\" alt=\"\" data-id=\"2270\" data-full-url=\"https:\/\/enlatitud25.com\/news\/wp-content\/uploads\/2021\/01\/WhatsApp-Image-2021-01-11-at-13.29.43.jpeg\" data-link=\"https:\/\/enlatitud25.com\/news\/index.php\/2021\/01\/07\/la-venta-de-las-vacunas-es-politica\/whatsapp-image-2021-01-11-at-13-29-43\/\" class=\"wp-image-2270\" srcset=\"https:\/\/enlatitud25.com\/news\/wp-content\/uploads\/2021\/01\/WhatsApp-Image-2021-01-11-at-13.29.43-1024x575.jpeg 1024w, https:\/\/enlatitud25.com\/news\/wp-content\/uploads\/2021\/01\/WhatsApp-Image-2021-01-11-at-13.29.43-300x169.jpeg 300w, https:\/\/enlatitud25.com\/news\/wp-content\/uploads\/2021\/01\/WhatsApp-Image-2021-01-11-at-13.29.43-768x431.jpeg 768w, https:\/\/enlatitud25.com\/news\/wp-content\/uploads\/2021\/01\/WhatsApp-Image-2021-01-11-at-13.29.43-380x213.jpeg 380w, https:\/\/enlatitud25.com\/news\/wp-content\/uploads\/2021\/01\/WhatsApp-Image-2021-01-11-at-13.29.43-800x449.jpeg 800w, https:\/\/enlatitud25.com\/news\/wp-content\/uploads\/2021\/01\/WhatsApp-Image-2021-01-11-at-13.29.43-1160x652.jpeg 1160w, https:\/\/enlatitud25.com\/news\/wp-content\/uploads\/2021\/01\/WhatsApp-Image-2021-01-11-at-13.29.43.jpeg 1280w\" sizes=\"(max-width: 1024px) 100vw, 1024px\" \/><\/figure><\/li><li class=\"blocks-gallery-item\"><figure><img decoding=\"async\" loading=\"lazy\" width=\"1024\" height=\"575\" src=\"https:\/\/enlatitud25.com\/news\/wp-content\/uploads\/2021\/01\/WhatsApp-Image-2021-01-11-at-13.29.06-1-1024x575.jpeg\" alt=\"\" data-id=\"2271\" data-full-url=\"https:\/\/enlatitud25.com\/news\/wp-content\/uploads\/2021\/01\/WhatsApp-Image-2021-01-11-at-13.29.06-1.jpeg\" data-link=\"https:\/\/enlatitud25.com\/news\/index.php\/2021\/01\/07\/la-venta-de-las-vacunas-es-politica\/whatsapp-image-2021-01-11-at-13-29-06-1\/\" class=\"wp-image-2271\" srcset=\"https:\/\/enlatitud25.com\/news\/wp-content\/uploads\/2021\/01\/WhatsApp-Image-2021-01-11-at-13.29.06-1-1024x575.jpeg 1024w, https:\/\/enlatitud25.com\/news\/wp-content\/uploads\/2021\/01\/WhatsApp-Image-2021-01-11-at-13.29.06-1-300x169.jpeg 300w, https:\/\/enlatitud25.com\/news\/wp-content\/uploads\/2021\/01\/WhatsApp-Image-2021-01-11-at-13.29.06-1-768x431.jpeg 768w, https:\/\/enlatitud25.com\/news\/wp-content\/uploads\/2021\/01\/WhatsApp-Image-2021-01-11-at-13.29.06-1-380x213.jpeg 380w, https:\/\/enlatitud25.com\/news\/wp-content\/uploads\/2021\/01\/WhatsApp-Image-2021-01-11-at-13.29.06-1-800x449.jpeg 800w, https:\/\/enlatitud25.com\/news\/wp-content\/uploads\/2021\/01\/WhatsApp-Image-2021-01-11-at-13.29.06-1-1160x652.jpeg 1160w, https:\/\/enlatitud25.com\/news\/wp-content\/uploads\/2021\/01\/WhatsApp-Image-2021-01-11-at-13.29.06-1.jpeg 1280w\" sizes=\"(max-width: 1024px) 100vw, 1024px\" \/><\/figure><\/li><\/ul><figcaption class=\"blocks-gallery-caption\">Mujeres Trans en Casa Diversa Paraguay.<\/figcaption><\/figure>\n\n\n\n<p>\u201cEl Estado fall\u00f3 en todas sus medidas; si fall\u00f3 con otra parte de la sociedad, imaginate para nosotras que estamos sin leyes, sin protecci\u00f3n, en un abandono total por parte del Estado\u201d, se\u00f1al\u00f3 la activista trans, Yren Rotela.<\/p>\n\n\n\n<figure class=\"wp-block-image size-large\"><img decoding=\"async\" loading=\"lazy\" width=\"1024\" height=\"575\" src=\"https:\/\/enlatitud25.com\/news\/wp-content\/uploads\/2021\/01\/WhatsApp-Image-2021-01-11-at-13.02.11-2-1024x575.jpeg\" alt=\"\" class=\"wp-image-2259\" srcset=\"https:\/\/enlatitud25.com\/news\/wp-content\/uploads\/2021\/01\/WhatsApp-Image-2021-01-11-at-13.02.11-2-1024x575.jpeg 1024w, https:\/\/enlatitud25.com\/news\/wp-content\/uploads\/2021\/01\/WhatsApp-Image-2021-01-11-at-13.02.11-2-300x169.jpeg 300w, https:\/\/enlatitud25.com\/news\/wp-content\/uploads\/2021\/01\/WhatsApp-Image-2021-01-11-at-13.02.11-2-768x431.jpeg 768w, https:\/\/enlatitud25.com\/news\/wp-content\/uploads\/2021\/01\/WhatsApp-Image-2021-01-11-at-13.02.11-2-380x213.jpeg 380w, https:\/\/enlatitud25.com\/news\/wp-content\/uploads\/2021\/01\/WhatsApp-Image-2021-01-11-at-13.02.11-2-800x449.jpeg 800w, https:\/\/enlatitud25.com\/news\/wp-content\/uploads\/2021\/01\/WhatsApp-Image-2021-01-11-at-13.02.11-2-1160x652.jpeg 1160w, https:\/\/enlatitud25.com\/news\/wp-content\/uploads\/2021\/01\/WhatsApp-Image-2021-01-11-at-13.02.11-2.jpeg 1280w\" sizes=\"(max-width: 1024px) 100vw, 1024px\" \/><figcaption>Yren Rotela habla sobre las vivencias de la comunidad trans durante la cuarentena total.<\/figcaption><\/figure>\n\n\n\n<p><strong>\u00bfPor qu\u00e9 muchas mujeres trans se dedican al trabajo sexual? <\/strong><\/p>\n\n\n\n<p>Paraguay al igual que muchos pa\u00edses de la regi\u00f3n no cuenta con un cupo laboral trans, esto se traduce en falta de oportunidades tanto para capacitarse, estudiar, como para ejercer su profesi\u00f3n. Adem\u00e1s, ante la falta de programas del Estado para incluir a estas personas, esto aumenta su c\u00edrculo de pobreza y para sobrevivir, muchas de ellas, se ven obligadas a recurrir al trabajo sexual.<\/p>\n\n\n\n<figure class=\"wp-block-embed-twitter wp-block-embed is-type-rich is-provider-twitter\"><div class=\"wp-block-embed__wrapper\">\n<blockquote class=\"twitter-tweet\" data-width=\"550\" data-dnt=\"true\"><p lang=\"es\" dir=\"ltr\">\ud83d\udc65 Hoy en el D\u00eda de los <a href=\"https:\/\/twitter.com\/hashtag\/DerechosHumanos?src=hash&amp;ref_src=twsrc%5Etfw\">#DerechosHumanos<\/a>  es necesario hablar de la importancia de que Paraguay avance hacia leyes que amparen a sectores vulnerables de la sociedad.<br><br>\ud83c\udff3\ufe0f\u200d\u26a7\ufe0fLa comunidad trans de Paraguay sufre una hist\u00f3rica discriminaci\u00f3n que las margina injustamente.<a href=\"https:\/\/twitter.com\/hashtag\/L25?src=hash&amp;ref_src=twsrc%5Etfw\">#L25<\/a> <a href=\"https:\/\/t.co\/poxE2i40J2\">pic.twitter.com\/poxE2i40J2<\/a><\/p>&mdash; Latitud 25 (@EnLatitud25) <a href=\"https:\/\/twitter.com\/EnLatitud25\/status\/1337128060630560774?ref_src=twsrc%5Etfw\">December 10, 2020<\/a><\/blockquote><script async src=\"https:\/\/platform.twitter.com\/widgets.js\" charset=\"utf-8\"><\/script>\n<\/div><\/figure>\n\n\n\n<p>\u201cDe por s\u00ed para nosotras ya es dif\u00edcil conseguir trabajo, \u00bfcu\u00e1ndo vos le viste a una trans trabajando en un ente p\u00fablico o en un banco? Yo no conozco, todas son (trabajadoras) porque se independizaron o porque trabajan con amigos que le dieron una mano\u201d, enfatiz\u00f3 Alessa Serodio, mujer trans.<\/p>\n\n\n\n<figure class=\"wp-block-image size-large\"><img decoding=\"async\" loading=\"lazy\" width=\"1024\" height=\"576\" src=\"https:\/\/enlatitud25.com\/news\/wp-content\/uploads\/2021\/01\/image-1024x576.png\" alt=\"\" class=\"wp-image-2260\" srcset=\"https:\/\/enlatitud25.com\/news\/wp-content\/uploads\/2021\/01\/image-1024x576.png 1024w, https:\/\/enlatitud25.com\/news\/wp-content\/uploads\/2021\/01\/image-300x169.png 300w, https:\/\/enlatitud25.com\/news\/wp-content\/uploads\/2021\/01\/image-768x432.png 768w, https:\/\/enlatitud25.com\/news\/wp-content\/uploads\/2021\/01\/image-380x214.png 380w, https:\/\/enlatitud25.com\/news\/wp-content\/uploads\/2021\/01\/image-800x450.png 800w, https:\/\/enlatitud25.com\/news\/wp-content\/uploads\/2021\/01\/image-1160x652.png 1160w, https:\/\/enlatitud25.com\/news\/wp-content\/uploads\/2021\/01\/image.png 1366w\" sizes=\"(max-width: 1024px) 100vw, 1024px\" \/><\/figure>\n\n\n\n<p><strong>Casa Diversa: alternativa producto del esfuerzo colectivo<\/strong><strong><\/strong><\/p>\n\n\n\n<p>Yren Rotela, una de las fundadoras de Casa diversa, que fue creada el 15 de octubre de 2017, explic\u00f3 que el objetivo de esta organizaci\u00f3n se basa en el empoderamiento de las mujeres trans. \u201cLa protecci\u00f3n, darles el cuidado, darles herramientas, una alternativa, una capacitaci\u00f3n, algo\u2026 Que se puedan formar, que no tengan como \u00fanica opci\u00f3n el trabajo sexual. (Casa diversa) Fundamos las mujeres trans trabajadores sexuales y el 80% cubrimos nosotras\u201d, indic\u00f3.<\/p>\n\n\n\n<figure class=\"wp-block-image size-large\"><img decoding=\"async\" loading=\"lazy\" width=\"1024\" height=\"576\" src=\"https:\/\/enlatitud25.com\/news\/wp-content\/uploads\/2021\/01\/image-1-1024x576.png\" alt=\"\" class=\"wp-image-2261\" srcset=\"https:\/\/enlatitud25.com\/news\/wp-content\/uploads\/2021\/01\/image-1-1024x576.png 1024w, https:\/\/enlatitud25.com\/news\/wp-content\/uploads\/2021\/01\/image-1-300x169.png 300w, https:\/\/enlatitud25.com\/news\/wp-content\/uploads\/2021\/01\/image-1-768x432.png 768w, https:\/\/enlatitud25.com\/news\/wp-content\/uploads\/2021\/01\/image-1-380x214.png 380w, https:\/\/enlatitud25.com\/news\/wp-content\/uploads\/2021\/01\/image-1-800x450.png 800w, https:\/\/enlatitud25.com\/news\/wp-content\/uploads\/2021\/01\/image-1-1160x652.png 1160w, https:\/\/enlatitud25.com\/news\/wp-content\/uploads\/2021\/01\/image-1.png 1366w\" sizes=\"(max-width: 1024px) 100vw, 1024px\" \/><\/figure>\n\n\n\n<p>En ese contexto, habl\u00f3 Lourdes \u00c1valos sobre su experiencia en el escenario de las medidas m\u00e1s estrictas. Coment\u00f3 que como trabajadora sexual ya no pod\u00eda circular en horas de la noche por lo que ya no ten\u00eda ning\u00fan ingreso econ\u00f3mico.<\/p>\n\n\n\n<p>\u201cMucho me afect\u00f3 la cuarentena porque yo era trabajadora sexual, yo ten\u00eda que salir a la calle, menos mal que vine ac\u00e1 porque desde que vine ac\u00e1 no estoy saliendo m\u00e1s, estoy trabajando en otras cosas, a veces hago cajas de madera, a veces costura o peluquer\u00eda, lo que se me ense\u00f1e\u201d, coment\u00f3.<\/p>\n\n\n\n<p>\u201cLa verdad que me hace sentir m\u00e1s humana, cualquier cosa hacemos para poder solventarnos ac\u00e1 y decirle a la gente que no solo servimos para trabajos sexuales\u201d, subray\u00f3.<\/p>\n\n\n\n<figure class=\"wp-block-image size-large\"><img decoding=\"async\" loading=\"lazy\" width=\"1024\" height=\"576\" src=\"https:\/\/enlatitud25.com\/news\/wp-content\/uploads\/2021\/01\/image-3-1024x576.png\" alt=\"\" class=\"wp-image-2263\" srcset=\"https:\/\/enlatitud25.com\/news\/wp-content\/uploads\/2021\/01\/image-3-1024x576.png 1024w, https:\/\/enlatitud25.com\/news\/wp-content\/uploads\/2021\/01\/image-3-300x169.png 300w, https:\/\/enlatitud25.com\/news\/wp-content\/uploads\/2021\/01\/image-3-768x432.png 768w, https:\/\/enlatitud25.com\/news\/wp-content\/uploads\/2021\/01\/image-3-380x214.png 380w, https:\/\/enlatitud25.com\/news\/wp-content\/uploads\/2021\/01\/image-3-800x450.png 800w, https:\/\/enlatitud25.com\/news\/wp-content\/uploads\/2021\/01\/image-3-1160x652.png 1160w, https:\/\/enlatitud25.com\/news\/wp-content\/uploads\/2021\/01\/image-3.png 1366w\" sizes=\"(max-width: 1024px) 100vw, 1024px\" \/><\/figure>\n\n\n\n<p>A su vez, Barbi N\u00fa\u00f1ez, tambi\u00e9n manifest\u00f3 que Casa Diversa se convirti\u00f3 en su hogar. \u201cMe siento muy orgullosa, ya que antes yo era una trabajadora sexual, hac\u00eda drogas, me alcoholizaba, robaba y ahora \u00bfd\u00f3nde estoy? Estoy estudiando en un colegio privado y estoy ac\u00e1 haciendo mis peque\u00f1os ingresos, me siento muy orgullosa de m\u00ed misma\u201d, resalt\u00f3 en relaci\u00f3n al cambio que tuvo en su vida gracias a la oportunidad que le brind\u00f3 esta organizaci\u00f3n.<\/p>\n\n\n\n<p>Otras personas trans como M\u00f3nica y Moria mostraron a Latitud 25 c\u00f3mo se ingeniaban para tener peque\u00f1os ingresos. B\u00e1sicamente compraban remedios yuyos del mercado cuatro y preparaban paquetes que vend\u00edan al precio de G. 5.000 para sostener a casa diversa.<\/p>\n\n\n\n<p><strong>Siguen las detenciones ilegales<\/strong><\/p>\n\n\n\n<p>Una de las constantes denuncias por parte de la comunidad trans radica en las detenciones ilegales por parte de la Polic\u00eda. Justamente, la activista Yren Rotela, recalc\u00f3 que esta pr\u00e1ctica se acentu\u00f3 con la cuarentena instaurada por el gobierno. Agentes de la Polic\u00eda o del Grupo Lince procedieron a realizar esta pr\u00e1ctica infundada.<\/p>\n\n\n\n<p>\u201cLas chicas iban al s\u00faper y eran atajadas por ejemplo, para ir a comprar cosas, entonces es como que tambi\u00e9n eso genera violencia, \u00bfqu\u00e9 tipo de medidas tom\u00f3 el Estado que no le benefici\u00f3 a la poblaci\u00f3n trans?\u201d, cuestion\u00f3.<\/p>\n\n\n\n<p><strong>Haciendo camino en base al esfuerzo<\/strong><\/p>\n\n\n\n<p>Algunas personas de esta comunidad han hecho camino con su esfuerzo logrando as\u00ed tener sus propios emprendimientos. Day Z\u00e1rate coment\u00f3 que se independiz\u00f3 hace 10 a\u00f1os a trav\u00e9s de un sal\u00f3n de belleza.<\/p>\n\n\n\n<p>&nbsp;\u201cGracias a Dios, tengo mucha gente, pero en ese momento en que lleg\u00f3 la pandemia disminuy\u00f3 mucho, pero se salva el d\u00eda a d\u00eda, gracias a dios yo siempre tuve el apoyo de mi familia, corr\u00ed una suerte que muchas personas de mi condici\u00f3n no corren\u201d, reconoci\u00f3.<\/p>\n\n\n\n<p>A su vez, Inocencia Fern\u00e1ndez, quien trabaja con ella, expres\u00f3 que las mujeres trans est\u00e1n muy afectadas porque no tienen un ingreso directo. \u201cUna tiene que luchar, por lo que una siente\u201d, acot\u00f3.<\/p>\n\n\n\n<figure class=\"wp-block-image size-large\"><img decoding=\"async\" loading=\"lazy\" width=\"1024\" height=\"576\" src=\"https:\/\/enlatitud25.com\/news\/wp-content\/uploads\/2021\/01\/image-4-1024x576.png\" alt=\"\" class=\"wp-image-2264\" srcset=\"https:\/\/enlatitud25.com\/news\/wp-content\/uploads\/2021\/01\/image-4-1024x576.png 1024w, https:\/\/enlatitud25.com\/news\/wp-content\/uploads\/2021\/01\/image-4-300x169.png 300w, https:\/\/enlatitud25.com\/news\/wp-content\/uploads\/2021\/01\/image-4-768x432.png 768w, https:\/\/enlatitud25.com\/news\/wp-content\/uploads\/2021\/01\/image-4-380x214.png 380w, https:\/\/enlatitud25.com\/news\/wp-content\/uploads\/2021\/01\/image-4-800x450.png 800w, https:\/\/enlatitud25.com\/news\/wp-content\/uploads\/2021\/01\/image-4-1160x652.png 1160w, https:\/\/enlatitud25.com\/news\/wp-content\/uploads\/2021\/01\/image-4.png 1366w\" sizes=\"(max-width: 1024px) 100vw, 1024px\" \/><figcaption>Day Z\u00e1rate (izquierda) e Inocencia Fern\u00e1ndez (derecha).<\/figcaption><\/figure>\n\n\n\n<p>Por su parte, Alessa Serodio, coment\u00f3 que fue complicado pero logr\u00f3 ganarse su propio espacio. \u201cComo mujer trans de a poquitito me fui abriendo el camino, con mucha paciencia y respeto yo consegu\u00ed ganar mi lugar. Vivo y trabajo ac\u00e1 en casa, abr\u00ed mi peque\u00f1o localcito ac\u00e1 que me est\u00e1 ayudando a sobrevivir: (Hago) barber\u00eda, corte, masaje terap\u00e9utico y con eso me mantengo\u201d, se\u00f1al\u00f3.<\/p>\n\n\n\n<p><strong>Problemas con la documentaci\u00f3n<\/strong><\/p>\n\n\n\n<p>La mayor\u00eda de las personas trans tiene problemas para ejercer su profesi\u00f3n o realizar otras actividades de car\u00e1cter legal, en atenci\u00f3n a que su imagen actual no condice con el nombre de sus documentaciones.<\/p>\n\n\n\n<p>Alessa Serodio reconoci\u00f3 que a pesar del tiempo que vive siendo una persona trans hasta el momento le cuesta bastante presentarse con su identidad con los problemas que representa. \u201cPara m\u00ed es un trauma eso del documento, cada vez que tengo que presentar los documentos es un trauma\u201d, resalt\u00f3.<\/p>\n\n\n\n<figure class=\"wp-block-embed-twitter wp-block-embed is-type-rich is-provider-twitter\"><div class=\"wp-block-embed__wrapper\">\n<blockquote class=\"twitter-tweet\" data-width=\"550\" data-dnt=\"true\"><p lang=\"es\" dir=\"ltr\">\ud83d\udd18<a href=\"https:\/\/twitter.com\/hashtag\/ANT%C3%8DTESIS?src=hash&amp;ref_src=twsrc%5Etfw\">#ANT\u00cdTESIS<\/a><br><br>\ud83c\udff3\ufe0f\u200d\u26a7\ufe0fPara <a href=\"https:\/\/twitter.com\/AlessaSerodio?ref_src=twsrc%5Etfw\">@AlessaSerodio<\/a> no es f\u00e1cil aplicar al subsidio Pytyv\u00f5 porque su imagen no coincide con su c\u00e9dula<br><br>\ud83d\udde3\ufe0fLa <a href=\"https:\/\/twitter.com\/minmujerpy?ref_src=twsrc%5Etfw\">@minmujerpy<\/a>, <a href=\"https:\/\/twitter.com\/MinNildaRomero?ref_src=twsrc%5Etfw\">@MinNildaRomero<\/a>, reconoci\u00f3 a <a href=\"https:\/\/twitter.com\/CONYOVIEDO?ref_src=twsrc%5Etfw\">@CONYOVIEDO<\/a> que &quot;no hay trabajo espec\u00edfico o programas&quot; para mujeres trans<br><br>\ud83d\udcf2Mir\u00e1: <a href=\"https:\/\/t.co\/F7Sxrf7fVJ\">https:\/\/t.co\/F7Sxrf7fVJ<\/a><a href=\"https:\/\/twitter.com\/hashtag\/L25?src=hash&amp;ref_src=twsrc%5Etfw\">#L25<\/a> <a href=\"https:\/\/t.co\/rObT3jX8uI\">pic.twitter.com\/rObT3jX8uI<\/a><\/p>&mdash; Latitud 25 (@EnLatitud25) <a href=\"https:\/\/twitter.com\/EnLatitud25\/status\/1306966095304314881?ref_src=twsrc%5Etfw\">September 18, 2020<\/a><\/blockquote><script async src=\"https:\/\/platform.twitter.com\/widgets.js\" charset=\"utf-8\"><\/script>\n<\/div><\/figure>\n\n\n\n<p>Tambi\u00e9n Cecilia Cantero, una mujer trans entrevistada por Latitud 25, coment\u00f3 que para trabajar como Uber, en un principio tuvo inconvenientes con su documentaci\u00f3n. En ese contexto, cabe recordar que el a\u00f1o pasado por primera vez una mujer trans pudo jurar como abogada, tras a\u00f1os de haber culminado la carrera.<\/p>\n\n\n\n<figure class=\"wp-block-embed-youtube wp-block-embed is-type-video is-provider-youtube wp-embed-aspect-16-9 wp-has-aspect-ratio\"><div class=\"wp-block-embed__wrapper\">\n<iframe loading=\"lazy\" title=\"#L25 - La Virgen no discrimina\" width=\"1200\" height=\"675\" src=\"https:\/\/www.youtube.com\/embed\/zVctaNOsPuA?feature=oembed\" frameborder=\"0\" allow=\"accelerometer; autoplay; clipboard-write; encrypted-media; gyroscope; picture-in-picture\" allowfullscreen><\/iframe>\n<\/div><figcaption>Cecilia Cantero es una mujer trans que cuenta su experiencia trabajando como Uber.<\/figcaption><\/figure>\n\n\n\n<p><strong>Sin planes actuales ni proyecciones a futuro<\/strong><\/p>\n\n\n\n<p>Nilda Romero, ministra de la Mujer, reconoci\u00f3 que no tienen un trabajo espec\u00edfico para proteger o dar oportunidades a las mujeres trans, de esa manera da a entender que la cartera estatal no reconoce a esta comunidad. \u201cNo tenemos un programa ni un trabajo espec\u00edfico con ellas\u201d, recalc\u00f3.<\/p>\n\n\n\n<figure class=\"wp-block-image size-large\"><img decoding=\"async\" loading=\"lazy\" width=\"1024\" height=\"576\" src=\"https:\/\/enlatitud25.com\/news\/wp-content\/uploads\/2021\/01\/image-2-1024x576.png\" alt=\"\" class=\"wp-image-2262\" srcset=\"https:\/\/enlatitud25.com\/news\/wp-content\/uploads\/2021\/01\/image-2-1024x576.png 1024w, https:\/\/enlatitud25.com\/news\/wp-content\/uploads\/2021\/01\/image-2-300x169.png 300w, https:\/\/enlatitud25.com\/news\/wp-content\/uploads\/2021\/01\/image-2-768x432.png 768w, https:\/\/enlatitud25.com\/news\/wp-content\/uploads\/2021\/01\/image-2-380x214.png 380w, https:\/\/enlatitud25.com\/news\/wp-content\/uploads\/2021\/01\/image-2-800x450.png 800w, https:\/\/enlatitud25.com\/news\/wp-content\/uploads\/2021\/01\/image-2-1160x652.png 1160w, https:\/\/enlatitud25.com\/news\/wp-content\/uploads\/2021\/01\/image-2.png 1366w\" sizes=\"(max-width: 1024px) 100vw, 1024px\" \/><\/figure>\n\n\n\n<p>Al ser consultada sobre qu\u00e9 instituciones del Estado se hacen cargo de esta comunidad, tir\u00f3 la pelota a la Secretar\u00eda de Emergencia Nacional (SEN), pero tampoco pudo afirmar que est\u00e9n proyectando alguna legislaci\u00f3n o plan que ampare a las mujeres trans.<\/p>\n\n\n\n<p><strong>Mir\u00e1 &#8220;Una Comunidad que Incomoda a un Estado Indiferente&#8221;:<\/strong><\/p>\n\n\n\n<figure class=\"wp-block-embed-youtube wp-block-embed is-type-video is-provider-youtube wp-embed-aspect-16-9 wp-has-aspect-ratio\"><div class=\"wp-block-embed__wrapper\">\n<iframe loading=\"lazy\" title=\"#L25 - Una Comunidad que Incomoda a un Estado Indiferente\" width=\"1200\" height=\"675\" src=\"https:\/\/www.youtube.com\/embed\/emdoix64UYs?feature=oembed\" frameborder=\"0\" allow=\"accelerometer; autoplay; clipboard-write; encrypted-media; gyroscope; picture-in-picture\" allowfullscreen><\/iframe>\n<\/div><\/figure>\n","protected":false},"excerpt":{"rendered":"La comunidad trans en Paraguay lucha por sobrevivir en medio de la discriminaci\u00f3n y la falta de oportunidades. Esta situaci\u00f3n de desamparo e indiferencia hacia personas transexuales se agudiz\u00f3 con la pandemia del COVID-19 debido a que no estaban contempladas en ninguno de los planes de contingencia propuestos por el Gobierno.\n","protected":false},"author":1,"featured_media":2265,"comment_status":"open","ping_status":"open","sticky":false,"template":"","format":"standard","meta":[],"categories":[11],"tags":[31,32,29,27,34,23,25,28,24],"ubicacion":[17],"yoast_head":"<!-- This site is optimized with the Yoast SEO plugin v20.8 - https:\/\/yoast.com\/wordpress\/plugins\/seo\/ -->\n<title>Una comunidad que incomoda a un Estado indiferente &ndash; Latitud25<\/title>\n<meta name=\"description\" content=\"Mir\u00e1 nuestros reportajes audiovisuales y seguinos para enterarte de las \u00faltimas noticias de Paraguay y el mundo, desde la Latitud25. Somos Alternativa de Informaci\u00f3n.\" \/>\n<meta name=\"robots\" content=\"index, follow, max-snippet:-1, max-image-preview:large, max-video-preview:-1\" \/>\n<link rel=\"canonical\" href=\"https:\/\/enlatitud25.com\/news\/una-comunidad-que-incomoda-a-un-estado-indiferente\/\" \/>\n<meta property=\"og:locale\" content=\"es_ES\" \/>\n<meta property=\"og:type\" content=\"article\" \/>\n<meta property=\"og:title\" content=\"Una comunidad que incomoda a un Estado indiferente &ndash; Latitud25\" \/>\n<meta property=\"og:description\" content=\"Mir\u00e1 nuestros reportajes audiovisuales y seguinos para enterarte de las \u00faltimas noticias de Paraguay y el mundo, desde la Latitud25. Somos Alternativa de Informaci\u00f3n.\" \/>\n<meta property=\"og:url\" content=\"https:\/\/enlatitud25.com\/news\/una-comunidad-que-incomoda-a-un-estado-indiferente\/\" \/>\n<meta property=\"og:site_name\" content=\"Latitud25\" \/>\n<meta property=\"article:publisher\" content=\"https:\/\/www.facebook.com\/EnLatitud25\" \/>\n<meta property=\"article:author\" content=\"https:\/\/www.facebook.com\/EnLatitud25\" \/>\n<meta property=\"article:published_time\" content=\"2021-01-11T12:00:00+00:00\" \/>\n<meta property=\"article:modified_time\" content=\"2021-02-24T15:21:45+00:00\" \/>\n<meta property=\"og:image\" content=\"https:\/\/enlatitud25.com\/news\/wp-content\/uploads\/2021\/01\/WhatsApp-Image-2021-01-11-at-13.26.01.jpeg\" \/>\n\t<meta property=\"og:image:width\" content=\"1280\" \/>\n\t<meta property=\"og:image:height\" content=\"719\" \/>\n\t<meta property=\"og:image:type\" content=\"image\/jpeg\" \/>\n<meta name=\"author\" content=\"Latitud 25\" \/>\n<meta name=\"twitter:card\" content=\"summary_large_image\" \/>\n<meta name=\"twitter:creator\" content=\"@EnLatitud25\" \/>\n<meta name=\"twitter:site\" content=\"@EnLatitud25\" \/>\n<meta name=\"twitter:label1\" content=\"Escrito por\" \/>\n\t<meta name=\"twitter:data1\" content=\"Latitud 25\" \/>\n\t<meta name=\"twitter:label2\" content=\"Tiempo de lectura\" \/>\n\t<meta name=\"twitter:data2\" content=\"6 minutos\" \/>\n<script type=\"application\/ld+json\" class=\"yoast-schema-graph\">{\"@context\":\"https:\/\/schema.org\",\"@graph\":[{\"@type\":\"Article\",\"@id\":\"https:\/\/enlatitud25.com\/news\/una-comunidad-que-incomoda-a-un-estado-indiferente\/#article\",\"isPartOf\":{\"@id\":\"https:\/\/enlatitud25.com\/news\/una-comunidad-que-incomoda-a-un-estado-indiferente\/\"},\"author\":{\"name\":\"Latitud 25\",\"@id\":\"https:\/\/enlatitud25.com\/news\/#\/schema\/person\/23aafe968917005a721b8eb760f2586e\"},\"headline\":\"Una comunidad que incomoda a un Estado indiferente\",\"datePublished\":\"2021-01-11T12:00:00+00:00\",\"dateModified\":\"2021-02-24T15:21:45+00:00\",\"mainEntityOfPage\":{\"@id\":\"https:\/\/enlatitud25.com\/news\/una-comunidad-que-incomoda-a-un-estado-indiferente\/\"},\"wordCount\":1183,\"commentCount\":0,\"publisher\":{\"@id\":\"https:\/\/enlatitud25.com\/news\/#organization\"},\"keywords\":[\"Asistencia\",\"Casa Diversa\",\"COVID19\",\"Estado\",\"G\u00e9nero\",\"Identidad\",\"LGBTI\",\"Pandemia\",\"Transexual\"],\"articleSection\":[\"Identidad\"],\"inLanguage\":\"es\",\"potentialAction\":[{\"@type\":\"CommentAction\",\"name\":\"Comment\",\"target\":[\"https:\/\/enlatitud25.com\/news\/una-comunidad-que-incomoda-a-un-estado-indiferente\/#respond\"]}]},{\"@type\":\"WebPage\",\"@id\":\"https:\/\/enlatitud25.com\/news\/una-comunidad-que-incomoda-a-un-estado-indiferente\/\",\"url\":\"https:\/\/enlatitud25.com\/news\/una-comunidad-que-incomoda-a-un-estado-indiferente\/\",\"name\":\"Una comunidad que incomoda a un Estado indiferente &ndash; Latitud25\",\"isPartOf\":{\"@id\":\"https:\/\/enlatitud25.com\/news\/#website\"},\"datePublished\":\"2021-01-11T12:00:00+00:00\",\"dateModified\":\"2021-02-24T15:21:45+00:00\",\"description\":\"Mir\u00e1 nuestros reportajes audiovisuales y seguinos para enterarte de las \u00faltimas noticias de Paraguay y el mundo, desde la Latitud25. Somos Alternativa de Informaci\u00f3n.\",\"breadcrumb\":{\"@id\":\"https:\/\/enlatitud25.com\/news\/una-comunidad-que-incomoda-a-un-estado-indiferente\/#breadcrumb\"},\"inLanguage\":\"es\",\"potentialAction\":[{\"@type\":\"ReadAction\",\"target\":[\"https:\/\/enlatitud25.com\/news\/una-comunidad-que-incomoda-a-un-estado-indiferente\/\"]}]},{\"@type\":\"BreadcrumbList\",\"@id\":\"https:\/\/enlatitud25.com\/news\/una-comunidad-que-incomoda-a-un-estado-indiferente\/#breadcrumb\",\"itemListElement\":[{\"@type\":\"ListItem\",\"position\":1,\"name\":\"Home\",\"item\":\"https:\/\/enlatitud25.com\/news\/\"},{\"@type\":\"ListItem\",\"position\":2,\"name\":\"Una comunidad que incomoda a un Estado indiferente\"}]},{\"@type\":\"WebSite\",\"@id\":\"https:\/\/enlatitud25.com\/news\/#website\",\"url\":\"https:\/\/enlatitud25.com\/news\/\",\"name\":\"Latitud25\",\"description\":\"news\",\"publisher\":{\"@id\":\"https:\/\/enlatitud25.com\/news\/#organization\"},\"potentialAction\":[{\"@type\":\"SearchAction\",\"target\":{\"@type\":\"EntryPoint\",\"urlTemplate\":\"https:\/\/enlatitud25.com\/news\/?s={search_term_string}\"},\"query-input\":\"required name=search_term_string\"}],\"inLanguage\":\"es\"},{\"@type\":\"Organization\",\"@id\":\"https:\/\/enlatitud25.com\/news\/#organization\",\"name\":\"Latitud 25 - News\",\"url\":\"https:\/\/enlatitud25.com\/news\/\",\"logo\":{\"@type\":\"ImageObject\",\"inLanguage\":\"es\",\"@id\":\"https:\/\/enlatitud25.com\/news\/#\/schema\/logo\/image\/\",\"url\":\"https:\/\/enlatitud25.com\/news\/wp-content\/uploads\/2020\/11\/logo_latitud.png\",\"contentUrl\":\"https:\/\/enlatitud25.com\/news\/wp-content\/uploads\/2020\/11\/logo_latitud.png\",\"width\":235,\"height\":39,\"caption\":\"Latitud 25 - News\"},\"image\":{\"@id\":\"https:\/\/enlatitud25.com\/news\/#\/schema\/logo\/image\/\"},\"sameAs\":[\"https:\/\/www.facebook.com\/EnLatitud25\",\"https:\/\/twitter.com\/EnLatitud25\",\"https:\/\/www.instagram.com\/enlatitud25\/\",\"https:\/\/www.youtube.com\/user\/desdelatitud25\"]},{\"@type\":\"Person\",\"@id\":\"https:\/\/enlatitud25.com\/news\/#\/schema\/person\/23aafe968917005a721b8eb760f2586e\",\"name\":\"Latitud 25\",\"sameAs\":[\"https:\/\/enlatitud25.com\/news\",\"https:\/\/www.facebook.com\/EnLatitud25\",\"https:\/\/www.instagram.com\/enlatitud25\",\"https:\/\/www.youtube.com\/user\/desdelatitud25\",\"https:\/\/soundcloud.com\/enlatitud25\"],\"url\":\"https:\/\/enlatitud25.com\/news\/author\/nnews-uss00\/\"}]}<\/script>\n<!-- \/ Yoast SEO plugin. -->","yoast_head_json":{"title":"Una comunidad que incomoda a un Estado indiferente &ndash; Latitud25","description":"Mir\u00e1 nuestros reportajes audiovisuales y seguinos para enterarte de las \u00faltimas noticias de Paraguay y el mundo, desde la Latitud25. Somos Alternativa de Informaci\u00f3n.","robots":{"index":"index","follow":"follow","max-snippet":"max-snippet:-1","max-image-preview":"max-image-preview:large","max-video-preview":"max-video-preview:-1"},"canonical":"https:\/\/enlatitud25.com\/news\/una-comunidad-que-incomoda-a-un-estado-indiferente\/","og_locale":"es_ES","og_type":"article","og_title":"Una comunidad que incomoda a un Estado indiferente &ndash; Latitud25","og_description":"Mir\u00e1 nuestros reportajes audiovisuales y seguinos para enterarte de las \u00faltimas noticias de Paraguay y el mundo, desde la Latitud25. Somos Alternativa de Informaci\u00f3n.","og_url":"https:\/\/enlatitud25.com\/news\/una-comunidad-que-incomoda-a-un-estado-indiferente\/","og_site_name":"Latitud25","article_publisher":"https:\/\/www.facebook.com\/EnLatitud25","article_author":"https:\/\/www.facebook.com\/EnLatitud25","article_published_time":"2021-01-11T12:00:00+00:00","article_modified_time":"2021-02-24T15:21:45+00:00","og_image":[{"width":1280,"height":719,"url":"https:\/\/enlatitud25.com\/news\/wp-content\/uploads\/2021\/01\/WhatsApp-Image-2021-01-11-at-13.26.01.jpeg","type":"image\/jpeg"}],"author":"Latitud 25","twitter_card":"summary_large_image","twitter_creator":"@EnLatitud25","twitter_site":"@EnLatitud25","twitter_misc":{"Escrito por":"Latitud 25","Tiempo de lectura":"6 minutos"},"schema":{"@context":"https:\/\/schema.org","@graph":[{"@type":"Article","@id":"https:\/\/enlatitud25.com\/news\/una-comunidad-que-incomoda-a-un-estado-indiferente\/#article","isPartOf":{"@id":"https:\/\/enlatitud25.com\/news\/una-comunidad-que-incomoda-a-un-estado-indiferente\/"},"author":{"name":"Latitud 25","@id":"https:\/\/enlatitud25.com\/news\/#\/schema\/person\/23aafe968917005a721b8eb760f2586e"},"headline":"Una comunidad que incomoda a un Estado indiferente","datePublished":"2021-01-11T12:00:00+00:00","dateModified":"2021-02-24T15:21:45+00:00","mainEntityOfPage":{"@id":"https:\/\/enlatitud25.com\/news\/una-comunidad-que-incomoda-a-un-estado-indiferente\/"},"wordCount":1183,"commentCount":0,"publisher":{"@id":"https:\/\/enlatitud25.com\/news\/#organization"},"keywords":["Asistencia","Casa Diversa","COVID19","Estado","G\u00e9nero","Identidad","LGBTI","Pandemia","Transexual"],"articleSection":["Identidad"],"inLanguage":"es","potentialAction":[{"@type":"CommentAction","name":"Comment","target":["https:\/\/enlatitud25.com\/news\/una-comunidad-que-incomoda-a-un-estado-indiferente\/#respond"]}]},{"@type":"WebPage","@id":"https:\/\/enlatitud25.com\/news\/una-comunidad-que-incomoda-a-un-estado-indiferente\/","url":"https:\/\/enlatitud25.com\/news\/una-comunidad-que-incomoda-a-un-estado-indiferente\/","name":"Una comunidad que incomoda a un Estado indiferente &ndash; Latitud25","isPartOf":{"@id":"https:\/\/enlatitud25.com\/news\/#website"},"datePublished":"2021-01-11T12:00:00+00:00","dateModified":"2021-02-24T15:21:45+00:00","description":"Mir\u00e1 nuestros reportajes audiovisuales y seguinos para enterarte de las \u00faltimas noticias de Paraguay y el mundo, desde la Latitud25. Somos Alternativa de Informaci\u00f3n.","breadcrumb":{"@id":"https:\/\/enlatitud25.com\/news\/una-comunidad-que-incomoda-a-un-estado-indiferente\/#breadcrumb"},"inLanguage":"es","potentialAction":[{"@type":"ReadAction","target":["https:\/\/enlatitud25.com\/news\/una-comunidad-que-incomoda-a-un-estado-indiferente\/"]}]},{"@type":"BreadcrumbList","@id":"https:\/\/enlatitud25.com\/news\/una-comunidad-que-incomoda-a-un-estado-indiferente\/#breadcrumb","itemListElement":[{"@type":"ListItem","position":1,"name":"Home","item":"https:\/\/enlatitud25.com\/news\/"},{"@type":"ListItem","position":2,"name":"Una comunidad que incomoda a un Estado indiferente"}]},{"@type":"WebSite","@id":"https:\/\/enlatitud25.com\/news\/#website","url":"https:\/\/enlatitud25.com\/news\/","name":"Latitud25","description":"news","publisher":{"@id":"https:\/\/enlatitud25.com\/news\/#organization"},"potentialAction":[{"@type":"SearchAction","target":{"@type":"EntryPoint","urlTemplate":"https:\/\/enlatitud25.com\/news\/?s={search_term_string}"},"query-input":"required name=search_term_string"}],"inLanguage":"es"},{"@type":"Organization","@id":"https:\/\/enlatitud25.com\/news\/#organization","name":"Latitud 25 - News","url":"https:\/\/enlatitud25.com\/news\/","logo":{"@type":"ImageObject","inLanguage":"es","@id":"https:\/\/enlatitud25.com\/news\/#\/schema\/logo\/image\/","url":"https:\/\/enlatitud25.com\/news\/wp-content\/uploads\/2020\/11\/logo_latitud.png","contentUrl":"https:\/\/enlatitud25.com\/news\/wp-content\/uploads\/2020\/11\/logo_latitud.png","width":235,"height":39,"caption":"Latitud 25 - News"},"image":{"@id":"https:\/\/enlatitud25.com\/news\/#\/schema\/logo\/image\/"},"sameAs":["https:\/\/www.facebook.com\/EnLatitud25","https:\/\/twitter.com\/EnLatitud25","https:\/\/www.instagram.com\/enlatitud25\/","https:\/\/www.youtube.com\/user\/desdelatitud25"]},{"@type":"Person","@id":"https:\/\/enlatitud25.com\/news\/#\/schema\/person\/23aafe968917005a721b8eb760f2586e","name":"Latitud 25","sameAs":["https:\/\/enlatitud25.com\/news","https:\/\/www.facebook.com\/EnLatitud25","https:\/\/www.instagram.com\/enlatitud25","https:\/\/www.youtube.com\/user\/desdelatitud25","https:\/\/soundcloud.com\/enlatitud25"],"url":"https:\/\/enlatitud25.com\/news\/author\/nnews-uss00\/"}]}},"_links":{"self":[{"href":"https:\/\/enlatitud25.com\/news\/wp-json\/wp\/v2\/posts\/2215"}],"collection":[{"href":"https:\/\/enlatitud25.com\/news\/wp-json\/wp\/v2\/posts"}],"about":[{"href":"https:\/\/enlatitud25.com\/news\/wp-json\/wp\/v2\/types\/post"}],"author":[{"embeddable":true,"href":"https:\/\/enlatitud25.com\/news\/wp-json\/wp\/v2\/users\/1"}],"replies":[{"embeddable":true,"href":"https:\/\/enlatitud25.com\/news\/wp-json\/wp\/v2\/comments?post=2215"}],"version-history":[{"count":6,"href":"https:\/\/enlatitud25.com\/news\/wp-json\/wp\/v2\/posts\/2215\/revisions"}],"predecessor-version":[{"id":2415,"href":"https:\/\/enlatitud25.com\/news\/wp-json\/wp\/v2\/posts\/2215\/revisions\/2415"}],"wp:featuredmedia":[{"embeddable":true,"href":"https:\/\/enlatitud25.com\/news\/wp-json\/wp\/v2\/media\/2265"}],"wp:attachment":[{"href":"https:\/\/enlatitud25.com\/news\/wp-json\/wp\/v2\/media?parent=2215"}],"wp:term":[{"taxonomy":"category","embeddable":true,"href":"https:\/\/enlatitud25.com\/news\/wp-json\/wp\/v2\/categories?post=2215"},{"taxonomy":"post_tag","embeddable":true,"href":"https:\/\/enlatitud25.com\/news\/wp-json\/wp\/v2\/tags?post=2215"},{"taxonomy":"ubicacion","embeddable":true,"href":"https:\/\/enlatitud25.com\/news\/wp-json\/wp\/v2\/ubicacion?post=2215"}],"curies":[{"name":"wp","href":"https:\/\/api.w.org\/{rel}","templated":true}]}}