{"id":2211,"date":"2021-01-07T17:36:09","date_gmt":"2021-01-07T17:36:09","guid":{"rendered":"https:\/\/enlatitud25.com\/news\/?p=2211"},"modified":"2023-02-24T13:45:32","modified_gmt":"2023-02-24T13:45:32","slug":"paraguayas-que-inspiran-ciencia","status":"publish","type":"post","link":"https:\/\/enlatitud25.com\/news\/paraguayas-que-inspiran-ciencia\/","title":{"rendered":"Paraguayas que inspiran ciencia"},"content":{"rendered":"\n<p>Latitud25 habl\u00f3 con mujeres de diversas \u00e1reas para saber un poco m\u00e1s de c\u00f3mo es su incursi\u00f3n en la ciencia, adem\u00e1s de los obst\u00e1culos que debieron superar para abrirse camino.<\/p>\n\n\n\n<h4 id=\"los-prejuicios\" class=\"wp-block-heading\"><strong>Los prejuicios<\/strong><\/h4>\n\n\n\n<p>Lidia Quintana, Ingeniera agr\u00f3noma, especialista en fitopatolog\u00eda, explic\u00f3 que su inclinaci\u00f3n por la ciencia empez\u00f3 desde la adolescencia. Hoy como toda una profesional en el \u00e1rea, cuestiona la falta de visibilidad que han tenido las mujeres cient\u00edficas.<\/p>\n\n\n\n<p>\u201cEn la \u00e9poca en que yo estudi\u00e9 eran pocas mujeres, agronom\u00eda es una profesi\u00f3n de hombres pr\u00e1cticamente. El aporte de las mujeres en la ciencia es poco conocido por la cultura en Latinoam\u00e9rica en general y m\u00e1s la paraguaya, donde siempre el hombre fue el protagonista y sigue siendo el protagonista\u201d, coment\u00f3.<\/p>\n\n\n\n<figure class=\"wp-block-image size-large\"><img decoding=\"async\" loading=\"lazy\" width=\"775\" height=\"426\" src=\"https:\/\/enlatitud25.com\/news\/wp-content\/uploads\/2021\/01\/Lidia-Quintana.jpg\" alt=\"\" class=\"wp-image-2289\" srcset=\"https:\/\/enlatitud25.com\/news\/wp-content\/uploads\/2021\/01\/Lidia-Quintana.jpg 775w, https:\/\/enlatitud25.com\/news\/wp-content\/uploads\/2021\/01\/Lidia-Quintana-300x165.jpg 300w, https:\/\/enlatitud25.com\/news\/wp-content\/uploads\/2021\/01\/Lidia-Quintana-768x422.jpg 768w, https:\/\/enlatitud25.com\/news\/wp-content\/uploads\/2021\/01\/Lidia-Quintana-380x209.jpg 380w\" sizes=\"(max-width: 775px) 100vw, 775px\" \/><\/figure>\n\n\n\n<p>A su vez, la bi\u00f3loga e investigadora, Andrea Weiler, acot\u00f3 que en varias ocasiones sinti\u00f3 que ten\u00eda que ser parte de un estereotipo, por el simple hecho de ser mujer. \u201cEntonces por muchos a\u00f1os tu apariencia es tenida en cuenta: no pod\u00e9s irte as\u00ed, por qu\u00e9 no te pein\u00e1s, por qu\u00e9 no us\u00e1s maquillaje. Cuesta ser una misma\u201d, sostuvo.<\/p>\n\n\n\n<p>La bi\u00f3loga Juana de Egea, coment\u00f3 que en su casa nunca le hicieron sentir que ten\u00edan ning\u00fan l\u00edmite en cuanto a sus aspiraciones, pero que de igual manera reconoce que recibi\u00f3 comentarios sobre su g\u00e9nero al momento de decidir estudiar algo.<\/p>\n\n\n\n<p>\u00a0\u201cCuando termin\u00e9 el colegio quise estudiar agronom\u00eda porque era lo que yo relacionaba con el mundo vegetal, entonces empec\u00e9 a preguntar a varias personas, y me dec\u00edan que agronom\u00eda no era para mujeres. Hice lo que ten\u00eda que hacer. Nunca me achiqu\u00e9 por esa peque\u00f1a intimidaci\u00f3n que uno recibi\u00f3 en el campo\u201d, indic\u00f3.<\/p>\n\n\n\n<h4 id=\"aportes\" class=\"wp-block-heading\"><strong>Aportes<\/strong><\/h4>\n\n\n\n<p>Cada una de las mujeres que trabajan en el \u00e1rea cient\u00edfica aportan al pa\u00eds y al mundo en sus labores cotidianas y en las investigaciones que realizan en el silencio de sus espacios, ya sea en laboratorios o en trabajos de campo, sin ser vistas por la opini\u00f3n p\u00fablica.<\/p>\n\n\n\n<figure class=\"wp-block-image size-large\"><img decoding=\"async\" loading=\"lazy\" width=\"790\" height=\"426\" src=\"https:\/\/enlatitud25.com\/news\/wp-content\/uploads\/2021\/01\/Yarida-Parra.png\" alt=\"\" class=\"wp-image-2290\" srcset=\"https:\/\/enlatitud25.com\/news\/wp-content\/uploads\/2021\/01\/Yarida-Parra.png 790w, https:\/\/enlatitud25.com\/news\/wp-content\/uploads\/2021\/01\/Yarida-Parra-300x162.png 300w, https:\/\/enlatitud25.com\/news\/wp-content\/uploads\/2021\/01\/Yarida-Parra-768x414.png 768w, https:\/\/enlatitud25.com\/news\/wp-content\/uploads\/2021\/01\/Yarida-Parra-380x205.png 380w\" sizes=\"(max-width: 790px) 100vw, 790px\" \/><figcaption>Yarida Parra, bi\u00f3loga.<\/figcaption><\/figure>\n\n\n\n<p>En ese contexto, Yarida Parra, bi\u00f3loga especialista en bacteriolog\u00eda cl\u00ednica, coment\u00f3 que su granito de arena a la ciencia paraguayas se basa principalmente en su trabajo como docente. \u201cPara m\u00ed es muy importante y veo que mis hijos, mis alumnos van comenzando a ramificarse y yo creo que vamos bien\u201d, subray\u00f3.<\/p>\n\n\n\n<p>Andrea Weiler, agreg\u00f3 que su aporte radica en buscar que la producci\u00f3n de alimentos sea sostenible. \u201cYo vengo de ra\u00edces productoras, reconozco la necesidad del alimento para sostener la poblaci\u00f3n mundial \u2013que encima est\u00e1 en aumento\u2013 entonces lo que yo estoy buscando, en lo que dedico la mayor parte de mi tiempo, de mis proyectos es qu\u00e9 puedo hacer para que la producci\u00f3n sea m\u00e1s sostenible y en armon\u00eda con la naturaleza\u201d, asever\u00f3.<\/p>\n\n\n\n<p>Para la bi\u00f3loga,<strong> Ruth Z\u00e1rate<\/strong>, la organizaci\u00f3n es clave a la hora de hacer ciencia. \u201cSomos muy organizadas y eso es muy importante cuando uno se dedica a la investigaci\u00f3n, tener ese orden es muy importante cuando uno se dedica a unir las piezas\u201d, resalt\u00f3.<\/p>\n\n\n\n<figure class=\"wp-block-image size-large\"><img decoding=\"async\" loading=\"lazy\" width=\"814\" height=\"432\" src=\"https:\/\/enlatitud25.com\/news\/wp-content\/uploads\/2021\/01\/Lidia.jpg\" alt=\"\" class=\"wp-image-2291\" srcset=\"https:\/\/enlatitud25.com\/news\/wp-content\/uploads\/2021\/01\/Lidia.jpg 814w, https:\/\/enlatitud25.com\/news\/wp-content\/uploads\/2021\/01\/Lidia-300x159.jpg 300w, https:\/\/enlatitud25.com\/news\/wp-content\/uploads\/2021\/01\/Lidia-768x408.jpg 768w, https:\/\/enlatitud25.com\/news\/wp-content\/uploads\/2021\/01\/Lidia-380x202.jpg 380w, https:\/\/enlatitud25.com\/news\/wp-content\/uploads\/2021\/01\/Lidia-800x425.jpg 800w\" sizes=\"(max-width: 814px) 100vw, 814px\" \/><\/figure>\n\n\n\n<p>Lidia P\u00e9rez, agreg\u00f3 que con el correr de los a\u00f1os las mujeres pudieron dedicarse a hacer lo que realmente les apasionaba y no solo las obligaciones impuestas por la sociedad. \u201cFuimos saliendo de las casas, de cuidar hermanos, de las chacras, de casarnos y tener hijos, de darle nietos a los padres, eso fue cambiando. En el \u00e1mbito universitario las mujeres van demostrando un rendimiento inclusive muy superior en algunos casos\u201d, enfatiz\u00f3.<\/p>\n\n\n\n<p><\/p>\n\n\n\n<h4 id=\"una-sociedad-distinta\" class=\"wp-block-heading\"><strong>Una sociedad distinta<\/strong><\/h4>\n\n\n\n<p>La bi\u00f3loga Weiler apunt\u00f3 a que actualmente estamos hablando de una sociedad ya diferente en la que existe una responsabilidad compartida. \u201cDonde los roles tienen que ser de apoyo en un entorno familiar donde todos se apoyan, si nosotras llegamos a ser cient\u00edficas es porque tenemos una familia que valora y entiende eso, tuvimos todo el apoyo de nuestras parejas, de los padres, de los t\u00edos, de los abuelos\u2026\u201d, manifest\u00f3.<\/p>\n\n\n\n<figure class=\"wp-block-image size-large\"><img decoding=\"async\" loading=\"lazy\" width=\"747\" height=\"420\" src=\"https:\/\/enlatitud25.com\/news\/wp-content\/uploads\/2021\/01\/Weiler.jpg\" alt=\"\" class=\"wp-image-2292\" srcset=\"https:\/\/enlatitud25.com\/news\/wp-content\/uploads\/2021\/01\/Weiler.jpg 747w, https:\/\/enlatitud25.com\/news\/wp-content\/uploads\/2021\/01\/Weiler-300x169.jpg 300w, https:\/\/enlatitud25.com\/news\/wp-content\/uploads\/2021\/01\/Weiler-380x214.jpg 380w\" sizes=\"(max-width: 747px) 100vw, 747px\" \/><\/figure>\n\n\n\n<p>&nbsp;\u201cLa historia del Paraguay est\u00e1 muy marcada por la valent\u00eda de sus mujeres. Entonces eso es algo que nos hace diferentes o particulares en la regi\u00f3n. Nosotras no somos mujeres d\u00e9biles. La mujer paraguaya es una mujer valiente, es una mujer fuerte, madrugadora, que se remanga desde que amaneces hasta que anochece y eso uno puede seguir a trav\u00e9s de la historia del Paraguay\u201d, concluy\u00f3.<\/p>\n\n\n\n<figure class=\"wp-block-embed is-type-video is-provider-youtube wp-block-embed-youtube wp-embed-aspect-16-9 wp-has-aspect-ratio\"><div class=\"wp-block-embed__wrapper\">\n<iframe loading=\"lazy\" title=\"#L25 - Paraguayas que inspiran en la Ciencia\" width=\"1200\" height=\"675\" src=\"https:\/\/www.youtube.com\/embed\/MKhY1Tb7rOo?feature=oembed\" frameborder=\"0\" allow=\"accelerometer; autoplay; clipboard-write; encrypted-media; gyroscope; picture-in-picture; web-share\" allowfullscreen><\/iframe>\n<\/div><\/figure>\n","protected":false},"excerpt":{"rendered":"\u201cEs una carrera para hombres\u201d, una de las frases qu\u00e9 m\u00e1s escuchan las mujeres en nuestro pa\u00eds cuando quieren estudiar alguna disciplina cient\u00edfica. A\u00f1os de cultura machista que negaba la educaci\u00f3n a las mujeres han dejado sus vestigios en la visi\u00f3n de la comunidad, pero ellas a pesar de los prejuicios o las dificultades, lograron abrirse camino con inteligencia y perseverancia para hacer lo que les apasiona y dejar un aporte al pa\u00eds. \n","protected":false},"author":1,"featured_media":2288,"comment_status":"open","ping_status":"open","sticky":false,"template":"","format":"standard","meta":[],"categories":[12],"tags":[47,48,49,50,45,46],"ubicacion":[17],"yoast_head":"<!-- This site is optimized with the Yoast SEO plugin v20.8 - https:\/\/yoast.com\/wordpress\/plugins\/seo\/ -->\n<title>Paraguayas que inspiran ciencia &ndash; Latitud25<\/title>\n<meta name=\"description\" content=\"Mir\u00e1 nuestros reportajes audiovisuales y seguinos para enterarte de las \u00faltimas noticias de Paraguay y el mundo, desde la Latitud25. Somos Alternativa de Informaci\u00f3n.\" \/>\n<meta name=\"robots\" content=\"index, follow, max-snippet:-1, max-image-preview:large, max-video-preview:-1\" \/>\n<link rel=\"canonical\" href=\"https:\/\/enlatitud25.com\/news\/paraguayas-que-inspiran-ciencia\/\" \/>\n<meta property=\"og:locale\" content=\"es_ES\" \/>\n<meta property=\"og:type\" content=\"article\" \/>\n<meta property=\"og:title\" content=\"Paraguayas que inspiran ciencia &ndash; Latitud25\" \/>\n<meta property=\"og:description\" content=\"Mir\u00e1 nuestros reportajes audiovisuales y seguinos para enterarte de las \u00faltimas noticias de Paraguay y el mundo, desde la Latitud25. Somos Alternativa de Informaci\u00f3n.\" \/>\n<meta property=\"og:url\" content=\"https:\/\/enlatitud25.com\/news\/paraguayas-que-inspiran-ciencia\/\" \/>\n<meta property=\"og:site_name\" content=\"Latitud25\" \/>\n<meta property=\"article:publisher\" content=\"https:\/\/www.facebook.com\/EnLatitud25\" \/>\n<meta property=\"article:author\" content=\"https:\/\/www.facebook.com\/EnLatitud25\" \/>\n<meta property=\"article:published_time\" content=\"2021-01-07T17:36:09+00:00\" \/>\n<meta property=\"article:modified_time\" content=\"2023-02-24T13:45:32+00:00\" \/>\n<meta property=\"og:image\" content=\"https:\/\/enlatitud25.com\/news\/wp-content\/uploads\/2021\/01\/foto-mujeres-que-inspiran-ciencia.jpg\" \/>\n\t<meta property=\"og:image:width\" content=\"771\" \/>\n\t<meta property=\"og:image:height\" content=\"428\" \/>\n\t<meta property=\"og:image:type\" content=\"image\/jpeg\" \/>\n<meta name=\"author\" content=\"Latitud 25\" \/>\n<meta name=\"twitter:card\" content=\"summary_large_image\" \/>\n<meta name=\"twitter:creator\" content=\"@EnLatitud25\" \/>\n<meta name=\"twitter:site\" content=\"@EnLatitud25\" \/>\n<meta name=\"twitter:label1\" content=\"Escrito por\" \/>\n\t<meta name=\"twitter:data1\" content=\"Latitud 25\" \/>\n\t<meta name=\"twitter:label2\" content=\"Tiempo de lectura\" \/>\n\t<meta name=\"twitter:data2\" content=\"5 minutos\" \/>\n<script type=\"application\/ld+json\" class=\"yoast-schema-graph\">{\"@context\":\"https:\/\/schema.org\",\"@graph\":[{\"@type\":\"Article\",\"@id\":\"https:\/\/enlatitud25.com\/news\/paraguayas-que-inspiran-ciencia\/#article\",\"isPartOf\":{\"@id\":\"https:\/\/enlatitud25.com\/news\/paraguayas-que-inspiran-ciencia\/\"},\"author\":{\"name\":\"Latitud 25\",\"@id\":\"https:\/\/enlatitud25.com\/news\/#\/schema\/person\/23aafe968917005a721b8eb760f2586e\"},\"headline\":\"Paraguayas que inspiran ciencia\",\"datePublished\":\"2021-01-07T17:36:09+00:00\",\"dateModified\":\"2023-02-24T13:45:32+00:00\",\"mainEntityOfPage\":{\"@id\":\"https:\/\/enlatitud25.com\/news\/paraguayas-que-inspiran-ciencia\/\"},\"wordCount\":782,\"commentCount\":0,\"publisher\":{\"@id\":\"https:\/\/enlatitud25.com\/news\/#organization\"},\"keywords\":[\"ciencia\",\"cient\u00edfica\",\"laboratorio\",\"machismo\",\"mujeres\",\"paraguayas\"],\"articleSection\":[\"Realidad\"],\"inLanguage\":\"es\",\"potentialAction\":[{\"@type\":\"CommentAction\",\"name\":\"Comment\",\"target\":[\"https:\/\/enlatitud25.com\/news\/paraguayas-que-inspiran-ciencia\/#respond\"]}]},{\"@type\":\"WebPage\",\"@id\":\"https:\/\/enlatitud25.com\/news\/paraguayas-que-inspiran-ciencia\/\",\"url\":\"https:\/\/enlatitud25.com\/news\/paraguayas-que-inspiran-ciencia\/\",\"name\":\"Paraguayas que inspiran ciencia &ndash; Latitud25\",\"isPartOf\":{\"@id\":\"https:\/\/enlatitud25.com\/news\/#website\"},\"datePublished\":\"2021-01-07T17:36:09+00:00\",\"dateModified\":\"2023-02-24T13:45:32+00:00\",\"description\":\"Mir\u00e1 nuestros reportajes audiovisuales y seguinos para enterarte de las \u00faltimas noticias de Paraguay y el mundo, desde la Latitud25. Somos Alternativa de Informaci\u00f3n.\",\"breadcrumb\":{\"@id\":\"https:\/\/enlatitud25.com\/news\/paraguayas-que-inspiran-ciencia\/#breadcrumb\"},\"inLanguage\":\"es\",\"potentialAction\":[{\"@type\":\"ReadAction\",\"target\":[\"https:\/\/enlatitud25.com\/news\/paraguayas-que-inspiran-ciencia\/\"]}]},{\"@type\":\"BreadcrumbList\",\"@id\":\"https:\/\/enlatitud25.com\/news\/paraguayas-que-inspiran-ciencia\/#breadcrumb\",\"itemListElement\":[{\"@type\":\"ListItem\",\"position\":1,\"name\":\"Home\",\"item\":\"https:\/\/enlatitud25.com\/news\/\"},{\"@type\":\"ListItem\",\"position\":2,\"name\":\"Paraguayas que inspiran ciencia\"}]},{\"@type\":\"WebSite\",\"@id\":\"https:\/\/enlatitud25.com\/news\/#website\",\"url\":\"https:\/\/enlatitud25.com\/news\/\",\"name\":\"Latitud25\",\"description\":\"news\",\"publisher\":{\"@id\":\"https:\/\/enlatitud25.com\/news\/#organization\"},\"potentialAction\":[{\"@type\":\"SearchAction\",\"target\":{\"@type\":\"EntryPoint\",\"urlTemplate\":\"https:\/\/enlatitud25.com\/news\/?s={search_term_string}\"},\"query-input\":\"required name=search_term_string\"}],\"inLanguage\":\"es\"},{\"@type\":\"Organization\",\"@id\":\"https:\/\/enlatitud25.com\/news\/#organization\",\"name\":\"Latitud 25 - News\",\"url\":\"https:\/\/enlatitud25.com\/news\/\",\"logo\":{\"@type\":\"ImageObject\",\"inLanguage\":\"es\",\"@id\":\"https:\/\/enlatitud25.com\/news\/#\/schema\/logo\/image\/\",\"url\":\"https:\/\/enlatitud25.com\/news\/wp-content\/uploads\/2020\/11\/logo_latitud.png\",\"contentUrl\":\"https:\/\/enlatitud25.com\/news\/wp-content\/uploads\/2020\/11\/logo_latitud.png\",\"width\":235,\"height\":39,\"caption\":\"Latitud 25 - News\"},\"image\":{\"@id\":\"https:\/\/enlatitud25.com\/news\/#\/schema\/logo\/image\/\"},\"sameAs\":[\"https:\/\/www.facebook.com\/EnLatitud25\",\"https:\/\/twitter.com\/EnLatitud25\",\"https:\/\/www.instagram.com\/enlatitud25\/\",\"https:\/\/www.youtube.com\/user\/desdelatitud25\"]},{\"@type\":\"Person\",\"@id\":\"https:\/\/enlatitud25.com\/news\/#\/schema\/person\/23aafe968917005a721b8eb760f2586e\",\"name\":\"Latitud 25\",\"sameAs\":[\"https:\/\/enlatitud25.com\/news\",\"https:\/\/www.facebook.com\/EnLatitud25\",\"https:\/\/www.instagram.com\/enlatitud25\",\"https:\/\/www.youtube.com\/user\/desdelatitud25\",\"https:\/\/soundcloud.com\/enlatitud25\"],\"url\":\"https:\/\/enlatitud25.com\/news\/author\/nnews-uss00\/\"}]}<\/script>\n<!-- \/ Yoast SEO plugin. -->","yoast_head_json":{"title":"Paraguayas que inspiran ciencia &ndash; Latitud25","description":"Mir\u00e1 nuestros reportajes audiovisuales y seguinos para enterarte de las \u00faltimas noticias de Paraguay y el mundo, desde la Latitud25. Somos Alternativa de Informaci\u00f3n.","robots":{"index":"index","follow":"follow","max-snippet":"max-snippet:-1","max-image-preview":"max-image-preview:large","max-video-preview":"max-video-preview:-1"},"canonical":"https:\/\/enlatitud25.com\/news\/paraguayas-que-inspiran-ciencia\/","og_locale":"es_ES","og_type":"article","og_title":"Paraguayas que inspiran ciencia &ndash; Latitud25","og_description":"Mir\u00e1 nuestros reportajes audiovisuales y seguinos para enterarte de las \u00faltimas noticias de Paraguay y el mundo, desde la Latitud25. Somos Alternativa de Informaci\u00f3n.","og_url":"https:\/\/enlatitud25.com\/news\/paraguayas-que-inspiran-ciencia\/","og_site_name":"Latitud25","article_publisher":"https:\/\/www.facebook.com\/EnLatitud25","article_author":"https:\/\/www.facebook.com\/EnLatitud25","article_published_time":"2021-01-07T17:36:09+00:00","article_modified_time":"2023-02-24T13:45:32+00:00","og_image":[{"width":771,"height":428,"url":"https:\/\/enlatitud25.com\/news\/wp-content\/uploads\/2021\/01\/foto-mujeres-que-inspiran-ciencia.jpg","type":"image\/jpeg"}],"author":"Latitud 25","twitter_card":"summary_large_image","twitter_creator":"@EnLatitud25","twitter_site":"@EnLatitud25","twitter_misc":{"Escrito por":"Latitud 25","Tiempo de lectura":"5 minutos"},"schema":{"@context":"https:\/\/schema.org","@graph":[{"@type":"Article","@id":"https:\/\/enlatitud25.com\/news\/paraguayas-que-inspiran-ciencia\/#article","isPartOf":{"@id":"https:\/\/enlatitud25.com\/news\/paraguayas-que-inspiran-ciencia\/"},"author":{"name":"Latitud 25","@id":"https:\/\/enlatitud25.com\/news\/#\/schema\/person\/23aafe968917005a721b8eb760f2586e"},"headline":"Paraguayas que inspiran ciencia","datePublished":"2021-01-07T17:36:09+00:00","dateModified":"2023-02-24T13:45:32+00:00","mainEntityOfPage":{"@id":"https:\/\/enlatitud25.com\/news\/paraguayas-que-inspiran-ciencia\/"},"wordCount":782,"commentCount":0,"publisher":{"@id":"https:\/\/enlatitud25.com\/news\/#organization"},"keywords":["ciencia","cient\u00edfica","laboratorio","machismo","mujeres","paraguayas"],"articleSection":["Realidad"],"inLanguage":"es","potentialAction":[{"@type":"CommentAction","name":"Comment","target":["https:\/\/enlatitud25.com\/news\/paraguayas-que-inspiran-ciencia\/#respond"]}]},{"@type":"WebPage","@id":"https:\/\/enlatitud25.com\/news\/paraguayas-que-inspiran-ciencia\/","url":"https:\/\/enlatitud25.com\/news\/paraguayas-que-inspiran-ciencia\/","name":"Paraguayas que inspiran ciencia &ndash; Latitud25","isPartOf":{"@id":"https:\/\/enlatitud25.com\/news\/#website"},"datePublished":"2021-01-07T17:36:09+00:00","dateModified":"2023-02-24T13:45:32+00:00","description":"Mir\u00e1 nuestros reportajes audiovisuales y seguinos para enterarte de las \u00faltimas noticias de Paraguay y el mundo, desde la Latitud25. Somos Alternativa de Informaci\u00f3n.","breadcrumb":{"@id":"https:\/\/enlatitud25.com\/news\/paraguayas-que-inspiran-ciencia\/#breadcrumb"},"inLanguage":"es","potentialAction":[{"@type":"ReadAction","target":["https:\/\/enlatitud25.com\/news\/paraguayas-que-inspiran-ciencia\/"]}]},{"@type":"BreadcrumbList","@id":"https:\/\/enlatitud25.com\/news\/paraguayas-que-inspiran-ciencia\/#breadcrumb","itemListElement":[{"@type":"ListItem","position":1,"name":"Home","item":"https:\/\/enlatitud25.com\/news\/"},{"@type":"ListItem","position":2,"name":"Paraguayas que inspiran ciencia"}]},{"@type":"WebSite","@id":"https:\/\/enlatitud25.com\/news\/#website","url":"https:\/\/enlatitud25.com\/news\/","name":"Latitud25","description":"news","publisher":{"@id":"https:\/\/enlatitud25.com\/news\/#organization"},"potentialAction":[{"@type":"SearchAction","target":{"@type":"EntryPoint","urlTemplate":"https:\/\/enlatitud25.com\/news\/?s={search_term_string}"},"query-input":"required name=search_term_string"}],"inLanguage":"es"},{"@type":"Organization","@id":"https:\/\/enlatitud25.com\/news\/#organization","name":"Latitud 25 - News","url":"https:\/\/enlatitud25.com\/news\/","logo":{"@type":"ImageObject","inLanguage":"es","@id":"https:\/\/enlatitud25.com\/news\/#\/schema\/logo\/image\/","url":"https:\/\/enlatitud25.com\/news\/wp-content\/uploads\/2020\/11\/logo_latitud.png","contentUrl":"https:\/\/enlatitud25.com\/news\/wp-content\/uploads\/2020\/11\/logo_latitud.png","width":235,"height":39,"caption":"Latitud 25 - News"},"image":{"@id":"https:\/\/enlatitud25.com\/news\/#\/schema\/logo\/image\/"},"sameAs":["https:\/\/www.facebook.com\/EnLatitud25","https:\/\/twitter.com\/EnLatitud25","https:\/\/www.instagram.com\/enlatitud25\/","https:\/\/www.youtube.com\/user\/desdelatitud25"]},{"@type":"Person","@id":"https:\/\/enlatitud25.com\/news\/#\/schema\/person\/23aafe968917005a721b8eb760f2586e","name":"Latitud 25","sameAs":["https:\/\/enlatitud25.com\/news","https:\/\/www.facebook.com\/EnLatitud25","https:\/\/www.instagram.com\/enlatitud25","https:\/\/www.youtube.com\/user\/desdelatitud25","https:\/\/soundcloud.com\/enlatitud25"],"url":"https:\/\/enlatitud25.com\/news\/author\/nnews-uss00\/"}]}},"_links":{"self":[{"href":"https:\/\/enlatitud25.com\/news\/wp-json\/wp\/v2\/posts\/2211"}],"collection":[{"href":"https:\/\/enlatitud25.com\/news\/wp-json\/wp\/v2\/posts"}],"about":[{"href":"https:\/\/enlatitud25.com\/news\/wp-json\/wp\/v2\/types\/post"}],"author":[{"embeddable":true,"href":"https:\/\/enlatitud25.com\/news\/wp-json\/wp\/v2\/users\/1"}],"replies":[{"embeddable":true,"href":"https:\/\/enlatitud25.com\/news\/wp-json\/wp\/v2\/comments?post=2211"}],"version-history":[{"count":6,"href":"https:\/\/enlatitud25.com\/news\/wp-json\/wp\/v2\/posts\/2211\/revisions"}],"predecessor-version":[{"id":13569,"href":"https:\/\/enlatitud25.com\/news\/wp-json\/wp\/v2\/posts\/2211\/revisions\/13569"}],"wp:featuredmedia":[{"embeddable":true,"href":"https:\/\/enlatitud25.com\/news\/wp-json\/wp\/v2\/media\/2288"}],"wp:attachment":[{"href":"https:\/\/enlatitud25.com\/news\/wp-json\/wp\/v2\/media?parent=2211"}],"wp:term":[{"taxonomy":"category","embeddable":true,"href":"https:\/\/enlatitud25.com\/news\/wp-json\/wp\/v2\/categories?post=2211"},{"taxonomy":"post_tag","embeddable":true,"href":"https:\/\/enlatitud25.com\/news\/wp-json\/wp\/v2\/tags?post=2211"},{"taxonomy":"ubicacion","embeddable":true,"href":"https:\/\/enlatitud25.com\/news\/wp-json\/wp\/v2\/ubicacion?post=2211"}],"curies":[{"name":"wp","href":"https:\/\/api.w.org\/{rel}","templated":true}]}}