{"id":15167,"date":"2023-05-23T21:16:43","date_gmt":"2023-05-23T21:16:43","guid":{"rendered":"https:\/\/enlatitud25.com\/news\/?p=15167"},"modified":"2023-05-23T21:16:45","modified_gmt":"2023-05-23T21:16:45","slug":"amenaza-de-tiroteo-que-hay-detras-del-caso-que-conmociono-las-redes","status":"publish","type":"post","link":"https:\/\/enlatitud25.com\/news\/amenaza-de-tiroteo-que-hay-detras-del-caso-que-conmociono-las-redes\/","title":{"rendered":"Amenaza de tiroteo:  \u00bfQu\u00e9 hay detr\u00e1s del caso que conmocion\u00f3 las redes?"},"content":{"rendered":"\n<p>En los \u00faltimos d\u00edas, un estudiante de una reconocida universidad privada se ha convertido en protagonista de una historia que caus\u00f3 revuelo en las redes sociales. El joven Rodrigo Zavala realiz\u00f3 <strong>amenazas<\/strong> de un potencial tiroteo en la Universidad Americana, por supuestos problemas en una relaci\u00f3n amorosa.<\/p>\n\n\n\n<p>Ante la gravedad de la situaci\u00f3n, las autoridades tomaron cartas en el asunto, y la universidad present\u00f3 una denuncia formal. La Fiscal\u00eda, a su vez, ha ordenado <a href=\"https:\/\/twitter.com\/EnLatitud25\/status\/1660702101536755712\" target=\"_blank\" rel=\"noreferrer noopener\">la prisi\u00f3n preventiva<\/a> del joven por sus acciones. <\/p>\n\n\n\n<p>Sin embargo, m\u00e1s all\u00e1 de estas medidas legales, lo que ha llamado la atenci\u00f3n es el impacto y el morbo que rodean este caso en las redes sociales, especialmente en Twitter. <\/p>\n\n\n\n<p>Muchos defendieron las acciones del joven Zavala, culpando a la mujer que recibi\u00f3 las <strong>amenazas <\/strong>de tiroteo. Entretanto, otros usuarios compartieron hilos explicando que ellos nunca hab\u00edan proferido <strong>amenazas<\/strong> de asesinato, a pesar de haber sido enga\u00f1ados por sus parejas.<\/p>\n\n\n\n<figure class=\"wp-block-image size-full\"><img decoding=\"async\" loading=\"lazy\" width=\"800\" height=\"500\" src=\"https:\/\/enlatitud25.com\/news\/wp-content\/uploads\/2023\/05\/pag1-Amenaza-tiroteo-machismo-1.jpg\" alt=\"\" class=\"wp-image-15194\" srcset=\"https:\/\/enlatitud25.com\/news\/wp-content\/uploads\/2023\/05\/pag1-Amenaza-tiroteo-machismo-1.jpg 800w, https:\/\/enlatitud25.com\/news\/wp-content\/uploads\/2023\/05\/pag1-Amenaza-tiroteo-machismo-1-300x188.jpg 300w, https:\/\/enlatitud25.com\/news\/wp-content\/uploads\/2023\/05\/pag1-Amenaza-tiroteo-machismo-1-768x480.jpg 768w, https:\/\/enlatitud25.com\/news\/wp-content\/uploads\/2023\/05\/pag1-Amenaza-tiroteo-machismo-1-380x238.jpg 380w\" sizes=\"(max-width: 800px) 100vw, 800px\" \/><\/figure>\n\n\n\n<p>Seg\u00fan informes, el joven se encuentra actualmente internado y se presume que podr\u00eda estar enfrentando problemas psiqui\u00e1tricos. En este sentido, el Ministerio P\u00fablico ha accedido a realizar una evaluaci\u00f3n psiqui\u00e1trica exhaustiva para esclarecer el estado mental del estudiante.<\/p>\n\n\n\n<p>No obstante, es imperativo subrayar que ni los celos, ni la traici\u00f3n, ni los trastornos mentales pueden justificar la violencia. Esta situaci\u00f3n pone en evidencia una vez m\u00e1s la persistencia de la cultura machista en nuestro pa\u00eds, un aspecto que merece un an\u00e1lisis m\u00e1s profundo y una reflexi\u00f3n colectiva.<\/p>\n\n\n\n<p>En una entrevista exclusiva con RadioCast25, la soci\u00f3loga <strong>Diana Vargas<\/strong> comparte sus perspectivas sobre este caso. Adem\u00e1s ofrece un an\u00e1lisis sobre las implicancias de la cultura machista en episodios de violencia como este.<\/p>\n\n\n\n<h4 id=\"un-trastorno-mental-no-justifica-la-violencia\" class=\"wp-block-heading\">Un trastorno mental no justifica la violencia<\/h4>\n\n\n\n<p>La especialista en ciencias sociales, refiri\u00f3 que ciertamente es importante determinar si alguien tiene una patolog\u00eda mental, ya que esto debe ser parte de un proceso de diagn\u00f3stico adecuado. Sin embargo, resalt\u00f3 que es problem\u00e1tico basarse \u00fanicamente en esa premisa como un atajo para justificar y desconocer la influencia de la cultura machista. <\/p>\n\n\n\n<p>Agreg\u00f3 que es esta cultura la que propicia y legitima este tipo de comportamientos, como hemos visto en el caso de este individuo en particular, cuya violencia es especialmente brutal. <\/p>\n\n\n\n<p>&#8220;Es fundamental comprender que estas din\u00e1micas ocurren a diario en relaciones entre compa\u00f1eros, en relaciones de noviazgo adolescente y en parejas adultas en distintos niveles. A menudo, no es evidente por qu\u00e9 hemos naturalizado estos comportamientos&#8221;, resalt\u00f3.<\/p>\n\n\n\n<p><strong>Nota relacionada: <a href=\"https:\/\/enlatitud25.com\/news\/ni-enfermo-ni-enamorado-es-un-violento-hablan-de-la-emergencia-por-feminicidio\/\" target=\"_blank\" rel=\"noreferrer noopener\">Ni enfermo ni enamorado, es un violento: Hablan de la emergencia por feminicidio<\/a><\/strong><\/p>\n\n\n\n<p><\/p>\n\n\n\n<figure class=\"wp-block-image size-full\"><img decoding=\"async\" loading=\"lazy\" width=\"800\" height=\"500\" src=\"https:\/\/enlatitud25.com\/news\/wp-content\/uploads\/2023\/05\/pag3-Amenaza-tiroteo-machismo-2.jpg\" alt=\"\" class=\"wp-image-15205\" srcset=\"https:\/\/enlatitud25.com\/news\/wp-content\/uploads\/2023\/05\/pag3-Amenaza-tiroteo-machismo-2.jpg 800w, https:\/\/enlatitud25.com\/news\/wp-content\/uploads\/2023\/05\/pag3-Amenaza-tiroteo-machismo-2-300x188.jpg 300w, https:\/\/enlatitud25.com\/news\/wp-content\/uploads\/2023\/05\/pag3-Amenaza-tiroteo-machismo-2-768x480.jpg 768w, https:\/\/enlatitud25.com\/news\/wp-content\/uploads\/2023\/05\/pag3-Amenaza-tiroteo-machismo-2-380x238.jpg 380w\" sizes=\"(max-width: 800px) 100vw, 800px\" \/><\/figure>\n\n\n\n<p>No obstante, record\u00f3 que cuando un hombre no tolera un &#8220;no&#8221; y busca tener el control de la situaci\u00f3n, pueden surgir conductas violentas como una forma de amenaza. Cuando en este caso, signific\u00f3 una amenaza de tiroteo.<\/p>\n\n\n\n<p>Sostuvo que la idea no consiste en desconocer que este tipo de situaciones pueden estar relacionadas con la salud mental.  Sin embargo, es crucial no desvincular este tema de la discusi\u00f3n. <\/p>\n\n\n\n<p>&#8220;No se trata solo de abordar esta situaci\u00f3n como un problema de salud f\u00edsica o mental, sino de reconocer que hay un elemento central en juego: una cultura patriarcal y machista. Es esta cultura la que nos lleva directamente por ese camino mencionado anteriormente, ese atajo hacia la culpabilizaci\u00f3n de la v\u00edctima&#8221;, dijo la especialista.<\/p>\n\n\n\n<h4 id=\"son-victimas-pero-tambien-culpables\" class=\"wp-block-heading\">Son v\u00edctimas, \u00bfpero tambi\u00e9n culpables?<\/h4>\n\n\n\n<p>En medio de la atenci\u00f3n que ha recibido este caso, es evidente que la preocupaci\u00f3n generalizada se centra en el agresor, reflexion\u00f3 Vargas. Resalt\u00f3 que incluso hay quienes muestran empat\u00eda hacia \u00e9l, cuestionando lo que supuestamente la v\u00edctima hizo para provocar su violenta reacci\u00f3n. <\/p>\n\n\n\n<p>&#8220;\u00bfQu\u00e9 llev\u00f3 al agresor a cometer un acto tan extremo como un asesinato? \u00bfPor qu\u00e9 recurri\u00f3 a la violencia? Estas preguntas parecen buscar una justificaci\u00f3n, aunque muchas veces se plantean de manera inconsciente.  No necesariamente se est\u00e1 tomando partido por el agresor, pero nuestra sociedad tiende a legitimar y buscar respuestas en las acciones de la v\u00edctima&#8221;, manifest\u00f3.<\/p>\n\n\n\n<figure class=\"wp-block-image size-full\"><img decoding=\"async\" loading=\"lazy\" width=\"800\" height=\"500\" src=\"https:\/\/enlatitud25.com\/news\/wp-content\/uploads\/2023\/05\/pag4-Amenaza-tiroteo-machismo-1.jpg\" alt=\"\" class=\"wp-image-15196\" srcset=\"https:\/\/enlatitud25.com\/news\/wp-content\/uploads\/2023\/05\/pag4-Amenaza-tiroteo-machismo-1.jpg 800w, https:\/\/enlatitud25.com\/news\/wp-content\/uploads\/2023\/05\/pag4-Amenaza-tiroteo-machismo-1-300x188.jpg 300w, https:\/\/enlatitud25.com\/news\/wp-content\/uploads\/2023\/05\/pag4-Amenaza-tiroteo-machismo-1-768x480.jpg 768w, https:\/\/enlatitud25.com\/news\/wp-content\/uploads\/2023\/05\/pag4-Amenaza-tiroteo-machismo-1-380x238.jpg 380w\" sizes=\"(max-width: 800px) 100vw, 800px\" \/><\/figure>\n\n\n\n<p>Agreg\u00f3 que, en medio de todo esto, parece que nadie est\u00e1 realmente considerando el sufrimiento que esta joven est\u00e1 experimentando actualmente. Adem\u00e1s, es importante mencionar que en las publicaciones en Twitter, los comentarios, son mayormente de hombres, indic\u00f3.<\/p>\n\n\n\n<p>En este contexto, prosigui\u00f3, se espera constantemente que la v\u00edctima sea una persona &#8220;correcta&#8221;, &#8220;intachable&#8221;. Acot\u00f3 que la mayor\u00eda la juzga por un video que se viraliz\u00f3. Sin embargo, resalt\u00f3 que poco y nada se sabe del resto de lo que ha ocurrido en ese v\u00ednculo.<\/p>\n\n\n\n<p>Advirti\u00f3 que en nuestra sociedad es alarmante c\u00f3mo se critica la reacci\u00f3n de las v\u00edctimas, imponiendo condiciones sobre su apariencia, reacciones y comportamiento para que sean consideradas &#8220;buenas v\u00edctimas&#8221; y merezcan empat\u00eda. Esto nos obliga a replantearnos y aprovechar situaciones como esta para un an\u00e1lisis profundo y una reflexi\u00f3n m\u00e1s amplia.<\/p>\n\n\n\n<p>&#8220;Es fundamental cuestionar las versiones establecidas y evitar destilar m\u00e1s odio y machismo en estos casos. \u00bfCon qu\u00e9 coherencia podemos exigir a un adolescente que no ejerza violencia en su colegio o en su hogar? \u00bfSi los mismos hombres que critican esta situaci\u00f3n son los que se presentan frente a las escuelas exigiendo expulsiones y rechazo a aquellos que perpetran violencia? Existe una clara doble moral en juego, con consecuencias graves&#8221;, subray\u00f3.<\/p>\n\n\n\n<figure class=\"wp-block-image size-full\"><img decoding=\"async\" loading=\"lazy\" width=\"800\" height=\"500\" src=\"https:\/\/enlatitud25.com\/news\/wp-content\/uploads\/2023\/05\/pag5-Amenaza-tiroteo-machismo-copy.jpg\" alt=\"\" class=\"wp-image-15197\" srcset=\"https:\/\/enlatitud25.com\/news\/wp-content\/uploads\/2023\/05\/pag5-Amenaza-tiroteo-machismo-copy.jpg 800w, https:\/\/enlatitud25.com\/news\/wp-content\/uploads\/2023\/05\/pag5-Amenaza-tiroteo-machismo-copy-300x188.jpg 300w, https:\/\/enlatitud25.com\/news\/wp-content\/uploads\/2023\/05\/pag5-Amenaza-tiroteo-machismo-copy-768x480.jpg 768w, https:\/\/enlatitud25.com\/news\/wp-content\/uploads\/2023\/05\/pag5-Amenaza-tiroteo-machismo-copy-380x238.jpg 380w\" sizes=\"(max-width: 800px) 100vw, 800px\" \/><\/figure>\n\n\n\n<h4 id=\"un-enemigo-invisible\" class=\"wp-block-heading\">Un enemigo invisible<\/h4>\n\n\n\n<p>La abogada y soci\u00f3loga resalt\u00f3 que la lucha contra la violencia invisible se encuentra frente a un desafiante obst\u00e1culo: las instituciones clave que deber\u00edan liderar el debate y abordar esta problem\u00e1tica contin\u00faan ausentes. <\/p>\n\n\n\n<p>En ese punto, cit\u00f3 a entidades estatales como: el Ministerio de Educaci\u00f3n y Ciencias, el Ministerio de la Mujer. Adem\u00e1s de mencionar al Ministerio de la Ni\u00f1ez y la Juventud. Mencion\u00f3 que estos ministerios no le dan importancia a este debate, dejando a la sociedad desamparada.<\/p>\n\n\n\n<p>&#8220;Es fundamental que estas instituciones aborden desde sus bases esta problem\u00e1tica que afecta a todos como sociedad. Es alentador ver que el Ministerio P\u00fablico act\u00faa con inusual cuidado y atenci\u00f3n en casos que involucran ciertos perfiles, pero es necesario que esta consideraci\u00f3n se extienda a todos los casos. He sido testigo de j\u00f3venes con evidentes trastornos mentales que no han recibido la misma comprensi\u00f3n y asistencia&#8221;, indic\u00f3, en base a su experiencia como defensora de Derechos Humanos.<\/p>\n\n\n\n<p>De igual manera, record\u00f3 que en varias ocasiones, la Fiscal\u00eda imput\u00f3 una variedad de delitos sin considerar la capacidad m\u00ednima de discernimiento de las personas involucradas. Asegur\u00f3 que esta falta de equidad es preocupante y debe ser corregida.<\/p>\n\n\n\n<p>&#8220;No se trata solo de castigar, sino de brindar respuestas integrales. Si bien las universidades privadas est\u00e1n en el centro de atenci\u00f3n, es importante recordar que el enfoque pol\u00edtico tambi\u00e9n debe ser inclusivo y abarcar diversas soluciones, sin depender \u00fanicamente de un enfoque punitivo&#8221;, concluy\u00f3. <\/p>\n\n\n\n<h4 id=\"ya-nadie-mas-quiere-ser-director\" class=\"wp-block-heading\">&#8220;Ya nadie m\u00e1s quiere ser director&#8221;<\/h4>\n\n\n\n<p>Por otra parte, otro punto a considerar, es la creciente amenaza de tiroteos y masacres en las colegios y escuelas del pa\u00eds. Al respecto Miguel Marecos, titular del Sindicato Nacional de Directores del Paraguay (Sinadi) alert\u00f3 sobre la enorme responsabilidad que tienen los directores y docentes de escuelas y colegios, para prever estos hechos, pero sin herramientas de prevenci\u00f3n.<\/p>\n\n\n\n<p>&#8220;Ya nadie m\u00e1s quiere ser director&#8221;, dijo Marecos al destacar que la baja remuneraci\u00f3n de los directores y la exposici\u00f3n que tienen las autoridades escolares ante la eventualidad comisi\u00f3n de ataques, hacen que los docentes no quieran asumir tanta responsabilidad.<\/p>\n\n\n\n<p>En relaci\u00f3n a los antecedentes dijo que mejorar\u00e1n las resoluciones del Ministerio de Educaci\u00f3n y revisar\u00e1n las normas de convivencia institucional para realizar modificaciones necesarias. <\/p>\n\n\n\n<p>&#8220;Evaluaremos el C\u00f3digo de la Ni\u00f1ez y la Adolescencia para identificar posibles cambios en leyes y art\u00edculos. En cuanto a la comunicaci\u00f3n con los padres, promoveremos su participaci\u00f3n activa en la escuela para conocer el estado y actividades de sus hijos, y estableceremos un seguimiento m\u00e1s riguroso con el pr\u00f3ximo gobierno&#8221;, asever\u00f3.<\/p>\n\n\n\n<p>Tambi\u00e9n coment\u00f3 que van a proponer contar con la autorizaci\u00f3n de los padres para realizar revisiones aleatorias de mochilas como medida preventiva, evitando que evidencias desaparezcan. <\/p>\n\n\n\n<p>&#8220;Buscaremos implementar estrategias efectivas y paralelas a nuestras acciones para intervenir de manera preventiva y con empat\u00eda&#8221;, concluy\u00f3.<\/p>\n\n\n\n<p><strong>Le\u00e9 tambi\u00e9n: <a href=\"https:\/\/enlatitud25.com\/news\/amenazas-de-tiroteo-y-armas-en-escuelas-que-se-puede-hacer-ante-estos-casos\/\" target=\"_blank\" rel=\"noreferrer noopener\">Amenazas de tiroteo y armas en escuelas: \u00bfQu\u00e9 se puede hacer ante estos caso<\/a>s?<\/strong><\/p>\n","protected":false},"excerpt":{"rendered":"El nuevo caso de amenaza de tiroteo, esta vez en una universidad, reaviv\u00f3 el debate sobre las supuestas &#8220;justificaciones&#8221; del hecho. Analizamos la polarizaci\u00f3n que se gener\u00f3 en redes y el machismo inmerso en las personas que buscan culpar a la v\u00edctima de las amenazas de violencia. &#8220;Tenemos una sociedad que busca justificar la violencia y busca las respuestas en lo que hizo la v\u00edctima&#8221;, enfatiz\u00f3 una especialista en sociolog\u00eda. Los detalles, en esta nota.\n","protected":false},"author":1,"featured_media":15193,"comment_status":"closed","ping_status":"closed","sticky":false,"template":"","format":"standard","meta":[],"categories":[12],"tags":[1470,50,1065,1469,74],"ubicacion":[18],"yoast_head":"<!-- This site is optimized with the Yoast SEO plugin v20.8 - https:\/\/yoast.com\/wordpress\/plugins\/seo\/ -->\n<title>Amenaza de tiroteo: \u00bfQu\u00e9 hay detr\u00e1s del caso que conmocion\u00f3 las redes? &ndash; Latitud25<\/title>\n<meta name=\"description\" content=\"El nuevo caso de amenaza de tiroteo, esta vez en una universidad, reaviv\u00f3 el debate sobre las supuestas &quot;justificaciones&quot; del hecho.\" \/>\n<meta name=\"robots\" content=\"index, follow, max-snippet:-1, max-image-preview:large, max-video-preview:-1\" \/>\n<link rel=\"canonical\" href=\"https:\/\/enlatitud25.com\/news\/amenaza-de-tiroteo-que-hay-detras-del-caso-que-conmociono-las-redes\/\" \/>\n<meta property=\"og:locale\" content=\"es_ES\" \/>\n<meta property=\"og:type\" content=\"article\" \/>\n<meta property=\"og:title\" content=\"Amenaza de tiroteo: \u00bfQu\u00e9 hay detr\u00e1s del caso que conmocion\u00f3 las redes? &ndash; Latitud25\" \/>\n<meta property=\"og:description\" content=\"El nuevo caso de amenaza de tiroteo, esta vez en una universidad, reaviv\u00f3 el debate sobre las supuestas &quot;justificaciones&quot; del hecho.\" \/>\n<meta property=\"og:url\" content=\"https:\/\/enlatitud25.com\/news\/amenaza-de-tiroteo-que-hay-detras-del-caso-que-conmociono-las-redes\/\" \/>\n<meta property=\"og:site_name\" content=\"Latitud25\" \/>\n<meta property=\"article:publisher\" content=\"https:\/\/www.facebook.com\/EnLatitud25\" \/>\n<meta property=\"article:author\" content=\"https:\/\/www.facebook.com\/EnLatitud25\" \/>\n<meta property=\"article:published_time\" content=\"2023-05-23T21:16:43+00:00\" \/>\n<meta property=\"article:modified_time\" content=\"2023-05-23T21:16:45+00:00\" \/>\n<meta property=\"og:image\" content=\"https:\/\/enlatitud25.com\/news\/wp-content\/uploads\/2023\/05\/Pag0-Amenaza-tiroteo-machismo-1.jpg\" \/>\n\t<meta property=\"og:image:width\" content=\"800\" \/>\n\t<meta property=\"og:image:height\" content=\"500\" \/>\n\t<meta property=\"og:image:type\" content=\"image\/jpeg\" \/>\n<meta name=\"author\" content=\"Latitud 25\" \/>\n<meta name=\"twitter:card\" content=\"summary_large_image\" \/>\n<meta name=\"twitter:creator\" content=\"@EnLatitud25\" \/>\n<meta name=\"twitter:site\" content=\"@EnLatitud25\" \/>\n<meta name=\"twitter:label1\" content=\"Escrito por\" \/>\n\t<meta name=\"twitter:data1\" content=\"Latitud 25\" \/>\n\t<meta name=\"twitter:label2\" content=\"Tiempo de lectura\" \/>\n\t<meta name=\"twitter:data2\" content=\"7 minutos\" \/>\n<script type=\"application\/ld+json\" class=\"yoast-schema-graph\">{\"@context\":\"https:\/\/schema.org\",\"@graph\":[{\"@type\":\"Article\",\"@id\":\"https:\/\/enlatitud25.com\/news\/amenaza-de-tiroteo-que-hay-detras-del-caso-que-conmociono-las-redes\/#article\",\"isPartOf\":{\"@id\":\"https:\/\/enlatitud25.com\/news\/amenaza-de-tiroteo-que-hay-detras-del-caso-que-conmociono-las-redes\/\"},\"author\":{\"name\":\"Latitud 25\",\"@id\":\"https:\/\/enlatitud25.com\/news\/#\/schema\/person\/23aafe968917005a721b8eb760f2586e\"},\"headline\":\"Amenaza de tiroteo: \u00bfQu\u00e9 hay detr\u00e1s del caso que conmocion\u00f3 las redes?\",\"datePublished\":\"2023-05-23T21:16:43+00:00\",\"dateModified\":\"2023-05-23T21:16:45+00:00\",\"mainEntityOfPage\":{\"@id\":\"https:\/\/enlatitud25.com\/news\/amenaza-de-tiroteo-que-hay-detras-del-caso-que-conmociono-las-redes\/\"},\"wordCount\":1451,\"publisher\":{\"@id\":\"https:\/\/enlatitud25.com\/news\/#organization\"},\"keywords\":[\"amenaza\",\"machismo\",\"tiroteo\",\"Universidad Americana\",\"violencia\"],\"articleSection\":[\"Realidad\"],\"inLanguage\":\"es\"},{\"@type\":\"WebPage\",\"@id\":\"https:\/\/enlatitud25.com\/news\/amenaza-de-tiroteo-que-hay-detras-del-caso-que-conmociono-las-redes\/\",\"url\":\"https:\/\/enlatitud25.com\/news\/amenaza-de-tiroteo-que-hay-detras-del-caso-que-conmociono-las-redes\/\",\"name\":\"Amenaza de tiroteo: \u00bfQu\u00e9 hay detr\u00e1s del caso que conmocion\u00f3 las redes? &ndash; Latitud25\",\"isPartOf\":{\"@id\":\"https:\/\/enlatitud25.com\/news\/#website\"},\"datePublished\":\"2023-05-23T21:16:43+00:00\",\"dateModified\":\"2023-05-23T21:16:45+00:00\",\"description\":\"El nuevo caso de amenaza de tiroteo, esta vez en una universidad, reaviv\u00f3 el debate sobre las supuestas \\\"justificaciones\\\" del hecho.\",\"breadcrumb\":{\"@id\":\"https:\/\/enlatitud25.com\/news\/amenaza-de-tiroteo-que-hay-detras-del-caso-que-conmociono-las-redes\/#breadcrumb\"},\"inLanguage\":\"es\",\"potentialAction\":[{\"@type\":\"ReadAction\",\"target\":[\"https:\/\/enlatitud25.com\/news\/amenaza-de-tiroteo-que-hay-detras-del-caso-que-conmociono-las-redes\/\"]}]},{\"@type\":\"BreadcrumbList\",\"@id\":\"https:\/\/enlatitud25.com\/news\/amenaza-de-tiroteo-que-hay-detras-del-caso-que-conmociono-las-redes\/#breadcrumb\",\"itemListElement\":[{\"@type\":\"ListItem\",\"position\":1,\"name\":\"Home\",\"item\":\"https:\/\/enlatitud25.com\/news\/\"},{\"@type\":\"ListItem\",\"position\":2,\"name\":\"Amenaza de tiroteo: \u00bfQu\u00e9 hay detr\u00e1s del caso que conmocion\u00f3 las redes?\"}]},{\"@type\":\"WebSite\",\"@id\":\"https:\/\/enlatitud25.com\/news\/#website\",\"url\":\"https:\/\/enlatitud25.com\/news\/\",\"name\":\"Latitud25\",\"description\":\"news\",\"publisher\":{\"@id\":\"https:\/\/enlatitud25.com\/news\/#organization\"},\"potentialAction\":[{\"@type\":\"SearchAction\",\"target\":{\"@type\":\"EntryPoint\",\"urlTemplate\":\"https:\/\/enlatitud25.com\/news\/?s={search_term_string}\"},\"query-input\":\"required name=search_term_string\"}],\"inLanguage\":\"es\"},{\"@type\":\"Organization\",\"@id\":\"https:\/\/enlatitud25.com\/news\/#organization\",\"name\":\"Latitud 25 - News\",\"url\":\"https:\/\/enlatitud25.com\/news\/\",\"logo\":{\"@type\":\"ImageObject\",\"inLanguage\":\"es\",\"@id\":\"https:\/\/enlatitud25.com\/news\/#\/schema\/logo\/image\/\",\"url\":\"https:\/\/enlatitud25.com\/news\/wp-content\/uploads\/2020\/11\/logo_latitud.png\",\"contentUrl\":\"https:\/\/enlatitud25.com\/news\/wp-content\/uploads\/2020\/11\/logo_latitud.png\",\"width\":235,\"height\":39,\"caption\":\"Latitud 25 - News\"},\"image\":{\"@id\":\"https:\/\/enlatitud25.com\/news\/#\/schema\/logo\/image\/\"},\"sameAs\":[\"https:\/\/www.facebook.com\/EnLatitud25\",\"https:\/\/twitter.com\/EnLatitud25\",\"https:\/\/www.instagram.com\/enlatitud25\/\",\"https:\/\/www.youtube.com\/user\/desdelatitud25\"]},{\"@type\":\"Person\",\"@id\":\"https:\/\/enlatitud25.com\/news\/#\/schema\/person\/23aafe968917005a721b8eb760f2586e\",\"name\":\"Latitud 25\",\"sameAs\":[\"https:\/\/enlatitud25.com\/news\",\"https:\/\/www.facebook.com\/EnLatitud25\",\"https:\/\/www.instagram.com\/enlatitud25\",\"https:\/\/www.youtube.com\/user\/desdelatitud25\",\"https:\/\/soundcloud.com\/enlatitud25\"],\"url\":\"https:\/\/enlatitud25.com\/news\/author\/nnews-uss00\/\"}]}<\/script>\n<!-- \/ Yoast SEO plugin. -->","yoast_head_json":{"title":"Amenaza de tiroteo: \u00bfQu\u00e9 hay detr\u00e1s del caso que conmocion\u00f3 las redes? &ndash; Latitud25","description":"El nuevo caso de amenaza de tiroteo, esta vez en una universidad, reaviv\u00f3 el debate sobre las supuestas \"justificaciones\" del hecho.","robots":{"index":"index","follow":"follow","max-snippet":"max-snippet:-1","max-image-preview":"max-image-preview:large","max-video-preview":"max-video-preview:-1"},"canonical":"https:\/\/enlatitud25.com\/news\/amenaza-de-tiroteo-que-hay-detras-del-caso-que-conmociono-las-redes\/","og_locale":"es_ES","og_type":"article","og_title":"Amenaza de tiroteo: \u00bfQu\u00e9 hay detr\u00e1s del caso que conmocion\u00f3 las redes? &ndash; Latitud25","og_description":"El nuevo caso de amenaza de tiroteo, esta vez en una universidad, reaviv\u00f3 el debate sobre las supuestas \"justificaciones\" del hecho.","og_url":"https:\/\/enlatitud25.com\/news\/amenaza-de-tiroteo-que-hay-detras-del-caso-que-conmociono-las-redes\/","og_site_name":"Latitud25","article_publisher":"https:\/\/www.facebook.com\/EnLatitud25","article_author":"https:\/\/www.facebook.com\/EnLatitud25","article_published_time":"2023-05-23T21:16:43+00:00","article_modified_time":"2023-05-23T21:16:45+00:00","og_image":[{"width":800,"height":500,"url":"https:\/\/enlatitud25.com\/news\/wp-content\/uploads\/2023\/05\/Pag0-Amenaza-tiroteo-machismo-1.jpg","type":"image\/jpeg"}],"author":"Latitud 25","twitter_card":"summary_large_image","twitter_creator":"@EnLatitud25","twitter_site":"@EnLatitud25","twitter_misc":{"Escrito por":"Latitud 25","Tiempo de lectura":"7 minutos"},"schema":{"@context":"https:\/\/schema.org","@graph":[{"@type":"Article","@id":"https:\/\/enlatitud25.com\/news\/amenaza-de-tiroteo-que-hay-detras-del-caso-que-conmociono-las-redes\/#article","isPartOf":{"@id":"https:\/\/enlatitud25.com\/news\/amenaza-de-tiroteo-que-hay-detras-del-caso-que-conmociono-las-redes\/"},"author":{"name":"Latitud 25","@id":"https:\/\/enlatitud25.com\/news\/#\/schema\/person\/23aafe968917005a721b8eb760f2586e"},"headline":"Amenaza de tiroteo: \u00bfQu\u00e9 hay detr\u00e1s del caso que conmocion\u00f3 las redes?","datePublished":"2023-05-23T21:16:43+00:00","dateModified":"2023-05-23T21:16:45+00:00","mainEntityOfPage":{"@id":"https:\/\/enlatitud25.com\/news\/amenaza-de-tiroteo-que-hay-detras-del-caso-que-conmociono-las-redes\/"},"wordCount":1451,"publisher":{"@id":"https:\/\/enlatitud25.com\/news\/#organization"},"keywords":["amenaza","machismo","tiroteo","Universidad Americana","violencia"],"articleSection":["Realidad"],"inLanguage":"es"},{"@type":"WebPage","@id":"https:\/\/enlatitud25.com\/news\/amenaza-de-tiroteo-que-hay-detras-del-caso-que-conmociono-las-redes\/","url":"https:\/\/enlatitud25.com\/news\/amenaza-de-tiroteo-que-hay-detras-del-caso-que-conmociono-las-redes\/","name":"Amenaza de tiroteo: \u00bfQu\u00e9 hay detr\u00e1s del caso que conmocion\u00f3 las redes? &ndash; Latitud25","isPartOf":{"@id":"https:\/\/enlatitud25.com\/news\/#website"},"datePublished":"2023-05-23T21:16:43+00:00","dateModified":"2023-05-23T21:16:45+00:00","description":"El nuevo caso de amenaza de tiroteo, esta vez en una universidad, reaviv\u00f3 el debate sobre las supuestas \"justificaciones\" del hecho.","breadcrumb":{"@id":"https:\/\/enlatitud25.com\/news\/amenaza-de-tiroteo-que-hay-detras-del-caso-que-conmociono-las-redes\/#breadcrumb"},"inLanguage":"es","potentialAction":[{"@type":"ReadAction","target":["https:\/\/enlatitud25.com\/news\/amenaza-de-tiroteo-que-hay-detras-del-caso-que-conmociono-las-redes\/"]}]},{"@type":"BreadcrumbList","@id":"https:\/\/enlatitud25.com\/news\/amenaza-de-tiroteo-que-hay-detras-del-caso-que-conmociono-las-redes\/#breadcrumb","itemListElement":[{"@type":"ListItem","position":1,"name":"Home","item":"https:\/\/enlatitud25.com\/news\/"},{"@type":"ListItem","position":2,"name":"Amenaza de tiroteo: \u00bfQu\u00e9 hay detr\u00e1s del caso que conmocion\u00f3 las redes?"}]},{"@type":"WebSite","@id":"https:\/\/enlatitud25.com\/news\/#website","url":"https:\/\/enlatitud25.com\/news\/","name":"Latitud25","description":"news","publisher":{"@id":"https:\/\/enlatitud25.com\/news\/#organization"},"potentialAction":[{"@type":"SearchAction","target":{"@type":"EntryPoint","urlTemplate":"https:\/\/enlatitud25.com\/news\/?s={search_term_string}"},"query-input":"required name=search_term_string"}],"inLanguage":"es"},{"@type":"Organization","@id":"https:\/\/enlatitud25.com\/news\/#organization","name":"Latitud 25 - News","url":"https:\/\/enlatitud25.com\/news\/","logo":{"@type":"ImageObject","inLanguage":"es","@id":"https:\/\/enlatitud25.com\/news\/#\/schema\/logo\/image\/","url":"https:\/\/enlatitud25.com\/news\/wp-content\/uploads\/2020\/11\/logo_latitud.png","contentUrl":"https:\/\/enlatitud25.com\/news\/wp-content\/uploads\/2020\/11\/logo_latitud.png","width":235,"height":39,"caption":"Latitud 25 - News"},"image":{"@id":"https:\/\/enlatitud25.com\/news\/#\/schema\/logo\/image\/"},"sameAs":["https:\/\/www.facebook.com\/EnLatitud25","https:\/\/twitter.com\/EnLatitud25","https:\/\/www.instagram.com\/enlatitud25\/","https:\/\/www.youtube.com\/user\/desdelatitud25"]},{"@type":"Person","@id":"https:\/\/enlatitud25.com\/news\/#\/schema\/person\/23aafe968917005a721b8eb760f2586e","name":"Latitud 25","sameAs":["https:\/\/enlatitud25.com\/news","https:\/\/www.facebook.com\/EnLatitud25","https:\/\/www.instagram.com\/enlatitud25","https:\/\/www.youtube.com\/user\/desdelatitud25","https:\/\/soundcloud.com\/enlatitud25"],"url":"https:\/\/enlatitud25.com\/news\/author\/nnews-uss00\/"}]}},"_links":{"self":[{"href":"https:\/\/enlatitud25.com\/news\/wp-json\/wp\/v2\/posts\/15167"}],"collection":[{"href":"https:\/\/enlatitud25.com\/news\/wp-json\/wp\/v2\/posts"}],"about":[{"href":"https:\/\/enlatitud25.com\/news\/wp-json\/wp\/v2\/types\/post"}],"author":[{"embeddable":true,"href":"https:\/\/enlatitud25.com\/news\/wp-json\/wp\/v2\/users\/1"}],"replies":[{"embeddable":true,"href":"https:\/\/enlatitud25.com\/news\/wp-json\/wp\/v2\/comments?post=15167"}],"version-history":[{"count":11,"href":"https:\/\/enlatitud25.com\/news\/wp-json\/wp\/v2\/posts\/15167\/revisions"}],"predecessor-version":[{"id":15206,"href":"https:\/\/enlatitud25.com\/news\/wp-json\/wp\/v2\/posts\/15167\/revisions\/15206"}],"wp:featuredmedia":[{"embeddable":true,"href":"https:\/\/enlatitud25.com\/news\/wp-json\/wp\/v2\/media\/15193"}],"wp:attachment":[{"href":"https:\/\/enlatitud25.com\/news\/wp-json\/wp\/v2\/media?parent=15167"}],"wp:term":[{"taxonomy":"category","embeddable":true,"href":"https:\/\/enlatitud25.com\/news\/wp-json\/wp\/v2\/categories?post=15167"},{"taxonomy":"post_tag","embeddable":true,"href":"https:\/\/enlatitud25.com\/news\/wp-json\/wp\/v2\/tags?post=15167"},{"taxonomy":"ubicacion","embeddable":true,"href":"https:\/\/enlatitud25.com\/news\/wp-json\/wp\/v2\/ubicacion?post=15167"}],"curies":[{"name":"wp","href":"https:\/\/api.w.org\/{rel}","templated":true}]}}