{"id":15164,"date":"2023-05-23T18:45:05","date_gmt":"2023-05-23T18:45:05","guid":{"rendered":"https:\/\/enlatitud25.com\/news\/?p=15164"},"modified":"2023-05-23T18:45:07","modified_gmt":"2023-05-23T18:45:07","slug":"erico-galeano-se-paso-de-la-raya-y-ahora-hasta-el-cartismo-pide-su-desafuero","status":"publish","type":"post","link":"https:\/\/enlatitud25.com\/news\/erico-galeano-se-paso-de-la-raya-y-ahora-hasta-el-cartismo-pide-su-desafuero\/","title":{"rendered":"Erico Galeano se pas\u00f3 de la raya y ahora hasta el cartismo pide su desafuero"},"content":{"rendered":"\n<p>Desde su imputaci\u00f3n el viernes pasado, por supuestos delitos de lavado de dinero y asociaci\u00f3n criminal, el diputado cartista Erico Galeano, desafi\u00f3 a su propio equipo pol\u00edtico a que lo apoyen. Galeano puso a prueba el liderazgo del presidente electo Santiago Pe\u00f1a, quien el viernes \u00faltimo solicit\u00f3 p\u00fablicamente, que el parlamentario se ponga a disposici\u00f3n del Ministerio P\u00fablico. <\/p>\n\n\n\n<p>En conferencia de prensa esta ma\u00f1ana, desde su residencia en Capiat\u00e1, Galeano hizo un descargo que no cay\u00f3 bien en el entorno de Horacio Cartes. Asegur\u00f3 tener &#8220;doble inmunidad&#8221; por ser diputado y senador electo, y que por este motivo &#8220;es inimputable&#8221; por el Ministerio P\u00fablico.<\/p>\n\n\n\n<p>Galeano adem\u00e1s asegur\u00f3 que es v\u00edctima de una &#8220;persecuci\u00f3n pol\u00edtica inmisericorde&#8221; y que la Fiscal\u00eda est\u00e1 cometiendo una &#8220;atrocidad jur\u00eddica&#8221; al solicitar su prisi\u00f3n preventiva.<\/p>\n\n\n\n<p>&#8220;Estamos dentro de una persecuci\u00f3n pol\u00edtica inmisericorde hacia mi persona en donde se tratan cosas inveros\u00edmiles a partir de la venta de un inmueble&#8221;, dijo Galeano haciendo referencia a la propiedad que ten\u00eda en el complejo urban\u00edstico Aqua Village, en la localidad de Altos.<\/p>\n\n\n\n<figure class=\"wp-block-image size-full\"><img decoding=\"async\" loading=\"lazy\" width=\"800\" height=\"500\" src=\"https:\/\/enlatitud25.com\/news\/wp-content\/uploads\/2023\/05\/pag3-Erico-galeano-investigacio\u0301n_.jpg\" alt=\"\" class=\"wp-image-15178\" srcset=\"https:\/\/enlatitud25.com\/news\/wp-content\/uploads\/2023\/05\/pag3-Erico-galeano-investigacio\u0301n_.jpg 800w, https:\/\/enlatitud25.com\/news\/wp-content\/uploads\/2023\/05\/pag3-Erico-galeano-investigacio\u0301n_-300x188.jpg 300w, https:\/\/enlatitud25.com\/news\/wp-content\/uploads\/2023\/05\/pag3-Erico-galeano-investigacio\u0301n_-768x480.jpg 768w, https:\/\/enlatitud25.com\/news\/wp-content\/uploads\/2023\/05\/pag3-Erico-galeano-investigacio\u0301n_-380x238.jpg 380w\" sizes=\"(max-width: 800px) 100vw, 800px\" \/><\/figure>\n\n\n\n<p>Por este terreno, Galeano pag\u00f3 USD 200.000 en 2013, y lo vendi\u00f3 en 2020 por USD 1 mill\u00f3n a Hugo Manuel Gonz\u00e1lez Ramos, presunto miembro de una red de narcotr\u00e1fico internacional de la que formar\u00edan parte Sebasti\u00e1n Marset y el clan Insfr\u00e1n. La fiscal\u00eda tambi\u00e9n cuenta con evidencia de que estas personas utilizaron varias veces la avioneta de Erico para sus operaciones.<\/p>\n\n\n\n<p>Sobre este punto, Galeano se excus\u00f3 diciendo que utilizaba su aeronave como taxi a\u00e9reo y que todos los puntos donde \u00e9sta operaba, eran controlados.<\/p>\n\n\n\n<p>&#8220;Mi piloto Diego Quir\u00f3z, me habl\u00f3 de la posibilidad de hacer taxi a\u00e9reo, y consecuentemente se hac\u00edan taxis a\u00e9reos en mi aeronave. Los puntos en los que se hac\u00edan estos taxis a\u00e9reos eran Asunci\u00f3n &#8211; Ciudad del Este, Asunci\u00f3n &#8211; Encarnaci\u00f3n, Asunci\u00f3n &#8211; Saltos del Guair\u00e1, osea aeropuertos controlados&#8221;, dijo.<\/p>\n\n\n\n<h4 id=\"la-persecucion-inmisericorde\" class=\"wp-block-heading\">La &#8220;persecuci\u00f3n inmisericorde&#8221;<\/h4>\n\n\n\n<p>Erico Galeano tiene una confrontaci\u00f3n abierta con el senador colorado y otrora cercano Derlis Osorio, a quien atribuye la autor\u00eda de la persecuci\u00f3n pol\u00edtica que deriv\u00f3 en la imputaci\u00f3n, por una supuesta deuda de Gs. 1.200 millones en enero de 2021, para &#8220;fines de campa\u00f1a&#8221;, que Osorio nunca pag\u00f3.<\/p>\n\n\n\n<p>Por su parte, el oficialista Derlis Osorio, neg\u00f3 rotundamente que exista tal deuda y dijo que Erico pretende aferrarse a sus fueros utilizando la pol\u00edtica.<\/p>\n\n\n\n<p>\u201cNunca existi\u00f3 tal pr\u00e9stamo de G. 1.200 millones en enero del a\u00f1o pasado. \u00c9l estaba en el movimiento por Honor Colorado como candidato a gobernador, cuando todav\u00eda no hab\u00eda explotado A Ultranza. Yo era candidato a senador por Fuerza Republicana. Es medio extra\u00f1o que dos personas enfrentadas en un departamento, el adversario directo, me tenga que financiar la campa\u00f1a. Es totalmente absurdo\u201d, dijo el senador.<\/p>\n\n\n\n<p>Galeano incluso mostr\u00f3 un pagar\u00e9 firmado por Osorio, a modo a respaldar su versi\u00f3n de la deuda.<\/p>\n\n\n\n<h4 id=\"estiron-de-oreja\" class=\"wp-block-heading\">Estir\u00f3n de oreja<\/h4>\n\n\n\n<p>Las declaraciones de Erico trajeron cola en su propio equipo pol\u00edtico, y gener\u00f3 una confrontaci\u00f3n de intereses entre dos personas muy cercanas a Horacio Cartes, Galeano y Pe\u00f1a. Este \u00faltimo, ya marc\u00f3 anticipadamente, la l\u00ednea pol\u00edtica de acompa\u00f1ar el desafuero.<\/p>\n\n\n\n<p>En este sentido, Galeano asegur\u00f3 esta ma\u00f1ana, que aun no existe una postura tomada de la bancada de Honor Colorado, en relaci\u00f3n a acompa\u00f1ar el pedido de desafuero. Esto habr\u00eda incomodado a miembros de la bancada cartista, por la tensi\u00f3n que se genera al poner en duda la postura del presidente electo Santiago Pe\u00f1a.<\/p>\n\n\n\n<p>Ante esto, la bancada liderada por Pedro Alliana y Basilio N\u00fa\u00f1ez, sali\u00f3 al paso a confirmar que efectivamente acompa\u00f1ar\u00e1n el desafuero. Esta decisi\u00f3n se dio tras una reuni\u00f3n con Galeano, en la que seg\u00fan trascendi\u00f3, le habr\u00edan convencido de que se ponga a disposici\u00f3n de los investigadores sin condicionamientos.<\/p>\n\n\n\n<figure class=\"wp-block-image size-full\"><img decoding=\"async\" loading=\"lazy\" width=\"800\" height=\"500\" src=\"https:\/\/enlatitud25.com\/news\/wp-content\/uploads\/2023\/05\/pag1-Erico-galeano-investigacio\u0301n_.jpg\" alt=\"\" class=\"wp-image-15177\" srcset=\"https:\/\/enlatitud25.com\/news\/wp-content\/uploads\/2023\/05\/pag1-Erico-galeano-investigacio\u0301n_.jpg 800w, https:\/\/enlatitud25.com\/news\/wp-content\/uploads\/2023\/05\/pag1-Erico-galeano-investigacio\u0301n_-300x188.jpg 300w, https:\/\/enlatitud25.com\/news\/wp-content\/uploads\/2023\/05\/pag1-Erico-galeano-investigacio\u0301n_-768x480.jpg 768w, https:\/\/enlatitud25.com\/news\/wp-content\/uploads\/2023\/05\/pag1-Erico-galeano-investigacio\u0301n_-380x238.jpg 380w\" sizes=\"(max-width: 800px) 100vw, 800px\" \/><\/figure>\n\n\n\n<p>Sin embargo, algunos cartistas &#8220;rebeldes&#8221; como el diputado Ulises Quintana, tambi\u00e9n procesado por lavado de dinero y asociaci\u00f3n criminal, defendi\u00f3 a su colega Galeano y dijo que &#8220;no es el tiempo pol\u00edtico&#8221; indicado para que se de esta p\u00e9rdida de fueros.<\/p>\n\n\n\n<p>&#8220;Vamos a darle las garant\u00edas necesarias que \u00e9l tiene como legislador, para que pueda defenderse y jurar como senador&#8221;, dijo Quintana.<\/p>\n\n\n\n<p>El diputado procesado por los mismos tipos penales que Galeano y que pas\u00f3 dos a\u00f1os en prisi\u00f3n, rest\u00f3 importancia a la postura de Santiago Pe\u00f1a, destacando que Pe\u00f1a &#8220;no es la Justicia y no hace parte del Poder Legislativo&#8221;.<\/p>\n\n\n\n<h4 id=\"desafuero-por-unanimidad\" class=\"wp-block-heading\">Desafuero por unanimidad<\/h4>\n\n\n\n<p>Otra de las instancias pol\u00edticas que deb\u00eda determinar el acompa\u00f1amiento del retiro de fueros de Erico Galeano, era la Comisi\u00f3n de Asuntos Constitucionales de la C\u00e1mara de Diputados, que hoy tambi\u00e9n decidi\u00f3 por unanimidad acompa\u00f1ar la medida, atendiendo a los elementos presentados por el Ministerio P\u00fablico en su requerimiento.<\/p>\n\n\n\n<p>La diputada Roc\u00edo Vallejo, cont\u00f3 que los cartistas que forman parte de esta comisi\u00f3n no han asistido a la sesi\u00f3n, por lo que los presentes determinaron dar el OK para que el dictamen emanado de esta comisi\u00f3n sea favorable a lo solicitado tanto por el Ministerio P\u00fablico, como tambi\u00e9n por el presidente electo.<\/p>\n\n\n\n<figure class=\"wp-block-image size-full\"><img decoding=\"async\" loading=\"lazy\" width=\"800\" height=\"500\" src=\"https:\/\/enlatitud25.com\/news\/wp-content\/uploads\/2023\/05\/pag2-Erico-galeano-investigacio\u0301n_.jpg\" alt=\"\" class=\"wp-image-15179\" srcset=\"https:\/\/enlatitud25.com\/news\/wp-content\/uploads\/2023\/05\/pag2-Erico-galeano-investigacio\u0301n_.jpg 800w, https:\/\/enlatitud25.com\/news\/wp-content\/uploads\/2023\/05\/pag2-Erico-galeano-investigacio\u0301n_-300x188.jpg 300w, https:\/\/enlatitud25.com\/news\/wp-content\/uploads\/2023\/05\/pag2-Erico-galeano-investigacio\u0301n_-768x480.jpg 768w, https:\/\/enlatitud25.com\/news\/wp-content\/uploads\/2023\/05\/pag2-Erico-galeano-investigacio\u0301n_-380x238.jpg 380w\" sizes=\"(max-width: 800px) 100vw, 800px\" \/><\/figure>\n\n\n\n<p>&#8220;Tampoco se puede decir que existe una persecuci\u00f3n pol\u00edtica, consideramos que los hechos descriptos en la imputaci\u00f3n fiscal re\u00fane los par\u00e1metros de sospecha, que es lo que se requiere al momento de una imputaci\u00f3n, por lo tanto deslindamos esas opiniones relativas a que esto es una persecuci\u00f3n pol\u00edtica&#8221;, dijo Vallejo.<\/p>\n\n\n\n<p>Vallejo, abogada penalista y ex fiscal de delitos econ\u00f3micos, respondi\u00f3 a la premisa jur\u00eddica del &#8220;doble fuero&#8221; alegado por Erico Galeano, en base a un &#8220;an\u00e1lisis p\u00e1rrafo por p\u00e1rrafo de la Constituci\u00f3n Nacional&#8221;.<\/p>\n\n\n\n<p>&#8220;La inmunidad corresponde a las opiniones vertidas en el ejercicio de nuestras funciones, yo tengo entendido que \u00e9l todav\u00eda no est\u00e1 en funci\u00f3n de senador&#8221;, ironiz\u00f3 Vallejo.<\/p>\n","protected":false},"excerpt":{"rendered":"El cuestionado diputado Erico Galeano se convirti\u00f3 en una piedra en el zapato de Santiago Pe\u00f1a, incomodando al entorno del presidente electo, quien hab\u00eda pedido que se ponga a disposici\u00f3n de la Fiscal\u00eda. Tras desafiar abiertamente a su equipo pol\u00edtico, al decir que no renunciar\u00e1 a su curul, que es &#8220;inimputable&#8221; y que &#8220;tiene doble fuero&#8221;, Galeano baj\u00f3 la cabeza y acat\u00f3 la orden de pedir su desafuero, para desactivar la primera tensi\u00f3n en el nuevo equipo de gobierno.\n","protected":false},"author":1,"featured_media":15176,"comment_status":"closed","ping_status":"closed","sticky":false,"template":"","format":"standard","meta":[],"categories":[13],"tags":[],"ubicacion":[18],"yoast_head":"<!-- This site is optimized with the Yoast SEO plugin v20.8 - https:\/\/yoast.com\/wordpress\/plugins\/seo\/ -->\n<title>Erico Galeano se pas\u00f3 de la raya y ahora hasta el cartismo pide su desafuero &ndash; Latitud25<\/title>\n<meta name=\"description\" content=\"Mir\u00e1 nuestros reportajes audiovisuales y seguinos para enterarte de las \u00faltimas noticias de Paraguay y el mundo, desde la Latitud25. Somos Alternativa de Informaci\u00f3n.\" \/>\n<meta name=\"robots\" content=\"index, follow, max-snippet:-1, max-image-preview:large, max-video-preview:-1\" \/>\n<link rel=\"canonical\" href=\"https:\/\/enlatitud25.com\/news\/erico-galeano-se-paso-de-la-raya-y-ahora-hasta-el-cartismo-pide-su-desafuero\/\" \/>\n<meta property=\"og:locale\" content=\"es_ES\" \/>\n<meta property=\"og:type\" content=\"article\" \/>\n<meta property=\"og:title\" content=\"Erico Galeano se pas\u00f3 de la raya y ahora hasta el cartismo pide su desafuero &ndash; Latitud25\" \/>\n<meta property=\"og:description\" content=\"Mir\u00e1 nuestros reportajes audiovisuales y seguinos para enterarte de las \u00faltimas noticias de Paraguay y el mundo, desde la Latitud25. Somos Alternativa de Informaci\u00f3n.\" \/>\n<meta property=\"og:url\" content=\"https:\/\/enlatitud25.com\/news\/erico-galeano-se-paso-de-la-raya-y-ahora-hasta-el-cartismo-pide-su-desafuero\/\" \/>\n<meta property=\"og:site_name\" content=\"Latitud25\" \/>\n<meta property=\"article:publisher\" content=\"https:\/\/www.facebook.com\/EnLatitud25\" \/>\n<meta property=\"article:author\" content=\"https:\/\/www.facebook.com\/EnLatitud25\" \/>\n<meta property=\"article:published_time\" content=\"2023-05-23T18:45:05+00:00\" \/>\n<meta property=\"article:modified_time\" content=\"2023-05-23T18:45:07+00:00\" \/>\n<meta property=\"og:image\" content=\"https:\/\/enlatitud25.com\/news\/wp-content\/uploads\/2023\/05\/Pag0-Erico-galeano-investigacio\u0301n_.jpg\" \/>\n\t<meta property=\"og:image:width\" content=\"800\" \/>\n\t<meta property=\"og:image:height\" content=\"500\" \/>\n\t<meta property=\"og:image:type\" content=\"image\/jpeg\" \/>\n<meta name=\"author\" content=\"Latitud 25\" \/>\n<meta name=\"twitter:card\" content=\"summary_large_image\" \/>\n<meta name=\"twitter:creator\" content=\"@EnLatitud25\" \/>\n<meta name=\"twitter:site\" content=\"@EnLatitud25\" \/>\n<meta name=\"twitter:label1\" content=\"Escrito por\" \/>\n\t<meta name=\"twitter:data1\" content=\"Latitud 25\" \/>\n\t<meta name=\"twitter:label2\" content=\"Tiempo de lectura\" \/>\n\t<meta name=\"twitter:data2\" content=\"5 minutos\" \/>\n<script type=\"application\/ld+json\" class=\"yoast-schema-graph\">{\"@context\":\"https:\/\/schema.org\",\"@graph\":[{\"@type\":\"Article\",\"@id\":\"https:\/\/enlatitud25.com\/news\/erico-galeano-se-paso-de-la-raya-y-ahora-hasta-el-cartismo-pide-su-desafuero\/#article\",\"isPartOf\":{\"@id\":\"https:\/\/enlatitud25.com\/news\/erico-galeano-se-paso-de-la-raya-y-ahora-hasta-el-cartismo-pide-su-desafuero\/\"},\"author\":{\"name\":\"Latitud 25\",\"@id\":\"https:\/\/enlatitud25.com\/news\/#\/schema\/person\/23aafe968917005a721b8eb760f2586e\"},\"headline\":\"Erico Galeano se pas\u00f3 de la raya y ahora hasta el cartismo pide su desafuero\",\"datePublished\":\"2023-05-23T18:45:05+00:00\",\"dateModified\":\"2023-05-23T18:45:07+00:00\",\"mainEntityOfPage\":{\"@id\":\"https:\/\/enlatitud25.com\/news\/erico-galeano-se-paso-de-la-raya-y-ahora-hasta-el-cartismo-pide-su-desafuero\/\"},\"wordCount\":1053,\"publisher\":{\"@id\":\"https:\/\/enlatitud25.com\/news\/#organization\"},\"articleSection\":[\"Pol\u00edtica\"],\"inLanguage\":\"es\"},{\"@type\":\"WebPage\",\"@id\":\"https:\/\/enlatitud25.com\/news\/erico-galeano-se-paso-de-la-raya-y-ahora-hasta-el-cartismo-pide-su-desafuero\/\",\"url\":\"https:\/\/enlatitud25.com\/news\/erico-galeano-se-paso-de-la-raya-y-ahora-hasta-el-cartismo-pide-su-desafuero\/\",\"name\":\"Erico Galeano se pas\u00f3 de la raya y ahora hasta el cartismo pide su desafuero &ndash; Latitud25\",\"isPartOf\":{\"@id\":\"https:\/\/enlatitud25.com\/news\/#website\"},\"datePublished\":\"2023-05-23T18:45:05+00:00\",\"dateModified\":\"2023-05-23T18:45:07+00:00\",\"description\":\"Mir\u00e1 nuestros reportajes audiovisuales y seguinos para enterarte de las \u00faltimas noticias de Paraguay y el mundo, desde la Latitud25. Somos Alternativa de Informaci\u00f3n.\",\"breadcrumb\":{\"@id\":\"https:\/\/enlatitud25.com\/news\/erico-galeano-se-paso-de-la-raya-y-ahora-hasta-el-cartismo-pide-su-desafuero\/#breadcrumb\"},\"inLanguage\":\"es\",\"potentialAction\":[{\"@type\":\"ReadAction\",\"target\":[\"https:\/\/enlatitud25.com\/news\/erico-galeano-se-paso-de-la-raya-y-ahora-hasta-el-cartismo-pide-su-desafuero\/\"]}]},{\"@type\":\"BreadcrumbList\",\"@id\":\"https:\/\/enlatitud25.com\/news\/erico-galeano-se-paso-de-la-raya-y-ahora-hasta-el-cartismo-pide-su-desafuero\/#breadcrumb\",\"itemListElement\":[{\"@type\":\"ListItem\",\"position\":1,\"name\":\"Home\",\"item\":\"https:\/\/enlatitud25.com\/news\/\"},{\"@type\":\"ListItem\",\"position\":2,\"name\":\"Erico Galeano se pas\u00f3 de la raya y ahora hasta el cartismo pide su desafuero\"}]},{\"@type\":\"WebSite\",\"@id\":\"https:\/\/enlatitud25.com\/news\/#website\",\"url\":\"https:\/\/enlatitud25.com\/news\/\",\"name\":\"Latitud25\",\"description\":\"news\",\"publisher\":{\"@id\":\"https:\/\/enlatitud25.com\/news\/#organization\"},\"potentialAction\":[{\"@type\":\"SearchAction\",\"target\":{\"@type\":\"EntryPoint\",\"urlTemplate\":\"https:\/\/enlatitud25.com\/news\/?s={search_term_string}\"},\"query-input\":\"required name=search_term_string\"}],\"inLanguage\":\"es\"},{\"@type\":\"Organization\",\"@id\":\"https:\/\/enlatitud25.com\/news\/#organization\",\"name\":\"Latitud 25 - News\",\"url\":\"https:\/\/enlatitud25.com\/news\/\",\"logo\":{\"@type\":\"ImageObject\",\"inLanguage\":\"es\",\"@id\":\"https:\/\/enlatitud25.com\/news\/#\/schema\/logo\/image\/\",\"url\":\"https:\/\/enlatitud25.com\/news\/wp-content\/uploads\/2020\/11\/logo_latitud.png\",\"contentUrl\":\"https:\/\/enlatitud25.com\/news\/wp-content\/uploads\/2020\/11\/logo_latitud.png\",\"width\":235,\"height\":39,\"caption\":\"Latitud 25 - News\"},\"image\":{\"@id\":\"https:\/\/enlatitud25.com\/news\/#\/schema\/logo\/image\/\"},\"sameAs\":[\"https:\/\/www.facebook.com\/EnLatitud25\",\"https:\/\/twitter.com\/EnLatitud25\",\"https:\/\/www.instagram.com\/enlatitud25\/\",\"https:\/\/www.youtube.com\/user\/desdelatitud25\"]},{\"@type\":\"Person\",\"@id\":\"https:\/\/enlatitud25.com\/news\/#\/schema\/person\/23aafe968917005a721b8eb760f2586e\",\"name\":\"Latitud 25\",\"sameAs\":[\"https:\/\/enlatitud25.com\/news\",\"https:\/\/www.facebook.com\/EnLatitud25\",\"https:\/\/www.instagram.com\/enlatitud25\",\"https:\/\/www.youtube.com\/user\/desdelatitud25\",\"https:\/\/soundcloud.com\/enlatitud25\"],\"url\":\"https:\/\/enlatitud25.com\/news\/author\/nnews-uss00\/\"}]}<\/script>\n<!-- \/ Yoast SEO plugin. -->","yoast_head_json":{"title":"Erico Galeano se pas\u00f3 de la raya y ahora hasta el cartismo pide su desafuero &ndash; Latitud25","description":"Mir\u00e1 nuestros reportajes audiovisuales y seguinos para enterarte de las \u00faltimas noticias de Paraguay y el mundo, desde la Latitud25. Somos Alternativa de Informaci\u00f3n.","robots":{"index":"index","follow":"follow","max-snippet":"max-snippet:-1","max-image-preview":"max-image-preview:large","max-video-preview":"max-video-preview:-1"},"canonical":"https:\/\/enlatitud25.com\/news\/erico-galeano-se-paso-de-la-raya-y-ahora-hasta-el-cartismo-pide-su-desafuero\/","og_locale":"es_ES","og_type":"article","og_title":"Erico Galeano se pas\u00f3 de la raya y ahora hasta el cartismo pide su desafuero &ndash; Latitud25","og_description":"Mir\u00e1 nuestros reportajes audiovisuales y seguinos para enterarte de las \u00faltimas noticias de Paraguay y el mundo, desde la Latitud25. Somos Alternativa de Informaci\u00f3n.","og_url":"https:\/\/enlatitud25.com\/news\/erico-galeano-se-paso-de-la-raya-y-ahora-hasta-el-cartismo-pide-su-desafuero\/","og_site_name":"Latitud25","article_publisher":"https:\/\/www.facebook.com\/EnLatitud25","article_author":"https:\/\/www.facebook.com\/EnLatitud25","article_published_time":"2023-05-23T18:45:05+00:00","article_modified_time":"2023-05-23T18:45:07+00:00","og_image":[{"width":800,"height":500,"url":"https:\/\/enlatitud25.com\/news\/wp-content\/uploads\/2023\/05\/Pag0-Erico-galeano-investigacio\u0301n_.jpg","type":"image\/jpeg"}],"author":"Latitud 25","twitter_card":"summary_large_image","twitter_creator":"@EnLatitud25","twitter_site":"@EnLatitud25","twitter_misc":{"Escrito por":"Latitud 25","Tiempo de lectura":"5 minutos"},"schema":{"@context":"https:\/\/schema.org","@graph":[{"@type":"Article","@id":"https:\/\/enlatitud25.com\/news\/erico-galeano-se-paso-de-la-raya-y-ahora-hasta-el-cartismo-pide-su-desafuero\/#article","isPartOf":{"@id":"https:\/\/enlatitud25.com\/news\/erico-galeano-se-paso-de-la-raya-y-ahora-hasta-el-cartismo-pide-su-desafuero\/"},"author":{"name":"Latitud 25","@id":"https:\/\/enlatitud25.com\/news\/#\/schema\/person\/23aafe968917005a721b8eb760f2586e"},"headline":"Erico Galeano se pas\u00f3 de la raya y ahora hasta el cartismo pide su desafuero","datePublished":"2023-05-23T18:45:05+00:00","dateModified":"2023-05-23T18:45:07+00:00","mainEntityOfPage":{"@id":"https:\/\/enlatitud25.com\/news\/erico-galeano-se-paso-de-la-raya-y-ahora-hasta-el-cartismo-pide-su-desafuero\/"},"wordCount":1053,"publisher":{"@id":"https:\/\/enlatitud25.com\/news\/#organization"},"articleSection":["Pol\u00edtica"],"inLanguage":"es"},{"@type":"WebPage","@id":"https:\/\/enlatitud25.com\/news\/erico-galeano-se-paso-de-la-raya-y-ahora-hasta-el-cartismo-pide-su-desafuero\/","url":"https:\/\/enlatitud25.com\/news\/erico-galeano-se-paso-de-la-raya-y-ahora-hasta-el-cartismo-pide-su-desafuero\/","name":"Erico Galeano se pas\u00f3 de la raya y ahora hasta el cartismo pide su desafuero &ndash; Latitud25","isPartOf":{"@id":"https:\/\/enlatitud25.com\/news\/#website"},"datePublished":"2023-05-23T18:45:05+00:00","dateModified":"2023-05-23T18:45:07+00:00","description":"Mir\u00e1 nuestros reportajes audiovisuales y seguinos para enterarte de las \u00faltimas noticias de Paraguay y el mundo, desde la Latitud25. Somos Alternativa de Informaci\u00f3n.","breadcrumb":{"@id":"https:\/\/enlatitud25.com\/news\/erico-galeano-se-paso-de-la-raya-y-ahora-hasta-el-cartismo-pide-su-desafuero\/#breadcrumb"},"inLanguage":"es","potentialAction":[{"@type":"ReadAction","target":["https:\/\/enlatitud25.com\/news\/erico-galeano-se-paso-de-la-raya-y-ahora-hasta-el-cartismo-pide-su-desafuero\/"]}]},{"@type":"BreadcrumbList","@id":"https:\/\/enlatitud25.com\/news\/erico-galeano-se-paso-de-la-raya-y-ahora-hasta-el-cartismo-pide-su-desafuero\/#breadcrumb","itemListElement":[{"@type":"ListItem","position":1,"name":"Home","item":"https:\/\/enlatitud25.com\/news\/"},{"@type":"ListItem","position":2,"name":"Erico Galeano se pas\u00f3 de la raya y ahora hasta el cartismo pide su desafuero"}]},{"@type":"WebSite","@id":"https:\/\/enlatitud25.com\/news\/#website","url":"https:\/\/enlatitud25.com\/news\/","name":"Latitud25","description":"news","publisher":{"@id":"https:\/\/enlatitud25.com\/news\/#organization"},"potentialAction":[{"@type":"SearchAction","target":{"@type":"EntryPoint","urlTemplate":"https:\/\/enlatitud25.com\/news\/?s={search_term_string}"},"query-input":"required name=search_term_string"}],"inLanguage":"es"},{"@type":"Organization","@id":"https:\/\/enlatitud25.com\/news\/#organization","name":"Latitud 25 - News","url":"https:\/\/enlatitud25.com\/news\/","logo":{"@type":"ImageObject","inLanguage":"es","@id":"https:\/\/enlatitud25.com\/news\/#\/schema\/logo\/image\/","url":"https:\/\/enlatitud25.com\/news\/wp-content\/uploads\/2020\/11\/logo_latitud.png","contentUrl":"https:\/\/enlatitud25.com\/news\/wp-content\/uploads\/2020\/11\/logo_latitud.png","width":235,"height":39,"caption":"Latitud 25 - News"},"image":{"@id":"https:\/\/enlatitud25.com\/news\/#\/schema\/logo\/image\/"},"sameAs":["https:\/\/www.facebook.com\/EnLatitud25","https:\/\/twitter.com\/EnLatitud25","https:\/\/www.instagram.com\/enlatitud25\/","https:\/\/www.youtube.com\/user\/desdelatitud25"]},{"@type":"Person","@id":"https:\/\/enlatitud25.com\/news\/#\/schema\/person\/23aafe968917005a721b8eb760f2586e","name":"Latitud 25","sameAs":["https:\/\/enlatitud25.com\/news","https:\/\/www.facebook.com\/EnLatitud25","https:\/\/www.instagram.com\/enlatitud25","https:\/\/www.youtube.com\/user\/desdelatitud25","https:\/\/soundcloud.com\/enlatitud25"],"url":"https:\/\/enlatitud25.com\/news\/author\/nnews-uss00\/"}]}},"_links":{"self":[{"href":"https:\/\/enlatitud25.com\/news\/wp-json\/wp\/v2\/posts\/15164"}],"collection":[{"href":"https:\/\/enlatitud25.com\/news\/wp-json\/wp\/v2\/posts"}],"about":[{"href":"https:\/\/enlatitud25.com\/news\/wp-json\/wp\/v2\/types\/post"}],"author":[{"embeddable":true,"href":"https:\/\/enlatitud25.com\/news\/wp-json\/wp\/v2\/users\/1"}],"replies":[{"embeddable":true,"href":"https:\/\/enlatitud25.com\/news\/wp-json\/wp\/v2\/comments?post=15164"}],"version-history":[{"count":12,"href":"https:\/\/enlatitud25.com\/news\/wp-json\/wp\/v2\/posts\/15164\/revisions"}],"predecessor-version":[{"id":15187,"href":"https:\/\/enlatitud25.com\/news\/wp-json\/wp\/v2\/posts\/15164\/revisions\/15187"}],"wp:featuredmedia":[{"embeddable":true,"href":"https:\/\/enlatitud25.com\/news\/wp-json\/wp\/v2\/media\/15176"}],"wp:attachment":[{"href":"https:\/\/enlatitud25.com\/news\/wp-json\/wp\/v2\/media?parent=15164"}],"wp:term":[{"taxonomy":"category","embeddable":true,"href":"https:\/\/enlatitud25.com\/news\/wp-json\/wp\/v2\/categories?post=15164"},{"taxonomy":"post_tag","embeddable":true,"href":"https:\/\/enlatitud25.com\/news\/wp-json\/wp\/v2\/tags?post=15164"},{"taxonomy":"ubicacion","embeddable":true,"href":"https:\/\/enlatitud25.com\/news\/wp-json\/wp\/v2\/ubicacion?post=15164"}],"curies":[{"name":"wp","href":"https:\/\/api.w.org\/{rel}","templated":true}]}}