{"id":15070,"date":"2023-05-18T16:54:28","date_gmt":"2023-05-18T16:54:28","guid":{"rendered":"https:\/\/enlatitud25.com\/news\/?p=15070"},"modified":"2023-05-18T17:04:11","modified_gmt":"2023-05-18T17:04:11","slug":"castigan-violencia-digital-contra-menchi-barriocanal","status":"publish","type":"post","link":"https:\/\/enlatitud25.com\/news\/castigan-violencia-digital-contra-menchi-barriocanal\/","title":{"rendered":"Castigan violencia digital contra Menchi Barriocanal"},"content":{"rendered":"\n<p>La comunicadora Menchi Barriocanal hab\u00eda denunciado a Juan Vera, dirigente de movimientos autodenominados pro-vida, por instar a sus contactos de WhatsApp a que la hostiguen, proporcionando de manera p\u00fablica su n\u00famero de celular privado. El juicio oral y p\u00fablico empez\u00f3 el pasado 11 de mayo. <\/p>\n\n\n\n<p>Hoy la jueza Mesalina Fern\u00e1ndez resolvi\u00f3 que Juan Vera ha cometido el hecho punible de lesi\u00f3n a la intimidad. Si bien la querella hab\u00eda solicitado una multa de G 82.950.000 como castigo al acusado Juan Vera, la magistrada determin\u00f3 una multa de G. 52 millones, no sin antes argumentar el motivo.<\/p>\n\n\n\n<p>Le\u00e9 m\u00e1s: <a href=\"https:\/\/enlatitud25.com\/news\/menchi-denuncia-acoso-digital-y-exige-frenar-violencia-de-grupos-antiderechos\/\" target=\"_blank\" rel=\"noreferrer noopener\">Menchi denuncia acoso digital y exige frenar violencia de grupos antiderechos<\/a><\/p>\n\n\n\n<h4 id=\"si-es-delito-difundir-sin-consentimiento-un-contacto-privado\" class=\"wp-block-heading\">S\u00ed es delito difundir sin consentimiento un contacto privado<\/h4>\n\n\n\n<p>Durante la lectura de la sentencia, la jueza hizo mucho \u00e9nfasis en los Derechos Humanos consagrados en la Constituci\u00f3n Nacional y en tratados internacionales consignados por Paraguay. Resalt\u00f3 aquellos relacionados con la intimidad de las personas y con la integridad de las mismas. <\/p>\n\n\n\n<p>Fern\u00e1ndez asever\u00f3 que en dato personal no se trata \u00fanicamente de proporcionar un dato \u00edntimo. Subray\u00f3 que un dato personal tambi\u00e9n se refiere a cualquier informaci\u00f3n que pueda ser utilizada para identificar a una persona. <\/p>\n\n\n\n<p>Manifest\u00f3 que los datos personales son todos aquellos concernientes a una persona f\u00edsica o jur\u00eddica identificada capaz de revelar informaci\u00f3n. Por ejemplo, su n\u00famero telef\u00f3nico de celular. <\/p>\n\n\n\n<p>&#8220;Estos datos personales son inherentes a la personalidad y tienen relaci\u00f3n con la dignidad misma del ser humano, proclamada en el pre\u00e1mbulo de nuestra Constituci\u00f3n. Por ello, es fundamental proteger la identidad y la imagen de las personas ante cualquier menoscabo ante la violaci\u00f3n del \u00e1mbito privado de las personas&#8221;, argument\u00f3.<\/p>\n\n\n\n<figure class=\"wp-block-image size-full\"><img decoding=\"async\" loading=\"lazy\" width=\"800\" height=\"500\" src=\"https:\/\/enlatitud25.com\/news\/wp-content\/uploads\/2023\/05\/pag3-Menchi-Barriocanal-Denuncia.jpg\" alt=\"\" class=\"wp-image-15076\" srcset=\"https:\/\/enlatitud25.com\/news\/wp-content\/uploads\/2023\/05\/pag3-Menchi-Barriocanal-Denuncia.jpg 800w, https:\/\/enlatitud25.com\/news\/wp-content\/uploads\/2023\/05\/pag3-Menchi-Barriocanal-Denuncia-300x188.jpg 300w, https:\/\/enlatitud25.com\/news\/wp-content\/uploads\/2023\/05\/pag3-Menchi-Barriocanal-Denuncia-768x480.jpg 768w, https:\/\/enlatitud25.com\/news\/wp-content\/uploads\/2023\/05\/pag3-Menchi-Barriocanal-Denuncia-380x238.jpg 380w\" sizes=\"(max-width: 800px) 100vw, 800px\" \/><\/figure>\n\n\n\n<p>Agreg\u00f3 que publicar datos de tel\u00e9fono de una persona incluso puede estar relacionado a robo de identidad, acoso y puede dar lugar a espiar el m\u00f3vil de manera remota, entre otras agresiones o amedrentamientos que cit\u00f3. <\/p>\n\n\n\n<p>&#8220;Entonces s\u00ed es delito difundir ese n\u00famero sin consentimiento del titular a un n\u00famero indeterminado de personas&#8221;, subray\u00f3.<\/p>\n\n\n\n<p>&#8220;\u00bfC\u00f3mo puede afectar dar un n\u00famero de tel\u00e9fono como lo hizo el se\u00f1or Juan Vera? La hija de la se\u00f1ora Barriocanal dijo que es como que una turba ingrese a tu casa sin permiso&#8221;, puntualiz\u00f3. <\/p>\n\n\n\n<h4 id=\"el-descargo-de-menchi\" class=\"wp-block-heading\">El descargo de Menchi<\/h4>\n\n\n\n<p>Menchi Barriocanal antes de la sentencia habl\u00f3 ante el juzgado y adem\u00e1s se refiri\u00f3 directamente Juan Vera y a sus abogados. Afirm\u00f3 que durante su carrera ha recibido innumerables insultos, difamaci\u00f3n y calumnia en redes sociales, lo cual ha sabido manejar porque considera que son parte de las reglas del juego. <\/p>\n\n\n\n<p>Sin embargo, asegur\u00f3 que en sus 41 a\u00f1os de trabajo, jam\u00e1s le pas\u00f3 que alguien expusiera de manera p\u00fablica su tel\u00e9fono para insultarla y hostigarla.<\/p>\n\n\n\n<figure class=\"wp-block-image size-full\"><img decoding=\"async\" loading=\"lazy\" width=\"800\" height=\"500\" src=\"https:\/\/enlatitud25.com\/news\/wp-content\/uploads\/2023\/05\/pag5-Menchi-Barriocanal-Denuncia.jpg\" alt=\"\" class=\"wp-image-15077\" srcset=\"https:\/\/enlatitud25.com\/news\/wp-content\/uploads\/2023\/05\/pag5-Menchi-Barriocanal-Denuncia.jpg 800w, https:\/\/enlatitud25.com\/news\/wp-content\/uploads\/2023\/05\/pag5-Menchi-Barriocanal-Denuncia-300x188.jpg 300w, https:\/\/enlatitud25.com\/news\/wp-content\/uploads\/2023\/05\/pag5-Menchi-Barriocanal-Denuncia-768x480.jpg 768w, https:\/\/enlatitud25.com\/news\/wp-content\/uploads\/2023\/05\/pag5-Menchi-Barriocanal-Denuncia-380x238.jpg 380w\" sizes=\"(max-width: 800px) 100vw, 800px\" \/><\/figure>\n\n\n\n<p>&#8220;Nunca antes recib\u00ed tantos mensajes de odio en mi tel\u00e9fono celular. Yo puedo tener el tel\u00e9fono celular de todo el pa\u00eds, pero eso no me permite hacerlo p\u00fablico en redes sociales. Es m\u00e1s, cuando mi abogado le pregunt\u00f3 a las telefon\u00edas para saber si ese n\u00famero correspond\u00eda al se\u00f1or Juan Vera, no se nos respondi\u00f3, porque la ley establece que esa informaci\u00f3n se tiene que solicitar a trav\u00e9s de un oficio que se debe hacer a trav\u00e9s de este despacho\u201d dijo Barriocanal. <\/p>\n\n\n\n<p>Menchi continu\u00f3 su descargo ante el tribunal, fustigando duramente contra la actitud de Vera, quien, pese a pedir a pedir disculpas p\u00fablicas, no reconoci\u00f3 la responsabilidad del hecho, al asegurar que lamentaba lo hab\u00eda ocurrido con la comunicadora, como un da\u00f1o colateral y no como un hecho provocado por el ahora condenado. <br><\/p>\n\n\n\n<p>\u201cSi las telefon\u00edas de celular son tan celosas de los datos de sus clientes; \u00bfQu\u00e9 derecho tiene Juan Vera de poner mi tel\u00e9fono y hacerlo p\u00fablico. Le quiero decir tambi\u00e9n a los abogados: \u00bfQu\u00e9 saben ustedes de lo que pas\u00f3 en mi interior cuando recib\u00ed esa cantidad de difamaciones que usted propin\u00f3\u201d, dijo vehemente Barriocanal apuntando con el dedo al condenado y sus abogados. <br><\/p>\n\n\n\n<p>Culmin\u00f3 su intervenci\u00f3n, asegurando que si ese contacto no hubiera sido expuesto, el ataque telem\u00e1tico no habr\u00eda existido. <\/p>\n\n\n\n<p>\u201cPorque si usted no hac\u00eda p\u00fablica esa informaci\u00f3n y difund\u00eda esa cantidad de flayers, nadie me hubiera insultado a m\u00ed en mi tel\u00e9fono celular&#8221;, enfatiz\u00f3 Menchi Barriocanal refiri\u00e9ndose nuevamente a Juan Vera.<\/p>\n\n\n\n<h4 id=\"el-pedido-de-disculpas-sin-culpas\" class=\"wp-block-heading\">El pedido de \u201cdisculpas\u201d sin culpas<\/h4>\n\n\n\n<p>Juan Vera el d\u00eda de ayer, durante el juicio pidi\u00f3 disculpas indirectamente pero no reconoci\u00f3 el hecho, seg\u00fan lo se\u00f1alado por la jueza. <\/p>\n\n\n\n<p>En su declaraci\u00f3n, Vera afirma que no tuvo intenciones de afectarle y hasta se compar\u00f3 con ella. &#8220;Lamento mucho lo que pas\u00f3 contigo. El mensaje que sali\u00f3 no tuvo ning\u00fan inter\u00e9s de afectar la intimidad de una mujer, porque sos una mujer luchadora (&#8230;) Desde el principio le\u00ed tu curr\u00edculum y vos hac\u00e9s por convicci\u00f3n, nos parecemos much\u00edsimo y eso me hace valorarte m\u00e1s todav\u00eda&#8221;, manifest\u00f3.<\/p>\n\n\n\n<p><\/p>\n\n\n\n<figure class=\"wp-block-image size-full\"><img decoding=\"async\" loading=\"lazy\" width=\"800\" height=\"500\" src=\"https:\/\/enlatitud25.com\/news\/wp-content\/uploads\/2023\/05\/pag4-Menchi-Barriocanal-Denuncia.jpg\" alt=\"\" class=\"wp-image-15095\" srcset=\"https:\/\/enlatitud25.com\/news\/wp-content\/uploads\/2023\/05\/pag4-Menchi-Barriocanal-Denuncia.jpg 800w, https:\/\/enlatitud25.com\/news\/wp-content\/uploads\/2023\/05\/pag4-Menchi-Barriocanal-Denuncia-300x188.jpg 300w, https:\/\/enlatitud25.com\/news\/wp-content\/uploads\/2023\/05\/pag4-Menchi-Barriocanal-Denuncia-768x480.jpg 768w, https:\/\/enlatitud25.com\/news\/wp-content\/uploads\/2023\/05\/pag4-Menchi-Barriocanal-Denuncia-380x238.jpg 380w\" sizes=\"(max-width: 800px) 100vw, 800px\" \/><\/figure>\n\n\n\n<p><\/p>\n","protected":false},"excerpt":{"rendered":"Juan Vera, dirigente de los autodenominados movimientos provida fue declarado culpable por lesi\u00f3n a la intimidad de Menchi Barriocanal. La Jueza estableci\u00f3 una multa de G. 52 millones como castigo por difundir a trav\u00e9s de medios digitales el n\u00famero privado de la periodista Menchi Barriocanal. Los detalles en esta nota.\n","protected":false},"author":1,"featured_media":15072,"comment_status":"closed","ping_status":"closed","sticky":false,"template":"","format":"standard","meta":[],"categories":[12],"tags":[],"ubicacion":[18],"yoast_head":"<!-- This site is optimized with the Yoast SEO plugin v20.8 - https:\/\/yoast.com\/wordpress\/plugins\/seo\/ -->\n<title>Castigan violencia digital contra Menchi Barriocanal &ndash; Latitud25<\/title>\n<meta name=\"description\" content=\"Juan Vera, dirigente de los autodenominados movimientos provida fue declarado culpable por lesi\u00f3n a la intimidad de Menchi Barriocanal. Los detalles en esta nota.\" \/>\n<meta name=\"robots\" content=\"index, follow, max-snippet:-1, max-image-preview:large, max-video-preview:-1\" \/>\n<link rel=\"canonical\" href=\"https:\/\/enlatitud25.com\/news\/castigan-violencia-digital-contra-menchi-barriocanal\/\" \/>\n<meta property=\"og:locale\" content=\"es_ES\" \/>\n<meta property=\"og:type\" content=\"article\" \/>\n<meta property=\"og:title\" content=\"Castigan violencia digital contra Menchi Barriocanal &ndash; Latitud25\" \/>\n<meta property=\"og:description\" content=\"Juan Vera, dirigente de los autodenominados movimientos provida fue declarado culpable por lesi\u00f3n a la intimidad de Menchi Barriocanal. Los detalles en esta nota.\" \/>\n<meta property=\"og:url\" content=\"https:\/\/enlatitud25.com\/news\/castigan-violencia-digital-contra-menchi-barriocanal\/\" \/>\n<meta property=\"og:site_name\" content=\"Latitud25\" \/>\n<meta property=\"article:publisher\" content=\"https:\/\/www.facebook.com\/EnLatitud25\" \/>\n<meta property=\"article:author\" content=\"https:\/\/www.facebook.com\/EnLatitud25\" \/>\n<meta property=\"article:published_time\" content=\"2023-05-18T16:54:28+00:00\" \/>\n<meta property=\"article:modified_time\" content=\"2023-05-18T17:04:11+00:00\" \/>\n<meta property=\"og:image\" content=\"https:\/\/enlatitud25.com\/news\/wp-content\/uploads\/2023\/05\/pag0-Menchi-Barriocanal-Denuncia.jpg\" \/>\n\t<meta property=\"og:image:width\" content=\"800\" \/>\n\t<meta property=\"og:image:height\" content=\"500\" \/>\n\t<meta property=\"og:image:type\" content=\"image\/jpeg\" \/>\n<meta name=\"author\" content=\"Latitud 25\" \/>\n<meta name=\"twitter:card\" content=\"summary_large_image\" \/>\n<meta name=\"twitter:creator\" content=\"@EnLatitud25\" \/>\n<meta name=\"twitter:site\" content=\"@EnLatitud25\" \/>\n<meta name=\"twitter:label1\" content=\"Escrito por\" \/>\n\t<meta name=\"twitter:data1\" content=\"Latitud 25\" \/>\n\t<meta name=\"twitter:label2\" content=\"Tiempo de lectura\" \/>\n\t<meta name=\"twitter:data2\" content=\"5 minutos\" \/>\n<script type=\"application\/ld+json\" class=\"yoast-schema-graph\">{\"@context\":\"https:\/\/schema.org\",\"@graph\":[{\"@type\":\"Article\",\"@id\":\"https:\/\/enlatitud25.com\/news\/castigan-violencia-digital-contra-menchi-barriocanal\/#article\",\"isPartOf\":{\"@id\":\"https:\/\/enlatitud25.com\/news\/castigan-violencia-digital-contra-menchi-barriocanal\/\"},\"author\":{\"name\":\"Latitud 25\",\"@id\":\"https:\/\/enlatitud25.com\/news\/#\/schema\/person\/23aafe968917005a721b8eb760f2586e\"},\"headline\":\"Castigan violencia digital contra Menchi Barriocanal\",\"datePublished\":\"2023-05-18T16:54:28+00:00\",\"dateModified\":\"2023-05-18T17:04:11+00:00\",\"mainEntityOfPage\":{\"@id\":\"https:\/\/enlatitud25.com\/news\/castigan-violencia-digital-contra-menchi-barriocanal\/\"},\"wordCount\":863,\"publisher\":{\"@id\":\"https:\/\/enlatitud25.com\/news\/#organization\"},\"articleSection\":[\"Realidad\"],\"inLanguage\":\"es\"},{\"@type\":\"WebPage\",\"@id\":\"https:\/\/enlatitud25.com\/news\/castigan-violencia-digital-contra-menchi-barriocanal\/\",\"url\":\"https:\/\/enlatitud25.com\/news\/castigan-violencia-digital-contra-menchi-barriocanal\/\",\"name\":\"Castigan violencia digital contra Menchi Barriocanal &ndash; Latitud25\",\"isPartOf\":{\"@id\":\"https:\/\/enlatitud25.com\/news\/#website\"},\"datePublished\":\"2023-05-18T16:54:28+00:00\",\"dateModified\":\"2023-05-18T17:04:11+00:00\",\"description\":\"Juan Vera, dirigente de los autodenominados movimientos provida fue declarado culpable por lesi\u00f3n a la intimidad de Menchi Barriocanal. Los detalles en esta nota.\",\"breadcrumb\":{\"@id\":\"https:\/\/enlatitud25.com\/news\/castigan-violencia-digital-contra-menchi-barriocanal\/#breadcrumb\"},\"inLanguage\":\"es\",\"potentialAction\":[{\"@type\":\"ReadAction\",\"target\":[\"https:\/\/enlatitud25.com\/news\/castigan-violencia-digital-contra-menchi-barriocanal\/\"]}]},{\"@type\":\"BreadcrumbList\",\"@id\":\"https:\/\/enlatitud25.com\/news\/castigan-violencia-digital-contra-menchi-barriocanal\/#breadcrumb\",\"itemListElement\":[{\"@type\":\"ListItem\",\"position\":1,\"name\":\"Home\",\"item\":\"https:\/\/enlatitud25.com\/news\/\"},{\"@type\":\"ListItem\",\"position\":2,\"name\":\"Castigan violencia digital contra Menchi Barriocanal\"}]},{\"@type\":\"WebSite\",\"@id\":\"https:\/\/enlatitud25.com\/news\/#website\",\"url\":\"https:\/\/enlatitud25.com\/news\/\",\"name\":\"Latitud25\",\"description\":\"news\",\"publisher\":{\"@id\":\"https:\/\/enlatitud25.com\/news\/#organization\"},\"potentialAction\":[{\"@type\":\"SearchAction\",\"target\":{\"@type\":\"EntryPoint\",\"urlTemplate\":\"https:\/\/enlatitud25.com\/news\/?s={search_term_string}\"},\"query-input\":\"required name=search_term_string\"}],\"inLanguage\":\"es\"},{\"@type\":\"Organization\",\"@id\":\"https:\/\/enlatitud25.com\/news\/#organization\",\"name\":\"Latitud 25 - News\",\"url\":\"https:\/\/enlatitud25.com\/news\/\",\"logo\":{\"@type\":\"ImageObject\",\"inLanguage\":\"es\",\"@id\":\"https:\/\/enlatitud25.com\/news\/#\/schema\/logo\/image\/\",\"url\":\"https:\/\/enlatitud25.com\/news\/wp-content\/uploads\/2020\/11\/logo_latitud.png\",\"contentUrl\":\"https:\/\/enlatitud25.com\/news\/wp-content\/uploads\/2020\/11\/logo_latitud.png\",\"width\":235,\"height\":39,\"caption\":\"Latitud 25 - News\"},\"image\":{\"@id\":\"https:\/\/enlatitud25.com\/news\/#\/schema\/logo\/image\/\"},\"sameAs\":[\"https:\/\/www.facebook.com\/EnLatitud25\",\"https:\/\/twitter.com\/EnLatitud25\",\"https:\/\/www.instagram.com\/enlatitud25\/\",\"https:\/\/www.youtube.com\/user\/desdelatitud25\"]},{\"@type\":\"Person\",\"@id\":\"https:\/\/enlatitud25.com\/news\/#\/schema\/person\/23aafe968917005a721b8eb760f2586e\",\"name\":\"Latitud 25\",\"sameAs\":[\"https:\/\/enlatitud25.com\/news\",\"https:\/\/www.facebook.com\/EnLatitud25\",\"https:\/\/www.instagram.com\/enlatitud25\",\"https:\/\/www.youtube.com\/user\/desdelatitud25\",\"https:\/\/soundcloud.com\/enlatitud25\"],\"url\":\"https:\/\/enlatitud25.com\/news\/author\/nnews-uss00\/\"}]}<\/script>\n<!-- \/ Yoast SEO plugin. -->","yoast_head_json":{"title":"Castigan violencia digital contra Menchi Barriocanal &ndash; Latitud25","description":"Juan Vera, dirigente de los autodenominados movimientos provida fue declarado culpable por lesi\u00f3n a la intimidad de Menchi Barriocanal. Los detalles en esta nota.","robots":{"index":"index","follow":"follow","max-snippet":"max-snippet:-1","max-image-preview":"max-image-preview:large","max-video-preview":"max-video-preview:-1"},"canonical":"https:\/\/enlatitud25.com\/news\/castigan-violencia-digital-contra-menchi-barriocanal\/","og_locale":"es_ES","og_type":"article","og_title":"Castigan violencia digital contra Menchi Barriocanal &ndash; Latitud25","og_description":"Juan Vera, dirigente de los autodenominados movimientos provida fue declarado culpable por lesi\u00f3n a la intimidad de Menchi Barriocanal. Los detalles en esta nota.","og_url":"https:\/\/enlatitud25.com\/news\/castigan-violencia-digital-contra-menchi-barriocanal\/","og_site_name":"Latitud25","article_publisher":"https:\/\/www.facebook.com\/EnLatitud25","article_author":"https:\/\/www.facebook.com\/EnLatitud25","article_published_time":"2023-05-18T16:54:28+00:00","article_modified_time":"2023-05-18T17:04:11+00:00","og_image":[{"width":800,"height":500,"url":"https:\/\/enlatitud25.com\/news\/wp-content\/uploads\/2023\/05\/pag0-Menchi-Barriocanal-Denuncia.jpg","type":"image\/jpeg"}],"author":"Latitud 25","twitter_card":"summary_large_image","twitter_creator":"@EnLatitud25","twitter_site":"@EnLatitud25","twitter_misc":{"Escrito por":"Latitud 25","Tiempo de lectura":"5 minutos"},"schema":{"@context":"https:\/\/schema.org","@graph":[{"@type":"Article","@id":"https:\/\/enlatitud25.com\/news\/castigan-violencia-digital-contra-menchi-barriocanal\/#article","isPartOf":{"@id":"https:\/\/enlatitud25.com\/news\/castigan-violencia-digital-contra-menchi-barriocanal\/"},"author":{"name":"Latitud 25","@id":"https:\/\/enlatitud25.com\/news\/#\/schema\/person\/23aafe968917005a721b8eb760f2586e"},"headline":"Castigan violencia digital contra Menchi Barriocanal","datePublished":"2023-05-18T16:54:28+00:00","dateModified":"2023-05-18T17:04:11+00:00","mainEntityOfPage":{"@id":"https:\/\/enlatitud25.com\/news\/castigan-violencia-digital-contra-menchi-barriocanal\/"},"wordCount":863,"publisher":{"@id":"https:\/\/enlatitud25.com\/news\/#organization"},"articleSection":["Realidad"],"inLanguage":"es"},{"@type":"WebPage","@id":"https:\/\/enlatitud25.com\/news\/castigan-violencia-digital-contra-menchi-barriocanal\/","url":"https:\/\/enlatitud25.com\/news\/castigan-violencia-digital-contra-menchi-barriocanal\/","name":"Castigan violencia digital contra Menchi Barriocanal &ndash; Latitud25","isPartOf":{"@id":"https:\/\/enlatitud25.com\/news\/#website"},"datePublished":"2023-05-18T16:54:28+00:00","dateModified":"2023-05-18T17:04:11+00:00","description":"Juan Vera, dirigente de los autodenominados movimientos provida fue declarado culpable por lesi\u00f3n a la intimidad de Menchi Barriocanal. Los detalles en esta nota.","breadcrumb":{"@id":"https:\/\/enlatitud25.com\/news\/castigan-violencia-digital-contra-menchi-barriocanal\/#breadcrumb"},"inLanguage":"es","potentialAction":[{"@type":"ReadAction","target":["https:\/\/enlatitud25.com\/news\/castigan-violencia-digital-contra-menchi-barriocanal\/"]}]},{"@type":"BreadcrumbList","@id":"https:\/\/enlatitud25.com\/news\/castigan-violencia-digital-contra-menchi-barriocanal\/#breadcrumb","itemListElement":[{"@type":"ListItem","position":1,"name":"Home","item":"https:\/\/enlatitud25.com\/news\/"},{"@type":"ListItem","position":2,"name":"Castigan violencia digital contra Menchi Barriocanal"}]},{"@type":"WebSite","@id":"https:\/\/enlatitud25.com\/news\/#website","url":"https:\/\/enlatitud25.com\/news\/","name":"Latitud25","description":"news","publisher":{"@id":"https:\/\/enlatitud25.com\/news\/#organization"},"potentialAction":[{"@type":"SearchAction","target":{"@type":"EntryPoint","urlTemplate":"https:\/\/enlatitud25.com\/news\/?s={search_term_string}"},"query-input":"required name=search_term_string"}],"inLanguage":"es"},{"@type":"Organization","@id":"https:\/\/enlatitud25.com\/news\/#organization","name":"Latitud 25 - News","url":"https:\/\/enlatitud25.com\/news\/","logo":{"@type":"ImageObject","inLanguage":"es","@id":"https:\/\/enlatitud25.com\/news\/#\/schema\/logo\/image\/","url":"https:\/\/enlatitud25.com\/news\/wp-content\/uploads\/2020\/11\/logo_latitud.png","contentUrl":"https:\/\/enlatitud25.com\/news\/wp-content\/uploads\/2020\/11\/logo_latitud.png","width":235,"height":39,"caption":"Latitud 25 - News"},"image":{"@id":"https:\/\/enlatitud25.com\/news\/#\/schema\/logo\/image\/"},"sameAs":["https:\/\/www.facebook.com\/EnLatitud25","https:\/\/twitter.com\/EnLatitud25","https:\/\/www.instagram.com\/enlatitud25\/","https:\/\/www.youtube.com\/user\/desdelatitud25"]},{"@type":"Person","@id":"https:\/\/enlatitud25.com\/news\/#\/schema\/person\/23aafe968917005a721b8eb760f2586e","name":"Latitud 25","sameAs":["https:\/\/enlatitud25.com\/news","https:\/\/www.facebook.com\/EnLatitud25","https:\/\/www.instagram.com\/enlatitud25","https:\/\/www.youtube.com\/user\/desdelatitud25","https:\/\/soundcloud.com\/enlatitud25"],"url":"https:\/\/enlatitud25.com\/news\/author\/nnews-uss00\/"}]}},"_links":{"self":[{"href":"https:\/\/enlatitud25.com\/news\/wp-json\/wp\/v2\/posts\/15070"}],"collection":[{"href":"https:\/\/enlatitud25.com\/news\/wp-json\/wp\/v2\/posts"}],"about":[{"href":"https:\/\/enlatitud25.com\/news\/wp-json\/wp\/v2\/types\/post"}],"author":[{"embeddable":true,"href":"https:\/\/enlatitud25.com\/news\/wp-json\/wp\/v2\/users\/1"}],"replies":[{"embeddable":true,"href":"https:\/\/enlatitud25.com\/news\/wp-json\/wp\/v2\/comments?post=15070"}],"version-history":[{"count":12,"href":"https:\/\/enlatitud25.com\/news\/wp-json\/wp\/v2\/posts\/15070\/revisions"}],"predecessor-version":[{"id":15098,"href":"https:\/\/enlatitud25.com\/news\/wp-json\/wp\/v2\/posts\/15070\/revisions\/15098"}],"wp:featuredmedia":[{"embeddable":true,"href":"https:\/\/enlatitud25.com\/news\/wp-json\/wp\/v2\/media\/15072"}],"wp:attachment":[{"href":"https:\/\/enlatitud25.com\/news\/wp-json\/wp\/v2\/media?parent=15070"}],"wp:term":[{"taxonomy":"category","embeddable":true,"href":"https:\/\/enlatitud25.com\/news\/wp-json\/wp\/v2\/categories?post=15070"},{"taxonomy":"post_tag","embeddable":true,"href":"https:\/\/enlatitud25.com\/news\/wp-json\/wp\/v2\/tags?post=15070"},{"taxonomy":"ubicacion","embeddable":true,"href":"https:\/\/enlatitud25.com\/news\/wp-json\/wp\/v2\/ubicacion?post=15070"}],"curies":[{"name":"wp","href":"https:\/\/api.w.org\/{rel}","templated":true}]}}