{"id":15003,"date":"2023-05-11T22:13:35","date_gmt":"2023-05-11T22:13:35","guid":{"rendered":"https:\/\/enlatitud25.com\/news\/?p=15003"},"modified":"2023-05-11T22:13:37","modified_gmt":"2023-05-11T22:13:37","slug":"criminales-del-pcc-estan-aguardando-para-asumir-en-el-congreso-advierten","status":"publish","type":"post","link":"https:\/\/enlatitud25.com\/news\/criminales-del-pcc-estan-aguardando-para-asumir-en-el-congreso-advierten\/","title":{"rendered":"Criminales del PCC est\u00e1n aguardando para asumir en el Congreso, advierten"},"content":{"rendered":"\n<p>La ciudadan\u00eda paraguaya pretende negar que los grupos criminales transnacionales est\u00e1n permeando las instituciones del pa\u00eds y ganando m\u00e1s poder cada d\u00eda. Hay quienes todav\u00eda consideran, que no debemos temer al narcotr\u00e1fico y sus efectos, solo porque tiene su epicentro en ciudades fronterizas como Pedro Juan Caballero.<\/p>\n\n\n\n<p>Otro rasgo notable es la hist\u00f3rica creencia popular en zonas de alta actividad criminal. Esto ocurre, por ejemplo, en el departamento de Amambay, que si no te involucr\u00e1s en esos negocios il\u00edcitos ni entorpec\u00e9s su actividad, nada podr\u00eda pasarte.<\/p>\n\n\n\n<p>Sin embargo, cada d\u00eda se registran hechos significativos que son solo una muestra de que el narcotr\u00e1fico y el crimen organizando est\u00e1 ampliando su campo de acci\u00f3n. <\/p>\n\n\n\n<p>Hechos como el asesinato de la conocida modelo Cristina &#8220;Vita&#8221; Aranda \u2013en un festival de m\u00fasica en San Bernardino o el sicariato producido en el estacionamiento de un Superseis sobre la Avda. Espa\u00f1a, en Asunci\u00f3n, demuestran que ya no hay lugares espec\u00edficos en los que uno pueda estar alejado del peligro.<\/p>\n\n\n\n<p><strong>Le\u00e9 tambi\u00e9n: <a href=\"https:\/\/enlatitud25.com\/news\/samber-ya-no-es-solo-una-villa-de-verano-ahora-tambien-es-eje-logistico-de-narcos\/\" target=\"_blank\" rel=\"noreferrer noopener\">Samber ya no es solo una villa de verano, ahora tambi\u00e9n es eje log\u00edstico de narcos<\/a><\/strong><\/p>\n\n\n\n<p>Hoy, los integrantes activos de grupos criminales lograron esca\u00f1os en el Congreso Nacional y ser cabeza de importantes gobernaciones, seg\u00fan el especialista en criminolog\u00eda, <strong>Juan Martens.<\/strong> Durante una entrevista en RadioCast25, dio detalles sobre esta situaci\u00f3n y resalt\u00f3 c\u00f3mo puede afectar al pa\u00eds, adem\u00e1s de fortalecerse durante el pr\u00f3ximo gobierno de cinco a\u00f1os.<\/p>\n\n\n\n<figure class=\"wp-block-image size-full\"><img decoding=\"async\" loading=\"lazy\" width=\"800\" height=\"500\" src=\"https:\/\/enlatitud25.com\/news\/wp-content\/uploads\/2023\/05\/pag1-Transparencia-elecciones-1.jpg\" alt=\"\" class=\"wp-image-15022\" srcset=\"https:\/\/enlatitud25.com\/news\/wp-content\/uploads\/2023\/05\/pag1-Transparencia-elecciones-1.jpg 800w, https:\/\/enlatitud25.com\/news\/wp-content\/uploads\/2023\/05\/pag1-Transparencia-elecciones-1-300x188.jpg 300w, https:\/\/enlatitud25.com\/news\/wp-content\/uploads\/2023\/05\/pag1-Transparencia-elecciones-1-768x480.jpg 768w, https:\/\/enlatitud25.com\/news\/wp-content\/uploads\/2023\/05\/pag1-Transparencia-elecciones-1-380x238.jpg 380w\" sizes=\"(max-width: 800px) 100vw, 800px\" \/><\/figure>\n\n\n\n<h4 id=\"el-pcc-desembarca-en-el-congreso\" class=\"wp-block-heading\"><strong>El PCC desembarca en el Congreso<\/strong><\/h4>\n\n\n\n<p>En un primer momento, Juan Martens record\u00f3 una publicaci\u00f3n hecha en 2022. El estudio se denomina: <strong><a href=\"https:\/\/jetypeka.unp.edu.py\/index.php\/jpk\/article\/view\/23\" target=\"_blank\" rel=\"noreferrer noopener\">Din\u00e1micas y modalidades de participaci\u00f3n de actores pol\u00edtic<\/a>os<\/strong> <strong><a href=\"https:\/\/jetypeka.unp.edu.py\/index.php\/jpk\/article\/view\/23\" target=\"_blank\" rel=\"noreferrer noopener\">de Paraguay en el narcotr\u00e1fico<\/a>. <\/strong><\/p>\n\n\n\n<p>Record\u00f3 que este trabajo involucr\u00f3 a varias instituciones. A trav\u00e9s del mismo, se pudieron identificar la existencia de actores vinculados, muy estrechamente a la criminalidad internacional. Los mismos ten\u00edan lazos, por ejemplo, con el Primer Comando Capital (PCC). <\/p>\n\n\n\n<p>&#8220;Nos preocupaba mucho que ellos se candidaten, pero parec\u00eda lejana la posibilidad de que se conviertan en candidatos de sus partidos. Finalmente, se convirtieron y ganaron las elecciones&#8221;, resalt\u00f3. <\/p>\n\n\n\n<p>En ese punto, dijo que este es un paso m\u00e1s de esto que ven\u00edan diciendo desde hace unos 15 a\u00f1os. Advert\u00edan que Paraguay ten\u00eda financiamiento pol\u00edtico proveniente del narcotr\u00e1fico. De esa manera, financiaban a actores externos o met\u00edan a sus abogados a la pol\u00edtica. <\/p>\n\n\n\n<p>No obstante, refiere que despu\u00e9s se dio el siguiente paso: de formar parte de estructuras vinculadas al narcotr\u00e1fico, a formar parte de las instancias de poder, como el Congreso.<\/p>\n\n\n\n<p>&#8220;\u00bfRecord\u00e1s una denuncia que se hizo en 2014, desde el propio Parlamento? En el mismo se enlistaba a unas cuatro o cinco personas, por sus v\u00ednculos. Este es el siguiente paso, digamos, gente ya vinculada al narcotr\u00e1fico, a la criminalidad transnacional, a estos grupos de poder como al PCC, que ingresan al Parlamento&#8221;, enfatiza.<\/p>\n\n\n\n<p><strong>Nota relacionada: <a href=\"https:\/\/enlatitud25.com\/news\/cecilia-dice-que-algunas-leyes-no-ayudan-para-combatir-el-crimen-organizado\/\" target=\"_blank\" rel=\"noreferrer noopener\">Cecilia dice que \u201calgunas leyes no ayudan\u201d para combatir el crimen organizado<\/a><\/strong><\/p>\n\n\n\n<figure class=\"wp-block-image size-full\"><img decoding=\"async\" loading=\"lazy\" width=\"800\" height=\"500\" src=\"https:\/\/enlatitud25.com\/news\/wp-content\/uploads\/2023\/05\/pag0-Transparencia-elecciones-1.jpg\" alt=\"\" class=\"wp-image-15021\" srcset=\"https:\/\/enlatitud25.com\/news\/wp-content\/uploads\/2023\/05\/pag0-Transparencia-elecciones-1.jpg 800w, https:\/\/enlatitud25.com\/news\/wp-content\/uploads\/2023\/05\/pag0-Transparencia-elecciones-1-300x188.jpg 300w, https:\/\/enlatitud25.com\/news\/wp-content\/uploads\/2023\/05\/pag0-Transparencia-elecciones-1-768x480.jpg 768w, https:\/\/enlatitud25.com\/news\/wp-content\/uploads\/2023\/05\/pag0-Transparencia-elecciones-1-380x238.jpg 380w\" sizes=\"(max-width: 800px) 100vw, 800px\" \/><\/figure>\n\n\n\n<h4 id=\"del-crimen-domestico-al-trasnacional\" class=\"wp-block-heading\">Del crimen dom\u00e9stico al trasnacional<\/h4>\n\n\n\n<p>Martens explic\u00f3 que hay una diferencia clave en relaci\u00f3n a los nexos que exist\u00edan entre parlamentarios de per\u00edodos anteriores y grupos criminales, comparando lo que est\u00e1 ocurriendo actualmente. <\/p>\n\n\n\n<p>&#8220;Los legisladores o gobernadores no formaban parte de la estructura del PCC. Ahora ya no son simples narcotraficantes, no son simples empresarios, son miembros de estas estructuras. Hoy ya forman parte de redes transnacionales, est\u00e1n vinculados con Brasil, Colombia, M\u00e9xico y forman parte de una estructura jer\u00e1rquica&#8221;, asever\u00f3.<\/p>\n\n\n\n<p>Justamente en el estudio mencionado m\u00e1s arriba, hay un apartado que hace referencia a los niveles de participaci\u00f3n. Entre los \u00edtems la investigaci\u00f3n contempla a los &#8220;<strong>Integrantes de la estructura criminal&#8221;<\/strong>. El mismo hace un an\u00e1lisis en base a entrevistas hechas a personas que conoc\u00edan directamente estos casos. El apartado refiere textualmente lo siguiente:<\/p>\n\n\n\n<p>&#8220;Bajo esta categor\u00eda se analizan aquellos casos en los cuales los l\u00edderes y dirigentes pol\u00edticos realizan alguna acci\u00f3n directa m\u00e1s all\u00e1 de brindar colaboraci\u00f3n o informaci\u00f3n. Varios dirigentes y autoridades pol\u00edticas locales y regionales participan de manera directa y forman parte activa de la estructura criminal dedicada a la producci\u00f3n y tr\u00e1fico de drogas il\u00edcitas.<\/p>\n\n\n\n<p>En ese car\u00e1cter visitan sus lugares de producci\u00f3n, transportan las mercanc\u00edas en sus autom\u00f3viles o camionetas, supervisan la recepci\u00f3n, embarque y distribuci\u00f3n y se encargan de explorar nuevos mercados y rutas.<\/p>\n\n\n\n<figure class=\"wp-block-image size-full\"><img decoding=\"async\" loading=\"lazy\" width=\"800\" height=\"500\" src=\"https:\/\/enlatitud25.com\/news\/wp-content\/uploads\/2023\/05\/pag3-Transparencia-elecciones-1.jpg\" alt=\"\" class=\"wp-image-15023\" srcset=\"https:\/\/enlatitud25.com\/news\/wp-content\/uploads\/2023\/05\/pag3-Transparencia-elecciones-1.jpg 800w, https:\/\/enlatitud25.com\/news\/wp-content\/uploads\/2023\/05\/pag3-Transparencia-elecciones-1-300x188.jpg 300w, https:\/\/enlatitud25.com\/news\/wp-content\/uploads\/2023\/05\/pag3-Transparencia-elecciones-1-768x480.jpg 768w, https:\/\/enlatitud25.com\/news\/wp-content\/uploads\/2023\/05\/pag3-Transparencia-elecciones-1-380x238.jpg 380w\" sizes=\"(max-width: 800px) 100vw, 800px\" \/><\/figure>\n\n\n\n<p>En el transporte de marihuana y coca\u00edna existe un t\u00e9rmino conocido en la jerga como &#8220;puntero&#8221;. Es aquella persona que va delante de la mercader\u00eda de manera a asegurar que los controles ruteros no interfieran en el desplazamiento.<\/p>\n\n\n\n<blockquote class=\"wp-block-quote has-text-align-right\"><p>&#8220;<em>Llegamos al colmo que cuando era juez llevaba en la camioneta del poder judicial la carga. Luego se hizo diputado y sigui\u00f3 transportando con su chapa oficial. Hoy sigue tan campante como integrante de la clase pol\u00edtica y del departamento\u2026 En la capital con ese nivel de participaci\u00f3n&#8221;.<\/em><\/p><cite><br><strong>Juan Martens, investigador en criminolog\u00eda<\/strong><\/cite><\/blockquote>\n\n\n\n<p>Otros casos citados por los entrevistados en los que intervienen de manera directa las autoridades y dirigentes pol\u00edticos se refieren a la provisi\u00f3n de semillas de marihuanas, &#8220;adem\u00e1s de realizar negociaciones con otros pol\u00edticos para que las mercader\u00edas circulen y lleguen a destino sin ning\u00fan problema&#8221;, puntualiza el apartado.<\/p>\n\n\n\n<h4 id=\"como-puede-afectar-al-pais\" class=\"wp-block-heading\"><strong>\u00bfC\u00f3mo puede afectar al pa\u00eds?<\/strong><\/h4>\n\n\n\n<p>Seg\u00fan la abogada brasile\u00f1a, <strong>Ana Claudia Santano, <\/strong>doctora en ciencias jur\u00eddicas y coordinadora de la organizaci\u00f3n Transparencia Electoral Brasil, la infiltraci\u00f3n del crimen organizado en la pol\u00edtica debilita lentamente los cimientos institucionales de los estados.<\/p>\n\n\n\n<p>&#8220;Cuando tenemos la inflitraci\u00f3n del crimen organizado en la pol\u00edtica, tenemos una contaminaci\u00f3n que es mucho m\u00e1s amplia, de lo que efectivamente se puede pensar. Un candidato que est\u00e1 conectado con el crimen organizado va a defender sus agendas, puede legislar en su favor, incluso puede brindar m\u00e1s impunidad. Estamos delante de un gran fen\u00f3meno que puede vulnerar nuestra seguridad&#8221;, asegur\u00f3 la especialista.<\/p>\n\n\n\n<p>Santano cree que la utilizaci\u00f3n de estructuras institucionales a beneficio de grupos narco se torna algo muy complicado por la magnitud del problema que se adquiere al no contar con los mecanismos para retirarles un poder que ya han ganado.<\/p>\n\n\n\n<p>Por su parte, Juan Martens sostuvo que al acceder a los espacios de poder, los grupos criminales tienen mayor posibilidad de acci\u00f3n e intervenci\u00f3n. <\/p>\n\n\n\n<p>Tambi\u00e9n pueden convertirse en obst\u00e1culos para la seguridad, al dirigir la pol\u00edtica de Estado, ya sea negando fondos y negando la tecnificaci\u00f3n de ciertas instituciones para que efectivamente puedan operar sin muchos contratiempos y poder seguir comercializando sus productos.<\/p>\n\n\n\n<p>Agreg\u00f3 que en la medida en que esto se fortalezca, pierde la democracia, la institucionalidad y pierda el Estado de derecho. &#8220;Esa es la respuesta de por qu\u00e9 no se avanza en ciertas pol\u00edticas p\u00fablicas para desalentar este efecto llamada que tenemos hacia el crimen organizado&#8221;, asever\u00f3.<\/p>\n\n\n\n<p>Dio como ejemplo el hecho de que actualmente Senabico logra incautar una serie de bienes del crimen organizado. Sin embargo, resalta que, a trav\u00e9s de los medios se puede observar los problemas que la Fiscal\u00eda est\u00e1 teniendo para inscribir estos bienes decomisados en el registro de la propiedad.<\/p>\n\n\n\n<p>&#8220;O sea, el propio Estado es el que pone trabas; porque hay fiscales que hacen mal su trabajo, que no investigan las fincas, los bienes. Hay un trabajo desprolijo y la pregunta ah\u00ed es: \u00bfEsa desprolijidad de d\u00f3nde viene? \u00bfEs producto de la mala intenci\u00f3n, de un n\u00famero que reciben o de la inutilidad nom\u00e1s?&#8221;, cuestion\u00f3.<\/p>\n\n\n\n<p><strong>Le\u00e9 m\u00e1s: <a href=\"https:\/\/enlatitud25.com\/news\/punto-por-punto-estos-son-los-datos-claves-de-la-inaccion-fiscal-segun-desiree\/\" target=\"_blank\" rel=\"noreferrer noopener\">Punto por punto: Estos son los datos claves de la inacci\u00f3n fiscal, seg\u00fan Desir\u00e9e<\/a><\/strong><\/p>\n\n\n\n<p>&#8220;Entonces vemos que la impunidad persiste t quienes son condenados no van a prisi\u00f3n y eso alimenta un clima de desconfianza cada vez m\u00e1s hacia nuestras instituciones&#8221;, acot\u00f3.<\/p>\n\n\n\n<figure class=\"wp-block-image size-full\"><img decoding=\"async\" loading=\"lazy\" width=\"800\" height=\"500\" src=\"https:\/\/enlatitud25.com\/news\/wp-content\/uploads\/2023\/05\/pag2-Transparencia-elecciones-1.jpg\" alt=\"\" class=\"wp-image-15024\" srcset=\"https:\/\/enlatitud25.com\/news\/wp-content\/uploads\/2023\/05\/pag2-Transparencia-elecciones-1.jpg 800w, https:\/\/enlatitud25.com\/news\/wp-content\/uploads\/2023\/05\/pag2-Transparencia-elecciones-1-300x188.jpg 300w, https:\/\/enlatitud25.com\/news\/wp-content\/uploads\/2023\/05\/pag2-Transparencia-elecciones-1-768x480.jpg 768w, https:\/\/enlatitud25.com\/news\/wp-content\/uploads\/2023\/05\/pag2-Transparencia-elecciones-1-380x238.jpg 380w\" sizes=\"(max-width: 800px) 100vw, 800px\" \/><\/figure>\n\n\n\n<h4 id=\"jovenes-se-ven-seducidos-por-la-cultura-narco\" class=\"wp-block-heading\">J\u00f3venes se ven seducidos por la cultura narco<\/h4>\n\n\n\n<p>Un fen\u00f3meno recurrente que involucra al narcotr\u00e1fico en los pa\u00edses de la regi\u00f3n y que condiciona socialmente a la poblaci\u00f3n es el factor aspiracional de la cultura narco y el inter\u00e9s que genera en los j\u00f3venes de zonas vulnerables.<\/p>\n\n\n\n<p>Santano relat\u00f3 que los j\u00f3venes de poblaciones m\u00e1s desfavorecidas, donde los negocios il\u00edcitos proliferan y se consolidan por la necesidad de la poblaci\u00f3n, ven en la actividad narco una salida r\u00e1pida a su situaci\u00f3n y la de sus familias. La cultura narco plantea una vida de abundancias y ostentaciones, una situaci\u00f3n muy distante de la realidad de vulnerabilidad.<\/p>\n\n\n\n<p>&#8220;Tenemos que hablar con la juventud de que ser un sicario, ser un delincuente, no est\u00e1 bien y no est\u00e1 bien porque te puede costar la vida. Este camino no es la soluci\u00f3n, porque una vez que est\u00e1s dentro, no sales&#8221;, dijo.<\/p>\n\n\n\n<p>La especialista destac\u00f3 que un buen paso es explicar que el crimen organizado, aunque tenga su -glamour-, no tiene que ser el camino o una opci\u00f3n en la vida de las personas. &#8220;Se puede entender que es desafiador (sic) no elegir al crimen organizado en territorios en los que el Estado est\u00e1 ausente, pero que esto no puede ser un argumento&#8221;, asever\u00f3.<\/p>\n","protected":false},"excerpt":{"rendered":"La calidad de la representaci\u00f3n parlamentaria se deteriora cada vez m\u00e1s. En los \u00faltimos a\u00f1os, el crimen organizado fue escalando pelda\u00f1os hasta llegar a la c\u00faspide del Estado Paraguayo. Seg\u00fan un investigador en criminolog\u00eda, varios legisladores y gobernadores electos son activos eslabones de organizaciones criminales transnacionales como el PCC y est\u00e1n aguardando el pr\u00f3ximo julio para legitimar su poder y asumir su banca. \u00bfC\u00f3mo te afecta esto? Te contamos.\n","protected":false},"author":1,"featured_media":15025,"comment_status":"closed","ping_status":"closed","sticky":false,"template":"","format":"standard","meta":[],"categories":[13],"tags":[1154,383,785,167],"ubicacion":[17],"yoast_head":"<!-- This site is optimized with the Yoast SEO plugin v20.8 - https:\/\/yoast.com\/wordpress\/plugins\/seo\/ -->\n<title>Criminales del PCC est\u00e1n aguardando para asumir en el Congreso, advierten &ndash; Latitud25<\/title>\n<meta name=\"description\" content=\"Se\u00f1alan que legisladores y gobernadores electos operan dentro de organizaciones criminales transnacionales. \u00bfC\u00f3mo afecta esto al pa\u00eds?\" \/>\n<meta name=\"robots\" content=\"index, follow, max-snippet:-1, max-image-preview:large, max-video-preview:-1\" \/>\n<link rel=\"canonical\" href=\"https:\/\/enlatitud25.com\/news\/criminales-del-pcc-estan-aguardando-para-asumir-en-el-congreso-advierten\/\" \/>\n<meta property=\"og:locale\" content=\"es_ES\" \/>\n<meta property=\"og:type\" content=\"article\" \/>\n<meta property=\"og:title\" content=\"Criminales del PCC est\u00e1n aguardando para asumir en el Congreso, advierten &ndash; Latitud25\" \/>\n<meta property=\"og:description\" content=\"Se\u00f1alan que legisladores y gobernadores electos operan dentro de organizaciones criminales transnacionales. \u00bfC\u00f3mo afecta esto al pa\u00eds?\" \/>\n<meta property=\"og:url\" content=\"https:\/\/enlatitud25.com\/news\/criminales-del-pcc-estan-aguardando-para-asumir-en-el-congreso-advierten\/\" \/>\n<meta property=\"og:site_name\" content=\"Latitud25\" \/>\n<meta property=\"article:publisher\" content=\"https:\/\/www.facebook.com\/EnLatitud25\" \/>\n<meta property=\"article:author\" content=\"https:\/\/www.facebook.com\/EnLatitud25\" \/>\n<meta property=\"article:published_time\" content=\"2023-05-11T22:13:35+00:00\" \/>\n<meta property=\"article:modified_time\" content=\"2023-05-11T22:13:37+00:00\" \/>\n<meta property=\"og:image\" content=\"https:\/\/enlatitud25.com\/news\/wp-content\/uploads\/2023\/05\/pag5-Transparencia-elecciones.jpg\" \/>\n\t<meta property=\"og:image:width\" content=\"800\" \/>\n\t<meta property=\"og:image:height\" content=\"500\" \/>\n\t<meta property=\"og:image:type\" content=\"image\/jpeg\" \/>\n<meta name=\"author\" content=\"Latitud 25\" \/>\n<meta name=\"twitter:card\" content=\"summary_large_image\" \/>\n<meta name=\"twitter:creator\" content=\"@EnLatitud25\" \/>\n<meta name=\"twitter:site\" content=\"@EnLatitud25\" \/>\n<meta name=\"twitter:label1\" content=\"Escrito por\" \/>\n\t<meta name=\"twitter:data1\" content=\"Latitud 25\" \/>\n\t<meta name=\"twitter:label2\" content=\"Tiempo de lectura\" \/>\n\t<meta name=\"twitter:data2\" content=\"8 minutos\" \/>\n<script type=\"application\/ld+json\" class=\"yoast-schema-graph\">{\"@context\":\"https:\/\/schema.org\",\"@graph\":[{\"@type\":\"Article\",\"@id\":\"https:\/\/enlatitud25.com\/news\/criminales-del-pcc-estan-aguardando-para-asumir-en-el-congreso-advierten\/#article\",\"isPartOf\":{\"@id\":\"https:\/\/enlatitud25.com\/news\/criminales-del-pcc-estan-aguardando-para-asumir-en-el-congreso-advierten\/\"},\"author\":{\"name\":\"Latitud 25\",\"@id\":\"https:\/\/enlatitud25.com\/news\/#\/schema\/person\/23aafe968917005a721b8eb760f2586e\"},\"headline\":\"Criminales del PCC est\u00e1n aguardando para asumir en el Congreso, advierten\",\"datePublished\":\"2023-05-11T22:13:35+00:00\",\"dateModified\":\"2023-05-11T22:13:37+00:00\",\"mainEntityOfPage\":{\"@id\":\"https:\/\/enlatitud25.com\/news\/criminales-del-pcc-estan-aguardando-para-asumir-en-el-congreso-advierten\/\"},\"wordCount\":1605,\"publisher\":{\"@id\":\"https:\/\/enlatitud25.com\/news\/#organization\"},\"keywords\":[\"crimen organizado\",\"elecciones\",\"gobernaci\u00f3n\",\"PCC\"],\"articleSection\":[\"Pol\u00edtica\"],\"inLanguage\":\"es\"},{\"@type\":\"WebPage\",\"@id\":\"https:\/\/enlatitud25.com\/news\/criminales-del-pcc-estan-aguardando-para-asumir-en-el-congreso-advierten\/\",\"url\":\"https:\/\/enlatitud25.com\/news\/criminales-del-pcc-estan-aguardando-para-asumir-en-el-congreso-advierten\/\",\"name\":\"Criminales del PCC est\u00e1n aguardando para asumir en el Congreso, advierten &ndash; Latitud25\",\"isPartOf\":{\"@id\":\"https:\/\/enlatitud25.com\/news\/#website\"},\"datePublished\":\"2023-05-11T22:13:35+00:00\",\"dateModified\":\"2023-05-11T22:13:37+00:00\",\"description\":\"Se\u00f1alan que legisladores y gobernadores electos operan dentro de organizaciones criminales transnacionales. \u00bfC\u00f3mo afecta esto al pa\u00eds?\",\"breadcrumb\":{\"@id\":\"https:\/\/enlatitud25.com\/news\/criminales-del-pcc-estan-aguardando-para-asumir-en-el-congreso-advierten\/#breadcrumb\"},\"inLanguage\":\"es\",\"potentialAction\":[{\"@type\":\"ReadAction\",\"target\":[\"https:\/\/enlatitud25.com\/news\/criminales-del-pcc-estan-aguardando-para-asumir-en-el-congreso-advierten\/\"]}]},{\"@type\":\"BreadcrumbList\",\"@id\":\"https:\/\/enlatitud25.com\/news\/criminales-del-pcc-estan-aguardando-para-asumir-en-el-congreso-advierten\/#breadcrumb\",\"itemListElement\":[{\"@type\":\"ListItem\",\"position\":1,\"name\":\"Home\",\"item\":\"https:\/\/enlatitud25.com\/news\/\"},{\"@type\":\"ListItem\",\"position\":2,\"name\":\"Criminales del PCC est\u00e1n aguardando para asumir en el Congreso, advierten\"}]},{\"@type\":\"WebSite\",\"@id\":\"https:\/\/enlatitud25.com\/news\/#website\",\"url\":\"https:\/\/enlatitud25.com\/news\/\",\"name\":\"Latitud25\",\"description\":\"news\",\"publisher\":{\"@id\":\"https:\/\/enlatitud25.com\/news\/#organization\"},\"potentialAction\":[{\"@type\":\"SearchAction\",\"target\":{\"@type\":\"EntryPoint\",\"urlTemplate\":\"https:\/\/enlatitud25.com\/news\/?s={search_term_string}\"},\"query-input\":\"required name=search_term_string\"}],\"inLanguage\":\"es\"},{\"@type\":\"Organization\",\"@id\":\"https:\/\/enlatitud25.com\/news\/#organization\",\"name\":\"Latitud 25 - News\",\"url\":\"https:\/\/enlatitud25.com\/news\/\",\"logo\":{\"@type\":\"ImageObject\",\"inLanguage\":\"es\",\"@id\":\"https:\/\/enlatitud25.com\/news\/#\/schema\/logo\/image\/\",\"url\":\"https:\/\/enlatitud25.com\/news\/wp-content\/uploads\/2020\/11\/logo_latitud.png\",\"contentUrl\":\"https:\/\/enlatitud25.com\/news\/wp-content\/uploads\/2020\/11\/logo_latitud.png\",\"width\":235,\"height\":39,\"caption\":\"Latitud 25 - News\"},\"image\":{\"@id\":\"https:\/\/enlatitud25.com\/news\/#\/schema\/logo\/image\/\"},\"sameAs\":[\"https:\/\/www.facebook.com\/EnLatitud25\",\"https:\/\/twitter.com\/EnLatitud25\",\"https:\/\/www.instagram.com\/enlatitud25\/\",\"https:\/\/www.youtube.com\/user\/desdelatitud25\"]},{\"@type\":\"Person\",\"@id\":\"https:\/\/enlatitud25.com\/news\/#\/schema\/person\/23aafe968917005a721b8eb760f2586e\",\"name\":\"Latitud 25\",\"sameAs\":[\"https:\/\/enlatitud25.com\/news\",\"https:\/\/www.facebook.com\/EnLatitud25\",\"https:\/\/www.instagram.com\/enlatitud25\",\"https:\/\/www.youtube.com\/user\/desdelatitud25\",\"https:\/\/soundcloud.com\/enlatitud25\"],\"url\":\"https:\/\/enlatitud25.com\/news\/author\/nnews-uss00\/\"}]}<\/script>\n<!-- \/ Yoast SEO plugin. -->","yoast_head_json":{"title":"Criminales del PCC est\u00e1n aguardando para asumir en el Congreso, advierten &ndash; Latitud25","description":"Se\u00f1alan que legisladores y gobernadores electos operan dentro de organizaciones criminales transnacionales. \u00bfC\u00f3mo afecta esto al pa\u00eds?","robots":{"index":"index","follow":"follow","max-snippet":"max-snippet:-1","max-image-preview":"max-image-preview:large","max-video-preview":"max-video-preview:-1"},"canonical":"https:\/\/enlatitud25.com\/news\/criminales-del-pcc-estan-aguardando-para-asumir-en-el-congreso-advierten\/","og_locale":"es_ES","og_type":"article","og_title":"Criminales del PCC est\u00e1n aguardando para asumir en el Congreso, advierten &ndash; Latitud25","og_description":"Se\u00f1alan que legisladores y gobernadores electos operan dentro de organizaciones criminales transnacionales. \u00bfC\u00f3mo afecta esto al pa\u00eds?","og_url":"https:\/\/enlatitud25.com\/news\/criminales-del-pcc-estan-aguardando-para-asumir-en-el-congreso-advierten\/","og_site_name":"Latitud25","article_publisher":"https:\/\/www.facebook.com\/EnLatitud25","article_author":"https:\/\/www.facebook.com\/EnLatitud25","article_published_time":"2023-05-11T22:13:35+00:00","article_modified_time":"2023-05-11T22:13:37+00:00","og_image":[{"width":800,"height":500,"url":"https:\/\/enlatitud25.com\/news\/wp-content\/uploads\/2023\/05\/pag5-Transparencia-elecciones.jpg","type":"image\/jpeg"}],"author":"Latitud 25","twitter_card":"summary_large_image","twitter_creator":"@EnLatitud25","twitter_site":"@EnLatitud25","twitter_misc":{"Escrito por":"Latitud 25","Tiempo de lectura":"8 minutos"},"schema":{"@context":"https:\/\/schema.org","@graph":[{"@type":"Article","@id":"https:\/\/enlatitud25.com\/news\/criminales-del-pcc-estan-aguardando-para-asumir-en-el-congreso-advierten\/#article","isPartOf":{"@id":"https:\/\/enlatitud25.com\/news\/criminales-del-pcc-estan-aguardando-para-asumir-en-el-congreso-advierten\/"},"author":{"name":"Latitud 25","@id":"https:\/\/enlatitud25.com\/news\/#\/schema\/person\/23aafe968917005a721b8eb760f2586e"},"headline":"Criminales del PCC est\u00e1n aguardando para asumir en el Congreso, advierten","datePublished":"2023-05-11T22:13:35+00:00","dateModified":"2023-05-11T22:13:37+00:00","mainEntityOfPage":{"@id":"https:\/\/enlatitud25.com\/news\/criminales-del-pcc-estan-aguardando-para-asumir-en-el-congreso-advierten\/"},"wordCount":1605,"publisher":{"@id":"https:\/\/enlatitud25.com\/news\/#organization"},"keywords":["crimen organizado","elecciones","gobernaci\u00f3n","PCC"],"articleSection":["Pol\u00edtica"],"inLanguage":"es"},{"@type":"WebPage","@id":"https:\/\/enlatitud25.com\/news\/criminales-del-pcc-estan-aguardando-para-asumir-en-el-congreso-advierten\/","url":"https:\/\/enlatitud25.com\/news\/criminales-del-pcc-estan-aguardando-para-asumir-en-el-congreso-advierten\/","name":"Criminales del PCC est\u00e1n aguardando para asumir en el Congreso, advierten &ndash; Latitud25","isPartOf":{"@id":"https:\/\/enlatitud25.com\/news\/#website"},"datePublished":"2023-05-11T22:13:35+00:00","dateModified":"2023-05-11T22:13:37+00:00","description":"Se\u00f1alan que legisladores y gobernadores electos operan dentro de organizaciones criminales transnacionales. \u00bfC\u00f3mo afecta esto al pa\u00eds?","breadcrumb":{"@id":"https:\/\/enlatitud25.com\/news\/criminales-del-pcc-estan-aguardando-para-asumir-en-el-congreso-advierten\/#breadcrumb"},"inLanguage":"es","potentialAction":[{"@type":"ReadAction","target":["https:\/\/enlatitud25.com\/news\/criminales-del-pcc-estan-aguardando-para-asumir-en-el-congreso-advierten\/"]}]},{"@type":"BreadcrumbList","@id":"https:\/\/enlatitud25.com\/news\/criminales-del-pcc-estan-aguardando-para-asumir-en-el-congreso-advierten\/#breadcrumb","itemListElement":[{"@type":"ListItem","position":1,"name":"Home","item":"https:\/\/enlatitud25.com\/news\/"},{"@type":"ListItem","position":2,"name":"Criminales del PCC est\u00e1n aguardando para asumir en el Congreso, advierten"}]},{"@type":"WebSite","@id":"https:\/\/enlatitud25.com\/news\/#website","url":"https:\/\/enlatitud25.com\/news\/","name":"Latitud25","description":"news","publisher":{"@id":"https:\/\/enlatitud25.com\/news\/#organization"},"potentialAction":[{"@type":"SearchAction","target":{"@type":"EntryPoint","urlTemplate":"https:\/\/enlatitud25.com\/news\/?s={search_term_string}"},"query-input":"required name=search_term_string"}],"inLanguage":"es"},{"@type":"Organization","@id":"https:\/\/enlatitud25.com\/news\/#organization","name":"Latitud 25 - News","url":"https:\/\/enlatitud25.com\/news\/","logo":{"@type":"ImageObject","inLanguage":"es","@id":"https:\/\/enlatitud25.com\/news\/#\/schema\/logo\/image\/","url":"https:\/\/enlatitud25.com\/news\/wp-content\/uploads\/2020\/11\/logo_latitud.png","contentUrl":"https:\/\/enlatitud25.com\/news\/wp-content\/uploads\/2020\/11\/logo_latitud.png","width":235,"height":39,"caption":"Latitud 25 - News"},"image":{"@id":"https:\/\/enlatitud25.com\/news\/#\/schema\/logo\/image\/"},"sameAs":["https:\/\/www.facebook.com\/EnLatitud25","https:\/\/twitter.com\/EnLatitud25","https:\/\/www.instagram.com\/enlatitud25\/","https:\/\/www.youtube.com\/user\/desdelatitud25"]},{"@type":"Person","@id":"https:\/\/enlatitud25.com\/news\/#\/schema\/person\/23aafe968917005a721b8eb760f2586e","name":"Latitud 25","sameAs":["https:\/\/enlatitud25.com\/news","https:\/\/www.facebook.com\/EnLatitud25","https:\/\/www.instagram.com\/enlatitud25","https:\/\/www.youtube.com\/user\/desdelatitud25","https:\/\/soundcloud.com\/enlatitud25"],"url":"https:\/\/enlatitud25.com\/news\/author\/nnews-uss00\/"}]}},"_links":{"self":[{"href":"https:\/\/enlatitud25.com\/news\/wp-json\/wp\/v2\/posts\/15003"}],"collection":[{"href":"https:\/\/enlatitud25.com\/news\/wp-json\/wp\/v2\/posts"}],"about":[{"href":"https:\/\/enlatitud25.com\/news\/wp-json\/wp\/v2\/types\/post"}],"author":[{"embeddable":true,"href":"https:\/\/enlatitud25.com\/news\/wp-json\/wp\/v2\/users\/1"}],"replies":[{"embeddable":true,"href":"https:\/\/enlatitud25.com\/news\/wp-json\/wp\/v2\/comments?post=15003"}],"version-history":[{"count":23,"href":"https:\/\/enlatitud25.com\/news\/wp-json\/wp\/v2\/posts\/15003\/revisions"}],"predecessor-version":[{"id":15051,"href":"https:\/\/enlatitud25.com\/news\/wp-json\/wp\/v2\/posts\/15003\/revisions\/15051"}],"wp:featuredmedia":[{"embeddable":true,"href":"https:\/\/enlatitud25.com\/news\/wp-json\/wp\/v2\/media\/15025"}],"wp:attachment":[{"href":"https:\/\/enlatitud25.com\/news\/wp-json\/wp\/v2\/media?parent=15003"}],"wp:term":[{"taxonomy":"category","embeddable":true,"href":"https:\/\/enlatitud25.com\/news\/wp-json\/wp\/v2\/categories?post=15003"},{"taxonomy":"post_tag","embeddable":true,"href":"https:\/\/enlatitud25.com\/news\/wp-json\/wp\/v2\/tags?post=15003"},{"taxonomy":"ubicacion","embeddable":true,"href":"https:\/\/enlatitud25.com\/news\/wp-json\/wp\/v2\/ubicacion?post=15003"}],"curies":[{"name":"wp","href":"https:\/\/api.w.org\/{rel}","templated":true}]}}