{"id":14934,"date":"2023-05-08T21:28:40","date_gmt":"2023-05-08T21:28:40","guid":{"rendered":"https:\/\/enlatitud25.com\/news\/?p=14934"},"modified":"2023-05-09T16:37:02","modified_gmt":"2023-05-09T16:37:02","slug":"no-existe-consentimiento-entre-una-nina-de-12-y-un-adulto-aun-si-la-madre-lo-avala","status":"publish","type":"post","link":"https:\/\/enlatitud25.com\/news\/no-existe-consentimiento-entre-una-nina-de-12-y-un-adulto-aun-si-la-madre-lo-avala\/","title":{"rendered":"No existe consentimiento entre una ni\u00f1a de 12 y un adulto aun si la madre lo avala"},"content":{"rendered":"\n<p>En Paraguay, en promedio, cada dos horas se registra en la Fiscal\u00eda una ni\u00f1a, ni\u00f1o o adolescente v\u00edctima de abuso sexual. Seg\u00fan los d<a href=\"https:\/\/www.cdiaobserva.org.py\/2023\/03\/08\/boletin-estadistico-ninas-y-adolescentes-mujeres\/\" target=\"_blank\" rel=\"noreferrer noopener\">atos recogidos por CDIA<\/a>, cerca del 90% de los casos corresponden a ni\u00f1as y adolescentes mujeres. Estos ser\u00edan solo datos de un sub registro, considerando los casos que no son denunciados por miedo, indiferencia o desconocimiento. <\/p>\n\n\n\n<p>Recientemente, se dio a conocer un caso de presunto abuso sexual en el recinto del penal de Emboscada, en el que la madre de una ni\u00f1a de 12 a\u00f1os, era quien ingresaba a su hija a la penitenciar\u00eda para ser explotada sexualmente. En ese sentido, el Ministerio P\u00fablico imput\u00f3 a la madre de la ni\u00f1a y a un recluso de la penitenciar\u00eda de Emboscada, por abuso sexual de ni\u00f1os. <\/p>\n\n\n\n<p>El ministro de Justicia, Daniel Ben\u00edtez, en contacto con Latitud25, refiri\u00f3 que fue un personal de Seguridad el que report\u00f3 que la ni\u00f1a estaba en compa\u00f1\u00eda de un interno, de 30 a\u00f1os, en la antesala del \u00e1rea reservada para las visitas privadas.<\/p>\n\n\n\n<p>&#8220;Entonces se avis\u00f3 al jefe de seguridad y se puso en comunicaci\u00f3n conmigo. La primera recomendaci\u00f3n es realizar la denuncia ante el Ministerio P\u00fablico por la gravedad del hecho&#8221;, resalt\u00f3.<\/p>\n\n\n\n<p>&#8220;Seg\u00fan declaraciones de la madre, la ni\u00f1a ten\u00eda un supuesta relaci\u00f3n amorosa con el interno (&#8230;) El interno tiene aproximadamente 30 a\u00f1os. Nosotros hicimos la denuncia correspondiente porque una ni\u00f1a no puede tener ese tipo de relaciones con una persona mayor de edad&#8221;, subray\u00f3.<\/p>\n\n\n\n<figure class=\"wp-block-image size-full\"><img decoding=\"async\" loading=\"lazy\" width=\"800\" height=\"500\" src=\"https:\/\/enlatitud25.com\/news\/wp-content\/uploads\/2023\/05\/pag2-Nin\u0303a-caso-embocascada.jpg\" alt=\"\" class=\"wp-image-14946\" srcset=\"https:\/\/enlatitud25.com\/news\/wp-content\/uploads\/2023\/05\/pag2-Nin\u0303a-caso-embocascada.jpg 800w, https:\/\/enlatitud25.com\/news\/wp-content\/uploads\/2023\/05\/pag2-Nin\u0303a-caso-embocascada-300x188.jpg 300w, https:\/\/enlatitud25.com\/news\/wp-content\/uploads\/2023\/05\/pag2-Nin\u0303a-caso-embocascada-768x480.jpg 768w, https:\/\/enlatitud25.com\/news\/wp-content\/uploads\/2023\/05\/pag2-Nin\u0303a-caso-embocascada-380x238.jpg 380w\" sizes=\"(max-width: 800px) 100vw, 800px\" \/><\/figure>\n\n\n\n<h4 id=\"investigan-si-hubo-complicidad\" class=\"wp-block-heading\">Investigan si hubo complicidad<\/h4>\n\n\n\n<p>El ministro de Justicia, afirm\u00f3 que la instituci\u00f3n a su cargo dio inicio a una investigaci\u00f3n. Esto se debe a que, en primer lugar, menores de edad no pueden ingresar solas a un penal y, adem\u00e1s, existen ciertos protocolos para el ingreso a las celdas privadas. <\/p>\n\n\n\n<p>&#8220;Entonces nosotros dispusimos hacer una investigaci\u00f3n interna para ver si hubo complicidad de algunos de los funcionarios del penal. Siempre intentan ingresar a menores de edad a los penales, pero anteriormente no hemos recibido la noticia de que se haya logrado. Pero en base a esto debemos replantear todo el r\u00e9gimen de visitas, m\u00e1s a\u00fan cuando se trata de menores, para evitar posibles situaciones del d\u00eda de ma\u00f1ana&#8221;, resalt\u00f3.<\/p>\n\n\n\n<figure class=\"wp-block-embed is-type-rich is-provider-twitter wp-block-embed-twitter\"><div class=\"wp-block-embed__wrapper\">\n<blockquote class=\"twitter-tweet\" data-width=\"550\" data-dnt=\"true\"><p lang=\"es\" dir=\"ltr\">Existe un reglamento y las parejas deben reunir requisitos para ser permitida la visita pero resulta que todo tiene precio y el ingreso de esa ni\u00f1a a una privada fue con la venia de funcionarios que deben recaudar, pero alguien no recibi\u00f3 su parte y denunci\u00f3. <a href=\"https:\/\/t.co\/nl3UoMR4wG\">https:\/\/t.co\/nl3UoMR4wG<\/a><\/p>&mdash; Diana Vargas (@DiVargas00) <a href=\"https:\/\/twitter.com\/DiVargas00\/status\/1655538102419484673?ref_src=twsrc%5Etfw\">May 8, 2023<\/a><\/blockquote><script async src=\"https:\/\/platform.twitter.com\/widgets.js\" charset=\"utf-8\"><\/script>\n<\/div><\/figure>\n\n\n\n<h4 id=\"visitas-se-dieron-durante-seis-meses-segun-defensoria\" class=\"wp-block-heading\">Visitas se dieron durante seis meses, seg\u00fan Defensor\u00eda<\/h4>\n\n\n\n<p>La Defensora de la Ni\u00f1ez, <strong>Lorena Segovia<\/strong>, dijo en comunicaci\u00f3n con Latitud25 que actualmente la ni\u00f1a est\u00e1 bajo una medida de protecci\u00f3n. Seguidamente habl\u00f3 de las declaraciones que hizo la v\u00edctima del hecho.<\/p>\n\n\n\n<p>&#8220;La ni\u00f1a coment\u00f3 que ella tiene una relaci\u00f3n con esta persona privada de libertad, as\u00ed lo llam\u00f3. Dijo que hace seis meses est\u00e1 visitando el penal, por lo cual nosotros estamos remitiendo una nota al Ministerio de Justicia, a efectos de que la investigaci\u00f3n no se circunscriba solo a este momento, no ha sido un hecho puntual y por primera vez&#8221;, sostuvo.<\/p>\n\n\n\n<p>Agreg\u00f3 que, si esta situaci\u00f3n se ha repetido a lo largo del tiempo, existe una responsabilidad por acci\u00f3n u omisi\u00f3n de los funcionarios que estaban encargados en la penitenciar\u00eda del control.<\/p>\n\n\n\n<p>En ese sentido, refiri\u00f3 que aun cuando la madre pueda considerar que la relaci\u00f3n \u2013entre una ni\u00f1a y un adulto\u2013, es pertinente por cuestiones culturales o populares, las instituciones deben actuar, ya que constituye un hecho il\u00edcito.<\/p>\n\n\n\n<figure class=\"wp-block-image size-full\"><img decoding=\"async\" loading=\"lazy\" width=\"800\" height=\"500\" src=\"https:\/\/enlatitud25.com\/news\/wp-content\/uploads\/2023\/05\/pag1-Nin\u0303a-caso-embocascada.jpg\" alt=\"\" class=\"wp-image-14947\" srcset=\"https:\/\/enlatitud25.com\/news\/wp-content\/uploads\/2023\/05\/pag1-Nin\u0303a-caso-embocascada.jpg 800w, https:\/\/enlatitud25.com\/news\/wp-content\/uploads\/2023\/05\/pag1-Nin\u0303a-caso-embocascada-300x188.jpg 300w, https:\/\/enlatitud25.com\/news\/wp-content\/uploads\/2023\/05\/pag1-Nin\u0303a-caso-embocascada-768x480.jpg 768w, https:\/\/enlatitud25.com\/news\/wp-content\/uploads\/2023\/05\/pag1-Nin\u0303a-caso-embocascada-380x238.jpg 380w\" sizes=\"(max-width: 800px) 100vw, 800px\" \/><\/figure>\n\n\n\n<h4 id=\"no-se-pueden-normalizar-relaciones-de-ninas-con-adultos\" class=\"wp-block-heading\">No se pueden normalizar relaciones de ni\u00f1as con adultos<\/h4>\n\n\n\n<p>Segovia se\u00f1al\u00f3 que lo primero que debemos combatir en Paraguay es la normalizaci\u00f3n de las relaciones de ni\u00f1as y adolescentes con adultos. &#8220;Adem\u00e1s de ser un hecho punible, deber\u00edamos robustecer el convencimiento social de que esto no puede ocurrir&#8221;, enfatiz\u00f3.<\/p>\n\n\n\n<p>Record\u00f3 que el ni\u00f1o o adolescente est\u00e1 en un momento en que va adquiriendo conocimientos en forma progresiva. &#8220;No puede haber consentimiento o voluntad en esas condiciones. Debemos, adem\u00e1s de aplicar la norma, hacer comprender y que haya un convencimiento social de que el matrimonio infantil o las uniones tempranas y forzadas est\u00e1n restringiendo todas las oportunidades que tienen ni\u00f1os, ni\u00f1as y adolescentes, para lograr un desarrollo integral&#8221;, puntualiz\u00f3.<\/p>\n\n\n\n<p><strong>Le\u00e9 tambi\u00e9n: L<a href=\"https:\/\/enlatitud25.com\/news\/la-realidad-invisibilizada-de-ninas-y-adolescentes-forzadas-a-uniones-tempranas\/\" target=\"_blank\" rel=\"noreferrer noopener\">a realidad de ni\u00f1as y adolescentes forzadas a uniones tempranas<\/a><\/strong><\/p>\n\n\n\n<p>&#8220;Porque a medida que estas relaciones se van dictando en el tiempo privan de la posibilidad de continuar con los estudios, esas ni\u00f1as se convierten en ni\u00f1as madres, adolescentes, esto no les permite desarrollarse integralmente. Entonces es un tema para considerarlo no solamente de manera puntual sino en las condiciones y consecuencias de las ni\u00f1as madres en Paraguay&#8221;, concluy\u00f3.<\/p>\n\n\n\n<figure class=\"wp-block-image size-full\"><img decoding=\"async\" loading=\"lazy\" width=\"800\" height=\"500\" src=\"https:\/\/enlatitud25.com\/news\/wp-content\/uploads\/2023\/05\/pag3-Nin\u0303a-caso-embocascada.jpg\" alt=\"\" class=\"wp-image-14948\" srcset=\"https:\/\/enlatitud25.com\/news\/wp-content\/uploads\/2023\/05\/pag3-Nin\u0303a-caso-embocascada.jpg 800w, https:\/\/enlatitud25.com\/news\/wp-content\/uploads\/2023\/05\/pag3-Nin\u0303a-caso-embocascada-300x188.jpg 300w, https:\/\/enlatitud25.com\/news\/wp-content\/uploads\/2023\/05\/pag3-Nin\u0303a-caso-embocascada-768x480.jpg 768w, https:\/\/enlatitud25.com\/news\/wp-content\/uploads\/2023\/05\/pag3-Nin\u0303a-caso-embocascada-380x238.jpg 380w\" sizes=\"(max-width: 800px) 100vw, 800px\" \/><\/figure>\n\n\n\n<h4 id=\"antecedente-director-de-tacumbu-fue-condenado-por-permitir-abuso-de-menores\" class=\"wp-block-heading\">Antecedente: Director de Tacumb\u00fa fue condenado por permitir abuso de menores<\/h4>\n\n\n\n<p>En abril de 2014, la ahora ministra de la Ni\u00f1ez y entonces fiscala de la Unidad de Lucha Contra la Trata de Personas, Teresa Mart\u00ednez, hab\u00eda logrado una condena de 20 a\u00f1os de c\u00e1rcel, m\u00e1s 10 a\u00f1os de medida de seguridad, para dos personas privadas de su libertad en Tacumb\u00fa. Estos dos hombres hab\u00edan abusado sexualmente de dos adolescentes. Adem\u00e1s grabaron y compartieron en internet estos hechos. <\/p>\n\n\n\n<p>En ese entonces, el director de Tacumb\u00fa, <strong>Julio Acevedo<\/strong>, destituido por este hecho, fue condenado a dos a\u00f1os de prisi\u00f3n \u2013 con suspensi\u00f3n de la ejecuci\u00f3n de la pena\u2013 por omisi\u00f3n de evitar un resultado. <\/p>\n","protected":false},"excerpt":{"rendered":"El caso de abuso sexual de una ni\u00f1a en el Penal de Emboscada encendi\u00f3 nuevamente las alertas sobre el abuso normalizado de ni\u00f1as y adolescentes en nuestro pa\u00eds. A partir de este hecho en particular, la Defensora de la Ni\u00f1ez, Lorena Segovia, recuerda que las supuestas relaciones sentimentales entre ni\u00f1as y adultos no existen. &#8220;No puede haber consentimiento o voluntad en esas condiciones&#8221;, al destacar la naturaleza del crimen.\n","protected":false},"author":1,"featured_media":14945,"comment_status":"closed","ping_status":"closed","sticky":false,"template":"","format":"standard","meta":[],"categories":[12],"tags":[646,1463,642,1462],"ubicacion":[18],"yoast_head":"<!-- This site is optimized with the Yoast SEO plugin v20.8 - https:\/\/yoast.com\/wordpress\/plugins\/seo\/ -->\n<title>No existe consentimiento entre una ni\u00f1a de 12 y un adulto aun si la madre lo avala &ndash; Latitud25<\/title>\n<meta name=\"description\" content=\"El caso de abuso sexual de una ni\u00f1a en el Penal de Emboscada encendi\u00f3 nuevamente las alertas sobre el abuso de ni\u00f1as y adolescentes.\" \/>\n<meta name=\"robots\" content=\"index, follow, max-snippet:-1, max-image-preview:large, max-video-preview:-1\" \/>\n<link rel=\"canonical\" href=\"https:\/\/enlatitud25.com\/news\/no-existe-consentimiento-entre-una-nina-de-12-y-un-adulto-aun-si-la-madre-lo-avala\/\" \/>\n<meta property=\"og:locale\" content=\"es_ES\" \/>\n<meta property=\"og:type\" content=\"article\" \/>\n<meta property=\"og:title\" content=\"No existe consentimiento entre una ni\u00f1a de 12 y un adulto aun si la madre lo avala &ndash; Latitud25\" \/>\n<meta property=\"og:description\" content=\"El caso de abuso sexual de una ni\u00f1a en el Penal de Emboscada encendi\u00f3 nuevamente las alertas sobre el abuso de ni\u00f1as y adolescentes.\" \/>\n<meta property=\"og:url\" content=\"https:\/\/enlatitud25.com\/news\/no-existe-consentimiento-entre-una-nina-de-12-y-un-adulto-aun-si-la-madre-lo-avala\/\" \/>\n<meta property=\"og:site_name\" content=\"Latitud25\" \/>\n<meta property=\"article:publisher\" content=\"https:\/\/www.facebook.com\/EnLatitud25\" \/>\n<meta property=\"article:author\" content=\"https:\/\/www.facebook.com\/EnLatitud25\" \/>\n<meta property=\"article:published_time\" content=\"2023-05-08T21:28:40+00:00\" \/>\n<meta property=\"article:modified_time\" content=\"2023-05-09T16:37:02+00:00\" \/>\n<meta property=\"og:image\" content=\"https:\/\/enlatitud25.com\/news\/wp-content\/uploads\/2023\/05\/Pag0-Nin\u0303a-caso-embocascada.jpg\" \/>\n\t<meta property=\"og:image:width\" content=\"800\" \/>\n\t<meta property=\"og:image:height\" content=\"500\" \/>\n\t<meta property=\"og:image:type\" content=\"image\/jpeg\" \/>\n<meta name=\"author\" content=\"Latitud 25\" \/>\n<meta name=\"twitter:card\" content=\"summary_large_image\" \/>\n<meta name=\"twitter:creator\" content=\"@EnLatitud25\" \/>\n<meta name=\"twitter:site\" content=\"@EnLatitud25\" \/>\n<meta name=\"twitter:label1\" content=\"Escrito por\" \/>\n\t<meta name=\"twitter:data1\" content=\"Latitud 25\" \/>\n\t<meta name=\"twitter:label2\" content=\"Tiempo de lectura\" \/>\n\t<meta name=\"twitter:data2\" content=\"5 minutos\" \/>\n<script type=\"application\/ld+json\" class=\"yoast-schema-graph\">{\"@context\":\"https:\/\/schema.org\",\"@graph\":[{\"@type\":\"Article\",\"@id\":\"https:\/\/enlatitud25.com\/news\/no-existe-consentimiento-entre-una-nina-de-12-y-un-adulto-aun-si-la-madre-lo-avala\/#article\",\"isPartOf\":{\"@id\":\"https:\/\/enlatitud25.com\/news\/no-existe-consentimiento-entre-una-nina-de-12-y-un-adulto-aun-si-la-madre-lo-avala\/\"},\"author\":{\"name\":\"Latitud 25\",\"@id\":\"https:\/\/enlatitud25.com\/news\/#\/schema\/person\/23aafe968917005a721b8eb760f2586e\"},\"headline\":\"No existe consentimiento entre una ni\u00f1a de 12 y un adulto aun si la madre lo avala\",\"datePublished\":\"2023-05-08T21:28:40+00:00\",\"dateModified\":\"2023-05-09T16:37:02+00:00\",\"mainEntityOfPage\":{\"@id\":\"https:\/\/enlatitud25.com\/news\/no-existe-consentimiento-entre-una-nina-de-12-y-un-adulto-aun-si-la-madre-lo-avala\/\"},\"wordCount\":933,\"publisher\":{\"@id\":\"https:\/\/enlatitud25.com\/news\/#organization\"},\"keywords\":[\"abuso\",\"Emboscada\",\"ni\u00f1as\",\"no normalizar\"],\"articleSection\":[\"Realidad\"],\"inLanguage\":\"es\"},{\"@type\":\"WebPage\",\"@id\":\"https:\/\/enlatitud25.com\/news\/no-existe-consentimiento-entre-una-nina-de-12-y-un-adulto-aun-si-la-madre-lo-avala\/\",\"url\":\"https:\/\/enlatitud25.com\/news\/no-existe-consentimiento-entre-una-nina-de-12-y-un-adulto-aun-si-la-madre-lo-avala\/\",\"name\":\"No existe consentimiento entre una ni\u00f1a de 12 y un adulto aun si la madre lo avala &ndash; Latitud25\",\"isPartOf\":{\"@id\":\"https:\/\/enlatitud25.com\/news\/#website\"},\"datePublished\":\"2023-05-08T21:28:40+00:00\",\"dateModified\":\"2023-05-09T16:37:02+00:00\",\"description\":\"El caso de abuso sexual de una ni\u00f1a en el Penal de Emboscada encendi\u00f3 nuevamente las alertas sobre el abuso de ni\u00f1as y adolescentes.\",\"breadcrumb\":{\"@id\":\"https:\/\/enlatitud25.com\/news\/no-existe-consentimiento-entre-una-nina-de-12-y-un-adulto-aun-si-la-madre-lo-avala\/#breadcrumb\"},\"inLanguage\":\"es\",\"potentialAction\":[{\"@type\":\"ReadAction\",\"target\":[\"https:\/\/enlatitud25.com\/news\/no-existe-consentimiento-entre-una-nina-de-12-y-un-adulto-aun-si-la-madre-lo-avala\/\"]}]},{\"@type\":\"BreadcrumbList\",\"@id\":\"https:\/\/enlatitud25.com\/news\/no-existe-consentimiento-entre-una-nina-de-12-y-un-adulto-aun-si-la-madre-lo-avala\/#breadcrumb\",\"itemListElement\":[{\"@type\":\"ListItem\",\"position\":1,\"name\":\"Home\",\"item\":\"https:\/\/enlatitud25.com\/news\/\"},{\"@type\":\"ListItem\",\"position\":2,\"name\":\"No existe consentimiento entre una ni\u00f1a de 12 y un adulto aun si la madre lo avala\"}]},{\"@type\":\"WebSite\",\"@id\":\"https:\/\/enlatitud25.com\/news\/#website\",\"url\":\"https:\/\/enlatitud25.com\/news\/\",\"name\":\"Latitud25\",\"description\":\"news\",\"publisher\":{\"@id\":\"https:\/\/enlatitud25.com\/news\/#organization\"},\"potentialAction\":[{\"@type\":\"SearchAction\",\"target\":{\"@type\":\"EntryPoint\",\"urlTemplate\":\"https:\/\/enlatitud25.com\/news\/?s={search_term_string}\"},\"query-input\":\"required name=search_term_string\"}],\"inLanguage\":\"es\"},{\"@type\":\"Organization\",\"@id\":\"https:\/\/enlatitud25.com\/news\/#organization\",\"name\":\"Latitud 25 - News\",\"url\":\"https:\/\/enlatitud25.com\/news\/\",\"logo\":{\"@type\":\"ImageObject\",\"inLanguage\":\"es\",\"@id\":\"https:\/\/enlatitud25.com\/news\/#\/schema\/logo\/image\/\",\"url\":\"https:\/\/enlatitud25.com\/news\/wp-content\/uploads\/2020\/11\/logo_latitud.png\",\"contentUrl\":\"https:\/\/enlatitud25.com\/news\/wp-content\/uploads\/2020\/11\/logo_latitud.png\",\"width\":235,\"height\":39,\"caption\":\"Latitud 25 - News\"},\"image\":{\"@id\":\"https:\/\/enlatitud25.com\/news\/#\/schema\/logo\/image\/\"},\"sameAs\":[\"https:\/\/www.facebook.com\/EnLatitud25\",\"https:\/\/twitter.com\/EnLatitud25\",\"https:\/\/www.instagram.com\/enlatitud25\/\",\"https:\/\/www.youtube.com\/user\/desdelatitud25\"]},{\"@type\":\"Person\",\"@id\":\"https:\/\/enlatitud25.com\/news\/#\/schema\/person\/23aafe968917005a721b8eb760f2586e\",\"name\":\"Latitud 25\",\"sameAs\":[\"https:\/\/enlatitud25.com\/news\",\"https:\/\/www.facebook.com\/EnLatitud25\",\"https:\/\/www.instagram.com\/enlatitud25\",\"https:\/\/www.youtube.com\/user\/desdelatitud25\",\"https:\/\/soundcloud.com\/enlatitud25\"],\"url\":\"https:\/\/enlatitud25.com\/news\/author\/nnews-uss00\/\"}]}<\/script>\n<!-- \/ Yoast SEO plugin. -->","yoast_head_json":{"title":"No existe consentimiento entre una ni\u00f1a de 12 y un adulto aun si la madre lo avala &ndash; Latitud25","description":"El caso de abuso sexual de una ni\u00f1a en el Penal de Emboscada encendi\u00f3 nuevamente las alertas sobre el abuso de ni\u00f1as y adolescentes.","robots":{"index":"index","follow":"follow","max-snippet":"max-snippet:-1","max-image-preview":"max-image-preview:large","max-video-preview":"max-video-preview:-1"},"canonical":"https:\/\/enlatitud25.com\/news\/no-existe-consentimiento-entre-una-nina-de-12-y-un-adulto-aun-si-la-madre-lo-avala\/","og_locale":"es_ES","og_type":"article","og_title":"No existe consentimiento entre una ni\u00f1a de 12 y un adulto aun si la madre lo avala &ndash; Latitud25","og_description":"El caso de abuso sexual de una ni\u00f1a en el Penal de Emboscada encendi\u00f3 nuevamente las alertas sobre el abuso de ni\u00f1as y adolescentes.","og_url":"https:\/\/enlatitud25.com\/news\/no-existe-consentimiento-entre-una-nina-de-12-y-un-adulto-aun-si-la-madre-lo-avala\/","og_site_name":"Latitud25","article_publisher":"https:\/\/www.facebook.com\/EnLatitud25","article_author":"https:\/\/www.facebook.com\/EnLatitud25","article_published_time":"2023-05-08T21:28:40+00:00","article_modified_time":"2023-05-09T16:37:02+00:00","og_image":[{"width":800,"height":500,"url":"https:\/\/enlatitud25.com\/news\/wp-content\/uploads\/2023\/05\/Pag0-Nin\u0303a-caso-embocascada.jpg","type":"image\/jpeg"}],"author":"Latitud 25","twitter_card":"summary_large_image","twitter_creator":"@EnLatitud25","twitter_site":"@EnLatitud25","twitter_misc":{"Escrito por":"Latitud 25","Tiempo de lectura":"5 minutos"},"schema":{"@context":"https:\/\/schema.org","@graph":[{"@type":"Article","@id":"https:\/\/enlatitud25.com\/news\/no-existe-consentimiento-entre-una-nina-de-12-y-un-adulto-aun-si-la-madre-lo-avala\/#article","isPartOf":{"@id":"https:\/\/enlatitud25.com\/news\/no-existe-consentimiento-entre-una-nina-de-12-y-un-adulto-aun-si-la-madre-lo-avala\/"},"author":{"name":"Latitud 25","@id":"https:\/\/enlatitud25.com\/news\/#\/schema\/person\/23aafe968917005a721b8eb760f2586e"},"headline":"No existe consentimiento entre una ni\u00f1a de 12 y un adulto aun si la madre lo avala","datePublished":"2023-05-08T21:28:40+00:00","dateModified":"2023-05-09T16:37:02+00:00","mainEntityOfPage":{"@id":"https:\/\/enlatitud25.com\/news\/no-existe-consentimiento-entre-una-nina-de-12-y-un-adulto-aun-si-la-madre-lo-avala\/"},"wordCount":933,"publisher":{"@id":"https:\/\/enlatitud25.com\/news\/#organization"},"keywords":["abuso","Emboscada","ni\u00f1as","no normalizar"],"articleSection":["Realidad"],"inLanguage":"es"},{"@type":"WebPage","@id":"https:\/\/enlatitud25.com\/news\/no-existe-consentimiento-entre-una-nina-de-12-y-un-adulto-aun-si-la-madre-lo-avala\/","url":"https:\/\/enlatitud25.com\/news\/no-existe-consentimiento-entre-una-nina-de-12-y-un-adulto-aun-si-la-madre-lo-avala\/","name":"No existe consentimiento entre una ni\u00f1a de 12 y un adulto aun si la madre lo avala &ndash; Latitud25","isPartOf":{"@id":"https:\/\/enlatitud25.com\/news\/#website"},"datePublished":"2023-05-08T21:28:40+00:00","dateModified":"2023-05-09T16:37:02+00:00","description":"El caso de abuso sexual de una ni\u00f1a en el Penal de Emboscada encendi\u00f3 nuevamente las alertas sobre el abuso de ni\u00f1as y adolescentes.","breadcrumb":{"@id":"https:\/\/enlatitud25.com\/news\/no-existe-consentimiento-entre-una-nina-de-12-y-un-adulto-aun-si-la-madre-lo-avala\/#breadcrumb"},"inLanguage":"es","potentialAction":[{"@type":"ReadAction","target":["https:\/\/enlatitud25.com\/news\/no-existe-consentimiento-entre-una-nina-de-12-y-un-adulto-aun-si-la-madre-lo-avala\/"]}]},{"@type":"BreadcrumbList","@id":"https:\/\/enlatitud25.com\/news\/no-existe-consentimiento-entre-una-nina-de-12-y-un-adulto-aun-si-la-madre-lo-avala\/#breadcrumb","itemListElement":[{"@type":"ListItem","position":1,"name":"Home","item":"https:\/\/enlatitud25.com\/news\/"},{"@type":"ListItem","position":2,"name":"No existe consentimiento entre una ni\u00f1a de 12 y un adulto aun si la madre lo avala"}]},{"@type":"WebSite","@id":"https:\/\/enlatitud25.com\/news\/#website","url":"https:\/\/enlatitud25.com\/news\/","name":"Latitud25","description":"news","publisher":{"@id":"https:\/\/enlatitud25.com\/news\/#organization"},"potentialAction":[{"@type":"SearchAction","target":{"@type":"EntryPoint","urlTemplate":"https:\/\/enlatitud25.com\/news\/?s={search_term_string}"},"query-input":"required name=search_term_string"}],"inLanguage":"es"},{"@type":"Organization","@id":"https:\/\/enlatitud25.com\/news\/#organization","name":"Latitud 25 - News","url":"https:\/\/enlatitud25.com\/news\/","logo":{"@type":"ImageObject","inLanguage":"es","@id":"https:\/\/enlatitud25.com\/news\/#\/schema\/logo\/image\/","url":"https:\/\/enlatitud25.com\/news\/wp-content\/uploads\/2020\/11\/logo_latitud.png","contentUrl":"https:\/\/enlatitud25.com\/news\/wp-content\/uploads\/2020\/11\/logo_latitud.png","width":235,"height":39,"caption":"Latitud 25 - News"},"image":{"@id":"https:\/\/enlatitud25.com\/news\/#\/schema\/logo\/image\/"},"sameAs":["https:\/\/www.facebook.com\/EnLatitud25","https:\/\/twitter.com\/EnLatitud25","https:\/\/www.instagram.com\/enlatitud25\/","https:\/\/www.youtube.com\/user\/desdelatitud25"]},{"@type":"Person","@id":"https:\/\/enlatitud25.com\/news\/#\/schema\/person\/23aafe968917005a721b8eb760f2586e","name":"Latitud 25","sameAs":["https:\/\/enlatitud25.com\/news","https:\/\/www.facebook.com\/EnLatitud25","https:\/\/www.instagram.com\/enlatitud25","https:\/\/www.youtube.com\/user\/desdelatitud25","https:\/\/soundcloud.com\/enlatitud25"],"url":"https:\/\/enlatitud25.com\/news\/author\/nnews-uss00\/"}]}},"_links":{"self":[{"href":"https:\/\/enlatitud25.com\/news\/wp-json\/wp\/v2\/posts\/14934"}],"collection":[{"href":"https:\/\/enlatitud25.com\/news\/wp-json\/wp\/v2\/posts"}],"about":[{"href":"https:\/\/enlatitud25.com\/news\/wp-json\/wp\/v2\/types\/post"}],"author":[{"embeddable":true,"href":"https:\/\/enlatitud25.com\/news\/wp-json\/wp\/v2\/users\/1"}],"replies":[{"embeddable":true,"href":"https:\/\/enlatitud25.com\/news\/wp-json\/wp\/v2\/comments?post=14934"}],"version-history":[{"count":23,"href":"https:\/\/enlatitud25.com\/news\/wp-json\/wp\/v2\/posts\/14934\/revisions"}],"predecessor-version":[{"id":14979,"href":"https:\/\/enlatitud25.com\/news\/wp-json\/wp\/v2\/posts\/14934\/revisions\/14979"}],"wp:featuredmedia":[{"embeddable":true,"href":"https:\/\/enlatitud25.com\/news\/wp-json\/wp\/v2\/media\/14945"}],"wp:attachment":[{"href":"https:\/\/enlatitud25.com\/news\/wp-json\/wp\/v2\/media?parent=14934"}],"wp:term":[{"taxonomy":"category","embeddable":true,"href":"https:\/\/enlatitud25.com\/news\/wp-json\/wp\/v2\/categories?post=14934"},{"taxonomy":"post_tag","embeddable":true,"href":"https:\/\/enlatitud25.com\/news\/wp-json\/wp\/v2\/tags?post=14934"},{"taxonomy":"ubicacion","embeddable":true,"href":"https:\/\/enlatitud25.com\/news\/wp-json\/wp\/v2\/ubicacion?post=14934"}],"curies":[{"name":"wp","href":"https:\/\/api.w.org\/{rel}","templated":true}]}}