{"id":14885,"date":"2023-05-05T21:59:55","date_gmt":"2023-05-05T21:59:55","guid":{"rendered":"https:\/\/enlatitud25.com\/news\/?p=14885"},"modified":"2023-05-05T21:59:57","modified_gmt":"2023-05-05T21:59:57","slug":"muchos-hablan-de-fraude-electoral-pero-esto-es-lo-que-dicen-los-especialistas","status":"publish","type":"post","link":"https:\/\/enlatitud25.com\/news\/muchos-hablan-de-fraude-electoral-pero-esto-es-lo-que-dicen-los-especialistas\/","title":{"rendered":"Muchos hablan de fraude electoral, pero esto es lo que dicen los especialistas"},"content":{"rendered":"\n<p>Siguen los cuestionamientos a la transparencia por parte del TSJE en el uso de las m\u00e1quinas de votaci\u00f3n por supuesto fraude. Esto se da a varios d\u00edas de las elecciones generales realizadas el 30 de abril \u00faltimo, que dieron como ganador a <a href=\"https:\/\/resultados.tsje.gov.py\/publicacion\/divulgacion.html\" target=\"_blank\" rel=\"noreferrer noopener\"><strong>Santiago Pe\u00f1a<\/strong><\/a>, candidato del Partido Colorado.<\/p>\n\n\n\n<p>Si bien el candidato de Cruzada Nacional, Payo Cubas \u2013que qued\u00f3 en tercer lugar\u2013 es quien moviliz\u00f3 a m\u00e1s cantidad de personas a las calles, alegando un supuesto fraude, no fue el \u00fanico. Cabe se\u00f1alar que, tambi\u00e9n se sumaron al pedido de transparencia, los candidatos Efra\u00edn Alegre y Euclides Acevedo, quienes quedaron en segundo y cuarto lugar, respectivamente.<\/p>\n\n\n\n<p><strong>Le\u00e9 m\u00e1s: <a href=\"https:\/\/enlatitud25.com\/news\/tras-violentas-protestas-tsje-tacha-de-disparate-y-paranoia-supuesto-fraude\/\" target=\"_blank\" rel=\"noreferrer noopener\">Tras violentas protestas, TSJE tacha de \u00b4disparate y paranoia\u00b4 supuesto fraude<\/a><\/strong><\/p>\n\n\n\n<p>Hasta la fecha se siguen realizando los juzgamientos de las actas por parte del Tribunal Superior de Justicia Electoral (TSJE). Sin embargo, hasta el momento, no se han encontrado pruebas fehacientes del supuesto fraude electoral en el uso de m\u00e1quinas.<\/p>\n\n\n\n<p>La metodolog\u00eda implementada con las m\u00e1quinas electr\u00f3nicas fue objeto de debate hace meses, lo que gener\u00f3 una serie de dudas hacia el uso de estos dispositivos. <\/p>\n\n\n\n<p>Con relaci\u00f3n a las denuncias que se radicaron de supuestos delitos relacionados a voto asistido y compra de c\u00e9dula, \u00e9stas est\u00e1n siendo atendidas por el Ministerio P\u00fablico. <\/p>\n\n\n\n<h4 id=\"falencias-en-la-implementacion\" class=\"wp-block-heading\">Falencias en la implementaci\u00f3n<\/h4>\n\n\n\n<p>En ese contexto, Latitud25, convers\u00f3 con <strong>Eduardo Carrillo<\/strong>, codirector ejecutivo de TEDIC sobre las denuncias de fraude y sus implicancias. Carrillo resalt\u00f3 que podemos hablar acerca de falencias en la implementaci\u00f3n de las m\u00e1quinas y de una serie de alertas que emiti\u00f3 TEDIC desde antes de los comicios.<\/p>\n\n\n\n<p>&#8220;Se ve una serie de irregularidades, como el aumento del voto asistido en el cuarto oscuro. Esto es algo que no se ve\u00eda a esta escala, previa a la implementaci\u00f3n de las m\u00e1quinas, con la cual las personas pueden tener cierto miedo a interactuar y permite que las personas entren acompa\u00f1adas a votar. Hasta cuestiones m\u00e1s de fondo que tiene que ver con la transparencia del sistema&#8221;, indic\u00f3.<\/p>\n\n\n\n<figure class=\"wp-block-image size-full\"><img decoding=\"async\" loading=\"lazy\" width=\"800\" height=\"500\" src=\"https:\/\/enlatitud25.com\/news\/wp-content\/uploads\/2023\/05\/pag0-Transparencia-elecciones.jpg\" alt=\"\" class=\"wp-image-14920\" srcset=\"https:\/\/enlatitud25.com\/news\/wp-content\/uploads\/2023\/05\/pag0-Transparencia-elecciones.jpg 800w, https:\/\/enlatitud25.com\/news\/wp-content\/uploads\/2023\/05\/pag0-Transparencia-elecciones-300x188.jpg 300w, https:\/\/enlatitud25.com\/news\/wp-content\/uploads\/2023\/05\/pag0-Transparencia-elecciones-768x480.jpg 768w, https:\/\/enlatitud25.com\/news\/wp-content\/uploads\/2023\/05\/pag0-Transparencia-elecciones-380x238.jpg 380w\" sizes=\"(max-width: 800px) 100vw, 800px\" \/><\/figure>\n\n\n\n<h4 id=\"auditoria-selectiva\" class=\"wp-block-heading\"><strong>Auditor\u00eda selectiva<\/strong><\/h4>\n\n\n\n<p>Respecto a la auditor\u00eda realizada al software de las m\u00e1quinas de votaci\u00f3n tan enfatizada por el TSJE como argumento de que todo fue verificado, Carrillo remarc\u00f3 que el reclamo hist\u00f3rico por parte de TEDIC tiene que ver con las auditor\u00edas. <\/p>\n\n\n\n<p>&#8220;Desde que se contrat\u00f3 a la empresa, en las auditor\u00edas, el cronograma electoral establece que solo se les deja a los apoderados de los partidos pol\u00edticos a ingresar&#8221;, indic\u00f3.<\/p>\n\n\n\n<p>Debido a esta normativa, no existe una verdadera auditor\u00eda libre e independiente de la m\u00e1quina de votaci\u00f3n. Esto se debe a que no se deja ingresar para el efecto a la sociedad civil, a la academia t\u00e9cnica especializada, ni a la comunidad t\u00e9cnica independiente.<\/p>\n\n\n\n<p>&#8220;As\u00ed como est\u00e1 calendarizada en el cronograma electoral, realmente no es una auditor\u00eda \u2013como se entiende tradicionalmente\u2013 en la que se puede jugar con el c\u00f3digo y generar una serie de testeos. Realmente es una presentaci\u00f3n del TSJE y los t\u00e9cnicos de la empresa, de c\u00f3mo usar el sistema&#8221;, explic\u00f3.<\/p>\n\n\n\n<p>&#8220;Entonces s\u00ed, lastimosamente, es un primer reclamo de que falta transparencia en el sistema. Finalmente esta falta de transparencia alimenta ese tipo de teor\u00edas que sospechosamente vienen a aparecer post elecciones&#8221;, agreg\u00f3.<\/p>\n\n\n\n<figure class=\"wp-block-image size-full\"><img decoding=\"async\" loading=\"lazy\" width=\"800\" height=\"500\" src=\"https:\/\/enlatitud25.com\/news\/wp-content\/uploads\/2023\/05\/pag2-Transparencia-elecciones.jpg\" alt=\"\" class=\"wp-image-14922\" srcset=\"https:\/\/enlatitud25.com\/news\/wp-content\/uploads\/2023\/05\/pag2-Transparencia-elecciones.jpg 800w, https:\/\/enlatitud25.com\/news\/wp-content\/uploads\/2023\/05\/pag2-Transparencia-elecciones-300x188.jpg 300w, https:\/\/enlatitud25.com\/news\/wp-content\/uploads\/2023\/05\/pag2-Transparencia-elecciones-768x480.jpg 768w, https:\/\/enlatitud25.com\/news\/wp-content\/uploads\/2023\/05\/pag2-Transparencia-elecciones-380x238.jpg 380w\" sizes=\"(max-width: 800px) 100vw, 800px\" \/><figcaption>Sistema electoral requiere mayor transparencia para descartar especulaciones de fraude electoral.<\/figcaption><\/figure>\n\n\n\n<h4 id=\"criticas-deben-hacerse-antes-del-proceso-electoral\" class=\"wp-block-heading\"><strong>Cr\u00edticas deben hacerse antes del proceso electoral<\/strong><\/h4>\n\n\n\n<p>Carrillo respondi\u00f3 que esto guarda relaci\u00f3n con el tiempo en el que se hacen. Esto, ante la pregunta de c\u00f3mo hacer para distinguir si las denuncias forman parte de una agenda interesada para contaminar el proceso electoral.<\/p>\n\n\n\n<p>&#8220;Para nosotros, el planteo que hacemos para diferenciarnos, es el momento. El momento y la coyuntura pol\u00edtica en las que se plantean demandas de cambio, son importantes, m\u00e1s todav\u00eda en procesos tan cr\u00edticos como aceptar una elecci\u00f3n o aceptar los resultados&#8221;, dijo.<\/p>\n\n\n\n<p>Agreg\u00f3 que desde Tedic creen que se debe revisar el sistema de votaci\u00f3n, para decidir si el sistema electr\u00f3nico es lo que el Paraguay necesita, pero considerablemente antes de la realizaci\u00f3n de las elecciones.<\/p>\n\n\n\n<p>Resalt\u00f3 la importancia de considerar, si realmente no est\u00e1n dadas las condiciones. Argument\u00f3 que la existencia de demasiadas irregularidades alrededor del sistema de votaci\u00f3n, indica que implementar tecnolog\u00eda no necesariamente sea lo m\u00e1s apropiado.<\/p>\n\n\n\n<p>&#8220;Pero eso no se hace en una post elecci\u00f3n, cuando ya todos aceptaron \u2013de una manera\u2013 las reglas del juego y existe todo un proceso posterior a seguir. Se hace antes, en un proceso, en un cronograma en que hay momentos de cr\u00edticas, con mesas de debate a nivel nacional para que todos los actores puedan discutir y acercar preocupaciones&#8221;, resalt\u00f3.<\/p>\n\n\n\n<p>Como TEDIC reconocen que muchos de los argumentos que se est\u00e1n diciendo actualmente son parecidos a lo que ellos advirtieron con anticipaci\u00f3n. <\/p>\n\n\n\n<h4 id=\"no-era-lo-mejor-implementar-las-maquinas-de-votacion\" class=\"wp-block-heading\"><strong>&#8220;No era lo mejor implementar las m\u00e1quinas de votaci\u00f3n&#8221;<\/strong><\/h4>\n\n\n\n<p>Carrillo afirm\u00f3 que desde Tedic, obviamente creen que la tecnolog\u00eda puede ser un cambio muy importante y positivo, en el marco de las elecciones tambi\u00e9n. No obstante, el tipo de ejercicio de una implementaci\u00f3n de pol\u00edtica p\u00fablica es en qu\u00e9 momento es importante implementar tecnolog\u00eda o en qu\u00e9 momento no es interesante implementar tecnolog\u00eda.<\/p>\n\n\n\n<p>&#8220;Lo que nosotros siempre dijimos fue que en la emisi\u00f3n del voto nunca hubo realmente problemas. La gente entraba al cuarto oscuro, marcaba el papel donde ten\u00eda que marcar y se pasaba a un siguiente paso&#8221;, detall\u00f3.<\/p>\n\n\n\n<p>Consider\u00f3 que quiz\u00e1s una transmisi\u00f3n en vivo mostrando c\u00f3mo se realiza el escrutinio p\u00fablico y fiscalizado mientras se van contando las papeletas, es algo interesante de implementar de manera m\u00e1s institucional. <\/p>\n\n\n\n<p>Asimismo, recalc\u00f3 que es importante guardar el secreto del voto y asegur\u00f3 que desde TEDIC concluyeron que no era ideal el uso de urnas electr\u00f3nicas. <\/p>\n\n\n\n<p>&#8220;As\u00ed como estaban dadas las condiciones no era lo mejor implementar m\u00e1quinas de votaci\u00f3n electr\u00f3nica en la emisi\u00f3n del voto. Ahora entendemos que el momento es otro para cuestionar eso, no despu\u00e9s del voto&#8221;, reiter\u00f3.<\/p>\n\n\n\n<figure class=\"wp-block-image size-full\"><img decoding=\"async\" loading=\"lazy\" width=\"800\" height=\"500\" src=\"https:\/\/enlatitud25.com\/news\/wp-content\/uploads\/2023\/05\/pag3-Transparencia-elecciones.jpg\" alt=\"\" class=\"wp-image-14923\" srcset=\"https:\/\/enlatitud25.com\/news\/wp-content\/uploads\/2023\/05\/pag3-Transparencia-elecciones.jpg 800w, https:\/\/enlatitud25.com\/news\/wp-content\/uploads\/2023\/05\/pag3-Transparencia-elecciones-300x188.jpg 300w, https:\/\/enlatitud25.com\/news\/wp-content\/uploads\/2023\/05\/pag3-Transparencia-elecciones-768x480.jpg 768w, https:\/\/enlatitud25.com\/news\/wp-content\/uploads\/2023\/05\/pag3-Transparencia-elecciones-380x238.jpg 380w\" sizes=\"(max-width: 800px) 100vw, 800px\" \/><\/figure>\n\n\n\n<h4 id=\"ningun-sistema-informatico-es-inquebrantable\" class=\"wp-block-heading\"><strong>Ning\u00fan sistema inform\u00e1tico es inquebrantable<\/strong><\/h4>\n\n\n\n<p>En cuanto a los aspectos que se deben considerar a partir de ahora, resalt\u00f3 que, por ejemplo, algo importante a tener en cuenta es la brecha digital que existe en Paraguay. <\/p>\n\n\n\n<p>Reconoci\u00f3 que si bien esto no tiene que ver directamente con las m\u00e1quinas, afirm\u00f3 que las m\u00e1quinas se insertan en ese proceso. &#8220;Nosotros desde TEDIC hacemos un an\u00e1lisis m\u00e1s amplio, no solamente desde lo t\u00e9cnico sino c\u00f3mo lo t\u00e9cnico impacta en la sociedad&#8221;, apunt\u00f3.<\/p>\n\n\n\n<p>En relaci\u00f3n a las declaraciones de los ministros del TSJE que ratifican que el sistema de las m\u00e1quinas no se pueden vulnerar, respondi\u00f3 que no existe sistema inform\u00e1tico inquebrantable. <\/p>\n\n\n\n<p>&#8220;Esto es algo que no es posible de afirmar, verdad, entonces el rol que les toca al TSJE demande que digan esas cosas. Pero cuando tengamos una posibilidad fuera de un proceso tan polarizado como el que tenemos ahora, ese tipo de afirmaciones van a ser dif\u00edcil de defender&#8221;, manifest\u00f3.<\/p>\n\n\n\n<p>Por otra parte, sostuvo que es crucial que el TSJE garantice, desde su rol de garante de las elecciones, mayor transparencia en el sistema. &#8220;Y eso significa abrir el proceso de auditor\u00eda realmente, a m\u00faltiples actores y sobre todo acceder al c\u00f3digo fuente&#8221;, concluy\u00f3. <\/p>\n","protected":false},"excerpt":{"rendered":"Las elecciones generales a trav\u00e9s de las m\u00e1quinas de votaci\u00f3n siguen generando desconfianza hacia los resultados y denuncias de supuesto fraude. Mientras el TSJE dice que estas m\u00e1quinas son inquebrantables, la organizaci\u00f3n de especialistas l\u00edder en tecnolog\u00eda habla de las preocupaciones que alertaron antes de los comicios y exponen puntos a mejorar para elevar la transparencia y confianza en la elecci\u00f3n de autoridades.\n","protected":false},"author":1,"featured_media":14919,"comment_status":"closed","ping_status":"closed","sticky":false,"template":"","format":"standard","meta":[],"categories":[617],"tags":[730,868],"ubicacion":[17],"yoast_head":"<!-- This site is optimized with the Yoast SEO plugin v20.8 - https:\/\/yoast.com\/wordpress\/plugins\/seo\/ -->\n<title>Muchos hablan de fraude electoral, pero esto es lo que dicen los especialistas &ndash; Latitud25<\/title>\n<meta name=\"description\" content=\"Las elecciones generales a trav\u00e9s de las m\u00e1quinas siguen generando desconfianza acerca de los resultados, Esto es lo que dicen especialistas.\" \/>\n<meta name=\"robots\" content=\"index, follow, max-snippet:-1, max-image-preview:large, max-video-preview:-1\" \/>\n<link rel=\"canonical\" href=\"https:\/\/enlatitud25.com\/news\/muchos-hablan-de-fraude-electoral-pero-esto-es-lo-que-dicen-los-especialistas\/\" \/>\n<meta property=\"og:locale\" content=\"es_ES\" \/>\n<meta property=\"og:type\" content=\"article\" \/>\n<meta property=\"og:title\" content=\"Muchos hablan de fraude electoral, pero esto es lo que dicen los especialistas &ndash; Latitud25\" \/>\n<meta property=\"og:description\" content=\"Las elecciones generales a trav\u00e9s de las m\u00e1quinas siguen generando desconfianza acerca de los resultados, Esto es lo que dicen especialistas.\" \/>\n<meta property=\"og:url\" content=\"https:\/\/enlatitud25.com\/news\/muchos-hablan-de-fraude-electoral-pero-esto-es-lo-que-dicen-los-especialistas\/\" \/>\n<meta property=\"og:site_name\" content=\"Latitud25\" \/>\n<meta property=\"article:publisher\" content=\"https:\/\/www.facebook.com\/EnLatitud25\" \/>\n<meta property=\"article:author\" content=\"https:\/\/www.facebook.com\/EnLatitud25\" \/>\n<meta property=\"article:published_time\" content=\"2023-05-05T21:59:55+00:00\" \/>\n<meta property=\"article:modified_time\" content=\"2023-05-05T21:59:57+00:00\" \/>\n<meta property=\"og:image\" content=\"https:\/\/enlatitud25.com\/news\/wp-content\/uploads\/2023\/05\/pag1-Transparencia-elecciones.jpg\" \/>\n\t<meta property=\"og:image:width\" content=\"800\" \/>\n\t<meta property=\"og:image:height\" content=\"500\" \/>\n\t<meta property=\"og:image:type\" content=\"image\/jpeg\" \/>\n<meta name=\"author\" content=\"Latitud 25\" \/>\n<meta name=\"twitter:card\" content=\"summary_large_image\" \/>\n<meta name=\"twitter:creator\" content=\"@EnLatitud25\" \/>\n<meta name=\"twitter:site\" content=\"@EnLatitud25\" \/>\n<meta name=\"twitter:label1\" content=\"Escrito por\" \/>\n\t<meta name=\"twitter:data1\" content=\"Latitud 25\" \/>\n\t<meta name=\"twitter:label2\" content=\"Tiempo de lectura\" \/>\n\t<meta name=\"twitter:data2\" content=\"6 minutos\" \/>\n<script type=\"application\/ld+json\" class=\"yoast-schema-graph\">{\"@context\":\"https:\/\/schema.org\",\"@graph\":[{\"@type\":\"Article\",\"@id\":\"https:\/\/enlatitud25.com\/news\/muchos-hablan-de-fraude-electoral-pero-esto-es-lo-que-dicen-los-especialistas\/#article\",\"isPartOf\":{\"@id\":\"https:\/\/enlatitud25.com\/news\/muchos-hablan-de-fraude-electoral-pero-esto-es-lo-que-dicen-los-especialistas\/\"},\"author\":{\"name\":\"Latitud 25\",\"@id\":\"https:\/\/enlatitud25.com\/news\/#\/schema\/person\/23aafe968917005a721b8eb760f2586e\"},\"headline\":\"Muchos hablan de fraude electoral, pero esto es lo que dicen los especialistas\",\"datePublished\":\"2023-05-05T21:59:55+00:00\",\"dateModified\":\"2023-05-05T21:59:57+00:00\",\"mainEntityOfPage\":{\"@id\":\"https:\/\/enlatitud25.com\/news\/muchos-hablan-de-fraude-electoral-pero-esto-es-lo-que-dicen-los-especialistas\/\"},\"wordCount\":1284,\"publisher\":{\"@id\":\"https:\/\/enlatitud25.com\/news\/#organization\"},\"keywords\":[\"elecciones generales\",\"Tecnolog\u00eda\"],\"articleSection\":[\"Tecnolog\u00eda\"],\"inLanguage\":\"es\"},{\"@type\":\"WebPage\",\"@id\":\"https:\/\/enlatitud25.com\/news\/muchos-hablan-de-fraude-electoral-pero-esto-es-lo-que-dicen-los-especialistas\/\",\"url\":\"https:\/\/enlatitud25.com\/news\/muchos-hablan-de-fraude-electoral-pero-esto-es-lo-que-dicen-los-especialistas\/\",\"name\":\"Muchos hablan de fraude electoral, pero esto es lo que dicen los especialistas &ndash; Latitud25\",\"isPartOf\":{\"@id\":\"https:\/\/enlatitud25.com\/news\/#website\"},\"datePublished\":\"2023-05-05T21:59:55+00:00\",\"dateModified\":\"2023-05-05T21:59:57+00:00\",\"description\":\"Las elecciones generales a trav\u00e9s de las m\u00e1quinas siguen generando desconfianza acerca de los resultados, Esto es lo que dicen especialistas.\",\"breadcrumb\":{\"@id\":\"https:\/\/enlatitud25.com\/news\/muchos-hablan-de-fraude-electoral-pero-esto-es-lo-que-dicen-los-especialistas\/#breadcrumb\"},\"inLanguage\":\"es\",\"potentialAction\":[{\"@type\":\"ReadAction\",\"target\":[\"https:\/\/enlatitud25.com\/news\/muchos-hablan-de-fraude-electoral-pero-esto-es-lo-que-dicen-los-especialistas\/\"]}]},{\"@type\":\"BreadcrumbList\",\"@id\":\"https:\/\/enlatitud25.com\/news\/muchos-hablan-de-fraude-electoral-pero-esto-es-lo-que-dicen-los-especialistas\/#breadcrumb\",\"itemListElement\":[{\"@type\":\"ListItem\",\"position\":1,\"name\":\"Home\",\"item\":\"https:\/\/enlatitud25.com\/news\/\"},{\"@type\":\"ListItem\",\"position\":2,\"name\":\"Muchos hablan de fraude electoral, pero esto es lo que dicen los especialistas\"}]},{\"@type\":\"WebSite\",\"@id\":\"https:\/\/enlatitud25.com\/news\/#website\",\"url\":\"https:\/\/enlatitud25.com\/news\/\",\"name\":\"Latitud25\",\"description\":\"news\",\"publisher\":{\"@id\":\"https:\/\/enlatitud25.com\/news\/#organization\"},\"potentialAction\":[{\"@type\":\"SearchAction\",\"target\":{\"@type\":\"EntryPoint\",\"urlTemplate\":\"https:\/\/enlatitud25.com\/news\/?s={search_term_string}\"},\"query-input\":\"required name=search_term_string\"}],\"inLanguage\":\"es\"},{\"@type\":\"Organization\",\"@id\":\"https:\/\/enlatitud25.com\/news\/#organization\",\"name\":\"Latitud 25 - News\",\"url\":\"https:\/\/enlatitud25.com\/news\/\",\"logo\":{\"@type\":\"ImageObject\",\"inLanguage\":\"es\",\"@id\":\"https:\/\/enlatitud25.com\/news\/#\/schema\/logo\/image\/\",\"url\":\"https:\/\/enlatitud25.com\/news\/wp-content\/uploads\/2020\/11\/logo_latitud.png\",\"contentUrl\":\"https:\/\/enlatitud25.com\/news\/wp-content\/uploads\/2020\/11\/logo_latitud.png\",\"width\":235,\"height\":39,\"caption\":\"Latitud 25 - News\"},\"image\":{\"@id\":\"https:\/\/enlatitud25.com\/news\/#\/schema\/logo\/image\/\"},\"sameAs\":[\"https:\/\/www.facebook.com\/EnLatitud25\",\"https:\/\/twitter.com\/EnLatitud25\",\"https:\/\/www.instagram.com\/enlatitud25\/\",\"https:\/\/www.youtube.com\/user\/desdelatitud25\"]},{\"@type\":\"Person\",\"@id\":\"https:\/\/enlatitud25.com\/news\/#\/schema\/person\/23aafe968917005a721b8eb760f2586e\",\"name\":\"Latitud 25\",\"sameAs\":[\"https:\/\/enlatitud25.com\/news\",\"https:\/\/www.facebook.com\/EnLatitud25\",\"https:\/\/www.instagram.com\/enlatitud25\",\"https:\/\/www.youtube.com\/user\/desdelatitud25\",\"https:\/\/soundcloud.com\/enlatitud25\"],\"url\":\"https:\/\/enlatitud25.com\/news\/author\/nnews-uss00\/\"}]}<\/script>\n<!-- \/ Yoast SEO plugin. -->","yoast_head_json":{"title":"Muchos hablan de fraude electoral, pero esto es lo que dicen los especialistas &ndash; Latitud25","description":"Las elecciones generales a trav\u00e9s de las m\u00e1quinas siguen generando desconfianza acerca de los resultados, Esto es lo que dicen especialistas.","robots":{"index":"index","follow":"follow","max-snippet":"max-snippet:-1","max-image-preview":"max-image-preview:large","max-video-preview":"max-video-preview:-1"},"canonical":"https:\/\/enlatitud25.com\/news\/muchos-hablan-de-fraude-electoral-pero-esto-es-lo-que-dicen-los-especialistas\/","og_locale":"es_ES","og_type":"article","og_title":"Muchos hablan de fraude electoral, pero esto es lo que dicen los especialistas &ndash; Latitud25","og_description":"Las elecciones generales a trav\u00e9s de las m\u00e1quinas siguen generando desconfianza acerca de los resultados, Esto es lo que dicen especialistas.","og_url":"https:\/\/enlatitud25.com\/news\/muchos-hablan-de-fraude-electoral-pero-esto-es-lo-que-dicen-los-especialistas\/","og_site_name":"Latitud25","article_publisher":"https:\/\/www.facebook.com\/EnLatitud25","article_author":"https:\/\/www.facebook.com\/EnLatitud25","article_published_time":"2023-05-05T21:59:55+00:00","article_modified_time":"2023-05-05T21:59:57+00:00","og_image":[{"width":800,"height":500,"url":"https:\/\/enlatitud25.com\/news\/wp-content\/uploads\/2023\/05\/pag1-Transparencia-elecciones.jpg","type":"image\/jpeg"}],"author":"Latitud 25","twitter_card":"summary_large_image","twitter_creator":"@EnLatitud25","twitter_site":"@EnLatitud25","twitter_misc":{"Escrito por":"Latitud 25","Tiempo de lectura":"6 minutos"},"schema":{"@context":"https:\/\/schema.org","@graph":[{"@type":"Article","@id":"https:\/\/enlatitud25.com\/news\/muchos-hablan-de-fraude-electoral-pero-esto-es-lo-que-dicen-los-especialistas\/#article","isPartOf":{"@id":"https:\/\/enlatitud25.com\/news\/muchos-hablan-de-fraude-electoral-pero-esto-es-lo-que-dicen-los-especialistas\/"},"author":{"name":"Latitud 25","@id":"https:\/\/enlatitud25.com\/news\/#\/schema\/person\/23aafe968917005a721b8eb760f2586e"},"headline":"Muchos hablan de fraude electoral, pero esto es lo que dicen los especialistas","datePublished":"2023-05-05T21:59:55+00:00","dateModified":"2023-05-05T21:59:57+00:00","mainEntityOfPage":{"@id":"https:\/\/enlatitud25.com\/news\/muchos-hablan-de-fraude-electoral-pero-esto-es-lo-que-dicen-los-especialistas\/"},"wordCount":1284,"publisher":{"@id":"https:\/\/enlatitud25.com\/news\/#organization"},"keywords":["elecciones generales","Tecnolog\u00eda"],"articleSection":["Tecnolog\u00eda"],"inLanguage":"es"},{"@type":"WebPage","@id":"https:\/\/enlatitud25.com\/news\/muchos-hablan-de-fraude-electoral-pero-esto-es-lo-que-dicen-los-especialistas\/","url":"https:\/\/enlatitud25.com\/news\/muchos-hablan-de-fraude-electoral-pero-esto-es-lo-que-dicen-los-especialistas\/","name":"Muchos hablan de fraude electoral, pero esto es lo que dicen los especialistas &ndash; Latitud25","isPartOf":{"@id":"https:\/\/enlatitud25.com\/news\/#website"},"datePublished":"2023-05-05T21:59:55+00:00","dateModified":"2023-05-05T21:59:57+00:00","description":"Las elecciones generales a trav\u00e9s de las m\u00e1quinas siguen generando desconfianza acerca de los resultados, Esto es lo que dicen especialistas.","breadcrumb":{"@id":"https:\/\/enlatitud25.com\/news\/muchos-hablan-de-fraude-electoral-pero-esto-es-lo-que-dicen-los-especialistas\/#breadcrumb"},"inLanguage":"es","potentialAction":[{"@type":"ReadAction","target":["https:\/\/enlatitud25.com\/news\/muchos-hablan-de-fraude-electoral-pero-esto-es-lo-que-dicen-los-especialistas\/"]}]},{"@type":"BreadcrumbList","@id":"https:\/\/enlatitud25.com\/news\/muchos-hablan-de-fraude-electoral-pero-esto-es-lo-que-dicen-los-especialistas\/#breadcrumb","itemListElement":[{"@type":"ListItem","position":1,"name":"Home","item":"https:\/\/enlatitud25.com\/news\/"},{"@type":"ListItem","position":2,"name":"Muchos hablan de fraude electoral, pero esto es lo que dicen los especialistas"}]},{"@type":"WebSite","@id":"https:\/\/enlatitud25.com\/news\/#website","url":"https:\/\/enlatitud25.com\/news\/","name":"Latitud25","description":"news","publisher":{"@id":"https:\/\/enlatitud25.com\/news\/#organization"},"potentialAction":[{"@type":"SearchAction","target":{"@type":"EntryPoint","urlTemplate":"https:\/\/enlatitud25.com\/news\/?s={search_term_string}"},"query-input":"required name=search_term_string"}],"inLanguage":"es"},{"@type":"Organization","@id":"https:\/\/enlatitud25.com\/news\/#organization","name":"Latitud 25 - News","url":"https:\/\/enlatitud25.com\/news\/","logo":{"@type":"ImageObject","inLanguage":"es","@id":"https:\/\/enlatitud25.com\/news\/#\/schema\/logo\/image\/","url":"https:\/\/enlatitud25.com\/news\/wp-content\/uploads\/2020\/11\/logo_latitud.png","contentUrl":"https:\/\/enlatitud25.com\/news\/wp-content\/uploads\/2020\/11\/logo_latitud.png","width":235,"height":39,"caption":"Latitud 25 - News"},"image":{"@id":"https:\/\/enlatitud25.com\/news\/#\/schema\/logo\/image\/"},"sameAs":["https:\/\/www.facebook.com\/EnLatitud25","https:\/\/twitter.com\/EnLatitud25","https:\/\/www.instagram.com\/enlatitud25\/","https:\/\/www.youtube.com\/user\/desdelatitud25"]},{"@type":"Person","@id":"https:\/\/enlatitud25.com\/news\/#\/schema\/person\/23aafe968917005a721b8eb760f2586e","name":"Latitud 25","sameAs":["https:\/\/enlatitud25.com\/news","https:\/\/www.facebook.com\/EnLatitud25","https:\/\/www.instagram.com\/enlatitud25","https:\/\/www.youtube.com\/user\/desdelatitud25","https:\/\/soundcloud.com\/enlatitud25"],"url":"https:\/\/enlatitud25.com\/news\/author\/nnews-uss00\/"}]}},"_links":{"self":[{"href":"https:\/\/enlatitud25.com\/news\/wp-json\/wp\/v2\/posts\/14885"}],"collection":[{"href":"https:\/\/enlatitud25.com\/news\/wp-json\/wp\/v2\/posts"}],"about":[{"href":"https:\/\/enlatitud25.com\/news\/wp-json\/wp\/v2\/types\/post"}],"author":[{"embeddable":true,"href":"https:\/\/enlatitud25.com\/news\/wp-json\/wp\/v2\/users\/1"}],"replies":[{"embeddable":true,"href":"https:\/\/enlatitud25.com\/news\/wp-json\/wp\/v2\/comments?post=14885"}],"version-history":[{"count":11,"href":"https:\/\/enlatitud25.com\/news\/wp-json\/wp\/v2\/posts\/14885\/revisions"}],"predecessor-version":[{"id":14931,"href":"https:\/\/enlatitud25.com\/news\/wp-json\/wp\/v2\/posts\/14885\/revisions\/14931"}],"wp:featuredmedia":[{"embeddable":true,"href":"https:\/\/enlatitud25.com\/news\/wp-json\/wp\/v2\/media\/14919"}],"wp:attachment":[{"href":"https:\/\/enlatitud25.com\/news\/wp-json\/wp\/v2\/media?parent=14885"}],"wp:term":[{"taxonomy":"category","embeddable":true,"href":"https:\/\/enlatitud25.com\/news\/wp-json\/wp\/v2\/categories?post=14885"},{"taxonomy":"post_tag","embeddable":true,"href":"https:\/\/enlatitud25.com\/news\/wp-json\/wp\/v2\/tags?post=14885"},{"taxonomy":"ubicacion","embeddable":true,"href":"https:\/\/enlatitud25.com\/news\/wp-json\/wp\/v2\/ubicacion?post=14885"}],"curies":[{"name":"wp","href":"https:\/\/api.w.org\/{rel}","templated":true}]}}