{"id":14858,"date":"2023-05-04T20:58:02","date_gmt":"2023-05-04T20:58:02","guid":{"rendered":"https:\/\/enlatitud25.com\/news\/?p=14858"},"modified":"2023-05-04T20:58:04","modified_gmt":"2023-05-04T20:58:04","slug":"representacion-de-la-mujer-aumento-en-el-congreso-y-en-gobernaciones","status":"publish","type":"post","link":"https:\/\/enlatitud25.com\/news\/representacion-de-la-mujer-aumento-en-el-congreso-y-en-gobernaciones\/","title":{"rendered":"Representaci\u00f3n de la mujer aument\u00f3 en el Congreso y en gobernaciones"},"content":{"rendered":"\n<p>En las elecciones del 30 de abril \u00faltimo, fueron elegidas 11 mujeres del total de 45, para la C\u00e1mara de Senadores, lo que hace al 24,44% de representaci\u00f3n. En Diputados, fueron electas 18 mujeres de un total de 80 legisladores, alcanzando un 22,5%.<\/p>\n\n\n\n<p>Pese a los augurios de que el nuevo sistema electoral de listas desbloqueadas y voto preferencial podr\u00eda perjudicar el acceso de pol\u00edticas mujeres a cargos electivos, el domingo \u00faltimo se evidenci\u00f3 lo contrario. <\/p>\n\n\n\n<p>Sin embargo, el sistema electoral vigente, antes de dar oportunidad a diversos colectivos sociales de contar con representaci\u00f3n parlamentaria, termin\u00f3 favoreciendo a los partidos tradicionales y a candidatos con un gran capital econ\u00f3mico o estructura para lograr visibilidad.<\/p>\n\n\n\n<figure class=\"wp-block-image size-full\"><img decoding=\"async\" loading=\"lazy\" width=\"800\" height=\"500\" src=\"https:\/\/enlatitud25.com\/news\/wp-content\/uploads\/2023\/05\/pag3-Mujeres-20-ma\u0301s-en-politica.jpg\" alt=\"\" class=\"wp-image-14864\" srcset=\"https:\/\/enlatitud25.com\/news\/wp-content\/uploads\/2023\/05\/pag3-Mujeres-20-ma\u0301s-en-politica.jpg 800w, https:\/\/enlatitud25.com\/news\/wp-content\/uploads\/2023\/05\/pag3-Mujeres-20-ma\u0301s-en-politica-300x188.jpg 300w, https:\/\/enlatitud25.com\/news\/wp-content\/uploads\/2023\/05\/pag3-Mujeres-20-ma\u0301s-en-politica-768x480.jpg 768w, https:\/\/enlatitud25.com\/news\/wp-content\/uploads\/2023\/05\/pag3-Mujeres-20-ma\u0301s-en-politica-380x238.jpg 380w\" sizes=\"(max-width: 800px) 100vw, 800px\" \/><\/figure>\n\n\n\n<p>Tambi\u00e9n se demostr\u00f3 que los candidatos dentro de partidos tradicionales, que no contaban con una estructura partidaria consolidada, tuvieron mayor posibilidad de acceder al Congreso, gracias a su rendimiento electoral.<\/p>\n\n\n\n<p>En este sentido, el doctor en Ciencias Sociales por la Universidad de Buenos Aires, <strong>Fernando Mart\u00ednez Escobar,<\/strong> afirm\u00f3 por primera vez las mujeres superan el 20% de representaci\u00f3n en el Parlamento. Aunque remarc\u00f3 que todav\u00eda est\u00e1 lejos de la paridad.<\/p>\n\n\n\n<h4 id=\"de-una-gran-oportunidad-a-una-limitacion\" class=\"wp-block-heading\">De una gran oportunidad a una limitaci\u00f3n<\/h4>\n\n\n\n<p>En esta nueva configuraci\u00f3n del Senado, que asumir\u00e1 el 1 de julio, entraron 11 mujeres de 45 senadores, lo que representa el 24,44%. Entretanto, en el periodo vigente es de solo 17,5%. Por otra parte, en la C\u00e1mara de Diputados, entraron 18 mujeres de 80 parlamentarios, el 22,5% de la c\u00e1mara. En 2018, lleg\u00f3 a solo el 15%.<\/p>\n\n\n\n<p>Tras un an\u00e1lisis de los porcentajes, Mart\u00ednez Escobar rememora que el 20%, es la cuota que se empez\u00f3 a utilizar en los a\u00f1os 90 para la participaci\u00f3n de las mujeres en pol\u00edtica. En ese punto, si bien en esa d\u00e9cada fue clave para levantar la elecci\u00f3n de la mujer en el Congreso, con el tiempo ya no fue suficiente.<\/p>\n\n\n\n<figure class=\"wp-block-image size-large\"><img decoding=\"async\" loading=\"lazy\" width=\"819\" height=\"1024\" src=\"https:\/\/enlatitud25.com\/news\/wp-content\/uploads\/2023\/05\/Gra\u0301fico-barras-Representacio\u0301n-Mujeres-819x1024.jpg\" alt=\"\" class=\"wp-image-14881\" srcset=\"https:\/\/enlatitud25.com\/news\/wp-content\/uploads\/2023\/05\/Gra\u0301fico-barras-Representacio\u0301n-Mujeres-819x1024.jpg 819w, https:\/\/enlatitud25.com\/news\/wp-content\/uploads\/2023\/05\/Gra\u0301fico-barras-Representacio\u0301n-Mujeres-240x300.jpg 240w, https:\/\/enlatitud25.com\/news\/wp-content\/uploads\/2023\/05\/Gra\u0301fico-barras-Representacio\u0301n-Mujeres-768x960.jpg 768w, https:\/\/enlatitud25.com\/news\/wp-content\/uploads\/2023\/05\/Gra\u0301fico-barras-Representacio\u0301n-Mujeres-380x475.jpg 380w, https:\/\/enlatitud25.com\/news\/wp-content\/uploads\/2023\/05\/Gra\u0301fico-barras-Representacio\u0301n-Mujeres-800x1000.jpg 800w, https:\/\/enlatitud25.com\/news\/wp-content\/uploads\/2023\/05\/Gra\u0301fico-barras-Representacio\u0301n-Mujeres.jpg 1080w\" sizes=\"(max-width: 819px) 100vw, 819px\" \/><\/figure>\n\n\n\n<p>Seg\u00fan el especialista, esta cuota del 20% al no establecer la posici\u00f3n en que deb\u00edan ser incluidas las mujeres, las mismas quedaban m\u00e1s atr\u00e1s en las listas. Resalt\u00f3 que con eso se cubr\u00eda en materia legal el cupo de mujeres, pero al no estar en los primeros lugares, pocas ingresaban.<\/p>\n\n\n\n<p>&#8220;Al ser listas cerradas y bloqueadas, entonces entraban los hombres, pero las mujeres no ten\u00edan posibilidad ni de competir. Por un lado, ayud\u00f3 en los 90 a que haya m\u00e1s mujeres, pero posteriormente se convirti\u00f3 en un l\u00edmite&#8221;, asegur\u00f3.<\/p>\n\n\n\n<h4 id=\"por-primera-vez-dos-gobernadoras-electas\" class=\"wp-block-heading\">Por primera vez, dos gobernadoras electas<\/h4>\n\n\n\n<p>En cuanto a las gobernaciones, desde el inicio de la democracia solo hubo 3 gobernadoras electas, en diferentes periodos. <\/p>\n\n\n\n<p>Entretanto, en las elecciones del 30 de abril \u00faltimo, fue la primera vez en la historia del Paraguay en que se eligieron dos gobernadoras en un mismo periodo. Esto fue resaltado a trav\u00e9s de <a href=\"https:\/\/observaparticipacionpolitica.org\/2023\/05\/02\/2023-primera-vez-que-hay-dos-gobernadoras\/\" target=\"_blank\" rel=\"noreferrer noopener\">una publicaci\u00f3n<\/a> hecha por Observaci\u00f3n Pol\u00edtica de las Mujeres, del Centro de Documentaci\u00f3n y Estudios (CDE).<\/p>\n\n\n\n<p>El informe resalta que la primera mujer gobernadora fue<strong>\u00a0Ramona Mendoza<\/strong>, por el departamento de Concepci\u00f3n, para el periodo 2003-2008. Le siguieron <strong>Mar\u00eda Cristina Villalba (ANR)<\/strong>, en Canindey\u00fa, periodo 2008-2013 y<strong> Marlene Ocampos (ANR)<\/strong>, en Alto Paraguay, periodo 2013-2018. En las elecciones de 2018-2023 ninguna fue electa.<\/p>\n\n\n\n<p><strong>Le\u00e9 m\u00e1s:<a href=\"https:\/\/enlatitud25.com\/news\/incrementar-la-representacion-politica-de-las-mujeres-tambien-es-sororidad\/\" target=\"_blank\" rel=\"noreferrer noopener\"> Incrementar la representaci\u00f3n pol\u00edtica de las mujeres, tambi\u00e9n es sororidad<\/a><\/strong><\/p>\n\n\n\n<figure class=\"wp-block-image size-full\"><img decoding=\"async\" loading=\"lazy\" width=\"800\" height=\"500\" src=\"https:\/\/enlatitud25.com\/news\/wp-content\/uploads\/2023\/05\/pag1-Mujeres-20-ma\u0301s-en-politica.jpg\" alt=\"\" class=\"wp-image-14865\" srcset=\"https:\/\/enlatitud25.com\/news\/wp-content\/uploads\/2023\/05\/pag1-Mujeres-20-ma\u0301s-en-politica.jpg 800w, https:\/\/enlatitud25.com\/news\/wp-content\/uploads\/2023\/05\/pag1-Mujeres-20-ma\u0301s-en-politica-300x188.jpg 300w, https:\/\/enlatitud25.com\/news\/wp-content\/uploads\/2023\/05\/pag1-Mujeres-20-ma\u0301s-en-politica-768x480.jpg 768w, https:\/\/enlatitud25.com\/news\/wp-content\/uploads\/2023\/05\/pag1-Mujeres-20-ma\u0301s-en-politica-380x238.jpg 380w\" sizes=\"(max-width: 800px) 100vw, 800px\" \/><\/figure>\n\n\n\n<h4 id=\"los-espacios-necesitan-mayor-horizontalidad\" class=\"wp-block-heading\">Los espacios necesitan mayor horizontalidad<\/h4>\n\n\n\n<p><strong>Johanna Ortega<\/strong>, diputada electa por Asunci\u00f3n para el periodo 2023-2028, record\u00f3 que los partidos pol\u00edticos de Paraguay tienen la caracter\u00edstica de ser verticales y caudillistas. <\/p>\n\n\n\n<p>&#8220;Est\u00e1n liderados por hombres, entonces necesitamos claramente pensar desde el progresismo, que es desde donde yo hablo, espacios m\u00e1s horizontales, participativos, m\u00e1s incluyentes. Y por si los compa\u00f1eros no se dieron cuenta, nuestro progresismo tiene que ser urbano y tiene que ser mujer&#8221;, asever\u00f3.<\/p>\n\n\n\n<p>En relaci\u00f3n a los asedios que recibi\u00f3 la senadora electa Esperanza Mart\u00ednez, de parte del propio Frente Guasu, por ser la \u00fanica que ingres\u00f3 a la C\u00e1mara Alta, respondi\u00f3 que a veces, como mujeres eligen llevar a cabo un trabajo m\u00e1s pedag\u00f3gico. <\/p>\n\n\n\n<p>&#8220;De por ah\u00ed Esperanza y yo como somos compa\u00f1eras, somos personas que hacemos pol\u00edtica, tenemos tambi\u00e9n una lectura de que debemos romper barreras y pr\u00e1cticas machistas, micromachismos en los espacios, preferimos muchas veces hacer la tarea pedag\u00f3gica con los compa\u00f1eros&#8221;, resalt\u00f3.<\/p>\n\n\n\n<p>Acot\u00f3 que es inveros\u00edmil la cantidad de llamadas que recibi\u00f3 de los compa\u00f1eros tratando de &#8220;explicarle&#8221; c\u00f3mo tiene que trabajar en el Congreso, lo que com\u00fanmente en pol\u00edtica se denomina \u00b4mansplaning\u00b4.<\/p>\n\n\n\n<p>&#8220;No necesito que me expliquen nada, yo acabo de ser electa diputada, la gente me vot\u00f3 a m\u00ed. No ten\u00e9s nada que ense\u00f1arme, acabo de ense\u00f1arte c\u00f3mo se gana una elecci\u00f3n. Es realmente preocupante que muchos no hagan esa reflexi\u00f3n ni conmigo, ni Esperanza ni con otras mujeres&#8221;, manifest\u00f3. <\/p>\n\n\n\n<h4 id=\"ser-mujer-en-politica-trasciende-las-barreras-ideologicas\" class=\"wp-block-heading\">&#8220;Ser mujer en pol\u00edtica trasciende las barreras ideol\u00f3gicas&#8221;<\/h4>\n\n\n\n<p>Ortega remarca que esto de ser mujer en la pol\u00edtica trasciende las barreras ideol\u00f3gicas, ya que tambi\u00e9n es dif\u00edcil para sus colegas liberales o del Partido Colorado. <\/p>\n\n\n\n<p>&#8220;Yo no me quiero imaginar las llamadas y mensajes que habr\u00e1n recibido esas compa\u00f1eras coloradas o las que fueron electas, porque los hombres tienen como esa idea de que tienen que explicarnos todo&#8221;, afirm\u00f3. <\/p>\n\n\n\n<p><\/p>\n\n\n\n<figure class=\"wp-block-image size-full\"><img decoding=\"async\" loading=\"lazy\" width=\"800\" height=\"500\" src=\"https:\/\/enlatitud25.com\/news\/wp-content\/uploads\/2023\/05\/pag4-Mujeres-20-ma\u0301s-en-politica.jpg\" alt=\"\" class=\"wp-image-14882\" srcset=\"https:\/\/enlatitud25.com\/news\/wp-content\/uploads\/2023\/05\/pag4-Mujeres-20-ma\u0301s-en-politica.jpg 800w, https:\/\/enlatitud25.com\/news\/wp-content\/uploads\/2023\/05\/pag4-Mujeres-20-ma\u0301s-en-politica-300x188.jpg 300w, https:\/\/enlatitud25.com\/news\/wp-content\/uploads\/2023\/05\/pag4-Mujeres-20-ma\u0301s-en-politica-768x480.jpg 768w, https:\/\/enlatitud25.com\/news\/wp-content\/uploads\/2023\/05\/pag4-Mujeres-20-ma\u0301s-en-politica-380x238.jpg 380w\" sizes=\"(max-width: 800px) 100vw, 800px\" \/><\/figure>\n\n\n\n<p>No obstante, dijo que ve con mucho optimismo la participaci\u00f3n de las nuevas generaciones. &#8220;En mi espacio muy peque\u00f1o donde hay hombres y mujeres, si bien es cierto, somos mayor\u00eda mujeres, nuestros compa\u00f1eros supieron valorar el liderazgo femenino y feminista como el m\u00edo y supieron trabajar en equipo. De eso se trata, de trabajar codo a codo&#8221;, argument\u00f3.<\/p>\n\n\n\n<h4 id=\"ayudo-el-desbloqueo-de-listas-a-las-mujeres\" class=\"wp-block-heading\">\u00bfAyud\u00f3 el desbloqueo de listas a las mujeres?<\/h4>\n\n\n\n<p>Fernando Mart\u00ednez, a pocos d\u00edas de las elecciones, tiene una hip\u00f3tesis preliminar. Esta consiste en que ahora, aparentemente, al generarse una competencia abierta, las mujeres hacen campa\u00f1a y tienen la oportunidad de ser elegidas realmente. <\/p>\n\n\n\n<p>&#8220;La que est\u00e1 en el puesto 20, 15 o 45 puede competir con el que est\u00e1 primero, segundo o con el resto de la lista. Es un incentivo para hacer campa\u00f1a, porque mujeres y hombres que estaban al final de la lista, no hac\u00edan campa\u00f1a si ya sab\u00edan que no iban a estar&#8221;, puntualiz\u00f3.<\/p>\n\n\n\n<p>&#8220;Entonces este aumento se puede deber, por un lado, a las nuevas reglas de listas abiertas y por otro lado, al trabajo de las mujeres que est\u00e1 apoyando a las candidaturas de otras mujeres. Esto aparentemente influye en que las candidaturas de mujeres dentro de la lista no sean testimoniales, sino m\u00e1s bien de competencia&#8221;, concluy\u00f3.<\/p>\n","protected":false},"excerpt":{"rendered":"Desde el inicio de la era democr\u00e1tica la participaci\u00f3n de las mujeres en el Congreso fue menor al 20% hasta las elecciones generales de 2018. En estos \u00faltimos comicios, por primera vez, las mujeres lograron superar el 20% en ambas c\u00e1maras. Adem\u00e1s, es la primera vez en la historia en que dos mujeres fueron elegidas como gobernadoras. \u00bfInfluy\u00f3 el desbloqueo de las listas en el aumento de la participaci\u00f3n femenina en el Parlamento?\n","protected":false},"author":1,"featured_media":14862,"comment_status":"closed","ping_status":"closed","sticky":false,"template":"","format":"standard","meta":[],"categories":[13],"tags":[302,91,59,1460],"ubicacion":[17],"yoast_head":"<!-- This site is optimized with the Yoast SEO plugin v20.8 - https:\/\/yoast.com\/wordpress\/plugins\/seo\/ -->\n<title>Representaci\u00f3n de la mujer aument\u00f3 en el Congreso y en gobernaciones &ndash; Latitud25<\/title>\n<meta name=\"description\" content=\"Esta es la primera vez en que en unas elecciones, las mujeres superan el 20% de representaci\u00f3n en el Congreso. El an\u00e1lisis en esta nota.\" \/>\n<meta name=\"robots\" content=\"index, follow, max-snippet:-1, max-image-preview:large, max-video-preview:-1\" \/>\n<link rel=\"canonical\" href=\"https:\/\/enlatitud25.com\/news\/representacion-de-la-mujer-aumento-en-el-congreso-y-en-gobernaciones\/\" \/>\n<meta property=\"og:locale\" content=\"es_ES\" \/>\n<meta property=\"og:type\" content=\"article\" \/>\n<meta property=\"og:title\" content=\"Representaci\u00f3n de la mujer aument\u00f3 en el Congreso y en gobernaciones &ndash; Latitud25\" \/>\n<meta property=\"og:description\" content=\"Esta es la primera vez en que en unas elecciones, las mujeres superan el 20% de representaci\u00f3n en el Congreso. El an\u00e1lisis en esta nota.\" \/>\n<meta property=\"og:url\" content=\"https:\/\/enlatitud25.com\/news\/representacion-de-la-mujer-aumento-en-el-congreso-y-en-gobernaciones\/\" \/>\n<meta property=\"og:site_name\" content=\"Latitud25\" \/>\n<meta property=\"article:publisher\" content=\"https:\/\/www.facebook.com\/EnLatitud25\" \/>\n<meta property=\"article:author\" content=\"https:\/\/www.facebook.com\/EnLatitud25\" \/>\n<meta property=\"article:published_time\" content=\"2023-05-04T20:58:02+00:00\" \/>\n<meta property=\"article:modified_time\" content=\"2023-05-04T20:58:04+00:00\" \/>\n<meta property=\"og:image\" content=\"https:\/\/enlatitud25.com\/news\/wp-content\/uploads\/2023\/05\/pag0-Mujeres-20-ma\u0301s-en-politica.jpg\" \/>\n\t<meta property=\"og:image:width\" content=\"800\" \/>\n\t<meta property=\"og:image:height\" content=\"500\" \/>\n\t<meta property=\"og:image:type\" content=\"image\/jpeg\" \/>\n<meta name=\"author\" content=\"Latitud 25\" \/>\n<meta name=\"twitter:card\" content=\"summary_large_image\" \/>\n<meta name=\"twitter:creator\" content=\"@EnLatitud25\" \/>\n<meta name=\"twitter:site\" content=\"@EnLatitud25\" \/>\n<meta name=\"twitter:label1\" content=\"Escrito por\" \/>\n\t<meta name=\"twitter:data1\" content=\"Latitud 25\" \/>\n\t<meta name=\"twitter:label2\" content=\"Tiempo de lectura\" \/>\n\t<meta name=\"twitter:data2\" content=\"6 minutos\" \/>\n<script type=\"application\/ld+json\" class=\"yoast-schema-graph\">{\"@context\":\"https:\/\/schema.org\",\"@graph\":[{\"@type\":\"Article\",\"@id\":\"https:\/\/enlatitud25.com\/news\/representacion-de-la-mujer-aumento-en-el-congreso-y-en-gobernaciones\/#article\",\"isPartOf\":{\"@id\":\"https:\/\/enlatitud25.com\/news\/representacion-de-la-mujer-aumento-en-el-congreso-y-en-gobernaciones\/\"},\"author\":{\"name\":\"Latitud 25\",\"@id\":\"https:\/\/enlatitud25.com\/news\/#\/schema\/person\/23aafe968917005a721b8eb760f2586e\"},\"headline\":\"Representaci\u00f3n de la mujer aument\u00f3 en el Congreso y en gobernaciones\",\"datePublished\":\"2023-05-04T20:58:02+00:00\",\"dateModified\":\"2023-05-04T20:58:04+00:00\",\"mainEntityOfPage\":{\"@id\":\"https:\/\/enlatitud25.com\/news\/representacion-de-la-mujer-aumento-en-el-congreso-y-en-gobernaciones\/\"},\"wordCount\":1125,\"publisher\":{\"@id\":\"https:\/\/enlatitud25.com\/news\/#organization\"},\"keywords\":[\"congreso\",\"mujer\",\"paraguay\",\"representaci\u00f3n\"],\"articleSection\":[\"Pol\u00edtica\"],\"inLanguage\":\"es\"},{\"@type\":\"WebPage\",\"@id\":\"https:\/\/enlatitud25.com\/news\/representacion-de-la-mujer-aumento-en-el-congreso-y-en-gobernaciones\/\",\"url\":\"https:\/\/enlatitud25.com\/news\/representacion-de-la-mujer-aumento-en-el-congreso-y-en-gobernaciones\/\",\"name\":\"Representaci\u00f3n de la mujer aument\u00f3 en el Congreso y en gobernaciones &ndash; Latitud25\",\"isPartOf\":{\"@id\":\"https:\/\/enlatitud25.com\/news\/#website\"},\"datePublished\":\"2023-05-04T20:58:02+00:00\",\"dateModified\":\"2023-05-04T20:58:04+00:00\",\"description\":\"Esta es la primera vez en que en unas elecciones, las mujeres superan el 20% de representaci\u00f3n en el Congreso. El an\u00e1lisis en esta nota.\",\"breadcrumb\":{\"@id\":\"https:\/\/enlatitud25.com\/news\/representacion-de-la-mujer-aumento-en-el-congreso-y-en-gobernaciones\/#breadcrumb\"},\"inLanguage\":\"es\",\"potentialAction\":[{\"@type\":\"ReadAction\",\"target\":[\"https:\/\/enlatitud25.com\/news\/representacion-de-la-mujer-aumento-en-el-congreso-y-en-gobernaciones\/\"]}]},{\"@type\":\"BreadcrumbList\",\"@id\":\"https:\/\/enlatitud25.com\/news\/representacion-de-la-mujer-aumento-en-el-congreso-y-en-gobernaciones\/#breadcrumb\",\"itemListElement\":[{\"@type\":\"ListItem\",\"position\":1,\"name\":\"Home\",\"item\":\"https:\/\/enlatitud25.com\/news\/\"},{\"@type\":\"ListItem\",\"position\":2,\"name\":\"Representaci\u00f3n de la mujer aument\u00f3 en el Congreso y en gobernaciones\"}]},{\"@type\":\"WebSite\",\"@id\":\"https:\/\/enlatitud25.com\/news\/#website\",\"url\":\"https:\/\/enlatitud25.com\/news\/\",\"name\":\"Latitud25\",\"description\":\"news\",\"publisher\":{\"@id\":\"https:\/\/enlatitud25.com\/news\/#organization\"},\"potentialAction\":[{\"@type\":\"SearchAction\",\"target\":{\"@type\":\"EntryPoint\",\"urlTemplate\":\"https:\/\/enlatitud25.com\/news\/?s={search_term_string}\"},\"query-input\":\"required name=search_term_string\"}],\"inLanguage\":\"es\"},{\"@type\":\"Organization\",\"@id\":\"https:\/\/enlatitud25.com\/news\/#organization\",\"name\":\"Latitud 25 - News\",\"url\":\"https:\/\/enlatitud25.com\/news\/\",\"logo\":{\"@type\":\"ImageObject\",\"inLanguage\":\"es\",\"@id\":\"https:\/\/enlatitud25.com\/news\/#\/schema\/logo\/image\/\",\"url\":\"https:\/\/enlatitud25.com\/news\/wp-content\/uploads\/2020\/11\/logo_latitud.png\",\"contentUrl\":\"https:\/\/enlatitud25.com\/news\/wp-content\/uploads\/2020\/11\/logo_latitud.png\",\"width\":235,\"height\":39,\"caption\":\"Latitud 25 - News\"},\"image\":{\"@id\":\"https:\/\/enlatitud25.com\/news\/#\/schema\/logo\/image\/\"},\"sameAs\":[\"https:\/\/www.facebook.com\/EnLatitud25\",\"https:\/\/twitter.com\/EnLatitud25\",\"https:\/\/www.instagram.com\/enlatitud25\/\",\"https:\/\/www.youtube.com\/user\/desdelatitud25\"]},{\"@type\":\"Person\",\"@id\":\"https:\/\/enlatitud25.com\/news\/#\/schema\/person\/23aafe968917005a721b8eb760f2586e\",\"name\":\"Latitud 25\",\"sameAs\":[\"https:\/\/enlatitud25.com\/news\",\"https:\/\/www.facebook.com\/EnLatitud25\",\"https:\/\/www.instagram.com\/enlatitud25\",\"https:\/\/www.youtube.com\/user\/desdelatitud25\",\"https:\/\/soundcloud.com\/enlatitud25\"],\"url\":\"https:\/\/enlatitud25.com\/news\/author\/nnews-uss00\/\"}]}<\/script>\n<!-- \/ Yoast SEO plugin. -->","yoast_head_json":{"title":"Representaci\u00f3n de la mujer aument\u00f3 en el Congreso y en gobernaciones &ndash; Latitud25","description":"Esta es la primera vez en que en unas elecciones, las mujeres superan el 20% de representaci\u00f3n en el Congreso. El an\u00e1lisis en esta nota.","robots":{"index":"index","follow":"follow","max-snippet":"max-snippet:-1","max-image-preview":"max-image-preview:large","max-video-preview":"max-video-preview:-1"},"canonical":"https:\/\/enlatitud25.com\/news\/representacion-de-la-mujer-aumento-en-el-congreso-y-en-gobernaciones\/","og_locale":"es_ES","og_type":"article","og_title":"Representaci\u00f3n de la mujer aument\u00f3 en el Congreso y en gobernaciones &ndash; Latitud25","og_description":"Esta es la primera vez en que en unas elecciones, las mujeres superan el 20% de representaci\u00f3n en el Congreso. El an\u00e1lisis en esta nota.","og_url":"https:\/\/enlatitud25.com\/news\/representacion-de-la-mujer-aumento-en-el-congreso-y-en-gobernaciones\/","og_site_name":"Latitud25","article_publisher":"https:\/\/www.facebook.com\/EnLatitud25","article_author":"https:\/\/www.facebook.com\/EnLatitud25","article_published_time":"2023-05-04T20:58:02+00:00","article_modified_time":"2023-05-04T20:58:04+00:00","og_image":[{"width":800,"height":500,"url":"https:\/\/enlatitud25.com\/news\/wp-content\/uploads\/2023\/05\/pag0-Mujeres-20-ma\u0301s-en-politica.jpg","type":"image\/jpeg"}],"author":"Latitud 25","twitter_card":"summary_large_image","twitter_creator":"@EnLatitud25","twitter_site":"@EnLatitud25","twitter_misc":{"Escrito por":"Latitud 25","Tiempo de lectura":"6 minutos"},"schema":{"@context":"https:\/\/schema.org","@graph":[{"@type":"Article","@id":"https:\/\/enlatitud25.com\/news\/representacion-de-la-mujer-aumento-en-el-congreso-y-en-gobernaciones\/#article","isPartOf":{"@id":"https:\/\/enlatitud25.com\/news\/representacion-de-la-mujer-aumento-en-el-congreso-y-en-gobernaciones\/"},"author":{"name":"Latitud 25","@id":"https:\/\/enlatitud25.com\/news\/#\/schema\/person\/23aafe968917005a721b8eb760f2586e"},"headline":"Representaci\u00f3n de la mujer aument\u00f3 en el Congreso y en gobernaciones","datePublished":"2023-05-04T20:58:02+00:00","dateModified":"2023-05-04T20:58:04+00:00","mainEntityOfPage":{"@id":"https:\/\/enlatitud25.com\/news\/representacion-de-la-mujer-aumento-en-el-congreso-y-en-gobernaciones\/"},"wordCount":1125,"publisher":{"@id":"https:\/\/enlatitud25.com\/news\/#organization"},"keywords":["congreso","mujer","paraguay","representaci\u00f3n"],"articleSection":["Pol\u00edtica"],"inLanguage":"es"},{"@type":"WebPage","@id":"https:\/\/enlatitud25.com\/news\/representacion-de-la-mujer-aumento-en-el-congreso-y-en-gobernaciones\/","url":"https:\/\/enlatitud25.com\/news\/representacion-de-la-mujer-aumento-en-el-congreso-y-en-gobernaciones\/","name":"Representaci\u00f3n de la mujer aument\u00f3 en el Congreso y en gobernaciones &ndash; Latitud25","isPartOf":{"@id":"https:\/\/enlatitud25.com\/news\/#website"},"datePublished":"2023-05-04T20:58:02+00:00","dateModified":"2023-05-04T20:58:04+00:00","description":"Esta es la primera vez en que en unas elecciones, las mujeres superan el 20% de representaci\u00f3n en el Congreso. El an\u00e1lisis en esta nota.","breadcrumb":{"@id":"https:\/\/enlatitud25.com\/news\/representacion-de-la-mujer-aumento-en-el-congreso-y-en-gobernaciones\/#breadcrumb"},"inLanguage":"es","potentialAction":[{"@type":"ReadAction","target":["https:\/\/enlatitud25.com\/news\/representacion-de-la-mujer-aumento-en-el-congreso-y-en-gobernaciones\/"]}]},{"@type":"BreadcrumbList","@id":"https:\/\/enlatitud25.com\/news\/representacion-de-la-mujer-aumento-en-el-congreso-y-en-gobernaciones\/#breadcrumb","itemListElement":[{"@type":"ListItem","position":1,"name":"Home","item":"https:\/\/enlatitud25.com\/news\/"},{"@type":"ListItem","position":2,"name":"Representaci\u00f3n de la mujer aument\u00f3 en el Congreso y en gobernaciones"}]},{"@type":"WebSite","@id":"https:\/\/enlatitud25.com\/news\/#website","url":"https:\/\/enlatitud25.com\/news\/","name":"Latitud25","description":"news","publisher":{"@id":"https:\/\/enlatitud25.com\/news\/#organization"},"potentialAction":[{"@type":"SearchAction","target":{"@type":"EntryPoint","urlTemplate":"https:\/\/enlatitud25.com\/news\/?s={search_term_string}"},"query-input":"required name=search_term_string"}],"inLanguage":"es"},{"@type":"Organization","@id":"https:\/\/enlatitud25.com\/news\/#organization","name":"Latitud 25 - News","url":"https:\/\/enlatitud25.com\/news\/","logo":{"@type":"ImageObject","inLanguage":"es","@id":"https:\/\/enlatitud25.com\/news\/#\/schema\/logo\/image\/","url":"https:\/\/enlatitud25.com\/news\/wp-content\/uploads\/2020\/11\/logo_latitud.png","contentUrl":"https:\/\/enlatitud25.com\/news\/wp-content\/uploads\/2020\/11\/logo_latitud.png","width":235,"height":39,"caption":"Latitud 25 - News"},"image":{"@id":"https:\/\/enlatitud25.com\/news\/#\/schema\/logo\/image\/"},"sameAs":["https:\/\/www.facebook.com\/EnLatitud25","https:\/\/twitter.com\/EnLatitud25","https:\/\/www.instagram.com\/enlatitud25\/","https:\/\/www.youtube.com\/user\/desdelatitud25"]},{"@type":"Person","@id":"https:\/\/enlatitud25.com\/news\/#\/schema\/person\/23aafe968917005a721b8eb760f2586e","name":"Latitud 25","sameAs":["https:\/\/enlatitud25.com\/news","https:\/\/www.facebook.com\/EnLatitud25","https:\/\/www.instagram.com\/enlatitud25","https:\/\/www.youtube.com\/user\/desdelatitud25","https:\/\/soundcloud.com\/enlatitud25"],"url":"https:\/\/enlatitud25.com\/news\/author\/nnews-uss00\/"}]}},"_links":{"self":[{"href":"https:\/\/enlatitud25.com\/news\/wp-json\/wp\/v2\/posts\/14858"}],"collection":[{"href":"https:\/\/enlatitud25.com\/news\/wp-json\/wp\/v2\/posts"}],"about":[{"href":"https:\/\/enlatitud25.com\/news\/wp-json\/wp\/v2\/types\/post"}],"author":[{"embeddable":true,"href":"https:\/\/enlatitud25.com\/news\/wp-json\/wp\/v2\/users\/1"}],"replies":[{"embeddable":true,"href":"https:\/\/enlatitud25.com\/news\/wp-json\/wp\/v2\/comments?post=14858"}],"version-history":[{"count":11,"href":"https:\/\/enlatitud25.com\/news\/wp-json\/wp\/v2\/posts\/14858\/revisions"}],"predecessor-version":[{"id":14883,"href":"https:\/\/enlatitud25.com\/news\/wp-json\/wp\/v2\/posts\/14858\/revisions\/14883"}],"wp:featuredmedia":[{"embeddable":true,"href":"https:\/\/enlatitud25.com\/news\/wp-json\/wp\/v2\/media\/14862"}],"wp:attachment":[{"href":"https:\/\/enlatitud25.com\/news\/wp-json\/wp\/v2\/media?parent=14858"}],"wp:term":[{"taxonomy":"category","embeddable":true,"href":"https:\/\/enlatitud25.com\/news\/wp-json\/wp\/v2\/categories?post=14858"},{"taxonomy":"post_tag","embeddable":true,"href":"https:\/\/enlatitud25.com\/news\/wp-json\/wp\/v2\/tags?post=14858"},{"taxonomy":"ubicacion","embeddable":true,"href":"https:\/\/enlatitud25.com\/news\/wp-json\/wp\/v2\/ubicacion?post=14858"}],"curies":[{"name":"wp","href":"https:\/\/api.w.org\/{rel}","templated":true}]}}