{"id":14856,"date":"2023-05-05T17:02:25","date_gmt":"2023-05-05T17:02:25","guid":{"rendered":"https:\/\/enlatitud25.com\/news\/?p=14856"},"modified":"2023-05-05T19:45:58","modified_gmt":"2023-05-05T19:45:58","slug":"la-divina-trinidad-anr-ocupara-tres-poderes-clave-pero-sin-garantias-de-exito","status":"publish","type":"post","link":"https:\/\/enlatitud25.com\/news\/la-divina-trinidad-anr-ocupara-tres-poderes-clave-pero-sin-garantias-de-exito\/","title":{"rendered":"&#8220;Divina&#8221; Trinidad: Cartismo ocupar\u00e1 tres poderes clave pero sin garant\u00edas de \u00e9xito"},"content":{"rendered":"\n<p>Las elecciones del domingo dejaron un panorama pol\u00edtico pintado de rojo, entre denuncias de fraude y violentas manifestaciones. Con esta configuraci\u00f3n del escenario actual, la ANR pasar\u00e1 a ocupar tres instancias de gran poder, como una especie de &#8220;divina&#8221; trinidad del poder pol\u00edtico paraguayo.<\/p>\n\n\n\n<p>La Presidencia a cargo del cartista Santiago Pe\u00f1a a partir del 15 de agosto, la mayor\u00eda colorada tanto en Diputados como en Senadores, en un Congreso que podr\u00eda ser presidido por el senador m\u00e1s votado, el colorado Beto Ovelar, sumados a la Municipalidad de Asunci\u00f3n, que est\u00e1 en manos del tambi\u00e9n cartista, Oscar Rodriguez, desde 2021.<\/p>\n\n\n\n<p>Estas tres instancias de poder estar\u00e1n regidas por los mismos intereses pol\u00edticos que responden al entorno de Horacio Cartes. Ante esta situaci\u00f3n favorable, en la que las propuestas t\u00e9cnicas de la comuna, cuenten con el acompa\u00f1amiento financiero del Ejecutivo y el respaldo pol\u00edtico del Congreso, importantes proyectos de infraestructura en la capital podr\u00edan tener una oportunidad sin precedentes para su concreci\u00f3n. <\/p>\n\n\n\n<p>Entre ellos, la Ley de Capitalidad que otorga cerca de USD 40 millones a la ciudad de Asunci\u00f3n, por ser la capital del Estado Paraguayo y a trav\u00e9s de la cual, se busca paliar los costos que trae aparejados, la condici\u00f3n de ser sede de gobierno. Adem\u00e1s, importantes obras como la red de desag\u00fce pluvial y mejorar el entorno de las nuevas oficinas de gobierno en el Puerto de Asunci\u00f3n, tambi\u00e9n deber\u00edan ser concretados en este periodo.<\/p>\n\n\n\n<figure class=\"wp-block-image size-full\"><img decoding=\"async\" loading=\"lazy\" width=\"800\" height=\"500\" src=\"https:\/\/enlatitud25.com\/news\/wp-content\/uploads\/2023\/05\/pag5-Anr-proyectos.jpg\" alt=\"\" class=\"wp-image-14898\" srcset=\"https:\/\/enlatitud25.com\/news\/wp-content\/uploads\/2023\/05\/pag5-Anr-proyectos.jpg 800w, https:\/\/enlatitud25.com\/news\/wp-content\/uploads\/2023\/05\/pag5-Anr-proyectos-300x188.jpg 300w, https:\/\/enlatitud25.com\/news\/wp-content\/uploads\/2023\/05\/pag5-Anr-proyectos-768x480.jpg 768w, https:\/\/enlatitud25.com\/news\/wp-content\/uploads\/2023\/05\/pag5-Anr-proyectos-380x238.jpg 380w\" sizes=\"(max-width: 800px) 100vw, 800px\" \/><\/figure>\n\n\n\n<p><strong>Federico Mora<\/strong>, Jefe de Gabinete de la Municipalidad de Asunci\u00f3n, dijo a RadioCast25 que ya se encuentran en conversaciones con el equipo de transici\u00f3n de Santiago Pe\u00f1a, de modo a construir una agenda com\u00fan de prioridades a encararse conjuntamente entre las administraciones central y municipal.<\/p>\n\n\n\n<p>\u201cHay un compromiso del presidente Santiago Pe\u00f1a con la capital, se hab\u00eda hablado en varias oportunidades de que Asunci\u00f3n necesita un ejecutivo que mire y tenga como prioridad a la capital del pa\u00eds, tenemos grandes proyectos en agenda en ese sentido con el gobierno central\u201d, explic\u00f3 Mora.<\/p>\n\n\n\n<h5 id=\"una-obra-prioritaria-y-costosa\" class=\"wp-block-heading\">Una obra prioritaria y costosa<\/h5>\n\n\n\n<p>Con cada lluvia prominente, Asunci\u00f3n se convierte en un verdadero caos. Raudales que colapsan calles y enormes riadas llevan todo a su paso hasta llegar a la Bah\u00eda de la ciudad. Eso se podr\u00eda evitar con una amplia red de desag\u00fces pluviales.<\/p>\n\n\n\n<p>Seg\u00fan Mora, esta nueva coyuntura pol\u00edtica facilitar\u00e1 que este proyecto largamente esperado pueda concretarse, ya que es la principal necesidad de infraestructura de la capital, lo que requiere una inversi\u00f3n que ronda los USD 100 millones. Si analizamos el \u00c1rea Metropolitana, la estimaci\u00f3n alcanza a los USD 1000 millones.<\/p>\n\n\n\n<p><strong>Le\u00e9 tambi\u00e9n: <a href=\"https:\/\/enlatitud25.com\/news\/critican-otra-improvisacion-de-nenecho-ante-deuda-sin-control-en-asuncion\/\" target=\"_blank\" rel=\"noreferrer noopener\">Critican otra improvisaci\u00f3n de Nenecho ante deuda sin control en Asunci\u00f3n<\/a><\/strong><\/p>\n\n\n\n<p>\u201cSin duda, la necesidad n\u00famero uno de la capital es el desag\u00fce pluvial, nosotros hicimos una emisi\u00f3n de bonos para cubrir apenas 5 cuencas de las 10 que tiene Asunci\u00f3n. Nosotros con esto, pensamos pasar de un 23% de cobertura que tiene la ciudad, a un 50% pero todav\u00eda falta el otro 50% y si tenemos el acompa\u00f1amiento del MOPC se pude marcar la diferencia\u201d, confirm\u00f3 Mora.<\/p>\n\n\n\n<p>Una red de desag\u00fce pluvial, no solo mitigar\u00e1 problemas de inundaci\u00f3n, sino que adem\u00e1s ayudar\u00e1 a combatir problemas sanitarios de agua estancada, que afecta la vida de miles de personas todos los d\u00edas.<\/p>\n\n\n\n<figure class=\"wp-block-image size-full\"><img decoding=\"async\" loading=\"lazy\" width=\"800\" height=\"500\" src=\"https:\/\/enlatitud25.com\/news\/wp-content\/uploads\/2023\/05\/pag6-Anr-proyectos.jpg\" alt=\"\" class=\"wp-image-14899\" srcset=\"https:\/\/enlatitud25.com\/news\/wp-content\/uploads\/2023\/05\/pag6-Anr-proyectos.jpg 800w, https:\/\/enlatitud25.com\/news\/wp-content\/uploads\/2023\/05\/pag6-Anr-proyectos-300x188.jpg 300w, https:\/\/enlatitud25.com\/news\/wp-content\/uploads\/2023\/05\/pag6-Anr-proyectos-768x480.jpg 768w, https:\/\/enlatitud25.com\/news\/wp-content\/uploads\/2023\/05\/pag6-Anr-proyectos-380x238.jpg 380w\" sizes=\"(max-width: 800px) 100vw, 800px\" \/><\/figure>\n\n\n\n<h5 id=\"la-agenda-conjunta\" class=\"wp-block-heading\">La agenda conjunta<\/h5>\n\n\n\n<p>Mora cont\u00f3 que ya est\u00e1n formalizando el listado donde el municipio presentar\u00e1 sus prioridades al equipo de transici\u00f3n de Santiago Pe\u00f1a, as\u00ed como ofrecer\u00e1 sus equipos de trabajo para coordinar acciones en este sentido, de modo a materializar los resultados a corto plazo.<\/p>\n\n\n\n<p>\u201cA nivel del congreso tambi\u00e9n estamos esperando que Hacienda remita el proyecto del Banco Mundial que va a financiar la recuperaci\u00f3n del Centro Hist\u00f3rico, Parque Caballero, Banco San Miguel y un barrio ecol\u00f3gico modelo en la franja costera, que va a cambiar la cara de la ciudad&#8221;, mencion\u00f3 Mora.<\/p>\n\n\n\n<p>El jefe de gabinete asegur\u00f3 que Asunci\u00f3n no est\u00e1 recibiendo recursos del gobierno central en concepto de capitalidad, y que la \u00faltima vez que se recibi\u00f3 fue con el ex intendente Arnaldo Samaniego, quien abandon\u00f3 el cargo en el a\u00f1o 2015.<\/p>\n\n\n\n<p>\u201cTenemos tambi\u00e9n toda esa necesidad de destrabar Fonacide que tambi\u00e9n tiene que venir con una ley especial porque hace 8 a\u00f1os que no se hace la transferencia desde el municipio. Mario Ferreiro no lo hizo, nosotros le planteamos a Hacienda y dijeron que hay que pagar de forma completa. Yo creo que hoy est\u00e1n las condiciones para manejar una agenda en ese sentido\u201d, dijo.<\/p>\n\n\n\n<figure class=\"wp-block-image size-full\"><img decoding=\"async\" loading=\"lazy\" width=\"800\" height=\"500\" src=\"https:\/\/enlatitud25.com\/news\/wp-content\/uploads\/2023\/05\/pag1-Anr-proyectos.jpg\" alt=\"\" class=\"wp-image-14900\" srcset=\"https:\/\/enlatitud25.com\/news\/wp-content\/uploads\/2023\/05\/pag1-Anr-proyectos.jpg 800w, https:\/\/enlatitud25.com\/news\/wp-content\/uploads\/2023\/05\/pag1-Anr-proyectos-300x188.jpg 300w, https:\/\/enlatitud25.com\/news\/wp-content\/uploads\/2023\/05\/pag1-Anr-proyectos-768x480.jpg 768w, https:\/\/enlatitud25.com\/news\/wp-content\/uploads\/2023\/05\/pag1-Anr-proyectos-380x238.jpg 380w\" sizes=\"(max-width: 800px) 100vw, 800px\" \/><\/figure>\n\n\n\n<h5 id=\"ya-tuvieron-la-oportunidad-y-no-la-aprovecharon\" class=\"wp-block-heading\">Ya tuvieron la oportunidad y no la aprovecharon<\/h5>\n\n\n\n<p>El concejal de Asunci\u00f3n, <strong>Pablo Callizo<\/strong>, al ser consultado sobre las urgencias a ser atendidas por el gobierno entrante, considerando la oportunidad de tener las tres instancias de poder dentro de un mismo lineamiento pol\u00edtico, record\u00f3 que la ANR en todo momento tuvo mayor\u00eda en la c\u00e1mara baja. <\/p>\n\n\n\n<p>Dijo tambi\u00e9n que pese a que exist\u00eda mayor\u00eda colorada en Diputados, las luchas internas y peleas partidarias terminaron afectando a la ciudadan\u00eda.<\/p>\n\n\n\n<p>\u201cEl Partido Colorado tuvo la posibilidad de cambiar y hacer todos estos proyectos de Asunci\u00f3n, solamente que ellos por revanchismo pol\u00edtico y por no ponerse de acuerdo, no lo hicieron. Pero bueno, ahora evidentemente el nuevo presidente es de su mismo filo pol\u00edtico, y en teor\u00eda, no deber\u00eda haber ninguna excusa m\u00e1s, porque tiene pr\u00e1cticamente todo el Ejecutivo y seguramente tambi\u00e9n el Legislativo a su favor&#8221;, dijo el concejal.<\/p>\n\n\n\n<p>Callizo asegur\u00f3 que las inversiones realizadas en obras en la ciudad de Asunci\u00f3n hasta el momento, no est\u00e1n alineadas a las necesidades reales del municipio, ya que los temas urgentes a tratar son los relacionados al desag\u00fce pluvial, que si bien recibe t\u00edmidas inversiones, las mismas son evidentemente insuficientes para paliar las necesidades b\u00e1sicas.<\/p>\n\n\n\n<p>Agreg\u00f3 que el relacionamiento con el MOPC resulta, en ocasiones, un poco tedioso y que reina una total descoordinaci\u00f3n con la Municipalidad de Asunci\u00f3n. <\/p>\n\n\n\n<p>Coment\u00f3 que hay iniciativas por parte del ministerio, pero que una vez aprobadas las obras, no existe seguimiento alguno, ni fiscalizaci\u00f3n del trabajo, como ocurri\u00f3 con los dise\u00f1os de la Costanera Norte y Sur que distan completamente del plano original que data del a\u00f1o 1993.<\/p>\n\n\n\n<p>\u201cCreo que el primer paso es que tiene que haber ese trabajo coordinado y bajarle un poco al MOPC, ellos est\u00e1n hoy en d\u00eda dise\u00f1ando y digamos construyendo la ciudad que ellos quieren, la Municipalidad muchas veces no est\u00e1 logrando ejecutar las pol\u00edticas p\u00fablicas porque justamente no tiene tampoco el presupuesto necesario\u201d, seg\u00fan Callizo.<\/p>\n\n\n\n<figure class=\"wp-block-image size-full\"><img decoding=\"async\" loading=\"lazy\" width=\"800\" height=\"500\" src=\"https:\/\/enlatitud25.com\/news\/wp-content\/uploads\/2023\/05\/pag2-Anr-proyectos.jpg\" alt=\"\" class=\"wp-image-14901\" srcset=\"https:\/\/enlatitud25.com\/news\/wp-content\/uploads\/2023\/05\/pag2-Anr-proyectos.jpg 800w, https:\/\/enlatitud25.com\/news\/wp-content\/uploads\/2023\/05\/pag2-Anr-proyectos-300x188.jpg 300w, https:\/\/enlatitud25.com\/news\/wp-content\/uploads\/2023\/05\/pag2-Anr-proyectos-768x480.jpg 768w, https:\/\/enlatitud25.com\/news\/wp-content\/uploads\/2023\/05\/pag2-Anr-proyectos-380x238.jpg 380w\" sizes=\"(max-width: 800px) 100vw, 800px\" \/><\/figure>\n\n\n\n<h5 id=\"invertir-en-obras-no-en-personal\" class=\"wp-block-heading\">Invertir en obras, no en personal<\/h5>\n\n\n\n<p>Acerca del hipot\u00e9tico desembolso de los USD 40 millones en concepto de la ley de capitalidad, y el destino final de ese dinero, el principal problema de Asunci\u00f3n es la ausencia de t\u00e9cnicos en las direcciones, lo que dificulta la elaboraci\u00f3n de proyectos de gran envergadura as\u00ed como tambi\u00e9n la falta de control y fiscalizaci\u00f3n por parte de la Municipalidad.<\/p>\n\n\n\n<p>Los especialistas coinciden en que la ejecuci\u00f3n de este dinero debe ser destinado obligatoriamente a obras de alto impacto para la ciudad de Asunci\u00f3n, y no para gastos corrientes, considerando la enorme estructura que se sostiene en la Municipalidad.<\/p>\n\n\n\n<p>La capital del Paraguay, se encuentra en uno de sus peores momentos debido al abandono que sufre por parte de sus mismas autoridades. Las diferencias que existen entre los representantes de la ciudad y el gobierno central, que deber\u00edan trabajar en conjunto, se ven reflejadas en el estado de las calles, la falta de transporte p\u00fablico, el caos vehicular, espacios p\u00fablicos no aprovechados, por citar algunas de las varias problem\u00e1ticas diarias del ciudadano asunceno.<\/p>\n","protected":false},"excerpt":{"rendered":"La contundente victoria del Partido Colorado en las \u00faltimas elecciones\ngenerales del domingo, en las que lograron sacar una amplia ventaja tanto en la Presidencia como en ambas c\u00e1maras del Congreso, gener\u00f3 una oportunidad muy favorable para la ANR, de poder concretar inversiones que transformen Asunci\u00f3n, cuya administraci\u00f3n tambi\u00e9n se encuentra en manos del cartismo. \u00bfSabr\u00e1n aprovechar la ocasi\u00f3n en beneficio de los ciudadanos y no s\u00f3lo de sus intereses?\n","protected":false},"author":1,"featured_media":14895,"comment_status":"closed","ping_status":"closed","sticky":false,"template":"","format":"standard","meta":[],"categories":[13],"tags":[1134,540],"ubicacion":[17],"yoast_head":"<!-- This site is optimized with the Yoast SEO plugin v20.8 - https:\/\/yoast.com\/wordpress\/plugins\/seo\/ -->\n<title>&quot;Divina&quot; Trinidad: Cartismo ocupar\u00e1 tres poderes clave pero sin garant\u00edas de \u00e9xito &ndash; Latitud25<\/title>\n<meta name=\"description\" content=\"Mir\u00e1 nuestros reportajes audiovisuales y seguinos para enterarte de las \u00faltimas noticias de Paraguay y el mundo, desde la Latitud25. Somos Alternativa de Informaci\u00f3n.\" \/>\n<meta name=\"robots\" content=\"index, follow, max-snippet:-1, max-image-preview:large, max-video-preview:-1\" \/>\n<link rel=\"canonical\" href=\"https:\/\/enlatitud25.com\/news\/la-divina-trinidad-anr-ocupara-tres-poderes-clave-pero-sin-garantias-de-exito\/\" \/>\n<meta property=\"og:locale\" content=\"es_ES\" \/>\n<meta property=\"og:type\" content=\"article\" \/>\n<meta property=\"og:title\" content=\"&quot;Divina&quot; Trinidad: Cartismo ocupar\u00e1 tres poderes clave pero sin garant\u00edas de \u00e9xito &ndash; Latitud25\" \/>\n<meta property=\"og:description\" content=\"Mir\u00e1 nuestros reportajes audiovisuales y seguinos para enterarte de las \u00faltimas noticias de Paraguay y el mundo, desde la Latitud25. Somos Alternativa de Informaci\u00f3n.\" \/>\n<meta property=\"og:url\" content=\"https:\/\/enlatitud25.com\/news\/la-divina-trinidad-anr-ocupara-tres-poderes-clave-pero-sin-garantias-de-exito\/\" \/>\n<meta property=\"og:site_name\" content=\"Latitud25\" \/>\n<meta property=\"article:publisher\" content=\"https:\/\/www.facebook.com\/EnLatitud25\" \/>\n<meta property=\"article:author\" content=\"https:\/\/www.facebook.com\/EnLatitud25\" \/>\n<meta property=\"article:published_time\" content=\"2023-05-05T17:02:25+00:00\" \/>\n<meta property=\"article:modified_time\" content=\"2023-05-05T19:45:58+00:00\" \/>\n<meta property=\"og:image\" content=\"https:\/\/enlatitud25.com\/news\/wp-content\/uploads\/2023\/05\/portada-Anr-proyectos.jpg\" \/>\n\t<meta property=\"og:image:width\" content=\"800\" \/>\n\t<meta property=\"og:image:height\" content=\"500\" \/>\n\t<meta property=\"og:image:type\" content=\"image\/jpeg\" \/>\n<meta name=\"author\" content=\"Latitud 25\" \/>\n<meta name=\"twitter:card\" content=\"summary_large_image\" \/>\n<meta name=\"twitter:creator\" content=\"@EnLatitud25\" \/>\n<meta name=\"twitter:site\" content=\"@EnLatitud25\" \/>\n<meta name=\"twitter:label1\" content=\"Escrito por\" \/>\n\t<meta name=\"twitter:data1\" content=\"Latitud 25\" \/>\n\t<meta name=\"twitter:label2\" content=\"Tiempo de lectura\" \/>\n\t<meta name=\"twitter:data2\" content=\"7 minutos\" \/>\n<script type=\"application\/ld+json\" class=\"yoast-schema-graph\">{\"@context\":\"https:\/\/schema.org\",\"@graph\":[{\"@type\":\"Article\",\"@id\":\"https:\/\/enlatitud25.com\/news\/la-divina-trinidad-anr-ocupara-tres-poderes-clave-pero-sin-garantias-de-exito\/#article\",\"isPartOf\":{\"@id\":\"https:\/\/enlatitud25.com\/news\/la-divina-trinidad-anr-ocupara-tres-poderes-clave-pero-sin-garantias-de-exito\/\"},\"author\":{\"name\":\"Latitud 25\",\"@id\":\"https:\/\/enlatitud25.com\/news\/#\/schema\/person\/23aafe968917005a721b8eb760f2586e\"},\"headline\":\"&#8220;Divina&#8221; Trinidad: Cartismo ocupar\u00e1 tres poderes clave pero sin garant\u00edas de \u00e9xito\",\"datePublished\":\"2023-05-05T17:02:25+00:00\",\"dateModified\":\"2023-05-05T19:45:58+00:00\",\"mainEntityOfPage\":{\"@id\":\"https:\/\/enlatitud25.com\/news\/la-divina-trinidad-anr-ocupara-tres-poderes-clave-pero-sin-garantias-de-exito\/\"},\"wordCount\":1352,\"publisher\":{\"@id\":\"https:\/\/enlatitud25.com\/news\/#organization\"},\"keywords\":[\"cartismo\",\"Santiago Pe\u00f1a\"],\"articleSection\":[\"Pol\u00edtica\"],\"inLanguage\":\"es\"},{\"@type\":\"WebPage\",\"@id\":\"https:\/\/enlatitud25.com\/news\/la-divina-trinidad-anr-ocupara-tres-poderes-clave-pero-sin-garantias-de-exito\/\",\"url\":\"https:\/\/enlatitud25.com\/news\/la-divina-trinidad-anr-ocupara-tres-poderes-clave-pero-sin-garantias-de-exito\/\",\"name\":\"\\\"Divina\\\" Trinidad: Cartismo ocupar\u00e1 tres poderes clave pero sin garant\u00edas de \u00e9xito &ndash; Latitud25\",\"isPartOf\":{\"@id\":\"https:\/\/enlatitud25.com\/news\/#website\"},\"datePublished\":\"2023-05-05T17:02:25+00:00\",\"dateModified\":\"2023-05-05T19:45:58+00:00\",\"description\":\"Mir\u00e1 nuestros reportajes audiovisuales y seguinos para enterarte de las \u00faltimas noticias de Paraguay y el mundo, desde la Latitud25. Somos Alternativa de Informaci\u00f3n.\",\"breadcrumb\":{\"@id\":\"https:\/\/enlatitud25.com\/news\/la-divina-trinidad-anr-ocupara-tres-poderes-clave-pero-sin-garantias-de-exito\/#breadcrumb\"},\"inLanguage\":\"es\",\"potentialAction\":[{\"@type\":\"ReadAction\",\"target\":[\"https:\/\/enlatitud25.com\/news\/la-divina-trinidad-anr-ocupara-tres-poderes-clave-pero-sin-garantias-de-exito\/\"]}]},{\"@type\":\"BreadcrumbList\",\"@id\":\"https:\/\/enlatitud25.com\/news\/la-divina-trinidad-anr-ocupara-tres-poderes-clave-pero-sin-garantias-de-exito\/#breadcrumb\",\"itemListElement\":[{\"@type\":\"ListItem\",\"position\":1,\"name\":\"Home\",\"item\":\"https:\/\/enlatitud25.com\/news\/\"},{\"@type\":\"ListItem\",\"position\":2,\"name\":\"&#8220;Divina&#8221; Trinidad: Cartismo ocupar\u00e1 tres poderes clave pero sin garant\u00edas de \u00e9xito\"}]},{\"@type\":\"WebSite\",\"@id\":\"https:\/\/enlatitud25.com\/news\/#website\",\"url\":\"https:\/\/enlatitud25.com\/news\/\",\"name\":\"Latitud25\",\"description\":\"news\",\"publisher\":{\"@id\":\"https:\/\/enlatitud25.com\/news\/#organization\"},\"potentialAction\":[{\"@type\":\"SearchAction\",\"target\":{\"@type\":\"EntryPoint\",\"urlTemplate\":\"https:\/\/enlatitud25.com\/news\/?s={search_term_string}\"},\"query-input\":\"required name=search_term_string\"}],\"inLanguage\":\"es\"},{\"@type\":\"Organization\",\"@id\":\"https:\/\/enlatitud25.com\/news\/#organization\",\"name\":\"Latitud 25 - News\",\"url\":\"https:\/\/enlatitud25.com\/news\/\",\"logo\":{\"@type\":\"ImageObject\",\"inLanguage\":\"es\",\"@id\":\"https:\/\/enlatitud25.com\/news\/#\/schema\/logo\/image\/\",\"url\":\"https:\/\/enlatitud25.com\/news\/wp-content\/uploads\/2020\/11\/logo_latitud.png\",\"contentUrl\":\"https:\/\/enlatitud25.com\/news\/wp-content\/uploads\/2020\/11\/logo_latitud.png\",\"width\":235,\"height\":39,\"caption\":\"Latitud 25 - News\"},\"image\":{\"@id\":\"https:\/\/enlatitud25.com\/news\/#\/schema\/logo\/image\/\"},\"sameAs\":[\"https:\/\/www.facebook.com\/EnLatitud25\",\"https:\/\/twitter.com\/EnLatitud25\",\"https:\/\/www.instagram.com\/enlatitud25\/\",\"https:\/\/www.youtube.com\/user\/desdelatitud25\"]},{\"@type\":\"Person\",\"@id\":\"https:\/\/enlatitud25.com\/news\/#\/schema\/person\/23aafe968917005a721b8eb760f2586e\",\"name\":\"Latitud 25\",\"sameAs\":[\"https:\/\/enlatitud25.com\/news\",\"https:\/\/www.facebook.com\/EnLatitud25\",\"https:\/\/www.instagram.com\/enlatitud25\",\"https:\/\/www.youtube.com\/user\/desdelatitud25\",\"https:\/\/soundcloud.com\/enlatitud25\"],\"url\":\"https:\/\/enlatitud25.com\/news\/author\/nnews-uss00\/\"}]}<\/script>\n<!-- \/ Yoast SEO plugin. -->","yoast_head_json":{"title":"\"Divina\" Trinidad: Cartismo ocupar\u00e1 tres poderes clave pero sin garant\u00edas de \u00e9xito &ndash; Latitud25","description":"Mir\u00e1 nuestros reportajes audiovisuales y seguinos para enterarte de las \u00faltimas noticias de Paraguay y el mundo, desde la Latitud25. Somos Alternativa de Informaci\u00f3n.","robots":{"index":"index","follow":"follow","max-snippet":"max-snippet:-1","max-image-preview":"max-image-preview:large","max-video-preview":"max-video-preview:-1"},"canonical":"https:\/\/enlatitud25.com\/news\/la-divina-trinidad-anr-ocupara-tres-poderes-clave-pero-sin-garantias-de-exito\/","og_locale":"es_ES","og_type":"article","og_title":"\"Divina\" Trinidad: Cartismo ocupar\u00e1 tres poderes clave pero sin garant\u00edas de \u00e9xito &ndash; Latitud25","og_description":"Mir\u00e1 nuestros reportajes audiovisuales y seguinos para enterarte de las \u00faltimas noticias de Paraguay y el mundo, desde la Latitud25. Somos Alternativa de Informaci\u00f3n.","og_url":"https:\/\/enlatitud25.com\/news\/la-divina-trinidad-anr-ocupara-tres-poderes-clave-pero-sin-garantias-de-exito\/","og_site_name":"Latitud25","article_publisher":"https:\/\/www.facebook.com\/EnLatitud25","article_author":"https:\/\/www.facebook.com\/EnLatitud25","article_published_time":"2023-05-05T17:02:25+00:00","article_modified_time":"2023-05-05T19:45:58+00:00","og_image":[{"width":800,"height":500,"url":"https:\/\/enlatitud25.com\/news\/wp-content\/uploads\/2023\/05\/portada-Anr-proyectos.jpg","type":"image\/jpeg"}],"author":"Latitud 25","twitter_card":"summary_large_image","twitter_creator":"@EnLatitud25","twitter_site":"@EnLatitud25","twitter_misc":{"Escrito por":"Latitud 25","Tiempo de lectura":"7 minutos"},"schema":{"@context":"https:\/\/schema.org","@graph":[{"@type":"Article","@id":"https:\/\/enlatitud25.com\/news\/la-divina-trinidad-anr-ocupara-tres-poderes-clave-pero-sin-garantias-de-exito\/#article","isPartOf":{"@id":"https:\/\/enlatitud25.com\/news\/la-divina-trinidad-anr-ocupara-tres-poderes-clave-pero-sin-garantias-de-exito\/"},"author":{"name":"Latitud 25","@id":"https:\/\/enlatitud25.com\/news\/#\/schema\/person\/23aafe968917005a721b8eb760f2586e"},"headline":"&#8220;Divina&#8221; Trinidad: Cartismo ocupar\u00e1 tres poderes clave pero sin garant\u00edas de \u00e9xito","datePublished":"2023-05-05T17:02:25+00:00","dateModified":"2023-05-05T19:45:58+00:00","mainEntityOfPage":{"@id":"https:\/\/enlatitud25.com\/news\/la-divina-trinidad-anr-ocupara-tres-poderes-clave-pero-sin-garantias-de-exito\/"},"wordCount":1352,"publisher":{"@id":"https:\/\/enlatitud25.com\/news\/#organization"},"keywords":["cartismo","Santiago Pe\u00f1a"],"articleSection":["Pol\u00edtica"],"inLanguage":"es"},{"@type":"WebPage","@id":"https:\/\/enlatitud25.com\/news\/la-divina-trinidad-anr-ocupara-tres-poderes-clave-pero-sin-garantias-de-exito\/","url":"https:\/\/enlatitud25.com\/news\/la-divina-trinidad-anr-ocupara-tres-poderes-clave-pero-sin-garantias-de-exito\/","name":"\"Divina\" Trinidad: Cartismo ocupar\u00e1 tres poderes clave pero sin garant\u00edas de \u00e9xito &ndash; Latitud25","isPartOf":{"@id":"https:\/\/enlatitud25.com\/news\/#website"},"datePublished":"2023-05-05T17:02:25+00:00","dateModified":"2023-05-05T19:45:58+00:00","description":"Mir\u00e1 nuestros reportajes audiovisuales y seguinos para enterarte de las \u00faltimas noticias de Paraguay y el mundo, desde la Latitud25. Somos Alternativa de Informaci\u00f3n.","breadcrumb":{"@id":"https:\/\/enlatitud25.com\/news\/la-divina-trinidad-anr-ocupara-tres-poderes-clave-pero-sin-garantias-de-exito\/#breadcrumb"},"inLanguage":"es","potentialAction":[{"@type":"ReadAction","target":["https:\/\/enlatitud25.com\/news\/la-divina-trinidad-anr-ocupara-tres-poderes-clave-pero-sin-garantias-de-exito\/"]}]},{"@type":"BreadcrumbList","@id":"https:\/\/enlatitud25.com\/news\/la-divina-trinidad-anr-ocupara-tres-poderes-clave-pero-sin-garantias-de-exito\/#breadcrumb","itemListElement":[{"@type":"ListItem","position":1,"name":"Home","item":"https:\/\/enlatitud25.com\/news\/"},{"@type":"ListItem","position":2,"name":"&#8220;Divina&#8221; Trinidad: Cartismo ocupar\u00e1 tres poderes clave pero sin garant\u00edas de \u00e9xito"}]},{"@type":"WebSite","@id":"https:\/\/enlatitud25.com\/news\/#website","url":"https:\/\/enlatitud25.com\/news\/","name":"Latitud25","description":"news","publisher":{"@id":"https:\/\/enlatitud25.com\/news\/#organization"},"potentialAction":[{"@type":"SearchAction","target":{"@type":"EntryPoint","urlTemplate":"https:\/\/enlatitud25.com\/news\/?s={search_term_string}"},"query-input":"required name=search_term_string"}],"inLanguage":"es"},{"@type":"Organization","@id":"https:\/\/enlatitud25.com\/news\/#organization","name":"Latitud 25 - News","url":"https:\/\/enlatitud25.com\/news\/","logo":{"@type":"ImageObject","inLanguage":"es","@id":"https:\/\/enlatitud25.com\/news\/#\/schema\/logo\/image\/","url":"https:\/\/enlatitud25.com\/news\/wp-content\/uploads\/2020\/11\/logo_latitud.png","contentUrl":"https:\/\/enlatitud25.com\/news\/wp-content\/uploads\/2020\/11\/logo_latitud.png","width":235,"height":39,"caption":"Latitud 25 - News"},"image":{"@id":"https:\/\/enlatitud25.com\/news\/#\/schema\/logo\/image\/"},"sameAs":["https:\/\/www.facebook.com\/EnLatitud25","https:\/\/twitter.com\/EnLatitud25","https:\/\/www.instagram.com\/enlatitud25\/","https:\/\/www.youtube.com\/user\/desdelatitud25"]},{"@type":"Person","@id":"https:\/\/enlatitud25.com\/news\/#\/schema\/person\/23aafe968917005a721b8eb760f2586e","name":"Latitud 25","sameAs":["https:\/\/enlatitud25.com\/news","https:\/\/www.facebook.com\/EnLatitud25","https:\/\/www.instagram.com\/enlatitud25","https:\/\/www.youtube.com\/user\/desdelatitud25","https:\/\/soundcloud.com\/enlatitud25"],"url":"https:\/\/enlatitud25.com\/news\/author\/nnews-uss00\/"}]}},"_links":{"self":[{"href":"https:\/\/enlatitud25.com\/news\/wp-json\/wp\/v2\/posts\/14856"}],"collection":[{"href":"https:\/\/enlatitud25.com\/news\/wp-json\/wp\/v2\/posts"}],"about":[{"href":"https:\/\/enlatitud25.com\/news\/wp-json\/wp\/v2\/types\/post"}],"author":[{"embeddable":true,"href":"https:\/\/enlatitud25.com\/news\/wp-json\/wp\/v2\/users\/1"}],"replies":[{"embeddable":true,"href":"https:\/\/enlatitud25.com\/news\/wp-json\/wp\/v2\/comments?post=14856"}],"version-history":[{"count":12,"href":"https:\/\/enlatitud25.com\/news\/wp-json\/wp\/v2\/posts\/14856\/revisions"}],"predecessor-version":[{"id":14911,"href":"https:\/\/enlatitud25.com\/news\/wp-json\/wp\/v2\/posts\/14856\/revisions\/14911"}],"wp:featuredmedia":[{"embeddable":true,"href":"https:\/\/enlatitud25.com\/news\/wp-json\/wp\/v2\/media\/14895"}],"wp:attachment":[{"href":"https:\/\/enlatitud25.com\/news\/wp-json\/wp\/v2\/media?parent=14856"}],"wp:term":[{"taxonomy":"category","embeddable":true,"href":"https:\/\/enlatitud25.com\/news\/wp-json\/wp\/v2\/categories?post=14856"},{"taxonomy":"post_tag","embeddable":true,"href":"https:\/\/enlatitud25.com\/news\/wp-json\/wp\/v2\/tags?post=14856"},{"taxonomy":"ubicacion","embeddable":true,"href":"https:\/\/enlatitud25.com\/news\/wp-json\/wp\/v2\/ubicacion?post=14856"}],"curies":[{"name":"wp","href":"https:\/\/api.w.org\/{rel}","templated":true}]}}