{"id":14818,"date":"2023-05-02T17:03:02","date_gmt":"2023-05-02T17:03:02","guid":{"rendered":"https:\/\/enlatitud25.com\/news\/?p=14818"},"modified":"2023-05-02T17:10:42","modified_gmt":"2023-05-02T17:10:42","slug":"tras-violentas-protestas-tsje-tacha-de-disparate-y-paranoia-supuesto-fraude","status":"publish","type":"post","link":"https:\/\/enlatitud25.com\/news\/tras-violentas-protestas-tsje-tacha-de-disparate-y-paranoia-supuesto-fraude\/","title":{"rendered":"Tras violentas protestas, TSJE tacha de \u00b4disparate y paranoia\u00b4 supuesto fraude"},"content":{"rendered":"\n<p>En la tarde del lunes, 1 de mayo, feriado por el D\u00eda del Trabajador, adherentes al candidato a la Presidencia, Paraguayo Cubas, se movilizaron en varios puntos del pa\u00eds generando violentos disturbios, lo que dej\u00f3 m\u00e1s de 40 detenidos y decenas de polic\u00edas heridos. <\/p>\n\n\n\n<p>Esta manifestaci\u00f3n, lejos de ser pac\u00edfica, gener\u00f3 incluso cierres de ruta en varios puntos del pa\u00eds, y asaltos colectivos en las inmediaciones de la sede central del Tribunal Superior de Justicia Electoral, sobre la Avda. Eusebio Ayala.<\/p>\n\n\n\n<p>Las personas que integraron esta protesta de supuesto fraude electoral destruyeron el peaje de Remansito, en Limpio. Asimismo, causaron destrozos en ambulancias tanto del Ministerio de Salud, como de los Bomberos Voluntarios, que estaban trasladando a pacientes. Tambi\u00e9n quemaron una patrullera del Grupo Especial de Operaciones de la Polic\u00eda. <\/p>\n\n\n\n<p>Estos hechos ya est\u00e1n siendo investigados por el Ministerio P\u00fablico seg\u00fan confirm\u00f3 el Fiscal General del Estado, Emiliano Rol\u00f3n, que conform\u00f3 un equipo especializado para identificar a los responsables del disturbio.<\/p>\n\n\n\n<figure class=\"wp-block-image size-full\"><img decoding=\"async\" loading=\"lazy\" width=\"800\" height=\"500\" src=\"https:\/\/enlatitud25.com\/news\/wp-content\/uploads\/2023\/05\/foto3-TSJE-Carlos-Mari\u0301a-Ljubetic.jpg\" alt=\"\" class=\"wp-image-14823\" srcset=\"https:\/\/enlatitud25.com\/news\/wp-content\/uploads\/2023\/05\/foto3-TSJE-Carlos-Mari\u0301a-Ljubetic.jpg 800w, https:\/\/enlatitud25.com\/news\/wp-content\/uploads\/2023\/05\/foto3-TSJE-Carlos-Mari\u0301a-Ljubetic-300x188.jpg 300w, https:\/\/enlatitud25.com\/news\/wp-content\/uploads\/2023\/05\/foto3-TSJE-Carlos-Mari\u0301a-Ljubetic-768x480.jpg 768w, https:\/\/enlatitud25.com\/news\/wp-content\/uploads\/2023\/05\/foto3-TSJE-Carlos-Mari\u0301a-Ljubetic-380x238.jpg 380w\" sizes=\"(max-width: 800px) 100vw, 800px\" \/><\/figure>\n\n\n\n<p><strong>Le\u00e9 m\u00e1s: <a href=\"https:\/\/enlatitud25.com\/news\/el-anrnuncamas-se-quedo-en-las-redes-pena-se-impuso-en-las-elecciones\/\" target=\"_blank\" rel=\"noreferrer noopener\">El #ANRNuncaM\u00e1s se qued\u00f3 en las redes: Pe\u00f1a se impuso en las elecciones<\/a><\/strong><\/p>\n\n\n\n<p>Periodistas de diferentes medios con sus respectivos m\u00f3viles, que trataban de cubrir lo que estaba ocurriendo, tambi\u00e9n fueron violentados. Las violentas protestas se siguieron realizando durante la madrugada y tempranas horas de esta ma\u00f1ana en varias ciudades como Capiat\u00e1, Limpio, Caaguaz\u00fa y Asunci\u00f3n.<\/p>\n\n\n\n<p>Paraguayo Cubas sigui\u00f3 incitando a la gente a salir e incluso a dar su vida. &#8220;Si la muerte les alcanza defendiendo sus derechos que mueran si es necesario&#8221;, dec\u00eda anoche en entrevista exclusiva con el SNT.<\/p>\n\n\n\n<figure class=\"wp-block-embed is-type-rich is-provider-twitter wp-block-embed-twitter\"><div class=\"wp-block-embed__wrapper\">\n<blockquote class=\"twitter-tweet\" data-width=\"550\" data-dnt=\"true\"><p lang=\"es\" dir=\"ltr\">SNT hace unos 15 minutos aprox <a href=\"https:\/\/t.co\/ruL50agao4\">pic.twitter.com\/ruL50agao4<\/a><\/p>&mdash; Phil D\u2019Artiga (@FedeFilartiga) <a href=\"https:\/\/twitter.com\/FedeFilartiga\/status\/1653186006370201600?ref_src=twsrc%5Etfw\">May 1, 2023<\/a><\/blockquote><script async src=\"https:\/\/platform.twitter.com\/widgets.js\" charset=\"utf-8\"><\/script>\n<\/div><\/figure>\n\n\n\n<p>Por su parte, el TSJE decidi\u00f3 transmitir en vivo el juzgamiento provisorio de las actas. Esto con el objetivo de dar mayor transparencia al proceso ante la sospechas de fraude.<\/p>\n\n\n\n<h4 id=\"disparates-y-paranoia-segun-tsje\" class=\"wp-block-heading\">Disparates y Paranoia, seg\u00fan TSJE<\/h4>\n\n\n\n<p><strong>Carlos Mar\u00eda<strong> Ljubetic<\/strong><\/strong>, director de la Unidad de Procesos Electorales del TSJE dijo, en contacto con RadioCast25, que &#8220;debemos dejar este tipo de disparates&#8221; por la afectaci\u00f3n que podr\u00eda llegar a tener el proceso eleccionario. <\/p>\n\n\n\n<p>Agreg\u00f3 que estas denuncias sin argumento no aportan absolutamente nada y que solo buscan confundir y crear un clima que no corresponde a este momento.<\/p>\n\n\n\n<p>Seg\u00fan Ljubetic, los candidatos que tengan dudas, deben verificar a trav\u00e9s de su apoderado que todas las actas coincidan. &#8220;De hecho, ese reclamo de que las actas deben ser revisadas, si ellos presentan impugnaci\u00f3n, van a ser revisadas. Hace 28 a\u00f1os es as\u00ed&#8221;, puntualiz\u00f3.<\/p>\n\n\n\n<p>A su vez, el ministro del TSJE, C\u00e9sar Rossel, manifest\u00f3 \u2013durante una entrevista en la 1080 AM\u2013 que hablar de fraude es tratarle de tonto al ciudadano. Record\u00f3 que adem\u00e1s de que se imprime la papeleta y cada ciudadano puede controlar el voto, ahora ya no hay problemas con las actas, al igual que ocurr\u00eda en comicios anteriores. <\/p>\n\n\n\n<p>&#8220;Adem\u00e1s, en cada mesa del pa\u00eds hubo dos apoderados contra uno del Partido Colorado, qu\u00e9 significa esto: Un miembro del Partido Colorado, Un miembro del Partido Liberal y un miembro de la Concertaci\u00f3n, en todo el pa\u00eds (&#8230;) Hab\u00eda un control de la oposici\u00f3n brutal en comparaci\u00f3n a todos los a\u00f1os pasados&#8221;, enfatiz\u00f3. <\/p>\n\n\n\n<h4 id=\"ataque-no-tiene-asidero-legal-sostienen\" class=\"wp-block-heading\">Ataque no tiene asidero legal, sostienen<\/h4>\n\n\n\n<p>En relaci\u00f3n a las declaraciones de Payo Cubas, en que se\u00f1alaba que no se hab\u00edan computado todos los votos del interior del pa\u00eds, <strong>Carlos Mar\u00eda Ljubetic<\/strong> respondi\u00f3 que es absolutamente falso. <\/p>\n\n\n\n<p>&#8220;Hasta ayer a la noche se cont\u00f3 m\u00e1s del 98%. Hay una diferencia de 600.000 y pico de votos entre Pe\u00f1a y Cubas. \u00bfEl 2% va a cambiar la situaci\u00f3n? A estas alturas se recibi\u00f3 todo y todas las actas est\u00e1n en poder de los tribunales el acta 2, de los juzgados el acta 3 y del TSJE el acta 1. O sea, ac\u00e1 va a haber una exhaustiva revisi\u00f3n&#8221;, apunt\u00f3. <\/p>\n\n\n\n<figure class=\"wp-block-image size-full\"><img decoding=\"async\" loading=\"lazy\" width=\"800\" height=\"500\" src=\"https:\/\/enlatitud25.com\/news\/wp-content\/uploads\/2023\/05\/foto1-TSJE-Carlos-Mari\u0301a-Ljubetic.jpg\" alt=\"\" class=\"wp-image-14824\" srcset=\"https:\/\/enlatitud25.com\/news\/wp-content\/uploads\/2023\/05\/foto1-TSJE-Carlos-Mari\u0301a-Ljubetic.jpg 800w, https:\/\/enlatitud25.com\/news\/wp-content\/uploads\/2023\/05\/foto1-TSJE-Carlos-Mari\u0301a-Ljubetic-300x188.jpg 300w, https:\/\/enlatitud25.com\/news\/wp-content\/uploads\/2023\/05\/foto1-TSJE-Carlos-Mari\u0301a-Ljubetic-768x480.jpg 768w, https:\/\/enlatitud25.com\/news\/wp-content\/uploads\/2023\/05\/foto1-TSJE-Carlos-Mari\u0301a-Ljubetic-380x238.jpg 380w\" sizes=\"(max-width: 800px) 100vw, 800px\" \/><\/figure>\n\n\n\n<p>Adem\u00e1s, desminti\u00f3 otras expresiones de Payo. &#8220;\u00c9l dice que se proclam\u00f3 el ganador, m\u00e1s que nunca, el Presidente de la Justicia Electoral fue muy cauto en la noche del domingo. Dijo el resultado es el que est\u00e1 en pantalla, ni siquiera pronunci\u00f3 el nombre del que estaba ganando&#8221;, resalt\u00f3.<\/p>\n\n\n\n<p>&#8220;Nosotros estamos preocupados tambi\u00e9n, de hecho nos preocupa este ataque que no tiene asidero real, ni legal. La \u00fanica excusa que escuch\u00e9 ayer es que ellos creen que tuvieron m\u00e1s votos de los que tuvieron, pero no est\u00e1 basado en ninguna prueba. Las actas van a ser contundentes&#8221;, remarc\u00f3.<\/p>\n\n\n\n<h4 id=\"santiago-pena-duplica-en-votos-a-paraguayo-cubas\" class=\"wp-block-heading\">Santiago Pe\u00f1a duplica en votos a Paraguayo Cubas<\/h4>\n\n\n\n<p>Con el 99.94% de los <a href=\"https:\/\/resultados.tsje.gov.py\/publicacion\/divulgacion.html\" target=\"_blank\" rel=\"noreferrer noopener\">votos escrutados por el TREP<\/a>, el candidato del Partido Colorado, Santiago Pe\u00f1a, reuni\u00f3 un total de 1.292.079, lo que alcanza un 42.74% de los votos.<\/p>\n\n\n\n<p>Este es seguido por Efra\u00edn Alegre de la Concertaci\u00f3n Nacional, con 830.842 (<strong>27.48<\/strong>%) y en tercer lugar queda Paraguayo Cubas de Cruzada Nacional, con 692.663 (22.91%). La diferencia entre Pe\u00f1a y Cubas es de casi 600.000 votos.<\/p>\n\n\n\n<figure class=\"wp-block-image size-full\"><img decoding=\"async\" loading=\"lazy\" width=\"800\" height=\"500\" src=\"https:\/\/enlatitud25.com\/news\/wp-content\/uploads\/2023\/05\/foto2-TSJE-Carlos-Mari\u0301a-Ljubetic.jpg\" alt=\"\" class=\"wp-image-14827\" srcset=\"https:\/\/enlatitud25.com\/news\/wp-content\/uploads\/2023\/05\/foto2-TSJE-Carlos-Mari\u0301a-Ljubetic.jpg 800w, https:\/\/enlatitud25.com\/news\/wp-content\/uploads\/2023\/05\/foto2-TSJE-Carlos-Mari\u0301a-Ljubetic-300x188.jpg 300w, https:\/\/enlatitud25.com\/news\/wp-content\/uploads\/2023\/05\/foto2-TSJE-Carlos-Mari\u0301a-Ljubetic-768x480.jpg 768w, https:\/\/enlatitud25.com\/news\/wp-content\/uploads\/2023\/05\/foto2-TSJE-Carlos-Mari\u0301a-Ljubetic-380x238.jpg 380w\" sizes=\"(max-width: 800px) 100vw, 800px\" \/><\/figure>\n\n\n\n<h4 id=\"se-suman-a-pedido-de-transparencia\" class=\"wp-block-heading\">Se suman a pedido de transparencia<\/h4>\n\n\n\n<p>Efra\u00edn Alegre, candidato por la Concertaci\u00f3n Nacional, que qued\u00f3 en segundo lugar en las votaciones del domingo, public\u00f3 a trav\u00e9s de su cuenta de Twitter, a las 21:25, una serie de exigencias al TSJE. En ese sentido, tambi\u00e9n se expres\u00f3 en Twitter, Euclides Acevedo, quien qued\u00f3 en el quinto lugar en la pugna por la Presidencia. <\/p>\n\n\n\n<p>Solicitaron el conteo manual del 10% de las mesas elegidas, auditor\u00eda internacional del software y anuncian que van a estar atentos al desarrollo de estas verificaciones. <\/p>\n\n\n\n<figure class=\"wp-block-embed is-type-rich is-provider-twitter wp-block-embed-twitter\"><div class=\"wp-block-embed__wrapper\">\n<blockquote class=\"twitter-tweet\" data-width=\"550\" data-dnt=\"true\"><p lang=\"es\" dir=\"ltr\">Antes las numerosas denuncias presentadas con relaci\u00f3n a las elecciones de ayer exigimos al TSJE: [HILO]<br><br>1.Que DE INMEDIATO se realice el c\u00f3mputo manual del 10% de las mesas elegidas aleatoriamente en cada colegio electoral de todo el pa\u00eds.<\/p>&mdash; Efra\u00edn Alegre (@EfrainAlegre) <a href=\"https:\/\/twitter.com\/EfrainAlegre\/status\/1653209019358621697?ref_src=twsrc%5Etfw\">May 2, 2023<\/a><\/blockquote><script async src=\"https:\/\/platform.twitter.com\/widgets.js\" charset=\"utf-8\"><\/script>\n<\/div><\/figure>\n\n\n\n<h4 id=\"software-ya-fue-auditado-aseguran\" class=\"wp-block-heading\">Software ya fue auditado, aseguran<\/h4>\n\n\n\n<p>Tanto el ministro del TSJE C\u00e9sar Rossel y el asesor Carlos Mar\u00eda Ljubetic resaltaron que el software de la m\u00e1quina ya fue auditado, por expertos nacionales e internacionales. &#8220;La auditor\u00eda internacional existi\u00f3 y se intent\u00f3 hackear el chip y no se pudo&#8221; afirmaron.<\/p>\n\n\n\n<p>&#8220;El software fue revisado por t\u00e9cnicos nacionales, internacionales, todo el que quiso revis\u00f3 el software&#8221;, recalc\u00f3 Ljbetic.<\/p>\n\n\n\n<p>En ese sentido, descart\u00f3 que un posible &#8220;hackeo&#8221; del software pueda cambiar el resultado de las votaciones ya que las papeletas fueron impresas.  &#8220;Si vos fuiste a votar por el candidato A, imprimiste tu papeleta y ah\u00ed est\u00e1s viendo por qui\u00e9n votaste en el material impreso&#8221;, asever\u00f3. <\/p>\n\n\n\n<p>Seg\u00fan Ljubetic, se est\u00e1n buscando argumentos para desacreditar el proceso eleccionario, y que ante la falta de evidencia, estos argumentos cambian permanentemente.<\/p>\n\n\n\n<p>&#8220;Estamos d\u00eda a d\u00eda variando los motivos por el cual se considera fraude. Ayer era la denuncia de que los resultados emanados del TREP no coincid\u00eda con las actas de escrutinio que se tiene en los sobres para el juzgamiento. Pero a medida que se va a juzgando se comprueba que el TREP transmite exactamente el mismo dato que contienen las actas de escrutinio, incluida en los tres sobres que sirven para el juzgamiento electoral&#8221;, concluy\u00f3.<\/p>\n\n\n\n<h4 id=\"tsje-presenta-denuncia-penal\" class=\"wp-block-heading\">TSJE presenta denuncia penal<\/h4>\n\n\n\n<p>El Tribunal Superior de Justicia Electoral present\u00f3 en la fecha una denuncia penal. Los hechos se\u00f1alados por la Justicia Electoral por los hechos punibles contra la seguridad de la convivencia de las personas, perturbaci\u00f3n de la Paz p\u00fablica, apolog\u00eda del delito, hechos punibles contra la constitucionalidad del Estado y el Sistema Electoral.<\/p>\n\n\n\n<p>Adem\u00e1s denuncian: impedimento de las elecciones, hechos punibles contra \u00f3rganos constitucionales y coacci\u00f3n a \u00f3rganos constitucionales, contra persona innominada.<\/p>\n\n\n\n<figure class=\"wp-block-embed is-type-rich is-provider-twitter wp-block-embed-twitter\"><div class=\"wp-block-embed__wrapper\">\n<blockquote class=\"twitter-tweet\" data-width=\"550\" data-dnt=\"true\"><p lang=\"es\" dir=\"ltr\"><a href=\"https:\/\/twitter.com\/hashtag\/URGENTE?src=hash&amp;ref_src=twsrc%5Etfw\">#URGENTE<\/a> |El TSJE, present\u00f3 una denuncia penal por los hechos punibles contra la seguridad de la convivencia de las personas, perturbaci\u00f3n de la Paz p\u00fablica, apolog\u00eda del delito, hechos punibles contra la constitucionalidad del Estado y el Sistema Electoral, <br>\ud83e\uddf5 <a href=\"https:\/\/t.co\/OqAW8heQqx\">pic.twitter.com\/OqAW8heQqx<\/a><\/p>&mdash; Justicia Electoral \ud83c\uddf5\ud83c\uddfe (@TSJE_Py) <a href=\"https:\/\/twitter.com\/TSJE_Py\/status\/1653443702327484416?ref_src=twsrc%5Etfw\">May 2, 2023<\/a><\/blockquote><script async src=\"https:\/\/platform.twitter.com\/widgets.js\" charset=\"utf-8\"><\/script>\n<\/div><\/figure>\n","protected":false},"excerpt":{"rendered":"Luego de las violentas protestas por parte de simpatizantes del candidato a Presidente y exsenador, Paraguayo Cubas, creci\u00f3 r\u00e1pidamente la presi\u00f3n pol\u00edtica para investigar el supuesto fraude electoral. Efra\u00edn Alegre y Euclides Acevedo se sumaron a las exigencias. Desde el Tribunal de Justicia Electoral tachan de disparate y paranoia estas denuncias, aunque resaltan que habr\u00e1 una verificaci\u00f3n exhaustiva. Se instalaron c\u00e1maras para transparentar el c\u00f3mputo de votos.\n","protected":false},"author":1,"featured_media":14846,"comment_status":"closed","ping_status":"closed","sticky":false,"template":"","format":"standard","meta":[],"categories":[13],"tags":[513,383,1459,956,1458,1042],"ubicacion":[18],"yoast_head":"<!-- This site is optimized with the Yoast SEO plugin v20.8 - https:\/\/yoast.com\/wordpress\/plugins\/seo\/ -->\n<title>Tras violentas protestas, TSJE tacha de \u00b4disparate y paranoia\u00b4 supuesto fraude &ndash; Latitud25<\/title>\n<meta name=\"description\" content=\"Desde el TSJE tachan de disparate estas denuncias, sin embargo, resaltan que habr\u00e1 una verificaci\u00f3n exhaustiva.\" \/>\n<meta name=\"robots\" content=\"index, follow, max-snippet:-1, max-image-preview:large, max-video-preview:-1\" \/>\n<link rel=\"canonical\" href=\"https:\/\/enlatitud25.com\/news\/tras-violentas-protestas-tsje-tacha-de-disparate-y-paranoia-supuesto-fraude\/\" \/>\n<meta property=\"og:locale\" content=\"es_ES\" \/>\n<meta property=\"og:type\" content=\"article\" \/>\n<meta property=\"og:title\" content=\"Tras violentas protestas, TSJE tacha de \u00b4disparate y paranoia\u00b4 supuesto fraude &ndash; Latitud25\" \/>\n<meta property=\"og:description\" content=\"Desde el TSJE tachan de disparate estas denuncias, sin embargo, resaltan que habr\u00e1 una verificaci\u00f3n exhaustiva.\" \/>\n<meta property=\"og:url\" content=\"https:\/\/enlatitud25.com\/news\/tras-violentas-protestas-tsje-tacha-de-disparate-y-paranoia-supuesto-fraude\/\" \/>\n<meta property=\"og:site_name\" content=\"Latitud25\" \/>\n<meta property=\"article:publisher\" content=\"https:\/\/www.facebook.com\/EnLatitud25\" \/>\n<meta property=\"article:author\" content=\"https:\/\/www.facebook.com\/EnLatitud25\" \/>\n<meta property=\"article:published_time\" content=\"2023-05-02T17:03:02+00:00\" \/>\n<meta property=\"article:modified_time\" content=\"2023-05-02T17:10:42+00:00\" \/>\n<meta property=\"og:image\" content=\"https:\/\/enlatitud25.com\/news\/wp-content\/uploads\/2023\/05\/foto-0-TSJE-Carlos-Mari\u0301a-Ljubetic.jpg\" \/>\n\t<meta property=\"og:image:width\" content=\"800\" \/>\n\t<meta property=\"og:image:height\" content=\"500\" \/>\n\t<meta property=\"og:image:type\" content=\"image\/jpeg\" \/>\n<meta name=\"author\" content=\"Latitud 25\" \/>\n<meta name=\"twitter:card\" content=\"summary_large_image\" \/>\n<meta name=\"twitter:creator\" content=\"@EnLatitud25\" \/>\n<meta name=\"twitter:site\" content=\"@EnLatitud25\" \/>\n<meta name=\"twitter:label1\" content=\"Escrito por\" \/>\n\t<meta name=\"twitter:data1\" content=\"Latitud 25\" \/>\n\t<meta name=\"twitter:label2\" content=\"Tiempo de lectura\" \/>\n\t<meta name=\"twitter:data2\" content=\"6 minutos\" \/>\n<script type=\"application\/ld+json\" class=\"yoast-schema-graph\">{\"@context\":\"https:\/\/schema.org\",\"@graph\":[{\"@type\":\"Article\",\"@id\":\"https:\/\/enlatitud25.com\/news\/tras-violentas-protestas-tsje-tacha-de-disparate-y-paranoia-supuesto-fraude\/#article\",\"isPartOf\":{\"@id\":\"https:\/\/enlatitud25.com\/news\/tras-violentas-protestas-tsje-tacha-de-disparate-y-paranoia-supuesto-fraude\/\"},\"author\":{\"name\":\"Latitud 25\",\"@id\":\"https:\/\/enlatitud25.com\/news\/#\/schema\/person\/23aafe968917005a721b8eb760f2586e\"},\"headline\":\"Tras violentas protestas, TSJE tacha de \u00b4disparate y paranoia\u00b4 supuesto fraude\",\"datePublished\":\"2023-05-02T17:03:02+00:00\",\"dateModified\":\"2023-05-02T17:10:42+00:00\",\"mainEntityOfPage\":{\"@id\":\"https:\/\/enlatitud25.com\/news\/tras-violentas-protestas-tsje-tacha-de-disparate-y-paranoia-supuesto-fraude\/\"},\"wordCount\":1254,\"publisher\":{\"@id\":\"https:\/\/enlatitud25.com\/news\/#organization\"},\"keywords\":[\"Denuncia\",\"elecciones\",\"fraude\",\"manifestaci\u00f3n\",\"payo cubas\",\"TSJE\"],\"articleSection\":[\"Pol\u00edtica\"],\"inLanguage\":\"es\"},{\"@type\":\"WebPage\",\"@id\":\"https:\/\/enlatitud25.com\/news\/tras-violentas-protestas-tsje-tacha-de-disparate-y-paranoia-supuesto-fraude\/\",\"url\":\"https:\/\/enlatitud25.com\/news\/tras-violentas-protestas-tsje-tacha-de-disparate-y-paranoia-supuesto-fraude\/\",\"name\":\"Tras violentas protestas, TSJE tacha de \u00b4disparate y paranoia\u00b4 supuesto fraude &ndash; Latitud25\",\"isPartOf\":{\"@id\":\"https:\/\/enlatitud25.com\/news\/#website\"},\"datePublished\":\"2023-05-02T17:03:02+00:00\",\"dateModified\":\"2023-05-02T17:10:42+00:00\",\"description\":\"Desde el TSJE tachan de disparate estas denuncias, sin embargo, resaltan que habr\u00e1 una verificaci\u00f3n exhaustiva.\",\"breadcrumb\":{\"@id\":\"https:\/\/enlatitud25.com\/news\/tras-violentas-protestas-tsje-tacha-de-disparate-y-paranoia-supuesto-fraude\/#breadcrumb\"},\"inLanguage\":\"es\",\"potentialAction\":[{\"@type\":\"ReadAction\",\"target\":[\"https:\/\/enlatitud25.com\/news\/tras-violentas-protestas-tsje-tacha-de-disparate-y-paranoia-supuesto-fraude\/\"]}]},{\"@type\":\"BreadcrumbList\",\"@id\":\"https:\/\/enlatitud25.com\/news\/tras-violentas-protestas-tsje-tacha-de-disparate-y-paranoia-supuesto-fraude\/#breadcrumb\",\"itemListElement\":[{\"@type\":\"ListItem\",\"position\":1,\"name\":\"Home\",\"item\":\"https:\/\/enlatitud25.com\/news\/\"},{\"@type\":\"ListItem\",\"position\":2,\"name\":\"Tras violentas protestas, TSJE tacha de \u00b4disparate y paranoia\u00b4 supuesto fraude\"}]},{\"@type\":\"WebSite\",\"@id\":\"https:\/\/enlatitud25.com\/news\/#website\",\"url\":\"https:\/\/enlatitud25.com\/news\/\",\"name\":\"Latitud25\",\"description\":\"news\",\"publisher\":{\"@id\":\"https:\/\/enlatitud25.com\/news\/#organization\"},\"potentialAction\":[{\"@type\":\"SearchAction\",\"target\":{\"@type\":\"EntryPoint\",\"urlTemplate\":\"https:\/\/enlatitud25.com\/news\/?s={search_term_string}\"},\"query-input\":\"required name=search_term_string\"}],\"inLanguage\":\"es\"},{\"@type\":\"Organization\",\"@id\":\"https:\/\/enlatitud25.com\/news\/#organization\",\"name\":\"Latitud 25 - News\",\"url\":\"https:\/\/enlatitud25.com\/news\/\",\"logo\":{\"@type\":\"ImageObject\",\"inLanguage\":\"es\",\"@id\":\"https:\/\/enlatitud25.com\/news\/#\/schema\/logo\/image\/\",\"url\":\"https:\/\/enlatitud25.com\/news\/wp-content\/uploads\/2020\/11\/logo_latitud.png\",\"contentUrl\":\"https:\/\/enlatitud25.com\/news\/wp-content\/uploads\/2020\/11\/logo_latitud.png\",\"width\":235,\"height\":39,\"caption\":\"Latitud 25 - News\"},\"image\":{\"@id\":\"https:\/\/enlatitud25.com\/news\/#\/schema\/logo\/image\/\"},\"sameAs\":[\"https:\/\/www.facebook.com\/EnLatitud25\",\"https:\/\/twitter.com\/EnLatitud25\",\"https:\/\/www.instagram.com\/enlatitud25\/\",\"https:\/\/www.youtube.com\/user\/desdelatitud25\"]},{\"@type\":\"Person\",\"@id\":\"https:\/\/enlatitud25.com\/news\/#\/schema\/person\/23aafe968917005a721b8eb760f2586e\",\"name\":\"Latitud 25\",\"sameAs\":[\"https:\/\/enlatitud25.com\/news\",\"https:\/\/www.facebook.com\/EnLatitud25\",\"https:\/\/www.instagram.com\/enlatitud25\",\"https:\/\/www.youtube.com\/user\/desdelatitud25\",\"https:\/\/soundcloud.com\/enlatitud25\"],\"url\":\"https:\/\/enlatitud25.com\/news\/author\/nnews-uss00\/\"}]}<\/script>\n<!-- \/ Yoast SEO plugin. -->","yoast_head_json":{"title":"Tras violentas protestas, TSJE tacha de \u00b4disparate y paranoia\u00b4 supuesto fraude &ndash; Latitud25","description":"Desde el TSJE tachan de disparate estas denuncias, sin embargo, resaltan que habr\u00e1 una verificaci\u00f3n exhaustiva.","robots":{"index":"index","follow":"follow","max-snippet":"max-snippet:-1","max-image-preview":"max-image-preview:large","max-video-preview":"max-video-preview:-1"},"canonical":"https:\/\/enlatitud25.com\/news\/tras-violentas-protestas-tsje-tacha-de-disparate-y-paranoia-supuesto-fraude\/","og_locale":"es_ES","og_type":"article","og_title":"Tras violentas protestas, TSJE tacha de \u00b4disparate y paranoia\u00b4 supuesto fraude &ndash; Latitud25","og_description":"Desde el TSJE tachan de disparate estas denuncias, sin embargo, resaltan que habr\u00e1 una verificaci\u00f3n exhaustiva.","og_url":"https:\/\/enlatitud25.com\/news\/tras-violentas-protestas-tsje-tacha-de-disparate-y-paranoia-supuesto-fraude\/","og_site_name":"Latitud25","article_publisher":"https:\/\/www.facebook.com\/EnLatitud25","article_author":"https:\/\/www.facebook.com\/EnLatitud25","article_published_time":"2023-05-02T17:03:02+00:00","article_modified_time":"2023-05-02T17:10:42+00:00","og_image":[{"width":800,"height":500,"url":"https:\/\/enlatitud25.com\/news\/wp-content\/uploads\/2023\/05\/foto-0-TSJE-Carlos-Mari\u0301a-Ljubetic.jpg","type":"image\/jpeg"}],"author":"Latitud 25","twitter_card":"summary_large_image","twitter_creator":"@EnLatitud25","twitter_site":"@EnLatitud25","twitter_misc":{"Escrito por":"Latitud 25","Tiempo de lectura":"6 minutos"},"schema":{"@context":"https:\/\/schema.org","@graph":[{"@type":"Article","@id":"https:\/\/enlatitud25.com\/news\/tras-violentas-protestas-tsje-tacha-de-disparate-y-paranoia-supuesto-fraude\/#article","isPartOf":{"@id":"https:\/\/enlatitud25.com\/news\/tras-violentas-protestas-tsje-tacha-de-disparate-y-paranoia-supuesto-fraude\/"},"author":{"name":"Latitud 25","@id":"https:\/\/enlatitud25.com\/news\/#\/schema\/person\/23aafe968917005a721b8eb760f2586e"},"headline":"Tras violentas protestas, TSJE tacha de \u00b4disparate y paranoia\u00b4 supuesto fraude","datePublished":"2023-05-02T17:03:02+00:00","dateModified":"2023-05-02T17:10:42+00:00","mainEntityOfPage":{"@id":"https:\/\/enlatitud25.com\/news\/tras-violentas-protestas-tsje-tacha-de-disparate-y-paranoia-supuesto-fraude\/"},"wordCount":1254,"publisher":{"@id":"https:\/\/enlatitud25.com\/news\/#organization"},"keywords":["Denuncia","elecciones","fraude","manifestaci\u00f3n","payo cubas","TSJE"],"articleSection":["Pol\u00edtica"],"inLanguage":"es"},{"@type":"WebPage","@id":"https:\/\/enlatitud25.com\/news\/tras-violentas-protestas-tsje-tacha-de-disparate-y-paranoia-supuesto-fraude\/","url":"https:\/\/enlatitud25.com\/news\/tras-violentas-protestas-tsje-tacha-de-disparate-y-paranoia-supuesto-fraude\/","name":"Tras violentas protestas, TSJE tacha de \u00b4disparate y paranoia\u00b4 supuesto fraude &ndash; Latitud25","isPartOf":{"@id":"https:\/\/enlatitud25.com\/news\/#website"},"datePublished":"2023-05-02T17:03:02+00:00","dateModified":"2023-05-02T17:10:42+00:00","description":"Desde el TSJE tachan de disparate estas denuncias, sin embargo, resaltan que habr\u00e1 una verificaci\u00f3n exhaustiva.","breadcrumb":{"@id":"https:\/\/enlatitud25.com\/news\/tras-violentas-protestas-tsje-tacha-de-disparate-y-paranoia-supuesto-fraude\/#breadcrumb"},"inLanguage":"es","potentialAction":[{"@type":"ReadAction","target":["https:\/\/enlatitud25.com\/news\/tras-violentas-protestas-tsje-tacha-de-disparate-y-paranoia-supuesto-fraude\/"]}]},{"@type":"BreadcrumbList","@id":"https:\/\/enlatitud25.com\/news\/tras-violentas-protestas-tsje-tacha-de-disparate-y-paranoia-supuesto-fraude\/#breadcrumb","itemListElement":[{"@type":"ListItem","position":1,"name":"Home","item":"https:\/\/enlatitud25.com\/news\/"},{"@type":"ListItem","position":2,"name":"Tras violentas protestas, TSJE tacha de \u00b4disparate y paranoia\u00b4 supuesto fraude"}]},{"@type":"WebSite","@id":"https:\/\/enlatitud25.com\/news\/#website","url":"https:\/\/enlatitud25.com\/news\/","name":"Latitud25","description":"news","publisher":{"@id":"https:\/\/enlatitud25.com\/news\/#organization"},"potentialAction":[{"@type":"SearchAction","target":{"@type":"EntryPoint","urlTemplate":"https:\/\/enlatitud25.com\/news\/?s={search_term_string}"},"query-input":"required name=search_term_string"}],"inLanguage":"es"},{"@type":"Organization","@id":"https:\/\/enlatitud25.com\/news\/#organization","name":"Latitud 25 - News","url":"https:\/\/enlatitud25.com\/news\/","logo":{"@type":"ImageObject","inLanguage":"es","@id":"https:\/\/enlatitud25.com\/news\/#\/schema\/logo\/image\/","url":"https:\/\/enlatitud25.com\/news\/wp-content\/uploads\/2020\/11\/logo_latitud.png","contentUrl":"https:\/\/enlatitud25.com\/news\/wp-content\/uploads\/2020\/11\/logo_latitud.png","width":235,"height":39,"caption":"Latitud 25 - News"},"image":{"@id":"https:\/\/enlatitud25.com\/news\/#\/schema\/logo\/image\/"},"sameAs":["https:\/\/www.facebook.com\/EnLatitud25","https:\/\/twitter.com\/EnLatitud25","https:\/\/www.instagram.com\/enlatitud25\/","https:\/\/www.youtube.com\/user\/desdelatitud25"]},{"@type":"Person","@id":"https:\/\/enlatitud25.com\/news\/#\/schema\/person\/23aafe968917005a721b8eb760f2586e","name":"Latitud 25","sameAs":["https:\/\/enlatitud25.com\/news","https:\/\/www.facebook.com\/EnLatitud25","https:\/\/www.instagram.com\/enlatitud25","https:\/\/www.youtube.com\/user\/desdelatitud25","https:\/\/soundcloud.com\/enlatitud25"],"url":"https:\/\/enlatitud25.com\/news\/author\/nnews-uss00\/"}]}},"_links":{"self":[{"href":"https:\/\/enlatitud25.com\/news\/wp-json\/wp\/v2\/posts\/14818"}],"collection":[{"href":"https:\/\/enlatitud25.com\/news\/wp-json\/wp\/v2\/posts"}],"about":[{"href":"https:\/\/enlatitud25.com\/news\/wp-json\/wp\/v2\/types\/post"}],"author":[{"embeddable":true,"href":"https:\/\/enlatitud25.com\/news\/wp-json\/wp\/v2\/users\/1"}],"replies":[{"embeddable":true,"href":"https:\/\/enlatitud25.com\/news\/wp-json\/wp\/v2\/comments?post=14818"}],"version-history":[{"count":16,"href":"https:\/\/enlatitud25.com\/news\/wp-json\/wp\/v2\/posts\/14818\/revisions"}],"predecessor-version":[{"id":14855,"href":"https:\/\/enlatitud25.com\/news\/wp-json\/wp\/v2\/posts\/14818\/revisions\/14855"}],"wp:featuredmedia":[{"embeddable":true,"href":"https:\/\/enlatitud25.com\/news\/wp-json\/wp\/v2\/media\/14846"}],"wp:attachment":[{"href":"https:\/\/enlatitud25.com\/news\/wp-json\/wp\/v2\/media?parent=14818"}],"wp:term":[{"taxonomy":"category","embeddable":true,"href":"https:\/\/enlatitud25.com\/news\/wp-json\/wp\/v2\/categories?post=14818"},{"taxonomy":"post_tag","embeddable":true,"href":"https:\/\/enlatitud25.com\/news\/wp-json\/wp\/v2\/tags?post=14818"},{"taxonomy":"ubicacion","embeddable":true,"href":"https:\/\/enlatitud25.com\/news\/wp-json\/wp\/v2\/ubicacion?post=14818"}],"curies":[{"name":"wp","href":"https:\/\/api.w.org\/{rel}","templated":true}]}}