{"id":14766,"date":"2023-05-01T00:07:20","date_gmt":"2023-05-01T00:07:20","guid":{"rendered":"https:\/\/enlatitud25.com\/news\/?p=14766"},"modified":"2023-05-01T00:17:17","modified_gmt":"2023-05-01T00:17:17","slug":"el-anrnuncamas-se-quedo-en-las-redes-pena-se-impuso-en-las-elecciones","status":"publish","type":"post","link":"https:\/\/enlatitud25.com\/news\/el-anrnuncamas-se-quedo-en-las-redes-pena-se-impuso-en-las-elecciones\/","title":{"rendered":"El #ANRNuncaM\u00e1s se qued\u00f3 en las redes: Pe\u00f1a se impuso en las elecciones"},"content":{"rendered":"\n<p>El economista y ex ministro de Hacienda, Santiago Pe\u00f1a logr\u00f3 una notable mayor\u00eda de votos por encima de sus competidores de la Concertaci\u00f3n Nacional, Efra\u00edn Alegre y Soledad N\u00fa\u00f1ez. La diferencia se marc\u00f3 desde el primer momento del c\u00f3mputo de votos, una vez cerrados los locales de votaci\u00f3n.<\/p>\n\n\n\n<p>Con m\u00e1s del 97% de los votos escrutados, la diferencia entre ambos candidatos era de al menos 450.000 votos de diferencia, con 42% para Pe\u00f1a y un 27,5% para Alegre. El factor que sorprendi\u00f3 al plano pol\u00edtico y desconcert\u00f3 a m\u00e1s de uno, fue el prominente desempe\u00f1o de Paraguayo Cubas con m\u00e1s de 22% de los votos obtenidos.<\/p>\n\n\n\n<p>En conferencia de prensa, cerca de las 20:00, Jaime Bestard, ministro del Tribunal Superior de Justicia Electoral, afirm\u00f3 que con m\u00e1s del 90% de los votos escrutados, se puede garantizar el resultado al pueblo paraguayo.<\/p>\n\n\n\n<p>A su vez, el titular del TSJE, Jorge Enrique Bogar\u00edn, sostuvo que se registr\u00f3 cerca del 63% de participaci\u00f3n en estos comicios. &#8220;Con m\u00e1s del 90% de escrutinio de votaci\u00f3n nos da el resultado que ustedes est\u00e1n viendo en la pantalla&#8221;, se\u00f1al\u00f3 al apuntar el sistema TREP que otorga la victoria a Santiago Pe\u00f1a.<\/p>\n\n\n\n<p>Esta contundente victoria de Pe\u00f1a se dio a pesar de que su l\u00edder y principal impulsor, el ex presidente Horacio Cartes, haya sido declarado significativamente corrupto por Estados Unidos, lo que comprometi\u00f3 financieramente al Partido Colorado en la recta final de la campa\u00f1a. <\/p>\n\n\n\n<p>Tras este primer paso por parte del gobierno de Estados Unidos y las consecuentes sanciones financieras al actual presidente de la ANR \u2013que lo oblig\u00f3 a transferir sus empresas y disolver el Grupo Cartes\u2013 hubo incertidumbre sobre la posibilidad de que el Partido Colorado no alcance la victoria.<\/p>\n\n\n\n<figure class=\"wp-block-image size-full\"><img decoding=\"async\" loading=\"lazy\" width=\"800\" height=\"500\" src=\"https:\/\/enlatitud25.com\/news\/wp-content\/uploads\/2023\/04\/pag2Ganador-Elecciones-2023-SANTI-PENA.jpg\" alt=\"\" class=\"wp-image-14778\" srcset=\"https:\/\/enlatitud25.com\/news\/wp-content\/uploads\/2023\/04\/pag2Ganador-Elecciones-2023-SANTI-PENA.jpg 800w, https:\/\/enlatitud25.com\/news\/wp-content\/uploads\/2023\/04\/pag2Ganador-Elecciones-2023-SANTI-PENA-300x188.jpg 300w, https:\/\/enlatitud25.com\/news\/wp-content\/uploads\/2023\/04\/pag2Ganador-Elecciones-2023-SANTI-PENA-768x480.jpg 768w, https:\/\/enlatitud25.com\/news\/wp-content\/uploads\/2023\/04\/pag2Ganador-Elecciones-2023-SANTI-PENA-380x238.jpg 380w\" sizes=\"(max-width: 800px) 100vw, 800px\" \/><\/figure>\n\n\n\n<p><strong>Le\u00e9 m\u00e1s: <a href=\"https:\/\/enlatitud25.com\/news\/como-las-transacciones-de-cartes-pueden-afectar-financieramente-al-pais\/\" target=\"_blank\" rel=\"noreferrer noopener\">\u00bfC\u00f3mo las transacciones de Cartes pueden afectar financieramente al pa\u00eds?<\/a><\/strong><\/p>\n\n\n\n<p>Adem\u00e1s, en los \u00faltimos a\u00f1os tom\u00f3 fuerza en redes sociales el movimiento #ANRNuncaM\u00e1s, como reclamo por las irregularidades y hechos de corrupci\u00f3n del gobierno colorado. Sin embargo, las movilizaciones post pandemia, los casos de corrupci\u00f3n y las sanciones, no fueron suficientes para que la ciudadan\u00eda paraguaya decida cambiar el rumbo del pa\u00eds. Prevaleci\u00f3 el voto duro de la estructurada ANR. <\/p>\n\n\n\n<h4 id=\"sobre-santiago-pena\" class=\"wp-block-heading\">Sobre Santiago Pe\u00f1a<\/h4>\n\n\n\n<p>Fue integrante del Departamento de Estudios Monetarios y del Departamento de Operaciones de Mercado Abierto del Banco Central del Paraguay, del 2000 al 2009. En el 2012, fue director del Banco Central del Paraguay.<\/p>\n\n\n\n<p>Durante el gobierno de Horacio Cartes, de 2015 a 2017, <a href=\"https:\/\/santipresidente.com\/perfil.php\" target=\"_blank\" rel=\"noreferrer noopener\">Santiago Pe\u00f1a<\/a> fue ministro de Hacienda del Paraguay y Profesor de Teor\u00eda Econ\u00f3mica en la Universidad Cat\u00f3lica de Asunci\u00f3n. <\/p>\n\n\n\n<p>Desde 2018 hasta 2022 fue director del Banco Basa, entidad bancaria, que fue propiedad de Horacio Cartes hasta hace poco, cuando tuvo que transferirla, a causa de las sanciones financieras que le impuso Estados Unidos, debido a conductas irregulares, corrupci\u00f3n y nexos con el terrorismo.<\/p>\n\n\n\n<p><strong>Le\u00e9 tambi\u00e9n: <a href=\"https:\/\/enlatitud25.com\/news\/ee-uu-confirma-que-cartes-y-velazquez-tienen-nexos-con-el-terrorismo\/\" target=\"_blank\" rel=\"noreferrer noopener\">EE.UU. sanciona financieramente a Cartes y a Vel\u00e1zquez por v\u00ednculos terroristas<\/a><\/strong><\/p>\n\n\n\n<figure class=\"wp-block-image size-full\"><img decoding=\"async\" loading=\"lazy\" width=\"800\" height=\"500\" src=\"https:\/\/enlatitud25.com\/news\/wp-content\/uploads\/2023\/04\/pag5-Ganador-Elecciones-2023-SANTI-PENA-copy.jpg\" alt=\"\" class=\"wp-image-14780\" srcset=\"https:\/\/enlatitud25.com\/news\/wp-content\/uploads\/2023\/04\/pag5-Ganador-Elecciones-2023-SANTI-PENA-copy.jpg 800w, https:\/\/enlatitud25.com\/news\/wp-content\/uploads\/2023\/04\/pag5-Ganador-Elecciones-2023-SANTI-PENA-copy-300x188.jpg 300w, https:\/\/enlatitud25.com\/news\/wp-content\/uploads\/2023\/04\/pag5-Ganador-Elecciones-2023-SANTI-PENA-copy-768x480.jpg 768w, https:\/\/enlatitud25.com\/news\/wp-content\/uploads\/2023\/04\/pag5-Ganador-Elecciones-2023-SANTI-PENA-copy-380x238.jpg 380w\" sizes=\"(max-width: 800px) 100vw, 800px\" \/><\/figure>\n\n\n\n<h4 id=\"incidentada-jornada-de-votacion\" class=\"wp-block-heading\">Incidentada jornada de votaci\u00f3n<\/h4>\n\n\n\n<p>Desde el inicio de este domingo se vivi\u00f3 una jornada bastante tensa en los locales de votaci\u00f3n. Al principio hubo conflictos entre los apoderados respecto a si sacar o no fuera de las aulas las urnas de votaci\u00f3n. En algunos lugares no funcionaban las m\u00e1quinas.<\/p>\n\n\n\n<p><strong>Le\u00e9 m\u00e1s:<a href=\"https:\/\/enlatitud25.com\/news\/asi-se-desarrollan-las-elecciones-generales-en-paraguay\/\" target=\"_blank\" rel=\"noreferrer noopener sponsored nofollow\"> Entre incidentes y largas esperas se desarrollan las elecciones generales<\/a><\/strong><\/p>\n\n\n\n<p>Una vez habilitados los comicios, tambi\u00e9n se reportaron muchas denuncias de votos inducidos. Hubo peleas, golpes, forcejeos y candentes discusiones entre apoderados y electores.<\/p>\n\n\n\n<p>Tambi\u00e9n se dieron a conocer varias denuncias de compra de votos en diferentes ciudades del pa\u00eds. <\/p>\n\n\n\n<p>Uno de los puntos preponderantes de la jornada electoral, fue la gran cantidad de ciudadanos que asistieron a cumplir con su deber c\u00edvico, a pesar de las horas de espera y la tensi\u00f3n en los diferentes locales de votaci\u00f3n.<\/p>\n\n\n\n<figure class=\"wp-block-image size-full\"><img decoding=\"async\" loading=\"lazy\" width=\"800\" height=\"500\" src=\"https:\/\/enlatitud25.com\/news\/wp-content\/uploads\/2023\/04\/pag1Ganador-Elecciones-2023-SANTI-PENA.jpg\" alt=\"\" class=\"wp-image-14781\" srcset=\"https:\/\/enlatitud25.com\/news\/wp-content\/uploads\/2023\/04\/pag1Ganador-Elecciones-2023-SANTI-PENA.jpg 800w, https:\/\/enlatitud25.com\/news\/wp-content\/uploads\/2023\/04\/pag1Ganador-Elecciones-2023-SANTI-PENA-300x188.jpg 300w, https:\/\/enlatitud25.com\/news\/wp-content\/uploads\/2023\/04\/pag1Ganador-Elecciones-2023-SANTI-PENA-768x480.jpg 768w, https:\/\/enlatitud25.com\/news\/wp-content\/uploads\/2023\/04\/pag1Ganador-Elecciones-2023-SANTI-PENA-380x238.jpg 380w\" sizes=\"(max-width: 800px) 100vw, 800px\" \/><\/figure>\n\n\n\n<p><\/p>\n","protected":false},"excerpt":{"rendered":"Con una diferencia abrumadora, Santiago Pe\u00f1a, es el presidente electo de la Rep\u00fablica del Paraguay. Por los pr\u00f3ximos cinco a\u00f1os, el nuevo titular del Poder Ejecutivo contar\u00e1 con mayor\u00eda plena en C\u00e1mara de Diputados y tambi\u00e9n en C\u00e1mara Alta. As\u00ed, el Partido Colorado asegura su tercer periodo consecutivo al frente del Poder Ejecutivo, luego de la breve alternancia democr\u00e1tica del 2008-2013. Mario Abdo Ben\u00edtez y Horacio Cartes lo felicitaron en Twitter.\n","protected":false},"author":1,"featured_media":14796,"comment_status":"closed","ping_status":"closed","sticky":false,"template":"","format":"standard","meta":[],"categories":[13],"tags":[],"ubicacion":[18],"yoast_head":"<!-- This site is optimized with the Yoast SEO plugin v20.8 - https:\/\/yoast.com\/wordpress\/plugins\/seo\/ -->\n<title>El #ANRNuncaM\u00e1s se qued\u00f3 en las redes: Pe\u00f1a se impuso en las elecciones &ndash; Latitud25<\/title>\n<meta name=\"description\" content=\"Santiago Pe\u00f1a fue elegido como presidente de Paraguay, por el periodo 2023-2028 y el Partido Colorado logra el continuismo en el poder.\" \/>\n<meta name=\"robots\" content=\"index, follow, max-snippet:-1, max-image-preview:large, max-video-preview:-1\" \/>\n<link rel=\"canonical\" href=\"https:\/\/enlatitud25.com\/news\/el-anrnuncamas-se-quedo-en-las-redes-pena-se-impuso-en-las-elecciones\/\" \/>\n<meta property=\"og:locale\" content=\"es_ES\" \/>\n<meta property=\"og:type\" content=\"article\" \/>\n<meta property=\"og:title\" content=\"El #ANRNuncaM\u00e1s se qued\u00f3 en las redes: Pe\u00f1a se impuso en las elecciones &ndash; Latitud25\" \/>\n<meta property=\"og:description\" content=\"Santiago Pe\u00f1a fue elegido como presidente de Paraguay, por el periodo 2023-2028 y el Partido Colorado logra el continuismo en el poder.\" \/>\n<meta property=\"og:url\" content=\"https:\/\/enlatitud25.com\/news\/el-anrnuncamas-se-quedo-en-las-redes-pena-se-impuso-en-las-elecciones\/\" \/>\n<meta property=\"og:site_name\" content=\"Latitud25\" \/>\n<meta property=\"article:publisher\" content=\"https:\/\/www.facebook.com\/EnLatitud25\" \/>\n<meta property=\"article:author\" content=\"https:\/\/www.facebook.com\/EnLatitud25\" \/>\n<meta property=\"article:published_time\" content=\"2023-05-01T00:07:20+00:00\" \/>\n<meta property=\"article:modified_time\" content=\"2023-05-01T00:17:17+00:00\" \/>\n<meta property=\"og:image\" content=\"https:\/\/enlatitud25.com\/news\/wp-content\/uploads\/2023\/04\/WhatsApp-Image-2023-04-30-at-7.31.07-PM.jpeg\" \/>\n\t<meta property=\"og:image:width\" content=\"800\" \/>\n\t<meta property=\"og:image:height\" content=\"500\" \/>\n\t<meta property=\"og:image:type\" content=\"image\/jpeg\" \/>\n<meta name=\"author\" content=\"Latitud 25\" \/>\n<meta name=\"twitter:card\" content=\"summary_large_image\" \/>\n<meta name=\"twitter:creator\" content=\"@EnLatitud25\" \/>\n<meta name=\"twitter:site\" content=\"@EnLatitud25\" \/>\n<meta name=\"twitter:label1\" content=\"Escrito por\" \/>\n\t<meta name=\"twitter:data1\" content=\"Latitud 25\" \/>\n\t<meta name=\"twitter:label2\" content=\"Tiempo de lectura\" \/>\n\t<meta name=\"twitter:data2\" content=\"4 minutos\" \/>\n<script type=\"application\/ld+json\" class=\"yoast-schema-graph\">{\"@context\":\"https:\/\/schema.org\",\"@graph\":[{\"@type\":\"Article\",\"@id\":\"https:\/\/enlatitud25.com\/news\/el-anrnuncamas-se-quedo-en-las-redes-pena-se-impuso-en-las-elecciones\/#article\",\"isPartOf\":{\"@id\":\"https:\/\/enlatitud25.com\/news\/el-anrnuncamas-se-quedo-en-las-redes-pena-se-impuso-en-las-elecciones\/\"},\"author\":{\"name\":\"Latitud 25\",\"@id\":\"https:\/\/enlatitud25.com\/news\/#\/schema\/person\/23aafe968917005a721b8eb760f2586e\"},\"headline\":\"El #ANRNuncaM\u00e1s se qued\u00f3 en las redes: Pe\u00f1a se impuso en las elecciones\",\"datePublished\":\"2023-05-01T00:07:20+00:00\",\"dateModified\":\"2023-05-01T00:17:17+00:00\",\"mainEntityOfPage\":{\"@id\":\"https:\/\/enlatitud25.com\/news\/el-anrnuncamas-se-quedo-en-las-redes-pena-se-impuso-en-las-elecciones\/\"},\"wordCount\":677,\"publisher\":{\"@id\":\"https:\/\/enlatitud25.com\/news\/#organization\"},\"articleSection\":[\"Pol\u00edtica\"],\"inLanguage\":\"es\"},{\"@type\":\"WebPage\",\"@id\":\"https:\/\/enlatitud25.com\/news\/el-anrnuncamas-se-quedo-en-las-redes-pena-se-impuso-en-las-elecciones\/\",\"url\":\"https:\/\/enlatitud25.com\/news\/el-anrnuncamas-se-quedo-en-las-redes-pena-se-impuso-en-las-elecciones\/\",\"name\":\"El #ANRNuncaM\u00e1s se qued\u00f3 en las redes: Pe\u00f1a se impuso en las elecciones &ndash; Latitud25\",\"isPartOf\":{\"@id\":\"https:\/\/enlatitud25.com\/news\/#website\"},\"datePublished\":\"2023-05-01T00:07:20+00:00\",\"dateModified\":\"2023-05-01T00:17:17+00:00\",\"description\":\"Santiago Pe\u00f1a fue elegido como presidente de Paraguay, por el periodo 2023-2028 y el Partido Colorado logra el continuismo en el poder.\",\"breadcrumb\":{\"@id\":\"https:\/\/enlatitud25.com\/news\/el-anrnuncamas-se-quedo-en-las-redes-pena-se-impuso-en-las-elecciones\/#breadcrumb\"},\"inLanguage\":\"es\",\"potentialAction\":[{\"@type\":\"ReadAction\",\"target\":[\"https:\/\/enlatitud25.com\/news\/el-anrnuncamas-se-quedo-en-las-redes-pena-se-impuso-en-las-elecciones\/\"]}]},{\"@type\":\"BreadcrumbList\",\"@id\":\"https:\/\/enlatitud25.com\/news\/el-anrnuncamas-se-quedo-en-las-redes-pena-se-impuso-en-las-elecciones\/#breadcrumb\",\"itemListElement\":[{\"@type\":\"ListItem\",\"position\":1,\"name\":\"Home\",\"item\":\"https:\/\/enlatitud25.com\/news\/\"},{\"@type\":\"ListItem\",\"position\":2,\"name\":\"El #ANRNuncaM\u00e1s se qued\u00f3 en las redes: Pe\u00f1a se impuso en las elecciones\"}]},{\"@type\":\"WebSite\",\"@id\":\"https:\/\/enlatitud25.com\/news\/#website\",\"url\":\"https:\/\/enlatitud25.com\/news\/\",\"name\":\"Latitud25\",\"description\":\"news\",\"publisher\":{\"@id\":\"https:\/\/enlatitud25.com\/news\/#organization\"},\"potentialAction\":[{\"@type\":\"SearchAction\",\"target\":{\"@type\":\"EntryPoint\",\"urlTemplate\":\"https:\/\/enlatitud25.com\/news\/?s={search_term_string}\"},\"query-input\":\"required name=search_term_string\"}],\"inLanguage\":\"es\"},{\"@type\":\"Organization\",\"@id\":\"https:\/\/enlatitud25.com\/news\/#organization\",\"name\":\"Latitud 25 - News\",\"url\":\"https:\/\/enlatitud25.com\/news\/\",\"logo\":{\"@type\":\"ImageObject\",\"inLanguage\":\"es\",\"@id\":\"https:\/\/enlatitud25.com\/news\/#\/schema\/logo\/image\/\",\"url\":\"https:\/\/enlatitud25.com\/news\/wp-content\/uploads\/2020\/11\/logo_latitud.png\",\"contentUrl\":\"https:\/\/enlatitud25.com\/news\/wp-content\/uploads\/2020\/11\/logo_latitud.png\",\"width\":235,\"height\":39,\"caption\":\"Latitud 25 - News\"},\"image\":{\"@id\":\"https:\/\/enlatitud25.com\/news\/#\/schema\/logo\/image\/\"},\"sameAs\":[\"https:\/\/www.facebook.com\/EnLatitud25\",\"https:\/\/twitter.com\/EnLatitud25\",\"https:\/\/www.instagram.com\/enlatitud25\/\",\"https:\/\/www.youtube.com\/user\/desdelatitud25\"]},{\"@type\":\"Person\",\"@id\":\"https:\/\/enlatitud25.com\/news\/#\/schema\/person\/23aafe968917005a721b8eb760f2586e\",\"name\":\"Latitud 25\",\"sameAs\":[\"https:\/\/enlatitud25.com\/news\",\"https:\/\/www.facebook.com\/EnLatitud25\",\"https:\/\/www.instagram.com\/enlatitud25\",\"https:\/\/www.youtube.com\/user\/desdelatitud25\",\"https:\/\/soundcloud.com\/enlatitud25\"],\"url\":\"https:\/\/enlatitud25.com\/news\/author\/nnews-uss00\/\"}]}<\/script>\n<!-- \/ Yoast SEO plugin. -->","yoast_head_json":{"title":"El #ANRNuncaM\u00e1s se qued\u00f3 en las redes: Pe\u00f1a se impuso en las elecciones &ndash; Latitud25","description":"Santiago Pe\u00f1a fue elegido como presidente de Paraguay, por el periodo 2023-2028 y el Partido Colorado logra el continuismo en el poder.","robots":{"index":"index","follow":"follow","max-snippet":"max-snippet:-1","max-image-preview":"max-image-preview:large","max-video-preview":"max-video-preview:-1"},"canonical":"https:\/\/enlatitud25.com\/news\/el-anrnuncamas-se-quedo-en-las-redes-pena-se-impuso-en-las-elecciones\/","og_locale":"es_ES","og_type":"article","og_title":"El #ANRNuncaM\u00e1s se qued\u00f3 en las redes: Pe\u00f1a se impuso en las elecciones &ndash; Latitud25","og_description":"Santiago Pe\u00f1a fue elegido como presidente de Paraguay, por el periodo 2023-2028 y el Partido Colorado logra el continuismo en el poder.","og_url":"https:\/\/enlatitud25.com\/news\/el-anrnuncamas-se-quedo-en-las-redes-pena-se-impuso-en-las-elecciones\/","og_site_name":"Latitud25","article_publisher":"https:\/\/www.facebook.com\/EnLatitud25","article_author":"https:\/\/www.facebook.com\/EnLatitud25","article_published_time":"2023-05-01T00:07:20+00:00","article_modified_time":"2023-05-01T00:17:17+00:00","og_image":[{"width":800,"height":500,"url":"https:\/\/enlatitud25.com\/news\/wp-content\/uploads\/2023\/04\/WhatsApp-Image-2023-04-30-at-7.31.07-PM.jpeg","type":"image\/jpeg"}],"author":"Latitud 25","twitter_card":"summary_large_image","twitter_creator":"@EnLatitud25","twitter_site":"@EnLatitud25","twitter_misc":{"Escrito por":"Latitud 25","Tiempo de lectura":"4 minutos"},"schema":{"@context":"https:\/\/schema.org","@graph":[{"@type":"Article","@id":"https:\/\/enlatitud25.com\/news\/el-anrnuncamas-se-quedo-en-las-redes-pena-se-impuso-en-las-elecciones\/#article","isPartOf":{"@id":"https:\/\/enlatitud25.com\/news\/el-anrnuncamas-se-quedo-en-las-redes-pena-se-impuso-en-las-elecciones\/"},"author":{"name":"Latitud 25","@id":"https:\/\/enlatitud25.com\/news\/#\/schema\/person\/23aafe968917005a721b8eb760f2586e"},"headline":"El #ANRNuncaM\u00e1s se qued\u00f3 en las redes: Pe\u00f1a se impuso en las elecciones","datePublished":"2023-05-01T00:07:20+00:00","dateModified":"2023-05-01T00:17:17+00:00","mainEntityOfPage":{"@id":"https:\/\/enlatitud25.com\/news\/el-anrnuncamas-se-quedo-en-las-redes-pena-se-impuso-en-las-elecciones\/"},"wordCount":677,"publisher":{"@id":"https:\/\/enlatitud25.com\/news\/#organization"},"articleSection":["Pol\u00edtica"],"inLanguage":"es"},{"@type":"WebPage","@id":"https:\/\/enlatitud25.com\/news\/el-anrnuncamas-se-quedo-en-las-redes-pena-se-impuso-en-las-elecciones\/","url":"https:\/\/enlatitud25.com\/news\/el-anrnuncamas-se-quedo-en-las-redes-pena-se-impuso-en-las-elecciones\/","name":"El #ANRNuncaM\u00e1s se qued\u00f3 en las redes: Pe\u00f1a se impuso en las elecciones &ndash; Latitud25","isPartOf":{"@id":"https:\/\/enlatitud25.com\/news\/#website"},"datePublished":"2023-05-01T00:07:20+00:00","dateModified":"2023-05-01T00:17:17+00:00","description":"Santiago Pe\u00f1a fue elegido como presidente de Paraguay, por el periodo 2023-2028 y el Partido Colorado logra el continuismo en el poder.","breadcrumb":{"@id":"https:\/\/enlatitud25.com\/news\/el-anrnuncamas-se-quedo-en-las-redes-pena-se-impuso-en-las-elecciones\/#breadcrumb"},"inLanguage":"es","potentialAction":[{"@type":"ReadAction","target":["https:\/\/enlatitud25.com\/news\/el-anrnuncamas-se-quedo-en-las-redes-pena-se-impuso-en-las-elecciones\/"]}]},{"@type":"BreadcrumbList","@id":"https:\/\/enlatitud25.com\/news\/el-anrnuncamas-se-quedo-en-las-redes-pena-se-impuso-en-las-elecciones\/#breadcrumb","itemListElement":[{"@type":"ListItem","position":1,"name":"Home","item":"https:\/\/enlatitud25.com\/news\/"},{"@type":"ListItem","position":2,"name":"El #ANRNuncaM\u00e1s se qued\u00f3 en las redes: Pe\u00f1a se impuso en las elecciones"}]},{"@type":"WebSite","@id":"https:\/\/enlatitud25.com\/news\/#website","url":"https:\/\/enlatitud25.com\/news\/","name":"Latitud25","description":"news","publisher":{"@id":"https:\/\/enlatitud25.com\/news\/#organization"},"potentialAction":[{"@type":"SearchAction","target":{"@type":"EntryPoint","urlTemplate":"https:\/\/enlatitud25.com\/news\/?s={search_term_string}"},"query-input":"required name=search_term_string"}],"inLanguage":"es"},{"@type":"Organization","@id":"https:\/\/enlatitud25.com\/news\/#organization","name":"Latitud 25 - News","url":"https:\/\/enlatitud25.com\/news\/","logo":{"@type":"ImageObject","inLanguage":"es","@id":"https:\/\/enlatitud25.com\/news\/#\/schema\/logo\/image\/","url":"https:\/\/enlatitud25.com\/news\/wp-content\/uploads\/2020\/11\/logo_latitud.png","contentUrl":"https:\/\/enlatitud25.com\/news\/wp-content\/uploads\/2020\/11\/logo_latitud.png","width":235,"height":39,"caption":"Latitud 25 - News"},"image":{"@id":"https:\/\/enlatitud25.com\/news\/#\/schema\/logo\/image\/"},"sameAs":["https:\/\/www.facebook.com\/EnLatitud25","https:\/\/twitter.com\/EnLatitud25","https:\/\/www.instagram.com\/enlatitud25\/","https:\/\/www.youtube.com\/user\/desdelatitud25"]},{"@type":"Person","@id":"https:\/\/enlatitud25.com\/news\/#\/schema\/person\/23aafe968917005a721b8eb760f2586e","name":"Latitud 25","sameAs":["https:\/\/enlatitud25.com\/news","https:\/\/www.facebook.com\/EnLatitud25","https:\/\/www.instagram.com\/enlatitud25","https:\/\/www.youtube.com\/user\/desdelatitud25","https:\/\/soundcloud.com\/enlatitud25"],"url":"https:\/\/enlatitud25.com\/news\/author\/nnews-uss00\/"}]}},"_links":{"self":[{"href":"https:\/\/enlatitud25.com\/news\/wp-json\/wp\/v2\/posts\/14766"}],"collection":[{"href":"https:\/\/enlatitud25.com\/news\/wp-json\/wp\/v2\/posts"}],"about":[{"href":"https:\/\/enlatitud25.com\/news\/wp-json\/wp\/v2\/types\/post"}],"author":[{"embeddable":true,"href":"https:\/\/enlatitud25.com\/news\/wp-json\/wp\/v2\/users\/1"}],"replies":[{"embeddable":true,"href":"https:\/\/enlatitud25.com\/news\/wp-json\/wp\/v2\/comments?post=14766"}],"version-history":[{"count":23,"href":"https:\/\/enlatitud25.com\/news\/wp-json\/wp\/v2\/posts\/14766\/revisions"}],"predecessor-version":[{"id":14817,"href":"https:\/\/enlatitud25.com\/news\/wp-json\/wp\/v2\/posts\/14766\/revisions\/14817"}],"wp:featuredmedia":[{"embeddable":true,"href":"https:\/\/enlatitud25.com\/news\/wp-json\/wp\/v2\/media\/14796"}],"wp:attachment":[{"href":"https:\/\/enlatitud25.com\/news\/wp-json\/wp\/v2\/media?parent=14766"}],"wp:term":[{"taxonomy":"category","embeddable":true,"href":"https:\/\/enlatitud25.com\/news\/wp-json\/wp\/v2\/categories?post=14766"},{"taxonomy":"post_tag","embeddable":true,"href":"https:\/\/enlatitud25.com\/news\/wp-json\/wp\/v2\/tags?post=14766"},{"taxonomy":"ubicacion","embeddable":true,"href":"https:\/\/enlatitud25.com\/news\/wp-json\/wp\/v2\/ubicacion?post=14766"}],"curies":[{"name":"wp","href":"https:\/\/api.w.org\/{rel}","templated":true}]}}