{"id":14594,"date":"2023-04-18T21:33:07","date_gmt":"2023-04-18T21:33:07","guid":{"rendered":"https:\/\/enlatitud25.com\/news\/?p=14594"},"modified":"2023-04-18T21:33:10","modified_gmt":"2023-04-18T21:33:10","slug":"luego-de-las-protestas-y-revelaciones-del-sector-transporte-hubo-avances","status":"publish","type":"post","link":"https:\/\/enlatitud25.com\/news\/luego-de-las-protestas-y-revelaciones-del-sector-transporte-hubo-avances\/","title":{"rendered":"Luego de las protestas y revelaciones del sector transporte: \u00bfhubo avances?"},"content":{"rendered":"\n<p>Las reguladas de buses del transporte p\u00fablico en Asunci\u00f3n y el \u00e1rea metropolitana, fueron agrav\u00e1ndose en los \u00faltimos meses, por las presiones del sector empresarial a seguir cobrando el subsidio y el significante hartazgo por parte de los pasajeros que no ven una mejora en la calidad del servicio de transporte.<\/p>\n\n\n\n<p>Si bien, varias personas alertaron sobre esta situaci\u00f3n diariamente a trav\u00e9s de sus redes sociales, el 29 de marzo fue la gota que colm\u00f3 el vaso. Esa noche, se pudo observar una gran cantidad de personas que copaban las paradas de buses sobre la Av. Mariscal L\u00f3pez a causa de las reguladas.<\/p>\n\n\n\n<p><strong>Le\u00e9 m\u00e1s:<a href=\"https:\/\/enlatitud25.com\/news\/quienes-se-creen-estos-hdp-repudio-a-reguladas-pese-al-pago-de-usd-33-m\/\" target=\"_blank\" rel=\"noreferrer noopener\"> \u201c\u00bfQui\u00e9nes se creen estos HDP?\u201d: Repudio a reguladas pese al pago de USD 33 M<\/a><\/strong><\/p>\n\n\n\n<p>A ra\u00edz de esto, se organizaron varias movilizaciones y asambleas populares. As\u00ed fue como j\u00f3venes profesionales de diferentes \u00e1reas formaron de manera voluntaria un grupo, denominado <strong>Organizaci\u00f3n de Pasajeros del \u00c1rea Metropolitana de Asunci\u00f3n (Opama)<\/strong>. <\/p>\n\n\n\n<p>Esta organizaci\u00f3n obtuvo datos a trav\u00e9s del acceso a la informaci\u00f3n p\u00fablica y los proces\u00f3, cotejando con registros oficiales del viceministerio del Transporte, revelando un entramado de corrupci\u00f3n que burl\u00f3 el sistema de billetaje electr\u00f3nico. Lo que pretend\u00eda ser una soluci\u00f3n para esclarecer los n\u00fameros del negocio del transporte, termin\u00f3 siendo el catalizador del problema.<\/p>\n\n\n\n<figure class=\"wp-block-image size-full\"><img decoding=\"async\" loading=\"lazy\" width=\"800\" height=\"500\" src=\"https:\/\/enlatitud25.com\/news\/wp-content\/uploads\/2023\/04\/viceministro-de-transporte.jpg\" alt=\"\" class=\"wp-image-14601\" srcset=\"https:\/\/enlatitud25.com\/news\/wp-content\/uploads\/2023\/04\/viceministro-de-transporte.jpg 800w, https:\/\/enlatitud25.com\/news\/wp-content\/uploads\/2023\/04\/viceministro-de-transporte-300x188.jpg 300w, https:\/\/enlatitud25.com\/news\/wp-content\/uploads\/2023\/04\/viceministro-de-transporte-768x480.jpg 768w, https:\/\/enlatitud25.com\/news\/wp-content\/uploads\/2023\/04\/viceministro-de-transporte-380x238.jpg 380w\" sizes=\"(max-width: 800px) 100vw, 800px\" \/><\/figure>\n\n\n\n<p>Este descontento generalizado caus\u00f3 que finalmente el presidente de la Rep\u00fablica, Mario Abdo Ben\u00edtez, decida hacer cambios m\u00e1s dr\u00e1sticos. El 10 de abril, nombr\u00f3 a <a href=\"https:\/\/www.mopc.gov.py\/index.php\/noticias\/oscar-stark-nuevo-viceministro-de-transporte\" target=\"_blank\" rel=\"noreferrer noopener\">\u00d3scar Stark como viceministro de Transporte<\/a> en reemplazo de V\u00edctor S\u00e1nchez. <\/p>\n\n\n\n<h4 id=\"usuarios-fantasmas-gastaban-g-7-600-000-por-mes\" class=\"wp-block-heading\">Usuarios fantasmas gastaban G. 7.600.000 por mes<\/h4>\n\n\n\n<p>La organizaci\u00f3n Opama detect\u00f3 50 tarjetas de billetaje electr\u00f3nico que gastaron grandes cifras de dinero, en d\u00edas y meses, lo cual no condice con la cantidad de viajes que podr\u00eda hacer un usuario normal del transporte. Para dar un ejemplo, una de ellas, en el mes de enero de 2022, gast\u00f3 un total de G. 7.604.900. Para el efecto, tuvo que realizar m\u00e1s de 100 viajes diariamente, durante todos los d\u00edas de ese mes. <\/p>\n\n\n\n<p>Estas validaciones excesivas se conocieron como pasajeros fantasmas, ya que se contabilizan viajes imposibles de realizar por un mismo usuario. <\/p>\n\n\n\n<p>Cabe se\u00f1alar que Opama analiz\u00f3 datos de pasajes registrados, entre enero de 2022 y marzo de 2023. El resultado arroj\u00f3 que estas 50 tarjetas habr\u00edan gastado unos G. 2.380 millones, en m\u00e1s de&nbsp;1.500 viajes, algunas de ellas incluso hicieron 50 validaciones en 10 minutos.<\/p>\n\n\n\n<p>Bel\u00e9n Gonz\u00e1lez, una de las integrantes de Opama, habl\u00f3 en contacto con RadioCast25 al respecto. Asever\u00f3 que evidentemente no es posible que se haga una haza\u00f1a para viajar por G. 7 millones al mes. &#8220;Aunque un chofer pase el validador todos los d\u00edas no lo va a poder lograr&#8221;, subray\u00f3.<\/p>\n\n\n\n<p>&#8220;Creemos que hay una negligencia de parte de los entes estatales que son los encargados del control y de aplicar las multas. Exigimos que haya un control de lo que estamos pagando con nuestros impuestos y que evidentemente no est\u00e1 funcionando. Hay toda una complicidad que hace que nos est\u00e9n robando dinero a cambio de que estemos padeciendo un sistema que no funciona&#8221;, resalt\u00f3.<\/p>\n\n\n\n<figure class=\"wp-block-image size-full\"><img decoding=\"async\" loading=\"lazy\" width=\"800\" height=\"500\" src=\"https:\/\/enlatitud25.com\/news\/wp-content\/uploads\/2023\/04\/pag2-Corruptos-fiscalia.jpg\" alt=\"\" class=\"wp-image-14602\" srcset=\"https:\/\/enlatitud25.com\/news\/wp-content\/uploads\/2023\/04\/pag2-Corruptos-fiscalia.jpg 800w, https:\/\/enlatitud25.com\/news\/wp-content\/uploads\/2023\/04\/pag2-Corruptos-fiscalia-300x188.jpg 300w, https:\/\/enlatitud25.com\/news\/wp-content\/uploads\/2023\/04\/pag2-Corruptos-fiscalia-768x480.jpg 768w, https:\/\/enlatitud25.com\/news\/wp-content\/uploads\/2023\/04\/pag2-Corruptos-fiscalia-380x238.jpg 380w\" sizes=\"(max-width: 800px) 100vw, 800px\" \/><\/figure>\n\n\n\n<h4 id=\"denuncias-desde-el-propio-viceministerio\" class=\"wp-block-heading\">Denuncias desde el propio Viceministerio<\/h4>\n\n\n\n<p>Una vez que \u00d3scar Stark asumi\u00f3 la titularidad del Viceministerio de Transporte dio a conocer una serie de irregularidades en la entidad estatal. Stark reconoci\u00f3, a trav\u00e9s de varios medios, que muchas empresas no cumpl\u00edan con la frecuencia establecida, es decir, que sus buses salgan de la parada cada 15 minutos. <\/p>\n\n\n\n<p>A partir de esta crisis y los cambios en el Viceministerio, por primera vez en un solo d\u00eda circularon un total 1500 buses. No obstante, el viceministro resalt\u00f3 que a\u00fan as\u00ed, esta cantidad no es suficiente para satisfacer la demanda de usuarios. <\/p>\n\n\n\n<p>Coment\u00f3 adem\u00e1s que ya tienen empresas identificadas, que ser\u00e1n sancionadas. Sin embargo, manifest\u00f3 que varias de las que realizaron validaciones excesivas en un solo d\u00eda, no cobran subsidio.  <\/p>\n\n\n\n<p>En comunicaci\u00f3n con RadioCast25, el viceministro de Transporte, resalt\u00f3 que existe un comportamiento extra\u00f1o. Agreg\u00f3 que esto requiere de mayor investigaci\u00f3n para saber por qu\u00e9 se da ese comportamiento.<\/p>\n\n\n\n<p>&#8220;De las validaciones que nosotros encontramos \u2013ahora ped\u00ed de vuelta que corran todo el sistema y me saquen nuevos cambios, porque estos datos fueron prove\u00eddos por un funcionario que fue despedido\u2013 hay 486.000 validaciones sospechosas (en 2022), de las cuales unas 400.000 m\u00e1s o menos son de empresas que no cobran subsidio y 310.000 son de una sola empresa&#8221;, detall\u00f3.<\/p>\n\n\n\n<h4 id=\"legitima-a-opama\" class=\"wp-block-heading\">Legitima a Opama<\/h4>\n\n\n\n<p>Tambi\u00e9n Stark se reuni\u00f3 con los representantes de Opama. Afirm\u00f3 que facilitar\u00e1n a la organizaci\u00f3n ciudadana toda la informaci\u00f3n requerida y calific\u00f3 como valiosa este tipo de iniciativas.<\/p>\n\n\n\n<p>&#8220;Le damos toda la legitimidad a lo que hicieron los de Opama, porque a partir de ah\u00ed nosotros hicimos otro informe. Los representantes de Opama solicitaron una reuni\u00f3n porque ten\u00edan una consulta. Tienen inform\u00e1ticos de alto nivel, cuentan con 30 personas que lo est\u00e1n haciendo&#8221;, dijo al respecto.<\/p>\n\n\n\n<figure class=\"wp-block-embed is-type-rich is-provider-twitter wp-block-embed-twitter\"><div class=\"wp-block-embed__wrapper\">\n<blockquote class=\"twitter-tweet\" data-width=\"550\" data-dnt=\"true\"><p lang=\"es\" dir=\"ltr\">\ud83d\ude8dTRANSPORTE P\u00daBLICO |<br><br>\ud83d\udde3\ufe0f El viceministro del Transporte, Oscar Stark, comparti\u00f3 detalles de la reuni\u00f3n que mantuvo con miembros de la Organizaci\u00f3n de Pasajeros del \u00c1rea Metropolitana (OPAMA)<br><br>\ud83d\udcf2 \u00abConsideramos muy valioso su aporte para mejorar el transporte p\u00fablico y vamos a\u2026 <a href=\"https:\/\/t.co\/UgqiDpYAmh\">pic.twitter.com\/UgqiDpYAmh<\/a><\/p>&mdash; LATITUD 25 (@EnLatitud25) <a href=\"https:\/\/twitter.com\/EnLatitud25\/status\/1646563094238199809?ref_src=twsrc%5Etfw\">April 13, 2023<\/a><\/blockquote><script async src=\"https:\/\/platform.twitter.com\/widgets.js\" charset=\"utf-8\"><\/script>\n<\/div><\/figure>\n\n\n\n<h4 id=\"faltan-documentos-clave\" class=\"wp-block-heading\">Faltan documentos clave<\/h4>\n\n\n\n<p><strong>Pablo Seitz<\/strong>, titular de la&nbsp;<strong>Direcci\u00f3n Nacional de Contrataciones P\u00fablicas<\/strong>, reconoci\u00f3 que \u2013tras verificar documentos del billetaje electr\u00f3nico\u2013 existen deficiencias documentales en la licitaci\u00f3n del billetaje electr\u00f3nico. <\/p>\n\n\n\n<p>Agreg\u00f3 que no existe certeza de lo que recibi\u00f3 el Viceministerio de Transporte en el marco de ese contrato, ya que no cuentan con todos los documentos.<\/p>\n\n\n\n<p>Este an\u00e1lisis se bas\u00f3 en la licitaci\u00f3n &#8220;Para la adquisici\u00f3n de una soluci\u00f3n c&amp;m para Sistema Nacional de Billetaje Electr\u00f3nico de la Rep\u00fablica del Paraguay, ad referendum a la reprogramaci\u00f3n presupuestaria&#8221;. El MOPC pag\u00f3 m\u00e1s de G. 10.000 millones en el marco de la mencionada licitaci\u00f3n. <\/p>\n\n\n\n<p>Por otra parte, la C\u00e1mara de Diputados convoc\u00f3 para sesi\u00f3n extraordinaria, el lunes 24 de abril, para interpelar al Viceministro de Transporte. La idea ya fue planteada cuando V\u00edctor S\u00e1nchez todav\u00eda estaba al frente de la instituci\u00f3n. No obstante, tras el cambio realizado por Ejecutivo, decidieron de igual manera convocar a \u00d3scar Stark para que rinda cuentas de lo que est\u00e1 pasando en la estatal, pese a estar en el cargo hace menos de una semana.<\/p>\n\n\n\n<p>En ese contexto, Stark dijo a RadioCast25 que considera a la interpelaci\u00f3n como una buena oportunidad para comunicarse con la ciudadan\u00eda. Acot\u00f3 que podr\u00e1n contar cu\u00e1les son los problemas estructurales, que tienen que ver con la debilidad institucional del Ministerio y qu\u00e9 se puede hacer para mejorar.<\/p>\n\n\n\n<figure class=\"wp-block-image size-full\"><img decoding=\"async\" loading=\"lazy\" width=\"800\" height=\"500\" src=\"https:\/\/enlatitud25.com\/news\/wp-content\/uploads\/2023\/04\/pag1-Corruptos-fiscalia-1.jpg\" alt=\"\" class=\"wp-image-14606\" srcset=\"https:\/\/enlatitud25.com\/news\/wp-content\/uploads\/2023\/04\/pag1-Corruptos-fiscalia-1.jpg 800w, https:\/\/enlatitud25.com\/news\/wp-content\/uploads\/2023\/04\/pag1-Corruptos-fiscalia-1-300x188.jpg 300w, https:\/\/enlatitud25.com\/news\/wp-content\/uploads\/2023\/04\/pag1-Corruptos-fiscalia-1-768x480.jpg 768w, https:\/\/enlatitud25.com\/news\/wp-content\/uploads\/2023\/04\/pag1-Corruptos-fiscalia-1-380x238.jpg 380w\" sizes=\"(max-width: 800px) 100vw, 800px\" \/><\/figure>\n\n\n\n<h4 id=\"habrian-infiltrados-adentro\" class=\"wp-block-heading\">Habr\u00edan infiltrados adentro<\/h4>\n\n\n\n<p>\u00d3scar Stark cont\u00f3 que tambi\u00e9n est\u00e1n solicitando a la asesor\u00eda del Ministerio de Obras P\u00fablicas que les apoyen para presentar una denuncia penal con estos datos que est\u00e1n encontrando. <\/p>\n\n\n\n<p>Esto tiene que ver con el comportamiento &#8220;medio sospechoso de funcionarios que est\u00e1n ac\u00e1 dentro del Ministerio&#8221;, enfatiz\u00f3.<\/p>\n\n\n\n<p>Asimismo, resalt\u00f3 que s\u00ed hay medidas que se pueden tomar para solucionar problemas del transporte p\u00fablico, a mediano y largo plazo, para lo cual se va a necesitar de la ayuda de todos. <\/p>\n\n\n\n<p>&#8220;Del Parlamento, de los usuarios que sigan colaborando con denuncias y reclamos, pero a corto plazo tambi\u00e9n hay medidas que se pueden tomar. Nosotros ya tomamos la medida de apartar y realizar sumario a la persona que estaba a cargo del centro de control y monitoreo&#8221;, puntualiz\u00f3.<\/p>\n\n\n\n<p>Remarc\u00f3 que el Centro de Monitoreo es una herramienta s\u00faper poderosa que no se est\u00e1 usando para controlar a las empresas. <\/p>\n\n\n\n<p>&#8220;Como prioridad, hay que empezar a revisar resoluciones que hay que cambiar para controlar la frecuencia en que tienen que salir y dos, completar lo m\u00e1s r\u00e1pido posible los m\u00f3dulos que faltan, de algunas licitaciones cuestionadas, que hay que revisar. Creo que hay que parar todo, retroceder y hacer de nuevo como correspondan para completar las herramientas de monitoreo, pero con lo que tenemos podemos hacer mucho&#8221;, concluy\u00f3.<\/p>\n","protected":false},"excerpt":{"rendered":"La situaci\u00f3n de los usuarios del transporte p\u00fablico fue empeorando en los \u00faltimos a\u00f1os, pero las denuncias aisladas o la exposici\u00f3n ocasional en la prensa, no surtieron efecto. Tras la viralizaci\u00f3n de lo que generaron las reguladas y las protestas, el surgimiento del movimiento Opama, revel\u00f3 como opera la rosca de la corrupci\u00f3n en el sistema del transporte p\u00fablico. Hicimos un resumen de lo que se logr\u00f3 y qu\u00e9 avances pueden haber.\n","protected":false},"author":1,"featured_media":14600,"comment_status":"closed","ping_status":"closed","sticky":false,"template":"","format":"standard","meta":[],"categories":[12],"tags":[323,1446,1447,1078],"ubicacion":[18],"yoast_head":"<!-- This site is optimized with the Yoast SEO plugin v20.8 - https:\/\/yoast.com\/wordpress\/plugins\/seo\/ -->\n<title>Luego de las protestas y revelaciones del sector transporte: \u00bfhubo avances? &ndash; Latitud25<\/title>\n<meta name=\"description\" content=\"En esta nota abordamos lo que ya causaron las movilizaciones y organizaciones ciudadanas en contra del deficiente servicio de transporte.\" \/>\n<meta name=\"robots\" content=\"index, follow, max-snippet:-1, max-image-preview:large, max-video-preview:-1\" \/>\n<link rel=\"canonical\" href=\"https:\/\/enlatitud25.com\/news\/luego-de-las-protestas-y-revelaciones-del-sector-transporte-hubo-avances\/\" \/>\n<meta property=\"og:locale\" content=\"es_ES\" \/>\n<meta property=\"og:type\" content=\"article\" \/>\n<meta property=\"og:title\" content=\"Luego de las protestas y revelaciones del sector transporte: \u00bfhubo avances? &ndash; Latitud25\" \/>\n<meta property=\"og:description\" content=\"En esta nota abordamos lo que ya causaron las movilizaciones y organizaciones ciudadanas en contra del deficiente servicio de transporte.\" \/>\n<meta property=\"og:url\" content=\"https:\/\/enlatitud25.com\/news\/luego-de-las-protestas-y-revelaciones-del-sector-transporte-hubo-avances\/\" \/>\n<meta property=\"og:site_name\" content=\"Latitud25\" \/>\n<meta property=\"article:publisher\" content=\"https:\/\/www.facebook.com\/EnLatitud25\" \/>\n<meta property=\"article:author\" content=\"https:\/\/www.facebook.com\/EnLatitud25\" \/>\n<meta property=\"article:published_time\" content=\"2023-04-18T21:33:07+00:00\" \/>\n<meta property=\"article:modified_time\" content=\"2023-04-18T21:33:10+00:00\" \/>\n<meta property=\"og:image\" content=\"https:\/\/enlatitud25.com\/news\/wp-content\/uploads\/2023\/04\/Pag0-Buses-billetaje-electro\u0301nico.jpg\" \/>\n\t<meta property=\"og:image:width\" content=\"800\" \/>\n\t<meta property=\"og:image:height\" content=\"500\" \/>\n\t<meta property=\"og:image:type\" content=\"image\/jpeg\" \/>\n<meta name=\"author\" content=\"Latitud 25\" \/>\n<meta name=\"twitter:card\" content=\"summary_large_image\" \/>\n<meta name=\"twitter:creator\" content=\"@EnLatitud25\" \/>\n<meta name=\"twitter:site\" content=\"@EnLatitud25\" \/>\n<meta name=\"twitter:label1\" content=\"Escrito por\" \/>\n\t<meta name=\"twitter:data1\" content=\"Latitud 25\" \/>\n\t<meta name=\"twitter:label2\" content=\"Tiempo de lectura\" \/>\n\t<meta name=\"twitter:data2\" content=\"7 minutos\" \/>\n<script type=\"application\/ld+json\" class=\"yoast-schema-graph\">{\"@context\":\"https:\/\/schema.org\",\"@graph\":[{\"@type\":\"Article\",\"@id\":\"https:\/\/enlatitud25.com\/news\/luego-de-las-protestas-y-revelaciones-del-sector-transporte-hubo-avances\/#article\",\"isPartOf\":{\"@id\":\"https:\/\/enlatitud25.com\/news\/luego-de-las-protestas-y-revelaciones-del-sector-transporte-hubo-avances\/\"},\"author\":{\"name\":\"Latitud 25\",\"@id\":\"https:\/\/enlatitud25.com\/news\/#\/schema\/person\/23aafe968917005a721b8eb760f2586e\"},\"headline\":\"Luego de las protestas y revelaciones del sector transporte: \u00bfhubo avances?\",\"datePublished\":\"2023-04-18T21:33:07+00:00\",\"dateModified\":\"2023-04-18T21:33:10+00:00\",\"mainEntityOfPage\":{\"@id\":\"https:\/\/enlatitud25.com\/news\/luego-de-las-protestas-y-revelaciones-del-sector-transporte-hubo-avances\/\"},\"wordCount\":1338,\"publisher\":{\"@id\":\"https:\/\/enlatitud25.com\/news\/#organization\"},\"keywords\":[\"denuncias\",\"movilizaci\u00f3n\",\"pasajeros fantasmas\",\"transporte p\u00fablico\"],\"articleSection\":[\"Realidad\"],\"inLanguage\":\"es\"},{\"@type\":\"WebPage\",\"@id\":\"https:\/\/enlatitud25.com\/news\/luego-de-las-protestas-y-revelaciones-del-sector-transporte-hubo-avances\/\",\"url\":\"https:\/\/enlatitud25.com\/news\/luego-de-las-protestas-y-revelaciones-del-sector-transporte-hubo-avances\/\",\"name\":\"Luego de las protestas y revelaciones del sector transporte: \u00bfhubo avances? &ndash; Latitud25\",\"isPartOf\":{\"@id\":\"https:\/\/enlatitud25.com\/news\/#website\"},\"datePublished\":\"2023-04-18T21:33:07+00:00\",\"dateModified\":\"2023-04-18T21:33:10+00:00\",\"description\":\"En esta nota abordamos lo que ya causaron las movilizaciones y organizaciones ciudadanas en contra del deficiente servicio de transporte.\",\"breadcrumb\":{\"@id\":\"https:\/\/enlatitud25.com\/news\/luego-de-las-protestas-y-revelaciones-del-sector-transporte-hubo-avances\/#breadcrumb\"},\"inLanguage\":\"es\",\"potentialAction\":[{\"@type\":\"ReadAction\",\"target\":[\"https:\/\/enlatitud25.com\/news\/luego-de-las-protestas-y-revelaciones-del-sector-transporte-hubo-avances\/\"]}]},{\"@type\":\"BreadcrumbList\",\"@id\":\"https:\/\/enlatitud25.com\/news\/luego-de-las-protestas-y-revelaciones-del-sector-transporte-hubo-avances\/#breadcrumb\",\"itemListElement\":[{\"@type\":\"ListItem\",\"position\":1,\"name\":\"Home\",\"item\":\"https:\/\/enlatitud25.com\/news\/\"},{\"@type\":\"ListItem\",\"position\":2,\"name\":\"Luego de las protestas y revelaciones del sector transporte: \u00bfhubo avances?\"}]},{\"@type\":\"WebSite\",\"@id\":\"https:\/\/enlatitud25.com\/news\/#website\",\"url\":\"https:\/\/enlatitud25.com\/news\/\",\"name\":\"Latitud25\",\"description\":\"news\",\"publisher\":{\"@id\":\"https:\/\/enlatitud25.com\/news\/#organization\"},\"potentialAction\":[{\"@type\":\"SearchAction\",\"target\":{\"@type\":\"EntryPoint\",\"urlTemplate\":\"https:\/\/enlatitud25.com\/news\/?s={search_term_string}\"},\"query-input\":\"required name=search_term_string\"}],\"inLanguage\":\"es\"},{\"@type\":\"Organization\",\"@id\":\"https:\/\/enlatitud25.com\/news\/#organization\",\"name\":\"Latitud 25 - News\",\"url\":\"https:\/\/enlatitud25.com\/news\/\",\"logo\":{\"@type\":\"ImageObject\",\"inLanguage\":\"es\",\"@id\":\"https:\/\/enlatitud25.com\/news\/#\/schema\/logo\/image\/\",\"url\":\"https:\/\/enlatitud25.com\/news\/wp-content\/uploads\/2020\/11\/logo_latitud.png\",\"contentUrl\":\"https:\/\/enlatitud25.com\/news\/wp-content\/uploads\/2020\/11\/logo_latitud.png\",\"width\":235,\"height\":39,\"caption\":\"Latitud 25 - News\"},\"image\":{\"@id\":\"https:\/\/enlatitud25.com\/news\/#\/schema\/logo\/image\/\"},\"sameAs\":[\"https:\/\/www.facebook.com\/EnLatitud25\",\"https:\/\/twitter.com\/EnLatitud25\",\"https:\/\/www.instagram.com\/enlatitud25\/\",\"https:\/\/www.youtube.com\/user\/desdelatitud25\"]},{\"@type\":\"Person\",\"@id\":\"https:\/\/enlatitud25.com\/news\/#\/schema\/person\/23aafe968917005a721b8eb760f2586e\",\"name\":\"Latitud 25\",\"sameAs\":[\"https:\/\/enlatitud25.com\/news\",\"https:\/\/www.facebook.com\/EnLatitud25\",\"https:\/\/www.instagram.com\/enlatitud25\",\"https:\/\/www.youtube.com\/user\/desdelatitud25\",\"https:\/\/soundcloud.com\/enlatitud25\"],\"url\":\"https:\/\/enlatitud25.com\/news\/author\/nnews-uss00\/\"}]}<\/script>\n<!-- \/ Yoast SEO plugin. -->","yoast_head_json":{"title":"Luego de las protestas y revelaciones del sector transporte: \u00bfhubo avances? &ndash; Latitud25","description":"En esta nota abordamos lo que ya causaron las movilizaciones y organizaciones ciudadanas en contra del deficiente servicio de transporte.","robots":{"index":"index","follow":"follow","max-snippet":"max-snippet:-1","max-image-preview":"max-image-preview:large","max-video-preview":"max-video-preview:-1"},"canonical":"https:\/\/enlatitud25.com\/news\/luego-de-las-protestas-y-revelaciones-del-sector-transporte-hubo-avances\/","og_locale":"es_ES","og_type":"article","og_title":"Luego de las protestas y revelaciones del sector transporte: \u00bfhubo avances? &ndash; Latitud25","og_description":"En esta nota abordamos lo que ya causaron las movilizaciones y organizaciones ciudadanas en contra del deficiente servicio de transporte.","og_url":"https:\/\/enlatitud25.com\/news\/luego-de-las-protestas-y-revelaciones-del-sector-transporte-hubo-avances\/","og_site_name":"Latitud25","article_publisher":"https:\/\/www.facebook.com\/EnLatitud25","article_author":"https:\/\/www.facebook.com\/EnLatitud25","article_published_time":"2023-04-18T21:33:07+00:00","article_modified_time":"2023-04-18T21:33:10+00:00","og_image":[{"width":800,"height":500,"url":"https:\/\/enlatitud25.com\/news\/wp-content\/uploads\/2023\/04\/Pag0-Buses-billetaje-electro\u0301nico.jpg","type":"image\/jpeg"}],"author":"Latitud 25","twitter_card":"summary_large_image","twitter_creator":"@EnLatitud25","twitter_site":"@EnLatitud25","twitter_misc":{"Escrito por":"Latitud 25","Tiempo de lectura":"7 minutos"},"schema":{"@context":"https:\/\/schema.org","@graph":[{"@type":"Article","@id":"https:\/\/enlatitud25.com\/news\/luego-de-las-protestas-y-revelaciones-del-sector-transporte-hubo-avances\/#article","isPartOf":{"@id":"https:\/\/enlatitud25.com\/news\/luego-de-las-protestas-y-revelaciones-del-sector-transporte-hubo-avances\/"},"author":{"name":"Latitud 25","@id":"https:\/\/enlatitud25.com\/news\/#\/schema\/person\/23aafe968917005a721b8eb760f2586e"},"headline":"Luego de las protestas y revelaciones del sector transporte: \u00bfhubo avances?","datePublished":"2023-04-18T21:33:07+00:00","dateModified":"2023-04-18T21:33:10+00:00","mainEntityOfPage":{"@id":"https:\/\/enlatitud25.com\/news\/luego-de-las-protestas-y-revelaciones-del-sector-transporte-hubo-avances\/"},"wordCount":1338,"publisher":{"@id":"https:\/\/enlatitud25.com\/news\/#organization"},"keywords":["denuncias","movilizaci\u00f3n","pasajeros fantasmas","transporte p\u00fablico"],"articleSection":["Realidad"],"inLanguage":"es"},{"@type":"WebPage","@id":"https:\/\/enlatitud25.com\/news\/luego-de-las-protestas-y-revelaciones-del-sector-transporte-hubo-avances\/","url":"https:\/\/enlatitud25.com\/news\/luego-de-las-protestas-y-revelaciones-del-sector-transporte-hubo-avances\/","name":"Luego de las protestas y revelaciones del sector transporte: \u00bfhubo avances? &ndash; Latitud25","isPartOf":{"@id":"https:\/\/enlatitud25.com\/news\/#website"},"datePublished":"2023-04-18T21:33:07+00:00","dateModified":"2023-04-18T21:33:10+00:00","description":"En esta nota abordamos lo que ya causaron las movilizaciones y organizaciones ciudadanas en contra del deficiente servicio de transporte.","breadcrumb":{"@id":"https:\/\/enlatitud25.com\/news\/luego-de-las-protestas-y-revelaciones-del-sector-transporte-hubo-avances\/#breadcrumb"},"inLanguage":"es","potentialAction":[{"@type":"ReadAction","target":["https:\/\/enlatitud25.com\/news\/luego-de-las-protestas-y-revelaciones-del-sector-transporte-hubo-avances\/"]}]},{"@type":"BreadcrumbList","@id":"https:\/\/enlatitud25.com\/news\/luego-de-las-protestas-y-revelaciones-del-sector-transporte-hubo-avances\/#breadcrumb","itemListElement":[{"@type":"ListItem","position":1,"name":"Home","item":"https:\/\/enlatitud25.com\/news\/"},{"@type":"ListItem","position":2,"name":"Luego de las protestas y revelaciones del sector transporte: \u00bfhubo avances?"}]},{"@type":"WebSite","@id":"https:\/\/enlatitud25.com\/news\/#website","url":"https:\/\/enlatitud25.com\/news\/","name":"Latitud25","description":"news","publisher":{"@id":"https:\/\/enlatitud25.com\/news\/#organization"},"potentialAction":[{"@type":"SearchAction","target":{"@type":"EntryPoint","urlTemplate":"https:\/\/enlatitud25.com\/news\/?s={search_term_string}"},"query-input":"required name=search_term_string"}],"inLanguage":"es"},{"@type":"Organization","@id":"https:\/\/enlatitud25.com\/news\/#organization","name":"Latitud 25 - News","url":"https:\/\/enlatitud25.com\/news\/","logo":{"@type":"ImageObject","inLanguage":"es","@id":"https:\/\/enlatitud25.com\/news\/#\/schema\/logo\/image\/","url":"https:\/\/enlatitud25.com\/news\/wp-content\/uploads\/2020\/11\/logo_latitud.png","contentUrl":"https:\/\/enlatitud25.com\/news\/wp-content\/uploads\/2020\/11\/logo_latitud.png","width":235,"height":39,"caption":"Latitud 25 - News"},"image":{"@id":"https:\/\/enlatitud25.com\/news\/#\/schema\/logo\/image\/"},"sameAs":["https:\/\/www.facebook.com\/EnLatitud25","https:\/\/twitter.com\/EnLatitud25","https:\/\/www.instagram.com\/enlatitud25\/","https:\/\/www.youtube.com\/user\/desdelatitud25"]},{"@type":"Person","@id":"https:\/\/enlatitud25.com\/news\/#\/schema\/person\/23aafe968917005a721b8eb760f2586e","name":"Latitud 25","sameAs":["https:\/\/enlatitud25.com\/news","https:\/\/www.facebook.com\/EnLatitud25","https:\/\/www.instagram.com\/enlatitud25","https:\/\/www.youtube.com\/user\/desdelatitud25","https:\/\/soundcloud.com\/enlatitud25"],"url":"https:\/\/enlatitud25.com\/news\/author\/nnews-uss00\/"}]}},"_links":{"self":[{"href":"https:\/\/enlatitud25.com\/news\/wp-json\/wp\/v2\/posts\/14594"}],"collection":[{"href":"https:\/\/enlatitud25.com\/news\/wp-json\/wp\/v2\/posts"}],"about":[{"href":"https:\/\/enlatitud25.com\/news\/wp-json\/wp\/v2\/types\/post"}],"author":[{"embeddable":true,"href":"https:\/\/enlatitud25.com\/news\/wp-json\/wp\/v2\/users\/1"}],"replies":[{"embeddable":true,"href":"https:\/\/enlatitud25.com\/news\/wp-json\/wp\/v2\/comments?post=14594"}],"version-history":[{"count":14,"href":"https:\/\/enlatitud25.com\/news\/wp-json\/wp\/v2\/posts\/14594\/revisions"}],"predecessor-version":[{"id":14620,"href":"https:\/\/enlatitud25.com\/news\/wp-json\/wp\/v2\/posts\/14594\/revisions\/14620"}],"wp:featuredmedia":[{"embeddable":true,"href":"https:\/\/enlatitud25.com\/news\/wp-json\/wp\/v2\/media\/14600"}],"wp:attachment":[{"href":"https:\/\/enlatitud25.com\/news\/wp-json\/wp\/v2\/media?parent=14594"}],"wp:term":[{"taxonomy":"category","embeddable":true,"href":"https:\/\/enlatitud25.com\/news\/wp-json\/wp\/v2\/categories?post=14594"},{"taxonomy":"post_tag","embeddable":true,"href":"https:\/\/enlatitud25.com\/news\/wp-json\/wp\/v2\/tags?post=14594"},{"taxonomy":"ubicacion","embeddable":true,"href":"https:\/\/enlatitud25.com\/news\/wp-json\/wp\/v2\/ubicacion?post=14594"}],"curies":[{"name":"wp","href":"https:\/\/api.w.org\/{rel}","templated":true}]}}