{"id":13977,"date":"2023-03-08T22:49:38","date_gmt":"2023-03-08T22:49:38","guid":{"rendered":"https:\/\/enlatitud25.com\/news\/?p=13977"},"modified":"2023-03-08T23:37:29","modified_gmt":"2023-03-08T23:37:29","slug":"recorrido-historico-por-la-lucha-de-las-mujeres-por-sus-derechos","status":"publish","type":"post","link":"https:\/\/enlatitud25.com\/news\/recorrido-historico-por-la-lucha-de-las-mujeres-por-sus-derechos\/","title":{"rendered":"Recorrido hist\u00f3rico por la lucha de las mujeres por sus derechos"},"content":{"rendered":"\n<p>La mirada hist\u00f3rica sobre la mujer, ha tenido durante mucho tiempo, un enfoque de reivindicaci\u00f3n gloriosa y a la vez superflua. <\/p>\n\n\n\n<p>Se la ha mencionado recurrentemente como reconstructora de la patria, como madre, se ha ensalzado la figura de Las Residentas de la Guerra de la Triple Alianza, se ha creado un &#8220;D\u00eda de la Mujer Paraguaya&#8221; recordando a las mujeres que donaron sus joyas en la guerra, etc.; pero poco se ha hablado de las desigualdades, de sus derechos y su lucha por conquistarlos.<\/p>\n\n\n\n<p>Ese enfoque ha ido cambiando con los a\u00f1os, ganando mayor peso la atenci\u00f3n a los cambios jur\u00eddicos, sociales y culturales, que han modificado la situaci\u00f3n de la mujer y ampliado sus derechos, y en quienes han tenido protagonismo en esos cambios.<\/p>\n\n\n\n<p>La historiadora Milda Rivarola y la abogada feminista Valeria Franco, nos ayudan a mirar el pasado desde este enfoque.<\/p>\n\n\n\n<h4 id=\"la-mujer-como-ciudadana-de-segunda\" class=\"wp-block-heading\">La mujer como ciudadana de segunda<\/h4>\n\n\n\n<p>Durante mucho tiempo, la mujer ha sido tratada en la pr\u00e1ctica como una ciudadana de segunda categor\u00eda.<\/p>\n\n\n\n<p>Un cl\u00e1sico ejemplo es el derecho a votar, que la historiadora Milda Rivarola nos recuerda, tuvo su primer intento de aprobaci\u00f3n en 1919, sin \u00e9xito. Luego otro intento en 1929, tambi\u00e9n sin \u00e9xito, para ser reconocido como derecho reci\u00e9n en 1961. Siendo as\u00ed nuestro pa\u00eds, el \u00faltimo de Sudam\u00e9rica en reconocer el voto femenino.<\/p>\n\n\n\n<p>Valeria Franco, abogada y feminista, se\u00f1ala que si bien el sufragio femenino fue reconocido en Paraguay en 1961, lejos a\u00fan se estuvo de la igualdad civil entre hombres y mujeres, ya que las paraguayas a\u00fan eran privadas de libertades b\u00e1sicas y de un ejercicio ciudadano pleno. Esto debido a la dependencia jur\u00eddica de las mujeres, que no pod\u00edan hacer mucho sin permiso de sus maridos.<\/p>\n\n\n\n<p>&#8220;Desde 1992, la Constituci\u00f3n declara la igualdad entre el hombre y la mujer, antes de eso la mujer no ten\u00eda pleno uso de sus derechos, no era una persona plenamente capaz en la pr\u00e1ctica, ya que la mujer casada ten\u00eda que pedir permiso para alquilar o comprar bienes, aceptar donaciones y trabajar fuera de la casa&#8221;, menciona Franco.<\/p>\n\n\n\n<p>Para ilustrar el punto, la abogada recurre a un ejemplo de car\u00e1cter personal, mencionando que su propia madre fue igual a su padre ante la ley, reci\u00e9n a la edad de 35 a\u00f1os, cuando se promulga la actual constituci\u00f3n y se modifica el C\u00f3digo Civil para establecer la igualdad ante la ley.<\/p>\n\n\n\n<h4 id=\"las-formas-de-participacion-femenina\" class=\"wp-block-heading\">Las formas de participaci\u00f3n femenina<\/h4>\n\n\n\n<p>La organizaci\u00f3n de las mujeres y su participaci\u00f3n en los asuntos p\u00fablicos, ya es anterior incluso al propio t\u00e9rmino feminismo (acu\u00f1ado en la segunda mitad del siglo XIX).<\/p>\n\n\n\n<p>Valeria Franco menciona, que ya en los primeros d\u00edas de la independencia, un grupo de mujeres ofreci\u00f3 donar sus joyas para la causa, gesto que se repiti\u00f3 6 d\u00e9cadas despu\u00e9s durante la Guerra de la Triple Alianza.<\/p>\n\n\n\n<p>Poco despu\u00e9s de terminada la guerra contra Brasil, Uruguay y Argentina, en 1874, vendedoras del Mercado de Asunci\u00f3n organizaron una manifestaci\u00f3n para protestar contra cambios en los impuestos municipales. Un par de d\u00e9cadas despu\u00e9s, otras mujeres, de Concepci\u00f3n, escribieron una carta criticando al pol\u00edtico Jos\u00e9 Segundo Decoud, actitud que fue tomada con burla y como algo inadecuado proviniendo de mujeres, seg\u00fan relata Milda Rivarola.<\/p>\n\n\n\n<p>Las guerras civiles del Paraguay, fueron oportunidades en las que las mujeres incursionaron en la vida p\u00fablica del pa\u00eds, no como autoridades pol\u00edticas, pero s\u00ed como mediadoras que buscaban la paz. En m\u00e1s de uno de estos conflictos, las mujeres formaron comisiones de paz para exigir un cese del derramamiento de sangre.<\/p>\n\n\n\n<p>En el campo de la educaci\u00f3n, las paraguayas encontraron un terreno f\u00e9rtil para la mejora de sus condiciones de vida y el fortalecimiento de ideas feministas.<\/p>\n\n\n\n<p>&#8220;Luego de la Guerra de la Triple Alianza, fueron apareciendo instituciones educativas para mujeres, maestras destacadas y j\u00f3venes estudiantes, que sirvieron como semilla para las primeras luchas de mujeres, con un enfoque de g\u00e9nero, aspirando a la igualdad&#8221;, dice Valeria Franco.<\/p>\n\n\n\n<p>Entre ellas destac\u00f3 Serafina D\u00e1valos, la primera mujer universitaria y primera abogada del Paraguay, quien rompi\u00f3 barreras al inscribirse en la Facultad de Derecho de la UNA, a pesar de que en su tiempo se daba por hecho que la abogac\u00eda, y la universidad en general, eran cosa reservada para hombres.<\/p>\n\n\n\n<p>A pesar de que Serafina se gan\u00f3 un lugar en las p\u00e1ginas de nuestra historia, durante muchas d\u00e9cadas estuvo en gran medida invisibilizada -comenta Valeria- hasta que muchos a\u00f1os despu\u00e9s su tesis &#8220;El Humanismo&#8221; (una refutaci\u00f3n a los argumentos machistas de su \u00e9poca), fue rescatada del olvido y su figura reivindicada.<\/p>\n\n\n\n<p>Otra figura que fue invisibilizada, fue la de Ramona Ferreira. Esta mujer, seg\u00fan la historiadora Milda Rivarola, fue m\u00e1s relegada que Serafina D\u00e1valos en el recuerdo hist\u00f3rico, ya que incluso la militancia feminista ha recurrido menos a su figura, por haber sido m\u00e1s radical que Serafina. <\/p>\n\n\n\n<p>Especialmente en asuntos religiosos, pues Ramona Ferreira, una de las primeras periodistas y escritoras del Paraguay, fund\u00f3 &#8220;La Voz del Siglo&#8221; (primer peri\u00f3dico fundado y dirigido por una mujer en el pa\u00eds) que publicaba duras cr\u00edticas a la Iglesia y a la religi\u00f3n, algo tab\u00fa en sus d\u00edas.<\/p>\n\n\n\n<p>La imprenta de Ferreira en Concepci\u00f3n, fue atacada, y finalmente termin\u00f3 emigrando a la Argentina.<\/p>\n\n\n\n<p>Consultada sobre qu\u00e9 espera adelante de este largo camino de las reivindicaciones de la mujer, Valeria Franco responde que algunos puntos claves por resolver son:<\/p>\n\n\n\n<ul><li>Educaci\u00f3n con un enfoque de g\u00e9nero.<\/li><li>Pol\u00edticas p\u00fablicas de cuidado (por ej.: guarder\u00edas).<\/li><li>La erradicaci\u00f3n de toda forma de violencia hacia la mujer, que hoy est\u00e1 entre los principales delitos denunciados.<\/li><\/ul>\n\n\n\n<p>La lucha de las mujeres por la igualdad, un largo camino que ha cambiado el mundo para bien, y que conf\u00edamos lo seguir\u00e1 cambiando aun m\u00e1s.<\/p>\n","protected":false},"excerpt":{"rendered":"Los movimientos feministas y sus reivindicaciones, tienen cada d\u00eda m\u00e1s presencia en la agenda medi\u00e1tica y en los debates cotidianos. Sin embargo, su lucha no es nueva, la precede un largo camino de resistencias y conquistas. Aqu\u00ed echamos una mirada a ese camino.\n","protected":false},"author":1,"featured_media":13978,"comment_status":"closed","ping_status":"closed","sticky":false,"template":"","format":"standard","meta":[],"categories":[14,13],"tags":[1427,1179,506,45],"ubicacion":[17],"yoast_head":"<!-- This site is optimized with the Yoast SEO plugin v20.8 - https:\/\/yoast.com\/wordpress\/plugins\/seo\/ -->\n<title>Recorrido hist\u00f3rico por la lucha de las mujeres por sus derechos &ndash; Latitud25<\/title>\n<meta name=\"description\" content=\"Mir\u00e1 nuestros reportajes audiovisuales y seguinos para enterarte de las \u00faltimas noticias de Paraguay y el mundo, desde la Latitud25. Somos Alternativa de Informaci\u00f3n.\" \/>\n<meta name=\"robots\" content=\"index, follow, max-snippet:-1, max-image-preview:large, max-video-preview:-1\" \/>\n<link rel=\"canonical\" href=\"https:\/\/enlatitud25.com\/news\/recorrido-historico-por-la-lucha-de-las-mujeres-por-sus-derechos\/\" \/>\n<meta property=\"og:locale\" content=\"es_ES\" \/>\n<meta property=\"og:type\" content=\"article\" \/>\n<meta property=\"og:title\" content=\"Recorrido hist\u00f3rico por la lucha de las mujeres por sus derechos &ndash; Latitud25\" \/>\n<meta property=\"og:description\" content=\"Mir\u00e1 nuestros reportajes audiovisuales y seguinos para enterarte de las \u00faltimas noticias de Paraguay y el mundo, desde la Latitud25. Somos Alternativa de Informaci\u00f3n.\" \/>\n<meta property=\"og:url\" content=\"https:\/\/enlatitud25.com\/news\/recorrido-historico-por-la-lucha-de-las-mujeres-por-sus-derechos\/\" \/>\n<meta property=\"og:site_name\" content=\"Latitud25\" \/>\n<meta property=\"article:publisher\" content=\"https:\/\/www.facebook.com\/EnLatitud25\" \/>\n<meta property=\"article:author\" content=\"https:\/\/www.facebook.com\/EnLatitud25\" \/>\n<meta property=\"article:published_time\" content=\"2023-03-08T22:49:38+00:00\" \/>\n<meta property=\"article:modified_time\" content=\"2023-03-08T23:37:29+00:00\" \/>\n<meta property=\"og:image\" content=\"https:\/\/enlatitud25.com\/news\/wp-content\/uploads\/2023\/03\/portada_Serafina-Davalos-8m.jpg\" \/>\n\t<meta property=\"og:image:width\" content=\"800\" \/>\n\t<meta property=\"og:image:height\" content=\"500\" \/>\n\t<meta property=\"og:image:type\" content=\"image\/jpeg\" \/>\n<meta name=\"author\" content=\"Latitud 25\" \/>\n<meta name=\"twitter:card\" content=\"summary_large_image\" \/>\n<meta name=\"twitter:creator\" content=\"@EnLatitud25\" \/>\n<meta name=\"twitter:site\" content=\"@EnLatitud25\" \/>\n<meta name=\"twitter:label1\" content=\"Escrito por\" \/>\n\t<meta name=\"twitter:data1\" content=\"Latitud 25\" \/>\n\t<meta name=\"twitter:label2\" content=\"Tiempo de lectura\" \/>\n\t<meta name=\"twitter:data2\" content=\"5 minutos\" \/>\n<script type=\"application\/ld+json\" class=\"yoast-schema-graph\">{\"@context\":\"https:\/\/schema.org\",\"@graph\":[{\"@type\":\"Article\",\"@id\":\"https:\/\/enlatitud25.com\/news\/recorrido-historico-por-la-lucha-de-las-mujeres-por-sus-derechos\/#article\",\"isPartOf\":{\"@id\":\"https:\/\/enlatitud25.com\/news\/recorrido-historico-por-la-lucha-de-las-mujeres-por-sus-derechos\/\"},\"author\":{\"name\":\"Latitud 25\",\"@id\":\"https:\/\/enlatitud25.com\/news\/#\/schema\/person\/23aafe968917005a721b8eb760f2586e\"},\"headline\":\"Recorrido hist\u00f3rico por la lucha de las mujeres por sus derechos\",\"datePublished\":\"2023-03-08T22:49:38+00:00\",\"dateModified\":\"2023-03-08T23:37:29+00:00\",\"mainEntityOfPage\":{\"@id\":\"https:\/\/enlatitud25.com\/news\/recorrido-historico-por-la-lucha-de-las-mujeres-por-sus-derechos\/\"},\"wordCount\":1028,\"publisher\":{\"@id\":\"https:\/\/enlatitud25.com\/news\/#organization\"},\"keywords\":[\"8M\",\"derechos\",\"Historia\",\"mujeres\"],\"articleSection\":[\"Cultura\",\"Pol\u00edtica\"],\"inLanguage\":\"es\"},{\"@type\":\"WebPage\",\"@id\":\"https:\/\/enlatitud25.com\/news\/recorrido-historico-por-la-lucha-de-las-mujeres-por-sus-derechos\/\",\"url\":\"https:\/\/enlatitud25.com\/news\/recorrido-historico-por-la-lucha-de-las-mujeres-por-sus-derechos\/\",\"name\":\"Recorrido hist\u00f3rico por la lucha de las mujeres por sus derechos &ndash; Latitud25\",\"isPartOf\":{\"@id\":\"https:\/\/enlatitud25.com\/news\/#website\"},\"datePublished\":\"2023-03-08T22:49:38+00:00\",\"dateModified\":\"2023-03-08T23:37:29+00:00\",\"description\":\"Mir\u00e1 nuestros reportajes audiovisuales y seguinos para enterarte de las \u00faltimas noticias de Paraguay y el mundo, desde la Latitud25. Somos Alternativa de Informaci\u00f3n.\",\"breadcrumb\":{\"@id\":\"https:\/\/enlatitud25.com\/news\/recorrido-historico-por-la-lucha-de-las-mujeres-por-sus-derechos\/#breadcrumb\"},\"inLanguage\":\"es\",\"potentialAction\":[{\"@type\":\"ReadAction\",\"target\":[\"https:\/\/enlatitud25.com\/news\/recorrido-historico-por-la-lucha-de-las-mujeres-por-sus-derechos\/\"]}]},{\"@type\":\"BreadcrumbList\",\"@id\":\"https:\/\/enlatitud25.com\/news\/recorrido-historico-por-la-lucha-de-las-mujeres-por-sus-derechos\/#breadcrumb\",\"itemListElement\":[{\"@type\":\"ListItem\",\"position\":1,\"name\":\"Home\",\"item\":\"https:\/\/enlatitud25.com\/news\/\"},{\"@type\":\"ListItem\",\"position\":2,\"name\":\"Recorrido hist\u00f3rico por la lucha de las mujeres por sus derechos\"}]},{\"@type\":\"WebSite\",\"@id\":\"https:\/\/enlatitud25.com\/news\/#website\",\"url\":\"https:\/\/enlatitud25.com\/news\/\",\"name\":\"Latitud25\",\"description\":\"news\",\"publisher\":{\"@id\":\"https:\/\/enlatitud25.com\/news\/#organization\"},\"potentialAction\":[{\"@type\":\"SearchAction\",\"target\":{\"@type\":\"EntryPoint\",\"urlTemplate\":\"https:\/\/enlatitud25.com\/news\/?s={search_term_string}\"},\"query-input\":\"required name=search_term_string\"}],\"inLanguage\":\"es\"},{\"@type\":\"Organization\",\"@id\":\"https:\/\/enlatitud25.com\/news\/#organization\",\"name\":\"Latitud 25 - News\",\"url\":\"https:\/\/enlatitud25.com\/news\/\",\"logo\":{\"@type\":\"ImageObject\",\"inLanguage\":\"es\",\"@id\":\"https:\/\/enlatitud25.com\/news\/#\/schema\/logo\/image\/\",\"url\":\"https:\/\/enlatitud25.com\/news\/wp-content\/uploads\/2020\/11\/logo_latitud.png\",\"contentUrl\":\"https:\/\/enlatitud25.com\/news\/wp-content\/uploads\/2020\/11\/logo_latitud.png\",\"width\":235,\"height\":39,\"caption\":\"Latitud 25 - News\"},\"image\":{\"@id\":\"https:\/\/enlatitud25.com\/news\/#\/schema\/logo\/image\/\"},\"sameAs\":[\"https:\/\/www.facebook.com\/EnLatitud25\",\"https:\/\/twitter.com\/EnLatitud25\",\"https:\/\/www.instagram.com\/enlatitud25\/\",\"https:\/\/www.youtube.com\/user\/desdelatitud25\"]},{\"@type\":\"Person\",\"@id\":\"https:\/\/enlatitud25.com\/news\/#\/schema\/person\/23aafe968917005a721b8eb760f2586e\",\"name\":\"Latitud 25\",\"sameAs\":[\"https:\/\/enlatitud25.com\/news\",\"https:\/\/www.facebook.com\/EnLatitud25\",\"https:\/\/www.instagram.com\/enlatitud25\",\"https:\/\/www.youtube.com\/user\/desdelatitud25\",\"https:\/\/soundcloud.com\/enlatitud25\"],\"url\":\"https:\/\/enlatitud25.com\/news\/author\/nnews-uss00\/\"}]}<\/script>\n<!-- \/ Yoast SEO plugin. -->","yoast_head_json":{"title":"Recorrido hist\u00f3rico por la lucha de las mujeres por sus derechos &ndash; Latitud25","description":"Mir\u00e1 nuestros reportajes audiovisuales y seguinos para enterarte de las \u00faltimas noticias de Paraguay y el mundo, desde la Latitud25. Somos Alternativa de Informaci\u00f3n.","robots":{"index":"index","follow":"follow","max-snippet":"max-snippet:-1","max-image-preview":"max-image-preview:large","max-video-preview":"max-video-preview:-1"},"canonical":"https:\/\/enlatitud25.com\/news\/recorrido-historico-por-la-lucha-de-las-mujeres-por-sus-derechos\/","og_locale":"es_ES","og_type":"article","og_title":"Recorrido hist\u00f3rico por la lucha de las mujeres por sus derechos &ndash; Latitud25","og_description":"Mir\u00e1 nuestros reportajes audiovisuales y seguinos para enterarte de las \u00faltimas noticias de Paraguay y el mundo, desde la Latitud25. Somos Alternativa de Informaci\u00f3n.","og_url":"https:\/\/enlatitud25.com\/news\/recorrido-historico-por-la-lucha-de-las-mujeres-por-sus-derechos\/","og_site_name":"Latitud25","article_publisher":"https:\/\/www.facebook.com\/EnLatitud25","article_author":"https:\/\/www.facebook.com\/EnLatitud25","article_published_time":"2023-03-08T22:49:38+00:00","article_modified_time":"2023-03-08T23:37:29+00:00","og_image":[{"width":800,"height":500,"url":"https:\/\/enlatitud25.com\/news\/wp-content\/uploads\/2023\/03\/portada_Serafina-Davalos-8m.jpg","type":"image\/jpeg"}],"author":"Latitud 25","twitter_card":"summary_large_image","twitter_creator":"@EnLatitud25","twitter_site":"@EnLatitud25","twitter_misc":{"Escrito por":"Latitud 25","Tiempo de lectura":"5 minutos"},"schema":{"@context":"https:\/\/schema.org","@graph":[{"@type":"Article","@id":"https:\/\/enlatitud25.com\/news\/recorrido-historico-por-la-lucha-de-las-mujeres-por-sus-derechos\/#article","isPartOf":{"@id":"https:\/\/enlatitud25.com\/news\/recorrido-historico-por-la-lucha-de-las-mujeres-por-sus-derechos\/"},"author":{"name":"Latitud 25","@id":"https:\/\/enlatitud25.com\/news\/#\/schema\/person\/23aafe968917005a721b8eb760f2586e"},"headline":"Recorrido hist\u00f3rico por la lucha de las mujeres por sus derechos","datePublished":"2023-03-08T22:49:38+00:00","dateModified":"2023-03-08T23:37:29+00:00","mainEntityOfPage":{"@id":"https:\/\/enlatitud25.com\/news\/recorrido-historico-por-la-lucha-de-las-mujeres-por-sus-derechos\/"},"wordCount":1028,"publisher":{"@id":"https:\/\/enlatitud25.com\/news\/#organization"},"keywords":["8M","derechos","Historia","mujeres"],"articleSection":["Cultura","Pol\u00edtica"],"inLanguage":"es"},{"@type":"WebPage","@id":"https:\/\/enlatitud25.com\/news\/recorrido-historico-por-la-lucha-de-las-mujeres-por-sus-derechos\/","url":"https:\/\/enlatitud25.com\/news\/recorrido-historico-por-la-lucha-de-las-mujeres-por-sus-derechos\/","name":"Recorrido hist\u00f3rico por la lucha de las mujeres por sus derechos &ndash; Latitud25","isPartOf":{"@id":"https:\/\/enlatitud25.com\/news\/#website"},"datePublished":"2023-03-08T22:49:38+00:00","dateModified":"2023-03-08T23:37:29+00:00","description":"Mir\u00e1 nuestros reportajes audiovisuales y seguinos para enterarte de las \u00faltimas noticias de Paraguay y el mundo, desde la Latitud25. Somos Alternativa de Informaci\u00f3n.","breadcrumb":{"@id":"https:\/\/enlatitud25.com\/news\/recorrido-historico-por-la-lucha-de-las-mujeres-por-sus-derechos\/#breadcrumb"},"inLanguage":"es","potentialAction":[{"@type":"ReadAction","target":["https:\/\/enlatitud25.com\/news\/recorrido-historico-por-la-lucha-de-las-mujeres-por-sus-derechos\/"]}]},{"@type":"BreadcrumbList","@id":"https:\/\/enlatitud25.com\/news\/recorrido-historico-por-la-lucha-de-las-mujeres-por-sus-derechos\/#breadcrumb","itemListElement":[{"@type":"ListItem","position":1,"name":"Home","item":"https:\/\/enlatitud25.com\/news\/"},{"@type":"ListItem","position":2,"name":"Recorrido hist\u00f3rico por la lucha de las mujeres por sus derechos"}]},{"@type":"WebSite","@id":"https:\/\/enlatitud25.com\/news\/#website","url":"https:\/\/enlatitud25.com\/news\/","name":"Latitud25","description":"news","publisher":{"@id":"https:\/\/enlatitud25.com\/news\/#organization"},"potentialAction":[{"@type":"SearchAction","target":{"@type":"EntryPoint","urlTemplate":"https:\/\/enlatitud25.com\/news\/?s={search_term_string}"},"query-input":"required name=search_term_string"}],"inLanguage":"es"},{"@type":"Organization","@id":"https:\/\/enlatitud25.com\/news\/#organization","name":"Latitud 25 - News","url":"https:\/\/enlatitud25.com\/news\/","logo":{"@type":"ImageObject","inLanguage":"es","@id":"https:\/\/enlatitud25.com\/news\/#\/schema\/logo\/image\/","url":"https:\/\/enlatitud25.com\/news\/wp-content\/uploads\/2020\/11\/logo_latitud.png","contentUrl":"https:\/\/enlatitud25.com\/news\/wp-content\/uploads\/2020\/11\/logo_latitud.png","width":235,"height":39,"caption":"Latitud 25 - News"},"image":{"@id":"https:\/\/enlatitud25.com\/news\/#\/schema\/logo\/image\/"},"sameAs":["https:\/\/www.facebook.com\/EnLatitud25","https:\/\/twitter.com\/EnLatitud25","https:\/\/www.instagram.com\/enlatitud25\/","https:\/\/www.youtube.com\/user\/desdelatitud25"]},{"@type":"Person","@id":"https:\/\/enlatitud25.com\/news\/#\/schema\/person\/23aafe968917005a721b8eb760f2586e","name":"Latitud 25","sameAs":["https:\/\/enlatitud25.com\/news","https:\/\/www.facebook.com\/EnLatitud25","https:\/\/www.instagram.com\/enlatitud25","https:\/\/www.youtube.com\/user\/desdelatitud25","https:\/\/soundcloud.com\/enlatitud25"],"url":"https:\/\/enlatitud25.com\/news\/author\/nnews-uss00\/"}]}},"_links":{"self":[{"href":"https:\/\/enlatitud25.com\/news\/wp-json\/wp\/v2\/posts\/13977"}],"collection":[{"href":"https:\/\/enlatitud25.com\/news\/wp-json\/wp\/v2\/posts"}],"about":[{"href":"https:\/\/enlatitud25.com\/news\/wp-json\/wp\/v2\/types\/post"}],"author":[{"embeddable":true,"href":"https:\/\/enlatitud25.com\/news\/wp-json\/wp\/v2\/users\/1"}],"replies":[{"embeddable":true,"href":"https:\/\/enlatitud25.com\/news\/wp-json\/wp\/v2\/comments?post=13977"}],"version-history":[{"count":4,"href":"https:\/\/enlatitud25.com\/news\/wp-json\/wp\/v2\/posts\/13977\/revisions"}],"predecessor-version":[{"id":14002,"href":"https:\/\/enlatitud25.com\/news\/wp-json\/wp\/v2\/posts\/13977\/revisions\/14002"}],"wp:featuredmedia":[{"embeddable":true,"href":"https:\/\/enlatitud25.com\/news\/wp-json\/wp\/v2\/media\/13978"}],"wp:attachment":[{"href":"https:\/\/enlatitud25.com\/news\/wp-json\/wp\/v2\/media?parent=13977"}],"wp:term":[{"taxonomy":"category","embeddable":true,"href":"https:\/\/enlatitud25.com\/news\/wp-json\/wp\/v2\/categories?post=13977"},{"taxonomy":"post_tag","embeddable":true,"href":"https:\/\/enlatitud25.com\/news\/wp-json\/wp\/v2\/tags?post=13977"},{"taxonomy":"ubicacion","embeddable":true,"href":"https:\/\/enlatitud25.com\/news\/wp-json\/wp\/v2\/ubicacion?post=13977"}],"curies":[{"name":"wp","href":"https:\/\/api.w.org\/{rel}","templated":true}]}}