{"id":13824,"date":"2023-03-06T20:50:46","date_gmt":"2023-03-06T20:50:46","guid":{"rendered":"https:\/\/enlatitud25.com\/news\/?p=13824"},"modified":"2023-03-06T21:07:28","modified_gmt":"2023-03-06T21:07:28","slug":"a-quien-dara-su-bendicion-lugo-los-efectos-electorales-que-esto-podria-traer","status":"publish","type":"post","link":"https:\/\/enlatitud25.com\/news\/a-quien-dara-su-bendicion-lugo-los-efectos-electorales-que-esto-podria-traer\/","title":{"rendered":"\u00bfA qui\u00e9n dar\u00e1 su bendici\u00f3n Lugo? Los efectos electorales que esto podr\u00eda traer"},"content":{"rendered":"\n<p>El Frente Guasu tiene la tercera mayor banca de senadores, esto debido principalmente a la popularidad del expresidente Fernando Lugo, quien encabeza la lista del Frente Guasu por tercera vez consecutiva.<\/p>\n\n\n\n<p>Esta cosecha de votos que aporta Lugo, es deseada tambi\u00e9n por dos chapas presidenciales de la oposici\u00f3n: La de la Concertaci\u00f3n, conformada por Efra\u00edn Alegre y Soledad N\u00fa\u00f1ez, y la de Euclides Acevedo y Jorge Querey, compa\u00f1ero de bancada del ex mandatario. Tanto la Concertaci\u00f3n como el equipo liderado por Euclides, afirman tener el apoyo de Lugo.<\/p>\n\n\n\n<p>La disputa dentro del Frente Guasu, no es nueva, precede al problema de salud de Lugo y a la incorporaci\u00f3n de Jorge Querey a la chapa presidencial de Acevedo. El mismo grupo de senadores que apoya a Euclides (Kencho Rodr\u00edguez, Sixto Pereira, etc.), es el mismo grupo que compiti\u00f3 contra Esperanza Mart\u00ednez y sus aliados en el Frente Guasu, cuando ella gan\u00f3 la interna para ser candidata presidencial del FG (luego descabalg\u00f3).<\/p>\n\n\n\n<p>\u00bfCu\u00e1l es la realidad? Veamos lo que dicen personas que conocen esta historia desde adentro.<\/p>\n\n\n\n<figure class=\"wp-block-gallery has-nested-images columns-default is-cropped wp-block-gallery-1 is-layout-flex\">\n<figure class=\"wp-block-image size-large\"><img decoding=\"async\" loading=\"lazy\" width=\"800\" height=\"500\" data-id=\"13881\"  src=\"https:\/\/enlatitud25.com\/news\/wp-content\/uploads\/2023\/03\/Kencho-y-Esperanza.jpg\" alt=\"\" class=\"wp-image-13881\" srcset=\"https:\/\/enlatitud25.com\/news\/wp-content\/uploads\/2023\/03\/Kencho-y-Esperanza.jpg 800w, https:\/\/enlatitud25.com\/news\/wp-content\/uploads\/2023\/03\/Kencho-y-Esperanza-300x188.jpg 300w, https:\/\/enlatitud25.com\/news\/wp-content\/uploads\/2023\/03\/Kencho-y-Esperanza-768x480.jpg 768w, https:\/\/enlatitud25.com\/news\/wp-content\/uploads\/2023\/03\/Kencho-y-Esperanza-380x238.jpg 380w\" sizes=\"(max-width: 800px) 100vw, 800px\" \/><\/figure>\n<\/figure>\n\n\n\n<h4 id=\"lugo-apoya-a-euclides-segun-kencho\" class=\"wp-block-heading\">Lugo apoya a Euclides, seg\u00fan Kencho<\/h4>\n\n\n\n<p>El senador Kencho Rodr\u00edguez (FG), asegur\u00f3 en entrevista en vivo por RadioCast25, que Lugo le dio a \u00e9l y a otros la orientaci\u00f3n de acompa\u00f1ar la candidatura de Euclides y que \u00e9l no tiene noticias de que esa determinaci\u00f3n haya cambiado a favor de la dupla Alegre &#8211; N\u00fa\u00f1ez <\/p>\n\n\n\n<p>&#8220;Hay grabaciones de programas de radio o de TV, donde \u00e9l claramente est\u00e1 inclinado por la candidatura de Euclides Acevedo con el Partido Liberal, que ser\u00eda una f\u00f3rmula invencible&#8221;, afirma el senador Rodr\u00edguez.<\/p>\n\n\n\n<p>Seg\u00fan Kencho, existi\u00f3 un acuerdo de palabra con Efra\u00edn Alegre, que consist\u00eda en que este incorpore como dupla en la vicepresidencia a alguien del Frente Guasu, y que cuando se incumpli\u00f3 esto al elegir a Soledad N\u00fa\u00f1ez, esto motiv\u00f3 que tanto \u00e9l, otros senadores y el propio Lugo, le retiren el apoyo a Alegre.<\/p>\n\n\n\n<p>Consultado con respecto a qu\u00e9 lectura pol\u00edtica tiene sobre la permanencia de los senadores del Frente Guasu, Carlos Filizzola y Esperanza Mart\u00ednez, en la Concertaci\u00f3n, respondi\u00f3 que ambos tienen &#8220;S\u00edndrome de Estocolmo&#8221; por permanecer con quienes traicionaron a Lugo.<\/p>\n\n\n\n<p>Agreg\u00f3 adem\u00e1s, que un motivo detr\u00e1s del apoyo de Esperanza Mart\u00ednez a la Concertaci\u00f3n, ser\u00eda que le habr\u00edan ofrecido un lugar en el gabinete de Alegre, como Ministra de Salud.<\/p>\n\n\n\n<h4 id=\"lo-de-kencho-son-cuentos\" class=\"wp-block-heading\">Lo de Kencho son &#8220;cuentos&#8221;<\/h4>\n\n\n\n<p>Esperanza Mart\u00ednez, quien actualmente funge como Presidenta de la Concertaci\u00f3n, calific\u00f3 como &#8220;cuentos&#8221; las excusas de Kencho Rodr\u00edguez para no apoyar a la Concertaci\u00f3n.<\/p>\n\n\n\n<p>Recuerda que Lugo ya apoy\u00f3 a Alegre en 2018, cuando Leo Rub\u00edn fue su candidato a vicepresidente en representaci\u00f3n del Frente Guasu.<\/p>\n\n\n\n<p>Asegura que todos los integrantes del Frente Guasu ya estuvieron con Efra\u00edn en las elecciones pasadas, &#8220;excepto tal vez el senador Kencho, que seguramente apost\u00f3 a Mario Abdo Ben\u00edtez&#8221;, sentencia la senadora. <\/p>\n\n\n\n<p>Tambi\u00e9n lamenta que Kencho siempre haya tenido una actitud agresiva y ofensiva con sus propios compa\u00f1eros, algo que atribuye al hecho de que \u00e9l proviene del Partido Colorado.<\/p>\n\n\n\n<p>Seg\u00fan Esperanza, probablemente se baje la candidatura Euclides &#8211; Querey, y que lo que estar\u00edan haciendo ahora, es simplemente &#8220;cotizar&#8221; su candidatura antes de bajarse.<\/p>\n\n\n\n<p>En la \u00faltima reuni\u00f3n de presidentes de partidos del Frente, ella dice recordar que Lugo dijo a los presentes que se deb\u00eda apoyar a la Concertaci\u00f3n, y que ir\u00eda a la reuni\u00f3n de la Concertaci\u00f3n del siguiente mi\u00e9rcoles, a la que no fue porque justo antes ocurri\u00f3 su accidente cerebrovascular.<\/p>\n\n\n\n<p>Critica que estando Fernando Lugo en el estado en el que est\u00e1, se pretenda &#8220;tomar su voz&#8221; y hablar en representaci\u00f3n suya, algo que ella no quiere hacer, a\u00fan creyendo saber cu\u00e1l es su pensamiento (de Lugo).<\/p>\n\n\n\n<figure class=\"wp-block-image size-full\"><img decoding=\"async\" loading=\"lazy\" width=\"800\" height=\"500\" src=\"https:\/\/enlatitud25.com\/news\/wp-content\/uploads\/2023\/03\/Guille-Ferreiro.jpg\" alt=\"\" class=\"wp-image-13882\" srcset=\"https:\/\/enlatitud25.com\/news\/wp-content\/uploads\/2023\/03\/Guille-Ferreiro.jpg 800w, https:\/\/enlatitud25.com\/news\/wp-content\/uploads\/2023\/03\/Guille-Ferreiro-300x188.jpg 300w, https:\/\/enlatitud25.com\/news\/wp-content\/uploads\/2023\/03\/Guille-Ferreiro-768x480.jpg 768w, https:\/\/enlatitud25.com\/news\/wp-content\/uploads\/2023\/03\/Guille-Ferreiro-380x238.jpg 380w\" sizes=\"(max-width: 800px) 100vw, 800px\" \/><\/figure>\n\n\n\n<h4 id=\"un-juego-miserable\" class=\"wp-block-heading\">&#8220;Un juego miserable&#8221;<\/h4>\n\n\n\n<p>Guillermo Ferreiro, Presidente del PRF, uno de los referentes de la Concertaci\u00f3n y candidato a diputado por Asunci\u00f3n, afirma que fijarse en los documentos, los cuales muestran que la postura de Lugo antes de su ACV, era pro Concertaci\u00f3n.<\/p>\n\n\n\n<p>Se\u00f1ala que el Frente Guasu con sus 14 partidos, firm\u00f3 el acuerdo para unirse a la Concertaci\u00f3n, y quien puso la firma fue Lugo, como Presidente del Frente Guasu.<\/p>\n\n\n\n<p>&#8220;Y est\u00e1 su firma estampada y est\u00e1 el documento. Particip\u00f3 de todas las reuniones, hasta que tuvo su ACV&#8221;, declara Ferreiro.<\/p>\n\n\n\n<p>Lugo le habr\u00eda escrito un mensaje v\u00eda Whatsapp, la noche antes de su derrame, diciendo: &#8220;Nos vemos ma\u00f1ana, estamos 100%&#8221;. Mensaje que Ferreiro asegura a\u00fan tener en su tel\u00e9fono.<\/p>\n\n\n\n<p>&#8220;O sea que documentalmente y por escrito, Lugo y el FG siempre estuvieron en la Concertaci\u00f3n y nunca manifestaron su salida&#8221;.<\/p>\n\n\n\n<p>Ante la menci\u00f3n de que Kencho Rodr\u00edguez asegura que Lugo dio instrucciones para abandonar la Concertaci\u00f3n, Ferreiro responde contundentemente: <em>&#8220;\u00a1Falso! Que muestre una declaraci\u00f3n, un audio, un whatsapp, nada, falso&#8221;.<\/em><\/p>\n\n\n\n<p>Solamente Lugo, cuando su salud se lo permita, podr\u00eda dilucidar sin dejar espacio para dudas, cu\u00e1l es su postura, a qui\u00e9n apoya. Mientras tanto, seguir\u00e1 la competencia para reivindicar y atribuirse su apoyo.<\/p>\n","protected":false},"excerpt":{"rendered":"Una parte del Frente Guasu apoya abiertamente al proyecto de la Concertaci\u00f3n Nacional y otra a la dupla Euclides Acevedo &#8211; Jorge Querey. \u00bfCu\u00e1l es la postura del principal l\u00edder del FG, Fernando Lugo? Mientras Lugo no emite declaraciones debido a su estado de salud, existe una pulseada entre quienes aseguran tener su apoyo. Revisamos esta puja a partir de lo que dicen sus protagonistas.\n","protected":false},"author":1,"featured_media":13879,"comment_status":"closed","ping_status":"closed","sticky":false,"template":"","format":"standard","meta":[],"categories":[13],"tags":[1171,82,1421,1423,1420,1424,1422,1419,168],"ubicacion":[18],"yoast_head":"<!-- This site is optimized with the Yoast SEO plugin v20.8 - https:\/\/yoast.com\/wordpress\/plugins\/seo\/ -->\n<title>\u00bfA qui\u00e9n dar\u00e1 su bendici\u00f3n Lugo? Los efectos electorales que esto podr\u00eda traer &ndash; Latitud25<\/title>\n<meta name=\"description\" content=\"Mir\u00e1 nuestros reportajes audiovisuales y seguinos para enterarte de las \u00faltimas noticias de Paraguay y el mundo, desde la Latitud25. Somos Alternativa de Informaci\u00f3n.\" \/>\n<meta name=\"robots\" content=\"index, follow, max-snippet:-1, max-image-preview:large, max-video-preview:-1\" \/>\n<link rel=\"canonical\" href=\"https:\/\/enlatitud25.com\/news\/a-quien-dara-su-bendicion-lugo-los-efectos-electorales-que-esto-podria-traer\/\" \/>\n<meta property=\"og:locale\" content=\"es_ES\" \/>\n<meta property=\"og:type\" content=\"article\" \/>\n<meta property=\"og:title\" content=\"\u00bfA qui\u00e9n dar\u00e1 su bendici\u00f3n Lugo? Los efectos electorales que esto podr\u00eda traer &ndash; Latitud25\" \/>\n<meta property=\"og:description\" content=\"Mir\u00e1 nuestros reportajes audiovisuales y seguinos para enterarte de las \u00faltimas noticias de Paraguay y el mundo, desde la Latitud25. Somos Alternativa de Informaci\u00f3n.\" \/>\n<meta property=\"og:url\" content=\"https:\/\/enlatitud25.com\/news\/a-quien-dara-su-bendicion-lugo-los-efectos-electorales-que-esto-podria-traer\/\" \/>\n<meta property=\"og:site_name\" content=\"Latitud25\" \/>\n<meta property=\"article:publisher\" content=\"https:\/\/www.facebook.com\/EnLatitud25\" \/>\n<meta property=\"article:author\" content=\"https:\/\/www.facebook.com\/EnLatitud25\" \/>\n<meta property=\"article:published_time\" content=\"2023-03-06T20:50:46+00:00\" \/>\n<meta property=\"article:modified_time\" content=\"2023-03-06T21:07:28+00:00\" \/>\n<meta property=\"og:image\" content=\"https:\/\/enlatitud25.com\/news\/wp-content\/uploads\/2023\/03\/Portada-Lugo-FG.jpg\" \/>\n\t<meta property=\"og:image:width\" content=\"800\" \/>\n\t<meta property=\"og:image:height\" content=\"500\" \/>\n\t<meta property=\"og:image:type\" content=\"image\/jpeg\" \/>\n<meta name=\"author\" content=\"Latitud 25\" \/>\n<meta name=\"twitter:card\" content=\"summary_large_image\" \/>\n<meta name=\"twitter:creator\" content=\"@EnLatitud25\" \/>\n<meta name=\"twitter:site\" content=\"@EnLatitud25\" \/>\n<meta name=\"twitter:label1\" content=\"Escrito por\" \/>\n\t<meta name=\"twitter:data1\" content=\"Latitud 25\" \/>\n\t<meta name=\"twitter:label2\" content=\"Tiempo de lectura\" \/>\n\t<meta name=\"twitter:data2\" content=\"5 minutos\" \/>\n<script type=\"application\/ld+json\" class=\"yoast-schema-graph\">{\"@context\":\"https:\/\/schema.org\",\"@graph\":[{\"@type\":\"Article\",\"@id\":\"https:\/\/enlatitud25.com\/news\/a-quien-dara-su-bendicion-lugo-los-efectos-electorales-que-esto-podria-traer\/#article\",\"isPartOf\":{\"@id\":\"https:\/\/enlatitud25.com\/news\/a-quien-dara-su-bendicion-lugo-los-efectos-electorales-que-esto-podria-traer\/\"},\"author\":{\"name\":\"Latitud 25\",\"@id\":\"https:\/\/enlatitud25.com\/news\/#\/schema\/person\/23aafe968917005a721b8eb760f2586e\"},\"headline\":\"\u00bfA qui\u00e9n dar\u00e1 su bendici\u00f3n Lugo? Los efectos electorales que esto podr\u00eda traer\",\"datePublished\":\"2023-03-06T20:50:46+00:00\",\"dateModified\":\"2023-03-06T21:07:28+00:00\",\"mainEntityOfPage\":{\"@id\":\"https:\/\/enlatitud25.com\/news\/a-quien-dara-su-bendicion-lugo-los-efectos-electorales-que-esto-podria-traer\/\"},\"wordCount\":901,\"publisher\":{\"@id\":\"https:\/\/enlatitud25.com\/news\/#organization\"},\"keywords\":[\"concertaci\u00f3n\",\"Efra\u00edn Alegre\",\"Esperanza Mart\u00ednez\",\"Euclides Acevedo\",\"Frente Guasu\",\"Guillermo Ferreiro\",\"Kencho Rodr\u00edguez\",\"Lugo\",\"Pol\u00edtica\"],\"articleSection\":[\"Pol\u00edtica\"],\"inLanguage\":\"es\"},{\"@type\":\"WebPage\",\"@id\":\"https:\/\/enlatitud25.com\/news\/a-quien-dara-su-bendicion-lugo-los-efectos-electorales-que-esto-podria-traer\/\",\"url\":\"https:\/\/enlatitud25.com\/news\/a-quien-dara-su-bendicion-lugo-los-efectos-electorales-que-esto-podria-traer\/\",\"name\":\"\u00bfA qui\u00e9n dar\u00e1 su bendici\u00f3n Lugo? Los efectos electorales que esto podr\u00eda traer &ndash; Latitud25\",\"isPartOf\":{\"@id\":\"https:\/\/enlatitud25.com\/news\/#website\"},\"datePublished\":\"2023-03-06T20:50:46+00:00\",\"dateModified\":\"2023-03-06T21:07:28+00:00\",\"description\":\"Mir\u00e1 nuestros reportajes audiovisuales y seguinos para enterarte de las \u00faltimas noticias de Paraguay y el mundo, desde la Latitud25. Somos Alternativa de Informaci\u00f3n.\",\"breadcrumb\":{\"@id\":\"https:\/\/enlatitud25.com\/news\/a-quien-dara-su-bendicion-lugo-los-efectos-electorales-que-esto-podria-traer\/#breadcrumb\"},\"inLanguage\":\"es\",\"potentialAction\":[{\"@type\":\"ReadAction\",\"target\":[\"https:\/\/enlatitud25.com\/news\/a-quien-dara-su-bendicion-lugo-los-efectos-electorales-que-esto-podria-traer\/\"]}]},{\"@type\":\"BreadcrumbList\",\"@id\":\"https:\/\/enlatitud25.com\/news\/a-quien-dara-su-bendicion-lugo-los-efectos-electorales-que-esto-podria-traer\/#breadcrumb\",\"itemListElement\":[{\"@type\":\"ListItem\",\"position\":1,\"name\":\"Home\",\"item\":\"https:\/\/enlatitud25.com\/news\/\"},{\"@type\":\"ListItem\",\"position\":2,\"name\":\"\u00bfA qui\u00e9n dar\u00e1 su bendici\u00f3n Lugo? Los efectos electorales que esto podr\u00eda traer\"}]},{\"@type\":\"WebSite\",\"@id\":\"https:\/\/enlatitud25.com\/news\/#website\",\"url\":\"https:\/\/enlatitud25.com\/news\/\",\"name\":\"Latitud25\",\"description\":\"news\",\"publisher\":{\"@id\":\"https:\/\/enlatitud25.com\/news\/#organization\"},\"potentialAction\":[{\"@type\":\"SearchAction\",\"target\":{\"@type\":\"EntryPoint\",\"urlTemplate\":\"https:\/\/enlatitud25.com\/news\/?s={search_term_string}\"},\"query-input\":\"required name=search_term_string\"}],\"inLanguage\":\"es\"},{\"@type\":\"Organization\",\"@id\":\"https:\/\/enlatitud25.com\/news\/#organization\",\"name\":\"Latitud 25 - News\",\"url\":\"https:\/\/enlatitud25.com\/news\/\",\"logo\":{\"@type\":\"ImageObject\",\"inLanguage\":\"es\",\"@id\":\"https:\/\/enlatitud25.com\/news\/#\/schema\/logo\/image\/\",\"url\":\"https:\/\/enlatitud25.com\/news\/wp-content\/uploads\/2020\/11\/logo_latitud.png\",\"contentUrl\":\"https:\/\/enlatitud25.com\/news\/wp-content\/uploads\/2020\/11\/logo_latitud.png\",\"width\":235,\"height\":39,\"caption\":\"Latitud 25 - News\"},\"image\":{\"@id\":\"https:\/\/enlatitud25.com\/news\/#\/schema\/logo\/image\/\"},\"sameAs\":[\"https:\/\/www.facebook.com\/EnLatitud25\",\"https:\/\/twitter.com\/EnLatitud25\",\"https:\/\/www.instagram.com\/enlatitud25\/\",\"https:\/\/www.youtube.com\/user\/desdelatitud25\"]},{\"@type\":\"Person\",\"@id\":\"https:\/\/enlatitud25.com\/news\/#\/schema\/person\/23aafe968917005a721b8eb760f2586e\",\"name\":\"Latitud 25\",\"sameAs\":[\"https:\/\/enlatitud25.com\/news\",\"https:\/\/www.facebook.com\/EnLatitud25\",\"https:\/\/www.instagram.com\/enlatitud25\",\"https:\/\/www.youtube.com\/user\/desdelatitud25\",\"https:\/\/soundcloud.com\/enlatitud25\"],\"url\":\"https:\/\/enlatitud25.com\/news\/author\/nnews-uss00\/\"}]}<\/script>\n<!-- \/ Yoast SEO plugin. -->","yoast_head_json":{"title":"\u00bfA qui\u00e9n dar\u00e1 su bendici\u00f3n Lugo? Los efectos electorales que esto podr\u00eda traer &ndash; Latitud25","description":"Mir\u00e1 nuestros reportajes audiovisuales y seguinos para enterarte de las \u00faltimas noticias de Paraguay y el mundo, desde la Latitud25. Somos Alternativa de Informaci\u00f3n.","robots":{"index":"index","follow":"follow","max-snippet":"max-snippet:-1","max-image-preview":"max-image-preview:large","max-video-preview":"max-video-preview:-1"},"canonical":"https:\/\/enlatitud25.com\/news\/a-quien-dara-su-bendicion-lugo-los-efectos-electorales-que-esto-podria-traer\/","og_locale":"es_ES","og_type":"article","og_title":"\u00bfA qui\u00e9n dar\u00e1 su bendici\u00f3n Lugo? Los efectos electorales que esto podr\u00eda traer &ndash; Latitud25","og_description":"Mir\u00e1 nuestros reportajes audiovisuales y seguinos para enterarte de las \u00faltimas noticias de Paraguay y el mundo, desde la Latitud25. Somos Alternativa de Informaci\u00f3n.","og_url":"https:\/\/enlatitud25.com\/news\/a-quien-dara-su-bendicion-lugo-los-efectos-electorales-que-esto-podria-traer\/","og_site_name":"Latitud25","article_publisher":"https:\/\/www.facebook.com\/EnLatitud25","article_author":"https:\/\/www.facebook.com\/EnLatitud25","article_published_time":"2023-03-06T20:50:46+00:00","article_modified_time":"2023-03-06T21:07:28+00:00","og_image":[{"width":800,"height":500,"url":"https:\/\/enlatitud25.com\/news\/wp-content\/uploads\/2023\/03\/Portada-Lugo-FG.jpg","type":"image\/jpeg"}],"author":"Latitud 25","twitter_card":"summary_large_image","twitter_creator":"@EnLatitud25","twitter_site":"@EnLatitud25","twitter_misc":{"Escrito por":"Latitud 25","Tiempo de lectura":"5 minutos"},"schema":{"@context":"https:\/\/schema.org","@graph":[{"@type":"Article","@id":"https:\/\/enlatitud25.com\/news\/a-quien-dara-su-bendicion-lugo-los-efectos-electorales-que-esto-podria-traer\/#article","isPartOf":{"@id":"https:\/\/enlatitud25.com\/news\/a-quien-dara-su-bendicion-lugo-los-efectos-electorales-que-esto-podria-traer\/"},"author":{"name":"Latitud 25","@id":"https:\/\/enlatitud25.com\/news\/#\/schema\/person\/23aafe968917005a721b8eb760f2586e"},"headline":"\u00bfA qui\u00e9n dar\u00e1 su bendici\u00f3n Lugo? Los efectos electorales que esto podr\u00eda traer","datePublished":"2023-03-06T20:50:46+00:00","dateModified":"2023-03-06T21:07:28+00:00","mainEntityOfPage":{"@id":"https:\/\/enlatitud25.com\/news\/a-quien-dara-su-bendicion-lugo-los-efectos-electorales-que-esto-podria-traer\/"},"wordCount":901,"publisher":{"@id":"https:\/\/enlatitud25.com\/news\/#organization"},"keywords":["concertaci\u00f3n","Efra\u00edn Alegre","Esperanza Mart\u00ednez","Euclides Acevedo","Frente Guasu","Guillermo Ferreiro","Kencho Rodr\u00edguez","Lugo","Pol\u00edtica"],"articleSection":["Pol\u00edtica"],"inLanguage":"es"},{"@type":"WebPage","@id":"https:\/\/enlatitud25.com\/news\/a-quien-dara-su-bendicion-lugo-los-efectos-electorales-que-esto-podria-traer\/","url":"https:\/\/enlatitud25.com\/news\/a-quien-dara-su-bendicion-lugo-los-efectos-electorales-que-esto-podria-traer\/","name":"\u00bfA qui\u00e9n dar\u00e1 su bendici\u00f3n Lugo? Los efectos electorales que esto podr\u00eda traer &ndash; Latitud25","isPartOf":{"@id":"https:\/\/enlatitud25.com\/news\/#website"},"datePublished":"2023-03-06T20:50:46+00:00","dateModified":"2023-03-06T21:07:28+00:00","description":"Mir\u00e1 nuestros reportajes audiovisuales y seguinos para enterarte de las \u00faltimas noticias de Paraguay y el mundo, desde la Latitud25. Somos Alternativa de Informaci\u00f3n.","breadcrumb":{"@id":"https:\/\/enlatitud25.com\/news\/a-quien-dara-su-bendicion-lugo-los-efectos-electorales-que-esto-podria-traer\/#breadcrumb"},"inLanguage":"es","potentialAction":[{"@type":"ReadAction","target":["https:\/\/enlatitud25.com\/news\/a-quien-dara-su-bendicion-lugo-los-efectos-electorales-que-esto-podria-traer\/"]}]},{"@type":"BreadcrumbList","@id":"https:\/\/enlatitud25.com\/news\/a-quien-dara-su-bendicion-lugo-los-efectos-electorales-que-esto-podria-traer\/#breadcrumb","itemListElement":[{"@type":"ListItem","position":1,"name":"Home","item":"https:\/\/enlatitud25.com\/news\/"},{"@type":"ListItem","position":2,"name":"\u00bfA qui\u00e9n dar\u00e1 su bendici\u00f3n Lugo? Los efectos electorales que esto podr\u00eda traer"}]},{"@type":"WebSite","@id":"https:\/\/enlatitud25.com\/news\/#website","url":"https:\/\/enlatitud25.com\/news\/","name":"Latitud25","description":"news","publisher":{"@id":"https:\/\/enlatitud25.com\/news\/#organization"},"potentialAction":[{"@type":"SearchAction","target":{"@type":"EntryPoint","urlTemplate":"https:\/\/enlatitud25.com\/news\/?s={search_term_string}"},"query-input":"required name=search_term_string"}],"inLanguage":"es"},{"@type":"Organization","@id":"https:\/\/enlatitud25.com\/news\/#organization","name":"Latitud 25 - News","url":"https:\/\/enlatitud25.com\/news\/","logo":{"@type":"ImageObject","inLanguage":"es","@id":"https:\/\/enlatitud25.com\/news\/#\/schema\/logo\/image\/","url":"https:\/\/enlatitud25.com\/news\/wp-content\/uploads\/2020\/11\/logo_latitud.png","contentUrl":"https:\/\/enlatitud25.com\/news\/wp-content\/uploads\/2020\/11\/logo_latitud.png","width":235,"height":39,"caption":"Latitud 25 - News"},"image":{"@id":"https:\/\/enlatitud25.com\/news\/#\/schema\/logo\/image\/"},"sameAs":["https:\/\/www.facebook.com\/EnLatitud25","https:\/\/twitter.com\/EnLatitud25","https:\/\/www.instagram.com\/enlatitud25\/","https:\/\/www.youtube.com\/user\/desdelatitud25"]},{"@type":"Person","@id":"https:\/\/enlatitud25.com\/news\/#\/schema\/person\/23aafe968917005a721b8eb760f2586e","name":"Latitud 25","sameAs":["https:\/\/enlatitud25.com\/news","https:\/\/www.facebook.com\/EnLatitud25","https:\/\/www.instagram.com\/enlatitud25","https:\/\/www.youtube.com\/user\/desdelatitud25","https:\/\/soundcloud.com\/enlatitud25"],"url":"https:\/\/enlatitud25.com\/news\/author\/nnews-uss00\/"}]}},"_links":{"self":[{"href":"https:\/\/enlatitud25.com\/news\/wp-json\/wp\/v2\/posts\/13824"}],"collection":[{"href":"https:\/\/enlatitud25.com\/news\/wp-json\/wp\/v2\/posts"}],"about":[{"href":"https:\/\/enlatitud25.com\/news\/wp-json\/wp\/v2\/types\/post"}],"author":[{"embeddable":true,"href":"https:\/\/enlatitud25.com\/news\/wp-json\/wp\/v2\/users\/1"}],"replies":[{"embeddable":true,"href":"https:\/\/enlatitud25.com\/news\/wp-json\/wp\/v2\/comments?post=13824"}],"version-history":[{"count":7,"href":"https:\/\/enlatitud25.com\/news\/wp-json\/wp\/v2\/posts\/13824\/revisions"}],"predecessor-version":[{"id":13885,"href":"https:\/\/enlatitud25.com\/news\/wp-json\/wp\/v2\/posts\/13824\/revisions\/13885"}],"wp:featuredmedia":[{"embeddable":true,"href":"https:\/\/enlatitud25.com\/news\/wp-json\/wp\/v2\/media\/13879"}],"wp:attachment":[{"href":"https:\/\/enlatitud25.com\/news\/wp-json\/wp\/v2\/media?parent=13824"}],"wp:term":[{"taxonomy":"category","embeddable":true,"href":"https:\/\/enlatitud25.com\/news\/wp-json\/wp\/v2\/categories?post=13824"},{"taxonomy":"post_tag","embeddable":true,"href":"https:\/\/enlatitud25.com\/news\/wp-json\/wp\/v2\/tags?post=13824"},{"taxonomy":"ubicacion","embeddable":true,"href":"https:\/\/enlatitud25.com\/news\/wp-json\/wp\/v2\/ubicacion?post=13824"}],"curies":[{"name":"wp","href":"https:\/\/api.w.org\/{rel}","templated":true}]}}